 {"id":4834,"date":"2022-10-28T11:23:24","date_gmt":"2022-10-28T09:23:24","guid":{"rendered":"https:\/\/www.rayuelainfancia.com\/blog\/?p=4834"},"modified":"2023-03-30T20:24:24","modified_gmt":"2023-03-30T18:24:24","slug":"firmas-en-rayuela-feria-del-libro-ii","status":"publish","type":"post","link":"https:\/\/www.rayuelainfancia.com\/blog\/firmas-en-rayuela-feria-del-libro-ii\/","title":{"rendered":"FIRMAS EN RAYUELA FERIA DEL LIBRO [II]"},"content":{"rendered":"<p>La <strong>segunda semana de la Feria del Libro de Sevilla<\/strong> est\u00e1 a punto de comenzar y tenemos preparadas muchas firmas y una actividad que seguro que te van a encantar \u00a1Apunta las fechas!<\/p>\n<p><!--more--><\/p>\n<p>Estaremos rodeados de las mejores publicaciones y las m\u00e1s recientes joyas ilustradas (para ni\u00f1os, ni\u00f1as y otros seres curiosos) en la\u00a0<strong>caseta n\u00famero 4<\/strong>\u00a0(Rayuela-Kalandraka) en la Plaza Nueva de Sevilla.<\/p>\n<p>El horario es\u00a0<strong>de Lunes a viernes\u00a0<\/strong>de<strong>\u00a011:00 a 14:00 y 17:00 a 21:00 h.\u00a0<\/strong>y<strong> S\u00e1bados, domingos y el <span style=\"color: #ff9900;\"><span style=\"color: #993366;\">festivo martes 1 de noviembre<\/span> <\/span><\/strong>de\u00a0<strong>11:00 a 14:30 y 17:00 a 21:00h.\u00a0<\/strong><\/p>\n<h2>Firma Amaya Garc\u00eda y Alberto M\u00ednguez<\/h2>\n<p><strong>Martes 1 de noviembre a las 12.00h.<\/strong><\/p>\n<p>Comenzamos la semana con la firma de los dos libros publicados de la <strong>saga Doce Soles<\/strong>. Una trilog\u00eda para p\u00fablico juvenil que combina fantas\u00eda y ciencia cuya protagonista principal es Sol, una chica de Sevilla. Estos dos libros <strong><span style=\"color: #339966;\"><a style=\"color: #339966;\" href=\"https:\/\/www.rayuelainfancia.com\/narrativa-juvenil\/646845-doce-soles-i-encelado.html\">Enc\u00e9lado<\/a><\/span><\/strong> y <strong><span style=\"color: #339966;\"><a style=\"color: #339966;\" href=\"https:\/\/www.rayuelainfancia.com\/narrativa-juvenil\/646844-doce-soles-ii-tubulares.html\">Tubulares<\/a> <\/span><\/strong>narran las historia de 12 adolescentes que son enviados por error al espacio. <strong>Ciencia ficci\u00f3n<\/strong>\u00a0extraordinaria que pone al alcance del p\u00fablico joven l<strong>os entresijos del oficio de astronauta<\/strong>. Sus autores, Amaya Garc\u00eda y Alberto M\u00ednguez, estar\u00e1n en la caseta n\u00famero 4 firmando su obra.<\/p>\n<p>&nbsp;<\/p>\n<p><img loading=\"lazy\" class=\"alignnone size-full wp-image-4857\" src=\"http:\/\/www.rayuelainfancia.com\/blog\/wp-content\/uploads\/2022\/10\/doce-soles.png\" alt=\"\" width=\"2000\" height=\"1600\" srcset=\"https:\/\/www.rayuelainfancia.com\/blog\/wp-content\/uploads\/2022\/10\/doce-soles.png 2000w, https:\/\/www.rayuelainfancia.com\/blog\/wp-content\/uploads\/2022\/10\/doce-soles-300x240.png 300w, https:\/\/www.rayuelainfancia.com\/blog\/wp-content\/uploads\/2022\/10\/doce-soles-1024x819.png 1024w, https:\/\/www.rayuelainfancia.com\/blog\/wp-content\/uploads\/2022\/10\/doce-soles-768x614.png 768w, https:\/\/www.rayuelainfancia.com\/blog\/wp-content\/uploads\/2022\/10\/doce-soles-1536x1229.png 1536w\" sizes=\"(max-width: 2000px) 100vw, 2000px\" \/><\/p>\n<h2>Actividad: Los cuentos de Canica, con Jose Carlos Rom\u00e1n<\/h2>\n<p><strong>Martes 1 de noviembre a las 12:00h.\u00a0<\/strong><\/p>\n<p>Tambi\u00e9n a las 12 hemos organizado una <strong>sesi\u00f3n con Jose Carlos Rom\u00e1n<\/strong>: <strong>Los cuentos de Canica, <\/strong>para disfrutar de<strong> una ma\u00f1ana de cuento <\/strong>de <strong>este martes festivo. <\/strong>\u00a0P\u00e1sate por el <strong>Espacio Unia<\/strong> de la Feria <strong>a partir de las 12:00h<\/strong>. para disfrutar de una divertida actividad con este autor, que estar\u00e1 acompa\u00f1ado de cuatro de sus cuentos, editados todos ellos por la editorial <a href=\"https:\/\/canicabooks.com\/\">Canica Books<\/a>, entre ellos la novedad editorial <strong><span style=\"color: #339966;\"><a style=\"color: #339966;\" href=\"https:\/\/www.rayuelainfancia.com\/album-ilustrado\/642497-que-mosquito-tan-pesado.html\">Qu\u00e9 mosquito tan pesado<\/a><\/span>.<\/strong><\/p>\n<p><img loading=\"lazy\" class=\"alignnone size-full wp-image-4837\" src=\"http:\/\/www.rayuelainfancia.com\/blog\/wp-content\/uploads\/2022\/10\/LOS-CUENTOS-DE-CANICA-.jpg\" alt=\"\" width=\"2000\" height=\"1600\" srcset=\"https:\/\/www.rayuelainfancia.com\/blog\/wp-content\/uploads\/2022\/10\/LOS-CUENTOS-DE-CANICA-.jpg 2000w, https:\/\/www.rayuelainfancia.com\/blog\/wp-content\/uploads\/2022\/10\/LOS-CUENTOS-DE-CANICA--300x240.jpg 300w, https:\/\/www.rayuelainfancia.com\/blog\/wp-content\/uploads\/2022\/10\/LOS-CUENTOS-DE-CANICA--1024x819.jpg 1024w, https:\/\/www.rayuelainfancia.com\/blog\/wp-content\/uploads\/2022\/10\/LOS-CUENTOS-DE-CANICA--768x614.jpg 768w, https:\/\/www.rayuelainfancia.com\/blog\/wp-content\/uploads\/2022\/10\/LOS-CUENTOS-DE-CANICA--1536x1229.jpg 1536w\" sizes=\"(max-width: 2000px) 100vw, 2000px\" \/><\/p>\n<p><strong>Martes 1 de Noviembre a las 13:00h.\u00a0<\/strong><\/p>\n<p>Una hora m\u00e1s tarde, <strong>el autor estar\u00e1 firmando<\/strong> sus libros en la <strong>caseta n\u00famero 4<\/strong>. P\u00e1sate <strong>a partir de las 13:00h<\/strong> para llevarte alguno de los cuentos de Jose Carlos Rom\u00e1n firmados y poder compartir con \u00e9l un ratito de esta Feria del Libro.<\/p>\n<p><img loading=\"lazy\" class=\"alignnone size-full wp-image-4861\" src=\"http:\/\/www.rayuelainfancia.com\/blog\/wp-content\/uploads\/2022\/10\/firma-jose-carlos.png\" alt=\"\" width=\"2000\" height=\"1600\" srcset=\"https:\/\/www.rayuelainfancia.com\/blog\/wp-content\/uploads\/2022\/10\/firma-jose-carlos.png 2000w, https:\/\/www.rayuelainfancia.com\/blog\/wp-content\/uploads\/2022\/10\/firma-jose-carlos-300x240.png 300w, https:\/\/www.rayuelainfancia.com\/blog\/wp-content\/uploads\/2022\/10\/firma-jose-carlos-1024x819.png 1024w, https:\/\/www.rayuelainfancia.com\/blog\/wp-content\/uploads\/2022\/10\/firma-jose-carlos-768x614.png 768w, https:\/\/www.rayuelainfancia.com\/blog\/wp-content\/uploads\/2022\/10\/firma-jose-carlos-1536x1229.png 1536w\" sizes=\"(max-width: 2000px) 100vw, 2000px\" \/><\/p>\n<h2>Firma Tesa Gonz\u00e1lez<\/h2>\n<p><strong>S\u00e1bado 5 de noviembre a las 11:00h.<\/strong><\/p>\n<p>Ya el s\u00e1bado ser\u00e1 <strong>Tesa Gonz\u00e1lez<\/strong> quien estar\u00e1 firmando uno de los \u00e1lbumes que ha ilustrado bellamente. Se trata de <strong><em>Un huevo de lobo<\/em>, editado por <a href=\"https:\/\/www.triquetaverde.com\/\">Triqueta Verde<\/a><\/strong>. Os esperamos<strong> a partir de las 11:00h. en la caseta n\u00famero 4<\/strong> para disfrutar de un rato de encuentro en el que podr\u00e1s llevarte el libro firmado.<\/p>\n<p><img loading=\"lazy\" class=\" wp-image-4841 alignleft\" src=\"http:\/\/www.rayuelainfancia.com\/blog\/wp-content\/uploads\/2022\/10\/Copia-de-Copia-de-Copia-de-eliacer-cansino-2.jpg\" alt=\"\" width=\"1005\" height=\"805\" srcset=\"https:\/\/www.rayuelainfancia.com\/blog\/wp-content\/uploads\/2022\/10\/Copia-de-Copia-de-Copia-de-eliacer-cansino-2.jpg 2000w, https:\/\/www.rayuelainfancia.com\/blog\/wp-content\/uploads\/2022\/10\/Copia-de-Copia-de-Copia-de-eliacer-cansino-2-300x240.jpg 300w, https:\/\/www.rayuelainfancia.com\/blog\/wp-content\/uploads\/2022\/10\/Copia-de-Copia-de-Copia-de-eliacer-cansino-2-1024x819.jpg 1024w, https:\/\/www.rayuelainfancia.com\/blog\/wp-content\/uploads\/2022\/10\/Copia-de-Copia-de-Copia-de-eliacer-cansino-2-768x614.jpg 768w, https:\/\/www.rayuelainfancia.com\/blog\/wp-content\/uploads\/2022\/10\/Copia-de-Copia-de-Copia-de-eliacer-cansino-2-1536x1229.jpg 1536w\" sizes=\"(max-width: 1005px) 100vw, 1005px\" \/><\/p>\n<p>&nbsp;<\/p>\n<p>&nbsp;<\/p>\n<h2>Firma Raquel D\u00edaz Reguera<\/h2>\n<p><strong>S\u00e1bado 5 de noviembre a las 12:30h.\u00a0<\/strong><\/p>\n<p>Un ratito despu\u00e9s, <strong>Raquel D\u00edaz Reguera<\/strong> estar\u00e1 en la caseta firmando su obra. No dejes pasar la ocasi\u00f3n para charlar un poquito con la autora y compartir con ella esta ma\u00f1ana de s\u00e1bado en la Feria del Libro de Sevilla. <strong>A partir de las 12:30h.<\/strong> en la <strong>caseta n\u00famero 4<\/strong>. \u00a1No faltes!<\/p>\n<p><img loading=\"lazy\" class=\"alignnone size-full wp-image-4839\" src=\"http:\/\/www.rayuelainfancia.com\/blog\/wp-content\/uploads\/2022\/10\/RAQUEL-DIAZ-REGUERA-.jpg\" alt=\"\" width=\"2000\" height=\"1600\" srcset=\"https:\/\/www.rayuelainfancia.com\/blog\/wp-content\/uploads\/2022\/10\/RAQUEL-DIAZ-REGUERA-.jpg 2000w, https:\/\/www.rayuelainfancia.com\/blog\/wp-content\/uploads\/2022\/10\/RAQUEL-DIAZ-REGUERA--300x240.jpg 300w, https:\/\/www.rayuelainfancia.com\/blog\/wp-content\/uploads\/2022\/10\/RAQUEL-DIAZ-REGUERA--1024x819.jpg 1024w, https:\/\/www.rayuelainfancia.com\/blog\/wp-content\/uploads\/2022\/10\/RAQUEL-DIAZ-REGUERA--768x614.jpg 768w, https:\/\/www.rayuelainfancia.com\/blog\/wp-content\/uploads\/2022\/10\/RAQUEL-DIAZ-REGUERA--1536x1229.jpg 1536w\" sizes=\"(max-width: 2000px) 100vw, 2000px\" \/><\/p>\n<p>&nbsp;<\/p>\n<h2>Firma Juan Arjona<\/h2>\n<p><strong>S\u00e1bado 5 a las 18:00h.\u00a0<\/strong><\/p>\n<p>Por la tarde contaremos con la presencia de <strong>Juan Arjona<\/strong>, autor que estar\u00e1 <strong>presentando y firmando tres de sus \u00faltimos libros <\/strong>(<a href=\"https:\/\/www.rayuelainfancia.com\/album-ilustrado\/643375-todos-mis-defectos.html\"><span style=\"color: #339966;\"><strong>Todos mis<\/strong> <strong>defectos<\/strong><\/span><\/a><span style=\"color: #339966;\"><strong>,<\/strong><\/span> <strong><span style=\"color: #339966;\"><a style=\"color: #339966;\" href=\"https:\/\/www.rayuelainfancia.com\/album-ilustrado\/443866-no-pierdas-de-vista-al-lobo.html\">No pierdas de vista al lobo<\/a><\/span><\/strong>\u00a0y \u00abBurro (el origen)\u00bb)<strong>,<\/strong> a cual m\u00e1s genial. P\u00e1sate por la caseta n\u00famero 4 <strong>a partir de las 18:00h.<\/strong> y aprovecha para llev\u00e1rtelos firmando por Juan.<\/p>\n<p><img loading=\"lazy\" class=\"alignnone size-full wp-image-4844\" src=\"http:\/\/www.rayuelainfancia.com\/blog\/wp-content\/uploads\/2022\/10\/JUAN-ARJONA.png\" alt=\"\" width=\"2000\" height=\"1600\" srcset=\"https:\/\/www.rayuelainfancia.com\/blog\/wp-content\/uploads\/2022\/10\/JUAN-ARJONA.png 2000w, https:\/\/www.rayuelainfancia.com\/blog\/wp-content\/uploads\/2022\/10\/JUAN-ARJONA-300x240.png 300w, https:\/\/www.rayuelainfancia.com\/blog\/wp-content\/uploads\/2022\/10\/JUAN-ARJONA-1024x819.png 1024w, https:\/\/www.rayuelainfancia.com\/blog\/wp-content\/uploads\/2022\/10\/JUAN-ARJONA-768x614.png 768w, https:\/\/www.rayuelainfancia.com\/blog\/wp-content\/uploads\/2022\/10\/JUAN-ARJONA-1536x1229.png 1536w\" sizes=\"(max-width: 2000px) 100vw, 2000px\" \/><\/p>\n<h2>Firma Mar\u00eda Quintana Silva y Silvia \u00c1lvarez<\/h2>\n<p><strong>Domingo 6 de noviembre a las 12:00h.\u00a0<\/strong><\/p>\n<p>El domingo, ya acabando la Feria del Libro de este a\u00f1o, os invitamos a conocer la obra de <strong>Mar\u00eda Quintana Silva<\/strong>. <em>El \u00faltimo \u00e1rbol<\/em>, escrito por ella, est\u00e1 adem\u00e1s ilustrado por <strong>Silvia \u00c1lvarez<\/strong>, que tambi\u00e9n estar\u00e1 en la firma,<strong> a partir de las 12:00h.<\/strong> en la caseta n\u00famero 4.<\/p>\n<p><img loading=\"lazy\" class=\"alignnone size-full wp-image-4845\" src=\"http:\/\/www.rayuelainfancia.com\/blog\/wp-content\/uploads\/2022\/10\/MARIA-QUINTANA-SILVA-Y-SILVIA-ALVAREZ.jpg\" alt=\"\" width=\"2000\" height=\"1600\" srcset=\"https:\/\/www.rayuelainfancia.com\/blog\/wp-content\/uploads\/2022\/10\/MARIA-QUINTANA-SILVA-Y-SILVIA-ALVAREZ.jpg 2000w, https:\/\/www.rayuelainfancia.com\/blog\/wp-content\/uploads\/2022\/10\/MARIA-QUINTANA-SILVA-Y-SILVIA-ALVAREZ-300x240.jpg 300w, https:\/\/www.rayuelainfancia.com\/blog\/wp-content\/uploads\/2022\/10\/MARIA-QUINTANA-SILVA-Y-SILVIA-ALVAREZ-1024x819.jpg 1024w, https:\/\/www.rayuelainfancia.com\/blog\/wp-content\/uploads\/2022\/10\/MARIA-QUINTANA-SILVA-Y-SILVIA-ALVAREZ-768x614.jpg 768w, https:\/\/www.rayuelainfancia.com\/blog\/wp-content\/uploads\/2022\/10\/MARIA-QUINTANA-SILVA-Y-SILVIA-ALVAREZ-1536x1229.jpg 1536w\" sizes=\"(max-width: 2000px) 100vw, 2000px\" \/><\/p>\n<h2>Firma Sara Mar\u00eda Moreno<\/h2>\n<p><strong>Domingo 6 de noviembre a las 13:00h.\u00a0<\/strong><\/p>\n<p>Para terminar, <strong>a partir de las 13:ooh<\/strong>. contaremos con la firma de <strong>Sara Mar\u00eda Moreno,<\/strong> autora del libro \u00abMarta, qu\u00e9 vas a ser de mayor?\u00bb, editado por Edelvives.<strong> \u00a1Te esperamos!\u00a0<\/strong><\/p>\n<p><img loading=\"lazy\" class=\"alignnone size-full wp-image-4847\" src=\"http:\/\/www.rayuelainfancia.com\/blog\/wp-content\/uploads\/2022\/10\/SARA-MARIA-MORENO.png\" alt=\"\" width=\"2000\" height=\"1600\" srcset=\"https:\/\/www.rayuelainfancia.com\/blog\/wp-content\/uploads\/2022\/10\/SARA-MARIA-MORENO.png 2000w, https:\/\/www.rayuelainfancia.com\/blog\/wp-content\/uploads\/2022\/10\/SARA-MARIA-MORENO-300x240.png 300w, https:\/\/www.rayuelainfancia.com\/blog\/wp-content\/uploads\/2022\/10\/SARA-MARIA-MORENO-1024x819.png 1024w, https:\/\/www.rayuelainfancia.com\/blog\/wp-content\/uploads\/2022\/10\/SARA-MARIA-MORENO-768x614.png 768w, https:\/\/www.rayuelainfancia.com\/blog\/wp-content\/uploads\/2022\/10\/SARA-MARIA-MORENO-1536x1229.png 1536w\" sizes=\"(max-width: 2000px) 100vw, 2000px\" \/><\/p>\n<p>Estas firmas han sido organizadas por Rayuelainfancia, gracias a la colaboraci\u00f3n del ICAS.<\/p>\n<p><img loading=\"lazy\" class=\"alignnone  wp-image-4571\" src=\"http:\/\/www.rayuelainfancia.com\/blog\/wp-content\/uploads\/2021\/11\/logo_ICAS-1.png\" alt=\"\" width=\"243\" height=\"79\" srcset=\"https:\/\/www.rayuelainfancia.com\/blog\/wp-content\/uploads\/2021\/11\/logo_ICAS-1.png 1000w, https:\/\/www.rayuelainfancia.com\/blog\/wp-content\/uploads\/2021\/11\/logo_ICAS-1-300x98.png 300w, https:\/\/www.rayuelainfancia.com\/blog\/wp-content\/uploads\/2021\/11\/logo_ICAS-1-768x250.png 768w\" sizes=\"(max-width: 243px) 100vw, 243px\" \/><\/p>\n","protected":false},"excerpt":{"rendered":"<p>La segunda semana de la Feria del Libro de Sevilla est\u00e1 a punto de comenzar y tenemos preparadas muchas firmas y una actividad que seguro que te van a encantar \u00a1Apunta las fechas!<\/p>\n","protected":false},"author":6,"featured_media":4850,"comment_status":"open","ping_status":"open","sticky":false,"template":"","format":"standard","meta":[],"categories":[18,21],"tags":[37,51,106,105,28,33],"yoast_head":"<!-- This site is optimized with the Yoast SEO plugin v18.5.1 - https:\/\/yoast.com\/wordpress\/plugins\/seo\/ -->\n<title>FIRMAS EN RAYUELA FERIA DEL LIBRO [II] &#8902; Blog de Rayuelainfancia<\/title>\n<meta name=\"description\" content=\"La segunda semana de la Feria del Libro de Sevilla comienza y tenemos preparadas muchas firmas y una actividad \u00a1Apunta las fechas!\" \/>\n<meta name=\"robots\" content=\"index, follow, max-snippet:-1, max-image-preview:large, max-video-preview:-1\" \/>\n<link rel=\"canonical\" href=\"https:\/\/www.rayuelainfancia.com\/blog\/firmas-en-rayuela-feria-del-libro-ii\/\" \/>\n<meta property=\"og:locale\" content=\"es_ES\" \/>\n<meta property=\"og:type\" content=\"article\" \/>\n<meta property=\"og:title\" content=\"FIRMAS EN RAYUELA FERIA DEL LIBRO [II] &#8902; Blog de Rayuelainfancia\" \/>\n<meta property=\"og:description\" content=\"La segunda semana de la Feria del Libro de Sevilla comienza y tenemos preparadas muchas firmas y una actividad \u00a1Apunta las fechas!\" \/>\n<meta property=\"og:url\" content=\"https:\/\/www.rayuelainfancia.com\/blog\/firmas-en-rayuela-feria-del-libro-ii\/\" \/>\n<meta property=\"og:site_name\" content=\"Blog de Rayuelainfancia\" \/>\n<meta property=\"article:publisher\" content=\"https:\/\/www.facebook.com\/pages\/Librer\u00eda-Rayuela\/251861686361\" \/>\n<meta property=\"article:published_time\" content=\"2022-10-28T09:23:24+00:00\" \/>\n<meta property=\"article:modified_time\" content=\"2023-03-30T18:24:24+00:00\" \/>\n<meta property=\"og:image\" content=\"http:\/\/www.rayuelainfancia.com\/blog\/wp-content\/uploads\/2022\/10\/segundo-fin-de-semana-.png\" \/>\n\t<meta property=\"og:image:width\" content=\"750\" \/>\n\t<meta property=\"og:image:height\" content=\"410\" \/>\n\t<meta property=\"og:image:type\" content=\"image\/png\" \/>\n<meta name=\"twitter:card\" content=\"summary\" \/>\n<meta name=\"twitter:creator\" content=\"@Rayuelainfancia\" \/>\n<meta name=\"twitter:site\" content=\"@Rayuelainfancia\" \/>\n<meta name=\"twitter:label1\" content=\"Written by\" \/>\n\t<meta name=\"twitter:data1\" content=\"Rayuelainfancia\" \/>\n\t<meta name=\"twitter:label2\" content=\"Est. reading time\" \/>\n\t<meta name=\"twitter:data2\" content=\"3 minutos\" \/>\n<script type=\"application\/ld+json\" class=\"yoast-schema-graph\">{\"@context\":\"https:\/\/schema.org\",\"@graph\":[{\"@type\":\"Organization\",\"@id\":\"https:\/\/www.rayuelainfancia.com\/blog\/#organization\",\"name\":\"Rayuelainfancia\",\"url\":\"https:\/\/www.rayuelainfancia.com\/blog\/\",\"sameAs\":[\"https:\/\/www.facebook.com\/pages\/Librer\u00eda-Rayuela\/251861686361\",\"https:\/\/www.youtube.com\/channel\/UCddVaoDjpTp-DexyEVoyazQ\",\"https:\/\/twitter.com\/Rayuelainfancia\"],\"logo\":{\"@type\":\"ImageObject\",\"@id\":\"https:\/\/www.rayuelainfancia.com\/blog\/#logo\",\"inLanguage\":\"es\",\"url\":\"https:\/\/www.rayuelainfancia.com\/blog\/wp-content\/uploads\/2018\/06\/logo-rayuelainfancia-color-corporativo.png\",\"contentUrl\":\"https:\/\/www.rayuelainfancia.com\/blog\/wp-content\/uploads\/2018\/06\/logo-rayuelainfancia-color-corporativo.png\",\"width\":1200,\"height\":680,\"caption\":\"Rayuelainfancia\"},\"image\":{\"@id\":\"https:\/\/www.rayuelainfancia.com\/blog\/#logo\"}},{\"@type\":\"WebSite\",\"@id\":\"https:\/\/www.rayuelainfancia.com\/blog\/#website\",\"url\":\"https:\/\/www.rayuelainfancia.com\/blog\/\",\"name\":\"Blog de Rayuelainfancia\",\"description\":\"Libros infantiles y juegos educaticos respestuosos con la infancia\",\"publisher\":{\"@id\":\"https:\/\/www.rayuelainfancia.com\/blog\/#organization\"},\"potentialAction\":[{\"@type\":\"SearchAction\",\"target\":{\"@type\":\"EntryPoint\",\"urlTemplate\":\"https:\/\/www.rayuelainfancia.com\/blog\/?s={search_term_string}\"},\"query-input\":\"required name=search_term_string\"}],\"inLanguage\":\"es\"},{\"@type\":\"ImageObject\",\"@id\":\"https:\/\/www.rayuelainfancia.com\/blog\/firmas-en-rayuela-feria-del-libro-ii\/#primaryimage\",\"inLanguage\":\"es\",\"url\":\"https:\/\/www.rayuelainfancia.com\/blog\/wp-content\/uploads\/2022\/10\/segundo-fin-de-semana-.png\",\"contentUrl\":\"https:\/\/www.rayuelainfancia.com\/blog\/wp-content\/uploads\/2022\/10\/segundo-fin-de-semana-.png\",\"width\":750,\"height\":410},{\"@type\":\"WebPage\",\"@id\":\"https:\/\/www.rayuelainfancia.com\/blog\/firmas-en-rayuela-feria-del-libro-ii\/#webpage\",\"url\":\"https:\/\/www.rayuelainfancia.com\/blog\/firmas-en-rayuela-feria-del-libro-ii\/\",\"name\":\"FIRMAS EN RAYUELA FERIA DEL LIBRO [II] &#8902; Blog de Rayuelainfancia\",\"isPartOf\":{\"@id\":\"https:\/\/www.rayuelainfancia.com\/blog\/#website\"},\"primaryImageOfPage\":{\"@id\":\"https:\/\/www.rayuelainfancia.com\/blog\/firmas-en-rayuela-feria-del-libro-ii\/#primaryimage\"},\"datePublished\":\"2022-10-28T09:23:24+00:00\",\"dateModified\":\"2023-03-30T18:24:24+00:00\",\"description\":\"La segunda semana de la Feria del Libro de Sevilla comienza y tenemos preparadas muchas firmas y una actividad \u00a1Apunta las fechas!\",\"breadcrumb\":{\"@id\":\"https:\/\/www.rayuelainfancia.com\/blog\/firmas-en-rayuela-feria-del-libro-ii\/#breadcrumb\"},\"inLanguage\":\"es\",\"potentialAction\":[{\"@type\":\"ReadAction\",\"target\":[\"https:\/\/www.rayuelainfancia.com\/blog\/firmas-en-rayuela-feria-del-libro-ii\/\"]}]},{\"@type\":\"BreadcrumbList\",\"@id\":\"https:\/\/www.rayuelainfancia.com\/blog\/firmas-en-rayuela-feria-del-libro-ii\/#breadcrumb\",\"itemListElement\":[{\"@type\":\"ListItem\",\"position\":1,\"name\":\"Portada\",\"item\":\"https:\/\/www.rayuelainfancia.com\/blog\/\"},{\"@type\":\"ListItem\",\"position\":2,\"name\":\"FIRMAS EN RAYUELA FERIA DEL LIBRO [II]\"}]},{\"@type\":\"Article\",\"@id\":\"https:\/\/www.rayuelainfancia.com\/blog\/firmas-en-rayuela-feria-del-libro-ii\/#article\",\"isPartOf\":{\"@id\":\"https:\/\/www.rayuelainfancia.com\/blog\/firmas-en-rayuela-feria-del-libro-ii\/#webpage\"},\"author\":{\"@id\":\"https:\/\/www.rayuelainfancia.com\/blog\/#\/schema\/person\/c1aff250c5154e35f53f26d0eba10c45\"},\"headline\":\"FIRMAS EN RAYUELA FERIA DEL LIBRO [II]\",\"datePublished\":\"2022-10-28T09:23:24+00:00\",\"dateModified\":\"2023-03-30T18:24:24+00:00\",\"mainEntityOfPage\":{\"@id\":\"https:\/\/www.rayuelainfancia.com\/blog\/firmas-en-rayuela-feria-del-libro-ii\/#webpage\"},\"wordCount\":689,\"commentCount\":0,\"publisher\":{\"@id\":\"https:\/\/www.rayuelainfancia.com\/blog\/#organization\"},\"image\":{\"@id\":\"https:\/\/www.rayuelainfancia.com\/blog\/firmas-en-rayuela-feria-del-libro-ii\/#primaryimage\"},\"thumbnailUrl\":\"https:\/\/www.rayuelainfancia.com\/blog\/wp-content\/uploads\/2022\/10\/segundo-fin-de-semana-.png\",\"keywords\":[\"actividades\",\"album\",\"feria del libro de sevilla\",\"firmas\",\"libros\",\"sevilla\"],\"articleSection\":[\"Actividades Cuentacuentos\",\"Literatura Infantil\"],\"inLanguage\":\"es\",\"potentialAction\":[{\"@type\":\"CommentAction\",\"name\":\"Comment\",\"target\":[\"https:\/\/www.rayuelainfancia.com\/blog\/firmas-en-rayuela-feria-del-libro-ii\/#respond\"]}]},{\"@type\":\"Person\",\"@id\":\"https:\/\/www.rayuelainfancia.com\/blog\/#\/schema\/person\/c1aff250c5154e35f53f26d0eba10c45\",\"name\":\"Rayuelainfancia\",\"image\":{\"@type\":\"ImageObject\",\"@id\":\"https:\/\/www.rayuelainfancia.com\/blog\/#personlogo\",\"inLanguage\":\"es\",\"url\":\"https:\/\/secure.gravatar.com\/avatar\/8bf03e7a4bb13ca5c7d0dc6acde2bfd1?s=96&d=mm&r=g\",\"contentUrl\":\"https:\/\/secure.gravatar.com\/avatar\/8bf03e7a4bb13ca5c7d0dc6acde2bfd1?s=96&d=mm&r=g\",\"caption\":\"Rayuelainfancia\"}}]}<\/script>\n<!-- \/ Yoast SEO plugin. -->","yoast_head_json":{"title":"FIRMAS EN RAYUELA FERIA DEL LIBRO [II] &#8902; Blog de Rayuelainfancia","description":"La segunda semana de la Feria del Libro de Sevilla comienza y tenemos preparadas muchas firmas y una actividad \u00a1Apunta las fechas!","robots":{"index":"index","follow":"follow","max-snippet":"max-snippet:-1","max-image-preview":"max-image-preview:large","max-video-preview":"max-video-preview:-1"},"canonical":"https:\/\/www.rayuelainfancia.com\/blog\/firmas-en-rayuela-feria-del-libro-ii\/","og_locale":"es_ES","og_type":"article","og_title":"FIRMAS EN RAYUELA FERIA DEL LIBRO [II] &#8902; Blog de Rayuelainfancia","og_description":"La segunda semana de la Feria del Libro de Sevilla comienza y tenemos preparadas muchas firmas y una actividad \u00a1Apunta las fechas!","og_url":"https:\/\/www.rayuelainfancia.com\/blog\/firmas-en-rayuela-feria-del-libro-ii\/","og_site_name":"Blog de Rayuelainfancia","article_publisher":"https:\/\/www.facebook.com\/pages\/Librer\u00eda-Rayuela\/251861686361","article_published_time":"2022-10-28T09:23:24+00:00","article_modified_time":"2023-03-30T18:24:24+00:00","og_image":[{"width":750,"height":410,"url":"http:\/\/www.rayuelainfancia.com\/blog\/wp-content\/uploads\/2022\/10\/segundo-fin-de-semana-.png","type":"image\/png"}],"twitter_card":"summary","twitter_creator":"@Rayuelainfancia","twitter_site":"@Rayuelainfancia","twitter_misc":{"Written by":"Rayuelainfancia","Est. reading time":"3 minutos"},"schema":{"@context":"https:\/\/schema.org","@graph":[{"@type":"Organization","@id":"https:\/\/www.rayuelainfancia.com\/blog\/#organization","name":"Rayuelainfancia","url":"https:\/\/www.rayuelainfancia.com\/blog\/","sameAs":["https:\/\/www.facebook.com\/pages\/Librer\u00eda-Rayuela\/251861686361","https:\/\/www.youtube.com\/channel\/UCddVaoDjpTp-DexyEVoyazQ","https:\/\/twitter.com\/Rayuelainfancia"],"logo":{"@type":"ImageObject","@id":"https:\/\/www.rayuelainfancia.com\/blog\/#logo","inLanguage":"es","url":"https:\/\/www.rayuelainfancia.com\/blog\/wp-content\/uploads\/2018\/06\/logo-rayuelainfancia-color-corporativo.png","contentUrl":"https:\/\/www.rayuelainfancia.com\/blog\/wp-content\/uploads\/2018\/06\/logo-rayuelainfancia-color-corporativo.png","width":1200,"height":680,"caption":"Rayuelainfancia"},"image":{"@id":"https:\/\/www.rayuelainfancia.com\/blog\/#logo"}},{"@type":"WebSite","@id":"https:\/\/www.rayuelainfancia.com\/blog\/#website","url":"https:\/\/www.rayuelainfancia.com\/blog\/","name":"Blog de Rayuelainfancia","description":"Libros infantiles y juegos educaticos respestuosos con la infancia","publisher":{"@id":"https:\/\/www.rayuelainfancia.com\/blog\/#organization"},"potentialAction":[{"@type":"SearchAction","target":{"@type":"EntryPoint","urlTemplate":"https:\/\/www.rayuelainfancia.com\/blog\/?s={search_term_string}"},"query-input":"required name=search_term_string"}],"inLanguage":"es"},{"@type":"ImageObject","@id":"https:\/\/www.rayuelainfancia.com\/blog\/firmas-en-rayuela-feria-del-libro-ii\/#primaryimage","inLanguage":"es","url":"https:\/\/www.rayuelainfancia.com\/blog\/wp-content\/uploads\/2022\/10\/segundo-fin-de-semana-.png","contentUrl":"https:\/\/www.rayuelainfancia.com\/blog\/wp-content\/uploads\/2022\/10\/segundo-fin-de-semana-.png","width":750,"height":410},{"@type":"WebPage","@id":"https:\/\/www.rayuelainfancia.com\/blog\/firmas-en-rayuela-feria-del-libro-ii\/#webpage","url":"https:\/\/www.rayuelainfancia.com\/blog\/firmas-en-rayuela-feria-del-libro-ii\/","name":"FIRMAS EN RAYUELA FERIA DEL LIBRO [II] &#8902; Blog de Rayuelainfancia","isPartOf":{"@id":"https:\/\/www.rayuelainfancia.com\/blog\/#website"},"primaryImageOfPage":{"@id":"https:\/\/www.rayuelainfancia.com\/blog\/firmas-en-rayuela-feria-del-libro-ii\/#primaryimage"},"datePublished":"2022-10-28T09:23:24+00:00","dateModified":"2023-03-30T18:24:24+00:00","description":"La segunda semana de la Feria del Libro de Sevilla comienza y tenemos preparadas muchas firmas y una actividad \u00a1Apunta las fechas!","breadcrumb":{"@id":"https:\/\/www.rayuelainfancia.com\/blog\/firmas-en-rayuela-feria-del-libro-ii\/#breadcrumb"},"inLanguage":"es","potentialAction":[{"@type":"ReadAction","target":["https:\/\/www.rayuelainfancia.com\/blog\/firmas-en-rayuela-feria-del-libro-ii\/"]}]},{"@type":"BreadcrumbList","@id":"https:\/\/www.rayuelainfancia.com\/blog\/firmas-en-rayuela-feria-del-libro-ii\/#breadcrumb","itemListElement":[{"@type":"ListItem","position":1,"name":"Portada","item":"https:\/\/www.rayuelainfancia.com\/blog\/"},{"@type":"ListItem","position":2,"name":"FIRMAS EN RAYUELA FERIA DEL LIBRO [II]"}]},{"@type":"Article","@id":"https:\/\/www.rayuelainfancia.com\/blog\/firmas-en-rayuela-feria-del-libro-ii\/#article","isPartOf":{"@id":"https:\/\/www.rayuelainfancia.com\/blog\/firmas-en-rayuela-feria-del-libro-ii\/#webpage"},"author":{"@id":"https:\/\/www.rayuelainfancia.com\/blog\/#\/schema\/person\/c1aff250c5154e35f53f26d0eba10c45"},"headline":"FIRMAS EN RAYUELA FERIA DEL LIBRO [II]","datePublished":"2022-10-28T09:23:24+00:00","dateModified":"2023-03-30T18:24:24+00:00","mainEntityOfPage":{"@id":"https:\/\/www.rayuelainfancia.com\/blog\/firmas-en-rayuela-feria-del-libro-ii\/#webpage"},"wordCount":689,"commentCount":0,"publisher":{"@id":"https:\/\/www.rayuelainfancia.com\/blog\/#organization"},"image":{"@id":"https:\/\/www.rayuelainfancia.com\/blog\/firmas-en-rayuela-feria-del-libro-ii\/#primaryimage"},"thumbnailUrl":"https:\/\/www.rayuelainfancia.com\/blog\/wp-content\/uploads\/2022\/10\/segundo-fin-de-semana-.png","keywords":["actividades","album","feria del libro de sevilla","firmas","libros","sevilla"],"articleSection":["Actividades Cuentacuentos","Literatura Infantil"],"inLanguage":"es","potentialAction":[{"@type":"CommentAction","name":"Comment","target":["https:\/\/www.rayuelainfancia.com\/blog\/firmas-en-rayuela-feria-del-libro-ii\/#respond"]}]},{"@type":"Person","@id":"https:\/\/www.rayuelainfancia.com\/blog\/#\/schema\/person\/c1aff250c5154e35f53f26d0eba10c45","name":"Rayuelainfancia","image":{"@type":"ImageObject","@id":"https:\/\/www.rayuelainfancia.com\/blog\/#personlogo","inLanguage":"es","url":"https:\/\/secure.gravatar.com\/avatar\/8bf03e7a4bb13ca5c7d0dc6acde2bfd1?s=96&d=mm&r=g","contentUrl":"https:\/\/secure.gravatar.com\/avatar\/8bf03e7a4bb13ca5c7d0dc6acde2bfd1?s=96&d=mm&r=g","caption":"Rayuelainfancia"}}]}},"_links":{"self":[{"href":"https:\/\/www.rayuelainfancia.com\/blog\/wp-json\/wp\/v2\/posts\/4834"}],"collection":[{"href":"https:\/\/www.rayuelainfancia.com\/blog\/wp-json\/wp\/v2\/posts"}],"about":[{"href":"https:\/\/www.rayuelainfancia.com\/blog\/wp-json\/wp\/v2\/types\/post"}],"author":[{"embeddable":true,"href":"https:\/\/www.rayuelainfancia.com\/blog\/wp-json\/wp\/v2\/users\/6"}],"replies":[{"embeddable":true,"href":"https:\/\/www.rayuelainfancia.com\/blog\/wp-json\/wp\/v2\/comments?post=4834"}],"version-history":[{"count":17,"href":"https:\/\/www.rayuelainfancia.com\/blog\/wp-json\/wp\/v2\/posts\/4834\/revisions"}],"predecessor-version":[{"id":5031,"href":"https:\/\/www.rayuelainfancia.com\/blog\/wp-json\/wp\/v2\/posts\/4834\/revisions\/5031"}],"wp:featuredmedia":[{"embeddable":true,"href":"https:\/\/www.rayuelainfancia.com\/blog\/wp-json\/wp\/v2\/media\/4850"}],"wp:attachment":[{"href":"https:\/\/www.rayuelainfancia.com\/blog\/wp-json\/wp\/v2\/media?parent=4834"}],"wp:term":[{"taxonomy":"category","embeddable":true,"href":"https:\/\/www.rayuelainfancia.com\/blog\/wp-json\/wp\/v2\/categories?post=4834"},{"taxonomy":"post_tag","embeddable":true,"href":"https:\/\/www.rayuelainfancia.com\/blog\/wp-json\/wp\/v2\/tags?post=4834"}],"curies":[{"name":"wp","href":"https:\/\/api.w.org\/{rel}","templated":true}]}}