 {"id":4824,"date":"2022-10-24T19:20:19","date_gmt":"2022-10-24T17:20:19","guid":{"rendered":"https:\/\/www.rayuelainfancia.com\/blog\/?p=4824"},"modified":"2023-03-30T20:19:53","modified_gmt":"2023-03-30T18:19:53","slug":"un-par-de-ojos-nuevos-resena","status":"publish","type":"post","link":"https:\/\/www.rayuelainfancia.com\/blog\/un-par-de-ojos-nuevos-resena\/","title":{"rendered":"UN PAR DE OJOS NUEVOS [RESE\u00d1A]"},"content":{"rendered":"<p><span style=\"font-family: Verdana, sans-serif;\">El argumento de este \u00e1lbum cuenta la singular historia de la elefanta Vinayaki, a la que le van a poner un par de ojos nuevos porque los suyos est\u00e1n viej\u00edsimos. Junto a Gordon, Harriet, Nena Gol y Pierre, forman la Compa\u00f1\u00eda Rumiante de Fantoches Ambulantes, dirigida por la mism\u00edsima <b>Ellen Duthie.\u00a0<\/b><\/span><\/p>\n<p align=\"LEFT\"><!--more--><\/p>\n<h2>Un par de ojos nuevos<\/h2>\n<p><span style=\"font-family: Verdana, sans-serif;\">Este desfile de personajes de lo m\u00e1s variopinto representan su funci\u00f3n a la perfecci\u00f3n, montando un relato que habla de <strong>miedo a los cambios y de identidad<\/strong>, dando lugar a momentos tan brillantes como estos:<\/span><\/p>\n<blockquote>\n<p align=\"CENTER\"><span style=\"font-family: Verdana, sans-serif;\"> \u201c-Hola, soy Yo.<\/span><\/p>\n<p align=\"CENTER\"><span style=\"font-family: Verdana, sans-serif;\"> -Encantada-dijo la reci\u00e9n llegada-<\/span><\/p>\n<p align=\"CENTER\"><span style=\"font-family: Verdana, sans-serif;\"> Yo tambi\u00e9n soy Yo.<\/span><\/p>\n<p align=\"CENTER\"><span style=\"font-family: Verdana, sans-serif;\"> Gordon carraspe\u00f3:<\/span><\/p>\n<p align=\"CENTER\"><span style=\"font-family: Verdana, sans-serif;\"> -Me temo que eso no puede ser. <\/span><\/p>\n<p align=\"CENTER\"><span style=\"font-family: Verdana, sans-serif;\"> T\u00fa ser\u00e1s T\u00fa, no puedes ser Yo\u201d<\/span><\/p>\n<p align=\"CENTER\"><img loading=\"lazy\" class=\"alignnone wp-image-4825\" src=\"http:\/\/www.rayuelainfancia.com\/blog\/wp-content\/uploads\/2022\/10\/ae44a248-ca7e-47cc-9f6a-88bdf6f2adc7.jpg\" alt=\"\" width=\"407\" height=\"543\" srcset=\"https:\/\/www.rayuelainfancia.com\/blog\/wp-content\/uploads\/2022\/10\/ae44a248-ca7e-47cc-9f6a-88bdf6f2adc7.jpg 1536w, https:\/\/www.rayuelainfancia.com\/blog\/wp-content\/uploads\/2022\/10\/ae44a248-ca7e-47cc-9f6a-88bdf6f2adc7-225x300.jpg 225w, https:\/\/www.rayuelainfancia.com\/blog\/wp-content\/uploads\/2022\/10\/ae44a248-ca7e-47cc-9f6a-88bdf6f2adc7-768x1024.jpg 768w, https:\/\/www.rayuelainfancia.com\/blog\/wp-content\/uploads\/2022\/10\/ae44a248-ca7e-47cc-9f6a-88bdf6f2adc7-1152x1536.jpg 1152w\" sizes=\"(max-width: 407px) 100vw, 407px\" \/><img loading=\"lazy\" class=\"alignnone wp-image-4826\" src=\"http:\/\/www.rayuelainfancia.com\/blog\/wp-content\/uploads\/2022\/10\/fe5d8d2c-4c10-4e30-99ad-0e6c922302c7.jpg\" alt=\"\" width=\"406\" height=\"542\" srcset=\"https:\/\/www.rayuelainfancia.com\/blog\/wp-content\/uploads\/2022\/10\/fe5d8d2c-4c10-4e30-99ad-0e6c922302c7.jpg 1536w, https:\/\/www.rayuelainfancia.com\/blog\/wp-content\/uploads\/2022\/10\/fe5d8d2c-4c10-4e30-99ad-0e6c922302c7-225x300.jpg 225w, https:\/\/www.rayuelainfancia.com\/blog\/wp-content\/uploads\/2022\/10\/fe5d8d2c-4c10-4e30-99ad-0e6c922302c7-768x1024.jpg 768w, https:\/\/www.rayuelainfancia.com\/blog\/wp-content\/uploads\/2022\/10\/fe5d8d2c-4c10-4e30-99ad-0e6c922302c7-1152x1536.jpg 1152w\" sizes=\"(max-width: 406px) 100vw, 406px\" \/><\/p>\n<\/blockquote>\n<p>&nbsp;<\/p>\n<p>&nbsp;<\/p>\n<p><span style=\"font-family: Verdana, sans-serif;\">Y<\/span><span style=\"font-family: Verdana, sans-serif;\"> es que no pod\u00edamos esperar menos de un texto escrito por <strong>Ellen Duthie, una fil\u00f3sofa amante de la literatura infantil<\/strong> con grandes dotes para divulgar de forma sencilla esta materia (<span style=\"color: #800000;\"><a href=\"https:\/\/www.rayuelainfancia.com\/blog\/wonder-ponder-filosofia-en-cajas\/\">V\u00e9ase nuestra entrada de blog dedicada a las famosas cajas de Filosof\u00eda Visual para ni\u00f1os y no tan ni\u00f1os<\/a>).<\/span><\/span><\/p>\n<p><span style=\"color: #000000;\"><span style=\"font-family: Verdana, sans-serif;\"> Por eso los di\u00e1logos filos\u00f3ficos y las <strong>reflexiones de lo m\u00e1s existencialistas<\/strong> no pod\u00edan faltar.<\/span><\/span><\/p>\n<p><img loading=\"lazy\" class=\"wp-image-4828 aligncenter\" src=\"http:\/\/www.rayuelainfancia.com\/blog\/wp-content\/uploads\/2022\/10\/4a2863cc-826e-4bf6-96cc-35aa7a60bb4a.jpg\" alt=\"\" width=\"497\" height=\"663\" srcset=\"https:\/\/www.rayuelainfancia.com\/blog\/wp-content\/uploads\/2022\/10\/4a2863cc-826e-4bf6-96cc-35aa7a60bb4a.jpg 1536w, https:\/\/www.rayuelainfancia.com\/blog\/wp-content\/uploads\/2022\/10\/4a2863cc-826e-4bf6-96cc-35aa7a60bb4a-225x300.jpg 225w, https:\/\/www.rayuelainfancia.com\/blog\/wp-content\/uploads\/2022\/10\/4a2863cc-826e-4bf6-96cc-35aa7a60bb4a-768x1024.jpg 768w, https:\/\/www.rayuelainfancia.com\/blog\/wp-content\/uploads\/2022\/10\/4a2863cc-826e-4bf6-96cc-35aa7a60bb4a-1152x1536.jpg 1152w\" sizes=\"(max-width: 497px) 100vw, 497px\" \/><\/p>\n<p>&nbsp;<\/p>\n<blockquote>\n<p align=\"CENTER\"><span style=\"color: #000000;\">\u201c<span style=\"font-family: Verdana, sans-serif;\">\u00bfY qu\u00e9 ver\u00e1n mis dos ojos nuevos?<\/span><\/span><\/p>\n<p align=\"CENTER\"><span style=\"color: #000000;\"><span style=\"font-family: Verdana, sans-serif;\">\u00bfY yo? \u00bfQu\u00e9 ver\u00e9? \u00bfYo ser\u00e9?<\/span><\/span><\/p>\n<p align=\"CENTER\"><span style=\"color: #000000;\"><span style=\"font-family: Verdana, sans-serif;\">\u00bfSer\u00e9 la misma o cambiar\u00e9?<\/span><\/span><\/p>\n<p align=\"CENTER\"><span style=\"color: #000000;\"><span style=\"font-family: Verdana, sans-serif;\">\u00bfEl mundo que veo ahora lo seguir\u00e9 viendo despu\u00e9s?\u201d<\/span><\/span><\/p>\n<p align=\"CENTER\">\n<\/blockquote>\n<p><span style=\"font-family: Verdana, sans-serif;\"> Lo mejor que nos llevamos cuando leemos <strong><em>Un par de ojos nuevos<\/em><\/strong>, es que irremediablemente acabamos por preguntarnos a\u00fan sin querer hacerlo y que <strong>los di\u00e1logos dan pie sin remedio a otros muchos<\/strong>. Conversaciones inteligentes <strong>para ni\u00f1as y ni\u00f1os inteligentes<\/strong>, es decir, todas y todos los conocidos y los a\u00fan por conocer.<\/span><\/p>\n<p><img loading=\"lazy\" class=\"wp-image-4829 aligncenter\" src=\"http:\/\/www.rayuelainfancia.com\/blog\/wp-content\/uploads\/2022\/10\/043bf725-123c-4520-a33c-d01bcedd7fb3.jpg\" alt=\"\" width=\"482\" height=\"643\" srcset=\"https:\/\/www.rayuelainfancia.com\/blog\/wp-content\/uploads\/2022\/10\/043bf725-123c-4520-a33c-d01bcedd7fb3.jpg 1536w, https:\/\/www.rayuelainfancia.com\/blog\/wp-content\/uploads\/2022\/10\/043bf725-123c-4520-a33c-d01bcedd7fb3-225x300.jpg 225w, https:\/\/www.rayuelainfancia.com\/blog\/wp-content\/uploads\/2022\/10\/043bf725-123c-4520-a33c-d01bcedd7fb3-768x1024.jpg 768w, https:\/\/www.rayuelainfancia.com\/blog\/wp-content\/uploads\/2022\/10\/043bf725-123c-4520-a33c-d01bcedd7fb3-1152x1536.jpg 1152w\" sizes=\"(max-width: 482px) 100vw, 482px\" \/><\/p>\n<p><span style=\"font-family: Verdana, sans-serif;\"> Y siguiendo la estela de Vinayaki \u00bfa qui\u00e9n no le gustar\u00eda poder mirar el mundo con un par de ojos nuevos?<\/span><\/p>\n<p><span style=\"font-family: Verdana, sans-serif;\"><span style=\"color: #000000;\"> El libro est\u00e1 editado por <\/span><span style=\"color: #000000;\"><b>Wonder Ponder<\/b><\/span><span style=\"color: #000000;\"> e ilustrado por <\/span><span style=\"color: #000000;\"><b>Javier S\u00e1ez<\/b><\/span> <span style=\"color: #000000;\"><b>Cast\u00e1n <\/b><\/span><span style=\"color: #000000;\">y <\/span><span style=\"color: #000000;\"><b>Manuel Marsol<\/b><\/span><span style=\"color: #000000;\">, dos ilustradores de peso, poseedores de muchos reconocimientos, entre ellos el Premio Nacional de Ilustraci\u00f3n 2016 y el Premio Internacional de Ilustraci\u00f3n de la Feria del libro infantil de Bolonia 2017, respectivamente.<\/span><\/span><\/p>\n<p><span style=\"color: #000000;\"><span style=\"font-family: Verdana, sans-serif;\"> \u00a1No dejen de leerlo!. Encantar\u00e1 a ni\u00f1os y a mayores<strong> desde los 4 a los 104 a\u00f1os.<\/strong><\/span><\/span><\/p>\n<p>Contenido creado gracias a la colaboraci\u00f3n de ICAS.<\/p>\n<p><img loading=\"lazy\" class=\"alignnone wp-image-4571\" src=\"http:\/\/www.rayuelainfancia.com\/blog\/wp-content\/uploads\/2021\/11\/logo_ICAS-1.png\" alt=\"\" width=\"308\" height=\"100\" srcset=\"https:\/\/www.rayuelainfancia.com\/blog\/wp-content\/uploads\/2021\/11\/logo_ICAS-1.png 1000w, https:\/\/www.rayuelainfancia.com\/blog\/wp-content\/uploads\/2021\/11\/logo_ICAS-1-300x98.png 300w, https:\/\/www.rayuelainfancia.com\/blog\/wp-content\/uploads\/2021\/11\/logo_ICAS-1-768x250.png 768w\" sizes=\"(max-width: 308px) 100vw, 308px\" \/><\/p>\n","protected":false},"excerpt":{"rendered":"<p>El argumento de este \u00e1lbum cuenta la singular historia de la elefanta Vinayaki, a la que le van a poner un par de ojos nuevos porque los suyos est\u00e1n viej\u00edsimos. Junto a Gordon, Harriet, Nena Gol y Pierre, forman la Compa\u00f1\u00eda Rumiante de Fantoches Ambulantes, dirigida por la mism\u00edsima Ellen Duthie.\u00a0<\/p>\n","protected":false},"author":6,"featured_media":4831,"comment_status":"open","ping_status":"open","sticky":true,"template":"","format":"standard","meta":[],"categories":[21,64],"tags":[51,30,38,68,43,28,50,29],"yoast_head":"<!-- This site is optimized with the Yoast SEO plugin v18.5.1 - https:\/\/yoast.com\/wordpress\/plugins\/seo\/ -->\n<title>UN PAR DE OJOS NUEVOS [RESE\u00d1A] &#8902; Blog de Rayuelainfancia<\/title>\n<meta name=\"description\" content=\"Un par de ojos nuevos. Vinayaki junto a Gordon, Harriet, Nena Gol y Pierre forman la Compa\u00f1\u00eda Rumiante de Fantoches Ambulantes\" \/>\n<meta name=\"robots\" content=\"index, follow, max-snippet:-1, max-image-preview:large, max-video-preview:-1\" \/>\n<link rel=\"canonical\" href=\"https:\/\/www.rayuelainfancia.com\/blog\/un-par-de-ojos-nuevos-resena\/\" \/>\n<meta property=\"og:locale\" content=\"es_ES\" \/>\n<meta property=\"og:type\" content=\"article\" \/>\n<meta property=\"og:title\" content=\"UN PAR DE OJOS NUEVOS [RESE\u00d1A] &#8902; Blog de Rayuelainfancia\" \/>\n<meta property=\"og:description\" content=\"Un par de ojos nuevos. Vinayaki junto a Gordon, Harriet, Nena Gol y Pierre forman la Compa\u00f1\u00eda Rumiante de Fantoches Ambulantes\" \/>\n<meta property=\"og:url\" content=\"https:\/\/www.rayuelainfancia.com\/blog\/un-par-de-ojos-nuevos-resena\/\" \/>\n<meta property=\"og:site_name\" content=\"Blog de Rayuelainfancia\" \/>\n<meta property=\"article:publisher\" content=\"https:\/\/www.facebook.com\/pages\/Librer\u00eda-Rayuela\/251861686361\" \/>\n<meta property=\"article:published_time\" content=\"2022-10-24T17:20:19+00:00\" \/>\n<meta property=\"article:modified_time\" content=\"2023-03-30T18:19:53+00:00\" \/>\n<meta property=\"og:image\" content=\"http:\/\/www.rayuelainfancia.com\/blog\/wp-content\/uploads\/2022\/10\/Copia-de-Copia-de-Copia-de-Copia-de-Copia-de-Copia-de-Copia-de-LA-FELCHA-PLATEADA.jpg\" \/>\n\t<meta property=\"og:image:width\" content=\"750\" \/>\n\t<meta property=\"og:image:height\" content=\"410\" \/>\n\t<meta property=\"og:image:type\" content=\"image\/jpeg\" \/>\n<meta name=\"twitter:card\" content=\"summary\" \/>\n<meta name=\"twitter:creator\" content=\"@Rayuelainfancia\" \/>\n<meta name=\"twitter:site\" content=\"@Rayuelainfancia\" \/>\n<meta name=\"twitter:label1\" content=\"Written by\" \/>\n\t<meta name=\"twitter:data1\" content=\"Rayuelainfancia\" \/>\n\t<meta name=\"twitter:label2\" content=\"Est. reading time\" \/>\n\t<meta name=\"twitter:data2\" content=\"2 minutos\" \/>\n<script type=\"application\/ld+json\" class=\"yoast-schema-graph\">{\"@context\":\"https:\/\/schema.org\",\"@graph\":[{\"@type\":\"Organization\",\"@id\":\"https:\/\/www.rayuelainfancia.com\/blog\/#organization\",\"name\":\"Rayuelainfancia\",\"url\":\"https:\/\/www.rayuelainfancia.com\/blog\/\",\"sameAs\":[\"https:\/\/www.facebook.com\/pages\/Librer\u00eda-Rayuela\/251861686361\",\"https:\/\/www.youtube.com\/channel\/UCddVaoDjpTp-DexyEVoyazQ\",\"https:\/\/twitter.com\/Rayuelainfancia\"],\"logo\":{\"@type\":\"ImageObject\",\"@id\":\"https:\/\/www.rayuelainfancia.com\/blog\/#logo\",\"inLanguage\":\"es\",\"url\":\"https:\/\/www.rayuelainfancia.com\/blog\/wp-content\/uploads\/2018\/06\/logo-rayuelainfancia-color-corporativo.png\",\"contentUrl\":\"https:\/\/www.rayuelainfancia.com\/blog\/wp-content\/uploads\/2018\/06\/logo-rayuelainfancia-color-corporativo.png\",\"width\":1200,\"height\":680,\"caption\":\"Rayuelainfancia\"},\"image\":{\"@id\":\"https:\/\/www.rayuelainfancia.com\/blog\/#logo\"}},{\"@type\":\"WebSite\",\"@id\":\"https:\/\/www.rayuelainfancia.com\/blog\/#website\",\"url\":\"https:\/\/www.rayuelainfancia.com\/blog\/\",\"name\":\"Blog de Rayuelainfancia\",\"description\":\"Libros infantiles y juegos educaticos respestuosos con la infancia\",\"publisher\":{\"@id\":\"https:\/\/www.rayuelainfancia.com\/blog\/#organization\"},\"potentialAction\":[{\"@type\":\"SearchAction\",\"target\":{\"@type\":\"EntryPoint\",\"urlTemplate\":\"https:\/\/www.rayuelainfancia.com\/blog\/?s={search_term_string}\"},\"query-input\":\"required name=search_term_string\"}],\"inLanguage\":\"es\"},{\"@type\":\"ImageObject\",\"@id\":\"https:\/\/www.rayuelainfancia.com\/blog\/un-par-de-ojos-nuevos-resena\/#primaryimage\",\"inLanguage\":\"es\",\"url\":\"https:\/\/www.rayuelainfancia.com\/blog\/wp-content\/uploads\/2022\/10\/Copia-de-Copia-de-Copia-de-Copia-de-Copia-de-Copia-de-Copia-de-LA-FELCHA-PLATEADA.jpg\",\"contentUrl\":\"https:\/\/www.rayuelainfancia.com\/blog\/wp-content\/uploads\/2022\/10\/Copia-de-Copia-de-Copia-de-Copia-de-Copia-de-Copia-de-Copia-de-LA-FELCHA-PLATEADA.jpg\",\"width\":750,\"height\":410},{\"@type\":\"WebPage\",\"@id\":\"https:\/\/www.rayuelainfancia.com\/blog\/un-par-de-ojos-nuevos-resena\/#webpage\",\"url\":\"https:\/\/www.rayuelainfancia.com\/blog\/un-par-de-ojos-nuevos-resena\/\",\"name\":\"UN PAR DE OJOS NUEVOS [RESE\u00d1A] &#8902; Blog de Rayuelainfancia\",\"isPartOf\":{\"@id\":\"https:\/\/www.rayuelainfancia.com\/blog\/#website\"},\"primaryImageOfPage\":{\"@id\":\"https:\/\/www.rayuelainfancia.com\/blog\/un-par-de-ojos-nuevos-resena\/#primaryimage\"},\"datePublished\":\"2022-10-24T17:20:19+00:00\",\"dateModified\":\"2023-03-30T18:19:53+00:00\",\"description\":\"Un par de ojos nuevos. Vinayaki junto a Gordon, Harriet, Nena Gol y Pierre forman la Compa\u00f1\u00eda Rumiante de Fantoches Ambulantes\",\"breadcrumb\":{\"@id\":\"https:\/\/www.rayuelainfancia.com\/blog\/un-par-de-ojos-nuevos-resena\/#breadcrumb\"},\"inLanguage\":\"es\",\"potentialAction\":[{\"@type\":\"ReadAction\",\"target\":[\"https:\/\/www.rayuelainfancia.com\/blog\/un-par-de-ojos-nuevos-resena\/\"]}]},{\"@type\":\"BreadcrumbList\",\"@id\":\"https:\/\/www.rayuelainfancia.com\/blog\/un-par-de-ojos-nuevos-resena\/#breadcrumb\",\"itemListElement\":[{\"@type\":\"ListItem\",\"position\":1,\"name\":\"Portada\",\"item\":\"https:\/\/www.rayuelainfancia.com\/blog\/\"},{\"@type\":\"ListItem\",\"position\":2,\"name\":\"UN PAR DE OJOS NUEVOS [RESE\u00d1A]\"}]},{\"@type\":\"Article\",\"@id\":\"https:\/\/www.rayuelainfancia.com\/blog\/un-par-de-ojos-nuevos-resena\/#article\",\"isPartOf\":{\"@id\":\"https:\/\/www.rayuelainfancia.com\/blog\/un-par-de-ojos-nuevos-resena\/#webpage\"},\"author\":{\"@id\":\"https:\/\/www.rayuelainfancia.com\/blog\/#\/schema\/person\/c1aff250c5154e35f53f26d0eba10c45\"},\"headline\":\"UN PAR DE OJOS NUEVOS [RESE\u00d1A]\",\"datePublished\":\"2022-10-24T17:20:19+00:00\",\"dateModified\":\"2023-03-30T18:19:53+00:00\",\"mainEntityOfPage\":{\"@id\":\"https:\/\/www.rayuelainfancia.com\/blog\/un-par-de-ojos-nuevos-resena\/#webpage\"},\"wordCount\":398,\"commentCount\":0,\"publisher\":{\"@id\":\"https:\/\/www.rayuelainfancia.com\/blog\/#organization\"},\"image\":{\"@id\":\"https:\/\/www.rayuelainfancia.com\/blog\/un-par-de-ojos-nuevos-resena\/#primaryimage\"},\"thumbnailUrl\":\"https:\/\/www.rayuelainfancia.com\/blog\/wp-content\/uploads\/2022\/10\/Copia-de-Copia-de-Copia-de-Copia-de-Copia-de-Copia-de-Copia-de-LA-FELCHA-PLATEADA.jpg\",\"keywords\":[\"album\",\"\u00e1lbum ilustrado\",\"cuentos\",\"infancia\",\"leer\",\"libros\",\"lij\",\"literatura infantil\"],\"articleSection\":[\"Literatura Infantil\",\"Recomendaciones Libros y Juguetes\"],\"inLanguage\":\"es\",\"potentialAction\":[{\"@type\":\"CommentAction\",\"name\":\"Comment\",\"target\":[\"https:\/\/www.rayuelainfancia.com\/blog\/un-par-de-ojos-nuevos-resena\/#respond\"]}]},{\"@type\":\"Person\",\"@id\":\"https:\/\/www.rayuelainfancia.com\/blog\/#\/schema\/person\/c1aff250c5154e35f53f26d0eba10c45\",\"name\":\"Rayuelainfancia\",\"image\":{\"@type\":\"ImageObject\",\"@id\":\"https:\/\/www.rayuelainfancia.com\/blog\/#personlogo\",\"inLanguage\":\"es\",\"url\":\"https:\/\/secure.gravatar.com\/avatar\/8bf03e7a4bb13ca5c7d0dc6acde2bfd1?s=96&d=mm&r=g\",\"contentUrl\":\"https:\/\/secure.gravatar.com\/avatar\/8bf03e7a4bb13ca5c7d0dc6acde2bfd1?s=96&d=mm&r=g\",\"caption\":\"Rayuelainfancia\"}}]}<\/script>\n<!-- \/ Yoast SEO plugin. -->","yoast_head_json":{"title":"UN PAR DE OJOS NUEVOS [RESE\u00d1A] &#8902; Blog de Rayuelainfancia","description":"Un par de ojos nuevos. Vinayaki junto a Gordon, Harriet, Nena Gol y Pierre forman la Compa\u00f1\u00eda Rumiante de Fantoches Ambulantes","robots":{"index":"index","follow":"follow","max-snippet":"max-snippet:-1","max-image-preview":"max-image-preview:large","max-video-preview":"max-video-preview:-1"},"canonical":"https:\/\/www.rayuelainfancia.com\/blog\/un-par-de-ojos-nuevos-resena\/","og_locale":"es_ES","og_type":"article","og_title":"UN PAR DE OJOS NUEVOS [RESE\u00d1A] &#8902; Blog de Rayuelainfancia","og_description":"Un par de ojos nuevos. Vinayaki junto a Gordon, Harriet, Nena Gol y Pierre forman la Compa\u00f1\u00eda Rumiante de Fantoches Ambulantes","og_url":"https:\/\/www.rayuelainfancia.com\/blog\/un-par-de-ojos-nuevos-resena\/","og_site_name":"Blog de Rayuelainfancia","article_publisher":"https:\/\/www.facebook.com\/pages\/Librer\u00eda-Rayuela\/251861686361","article_published_time":"2022-10-24T17:20:19+00:00","article_modified_time":"2023-03-30T18:19:53+00:00","og_image":[{"width":750,"height":410,"url":"http:\/\/www.rayuelainfancia.com\/blog\/wp-content\/uploads\/2022\/10\/Copia-de-Copia-de-Copia-de-Copia-de-Copia-de-Copia-de-Copia-de-LA-FELCHA-PLATEADA.jpg","type":"image\/jpeg"}],"twitter_card":"summary","twitter_creator":"@Rayuelainfancia","twitter_site":"@Rayuelainfancia","twitter_misc":{"Written by":"Rayuelainfancia","Est. reading time":"2 minutos"},"schema":{"@context":"https:\/\/schema.org","@graph":[{"@type":"Organization","@id":"https:\/\/www.rayuelainfancia.com\/blog\/#organization","name":"Rayuelainfancia","url":"https:\/\/www.rayuelainfancia.com\/blog\/","sameAs":["https:\/\/www.facebook.com\/pages\/Librer\u00eda-Rayuela\/251861686361","https:\/\/www.youtube.com\/channel\/UCddVaoDjpTp-DexyEVoyazQ","https:\/\/twitter.com\/Rayuelainfancia"],"logo":{"@type":"ImageObject","@id":"https:\/\/www.rayuelainfancia.com\/blog\/#logo","inLanguage":"es","url":"https:\/\/www.rayuelainfancia.com\/blog\/wp-content\/uploads\/2018\/06\/logo-rayuelainfancia-color-corporativo.png","contentUrl":"https:\/\/www.rayuelainfancia.com\/blog\/wp-content\/uploads\/2018\/06\/logo-rayuelainfancia-color-corporativo.png","width":1200,"height":680,"caption":"Rayuelainfancia"},"image":{"@id":"https:\/\/www.rayuelainfancia.com\/blog\/#logo"}},{"@type":"WebSite","@id":"https:\/\/www.rayuelainfancia.com\/blog\/#website","url":"https:\/\/www.rayuelainfancia.com\/blog\/","name":"Blog de Rayuelainfancia","description":"Libros infantiles y juegos educaticos respestuosos con la infancia","publisher":{"@id":"https:\/\/www.rayuelainfancia.com\/blog\/#organization"},"potentialAction":[{"@type":"SearchAction","target":{"@type":"EntryPoint","urlTemplate":"https:\/\/www.rayuelainfancia.com\/blog\/?s={search_term_string}"},"query-input":"required name=search_term_string"}],"inLanguage":"es"},{"@type":"ImageObject","@id":"https:\/\/www.rayuelainfancia.com\/blog\/un-par-de-ojos-nuevos-resena\/#primaryimage","inLanguage":"es","url":"https:\/\/www.rayuelainfancia.com\/blog\/wp-content\/uploads\/2022\/10\/Copia-de-Copia-de-Copia-de-Copia-de-Copia-de-Copia-de-Copia-de-LA-FELCHA-PLATEADA.jpg","contentUrl":"https:\/\/www.rayuelainfancia.com\/blog\/wp-content\/uploads\/2022\/10\/Copia-de-Copia-de-Copia-de-Copia-de-Copia-de-Copia-de-Copia-de-LA-FELCHA-PLATEADA.jpg","width":750,"height":410},{"@type":"WebPage","@id":"https:\/\/www.rayuelainfancia.com\/blog\/un-par-de-ojos-nuevos-resena\/#webpage","url":"https:\/\/www.rayuelainfancia.com\/blog\/un-par-de-ojos-nuevos-resena\/","name":"UN PAR DE OJOS NUEVOS [RESE\u00d1A] &#8902; Blog de Rayuelainfancia","isPartOf":{"@id":"https:\/\/www.rayuelainfancia.com\/blog\/#website"},"primaryImageOfPage":{"@id":"https:\/\/www.rayuelainfancia.com\/blog\/un-par-de-ojos-nuevos-resena\/#primaryimage"},"datePublished":"2022-10-24T17:20:19+00:00","dateModified":"2023-03-30T18:19:53+00:00","description":"Un par de ojos nuevos. Vinayaki junto a Gordon, Harriet, Nena Gol y Pierre forman la Compa\u00f1\u00eda Rumiante de Fantoches Ambulantes","breadcrumb":{"@id":"https:\/\/www.rayuelainfancia.com\/blog\/un-par-de-ojos-nuevos-resena\/#breadcrumb"},"inLanguage":"es","potentialAction":[{"@type":"ReadAction","target":["https:\/\/www.rayuelainfancia.com\/blog\/un-par-de-ojos-nuevos-resena\/"]}]},{"@type":"BreadcrumbList","@id":"https:\/\/www.rayuelainfancia.com\/blog\/un-par-de-ojos-nuevos-resena\/#breadcrumb","itemListElement":[{"@type":"ListItem","position":1,"name":"Portada","item":"https:\/\/www.rayuelainfancia.com\/blog\/"},{"@type":"ListItem","position":2,"name":"UN PAR DE OJOS NUEVOS [RESE\u00d1A]"}]},{"@type":"Article","@id":"https:\/\/www.rayuelainfancia.com\/blog\/un-par-de-ojos-nuevos-resena\/#article","isPartOf":{"@id":"https:\/\/www.rayuelainfancia.com\/blog\/un-par-de-ojos-nuevos-resena\/#webpage"},"author":{"@id":"https:\/\/www.rayuelainfancia.com\/blog\/#\/schema\/person\/c1aff250c5154e35f53f26d0eba10c45"},"headline":"UN PAR DE OJOS NUEVOS [RESE\u00d1A]","datePublished":"2022-10-24T17:20:19+00:00","dateModified":"2023-03-30T18:19:53+00:00","mainEntityOfPage":{"@id":"https:\/\/www.rayuelainfancia.com\/blog\/un-par-de-ojos-nuevos-resena\/#webpage"},"wordCount":398,"commentCount":0,"publisher":{"@id":"https:\/\/www.rayuelainfancia.com\/blog\/#organization"},"image":{"@id":"https:\/\/www.rayuelainfancia.com\/blog\/un-par-de-ojos-nuevos-resena\/#primaryimage"},"thumbnailUrl":"https:\/\/www.rayuelainfancia.com\/blog\/wp-content\/uploads\/2022\/10\/Copia-de-Copia-de-Copia-de-Copia-de-Copia-de-Copia-de-Copia-de-LA-FELCHA-PLATEADA.jpg","keywords":["album","\u00e1lbum ilustrado","cuentos","infancia","leer","libros","lij","literatura infantil"],"articleSection":["Literatura Infantil","Recomendaciones Libros y Juguetes"],"inLanguage":"es","potentialAction":[{"@type":"CommentAction","name":"Comment","target":["https:\/\/www.rayuelainfancia.com\/blog\/un-par-de-ojos-nuevos-resena\/#respond"]}]},{"@type":"Person","@id":"https:\/\/www.rayuelainfancia.com\/blog\/#\/schema\/person\/c1aff250c5154e35f53f26d0eba10c45","name":"Rayuelainfancia","image":{"@type":"ImageObject","@id":"https:\/\/www.rayuelainfancia.com\/blog\/#personlogo","inLanguage":"es","url":"https:\/\/secure.gravatar.com\/avatar\/8bf03e7a4bb13ca5c7d0dc6acde2bfd1?s=96&d=mm&r=g","contentUrl":"https:\/\/secure.gravatar.com\/avatar\/8bf03e7a4bb13ca5c7d0dc6acde2bfd1?s=96&d=mm&r=g","caption":"Rayuelainfancia"}}]}},"_links":{"self":[{"href":"https:\/\/www.rayuelainfancia.com\/blog\/wp-json\/wp\/v2\/posts\/4824"}],"collection":[{"href":"https:\/\/www.rayuelainfancia.com\/blog\/wp-json\/wp\/v2\/posts"}],"about":[{"href":"https:\/\/www.rayuelainfancia.com\/blog\/wp-json\/wp\/v2\/types\/post"}],"author":[{"embeddable":true,"href":"https:\/\/www.rayuelainfancia.com\/blog\/wp-json\/wp\/v2\/users\/6"}],"replies":[{"embeddable":true,"href":"https:\/\/www.rayuelainfancia.com\/blog\/wp-json\/wp\/v2\/comments?post=4824"}],"version-history":[{"count":6,"href":"https:\/\/www.rayuelainfancia.com\/blog\/wp-json\/wp\/v2\/posts\/4824\/revisions"}],"predecessor-version":[{"id":5028,"href":"https:\/\/www.rayuelainfancia.com\/blog\/wp-json\/wp\/v2\/posts\/4824\/revisions\/5028"}],"wp:featuredmedia":[{"embeddable":true,"href":"https:\/\/www.rayuelainfancia.com\/blog\/wp-json\/wp\/v2\/media\/4831"}],"wp:attachment":[{"href":"https:\/\/www.rayuelainfancia.com\/blog\/wp-json\/wp\/v2\/media?parent=4824"}],"wp:term":[{"taxonomy":"category","embeddable":true,"href":"https:\/\/www.rayuelainfancia.com\/blog\/wp-json\/wp\/v2\/categories?post=4824"},{"taxonomy":"post_tag","embeddable":true,"href":"https:\/\/www.rayuelainfancia.com\/blog\/wp-json\/wp\/v2\/tags?post=4824"}],"curies":[{"name":"wp","href":"https:\/\/api.w.org\/{rel}","templated":true}]}}