 {"id":4804,"date":"2022-10-07T12:16:50","date_gmt":"2022-10-07T10:16:50","guid":{"rendered":"https:\/\/www.rayuelainfancia.com\/blog\/?p=4804"},"modified":"2023-03-30T20:30:32","modified_gmt":"2023-03-30T18:30:32","slug":"finos-rayuela-carloco-y-alicia-bululu","status":"publish","type":"post","link":"https:\/\/www.rayuelainfancia.com\/blog\/finos-rayuela-carloco-y-alicia-bululu\/","title":{"rendered":"FINOS EN RAYUELA: CARLOCO Y ALICIA BULUL\u00da"},"content":{"rendered":"<p>El <strong>s\u00e1bado 15 de Octubre a las 18:00h.<\/strong> te esperamos en Rayuela para disfrutar de esta sesi\u00f3n de cuentos del FINOS para p\u00fablico familiar con la narraci\u00f3n de Alicia Bulul\u00fa y Carloco \u00a1No faltes!<\/p>\n<p><!--more--><\/p>\n<p>Una <strong>sesi\u00f3n de cuentos para toda la familia<\/strong> dentro del programa del <a href=\"http:\/\/www.finosevilla.org\/\">Festival Internacional de Narraci\u00f3n Oral de Sevilla (FINOS)<\/a>.\u00a0 Un festival que celebra este a\u00f1o su XV edici\u00f3n. Una oportunidad fant\u00e1stica de disfrutar de escuchar historias en nuestra ciudad.<\/p>\n<p>El s\u00e1bado en Rayuela estar\u00e1n con nosotros<strong> Carloco y Alicia Bulul\u00fa<\/strong>, dos narradores muy queridos y que seguro que ya conoc\u00e9is. La entrada es libre y gratuita. No dejes pasar la ocasi\u00f3n&#8230;<\/p>\n<p>&nbsp;<\/p>\n<p><img loading=\"lazy\" class=\"alignnone size-full wp-image-4805 aligncenter\" src=\"http:\/\/www.rayuelainfancia.com\/blog\/wp-content\/uploads\/2022\/10\/dc84f1d1-2e89-4a90-a832-3c1551b1d26c.jpg\" alt=\"FINOS en Rayuela 2022\" width=\"724\" height=\"1024\" srcset=\"https:\/\/www.rayuelainfancia.com\/blog\/wp-content\/uploads\/2022\/10\/dc84f1d1-2e89-4a90-a832-3c1551b1d26c.jpg 724w, https:\/\/www.rayuelainfancia.com\/blog\/wp-content\/uploads\/2022\/10\/dc84f1d1-2e89-4a90-a832-3c1551b1d26c-212x300.jpg 212w\" sizes=\"(max-width: 724px) 100vw, 724px\" \/><\/p>\n<p>&nbsp;<\/p>\n<h2>FINOS en Rayuela:<\/h2>\n<p><strong>Cu\u00e1ndo:<\/strong> s\u00e1bado 15 de octubre a las 18:00h.<\/p>\n<p><strong>D\u00f3nde:<\/strong> Librer\u00eda Rayuela, Calle Jos\u00e9 Luis Luque 6 41003 Sevilla<\/p>\n<p><strong>Edad recomendada:<\/strong> p\u00fablico familiar<\/p>\n<p><strong>Entrada gratuita\u00a0<\/strong><\/p>\n<p>&nbsp;<\/p>\n<p>Actividad organizada por Rayuelainfancia, gracias a la colaboraci\u00f3n del ICAS.<\/p>\n<p><img loading=\"lazy\" class=\"alignnone wp-image-4571\" src=\"http:\/\/www.rayuelainfancia.com\/blog\/wp-content\/uploads\/2021\/11\/logo_ICAS-1.png\" alt=\"\" width=\"344\" height=\"112\" srcset=\"https:\/\/www.rayuelainfancia.com\/blog\/wp-content\/uploads\/2021\/11\/logo_ICAS-1.png 1000w, https:\/\/www.rayuelainfancia.com\/blog\/wp-content\/uploads\/2021\/11\/logo_ICAS-1-300x98.png 300w, https:\/\/www.rayuelainfancia.com\/blog\/wp-content\/uploads\/2021\/11\/logo_ICAS-1-768x250.png 768w\" sizes=\"(max-width: 344px) 100vw, 344px\" \/><\/p>\n<p>&nbsp;<\/p>\n<p>&nbsp;<\/p>\n","protected":false},"excerpt":{"rendered":"<p>El s\u00e1bado 15 de Octubre a las 18:00h. te esperamos en Rayuela para disfrutar de esta sesi\u00f3n de cuentos del FINOS para p\u00fablico familiar con la narraci\u00f3n de Alicia Bulul\u00fa y Carloco \u00a1No faltes!<\/p>\n","protected":false},"author":6,"featured_media":4808,"comment_status":"open","ping_status":"open","sticky":false,"template":"","format":"standard","meta":[],"categories":[18],"tags":[37,38,103,68,104,33],"yoast_head":"<!-- This site is optimized with the Yoast SEO plugin v18.5.1 - https:\/\/yoast.com\/wordpress\/plugins\/seo\/ -->\n<title>FINOS EN RAYUELA: CARLOCO Y ALICIA BULUL\u00da &#8902; Blog de Rayuelainfancia<\/title>\n<meta name=\"description\" content=\"El s\u00e1bado 15 de Octubre a las 18:00h. te esperamos en Rayuela con de esta sesi\u00f3n del FINOS para p\u00fablico familiar de Alicia Bulul\u00fa y Carloco\" \/>\n<meta name=\"robots\" content=\"index, follow, max-snippet:-1, max-image-preview:large, max-video-preview:-1\" \/>\n<link rel=\"canonical\" href=\"https:\/\/www.rayuelainfancia.com\/blog\/finos-rayuela-carloco-y-alicia-bululu\/\" \/>\n<meta property=\"og:locale\" content=\"es_ES\" \/>\n<meta property=\"og:type\" content=\"article\" \/>\n<meta property=\"og:title\" content=\"FINOS EN RAYUELA: CARLOCO Y ALICIA BULUL\u00da &#8902; Blog de Rayuelainfancia\" \/>\n<meta property=\"og:description\" content=\"El s\u00e1bado 15 de Octubre a las 18:00h. te esperamos en Rayuela con de esta sesi\u00f3n del FINOS para p\u00fablico familiar de Alicia Bulul\u00fa y Carloco\" \/>\n<meta property=\"og:url\" content=\"https:\/\/www.rayuelainfancia.com\/blog\/finos-rayuela-carloco-y-alicia-bululu\/\" \/>\n<meta property=\"og:site_name\" content=\"Blog de Rayuelainfancia\" \/>\n<meta property=\"article:publisher\" content=\"https:\/\/www.facebook.com\/pages\/Librer\u00eda-Rayuela\/251861686361\" \/>\n<meta property=\"article:published_time\" content=\"2022-10-07T10:16:50+00:00\" \/>\n<meta property=\"article:modified_time\" content=\"2023-03-30T18:30:32+00:00\" \/>\n<meta property=\"og:image\" content=\"http:\/\/www.rayuelainfancia.com\/blog\/wp-content\/uploads\/2022\/10\/Copia-de-Copia-de-Copia-de-Copia-de-Copia-de-Copia-de-LA-FELCHA-PLATEADA.jpg\" \/>\n\t<meta property=\"og:image:width\" content=\"750\" \/>\n\t<meta property=\"og:image:height\" content=\"410\" \/>\n\t<meta property=\"og:image:type\" content=\"image\/jpeg\" \/>\n<meta name=\"twitter:card\" content=\"summary\" \/>\n<meta name=\"twitter:creator\" content=\"@Rayuelainfancia\" \/>\n<meta name=\"twitter:site\" content=\"@Rayuelainfancia\" \/>\n<meta name=\"twitter:label1\" content=\"Written by\" \/>\n\t<meta name=\"twitter:data1\" content=\"Rayuelainfancia\" \/>\n\t<meta name=\"twitter:label2\" content=\"Est. reading time\" \/>\n\t<meta name=\"twitter:data2\" content=\"1 minuto\" \/>\n<script type=\"application\/ld+json\" class=\"yoast-schema-graph\">{\"@context\":\"https:\/\/schema.org\",\"@graph\":[{\"@type\":\"Organization\",\"@id\":\"https:\/\/www.rayuelainfancia.com\/blog\/#organization\",\"name\":\"Rayuelainfancia\",\"url\":\"https:\/\/www.rayuelainfancia.com\/blog\/\",\"sameAs\":[\"https:\/\/www.facebook.com\/pages\/Librer\u00eda-Rayuela\/251861686361\",\"https:\/\/www.youtube.com\/channel\/UCddVaoDjpTp-DexyEVoyazQ\",\"https:\/\/twitter.com\/Rayuelainfancia\"],\"logo\":{\"@type\":\"ImageObject\",\"@id\":\"https:\/\/www.rayuelainfancia.com\/blog\/#logo\",\"inLanguage\":\"es\",\"url\":\"https:\/\/www.rayuelainfancia.com\/blog\/wp-content\/uploads\/2018\/06\/logo-rayuelainfancia-color-corporativo.png\",\"contentUrl\":\"https:\/\/www.rayuelainfancia.com\/blog\/wp-content\/uploads\/2018\/06\/logo-rayuelainfancia-color-corporativo.png\",\"width\":1200,\"height\":680,\"caption\":\"Rayuelainfancia\"},\"image\":{\"@id\":\"https:\/\/www.rayuelainfancia.com\/blog\/#logo\"}},{\"@type\":\"WebSite\",\"@id\":\"https:\/\/www.rayuelainfancia.com\/blog\/#website\",\"url\":\"https:\/\/www.rayuelainfancia.com\/blog\/\",\"name\":\"Blog de Rayuelainfancia\",\"description\":\"Libros infantiles y juegos educaticos respestuosos con la infancia\",\"publisher\":{\"@id\":\"https:\/\/www.rayuelainfancia.com\/blog\/#organization\"},\"potentialAction\":[{\"@type\":\"SearchAction\",\"target\":{\"@type\":\"EntryPoint\",\"urlTemplate\":\"https:\/\/www.rayuelainfancia.com\/blog\/?s={search_term_string}\"},\"query-input\":\"required name=search_term_string\"}],\"inLanguage\":\"es\"},{\"@type\":\"ImageObject\",\"@id\":\"https:\/\/www.rayuelainfancia.com\/blog\/finos-rayuela-carloco-y-alicia-bululu\/#primaryimage\",\"inLanguage\":\"es\",\"url\":\"https:\/\/www.rayuelainfancia.com\/blog\/wp-content\/uploads\/2022\/10\/Copia-de-Copia-de-Copia-de-Copia-de-Copia-de-Copia-de-LA-FELCHA-PLATEADA.jpg\",\"contentUrl\":\"https:\/\/www.rayuelainfancia.com\/blog\/wp-content\/uploads\/2022\/10\/Copia-de-Copia-de-Copia-de-Copia-de-Copia-de-Copia-de-LA-FELCHA-PLATEADA.jpg\",\"width\":750,\"height\":410,\"caption\":\"FINOS RAYUELA 2022\"},{\"@type\":\"WebPage\",\"@id\":\"https:\/\/www.rayuelainfancia.com\/blog\/finos-rayuela-carloco-y-alicia-bululu\/#webpage\",\"url\":\"https:\/\/www.rayuelainfancia.com\/blog\/finos-rayuela-carloco-y-alicia-bululu\/\",\"name\":\"FINOS EN RAYUELA: CARLOCO Y ALICIA BULUL\u00da &#8902; Blog de Rayuelainfancia\",\"isPartOf\":{\"@id\":\"https:\/\/www.rayuelainfancia.com\/blog\/#website\"},\"primaryImageOfPage\":{\"@id\":\"https:\/\/www.rayuelainfancia.com\/blog\/finos-rayuela-carloco-y-alicia-bululu\/#primaryimage\"},\"datePublished\":\"2022-10-07T10:16:50+00:00\",\"dateModified\":\"2023-03-30T18:30:32+00:00\",\"description\":\"El s\u00e1bado 15 de Octubre a las 18:00h. te esperamos en Rayuela con de esta sesi\u00f3n del FINOS para p\u00fablico familiar de Alicia Bulul\u00fa y Carloco\",\"breadcrumb\":{\"@id\":\"https:\/\/www.rayuelainfancia.com\/blog\/finos-rayuela-carloco-y-alicia-bululu\/#breadcrumb\"},\"inLanguage\":\"es\",\"potentialAction\":[{\"@type\":\"ReadAction\",\"target\":[\"https:\/\/www.rayuelainfancia.com\/blog\/finos-rayuela-carloco-y-alicia-bululu\/\"]}]},{\"@type\":\"BreadcrumbList\",\"@id\":\"https:\/\/www.rayuelainfancia.com\/blog\/finos-rayuela-carloco-y-alicia-bululu\/#breadcrumb\",\"itemListElement\":[{\"@type\":\"ListItem\",\"position\":1,\"name\":\"Portada\",\"item\":\"https:\/\/www.rayuelainfancia.com\/blog\/\"},{\"@type\":\"ListItem\",\"position\":2,\"name\":\"FINOS EN RAYUELA: CARLOCO Y ALICIA BULUL\u00da\"}]},{\"@type\":\"Article\",\"@id\":\"https:\/\/www.rayuelainfancia.com\/blog\/finos-rayuela-carloco-y-alicia-bululu\/#article\",\"isPartOf\":{\"@id\":\"https:\/\/www.rayuelainfancia.com\/blog\/finos-rayuela-carloco-y-alicia-bululu\/#webpage\"},\"author\":{\"@id\":\"https:\/\/www.rayuelainfancia.com\/blog\/#\/schema\/person\/c1aff250c5154e35f53f26d0eba10c45\"},\"headline\":\"FINOS EN RAYUELA: CARLOCO Y ALICIA BULUL\u00da\",\"datePublished\":\"2022-10-07T10:16:50+00:00\",\"dateModified\":\"2023-03-30T18:30:32+00:00\",\"mainEntityOfPage\":{\"@id\":\"https:\/\/www.rayuelainfancia.com\/blog\/finos-rayuela-carloco-y-alicia-bululu\/#webpage\"},\"wordCount\":170,\"commentCount\":0,\"publisher\":{\"@id\":\"https:\/\/www.rayuelainfancia.com\/blog\/#organization\"},\"image\":{\"@id\":\"https:\/\/www.rayuelainfancia.com\/blog\/finos-rayuela-carloco-y-alicia-bululu\/#primaryimage\"},\"thumbnailUrl\":\"https:\/\/www.rayuelainfancia.com\/blog\/wp-content\/uploads\/2022\/10\/Copia-de-Copia-de-Copia-de-Copia-de-Copia-de-Copia-de-LA-FELCHA-PLATEADA.jpg\",\"keywords\":[\"actividades\",\"cuentos\",\"FINOS\",\"infancia\",\"narraci\u00f3n oral\",\"sevilla\"],\"articleSection\":[\"Actividades Cuentacuentos\"],\"inLanguage\":\"es\",\"potentialAction\":[{\"@type\":\"CommentAction\",\"name\":\"Comment\",\"target\":[\"https:\/\/www.rayuelainfancia.com\/blog\/finos-rayuela-carloco-y-alicia-bululu\/#respond\"]}]},{\"@type\":\"Person\",\"@id\":\"https:\/\/www.rayuelainfancia.com\/blog\/#\/schema\/person\/c1aff250c5154e35f53f26d0eba10c45\",\"name\":\"Rayuelainfancia\",\"image\":{\"@type\":\"ImageObject\",\"@id\":\"https:\/\/www.rayuelainfancia.com\/blog\/#personlogo\",\"inLanguage\":\"es\",\"url\":\"https:\/\/secure.gravatar.com\/avatar\/8bf03e7a4bb13ca5c7d0dc6acde2bfd1?s=96&d=mm&r=g\",\"contentUrl\":\"https:\/\/secure.gravatar.com\/avatar\/8bf03e7a4bb13ca5c7d0dc6acde2bfd1?s=96&d=mm&r=g\",\"caption\":\"Rayuelainfancia\"}}]}<\/script>\n<!-- \/ Yoast SEO plugin. -->","yoast_head_json":{"title":"FINOS EN RAYUELA: CARLOCO Y ALICIA BULUL\u00da &#8902; Blog de Rayuelainfancia","description":"El s\u00e1bado 15 de Octubre a las 18:00h. te esperamos en Rayuela con de esta sesi\u00f3n del FINOS para p\u00fablico familiar de Alicia Bulul\u00fa y Carloco","robots":{"index":"index","follow":"follow","max-snippet":"max-snippet:-1","max-image-preview":"max-image-preview:large","max-video-preview":"max-video-preview:-1"},"canonical":"https:\/\/www.rayuelainfancia.com\/blog\/finos-rayuela-carloco-y-alicia-bululu\/","og_locale":"es_ES","og_type":"article","og_title":"FINOS EN RAYUELA: CARLOCO Y ALICIA BULUL\u00da &#8902; Blog de Rayuelainfancia","og_description":"El s\u00e1bado 15 de Octubre a las 18:00h. te esperamos en Rayuela con de esta sesi\u00f3n del FINOS para p\u00fablico familiar de Alicia Bulul\u00fa y Carloco","og_url":"https:\/\/www.rayuelainfancia.com\/blog\/finos-rayuela-carloco-y-alicia-bululu\/","og_site_name":"Blog de Rayuelainfancia","article_publisher":"https:\/\/www.facebook.com\/pages\/Librer\u00eda-Rayuela\/251861686361","article_published_time":"2022-10-07T10:16:50+00:00","article_modified_time":"2023-03-30T18:30:32+00:00","og_image":[{"width":750,"height":410,"url":"http:\/\/www.rayuelainfancia.com\/blog\/wp-content\/uploads\/2022\/10\/Copia-de-Copia-de-Copia-de-Copia-de-Copia-de-Copia-de-LA-FELCHA-PLATEADA.jpg","type":"image\/jpeg"}],"twitter_card":"summary","twitter_creator":"@Rayuelainfancia","twitter_site":"@Rayuelainfancia","twitter_misc":{"Written by":"Rayuelainfancia","Est. reading time":"1 minuto"},"schema":{"@context":"https:\/\/schema.org","@graph":[{"@type":"Organization","@id":"https:\/\/www.rayuelainfancia.com\/blog\/#organization","name":"Rayuelainfancia","url":"https:\/\/www.rayuelainfancia.com\/blog\/","sameAs":["https:\/\/www.facebook.com\/pages\/Librer\u00eda-Rayuela\/251861686361","https:\/\/www.youtube.com\/channel\/UCddVaoDjpTp-DexyEVoyazQ","https:\/\/twitter.com\/Rayuelainfancia"],"logo":{"@type":"ImageObject","@id":"https:\/\/www.rayuelainfancia.com\/blog\/#logo","inLanguage":"es","url":"https:\/\/www.rayuelainfancia.com\/blog\/wp-content\/uploads\/2018\/06\/logo-rayuelainfancia-color-corporativo.png","contentUrl":"https:\/\/www.rayuelainfancia.com\/blog\/wp-content\/uploads\/2018\/06\/logo-rayuelainfancia-color-corporativo.png","width":1200,"height":680,"caption":"Rayuelainfancia"},"image":{"@id":"https:\/\/www.rayuelainfancia.com\/blog\/#logo"}},{"@type":"WebSite","@id":"https:\/\/www.rayuelainfancia.com\/blog\/#website","url":"https:\/\/www.rayuelainfancia.com\/blog\/","name":"Blog de Rayuelainfancia","description":"Libros infantiles y juegos educaticos respestuosos con la infancia","publisher":{"@id":"https:\/\/www.rayuelainfancia.com\/blog\/#organization"},"potentialAction":[{"@type":"SearchAction","target":{"@type":"EntryPoint","urlTemplate":"https:\/\/www.rayuelainfancia.com\/blog\/?s={search_term_string}"},"query-input":"required name=search_term_string"}],"inLanguage":"es"},{"@type":"ImageObject","@id":"https:\/\/www.rayuelainfancia.com\/blog\/finos-rayuela-carloco-y-alicia-bululu\/#primaryimage","inLanguage":"es","url":"https:\/\/www.rayuelainfancia.com\/blog\/wp-content\/uploads\/2022\/10\/Copia-de-Copia-de-Copia-de-Copia-de-Copia-de-Copia-de-LA-FELCHA-PLATEADA.jpg","contentUrl":"https:\/\/www.rayuelainfancia.com\/blog\/wp-content\/uploads\/2022\/10\/Copia-de-Copia-de-Copia-de-Copia-de-Copia-de-Copia-de-LA-FELCHA-PLATEADA.jpg","width":750,"height":410,"caption":"FINOS RAYUELA 2022"},{"@type":"WebPage","@id":"https:\/\/www.rayuelainfancia.com\/blog\/finos-rayuela-carloco-y-alicia-bululu\/#webpage","url":"https:\/\/www.rayuelainfancia.com\/blog\/finos-rayuela-carloco-y-alicia-bululu\/","name":"FINOS EN RAYUELA: CARLOCO Y ALICIA BULUL\u00da &#8902; Blog de Rayuelainfancia","isPartOf":{"@id":"https:\/\/www.rayuelainfancia.com\/blog\/#website"},"primaryImageOfPage":{"@id":"https:\/\/www.rayuelainfancia.com\/blog\/finos-rayuela-carloco-y-alicia-bululu\/#primaryimage"},"datePublished":"2022-10-07T10:16:50+00:00","dateModified":"2023-03-30T18:30:32+00:00","description":"El s\u00e1bado 15 de Octubre a las 18:00h. te esperamos en Rayuela con de esta sesi\u00f3n del FINOS para p\u00fablico familiar de Alicia Bulul\u00fa y Carloco","breadcrumb":{"@id":"https:\/\/www.rayuelainfancia.com\/blog\/finos-rayuela-carloco-y-alicia-bululu\/#breadcrumb"},"inLanguage":"es","potentialAction":[{"@type":"ReadAction","target":["https:\/\/www.rayuelainfancia.com\/blog\/finos-rayuela-carloco-y-alicia-bululu\/"]}]},{"@type":"BreadcrumbList","@id":"https:\/\/www.rayuelainfancia.com\/blog\/finos-rayuela-carloco-y-alicia-bululu\/#breadcrumb","itemListElement":[{"@type":"ListItem","position":1,"name":"Portada","item":"https:\/\/www.rayuelainfancia.com\/blog\/"},{"@type":"ListItem","position":2,"name":"FINOS EN RAYUELA: CARLOCO Y ALICIA BULUL\u00da"}]},{"@type":"Article","@id":"https:\/\/www.rayuelainfancia.com\/blog\/finos-rayuela-carloco-y-alicia-bululu\/#article","isPartOf":{"@id":"https:\/\/www.rayuelainfancia.com\/blog\/finos-rayuela-carloco-y-alicia-bululu\/#webpage"},"author":{"@id":"https:\/\/www.rayuelainfancia.com\/blog\/#\/schema\/person\/c1aff250c5154e35f53f26d0eba10c45"},"headline":"FINOS EN RAYUELA: CARLOCO Y ALICIA BULUL\u00da","datePublished":"2022-10-07T10:16:50+00:00","dateModified":"2023-03-30T18:30:32+00:00","mainEntityOfPage":{"@id":"https:\/\/www.rayuelainfancia.com\/blog\/finos-rayuela-carloco-y-alicia-bululu\/#webpage"},"wordCount":170,"commentCount":0,"publisher":{"@id":"https:\/\/www.rayuelainfancia.com\/blog\/#organization"},"image":{"@id":"https:\/\/www.rayuelainfancia.com\/blog\/finos-rayuela-carloco-y-alicia-bululu\/#primaryimage"},"thumbnailUrl":"https:\/\/www.rayuelainfancia.com\/blog\/wp-content\/uploads\/2022\/10\/Copia-de-Copia-de-Copia-de-Copia-de-Copia-de-Copia-de-LA-FELCHA-PLATEADA.jpg","keywords":["actividades","cuentos","FINOS","infancia","narraci\u00f3n oral","sevilla"],"articleSection":["Actividades Cuentacuentos"],"inLanguage":"es","potentialAction":[{"@type":"CommentAction","name":"Comment","target":["https:\/\/www.rayuelainfancia.com\/blog\/finos-rayuela-carloco-y-alicia-bululu\/#respond"]}]},{"@type":"Person","@id":"https:\/\/www.rayuelainfancia.com\/blog\/#\/schema\/person\/c1aff250c5154e35f53f26d0eba10c45","name":"Rayuelainfancia","image":{"@type":"ImageObject","@id":"https:\/\/www.rayuelainfancia.com\/blog\/#personlogo","inLanguage":"es","url":"https:\/\/secure.gravatar.com\/avatar\/8bf03e7a4bb13ca5c7d0dc6acde2bfd1?s=96&d=mm&r=g","contentUrl":"https:\/\/secure.gravatar.com\/avatar\/8bf03e7a4bb13ca5c7d0dc6acde2bfd1?s=96&d=mm&r=g","caption":"Rayuelainfancia"}}]}},"_links":{"self":[{"href":"https:\/\/www.rayuelainfancia.com\/blog\/wp-json\/wp\/v2\/posts\/4804"}],"collection":[{"href":"https:\/\/www.rayuelainfancia.com\/blog\/wp-json\/wp\/v2\/posts"}],"about":[{"href":"https:\/\/www.rayuelainfancia.com\/blog\/wp-json\/wp\/v2\/types\/post"}],"author":[{"embeddable":true,"href":"https:\/\/www.rayuelainfancia.com\/blog\/wp-json\/wp\/v2\/users\/6"}],"replies":[{"embeddable":true,"href":"https:\/\/www.rayuelainfancia.com\/blog\/wp-json\/wp\/v2\/comments?post=4804"}],"version-history":[{"count":3,"href":"https:\/\/www.rayuelainfancia.com\/blog\/wp-json\/wp\/v2\/posts\/4804\/revisions"}],"predecessor-version":[{"id":5033,"href":"https:\/\/www.rayuelainfancia.com\/blog\/wp-json\/wp\/v2\/posts\/4804\/revisions\/5033"}],"wp:featuredmedia":[{"embeddable":true,"href":"https:\/\/www.rayuelainfancia.com\/blog\/wp-json\/wp\/v2\/media\/4808"}],"wp:attachment":[{"href":"https:\/\/www.rayuelainfancia.com\/blog\/wp-json\/wp\/v2\/media?parent=4804"}],"wp:term":[{"taxonomy":"category","embeddable":true,"href":"https:\/\/www.rayuelainfancia.com\/blog\/wp-json\/wp\/v2\/categories?post=4804"},{"taxonomy":"post_tag","embeddable":true,"href":"https:\/\/www.rayuelainfancia.com\/blog\/wp-json\/wp\/v2\/tags?post=4804"}],"curies":[{"name":"wp","href":"https:\/\/api.w.org\/{rel}","templated":true}]}}