 {"id":4795,"date":"2022-10-19T12:37:46","date_gmt":"2022-10-19T10:37:46","guid":{"rendered":"https:\/\/www.rayuelainfancia.com\/blog\/?p=4795"},"modified":"2023-03-30T20:23:31","modified_gmt":"2023-03-30T18:23:31","slug":"firmas-en-rayuela-feria-del-libro","status":"publish","type":"post","link":"https:\/\/www.rayuelainfancia.com\/blog\/firmas-en-rayuela-feria-del-libro\/","title":{"rendered":"FIRMAS EN RAYUELA FERIA DEL LIBRO [I]"},"content":{"rendered":"<p>Comienza un a\u00f1o m\u00e1s el encuentro entre los amantes de los libros y la Literatura m\u00e1s importante del a\u00f1o en la ciudad: la <strong>Feria del Libro de Sevilla<\/strong> y como cada a\u00f1o participamos organizando<strong> numerosas firmas y actividades que no te puedes perder<\/strong>.<\/p>\n<p><!--more--><\/p>\n<p>Estaremos rodeados de las mejores publicaciones y las m\u00e1s recientes joyas ilustradas (para ni\u00f1os, ni\u00f1as y otros seres curiosos) en la <span style=\"color: #993300;\"><strong>caseta n\u00famero 4<\/strong><\/span> (Rayuela-Kalandraka) en la Plaza Nueva de Sevilla. El horario es <strong>de Lunes a viernes <\/strong>de<strong> 11:00 a 14:00 y 17:00 a 21:00 h. <\/strong>y<strong> S\u00e1bados, domingos y festivos <\/strong>de <strong>11:00 a 14:30 y 17:00 a 21:00h.\u00a0<\/strong><\/p>\n<p>Tenemos preparadas muchas sorpresas, firmas y actividades as\u00ed que&#8230; \u00a1Apunta bien las fechas y no te pierdas nada!<\/p>\n<h1>Firmas primer fin de semana FLS<\/h1>\n<h2><strong>Firma Paco Ortega<\/strong><\/h2>\n<p><strong>S\u00e1bado 29 a las 11:00h.<\/strong><\/p>\n<p>Comenzamos con <strong>Paco Ortega<\/strong>, ilustrador sevillano de gran sensibilidad, que estar\u00e1 firmando su obra en la caseta n\u00famero 4 <strong>desde las 11h. de la ma\u00f1ana<\/strong>. Si conoces su obra o tienes ya alguno de sus libros, aprovecha la ocasi\u00f3n para poder charlar con \u00e9l y conocer de cerca su obra, y si a\u00fan no lo conoces&#8230; \u00a1Es el momento de hacerlo!<\/p>\n<p>&nbsp;<\/p>\n<p><img loading=\"lazy\" class=\"alignnone size-full wp-image-4809\" src=\"http:\/\/www.rayuelainfancia.com\/blog\/wp-content\/uploads\/2022\/10\/paco-ortega-1-1.jpg\" alt=\"Paco Ortega en la Feria del Libro de Sevilla\" width=\"2000\" height=\"1600\" srcset=\"https:\/\/www.rayuelainfancia.com\/blog\/wp-content\/uploads\/2022\/10\/paco-ortega-1-1.jpg 2000w, https:\/\/www.rayuelainfancia.com\/blog\/wp-content\/uploads\/2022\/10\/paco-ortega-1-1-300x240.jpg 300w, https:\/\/www.rayuelainfancia.com\/blog\/wp-content\/uploads\/2022\/10\/paco-ortega-1-1-1024x819.jpg 1024w, https:\/\/www.rayuelainfancia.com\/blog\/wp-content\/uploads\/2022\/10\/paco-ortega-1-1-768x614.jpg 768w, https:\/\/www.rayuelainfancia.com\/blog\/wp-content\/uploads\/2022\/10\/paco-ortega-1-1-1536x1229.jpg 1536w\" sizes=\"(max-width: 2000px) 100vw, 2000px\" \/><\/p>\n<h2><strong>Firma Angelina y Aurora<\/strong><\/h2>\n<p><strong>S\u00e1bado 29 a las 12:00h.<\/strong><\/p>\n<p>Una hora m\u00e1s tarde, <strong>a las 12:00h. de la ma\u00f1ana<\/strong> , contaremos con la presencia de dos autoras muy queridas, <strong>Angelina y Aurora Delgado,<\/strong> que estar\u00e1n encantadas de charlar sobre su \u00e1lbum <strong><span style=\"color: #993300;\"><a style=\"color: #993300;\" href=\"https:\/\/www.rayuelainfancia.com\/album-ilustrado\/455344-un-buen-dia.html\">Un buen d\u00eda<\/a><\/span><\/strong> \u00a1Y por supuesto te lo puedes llevar firmado! Nos vemos en la caseta n\u00famero 4 de la Feria del Libro de Sevilla.<\/p>\n<p><img loading=\"lazy\" class=\"alignnone size-full wp-image-4798\" src=\"http:\/\/www.rayuelainfancia.com\/blog\/wp-content\/uploads\/2022\/10\/Copia-de-eliacer-cansino-1.jpg\" alt=\"Firma Angelina y Aurora Delgado en la Feria del Libro de Sevilla\" width=\"2000\" height=\"1600\" srcset=\"https:\/\/www.rayuelainfancia.com\/blog\/wp-content\/uploads\/2022\/10\/Copia-de-eliacer-cansino-1.jpg 2000w, https:\/\/www.rayuelainfancia.com\/blog\/wp-content\/uploads\/2022\/10\/Copia-de-eliacer-cansino-1-300x240.jpg 300w, https:\/\/www.rayuelainfancia.com\/blog\/wp-content\/uploads\/2022\/10\/Copia-de-eliacer-cansino-1-1024x819.jpg 1024w, https:\/\/www.rayuelainfancia.com\/blog\/wp-content\/uploads\/2022\/10\/Copia-de-eliacer-cansino-1-768x614.jpg 768w, https:\/\/www.rayuelainfancia.com\/blog\/wp-content\/uploads\/2022\/10\/Copia-de-eliacer-cansino-1-1536x1229.jpg 1536w\" sizes=\"(max-width: 2000px) 100vw, 2000px\" \/><\/p>\n<h2>Firma Rodr\u00edguez Almod\u00f3var<\/h2>\n<p><strong>S\u00e1bado 29 a las 13:00h.<\/strong><\/p>\n<p>Llegamos al mediod\u00eda con la firma del conocido recopilador de cuentos <strong>Antonio Rodr\u00edguez Almod\u00f3var<\/strong>. Un a\u00f1o m\u00e1s, contamos con un rato con \u00e9l en el que estar\u00e1 firmando su obra. Seguro que a m\u00e1s de una le encanta reencontrarse con los cuentos de su infancia&#8230; \u00bfTe suenan <strong>\u00abLos cuentos de la Media Lunita\u00bb<\/strong>? P\u00e1sate por la caseta n\u00famero 4 <strong>a partir de las 13:00h.<\/strong> y no pierdas esta oportunidad.<\/p>\n<p><img loading=\"lazy\" class=\"alignnone size-full wp-image-4810\" src=\"http:\/\/www.rayuelainfancia.com\/blog\/wp-content\/uploads\/2022\/10\/rodriguez-almodovar-.jpg\" alt=\"Rodr\u00edguez Almod\u00f3var en la Feria del Libro de Sevilla\" width=\"2000\" height=\"1600\" srcset=\"https:\/\/www.rayuelainfancia.com\/blog\/wp-content\/uploads\/2022\/10\/rodriguez-almodovar-.jpg 2000w, https:\/\/www.rayuelainfancia.com\/blog\/wp-content\/uploads\/2022\/10\/rodriguez-almodovar--300x240.jpg 300w, https:\/\/www.rayuelainfancia.com\/blog\/wp-content\/uploads\/2022\/10\/rodriguez-almodovar--1024x819.jpg 1024w, https:\/\/www.rayuelainfancia.com\/blog\/wp-content\/uploads\/2022\/10\/rodriguez-almodovar--768x614.jpg 768w, https:\/\/www.rayuelainfancia.com\/blog\/wp-content\/uploads\/2022\/10\/rodriguez-almodovar--1536x1229.jpg 1536w\" sizes=\"(max-width: 2000px) 100vw, 2000px\" \/><\/p>\n<p>&nbsp;<\/p>\n<h2>Firma Neus Caama\u00f1o<\/h2>\n<p><strong>S\u00e1bado 29 a las 18:00h.<\/strong><\/p>\n<p>Ya por la tarde, despu\u00e9s de un descansito para comer, comenzamos con una firma de una ilustradora con un estilo inconfundible, cuya obra nos encanta y os invitamos a conocer (si a\u00fan no lo hab\u00e9is hecho). Se trata de <strong>Neus Caama\u00f1o<\/strong>, que estar\u00e1 presentando y firmando en la caseta n\u00famero 4 <strong>a partir de las 18:00h.\u00a0<\/strong><\/p>\n<p><img loading=\"lazy\" class=\"alignnone wp-image-4811 size-full\" src=\"http:\/\/www.rayuelainfancia.com\/blog\/wp-content\/uploads\/2022\/10\/neus-caamano.jpg\" alt=\"Neus Caama\u00f1o \" width=\"2000\" height=\"1600\" srcset=\"https:\/\/www.rayuelainfancia.com\/blog\/wp-content\/uploads\/2022\/10\/neus-caamano.jpg 2000w, https:\/\/www.rayuelainfancia.com\/blog\/wp-content\/uploads\/2022\/10\/neus-caamano-300x240.jpg 300w, https:\/\/www.rayuelainfancia.com\/blog\/wp-content\/uploads\/2022\/10\/neus-caamano-1024x819.jpg 1024w, https:\/\/www.rayuelainfancia.com\/blog\/wp-content\/uploads\/2022\/10\/neus-caamano-768x614.jpg 768w, https:\/\/www.rayuelainfancia.com\/blog\/wp-content\/uploads\/2022\/10\/neus-caamano-1536x1229.jpg 1536w\" sizes=\"(max-width: 2000px) 100vw, 2000px\" \/><\/p>\n<h2>Firma Desir\u00e9e Acevedo<\/h2>\n<p><strong>S\u00e1bado 29 a las 19:00h.<\/strong><\/p>\n<p>Terminamos el s\u00e1bado con <strong>Desir\u00e9e Acevedo<\/strong> que estar\u00e1 firmando algunos de sus \u00faltimos libros, con tanto cari\u00f1o como siempre. Ser\u00e1 <strong>a partir de las 19:00h<\/strong>. en la caseta 4. Un momento perfecto para que Desir\u00e9e te firme su obra y para conocer algunos de sus cuentos m\u00e1s novedosos \u00a1No te lo pierdas!<\/p>\n<p><img loading=\"lazy\" class=\"alignnone size-full wp-image-4821\" src=\"http:\/\/www.rayuelainfancia.com\/blog\/wp-content\/uploads\/2022\/10\/Copia-de-eliacer-cansino-5.jpg\" alt=\"\" width=\"2000\" height=\"1600\" srcset=\"https:\/\/www.rayuelainfancia.com\/blog\/wp-content\/uploads\/2022\/10\/Copia-de-eliacer-cansino-5.jpg 2000w, https:\/\/www.rayuelainfancia.com\/blog\/wp-content\/uploads\/2022\/10\/Copia-de-eliacer-cansino-5-300x240.jpg 300w, https:\/\/www.rayuelainfancia.com\/blog\/wp-content\/uploads\/2022\/10\/Copia-de-eliacer-cansino-5-1024x819.jpg 1024w, https:\/\/www.rayuelainfancia.com\/blog\/wp-content\/uploads\/2022\/10\/Copia-de-eliacer-cansino-5-768x614.jpg 768w, https:\/\/www.rayuelainfancia.com\/blog\/wp-content\/uploads\/2022\/10\/Copia-de-eliacer-cansino-5-1536x1229.jpg 1536w\" sizes=\"(max-width: 2000px) 100vw, 2000px\" \/><\/p>\n<h2><strong>Firma Silvia \u00c1lvarez y Miguel \u00c1ngel<\/strong><\/h2>\n<p><strong>Domingo 30 a las 12:00h.\u00a0<\/strong><\/p>\n<p>El domingo comenzamos con una firma doble: <strong>Miguel \u00c1ngel S\u00e1ez<\/strong>, autor del genial c\u00f3mic <span style=\"color: #993300;\"><strong><a style=\"color: #993300;\" href=\"https:\/\/www.rayuelainfancia.com\/primeros-lectores-5\/306018-leo-y-lisa-mas-alla-ciudad-unica.html\">\u00abLeo y Lisa, m\u00e1s all\u00e1 de la ciudad \u00fanica\u00bb<\/a><\/strong><\/span> estar\u00e1 firmando su libro junto a <strong>Silvia \u00c1lvarez<\/strong>, ilustradora con numerosos cuentos publicados que estar\u00e1 firmando tambi\u00e9n en la caseta n\u00famero 4 <strong>a partir de las 12:00h.\u00a0<\/strong><\/p>\n<p><img loading=\"lazy\" class=\"alignnone wp-image-4812 size-full\" src=\"http:\/\/www.rayuelainfancia.com\/blog\/wp-content\/uploads\/2022\/10\/eliacer-cansino-3.jpg\" alt=\"Silvia \u00c1lvarez y Miguel \u00c1ngel S\u00e1ez \" width=\"2000\" height=\"1600\" srcset=\"https:\/\/www.rayuelainfancia.com\/blog\/wp-content\/uploads\/2022\/10\/eliacer-cansino-3.jpg 2000w, https:\/\/www.rayuelainfancia.com\/blog\/wp-content\/uploads\/2022\/10\/eliacer-cansino-3-300x240.jpg 300w, https:\/\/www.rayuelainfancia.com\/blog\/wp-content\/uploads\/2022\/10\/eliacer-cansino-3-1024x819.jpg 1024w, https:\/\/www.rayuelainfancia.com\/blog\/wp-content\/uploads\/2022\/10\/eliacer-cansino-3-768x614.jpg 768w, https:\/\/www.rayuelainfancia.com\/blog\/wp-content\/uploads\/2022\/10\/eliacer-cansino-3-1536x1229.jpg 1536w\" sizes=\"(max-width: 2000px) 100vw, 2000px\" \/><\/p>\n<h2>Taller de la basura al juguete<\/h2>\n<p><strong>Domingo 30 a las 13:00h.\u00a0<\/strong><\/p>\n<p><span style=\"color: #993300;\"><strong>Espacio \u00c9rase de la Feria del Libro de Sevilla<\/strong><\/span><\/p>\n<p>Y un poquito m\u00e1s tarde,<strong> a las 13:00h.<\/strong>, ser\u00e1 Miguel \u00c1ngel el encargado de conducir este taller inspirado en el c\u00f3mic de Leo y Lisa. Un<strong> taller de reciclaje creativo<\/strong> para crear personajes incre\u00edbles con materiales de deshecho. \u00a1No te lo pierdas! \u00a1Va a ser genial!<\/p>\n<p><img loading=\"lazy\" class=\"alignnone size-full wp-image-4813\" src=\"http:\/\/www.rayuelainfancia.com\/blog\/wp-content\/uploads\/2022\/10\/TALLER.jpg\" alt=\"Taller de la basura al juguete\" width=\"2000\" height=\"1600\" srcset=\"https:\/\/www.rayuelainfancia.com\/blog\/wp-content\/uploads\/2022\/10\/TALLER.jpg 2000w, https:\/\/www.rayuelainfancia.com\/blog\/wp-content\/uploads\/2022\/10\/TALLER-300x240.jpg 300w, https:\/\/www.rayuelainfancia.com\/blog\/wp-content\/uploads\/2022\/10\/TALLER-1024x819.jpg 1024w, https:\/\/www.rayuelainfancia.com\/blog\/wp-content\/uploads\/2022\/10\/TALLER-768x614.jpg 768w, https:\/\/www.rayuelainfancia.com\/blog\/wp-content\/uploads\/2022\/10\/TALLER-1536x1229.jpg 1536w\" sizes=\"(max-width: 2000px) 100vw, 2000px\" \/><\/p>\n<p>&nbsp;<\/p>\n<p>Estas firmas y actividad han sido organizadas por Rayuelainfancia, gracias a la colaboraci\u00f3n del ICAS.<\/p>\n<p><img loading=\"lazy\" class=\"alignnone wp-image-4571\" src=\"http:\/\/www.rayuelainfancia.com\/blog\/wp-content\/uploads\/2021\/11\/logo_ICAS-1.png\" alt=\"\" width=\"271\" height=\"88\" srcset=\"https:\/\/www.rayuelainfancia.com\/blog\/wp-content\/uploads\/2021\/11\/logo_ICAS-1.png 1000w, https:\/\/www.rayuelainfancia.com\/blog\/wp-content\/uploads\/2021\/11\/logo_ICAS-1-300x98.png 300w, https:\/\/www.rayuelainfancia.com\/blog\/wp-content\/uploads\/2021\/11\/logo_ICAS-1-768x250.png 768w\" sizes=\"(max-width: 271px) 100vw, 271px\" \/><\/p>\n<p>&nbsp;<\/p>\n","protected":false},"excerpt":{"rendered":"<p>Comienza un a\u00f1o m\u00e1s el encuentro entre los amantes de los libros y la Literatura m\u00e1s importante del a\u00f1o en la ciudad: la Feria del Libro de Sevilla y como cada a\u00f1o participamos organizando numerosas firmas y actividades que no te puedes perder.<\/p>\n","protected":false},"author":6,"featured_media":4818,"comment_status":"open","ping_status":"open","sticky":false,"template":"","format":"standard","meta":[],"categories":[18,21],"tags":[],"yoast_head":"<!-- This site is optimized with the Yoast SEO plugin v18.5.1 - https:\/\/yoast.com\/wordpress\/plugins\/seo\/ -->\n<title>FIRMAS EN RAYUELA FERIA DEL LIBRO [I] &#8902; Blog de Rayuelainfancia<\/title>\n<meta name=\"description\" content=\"Comienza un a\u00f1o m\u00e1s la Feria del Libro de Sevilla y participamos organizando numerosas firmas y actividades a las que no puedes faltar\" \/>\n<meta name=\"robots\" content=\"index, follow, max-snippet:-1, max-image-preview:large, max-video-preview:-1\" \/>\n<link rel=\"canonical\" href=\"https:\/\/www.rayuelainfancia.com\/blog\/firmas-en-rayuela-feria-del-libro\/\" \/>\n<meta property=\"og:locale\" content=\"es_ES\" \/>\n<meta property=\"og:type\" content=\"article\" \/>\n<meta property=\"og:title\" content=\"FIRMAS EN RAYUELA FERIA DEL LIBRO [I] &#8902; Blog de Rayuelainfancia\" \/>\n<meta property=\"og:description\" content=\"Comienza un a\u00f1o m\u00e1s la Feria del Libro de Sevilla y participamos organizando numerosas firmas y actividades a las que no puedes faltar\" \/>\n<meta property=\"og:url\" content=\"https:\/\/www.rayuelainfancia.com\/blog\/firmas-en-rayuela-feria-del-libro\/\" \/>\n<meta property=\"og:site_name\" content=\"Blog de Rayuelainfancia\" \/>\n<meta property=\"article:publisher\" content=\"https:\/\/www.facebook.com\/pages\/Librer\u00eda-Rayuela\/251861686361\" \/>\n<meta property=\"article:published_time\" content=\"2022-10-19T10:37:46+00:00\" \/>\n<meta property=\"article:modified_time\" content=\"2023-03-30T18:23:31+00:00\" \/>\n<meta property=\"og:image\" content=\"http:\/\/www.rayuelainfancia.com\/blog\/wp-content\/uploads\/2022\/10\/primer-finde-en-blanco.jpg\" \/>\n\t<meta property=\"og:image:width\" content=\"750\" \/>\n\t<meta property=\"og:image:height\" content=\"410\" \/>\n\t<meta property=\"og:image:type\" content=\"image\/jpeg\" \/>\n<meta name=\"twitter:card\" content=\"summary\" \/>\n<meta name=\"twitter:creator\" content=\"@Rayuelainfancia\" \/>\n<meta name=\"twitter:site\" content=\"@Rayuelainfancia\" \/>\n<meta name=\"twitter:label1\" content=\"Written by\" \/>\n\t<meta name=\"twitter:data1\" content=\"Rayuelainfancia\" \/>\n\t<meta name=\"twitter:label2\" content=\"Est. reading time\" \/>\n\t<meta name=\"twitter:data2\" content=\"5 minutos\" \/>\n<script type=\"application\/ld+json\" class=\"yoast-schema-graph\">{\"@context\":\"https:\/\/schema.org\",\"@graph\":[{\"@type\":\"Organization\",\"@id\":\"https:\/\/www.rayuelainfancia.com\/blog\/#organization\",\"name\":\"Rayuelainfancia\",\"url\":\"https:\/\/www.rayuelainfancia.com\/blog\/\",\"sameAs\":[\"https:\/\/www.facebook.com\/pages\/Librer\u00eda-Rayuela\/251861686361\",\"https:\/\/www.youtube.com\/channel\/UCddVaoDjpTp-DexyEVoyazQ\",\"https:\/\/twitter.com\/Rayuelainfancia\"],\"logo\":{\"@type\":\"ImageObject\",\"@id\":\"https:\/\/www.rayuelainfancia.com\/blog\/#logo\",\"inLanguage\":\"es\",\"url\":\"https:\/\/www.rayuelainfancia.com\/blog\/wp-content\/uploads\/2018\/06\/logo-rayuelainfancia-color-corporativo.png\",\"contentUrl\":\"https:\/\/www.rayuelainfancia.com\/blog\/wp-content\/uploads\/2018\/06\/logo-rayuelainfancia-color-corporativo.png\",\"width\":1200,\"height\":680,\"caption\":\"Rayuelainfancia\"},\"image\":{\"@id\":\"https:\/\/www.rayuelainfancia.com\/blog\/#logo\"}},{\"@type\":\"WebSite\",\"@id\":\"https:\/\/www.rayuelainfancia.com\/blog\/#website\",\"url\":\"https:\/\/www.rayuelainfancia.com\/blog\/\",\"name\":\"Blog de Rayuelainfancia\",\"description\":\"Libros infantiles y juegos educaticos respestuosos con la infancia\",\"publisher\":{\"@id\":\"https:\/\/www.rayuelainfancia.com\/blog\/#organization\"},\"potentialAction\":[{\"@type\":\"SearchAction\",\"target\":{\"@type\":\"EntryPoint\",\"urlTemplate\":\"https:\/\/www.rayuelainfancia.com\/blog\/?s={search_term_string}\"},\"query-input\":\"required name=search_term_string\"}],\"inLanguage\":\"es\"},{\"@type\":\"ImageObject\",\"@id\":\"https:\/\/www.rayuelainfancia.com\/blog\/firmas-en-rayuela-feria-del-libro\/#primaryimage\",\"inLanguage\":\"es\",\"url\":\"https:\/\/www.rayuelainfancia.com\/blog\/wp-content\/uploads\/2022\/10\/primer-finde-en-blanco.jpg\",\"contentUrl\":\"https:\/\/www.rayuelainfancia.com\/blog\/wp-content\/uploads\/2022\/10\/primer-finde-en-blanco.jpg\",\"width\":750,\"height\":410},{\"@type\":\"WebPage\",\"@id\":\"https:\/\/www.rayuelainfancia.com\/blog\/firmas-en-rayuela-feria-del-libro\/#webpage\",\"url\":\"https:\/\/www.rayuelainfancia.com\/blog\/firmas-en-rayuela-feria-del-libro\/\",\"name\":\"FIRMAS EN RAYUELA FERIA DEL LIBRO [I] &#8902; Blog de Rayuelainfancia\",\"isPartOf\":{\"@id\":\"https:\/\/www.rayuelainfancia.com\/blog\/#website\"},\"primaryImageOfPage\":{\"@id\":\"https:\/\/www.rayuelainfancia.com\/blog\/firmas-en-rayuela-feria-del-libro\/#primaryimage\"},\"datePublished\":\"2022-10-19T10:37:46+00:00\",\"dateModified\":\"2023-03-30T18:23:31+00:00\",\"description\":\"Comienza un a\u00f1o m\u00e1s la Feria del Libro de Sevilla y participamos organizando numerosas firmas y actividades a las que no puedes faltar\",\"breadcrumb\":{\"@id\":\"https:\/\/www.rayuelainfancia.com\/blog\/firmas-en-rayuela-feria-del-libro\/#breadcrumb\"},\"inLanguage\":\"es\",\"potentialAction\":[{\"@type\":\"ReadAction\",\"target\":[\"https:\/\/www.rayuelainfancia.com\/blog\/firmas-en-rayuela-feria-del-libro\/\"]}]},{\"@type\":\"BreadcrumbList\",\"@id\":\"https:\/\/www.rayuelainfancia.com\/blog\/firmas-en-rayuela-feria-del-libro\/#breadcrumb\",\"itemListElement\":[{\"@type\":\"ListItem\",\"position\":1,\"name\":\"Portada\",\"item\":\"https:\/\/www.rayuelainfancia.com\/blog\/\"},{\"@type\":\"ListItem\",\"position\":2,\"name\":\"FIRMAS EN RAYUELA FERIA DEL LIBRO [I]\"}]},{\"@type\":\"Article\",\"@id\":\"https:\/\/www.rayuelainfancia.com\/blog\/firmas-en-rayuela-feria-del-libro\/#article\",\"isPartOf\":{\"@id\":\"https:\/\/www.rayuelainfancia.com\/blog\/firmas-en-rayuela-feria-del-libro\/#webpage\"},\"author\":{\"@id\":\"https:\/\/www.rayuelainfancia.com\/blog\/#\/schema\/person\/c1aff250c5154e35f53f26d0eba10c45\"},\"headline\":\"FIRMAS EN RAYUELA FERIA DEL LIBRO [I]\",\"datePublished\":\"2022-10-19T10:37:46+00:00\",\"dateModified\":\"2023-03-30T18:23:31+00:00\",\"mainEntityOfPage\":{\"@id\":\"https:\/\/www.rayuelainfancia.com\/blog\/firmas-en-rayuela-feria-del-libro\/#webpage\"},\"wordCount\":649,\"commentCount\":0,\"publisher\":{\"@id\":\"https:\/\/www.rayuelainfancia.com\/blog\/#organization\"},\"image\":{\"@id\":\"https:\/\/www.rayuelainfancia.com\/blog\/firmas-en-rayuela-feria-del-libro\/#primaryimage\"},\"thumbnailUrl\":\"https:\/\/www.rayuelainfancia.com\/blog\/wp-content\/uploads\/2022\/10\/primer-finde-en-blanco.jpg\",\"articleSection\":[\"Actividades Cuentacuentos\",\"Literatura Infantil\"],\"inLanguage\":\"es\",\"potentialAction\":[{\"@type\":\"CommentAction\",\"name\":\"Comment\",\"target\":[\"https:\/\/www.rayuelainfancia.com\/blog\/firmas-en-rayuela-feria-del-libro\/#respond\"]}]},{\"@type\":\"Person\",\"@id\":\"https:\/\/www.rayuelainfancia.com\/blog\/#\/schema\/person\/c1aff250c5154e35f53f26d0eba10c45\",\"name\":\"Rayuelainfancia\",\"image\":{\"@type\":\"ImageObject\",\"@id\":\"https:\/\/www.rayuelainfancia.com\/blog\/#personlogo\",\"inLanguage\":\"es\",\"url\":\"https:\/\/secure.gravatar.com\/avatar\/8bf03e7a4bb13ca5c7d0dc6acde2bfd1?s=96&d=mm&r=g\",\"contentUrl\":\"https:\/\/secure.gravatar.com\/avatar\/8bf03e7a4bb13ca5c7d0dc6acde2bfd1?s=96&d=mm&r=g\",\"caption\":\"Rayuelainfancia\"}}]}<\/script>\n<!-- \/ Yoast SEO plugin. -->","yoast_head_json":{"title":"FIRMAS EN RAYUELA FERIA DEL LIBRO [I] &#8902; Blog de Rayuelainfancia","description":"Comienza un a\u00f1o m\u00e1s la Feria del Libro de Sevilla y participamos organizando numerosas firmas y actividades a las que no puedes faltar","robots":{"index":"index","follow":"follow","max-snippet":"max-snippet:-1","max-image-preview":"max-image-preview:large","max-video-preview":"max-video-preview:-1"},"canonical":"https:\/\/www.rayuelainfancia.com\/blog\/firmas-en-rayuela-feria-del-libro\/","og_locale":"es_ES","og_type":"article","og_title":"FIRMAS EN RAYUELA FERIA DEL LIBRO [I] &#8902; Blog de Rayuelainfancia","og_description":"Comienza un a\u00f1o m\u00e1s la Feria del Libro de Sevilla y participamos organizando numerosas firmas y actividades a las que no puedes faltar","og_url":"https:\/\/www.rayuelainfancia.com\/blog\/firmas-en-rayuela-feria-del-libro\/","og_site_name":"Blog de Rayuelainfancia","article_publisher":"https:\/\/www.facebook.com\/pages\/Librer\u00eda-Rayuela\/251861686361","article_published_time":"2022-10-19T10:37:46+00:00","article_modified_time":"2023-03-30T18:23:31+00:00","og_image":[{"width":750,"height":410,"url":"http:\/\/www.rayuelainfancia.com\/blog\/wp-content\/uploads\/2022\/10\/primer-finde-en-blanco.jpg","type":"image\/jpeg"}],"twitter_card":"summary","twitter_creator":"@Rayuelainfancia","twitter_site":"@Rayuelainfancia","twitter_misc":{"Written by":"Rayuelainfancia","Est. reading time":"5 minutos"},"schema":{"@context":"https:\/\/schema.org","@graph":[{"@type":"Organization","@id":"https:\/\/www.rayuelainfancia.com\/blog\/#organization","name":"Rayuelainfancia","url":"https:\/\/www.rayuelainfancia.com\/blog\/","sameAs":["https:\/\/www.facebook.com\/pages\/Librer\u00eda-Rayuela\/251861686361","https:\/\/www.youtube.com\/channel\/UCddVaoDjpTp-DexyEVoyazQ","https:\/\/twitter.com\/Rayuelainfancia"],"logo":{"@type":"ImageObject","@id":"https:\/\/www.rayuelainfancia.com\/blog\/#logo","inLanguage":"es","url":"https:\/\/www.rayuelainfancia.com\/blog\/wp-content\/uploads\/2018\/06\/logo-rayuelainfancia-color-corporativo.png","contentUrl":"https:\/\/www.rayuelainfancia.com\/blog\/wp-content\/uploads\/2018\/06\/logo-rayuelainfancia-color-corporativo.png","width":1200,"height":680,"caption":"Rayuelainfancia"},"image":{"@id":"https:\/\/www.rayuelainfancia.com\/blog\/#logo"}},{"@type":"WebSite","@id":"https:\/\/www.rayuelainfancia.com\/blog\/#website","url":"https:\/\/www.rayuelainfancia.com\/blog\/","name":"Blog de Rayuelainfancia","description":"Libros infantiles y juegos educaticos respestuosos con la infancia","publisher":{"@id":"https:\/\/www.rayuelainfancia.com\/blog\/#organization"},"potentialAction":[{"@type":"SearchAction","target":{"@type":"EntryPoint","urlTemplate":"https:\/\/www.rayuelainfancia.com\/blog\/?s={search_term_string}"},"query-input":"required name=search_term_string"}],"inLanguage":"es"},{"@type":"ImageObject","@id":"https:\/\/www.rayuelainfancia.com\/blog\/firmas-en-rayuela-feria-del-libro\/#primaryimage","inLanguage":"es","url":"https:\/\/www.rayuelainfancia.com\/blog\/wp-content\/uploads\/2022\/10\/primer-finde-en-blanco.jpg","contentUrl":"https:\/\/www.rayuelainfancia.com\/blog\/wp-content\/uploads\/2022\/10\/primer-finde-en-blanco.jpg","width":750,"height":410},{"@type":"WebPage","@id":"https:\/\/www.rayuelainfancia.com\/blog\/firmas-en-rayuela-feria-del-libro\/#webpage","url":"https:\/\/www.rayuelainfancia.com\/blog\/firmas-en-rayuela-feria-del-libro\/","name":"FIRMAS EN RAYUELA FERIA DEL LIBRO [I] &#8902; Blog de Rayuelainfancia","isPartOf":{"@id":"https:\/\/www.rayuelainfancia.com\/blog\/#website"},"primaryImageOfPage":{"@id":"https:\/\/www.rayuelainfancia.com\/blog\/firmas-en-rayuela-feria-del-libro\/#primaryimage"},"datePublished":"2022-10-19T10:37:46+00:00","dateModified":"2023-03-30T18:23:31+00:00","description":"Comienza un a\u00f1o m\u00e1s la Feria del Libro de Sevilla y participamos organizando numerosas firmas y actividades a las que no puedes faltar","breadcrumb":{"@id":"https:\/\/www.rayuelainfancia.com\/blog\/firmas-en-rayuela-feria-del-libro\/#breadcrumb"},"inLanguage":"es","potentialAction":[{"@type":"ReadAction","target":["https:\/\/www.rayuelainfancia.com\/blog\/firmas-en-rayuela-feria-del-libro\/"]}]},{"@type":"BreadcrumbList","@id":"https:\/\/www.rayuelainfancia.com\/blog\/firmas-en-rayuela-feria-del-libro\/#breadcrumb","itemListElement":[{"@type":"ListItem","position":1,"name":"Portada","item":"https:\/\/www.rayuelainfancia.com\/blog\/"},{"@type":"ListItem","position":2,"name":"FIRMAS EN RAYUELA FERIA DEL LIBRO [I]"}]},{"@type":"Article","@id":"https:\/\/www.rayuelainfancia.com\/blog\/firmas-en-rayuela-feria-del-libro\/#article","isPartOf":{"@id":"https:\/\/www.rayuelainfancia.com\/blog\/firmas-en-rayuela-feria-del-libro\/#webpage"},"author":{"@id":"https:\/\/www.rayuelainfancia.com\/blog\/#\/schema\/person\/c1aff250c5154e35f53f26d0eba10c45"},"headline":"FIRMAS EN RAYUELA FERIA DEL LIBRO [I]","datePublished":"2022-10-19T10:37:46+00:00","dateModified":"2023-03-30T18:23:31+00:00","mainEntityOfPage":{"@id":"https:\/\/www.rayuelainfancia.com\/blog\/firmas-en-rayuela-feria-del-libro\/#webpage"},"wordCount":649,"commentCount":0,"publisher":{"@id":"https:\/\/www.rayuelainfancia.com\/blog\/#organization"},"image":{"@id":"https:\/\/www.rayuelainfancia.com\/blog\/firmas-en-rayuela-feria-del-libro\/#primaryimage"},"thumbnailUrl":"https:\/\/www.rayuelainfancia.com\/blog\/wp-content\/uploads\/2022\/10\/primer-finde-en-blanco.jpg","articleSection":["Actividades Cuentacuentos","Literatura Infantil"],"inLanguage":"es","potentialAction":[{"@type":"CommentAction","name":"Comment","target":["https:\/\/www.rayuelainfancia.com\/blog\/firmas-en-rayuela-feria-del-libro\/#respond"]}]},{"@type":"Person","@id":"https:\/\/www.rayuelainfancia.com\/blog\/#\/schema\/person\/c1aff250c5154e35f53f26d0eba10c45","name":"Rayuelainfancia","image":{"@type":"ImageObject","@id":"https:\/\/www.rayuelainfancia.com\/blog\/#personlogo","inLanguage":"es","url":"https:\/\/secure.gravatar.com\/avatar\/8bf03e7a4bb13ca5c7d0dc6acde2bfd1?s=96&d=mm&r=g","contentUrl":"https:\/\/secure.gravatar.com\/avatar\/8bf03e7a4bb13ca5c7d0dc6acde2bfd1?s=96&d=mm&r=g","caption":"Rayuelainfancia"}}]}},"_links":{"self":[{"href":"https:\/\/www.rayuelainfancia.com\/blog\/wp-json\/wp\/v2\/posts\/4795"}],"collection":[{"href":"https:\/\/www.rayuelainfancia.com\/blog\/wp-json\/wp\/v2\/posts"}],"about":[{"href":"https:\/\/www.rayuelainfancia.com\/blog\/wp-json\/wp\/v2\/types\/post"}],"author":[{"embeddable":true,"href":"https:\/\/www.rayuelainfancia.com\/blog\/wp-json\/wp\/v2\/users\/6"}],"replies":[{"embeddable":true,"href":"https:\/\/www.rayuelainfancia.com\/blog\/wp-json\/wp\/v2\/comments?post=4795"}],"version-history":[{"count":12,"href":"https:\/\/www.rayuelainfancia.com\/blog\/wp-json\/wp\/v2\/posts\/4795\/revisions"}],"predecessor-version":[{"id":5030,"href":"https:\/\/www.rayuelainfancia.com\/blog\/wp-json\/wp\/v2\/posts\/4795\/revisions\/5030"}],"wp:featuredmedia":[{"embeddable":true,"href":"https:\/\/www.rayuelainfancia.com\/blog\/wp-json\/wp\/v2\/media\/4818"}],"wp:attachment":[{"href":"https:\/\/www.rayuelainfancia.com\/blog\/wp-json\/wp\/v2\/media?parent=4795"}],"wp:term":[{"taxonomy":"category","embeddable":true,"href":"https:\/\/www.rayuelainfancia.com\/blog\/wp-json\/wp\/v2\/categories?post=4795"},{"taxonomy":"post_tag","embeddable":true,"href":"https:\/\/www.rayuelainfancia.com\/blog\/wp-json\/wp\/v2\/tags?post=4795"}],"curies":[{"name":"wp","href":"https:\/\/api.w.org\/{rel}","templated":true}]}}