 {"id":4786,"date":"2022-09-16T13:10:36","date_gmt":"2022-09-16T11:10:36","guid":{"rendered":"https:\/\/www.rayuelainfancia.com\/blog\/?p=4786"},"modified":"2022-09-30T10:33:40","modified_gmt":"2022-09-30T08:33:40","slug":"las-afinidades-electivas-charo-pita-y-pepe-maestro","status":"publish","type":"post","link":"https:\/\/www.rayuelainfancia.com\/blog\/las-afinidades-electivas-charo-pita-y-pepe-maestro\/","title":{"rendered":"LAS AFINIDADES ELECTIVAS: CHARO PITA Y PEPE MAESTRO"},"content":{"rendered":"<p>El <strong>jueves 29 de Septiembre<\/strong> no faltes a esta cita en Rayuela. Te esperamos a las 20:00h. para disfrutar de este encuentro \u00abLas afinidades electivas\u00bb con <strong>Charo Pita y Pepe Maestro<\/strong>, dos maravillosos<strong> autores y narradores orales<\/strong> \u00a1Te encantar\u00e1! <!--more--><\/p>\n<h1>Las afinidades electivas: Charo Pita y Pepe Maestro<\/h1>\n<p>Si te interesa la Literatura Infantil, eres autor, autora, narrador, editora, ilustrador o sencillamente te apasiona el mundo de los libros y las historias, no faltes a este encuentro. Te agradecemos que confirmes tu asistencia\u00a0mediante <strong>Whatsapp<\/strong> escribiendo al <strong>n\u00famero 601194563<\/strong> (\u00a1Tambi\u00e9n puedes dec\u00edrnoslo en persona en la librer\u00eda!). De esta manera podremos preparar mejor la actividad conociendo el aforo. \u00a1Te esperamos!<\/p>\n<p>Un encuentro muy especial entre <strong>dos autores de libros infantiles y juveniles<\/strong>. Charo viene desde Galicia y Pepe, desde C\u00e1diz y ambos <span style=\"font-family: Cambria, serif;\">se conocieron como <strong>narradores orales<\/strong>. Dada esta afinidad, la propuesta de un encuentro entre ambos posee la cualidad de abarcar un<strong> amplio espectro tem\u00e1tico de reflexi\u00f3n. <\/strong>Charo y Pepe abordar\u00e1n \u00a0las relaciones y diferencias entre la literatura oral y la escrita, qu\u00e9 caracteriza la escritura infantil, c\u00f3mo abordar la creaci\u00f3n de una historia (\u00e1lbum ilustrado, cuento, novela, poes\u00eda&#8230;)<\/span><\/p>\n<p>&nbsp;<\/p>\n<p><img loading=\"lazy\" class=\"wp-image-4789 aligncenter\" src=\"http:\/\/www.rayuelainfancia.com\/blog\/wp-content\/uploads\/2022\/09\/cartel.png\" alt=\"LAS AFINIDADES ELECTIVAS EN RAYUELA \" width=\"605\" height=\"856\" srcset=\"https:\/\/www.rayuelainfancia.com\/blog\/wp-content\/uploads\/2022\/09\/cartel.png 1414w, https:\/\/www.rayuelainfancia.com\/blog\/wp-content\/uploads\/2022\/09\/cartel-212x300.png 212w, https:\/\/www.rayuelainfancia.com\/blog\/wp-content\/uploads\/2022\/09\/cartel-724x1024.png 724w, https:\/\/www.rayuelainfancia.com\/blog\/wp-content\/uploads\/2022\/09\/cartel-768x1086.png 768w, https:\/\/www.rayuelainfancia.com\/blog\/wp-content\/uploads\/2022\/09\/cartel-1086x1536.png 1086w\" sizes=\"(max-width: 605px) 100vw, 605px\" \/><\/p>\n<p>&nbsp;<\/p>\n<p><span style=\"font-family: Cambria, serif;\">Puesto que las lenguas que vehiculan su escritura son distintas (el castellano para \u00e9l, el gallego, para ella) este encuentro ofrecer\u00e1 a los asistentes una <strong>visi\u00f3n m\u00e1s amplia de la creaci\u00f3n literaria.<\/strong> Sus semejanzas y conexiones, sus divergencias\u2026 un di\u00e1logo en definitiva entre sus voces, sus lenguas, sus obras.<\/span><\/p>\n<p><span style=\"font-family: Cambria, serif;\"> Una actividad interesante <strong>para educadores, bibliotecarios, madres, padres y creadores de la literatura infantil y juvenil<\/strong>, cuya realizaci\u00f3n est\u00e1 asegurada gracias al programa del Ministerio de Cultura <strong><a href=\"https:\/\/www.culturaydeporte.gob.es\/actualidad\/2022\/06\/220622-afinidades-electivas.html\">Las Afinidades Electivas<\/a>.\u00a0<\/strong><\/span><\/p>\n<h2 align=\"JUSTIFY\">Sobre Charo Pita<\/h2>\n<p align=\"JUSTIFY\"><span style=\"font-family: Cambria, serif;\"><span style=\"font-size: medium;\"><b>Charo Pita <\/b><\/span><span style=\"font-size: medium;\">es Licenciada en Filolog\u00eda Hisp\u00e1nica por la Universidad de Salamanca y estudi\u00f3 teatro bajo la direcci\u00f3n de Theodor Smeu Stermin, Carlos \u00c1lvarez-Osorio y Alberto Cabarcos en la Escuela Santart.<\/span><\/span><\/p>\n<p align=\"JUSTIFY\"><span style=\"font-family: Cambria, serif;\"><span style=\"font-size: medium;\"> Lleva narrando historias desde hace casi 30 a\u00f1os por toda la Pen\u00ednsula y Europa, relatos tanto de tradici\u00f3n oral como de creaci\u00f3n propia. Los cuentos le dieron experiencias inolvidables. Viaj\u00f3 por ejemplo, a las universidades de <\/span><span style=\"font-size: medium;\"><span lang=\"gl-ES\">Trier, T\u00fcbingen, Berl\u00edn y Varsovia con el fin de contar historias <\/span><\/span><span style=\"font-size: medium;\">en gallego a estudiantes alemanes y polacos de galaicoportugu\u00e9s.<\/span><\/span><\/p>\n<p align=\"JUSTIFY\"><span style=\"font-family: Cambria, serif;\"><span style=\"font-size: medium;\"> Despu\u00e9s vinieron los libros. Su primer impulso fue po\u00e9tico. En 2001 gan\u00f3 el Premio Espiral Maior de poes\u00eda en lengua gallega con el libro <\/span><span style=\"font-size: medium;\"><i>Desde Arcadia para Govinda<\/i><\/span><span style=\"font-size: medium;\">, que se edit\u00f3 en el a\u00f1o 2002. No tardaron en aparecer los libros infantiles, entre ellos una novela y un libro de poemas musicados. P<\/span><span style=\"font-size: medium;\">ara el \u00faltimo trimestre del a\u00f1o llegar\u00e1 a las librer\u00edas un nuevo \u00e1lbum ilustrado de la editorial OQO titulado<em> Valentina e o monstro da media cara.<\/em><\/span><\/span><\/p>\n<p align=\"JUSTIFY\"><span style=\"font-family: Cambria, serif;\"><span style=\"font-size: medium;\">Como dice Charo Pita:<\/span><\/span><\/p>\n<blockquote><p><span style=\"font-family: Cambria, serif;\"><span style=\"font-size: medium;\">Nac\u00ed a la edad de seis a\u00f1os cuando termin\u00e9 de leer mi primer libro. Desde ese d\u00eda mi edad se ha ido adaptando hasta hacerme sentir contempor\u00e1nea de todo el mundo.<\/span><\/span><\/p>\n<p align=\"JUSTIFY\"><span style=\"font-family: Cambria, serif;\"><span style=\"font-size: medium;\">Resulta dif\u00edcil decir algo sobre m\u00ed salvo que siempre estoy a medio camino: ni ni\u00f1a ni adulta, ni gorda ni flaca, ni rubia ni morena, ni india ni vaquera, ni de aqu\u00ed ni de all\u00ed, una salvaje apacible, entre el polvo del viaje y la modorra de una butaca vieja, unas veces con la palabra en la boca, otras con la m\u00fasica&#8230;<\/span><\/span><\/p>\n<\/blockquote>\n<h2><span style=\"font-family: Cambria, serif;\"><span style=\"font-size: medium;\">Sobre Pepe Maestro\u00a0<\/span><\/span><\/h2>\n<p align=\"JUSTIFY\"><span style=\"font-family: Cambria, serif;\"><b>Pepe Maestro<\/b> es autor de<b> <\/b><span style=\"font-size: medium;\">literatura infantil y juvenil <\/span>habiendo publicado ya m\u00e1s de cuarenta obras. Su pasi\u00f3n por el<span style=\"font-size: medium;\"> teatro<\/span><b> <\/b>le hizo fundar la <i>Compa\u00f1\u00eda de T\u00edteres Cataplof<\/i>, representado obras en numerosas plazas, teatros y salas. Suyas tambi\u00e9n diferentes piezas teatrales para ni\u00f1os y j\u00f3venes como <i>Una de monstruos, Librosss, Casi Blancanieves, La Flor de Tr\u00e9bol y El \u00fanico lobo. <\/i>Actualmente representa <i>La Miel <\/i>de Tonino Guerra con la Compa\u00f1\u00eda de la Bah\u00eda.<\/span><\/p>\n<p align=\"JUSTIFY\"><span style=\"font-family: Cambria, serif;\"> Como <span style=\"font-size: medium;\">docente<\/span><b> <\/b>ha impartido numerosos cursos, talleres y conferencias relacionadas con el fomento de la lectura, la oralidad y el valor de los cuentos.<\/span><\/p>\n<p align=\"JUSTIFY\"><span style=\"font-family: Cambria, serif;\"> De su labor como <span style=\"font-size: medium;\">rapsoda<\/span><b> <\/b>destacan <i>La Historia de un Soldado <\/i>con la Orquesta Manuel de Falla, sus colaboraciones con el tr\u00edo de jazz Saguiba en <i>El Club de la Serpiente <\/i>y <i>El Muro de las Hetairas, <\/i>\u00a0<i>Los Cincuenta poemas del amor furtivo de Bilhana, Mar Mediante y <\/i><i>Habitas Bay<\/i><i>, <\/i>todos ellos con el guitarrista <i>Nono Garc\u00eda.<\/i><\/span><\/p>\n<p align=\"JUSTIFY\"><span style=\"font-family: Cambria, serif;\"><span style=\"font-size: medium;\"> Como narrador<b> <\/b>oral realiza su labor desde 1994, habiendo narrado en numerosos colegios, institutos, bibliotecas, teatros y salas, para diferentes entidades y organizaciones. As\u00ed mismo participa en eventos literarios como Muestras y Ferias del libro Infantil y Juvenil, Jornadas Literarias y Festivales de Narraci\u00f3n Oral.<\/span><\/span><\/p>\n<p align=\"JUSTIFY\">Esta actividad se realiza gracias al Ministerio de Cultura y Deporte, dentro del programa \u00abLas afinidades electivas\u00bb.<\/p>\n<p align=\"JUSTIFY\"><img loading=\"lazy\" class=\"alignnone wp-image-4790\" src=\"http:\/\/www.rayuelainfancia.com\/blog\/wp-content\/uploads\/2022\/09\/afinidades-electivas.jpg16685.jpg\" alt=\"\" width=\"142\" height=\"89\" srcset=\"https:\/\/www.rayuelainfancia.com\/blog\/wp-content\/uploads\/2022\/09\/afinidades-electivas.jpg16685.jpg 864w, https:\/\/www.rayuelainfancia.com\/blog\/wp-content\/uploads\/2022\/09\/afinidades-electivas.jpg16685-300x188.jpg 300w, https:\/\/www.rayuelainfancia.com\/blog\/wp-content\/uploads\/2022\/09\/afinidades-electivas.jpg16685-768x482.jpg 768w\" sizes=\"(max-width: 142px) 100vw, 142px\" \/><\/p>\n<p>&nbsp;<\/p>\n","protected":false},"excerpt":{"rendered":"<p>El jueves 29 de Septiembre no faltes a esta cita en Rayuela. Te esperamos a las 20:00h. para disfrutar de este encuentro \u00abLas afinidades electivas\u00bb con Charo Pita y Pepe Maestro, dos maravillosos autores y narradores orales \u00a1Te encantar\u00e1!<\/p>\n","protected":false},"author":6,"featured_media":4792,"comment_status":"open","ping_status":"open","sticky":false,"template":"","format":"standard","meta":[],"categories":[18],"tags":[],"yoast_head":"<!-- This site is optimized with the Yoast SEO plugin v18.5.1 - https:\/\/yoast.com\/wordpress\/plugins\/seo\/ -->\n<title>LAS AFINIDADES ELECTIVAS: CHARO PITA Y PEPE MAESTRO &#8902; Blog de Rayuelainfancia<\/title>\n<meta name=\"description\" content=\"El jueves 29 de Septiembre te esperamos a las 20:00h. para disfrutar de este encuentro de &quot;Afinidades Electivas&quot; con Charo Pita y Pepe Maestro, dos maravillosos autores y narradores \u00a1No faltes!\" \/>\n<meta name=\"robots\" content=\"index, follow, max-snippet:-1, max-image-preview:large, max-video-preview:-1\" \/>\n<link rel=\"canonical\" href=\"https:\/\/www.rayuelainfancia.com\/blog\/las-afinidades-electivas-charo-pita-y-pepe-maestro\/\" \/>\n<meta property=\"og:locale\" content=\"es_ES\" \/>\n<meta property=\"og:type\" content=\"article\" \/>\n<meta property=\"og:title\" content=\"LAS AFINIDADES ELECTIVAS: CHARO PITA Y PEPE MAESTRO &#8902; Blog de Rayuelainfancia\" \/>\n<meta property=\"og:description\" content=\"El jueves 29 de Septiembre te esperamos a las 20:00h. para disfrutar de este encuentro de &quot;Afinidades Electivas&quot; con Charo Pita y Pepe Maestro, dos maravillosos autores y narradores \u00a1No faltes!\" \/>\n<meta property=\"og:url\" content=\"https:\/\/www.rayuelainfancia.com\/blog\/las-afinidades-electivas-charo-pita-y-pepe-maestro\/\" \/>\n<meta property=\"og:site_name\" content=\"Blog de Rayuelainfancia\" \/>\n<meta property=\"article:publisher\" content=\"https:\/\/www.facebook.com\/pages\/Librer\u00eda-Rayuela\/251861686361\" \/>\n<meta property=\"article:published_time\" content=\"2022-09-16T11:10:36+00:00\" \/>\n<meta property=\"article:modified_time\" content=\"2022-09-30T08:33:40+00:00\" \/>\n<meta property=\"og:image\" content=\"http:\/\/www.rayuelainfancia.com\/blog\/wp-content\/uploads\/2022\/09\/blog.png\" \/>\n\t<meta property=\"og:image:width\" content=\"750\" \/>\n\t<meta property=\"og:image:height\" content=\"410\" \/>\n\t<meta property=\"og:image:type\" content=\"image\/png\" \/>\n<meta name=\"twitter:card\" content=\"summary\" \/>\n<meta name=\"twitter:creator\" content=\"@Rayuelainfancia\" \/>\n<meta name=\"twitter:site\" content=\"@Rayuelainfancia\" \/>\n<meta name=\"twitter:label1\" content=\"Written by\" \/>\n\t<meta name=\"twitter:data1\" content=\"Rayuelainfancia\" \/>\n\t<meta name=\"twitter:label2\" content=\"Est. reading time\" \/>\n\t<meta name=\"twitter:data2\" content=\"4 minutos\" \/>\n<script type=\"application\/ld+json\" class=\"yoast-schema-graph\">{\"@context\":\"https:\/\/schema.org\",\"@graph\":[{\"@type\":\"Organization\",\"@id\":\"https:\/\/www.rayuelainfancia.com\/blog\/#organization\",\"name\":\"Rayuelainfancia\",\"url\":\"https:\/\/www.rayuelainfancia.com\/blog\/\",\"sameAs\":[\"https:\/\/www.facebook.com\/pages\/Librer\u00eda-Rayuela\/251861686361\",\"https:\/\/www.youtube.com\/channel\/UCddVaoDjpTp-DexyEVoyazQ\",\"https:\/\/twitter.com\/Rayuelainfancia\"],\"logo\":{\"@type\":\"ImageObject\",\"@id\":\"https:\/\/www.rayuelainfancia.com\/blog\/#logo\",\"inLanguage\":\"es\",\"url\":\"https:\/\/www.rayuelainfancia.com\/blog\/wp-content\/uploads\/2018\/06\/logo-rayuelainfancia-color-corporativo.png\",\"contentUrl\":\"https:\/\/www.rayuelainfancia.com\/blog\/wp-content\/uploads\/2018\/06\/logo-rayuelainfancia-color-corporativo.png\",\"width\":1200,\"height\":680,\"caption\":\"Rayuelainfancia\"},\"image\":{\"@id\":\"https:\/\/www.rayuelainfancia.com\/blog\/#logo\"}},{\"@type\":\"WebSite\",\"@id\":\"https:\/\/www.rayuelainfancia.com\/blog\/#website\",\"url\":\"https:\/\/www.rayuelainfancia.com\/blog\/\",\"name\":\"Blog de Rayuelainfancia\",\"description\":\"Libros infantiles y juegos educaticos respestuosos con la infancia\",\"publisher\":{\"@id\":\"https:\/\/www.rayuelainfancia.com\/blog\/#organization\"},\"potentialAction\":[{\"@type\":\"SearchAction\",\"target\":{\"@type\":\"EntryPoint\",\"urlTemplate\":\"https:\/\/www.rayuelainfancia.com\/blog\/?s={search_term_string}\"},\"query-input\":\"required name=search_term_string\"}],\"inLanguage\":\"es\"},{\"@type\":\"ImageObject\",\"@id\":\"https:\/\/www.rayuelainfancia.com\/blog\/las-afinidades-electivas-charo-pita-y-pepe-maestro\/#primaryimage\",\"inLanguage\":\"es\",\"url\":\"https:\/\/www.rayuelainfancia.com\/blog\/wp-content\/uploads\/2022\/09\/blog.png\",\"contentUrl\":\"https:\/\/www.rayuelainfancia.com\/blog\/wp-content\/uploads\/2022\/09\/blog.png\",\"width\":750,\"height\":410,\"caption\":\"las afinidades electivas\"},{\"@type\":\"WebPage\",\"@id\":\"https:\/\/www.rayuelainfancia.com\/blog\/las-afinidades-electivas-charo-pita-y-pepe-maestro\/#webpage\",\"url\":\"https:\/\/www.rayuelainfancia.com\/blog\/las-afinidades-electivas-charo-pita-y-pepe-maestro\/\",\"name\":\"LAS AFINIDADES ELECTIVAS: CHARO PITA Y PEPE MAESTRO &#8902; Blog de Rayuelainfancia\",\"isPartOf\":{\"@id\":\"https:\/\/www.rayuelainfancia.com\/blog\/#website\"},\"primaryImageOfPage\":{\"@id\":\"https:\/\/www.rayuelainfancia.com\/blog\/las-afinidades-electivas-charo-pita-y-pepe-maestro\/#primaryimage\"},\"datePublished\":\"2022-09-16T11:10:36+00:00\",\"dateModified\":\"2022-09-30T08:33:40+00:00\",\"description\":\"El jueves 29 de Septiembre te esperamos a las 20:00h. para disfrutar de este encuentro de \\\"Afinidades Electivas\\\" con Charo Pita y Pepe Maestro, dos maravillosos autores y narradores \u00a1No faltes!\",\"breadcrumb\":{\"@id\":\"https:\/\/www.rayuelainfancia.com\/blog\/las-afinidades-electivas-charo-pita-y-pepe-maestro\/#breadcrumb\"},\"inLanguage\":\"es\",\"potentialAction\":[{\"@type\":\"ReadAction\",\"target\":[\"https:\/\/www.rayuelainfancia.com\/blog\/las-afinidades-electivas-charo-pita-y-pepe-maestro\/\"]}]},{\"@type\":\"BreadcrumbList\",\"@id\":\"https:\/\/www.rayuelainfancia.com\/blog\/las-afinidades-electivas-charo-pita-y-pepe-maestro\/#breadcrumb\",\"itemListElement\":[{\"@type\":\"ListItem\",\"position\":1,\"name\":\"Portada\",\"item\":\"https:\/\/www.rayuelainfancia.com\/blog\/\"},{\"@type\":\"ListItem\",\"position\":2,\"name\":\"LAS AFINIDADES ELECTIVAS: CHARO PITA Y PEPE MAESTRO\"}]},{\"@type\":\"Article\",\"@id\":\"https:\/\/www.rayuelainfancia.com\/blog\/las-afinidades-electivas-charo-pita-y-pepe-maestro\/#article\",\"isPartOf\":{\"@id\":\"https:\/\/www.rayuelainfancia.com\/blog\/las-afinidades-electivas-charo-pita-y-pepe-maestro\/#webpage\"},\"author\":{\"@id\":\"https:\/\/www.rayuelainfancia.com\/blog\/#\/schema\/person\/c1aff250c5154e35f53f26d0eba10c45\"},\"headline\":\"LAS AFINIDADES ELECTIVAS: CHARO PITA Y PEPE MAESTRO\",\"datePublished\":\"2022-09-16T11:10:36+00:00\",\"dateModified\":\"2022-09-30T08:33:40+00:00\",\"mainEntityOfPage\":{\"@id\":\"https:\/\/www.rayuelainfancia.com\/blog\/las-afinidades-electivas-charo-pita-y-pepe-maestro\/#webpage\"},\"wordCount\":809,\"commentCount\":0,\"publisher\":{\"@id\":\"https:\/\/www.rayuelainfancia.com\/blog\/#organization\"},\"image\":{\"@id\":\"https:\/\/www.rayuelainfancia.com\/blog\/las-afinidades-electivas-charo-pita-y-pepe-maestro\/#primaryimage\"},\"thumbnailUrl\":\"https:\/\/www.rayuelainfancia.com\/blog\/wp-content\/uploads\/2022\/09\/blog.png\",\"articleSection\":[\"Actividades Cuentacuentos\"],\"inLanguage\":\"es\",\"potentialAction\":[{\"@type\":\"CommentAction\",\"name\":\"Comment\",\"target\":[\"https:\/\/www.rayuelainfancia.com\/blog\/las-afinidades-electivas-charo-pita-y-pepe-maestro\/#respond\"]}]},{\"@type\":\"Person\",\"@id\":\"https:\/\/www.rayuelainfancia.com\/blog\/#\/schema\/person\/c1aff250c5154e35f53f26d0eba10c45\",\"name\":\"Rayuelainfancia\",\"image\":{\"@type\":\"ImageObject\",\"@id\":\"https:\/\/www.rayuelainfancia.com\/blog\/#personlogo\",\"inLanguage\":\"es\",\"url\":\"https:\/\/secure.gravatar.com\/avatar\/8bf03e7a4bb13ca5c7d0dc6acde2bfd1?s=96&d=mm&r=g\",\"contentUrl\":\"https:\/\/secure.gravatar.com\/avatar\/8bf03e7a4bb13ca5c7d0dc6acde2bfd1?s=96&d=mm&r=g\",\"caption\":\"Rayuelainfancia\"}}]}<\/script>\n<!-- \/ Yoast SEO plugin. -->","yoast_head_json":{"title":"LAS AFINIDADES ELECTIVAS: CHARO PITA Y PEPE MAESTRO &#8902; Blog de Rayuelainfancia","description":"El jueves 29 de Septiembre te esperamos a las 20:00h. para disfrutar de este encuentro de \"Afinidades Electivas\" con Charo Pita y Pepe Maestro, dos maravillosos autores y narradores \u00a1No faltes!","robots":{"index":"index","follow":"follow","max-snippet":"max-snippet:-1","max-image-preview":"max-image-preview:large","max-video-preview":"max-video-preview:-1"},"canonical":"https:\/\/www.rayuelainfancia.com\/blog\/las-afinidades-electivas-charo-pita-y-pepe-maestro\/","og_locale":"es_ES","og_type":"article","og_title":"LAS AFINIDADES ELECTIVAS: CHARO PITA Y PEPE MAESTRO &#8902; Blog de Rayuelainfancia","og_description":"El jueves 29 de Septiembre te esperamos a las 20:00h. para disfrutar de este encuentro de \"Afinidades Electivas\" con Charo Pita y Pepe Maestro, dos maravillosos autores y narradores \u00a1No faltes!","og_url":"https:\/\/www.rayuelainfancia.com\/blog\/las-afinidades-electivas-charo-pita-y-pepe-maestro\/","og_site_name":"Blog de Rayuelainfancia","article_publisher":"https:\/\/www.facebook.com\/pages\/Librer\u00eda-Rayuela\/251861686361","article_published_time":"2022-09-16T11:10:36+00:00","article_modified_time":"2022-09-30T08:33:40+00:00","og_image":[{"width":750,"height":410,"url":"http:\/\/www.rayuelainfancia.com\/blog\/wp-content\/uploads\/2022\/09\/blog.png","type":"image\/png"}],"twitter_card":"summary","twitter_creator":"@Rayuelainfancia","twitter_site":"@Rayuelainfancia","twitter_misc":{"Written by":"Rayuelainfancia","Est. reading time":"4 minutos"},"schema":{"@context":"https:\/\/schema.org","@graph":[{"@type":"Organization","@id":"https:\/\/www.rayuelainfancia.com\/blog\/#organization","name":"Rayuelainfancia","url":"https:\/\/www.rayuelainfancia.com\/blog\/","sameAs":["https:\/\/www.facebook.com\/pages\/Librer\u00eda-Rayuela\/251861686361","https:\/\/www.youtube.com\/channel\/UCddVaoDjpTp-DexyEVoyazQ","https:\/\/twitter.com\/Rayuelainfancia"],"logo":{"@type":"ImageObject","@id":"https:\/\/www.rayuelainfancia.com\/blog\/#logo","inLanguage":"es","url":"https:\/\/www.rayuelainfancia.com\/blog\/wp-content\/uploads\/2018\/06\/logo-rayuelainfancia-color-corporativo.png","contentUrl":"https:\/\/www.rayuelainfancia.com\/blog\/wp-content\/uploads\/2018\/06\/logo-rayuelainfancia-color-corporativo.png","width":1200,"height":680,"caption":"Rayuelainfancia"},"image":{"@id":"https:\/\/www.rayuelainfancia.com\/blog\/#logo"}},{"@type":"WebSite","@id":"https:\/\/www.rayuelainfancia.com\/blog\/#website","url":"https:\/\/www.rayuelainfancia.com\/blog\/","name":"Blog de Rayuelainfancia","description":"Libros infantiles y juegos educaticos respestuosos con la infancia","publisher":{"@id":"https:\/\/www.rayuelainfancia.com\/blog\/#organization"},"potentialAction":[{"@type":"SearchAction","target":{"@type":"EntryPoint","urlTemplate":"https:\/\/www.rayuelainfancia.com\/blog\/?s={search_term_string}"},"query-input":"required name=search_term_string"}],"inLanguage":"es"},{"@type":"ImageObject","@id":"https:\/\/www.rayuelainfancia.com\/blog\/las-afinidades-electivas-charo-pita-y-pepe-maestro\/#primaryimage","inLanguage":"es","url":"https:\/\/www.rayuelainfancia.com\/blog\/wp-content\/uploads\/2022\/09\/blog.png","contentUrl":"https:\/\/www.rayuelainfancia.com\/blog\/wp-content\/uploads\/2022\/09\/blog.png","width":750,"height":410,"caption":"las afinidades electivas"},{"@type":"WebPage","@id":"https:\/\/www.rayuelainfancia.com\/blog\/las-afinidades-electivas-charo-pita-y-pepe-maestro\/#webpage","url":"https:\/\/www.rayuelainfancia.com\/blog\/las-afinidades-electivas-charo-pita-y-pepe-maestro\/","name":"LAS AFINIDADES ELECTIVAS: CHARO PITA Y PEPE MAESTRO &#8902; Blog de Rayuelainfancia","isPartOf":{"@id":"https:\/\/www.rayuelainfancia.com\/blog\/#website"},"primaryImageOfPage":{"@id":"https:\/\/www.rayuelainfancia.com\/blog\/las-afinidades-electivas-charo-pita-y-pepe-maestro\/#primaryimage"},"datePublished":"2022-09-16T11:10:36+00:00","dateModified":"2022-09-30T08:33:40+00:00","description":"El jueves 29 de Septiembre te esperamos a las 20:00h. para disfrutar de este encuentro de \"Afinidades Electivas\" con Charo Pita y Pepe Maestro, dos maravillosos autores y narradores \u00a1No faltes!","breadcrumb":{"@id":"https:\/\/www.rayuelainfancia.com\/blog\/las-afinidades-electivas-charo-pita-y-pepe-maestro\/#breadcrumb"},"inLanguage":"es","potentialAction":[{"@type":"ReadAction","target":["https:\/\/www.rayuelainfancia.com\/blog\/las-afinidades-electivas-charo-pita-y-pepe-maestro\/"]}]},{"@type":"BreadcrumbList","@id":"https:\/\/www.rayuelainfancia.com\/blog\/las-afinidades-electivas-charo-pita-y-pepe-maestro\/#breadcrumb","itemListElement":[{"@type":"ListItem","position":1,"name":"Portada","item":"https:\/\/www.rayuelainfancia.com\/blog\/"},{"@type":"ListItem","position":2,"name":"LAS AFINIDADES ELECTIVAS: CHARO PITA Y PEPE MAESTRO"}]},{"@type":"Article","@id":"https:\/\/www.rayuelainfancia.com\/blog\/las-afinidades-electivas-charo-pita-y-pepe-maestro\/#article","isPartOf":{"@id":"https:\/\/www.rayuelainfancia.com\/blog\/las-afinidades-electivas-charo-pita-y-pepe-maestro\/#webpage"},"author":{"@id":"https:\/\/www.rayuelainfancia.com\/blog\/#\/schema\/person\/c1aff250c5154e35f53f26d0eba10c45"},"headline":"LAS AFINIDADES ELECTIVAS: CHARO PITA Y PEPE MAESTRO","datePublished":"2022-09-16T11:10:36+00:00","dateModified":"2022-09-30T08:33:40+00:00","mainEntityOfPage":{"@id":"https:\/\/www.rayuelainfancia.com\/blog\/las-afinidades-electivas-charo-pita-y-pepe-maestro\/#webpage"},"wordCount":809,"commentCount":0,"publisher":{"@id":"https:\/\/www.rayuelainfancia.com\/blog\/#organization"},"image":{"@id":"https:\/\/www.rayuelainfancia.com\/blog\/las-afinidades-electivas-charo-pita-y-pepe-maestro\/#primaryimage"},"thumbnailUrl":"https:\/\/www.rayuelainfancia.com\/blog\/wp-content\/uploads\/2022\/09\/blog.png","articleSection":["Actividades Cuentacuentos"],"inLanguage":"es","potentialAction":[{"@type":"CommentAction","name":"Comment","target":["https:\/\/www.rayuelainfancia.com\/blog\/las-afinidades-electivas-charo-pita-y-pepe-maestro\/#respond"]}]},{"@type":"Person","@id":"https:\/\/www.rayuelainfancia.com\/blog\/#\/schema\/person\/c1aff250c5154e35f53f26d0eba10c45","name":"Rayuelainfancia","image":{"@type":"ImageObject","@id":"https:\/\/www.rayuelainfancia.com\/blog\/#personlogo","inLanguage":"es","url":"https:\/\/secure.gravatar.com\/avatar\/8bf03e7a4bb13ca5c7d0dc6acde2bfd1?s=96&d=mm&r=g","contentUrl":"https:\/\/secure.gravatar.com\/avatar\/8bf03e7a4bb13ca5c7d0dc6acde2bfd1?s=96&d=mm&r=g","caption":"Rayuelainfancia"}}]}},"_links":{"self":[{"href":"https:\/\/www.rayuelainfancia.com\/blog\/wp-json\/wp\/v2\/posts\/4786"}],"collection":[{"href":"https:\/\/www.rayuelainfancia.com\/blog\/wp-json\/wp\/v2\/posts"}],"about":[{"href":"https:\/\/www.rayuelainfancia.com\/blog\/wp-json\/wp\/v2\/types\/post"}],"author":[{"embeddable":true,"href":"https:\/\/www.rayuelainfancia.com\/blog\/wp-json\/wp\/v2\/users\/6"}],"replies":[{"embeddable":true,"href":"https:\/\/www.rayuelainfancia.com\/blog\/wp-json\/wp\/v2\/comments?post=4786"}],"version-history":[{"count":2,"href":"https:\/\/www.rayuelainfancia.com\/blog\/wp-json\/wp\/v2\/posts\/4786\/revisions"}],"predecessor-version":[{"id":4793,"href":"https:\/\/www.rayuelainfancia.com\/blog\/wp-json\/wp\/v2\/posts\/4786\/revisions\/4793"}],"wp:featuredmedia":[{"embeddable":true,"href":"https:\/\/www.rayuelainfancia.com\/blog\/wp-json\/wp\/v2\/media\/4792"}],"wp:attachment":[{"href":"https:\/\/www.rayuelainfancia.com\/blog\/wp-json\/wp\/v2\/media?parent=4786"}],"wp:term":[{"taxonomy":"category","embeddable":true,"href":"https:\/\/www.rayuelainfancia.com\/blog\/wp-json\/wp\/v2\/categories?post=4786"},{"taxonomy":"post_tag","embeddable":true,"href":"https:\/\/www.rayuelainfancia.com\/blog\/wp-json\/wp\/v2\/tags?post=4786"}],"curies":[{"name":"wp","href":"https:\/\/api.w.org\/{rel}","templated":true}]}}