 {"id":4776,"date":"2022-09-13T19:19:11","date_gmt":"2022-09-13T17:19:11","guid":{"rendered":"https:\/\/www.rayuelainfancia.com\/blog\/?p=4776"},"modified":"2023-03-30T20:25:56","modified_gmt":"2023-03-30T18:25:56","slug":"libros-infantiles-para-hablar-de-politica","status":"publish","type":"post","link":"https:\/\/www.rayuelainfancia.com\/blog\/libros-infantiles-para-hablar-de-politica\/","title":{"rendered":"\u00a1DE ESO NO SE HABLA!"},"content":{"rendered":"<p>El mi\u00e9rcoles 28 de Septiembre a las 20:00h. ven a Rayuela a disfrutar de la mesa \u00a1De eso no se habla!. La pol\u00edtica es un tema que pone los pelos de punta a m\u00e1s de uno y nuestra propuesta es hablar sin miedo, <strong>hablar de todo lo que nos importa y nos afecta<\/strong>. Por supuesto, <strong>tambi\u00e9n con los ni\u00f1os<\/strong>. Ven a participar de este encuentro con <strong>cuatro de los grandes editores de la Literatura Infantil y Juvenil<\/strong> en Espa\u00f1a y hablemos&#8230;<\/p>\n<p><!--more--><\/p>\n<h2>\u00a1De eso no se habla!<\/h2>\n<p>Una actividad <strong>muuuuy interesante y recomendable<\/strong> para mediadores, creadores, y cualquier persona interesada en la divulgaci\u00f3n, la literatura y la libertad de expresi\u00f3n.<\/p>\n<blockquote><p>\u201cTodav\u00eda se oye decir que hay temas que no son adecuados para ni\u00f1as y ni\u00f1os; parece haberse desarrollado una suerte de tab\u00fa de lo \u201cpol\u00edtico\u201d en la literatura infantil. Desde A buen Paso, Ekar\u00e9, Libros del Zorro Rojo y Takatuka, pensamos que se puede y se debe promover un di\u00e1logo con ellos sobre todos los temas que les afectan directa o indirectamente, desde los m\u00e1s complicados a los m\u00e1s sencillos ( que muchas veces son los mismos), siempre que se haga desde el respeto y la sensibilidad que merecen y de acuerdo con su grado de madurez\u201d.<\/p><\/blockquote>\n<p>Te invitamos a participar en este encuentro en el que participan<strong> Arianna, Patric, Fernando y Pablo<\/strong> de las editoriales <a href=\"https:\/\/www.abuenpaso.com\/\">A buen paso<\/a>, <a href=\"http:\/\/www.takatuka.cat\/inici.php\">Takatuka<\/a>, <a href=\"https:\/\/librosdelzorrorojo.com\/\">Libros del zorro rojo<\/a> y <a href=\"https:\/\/www.ekare.com\/\">Ekar\u00e9,<\/a> respectivamente.\u00a0 Un aut\u00e9ntico lujo y un privilegio.<\/p>\n<p>&nbsp;<\/p>\n<p><img loading=\"lazy\" class=\"alignnone size-full wp-image-4780\" src=\"http:\/\/www.rayuelainfancia.com\/blog\/wp-content\/uploads\/2022\/09\/cartel-de-eso-no-se-habla.jpg\" alt=\"de eso no se habla sevilla\" width=\"874\" height=\"1240\" srcset=\"https:\/\/www.rayuelainfancia.com\/blog\/wp-content\/uploads\/2022\/09\/cartel-de-eso-no-se-habla.jpg 874w, https:\/\/www.rayuelainfancia.com\/blog\/wp-content\/uploads\/2022\/09\/cartel-de-eso-no-se-habla-211x300.jpg 211w, https:\/\/www.rayuelainfancia.com\/blog\/wp-content\/uploads\/2022\/09\/cartel-de-eso-no-se-habla-722x1024.jpg 722w, https:\/\/www.rayuelainfancia.com\/blog\/wp-content\/uploads\/2022\/09\/cartel-de-eso-no-se-habla-768x1090.jpg 768w\" sizes=\"(max-width: 874px) 100vw, 874px\" \/><\/p>\n<h2>Algunos libros infantiles sobre temas pol\u00edticos y sociales<\/h2>\n<p><span style=\"color: #000000;\"><div id=\"product_list\" class=\"row\"><div class=\"col-xs-6 col-sm-6 col-md-6 col-lg-4 item-product\">\n            <div class=\"product-list text-center\">\n                <p>\n                    <a class=\"product-blog-link\" href=\"https:\/\/www.rayuelainfancia.com\/album-ilustrado\/404221-migrantes.html?utm_campaign=productBlogPost\" title=\"MIGRANTES\">\n                        <img src=\"\/\/www.rayuelainfancia.com\/415366-home_default\/migrantes.jpg\" alt=\"MIGRANTES\" class=\"img-responsive\"><span>MIGRANTES<\/span><\/a>\n                <\/p>\n            <\/div>\n\n            <div class=\"acciones text-center\">\n                \n                <p class=\"price\">13,90 \u20ac<\/p>\n            <\/div>\n        <\/div><div class=\"col-xs-6 col-sm-6 col-md-6 col-lg-4 item-product\">\n            <div class=\"product-list text-center\">\n                <p>\n                    <a class=\"product-blog-link\" href=\"https:\/\/www.rayuelainfancia.com\/album-ilustrado\/408209-de-aqui-no-pasa-nadie.html?utm_campaign=productBlogPost\" title=\"DE AQU   NO PASA NADIE\">\n                        <img src=\"\/\/www.rayuelainfancia.com\/418639-home_default\/de-aqui-no-pasa-nadie.jpg\" alt=\"DE AQU   NO PASA NADIE\" class=\"img-responsive\"><span>DE AQU\u00cd NO PASA NADIE<\/span><\/a>\n                <\/p>\n            <\/div>\n\n            <div class=\"acciones text-center\">\n                \n                <p class=\"price\">16,00 \u20ac<\/p>\n            <\/div>\n        <\/div><div class=\"col-xs-6 col-sm-6 col-md-6 col-lg-4 item-product\">\n            <div class=\"product-list text-center\">\n                <p>\n                    <a class=\"product-blog-link\" href=\"https:\/\/www.rayuelainfancia.com\/album-ilustrado\/6797-ola-azul.html?utm_campaign=productBlogPost\" title=\"OLA AZUL\">\n                        <img src=\"\/\/www.rayuelainfancia.com\/412975-home_default\/ola-azul.jpg\" alt=\"OLA AZUL\" class=\"img-responsive\"><span>OLA AZUL<\/span><\/a>\n                <\/p>\n            <\/div>\n\n            <div class=\"acciones text-center\">\n                \n                <p class=\"price\">16,90 \u20ac<\/p>\n            <\/div>\n        <\/div><\/div><\/span><\/p>\n<p>&nbsp;<\/p>\n<p>Ellas y ellos <strong>nos propondr\u00e1n libros infantiles ( o no) que dan mucho que hablar<\/strong>. Libros que son el pretexto perfecto para abrir el di\u00e1logo junto a ni\u00f1as y ni\u00f1os desde el respeto y la sensibilidad que merecen. No dejes escapar esta oportunidad si eres educadora, bibliotecario, padre, madre, creador, autora, ilustrador&#8230; \u00a1Te esperamos!<\/p>\n<p><strong>\u00a1Importante!<\/strong> Agradecemos mucho que <strong>confirmes tu asistencia. <\/strong>Puedes hacerlo mediante<strong> Whatsapp <\/strong>escribiendo<strong> al n\u00famero 601194563<\/strong> (\u00a1Tambi\u00e9n puedes dec\u00edrnoslo en persona en la librer\u00eda!). De esta manera podremos preparar mejor la actividad conociendo el aforo.<\/p>\n<p>Actividad organizada por Rayuelainfancia, gracias a la colaboraci\u00f3n del ICAS.<\/p>\n<p><img loading=\"lazy\" class=\"alignnone  wp-image-4571\" src=\"http:\/\/www.rayuelainfancia.com\/blog\/wp-content\/uploads\/2021\/11\/logo_ICAS-1.png\" alt=\"\" width=\"345\" height=\"112\" srcset=\"https:\/\/www.rayuelainfancia.com\/blog\/wp-content\/uploads\/2021\/11\/logo_ICAS-1.png 1000w, https:\/\/www.rayuelainfancia.com\/blog\/wp-content\/uploads\/2021\/11\/logo_ICAS-1-300x98.png 300w, https:\/\/www.rayuelainfancia.com\/blog\/wp-content\/uploads\/2021\/11\/logo_ICAS-1-768x250.png 768w\" sizes=\"(max-width: 345px) 100vw, 345px\" \/><\/p>\n<p>&nbsp;<\/p>\n<p>&nbsp;<\/p>\n","protected":false},"excerpt":{"rendered":"<p>El mi\u00e9rcoles 28 de Septiembre a las 20:00h. ven a Rayuela a disfrutar de la mesa \u00a1De eso no se habla!. La pol\u00edtica es un tema que pone los pelos de punta a m\u00e1s de uno y nuestra propuesta es hablar sin miedo, hablar de todo lo que nos importa y nos afecta. Por supuesto, [&hellip;]<\/p>\n","protected":false},"author":6,"featured_media":4788,"comment_status":"open","ping_status":"open","sticky":false,"template":"","format":"standard","meta":[],"categories":[18,21],"tags":[30,102,101,99,100],"yoast_head":"<!-- This site is optimized with the Yoast SEO plugin v18.5.1 - https:\/\/yoast.com\/wordpress\/plugins\/seo\/ -->\n<title>\u00a1DE ESO NO SE HABLA! &#8902; Blog de Rayuelainfancia<\/title>\n<meta name=\"description\" content=\"\u00a1De eso no se habla! Este mi\u00e9rcoles 28 en Rayuela nuestra propuesta es hablar hablar de todo lo que nos afecta con ni\u00f1os y ni\u00f1as (tambi\u00e9n de pol\u00edtica!) \u00a1Te esperamos!\" \/>\n<meta name=\"robots\" content=\"index, follow, max-snippet:-1, max-image-preview:large, max-video-preview:-1\" \/>\n<link rel=\"canonical\" href=\"https:\/\/www.rayuelainfancia.com\/blog\/libros-infantiles-para-hablar-de-politica\/\" \/>\n<meta property=\"og:locale\" content=\"es_ES\" \/>\n<meta property=\"og:type\" content=\"article\" \/>\n<meta property=\"og:title\" content=\"\u00a1DE ESO NO SE HABLA! &#8902; Blog de Rayuelainfancia\" \/>\n<meta property=\"og:description\" content=\"\u00a1De eso no se habla! Este mi\u00e9rcoles 28 en Rayuela nuestra propuesta es hablar hablar de todo lo que nos afecta con ni\u00f1os y ni\u00f1as (tambi\u00e9n de pol\u00edtica!) \u00a1Te esperamos!\" \/>\n<meta property=\"og:url\" content=\"https:\/\/www.rayuelainfancia.com\/blog\/libros-infantiles-para-hablar-de-politica\/\" \/>\n<meta property=\"og:site_name\" content=\"Blog de Rayuelainfancia\" \/>\n<meta property=\"article:publisher\" content=\"https:\/\/www.facebook.com\/pages\/Librer\u00eda-Rayuela\/251861686361\" \/>\n<meta property=\"article:published_time\" content=\"2022-09-13T17:19:11+00:00\" \/>\n<meta property=\"article:modified_time\" content=\"2023-03-30T18:25:56+00:00\" \/>\n<meta property=\"og:image\" content=\"http:\/\/www.rayuelainfancia.com\/blog\/wp-content\/uploads\/2022\/09\/portada-blog.png\" \/>\n\t<meta property=\"og:image:width\" content=\"750\" \/>\n\t<meta property=\"og:image:height\" content=\"410\" \/>\n\t<meta property=\"og:image:type\" content=\"image\/png\" \/>\n<meta name=\"twitter:card\" content=\"summary\" \/>\n<meta name=\"twitter:creator\" content=\"@Rayuelainfancia\" \/>\n<meta name=\"twitter:site\" content=\"@Rayuelainfancia\" \/>\n<meta name=\"twitter:label1\" content=\"Written by\" \/>\n\t<meta name=\"twitter:data1\" content=\"Rayuelainfancia\" \/>\n\t<meta name=\"twitter:label2\" content=\"Est. reading time\" \/>\n\t<meta name=\"twitter:data2\" content=\"2 minutos\" \/>\n<script type=\"application\/ld+json\" class=\"yoast-schema-graph\">{\"@context\":\"https:\/\/schema.org\",\"@graph\":[{\"@type\":\"Organization\",\"@id\":\"https:\/\/www.rayuelainfancia.com\/blog\/#organization\",\"name\":\"Rayuelainfancia\",\"url\":\"https:\/\/www.rayuelainfancia.com\/blog\/\",\"sameAs\":[\"https:\/\/www.facebook.com\/pages\/Librer\u00eda-Rayuela\/251861686361\",\"https:\/\/www.youtube.com\/channel\/UCddVaoDjpTp-DexyEVoyazQ\",\"https:\/\/twitter.com\/Rayuelainfancia\"],\"logo\":{\"@type\":\"ImageObject\",\"@id\":\"https:\/\/www.rayuelainfancia.com\/blog\/#logo\",\"inLanguage\":\"es\",\"url\":\"https:\/\/www.rayuelainfancia.com\/blog\/wp-content\/uploads\/2018\/06\/logo-rayuelainfancia-color-corporativo.png\",\"contentUrl\":\"https:\/\/www.rayuelainfancia.com\/blog\/wp-content\/uploads\/2018\/06\/logo-rayuelainfancia-color-corporativo.png\",\"width\":1200,\"height\":680,\"caption\":\"Rayuelainfancia\"},\"image\":{\"@id\":\"https:\/\/www.rayuelainfancia.com\/blog\/#logo\"}},{\"@type\":\"WebSite\",\"@id\":\"https:\/\/www.rayuelainfancia.com\/blog\/#website\",\"url\":\"https:\/\/www.rayuelainfancia.com\/blog\/\",\"name\":\"Blog de Rayuelainfancia\",\"description\":\"Libros infantiles y juegos educaticos respestuosos con la infancia\",\"publisher\":{\"@id\":\"https:\/\/www.rayuelainfancia.com\/blog\/#organization\"},\"potentialAction\":[{\"@type\":\"SearchAction\",\"target\":{\"@type\":\"EntryPoint\",\"urlTemplate\":\"https:\/\/www.rayuelainfancia.com\/blog\/?s={search_term_string}\"},\"query-input\":\"required name=search_term_string\"}],\"inLanguage\":\"es\"},{\"@type\":\"ImageObject\",\"@id\":\"https:\/\/www.rayuelainfancia.com\/blog\/libros-infantiles-para-hablar-de-politica\/#primaryimage\",\"inLanguage\":\"es\",\"url\":\"https:\/\/www.rayuelainfancia.com\/blog\/wp-content\/uploads\/2022\/09\/portada-blog.png\",\"contentUrl\":\"https:\/\/www.rayuelainfancia.com\/blog\/wp-content\/uploads\/2022\/09\/portada-blog.png\",\"width\":750,\"height\":410},{\"@type\":\"WebPage\",\"@id\":\"https:\/\/www.rayuelainfancia.com\/blog\/libros-infantiles-para-hablar-de-politica\/#webpage\",\"url\":\"https:\/\/www.rayuelainfancia.com\/blog\/libros-infantiles-para-hablar-de-politica\/\",\"name\":\"\u00a1DE ESO NO SE HABLA! &#8902; Blog de Rayuelainfancia\",\"isPartOf\":{\"@id\":\"https:\/\/www.rayuelainfancia.com\/blog\/#website\"},\"primaryImageOfPage\":{\"@id\":\"https:\/\/www.rayuelainfancia.com\/blog\/libros-infantiles-para-hablar-de-politica\/#primaryimage\"},\"datePublished\":\"2022-09-13T17:19:11+00:00\",\"dateModified\":\"2023-03-30T18:25:56+00:00\",\"description\":\"\u00a1De eso no se habla! Este mi\u00e9rcoles 28 en Rayuela nuestra propuesta es hablar hablar de todo lo que nos afecta con ni\u00f1os y ni\u00f1as (tambi\u00e9n de pol\u00edtica!) \u00a1Te esperamos!\",\"breadcrumb\":{\"@id\":\"https:\/\/www.rayuelainfancia.com\/blog\/libros-infantiles-para-hablar-de-politica\/#breadcrumb\"},\"inLanguage\":\"es\",\"potentialAction\":[{\"@type\":\"ReadAction\",\"target\":[\"https:\/\/www.rayuelainfancia.com\/blog\/libros-infantiles-para-hablar-de-politica\/\"]}]},{\"@type\":\"BreadcrumbList\",\"@id\":\"https:\/\/www.rayuelainfancia.com\/blog\/libros-infantiles-para-hablar-de-politica\/#breadcrumb\",\"itemListElement\":[{\"@type\":\"ListItem\",\"position\":1,\"name\":\"Portada\",\"item\":\"https:\/\/www.rayuelainfancia.com\/blog\/\"},{\"@type\":\"ListItem\",\"position\":2,\"name\":\"\u00a1DE ESO NO SE HABLA!\"}]},{\"@type\":\"Article\",\"@id\":\"https:\/\/www.rayuelainfancia.com\/blog\/libros-infantiles-para-hablar-de-politica\/#article\",\"isPartOf\":{\"@id\":\"https:\/\/www.rayuelainfancia.com\/blog\/libros-infantiles-para-hablar-de-politica\/#webpage\"},\"author\":{\"@id\":\"https:\/\/www.rayuelainfancia.com\/blog\/#\/schema\/person\/c1aff250c5154e35f53f26d0eba10c45\"},\"headline\":\"\u00a1DE ESO NO SE HABLA!\",\"datePublished\":\"2022-09-13T17:19:11+00:00\",\"dateModified\":\"2023-03-30T18:25:56+00:00\",\"mainEntityOfPage\":{\"@id\":\"https:\/\/www.rayuelainfancia.com\/blog\/libros-infantiles-para-hablar-de-politica\/#webpage\"},\"wordCount\":382,\"commentCount\":0,\"publisher\":{\"@id\":\"https:\/\/www.rayuelainfancia.com\/blog\/#organization\"},\"image\":{\"@id\":\"https:\/\/www.rayuelainfancia.com\/blog\/libros-infantiles-para-hablar-de-politica\/#primaryimage\"},\"thumbnailUrl\":\"https:\/\/www.rayuelainfancia.com\/blog\/wp-content\/uploads\/2022\/09\/portada-blog.png\",\"keywords\":[\"\u00e1lbum ilustrado\",\"editores\",\"encuentro\",\"libros infantiles\",\"pol\u00edtica\"],\"articleSection\":[\"Actividades Cuentacuentos\",\"Literatura Infantil\"],\"inLanguage\":\"es\",\"potentialAction\":[{\"@type\":\"CommentAction\",\"name\":\"Comment\",\"target\":[\"https:\/\/www.rayuelainfancia.com\/blog\/libros-infantiles-para-hablar-de-politica\/#respond\"]}]},{\"@type\":\"Person\",\"@id\":\"https:\/\/www.rayuelainfancia.com\/blog\/#\/schema\/person\/c1aff250c5154e35f53f26d0eba10c45\",\"name\":\"Rayuelainfancia\",\"image\":{\"@type\":\"ImageObject\",\"@id\":\"https:\/\/www.rayuelainfancia.com\/blog\/#personlogo\",\"inLanguage\":\"es\",\"url\":\"https:\/\/secure.gravatar.com\/avatar\/8bf03e7a4bb13ca5c7d0dc6acde2bfd1?s=96&d=mm&r=g\",\"contentUrl\":\"https:\/\/secure.gravatar.com\/avatar\/8bf03e7a4bb13ca5c7d0dc6acde2bfd1?s=96&d=mm&r=g\",\"caption\":\"Rayuelainfancia\"}}]}<\/script>\n<!-- \/ Yoast SEO plugin. -->","yoast_head_json":{"title":"\u00a1DE ESO NO SE HABLA! &#8902; Blog de Rayuelainfancia","description":"\u00a1De eso no se habla! Este mi\u00e9rcoles 28 en Rayuela nuestra propuesta es hablar hablar de todo lo que nos afecta con ni\u00f1os y ni\u00f1as (tambi\u00e9n de pol\u00edtica!) \u00a1Te esperamos!","robots":{"index":"index","follow":"follow","max-snippet":"max-snippet:-1","max-image-preview":"max-image-preview:large","max-video-preview":"max-video-preview:-1"},"canonical":"https:\/\/www.rayuelainfancia.com\/blog\/libros-infantiles-para-hablar-de-politica\/","og_locale":"es_ES","og_type":"article","og_title":"\u00a1DE ESO NO SE HABLA! &#8902; Blog de Rayuelainfancia","og_description":"\u00a1De eso no se habla! Este mi\u00e9rcoles 28 en Rayuela nuestra propuesta es hablar hablar de todo lo que nos afecta con ni\u00f1os y ni\u00f1as (tambi\u00e9n de pol\u00edtica!) \u00a1Te esperamos!","og_url":"https:\/\/www.rayuelainfancia.com\/blog\/libros-infantiles-para-hablar-de-politica\/","og_site_name":"Blog de Rayuelainfancia","article_publisher":"https:\/\/www.facebook.com\/pages\/Librer\u00eda-Rayuela\/251861686361","article_published_time":"2022-09-13T17:19:11+00:00","article_modified_time":"2023-03-30T18:25:56+00:00","og_image":[{"width":750,"height":410,"url":"http:\/\/www.rayuelainfancia.com\/blog\/wp-content\/uploads\/2022\/09\/portada-blog.png","type":"image\/png"}],"twitter_card":"summary","twitter_creator":"@Rayuelainfancia","twitter_site":"@Rayuelainfancia","twitter_misc":{"Written by":"Rayuelainfancia","Est. reading time":"2 minutos"},"schema":{"@context":"https:\/\/schema.org","@graph":[{"@type":"Organization","@id":"https:\/\/www.rayuelainfancia.com\/blog\/#organization","name":"Rayuelainfancia","url":"https:\/\/www.rayuelainfancia.com\/blog\/","sameAs":["https:\/\/www.facebook.com\/pages\/Librer\u00eda-Rayuela\/251861686361","https:\/\/www.youtube.com\/channel\/UCddVaoDjpTp-DexyEVoyazQ","https:\/\/twitter.com\/Rayuelainfancia"],"logo":{"@type":"ImageObject","@id":"https:\/\/www.rayuelainfancia.com\/blog\/#logo","inLanguage":"es","url":"https:\/\/www.rayuelainfancia.com\/blog\/wp-content\/uploads\/2018\/06\/logo-rayuelainfancia-color-corporativo.png","contentUrl":"https:\/\/www.rayuelainfancia.com\/blog\/wp-content\/uploads\/2018\/06\/logo-rayuelainfancia-color-corporativo.png","width":1200,"height":680,"caption":"Rayuelainfancia"},"image":{"@id":"https:\/\/www.rayuelainfancia.com\/blog\/#logo"}},{"@type":"WebSite","@id":"https:\/\/www.rayuelainfancia.com\/blog\/#website","url":"https:\/\/www.rayuelainfancia.com\/blog\/","name":"Blog de Rayuelainfancia","description":"Libros infantiles y juegos educaticos respestuosos con la infancia","publisher":{"@id":"https:\/\/www.rayuelainfancia.com\/blog\/#organization"},"potentialAction":[{"@type":"SearchAction","target":{"@type":"EntryPoint","urlTemplate":"https:\/\/www.rayuelainfancia.com\/blog\/?s={search_term_string}"},"query-input":"required name=search_term_string"}],"inLanguage":"es"},{"@type":"ImageObject","@id":"https:\/\/www.rayuelainfancia.com\/blog\/libros-infantiles-para-hablar-de-politica\/#primaryimage","inLanguage":"es","url":"https:\/\/www.rayuelainfancia.com\/blog\/wp-content\/uploads\/2022\/09\/portada-blog.png","contentUrl":"https:\/\/www.rayuelainfancia.com\/blog\/wp-content\/uploads\/2022\/09\/portada-blog.png","width":750,"height":410},{"@type":"WebPage","@id":"https:\/\/www.rayuelainfancia.com\/blog\/libros-infantiles-para-hablar-de-politica\/#webpage","url":"https:\/\/www.rayuelainfancia.com\/blog\/libros-infantiles-para-hablar-de-politica\/","name":"\u00a1DE ESO NO SE HABLA! &#8902; Blog de Rayuelainfancia","isPartOf":{"@id":"https:\/\/www.rayuelainfancia.com\/blog\/#website"},"primaryImageOfPage":{"@id":"https:\/\/www.rayuelainfancia.com\/blog\/libros-infantiles-para-hablar-de-politica\/#primaryimage"},"datePublished":"2022-09-13T17:19:11+00:00","dateModified":"2023-03-30T18:25:56+00:00","description":"\u00a1De eso no se habla! Este mi\u00e9rcoles 28 en Rayuela nuestra propuesta es hablar hablar de todo lo que nos afecta con ni\u00f1os y ni\u00f1as (tambi\u00e9n de pol\u00edtica!) \u00a1Te esperamos!","breadcrumb":{"@id":"https:\/\/www.rayuelainfancia.com\/blog\/libros-infantiles-para-hablar-de-politica\/#breadcrumb"},"inLanguage":"es","potentialAction":[{"@type":"ReadAction","target":["https:\/\/www.rayuelainfancia.com\/blog\/libros-infantiles-para-hablar-de-politica\/"]}]},{"@type":"BreadcrumbList","@id":"https:\/\/www.rayuelainfancia.com\/blog\/libros-infantiles-para-hablar-de-politica\/#breadcrumb","itemListElement":[{"@type":"ListItem","position":1,"name":"Portada","item":"https:\/\/www.rayuelainfancia.com\/blog\/"},{"@type":"ListItem","position":2,"name":"\u00a1DE ESO NO SE HABLA!"}]},{"@type":"Article","@id":"https:\/\/www.rayuelainfancia.com\/blog\/libros-infantiles-para-hablar-de-politica\/#article","isPartOf":{"@id":"https:\/\/www.rayuelainfancia.com\/blog\/libros-infantiles-para-hablar-de-politica\/#webpage"},"author":{"@id":"https:\/\/www.rayuelainfancia.com\/blog\/#\/schema\/person\/c1aff250c5154e35f53f26d0eba10c45"},"headline":"\u00a1DE ESO NO SE HABLA!","datePublished":"2022-09-13T17:19:11+00:00","dateModified":"2023-03-30T18:25:56+00:00","mainEntityOfPage":{"@id":"https:\/\/www.rayuelainfancia.com\/blog\/libros-infantiles-para-hablar-de-politica\/#webpage"},"wordCount":382,"commentCount":0,"publisher":{"@id":"https:\/\/www.rayuelainfancia.com\/blog\/#organization"},"image":{"@id":"https:\/\/www.rayuelainfancia.com\/blog\/libros-infantiles-para-hablar-de-politica\/#primaryimage"},"thumbnailUrl":"https:\/\/www.rayuelainfancia.com\/blog\/wp-content\/uploads\/2022\/09\/portada-blog.png","keywords":["\u00e1lbum ilustrado","editores","encuentro","libros infantiles","pol\u00edtica"],"articleSection":["Actividades Cuentacuentos","Literatura Infantil"],"inLanguage":"es","potentialAction":[{"@type":"CommentAction","name":"Comment","target":["https:\/\/www.rayuelainfancia.com\/blog\/libros-infantiles-para-hablar-de-politica\/#respond"]}]},{"@type":"Person","@id":"https:\/\/www.rayuelainfancia.com\/blog\/#\/schema\/person\/c1aff250c5154e35f53f26d0eba10c45","name":"Rayuelainfancia","image":{"@type":"ImageObject","@id":"https:\/\/www.rayuelainfancia.com\/blog\/#personlogo","inLanguage":"es","url":"https:\/\/secure.gravatar.com\/avatar\/8bf03e7a4bb13ca5c7d0dc6acde2bfd1?s=96&d=mm&r=g","contentUrl":"https:\/\/secure.gravatar.com\/avatar\/8bf03e7a4bb13ca5c7d0dc6acde2bfd1?s=96&d=mm&r=g","caption":"Rayuelainfancia"}}]}},"_links":{"self":[{"href":"https:\/\/www.rayuelainfancia.com\/blog\/wp-json\/wp\/v2\/posts\/4776"}],"collection":[{"href":"https:\/\/www.rayuelainfancia.com\/blog\/wp-json\/wp\/v2\/posts"}],"about":[{"href":"https:\/\/www.rayuelainfancia.com\/blog\/wp-json\/wp\/v2\/types\/post"}],"author":[{"embeddable":true,"href":"https:\/\/www.rayuelainfancia.com\/blog\/wp-json\/wp\/v2\/users\/6"}],"replies":[{"embeddable":true,"href":"https:\/\/www.rayuelainfancia.com\/blog\/wp-json\/wp\/v2\/comments?post=4776"}],"version-history":[{"count":10,"href":"https:\/\/www.rayuelainfancia.com\/blog\/wp-json\/wp\/v2\/posts\/4776\/revisions"}],"predecessor-version":[{"id":5032,"href":"https:\/\/www.rayuelainfancia.com\/blog\/wp-json\/wp\/v2\/posts\/4776\/revisions\/5032"}],"wp:featuredmedia":[{"embeddable":true,"href":"https:\/\/www.rayuelainfancia.com\/blog\/wp-json\/wp\/v2\/media\/4788"}],"wp:attachment":[{"href":"https:\/\/www.rayuelainfancia.com\/blog\/wp-json\/wp\/v2\/media?parent=4776"}],"wp:term":[{"taxonomy":"category","embeddable":true,"href":"https:\/\/www.rayuelainfancia.com\/blog\/wp-json\/wp\/v2\/categories?post=4776"},{"taxonomy":"post_tag","embeddable":true,"href":"https:\/\/www.rayuelainfancia.com\/blog\/wp-json\/wp\/v2\/tags?post=4776"}],"curies":[{"name":"wp","href":"https:\/\/api.w.org\/{rel}","templated":true}]}}