 {"id":4749,"date":"2022-07-20T13:47:44","date_gmt":"2022-07-20T11:47:44","guid":{"rendered":"https:\/\/www.rayuelainfancia.com\/blog\/?p=4749"},"modified":"2023-03-30T20:15:36","modified_gmt":"2023-03-30T18:15:36","slug":"4-guias-para-que-tus-hijos-disfruten-leyendo-este-verano","status":"publish","type":"post","link":"https:\/\/www.rayuelainfancia.com\/blog\/4-guias-para-que-tus-hijos-disfruten-leyendo-este-verano\/","title":{"rendered":"4 GU\u00cdAS PARA QUE TUS HIJOS DISFRUTEN LEYENDO ESTE VERANO"},"content":{"rendered":"<p>A lo mejor ya lo sabes, pero por si acaso te recordamos que<strong> s\u00ed, disfrutar leyendo es posible<\/strong>. Despu\u00e9s de m\u00e1s de 25 a\u00f1os asesorando a montones de familias, hoy te traemos <strong>4 gu\u00edas para que tus hijos disfruten leyendo<\/strong> este verano.<\/p>\n<p><!--more--><\/p>\n<p>Para empezar, queremos recordarte<strong> varias cosas importantes<\/strong>:<\/p>\n<p><strong>\ud83d\udcda Leer en voz alta y la lectura compartida<\/strong> es siempre un placer, se tenga la edad que se tenga ( ojal\u00e1 nunca perdi\u00e9ramos esta costumbre)<\/p>\n<p>\ud83d\udcda No todos los libros nos tienen que gustar. Si una historia no nos entusiasma, <strong>no pasa nada por cambiar<\/strong>. Quiz\u00e1 su momento sea m\u00e1s adelante.<\/p>\n<p><strong>\ud83d\udcda Visitar con los ni\u00f1os y ni\u00f1as espacios de lectura<\/strong> como librer\u00edas y bibliotecas es esencial para educar en el placer de leer.<\/p>\n<p>\ud83d\udcda Los ni\u00f1os y ni\u00f1as hacen lo que ven. <strong>Date la oportunidad<\/strong> t\u00fa misma, t\u00fa mismo, de disfrutar de esa lectura que tantas ganas tienes&#8230;<\/p>\n<p>Y sin m\u00e1s pre\u00e1mbulos, pasamos a compartir nuestras 4 gu\u00edas de lectura veraniega, una para cada franja de edad. Puedes descargarlas gratis y no te quedar\u00e1s sin ideas de lectura para este verano.&nbsp;<\/p>\n<p style=\"text-align: center;\"><a class=\"fasc-button fasc-size-xlarge fasc-type-flat fasc-rounded-medium fasc-ico-before dashicons-admin-post\" style=\"background-color: #86bda3; color: #ffffff;\" href=\"https:\/\/www.rayuelainfancia.com\/content\/10-guias-de-lectura\">Descargar Gu\u00edas de Lectura <\/a><\/p>\n<p>&nbsp;<\/p>\n<h2 style=\"text-align: center;\">Gu\u00eda de lectura&nbsp;<\/h2>\n<h2 style=\"text-align: center;\">para que tus hijos disfruten leyendo<\/h2>\n<h2 style=\"text-align: center;\">de 0 a 3 a\u00f1os<\/h2>\n<p>&nbsp;<\/p>\n<p><a href=\"https:\/\/www.rayuelainfancia.com\/content\/10-guias-de-lectura\"><img loading=\"lazy\" class=\"alignnone size-full wp-image-4751\" src=\"http:\/\/www.rayuelainfancia.com\/blog\/wp-content\/uploads\/2022\/07\/LECTURAS-VERANO-0-3.png\" alt=\"\" width=\"1080\" height=\"1080\" srcset=\"https:\/\/www.rayuelainfancia.com\/blog\/wp-content\/uploads\/2022\/07\/LECTURAS-VERANO-0-3.png 1080w, https:\/\/www.rayuelainfancia.com\/blog\/wp-content\/uploads\/2022\/07\/LECTURAS-VERANO-0-3-300x300.png 300w, https:\/\/www.rayuelainfancia.com\/blog\/wp-content\/uploads\/2022\/07\/LECTURAS-VERANO-0-3-1024x1024.png 1024w, https:\/\/www.rayuelainfancia.com\/blog\/wp-content\/uploads\/2022\/07\/LECTURAS-VERANO-0-3-150x150.png 150w, https:\/\/www.rayuelainfancia.com\/blog\/wp-content\/uploads\/2022\/07\/LECTURAS-VERANO-0-3-768x768.png 768w, https:\/\/www.rayuelainfancia.com\/blog\/wp-content\/uploads\/2022\/07\/LECTURAS-VERANO-0-3-60x60.png 60w\" sizes=\"(max-width: 1080px) 100vw, 1080px\" \/><\/a><\/p>\n<p>&nbsp;<\/p>\n<p>Para los m\u00e1s peque\u00f1os, hemos seleccionado desde un <strong>libro ba\u00f1o bien fresquito<\/strong> para tener la experiencia lectora en la ba\u00f1era de casa hasta alg\u00fan \u00e1lbum con historias algo m\u00e1s elaboradas. Nunca es demasiado pronto para ir creando el h\u00e1bito de la lectura ni, por supuesto, para disfrutar de <strong>todo lo que nos pueden aportar los libros<\/strong>.<\/p>\n<p>Un primer encuentro con las palabras, el sonido y el ritmo, las onomatopeyas. <strong>Tiempo compartido<\/strong>, mundos posibles que se despliegan ante la atenta mirada de los m\u00e1s peque\u00f1os de la casa. Este verano, no dejes la oportunidad de <strong>leer junto a los m\u00e1s peque\u00f1os<\/strong>, ser\u00e1 una experiencia inolvidable.&nbsp;<\/p>\n<p style=\"text-align: center;\"><a class=\"fasc-button fasc-size-xlarge fasc-type-flat fasc-rounded-medium\" style=\"background-color: #86bda3; color: #ffffff;\" target=\"_blank\" rel=\"noopener\" href=\"https:\/\/www.rayuelainfancia.com\/img\/cms\/PDF-GUIAS-LECTURAS\/Lecturas%20de%20verano%20de%200-3%20anos_1.pdf\">Descargar GRATIS Gu\u00eda de 0 a 3 a\u00f1os<\/a><\/p>\n<p><span style=\"color: #000000;\"><div id=\"product_list\" class=\"row\"><div class=\"col-xs-6 col-sm-6 col-md-6 col-lg-4 item-product\">\n            <div class=\"product-list text-center\">\n                <p>\n                    <a class=\"product-blog-link\" href=\"https:\/\/www.rayuelainfancia.com\/bebeteca\/163518-quien-vive-en-el-mar.html?utm_campaign=productBlogPost\" title=\"  QUI  N VIVE EN EL MAR  LIBRO BA  O\">\n                        <img src=\"\/\/www.rayuelainfancia.com\/175290-home_default\/quien-vive-en-el-mar.jpg\" alt=\"  QUI  N VIVE EN EL MAR  LIBRO BA  O\" class=\"img-responsive\"><span>\u00bfQUI\u00c9N VIVE EN EL MAR? LIBRO BA\u00d1O<\/span><\/a>\n                <\/p>\n            <\/div>\n\n            <div class=\"acciones text-center\">\n                \n                <p class=\"price\">10,80 \u20ac<\/p>\n            <\/div>\n        <\/div><div class=\"col-xs-6 col-sm-6 col-md-6 col-lg-4 item-product\">\n            <div class=\"product-list text-center\">\n                <p>\n                    <a class=\"product-blog-link\" href=\"https:\/\/www.rayuelainfancia.com\/bebeteca\/230244-sol-solito.html?utm_campaign=productBlogPost\" title=\"SOL SOLITO\">\n                        <img src=\"\/\/www.rayuelainfancia.com\/275828-home_default\/sol-solito.jpg\" alt=\"SOL SOLITO\" class=\"img-responsive\"><span>SOL SOLITO<\/span><\/a>\n                <\/p>\n            <\/div>\n\n            <div class=\"acciones text-center\">\n                \n                <p class=\"price\">10,00 \u20ac<\/p>\n            <\/div>\n        <\/div><div class=\"col-xs-6 col-sm-6 col-md-6 col-lg-4 item-product\">\n            <div class=\"product-list text-center\">\n                <p>\n                    <a class=\"product-blog-link\" href=\"https:\/\/www.rayuelainfancia.com\/bebeteca\/322475-viajes.html?utm_campaign=productBlogPost\" title=\"VIAJES\">\n                        <img src=\"\/\/www.rayuelainfancia.com\/334369-home_default\/viajes.jpg\" alt=\"VIAJES\" class=\"img-responsive\"><span>VIAJES<\/span><\/a>\n                <\/p>\n            <\/div>\n\n            <div class=\"acciones text-center\">\n                \n                <p class=\"price\">9,50 \u20ac<\/p>\n            <\/div>\n        <\/div><div class=\"col-xs-6 col-sm-6 col-md-6 col-lg-4 item-product\">\n            <div class=\"product-list text-center\">\n                <p>\n                    <a class=\"product-blog-link\" href=\"https:\/\/www.rayuelainfancia.com\/bebeteca\/540050-en-verano-en-invierno.html?utm_campaign=productBlogPost\" title=\"EN VERANO EN INVIERNO\">\n                        <img src=\"\/\/www.rayuelainfancia.com\/554066-home_default\/en-verano-en-invierno.jpg\" alt=\"EN VERANO EN INVIERNO\" class=\"img-responsive\"><span>EN VERANO\/EN INVIERNO<\/span><\/a>\n                <\/p>\n            <\/div>\n\n            <div class=\"acciones text-center\">\n                \n                <p class=\"price\">12,90 \u20ac<\/p>\n            <\/div>\n        <\/div><div class=\"col-xs-6 col-sm-6 col-md-6 col-lg-4 item-product\">\n            <div class=\"product-list text-center\">\n                <p>\n                    <a class=\"product-blog-link\" href=\"https:\/\/www.rayuelainfancia.com\/bebeteca\/241707-un-dia-en-la-playa.html?utm_campaign=productBlogPost\" title=\"UN D  A EN LA PLAYA\">\n                        <img src=\"\/\/www.rayuelainfancia.com\/249086-home_default\/un-dia-en-la-playa.jpg\" alt=\"UN D  A EN LA PLAYA\" class=\"img-responsive\"><span>UN D\u00cdA EN LA PLAYA<\/span><\/a>\n                <\/p>\n            <\/div>\n\n            <div class=\"acciones text-center\">\n                \n                <p class=\"price\">13,00 \u20ac<\/p>\n            <\/div>\n        <\/div><div class=\"col-xs-6 col-sm-6 col-md-6 col-lg-4 item-product\">\n            <div class=\"product-list text-center\">\n                <p>\n                    <a class=\"product-blog-link\" href=\"https:\/\/www.rayuelainfancia.com\/bebeteca\/15425-si-te-pica-un-mosquito.html?utm_campaign=productBlogPost\" title=\"SI TE PICA UN MOSQUITO\">\n                        <img src=\"\/\/www.rayuelainfancia.com\/20457-home_default\/si-te-pica-un-mosquito.jpg\" alt=\"SI TE PICA UN MOSQUITO\" class=\"img-responsive\"><span>SI TE PICA UN MOSQUITO<\/span><\/a>\n                <\/p>\n            <\/div>\n\n            <div class=\"acciones text-center\">\n                \n                <p class=\"price\">12,00 \u20ac<\/p>\n            <\/div>\n        <\/div><div class=\"col-xs-6 col-sm-6 col-md-6 col-lg-4 item-product\">\n            <div class=\"product-list text-center\">\n                <p>\n                    <a class=\"product-blog-link\" href=\"https:\/\/www.rayuelainfancia.com\/bebeteca\/527089-va-la-vaca.html?utm_campaign=productBlogPost\" title=\"VA LA VACA\">\n                        <img src=\"\/\/www.rayuelainfancia.com\/547072-home_default\/va-la-vaca.jpg\" alt=\"VA LA VACA\" class=\"img-responsive\"><span>VA LA VACA<\/span><\/a>\n                <\/p>\n            <\/div>\n\n            <div class=\"acciones text-center\">\n                \n                <p class=\"price\">18,00 \u20ac<\/p>\n            <\/div>\n        <\/div><div class=\"col-xs-6 col-sm-6 col-md-6 col-lg-4 item-product\">\n            <div class=\"product-list text-center\">\n                <p>\n                    <a class=\"product-blog-link\" href=\"https:\/\/www.rayuelainfancia.com\/album-ilustrado\/8837-ratones-de-viaje.html?utm_campaign=productBlogPost\" title=\"RATONES DE VIAJE\">\n                        <img src=\"\/\/www.rayuelainfancia.com\/12347-home_default\/ratones-de-viaje.jpg\" alt=\"RATONES DE VIAJE\" class=\"img-responsive\"><span>RATONES DE VIAJE<\/span><\/a>\n                <\/p>\n            <\/div>\n\n            <div class=\"acciones text-center\">\n                \n                <p class=\"price\">14,00 \u20ac<\/p>\n            <\/div>\n        <\/div><div class=\"col-xs-6 col-sm-6 col-md-6 col-lg-4 item-product\">\n            <div class=\"product-list text-center\">\n                <p>\n                    <a class=\"product-blog-link\" href=\"https:\/\/www.rayuelainfancia.com\/album-ilustrado\/489426-el-pirata-malapata.html?utm_campaign=productBlogPost\" title=\"EL PIRATA MALAPATA\">\n                        <img src=\"\/\/www.rayuelainfancia.com\/498811-home_default\/el-pirata-malapata.jpg\" alt=\"EL PIRATA MALAPATA\" class=\"img-responsive\"><span>EL PIRATA MALAPATA<\/span><\/a>\n                <\/p>\n            <\/div>\n\n            <div class=\"acciones text-center\">\n                \n                <p class=\"price\">15,50 \u20ac<\/p>\n            <\/div>\n        <\/div><\/div><\/span><\/p>\n<h2>&nbsp;<\/h2>\n<h2 style=\"text-align: center;\">Gu\u00eda de lectura<\/h2>\n<h2 style=\"text-align: center;\">para que tus hijos disfruten leyendo<\/h2>\n<h2 style=\"text-align: center;\">de 4 a 8 a\u00f1os<\/h2>\n<p><a href=\"https:\/\/www.rayuelainfancia.com\/content\/10-guias-de-lectura\"><img loading=\"lazy\" class=\"alignnone size-full wp-image-4759\" src=\"http:\/\/www.rayuelainfancia.com\/blog\/wp-content\/uploads\/2022\/07\/LECTURAS-DE-VERANO-4-8.png\" alt=\"\" width=\"1080\" height=\"1080\" srcset=\"https:\/\/www.rayuelainfancia.com\/blog\/wp-content\/uploads\/2022\/07\/LECTURAS-DE-VERANO-4-8.png 1080w, https:\/\/www.rayuelainfancia.com\/blog\/wp-content\/uploads\/2022\/07\/LECTURAS-DE-VERANO-4-8-300x300.png 300w, https:\/\/www.rayuelainfancia.com\/blog\/wp-content\/uploads\/2022\/07\/LECTURAS-DE-VERANO-4-8-1024x1024.png 1024w, https:\/\/www.rayuelainfancia.com\/blog\/wp-content\/uploads\/2022\/07\/LECTURAS-DE-VERANO-4-8-150x150.png 150w, https:\/\/www.rayuelainfancia.com\/blog\/wp-content\/uploads\/2022\/07\/LECTURAS-DE-VERANO-4-8-768x768.png 768w, https:\/\/www.rayuelainfancia.com\/blog\/wp-content\/uploads\/2022\/07\/LECTURAS-DE-VERANO-4-8-60x60.png 60w\" sizes=\"(max-width: 1080px) 100vw, 1080px\" \/><\/a><\/p>\n<p>A partir de los cuatro a\u00f1os <strong>los intereses de los peques se ampl\u00edan<\/strong>, crecen al mismo ritmo que ellos (que es mucho) y por supuesto se van especializando. Nuestra propuesta es amplia y abarca desde \u00e1lbumes ilustrados de lo m\u00e1s transgresores como \u00ab<strong><a href=\"https:\/\/www.rayuelainfancia.com\/album-ilustrado\/418663-taxi.html\">Taxi \u00a1mec, mec!\u00bb<\/a> <\/strong>hasta <strong>primeros c\u00f3mics<\/strong> con los que disfrutar de otro tipo de lectura en el que descifrar las ilustraciones cobra otro nivel narrativo.<\/p>\n<p>Para los mayores, que ya empiezan a soltarse en la <strong>lectura aut\u00f3noma<\/strong>, las aventuras, misterios, desaf\u00edos en pandilla&#8230; Y tambi\u00e9n, c\u00f3mo no, <strong>mucho humor y sensibilidad<\/strong>, porque no perdamos de vista que el principal objetivo sigue siendo disfrutar. Disfrutar de la lectura. ( \u00a1Y si seguimos leyendo juntos y en voz alta, mejor que mejor!)<\/p>\n<p style=\"text-align: center;\"><a class=\"fasc-button fasc-size-xlarge fasc-type-flat fasc-rounded-medium\" style=\"background-color: #86bda3; color: #ffffff;\" target=\"_blank\" rel=\"noopener\" href=\"https:\/\/www.rayuelainfancia.com\/img\/cms\/PDF-GUIAS-LECTURAS\/Lecturas%20de%20verano%20de%204-8%20anos.pdf\">Descargar GRATIS Gu\u00eda de 4 a 8 a\u00f1os<\/a><\/p>\n<p><span style=\"color: #000000;\"><div id=\"product_list\" class=\"row\"><div class=\"col-xs-6 col-sm-6 col-md-6 col-lg-4 item-product\">\n            <div class=\"product-list text-center\">\n                <p>\n                    <a class=\"product-blog-link\" href=\"https:\/\/www.rayuelainfancia.com\/album-ilustrado\/418663-taxi.html?utm_campaign=productBlogPost\" title=\"TAXI   MEC  MEC \">\n                        <img src=\"\/\/www.rayuelainfancia.com\/427509-home_default\/taxi.jpg\" alt=\"TAXI   MEC  MEC \" class=\"img-responsive\"><span>TAXI \u00a1MEC, MEC!<\/span><\/a>\n                <\/p>\n            <\/div>\n\n            <div class=\"acciones text-center\">\n                \n                <p class=\"price\">16,90 \u20ac<\/p>\n            <\/div>\n        <\/div><div class=\"col-xs-6 col-sm-6 col-md-6 col-lg-4 item-product\">\n            <div class=\"product-list text-center\">\n                <p>\n                    <a class=\"product-blog-link\" href=\"https:\/\/www.rayuelainfancia.com\/album-ilustrado\/483521-helados-de-luna.html?utm_campaign=productBlogPost\" title=\"HELADOS DE LUNA\">\n                        <img src=\"\/\/www.rayuelainfancia.com\/522229-home_default\/helados-de-luna.jpg\" alt=\"HELADOS DE LUNA\" class=\"img-responsive\"><span>HELADOS DE LUNA<\/span><\/a>\n                <\/p>\n            <\/div>\n\n            <div class=\"acciones text-center\">\n                \n                <p class=\"price\">16,00 \u20ac<\/p>\n            <\/div>\n        <\/div><div class=\"col-xs-6 col-sm-6 col-md-6 col-lg-4 item-product\">\n            <div class=\"product-list text-center\">\n                <p>\n                    <a class=\"product-blog-link\" href=\"https:\/\/www.rayuelainfancia.com\/lectores-iniciados-7\/514389-cartas-de-la-ardilla-a-la-hormiga.html?utm_campaign=productBlogPost\" title=\"CARTAS DE LA ARDILLA A LA HORMIGA\">\n                        <img src=\"\/\/www.rayuelainfancia.com\/525620-home_default\/cartas-de-la-ardilla-a-la-hormiga.jpg\" alt=\"CARTAS DE LA ARDILLA A LA HORMIGA\" class=\"img-responsive\"><span>CARTAS DE LA ARDILLA A LA HORMIGA<\/span><\/a>\n                <\/p>\n            <\/div>\n\n            <div class=\"acciones text-center\">\n                \n                <p class=\"price\">16,90 \u20ac<\/p>\n            <\/div>\n        <\/div><div class=\"col-xs-6 col-sm-6 col-md-6 col-lg-4 item-product\">\n            <div class=\"product-list text-center\">\n                <p>\n                    <a class=\"product-blog-link\" href=\"https:\/\/www.rayuelainfancia.com\/comic-novela-grafica\/526225-pequenos-bill-bolita.html?utm_campaign=productBlogPost\" title=\"PEQUE  OS BILL   BOLITA\">\n                        <img src=\"\/\/www.rayuelainfancia.com\/543576-home_default\/pequenos-bill-bolita.jpg\" alt=\"PEQUE  OS BILL   BOLITA\" class=\"img-responsive\"><span>PEQUE\u00d1OS BILL & BOLITA<\/span><\/a>\n                <\/p>\n            <\/div>\n\n            <div class=\"acciones text-center\">\n                \n                <p class=\"price\">18,00 \u20ac<\/p>\n            <\/div>\n        <\/div><div class=\"col-xs-6 col-sm-6 col-md-6 col-lg-4 item-product\">\n            <div class=\"product-list text-center\">\n                <p>\n                    <a class=\"product-blog-link\" href=\"https:\/\/www.rayuelainfancia.com\/comic-novela-grafica\/520284-paula-crusoe-1.html?utm_campaign=productBlogPost\" title=\"PAULA CRUSOE 1  N  UFRAGA\">\n                        <img src=\"\/\/www.rayuelainfancia.com\/536685-home_default\/paula-crusoe-1.jpg\" alt=\"PAULA CRUSOE 1  N  UFRAGA\" class=\"img-responsive\"><span>PAULA CRUSOE 1. N\u00c1UFRAGA<\/span><\/a>\n                <\/p>\n            <\/div>\n\n            <div class=\"acciones text-center\">\n                \n                <p class=\"price\">12,50 \u20ac<\/p>\n            <\/div>\n        <\/div><div class=\"col-xs-6 col-sm-6 col-md-6 col-lg-4 item-product\">\n            <div class=\"product-list text-center\">\n                <p>\n                    <a class=\"product-blog-link\" href=\"https:\/\/www.rayuelainfancia.com\/lectores-iniciados-7\/229491-perro-apestoso-va-a-la-playa.html?utm_campaign=productBlogPost\" title=\"PERRO APESTOSO VA A LA PLAYA\">\n                        <img src=\"\/\/www.rayuelainfancia.com\/255223-home_default\/perro-apestoso-va-a-la-playa.jpg\" alt=\"PERRO APESTOSO VA A LA PLAYA\" class=\"img-responsive\"><span>PERRO APESTOSO VA A LA PLAYA<\/span><\/a>\n                <\/p>\n            <\/div>\n\n            <div class=\"acciones text-center\">\n                \n                <p class=\"price\">13,90 \u20ac<\/p>\n            <\/div>\n        <\/div><div class=\"col-xs-6 col-sm-6 col-md-6 col-lg-4 item-product\">\n            <div class=\"product-list text-center\">\n                <p>\n                    <a class=\"product-blog-link\" href=\"https:\/\/www.rayuelainfancia.com\/lectores-iniciados-7\/344278-zackarina-y-el-lobo-de-arena.html?utm_campaign=productBlogPost\" title=\"ZACKARINA Y EL LOBO DE ARENA\">\n                        <img src=\"\/\/www.rayuelainfancia.com\/374955-home_default\/zackarina-y-el-lobo-de-arena.jpg\" alt=\"ZACKARINA Y EL LOBO DE ARENA\" class=\"img-responsive\"><span>ZACKARINA Y EL LOBO DE ARENA<\/span><\/a>\n                <\/p>\n            <\/div>\n\n            <div class=\"acciones text-center\">\n                \n                <p class=\"price\">16,00 \u20ac<\/p>\n            <\/div>\n        <\/div><div class=\"col-xs-6 col-sm-6 col-md-6 col-lg-4 item-product\">\n            <div class=\"product-list text-center\">\n                <p>\n                    <a class=\"product-blog-link\" href=\"https:\/\/www.rayuelainfancia.com\/lectores-iniciados-7\/526226-el-octavo-enanito.html?utm_campaign=productBlogPost\" title=\"EL OCTAVO ENANITO\">\n                        <img src=\"\/\/www.rayuelainfancia.com\/547073-home_default\/el-octavo-enanito.jpg\" alt=\"EL OCTAVO ENANITO\" class=\"img-responsive\"><span>EL OCTAVO ENANITO<\/span><\/a>\n                <\/p>\n            <\/div>\n\n            <div class=\"acciones text-center\">\n                \n                <p class=\"price\">14,90 \u20ac<\/p>\n            <\/div>\n        <\/div><div class=\"col-xs-6 col-sm-6 col-md-6 col-lg-4 item-product\">\n            <div class=\"product-list text-center\">\n                <p>\n                    <a class=\"product-blog-link\" href=\"https:\/\/www.rayuelainfancia.com\/lectores-iniciados-7\/485237-capitan-lucas.html?utm_campaign=productBlogPost\" title=\"CAPIT  N LUCAS\">\n                        <img src=\"\/\/www.rayuelainfancia.com\/496289-home_default\/capitan-lucas.jpg\" alt=\"CAPIT  N LUCAS\" class=\"img-responsive\"><span>CAPIT\u00c1N LUCAS<\/span><\/a>\n                <\/p>\n            <\/div>\n\n            <div class=\"acciones text-center\">\n                \n                <p class=\"price\">14,90 \u20ac<\/p>\n            <\/div>\n        <\/div><\/div><\/span><\/p>\n<p>&nbsp;<\/p>\n<h2>Gu\u00eda de lectura<\/h2>\n<h2>para que tus hijos disfruten leyendo<\/h2>\n<h2>de 9 a 12 a\u00f1os<\/h2>\n<p><a href=\"https:\/\/www.rayuelainfancia.com\/content\/10-guias-de-lectura\"><img loading=\"lazy\" class=\"alignnone size-full wp-image-4766\" src=\"http:\/\/www.rayuelainfancia.com\/blog\/wp-content\/uploads\/2022\/07\/lecturas-9-12-anos.png\" alt=\"\" width=\"1080\" height=\"1080\" srcset=\"https:\/\/www.rayuelainfancia.com\/blog\/wp-content\/uploads\/2022\/07\/lecturas-9-12-anos.png 1080w, https:\/\/www.rayuelainfancia.com\/blog\/wp-content\/uploads\/2022\/07\/lecturas-9-12-anos-300x300.png 300w, https:\/\/www.rayuelainfancia.com\/blog\/wp-content\/uploads\/2022\/07\/lecturas-9-12-anos-1024x1024.png 1024w, https:\/\/www.rayuelainfancia.com\/blog\/wp-content\/uploads\/2022\/07\/lecturas-9-12-anos-150x150.png 150w, https:\/\/www.rayuelainfancia.com\/blog\/wp-content\/uploads\/2022\/07\/lecturas-9-12-anos-768x768.png 768w, https:\/\/www.rayuelainfancia.com\/blog\/wp-content\/uploads\/2022\/07\/lecturas-9-12-anos-60x60.png 60w\" sizes=\"(max-width: 1080px) 100vw, 1080px\" \/><\/a><\/p>\n<p>Esta tercera gu\u00eda est\u00e1 pensada para las<strong> lectoras y lectores de 9 a 12 a\u00f1os<\/strong>. Un enorme reto ya que, en muchas ocasiones, es un momento en el que el inter\u00e9s lector decae, sobre todo si no est\u00e1 muy afianzado. Una vez m\u00e1s, la lectura compartida y en voz alta puede ser de gran ayuda a las familias que quieran <strong>\u00abrecuperar\u00bb el inter\u00e9s por la lectura<\/strong>, viviendo juntos el disfrute de la lectura.<\/p>\n<p>Os proponemos para lectura aut\u00f3noma (o compartida seg\u00fan se quiera) novelas para todos los gustos, algunos c\u00f3mics sugerentes, un libro de preguntas filos\u00f3ficas que dar\u00e1 mucho que hablar y un libro juego para crear tus propias historias en casa.&nbsp;<\/p>\n<p style=\"text-align: center;\"><a class=\"fasc-button fasc-size-xlarge fasc-type-flat fasc-rounded-medium\" style=\"background-color: #86bda3; color: #ffffff;\" target=\"_blank\" rel=\"noopener\" href=\"https:\/\/www.rayuelainfancia.com\/img\/cms\/PDF-GUIAS-LECTURAS\/Lecturas%20de%20verano%20de%209%20a%2012%20an%CC%83os_1.pdf\">Descargar GRATIS Gu\u00eda de 9 a 12 a\u00f1os<\/a><\/p>\n<p><span style=\"color: #000000;\"><div id=\"product_list\" class=\"row\"><div class=\"col-xs-6 col-sm-6 col-md-6 col-lg-4 item-product\">\n            <div class=\"product-list text-center\">\n                <p>\n                    <a class=\"product-blog-link\" href=\"https:\/\/www.rayuelainfancia.com\/lectores-avanzados-9\/207951-pepa-guindilla.html?utm_campaign=productBlogPost\" title=\"PEPA GUINDILLA\">\n                        <img src=\"\/\/www.rayuelainfancia.com\/219592-home_default\/pepa-guindilla.jpg\" alt=\"PEPA GUINDILLA\" class=\"img-responsive\"><span>PEPA GUINDILLA<\/span><\/a>\n                <\/p>\n            <\/div>\n\n            <div class=\"acciones text-center\">\n                \n                <p class=\"price\">18,50 \u20ac<\/p>\n            <\/div>\n        <\/div><div class=\"col-xs-6 col-sm-6 col-md-6 col-lg-4 item-product\">\n            <div class=\"product-list text-center\">\n                <p>\n                    <a class=\"product-blog-link\" href=\"https:\/\/www.rayuelainfancia.com\/lectores-avanzados-9\/531381-el-nino-de-fuego.html?utm_campaign=productBlogPost\" title=\"EL NI  O DE FUEGO\">\n                        <img src=\"\/\/www.rayuelainfancia.com\/543580-home_default\/el-nino-de-fuego.jpg\" alt=\"EL NI  O DE FUEGO\" class=\"img-responsive\"><span>EL NI\u00d1O DE FUEGO<\/span><\/a>\n                <\/p>\n            <\/div>\n\n            <div class=\"acciones text-center\">\n                \n                <p class=\"price\">14,50 \u20ac<\/p>\n            <\/div>\n        <\/div><div class=\"col-xs-6 col-sm-6 col-md-6 col-lg-4 item-product\">\n            <div class=\"product-list text-center\">\n                <p>\n                    <a class=\"product-blog-link\" href=\"https:\/\/www.rayuelainfancia.com\/libro-juego\/520280-que-hace-un-hombre-con-una-sardina-en-la-cabeza.html?utm_campaign=productBlogPost\" title=\"  QU   HACE UN HOMBRE CON UNA SARDINA EN LA CABEZA \">\n                        <img src=\"\/\/www.rayuelainfancia.com\/534945-home_default\/que-hace-un-hombre-con-una-sardina-en-la-cabeza.jpg\" alt=\"  QU   HACE UN HOMBRE CON UNA SARDINA EN LA CABEZA \" class=\"img-responsive\"><span>\u00bfQU\u00c9 HACE UN HOMBRE CON UNA SARDINA EN LA CABEZA?<\/span><\/a>\n                <\/p>\n            <\/div>\n\n            <div class=\"acciones text-center\">\n                \n                <p class=\"price\">14,90 \u20ac<\/p>\n            <\/div>\n        <\/div><div class=\"col-xs-6 col-sm-6 col-md-6 col-lg-4 item-product\">\n            <div class=\"product-list text-center\">\n                <p>\n                    <a class=\"product-blog-link\" href=\"https:\/\/www.rayuelainfancia.com\/lectores-avanzados-9\/501078-alma-de-elefante.html?utm_campaign=productBlogPost\" title=\"ALMA DE ELEFANTE\">\n                        <img src=\"\/\/www.rayuelainfancia.com\/513868-home_default\/alma-de-elefante.jpg\" alt=\"ALMA DE ELEFANTE\" class=\"img-responsive\"><span>ALMA DE ELEFANTE<\/span><\/a>\n                <\/p>\n            <\/div>\n\n            <div class=\"acciones text-center\">\n                \n                <p class=\"price\">12,95 \u20ac<\/p>\n            <\/div>\n        <\/div><div class=\"col-xs-6 col-sm-6 col-md-6 col-lg-4 item-product\">\n            <div class=\"product-list text-center\">\n                <p>\n                    <a class=\"product-blog-link\" href=\"https:\/\/www.rayuelainfancia.com\/lectores-avanzados-9\/359596-amy-y-la-biblioteca-secreta.html?utm_campaign=productBlogPost\" title=\"AMY Y LA BIBLIOTECA SECRETA\">\n                        <img src=\"\/\/www.rayuelainfancia.com\/367848-home_default\/amy-y-la-biblioteca-secreta.jpg\" alt=\"AMY Y LA BIBLIOTECA SECRETA\" class=\"img-responsive\"><span>AMY Y LA BIBLIOTECA SECRETA<\/span><\/a>\n                <\/p>\n            <\/div>\n\n            <div class=\"acciones text-center\">\n                \n                <p class=\"price\">18,50 \u20ac<\/p>\n            <\/div>\n        <\/div><div class=\"col-xs-6 col-sm-6 col-md-6 col-lg-4 item-product\">\n            <div class=\"product-list text-center\">\n                <p>\n                    <a class=\"product-blog-link\" href=\"https:\/\/www.rayuelainfancia.com\/lectores-avanzados-9\/359575-los-dioses-del-norte-1.html?utm_campaign=productBlogPost\" title=\"LOS DIOSES DEL NORTE 1  LA LEYENDA DEL BOSQUE\">\n                        <img src=\"\/\/www.rayuelainfancia.com\/367834-home_default\/los-dioses-del-norte-1.jpg\" alt=\"LOS DIOSES DEL NORTE 1  LA LEYENDA DEL BOSQUE\" class=\"img-responsive\"><span>LOS DIOSES DEL NORTE 1. LA LEYENDA DEL BOSQUE<\/span><\/a>\n                <\/p>\n            <\/div>\n\n            <div class=\"acciones text-center\">\n                \n                <p class=\"price\">16,95 \u20ac<\/p>\n            <\/div>\n        <\/div><div class=\"col-xs-6 col-sm-6 col-md-6 col-lg-4 item-product\">\n            <div class=\"product-list text-center\">\n                <p>\n                    <a class=\"product-blog-link\" href=\"https:\/\/www.rayuelainfancia.com\/comic-novela-grafica\/520283-perdidos-en-el-futuro-1.html?utm_campaign=productBlogPost\" title=\"PERDIDOS EN EL FUTURO 1  LA TEMPESTAD\">\n                        <img src=\"\/\/www.rayuelainfancia.com\/536676-home_default\/perdidos-en-el-futuro-1.jpg\" alt=\"PERDIDOS EN EL FUTURO 1  LA TEMPESTAD\" class=\"img-responsive\"><span>PERDIDOS EN EL FUTURO 1. LA TEMPESTAD<\/span><\/a>\n                <\/p>\n            <\/div>\n\n            <div class=\"acciones text-center\">\n                \n                <p class=\"price\">13,00 \u20ac<\/p>\n            <\/div>\n        <\/div><div class=\"col-xs-6 col-sm-6 col-md-6 col-lg-4 item-product\">\n            <div class=\"product-list text-center\">\n                <p>\n                    <a class=\"product-blog-link\" href=\"https:\/\/www.rayuelainfancia.com\/conocimiento\/462113-hay-alguien-ahi.html?utm_campaign=productBlogPost\" title=\"  HAY ALGUIEN AH   \">\n                        <img src=\"\/\/www.rayuelainfancia.com\/476470-home_default\/hay-alguien-ahi.jpg\" alt=\"  HAY ALGUIEN AH   \" class=\"img-responsive\"><span>\u00bfHAY ALGUIEN AH\u00cd?<\/span><\/a>\n                <\/p>\n            <\/div>\n\n            <div class=\"acciones text-center\">\n                \n                <p class=\"price\">18,95 \u20ac<\/p>\n            <\/div>\n        <\/div><div class=\"col-xs-6 col-sm-6 col-md-6 col-lg-4 item-product\">\n            <div class=\"product-list text-center\">\n                <p>\n                    <a class=\"product-blog-link\" href=\"https:\/\/www.rayuelainfancia.com\/comic-novela-grafica\/520281-el-tapiz-de-los-dragones-de-te.html?utm_campaign=productBlogPost\" title=\"EL TAPIZ DE LOS DRAGONES DE T  \">\n                        <img src=\"\/\/www.rayuelainfancia.com\/543581-home_default\/el-tapiz-de-los-dragones-de-te.jpg\" alt=\"EL TAPIZ DE LOS DRAGONES DE T  \" class=\"img-responsive\"><span>EL TAPIZ DE LOS DRAGONES DE T\u00c9<\/span><\/a>\n                <\/p>\n            <\/div>\n\n            <div class=\"acciones text-center\">\n                \n                <p class=\"price\">21,90 \u20ac<\/p>\n            <\/div>\n        <\/div><\/div><\/span><\/p>\n<p>&nbsp;<\/p>\n<h2>Gu\u00eda de lectura<\/h2>\n<h2>para que tus hijos disfruten leyendo<\/h2>\n<h2>de 12 a 15 a\u00f1os<\/h2>\n<p><a href=\"https:\/\/www.rayuelainfancia.com\/img\/cms\/PDF-GUIAS-LECTURAS\/Lecturas%20de%20verano%20+%2012%20an%CC%83os.pdf\"><img loading=\"lazy\" class=\"alignnone size-full wp-image-4770\" src=\"http:\/\/www.rayuelainfancia.com\/blog\/wp-content\/uploads\/2022\/07\/lecturas-de-verano-12-a-15.png\" alt=\"\" width=\"1080\" height=\"1080\" srcset=\"https:\/\/www.rayuelainfancia.com\/blog\/wp-content\/uploads\/2022\/07\/lecturas-de-verano-12-a-15.png 1080w, https:\/\/www.rayuelainfancia.com\/blog\/wp-content\/uploads\/2022\/07\/lecturas-de-verano-12-a-15-300x300.png 300w, https:\/\/www.rayuelainfancia.com\/blog\/wp-content\/uploads\/2022\/07\/lecturas-de-verano-12-a-15-1024x1024.png 1024w, https:\/\/www.rayuelainfancia.com\/blog\/wp-content\/uploads\/2022\/07\/lecturas-de-verano-12-a-15-150x150.png 150w, https:\/\/www.rayuelainfancia.com\/blog\/wp-content\/uploads\/2022\/07\/lecturas-de-verano-12-a-15-768x768.png 768w, https:\/\/www.rayuelainfancia.com\/blog\/wp-content\/uploads\/2022\/07\/lecturas-de-verano-12-a-15-60x60.png 60w\" sizes=\"(max-width: 1080px) 100vw, 1080px\" \/><\/a><\/p>\n<p>Y con esta gu\u00eda llegamos a las lectoras y lectores m\u00e1s exigentes, <strong>preadolescentes, adolescentes y j\u00f3venes,<\/strong> con grandes inquietudes y mucho inter\u00e9s por la relaciones humanas. Las personas que est\u00e1n construyendo y construir\u00e1n el futuro. Un futuro que se puede imaginar incierto pero que seguro, seguir\u00e1 siendo humano.&nbsp;<\/p>\n<p>Las historias, la lectura, nos ayudan a <strong>canalizar nuestros deseos, anhelos, miedos y sue\u00f1os<\/strong>. Esta selecci\u00f3n atiende justamente a eso, y la hemos elaborado con la ilusi\u00f3n de que permita a nuestros j\u00f3venes disfrutar del enorme placer de la lectura.&nbsp;<\/p>\n<p style=\"text-align: center;\"><a class=\"fasc-button fasc-size-xlarge fasc-type-flat fasc-rounded-medium\" style=\"background-color: #86bda3; color: #ffffff;\" target=\"_blank\" rel=\"noopener\" href=\"https:\/\/www.rayuelainfancia.com\/img\/cms\/PDF-GUIAS-LECTURAS\/Lecturas%20de%20verano%20+%2012%20an%CC%83os.pdf\">Descargar GRATIS Gu\u00eda de 12 a 15 <\/a><\/p>\n<p><span style=\"color: #000000;\"><div id=\"product_list\" class=\"row\"><div class=\"col-xs-6 col-sm-6 col-md-6 col-lg-4 item-product\">\n            <div class=\"product-list text-center\">\n                <p>\n                    <a class=\"product-blog-link\" href=\"https:\/\/www.rayuelainfancia.com\/narrativa-juvenil-12\/526230-utopia.html?utm_campaign=productBlogPost\" title=\"UTOP  A\">\n                        <img src=\"\/\/www.rayuelainfancia.com\/536675-home_default\/utopia.jpg\" alt=\"UTOP  A\" class=\"img-responsive\"><span>UTOP\u00cdA<\/span><\/a>\n                <\/p>\n            <\/div>\n\n            <div class=\"acciones text-center\">\n                \n                <p class=\"price\">14,50 \u20ac<\/p>\n            <\/div>\n        <\/div><div class=\"col-xs-6 col-sm-6 col-md-6 col-lg-4 item-product\">\n            <div class=\"product-list text-center\">\n                <p>\n                    <a class=\"product-blog-link\" href=\"https:\/\/www.rayuelainfancia.com\/lectores-avanzados-9\/257662-los-ladrones-buenos.html?utm_campaign=productBlogPost\" title=\"LOS LADRONES BUENOS\">\n                        <img src=\"\/\/www.rayuelainfancia.com\/306859-home_default\/los-ladrones-buenos.jpg\" alt=\"LOS LADRONES BUENOS\" class=\"img-responsive\"><span>LOS LADRONES BUENOS<\/span><\/a>\n                <\/p>\n            <\/div>\n\n            <div class=\"acciones text-center\">\n                \n                <p class=\"price\">16,95 \u20ac<\/p>\n            <\/div>\n        <\/div><div class=\"col-xs-6 col-sm-6 col-md-6 col-lg-4 item-product\">\n            <div class=\"product-list text-center\">\n                <p>\n                    <a class=\"product-blog-link\" href=\"https:\/\/www.rayuelainfancia.com\/comic-novela-grafica\/526227-gravity-level.html?utm_campaign=productBlogPost\" title=\"GRAVITY LEVEL\">\n                        <img src=\"\/\/www.rayuelainfancia.com\/536681-home_default\/gravity-level.jpg\" alt=\"GRAVITY LEVEL\" class=\"img-responsive\"><span>GRAVITY LEVEL<\/span><\/a>\n                <\/p>\n            <\/div>\n\n            <div class=\"acciones text-center\">\n                \n                <p class=\"price\">22,00 \u20ac<\/p>\n            <\/div>\n        <\/div><div class=\"col-xs-6 col-sm-6 col-md-6 col-lg-4 item-product\">\n            <div class=\"product-list text-center\">\n                <p>\n                    <a class=\"product-blog-link\" href=\"https:\/\/www.rayuelainfancia.com\/comic-novela-grafica\/526228-ellas-1-la-chica-nuevas.html?utm_campaign=productBlogPost\" title=\"ELLAS 1  LA CHICA NUEVA S \">\n                        <img src=\"\/\/www.rayuelainfancia.com\/543591-home_default\/ellas-1-la-chica-nuevas.jpg\" alt=\"ELLAS 1  LA CHICA NUEVA S \" class=\"img-responsive\"><span>ELLAS 1. LA CHICA NUEVA(S)<\/span><\/a>\n                <\/p>\n            <\/div>\n\n            <div class=\"acciones text-center\">\n                \n                <p class=\"price\">17,95 \u20ac<\/p>\n            <\/div>\n        <\/div><div class=\"col-xs-6 col-sm-6 col-md-6 col-lg-4 item-product\">\n            <div class=\"product-list text-center\">\n                <p>\n                    <a class=\"product-blog-link\" href=\"https:\/\/www.rayuelainfancia.com\/comic-novela-grafica\/530524-la-materia-oscura-la-brujula-dorada.html?utm_campaign=productBlogPost\" title=\"LA MATERIA OSCURA  LA BR  JULA DORADA\">\n                        <img src=\"\/\/www.rayuelainfancia.com\/543593-home_default\/la-materia-oscura-la-brujula-dorada.jpg\" alt=\"LA MATERIA OSCURA  LA BR  JULA DORADA\" class=\"img-responsive\"><span>LA MATERIA OSCURA. LA BR\u00daJULA DORADA<\/span><\/a>\n                <\/p>\n            <\/div>\n\n            <div class=\"acciones text-center\">\n                \n                <p class=\"price\">24,95 \u20ac<\/p>\n            <\/div>\n        <\/div><div class=\"col-xs-6 col-sm-6 col-md-6 col-lg-4 item-product\">\n            <div class=\"product-list text-center\">\n                <p>\n                    <a class=\"product-blog-link\" href=\"https:\/\/www.rayuelainfancia.com\/narrativa-juvenil-12\/533976-disidentes.html?utm_campaign=productBlogPost\" title=\"DISIDENTES\">\n                        <img src=\"\/\/www.rayuelainfancia.com\/547074-home_default\/disidentes.jpg\" alt=\"DISIDENTES\" class=\"img-responsive\"><span>DISIDENTES<\/span><\/a>\n                <\/p>\n            <\/div>\n\n            <div class=\"acciones text-center\">\n                \n                <p class=\"price\">12,50 \u20ac<\/p>\n            <\/div>\n        <\/div><div class=\"col-xs-6 col-sm-6 col-md-6 col-lg-4 item-product\">\n            <div class=\"product-list text-center\">\n                <p>\n                    <a class=\"product-blog-link\" href=\"https:\/\/www.rayuelainfancia.com\/narrativa-juvenil-12\/526229-la-cancion-del-cuco.html?utm_campaign=productBlogPost\" title=\"LA CANCI  N DEL CUCO\">\n                        <img src=\"\/\/www.rayuelainfancia.com\/543586-home_default\/la-cancion-del-cuco.jpg\" alt=\"LA CANCI  N DEL CUCO\" class=\"img-responsive\"><span>LA CANCI\u00d3N DEL CUCO<\/span><\/a>\n                <\/p>\n            <\/div>\n\n            <div class=\"acciones text-center\">\n                \n                <p class=\"price\">14,50 \u20ac<\/p>\n            <\/div>\n        <\/div><div class=\"col-xs-6 col-sm-6 col-md-6 col-lg-4 item-product\">\n            <div class=\"product-list text-center\">\n                <p>\n                    <a class=\"product-blog-link\" href=\"https:\/\/www.rayuelainfancia.com\/album-ilustrado\/489432-nosotras-las-personas.html?utm_campaign=productBlogPost\" title=\"NOSOTRAS  LAS PERSONAS\">\n                        <img src=\"\/\/www.rayuelainfancia.com\/500499-home_default\/nosotras-las-personas.jpg\" alt=\"NOSOTRAS  LAS PERSONAS\" class=\"img-responsive\"><span>NOSOTRAS, LAS PERSONAS<\/span><\/a>\n                <\/p>\n            <\/div>\n\n            <div class=\"acciones text-center\">\n                \n                <p class=\"price\">19,90 \u20ac<\/p>\n            <\/div>\n        <\/div><\/div><\/span><\/p>\n<p>&nbsp;<\/p>\n<p>Esperamos que estas <strong>sugerencias de lectura para el verano<\/strong> os sirvan para disfrutar much\u00edsimo de la lectura en este periodo vacacional. Si te han gustado, nos ayuda mucho que compartas con amigas y familia, para poder llegar cada vez a m\u00e1s peque\u00f1os grandes lectores. \u00a1Gracias! <strong>\u00a1Felices lecturas!&nbsp;<\/strong><\/p>\n<p>&nbsp;<\/p>\n<p>Este contenido ha sido creado gracias a la colaboraci\u00f3n de ICAS.<\/p>\n<p><img loading=\"lazy\" class=\"alignnone  wp-image-4571\" src=\"http:\/\/www.rayuelainfancia.com\/blog\/wp-content\/uploads\/2021\/11\/logo_ICAS-1.png\" alt=\"\" width=\"237\" height=\"77\" srcset=\"https:\/\/www.rayuelainfancia.com\/blog\/wp-content\/uploads\/2021\/11\/logo_ICAS-1.png 1000w, https:\/\/www.rayuelainfancia.com\/blog\/wp-content\/uploads\/2021\/11\/logo_ICAS-1-300x98.png 300w, https:\/\/www.rayuelainfancia.com\/blog\/wp-content\/uploads\/2021\/11\/logo_ICAS-1-768x250.png 768w\" sizes=\"(max-width: 237px) 100vw, 237px\" \/><\/p>\n<p>&nbsp;<\/p>\n","protected":false},"excerpt":{"rendered":"<p>A lo mejor ya lo sabes, pero por si acaso te recordamos que s\u00ed, disfrutar leyendo es posible. Despu\u00e9s de m\u00e1s de 25 a\u00f1os asesorando a montones de familias, hoy te traemos 4 gu\u00edas para que tus hijos disfruten leyendo este verano.<\/p>\n","protected":false},"author":6,"featured_media":4773,"comment_status":"open","ping_status":"open","sticky":false,"template":"","format":"standard","meta":[],"categories":[21,64],"tags":[],"yoast_head":"<!-- This site is optimized with the Yoast SEO plugin v18.5.1 - https:\/\/yoast.com\/wordpress\/plugins\/seo\/ -->\n<title>4 GU\u00cdAS PARA QUE TUS HIJOS DISFRUTEN LEYENDO ESTE VERANO &#8902; Blog de Rayuelainfancia<\/title>\n<meta name=\"description\" content=\"Disfrutar leyendo es posible y para ello te traemos 4 gu\u00edas para que tus hijos disfruten leyendo este verano. Sigue leyendo...\" \/>\n<meta name=\"robots\" content=\"index, follow, max-snippet:-1, max-image-preview:large, max-video-preview:-1\" \/>\n<link rel=\"canonical\" href=\"https:\/\/www.rayuelainfancia.com\/blog\/4-guias-para-que-tus-hijos-disfruten-leyendo-este-verano\/\" \/>\n<meta property=\"og:locale\" content=\"es_ES\" \/>\n<meta property=\"og:type\" content=\"article\" \/>\n<meta property=\"og:title\" content=\"4 GU\u00cdAS PARA QUE TUS HIJOS DISFRUTEN LEYENDO ESTE VERANO &#8902; Blog de Rayuelainfancia\" \/>\n<meta property=\"og:description\" content=\"Disfrutar leyendo es posible y para ello te traemos 4 gu\u00edas para que tus hijos disfruten leyendo este verano. Sigue leyendo...\" \/>\n<meta property=\"og:url\" content=\"https:\/\/www.rayuelainfancia.com\/blog\/4-guias-para-que-tus-hijos-disfruten-leyendo-este-verano\/\" \/>\n<meta property=\"og:site_name\" content=\"Blog de Rayuelainfancia\" \/>\n<meta property=\"article:publisher\" content=\"https:\/\/www.facebook.com\/pages\/Librer\u00eda-Rayuela\/251861686361\" \/>\n<meta property=\"article:published_time\" content=\"2022-07-20T11:47:44+00:00\" \/>\n<meta property=\"article:modified_time\" content=\"2023-03-30T18:15:36+00:00\" \/>\n<meta property=\"og:image\" content=\"http:\/\/www.rayuelainfancia.com\/blog\/wp-content\/uploads\/2022\/07\/Copia-de-Copia-de-Copia-de-LA-FELCHA-PLATEADA.png\" \/>\n\t<meta property=\"og:image:width\" content=\"750\" \/>\n\t<meta property=\"og:image:height\" content=\"410\" \/>\n\t<meta property=\"og:image:type\" content=\"image\/png\" \/>\n<meta name=\"twitter:card\" content=\"summary\" \/>\n<meta name=\"twitter:creator\" content=\"@Rayuelainfancia\" \/>\n<meta name=\"twitter:site\" content=\"@Rayuelainfancia\" \/>\n<meta name=\"twitter:label1\" content=\"Written by\" \/>\n\t<meta name=\"twitter:data1\" content=\"Rayuelainfancia\" \/>\n\t<meta name=\"twitter:label2\" content=\"Est. reading time\" \/>\n\t<meta name=\"twitter:data2\" content=\"4 minutos\" \/>\n<script type=\"application\/ld+json\" class=\"yoast-schema-graph\">{\"@context\":\"https:\/\/schema.org\",\"@graph\":[{\"@type\":\"Organization\",\"@id\":\"https:\/\/www.rayuelainfancia.com\/blog\/#organization\",\"name\":\"Rayuelainfancia\",\"url\":\"https:\/\/www.rayuelainfancia.com\/blog\/\",\"sameAs\":[\"https:\/\/www.facebook.com\/pages\/Librer\u00eda-Rayuela\/251861686361\",\"https:\/\/www.youtube.com\/channel\/UCddVaoDjpTp-DexyEVoyazQ\",\"https:\/\/twitter.com\/Rayuelainfancia\"],\"logo\":{\"@type\":\"ImageObject\",\"@id\":\"https:\/\/www.rayuelainfancia.com\/blog\/#logo\",\"inLanguage\":\"es\",\"url\":\"https:\/\/www.rayuelainfancia.com\/blog\/wp-content\/uploads\/2018\/06\/logo-rayuelainfancia-color-corporativo.png\",\"contentUrl\":\"https:\/\/www.rayuelainfancia.com\/blog\/wp-content\/uploads\/2018\/06\/logo-rayuelainfancia-color-corporativo.png\",\"width\":1200,\"height\":680,\"caption\":\"Rayuelainfancia\"},\"image\":{\"@id\":\"https:\/\/www.rayuelainfancia.com\/blog\/#logo\"}},{\"@type\":\"WebSite\",\"@id\":\"https:\/\/www.rayuelainfancia.com\/blog\/#website\",\"url\":\"https:\/\/www.rayuelainfancia.com\/blog\/\",\"name\":\"Blog de Rayuelainfancia\",\"description\":\"Libros infantiles y juegos educaticos respestuosos con la infancia\",\"publisher\":{\"@id\":\"https:\/\/www.rayuelainfancia.com\/blog\/#organization\"},\"potentialAction\":[{\"@type\":\"SearchAction\",\"target\":{\"@type\":\"EntryPoint\",\"urlTemplate\":\"https:\/\/www.rayuelainfancia.com\/blog\/?s={search_term_string}\"},\"query-input\":\"required name=search_term_string\"}],\"inLanguage\":\"es\"},{\"@type\":\"ImageObject\",\"@id\":\"https:\/\/www.rayuelainfancia.com\/blog\/4-guias-para-que-tus-hijos-disfruten-leyendo-este-verano\/#primaryimage\",\"inLanguage\":\"es\",\"url\":\"https:\/\/www.rayuelainfancia.com\/blog\/wp-content\/uploads\/2022\/07\/Copia-de-Copia-de-Copia-de-LA-FELCHA-PLATEADA.png\",\"contentUrl\":\"https:\/\/www.rayuelainfancia.com\/blog\/wp-content\/uploads\/2022\/07\/Copia-de-Copia-de-Copia-de-LA-FELCHA-PLATEADA.png\",\"width\":750,\"height\":410,\"caption\":\"lecturas de verano para ni\u00f1os\"},{\"@type\":\"WebPage\",\"@id\":\"https:\/\/www.rayuelainfancia.com\/blog\/4-guias-para-que-tus-hijos-disfruten-leyendo-este-verano\/#webpage\",\"url\":\"https:\/\/www.rayuelainfancia.com\/blog\/4-guias-para-que-tus-hijos-disfruten-leyendo-este-verano\/\",\"name\":\"4 GU\u00cdAS PARA QUE TUS HIJOS DISFRUTEN LEYENDO ESTE VERANO &#8902; Blog de Rayuelainfancia\",\"isPartOf\":{\"@id\":\"https:\/\/www.rayuelainfancia.com\/blog\/#website\"},\"primaryImageOfPage\":{\"@id\":\"https:\/\/www.rayuelainfancia.com\/blog\/4-guias-para-que-tus-hijos-disfruten-leyendo-este-verano\/#primaryimage\"},\"datePublished\":\"2022-07-20T11:47:44+00:00\",\"dateModified\":\"2023-03-30T18:15:36+00:00\",\"description\":\"Disfrutar leyendo es posible y para ello te traemos 4 gu\u00edas para que tus hijos disfruten leyendo este verano. Sigue leyendo...\",\"breadcrumb\":{\"@id\":\"https:\/\/www.rayuelainfancia.com\/blog\/4-guias-para-que-tus-hijos-disfruten-leyendo-este-verano\/#breadcrumb\"},\"inLanguage\":\"es\",\"potentialAction\":[{\"@type\":\"ReadAction\",\"target\":[\"https:\/\/www.rayuelainfancia.com\/blog\/4-guias-para-que-tus-hijos-disfruten-leyendo-este-verano\/\"]}]},{\"@type\":\"BreadcrumbList\",\"@id\":\"https:\/\/www.rayuelainfancia.com\/blog\/4-guias-para-que-tus-hijos-disfruten-leyendo-este-verano\/#breadcrumb\",\"itemListElement\":[{\"@type\":\"ListItem\",\"position\":1,\"name\":\"Portada\",\"item\":\"https:\/\/www.rayuelainfancia.com\/blog\/\"},{\"@type\":\"ListItem\",\"position\":2,\"name\":\"4 GU\u00cdAS PARA QUE TUS HIJOS DISFRUTEN LEYENDO ESTE VERANO\"}]},{\"@type\":\"Article\",\"@id\":\"https:\/\/www.rayuelainfancia.com\/blog\/4-guias-para-que-tus-hijos-disfruten-leyendo-este-verano\/#article\",\"isPartOf\":{\"@id\":\"https:\/\/www.rayuelainfancia.com\/blog\/4-guias-para-que-tus-hijos-disfruten-leyendo-este-verano\/#webpage\"},\"author\":{\"@id\":\"https:\/\/www.rayuelainfancia.com\/blog\/#\/schema\/person\/c1aff250c5154e35f53f26d0eba10c45\"},\"headline\":\"4 GU\u00cdAS PARA QUE TUS HIJOS DISFRUTEN LEYENDO ESTE VERANO\",\"datePublished\":\"2022-07-20T11:47:44+00:00\",\"dateModified\":\"2023-03-30T18:15:36+00:00\",\"mainEntityOfPage\":{\"@id\":\"https:\/\/www.rayuelainfancia.com\/blog\/4-guias-para-que-tus-hijos-disfruten-leyendo-este-verano\/#webpage\"},\"wordCount\":841,\"commentCount\":0,\"publisher\":{\"@id\":\"https:\/\/www.rayuelainfancia.com\/blog\/#organization\"},\"image\":{\"@id\":\"https:\/\/www.rayuelainfancia.com\/blog\/4-guias-para-que-tus-hijos-disfruten-leyendo-este-verano\/#primaryimage\"},\"thumbnailUrl\":\"https:\/\/www.rayuelainfancia.com\/blog\/wp-content\/uploads\/2022\/07\/Copia-de-Copia-de-Copia-de-LA-FELCHA-PLATEADA.png\",\"articleSection\":[\"Literatura Infantil\",\"Recomendaciones Libros y Juguetes\"],\"inLanguage\":\"es\",\"potentialAction\":[{\"@type\":\"CommentAction\",\"name\":\"Comment\",\"target\":[\"https:\/\/www.rayuelainfancia.com\/blog\/4-guias-para-que-tus-hijos-disfruten-leyendo-este-verano\/#respond\"]}]},{\"@type\":\"Person\",\"@id\":\"https:\/\/www.rayuelainfancia.com\/blog\/#\/schema\/person\/c1aff250c5154e35f53f26d0eba10c45\",\"name\":\"Rayuelainfancia\",\"image\":{\"@type\":\"ImageObject\",\"@id\":\"https:\/\/www.rayuelainfancia.com\/blog\/#personlogo\",\"inLanguage\":\"es\",\"url\":\"https:\/\/secure.gravatar.com\/avatar\/8bf03e7a4bb13ca5c7d0dc6acde2bfd1?s=96&d=mm&r=g\",\"contentUrl\":\"https:\/\/secure.gravatar.com\/avatar\/8bf03e7a4bb13ca5c7d0dc6acde2bfd1?s=96&d=mm&r=g\",\"caption\":\"Rayuelainfancia\"}}]}<\/script>\n<!-- \/ Yoast SEO plugin. -->","yoast_head_json":{"title":"4 GU\u00cdAS PARA QUE TUS HIJOS DISFRUTEN LEYENDO ESTE VERANO &#8902; Blog de Rayuelainfancia","description":"Disfrutar leyendo es posible y para ello te traemos 4 gu\u00edas para que tus hijos disfruten leyendo este verano. Sigue leyendo...","robots":{"index":"index","follow":"follow","max-snippet":"max-snippet:-1","max-image-preview":"max-image-preview:large","max-video-preview":"max-video-preview:-1"},"canonical":"https:\/\/www.rayuelainfancia.com\/blog\/4-guias-para-que-tus-hijos-disfruten-leyendo-este-verano\/","og_locale":"es_ES","og_type":"article","og_title":"4 GU\u00cdAS PARA QUE TUS HIJOS DISFRUTEN LEYENDO ESTE VERANO &#8902; Blog de Rayuelainfancia","og_description":"Disfrutar leyendo es posible y para ello te traemos 4 gu\u00edas para que tus hijos disfruten leyendo este verano. Sigue leyendo...","og_url":"https:\/\/www.rayuelainfancia.com\/blog\/4-guias-para-que-tus-hijos-disfruten-leyendo-este-verano\/","og_site_name":"Blog de Rayuelainfancia","article_publisher":"https:\/\/www.facebook.com\/pages\/Librer\u00eda-Rayuela\/251861686361","article_published_time":"2022-07-20T11:47:44+00:00","article_modified_time":"2023-03-30T18:15:36+00:00","og_image":[{"width":750,"height":410,"url":"http:\/\/www.rayuelainfancia.com\/blog\/wp-content\/uploads\/2022\/07\/Copia-de-Copia-de-Copia-de-LA-FELCHA-PLATEADA.png","type":"image\/png"}],"twitter_card":"summary","twitter_creator":"@Rayuelainfancia","twitter_site":"@Rayuelainfancia","twitter_misc":{"Written by":"Rayuelainfancia","Est. reading time":"4 minutos"},"schema":{"@context":"https:\/\/schema.org","@graph":[{"@type":"Organization","@id":"https:\/\/www.rayuelainfancia.com\/blog\/#organization","name":"Rayuelainfancia","url":"https:\/\/www.rayuelainfancia.com\/blog\/","sameAs":["https:\/\/www.facebook.com\/pages\/Librer\u00eda-Rayuela\/251861686361","https:\/\/www.youtube.com\/channel\/UCddVaoDjpTp-DexyEVoyazQ","https:\/\/twitter.com\/Rayuelainfancia"],"logo":{"@type":"ImageObject","@id":"https:\/\/www.rayuelainfancia.com\/blog\/#logo","inLanguage":"es","url":"https:\/\/www.rayuelainfancia.com\/blog\/wp-content\/uploads\/2018\/06\/logo-rayuelainfancia-color-corporativo.png","contentUrl":"https:\/\/www.rayuelainfancia.com\/blog\/wp-content\/uploads\/2018\/06\/logo-rayuelainfancia-color-corporativo.png","width":1200,"height":680,"caption":"Rayuelainfancia"},"image":{"@id":"https:\/\/www.rayuelainfancia.com\/blog\/#logo"}},{"@type":"WebSite","@id":"https:\/\/www.rayuelainfancia.com\/blog\/#website","url":"https:\/\/www.rayuelainfancia.com\/blog\/","name":"Blog de Rayuelainfancia","description":"Libros infantiles y juegos educaticos respestuosos con la infancia","publisher":{"@id":"https:\/\/www.rayuelainfancia.com\/blog\/#organization"},"potentialAction":[{"@type":"SearchAction","target":{"@type":"EntryPoint","urlTemplate":"https:\/\/www.rayuelainfancia.com\/blog\/?s={search_term_string}"},"query-input":"required name=search_term_string"}],"inLanguage":"es"},{"@type":"ImageObject","@id":"https:\/\/www.rayuelainfancia.com\/blog\/4-guias-para-que-tus-hijos-disfruten-leyendo-este-verano\/#primaryimage","inLanguage":"es","url":"https:\/\/www.rayuelainfancia.com\/blog\/wp-content\/uploads\/2022\/07\/Copia-de-Copia-de-Copia-de-LA-FELCHA-PLATEADA.png","contentUrl":"https:\/\/www.rayuelainfancia.com\/blog\/wp-content\/uploads\/2022\/07\/Copia-de-Copia-de-Copia-de-LA-FELCHA-PLATEADA.png","width":750,"height":410,"caption":"lecturas de verano para ni\u00f1os"},{"@type":"WebPage","@id":"https:\/\/www.rayuelainfancia.com\/blog\/4-guias-para-que-tus-hijos-disfruten-leyendo-este-verano\/#webpage","url":"https:\/\/www.rayuelainfancia.com\/blog\/4-guias-para-que-tus-hijos-disfruten-leyendo-este-verano\/","name":"4 GU\u00cdAS PARA QUE TUS HIJOS DISFRUTEN LEYENDO ESTE VERANO &#8902; Blog de Rayuelainfancia","isPartOf":{"@id":"https:\/\/www.rayuelainfancia.com\/blog\/#website"},"primaryImageOfPage":{"@id":"https:\/\/www.rayuelainfancia.com\/blog\/4-guias-para-que-tus-hijos-disfruten-leyendo-este-verano\/#primaryimage"},"datePublished":"2022-07-20T11:47:44+00:00","dateModified":"2023-03-30T18:15:36+00:00","description":"Disfrutar leyendo es posible y para ello te traemos 4 gu\u00edas para que tus hijos disfruten leyendo este verano. Sigue leyendo...","breadcrumb":{"@id":"https:\/\/www.rayuelainfancia.com\/blog\/4-guias-para-que-tus-hijos-disfruten-leyendo-este-verano\/#breadcrumb"},"inLanguage":"es","potentialAction":[{"@type":"ReadAction","target":["https:\/\/www.rayuelainfancia.com\/blog\/4-guias-para-que-tus-hijos-disfruten-leyendo-este-verano\/"]}]},{"@type":"BreadcrumbList","@id":"https:\/\/www.rayuelainfancia.com\/blog\/4-guias-para-que-tus-hijos-disfruten-leyendo-este-verano\/#breadcrumb","itemListElement":[{"@type":"ListItem","position":1,"name":"Portada","item":"https:\/\/www.rayuelainfancia.com\/blog\/"},{"@type":"ListItem","position":2,"name":"4 GU\u00cdAS PARA QUE TUS HIJOS DISFRUTEN LEYENDO ESTE VERANO"}]},{"@type":"Article","@id":"https:\/\/www.rayuelainfancia.com\/blog\/4-guias-para-que-tus-hijos-disfruten-leyendo-este-verano\/#article","isPartOf":{"@id":"https:\/\/www.rayuelainfancia.com\/blog\/4-guias-para-que-tus-hijos-disfruten-leyendo-este-verano\/#webpage"},"author":{"@id":"https:\/\/www.rayuelainfancia.com\/blog\/#\/schema\/person\/c1aff250c5154e35f53f26d0eba10c45"},"headline":"4 GU\u00cdAS PARA QUE TUS HIJOS DISFRUTEN LEYENDO ESTE VERANO","datePublished":"2022-07-20T11:47:44+00:00","dateModified":"2023-03-30T18:15:36+00:00","mainEntityOfPage":{"@id":"https:\/\/www.rayuelainfancia.com\/blog\/4-guias-para-que-tus-hijos-disfruten-leyendo-este-verano\/#webpage"},"wordCount":841,"commentCount":0,"publisher":{"@id":"https:\/\/www.rayuelainfancia.com\/blog\/#organization"},"image":{"@id":"https:\/\/www.rayuelainfancia.com\/blog\/4-guias-para-que-tus-hijos-disfruten-leyendo-este-verano\/#primaryimage"},"thumbnailUrl":"https:\/\/www.rayuelainfancia.com\/blog\/wp-content\/uploads\/2022\/07\/Copia-de-Copia-de-Copia-de-LA-FELCHA-PLATEADA.png","articleSection":["Literatura Infantil","Recomendaciones Libros y Juguetes"],"inLanguage":"es","potentialAction":[{"@type":"CommentAction","name":"Comment","target":["https:\/\/www.rayuelainfancia.com\/blog\/4-guias-para-que-tus-hijos-disfruten-leyendo-este-verano\/#respond"]}]},{"@type":"Person","@id":"https:\/\/www.rayuelainfancia.com\/blog\/#\/schema\/person\/c1aff250c5154e35f53f26d0eba10c45","name":"Rayuelainfancia","image":{"@type":"ImageObject","@id":"https:\/\/www.rayuelainfancia.com\/blog\/#personlogo","inLanguage":"es","url":"https:\/\/secure.gravatar.com\/avatar\/8bf03e7a4bb13ca5c7d0dc6acde2bfd1?s=96&d=mm&r=g","contentUrl":"https:\/\/secure.gravatar.com\/avatar\/8bf03e7a4bb13ca5c7d0dc6acde2bfd1?s=96&d=mm&r=g","caption":"Rayuelainfancia"}}]}},"_links":{"self":[{"href":"https:\/\/www.rayuelainfancia.com\/blog\/wp-json\/wp\/v2\/posts\/4749"}],"collection":[{"href":"https:\/\/www.rayuelainfancia.com\/blog\/wp-json\/wp\/v2\/posts"}],"about":[{"href":"https:\/\/www.rayuelainfancia.com\/blog\/wp-json\/wp\/v2\/types\/post"}],"author":[{"embeddable":true,"href":"https:\/\/www.rayuelainfancia.com\/blog\/wp-json\/wp\/v2\/users\/6"}],"replies":[{"embeddable":true,"href":"https:\/\/www.rayuelainfancia.com\/blog\/wp-json\/wp\/v2\/comments?post=4749"}],"version-history":[{"count":23,"href":"https:\/\/www.rayuelainfancia.com\/blog\/wp-json\/wp\/v2\/posts\/4749\/revisions"}],"predecessor-version":[{"id":5026,"href":"https:\/\/www.rayuelainfancia.com\/blog\/wp-json\/wp\/v2\/posts\/4749\/revisions\/5026"}],"wp:featuredmedia":[{"embeddable":true,"href":"https:\/\/www.rayuelainfancia.com\/blog\/wp-json\/wp\/v2\/media\/4773"}],"wp:attachment":[{"href":"https:\/\/www.rayuelainfancia.com\/blog\/wp-json\/wp\/v2\/media?parent=4749"}],"wp:term":[{"taxonomy":"category","embeddable":true,"href":"https:\/\/www.rayuelainfancia.com\/blog\/wp-json\/wp\/v2\/categories?post=4749"},{"taxonomy":"post_tag","embeddable":true,"href":"https:\/\/www.rayuelainfancia.com\/blog\/wp-json\/wp\/v2\/tags?post=4749"}],"curies":[{"name":"wp","href":"https:\/\/api.w.org\/{rel}","templated":true}]}}