 {"id":4617,"date":"2022-03-10T10:30:47","date_gmt":"2022-03-10T09:30:47","guid":{"rendered":"http:\/\/www.rayuelainfancia.com\/blog\/?p=4617"},"modified":"2022-09-30T10:36:14","modified_gmt":"2022-09-30T08:36:14","slug":"las-ninas-y-los-ninos-cuentan-xv-edicion","status":"publish","type":"post","link":"https:\/\/www.rayuelainfancia.com\/blog\/las-ninas-y-los-ninos-cuentan-xv-edicion\/","title":{"rendered":"LAS NI\u00d1AS Y LOS NI\u00d1OS CUENTAN XV EDICI\u00d3N"},"content":{"rendered":"<p style=\"text-align: justify;\">El pr\u00f3ximo s\u00e1bado 2 de Abril a las 18:30h, <strong>las ni\u00f1as y los ni\u00f1os toman la palabra <\/strong>en Rayuela.\u00a0Celebramos as\u00ed por\u00a0 decimoquinto a\u00f1o consecutivo la actividad m\u00e1s bonita y rayuelera\u00a0del a\u00f1o,<strong> \u00abLas ni\u00f1as y los ni\u00f1os cuentan\u00bb,<\/strong> en la que ellas y ellos son los protagonistas \u00bfTe apuntas?<\/p>\n<p><!--more--><\/p>\n<p style=\"text-align: justify;\"><strong><a href=\"mailto:actividades@rayuelainfancia.com\">Ap\u00fantate YA<\/a>\u00a0<\/strong>a esta actividad de Narraci\u00f3n Oral que estamos preparando para el\u00a0<strong>S\u00e1bado 2 de Abril<\/strong>\u00a0en conmemoraci\u00f3n del \u00abD\u00eda Internacional del Libro Infantil y Juvenil\u201d.<\/p>\n<blockquote>\n<p style=\"text-align: center;\"><b>Cu\u00e9ntanos un cuento, por favoooor\u2026 T\u00fa tienes la palabra ese d\u00eda y t\u00fa eres el\/la protagonista.<\/b><\/p>\n<\/blockquote>\n<p style=\"text-align: justify;\">\u00abLas ni\u00f1as y los ni\u00f1os cuentan\u00bb es una actividad muy especial que llevamos organizando 15 a\u00f1os consecutivos (\u00a1incluida pandemia!). Una <strong>sesi\u00f3n de narraci\u00f3n protagonizada por<\/strong>\u00a0los\u00a0<strong>ni\u00f1os y ni\u00f1as\u00a0<\/strong>que lo deseen, para conmemorar y\u00a0<strong>celebrar el D\u00eda del Libro Infantil<\/strong>. Adem\u00e1s ese d\u00eda disfrutamos de un 5% de descuento en todos los libros \u00a1Estamos de celebraci\u00f3n!<\/p>\n<p><img loading=\"lazy\" class=\"aligncenter wp-image-4631 size-full\" title=\"Las ni\u00f1as y los ni\u00f1os cuentan \" src=\"http:\/\/www.rayuelainfancia.com\/blog\/wp-content\/uploads\/2022\/03\/ninas-ninos-cuentan-fb-750x410-1.png\" alt=\"\" width=\"750\" height=\"410\" srcset=\"https:\/\/www.rayuelainfancia.com\/blog\/wp-content\/uploads\/2022\/03\/ninas-ninos-cuentan-fb-750x410-1.png 750w, https:\/\/www.rayuelainfancia.com\/blog\/wp-content\/uploads\/2022\/03\/ninas-ninos-cuentan-fb-750x410-1-300x164.png 300w\" sizes=\"(max-width: 750px) 100vw, 750px\" \/><\/p>\n<p>&nbsp;<\/p>\n<p style=\"text-align: justify;\">Los ni\u00f1os y ni\u00f1as <strong>toman la palabra<\/strong> en Rayuela, convirti\u00e9ndose en los verdaderos protagonistas. Pueden <strong>narrar un cuento como quieran<\/strong>, solos o acompa\u00f1ados, apoy\u00e1ndose en t\u00edteres, disfraces o simplemente usando la voz.<\/p>\n<p style=\"text-align: justify;\">La idea es disfrutar de una sesi\u00f3n de cuentos en la que <strong>los peques son los narradores<\/strong>. Pueden \u00absubir al escenario\u00bb acompa\u00f1ados por quien ellos quieran o solos. Pueden disfrazarse o no, usar atrezzo o no. La <strong>narraci\u00f3n es totalmente libre<\/strong> y lo \u00fanico que os pedimos es que no sea un cuento le\u00eddo, sino narrado.<\/p>\n<p style=\"text-align: justify;\"><strong>An\u00edmate a participar<\/strong> en la actividad rayuelera m\u00e1s hermosa del a\u00f1o.\u00a0<a href=\"actividades@rayuelainfancia.com\"><strong>Ap\u00fantate ya<\/strong><\/a> a esta actividad de narraci\u00f3n oral\u00a0<span class=\"highlightNode\">y<\/span>\u00a0d\u00e9janos tu nombre, edad, tel\u00e9fono\u00a0<span class=\"highlightNode\">y<\/span>, si ya lo sabes, el cuento que vas a contar.<\/p>\n<p>&nbsp;<\/p>\n<p style=\"text-align: justify;\"><img loading=\"lazy\" class=\"alignnone wp-image-4619 size-full\" title=\"Las ni\u00f1as y los ni\u00f1os cuentan XV Edici\u00f3n \" src=\"http:\/\/www.rayuelainfancia.com\/blog\/wp-content\/uploads\/2022\/03\/las-ni\u00f1as-y-los-ni\u00f1os-cuentan.png\" alt=\"las ni\u00f1as \" width=\"1587\" height=\"2245\" srcset=\"https:\/\/www.rayuelainfancia.com\/blog\/wp-content\/uploads\/2022\/03\/las-ni\u00f1as-y-los-ni\u00f1os-cuentan.png 1587w, https:\/\/www.rayuelainfancia.com\/blog\/wp-content\/uploads\/2022\/03\/las-ni\u00f1as-y-los-ni\u00f1os-cuentan-212x300.png 212w, https:\/\/www.rayuelainfancia.com\/blog\/wp-content\/uploads\/2022\/03\/las-ni\u00f1as-y-los-ni\u00f1os-cuentan-768x1086.png 768w, https:\/\/www.rayuelainfancia.com\/blog\/wp-content\/uploads\/2022\/03\/las-ni\u00f1as-y-los-ni\u00f1os-cuentan-724x1024.png 724w\" sizes=\"(max-width: 1587px) 100vw, 1587px\" \/><\/p>\n<p style=\"text-align: justify;\">Si\u00a0te apetece ver\u00a0<a href=\"https:\/\/www.youtube.com\/watch?v=Y4NsKsm4sX4&amp;list=PLT6leRM71aX0AOvwuWjkk7u-8yVGQfNGZ\"><strong>c\u00f3mo disfrutamos de esta actividad<\/strong> a\u00f1os anteriores<\/a>, te dejamos aqu\u00ed abajo un video resumen de hace algunos a\u00f1os. En esta ocasi\u00f3n tendremos que hacerlo un poco distinto, con distancias pertinentes y l\u00edmite de aforo, pero seguro que la vamos a disfrutar much\u00edsimo. <a href=\"mailto:actividades@rayuelainfancia.com\"><strong>\u00a1Reserva ya tu plaza!\u00a0<\/strong><\/a><\/p>\n<p><iframe loading=\"lazy\" title=\"VIII EDICI\u00d3N DE LAS NI\u00d1AS Y LOS NI\u00d1OS CUENTAN EN RAYUELA\" width=\"500\" height=\"281\" src=\"https:\/\/www.youtube.com\/embed\/UmhlXasx9XQ?start=70&#038;feature=oembed\" frameborder=\"0\" allow=\"accelerometer; autoplay; clipboard-write; encrypted-media; gyroscope; picture-in-picture\" allowfullscreen><\/iframe><\/p>\n<p>Una actividad organizada por Rayuelainfancia S.L con la colaboraci\u00f3n de ICAS y Ministerio de Cultura y Deporte.<\/p>\n<p><img loading=\"lazy\" class=\"alignnone wp-image-3511\" title=\"Rayuela organiza Las ni\u00f1as y los ni\u00f1os cuentan \" src=\"http:\/\/www.rayuelainfancia.com\/blog\/wp-content\/uploads\/2019\/05\/logo-rayuelainfancia-.png\" alt=\"Rayuela organiza Las ni\u00f1as y los ni\u00f1os cuentan \" width=\"106\" height=\"60\" srcset=\"https:\/\/www.rayuelainfancia.com\/blog\/wp-content\/uploads\/2019\/05\/logo-rayuelainfancia-.png 2000w, https:\/\/www.rayuelainfancia.com\/blog\/wp-content\/uploads\/2019\/05\/logo-rayuelainfancia--300x170.png 300w, https:\/\/www.rayuelainfancia.com\/blog\/wp-content\/uploads\/2019\/05\/logo-rayuelainfancia--768x435.png 768w, https:\/\/www.rayuelainfancia.com\/blog\/wp-content\/uploads\/2019\/05\/logo-rayuelainfancia--1024x580.png 1024w\" sizes=\"(max-width: 106px) 100vw, 106px\" \/><img loading=\"lazy\" class=\"alignnone wp-image-4368\" title=\"ICAS colabora con Las ni\u00f1as y los ni\u00f1os cuentan \" src=\"http:\/\/www.rayuelainfancia.com\/blog\/wp-content\/uploads\/2020\/01\/logo-vector-icas-1.jpg\" alt=\"ICAS colabora con Las ni\u00f1as y los ni\u00f1os cuentan \" width=\"145\" height=\"74\" srcset=\"https:\/\/www.rayuelainfancia.com\/blog\/wp-content\/uploads\/2020\/01\/logo-vector-icas-1.jpg 630w, https:\/\/www.rayuelainfancia.com\/blog\/wp-content\/uploads\/2020\/01\/logo-vector-icas-1-300x152.jpg 300w\" sizes=\"(max-width: 145px) 100vw, 145px\" \/><img loading=\"lazy\" class=\"alignnone wp-image-4572\" title=\"Ministerio de Cultura colabora con Las ni\u00f1as y los ni\u00f1os cuentan \" src=\"http:\/\/www.rayuelainfancia.com\/blog\/wp-content\/uploads\/2021\/11\/2560px-Logotipo_del_Ministerio_de_Cultura_y_Deporte.svg_.png\" alt=\"Ministerio de Cultura colabora con Las ni\u00f1as y los ni\u00f1os cuentan \" width=\"174\" height=\"56\" srcset=\"https:\/\/www.rayuelainfancia.com\/blog\/wp-content\/uploads\/2021\/11\/2560px-Logotipo_del_Ministerio_de_Cultura_y_Deporte.svg_.png 2560w, https:\/\/www.rayuelainfancia.com\/blog\/wp-content\/uploads\/2021\/11\/2560px-Logotipo_del_Ministerio_de_Cultura_y_Deporte.svg_-300x97.png 300w, https:\/\/www.rayuelainfancia.com\/blog\/wp-content\/uploads\/2021\/11\/2560px-Logotipo_del_Ministerio_de_Cultura_y_Deporte.svg_-768x248.png 768w, https:\/\/www.rayuelainfancia.com\/blog\/wp-content\/uploads\/2021\/11\/2560px-Logotipo_del_Ministerio_de_Cultura_y_Deporte.svg_-1024x331.png 1024w\" sizes=\"(max-width: 174px) 100vw, 174px\" \/><\/p>\n","protected":false},"excerpt":{"rendered":"<p>El pr\u00f3ximo s\u00e1bado 2 de Abril a las 18:30h, las ni\u00f1as y los ni\u00f1os toman la palabra en Rayuela.\u00a0Celebramos as\u00ed por\u00a0 decimoquinto a\u00f1o consecutivo la actividad m\u00e1s bonita y rayuelera\u00a0del a\u00f1o, \u00abLas ni\u00f1as y los ni\u00f1os cuentan\u00bb, en la que ellas y ellos son los protagonistas \u00bfTe apuntas?<\/p>\n","protected":false},"author":6,"featured_media":4630,"comment_status":"open","ping_status":"open","sticky":false,"template":"","format":"standard","meta":[],"categories":[18],"tags":[],"yoast_head":"<!-- This site is optimized with the Yoast SEO plugin v18.5.1 - https:\/\/yoast.com\/wordpress\/plugins\/seo\/ -->\n<title>LAS NI\u00d1AS Y LOS NI\u00d1OS CUENTAN XV EDICI\u00d3N &#8902; Blog de Rayuelainfancia<\/title>\n<meta name=\"description\" content=\"El pr\u00f3ximo s\u00e1bado 2 de Abril en Rayuela &quot;Las ni\u00f1as y los ni\u00f1os cuentan&quot;. Celebramos por\u00a0 XV a\u00f1o consecutivo la actividad m\u00e1s bonita del a\u00f1o \u00bfTe apuntas?\u00a0\" \/>\n<meta name=\"robots\" content=\"index, follow, max-snippet:-1, max-image-preview:large, max-video-preview:-1\" \/>\n<link rel=\"canonical\" href=\"https:\/\/www.rayuelainfancia.com\/blog\/las-ninas-y-los-ninos-cuentan-xv-edicion\/\" \/>\n<meta property=\"og:locale\" content=\"es_ES\" \/>\n<meta property=\"og:type\" content=\"article\" \/>\n<meta property=\"og:title\" content=\"LAS NI\u00d1AS Y LOS NI\u00d1OS CUENTAN XV EDICI\u00d3N &#8902; Blog de Rayuelainfancia\" \/>\n<meta property=\"og:description\" content=\"El pr\u00f3ximo s\u00e1bado 2 de Abril en Rayuela &quot;Las ni\u00f1as y los ni\u00f1os cuentan&quot;. Celebramos por\u00a0 XV a\u00f1o consecutivo la actividad m\u00e1s bonita del a\u00f1o \u00bfTe apuntas?\u00a0\" \/>\n<meta property=\"og:url\" content=\"https:\/\/www.rayuelainfancia.com\/blog\/las-ninas-y-los-ninos-cuentan-xv-edicion\/\" \/>\n<meta property=\"og:site_name\" content=\"Blog de Rayuelainfancia\" \/>\n<meta property=\"article:publisher\" content=\"https:\/\/www.facebook.com\/pages\/Librer\u00eda-Rayuela\/251861686361\" \/>\n<meta property=\"article:published_time\" content=\"2022-03-10T09:30:47+00:00\" \/>\n<meta property=\"article:modified_time\" content=\"2022-09-30T08:36:14+00:00\" \/>\n<meta property=\"og:image\" content=\"http:\/\/www.rayuelainfancia.com\/blog\/wp-content\/uploads\/2022\/03\/ni\u00f1as-cuentan-2022.png\" \/>\n\t<meta property=\"og:image:width\" content=\"750\" \/>\n\t<meta property=\"og:image:height\" content=\"410\" \/>\n\t<meta property=\"og:image:type\" content=\"image\/png\" \/>\n<meta name=\"twitter:card\" content=\"summary\" \/>\n<meta name=\"twitter:creator\" content=\"@Rayuelainfancia\" \/>\n<meta name=\"twitter:site\" content=\"@Rayuelainfancia\" \/>\n<meta name=\"twitter:label1\" content=\"Written by\" \/>\n\t<meta name=\"twitter:data1\" content=\"Rayuelainfancia\" \/>\n\t<meta name=\"twitter:label2\" content=\"Est. reading time\" \/>\n\t<meta name=\"twitter:data2\" content=\"2 minutos\" \/>\n<script type=\"application\/ld+json\" class=\"yoast-schema-graph\">{\"@context\":\"https:\/\/schema.org\",\"@graph\":[{\"@type\":\"Organization\",\"@id\":\"https:\/\/www.rayuelainfancia.com\/blog\/#organization\",\"name\":\"Rayuelainfancia\",\"url\":\"https:\/\/www.rayuelainfancia.com\/blog\/\",\"sameAs\":[\"https:\/\/www.facebook.com\/pages\/Librer\u00eda-Rayuela\/251861686361\",\"https:\/\/www.youtube.com\/channel\/UCddVaoDjpTp-DexyEVoyazQ\",\"https:\/\/twitter.com\/Rayuelainfancia\"],\"logo\":{\"@type\":\"ImageObject\",\"@id\":\"https:\/\/www.rayuelainfancia.com\/blog\/#logo\",\"inLanguage\":\"es\",\"url\":\"https:\/\/www.rayuelainfancia.com\/blog\/wp-content\/uploads\/2018\/06\/logo-rayuelainfancia-color-corporativo.png\",\"contentUrl\":\"https:\/\/www.rayuelainfancia.com\/blog\/wp-content\/uploads\/2018\/06\/logo-rayuelainfancia-color-corporativo.png\",\"width\":1200,\"height\":680,\"caption\":\"Rayuelainfancia\"},\"image\":{\"@id\":\"https:\/\/www.rayuelainfancia.com\/blog\/#logo\"}},{\"@type\":\"WebSite\",\"@id\":\"https:\/\/www.rayuelainfancia.com\/blog\/#website\",\"url\":\"https:\/\/www.rayuelainfancia.com\/blog\/\",\"name\":\"Blog de Rayuelainfancia\",\"description\":\"Libros infantiles y juegos educaticos respestuosos con la infancia\",\"publisher\":{\"@id\":\"https:\/\/www.rayuelainfancia.com\/blog\/#organization\"},\"potentialAction\":[{\"@type\":\"SearchAction\",\"target\":{\"@type\":\"EntryPoint\",\"urlTemplate\":\"https:\/\/www.rayuelainfancia.com\/blog\/?s={search_term_string}\"},\"query-input\":\"required name=search_term_string\"}],\"inLanguage\":\"es\"},{\"@type\":\"ImageObject\",\"@id\":\"https:\/\/www.rayuelainfancia.com\/blog\/las-ninas-y-los-ninos-cuentan-xv-edicion\/#primaryimage\",\"inLanguage\":\"es\",\"url\":\"https:\/\/www.rayuelainfancia.com\/blog\/wp-content\/uploads\/2022\/03\/ni\u00f1as-cuentan-2022.png\",\"contentUrl\":\"https:\/\/www.rayuelainfancia.com\/blog\/wp-content\/uploads\/2022\/03\/ni\u00f1as-cuentan-2022.png\",\"width\":750,\"height\":410,\"caption\":\"Las ni\u00f1as y los ni\u00f1os cuentan XV Edici\u00f3n\"},{\"@type\":\"WebPage\",\"@id\":\"https:\/\/www.rayuelainfancia.com\/blog\/las-ninas-y-los-ninos-cuentan-xv-edicion\/#webpage\",\"url\":\"https:\/\/www.rayuelainfancia.com\/blog\/las-ninas-y-los-ninos-cuentan-xv-edicion\/\",\"name\":\"LAS NI\u00d1AS Y LOS NI\u00d1OS CUENTAN XV EDICI\u00d3N &#8902; Blog de Rayuelainfancia\",\"isPartOf\":{\"@id\":\"https:\/\/www.rayuelainfancia.com\/blog\/#website\"},\"primaryImageOfPage\":{\"@id\":\"https:\/\/www.rayuelainfancia.com\/blog\/las-ninas-y-los-ninos-cuentan-xv-edicion\/#primaryimage\"},\"datePublished\":\"2022-03-10T09:30:47+00:00\",\"dateModified\":\"2022-09-30T08:36:14+00:00\",\"description\":\"El pr\u00f3ximo s\u00e1bado 2 de Abril en Rayuela \\\"Las ni\u00f1as y los ni\u00f1os cuentan\\\". Celebramos por\u00a0 XV a\u00f1o consecutivo la actividad m\u00e1s bonita del a\u00f1o \u00bfTe apuntas?\u00a0\",\"breadcrumb\":{\"@id\":\"https:\/\/www.rayuelainfancia.com\/blog\/las-ninas-y-los-ninos-cuentan-xv-edicion\/#breadcrumb\"},\"inLanguage\":\"es\",\"potentialAction\":[{\"@type\":\"ReadAction\",\"target\":[\"https:\/\/www.rayuelainfancia.com\/blog\/las-ninas-y-los-ninos-cuentan-xv-edicion\/\"]}]},{\"@type\":\"BreadcrumbList\",\"@id\":\"https:\/\/www.rayuelainfancia.com\/blog\/las-ninas-y-los-ninos-cuentan-xv-edicion\/#breadcrumb\",\"itemListElement\":[{\"@type\":\"ListItem\",\"position\":1,\"name\":\"Portada\",\"item\":\"https:\/\/www.rayuelainfancia.com\/blog\/\"},{\"@type\":\"ListItem\",\"position\":2,\"name\":\"LAS NI\u00d1AS Y LOS NI\u00d1OS CUENTAN XV EDICI\u00d3N\"}]},{\"@type\":\"Article\",\"@id\":\"https:\/\/www.rayuelainfancia.com\/blog\/las-ninas-y-los-ninos-cuentan-xv-edicion\/#article\",\"isPartOf\":{\"@id\":\"https:\/\/www.rayuelainfancia.com\/blog\/las-ninas-y-los-ninos-cuentan-xv-edicion\/#webpage\"},\"author\":{\"@id\":\"https:\/\/www.rayuelainfancia.com\/blog\/#\/schema\/person\/c1aff250c5154e35f53f26d0eba10c45\"},\"headline\":\"LAS NI\u00d1AS Y LOS NI\u00d1OS CUENTAN XV EDICI\u00d3N\",\"datePublished\":\"2022-03-10T09:30:47+00:00\",\"dateModified\":\"2022-09-30T08:36:14+00:00\",\"mainEntityOfPage\":{\"@id\":\"https:\/\/www.rayuelainfancia.com\/blog\/las-ninas-y-los-ninos-cuentan-xv-edicion\/#webpage\"},\"wordCount\":415,\"commentCount\":0,\"publisher\":{\"@id\":\"https:\/\/www.rayuelainfancia.com\/blog\/#organization\"},\"image\":{\"@id\":\"https:\/\/www.rayuelainfancia.com\/blog\/las-ninas-y-los-ninos-cuentan-xv-edicion\/#primaryimage\"},\"thumbnailUrl\":\"https:\/\/www.rayuelainfancia.com\/blog\/wp-content\/uploads\/2022\/03\/ni\u00f1as-cuentan-2022.png\",\"articleSection\":[\"Actividades Cuentacuentos\"],\"inLanguage\":\"es\",\"potentialAction\":[{\"@type\":\"CommentAction\",\"name\":\"Comment\",\"target\":[\"https:\/\/www.rayuelainfancia.com\/blog\/las-ninas-y-los-ninos-cuentan-xv-edicion\/#respond\"]}]},{\"@type\":\"Person\",\"@id\":\"https:\/\/www.rayuelainfancia.com\/blog\/#\/schema\/person\/c1aff250c5154e35f53f26d0eba10c45\",\"name\":\"Rayuelainfancia\",\"image\":{\"@type\":\"ImageObject\",\"@id\":\"https:\/\/www.rayuelainfancia.com\/blog\/#personlogo\",\"inLanguage\":\"es\",\"url\":\"https:\/\/secure.gravatar.com\/avatar\/8bf03e7a4bb13ca5c7d0dc6acde2bfd1?s=96&d=mm&r=g\",\"contentUrl\":\"https:\/\/secure.gravatar.com\/avatar\/8bf03e7a4bb13ca5c7d0dc6acde2bfd1?s=96&d=mm&r=g\",\"caption\":\"Rayuelainfancia\"}}]}<\/script>\n<!-- \/ Yoast SEO plugin. -->","yoast_head_json":{"title":"LAS NI\u00d1AS Y LOS NI\u00d1OS CUENTAN XV EDICI\u00d3N &#8902; Blog de Rayuelainfancia","description":"El pr\u00f3ximo s\u00e1bado 2 de Abril en Rayuela \"Las ni\u00f1as y los ni\u00f1os cuentan\". Celebramos por\u00a0 XV a\u00f1o consecutivo la actividad m\u00e1s bonita del a\u00f1o \u00bfTe apuntas?\u00a0","robots":{"index":"index","follow":"follow","max-snippet":"max-snippet:-1","max-image-preview":"max-image-preview:large","max-video-preview":"max-video-preview:-1"},"canonical":"https:\/\/www.rayuelainfancia.com\/blog\/las-ninas-y-los-ninos-cuentan-xv-edicion\/","og_locale":"es_ES","og_type":"article","og_title":"LAS NI\u00d1AS Y LOS NI\u00d1OS CUENTAN XV EDICI\u00d3N &#8902; Blog de Rayuelainfancia","og_description":"El pr\u00f3ximo s\u00e1bado 2 de Abril en Rayuela \"Las ni\u00f1as y los ni\u00f1os cuentan\". Celebramos por\u00a0 XV a\u00f1o consecutivo la actividad m\u00e1s bonita del a\u00f1o \u00bfTe apuntas?\u00a0","og_url":"https:\/\/www.rayuelainfancia.com\/blog\/las-ninas-y-los-ninos-cuentan-xv-edicion\/","og_site_name":"Blog de Rayuelainfancia","article_publisher":"https:\/\/www.facebook.com\/pages\/Librer\u00eda-Rayuela\/251861686361","article_published_time":"2022-03-10T09:30:47+00:00","article_modified_time":"2022-09-30T08:36:14+00:00","og_image":[{"width":750,"height":410,"url":"http:\/\/www.rayuelainfancia.com\/blog\/wp-content\/uploads\/2022\/03\/ni\u00f1as-cuentan-2022.png","type":"image\/png"}],"twitter_card":"summary","twitter_creator":"@Rayuelainfancia","twitter_site":"@Rayuelainfancia","twitter_misc":{"Written by":"Rayuelainfancia","Est. reading time":"2 minutos"},"schema":{"@context":"https:\/\/schema.org","@graph":[{"@type":"Organization","@id":"https:\/\/www.rayuelainfancia.com\/blog\/#organization","name":"Rayuelainfancia","url":"https:\/\/www.rayuelainfancia.com\/blog\/","sameAs":["https:\/\/www.facebook.com\/pages\/Librer\u00eda-Rayuela\/251861686361","https:\/\/www.youtube.com\/channel\/UCddVaoDjpTp-DexyEVoyazQ","https:\/\/twitter.com\/Rayuelainfancia"],"logo":{"@type":"ImageObject","@id":"https:\/\/www.rayuelainfancia.com\/blog\/#logo","inLanguage":"es","url":"https:\/\/www.rayuelainfancia.com\/blog\/wp-content\/uploads\/2018\/06\/logo-rayuelainfancia-color-corporativo.png","contentUrl":"https:\/\/www.rayuelainfancia.com\/blog\/wp-content\/uploads\/2018\/06\/logo-rayuelainfancia-color-corporativo.png","width":1200,"height":680,"caption":"Rayuelainfancia"},"image":{"@id":"https:\/\/www.rayuelainfancia.com\/blog\/#logo"}},{"@type":"WebSite","@id":"https:\/\/www.rayuelainfancia.com\/blog\/#website","url":"https:\/\/www.rayuelainfancia.com\/blog\/","name":"Blog de Rayuelainfancia","description":"Libros infantiles y juegos educaticos respestuosos con la infancia","publisher":{"@id":"https:\/\/www.rayuelainfancia.com\/blog\/#organization"},"potentialAction":[{"@type":"SearchAction","target":{"@type":"EntryPoint","urlTemplate":"https:\/\/www.rayuelainfancia.com\/blog\/?s={search_term_string}"},"query-input":"required name=search_term_string"}],"inLanguage":"es"},{"@type":"ImageObject","@id":"https:\/\/www.rayuelainfancia.com\/blog\/las-ninas-y-los-ninos-cuentan-xv-edicion\/#primaryimage","inLanguage":"es","url":"https:\/\/www.rayuelainfancia.com\/blog\/wp-content\/uploads\/2022\/03\/ni\u00f1as-cuentan-2022.png","contentUrl":"https:\/\/www.rayuelainfancia.com\/blog\/wp-content\/uploads\/2022\/03\/ni\u00f1as-cuentan-2022.png","width":750,"height":410,"caption":"Las ni\u00f1as y los ni\u00f1os cuentan XV Edici\u00f3n"},{"@type":"WebPage","@id":"https:\/\/www.rayuelainfancia.com\/blog\/las-ninas-y-los-ninos-cuentan-xv-edicion\/#webpage","url":"https:\/\/www.rayuelainfancia.com\/blog\/las-ninas-y-los-ninos-cuentan-xv-edicion\/","name":"LAS NI\u00d1AS Y LOS NI\u00d1OS CUENTAN XV EDICI\u00d3N &#8902; Blog de Rayuelainfancia","isPartOf":{"@id":"https:\/\/www.rayuelainfancia.com\/blog\/#website"},"primaryImageOfPage":{"@id":"https:\/\/www.rayuelainfancia.com\/blog\/las-ninas-y-los-ninos-cuentan-xv-edicion\/#primaryimage"},"datePublished":"2022-03-10T09:30:47+00:00","dateModified":"2022-09-30T08:36:14+00:00","description":"El pr\u00f3ximo s\u00e1bado 2 de Abril en Rayuela \"Las ni\u00f1as y los ni\u00f1os cuentan\". Celebramos por\u00a0 XV a\u00f1o consecutivo la actividad m\u00e1s bonita del a\u00f1o \u00bfTe apuntas?\u00a0","breadcrumb":{"@id":"https:\/\/www.rayuelainfancia.com\/blog\/las-ninas-y-los-ninos-cuentan-xv-edicion\/#breadcrumb"},"inLanguage":"es","potentialAction":[{"@type":"ReadAction","target":["https:\/\/www.rayuelainfancia.com\/blog\/las-ninas-y-los-ninos-cuentan-xv-edicion\/"]}]},{"@type":"BreadcrumbList","@id":"https:\/\/www.rayuelainfancia.com\/blog\/las-ninas-y-los-ninos-cuentan-xv-edicion\/#breadcrumb","itemListElement":[{"@type":"ListItem","position":1,"name":"Portada","item":"https:\/\/www.rayuelainfancia.com\/blog\/"},{"@type":"ListItem","position":2,"name":"LAS NI\u00d1AS Y LOS NI\u00d1OS CUENTAN XV EDICI\u00d3N"}]},{"@type":"Article","@id":"https:\/\/www.rayuelainfancia.com\/blog\/las-ninas-y-los-ninos-cuentan-xv-edicion\/#article","isPartOf":{"@id":"https:\/\/www.rayuelainfancia.com\/blog\/las-ninas-y-los-ninos-cuentan-xv-edicion\/#webpage"},"author":{"@id":"https:\/\/www.rayuelainfancia.com\/blog\/#\/schema\/person\/c1aff250c5154e35f53f26d0eba10c45"},"headline":"LAS NI\u00d1AS Y LOS NI\u00d1OS CUENTAN XV EDICI\u00d3N","datePublished":"2022-03-10T09:30:47+00:00","dateModified":"2022-09-30T08:36:14+00:00","mainEntityOfPage":{"@id":"https:\/\/www.rayuelainfancia.com\/blog\/las-ninas-y-los-ninos-cuentan-xv-edicion\/#webpage"},"wordCount":415,"commentCount":0,"publisher":{"@id":"https:\/\/www.rayuelainfancia.com\/blog\/#organization"},"image":{"@id":"https:\/\/www.rayuelainfancia.com\/blog\/las-ninas-y-los-ninos-cuentan-xv-edicion\/#primaryimage"},"thumbnailUrl":"https:\/\/www.rayuelainfancia.com\/blog\/wp-content\/uploads\/2022\/03\/ni\u00f1as-cuentan-2022.png","articleSection":["Actividades Cuentacuentos"],"inLanguage":"es","potentialAction":[{"@type":"CommentAction","name":"Comment","target":["https:\/\/www.rayuelainfancia.com\/blog\/las-ninas-y-los-ninos-cuentan-xv-edicion\/#respond"]}]},{"@type":"Person","@id":"https:\/\/www.rayuelainfancia.com\/blog\/#\/schema\/person\/c1aff250c5154e35f53f26d0eba10c45","name":"Rayuelainfancia","image":{"@type":"ImageObject","@id":"https:\/\/www.rayuelainfancia.com\/blog\/#personlogo","inLanguage":"es","url":"https:\/\/secure.gravatar.com\/avatar\/8bf03e7a4bb13ca5c7d0dc6acde2bfd1?s=96&d=mm&r=g","contentUrl":"https:\/\/secure.gravatar.com\/avatar\/8bf03e7a4bb13ca5c7d0dc6acde2bfd1?s=96&d=mm&r=g","caption":"Rayuelainfancia"}}]}},"_links":{"self":[{"href":"https:\/\/www.rayuelainfancia.com\/blog\/wp-json\/wp\/v2\/posts\/4617"}],"collection":[{"href":"https:\/\/www.rayuelainfancia.com\/blog\/wp-json\/wp\/v2\/posts"}],"about":[{"href":"https:\/\/www.rayuelainfancia.com\/blog\/wp-json\/wp\/v2\/types\/post"}],"author":[{"embeddable":true,"href":"https:\/\/www.rayuelainfancia.com\/blog\/wp-json\/wp\/v2\/users\/6"}],"replies":[{"embeddable":true,"href":"https:\/\/www.rayuelainfancia.com\/blog\/wp-json\/wp\/v2\/comments?post=4617"}],"version-history":[{"count":23,"href":"https:\/\/www.rayuelainfancia.com\/blog\/wp-json\/wp\/v2\/posts\/4617\/revisions"}],"predecessor-version":[{"id":4678,"href":"https:\/\/www.rayuelainfancia.com\/blog\/wp-json\/wp\/v2\/posts\/4617\/revisions\/4678"}],"wp:featuredmedia":[{"embeddable":true,"href":"https:\/\/www.rayuelainfancia.com\/blog\/wp-json\/wp\/v2\/media\/4630"}],"wp:attachment":[{"href":"https:\/\/www.rayuelainfancia.com\/blog\/wp-json\/wp\/v2\/media?parent=4617"}],"wp:term":[{"taxonomy":"category","embeddable":true,"href":"https:\/\/www.rayuelainfancia.com\/blog\/wp-json\/wp\/v2\/categories?post=4617"},{"taxonomy":"post_tag","embeddable":true,"href":"https:\/\/www.rayuelainfancia.com\/blog\/wp-json\/wp\/v2\/tags?post=4617"}],"curies":[{"name":"wp","href":"https:\/\/api.w.org\/{rel}","templated":true}]}}