 {"id":4562,"date":"2021-11-16T11:13:42","date_gmt":"2021-11-16T10:13:42","guid":{"rendered":"http:\/\/www.rayuelainfancia.com\/blog\/?p=4562"},"modified":"2021-11-17T12:13:50","modified_gmt":"2021-11-17T11:13:50","slug":"el-libro-del-mundo","status":"publish","type":"post","link":"https:\/\/www.rayuelainfancia.com\/blog\/el-libro-del-mundo\/","title":{"rendered":"EL LIBRO DEL MUNDO: EJEMPLARES AGOTADOS"},"content":{"rendered":"<div class=\"\" dir=\"auto\">\n<div id=\"jsc_c_1u\" class=\"ecm0bbzt hv4rvrfc ihqw7lf3 dati1w0a\" data-ad-comet-preview=\"message\" data-ad-preview=\"message\">\n<div class=\"j83agx80 cbu4d94t ew0dbk1b irj2b8pg\">\n<div class=\"qzhwtbm6 knvmm38d\">\n<div class=\"kvgmc6g5 cxmmr5t8 oygrvhab hcukyx3x c1et5uql ii04i59q\">\n<div dir=\"auto\">Este<strong> jueves 18 a las 18:30h.<\/strong> en la Biblioteca de Camas acomp\u00e1\u00f1anos a celebrar el acto de entrega de la recaudaci\u00f3n obtenido por <strong>\u00abEl libro del mundo\u00bb<\/strong>.<\/div>\n<\/div>\n<\/div>\n<\/div>\n<\/div>\n<\/div>\n<p><!--more--><\/p>\n<div id=\"jsc_c_1v\" class=\"l9j0dhe7\">\n<div class=\"l9j0dhe7\">\n<div class=\"l9j0dhe7 stjgntxs ni8dbmo4 cbu4d94t j83agx80\">\n<div class=\"l9j0dhe7 stjgntxs ni8dbmo4\">\n<div class=\"l9j0dhe7\">\n<div class=\"bp9cbjyn cwj9ozl2 j83agx80 cbu4d94t ni8dbmo4 stjgntxs l9j0dhe7 k4urcfbm\">\n<div class=\"do00u71z ni8dbmo4 stjgntxs l9j0dhe7\">\n<div class=\"pmk7jnqg kr520xx4\">\n<div class=\"kvgmc6g5 cxmmr5t8 oygrvhab hcukyx3x c1et5uql ii04i59q\">\n<h2 dir=\"auto\">\u00abEl libro del mundo\u00bb. Edici\u00f3n agotada.<\/h2>\n<div dir=\"auto\">\u00abEl libro del mundo\u00bb, editado por Rayuelainfancia, nacido de un regalo especial\u00edsimo que nos hicieron los autores Eliacer Cansino y Ra\u00fal Guridi y al que convertimos en ben\u00e9fico para la <a class=\"oajrlxb2 g5ia77u1 qu0x051f esr5mh6w e9989ue4 r7d6kgcz rq0escxv nhd2j8a9 nc684nl6 p7hjln8o kvgmc6g5 cxmmr5t8 oygrvhab hcukyx3x jb3vyjys rz4wbd8a qt6c0cv9 a8nywdso i1ao9s8h esuyzwwr f1sip0of lzcic4wl q66pz984 gpro0wi8 b1v8xokw\" tabindex=\"0\" role=\"link\" href=\"https:\/\/danzamobile.es\/\"><span class=\"nc684nl6\">Danza Mobile<\/span><\/a> y <a class=\"oajrlxb2 g5ia77u1 qu0x051f esr5mh6w e9989ue4 r7d6kgcz rq0escxv nhd2j8a9 nc684nl6 p7hjln8o kvgmc6g5 cxmmr5t8 oygrvhab hcukyx3x jb3vyjys rz4wbd8a qt6c0cv9 a8nywdso i1ao9s8h esuyzwwr f1sip0of lzcic4wl q66pz984 gpro0wi8 b1v8xokw\" tabindex=\"0\" role=\"link\" href=\"https:\/\/www.facebook.com\/casadepalabrasandalucia\/\"><span class=\"nc684nl6\">Casa de Palabras Andaluc\u00eda<\/span><\/a> , ha agotado su edici\u00f3n.<\/div>\n<\/div>\n<div class=\"o9v6fnle cxmmr5t8 oygrvhab hcukyx3x c1et5uql ii04i59q\">\n<div dir=\"auto\"><\/div>\n<\/div>\n<div class=\"o9v6fnle cxmmr5t8 oygrvhab hcukyx3x c1et5uql ii04i59q\">\n<div dir=\"auto\">Y con este motivo, se va a realizar un<strong> acto de entrega de la recaudaci\u00f3n obtenida<\/strong>. Un acto agradable, sencillo, con breves lecturas, alguna que otra narraci\u00f3n y toda la alegr\u00eda por el reencuentro y los nuevos proyectos.<\/div>\n<div dir=\"auto\"><\/div>\n<div dir=\"auto\"><a href=\"www.rayuelainfancia.com\"><img loading=\"lazy\" class=\"alignnone size-full wp-image-4563\" src=\"http:\/\/www.rayuelainfancia.com\/blog\/wp-content\/uploads\/2021\/11\/256815541_1196949354130463_6546531683112828894_n.jpg\" alt=\"\" width=\"1080\" height=\"1350\" srcset=\"https:\/\/www.rayuelainfancia.com\/blog\/wp-content\/uploads\/2021\/11\/256815541_1196949354130463_6546531683112828894_n.jpg 1080w, https:\/\/www.rayuelainfancia.com\/blog\/wp-content\/uploads\/2021\/11\/256815541_1196949354130463_6546531683112828894_n-240x300.jpg 240w, https:\/\/www.rayuelainfancia.com\/blog\/wp-content\/uploads\/2021\/11\/256815541_1196949354130463_6546531683112828894_n-768x960.jpg 768w, https:\/\/www.rayuelainfancia.com\/blog\/wp-content\/uploads\/2021\/11\/256815541_1196949354130463_6546531683112828894_n-819x1024.jpg 819w\" sizes=\"(max-width: 1080px) 100vw, 1080px\" \/><\/a><\/div>\n<div dir=\"auto\"><\/div>\n<div dir=\"auto\"><\/div>\n<\/div>\n<div class=\"o9v6fnle cxmmr5t8 oygrvhab hcukyx3x c1et5uql ii04i59q\">\n<div dir=\"auto\"><\/div>\n<div dir=\"auto\">Como ya sab\u00e9is estas dos asociaciones, Danza Mobile y Casa de Palabras Andaluc\u00eda, realizan proyectos de promoci\u00f3n de la lectura, las artes esc\u00e9nicas y cultura para todos.\u00a0 Te invitamos a pasar este rato con nosotros. Te esperamos en la Sala Infantil de la <a class=\"oajrlxb2 g5ia77u1 qu0x051f esr5mh6w e9989ue4 r7d6kgcz rq0escxv nhd2j8a9 nc684nl6 p7hjln8o kvgmc6g5 cxmmr5t8 oygrvhab hcukyx3x jb3vyjys rz4wbd8a qt6c0cv9 a8nywdso i1ao9s8h esuyzwwr f1sip0of lzcic4wl q66pz984 gpro0wi8 b1v8xokw\" tabindex=\"0\" role=\"link\" href=\"https:\/\/www.facebook.com\/bibliotecadecamas\/?__cft__[0]=AZUKE5F7CaQLLteocLJJMkvaTnZKtlD0Bv3-5GOXqXF3OLZ3U7bNJhMn4xxV2z8oZS0uIkM9oSeq_IrcWVUzjldEArgU-bZ_XY72MrKFSAeTruahirU1N6w_-vy2LOCI1bCioSlD96yE722p_Nr75QpuMH1IWcCJqmV6u12uAYijKgLvqoDBwjKpcB3Tjx_8t2g&amp;__tn__=kK-R\"><span class=\"nc684nl6\">Biblioteca P\u00fablica Municipal de Camas<\/span><\/a> este jueves a las 18:00h.<\/div>\n<\/div>\n<\/div>\n<\/div>\n<\/div>\n<\/div>\n<\/div>\n<\/div>\n<\/div>\n<\/div>\n<div dir=\"auto\"><\/div>\n<h2 dir=\"auto\">El libro del mundo: Un libro ben\u00e9fico y solidario<\/h2>\n<div dir=\"auto\">\n<p>Un buen d\u00eda, el escritor\u00a0<strong>Eliacer Cansino<\/strong>, Premio Nacional de Literatura Infantil y Juvenil Y Premio Lazarillo entre otros, nos trajo este hermoso relato como regalo\u00a0 por nuestro 20 cumplea\u00f1os. Cuando lo le\u00edmos, ya sentimos que\u00a0<strong>era una lectura de esas que no te dejan indiferente. \u00ab<\/strong>El libro del mundo\u00bb\u00a0nos\u00a0invita a reflexionar sobre\u00a0<strong>el significado de la palabra LEER<\/strong>, y nos deja m\u00e1s preguntas que respuestas.<\/p>\n<p>Nos sentimos emocionados tanto por el regalo como por la lectura en s\u00ed y comenzamos a difundirlo entre personas y grupos cercanos. Contactamos as\u00ed con\u00a0<a href=\"http:\/\/guridi.blogspot.com\/\"><strong>Ra\u00fal Guridi<\/strong><\/a>, un ilustrador que asumi\u00f3 el reto de\u00a0 realizar las ilustraciones que componen \u00abEl libro del mundo\u00bb, para el que <strong>elige una paleta blanco y negro.<\/strong><\/p>\n<p><img loading=\"lazy\" class=\"alignnone size-full wp-image-4576 aligncenter\" src=\"http:\/\/www.rayuelainfancia.com\/blog\/wp-content\/uploads\/2021\/11\/el-libro-del-mundo-dos.jpg\" alt=\"\" width=\"713\" height=\"577\" srcset=\"https:\/\/www.rayuelainfancia.com\/blog\/wp-content\/uploads\/2021\/11\/el-libro-del-mundo-dos.jpg 713w, https:\/\/www.rayuelainfancia.com\/blog\/wp-content\/uploads\/2021\/11\/el-libro-del-mundo-dos-300x243.jpg 300w\" sizes=\"(max-width: 713px) 100vw, 713px\" \/><\/p>\n<\/div>\n<div id=\"jsc_c_1v\" class=\"l9j0dhe7\">\n<div class=\"l9j0dhe7\">\n<div class=\"l9j0dhe7 stjgntxs ni8dbmo4 cbu4d94t j83agx80\">\n<div class=\"l9j0dhe7 stjgntxs ni8dbmo4\">\n<div class=\"l9j0dhe7\">\n<div class=\"bp9cbjyn cwj9ozl2 j83agx80 cbu4d94t ni8dbmo4 stjgntxs l9j0dhe7 k4urcfbm\">\n<div dir=\"auto\">Al ver el resultado nos sentimos felizmente <strong>comprometidos a darle forma de libro<\/strong>. Lo maquetamos, lo llevamos a imprenta y esperamos a que naciera. Decidimos que tanto regalo ten\u00eda que reintegrarse de alguna manera. Resolvimos<strong>\u00a0donar \u00edntegramente los beneficios derivados de la venta del libro<\/strong>\u00a0a dos organizaciones relacionadas con la lectura y con la infancia.<\/div>\n<div dir=\"auto\"><\/div>\n<\/div>\n<\/div>\n<\/div>\n<\/div>\n<\/div>\n<\/div>\n<div dir=\"auto\"><\/div>\n<div dir=\"auto\">Este jueves celebramos que se ha agotado su edici\u00f3n y <strong>haremos entrega de los beneficios obtenidos<\/strong> gracias a vuestros compromiso y solidaridad y tambi\u00e9n gracias a vuestros amor por la literatura infantil comprometida.<\/div>\n<div dir=\"auto\"><\/div>\n<div dir=\"auto\">Programa de Actividades de la Librer\u00eda Rayuela: Una actividad organizada por Rayuelainfancia en colaboraci\u00f3n con Casa de Palabras Andaluc\u00eda, Danza Mobile y la Biblioteca Municipal de Camas.<\/div>\n<div dir=\"auto\"><\/div>\n<div dir=\"auto\">Con el apoyo de <a href=\"https:\/\/icas.sevilla.org\/\">ICAS<\/a> y el <a href=\"https:\/\/www.culturaydeporte.gob.es\/portada.html\">Ministerio de Cultura y Deporte<\/a>.<\/div>\n<div dir=\"auto\"><\/div>\n<div id=\"jsc_c_1v\" class=\"l9j0dhe7\">\n<div class=\"l9j0dhe7\">\n<div class=\"l9j0dhe7 stjgntxs ni8dbmo4 cbu4d94t j83agx80\">\n<div class=\"l9j0dhe7 stjgntxs ni8dbmo4\">\n<div class=\"l9j0dhe7\">\n<div class=\"bp9cbjyn cwj9ozl2 j83agx80 cbu4d94t ni8dbmo4 stjgntxs l9j0dhe7 k4urcfbm\">\n<div class=\"do00u71z ni8dbmo4 stjgntxs l9j0dhe7\">\n<div class=\"pmk7jnqg kr520xx4\">\n<div class=\"o9v6fnle cxmmr5t8 oygrvhab hcukyx3x c1et5uql ii04i59q\">\n<div dir=\"auto\"><\/div>\n<\/div>\n<\/div>\n<\/div>\n<\/div>\n<div class=\"i09qtzwb n7fi1qx3 datstx6m pmk7jnqg j9ispegn kr520xx4 k4urcfbm\" data-visualcompletion=\"ignore\">\n<div class=\"k4urcfbm l9j0dhe7 datstx6m a8c37x1j du4w35lb\">\n<div class=\"k4urcfbm l9j0dhe7 datstx6m a8c37x1j du4w35lb\">\n<div class=\"k4urcfbm l9j0dhe7 datstx6m a8c37x1j du4w35lb\">\n<div class=\"k4urcfbm l9j0dhe7 datstx6m a8c37x1j du4w35lb\">\n<div class=\"k4urcfbm l9j0dhe7 datstx6m a8c37x1j du4w35lb\">\n<div class=\"datstx6m l9j0dhe7 k4urcfbm\">\n<div class=\"datstx6m l9j0dhe7 k4urcfbm\">\n<div class=\"k4urcfbm hwddc3l5 datstx6m\"><\/div>\n<\/div>\n<\/div>\n<\/div>\n<\/div>\n<\/div>\n<\/div>\n<div data-instancekey=\"id-vpuid-f11dbab9d9c3dc4\">\n<div class=\"k4urcfbm kr520xx4 pmk7jnqg datstx6m\" data-visualcompletion=\"ignore\">\n<div class=\"tv7at329 b5wmifdl pmk7jnqg kfkz5moi rk01pc8j py2didcb hwaazqwg kmdw4o4n l23jz15m e4zzj2sf thwo4zme kr9hpln1\"><img loading=\"lazy\" class=\"alignnone wp-image-4566 alignleft\" src=\"http:\/\/www.rayuelainfancia.com\/blog\/wp-content\/uploads\/2021\/11\/descarga.png\" alt=\"\" width=\"151\" height=\"35\" \/> <img loading=\"lazy\" class=\"alignnone wp-image-4565 alignleft\" src=\"http:\/\/www.rayuelainfancia.com\/blog\/wp-content\/uploads\/2021\/11\/danzamobile-logo-color-e1446253829949.png\" alt=\"\" width=\"80\" height=\"35\" \/><img loading=\"lazy\" class=\"alignnone wp-image-4568 alignleft\" src=\"http:\/\/www.rayuelainfancia.com\/blog\/wp-content\/uploads\/2021\/11\/cropped-logotipo-nuevo-biblioteca-01.png\" alt=\"\" width=\"96\" height=\"20\" \/><img loading=\"lazy\" class=\"alignnone wp-image-4571 alignleft\" src=\"http:\/\/www.rayuelainfancia.com\/blog\/wp-content\/uploads\/2021\/11\/logo_ICAS-1.png\" alt=\"\" width=\"118\" height=\"34\" \/><img loading=\"lazy\" class=\"alignnone wp-image-4572 alignleft\" src=\"http:\/\/www.rayuelainfancia.com\/blog\/wp-content\/uploads\/2021\/11\/2560px-Logotipo_del_Ministerio_de_Cultura_y_Deporte.svg_.png\" alt=\"\" width=\"103\" height=\"32\" srcset=\"https:\/\/www.rayuelainfancia.com\/blog\/wp-content\/uploads\/2021\/11\/2560px-Logotipo_del_Ministerio_de_Cultura_y_Deporte.svg_.png 2560w, https:\/\/www.rayuelainfancia.com\/blog\/wp-content\/uploads\/2021\/11\/2560px-Logotipo_del_Ministerio_de_Cultura_y_Deporte.svg_-300x97.png 300w, https:\/\/www.rayuelainfancia.com\/blog\/wp-content\/uploads\/2021\/11\/2560px-Logotipo_del_Ministerio_de_Cultura_y_Deporte.svg_-768x248.png 768w, https:\/\/www.rayuelainfancia.com\/blog\/wp-content\/uploads\/2021\/11\/2560px-Logotipo_del_Ministerio_de_Cultura_y_Deporte.svg_-1024x331.png 1024w\" sizes=\"(max-width: 103px) 100vw, 103px\" \/><\/div>\n<\/div>\n<\/div>\n<\/div>\n<\/div>\n<\/div>\n<\/div>\n<\/div>\n<\/div>\n<\/div>\n","protected":false},"excerpt":{"rendered":"<p>Este jueves 18 a las 18:30h. en la Biblioteca de Camas acomp\u00e1\u00f1anos a celebrar el acto de entrega de la recaudaci\u00f3n obtenido por \u00abEl libro del mundo\u00bb.<\/p>\n","protected":false},"author":6,"featured_media":4578,"comment_status":"open","ping_status":"open","sticky":true,"template":"","format":"standard","meta":[],"categories":[18],"tags":[],"yoast_head":"<!-- This site is optimized with the Yoast SEO plugin v18.5.1 - https:\/\/yoast.com\/wordpress\/plugins\/seo\/ -->\n<title>EL LIBRO DEL MUNDO: EJEMPLARES AGOTADOS &#8902; Blog de Rayuelainfancia<\/title>\n<meta name=\"description\" content=\"Este jueves 18 a las 18:30h. en la Biblioteca de Camas acomp\u00e1\u00f1anos a celebrar el acto de entrega de la recaudaci\u00f3n obtenido por &quot;El libro del mundo&quot;.\" \/>\n<meta name=\"robots\" content=\"index, follow, max-snippet:-1, max-image-preview:large, max-video-preview:-1\" \/>\n<link rel=\"canonical\" href=\"https:\/\/www.rayuelainfancia.com\/blog\/el-libro-del-mundo\/\" \/>\n<meta property=\"og:locale\" content=\"es_ES\" \/>\n<meta property=\"og:type\" content=\"article\" \/>\n<meta property=\"og:title\" content=\"EL LIBRO DEL MUNDO: EJEMPLARES AGOTADOS &#8902; Blog de Rayuelainfancia\" \/>\n<meta property=\"og:description\" content=\"Este jueves 18 a las 18:30h. en la Biblioteca de Camas acomp\u00e1\u00f1anos a celebrar el acto de entrega de la recaudaci\u00f3n obtenido por &quot;El libro del mundo&quot;.\" \/>\n<meta property=\"og:url\" content=\"https:\/\/www.rayuelainfancia.com\/blog\/el-libro-del-mundo\/\" \/>\n<meta property=\"og:site_name\" content=\"Blog de Rayuelainfancia\" \/>\n<meta property=\"article:publisher\" content=\"https:\/\/www.facebook.com\/pages\/Librer\u00eda-Rayuela\/251861686361\" \/>\n<meta property=\"article:published_time\" content=\"2021-11-16T10:13:42+00:00\" \/>\n<meta property=\"article:modified_time\" content=\"2021-11-17T11:13:50+00:00\" \/>\n<meta property=\"og:image\" content=\"http:\/\/www.rayuelainfancia.com\/blog\/wp-content\/uploads\/2021\/11\/ejemplares-agotados.png\" \/>\n\t<meta property=\"og:image:width\" content=\"750\" \/>\n\t<meta property=\"og:image:height\" content=\"410\" \/>\n\t<meta property=\"og:image:type\" content=\"image\/png\" \/>\n<meta name=\"twitter:card\" content=\"summary\" \/>\n<meta name=\"twitter:creator\" content=\"@Rayuelainfancia\" \/>\n<meta name=\"twitter:site\" content=\"@Rayuelainfancia\" \/>\n<meta name=\"twitter:label1\" content=\"Written by\" \/>\n\t<meta name=\"twitter:data1\" content=\"Rayuelainfancia\" \/>\n\t<meta name=\"twitter:label2\" content=\"Est. reading time\" \/>\n\t<meta name=\"twitter:data2\" content=\"2 minutos\" \/>\n<script type=\"application\/ld+json\" class=\"yoast-schema-graph\">{\"@context\":\"https:\/\/schema.org\",\"@graph\":[{\"@type\":\"Organization\",\"@id\":\"https:\/\/www.rayuelainfancia.com\/blog\/#organization\",\"name\":\"Rayuelainfancia\",\"url\":\"https:\/\/www.rayuelainfancia.com\/blog\/\",\"sameAs\":[\"https:\/\/www.facebook.com\/pages\/Librer\u00eda-Rayuela\/251861686361\",\"https:\/\/www.youtube.com\/channel\/UCddVaoDjpTp-DexyEVoyazQ\",\"https:\/\/twitter.com\/Rayuelainfancia\"],\"logo\":{\"@type\":\"ImageObject\",\"@id\":\"https:\/\/www.rayuelainfancia.com\/blog\/#logo\",\"inLanguage\":\"es\",\"url\":\"https:\/\/www.rayuelainfancia.com\/blog\/wp-content\/uploads\/2018\/06\/logo-rayuelainfancia-color-corporativo.png\",\"contentUrl\":\"https:\/\/www.rayuelainfancia.com\/blog\/wp-content\/uploads\/2018\/06\/logo-rayuelainfancia-color-corporativo.png\",\"width\":1200,\"height\":680,\"caption\":\"Rayuelainfancia\"},\"image\":{\"@id\":\"https:\/\/www.rayuelainfancia.com\/blog\/#logo\"}},{\"@type\":\"WebSite\",\"@id\":\"https:\/\/www.rayuelainfancia.com\/blog\/#website\",\"url\":\"https:\/\/www.rayuelainfancia.com\/blog\/\",\"name\":\"Blog de Rayuelainfancia\",\"description\":\"Libros infantiles y juegos educaticos respestuosos con la infancia\",\"publisher\":{\"@id\":\"https:\/\/www.rayuelainfancia.com\/blog\/#organization\"},\"potentialAction\":[{\"@type\":\"SearchAction\",\"target\":{\"@type\":\"EntryPoint\",\"urlTemplate\":\"https:\/\/www.rayuelainfancia.com\/blog\/?s={search_term_string}\"},\"query-input\":\"required name=search_term_string\"}],\"inLanguage\":\"es\"},{\"@type\":\"ImageObject\",\"@id\":\"https:\/\/www.rayuelainfancia.com\/blog\/el-libro-del-mundo\/#primaryimage\",\"inLanguage\":\"es\",\"url\":\"https:\/\/www.rayuelainfancia.com\/blog\/wp-content\/uploads\/2021\/11\/ejemplares-agotados.png\",\"contentUrl\":\"https:\/\/www.rayuelainfancia.com\/blog\/wp-content\/uploads\/2021\/11\/ejemplares-agotados.png\",\"width\":750,\"height\":410},{\"@type\":\"WebPage\",\"@id\":\"https:\/\/www.rayuelainfancia.com\/blog\/el-libro-del-mundo\/#webpage\",\"url\":\"https:\/\/www.rayuelainfancia.com\/blog\/el-libro-del-mundo\/\",\"name\":\"EL LIBRO DEL MUNDO: EJEMPLARES AGOTADOS &#8902; Blog de Rayuelainfancia\",\"isPartOf\":{\"@id\":\"https:\/\/www.rayuelainfancia.com\/blog\/#website\"},\"primaryImageOfPage\":{\"@id\":\"https:\/\/www.rayuelainfancia.com\/blog\/el-libro-del-mundo\/#primaryimage\"},\"datePublished\":\"2021-11-16T10:13:42+00:00\",\"dateModified\":\"2021-11-17T11:13:50+00:00\",\"description\":\"Este jueves 18 a las 18:30h. en la Biblioteca de Camas acomp\u00e1\u00f1anos a celebrar el acto de entrega de la recaudaci\u00f3n obtenido por \\\"El libro del mundo\\\".\",\"breadcrumb\":{\"@id\":\"https:\/\/www.rayuelainfancia.com\/blog\/el-libro-del-mundo\/#breadcrumb\"},\"inLanguage\":\"es\",\"potentialAction\":[{\"@type\":\"ReadAction\",\"target\":[\"https:\/\/www.rayuelainfancia.com\/blog\/el-libro-del-mundo\/\"]}]},{\"@type\":\"BreadcrumbList\",\"@id\":\"https:\/\/www.rayuelainfancia.com\/blog\/el-libro-del-mundo\/#breadcrumb\",\"itemListElement\":[{\"@type\":\"ListItem\",\"position\":1,\"name\":\"Portada\",\"item\":\"https:\/\/www.rayuelainfancia.com\/blog\/\"},{\"@type\":\"ListItem\",\"position\":2,\"name\":\"EL LIBRO DEL MUNDO: EJEMPLARES AGOTADOS\"}]},{\"@type\":\"Article\",\"@id\":\"https:\/\/www.rayuelainfancia.com\/blog\/el-libro-del-mundo\/#article\",\"isPartOf\":{\"@id\":\"https:\/\/www.rayuelainfancia.com\/blog\/el-libro-del-mundo\/#webpage\"},\"author\":{\"@id\":\"https:\/\/www.rayuelainfancia.com\/blog\/#\/schema\/person\/c1aff250c5154e35f53f26d0eba10c45\"},\"headline\":\"EL LIBRO DEL MUNDO: EJEMPLARES AGOTADOS\",\"datePublished\":\"2021-11-16T10:13:42+00:00\",\"dateModified\":\"2021-11-17T11:13:50+00:00\",\"mainEntityOfPage\":{\"@id\":\"https:\/\/www.rayuelainfancia.com\/blog\/el-libro-del-mundo\/#webpage\"},\"wordCount\":454,\"commentCount\":1,\"publisher\":{\"@id\":\"https:\/\/www.rayuelainfancia.com\/blog\/#organization\"},\"image\":{\"@id\":\"https:\/\/www.rayuelainfancia.com\/blog\/el-libro-del-mundo\/#primaryimage\"},\"thumbnailUrl\":\"https:\/\/www.rayuelainfancia.com\/blog\/wp-content\/uploads\/2021\/11\/ejemplares-agotados.png\",\"articleSection\":[\"Actividades Cuentacuentos\"],\"inLanguage\":\"es\",\"potentialAction\":[{\"@type\":\"CommentAction\",\"name\":\"Comment\",\"target\":[\"https:\/\/www.rayuelainfancia.com\/blog\/el-libro-del-mundo\/#respond\"]}]},{\"@type\":\"Person\",\"@id\":\"https:\/\/www.rayuelainfancia.com\/blog\/#\/schema\/person\/c1aff250c5154e35f53f26d0eba10c45\",\"name\":\"Rayuelainfancia\",\"image\":{\"@type\":\"ImageObject\",\"@id\":\"https:\/\/www.rayuelainfancia.com\/blog\/#personlogo\",\"inLanguage\":\"es\",\"url\":\"https:\/\/secure.gravatar.com\/avatar\/8bf03e7a4bb13ca5c7d0dc6acde2bfd1?s=96&d=mm&r=g\",\"contentUrl\":\"https:\/\/secure.gravatar.com\/avatar\/8bf03e7a4bb13ca5c7d0dc6acde2bfd1?s=96&d=mm&r=g\",\"caption\":\"Rayuelainfancia\"}}]}<\/script>\n<!-- \/ Yoast SEO plugin. -->","yoast_head_json":{"title":"EL LIBRO DEL MUNDO: EJEMPLARES AGOTADOS &#8902; Blog de Rayuelainfancia","description":"Este jueves 18 a las 18:30h. en la Biblioteca de Camas acomp\u00e1\u00f1anos a celebrar el acto de entrega de la recaudaci\u00f3n obtenido por \"El libro del mundo\".","robots":{"index":"index","follow":"follow","max-snippet":"max-snippet:-1","max-image-preview":"max-image-preview:large","max-video-preview":"max-video-preview:-1"},"canonical":"https:\/\/www.rayuelainfancia.com\/blog\/el-libro-del-mundo\/","og_locale":"es_ES","og_type":"article","og_title":"EL LIBRO DEL MUNDO: EJEMPLARES AGOTADOS &#8902; Blog de Rayuelainfancia","og_description":"Este jueves 18 a las 18:30h. en la Biblioteca de Camas acomp\u00e1\u00f1anos a celebrar el acto de entrega de la recaudaci\u00f3n obtenido por \"El libro del mundo\".","og_url":"https:\/\/www.rayuelainfancia.com\/blog\/el-libro-del-mundo\/","og_site_name":"Blog de Rayuelainfancia","article_publisher":"https:\/\/www.facebook.com\/pages\/Librer\u00eda-Rayuela\/251861686361","article_published_time":"2021-11-16T10:13:42+00:00","article_modified_time":"2021-11-17T11:13:50+00:00","og_image":[{"width":750,"height":410,"url":"http:\/\/www.rayuelainfancia.com\/blog\/wp-content\/uploads\/2021\/11\/ejemplares-agotados.png","type":"image\/png"}],"twitter_card":"summary","twitter_creator":"@Rayuelainfancia","twitter_site":"@Rayuelainfancia","twitter_misc":{"Written by":"Rayuelainfancia","Est. reading time":"2 minutos"},"schema":{"@context":"https:\/\/schema.org","@graph":[{"@type":"Organization","@id":"https:\/\/www.rayuelainfancia.com\/blog\/#organization","name":"Rayuelainfancia","url":"https:\/\/www.rayuelainfancia.com\/blog\/","sameAs":["https:\/\/www.facebook.com\/pages\/Librer\u00eda-Rayuela\/251861686361","https:\/\/www.youtube.com\/channel\/UCddVaoDjpTp-DexyEVoyazQ","https:\/\/twitter.com\/Rayuelainfancia"],"logo":{"@type":"ImageObject","@id":"https:\/\/www.rayuelainfancia.com\/blog\/#logo","inLanguage":"es","url":"https:\/\/www.rayuelainfancia.com\/blog\/wp-content\/uploads\/2018\/06\/logo-rayuelainfancia-color-corporativo.png","contentUrl":"https:\/\/www.rayuelainfancia.com\/blog\/wp-content\/uploads\/2018\/06\/logo-rayuelainfancia-color-corporativo.png","width":1200,"height":680,"caption":"Rayuelainfancia"},"image":{"@id":"https:\/\/www.rayuelainfancia.com\/blog\/#logo"}},{"@type":"WebSite","@id":"https:\/\/www.rayuelainfancia.com\/blog\/#website","url":"https:\/\/www.rayuelainfancia.com\/blog\/","name":"Blog de Rayuelainfancia","description":"Libros infantiles y juegos educaticos respestuosos con la infancia","publisher":{"@id":"https:\/\/www.rayuelainfancia.com\/blog\/#organization"},"potentialAction":[{"@type":"SearchAction","target":{"@type":"EntryPoint","urlTemplate":"https:\/\/www.rayuelainfancia.com\/blog\/?s={search_term_string}"},"query-input":"required name=search_term_string"}],"inLanguage":"es"},{"@type":"ImageObject","@id":"https:\/\/www.rayuelainfancia.com\/blog\/el-libro-del-mundo\/#primaryimage","inLanguage":"es","url":"https:\/\/www.rayuelainfancia.com\/blog\/wp-content\/uploads\/2021\/11\/ejemplares-agotados.png","contentUrl":"https:\/\/www.rayuelainfancia.com\/blog\/wp-content\/uploads\/2021\/11\/ejemplares-agotados.png","width":750,"height":410},{"@type":"WebPage","@id":"https:\/\/www.rayuelainfancia.com\/blog\/el-libro-del-mundo\/#webpage","url":"https:\/\/www.rayuelainfancia.com\/blog\/el-libro-del-mundo\/","name":"EL LIBRO DEL MUNDO: EJEMPLARES AGOTADOS &#8902; Blog de Rayuelainfancia","isPartOf":{"@id":"https:\/\/www.rayuelainfancia.com\/blog\/#website"},"primaryImageOfPage":{"@id":"https:\/\/www.rayuelainfancia.com\/blog\/el-libro-del-mundo\/#primaryimage"},"datePublished":"2021-11-16T10:13:42+00:00","dateModified":"2021-11-17T11:13:50+00:00","description":"Este jueves 18 a las 18:30h. en la Biblioteca de Camas acomp\u00e1\u00f1anos a celebrar el acto de entrega de la recaudaci\u00f3n obtenido por \"El libro del mundo\".","breadcrumb":{"@id":"https:\/\/www.rayuelainfancia.com\/blog\/el-libro-del-mundo\/#breadcrumb"},"inLanguage":"es","potentialAction":[{"@type":"ReadAction","target":["https:\/\/www.rayuelainfancia.com\/blog\/el-libro-del-mundo\/"]}]},{"@type":"BreadcrumbList","@id":"https:\/\/www.rayuelainfancia.com\/blog\/el-libro-del-mundo\/#breadcrumb","itemListElement":[{"@type":"ListItem","position":1,"name":"Portada","item":"https:\/\/www.rayuelainfancia.com\/blog\/"},{"@type":"ListItem","position":2,"name":"EL LIBRO DEL MUNDO: EJEMPLARES AGOTADOS"}]},{"@type":"Article","@id":"https:\/\/www.rayuelainfancia.com\/blog\/el-libro-del-mundo\/#article","isPartOf":{"@id":"https:\/\/www.rayuelainfancia.com\/blog\/el-libro-del-mundo\/#webpage"},"author":{"@id":"https:\/\/www.rayuelainfancia.com\/blog\/#\/schema\/person\/c1aff250c5154e35f53f26d0eba10c45"},"headline":"EL LIBRO DEL MUNDO: EJEMPLARES AGOTADOS","datePublished":"2021-11-16T10:13:42+00:00","dateModified":"2021-11-17T11:13:50+00:00","mainEntityOfPage":{"@id":"https:\/\/www.rayuelainfancia.com\/blog\/el-libro-del-mundo\/#webpage"},"wordCount":454,"commentCount":1,"publisher":{"@id":"https:\/\/www.rayuelainfancia.com\/blog\/#organization"},"image":{"@id":"https:\/\/www.rayuelainfancia.com\/blog\/el-libro-del-mundo\/#primaryimage"},"thumbnailUrl":"https:\/\/www.rayuelainfancia.com\/blog\/wp-content\/uploads\/2021\/11\/ejemplares-agotados.png","articleSection":["Actividades Cuentacuentos"],"inLanguage":"es","potentialAction":[{"@type":"CommentAction","name":"Comment","target":["https:\/\/www.rayuelainfancia.com\/blog\/el-libro-del-mundo\/#respond"]}]},{"@type":"Person","@id":"https:\/\/www.rayuelainfancia.com\/blog\/#\/schema\/person\/c1aff250c5154e35f53f26d0eba10c45","name":"Rayuelainfancia","image":{"@type":"ImageObject","@id":"https:\/\/www.rayuelainfancia.com\/blog\/#personlogo","inLanguage":"es","url":"https:\/\/secure.gravatar.com\/avatar\/8bf03e7a4bb13ca5c7d0dc6acde2bfd1?s=96&d=mm&r=g","contentUrl":"https:\/\/secure.gravatar.com\/avatar\/8bf03e7a4bb13ca5c7d0dc6acde2bfd1?s=96&d=mm&r=g","caption":"Rayuelainfancia"}}]}},"_links":{"self":[{"href":"https:\/\/www.rayuelainfancia.com\/blog\/wp-json\/wp\/v2\/posts\/4562"}],"collection":[{"href":"https:\/\/www.rayuelainfancia.com\/blog\/wp-json\/wp\/v2\/posts"}],"about":[{"href":"https:\/\/www.rayuelainfancia.com\/blog\/wp-json\/wp\/v2\/types\/post"}],"author":[{"embeddable":true,"href":"https:\/\/www.rayuelainfancia.com\/blog\/wp-json\/wp\/v2\/users\/6"}],"replies":[{"embeddable":true,"href":"https:\/\/www.rayuelainfancia.com\/blog\/wp-json\/wp\/v2\/comments?post=4562"}],"version-history":[{"count":8,"href":"https:\/\/www.rayuelainfancia.com\/blog\/wp-json\/wp\/v2\/posts\/4562\/revisions"}],"predecessor-version":[{"id":4580,"href":"https:\/\/www.rayuelainfancia.com\/blog\/wp-json\/wp\/v2\/posts\/4562\/revisions\/4580"}],"wp:featuredmedia":[{"embeddable":true,"href":"https:\/\/www.rayuelainfancia.com\/blog\/wp-json\/wp\/v2\/media\/4578"}],"wp:attachment":[{"href":"https:\/\/www.rayuelainfancia.com\/blog\/wp-json\/wp\/v2\/media?parent=4562"}],"wp:term":[{"taxonomy":"category","embeddable":true,"href":"https:\/\/www.rayuelainfancia.com\/blog\/wp-json\/wp\/v2\/categories?post=4562"},{"taxonomy":"post_tag","embeddable":true,"href":"https:\/\/www.rayuelainfancia.com\/blog\/wp-json\/wp\/v2\/tags?post=4562"}],"curies":[{"name":"wp","href":"https:\/\/api.w.org\/{rel}","templated":true}]}}