 {"id":4556,"date":"2021-11-10T12:43:34","date_gmt":"2021-11-10T11:43:34","guid":{"rendered":"http:\/\/www.rayuelainfancia.com\/blog\/?p=4556"},"modified":"2021-11-10T12:43:44","modified_gmt":"2021-11-10T11:43:44","slug":"resena-selva","status":"publish","type":"post","link":"https:\/\/www.rayuelainfancia.com\/blog\/resena-selva\/","title":{"rendered":"RESE\u00d1A \u00abSELVA\u00bb. XIV PREMIO COMPOSTELA"},"content":{"rendered":"<p>Se llama \u00abSelva\u00bb y Marina Gibert es su autora. Se trata de un <strong>\u00e1lbum sin texto<\/strong>. La ilustraci\u00f3n narra perfectamente la historia, sin necesidad de palabras que expresen su amplio y complejo contenido. Es una aut\u00e9ntica<strong> belleza visual<\/strong>. Os dejamos con la rese\u00f1a de \u00abSelva\u00bb.<\/p>\n<p><!--more--><\/p>\n<h2>Rese\u00f1a \u00abSelva\u00bb. Premio Internacional Compostela para \u00c1lbumes Ilustrados 2021<\/h2>\n<p><a href=\"https:\/\/www.rayuelainfancia.com\/album-ilustrado\/344279-selva.html\"><img loading=\"lazy\" class=\"alignnone size-full wp-image-4559\" src=\"http:\/\/www.rayuelainfancia.com\/blog\/wp-content\/uploads\/2021\/11\/SELVA.jpg\" alt=\"\" width=\"1512\" height=\"2016\" srcset=\"https:\/\/www.rayuelainfancia.com\/blog\/wp-content\/uploads\/2021\/11\/SELVA.jpg 1512w, https:\/\/www.rayuelainfancia.com\/blog\/wp-content\/uploads\/2021\/11\/SELVA-225x300.jpg 225w, https:\/\/www.rayuelainfancia.com\/blog\/wp-content\/uploads\/2021\/11\/SELVA-768x1024.jpg 768w\" sizes=\"(max-width: 1512px) 100vw, 1512px\" \/><\/a><\/p>\n<p>El protagonista es <strong>un ni\u00f1o que va paseando por su entorno selv\u00e1tico<\/strong> y lo descubre, poco a poco, como cualquier ni\u00f1a o ni\u00f1o va descubriendo el suyo, haciendo camino e identidad. La secuencia del relato se desliza suavemente a trav\u00e9s de <strong>p\u00e1ginas llenas de colores exuberantes<\/strong>, jugando con las formas de los paisajes que se funden con la fauna salvaje.<\/p>\n<p>A lo lejos, se avista una luz blanca, desconocida. <strong>La curiosidad apremia<\/strong> al protagonista de esta historia, que se acerca y mira, y no sabe <strong>descifrar la inmensa p\u00e1gina en blanco<\/strong> que se alza ante \u00e9l. Lo desconocido es un continuo abismo lleno de incertidumbre, en el que decidimos adentrarnos o no.<\/p>\n<p><a href=\"https:\/\/www.rayuelainfancia.com\/album-ilustrado\/344279-selva.html\"><img loading=\"lazy\" class=\"alignnone size-full wp-image-4560\" src=\"http:\/\/www.rayuelainfancia.com\/blog\/wp-content\/uploads\/2021\/11\/Dise\u00f1o-sin-t\u00edtulo-13.png\" alt=\"\" width=\"2000\" height=\"1600\" srcset=\"https:\/\/www.rayuelainfancia.com\/blog\/wp-content\/uploads\/2021\/11\/Dise\u00f1o-sin-t\u00edtulo-13.png 2000w, https:\/\/www.rayuelainfancia.com\/blog\/wp-content\/uploads\/2021\/11\/Dise\u00f1o-sin-t\u00edtulo-13-300x240.png 300w, https:\/\/www.rayuelainfancia.com\/blog\/wp-content\/uploads\/2021\/11\/Dise\u00f1o-sin-t\u00edtulo-13-768x614.png 768w, https:\/\/www.rayuelainfancia.com\/blog\/wp-content\/uploads\/2021\/11\/Dise\u00f1o-sin-t\u00edtulo-13-1024x819.png 1024w\" sizes=\"(max-width: 2000px) 100vw, 2000px\" \/><\/a><\/p>\n<p>El ni\u00f1o lo cruza y se encuentra inmerso en un escenario muy diferente al suyo. La ciudad no tiene nada que ver con la selva y no se reconoce. Sin embargo, sigue caminando y una fuerza grande le va invadiendo y siente, cada vez m\u00e1s, que<strong> la selva va con \u00e9l<\/strong>. No est\u00e1 solo y gracias a ese bagaje interior, se integra sin dificultad en ese nuevo mundo.<\/p>\n<p><strong><a href=\"https:\/\/www.rayuelainfancia.com\/album-ilustrado\/344279-selva.html\">\u00abSelva\u00bb<\/a> <\/strong>es un \u00e1lbum editado por <strong><a href=\"https:\/\/www.kalandraka.com\/\">Kalandraka<\/a>.<\/strong> Un relato decidido a <strong>sorprender a grandes y a peque\u00f1os<\/strong>, porque acoge a lectoras y lectores de todas las edades.<\/p>\n<p>Al ni\u00f1o <strong>desde los 3 o 4 a\u00f1os le encantar\u00e1<\/strong> recorrer la selva y el juego de las formas que se realiza con los animales. Una aut\u00e9ntica delicia llena de color. Y tambi\u00e9n les gustar\u00e1 porque esta historia <strong>aporta simb\u00f3licamente las claves para crecer<\/strong>.<\/p>\n<p>A los m\u00e1s mayores y adultos nos remover\u00e1 y muy probablemente actuar\u00e1 de <strong>recordatorio de lo importante<\/strong>. De la selva a la ciudad, de la infancia a la adultez, de lo vivido a lo deseado, de lo seguro a lo impredecible, el paso de una a otra etapa de la vida, los caminos, los procesos.<\/p>\n<p>Para Rayuela, nuestra librer\u00eda, fue un aut\u00e9ntico placer y todo un aprendizaje formar parte del Jurado de este Premio.<\/p>\n<p>\u00a1No se lo pierdan!<\/p>\n","protected":false},"excerpt":{"rendered":"<p>Se llama \u00abSelva\u00bb y Marina Gibert es su autora. Se trata de un \u00e1lbum sin texto. La ilustraci\u00f3n narra perfectamente la historia, sin necesidad de palabras que expresen su amplio y complejo contenido. Es una aut\u00e9ntica belleza visual. Os dejamos con la rese\u00f1a de \u00abSelva\u00bb.<\/p>\n","protected":false},"author":6,"featured_media":4557,"comment_status":"open","ping_status":"open","sticky":true,"template":"","format":"standard","meta":[],"categories":[21,64],"tags":[],"yoast_head":"<!-- This site is optimized with the Yoast SEO plugin v18.5.1 - https:\/\/yoast.com\/wordpress\/plugins\/seo\/ -->\n<title>RESE\u00d1A &quot;SELVA&quot;. XIV PREMIO COMPOSTELA &#8902; Blog de Rayuelainfancia<\/title>\n<meta name=\"description\" content=\"Rese\u00f1a &quot;Selva&quot;. Marina Gibert es su autora y se trata de un \u00e1lbum sin texto. Es una aut\u00e9ntica belleza visual merecedora del Premio Compostela 2021\" \/>\n<meta name=\"robots\" content=\"index, follow, max-snippet:-1, max-image-preview:large, max-video-preview:-1\" \/>\n<link rel=\"canonical\" href=\"https:\/\/www.rayuelainfancia.com\/blog\/resena-selva\/\" \/>\n<meta property=\"og:locale\" content=\"es_ES\" \/>\n<meta property=\"og:type\" content=\"article\" \/>\n<meta property=\"og:title\" content=\"RESE\u00d1A &quot;SELVA&quot;. XIV PREMIO COMPOSTELA &#8902; Blog de Rayuelainfancia\" \/>\n<meta property=\"og:description\" content=\"Rese\u00f1a &quot;Selva&quot;. Marina Gibert es su autora y se trata de un \u00e1lbum sin texto. Es una aut\u00e9ntica belleza visual merecedora del Premio Compostela 2021\" \/>\n<meta property=\"og:url\" content=\"https:\/\/www.rayuelainfancia.com\/blog\/resena-selva\/\" \/>\n<meta property=\"og:site_name\" content=\"Blog de Rayuelainfancia\" \/>\n<meta property=\"article:publisher\" content=\"https:\/\/www.facebook.com\/pages\/Librer\u00eda-Rayuela\/251861686361\" \/>\n<meta property=\"article:published_time\" content=\"2021-11-10T11:43:34+00:00\" \/>\n<meta property=\"article:modified_time\" content=\"2021-11-10T11:43:44+00:00\" \/>\n<meta property=\"og:image\" content=\"http:\/\/www.rayuelainfancia.com\/blog\/wp-content\/uploads\/2021\/11\/LA-FELCHA-PLATEADA-2.png\" \/>\n\t<meta property=\"og:image:width\" content=\"750\" \/>\n\t<meta property=\"og:image:height\" content=\"410\" \/>\n\t<meta property=\"og:image:type\" content=\"image\/png\" \/>\n<meta name=\"twitter:card\" content=\"summary\" \/>\n<meta name=\"twitter:creator\" content=\"@Rayuelainfancia\" \/>\n<meta name=\"twitter:site\" content=\"@Rayuelainfancia\" \/>\n<meta name=\"twitter:label1\" content=\"Written by\" \/>\n\t<meta name=\"twitter:data1\" content=\"Rayuelainfancia\" \/>\n\t<meta name=\"twitter:label2\" content=\"Est. reading time\" \/>\n\t<meta name=\"twitter:data2\" content=\"2 minutos\" \/>\n<script type=\"application\/ld+json\" class=\"yoast-schema-graph\">{\"@context\":\"https:\/\/schema.org\",\"@graph\":[{\"@type\":\"Organization\",\"@id\":\"https:\/\/www.rayuelainfancia.com\/blog\/#organization\",\"name\":\"Rayuelainfancia\",\"url\":\"https:\/\/www.rayuelainfancia.com\/blog\/\",\"sameAs\":[\"https:\/\/www.facebook.com\/pages\/Librer\u00eda-Rayuela\/251861686361\",\"https:\/\/www.youtube.com\/channel\/UCddVaoDjpTp-DexyEVoyazQ\",\"https:\/\/twitter.com\/Rayuelainfancia\"],\"logo\":{\"@type\":\"ImageObject\",\"@id\":\"https:\/\/www.rayuelainfancia.com\/blog\/#logo\",\"inLanguage\":\"es\",\"url\":\"https:\/\/www.rayuelainfancia.com\/blog\/wp-content\/uploads\/2018\/06\/logo-rayuelainfancia-color-corporativo.png\",\"contentUrl\":\"https:\/\/www.rayuelainfancia.com\/blog\/wp-content\/uploads\/2018\/06\/logo-rayuelainfancia-color-corporativo.png\",\"width\":1200,\"height\":680,\"caption\":\"Rayuelainfancia\"},\"image\":{\"@id\":\"https:\/\/www.rayuelainfancia.com\/blog\/#logo\"}},{\"@type\":\"WebSite\",\"@id\":\"https:\/\/www.rayuelainfancia.com\/blog\/#website\",\"url\":\"https:\/\/www.rayuelainfancia.com\/blog\/\",\"name\":\"Blog de Rayuelainfancia\",\"description\":\"Libros infantiles y juegos educaticos respestuosos con la infancia\",\"publisher\":{\"@id\":\"https:\/\/www.rayuelainfancia.com\/blog\/#organization\"},\"potentialAction\":[{\"@type\":\"SearchAction\",\"target\":{\"@type\":\"EntryPoint\",\"urlTemplate\":\"https:\/\/www.rayuelainfancia.com\/blog\/?s={search_term_string}\"},\"query-input\":\"required name=search_term_string\"}],\"inLanguage\":\"es\"},{\"@type\":\"ImageObject\",\"@id\":\"https:\/\/www.rayuelainfancia.com\/blog\/resena-selva\/#primaryimage\",\"inLanguage\":\"es\",\"url\":\"https:\/\/www.rayuelainfancia.com\/blog\/wp-content\/uploads\/2021\/11\/LA-FELCHA-PLATEADA-2.png\",\"contentUrl\":\"https:\/\/www.rayuelainfancia.com\/blog\/wp-content\/uploads\/2021\/11\/LA-FELCHA-PLATEADA-2.png\",\"width\":750,\"height\":410,\"caption\":\"RESENA ALBUM ILUSTRADO SELVA\"},{\"@type\":\"WebPage\",\"@id\":\"https:\/\/www.rayuelainfancia.com\/blog\/resena-selva\/#webpage\",\"url\":\"https:\/\/www.rayuelainfancia.com\/blog\/resena-selva\/\",\"name\":\"RESE\u00d1A \\\"SELVA\\\". XIV PREMIO COMPOSTELA &#8902; Blog de Rayuelainfancia\",\"isPartOf\":{\"@id\":\"https:\/\/www.rayuelainfancia.com\/blog\/#website\"},\"primaryImageOfPage\":{\"@id\":\"https:\/\/www.rayuelainfancia.com\/blog\/resena-selva\/#primaryimage\"},\"datePublished\":\"2021-11-10T11:43:34+00:00\",\"dateModified\":\"2021-11-10T11:43:44+00:00\",\"description\":\"Rese\u00f1a \\\"Selva\\\". Marina Gibert es su autora y se trata de un \u00e1lbum sin texto. Es una aut\u00e9ntica belleza visual merecedora del Premio Compostela 2021\",\"breadcrumb\":{\"@id\":\"https:\/\/www.rayuelainfancia.com\/blog\/resena-selva\/#breadcrumb\"},\"inLanguage\":\"es\",\"potentialAction\":[{\"@type\":\"ReadAction\",\"target\":[\"https:\/\/www.rayuelainfancia.com\/blog\/resena-selva\/\"]}]},{\"@type\":\"BreadcrumbList\",\"@id\":\"https:\/\/www.rayuelainfancia.com\/blog\/resena-selva\/#breadcrumb\",\"itemListElement\":[{\"@type\":\"ListItem\",\"position\":1,\"name\":\"Portada\",\"item\":\"https:\/\/www.rayuelainfancia.com\/blog\/\"},{\"@type\":\"ListItem\",\"position\":2,\"name\":\"RESE\u00d1A \u00abSELVA\u00bb. XIV PREMIO COMPOSTELA\"}]},{\"@type\":\"Article\",\"@id\":\"https:\/\/www.rayuelainfancia.com\/blog\/resena-selva\/#article\",\"isPartOf\":{\"@id\":\"https:\/\/www.rayuelainfancia.com\/blog\/resena-selva\/#webpage\"},\"author\":{\"@id\":\"https:\/\/www.rayuelainfancia.com\/blog\/#\/schema\/person\/c1aff250c5154e35f53f26d0eba10c45\"},\"headline\":\"RESE\u00d1A \u00abSELVA\u00bb. XIV PREMIO COMPOSTELA\",\"datePublished\":\"2021-11-10T11:43:34+00:00\",\"dateModified\":\"2021-11-10T11:43:44+00:00\",\"mainEntityOfPage\":{\"@id\":\"https:\/\/www.rayuelainfancia.com\/blog\/resena-selva\/#webpage\"},\"wordCount\":408,\"commentCount\":0,\"publisher\":{\"@id\":\"https:\/\/www.rayuelainfancia.com\/blog\/#organization\"},\"image\":{\"@id\":\"https:\/\/www.rayuelainfancia.com\/blog\/resena-selva\/#primaryimage\"},\"thumbnailUrl\":\"https:\/\/www.rayuelainfancia.com\/blog\/wp-content\/uploads\/2021\/11\/LA-FELCHA-PLATEADA-2.png\",\"articleSection\":[\"Literatura Infantil\",\"Recomendaciones Libros y Juguetes\"],\"inLanguage\":\"es\",\"potentialAction\":[{\"@type\":\"CommentAction\",\"name\":\"Comment\",\"target\":[\"https:\/\/www.rayuelainfancia.com\/blog\/resena-selva\/#respond\"]}]},{\"@type\":\"Person\",\"@id\":\"https:\/\/www.rayuelainfancia.com\/blog\/#\/schema\/person\/c1aff250c5154e35f53f26d0eba10c45\",\"name\":\"Rayuelainfancia\",\"image\":{\"@type\":\"ImageObject\",\"@id\":\"https:\/\/www.rayuelainfancia.com\/blog\/#personlogo\",\"inLanguage\":\"es\",\"url\":\"https:\/\/secure.gravatar.com\/avatar\/8bf03e7a4bb13ca5c7d0dc6acde2bfd1?s=96&d=mm&r=g\",\"contentUrl\":\"https:\/\/secure.gravatar.com\/avatar\/8bf03e7a4bb13ca5c7d0dc6acde2bfd1?s=96&d=mm&r=g\",\"caption\":\"Rayuelainfancia\"}}]}<\/script>\n<!-- \/ Yoast SEO plugin. -->","yoast_head_json":{"title":"RESE\u00d1A \"SELVA\". XIV PREMIO COMPOSTELA &#8902; Blog de Rayuelainfancia","description":"Rese\u00f1a \"Selva\". Marina Gibert es su autora y se trata de un \u00e1lbum sin texto. Es una aut\u00e9ntica belleza visual merecedora del Premio Compostela 2021","robots":{"index":"index","follow":"follow","max-snippet":"max-snippet:-1","max-image-preview":"max-image-preview:large","max-video-preview":"max-video-preview:-1"},"canonical":"https:\/\/www.rayuelainfancia.com\/blog\/resena-selva\/","og_locale":"es_ES","og_type":"article","og_title":"RESE\u00d1A \"SELVA\". XIV PREMIO COMPOSTELA &#8902; Blog de Rayuelainfancia","og_description":"Rese\u00f1a \"Selva\". Marina Gibert es su autora y se trata de un \u00e1lbum sin texto. Es una aut\u00e9ntica belleza visual merecedora del Premio Compostela 2021","og_url":"https:\/\/www.rayuelainfancia.com\/blog\/resena-selva\/","og_site_name":"Blog de Rayuelainfancia","article_publisher":"https:\/\/www.facebook.com\/pages\/Librer\u00eda-Rayuela\/251861686361","article_published_time":"2021-11-10T11:43:34+00:00","article_modified_time":"2021-11-10T11:43:44+00:00","og_image":[{"width":750,"height":410,"url":"http:\/\/www.rayuelainfancia.com\/blog\/wp-content\/uploads\/2021\/11\/LA-FELCHA-PLATEADA-2.png","type":"image\/png"}],"twitter_card":"summary","twitter_creator":"@Rayuelainfancia","twitter_site":"@Rayuelainfancia","twitter_misc":{"Written by":"Rayuelainfancia","Est. reading time":"2 minutos"},"schema":{"@context":"https:\/\/schema.org","@graph":[{"@type":"Organization","@id":"https:\/\/www.rayuelainfancia.com\/blog\/#organization","name":"Rayuelainfancia","url":"https:\/\/www.rayuelainfancia.com\/blog\/","sameAs":["https:\/\/www.facebook.com\/pages\/Librer\u00eda-Rayuela\/251861686361","https:\/\/www.youtube.com\/channel\/UCddVaoDjpTp-DexyEVoyazQ","https:\/\/twitter.com\/Rayuelainfancia"],"logo":{"@type":"ImageObject","@id":"https:\/\/www.rayuelainfancia.com\/blog\/#logo","inLanguage":"es","url":"https:\/\/www.rayuelainfancia.com\/blog\/wp-content\/uploads\/2018\/06\/logo-rayuelainfancia-color-corporativo.png","contentUrl":"https:\/\/www.rayuelainfancia.com\/blog\/wp-content\/uploads\/2018\/06\/logo-rayuelainfancia-color-corporativo.png","width":1200,"height":680,"caption":"Rayuelainfancia"},"image":{"@id":"https:\/\/www.rayuelainfancia.com\/blog\/#logo"}},{"@type":"WebSite","@id":"https:\/\/www.rayuelainfancia.com\/blog\/#website","url":"https:\/\/www.rayuelainfancia.com\/blog\/","name":"Blog de Rayuelainfancia","description":"Libros infantiles y juegos educaticos respestuosos con la infancia","publisher":{"@id":"https:\/\/www.rayuelainfancia.com\/blog\/#organization"},"potentialAction":[{"@type":"SearchAction","target":{"@type":"EntryPoint","urlTemplate":"https:\/\/www.rayuelainfancia.com\/blog\/?s={search_term_string}"},"query-input":"required name=search_term_string"}],"inLanguage":"es"},{"@type":"ImageObject","@id":"https:\/\/www.rayuelainfancia.com\/blog\/resena-selva\/#primaryimage","inLanguage":"es","url":"https:\/\/www.rayuelainfancia.com\/blog\/wp-content\/uploads\/2021\/11\/LA-FELCHA-PLATEADA-2.png","contentUrl":"https:\/\/www.rayuelainfancia.com\/blog\/wp-content\/uploads\/2021\/11\/LA-FELCHA-PLATEADA-2.png","width":750,"height":410,"caption":"RESENA ALBUM ILUSTRADO SELVA"},{"@type":"WebPage","@id":"https:\/\/www.rayuelainfancia.com\/blog\/resena-selva\/#webpage","url":"https:\/\/www.rayuelainfancia.com\/blog\/resena-selva\/","name":"RESE\u00d1A \"SELVA\". XIV PREMIO COMPOSTELA &#8902; Blog de Rayuelainfancia","isPartOf":{"@id":"https:\/\/www.rayuelainfancia.com\/blog\/#website"},"primaryImageOfPage":{"@id":"https:\/\/www.rayuelainfancia.com\/blog\/resena-selva\/#primaryimage"},"datePublished":"2021-11-10T11:43:34+00:00","dateModified":"2021-11-10T11:43:44+00:00","description":"Rese\u00f1a \"Selva\". Marina Gibert es su autora y se trata de un \u00e1lbum sin texto. Es una aut\u00e9ntica belleza visual merecedora del Premio Compostela 2021","breadcrumb":{"@id":"https:\/\/www.rayuelainfancia.com\/blog\/resena-selva\/#breadcrumb"},"inLanguage":"es","potentialAction":[{"@type":"ReadAction","target":["https:\/\/www.rayuelainfancia.com\/blog\/resena-selva\/"]}]},{"@type":"BreadcrumbList","@id":"https:\/\/www.rayuelainfancia.com\/blog\/resena-selva\/#breadcrumb","itemListElement":[{"@type":"ListItem","position":1,"name":"Portada","item":"https:\/\/www.rayuelainfancia.com\/blog\/"},{"@type":"ListItem","position":2,"name":"RESE\u00d1A \u00abSELVA\u00bb. XIV PREMIO COMPOSTELA"}]},{"@type":"Article","@id":"https:\/\/www.rayuelainfancia.com\/blog\/resena-selva\/#article","isPartOf":{"@id":"https:\/\/www.rayuelainfancia.com\/blog\/resena-selva\/#webpage"},"author":{"@id":"https:\/\/www.rayuelainfancia.com\/blog\/#\/schema\/person\/c1aff250c5154e35f53f26d0eba10c45"},"headline":"RESE\u00d1A \u00abSELVA\u00bb. XIV PREMIO COMPOSTELA","datePublished":"2021-11-10T11:43:34+00:00","dateModified":"2021-11-10T11:43:44+00:00","mainEntityOfPage":{"@id":"https:\/\/www.rayuelainfancia.com\/blog\/resena-selva\/#webpage"},"wordCount":408,"commentCount":0,"publisher":{"@id":"https:\/\/www.rayuelainfancia.com\/blog\/#organization"},"image":{"@id":"https:\/\/www.rayuelainfancia.com\/blog\/resena-selva\/#primaryimage"},"thumbnailUrl":"https:\/\/www.rayuelainfancia.com\/blog\/wp-content\/uploads\/2021\/11\/LA-FELCHA-PLATEADA-2.png","articleSection":["Literatura Infantil","Recomendaciones Libros y Juguetes"],"inLanguage":"es","potentialAction":[{"@type":"CommentAction","name":"Comment","target":["https:\/\/www.rayuelainfancia.com\/blog\/resena-selva\/#respond"]}]},{"@type":"Person","@id":"https:\/\/www.rayuelainfancia.com\/blog\/#\/schema\/person\/c1aff250c5154e35f53f26d0eba10c45","name":"Rayuelainfancia","image":{"@type":"ImageObject","@id":"https:\/\/www.rayuelainfancia.com\/blog\/#personlogo","inLanguage":"es","url":"https:\/\/secure.gravatar.com\/avatar\/8bf03e7a4bb13ca5c7d0dc6acde2bfd1?s=96&d=mm&r=g","contentUrl":"https:\/\/secure.gravatar.com\/avatar\/8bf03e7a4bb13ca5c7d0dc6acde2bfd1?s=96&d=mm&r=g","caption":"Rayuelainfancia"}}]}},"_links":{"self":[{"href":"https:\/\/www.rayuelainfancia.com\/blog\/wp-json\/wp\/v2\/posts\/4556"}],"collection":[{"href":"https:\/\/www.rayuelainfancia.com\/blog\/wp-json\/wp\/v2\/posts"}],"about":[{"href":"https:\/\/www.rayuelainfancia.com\/blog\/wp-json\/wp\/v2\/types\/post"}],"author":[{"embeddable":true,"href":"https:\/\/www.rayuelainfancia.com\/blog\/wp-json\/wp\/v2\/users\/6"}],"replies":[{"embeddable":true,"href":"https:\/\/www.rayuelainfancia.com\/blog\/wp-json\/wp\/v2\/comments?post=4556"}],"version-history":[{"count":2,"href":"https:\/\/www.rayuelainfancia.com\/blog\/wp-json\/wp\/v2\/posts\/4556\/revisions"}],"predecessor-version":[{"id":4561,"href":"https:\/\/www.rayuelainfancia.com\/blog\/wp-json\/wp\/v2\/posts\/4556\/revisions\/4561"}],"wp:featuredmedia":[{"embeddable":true,"href":"https:\/\/www.rayuelainfancia.com\/blog\/wp-json\/wp\/v2\/media\/4557"}],"wp:attachment":[{"href":"https:\/\/www.rayuelainfancia.com\/blog\/wp-json\/wp\/v2\/media?parent=4556"}],"wp:term":[{"taxonomy":"category","embeddable":true,"href":"https:\/\/www.rayuelainfancia.com\/blog\/wp-json\/wp\/v2\/categories?post=4556"},{"taxonomy":"post_tag","embeddable":true,"href":"https:\/\/www.rayuelainfancia.com\/blog\/wp-json\/wp\/v2\/tags?post=4556"}],"curies":[{"name":"wp","href":"https:\/\/api.w.org\/{rel}","templated":true}]}}