 {"id":4541,"date":"2021-10-27T12:30:51","date_gmt":"2021-10-27T10:30:51","guid":{"rendered":"http:\/\/www.rayuelainfancia.com\/blog\/?p=4541"},"modified":"2021-11-16T11:14:00","modified_gmt":"2021-11-16T10:14:00","slug":"firmas-feria-del-libro-de-sevilla-2","status":"publish","type":"post","link":"https:\/\/www.rayuelainfancia.com\/blog\/firmas-feria-del-libro-de-sevilla-2\/","title":{"rendered":"FIRMAS FERIA DEL LIBRO DE SEVILLA [2]"},"content":{"rendered":"<p style=\"text-align: justify;\">Tras la inmejorable acogida del primer fin de semana de la Feria del Libro, os dejamos todas las <strong>firmas y eventos<\/strong> para esta segunda etapa. Apunta bien las fechas de firmas del <strong>segundo fin de semana<\/strong> de la <strong>Feria del Libro de Sevilla<\/strong> y no te lo pierdas \u00a1Hay para todos los gustos! <!--more--><\/p>\n<p style=\"text-align: justify;\">Alicia Acosta, Juan Arjona, Diego Magdaleno&#8230; Son <strong>muchas y muchos los autores, ilustradoras, narradores<\/strong>.. que puedes disfrutar este segundo fin de semana en la Feria del Libro de Sevilla. Recuerda que estamos en la <strong>caseta 14<\/strong> \u00a1Te esperamos!<\/p>\n<h2>Firma Feria del Libro Jueves 28 de Octubre<\/h2>\n<h3 style=\"text-align: center;\">Neus Caama\u00f1o 18.00h<\/h3>\n<p style=\"text-align: justify;\">Comenzamos esta segunda etapa de firmas con la presencia de <strong><a href=\"https:\/\/neuscaamano.com\/es\/\">Neus Caama\u00f1o<\/a><\/strong>, autora e ilustradora inmersa en el mundo de la literatura infantil y juvenil desde hace ya varios a\u00f1os. Adem\u00e1s, este a\u00f1o es la autora del cartel de la FLS. No dejes de pasar por la caseta 14 para conocer alguno de sus libros, que en Rayuela <strong>nos encanta recomendar<\/strong> todo el a\u00f1o.<\/p>\n<p><img loading=\"lazy\" class=\"alignnone size-full wp-image-4542\" src=\"http:\/\/www.rayuelainfancia.com\/blog\/wp-content\/uploads\/2021\/10\/NEUS-CAAMANO-BANNER.jpg\" alt=\"FIRMAS FERIA DEL LIBRO DE SEVILLA\" width=\"2000\" height=\"1600\" srcset=\"https:\/\/www.rayuelainfancia.com\/blog\/wp-content\/uploads\/2021\/10\/NEUS-CAAMANO-BANNER.jpg 2000w, https:\/\/www.rayuelainfancia.com\/blog\/wp-content\/uploads\/2021\/10\/NEUS-CAAMANO-BANNER-300x240.jpg 300w, https:\/\/www.rayuelainfancia.com\/blog\/wp-content\/uploads\/2021\/10\/NEUS-CAAMANO-BANNER-768x614.jpg 768w, https:\/\/www.rayuelainfancia.com\/blog\/wp-content\/uploads\/2021\/10\/NEUS-CAAMANO-BANNER-1024x819.jpg 1024w\" sizes=\"(max-width: 2000px) 100vw, 2000px\" \/><\/p>\n<p><span style=\"color: #000000;\"><div id=\"product_list\" class=\"row\"><div class=\"col-xs-6 col-sm-6 col-md-6 col-lg-4 item-product\">\n            <div class=\"product-list text-center\">\n                <p>\n                    <a class=\"product-blog-link\" href=\"https:\/\/www.rayuelainfancia.com\/bebeteca\/9717-hola-manana.html?utm_campaign=productBlogPost\" title=\"  HOLA  MA  ANA \">\n                        <img src=\"\/\/www.rayuelainfancia.com\/13508-home_default\/hola-manana.jpg\" alt=\"  HOLA  MA  ANA \" class=\"img-responsive\"><span>\u00a1HOLA, MA\u00d1ANA!<\/span><\/a>\n                <\/p>\n            <\/div>\n\n            <div class=\"acciones text-center\">\n                \n                <p class=\"price\">12,00 \u20ac<\/p>\n            <\/div>\n        <\/div><div class=\"col-xs-6 col-sm-6 col-md-6 col-lg-4 item-product\">\n            <div class=\"product-list text-center\">\n                <p>\n                    <a class=\"product-blog-link\" href=\"https:\/\/www.rayuelainfancia.com\/album-ilustrado\/7538-por-una-manzana.html?utm_campaign=productBlogPost\" title=\"POR UNA MANZANA\">\n                        <img src=\"\/\/www.rayuelainfancia.com\/412974-home_default\/por-una-manzana.jpg\" alt=\"POR UNA MANZANA\" class=\"img-responsive\"><span>POR UNA MANZANA<\/span><\/a>\n                <\/p>\n            <\/div>\n\n            <div class=\"acciones text-center\">\n                \n                <p class=\"price\">12,90 \u20ac<\/p>\n            <\/div>\n        <\/div><div class=\"col-xs-6 col-sm-6 col-md-6 col-lg-4 item-product\">\n            <div class=\"product-list text-center\">\n                <p>\n                    <a class=\"product-blog-link\" href=\"https:\/\/www.rayuelainfancia.com\/musica\/7644-black-tan.html?utm_campaign=productBlogPost\" title=\"BLACK   TAN\">\n                        <img src=\"\/\/www.rayuelainfancia.com\/10894-home_default\/black-tan.jpg\" alt=\"BLACK   TAN\" class=\"img-responsive\"><span>BLACK & TAN<\/span><\/a>\n                <\/p>\n            <\/div>\n\n            <div class=\"acciones text-center\">\n                \n                <p class=\"price\">21,90 \u20ac<\/p>\n            <\/div>\n        <\/div><\/div><\/span><\/p>\n<h2>Firmas Feria del Libro Viernes 29 de Octubre<\/h2>\n<h3 style=\"text-align: center;\">Diego Magdaleno y Virginia Ogalla 18:00h y 19:00h<\/h3>\n<p style=\"text-align: justify;\">A las<strong> 18:00h<\/strong> en el espacio UNIA de la Feria del Libro de Sevilla disfrutaremos de la <strong>presentaci\u00f3n y contada<\/strong> de \u00abLas tres hechiceras\u00bb por parte de su autor, <strong><a href=\"http:\/\/www.diegomagdalenonarrador.com\/\">Diego Magdaleno<\/a><\/strong>, que estar\u00e1 acompa\u00f1ado por la ilustradora del libro<strong><a href=\"http:\/\/www.virginiaogalla.com\/\"> Virginia Ogalla<\/a><\/strong>.<\/p>\n<p style=\"text-align: justify;\">Ambos<strong> estar\u00e1n firmando \u00abLas tres hechiceras\u00bb<\/strong> en la caseta 14 de Rayuela una hora m\u00e1s tarde,<strong> a las 19:00h<\/strong>. Una oportunidad maravillosa para conocer un poco m\u00e1s a este autor y narrador que tanto conoce y sabe transmitir y a una ilustradora cuya carrera danza entre la ilustraci\u00f3n art\u00edstica, la intervenci\u00f3n social y el dise\u00f1o gr\u00e1fico.<\/p>\n<p><img loading=\"lazy\" class=\"alignnone size-full wp-image-4544\" src=\"http:\/\/www.rayuelainfancia.com\/blog\/wp-content\/uploads\/2021\/10\/DIEGO-Y-VIRGINIA.jpg\" alt=\"\" width=\"2000\" height=\"1600\" srcset=\"https:\/\/www.rayuelainfancia.com\/blog\/wp-content\/uploads\/2021\/10\/DIEGO-Y-VIRGINIA.jpg 2000w, https:\/\/www.rayuelainfancia.com\/blog\/wp-content\/uploads\/2021\/10\/DIEGO-Y-VIRGINIA-300x240.jpg 300w, https:\/\/www.rayuelainfancia.com\/blog\/wp-content\/uploads\/2021\/10\/DIEGO-Y-VIRGINIA-768x614.jpg 768w, https:\/\/www.rayuelainfancia.com\/blog\/wp-content\/uploads\/2021\/10\/DIEGO-Y-VIRGINIA-1024x819.jpg 1024w\" sizes=\"(max-width: 2000px) 100vw, 2000px\" \/><\/p>\n<h2>Firmas Feria del Libro S\u00e1bado 30 de Octubre<\/h2>\n<h3 style=\"text-align: center;\">Ismael Fern\u00e1ndez 12:00h<\/h3>\n<p style=\"text-align: justify;\">La historia de la burrita Baldomera ha dado la vuelta al mundo. M\u00e1s de cincuenta millones de personas conocen su historia. La burrita no pudo ver a su due\u00f1o a causa del confinamiento que trajo la COVID-19. Cuando se encontraron despu\u00e9s de tres largos meses, se grab\u00f3 un v\u00eddeo que nos conmovi\u00f3 y se hizo viral. La burrita Baldomera se ech\u00f3 a llorar al ver por fin a su amo.<\/p>\n<p style=\"text-align: justify;\">Esta s\u00e1bado el <strong>autor y coprotagonista<\/strong> de esta historia, estar\u00e1 <strong>firmando su libro<\/strong> en la caseta 14 a partir de las 12:00h. \u00a1No te lo pierdas!<\/p>\n<p><img loading=\"lazy\" class=\"alignnone size-full wp-image-4545\" src=\"http:\/\/www.rayuelainfancia.com\/blog\/wp-content\/uploads\/2021\/10\/ismael-fernandez.jpg\" alt=\"\" width=\"2000\" height=\"1600\" srcset=\"https:\/\/www.rayuelainfancia.com\/blog\/wp-content\/uploads\/2021\/10\/ismael-fernandez.jpg 2000w, https:\/\/www.rayuelainfancia.com\/blog\/wp-content\/uploads\/2021\/10\/ismael-fernandez-300x240.jpg 300w, https:\/\/www.rayuelainfancia.com\/blog\/wp-content\/uploads\/2021\/10\/ismael-fernandez-768x614.jpg 768w, https:\/\/www.rayuelainfancia.com\/blog\/wp-content\/uploads\/2021\/10\/ismael-fernandez-1024x819.jpg 1024w\" sizes=\"(max-width: 2000px) 100vw, 2000px\" \/><\/p>\n<h3 style=\"text-align: center;\">Santiago Garc\u00eda Clairac 18:00h.<\/h3>\n<p style=\"text-align: justify;\">El autor de numerosas narrativas infantiles y juveniles, Santiago Garc\u00eda Clairac, <strong>estar\u00e1 firmando ya por la tarde<\/strong> en la caseta 14 su trilog\u00eda para p\u00fablico juvenil (a partir de 12 a\u00f1os aproximadamente) <strong>\u00abOjos de Drag\u00f3n\u00bb<\/strong>. Una visita indispensable a la Feria del Libro si hay <strong>j\u00f3venes lectores y lectoras<\/strong> en casa a quienes les atraiga el mundo de la fantas\u00eda.<\/p>\n<p><img loading=\"lazy\" class=\"alignnone size-full wp-image-4546\" src=\"http:\/\/www.rayuelainfancia.com\/blog\/wp-content\/uploads\/2021\/10\/SANTIAGO-GARCIA-CLAIRAC.jpg\" alt=\"\" width=\"2000\" height=\"1600\" srcset=\"https:\/\/www.rayuelainfancia.com\/blog\/wp-content\/uploads\/2021\/10\/SANTIAGO-GARCIA-CLAIRAC.jpg 2000w, https:\/\/www.rayuelainfancia.com\/blog\/wp-content\/uploads\/2021\/10\/SANTIAGO-GARCIA-CLAIRAC-300x240.jpg 300w, https:\/\/www.rayuelainfancia.com\/blog\/wp-content\/uploads\/2021\/10\/SANTIAGO-GARCIA-CLAIRAC-768x614.jpg 768w, https:\/\/www.rayuelainfancia.com\/blog\/wp-content\/uploads\/2021\/10\/SANTIAGO-GARCIA-CLAIRAC-1024x819.jpg 1024w\" sizes=\"(max-width: 2000px) 100vw, 2000px\" \/><\/p>\n<h3 style=\"text-align: center;\">Alicia Acosta 19:00h.<\/h3>\n<p style=\"text-align: justify;\">A continuaci\u00f3n y para concluir la jornada del S\u00e1bado, <strong>contaremos con la presencia de Alicia Acosta<\/strong>, conocida autora de numerosos cuentos infantiles. Uno de los m\u00e1s conocidos es \u00abVivan las u\u00f1as de colores\u00bb pero ha creado muchos m\u00e1s que <strong>te invitamos a conocer<\/strong> y llevarte alguno de ellos firmados \u00a1Toda una oportunidad! A las <strong>19.00h en la Caseta 14<\/strong>.<\/p>\n<p><img loading=\"lazy\" class=\"alignnone size-full wp-image-4548\" src=\"http:\/\/www.rayuelainfancia.com\/blog\/wp-content\/uploads\/2021\/10\/alicia-acosta.jpg\" alt=\"\" width=\"2000\" height=\"1600\" srcset=\"https:\/\/www.rayuelainfancia.com\/blog\/wp-content\/uploads\/2021\/10\/alicia-acosta.jpg 2000w, https:\/\/www.rayuelainfancia.com\/blog\/wp-content\/uploads\/2021\/10\/alicia-acosta-300x240.jpg 300w, https:\/\/www.rayuelainfancia.com\/blog\/wp-content\/uploads\/2021\/10\/alicia-acosta-768x614.jpg 768w, https:\/\/www.rayuelainfancia.com\/blog\/wp-content\/uploads\/2021\/10\/alicia-acosta-1024x819.jpg 1024w\" sizes=\"(max-width: 2000px) 100vw, 2000px\" \/><\/p>\n<p><span style=\"color: #000000;\"><div id=\"product_list\" class=\"row\"><div class=\"col-xs-6 col-sm-6 col-md-6 col-lg-4 item-product\">\n            <div class=\"product-list text-center\">\n                <p>\n                    <a class=\"product-blog-link\" href=\"https:\/\/www.rayuelainfancia.com\/coeducacion\/8499-vivan-las-unas-de-colores.html?utm_campaign=productBlogPost\" title=\"  VIVAN LAS U  AS DE COLORES \">\n                        <img src=\"\/\/www.rayuelainfancia.com\/16396-home_default\/vivan-las-unas-de-colores.jpg\" alt=\"  VIVAN LAS U  AS DE COLORES \" class=\"img-responsive\"><span>\u00a1VIVAN LAS U\u00d1AS DE COLORES!<\/span><\/a>\n                <\/p>\n            <\/div>\n\n            <div class=\"acciones text-center\">\n                \n                <p class=\"price\">14,90 \u20ac<\/p>\n            <\/div>\n        <\/div><div class=\"col-xs-6 col-sm-6 col-md-6 col-lg-4 item-product\">\n            <div class=\"product-list text-center\">\n                <p>\n                    <a class=\"product-blog-link\" href=\"https:\/\/www.rayuelainfancia.com\/album-ilustrado\/168946-la-muneca-de-lucas.html?utm_campaign=productBlogPost\" title=\"LA MU  ECA DE LUCAS\">\n                        <img src=\"\/\/www.rayuelainfancia.com\/211820-home_default\/la-muneca-de-lucas.jpg\" alt=\"LA MU  ECA DE LUCAS\" class=\"img-responsive\"><span>LA MU\u00d1ECA DE LUCAS<\/span><\/a>\n                <\/p>\n            <\/div>\n\n            <div class=\"acciones text-center\">\n                \n                <p class=\"price\">15,90 \u20ac<\/p>\n            <\/div>\n        <\/div><div class=\"col-xs-6 col-sm-6 col-md-6 col-lg-4 item-product\">\n            <div class=\"product-list text-center\">\n                <p>\n                    <a class=\"product-blog-link\" href=\"https:\/\/www.rayuelainfancia.com\/album-ilustrado\/221027-peque-y-yo.html?utm_campaign=productBlogPost\" title=\"PEQUE Y YO\">\n                        <img src=\"\/\/www.rayuelainfancia.com\/255221-home_default\/peque-y-yo.jpg\" alt=\"PEQUE Y YO\" class=\"img-responsive\"><span>PEQUE Y YO<\/span><\/a>\n                <\/p>\n            <\/div>\n\n            <div class=\"acciones text-center\">\n                \n                <p class=\"price\">14,90 \u20ac<\/p>\n            <\/div>\n        <\/div><\/div><\/span><\/p>\n<h2>Firmas Feria del Libro Domingo 31 de Octubre<\/h2>\n<h3 style=\"text-align: center;\">Antonio Rodr\u00edguez Almod\u00f3var 12:00h<\/h3>\n<p style=\"text-align: justify;\">Por la ma\u00f1ana,<strong> a las 12:ooh. Antonio Rodr\u00edguez Almod\u00f3var<\/strong> estar\u00e1 firmando los <strong>cuentos de la Media Lunita<\/strong>, en la caseta 14 de la Feria del Libro de Sevilla. Antonio Rodr\u00edguez Almod\u00f3var no necesita presentaci\u00f3n, siendo uno de los <strong>mayores conocedores de la tradici\u00f3n oral y popular<\/strong> de nuestra cultura. No dejes de pasar para compartir con \u00e9l un poco de todo lo que sabe.<\/p>\n<p><img loading=\"lazy\" class=\"alignnone size-full wp-image-4550\" src=\"http:\/\/www.rayuelainfancia.com\/blog\/wp-content\/uploads\/2021\/10\/antonio-rodriguez-almodovar.jpg\" alt=\"\" width=\"2000\" height=\"1600\" srcset=\"https:\/\/www.rayuelainfancia.com\/blog\/wp-content\/uploads\/2021\/10\/antonio-rodriguez-almodovar.jpg 2000w, https:\/\/www.rayuelainfancia.com\/blog\/wp-content\/uploads\/2021\/10\/antonio-rodriguez-almodovar-300x240.jpg 300w, https:\/\/www.rayuelainfancia.com\/blog\/wp-content\/uploads\/2021\/10\/antonio-rodriguez-almodovar-768x614.jpg 768w, https:\/\/www.rayuelainfancia.com\/blog\/wp-content\/uploads\/2021\/10\/antonio-rodriguez-almodovar-1024x819.jpg 1024w\" sizes=\"(max-width: 2000px) 100vw, 2000px\" \/><\/p>\n<h3 style=\"text-align: center;\">Juan Arjona 13:00h.<\/h3>\n<p style=\"text-align: justify;\">Por \u00faltimo pero no menos importante y como cierre de esta Feria del Libro tan deseada contaremos con la siempre estupenda compa\u00f1\u00eda de <strong>Juan Arjona<\/strong>. Autor, narrador y miembro de la Compa\u00f1\u00eda Barataria, estar\u00e1 firmando en la caseta 14 <strong>a partir de las 13:00h.<\/strong>\u00a0 Ven a conocer sus libros a los que tenemos en gran estima, y que <strong>os recomendamos descubrir<\/strong> porque seguro que los vais a disfrutar.<\/p>\n<p><img loading=\"lazy\" class=\"alignnone size-full wp-image-4551\" src=\"http:\/\/www.rayuelainfancia.com\/blog\/wp-content\/uploads\/2021\/10\/juan-arjona.jpg\" alt=\"\" width=\"2000\" height=\"1600\" srcset=\"https:\/\/www.rayuelainfancia.com\/blog\/wp-content\/uploads\/2021\/10\/juan-arjona.jpg 2000w, https:\/\/www.rayuelainfancia.com\/blog\/wp-content\/uploads\/2021\/10\/juan-arjona-300x240.jpg 300w, https:\/\/www.rayuelainfancia.com\/blog\/wp-content\/uploads\/2021\/10\/juan-arjona-768x614.jpg 768w, https:\/\/www.rayuelainfancia.com\/blog\/wp-content\/uploads\/2021\/10\/juan-arjona-1024x819.jpg 1024w\" sizes=\"(max-width: 2000px) 100vw, 2000px\" \/><\/p>\n<p><span style=\"color: #000000;\"><div id=\"product_list\" class=\"row\"><div class=\"col-xs-6 col-sm-6 col-md-6 col-lg-4 item-product\">\n            <div class=\"product-list text-center\">\n                <p>\n                    <a class=\"product-blog-link\" href=\"https:\/\/www.rayuelainfancia.com\/album-ilustrado\/12017-cerdito-adonde-vas.html?utm_campaign=productBlogPost\" title=\"CERDITO    AD  NDE VAS \">\n                        <img src=\"\/\/www.rayuelainfancia.com\/39391-home_default\/cerdito-adonde-vas.jpg\" alt=\"CERDITO    AD  NDE VAS \" class=\"img-responsive\"><span>CERDITO, \u00bfAD\u00d3NDE VAS?<\/span><\/a>\n                <\/p>\n            <\/div>\n\n            <div class=\"acciones text-center\">\n                \n                <p class=\"price\">16,00 \u20ac<\/p>\n            <\/div>\n        <\/div><div class=\"col-xs-6 col-sm-6 col-md-6 col-lg-4 item-product\">\n            <div class=\"product-list text-center\">\n                <p>\n                    <a class=\"product-blog-link\" href=\"https:\/\/www.rayuelainfancia.com\/album-ilustrado\/3766-a-veces-me-aburro.html?utm_campaign=productBlogPost\" title=\"A VECES ME ABURRO\">\n                        <img src=\"\/\/www.rayuelainfancia.com\/5121-home_default\/a-veces-me-aburro.jpg\" alt=\"A VECES ME ABURRO\" class=\"img-responsive\"><span>A VECES ME ABURRO<\/span><\/a>\n                <\/p>\n            <\/div>\n\n            <div class=\"acciones text-center\">\n                \n                <p class=\"price\">14,50 \u20ac<\/p>\n            <\/div>\n        <\/div><div class=\"col-xs-6 col-sm-6 col-md-6 col-lg-4 item-product\">\n            <div class=\"product-list text-center\">\n                <p>\n                    <a class=\"product-blog-link\" href=\"https:\/\/www.rayuelainfancia.com\/album-ilustrado\/34241-antonino-de-sueno-en-sueno.html?utm_campaign=productBlogPost\" title=\"ANTONINO DE SUE  O EN SUE  O\">\n                        <img src=\"\/\/www.rayuelainfancia.com\/40937-home_default\/antonino-de-sueno-en-sueno.jpg\" alt=\"ANTONINO DE SUE  O EN SUE  O\" class=\"img-responsive\"><span>ANTONINO DE SUE\u00d1O EN SUE\u00d1O<\/span><\/a>\n                <\/p>\n            <\/div>\n\n            <div class=\"acciones text-center\">\n                \n                <p class=\"price\">12,00 \u20ac<\/p>\n            <\/div>\n        <\/div><div class=\"col-xs-6 col-sm-6 col-md-6 col-lg-4 item-product\">\n            <div class=\"product-list text-center\">\n                <p>\n                    <a class=\"product-blog-link\" href=\"https:\/\/www.rayuelainfancia.com\/primeros-lectores-5\/3452-cuando-las-cosas-se-mueven.html?utm_campaign=productBlogPost\" title=\"CUANDO LAS COSAS SE MUEVEN\">\n                        <img src=\"\/\/www.rayuelainfancia.com\/4751-home_default\/cuando-las-cosas-se-mueven.jpg\" alt=\"CUANDO LAS COSAS SE MUEVEN\" class=\"img-responsive\"><span>CUANDO LAS COSAS SE MUEVEN<\/span><\/a>\n                <\/p>\n            <\/div>\n\n            <div class=\"acciones text-center\">\n                \n                <p class=\"price\">6,90 \u20ac<\/p>\n            <\/div>\n        <\/div><div class=\"col-xs-6 col-sm-6 col-md-6 col-lg-4 item-product\">\n            <div class=\"product-list text-center\">\n                <p>\n                    <a class=\"product-blog-link\" href=\"https:\/\/www.rayuelainfancia.com\/album-ilustrado\/379-soy-pequenito.html?utm_campaign=productBlogPost\" title=\"SOY PEQUE  ITO\">\n                        <img src=\"\/\/www.rayuelainfancia.com\/40148-home_default\/soy-pequenito.jpg\" alt=\"SOY PEQUE  ITO\" class=\"img-responsive\"><span>SOY PEQUE\u00d1ITO<\/span><\/a>\n                <\/p>\n            <\/div>\n\n            <div class=\"acciones text-center\">\n                \n                <p class=\"price\">16,00 \u20ac<\/p>\n            <\/div>\n        <\/div><\/div><\/span><\/p>\n","protected":false},"excerpt":{"rendered":"<p>Tras la inmejorable acogida del primer fin de semana de la Feria del Libro, os dejamos todas las firmas y eventos para esta segunda etapa. Apunta bien las fechas de firmas del segundo fin de semana de la Feria del Libro de Sevilla y no te lo pierdas \u00a1Hay para todos los gustos!<\/p>\n","protected":false},"author":6,"featured_media":4553,"comment_status":"open","ping_status":"open","sticky":false,"template":"","format":"standard","meta":[],"categories":[18,21],"tags":[],"yoast_head":"<!-- This site is optimized with the Yoast SEO plugin v18.5.1 - https:\/\/yoast.com\/wordpress\/plugins\/seo\/ -->\n<title>FIRMAS FERIA DEL LIBRO DE SEVILLA [2] &#8902; Blog de Rayuelainfancia<\/title>\n<meta name=\"description\" content=\"Apunta bien las fechas de firmas del segundo fin de semana de la Feria del Libro de Sevilla y no te lo pierdas \u00a1Hay para todos los gustos!\" \/>\n<meta name=\"robots\" content=\"index, follow, max-snippet:-1, max-image-preview:large, max-video-preview:-1\" \/>\n<link rel=\"canonical\" href=\"https:\/\/www.rayuelainfancia.com\/blog\/firmas-feria-del-libro-de-sevilla-2\/\" \/>\n<meta property=\"og:locale\" content=\"es_ES\" \/>\n<meta property=\"og:type\" content=\"article\" \/>\n<meta property=\"og:title\" content=\"FIRMAS FERIA DEL LIBRO DE SEVILLA [2] &#8902; Blog de Rayuelainfancia\" \/>\n<meta property=\"og:description\" content=\"Apunta bien las fechas de firmas del segundo fin de semana de la Feria del Libro de Sevilla y no te lo pierdas \u00a1Hay para todos los gustos!\" \/>\n<meta property=\"og:url\" content=\"https:\/\/www.rayuelainfancia.com\/blog\/firmas-feria-del-libro-de-sevilla-2\/\" \/>\n<meta property=\"og:site_name\" content=\"Blog de Rayuelainfancia\" \/>\n<meta property=\"article:publisher\" content=\"https:\/\/www.facebook.com\/pages\/Librer\u00eda-Rayuela\/251861686361\" \/>\n<meta property=\"article:published_time\" content=\"2021-10-27T10:30:51+00:00\" \/>\n<meta property=\"article:modified_time\" content=\"2021-11-16T10:14:00+00:00\" \/>\n<meta property=\"og:image\" content=\"http:\/\/www.rayuelainfancia.com\/blog\/wp-content\/uploads\/2021\/10\/banner-blog.jpg\" \/>\n\t<meta property=\"og:image:width\" content=\"750\" \/>\n\t<meta property=\"og:image:height\" content=\"410\" \/>\n\t<meta property=\"og:image:type\" content=\"image\/jpeg\" \/>\n<meta name=\"twitter:card\" content=\"summary\" \/>\n<meta name=\"twitter:creator\" content=\"@Rayuelainfancia\" \/>\n<meta name=\"twitter:site\" content=\"@Rayuelainfancia\" \/>\n<meta name=\"twitter:label1\" content=\"Written by\" \/>\n\t<meta name=\"twitter:data1\" content=\"Rayuelainfancia\" \/>\n\t<meta name=\"twitter:label2\" content=\"Est. reading time\" \/>\n\t<meta name=\"twitter:data2\" content=\"4 minutos\" \/>\n<script type=\"application\/ld+json\" class=\"yoast-schema-graph\">{\"@context\":\"https:\/\/schema.org\",\"@graph\":[{\"@type\":\"Organization\",\"@id\":\"https:\/\/www.rayuelainfancia.com\/blog\/#organization\",\"name\":\"Rayuelainfancia\",\"url\":\"https:\/\/www.rayuelainfancia.com\/blog\/\",\"sameAs\":[\"https:\/\/www.facebook.com\/pages\/Librer\u00eda-Rayuela\/251861686361\",\"https:\/\/www.youtube.com\/channel\/UCddVaoDjpTp-DexyEVoyazQ\",\"https:\/\/twitter.com\/Rayuelainfancia\"],\"logo\":{\"@type\":\"ImageObject\",\"@id\":\"https:\/\/www.rayuelainfancia.com\/blog\/#logo\",\"inLanguage\":\"es\",\"url\":\"https:\/\/www.rayuelainfancia.com\/blog\/wp-content\/uploads\/2018\/06\/logo-rayuelainfancia-color-corporativo.png\",\"contentUrl\":\"https:\/\/www.rayuelainfancia.com\/blog\/wp-content\/uploads\/2018\/06\/logo-rayuelainfancia-color-corporativo.png\",\"width\":1200,\"height\":680,\"caption\":\"Rayuelainfancia\"},\"image\":{\"@id\":\"https:\/\/www.rayuelainfancia.com\/blog\/#logo\"}},{\"@type\":\"WebSite\",\"@id\":\"https:\/\/www.rayuelainfancia.com\/blog\/#website\",\"url\":\"https:\/\/www.rayuelainfancia.com\/blog\/\",\"name\":\"Blog de Rayuelainfancia\",\"description\":\"Libros infantiles y juegos educaticos respestuosos con la infancia\",\"publisher\":{\"@id\":\"https:\/\/www.rayuelainfancia.com\/blog\/#organization\"},\"potentialAction\":[{\"@type\":\"SearchAction\",\"target\":{\"@type\":\"EntryPoint\",\"urlTemplate\":\"https:\/\/www.rayuelainfancia.com\/blog\/?s={search_term_string}\"},\"query-input\":\"required name=search_term_string\"}],\"inLanguage\":\"es\"},{\"@type\":\"ImageObject\",\"@id\":\"https:\/\/www.rayuelainfancia.com\/blog\/firmas-feria-del-libro-de-sevilla-2\/#primaryimage\",\"inLanguage\":\"es\",\"url\":\"https:\/\/www.rayuelainfancia.com\/blog\/wp-content\/uploads\/2021\/10\/banner-blog.jpg\",\"contentUrl\":\"https:\/\/www.rayuelainfancia.com\/blog\/wp-content\/uploads\/2021\/10\/banner-blog.jpg\",\"width\":750,\"height\":410},{\"@type\":\"WebPage\",\"@id\":\"https:\/\/www.rayuelainfancia.com\/blog\/firmas-feria-del-libro-de-sevilla-2\/#webpage\",\"url\":\"https:\/\/www.rayuelainfancia.com\/blog\/firmas-feria-del-libro-de-sevilla-2\/\",\"name\":\"FIRMAS FERIA DEL LIBRO DE SEVILLA [2] &#8902; Blog de Rayuelainfancia\",\"isPartOf\":{\"@id\":\"https:\/\/www.rayuelainfancia.com\/blog\/#website\"},\"primaryImageOfPage\":{\"@id\":\"https:\/\/www.rayuelainfancia.com\/blog\/firmas-feria-del-libro-de-sevilla-2\/#primaryimage\"},\"datePublished\":\"2021-10-27T10:30:51+00:00\",\"dateModified\":\"2021-11-16T10:14:00+00:00\",\"description\":\"Apunta bien las fechas de firmas del segundo fin de semana de la Feria del Libro de Sevilla y no te lo pierdas \u00a1Hay para todos los gustos!\",\"breadcrumb\":{\"@id\":\"https:\/\/www.rayuelainfancia.com\/blog\/firmas-feria-del-libro-de-sevilla-2\/#breadcrumb\"},\"inLanguage\":\"es\",\"potentialAction\":[{\"@type\":\"ReadAction\",\"target\":[\"https:\/\/www.rayuelainfancia.com\/blog\/firmas-feria-del-libro-de-sevilla-2\/\"]}]},{\"@type\":\"BreadcrumbList\",\"@id\":\"https:\/\/www.rayuelainfancia.com\/blog\/firmas-feria-del-libro-de-sevilla-2\/#breadcrumb\",\"itemListElement\":[{\"@type\":\"ListItem\",\"position\":1,\"name\":\"Portada\",\"item\":\"https:\/\/www.rayuelainfancia.com\/blog\/\"},{\"@type\":\"ListItem\",\"position\":2,\"name\":\"FIRMAS FERIA DEL LIBRO DE SEVILLA [2]\"}]},{\"@type\":\"Article\",\"@id\":\"https:\/\/www.rayuelainfancia.com\/blog\/firmas-feria-del-libro-de-sevilla-2\/#article\",\"isPartOf\":{\"@id\":\"https:\/\/www.rayuelainfancia.com\/blog\/firmas-feria-del-libro-de-sevilla-2\/#webpage\"},\"author\":{\"@id\":\"https:\/\/www.rayuelainfancia.com\/blog\/#\/schema\/person\/c1aff250c5154e35f53f26d0eba10c45\"},\"headline\":\"FIRMAS FERIA DEL LIBRO DE SEVILLA [2]\",\"datePublished\":\"2021-10-27T10:30:51+00:00\",\"dateModified\":\"2021-11-16T10:14:00+00:00\",\"mainEntityOfPage\":{\"@id\":\"https:\/\/www.rayuelainfancia.com\/blog\/firmas-feria-del-libro-de-sevilla-2\/#webpage\"},\"wordCount\":708,\"commentCount\":0,\"publisher\":{\"@id\":\"https:\/\/www.rayuelainfancia.com\/blog\/#organization\"},\"image\":{\"@id\":\"https:\/\/www.rayuelainfancia.com\/blog\/firmas-feria-del-libro-de-sevilla-2\/#primaryimage\"},\"thumbnailUrl\":\"https:\/\/www.rayuelainfancia.com\/blog\/wp-content\/uploads\/2021\/10\/banner-blog.jpg\",\"articleSection\":[\"Actividades Cuentacuentos\",\"Literatura Infantil\"],\"inLanguage\":\"es\",\"potentialAction\":[{\"@type\":\"CommentAction\",\"name\":\"Comment\",\"target\":[\"https:\/\/www.rayuelainfancia.com\/blog\/firmas-feria-del-libro-de-sevilla-2\/#respond\"]}]},{\"@type\":\"Person\",\"@id\":\"https:\/\/www.rayuelainfancia.com\/blog\/#\/schema\/person\/c1aff250c5154e35f53f26d0eba10c45\",\"name\":\"Rayuelainfancia\",\"image\":{\"@type\":\"ImageObject\",\"@id\":\"https:\/\/www.rayuelainfancia.com\/blog\/#personlogo\",\"inLanguage\":\"es\",\"url\":\"https:\/\/secure.gravatar.com\/avatar\/8bf03e7a4bb13ca5c7d0dc6acde2bfd1?s=96&d=mm&r=g\",\"contentUrl\":\"https:\/\/secure.gravatar.com\/avatar\/8bf03e7a4bb13ca5c7d0dc6acde2bfd1?s=96&d=mm&r=g\",\"caption\":\"Rayuelainfancia\"}}]}<\/script>\n<!-- \/ Yoast SEO plugin. -->","yoast_head_json":{"title":"FIRMAS FERIA DEL LIBRO DE SEVILLA [2] &#8902; Blog de Rayuelainfancia","description":"Apunta bien las fechas de firmas del segundo fin de semana de la Feria del Libro de Sevilla y no te lo pierdas \u00a1Hay para todos los gustos!","robots":{"index":"index","follow":"follow","max-snippet":"max-snippet:-1","max-image-preview":"max-image-preview:large","max-video-preview":"max-video-preview:-1"},"canonical":"https:\/\/www.rayuelainfancia.com\/blog\/firmas-feria-del-libro-de-sevilla-2\/","og_locale":"es_ES","og_type":"article","og_title":"FIRMAS FERIA DEL LIBRO DE SEVILLA [2] &#8902; Blog de Rayuelainfancia","og_description":"Apunta bien las fechas de firmas del segundo fin de semana de la Feria del Libro de Sevilla y no te lo pierdas \u00a1Hay para todos los gustos!","og_url":"https:\/\/www.rayuelainfancia.com\/blog\/firmas-feria-del-libro-de-sevilla-2\/","og_site_name":"Blog de Rayuelainfancia","article_publisher":"https:\/\/www.facebook.com\/pages\/Librer\u00eda-Rayuela\/251861686361","article_published_time":"2021-10-27T10:30:51+00:00","article_modified_time":"2021-11-16T10:14:00+00:00","og_image":[{"width":750,"height":410,"url":"http:\/\/www.rayuelainfancia.com\/blog\/wp-content\/uploads\/2021\/10\/banner-blog.jpg","type":"image\/jpeg"}],"twitter_card":"summary","twitter_creator":"@Rayuelainfancia","twitter_site":"@Rayuelainfancia","twitter_misc":{"Written by":"Rayuelainfancia","Est. reading time":"4 minutos"},"schema":{"@context":"https:\/\/schema.org","@graph":[{"@type":"Organization","@id":"https:\/\/www.rayuelainfancia.com\/blog\/#organization","name":"Rayuelainfancia","url":"https:\/\/www.rayuelainfancia.com\/blog\/","sameAs":["https:\/\/www.facebook.com\/pages\/Librer\u00eda-Rayuela\/251861686361","https:\/\/www.youtube.com\/channel\/UCddVaoDjpTp-DexyEVoyazQ","https:\/\/twitter.com\/Rayuelainfancia"],"logo":{"@type":"ImageObject","@id":"https:\/\/www.rayuelainfancia.com\/blog\/#logo","inLanguage":"es","url":"https:\/\/www.rayuelainfancia.com\/blog\/wp-content\/uploads\/2018\/06\/logo-rayuelainfancia-color-corporativo.png","contentUrl":"https:\/\/www.rayuelainfancia.com\/blog\/wp-content\/uploads\/2018\/06\/logo-rayuelainfancia-color-corporativo.png","width":1200,"height":680,"caption":"Rayuelainfancia"},"image":{"@id":"https:\/\/www.rayuelainfancia.com\/blog\/#logo"}},{"@type":"WebSite","@id":"https:\/\/www.rayuelainfancia.com\/blog\/#website","url":"https:\/\/www.rayuelainfancia.com\/blog\/","name":"Blog de Rayuelainfancia","description":"Libros infantiles y juegos educaticos respestuosos con la infancia","publisher":{"@id":"https:\/\/www.rayuelainfancia.com\/blog\/#organization"},"potentialAction":[{"@type":"SearchAction","target":{"@type":"EntryPoint","urlTemplate":"https:\/\/www.rayuelainfancia.com\/blog\/?s={search_term_string}"},"query-input":"required name=search_term_string"}],"inLanguage":"es"},{"@type":"ImageObject","@id":"https:\/\/www.rayuelainfancia.com\/blog\/firmas-feria-del-libro-de-sevilla-2\/#primaryimage","inLanguage":"es","url":"https:\/\/www.rayuelainfancia.com\/blog\/wp-content\/uploads\/2021\/10\/banner-blog.jpg","contentUrl":"https:\/\/www.rayuelainfancia.com\/blog\/wp-content\/uploads\/2021\/10\/banner-blog.jpg","width":750,"height":410},{"@type":"WebPage","@id":"https:\/\/www.rayuelainfancia.com\/blog\/firmas-feria-del-libro-de-sevilla-2\/#webpage","url":"https:\/\/www.rayuelainfancia.com\/blog\/firmas-feria-del-libro-de-sevilla-2\/","name":"FIRMAS FERIA DEL LIBRO DE SEVILLA [2] &#8902; Blog de Rayuelainfancia","isPartOf":{"@id":"https:\/\/www.rayuelainfancia.com\/blog\/#website"},"primaryImageOfPage":{"@id":"https:\/\/www.rayuelainfancia.com\/blog\/firmas-feria-del-libro-de-sevilla-2\/#primaryimage"},"datePublished":"2021-10-27T10:30:51+00:00","dateModified":"2021-11-16T10:14:00+00:00","description":"Apunta bien las fechas de firmas del segundo fin de semana de la Feria del Libro de Sevilla y no te lo pierdas \u00a1Hay para todos los gustos!","breadcrumb":{"@id":"https:\/\/www.rayuelainfancia.com\/blog\/firmas-feria-del-libro-de-sevilla-2\/#breadcrumb"},"inLanguage":"es","potentialAction":[{"@type":"ReadAction","target":["https:\/\/www.rayuelainfancia.com\/blog\/firmas-feria-del-libro-de-sevilla-2\/"]}]},{"@type":"BreadcrumbList","@id":"https:\/\/www.rayuelainfancia.com\/blog\/firmas-feria-del-libro-de-sevilla-2\/#breadcrumb","itemListElement":[{"@type":"ListItem","position":1,"name":"Portada","item":"https:\/\/www.rayuelainfancia.com\/blog\/"},{"@type":"ListItem","position":2,"name":"FIRMAS FERIA DEL LIBRO DE SEVILLA [2]"}]},{"@type":"Article","@id":"https:\/\/www.rayuelainfancia.com\/blog\/firmas-feria-del-libro-de-sevilla-2\/#article","isPartOf":{"@id":"https:\/\/www.rayuelainfancia.com\/blog\/firmas-feria-del-libro-de-sevilla-2\/#webpage"},"author":{"@id":"https:\/\/www.rayuelainfancia.com\/blog\/#\/schema\/person\/c1aff250c5154e35f53f26d0eba10c45"},"headline":"FIRMAS FERIA DEL LIBRO DE SEVILLA [2]","datePublished":"2021-10-27T10:30:51+00:00","dateModified":"2021-11-16T10:14:00+00:00","mainEntityOfPage":{"@id":"https:\/\/www.rayuelainfancia.com\/blog\/firmas-feria-del-libro-de-sevilla-2\/#webpage"},"wordCount":708,"commentCount":0,"publisher":{"@id":"https:\/\/www.rayuelainfancia.com\/blog\/#organization"},"image":{"@id":"https:\/\/www.rayuelainfancia.com\/blog\/firmas-feria-del-libro-de-sevilla-2\/#primaryimage"},"thumbnailUrl":"https:\/\/www.rayuelainfancia.com\/blog\/wp-content\/uploads\/2021\/10\/banner-blog.jpg","articleSection":["Actividades Cuentacuentos","Literatura Infantil"],"inLanguage":"es","potentialAction":[{"@type":"CommentAction","name":"Comment","target":["https:\/\/www.rayuelainfancia.com\/blog\/firmas-feria-del-libro-de-sevilla-2\/#respond"]}]},{"@type":"Person","@id":"https:\/\/www.rayuelainfancia.com\/blog\/#\/schema\/person\/c1aff250c5154e35f53f26d0eba10c45","name":"Rayuelainfancia","image":{"@type":"ImageObject","@id":"https:\/\/www.rayuelainfancia.com\/blog\/#personlogo","inLanguage":"es","url":"https:\/\/secure.gravatar.com\/avatar\/8bf03e7a4bb13ca5c7d0dc6acde2bfd1?s=96&d=mm&r=g","contentUrl":"https:\/\/secure.gravatar.com\/avatar\/8bf03e7a4bb13ca5c7d0dc6acde2bfd1?s=96&d=mm&r=g","caption":"Rayuelainfancia"}}]}},"_links":{"self":[{"href":"https:\/\/www.rayuelainfancia.com\/blog\/wp-json\/wp\/v2\/posts\/4541"}],"collection":[{"href":"https:\/\/www.rayuelainfancia.com\/blog\/wp-json\/wp\/v2\/posts"}],"about":[{"href":"https:\/\/www.rayuelainfancia.com\/blog\/wp-json\/wp\/v2\/types\/post"}],"author":[{"embeddable":true,"href":"https:\/\/www.rayuelainfancia.com\/blog\/wp-json\/wp\/v2\/users\/6"}],"replies":[{"embeddable":true,"href":"https:\/\/www.rayuelainfancia.com\/blog\/wp-json\/wp\/v2\/comments?post=4541"}],"version-history":[{"count":5,"href":"https:\/\/www.rayuelainfancia.com\/blog\/wp-json\/wp\/v2\/posts\/4541\/revisions"}],"predecessor-version":[{"id":4554,"href":"https:\/\/www.rayuelainfancia.com\/blog\/wp-json\/wp\/v2\/posts\/4541\/revisions\/4554"}],"wp:featuredmedia":[{"embeddable":true,"href":"https:\/\/www.rayuelainfancia.com\/blog\/wp-json\/wp\/v2\/media\/4553"}],"wp:attachment":[{"href":"https:\/\/www.rayuelainfancia.com\/blog\/wp-json\/wp\/v2\/media?parent=4541"}],"wp:term":[{"taxonomy":"category","embeddable":true,"href":"https:\/\/www.rayuelainfancia.com\/blog\/wp-json\/wp\/v2\/categories?post=4541"},{"taxonomy":"post_tag","embeddable":true,"href":"https:\/\/www.rayuelainfancia.com\/blog\/wp-json\/wp\/v2\/tags?post=4541"}],"curies":[{"name":"wp","href":"https:\/\/api.w.org\/{rel}","templated":true}]}}