 {"id":4514,"date":"2021-10-20T12:02:10","date_gmt":"2021-10-20T10:02:10","guid":{"rendered":"http:\/\/www.rayuelainfancia.com\/blog\/?p=4514"},"modified":"2021-11-16T11:14:07","modified_gmt":"2021-11-16T10:14:07","slug":"firmas-feria-del-libro-de-sevilla-1","status":"publish","type":"post","link":"https:\/\/www.rayuelainfancia.com\/blog\/firmas-feria-del-libro-de-sevilla-1\/","title":{"rendered":"FIRMAS FERIA DEL LIBRO DE SEVILLA [1]"},"content":{"rendered":"<p style=\"text-align: justify;\">\u00a1Apunta bien! Aqu\u00ed te dejamos todas las <strong>firmas Feria del Libro de Sevilla<\/strong> para este <strong>primer fin de semana<\/strong>. \u00a1Te esperamos en la caseta 14! Estamos emocionadas, porque por fin podemos retomar el contacto a pie de calle, y vivir la semana m\u00e1s importante del libro en nuestra ciudad <strong>\u00bfTe apuntas?<\/strong><\/p>\n<p><!--more--><\/p>\n<p style=\"text-align: justify;\">El primer fin de semana de la Feria del Libro de Sevilla 2021 ha llegado pisando fuerte. <strong>Apunta bien las fechas<\/strong> para venir a conocer, conversar y compartir con <strong>autoras y autores que bien merece la pena conocer<\/strong>. Raquel D\u00edaz Reguera, Jose Carlos Rom\u00e1n, Eliacer Cansino&#8230; \u00a1Te esperamos en la caseta 14!<\/p>\n<h2 style=\"text-align: center;\">Firmas Viernes 22 de Octubre<\/h2>\n<h3 style=\"text-align: center;\">Silvia \u00c1lvarez: 18.00h.<\/h3>\n<p style=\"text-align: justify;\"><strong>Silvia \u00c1lvarez<\/strong> es una ilustradora andaluza que ha obtenido diversos premios como la medalla de Plata en la categor\u00eda \u00abBest Illustrator\u00bb en el Premio en los Moonbeam Children&#8217;s Book Awards de Estados Unidos. Este viernes tienes la oportunidad de <strong>conocerla y compartir<\/strong> con ella sensaciones y pareceres. Estar\u00e1 firmando en la<strong> caseta 14 de la FLS<\/strong> <strong>a partir de las 18:00h<\/strong> algunas de sus obras como \u00abLa luz de Luc\u00eda\u00bb, \u00abEnyd y el bosque olvidado\u00bb o \u00abNi\u00f1a Colibr\u00ed\u00bb. \u00a1No te lo pierdas!<\/p>\n<p><img loading=\"lazy\" class=\"alignnone size-full wp-image-4515\" src=\"http:\/\/www.rayuelainfancia.com\/blog\/wp-content\/uploads\/2021\/10\/SILVIA-\u00c1LVAREZ.jpg\" alt=\"FIRMA FERIA DEL LIBRO DE SEVILLA SILVIA ALVAREZ\" width=\"2000\" height=\"1600\" srcset=\"https:\/\/www.rayuelainfancia.com\/blog\/wp-content\/uploads\/2021\/10\/SILVIA-\u00c1LVAREZ.jpg 2000w, https:\/\/www.rayuelainfancia.com\/blog\/wp-content\/uploads\/2021\/10\/SILVIA-\u00c1LVAREZ-300x240.jpg 300w, https:\/\/www.rayuelainfancia.com\/blog\/wp-content\/uploads\/2021\/10\/SILVIA-\u00c1LVAREZ-768x614.jpg 768w, https:\/\/www.rayuelainfancia.com\/blog\/wp-content\/uploads\/2021\/10\/SILVIA-\u00c1LVAREZ-1024x819.jpg 1024w\" sizes=\"(max-width: 2000px) 100vw, 2000px\" \/><\/p>\n<p><span style=\"color: #000000;\"><div id=\"product_list\" class=\"row\"><div class=\"col-xs-6 col-sm-6 col-md-6 col-lg-4 item-product\">\n            <div class=\"product-list text-center\">\n                <p>\n                    <a class=\"product-blog-link\" href=\"https:\/\/www.rayuelainfancia.com\/album-ilustrado\/317751-la-luz-de-lucia.html?utm_campaign=productBlogPost\" title=\"LA LUZ DE LUC  A\">\n                        <img src=\"\/\/www.rayuelainfancia.com\/328021-home_default\/la-luz-de-lucia.jpg\" alt=\"LA LUZ DE LUC  A\" class=\"img-responsive\"><span>LA LUZ DE LUC\u00cdA<\/span><\/a>\n                <\/p>\n            <\/div>\n\n            <div class=\"acciones text-center\">\n                \n                <p class=\"price\">19,95 \u20ac<\/p>\n            <\/div>\n        <\/div><div class=\"col-xs-6 col-sm-6 col-md-6 col-lg-4 item-product\">\n            <div class=\"product-list text-center\">\n                <p>\n                    <a class=\"product-blog-link\" href=\"https:\/\/www.rayuelainfancia.com\/album-ilustrado\/335803-nina-colibri.html?utm_campaign=productBlogPost\" title=\"NI  A COLIBR  \">\n                        <img src=\"\/\/www.rayuelainfancia.com\/344620-home_default\/nina-colibri.jpg\" alt=\"NI  A COLIBR  \" class=\"img-responsive\"><span>NI\u00d1A COLIBR\u00cd<\/span><\/a>\n                <\/p>\n            <\/div>\n\n            <div class=\"acciones text-center\">\n                \n                <p class=\"price\">15,50 \u20ac<\/p>\n            <\/div>\n        <\/div><div class=\"col-xs-6 col-sm-6 col-md-6 col-lg-4 item-product\">\n            <div class=\"product-list text-center\">\n                <p>\n                    <a class=\"product-blog-link\" href=\"https:\/\/www.rayuelainfancia.com\/lecturas\/335807-un-extrano-regalo.html?utm_campaign=productBlogPost\" title=\"UN EXTRA  O REGALO\">\n                        <img src=\"\/\/www.rayuelainfancia.com\/344635-home_default\/un-extrano-regalo.jpg\" alt=\"UN EXTRA  O REGALO\" class=\"img-responsive\"><span>UN EXTRA\u00d1O REGALO<\/span><\/a>\n                <\/p>\n            <\/div>\n\n            <div class=\"acciones text-center\">\n                \n                <p class=\"price\">16,95 \u20ac<\/p>\n            <\/div>\n        <\/div><div class=\"col-xs-6 col-sm-6 col-md-6 col-lg-4 item-product\">\n            <div class=\"product-list text-center\">\n                <p>\n                    <a class=\"product-blog-link\" href=\"https:\/\/www.rayuelainfancia.com\/album-ilustrado\/335806-el-misterio-de-la-sonrisa-de-lucas.html?utm_campaign=productBlogPost\" title=\"EL MISTERIO DE LA SONRISA DE LUCAS\">\n                        <img src=\"\/\/www.rayuelainfancia.com\/344641-home_default\/el-misterio-de-la-sonrisa-de-lucas.jpg\" alt=\"EL MISTERIO DE LA SONRISA DE LUCAS\" class=\"img-responsive\"><span>EL MISTERIO DE LA SONRISA DE LUCAS<\/span><\/a>\n                <\/p>\n            <\/div>\n\n            <div class=\"acciones text-center\">\n                \n                <p class=\"price\">15,95 \u20ac<\/p>\n            <\/div>\n        <\/div><div class=\"col-xs-6 col-sm-6 col-md-6 col-lg-4 item-product\">\n            <div class=\"product-list text-center\">\n                <p>\n                    <a class=\"product-blog-link\" href=\"https:\/\/www.rayuelainfancia.com\/album-ilustrado\/335800-el-color-de-tu-piel.html?utm_campaign=productBlogPost\" title=\"EL COLOR DE TU PIEL\">\n                        <img src=\"\/\/www.rayuelainfancia.com\/344633-home_default\/el-color-de-tu-piel.jpg\" alt=\"EL COLOR DE TU PIEL\" class=\"img-responsive\"><span>EL COLOR DE TU PIEL<\/span><\/a>\n                <\/p>\n            <\/div>\n\n            <div class=\"acciones text-center\">\n                \n                <p class=\"price\">14,90 \u20ac<\/p>\n            <\/div>\n        <\/div><\/div><\/span><\/p>\n<h3 style=\"text-align: center;\">Chema Heras y Pilar Mart\u00ednez<\/h3>\n<p style=\"text-align: justify;\">Un ratito m\u00e1s tarde,<strong> a partir de las 19:00h<\/strong>, estar\u00e1n en la<strong> caseta 14 (Kalandraka + Rayuelainfancia)<\/strong> <strong>Chema Heras y Pilar Mart\u00ednez<\/strong>, presentando dos libros de reciente publicaci\u00f3n en los que han participado como autores. Se trata de dos libros divulgativos, sobre cr\u00edas de animales y sus h\u00e1bitats, costumbres, alimentaci\u00f3n&#8230; La <strong>colecci\u00f3n se titula \u00ab\u00bfQui\u00e9n soy?\u00bb<\/strong> y cuenta por el momento con dos t\u00edtulos, uno dedicado a <strong>Europa<\/strong> y el otro a<strong> \u00c1frica<\/strong>.<\/p>\n<p style=\"text-align: justify;\">Adem\u00e1s, Chema Heras es el autor de \u00e1lbumes tan emblem\u00e1ticos como \u00abAbuelos\u00bb o el conocid\u00edsimo \u00bb Cuando a Mat\u00edas le entraron ganas de hacer pis en la noche de Reyes\u00bb, ambos editados por <a href=\"https:\/\/www.kalandraka.com\/\">Kalandraka<\/a>. Este viernes tienes la oportunidad de llevarte uno de estos libros firmados y de <strong>disfrutar del encuentro<\/strong> con estos dos fant\u00e1sticos autores.<\/p>\n<p><img loading=\"lazy\" class=\"alignnone size-full wp-image-4522\" src=\"http:\/\/www.rayuelainfancia.com\/blog\/wp-content\/uploads\/2021\/10\/CHEMA-PILAR.jpg\" alt=\"CHEMA HERAS Y PILAR MARTINEZ FIRMA FERIA DEL LIBRO DE SEVILLA\" width=\"2000\" height=\"1600\" srcset=\"https:\/\/www.rayuelainfancia.com\/blog\/wp-content\/uploads\/2021\/10\/CHEMA-PILAR.jpg 2000w, https:\/\/www.rayuelainfancia.com\/blog\/wp-content\/uploads\/2021\/10\/CHEMA-PILAR-300x240.jpg 300w, https:\/\/www.rayuelainfancia.com\/blog\/wp-content\/uploads\/2021\/10\/CHEMA-PILAR-768x614.jpg 768w, https:\/\/www.rayuelainfancia.com\/blog\/wp-content\/uploads\/2021\/10\/CHEMA-PILAR-1024x819.jpg 1024w\" sizes=\"(max-width: 2000px) 100vw, 2000px\" \/><\/p>\n<p><span style=\"color: #000000;\"><div id=\"product_list\" class=\"row\"><div class=\"col-xs-6 col-sm-6 col-md-6 col-lg-4 item-product\">\n            <div class=\"product-list text-center\">\n                <p>\n                    <a class=\"product-blog-link\" href=\"https:\/\/www.rayuelainfancia.com\/conocimiento\/231789-quien-soy-crias-animales-europa.html?utm_campaign=productBlogPost\" title=\"  QUI  N SOY  CR  AS DE ANIMALES EUROPA\">\n                        <img src=\"\/\/www.rayuelainfancia.com\/241336-home_default\/quien-soy-crias-animales-europa.jpg\" alt=\"  QUI  N SOY  CR  AS DE ANIMALES EUROPA\" class=\"img-responsive\"><span>\u00bfQUI\u00c9N SOY? CR\u00cdAS DE ANIMALES EUROPA<\/span><\/a>\n                <\/p>\n            <\/div>\n\n            <div class=\"acciones text-center\">\n                \n                <p class=\"price\">14,00 \u20ac<\/p>\n            <\/div>\n        <\/div><div class=\"col-xs-6 col-sm-6 col-md-6 col-lg-4 item-product\">\n            <div class=\"product-list text-center\">\n                <p>\n                    <a class=\"product-blog-link\" href=\"https:\/\/www.rayuelainfancia.com\/conocimiento\/231788-quien-soy-crias-de-animales-africa.html?utm_campaign=productBlogPost\" title=\"  QUI  N SOY  CR  AS DE ANIMALES   FRICA\">\n                        <img src=\"\/\/www.rayuelainfancia.com\/241337-home_default\/quien-soy-crias-de-animales-africa.jpg\" alt=\"  QUI  N SOY  CR  AS DE ANIMALES   FRICA\" class=\"img-responsive\"><span>\u00bfQUI\u00c9N SOY? CR\u00cdAS DE ANIMALES \u00c1FRICA<\/span><\/a>\n                <\/p>\n            <\/div>\n\n            <div class=\"acciones text-center\">\n                \n                <p class=\"price\">14,00 \u20ac<\/p>\n            <\/div>\n        <\/div><div class=\"col-xs-6 col-sm-6 col-md-6 col-lg-4 item-product\">\n            <div class=\"product-list text-center\">\n                <p>\n                    <a class=\"product-blog-link\" href=\"https:\/\/www.rayuelainfancia.com\/album-ilustrado\/86896-cuando-a-matias-le-entraron-ganas.html?utm_campaign=productBlogPost\" title=\"CUANDO A MAT  AS LE ENTRARON GANAS DE HACER PIS EN LA NOCHE DE REYES\">\n                        <img src=\"\/\/www.rayuelainfancia.com\/93347-home_default\/cuando-a-matias-le-entraron-ganas.jpg\" alt=\"CUANDO A MAT  AS LE ENTRARON GANAS DE HACER PIS EN LA NOCHE DE REYES\" class=\"img-responsive\"><span>CUANDO A MAT\u00cdAS LE ENTRARON GANAS DE HACER PIS EN LA NOCHE DE REYES<\/span><\/a>\n                <\/p>\n            <\/div>\n\n            <div class=\"acciones text-center\">\n                \n                <p class=\"price\">14,00 \u20ac<\/p>\n            <\/div>\n        <\/div><div class=\"col-xs-6 col-sm-6 col-md-6 col-lg-4 item-product\">\n            <div class=\"product-list text-center\">\n                <p>\n                    <a class=\"product-blog-link\" href=\"https:\/\/www.rayuelainfancia.com\/album-ilustrado\/609-abuelos.html?utm_campaign=productBlogPost\" title=\"ABUELOS\">\n                        <img src=\"\/\/www.rayuelainfancia.com\/542-home_default\/abuelos.jpg\" alt=\"ABUELOS\" class=\"img-responsive\"><span>ABUELOS<\/span><\/a>\n                <\/p>\n            <\/div>\n\n            <div class=\"acciones text-center\">\n                \n                <p class=\"price\">14,00 \u20ac<\/p>\n            <\/div>\n        <\/div><\/div><\/span><\/p>\n<h2 style=\"text-align: center;\">Firmas S\u00e1bado 23 de Octubre<\/h2>\n<h3 style=\"text-align: center;\">Tesa Gonz\u00e1lez<\/h3>\n<p style=\"text-align: justify;\">El s\u00e1bado por la ma\u00f1ana,<strong> a partir de las 12:00h<\/strong> estar\u00e1 acompa\u00f1\u00e1ndonos en la caseta 14 <a href=\"https:\/\/www.tesagonzalez.com\/\"><strong>Tesa Gonz\u00e1lez<\/strong><\/a>, una ilustradora con numerosas obras y premios, amante del color, del arte y de los libros. Estar\u00e1 firmando dos de sus<strong> \u00e1lbumes ilustrados<\/strong> que podr\u00e1s llevarte firmados y dedicados por ella.<\/p>\n<p><img loading=\"lazy\" class=\"alignnone size-full wp-image-4524\" src=\"http:\/\/www.rayuelainfancia.com\/blog\/wp-content\/uploads\/2021\/10\/TESA-GONZALEZ.jpg\" alt=\"FIRMA TESA GONZALEZ FERIA DEL LIBRO DE SEVILLA\" width=\"2000\" height=\"1600\" srcset=\"https:\/\/www.rayuelainfancia.com\/blog\/wp-content\/uploads\/2021\/10\/TESA-GONZALEZ.jpg 2000w, https:\/\/www.rayuelainfancia.com\/blog\/wp-content\/uploads\/2021\/10\/TESA-GONZALEZ-300x240.jpg 300w, https:\/\/www.rayuelainfancia.com\/blog\/wp-content\/uploads\/2021\/10\/TESA-GONZALEZ-768x614.jpg 768w, https:\/\/www.rayuelainfancia.com\/blog\/wp-content\/uploads\/2021\/10\/TESA-GONZALEZ-1024x819.jpg 1024w\" sizes=\"(max-width: 2000px) 100vw, 2000px\" \/><\/p>\n<p><span style=\"color: #000000;\"><div id=\"product_list\" class=\"row\"><div class=\"col-xs-6 col-sm-6 col-md-6 col-lg-4 item-product\">\n            <div class=\"product-list text-center\">\n                <p>\n                    <a class=\"product-blog-link\" href=\"https:\/\/www.rayuelainfancia.com\/album-ilustrado\/335799-un-cuento-para-ver.html?utm_campaign=productBlogPost\" title=\"UN CUENTO PARA VER\">\n                        <img src=\"\/\/www.rayuelainfancia.com\/344634-home_default\/un-cuento-para-ver.jpg\" alt=\"UN CUENTO PARA VER\" class=\"img-responsive\"><span>UN CUENTO PARA VER<\/span><\/a>\n                <\/p>\n            <\/div>\n\n            <div class=\"acciones text-center\">\n                \n                <p class=\"price\">14,90 \u20ac<\/p>\n            <\/div>\n        <\/div><div class=\"col-xs-6 col-sm-6 col-md-6 col-lg-4 item-product\">\n            <div class=\"product-list text-center\">\n                <p>\n                    <a class=\"product-blog-link\" href=\"https:\/\/www.rayuelainfancia.com\/album-ilustrado\/335798-las-ranas-saben-cantar.html?utm_campaign=productBlogPost\" title=\"LAS RANAS SABEN CANTAR\">\n                        <img src=\"\/\/www.rayuelainfancia.com\/344626-home_default\/las-ranas-saben-cantar.jpg\" alt=\"LAS RANAS SABEN CANTAR\" class=\"img-responsive\"><span>LAS RANAS SABEN CANTAR<\/span><\/a>\n                <\/p>\n            <\/div>\n\n            <div class=\"acciones text-center\">\n                \n                <p class=\"price\">15,50 \u20ac<\/p>\n            <\/div>\n        <\/div><\/div><\/span><\/p>\n<h3 style=\"text-align: center;\">Eliacer Cansino<\/h3>\n<p style=\"text-align: justify;\">Un a\u00f1o m\u00e1s tenemos el honor de contar con la presencia del <strong>autor y amigo Eliacer Cansino<\/strong>, Premio Lazarillo de Autores en 1997 por <a href=\"https:\/\/www.rayuelainfancia.com\/narrativa-juvenil\/678-el-misterio-velazquez.html\">\u00abEl misterio Vel\u00e1zquez\u00bb<\/a> y Premio Nacional de literatura Infantil y Juvenil en 2010 por <a href=\"https:\/\/www.rayuelainfancia.com\/narrativa-juvenil\/749-una-habitacion-en-babel.html\">\u00abUna habitaci\u00f3n en Babel\u00bb<\/a>, entre otros. Estar\u00e1 firmando parte de su numerosa obra en la <strong>caseta 14<\/strong> <strong>a partir de las 13:00h<\/strong>. \u00a1No faltes! Siempre es un gusto charlar con Eliacer.<\/p>\n<p><img loading=\"lazy\" class=\"alignnone size-full wp-image-4526\" src=\"http:\/\/www.rayuelainfancia.com\/blog\/wp-content\/uploads\/2021\/10\/eliacer-cansino.jpg\" alt=\"FIRMA ELIACER CANSINO FERIA DE LIBRO DE SEVILLA\" width=\"2000\" height=\"1600\" srcset=\"https:\/\/www.rayuelainfancia.com\/blog\/wp-content\/uploads\/2021\/10\/eliacer-cansino.jpg 2000w, https:\/\/www.rayuelainfancia.com\/blog\/wp-content\/uploads\/2021\/10\/eliacer-cansino-300x240.jpg 300w, https:\/\/www.rayuelainfancia.com\/blog\/wp-content\/uploads\/2021\/10\/eliacer-cansino-768x614.jpg 768w, https:\/\/www.rayuelainfancia.com\/blog\/wp-content\/uploads\/2021\/10\/eliacer-cansino-1024x819.jpg 1024w\" sizes=\"(max-width: 2000px) 100vw, 2000px\" \/><\/p>\n<p><span style=\"color: #000000;\"><div id=\"product_list\" class=\"row\"><div class=\"col-xs-6 col-sm-6 col-md-6 col-lg-4 item-product\">\n            <div class=\"product-list text-center\">\n                <p>\n                    <a class=\"product-blog-link\" href=\"https:\/\/www.rayuelainfancia.com\/narrativa-juvenil-12\/678-el-misterio-velazquez.html?utm_campaign=productBlogPost\" title=\"EL MISTERIO VEL  ZQUEZ\">\n                        <img src=\"\/\/www.rayuelainfancia.com\/652532-home_default\/el-misterio-velazquez.jpg\" alt=\"EL MISTERIO VEL  ZQUEZ\" class=\"img-responsive\"><span>EL MISTERIO VEL\u00c1ZQUEZ<\/span><\/a>\n                <\/p>\n            <\/div>\n\n            <div class=\"acciones text-center\">\n                \n                <p class=\"price\">10,95 \u20ac<\/p>\n            <\/div>\n        <\/div><div class=\"col-xs-6 col-sm-6 col-md-6 col-lg-4 item-product\">\n            <div class=\"product-list text-center\">\n                <p>\n                    <a class=\"product-blog-link\" href=\"https:\/\/www.rayuelainfancia.com\/narrativa-juvenil-12\/749-una-habitacion-en-babel.html?utm_campaign=productBlogPost\" title=\"UNA HABITACI  N EN BABEL\">\n                        <img src=\"\/\/www.rayuelainfancia.com\/676-home_default\/una-habitacion-en-babel.jpg\" alt=\"UNA HABITACI  N EN BABEL\" class=\"img-responsive\"><span>UNA HABITACI\u00d3N EN BABEL<\/span><\/a>\n                <\/p>\n            <\/div>\n\n            <div class=\"acciones text-center\">\n                \n                <p class=\"price\">12,95 \u20ac<\/p>\n            <\/div>\n        <\/div><div class=\"col-xs-6 col-sm-6 col-md-6 col-lg-4 item-product\">\n            <div class=\"product-list text-center\">\n                <p>\n                    <a class=\"product-blog-link\" href=\"https:\/\/www.rayuelainfancia.com\/narrativa-juvenil-12\/801-el-chico-de-las-manos-azules.html?utm_campaign=productBlogPost\" title=\"EL CHICO DE LAS MANOS AZULES\">\n                        <img src=\"\/\/www.rayuelainfancia.com\/517203-home_default\/el-chico-de-las-manos-azules.jpg\" alt=\"EL CHICO DE LAS MANOS AZULES\" class=\"img-responsive\"><span>EL CHICO DE LAS MANOS AZULES<\/span><\/a>\n                <\/p>\n            <\/div>\n\n            <div class=\"acciones text-center\">\n                \n                <p class=\"price\">10,95 \u20ac<\/p>\n            <\/div>\n        <\/div><\/div><\/span><\/p>\n<h3 style=\"text-align: center;\">Desir\u00e9e Acevedo<\/h3>\n<p style=\"text-align: justify;\">Ya por la tarde, <strong>a partir de las 18.00h.<\/strong> <a href=\"https:\/\/www.desiree-acevedo.com\/\">Desir\u00e9e Acevedo<\/a> estar\u00e1 en la <strong>caseta 14<\/strong> firmando su obra. Desir\u00e9e es autora e ilustradora de numerosos libros y \u00e1lbumes ilustrados. Es una apasionada del dibujo y la ilustraci\u00f3n. Este s\u00e1bado tienes la oportunidad de conocerla, <strong>compartir con ella<\/strong> y llevarte uno de sus libros firmados.<\/p>\n<p><img loading=\"lazy\" class=\"alignnone size-full wp-image-4528\" src=\"http:\/\/www.rayuelainfancia.com\/blog\/wp-content\/uploads\/2021\/10\/DESIR\u00c9E-ACEVEDO.jpg\" alt=\"FIRMA DESIREE ACEVEDO FERIA DEL LIBRO DE SEVILLA\" width=\"2000\" height=\"1600\" srcset=\"https:\/\/www.rayuelainfancia.com\/blog\/wp-content\/uploads\/2021\/10\/DESIR\u00c9E-ACEVEDO.jpg 2000w, https:\/\/www.rayuelainfancia.com\/blog\/wp-content\/uploads\/2021\/10\/DESIR\u00c9E-ACEVEDO-300x240.jpg 300w, https:\/\/www.rayuelainfancia.com\/blog\/wp-content\/uploads\/2021\/10\/DESIR\u00c9E-ACEVEDO-768x614.jpg 768w, https:\/\/www.rayuelainfancia.com\/blog\/wp-content\/uploads\/2021\/10\/DESIR\u00c9E-ACEVEDO-1024x819.jpg 1024w\" sizes=\"(max-width: 2000px) 100vw, 2000px\" \/><\/p>\n<p style=\"text-align: justify;\"><span style=\"color: #000000;\"><div id=\"product_list\" class=\"row\"><div class=\"col-xs-6 col-sm-6 col-md-6 col-lg-4 item-product\">\n            <div class=\"product-list text-center\">\n                <p>\n                    <a class=\"product-blog-link\" href=\"https:\/\/www.rayuelainfancia.com\/album-ilustrado\/335801-semillas.html?utm_campaign=productBlogPost\" title=\"SEMILLAS\">\n                        <img src=\"\/\/www.rayuelainfancia.com\/344639-home_default\/semillas.jpg\" alt=\"SEMILLAS\" class=\"img-responsive\"><span>SEMILLAS<\/span><\/a>\n                <\/p>\n            <\/div>\n\n            <div class=\"acciones text-center\">\n                \n                <p class=\"price\">17,95 \u20ac<\/p>\n            <\/div>\n        <\/div><div class=\"col-xs-6 col-sm-6 col-md-6 col-lg-4 item-product\">\n            <div class=\"product-list text-center\">\n                <p>\n                    <a class=\"product-blog-link\" href=\"https:\/\/www.rayuelainfancia.com\/album-ilustrado\/335804-mama-teje.html?utm_campaign=productBlogPost\" title=\"MAM   TEJE\">\n                        <img src=\"\/\/www.rayuelainfancia.com\/344615-home_default\/mama-teje.jpg\" alt=\"MAM   TEJE\" class=\"img-responsive\"><span>MAM\u00c1 TEJE<\/span><\/a>\n                <\/p>\n            <\/div>\n\n            <div class=\"acciones text-center\">\n                \n                <p class=\"price\">15,95 \u20ac<\/p>\n            <\/div>\n        <\/div><div class=\"col-xs-6 col-sm-6 col-md-6 col-lg-4 item-product\">\n            <div class=\"product-list text-center\">\n                <p>\n                    <a class=\"product-blog-link\" href=\"https:\/\/www.rayuelainfancia.com\/para-maestras-y-maestros\/231785-eres-como.html?utm_campaign=productBlogPost\" title=\"ERES COMO   \">\n                        <img src=\"\/\/www.rayuelainfancia.com\/245959-home_default\/eres-como.jpg\" alt=\"ERES COMO   \" class=\"img-responsive\"><span>ERES COMO...<\/span><\/a>\n                <\/p>\n            <\/div>\n\n            <div class=\"acciones text-center\">\n                \n                <p class=\"price\">16,00 \u20ac<\/p>\n            <\/div>\n        <\/div><div class=\"col-xs-6 col-sm-6 col-md-6 col-lg-4 item-product\">\n            <div class=\"product-list text-center\">\n                <p>\n                    <a class=\"product-blog-link\" href=\"https:\/\/www.rayuelainfancia.com\/primeros-lectores-5\/335802-la-gran-pregunta-de-andrea.html?utm_campaign=productBlogPost\" title=\"LA GRAN PREGUNTA DE ANDREA\">\n                        <img src=\"\/\/www.rayuelainfancia.com\/344619-home_default\/la-gran-pregunta-de-andrea.jpg\" alt=\"LA GRAN PREGUNTA DE ANDREA\" class=\"img-responsive\"><span>LA GRAN PREGUNTA DE ANDREA<\/span><\/a>\n                <\/p>\n            <\/div>\n\n            <div class=\"acciones text-center\">\n                \n                <p class=\"price\">15,50 \u20ac<\/p>\n            <\/div>\n        <\/div><\/div><\/span><\/p>\n<h2 style=\"text-align: center;\">Firmas Domingo 24 de Octubre<\/h2>\n<h3 style=\"text-align: center;\">Raquel D\u00edaz Reguera<\/h3>\n<p style=\"text-align: justify;\">El <strong>Domingo 24 a partir de las 12:00h<\/strong> estar\u00e1 firmando su obra en la caseta 14 <strong>Raquel D\u00edaz Reguera<\/strong>. Una autora e ilustradora cuya trayectoria hemos conocido y seguido desde el principio y que sentimos muy cercana. Os invitamos a pasaros por la caseta, siempre es un placer charlar con Raquel y tienes la oportunidad de <strong>llevarte un libro dedicado<\/strong> por ella.<\/p>\n<p><img loading=\"lazy\" class=\"alignnone size-full wp-image-4530\" src=\"http:\/\/www.rayuelainfancia.com\/blog\/wp-content\/uploads\/2021\/10\/RAQUEL-DIAZ-REGUERA.jpg\" alt=\"FIRMA RAQUEL DIAZ REGUERA EN LA FERIA DEL LIBRO DE SEVILLA\" width=\"2000\" height=\"1600\" srcset=\"https:\/\/www.rayuelainfancia.com\/blog\/wp-content\/uploads\/2021\/10\/RAQUEL-DIAZ-REGUERA.jpg 2000w, https:\/\/www.rayuelainfancia.com\/blog\/wp-content\/uploads\/2021\/10\/RAQUEL-DIAZ-REGUERA-300x240.jpg 300w, https:\/\/www.rayuelainfancia.com\/blog\/wp-content\/uploads\/2021\/10\/RAQUEL-DIAZ-REGUERA-768x614.jpg 768w, https:\/\/www.rayuelainfancia.com\/blog\/wp-content\/uploads\/2021\/10\/RAQUEL-DIAZ-REGUERA-1024x819.jpg 1024w\" sizes=\"(max-width: 2000px) 100vw, 2000px\" \/><\/p>\n<p><span style=\"color: #000000;\"><div id=\"product_list\" class=\"row\"><div class=\"col-xs-6 col-sm-6 col-md-6 col-lg-4 item-product\">\n            <div class=\"product-list text-center\">\n                <p>\n                    <a class=\"product-blog-link\" href=\"https:\/\/www.rayuelainfancia.com\/album-ilustrado\/46278-el-cofre-de-la-amistad.html?utm_campaign=productBlogPost\" title=\"EL COFRE DE LA AMISTAD\">\n                        <img src=\"\/\/www.rayuelainfancia.com\/55337-home_default\/el-cofre-de-la-amistad.jpg\" alt=\"EL COFRE DE LA AMISTAD\" class=\"img-responsive\"><span>EL COFRE DE LA AMISTAD<\/span><\/a>\n                <\/p>\n            <\/div>\n\n            <div class=\"acciones text-center\">\n                \n                <p class=\"price\">15,95 \u20ac<\/p>\n            <\/div>\n        <\/div><div class=\"col-xs-6 col-sm-6 col-md-6 col-lg-4 item-product\">\n            <div class=\"product-list text-center\">\n                <p>\n                    <a class=\"product-blog-link\" href=\"https:\/\/www.rayuelainfancia.com\/album-ilustrado\/335812-hay-sitio-para-ti.html?utm_campaign=productBlogPost\" title=\"HAY SITIO PARA TI\">\n                        <img src=\"\/\/www.rayuelainfancia.com\/344616-home_default\/hay-sitio-para-ti.jpg\" alt=\"HAY SITIO PARA TI\" class=\"img-responsive\"><span>HAY SITIO PARA TI<\/span><\/a>\n                <\/p>\n            <\/div>\n\n            <div class=\"acciones text-center\">\n                \n                <p class=\"price\">14,94 \u20ac<\/p>\n            <\/div>\n        <\/div><div class=\"col-xs-6 col-sm-6 col-md-6 col-lg-4 item-product\">\n            <div class=\"product-list text-center\">\n                <p>\n                    <a class=\"product-blog-link\" href=\"https:\/\/www.rayuelainfancia.com\/album-ilustrado\/545-yo-voy-conmigo.html?utm_campaign=productBlogPost\" title=\"YO VOY CONMIGO\">\n                        <img src=\"\/\/www.rayuelainfancia.com\/485-home_default\/yo-voy-conmigo.jpg\" alt=\"YO VOY CONMIGO\" class=\"img-responsive\"><span>YO VOY CONMIGO<\/span><\/a>\n                <\/p>\n            <\/div>\n\n            <div class=\"acciones text-center\">\n                \n                <p class=\"price\">13,95 \u20ac<\/p>\n            <\/div>\n        <\/div><div class=\"col-xs-6 col-sm-6 col-md-6 col-lg-4 item-product\">\n            <div class=\"product-list text-center\">\n                <p>\n                    <a class=\"product-blog-link\" href=\"https:\/\/www.rayuelainfancia.com\/coeducacion\/70875-ellas.html?utm_campaign=productBlogPost\" title=\"ELLAS\">\n                        <img src=\"\/\/www.rayuelainfancia.com\/77193-home_default\/ellas.jpg\" alt=\"ELLAS\" class=\"img-responsive\"><span>ELLAS<\/span><\/a>\n                <\/p>\n            <\/div>\n\n            <div class=\"acciones text-center\">\n                \n                <p class=\"price\">14,94 \u20ac<\/p>\n            <\/div>\n        <\/div><div class=\"col-xs-6 col-sm-6 col-md-6 col-lg-4 item-product\">\n            <div class=\"product-list text-center\">\n                <p>\n                    <a class=\"product-blog-link\" href=\"https:\/\/www.rayuelainfancia.com\/album-ilustrado\/16131-hay-algo-mas-aburrido-que-ser-una-princesa-rosa.html?utm_campaign=productBlogPost\" title=\"  HAY ALGO M  S ABURRIDO QUE SER UNA PRINCESA ROSA \">\n                        <img src=\"\/\/www.rayuelainfancia.com\/37851-home_default\/hay-algo-mas-aburrido-que-ser-una-princesa-rosa.jpg\" alt=\"  HAY ALGO M  S ABURRIDO QUE SER UNA PRINCESA ROSA \" class=\"img-responsive\"><span>\u00bfHAY ALGO M\u00c1S ABURRIDO QUE SER UNA PRINCESA ROSA?<\/span><\/a>\n                <\/p>\n            <\/div>\n\n            <div class=\"acciones text-center\">\n                \n                <p class=\"price\">14,96 \u20ac<\/p>\n            <\/div>\n        <\/div><div class=\"col-xs-6 col-sm-6 col-md-6 col-lg-4 item-product\">\n            <div class=\"product-list text-center\">\n                <p>\n                    <a class=\"product-blog-link\" href=\"https:\/\/www.rayuelainfancia.com\/album-ilustrado\/773-madre-solo-hay-una.html?utm_campaign=productBlogPost\" title=\"MADRE S  LO HAY UNA Y AQU   EST  N TODAS\">\n                        <img src=\"\/\/www.rayuelainfancia.com\/691228-home_default\/madre-solo-hay-una.jpg\" alt=\"MADRE S  LO HAY UNA Y AQU   EST  N TODAS\" class=\"img-responsive\"><span>MADRE S\u00d3LO HAY UNA Y AQU\u00cd EST\u00c1N TODAS<\/span><\/a>\n                <\/p>\n            <\/div>\n\n            <div class=\"acciones text-center\">\n                \n                <p class=\"price\">19,95 \u20ac<\/p>\n            <\/div>\n        <\/div><\/div><\/span><\/p>\n<h3 style=\"text-align: center;\">Jose Carlos Rom\u00e1n<\/h3>\n<p style=\"text-align: justify;\">Ya para terminar el fin de semana por todo lo alto, contaremos <strong>a partir de las 13:00h.<\/strong> en la caseta 14 con la presencia de<strong> Jose Carlos Rom\u00e1n<\/strong>, que estar\u00e1 <strong>firmando y dedicando sus libros<\/strong> a quienes pasen por la Feria del Libro. Sin duda, pasaremos un buen rato en compa\u00f1\u00eda de las historias y personajes que ha creado este maestro y autor de numerosos libros para ni\u00f1os.<\/p>\n<p><img loading=\"lazy\" class=\"alignnone size-full wp-image-4534\" src=\"http:\/\/www.rayuelainfancia.com\/blog\/wp-content\/uploads\/2021\/10\/JOSE-CARLOS-ROMAN.jpg\" alt=\"FIRMA JOSE CARLOS ROMAN FERIA DEL LIBRO DE SEVILLA\" width=\"2000\" height=\"1600\" srcset=\"https:\/\/www.rayuelainfancia.com\/blog\/wp-content\/uploads\/2021\/10\/JOSE-CARLOS-ROMAN.jpg 2000w, https:\/\/www.rayuelainfancia.com\/blog\/wp-content\/uploads\/2021\/10\/JOSE-CARLOS-ROMAN-300x240.jpg 300w, https:\/\/www.rayuelainfancia.com\/blog\/wp-content\/uploads\/2021\/10\/JOSE-CARLOS-ROMAN-768x614.jpg 768w, https:\/\/www.rayuelainfancia.com\/blog\/wp-content\/uploads\/2021\/10\/JOSE-CARLOS-ROMAN-1024x819.jpg 1024w\" sizes=\"(max-width: 2000px) 100vw, 2000px\" \/><\/p>\n<p><span style=\"color: #000000;\"><div id=\"product_list\" class=\"row\"><div class=\"col-xs-6 col-sm-6 col-md-6 col-lg-4 item-product\">\n            <div class=\"product-list text-center\">\n                <p>\n                    <a class=\"product-blog-link\" href=\"https:\/\/www.rayuelainfancia.com\/primeros-lectores-5\/335808-quien-se-ha-comido-el-pastel.html?utm_campaign=productBlogPost\" title=\"  QUI  N SE HA COMIDO EL PASTEL \">\n                        <img src=\"\/\/www.rayuelainfancia.com\/344632-home_default\/quien-se-ha-comido-el-pastel.jpg\" alt=\"  QUI  N SE HA COMIDO EL PASTEL \" class=\"img-responsive\"><span>\u00bfQUI\u00c9N SE HA COMIDO EL PASTEL?<\/span><\/a>\n                <\/p>\n            <\/div>\n\n            <div class=\"acciones text-center\">\n                \n                <p class=\"price\">15,00 \u20ac<\/p>\n            <\/div>\n        <\/div><div class=\"col-xs-6 col-sm-6 col-md-6 col-lg-4 item-product\">\n            <div class=\"product-list text-center\">\n                <p>\n                    <a class=\"product-blog-link\" href=\"https:\/\/www.rayuelainfancia.com\/album-ilustrado\/335810-el-dia-que-mariquita-dibujo-una-pelusa-gigante.html?utm_campaign=productBlogPost\" title=\"EL D  A QUE MARIQUITA DIBUJ   UNA PELUSA GIGANTE\">\n                        <img src=\"\/\/www.rayuelainfancia.com\/344631-home_default\/el-dia-que-mariquita-dibujo-una-pelusa-gigante.jpg\" alt=\"EL D  A QUE MARIQUITA DIBUJ   UNA PELUSA GIGANTE\" class=\"img-responsive\"><span>EL D\u00cdA QUE MARIQUITA DIBUJ\u00d3 UNA PELUSA GIGANTE<\/span><\/a>\n                <\/p>\n            <\/div>\n\n            <div class=\"acciones text-center\">\n                \n                <p class=\"price\">14,90 \u20ac<\/p>\n            <\/div>\n        <\/div><div class=\"col-xs-6 col-sm-6 col-md-6 col-lg-4 item-product\">\n            <div class=\"product-list text-center\">\n                <p>\n                    <a class=\"product-blog-link\" href=\"https:\/\/www.rayuelainfancia.com\/album-ilustrado\/7961-una-gallina-en-la-azotea.html?utm_campaign=productBlogPost\" title=\"UNA GALLINA EN LA AZOTEA\">\n                        <img src=\"\/\/www.rayuelainfancia.com\/10908-home_default\/una-gallina-en-la-azotea.jpg\" alt=\"UNA GALLINA EN LA AZOTEA\" class=\"img-responsive\"><span>UNA GALLINA EN LA AZOTEA<\/span><\/a>\n                <\/p>\n            <\/div>\n\n            <div class=\"acciones text-center\">\n                \n                <p class=\"price\">16,90 \u20ac<\/p>\n            <\/div>\n        <\/div><div class=\"col-xs-6 col-sm-6 col-md-6 col-lg-4 item-product\">\n            <div class=\"product-list text-center\">\n                <p>\n                    <a class=\"product-blog-link\" href=\"https:\/\/www.rayuelainfancia.com\/primeros-lectores-5\/7328-lobitos.html?utm_campaign=productBlogPost\" title=\"LOBITOS\">\n                        <img src=\"\/\/www.rayuelainfancia.com\/9765-home_default\/lobitos.jpg\" alt=\"LOBITOS\" class=\"img-responsive\"><span>LOBITOS<\/span><\/a>\n                <\/p>\n            <\/div>\n\n            <div class=\"acciones text-center\">\n                \n                <p class=\"price\">14,50 \u20ac<\/p>\n            <\/div>\n        <\/div><div class=\"col-xs-6 col-sm-6 col-md-6 col-lg-4 item-product\">\n            <div class=\"product-list text-center\">\n                <p>\n                    <a class=\"product-blog-link\" href=\"https:\/\/www.rayuelainfancia.com\/libros\/11621-el-nino-mas-travieso-del-universo.html?utm_campaign=productBlogPost\" title=\"EL NI  O MAS TRAVIESO DEL UNIVERSO\">\n                        <img src=\"\/\/www.rayuelainfancia.com\/16025-home_default\/el-nino-mas-travieso-del-universo.jpg\" alt=\"EL NI  O MAS TRAVIESO DEL UNIVERSO\" class=\"img-responsive\"><span>EL NI\u00d1O MAS TRAVIESO DEL UNIVERSO<\/span><\/a>\n                <\/p>\n            <\/div>\n\n            <div class=\"acciones text-center\">\n                \n                <p class=\"price\">16,50 \u20ac<\/p>\n            <\/div>\n        <\/div><\/div><\/span><\/p>\n","protected":false},"excerpt":{"rendered":"<p>\u00a1Apunta bien! Aqu\u00ed te dejamos todas las firmas Feria del Libro de Sevilla para este primer fin de semana. \u00a1Te esperamos en la caseta 14! Estamos emocionadas, porque por fin podemos retomar el contacto a pie de calle, y vivir la semana m\u00e1s importante del libro en nuestra ciudad \u00bfTe apuntas?<\/p>\n","protected":false},"author":6,"featured_media":4539,"comment_status":"open","ping_status":"open","sticky":false,"template":"","format":"standard","meta":[],"categories":[18,21],"tags":[],"yoast_head":"<!-- This site is optimized with the Yoast SEO plugin v18.5.1 - https:\/\/yoast.com\/wordpress\/plugins\/seo\/ -->\n<title>FIRMAS FERIA DEL LIBRO DE SEVILLA [1] &#8902; Blog de Rayuelainfancia<\/title>\n<meta name=\"description\" content=\"\u00a1Apunta bien! Aqu\u00ed te dejamos todas las firmas Feria del Libro de Sevilla para este primer fin de semana. \u00a1Te esperamos en la caseta 14!\" \/>\n<meta name=\"robots\" content=\"index, follow, max-snippet:-1, max-image-preview:large, max-video-preview:-1\" \/>\n<link rel=\"canonical\" href=\"https:\/\/www.rayuelainfancia.com\/blog\/firmas-feria-del-libro-de-sevilla-1\/\" \/>\n<meta property=\"og:locale\" content=\"es_ES\" \/>\n<meta property=\"og:type\" content=\"article\" \/>\n<meta property=\"og:title\" content=\"FIRMAS FERIA DEL LIBRO DE SEVILLA [1] &#8902; Blog de Rayuelainfancia\" \/>\n<meta property=\"og:description\" content=\"\u00a1Apunta bien! Aqu\u00ed te dejamos todas las firmas Feria del Libro de Sevilla para este primer fin de semana. \u00a1Te esperamos en la caseta 14!\" \/>\n<meta property=\"og:url\" content=\"https:\/\/www.rayuelainfancia.com\/blog\/firmas-feria-del-libro-de-sevilla-1\/\" \/>\n<meta property=\"og:site_name\" content=\"Blog de Rayuelainfancia\" \/>\n<meta property=\"article:publisher\" content=\"https:\/\/www.facebook.com\/pages\/Librer\u00eda-Rayuela\/251861686361\" \/>\n<meta property=\"article:published_time\" content=\"2021-10-20T10:02:10+00:00\" \/>\n<meta property=\"article:modified_time\" content=\"2021-11-16T10:14:07+00:00\" \/>\n<meta property=\"og:image\" content=\"http:\/\/www.rayuelainfancia.com\/blog\/wp-content\/uploads\/2021\/10\/Portada-blog-1.jpg\" \/>\n\t<meta property=\"og:image:width\" content=\"750\" \/>\n\t<meta property=\"og:image:height\" content=\"410\" \/>\n\t<meta property=\"og:image:type\" content=\"image\/jpeg\" \/>\n<meta name=\"twitter:card\" content=\"summary\" \/>\n<meta name=\"twitter:creator\" content=\"@Rayuelainfancia\" \/>\n<meta name=\"twitter:site\" content=\"@Rayuelainfancia\" \/>\n<meta name=\"twitter:label1\" content=\"Written by\" \/>\n\t<meta name=\"twitter:data1\" content=\"Rayuelainfancia\" \/>\n\t<meta name=\"twitter:label2\" content=\"Est. reading time\" \/>\n\t<meta name=\"twitter:data2\" content=\"3 minutos\" \/>\n<script type=\"application\/ld+json\" class=\"yoast-schema-graph\">{\"@context\":\"https:\/\/schema.org\",\"@graph\":[{\"@type\":\"Organization\",\"@id\":\"https:\/\/www.rayuelainfancia.com\/blog\/#organization\",\"name\":\"Rayuelainfancia\",\"url\":\"https:\/\/www.rayuelainfancia.com\/blog\/\",\"sameAs\":[\"https:\/\/www.facebook.com\/pages\/Librer\u00eda-Rayuela\/251861686361\",\"https:\/\/www.youtube.com\/channel\/UCddVaoDjpTp-DexyEVoyazQ\",\"https:\/\/twitter.com\/Rayuelainfancia\"],\"logo\":{\"@type\":\"ImageObject\",\"@id\":\"https:\/\/www.rayuelainfancia.com\/blog\/#logo\",\"inLanguage\":\"es\",\"url\":\"https:\/\/www.rayuelainfancia.com\/blog\/wp-content\/uploads\/2018\/06\/logo-rayuelainfancia-color-corporativo.png\",\"contentUrl\":\"https:\/\/www.rayuelainfancia.com\/blog\/wp-content\/uploads\/2018\/06\/logo-rayuelainfancia-color-corporativo.png\",\"width\":1200,\"height\":680,\"caption\":\"Rayuelainfancia\"},\"image\":{\"@id\":\"https:\/\/www.rayuelainfancia.com\/blog\/#logo\"}},{\"@type\":\"WebSite\",\"@id\":\"https:\/\/www.rayuelainfancia.com\/blog\/#website\",\"url\":\"https:\/\/www.rayuelainfancia.com\/blog\/\",\"name\":\"Blog de Rayuelainfancia\",\"description\":\"Libros infantiles y juegos educaticos respestuosos con la infancia\",\"publisher\":{\"@id\":\"https:\/\/www.rayuelainfancia.com\/blog\/#organization\"},\"potentialAction\":[{\"@type\":\"SearchAction\",\"target\":{\"@type\":\"EntryPoint\",\"urlTemplate\":\"https:\/\/www.rayuelainfancia.com\/blog\/?s={search_term_string}\"},\"query-input\":\"required name=search_term_string\"}],\"inLanguage\":\"es\"},{\"@type\":\"ImageObject\",\"@id\":\"https:\/\/www.rayuelainfancia.com\/blog\/firmas-feria-del-libro-de-sevilla-1\/#primaryimage\",\"inLanguage\":\"es\",\"url\":\"https:\/\/www.rayuelainfancia.com\/blog\/wp-content\/uploads\/2021\/10\/Portada-blog-1.jpg\",\"contentUrl\":\"https:\/\/www.rayuelainfancia.com\/blog\/wp-content\/uploads\/2021\/10\/Portada-blog-1.jpg\",\"width\":750,\"height\":410},{\"@type\":\"WebPage\",\"@id\":\"https:\/\/www.rayuelainfancia.com\/blog\/firmas-feria-del-libro-de-sevilla-1\/#webpage\",\"url\":\"https:\/\/www.rayuelainfancia.com\/blog\/firmas-feria-del-libro-de-sevilla-1\/\",\"name\":\"FIRMAS FERIA DEL LIBRO DE SEVILLA [1] &#8902; Blog de Rayuelainfancia\",\"isPartOf\":{\"@id\":\"https:\/\/www.rayuelainfancia.com\/blog\/#website\"},\"primaryImageOfPage\":{\"@id\":\"https:\/\/www.rayuelainfancia.com\/blog\/firmas-feria-del-libro-de-sevilla-1\/#primaryimage\"},\"datePublished\":\"2021-10-20T10:02:10+00:00\",\"dateModified\":\"2021-11-16T10:14:07+00:00\",\"description\":\"\u00a1Apunta bien! Aqu\u00ed te dejamos todas las firmas Feria del Libro de Sevilla para este primer fin de semana. \u00a1Te esperamos en la caseta 14!\",\"breadcrumb\":{\"@id\":\"https:\/\/www.rayuelainfancia.com\/blog\/firmas-feria-del-libro-de-sevilla-1\/#breadcrumb\"},\"inLanguage\":\"es\",\"potentialAction\":[{\"@type\":\"ReadAction\",\"target\":[\"https:\/\/www.rayuelainfancia.com\/blog\/firmas-feria-del-libro-de-sevilla-1\/\"]}]},{\"@type\":\"BreadcrumbList\",\"@id\":\"https:\/\/www.rayuelainfancia.com\/blog\/firmas-feria-del-libro-de-sevilla-1\/#breadcrumb\",\"itemListElement\":[{\"@type\":\"ListItem\",\"position\":1,\"name\":\"Portada\",\"item\":\"https:\/\/www.rayuelainfancia.com\/blog\/\"},{\"@type\":\"ListItem\",\"position\":2,\"name\":\"FIRMAS FERIA DEL LIBRO DE SEVILLA [1]\"}]},{\"@type\":\"Article\",\"@id\":\"https:\/\/www.rayuelainfancia.com\/blog\/firmas-feria-del-libro-de-sevilla-1\/#article\",\"isPartOf\":{\"@id\":\"https:\/\/www.rayuelainfancia.com\/blog\/firmas-feria-del-libro-de-sevilla-1\/#webpage\"},\"author\":{\"@id\":\"https:\/\/www.rayuelainfancia.com\/blog\/#\/schema\/person\/c1aff250c5154e35f53f26d0eba10c45\"},\"headline\":\"FIRMAS FERIA DEL LIBRO DE SEVILLA [1]\",\"datePublished\":\"2021-10-20T10:02:10+00:00\",\"dateModified\":\"2021-11-16T10:14:07+00:00\",\"mainEntityOfPage\":{\"@id\":\"https:\/\/www.rayuelainfancia.com\/blog\/firmas-feria-del-libro-de-sevilla-1\/#webpage\"},\"wordCount\":705,\"commentCount\":0,\"publisher\":{\"@id\":\"https:\/\/www.rayuelainfancia.com\/blog\/#organization\"},\"image\":{\"@id\":\"https:\/\/www.rayuelainfancia.com\/blog\/firmas-feria-del-libro-de-sevilla-1\/#primaryimage\"},\"thumbnailUrl\":\"https:\/\/www.rayuelainfancia.com\/blog\/wp-content\/uploads\/2021\/10\/Portada-blog-1.jpg\",\"articleSection\":[\"Actividades Cuentacuentos\",\"Literatura Infantil\"],\"inLanguage\":\"es\",\"potentialAction\":[{\"@type\":\"CommentAction\",\"name\":\"Comment\",\"target\":[\"https:\/\/www.rayuelainfancia.com\/blog\/firmas-feria-del-libro-de-sevilla-1\/#respond\"]}]},{\"@type\":\"Person\",\"@id\":\"https:\/\/www.rayuelainfancia.com\/blog\/#\/schema\/person\/c1aff250c5154e35f53f26d0eba10c45\",\"name\":\"Rayuelainfancia\",\"image\":{\"@type\":\"ImageObject\",\"@id\":\"https:\/\/www.rayuelainfancia.com\/blog\/#personlogo\",\"inLanguage\":\"es\",\"url\":\"https:\/\/secure.gravatar.com\/avatar\/8bf03e7a4bb13ca5c7d0dc6acde2bfd1?s=96&d=mm&r=g\",\"contentUrl\":\"https:\/\/secure.gravatar.com\/avatar\/8bf03e7a4bb13ca5c7d0dc6acde2bfd1?s=96&d=mm&r=g\",\"caption\":\"Rayuelainfancia\"}}]}<\/script>\n<!-- \/ Yoast SEO plugin. -->","yoast_head_json":{"title":"FIRMAS FERIA DEL LIBRO DE SEVILLA [1] &#8902; Blog de Rayuelainfancia","description":"\u00a1Apunta bien! Aqu\u00ed te dejamos todas las firmas Feria del Libro de Sevilla para este primer fin de semana. \u00a1Te esperamos en la caseta 14!","robots":{"index":"index","follow":"follow","max-snippet":"max-snippet:-1","max-image-preview":"max-image-preview:large","max-video-preview":"max-video-preview:-1"},"canonical":"https:\/\/www.rayuelainfancia.com\/blog\/firmas-feria-del-libro-de-sevilla-1\/","og_locale":"es_ES","og_type":"article","og_title":"FIRMAS FERIA DEL LIBRO DE SEVILLA [1] &#8902; Blog de Rayuelainfancia","og_description":"\u00a1Apunta bien! Aqu\u00ed te dejamos todas las firmas Feria del Libro de Sevilla para este primer fin de semana. \u00a1Te esperamos en la caseta 14!","og_url":"https:\/\/www.rayuelainfancia.com\/blog\/firmas-feria-del-libro-de-sevilla-1\/","og_site_name":"Blog de Rayuelainfancia","article_publisher":"https:\/\/www.facebook.com\/pages\/Librer\u00eda-Rayuela\/251861686361","article_published_time":"2021-10-20T10:02:10+00:00","article_modified_time":"2021-11-16T10:14:07+00:00","og_image":[{"width":750,"height":410,"url":"http:\/\/www.rayuelainfancia.com\/blog\/wp-content\/uploads\/2021\/10\/Portada-blog-1.jpg","type":"image\/jpeg"}],"twitter_card":"summary","twitter_creator":"@Rayuelainfancia","twitter_site":"@Rayuelainfancia","twitter_misc":{"Written by":"Rayuelainfancia","Est. reading time":"3 minutos"},"schema":{"@context":"https:\/\/schema.org","@graph":[{"@type":"Organization","@id":"https:\/\/www.rayuelainfancia.com\/blog\/#organization","name":"Rayuelainfancia","url":"https:\/\/www.rayuelainfancia.com\/blog\/","sameAs":["https:\/\/www.facebook.com\/pages\/Librer\u00eda-Rayuela\/251861686361","https:\/\/www.youtube.com\/channel\/UCddVaoDjpTp-DexyEVoyazQ","https:\/\/twitter.com\/Rayuelainfancia"],"logo":{"@type":"ImageObject","@id":"https:\/\/www.rayuelainfancia.com\/blog\/#logo","inLanguage":"es","url":"https:\/\/www.rayuelainfancia.com\/blog\/wp-content\/uploads\/2018\/06\/logo-rayuelainfancia-color-corporativo.png","contentUrl":"https:\/\/www.rayuelainfancia.com\/blog\/wp-content\/uploads\/2018\/06\/logo-rayuelainfancia-color-corporativo.png","width":1200,"height":680,"caption":"Rayuelainfancia"},"image":{"@id":"https:\/\/www.rayuelainfancia.com\/blog\/#logo"}},{"@type":"WebSite","@id":"https:\/\/www.rayuelainfancia.com\/blog\/#website","url":"https:\/\/www.rayuelainfancia.com\/blog\/","name":"Blog de Rayuelainfancia","description":"Libros infantiles y juegos educaticos respestuosos con la infancia","publisher":{"@id":"https:\/\/www.rayuelainfancia.com\/blog\/#organization"},"potentialAction":[{"@type":"SearchAction","target":{"@type":"EntryPoint","urlTemplate":"https:\/\/www.rayuelainfancia.com\/blog\/?s={search_term_string}"},"query-input":"required name=search_term_string"}],"inLanguage":"es"},{"@type":"ImageObject","@id":"https:\/\/www.rayuelainfancia.com\/blog\/firmas-feria-del-libro-de-sevilla-1\/#primaryimage","inLanguage":"es","url":"https:\/\/www.rayuelainfancia.com\/blog\/wp-content\/uploads\/2021\/10\/Portada-blog-1.jpg","contentUrl":"https:\/\/www.rayuelainfancia.com\/blog\/wp-content\/uploads\/2021\/10\/Portada-blog-1.jpg","width":750,"height":410},{"@type":"WebPage","@id":"https:\/\/www.rayuelainfancia.com\/blog\/firmas-feria-del-libro-de-sevilla-1\/#webpage","url":"https:\/\/www.rayuelainfancia.com\/blog\/firmas-feria-del-libro-de-sevilla-1\/","name":"FIRMAS FERIA DEL LIBRO DE SEVILLA [1] &#8902; Blog de Rayuelainfancia","isPartOf":{"@id":"https:\/\/www.rayuelainfancia.com\/blog\/#website"},"primaryImageOfPage":{"@id":"https:\/\/www.rayuelainfancia.com\/blog\/firmas-feria-del-libro-de-sevilla-1\/#primaryimage"},"datePublished":"2021-10-20T10:02:10+00:00","dateModified":"2021-11-16T10:14:07+00:00","description":"\u00a1Apunta bien! Aqu\u00ed te dejamos todas las firmas Feria del Libro de Sevilla para este primer fin de semana. \u00a1Te esperamos en la caseta 14!","breadcrumb":{"@id":"https:\/\/www.rayuelainfancia.com\/blog\/firmas-feria-del-libro-de-sevilla-1\/#breadcrumb"},"inLanguage":"es","potentialAction":[{"@type":"ReadAction","target":["https:\/\/www.rayuelainfancia.com\/blog\/firmas-feria-del-libro-de-sevilla-1\/"]}]},{"@type":"BreadcrumbList","@id":"https:\/\/www.rayuelainfancia.com\/blog\/firmas-feria-del-libro-de-sevilla-1\/#breadcrumb","itemListElement":[{"@type":"ListItem","position":1,"name":"Portada","item":"https:\/\/www.rayuelainfancia.com\/blog\/"},{"@type":"ListItem","position":2,"name":"FIRMAS FERIA DEL LIBRO DE SEVILLA [1]"}]},{"@type":"Article","@id":"https:\/\/www.rayuelainfancia.com\/blog\/firmas-feria-del-libro-de-sevilla-1\/#article","isPartOf":{"@id":"https:\/\/www.rayuelainfancia.com\/blog\/firmas-feria-del-libro-de-sevilla-1\/#webpage"},"author":{"@id":"https:\/\/www.rayuelainfancia.com\/blog\/#\/schema\/person\/c1aff250c5154e35f53f26d0eba10c45"},"headline":"FIRMAS FERIA DEL LIBRO DE SEVILLA [1]","datePublished":"2021-10-20T10:02:10+00:00","dateModified":"2021-11-16T10:14:07+00:00","mainEntityOfPage":{"@id":"https:\/\/www.rayuelainfancia.com\/blog\/firmas-feria-del-libro-de-sevilla-1\/#webpage"},"wordCount":705,"commentCount":0,"publisher":{"@id":"https:\/\/www.rayuelainfancia.com\/blog\/#organization"},"image":{"@id":"https:\/\/www.rayuelainfancia.com\/blog\/firmas-feria-del-libro-de-sevilla-1\/#primaryimage"},"thumbnailUrl":"https:\/\/www.rayuelainfancia.com\/blog\/wp-content\/uploads\/2021\/10\/Portada-blog-1.jpg","articleSection":["Actividades Cuentacuentos","Literatura Infantil"],"inLanguage":"es","potentialAction":[{"@type":"CommentAction","name":"Comment","target":["https:\/\/www.rayuelainfancia.com\/blog\/firmas-feria-del-libro-de-sevilla-1\/#respond"]}]},{"@type":"Person","@id":"https:\/\/www.rayuelainfancia.com\/blog\/#\/schema\/person\/c1aff250c5154e35f53f26d0eba10c45","name":"Rayuelainfancia","image":{"@type":"ImageObject","@id":"https:\/\/www.rayuelainfancia.com\/blog\/#personlogo","inLanguage":"es","url":"https:\/\/secure.gravatar.com\/avatar\/8bf03e7a4bb13ca5c7d0dc6acde2bfd1?s=96&d=mm&r=g","contentUrl":"https:\/\/secure.gravatar.com\/avatar\/8bf03e7a4bb13ca5c7d0dc6acde2bfd1?s=96&d=mm&r=g","caption":"Rayuelainfancia"}}]}},"_links":{"self":[{"href":"https:\/\/www.rayuelainfancia.com\/blog\/wp-json\/wp\/v2\/posts\/4514"}],"collection":[{"href":"https:\/\/www.rayuelainfancia.com\/blog\/wp-json\/wp\/v2\/posts"}],"about":[{"href":"https:\/\/www.rayuelainfancia.com\/blog\/wp-json\/wp\/v2\/types\/post"}],"author":[{"embeddable":true,"href":"https:\/\/www.rayuelainfancia.com\/blog\/wp-json\/wp\/v2\/users\/6"}],"replies":[{"embeddable":true,"href":"https:\/\/www.rayuelainfancia.com\/blog\/wp-json\/wp\/v2\/comments?post=4514"}],"version-history":[{"count":18,"href":"https:\/\/www.rayuelainfancia.com\/blog\/wp-json\/wp\/v2\/posts\/4514\/revisions"}],"predecessor-version":[{"id":4540,"href":"https:\/\/www.rayuelainfancia.com\/blog\/wp-json\/wp\/v2\/posts\/4514\/revisions\/4540"}],"wp:featuredmedia":[{"embeddable":true,"href":"https:\/\/www.rayuelainfancia.com\/blog\/wp-json\/wp\/v2\/media\/4539"}],"wp:attachment":[{"href":"https:\/\/www.rayuelainfancia.com\/blog\/wp-json\/wp\/v2\/media?parent=4514"}],"wp:term":[{"taxonomy":"category","embeddable":true,"href":"https:\/\/www.rayuelainfancia.com\/blog\/wp-json\/wp\/v2\/categories?post=4514"},{"taxonomy":"post_tag","embeddable":true,"href":"https:\/\/www.rayuelainfancia.com\/blog\/wp-json\/wp\/v2\/tags?post=4514"}],"curies":[{"name":"wp","href":"https:\/\/api.w.org\/{rel}","templated":true}]}}