 {"id":4490,"date":"2021-09-23T13:17:50","date_gmt":"2021-09-23T11:17:50","guid":{"rendered":"http:\/\/www.rayuelainfancia.com\/blog\/?p=4490"},"modified":"2021-11-16T11:14:19","modified_gmt":"2021-11-16T10:14:19","slug":"margarita-del-mazo-en-rayuela","status":"publish","type":"post","link":"https:\/\/www.rayuelainfancia.com\/blog\/margarita-del-mazo-en-rayuela\/","title":{"rendered":"MARGARITA DEL MAZO EN RAYUELA"},"content":{"rendered":"<p><span style=\"color: #000000;\">\u00a1Atenci\u00f3oooon!\u00a0 El pr\u00f3ximo<strong> mi\u00e9rcoles 29 a las 20:00h<\/strong> ven a disfrutar de este encuentro con la autora <strong>Margarita del Mazo<\/strong> en Rayuela: <span style=\"color: #008000;\"><strong>Cuentos por derecho. D\u00e9jame ver lo que no est\u00e1<\/strong><\/span>.<\/span><\/p>\n<p><!--more--><\/p>\n<p>S\u00ed, s\u00ed, has le\u00eddo bien. El pr\u00f3ximo mi\u00e9rcoles disfrutaremos conociendo de cerca y conversando con Margarita. Eso s\u00ed, el aforo es limitado as\u00ed que por favor, reserva YA tu plaza escribiendo a <span style=\"color: #ff6600;\"><a style=\"color: #ff6600;\" href=\"mailto:actividades@rayuelainfancia.com\">actividades@rayuelainfancia.com<\/a><\/span><\/p>\n<h2><span style=\"color: #008000;\">Cuentos por derecho. D\u00e9jame ver lo que no est\u00e1<\/span><\/h2>\n<p>Un encuentro especial con la autora de \u00e1lbumes ilustrados y tambi\u00e9n de numerosos libros para beb\u00e9s,\u00a0 <strong><span style=\"color: #800080;\"><a style=\"color: #800080;\" href=\"https:\/\/margaritadelmazo.com\/\">Margarita del Mazo<\/a><\/span><\/strong>. Excelente narradora desde hace 25 a\u00f1os, imparte, adem\u00e1s, talleres de narraci\u00f3n, escritura creativa, animaci\u00f3n a la lectura&#8230; y por supuesto, escribe libros.<\/p>\n<p><a href=\"www.rayuelainfancia.com\"><img loading=\"lazy\" class=\"alignnone wp-image-4491 size-full\" title=\"Margarita del Mazo en Rayuela \" src=\"http:\/\/www.rayuelainfancia.com\/blog\/wp-content\/uploads\/2021\/09\/MARGARITA.jpg\" alt=\"\" width=\"1587\" height=\"2245\" srcset=\"https:\/\/www.rayuelainfancia.com\/blog\/wp-content\/uploads\/2021\/09\/MARGARITA.jpg 1587w, https:\/\/www.rayuelainfancia.com\/blog\/wp-content\/uploads\/2021\/09\/MARGARITA-212x300.jpg 212w, https:\/\/www.rayuelainfancia.com\/blog\/wp-content\/uploads\/2021\/09\/MARGARITA-768x1086.jpg 768w, https:\/\/www.rayuelainfancia.com\/blog\/wp-content\/uploads\/2021\/09\/MARGARITA-724x1024.jpg 724w\" sizes=\"(max-width: 1587px) 100vw, 1587px\" \/><\/a><\/p>\n<p>Este mi\u00e9rcoles tenemos la <b>oportunidad<\/b> de acapararla un ratito en Rayuela para que nos hable de los \u00e1lbumes ilustrados y de aquello que no vemos a simple vista en ellos (aquello de las m\u00faltiples lecturas ), nos descubra<strong> pautas interesantes para contar cuentos a nuestros ni\u00f1os<\/strong>, nos desvele la importancia de la lectura en la infancia, en este amable encuentro que nos permite conocer a los creadores.<\/p>\n<p>Es una actividad dirigida a todas y todos los que quer\u00e1is acercaros. Una actividad para<b> madres, padres, educadores, creadores y tambi\u00e9n para familias,<\/b> puesto que estamos seguros que a Margarita se le escapar\u00e1 irremediablemente alg\u00fan cuento que otro y estaremos all\u00ed para escucharlos.<\/p>\n<p>\u00a1Te esperamos!<\/p>\n<h2><span style=\"color: #008000;\">Algunos libros de Margarita del Mazo<\/span><\/h2>\n<p>Os dejamos enlazados <strong>algunos de los libros<\/strong> escritos por Margarita del Mazo a lo largo de su trayectoria como autora de literatura infantil. <strong>Os invitamos a conocer su obra<\/strong>, y a disfrutarla junto a los peques. Son libros llenos de rimas, de sue\u00f1os, de imaginaci\u00f3n y de ternura y estamos seguras de que os van a encantar.<\/p>\n<p><span style=\"color: #000000;\"><div id=\"product_list\" class=\"row\"><div class=\"col-xs-6 col-sm-6 col-md-6 col-lg-4 item-product\">\n            <div class=\"product-list text-center\">\n                <p>\n                    <a class=\"product-blog-link\" href=\"https:\/\/www.rayuelainfancia.com\/album-ilustrado\/55207-el-rey-del-bosque.html?utm_campaign=productBlogPost\" title=\"EL REY DEL BOSQUE\">\n                        <img src=\"\/\/www.rayuelainfancia.com\/64335-home_default\/el-rey-del-bosque.jpg\" alt=\"EL REY DEL BOSQUE\" class=\"img-responsive\"><span>EL REY DEL BOSQUE<\/span><\/a>\n                <\/p>\n            <\/div>\n\n            <div class=\"acciones text-center\">\n                \n                <p class=\"price\">16,50 \u20ac<\/p>\n            <\/div>\n        <\/div><div class=\"col-xs-6 col-sm-6 col-md-6 col-lg-4 item-product\">\n            <div class=\"product-list text-center\">\n                <p>\n                    <a class=\"product-blog-link\" href=\"https:\/\/www.rayuelainfancia.com\/album-ilustrado\/3429-don-romualdo.html?utm_campaign=productBlogPost\" title=\"DON ROMUALDO\">\n                        <img src=\"\/\/www.rayuelainfancia.com\/4895-home_default\/don-romualdo.jpg\" alt=\"DON ROMUALDO\" class=\"img-responsive\"><span>DON ROMUALDO<\/span><\/a>\n                <\/p>\n            <\/div>\n\n            <div class=\"acciones text-center\">\n                \n                <p class=\"price\">15,50 \u20ac<\/p>\n            <\/div>\n        <\/div><div class=\"col-xs-6 col-sm-6 col-md-6 col-lg-4 item-product\">\n            <div class=\"product-list text-center\">\n                <p>\n                    <a class=\"product-blog-link\" href=\"https:\/\/www.rayuelainfancia.com\/bebeteca\/8827-5-patitos.html?utm_campaign=productBlogPost\" title=\"5 PATITOS\">\n                        <img src=\"\/\/www.rayuelainfancia.com\/323301-home_default\/5-patitos.jpg\" alt=\"5 PATITOS\" class=\"img-responsive\"><span>5 PATITOS<\/span><\/a>\n                <\/p>\n            <\/div>\n\n            <div class=\"acciones text-center\">\n                \n                <p class=\"price\">9,00 \u20ac<\/p>\n            <\/div>\n        <\/div><div class=\"col-xs-6 col-sm-6 col-md-6 col-lg-4 item-product\">\n            <div class=\"product-list text-center\">\n                <p>\n                    <a class=\"product-blog-link\" href=\"https:\/\/www.rayuelainfancia.com\/bebeteca\/315392-los-planetas.html?utm_campaign=productBlogPost\" title=\"LOS PLANETAS\">\n                        <img src=\"\/\/www.rayuelainfancia.com\/323300-home_default\/los-planetas.jpg\" alt=\"LOS PLANETAS\" class=\"img-responsive\"><span>LOS PLANETAS<\/span><\/a>\n                <\/p>\n            <\/div>\n\n            <div class=\"acciones text-center\">\n                \n                <p class=\"price\">9,00 \u20ac<\/p>\n            <\/div>\n        <\/div><div class=\"col-xs-6 col-sm-6 col-md-6 col-lg-4 item-product\">\n            <div class=\"product-list text-center\">\n                <p>\n                    <a class=\"product-blog-link\" href=\"https:\/\/www.rayuelainfancia.com\/bebeteca\/315393-quien-tiene-que.html?utm_campaign=productBlogPost\" title=\"  QUI  N TIENE QU   \">\n                        <img src=\"\/\/www.rayuelainfancia.com\/323299-home_default\/quien-tiene-que.jpg\" alt=\"  QUI  N TIENE QU   \" class=\"img-responsive\"><span>\u00bfQUI\u00c9N TIENE QU\u00c9?<\/span><\/a>\n                <\/p>\n            <\/div>\n\n            <div class=\"acciones text-center\">\n                \n                <p class=\"price\">9,00 \u20ac<\/p>\n            <\/div>\n        <\/div><\/div><\/span><\/p>\n<p>Y muchos m\u00e1s&#8230; <strong>Ven a conocerlos a Rayuela<\/strong> el pr\u00f3ximo mi\u00e9rcoles. Y recuerda que necesitas <strong>reservar tu plaza<\/strong>. Ap\u00fantate YA en <span style=\"color: #ff6600;\"><a style=\"color: #ff6600;\" href=\"mailto:actividades@rayuelainfancia.com\">actividades@rayuelainfancia.com<\/a><\/span><\/p>\n<p>&nbsp;<\/p>\n","protected":false},"excerpt":{"rendered":"<p>\u00a1Atenci\u00f3oooon!\u00a0 El pr\u00f3ximo mi\u00e9rcoles 29 a las 20:00h ven a disfrutar de este encuentro con la autora Margarita del Mazo en Rayuela: Cuentos por derecho. D\u00e9jame ver lo que no est\u00e1.<\/p>\n","protected":false},"author":6,"featured_media":4496,"comment_status":"open","ping_status":"open","sticky":false,"template":"","format":"standard","meta":[],"categories":[18,21],"tags":[71,29,69,36,70],"yoast_head":"<!-- This site is optimized with the Yoast SEO plugin v18.5.1 - https:\/\/yoast.com\/wordpress\/plugins\/seo\/ -->\n<title>MARGARITA DEL MAZO EN RAYUELA &#8902; Blog de Rayuelainfancia<\/title>\n<meta name=\"description\" content=\"\u00a1Atenci\u00f3oooon! El pr\u00f3ximo mi\u00e9rcoles 29 a las 20:00h ven a disfrutar de este encuentro con la autora Margarita del Mazo en Rayuela: Cuentos por derecho\" \/>\n<meta name=\"robots\" content=\"index, follow, max-snippet:-1, max-image-preview:large, max-video-preview:-1\" \/>\n<link rel=\"canonical\" href=\"https:\/\/www.rayuelainfancia.com\/blog\/margarita-del-mazo-en-rayuela\/\" \/>\n<meta property=\"og:locale\" content=\"es_ES\" \/>\n<meta property=\"og:type\" content=\"article\" \/>\n<meta property=\"og:title\" content=\"MARGARITA DEL MAZO EN RAYUELA &#8902; Blog de Rayuelainfancia\" \/>\n<meta property=\"og:description\" content=\"\u00a1Atenci\u00f3oooon! El pr\u00f3ximo mi\u00e9rcoles 29 a las 20:00h ven a disfrutar de este encuentro con la autora Margarita del Mazo en Rayuela: Cuentos por derecho\" \/>\n<meta property=\"og:url\" content=\"https:\/\/www.rayuelainfancia.com\/blog\/margarita-del-mazo-en-rayuela\/\" \/>\n<meta property=\"og:site_name\" content=\"Blog de Rayuelainfancia\" \/>\n<meta property=\"article:publisher\" content=\"https:\/\/www.facebook.com\/pages\/Librer\u00eda-Rayuela\/251861686361\" \/>\n<meta property=\"article:published_time\" content=\"2021-09-23T11:17:50+00:00\" \/>\n<meta property=\"article:modified_time\" content=\"2021-11-16T10:14:19+00:00\" \/>\n<meta property=\"og:image\" content=\"http:\/\/www.rayuelainfancia.com\/blog\/wp-content\/uploads\/2021\/09\/MARGARITA-750-x-410-px14953.png\" \/>\n\t<meta property=\"og:image:width\" content=\"750\" \/>\n\t<meta property=\"og:image:height\" content=\"410\" \/>\n\t<meta property=\"og:image:type\" content=\"image\/png\" \/>\n<meta name=\"twitter:card\" content=\"summary\" \/>\n<meta name=\"twitter:creator\" content=\"@Rayuelainfancia\" \/>\n<meta name=\"twitter:site\" content=\"@Rayuelainfancia\" \/>\n<meta name=\"twitter:label1\" content=\"Written by\" \/>\n\t<meta name=\"twitter:data1\" content=\"Rayuelainfancia\" \/>\n\t<meta name=\"twitter:label2\" content=\"Est. reading time\" \/>\n\t<meta name=\"twitter:data2\" content=\"2 minutos\" \/>\n<script type=\"application\/ld+json\" class=\"yoast-schema-graph\">{\"@context\":\"https:\/\/schema.org\",\"@graph\":[{\"@type\":\"Organization\",\"@id\":\"https:\/\/www.rayuelainfancia.com\/blog\/#organization\",\"name\":\"Rayuelainfancia\",\"url\":\"https:\/\/www.rayuelainfancia.com\/blog\/\",\"sameAs\":[\"https:\/\/www.facebook.com\/pages\/Librer\u00eda-Rayuela\/251861686361\",\"https:\/\/www.youtube.com\/channel\/UCddVaoDjpTp-DexyEVoyazQ\",\"https:\/\/twitter.com\/Rayuelainfancia\"],\"logo\":{\"@type\":\"ImageObject\",\"@id\":\"https:\/\/www.rayuelainfancia.com\/blog\/#logo\",\"inLanguage\":\"es\",\"url\":\"https:\/\/www.rayuelainfancia.com\/blog\/wp-content\/uploads\/2018\/06\/logo-rayuelainfancia-color-corporativo.png\",\"contentUrl\":\"https:\/\/www.rayuelainfancia.com\/blog\/wp-content\/uploads\/2018\/06\/logo-rayuelainfancia-color-corporativo.png\",\"width\":1200,\"height\":680,\"caption\":\"Rayuelainfancia\"},\"image\":{\"@id\":\"https:\/\/www.rayuelainfancia.com\/blog\/#logo\"}},{\"@type\":\"WebSite\",\"@id\":\"https:\/\/www.rayuelainfancia.com\/blog\/#website\",\"url\":\"https:\/\/www.rayuelainfancia.com\/blog\/\",\"name\":\"Blog de Rayuelainfancia\",\"description\":\"Libros infantiles y juegos educaticos respestuosos con la infancia\",\"publisher\":{\"@id\":\"https:\/\/www.rayuelainfancia.com\/blog\/#organization\"},\"potentialAction\":[{\"@type\":\"SearchAction\",\"target\":{\"@type\":\"EntryPoint\",\"urlTemplate\":\"https:\/\/www.rayuelainfancia.com\/blog\/?s={search_term_string}\"},\"query-input\":\"required name=search_term_string\"}],\"inLanguage\":\"es\"},{\"@type\":\"ImageObject\",\"@id\":\"https:\/\/www.rayuelainfancia.com\/blog\/margarita-del-mazo-en-rayuela\/#primaryimage\",\"inLanguage\":\"es\",\"url\":\"https:\/\/www.rayuelainfancia.com\/blog\/wp-content\/uploads\/2021\/09\/MARGARITA-750-x-410-px14953.png\",\"contentUrl\":\"https:\/\/www.rayuelainfancia.com\/blog\/wp-content\/uploads\/2021\/09\/MARGARITA-750-x-410-px14953.png\",\"width\":750,\"height\":410,\"caption\":\"Margarita del Mazo en Rayuela\"},{\"@type\":\"WebPage\",\"@id\":\"https:\/\/www.rayuelainfancia.com\/blog\/margarita-del-mazo-en-rayuela\/#webpage\",\"url\":\"https:\/\/www.rayuelainfancia.com\/blog\/margarita-del-mazo-en-rayuela\/\",\"name\":\"MARGARITA DEL MAZO EN RAYUELA &#8902; Blog de Rayuelainfancia\",\"isPartOf\":{\"@id\":\"https:\/\/www.rayuelainfancia.com\/blog\/#website\"},\"primaryImageOfPage\":{\"@id\":\"https:\/\/www.rayuelainfancia.com\/blog\/margarita-del-mazo-en-rayuela\/#primaryimage\"},\"datePublished\":\"2021-09-23T11:17:50+00:00\",\"dateModified\":\"2021-11-16T10:14:19+00:00\",\"description\":\"\u00a1Atenci\u00f3oooon! El pr\u00f3ximo mi\u00e9rcoles 29 a las 20:00h ven a disfrutar de este encuentro con la autora Margarita del Mazo en Rayuela: Cuentos por derecho\",\"breadcrumb\":{\"@id\":\"https:\/\/www.rayuelainfancia.com\/blog\/margarita-del-mazo-en-rayuela\/#breadcrumb\"},\"inLanguage\":\"es\",\"potentialAction\":[{\"@type\":\"ReadAction\",\"target\":[\"https:\/\/www.rayuelainfancia.com\/blog\/margarita-del-mazo-en-rayuela\/\"]}]},{\"@type\":\"BreadcrumbList\",\"@id\":\"https:\/\/www.rayuelainfancia.com\/blog\/margarita-del-mazo-en-rayuela\/#breadcrumb\",\"itemListElement\":[{\"@type\":\"ListItem\",\"position\":1,\"name\":\"Portada\",\"item\":\"https:\/\/www.rayuelainfancia.com\/blog\/\"},{\"@type\":\"ListItem\",\"position\":2,\"name\":\"MARGARITA DEL MAZO EN RAYUELA\"}]},{\"@type\":\"Article\",\"@id\":\"https:\/\/www.rayuelainfancia.com\/blog\/margarita-del-mazo-en-rayuela\/#article\",\"isPartOf\":{\"@id\":\"https:\/\/www.rayuelainfancia.com\/blog\/margarita-del-mazo-en-rayuela\/#webpage\"},\"author\":{\"@id\":\"https:\/\/www.rayuelainfancia.com\/blog\/#\/schema\/person\/c1aff250c5154e35f53f26d0eba10c45\"},\"headline\":\"MARGARITA DEL MAZO EN RAYUELA\",\"datePublished\":\"2021-09-23T11:17:50+00:00\",\"dateModified\":\"2021-11-16T10:14:19+00:00\",\"mainEntityOfPage\":{\"@id\":\"https:\/\/www.rayuelainfancia.com\/blog\/margarita-del-mazo-en-rayuela\/#webpage\"},\"wordCount\":347,\"commentCount\":0,\"publisher\":{\"@id\":\"https:\/\/www.rayuelainfancia.com\/blog\/#organization\"},\"image\":{\"@id\":\"https:\/\/www.rayuelainfancia.com\/blog\/margarita-del-mazo-en-rayuela\/#primaryimage\"},\"thumbnailUrl\":\"https:\/\/www.rayuelainfancia.com\/blog\/wp-content\/uploads\/2021\/09\/MARGARITA-750-x-410-px14953.png\",\"keywords\":[\"actividades para ni\u00f1os\",\"literatura infantil\",\"margarita del mazo\",\"poesia\",\"rayuela\"],\"articleSection\":[\"Actividades Cuentacuentos\",\"Literatura Infantil\"],\"inLanguage\":\"es\",\"potentialAction\":[{\"@type\":\"CommentAction\",\"name\":\"Comment\",\"target\":[\"https:\/\/www.rayuelainfancia.com\/blog\/margarita-del-mazo-en-rayuela\/#respond\"]}]},{\"@type\":\"Person\",\"@id\":\"https:\/\/www.rayuelainfancia.com\/blog\/#\/schema\/person\/c1aff250c5154e35f53f26d0eba10c45\",\"name\":\"Rayuelainfancia\",\"image\":{\"@type\":\"ImageObject\",\"@id\":\"https:\/\/www.rayuelainfancia.com\/blog\/#personlogo\",\"inLanguage\":\"es\",\"url\":\"https:\/\/secure.gravatar.com\/avatar\/8bf03e7a4bb13ca5c7d0dc6acde2bfd1?s=96&d=mm&r=g\",\"contentUrl\":\"https:\/\/secure.gravatar.com\/avatar\/8bf03e7a4bb13ca5c7d0dc6acde2bfd1?s=96&d=mm&r=g\",\"caption\":\"Rayuelainfancia\"}}]}<\/script>\n<!-- \/ Yoast SEO plugin. -->","yoast_head_json":{"title":"MARGARITA DEL MAZO EN RAYUELA &#8902; Blog de Rayuelainfancia","description":"\u00a1Atenci\u00f3oooon! El pr\u00f3ximo mi\u00e9rcoles 29 a las 20:00h ven a disfrutar de este encuentro con la autora Margarita del Mazo en Rayuela: Cuentos por derecho","robots":{"index":"index","follow":"follow","max-snippet":"max-snippet:-1","max-image-preview":"max-image-preview:large","max-video-preview":"max-video-preview:-1"},"canonical":"https:\/\/www.rayuelainfancia.com\/blog\/margarita-del-mazo-en-rayuela\/","og_locale":"es_ES","og_type":"article","og_title":"MARGARITA DEL MAZO EN RAYUELA &#8902; Blog de Rayuelainfancia","og_description":"\u00a1Atenci\u00f3oooon! El pr\u00f3ximo mi\u00e9rcoles 29 a las 20:00h ven a disfrutar de este encuentro con la autora Margarita del Mazo en Rayuela: Cuentos por derecho","og_url":"https:\/\/www.rayuelainfancia.com\/blog\/margarita-del-mazo-en-rayuela\/","og_site_name":"Blog de Rayuelainfancia","article_publisher":"https:\/\/www.facebook.com\/pages\/Librer\u00eda-Rayuela\/251861686361","article_published_time":"2021-09-23T11:17:50+00:00","article_modified_time":"2021-11-16T10:14:19+00:00","og_image":[{"width":750,"height":410,"url":"http:\/\/www.rayuelainfancia.com\/blog\/wp-content\/uploads\/2021\/09\/MARGARITA-750-x-410-px14953.png","type":"image\/png"}],"twitter_card":"summary","twitter_creator":"@Rayuelainfancia","twitter_site":"@Rayuelainfancia","twitter_misc":{"Written by":"Rayuelainfancia","Est. reading time":"2 minutos"},"schema":{"@context":"https:\/\/schema.org","@graph":[{"@type":"Organization","@id":"https:\/\/www.rayuelainfancia.com\/blog\/#organization","name":"Rayuelainfancia","url":"https:\/\/www.rayuelainfancia.com\/blog\/","sameAs":["https:\/\/www.facebook.com\/pages\/Librer\u00eda-Rayuela\/251861686361","https:\/\/www.youtube.com\/channel\/UCddVaoDjpTp-DexyEVoyazQ","https:\/\/twitter.com\/Rayuelainfancia"],"logo":{"@type":"ImageObject","@id":"https:\/\/www.rayuelainfancia.com\/blog\/#logo","inLanguage":"es","url":"https:\/\/www.rayuelainfancia.com\/blog\/wp-content\/uploads\/2018\/06\/logo-rayuelainfancia-color-corporativo.png","contentUrl":"https:\/\/www.rayuelainfancia.com\/blog\/wp-content\/uploads\/2018\/06\/logo-rayuelainfancia-color-corporativo.png","width":1200,"height":680,"caption":"Rayuelainfancia"},"image":{"@id":"https:\/\/www.rayuelainfancia.com\/blog\/#logo"}},{"@type":"WebSite","@id":"https:\/\/www.rayuelainfancia.com\/blog\/#website","url":"https:\/\/www.rayuelainfancia.com\/blog\/","name":"Blog de Rayuelainfancia","description":"Libros infantiles y juegos educaticos respestuosos con la infancia","publisher":{"@id":"https:\/\/www.rayuelainfancia.com\/blog\/#organization"},"potentialAction":[{"@type":"SearchAction","target":{"@type":"EntryPoint","urlTemplate":"https:\/\/www.rayuelainfancia.com\/blog\/?s={search_term_string}"},"query-input":"required name=search_term_string"}],"inLanguage":"es"},{"@type":"ImageObject","@id":"https:\/\/www.rayuelainfancia.com\/blog\/margarita-del-mazo-en-rayuela\/#primaryimage","inLanguage":"es","url":"https:\/\/www.rayuelainfancia.com\/blog\/wp-content\/uploads\/2021\/09\/MARGARITA-750-x-410-px14953.png","contentUrl":"https:\/\/www.rayuelainfancia.com\/blog\/wp-content\/uploads\/2021\/09\/MARGARITA-750-x-410-px14953.png","width":750,"height":410,"caption":"Margarita del Mazo en Rayuela"},{"@type":"WebPage","@id":"https:\/\/www.rayuelainfancia.com\/blog\/margarita-del-mazo-en-rayuela\/#webpage","url":"https:\/\/www.rayuelainfancia.com\/blog\/margarita-del-mazo-en-rayuela\/","name":"MARGARITA DEL MAZO EN RAYUELA &#8902; Blog de Rayuelainfancia","isPartOf":{"@id":"https:\/\/www.rayuelainfancia.com\/blog\/#website"},"primaryImageOfPage":{"@id":"https:\/\/www.rayuelainfancia.com\/blog\/margarita-del-mazo-en-rayuela\/#primaryimage"},"datePublished":"2021-09-23T11:17:50+00:00","dateModified":"2021-11-16T10:14:19+00:00","description":"\u00a1Atenci\u00f3oooon! El pr\u00f3ximo mi\u00e9rcoles 29 a las 20:00h ven a disfrutar de este encuentro con la autora Margarita del Mazo en Rayuela: Cuentos por derecho","breadcrumb":{"@id":"https:\/\/www.rayuelainfancia.com\/blog\/margarita-del-mazo-en-rayuela\/#breadcrumb"},"inLanguage":"es","potentialAction":[{"@type":"ReadAction","target":["https:\/\/www.rayuelainfancia.com\/blog\/margarita-del-mazo-en-rayuela\/"]}]},{"@type":"BreadcrumbList","@id":"https:\/\/www.rayuelainfancia.com\/blog\/margarita-del-mazo-en-rayuela\/#breadcrumb","itemListElement":[{"@type":"ListItem","position":1,"name":"Portada","item":"https:\/\/www.rayuelainfancia.com\/blog\/"},{"@type":"ListItem","position":2,"name":"MARGARITA DEL MAZO EN RAYUELA"}]},{"@type":"Article","@id":"https:\/\/www.rayuelainfancia.com\/blog\/margarita-del-mazo-en-rayuela\/#article","isPartOf":{"@id":"https:\/\/www.rayuelainfancia.com\/blog\/margarita-del-mazo-en-rayuela\/#webpage"},"author":{"@id":"https:\/\/www.rayuelainfancia.com\/blog\/#\/schema\/person\/c1aff250c5154e35f53f26d0eba10c45"},"headline":"MARGARITA DEL MAZO EN RAYUELA","datePublished":"2021-09-23T11:17:50+00:00","dateModified":"2021-11-16T10:14:19+00:00","mainEntityOfPage":{"@id":"https:\/\/www.rayuelainfancia.com\/blog\/margarita-del-mazo-en-rayuela\/#webpage"},"wordCount":347,"commentCount":0,"publisher":{"@id":"https:\/\/www.rayuelainfancia.com\/blog\/#organization"},"image":{"@id":"https:\/\/www.rayuelainfancia.com\/blog\/margarita-del-mazo-en-rayuela\/#primaryimage"},"thumbnailUrl":"https:\/\/www.rayuelainfancia.com\/blog\/wp-content\/uploads\/2021\/09\/MARGARITA-750-x-410-px14953.png","keywords":["actividades para ni\u00f1os","literatura infantil","margarita del mazo","poesia","rayuela"],"articleSection":["Actividades Cuentacuentos","Literatura Infantil"],"inLanguage":"es","potentialAction":[{"@type":"CommentAction","name":"Comment","target":["https:\/\/www.rayuelainfancia.com\/blog\/margarita-del-mazo-en-rayuela\/#respond"]}]},{"@type":"Person","@id":"https:\/\/www.rayuelainfancia.com\/blog\/#\/schema\/person\/c1aff250c5154e35f53f26d0eba10c45","name":"Rayuelainfancia","image":{"@type":"ImageObject","@id":"https:\/\/www.rayuelainfancia.com\/blog\/#personlogo","inLanguage":"es","url":"https:\/\/secure.gravatar.com\/avatar\/8bf03e7a4bb13ca5c7d0dc6acde2bfd1?s=96&d=mm&r=g","contentUrl":"https:\/\/secure.gravatar.com\/avatar\/8bf03e7a4bb13ca5c7d0dc6acde2bfd1?s=96&d=mm&r=g","caption":"Rayuelainfancia"}}]}},"_links":{"self":[{"href":"https:\/\/www.rayuelainfancia.com\/blog\/wp-json\/wp\/v2\/posts\/4490"}],"collection":[{"href":"https:\/\/www.rayuelainfancia.com\/blog\/wp-json\/wp\/v2\/posts"}],"about":[{"href":"https:\/\/www.rayuelainfancia.com\/blog\/wp-json\/wp\/v2\/types\/post"}],"author":[{"embeddable":true,"href":"https:\/\/www.rayuelainfancia.com\/blog\/wp-json\/wp\/v2\/users\/6"}],"replies":[{"embeddable":true,"href":"https:\/\/www.rayuelainfancia.com\/blog\/wp-json\/wp\/v2\/comments?post=4490"}],"version-history":[{"count":5,"href":"https:\/\/www.rayuelainfancia.com\/blog\/wp-json\/wp\/v2\/posts\/4490\/revisions"}],"predecessor-version":[{"id":4497,"href":"https:\/\/www.rayuelainfancia.com\/blog\/wp-json\/wp\/v2\/posts\/4490\/revisions\/4497"}],"wp:featuredmedia":[{"embeddable":true,"href":"https:\/\/www.rayuelainfancia.com\/blog\/wp-json\/wp\/v2\/media\/4496"}],"wp:attachment":[{"href":"https:\/\/www.rayuelainfancia.com\/blog\/wp-json\/wp\/v2\/media?parent=4490"}],"wp:term":[{"taxonomy":"category","embeddable":true,"href":"https:\/\/www.rayuelainfancia.com\/blog\/wp-json\/wp\/v2\/categories?post=4490"},{"taxonomy":"post_tag","embeddable":true,"href":"https:\/\/www.rayuelainfancia.com\/blog\/wp-json\/wp\/v2\/tags?post=4490"}],"curies":[{"name":"wp","href":"https:\/\/api.w.org\/{rel}","templated":true}]}}