 {"id":4476,"date":"2021-09-13T10:59:34","date_gmt":"2021-09-13T08:59:34","guid":{"rendered":"http:\/\/www.rayuelainfancia.com\/blog\/?p=4476"},"modified":"2021-10-20T12:02:49","modified_gmt":"2021-10-20T10:02:49","slug":"afinidades-electivas-2021","status":"publish","type":"post","link":"https:\/\/www.rayuelainfancia.com\/blog\/afinidades-electivas-2021\/","title":{"rendered":"AFINIDADES ELECTIVAS 2021"},"content":{"rendered":"<p style=\"text-align: justify;\">Este viernes 17 de septiembre a las 20:00h. en Rayuela, <strong>acomp\u00e1\u00f1anos en este encuentro<\/strong> \u00abAfinidades electivas\u00bb entre el premiado escritor <strong>Alejandro Palomas<\/strong> y la autora y editora <strong>Ana Cristina Herreros.<\/strong><\/p>\n<p><!--more--><\/p>\n<h2>AFINIDADES ELECTIVAS<\/h2>\n<p>Ana Cristina y Alejandro vienen a zambullirse en un di\u00e1logo ingenioso (eso podemos asegurarlo) sobre los libros y el mundo, cada uno acerc\u00e1ndose a la obra del otro, buscando conexiones, divergencias, semejanzas&#8230; Un di\u00e1logo enmarcado dentro del programa del <a href=\"https:\/\/www.culturaydeporte.gob.es\/cultura\/libro\/destacados\/afinidades-electivas.html\">Ministerio de Cultura y Deporte<\/a><strong> \u201cAfinidades Electivas\u201d.<\/strong><\/p>\n<p>&nbsp;<\/p>\n<p><a href=\"actividades@rayuelainfancia.com\"><img loading=\"lazy\" class=\"alignnone size-full wp-image-4481\" src=\"http:\/\/www.rayuelainfancia.com\/blog\/wp-content\/uploads\/2021\/09\/3e4da9a9-968f-435d-9eee-0783d52da5fa.jpg\" alt=\"AFINIDADES ELECTIVAS EN RAYUELA\" width=\"1200\" height=\"1200\" srcset=\"https:\/\/www.rayuelainfancia.com\/blog\/wp-content\/uploads\/2021\/09\/3e4da9a9-968f-435d-9eee-0783d52da5fa.jpg 1200w, https:\/\/www.rayuelainfancia.com\/blog\/wp-content\/uploads\/2021\/09\/3e4da9a9-968f-435d-9eee-0783d52da5fa-150x150.jpg 150w, https:\/\/www.rayuelainfancia.com\/blog\/wp-content\/uploads\/2021\/09\/3e4da9a9-968f-435d-9eee-0783d52da5fa-300x300.jpg 300w, https:\/\/www.rayuelainfancia.com\/blog\/wp-content\/uploads\/2021\/09\/3e4da9a9-968f-435d-9eee-0783d52da5fa-768x768.jpg 768w, https:\/\/www.rayuelainfancia.com\/blog\/wp-content\/uploads\/2021\/09\/3e4da9a9-968f-435d-9eee-0783d52da5fa-1024x1024.jpg 1024w, https:\/\/www.rayuelainfancia.com\/blog\/wp-content\/uploads\/2021\/09\/3e4da9a9-968f-435d-9eee-0783d52da5fa-60x60.jpg 60w\" sizes=\"(max-width: 1200px) 100vw, 1200px\" \/><\/a><\/p>\n<p>&nbsp;<\/p>\n<p><strong>Reserva YA tu plaza <\/strong>escribiendo un correo a la direcci\u00f3n <strong><a href=\"mailto:actividades@rayuelainfancia.com\">actividades@rayuelainfancia.com<\/a> <\/strong>y disfruta de este encuentro entre dos autores vinculados al mundo de la literatura infantil y juvenil. (El aforo ser\u00e1 limitado y con las consabidas medidas de seguridad).<\/p>\n<p>Te esperamos, emocionados, porque encontrarse con dos autores de referencia siempre es un lujo y porque estamos deseosos de comenzar nuestro ciclo de actividades.<\/p>\n<p>\u00a1No faltes!<\/p>\n<h1>UN POCO M\u00c1S SOBRE LOS AUTORES<\/h1>\n<h2>ANA CRISTINA HERREROS<\/h2>\n<p><a href=\"http:\/\/anagriott.blogspot.com\/\"><strong>Ana Cristina Herreros Ferreira<\/strong> <\/a>(es Ana Griott cuando cuenta). Fil\u00f3loga de formaci\u00f3n, editora de profesi\u00f3n y narradora de vocaci\u00f3n, es <strong>experta en memoria oral<\/strong>. Hizo su tesis en Romancero tradicional mientras trabajaba como editora en Ediciones Siruela (1987-2012), donde publicar\u00eda sus primeros siete libros y dirigir\u00eda la colecci\u00f3n Biblioteca de Cuentos Populares.<\/p>\n<p>&nbsp;<\/p>\n<p><img loading=\"lazy\" class=\"alignnone size-full wp-image-4477\" src=\"http:\/\/www.rayuelainfancia.com\/blog\/wp-content\/uploads\/2021\/09\/anaconguantes.jpg\" alt=\"ANA CRISTINA HERREROS\" width=\"1512\" height=\"2148\" srcset=\"https:\/\/www.rayuelainfancia.com\/blog\/wp-content\/uploads\/2021\/09\/anaconguantes.jpg 1512w, https:\/\/www.rayuelainfancia.com\/blog\/wp-content\/uploads\/2021\/09\/anaconguantes-211x300.jpg 211w, https:\/\/www.rayuelainfancia.com\/blog\/wp-content\/uploads\/2021\/09\/anaconguantes-768x1091.jpg 768w, https:\/\/www.rayuelainfancia.com\/blog\/wp-content\/uploads\/2021\/09\/anaconguantes-721x1024.jpg 721w\" sizes=\"(max-width: 1512px) 100vw, 1512px\" \/><\/p>\n<p>&nbsp;<\/p>\n<p>Es narradora desde 1992 y escritora desde 2005. Lleva casi treinta a\u00f1os contando cuentos con beb\u00e9s, con ni\u00f1os y ni\u00f1as, con j\u00f3venes, con personas adultas, en bibliotecas y otros espacios p\u00fablicos.<\/p>\n<p>En 2013 lleg\u00f3 a Senegal a llenar de libros una biblioteca y desde entonces ha escuchado sus cuentos y publicado la <strong>tradici\u00f3n oral de Senegal<\/strong>, <strong>Rep\u00fablica \u00c1rabe Saharaui Democr\u00e1tica, Mozambique y Camer\u00fan<\/strong> en su editorial <a href=\"https:\/\/www.librosdelasmalascompanias.com\/\"><strong>Libros de las Malas Compa\u00f1\u00edas<\/strong><\/a>, que naci\u00f3 en 2014.<\/p>\n<p>Ha contado en cuatro continentes y escrito 17 libros. Sus libros han sido traducidos al ingl\u00e9s, franc\u00e9s, polaco, japon\u00e9s, catal\u00e1n y mexicano. Diploma de Honor por la Fundaci\u00f3n Dieta Mediterr\u00e1nea, recibi\u00f3 dos veces (2009 y 2011) el premio del Ministerio de Cultura al libro mejor editado. En 2018 fue <strong>candidata al Premio Nacional de Literatura infantil y juvenil<\/strong>, y en 2021 la revista Forbes la reconoce como una de las 100 personas m\u00e1s ricas en proyectos que crean valor en nuestro pa\u00eds y en \u00c1frica.<\/p>\n<h2>ALEJANDRO PALOMAS<\/h2>\n<p><a href=\"https:\/\/www.facebook.com\/PalomasAlejandro\"><strong>Alejandro Palomas<\/strong><\/a> es autor de varias novelas en lengua catalana, tanto de adulto como juvenil. Sus obras est\u00e1n editadas en castellano para nuestro disfrute como lectores. Resaltamos el <strong>Premio Nacional de literatura juvenil 2016<\/strong> con su novela \u201cUn hijo\u201d. Aunque como ver\u00e9is, tambi\u00e9n ha conseguido entre otros, el Nadal en 2018 con su novela \u201cUn amor\u201d.<\/p>\n<p>&nbsp;<\/p>\n<p><img loading=\"lazy\" class=\"alignnone size-full wp-image-4478\" src=\"http:\/\/www.rayuelainfancia.com\/blog\/wp-content\/uploads\/2021\/09\/alejandro-conferencia-ni\u00f1os-FOTO-PACO-RODRIGUEZ14821.jpg\" alt=\"ALEJANDRO PALOMAS\" width=\"988\" height=\"720\" srcset=\"https:\/\/www.rayuelainfancia.com\/blog\/wp-content\/uploads\/2021\/09\/alejandro-conferencia-ni\u00f1os-FOTO-PACO-RODRIGUEZ14821.jpg 988w, https:\/\/www.rayuelainfancia.com\/blog\/wp-content\/uploads\/2021\/09\/alejandro-conferencia-ni\u00f1os-FOTO-PACO-RODRIGUEZ14821-300x219.jpg 300w, https:\/\/www.rayuelainfancia.com\/blog\/wp-content\/uploads\/2021\/09\/alejandro-conferencia-ni\u00f1os-FOTO-PACO-RODRIGUEZ14821-768x560.jpg 768w\" sizes=\"(max-width: 988px) 100vw, 988px\" \/><\/p>\n<p>&nbsp;<\/p>\n<p>Otras obras: Una mare, Un gos, Un amor o El temps que ens uneix, publicadas en Columna Edicions, Grup 62. En juvenil, es autor de Un fill, publicada en La Galera y ganadora del Premi Joaquim Ruyra 2014, del Premi Protagonista Jove 2015, del Premi L\u2019Illa de llibres 2016 o del Premio Nacional de Lit Juvenil 2016 y de Un secret, su continuaci\u00f3n.<\/p>\n<p>Para Alejandro, \u00abUn ni\u00f1o que lee es un ni\u00f1o que entiende que la emoci\u00f3n, sea cual sea, es una experiencia compartida. En la lectura, en la ficci\u00f3n, en esa campana de cristal que ofrece un libro, la fragilidad est\u00e1 a salvo y la amenaza queda fuera, porque de pronto todo es posible\u00bb.<\/p>\n<p>&nbsp;<\/p>\n","protected":false},"excerpt":{"rendered":"<p>Este viernes 17 de septiembre a las 20:00h. en Rayuela, acomp\u00e1\u00f1anos en este encuentro \u00abAfinidades electivas\u00bb entre el premiado escritor Alejandro Palomas y la autora y editora Ana Cristina Herreros.<\/p>\n","protected":false},"author":6,"featured_media":4480,"comment_status":"open","ping_status":"open","sticky":false,"template":"","format":"standard","meta":[],"categories":[18,21],"tags":[],"yoast_head":"<!-- This site is optimized with the Yoast SEO plugin v18.5.1 - https:\/\/yoast.com\/wordpress\/plugins\/seo\/ -->\n<title>AFINIDADES ELECTIVAS 2021 &#8902; Blog de Rayuelainfancia<\/title>\n<meta name=\"description\" content=\"Este viernes 17 a las 20:00h. en Rayuela, acomp\u00e1\u00f1anos en este encuentro &quot;Afinidades electivas&quot; entre Alejandro Palomas y Ana Cristina Herreos \u00a1Reserva ya!\" \/>\n<meta name=\"robots\" content=\"index, follow, max-snippet:-1, max-image-preview:large, max-video-preview:-1\" \/>\n<link rel=\"canonical\" href=\"https:\/\/www.rayuelainfancia.com\/blog\/afinidades-electivas-2021\/\" \/>\n<meta property=\"og:locale\" content=\"es_ES\" \/>\n<meta property=\"og:type\" content=\"article\" \/>\n<meta property=\"og:title\" content=\"AFINIDADES ELECTIVAS 2021 &#8902; Blog de Rayuelainfancia\" \/>\n<meta property=\"og:description\" content=\"Este viernes 17 a las 20:00h. en Rayuela, acomp\u00e1\u00f1anos en este encuentro &quot;Afinidades electivas&quot; entre Alejandro Palomas y Ana Cristina Herreos \u00a1Reserva ya!\" \/>\n<meta property=\"og:url\" content=\"https:\/\/www.rayuelainfancia.com\/blog\/afinidades-electivas-2021\/\" \/>\n<meta property=\"og:site_name\" content=\"Blog de Rayuelainfancia\" \/>\n<meta property=\"article:publisher\" content=\"https:\/\/www.facebook.com\/pages\/Librer\u00eda-Rayuela\/251861686361\" \/>\n<meta property=\"article:published_time\" content=\"2021-09-13T08:59:34+00:00\" \/>\n<meta property=\"article:modified_time\" content=\"2021-10-20T10:02:49+00:00\" \/>\n<meta property=\"og:image\" content=\"http:\/\/www.rayuelainfancia.com\/blog\/wp-content\/uploads\/2021\/09\/c4ad4a1b-0b95-4d24-827e-a9d42e3c129e.jpg\" \/>\n\t<meta property=\"og:image:width\" content=\"750\" \/>\n\t<meta property=\"og:image:height\" content=\"410\" \/>\n\t<meta property=\"og:image:type\" content=\"image\/jpeg\" \/>\n<meta name=\"twitter:card\" content=\"summary\" \/>\n<meta name=\"twitter:creator\" content=\"@Rayuelainfancia\" \/>\n<meta name=\"twitter:site\" content=\"@Rayuelainfancia\" \/>\n<meta name=\"twitter:label1\" content=\"Written by\" \/>\n\t<meta name=\"twitter:data1\" content=\"Rayuelainfancia\" \/>\n\t<meta name=\"twitter:label2\" content=\"Est. reading time\" \/>\n\t<meta name=\"twitter:data2\" content=\"3 minutos\" \/>\n<script type=\"application\/ld+json\" class=\"yoast-schema-graph\">{\"@context\":\"https:\/\/schema.org\",\"@graph\":[{\"@type\":\"Organization\",\"@id\":\"https:\/\/www.rayuelainfancia.com\/blog\/#organization\",\"name\":\"Rayuelainfancia\",\"url\":\"https:\/\/www.rayuelainfancia.com\/blog\/\",\"sameAs\":[\"https:\/\/www.facebook.com\/pages\/Librer\u00eda-Rayuela\/251861686361\",\"https:\/\/www.youtube.com\/channel\/UCddVaoDjpTp-DexyEVoyazQ\",\"https:\/\/twitter.com\/Rayuelainfancia\"],\"logo\":{\"@type\":\"ImageObject\",\"@id\":\"https:\/\/www.rayuelainfancia.com\/blog\/#logo\",\"inLanguage\":\"es\",\"url\":\"https:\/\/www.rayuelainfancia.com\/blog\/wp-content\/uploads\/2018\/06\/logo-rayuelainfancia-color-corporativo.png\",\"contentUrl\":\"https:\/\/www.rayuelainfancia.com\/blog\/wp-content\/uploads\/2018\/06\/logo-rayuelainfancia-color-corporativo.png\",\"width\":1200,\"height\":680,\"caption\":\"Rayuelainfancia\"},\"image\":{\"@id\":\"https:\/\/www.rayuelainfancia.com\/blog\/#logo\"}},{\"@type\":\"WebSite\",\"@id\":\"https:\/\/www.rayuelainfancia.com\/blog\/#website\",\"url\":\"https:\/\/www.rayuelainfancia.com\/blog\/\",\"name\":\"Blog de Rayuelainfancia\",\"description\":\"Libros infantiles y juegos educaticos respestuosos con la infancia\",\"publisher\":{\"@id\":\"https:\/\/www.rayuelainfancia.com\/blog\/#organization\"},\"potentialAction\":[{\"@type\":\"SearchAction\",\"target\":{\"@type\":\"EntryPoint\",\"urlTemplate\":\"https:\/\/www.rayuelainfancia.com\/blog\/?s={search_term_string}\"},\"query-input\":\"required name=search_term_string\"}],\"inLanguage\":\"es\"},{\"@type\":\"ImageObject\",\"@id\":\"https:\/\/www.rayuelainfancia.com\/blog\/afinidades-electivas-2021\/#primaryimage\",\"inLanguage\":\"es\",\"url\":\"https:\/\/www.rayuelainfancia.com\/blog\/wp-content\/uploads\/2021\/09\/c4ad4a1b-0b95-4d24-827e-a9d42e3c129e.jpg\",\"contentUrl\":\"https:\/\/www.rayuelainfancia.com\/blog\/wp-content\/uploads\/2021\/09\/c4ad4a1b-0b95-4d24-827e-a9d42e3c129e.jpg\",\"width\":750,\"height\":410,\"caption\":\"AFINIDADES ELECTIVAS\"},{\"@type\":\"WebPage\",\"@id\":\"https:\/\/www.rayuelainfancia.com\/blog\/afinidades-electivas-2021\/#webpage\",\"url\":\"https:\/\/www.rayuelainfancia.com\/blog\/afinidades-electivas-2021\/\",\"name\":\"AFINIDADES ELECTIVAS 2021 &#8902; Blog de Rayuelainfancia\",\"isPartOf\":{\"@id\":\"https:\/\/www.rayuelainfancia.com\/blog\/#website\"},\"primaryImageOfPage\":{\"@id\":\"https:\/\/www.rayuelainfancia.com\/blog\/afinidades-electivas-2021\/#primaryimage\"},\"datePublished\":\"2021-09-13T08:59:34+00:00\",\"dateModified\":\"2021-10-20T10:02:49+00:00\",\"description\":\"Este viernes 17 a las 20:00h. en Rayuela, acomp\u00e1\u00f1anos en este encuentro \\\"Afinidades electivas\\\" entre Alejandro Palomas y Ana Cristina Herreos \u00a1Reserva ya!\",\"breadcrumb\":{\"@id\":\"https:\/\/www.rayuelainfancia.com\/blog\/afinidades-electivas-2021\/#breadcrumb\"},\"inLanguage\":\"es\",\"potentialAction\":[{\"@type\":\"ReadAction\",\"target\":[\"https:\/\/www.rayuelainfancia.com\/blog\/afinidades-electivas-2021\/\"]}]},{\"@type\":\"BreadcrumbList\",\"@id\":\"https:\/\/www.rayuelainfancia.com\/blog\/afinidades-electivas-2021\/#breadcrumb\",\"itemListElement\":[{\"@type\":\"ListItem\",\"position\":1,\"name\":\"Portada\",\"item\":\"https:\/\/www.rayuelainfancia.com\/blog\/\"},{\"@type\":\"ListItem\",\"position\":2,\"name\":\"AFINIDADES ELECTIVAS 2021\"}]},{\"@type\":\"Article\",\"@id\":\"https:\/\/www.rayuelainfancia.com\/blog\/afinidades-electivas-2021\/#article\",\"isPartOf\":{\"@id\":\"https:\/\/www.rayuelainfancia.com\/blog\/afinidades-electivas-2021\/#webpage\"},\"author\":{\"@id\":\"https:\/\/www.rayuelainfancia.com\/blog\/#\/schema\/person\/c1aff250c5154e35f53f26d0eba10c45\"},\"headline\":\"AFINIDADES ELECTIVAS 2021\",\"datePublished\":\"2021-09-13T08:59:34+00:00\",\"dateModified\":\"2021-10-20T10:02:49+00:00\",\"mainEntityOfPage\":{\"@id\":\"https:\/\/www.rayuelainfancia.com\/blog\/afinidades-electivas-2021\/#webpage\"},\"wordCount\":571,\"commentCount\":0,\"publisher\":{\"@id\":\"https:\/\/www.rayuelainfancia.com\/blog\/#organization\"},\"image\":{\"@id\":\"https:\/\/www.rayuelainfancia.com\/blog\/afinidades-electivas-2021\/#primaryimage\"},\"thumbnailUrl\":\"https:\/\/www.rayuelainfancia.com\/blog\/wp-content\/uploads\/2021\/09\/c4ad4a1b-0b95-4d24-827e-a9d42e3c129e.jpg\",\"articleSection\":[\"Actividades Cuentacuentos\",\"Literatura Infantil\"],\"inLanguage\":\"es\",\"potentialAction\":[{\"@type\":\"CommentAction\",\"name\":\"Comment\",\"target\":[\"https:\/\/www.rayuelainfancia.com\/blog\/afinidades-electivas-2021\/#respond\"]}]},{\"@type\":\"Person\",\"@id\":\"https:\/\/www.rayuelainfancia.com\/blog\/#\/schema\/person\/c1aff250c5154e35f53f26d0eba10c45\",\"name\":\"Rayuelainfancia\",\"image\":{\"@type\":\"ImageObject\",\"@id\":\"https:\/\/www.rayuelainfancia.com\/blog\/#personlogo\",\"inLanguage\":\"es\",\"url\":\"https:\/\/secure.gravatar.com\/avatar\/8bf03e7a4bb13ca5c7d0dc6acde2bfd1?s=96&d=mm&r=g\",\"contentUrl\":\"https:\/\/secure.gravatar.com\/avatar\/8bf03e7a4bb13ca5c7d0dc6acde2bfd1?s=96&d=mm&r=g\",\"caption\":\"Rayuelainfancia\"}}]}<\/script>\n<!-- \/ Yoast SEO plugin. -->","yoast_head_json":{"title":"AFINIDADES ELECTIVAS 2021 &#8902; Blog de Rayuelainfancia","description":"Este viernes 17 a las 20:00h. en Rayuela, acomp\u00e1\u00f1anos en este encuentro \"Afinidades electivas\" entre Alejandro Palomas y Ana Cristina Herreos \u00a1Reserva ya!","robots":{"index":"index","follow":"follow","max-snippet":"max-snippet:-1","max-image-preview":"max-image-preview:large","max-video-preview":"max-video-preview:-1"},"canonical":"https:\/\/www.rayuelainfancia.com\/blog\/afinidades-electivas-2021\/","og_locale":"es_ES","og_type":"article","og_title":"AFINIDADES ELECTIVAS 2021 &#8902; Blog de Rayuelainfancia","og_description":"Este viernes 17 a las 20:00h. en Rayuela, acomp\u00e1\u00f1anos en este encuentro \"Afinidades electivas\" entre Alejandro Palomas y Ana Cristina Herreos \u00a1Reserva ya!","og_url":"https:\/\/www.rayuelainfancia.com\/blog\/afinidades-electivas-2021\/","og_site_name":"Blog de Rayuelainfancia","article_publisher":"https:\/\/www.facebook.com\/pages\/Librer\u00eda-Rayuela\/251861686361","article_published_time":"2021-09-13T08:59:34+00:00","article_modified_time":"2021-10-20T10:02:49+00:00","og_image":[{"width":750,"height":410,"url":"http:\/\/www.rayuelainfancia.com\/blog\/wp-content\/uploads\/2021\/09\/c4ad4a1b-0b95-4d24-827e-a9d42e3c129e.jpg","type":"image\/jpeg"}],"twitter_card":"summary","twitter_creator":"@Rayuelainfancia","twitter_site":"@Rayuelainfancia","twitter_misc":{"Written by":"Rayuelainfancia","Est. reading time":"3 minutos"},"schema":{"@context":"https:\/\/schema.org","@graph":[{"@type":"Organization","@id":"https:\/\/www.rayuelainfancia.com\/blog\/#organization","name":"Rayuelainfancia","url":"https:\/\/www.rayuelainfancia.com\/blog\/","sameAs":["https:\/\/www.facebook.com\/pages\/Librer\u00eda-Rayuela\/251861686361","https:\/\/www.youtube.com\/channel\/UCddVaoDjpTp-DexyEVoyazQ","https:\/\/twitter.com\/Rayuelainfancia"],"logo":{"@type":"ImageObject","@id":"https:\/\/www.rayuelainfancia.com\/blog\/#logo","inLanguage":"es","url":"https:\/\/www.rayuelainfancia.com\/blog\/wp-content\/uploads\/2018\/06\/logo-rayuelainfancia-color-corporativo.png","contentUrl":"https:\/\/www.rayuelainfancia.com\/blog\/wp-content\/uploads\/2018\/06\/logo-rayuelainfancia-color-corporativo.png","width":1200,"height":680,"caption":"Rayuelainfancia"},"image":{"@id":"https:\/\/www.rayuelainfancia.com\/blog\/#logo"}},{"@type":"WebSite","@id":"https:\/\/www.rayuelainfancia.com\/blog\/#website","url":"https:\/\/www.rayuelainfancia.com\/blog\/","name":"Blog de Rayuelainfancia","description":"Libros infantiles y juegos educaticos respestuosos con la infancia","publisher":{"@id":"https:\/\/www.rayuelainfancia.com\/blog\/#organization"},"potentialAction":[{"@type":"SearchAction","target":{"@type":"EntryPoint","urlTemplate":"https:\/\/www.rayuelainfancia.com\/blog\/?s={search_term_string}"},"query-input":"required name=search_term_string"}],"inLanguage":"es"},{"@type":"ImageObject","@id":"https:\/\/www.rayuelainfancia.com\/blog\/afinidades-electivas-2021\/#primaryimage","inLanguage":"es","url":"https:\/\/www.rayuelainfancia.com\/blog\/wp-content\/uploads\/2021\/09\/c4ad4a1b-0b95-4d24-827e-a9d42e3c129e.jpg","contentUrl":"https:\/\/www.rayuelainfancia.com\/blog\/wp-content\/uploads\/2021\/09\/c4ad4a1b-0b95-4d24-827e-a9d42e3c129e.jpg","width":750,"height":410,"caption":"AFINIDADES ELECTIVAS"},{"@type":"WebPage","@id":"https:\/\/www.rayuelainfancia.com\/blog\/afinidades-electivas-2021\/#webpage","url":"https:\/\/www.rayuelainfancia.com\/blog\/afinidades-electivas-2021\/","name":"AFINIDADES ELECTIVAS 2021 &#8902; Blog de Rayuelainfancia","isPartOf":{"@id":"https:\/\/www.rayuelainfancia.com\/blog\/#website"},"primaryImageOfPage":{"@id":"https:\/\/www.rayuelainfancia.com\/blog\/afinidades-electivas-2021\/#primaryimage"},"datePublished":"2021-09-13T08:59:34+00:00","dateModified":"2021-10-20T10:02:49+00:00","description":"Este viernes 17 a las 20:00h. en Rayuela, acomp\u00e1\u00f1anos en este encuentro \"Afinidades electivas\" entre Alejandro Palomas y Ana Cristina Herreos \u00a1Reserva ya!","breadcrumb":{"@id":"https:\/\/www.rayuelainfancia.com\/blog\/afinidades-electivas-2021\/#breadcrumb"},"inLanguage":"es","potentialAction":[{"@type":"ReadAction","target":["https:\/\/www.rayuelainfancia.com\/blog\/afinidades-electivas-2021\/"]}]},{"@type":"BreadcrumbList","@id":"https:\/\/www.rayuelainfancia.com\/blog\/afinidades-electivas-2021\/#breadcrumb","itemListElement":[{"@type":"ListItem","position":1,"name":"Portada","item":"https:\/\/www.rayuelainfancia.com\/blog\/"},{"@type":"ListItem","position":2,"name":"AFINIDADES ELECTIVAS 2021"}]},{"@type":"Article","@id":"https:\/\/www.rayuelainfancia.com\/blog\/afinidades-electivas-2021\/#article","isPartOf":{"@id":"https:\/\/www.rayuelainfancia.com\/blog\/afinidades-electivas-2021\/#webpage"},"author":{"@id":"https:\/\/www.rayuelainfancia.com\/blog\/#\/schema\/person\/c1aff250c5154e35f53f26d0eba10c45"},"headline":"AFINIDADES ELECTIVAS 2021","datePublished":"2021-09-13T08:59:34+00:00","dateModified":"2021-10-20T10:02:49+00:00","mainEntityOfPage":{"@id":"https:\/\/www.rayuelainfancia.com\/blog\/afinidades-electivas-2021\/#webpage"},"wordCount":571,"commentCount":0,"publisher":{"@id":"https:\/\/www.rayuelainfancia.com\/blog\/#organization"},"image":{"@id":"https:\/\/www.rayuelainfancia.com\/blog\/afinidades-electivas-2021\/#primaryimage"},"thumbnailUrl":"https:\/\/www.rayuelainfancia.com\/blog\/wp-content\/uploads\/2021\/09\/c4ad4a1b-0b95-4d24-827e-a9d42e3c129e.jpg","articleSection":["Actividades Cuentacuentos","Literatura Infantil"],"inLanguage":"es","potentialAction":[{"@type":"CommentAction","name":"Comment","target":["https:\/\/www.rayuelainfancia.com\/blog\/afinidades-electivas-2021\/#respond"]}]},{"@type":"Person","@id":"https:\/\/www.rayuelainfancia.com\/blog\/#\/schema\/person\/c1aff250c5154e35f53f26d0eba10c45","name":"Rayuelainfancia","image":{"@type":"ImageObject","@id":"https:\/\/www.rayuelainfancia.com\/blog\/#personlogo","inLanguage":"es","url":"https:\/\/secure.gravatar.com\/avatar\/8bf03e7a4bb13ca5c7d0dc6acde2bfd1?s=96&d=mm&r=g","contentUrl":"https:\/\/secure.gravatar.com\/avatar\/8bf03e7a4bb13ca5c7d0dc6acde2bfd1?s=96&d=mm&r=g","caption":"Rayuelainfancia"}}]}},"_links":{"self":[{"href":"https:\/\/www.rayuelainfancia.com\/blog\/wp-json\/wp\/v2\/posts\/4476"}],"collection":[{"href":"https:\/\/www.rayuelainfancia.com\/blog\/wp-json\/wp\/v2\/posts"}],"about":[{"href":"https:\/\/www.rayuelainfancia.com\/blog\/wp-json\/wp\/v2\/types\/post"}],"author":[{"embeddable":true,"href":"https:\/\/www.rayuelainfancia.com\/blog\/wp-json\/wp\/v2\/users\/6"}],"replies":[{"embeddable":true,"href":"https:\/\/www.rayuelainfancia.com\/blog\/wp-json\/wp\/v2\/comments?post=4476"}],"version-history":[{"count":9,"href":"https:\/\/www.rayuelainfancia.com\/blog\/wp-json\/wp\/v2\/posts\/4476\/revisions"}],"predecessor-version":[{"id":4489,"href":"https:\/\/www.rayuelainfancia.com\/blog\/wp-json\/wp\/v2\/posts\/4476\/revisions\/4489"}],"wp:featuredmedia":[{"embeddable":true,"href":"https:\/\/www.rayuelainfancia.com\/blog\/wp-json\/wp\/v2\/media\/4480"}],"wp:attachment":[{"href":"https:\/\/www.rayuelainfancia.com\/blog\/wp-json\/wp\/v2\/media?parent=4476"}],"wp:term":[{"taxonomy":"category","embeddable":true,"href":"https:\/\/www.rayuelainfancia.com\/blog\/wp-json\/wp\/v2\/categories?post=4476"},{"taxonomy":"post_tag","embeddable":true,"href":"https:\/\/www.rayuelainfancia.com\/blog\/wp-json\/wp\/v2\/tags?post=4476"}],"curies":[{"name":"wp","href":"https:\/\/api.w.org\/{rel}","templated":true}]}}