 {"id":4444,"date":"2021-06-18T13:23:19","date_gmt":"2021-06-18T11:23:19","guid":{"rendered":"http:\/\/www.rayuelainfancia.com\/blog\/?p=4444"},"modified":"2021-10-20T12:03:10","modified_gmt":"2021-10-20T10:03:10","slug":"la-flecha-plateada-resena","status":"publish","type":"post","link":"https:\/\/www.rayuelainfancia.com\/blog\/la-flecha-plateada-resena\/","title":{"rendered":"LA FLECHA PLATEADA [RESE\u00d1A]"},"content":{"rendered":"<p style=\"text-align: justify;\">A las puertas de las vacaciones compartimos la rese\u00f1a de <strong>\u00abLa flecha plateada\u00bb<\/strong>, una <strong>lectura de t\u00edpico corte aventurero<\/strong>, con tintes de amor a la naturaleza, revisi\u00f3n de la acci\u00f3n de la humanidad con respecto al cuidado del planeta y que se deja leer con bastante fluidez.<\/p>\n<p><!--more--><\/p>\n<h1 style=\"text-align: center;\">La flecha plateada<\/h1>\n<p style=\"text-align: justify;\">En esta novela no falta <strong>la fantas\u00eda y la magi<\/strong>a, esa magia simb\u00f3lica que nos aleja moment\u00e1neamente solo, que nos hace coger distancia, para <strong>conectarnos m\u00e1s fuertemente de nuevo con la vida<\/strong>.<\/p>\n<p style=\"text-align: justify;\">En \u00abLa Fecha Plateada\u00bb hay una locomotora de vapor, animales de todo el planeta que viajan en busca de refugio para no desaparecer, est\u00e1 Kate, la protagonista estelar y su hermano menor , Tom, y el t\u00edo Herbert, aquel personaje alejado de la familia (curiosamente), que es el que les posibilita este viaje m\u00e1gico, que no es m\u00e1s que un <strong>viaje inici\u00e1tico<\/strong>, de crecimiento y de entendimiento de que <strong>el mundo es m\u00e1s interesante de lo que aparenta<\/strong> y tambi\u00e9n m\u00e1s dif\u00edcil y complicado de lo que cre\u00edan.<\/p>\n<p><img loading=\"lazy\" class=\"alignnone size-full wp-image-4446\" src=\"http:\/\/www.rayuelainfancia.com\/blog\/wp-content\/uploads\/2021\/06\/LOLA-FLECHA-PLATEADA.jpg\" alt=\"\" width=\"1512\" height=\"2016\" srcset=\"https:\/\/www.rayuelainfancia.com\/blog\/wp-content\/uploads\/2021\/06\/LOLA-FLECHA-PLATEADA.jpg 1512w, https:\/\/www.rayuelainfancia.com\/blog\/wp-content\/uploads\/2021\/06\/LOLA-FLECHA-PLATEADA-225x300.jpg 225w, https:\/\/www.rayuelainfancia.com\/blog\/wp-content\/uploads\/2021\/06\/LOLA-FLECHA-PLATEADA-768x1024.jpg 768w\" sizes=\"(max-width: 1512px) 100vw, 1512px\" \/><\/p>\n<p style=\"text-align: justify;\">Una lectura que gustar\u00e1 a chicas y chicos <strong>entre los 9 y los 12 a\u00f1os sobre todo<\/strong>, por intereses y por competencia lectora, pero a la que podr\u00e1n asomarse todas y todos los que tengan apetencia de aventuras, aunque tengan edades inferiores. En estos casos, nos gusta sugerir que los adultos la compart\u00e1is con ellos y prest\u00e9is vuestra voz al relato, no m\u00e1s.<\/p>\n<p>Sin duda no es la lectura mejor que ha ca\u00eddo en nuestras manos, pero estamos convencidos de que es <strong>una lectura especial<\/strong>, casi podr\u00edamos decir que m\u00e1s tradicional en su estructura, actual, pero que <strong>huele a relato de siempre<\/strong> y de las que suman un puntito m\u00e1s en ese proceso de hacernos lectores.<\/p>\n<p>Si te animas con su lectura, nos encantar\u00e1 saber qu\u00e9 te ha parecido. Esperamos tu comentario \ud83d\ude42<\/p>\n<p style=\"text-align: center;\">T\u00edtulo: La flecha plateada<br \/>\nISBN: 9788412199093<br \/>\nAutor: Lev Grossman<\/p>\n<p style=\"text-align: center;\">Traducida del ingl\u00e9s Mercedes Guhl<\/p>\n<p style=\"text-align: center;\">Editorial: Oc\u00e9ano Gran traves\u00eda<\/p>\n<p style=\"text-align: center;\">Edad recomendada: <strong>de 9 a 12 a\u00f1os<\/strong><\/p>\n","protected":false},"excerpt":{"rendered":"<p>A las puertas de las vacaciones compartimos la rese\u00f1a de \u00abLa flecha plateada\u00bb, una lectura de t\u00edpico corte aventurero, con tintes de amor a la naturaleza, revisi\u00f3n de la acci\u00f3n de la humanidad con respecto al cuidado del planeta y que se deja leer con bastante fluidez.<\/p>\n","protected":false},"author":6,"featured_media":4445,"comment_status":"open","ping_status":"open","sticky":false,"template":"","format":"standard","meta":[],"categories":[21,64],"tags":[],"yoast_head":"<!-- This site is optimized with the Yoast SEO plugin v18.5.1 - https:\/\/yoast.com\/wordpress\/plugins\/seo\/ -->\n<title>LA FLECHA PLATEADA [RESE\u00d1A] &#8902; Blog de Rayuelainfancia<\/title>\n<meta name=\"description\" content=\"A las puertas de las vacaciones compartimos la rese\u00f1a de &quot;La flecha plateada&quot;, una lectura de t\u00edpico corte aventurero, con tintes de amor a la naturaleza.\" \/>\n<meta name=\"robots\" content=\"index, follow, max-snippet:-1, max-image-preview:large, max-video-preview:-1\" \/>\n<link rel=\"canonical\" href=\"https:\/\/www.rayuelainfancia.com\/blog\/la-flecha-plateada-resena\/\" \/>\n<meta property=\"og:locale\" content=\"es_ES\" \/>\n<meta property=\"og:type\" content=\"article\" \/>\n<meta property=\"og:title\" content=\"LA FLECHA PLATEADA [RESE\u00d1A] &#8902; Blog de Rayuelainfancia\" \/>\n<meta property=\"og:description\" content=\"A las puertas de las vacaciones compartimos la rese\u00f1a de &quot;La flecha plateada&quot;, una lectura de t\u00edpico corte aventurero, con tintes de amor a la naturaleza.\" \/>\n<meta property=\"og:url\" content=\"https:\/\/www.rayuelainfancia.com\/blog\/la-flecha-plateada-resena\/\" \/>\n<meta property=\"og:site_name\" content=\"Blog de Rayuelainfancia\" \/>\n<meta property=\"article:publisher\" content=\"https:\/\/www.facebook.com\/pages\/Librer\u00eda-Rayuela\/251861686361\" \/>\n<meta property=\"article:published_time\" content=\"2021-06-18T11:23:19+00:00\" \/>\n<meta property=\"article:modified_time\" content=\"2021-10-20T10:03:10+00:00\" \/>\n<meta property=\"og:image\" content=\"http:\/\/www.rayuelainfancia.com\/blog\/wp-content\/uploads\/2021\/06\/LA-FELCHA-PLATEADA-1.png\" \/>\n\t<meta property=\"og:image:width\" content=\"750\" \/>\n\t<meta property=\"og:image:height\" content=\"410\" \/>\n\t<meta property=\"og:image:type\" content=\"image\/png\" \/>\n<meta name=\"twitter:card\" content=\"summary\" \/>\n<meta name=\"twitter:creator\" content=\"@Rayuelainfancia\" \/>\n<meta name=\"twitter:site\" content=\"@Rayuelainfancia\" \/>\n<meta name=\"twitter:label1\" content=\"Written by\" \/>\n\t<meta name=\"twitter:data1\" content=\"Rayuelainfancia\" \/>\n\t<meta name=\"twitter:label2\" content=\"Est. reading time\" \/>\n\t<meta name=\"twitter:data2\" content=\"2 minutos\" \/>\n<script type=\"application\/ld+json\" class=\"yoast-schema-graph\">{\"@context\":\"https:\/\/schema.org\",\"@graph\":[{\"@type\":\"Organization\",\"@id\":\"https:\/\/www.rayuelainfancia.com\/blog\/#organization\",\"name\":\"Rayuelainfancia\",\"url\":\"https:\/\/www.rayuelainfancia.com\/blog\/\",\"sameAs\":[\"https:\/\/www.facebook.com\/pages\/Librer\u00eda-Rayuela\/251861686361\",\"https:\/\/www.youtube.com\/channel\/UCddVaoDjpTp-DexyEVoyazQ\",\"https:\/\/twitter.com\/Rayuelainfancia\"],\"logo\":{\"@type\":\"ImageObject\",\"@id\":\"https:\/\/www.rayuelainfancia.com\/blog\/#logo\",\"inLanguage\":\"es\",\"url\":\"https:\/\/www.rayuelainfancia.com\/blog\/wp-content\/uploads\/2018\/06\/logo-rayuelainfancia-color-corporativo.png\",\"contentUrl\":\"https:\/\/www.rayuelainfancia.com\/blog\/wp-content\/uploads\/2018\/06\/logo-rayuelainfancia-color-corporativo.png\",\"width\":1200,\"height\":680,\"caption\":\"Rayuelainfancia\"},\"image\":{\"@id\":\"https:\/\/www.rayuelainfancia.com\/blog\/#logo\"}},{\"@type\":\"WebSite\",\"@id\":\"https:\/\/www.rayuelainfancia.com\/blog\/#website\",\"url\":\"https:\/\/www.rayuelainfancia.com\/blog\/\",\"name\":\"Blog de Rayuelainfancia\",\"description\":\"Libros infantiles y juegos educaticos respestuosos con la infancia\",\"publisher\":{\"@id\":\"https:\/\/www.rayuelainfancia.com\/blog\/#organization\"},\"potentialAction\":[{\"@type\":\"SearchAction\",\"target\":{\"@type\":\"EntryPoint\",\"urlTemplate\":\"https:\/\/www.rayuelainfancia.com\/blog\/?s={search_term_string}\"},\"query-input\":\"required name=search_term_string\"}],\"inLanguage\":\"es\"},{\"@type\":\"ImageObject\",\"@id\":\"https:\/\/www.rayuelainfancia.com\/blog\/la-flecha-plateada-resena\/#primaryimage\",\"inLanguage\":\"es\",\"url\":\"https:\/\/www.rayuelainfancia.com\/blog\/wp-content\/uploads\/2021\/06\/LA-FELCHA-PLATEADA-1.png\",\"contentUrl\":\"https:\/\/www.rayuelainfancia.com\/blog\/wp-content\/uploads\/2021\/06\/LA-FELCHA-PLATEADA-1.png\",\"width\":750,\"height\":410,\"caption\":\"Rese\u00f1a La flecha plateada\"},{\"@type\":\"WebPage\",\"@id\":\"https:\/\/www.rayuelainfancia.com\/blog\/la-flecha-plateada-resena\/#webpage\",\"url\":\"https:\/\/www.rayuelainfancia.com\/blog\/la-flecha-plateada-resena\/\",\"name\":\"LA FLECHA PLATEADA [RESE\u00d1A] &#8902; Blog de Rayuelainfancia\",\"isPartOf\":{\"@id\":\"https:\/\/www.rayuelainfancia.com\/blog\/#website\"},\"primaryImageOfPage\":{\"@id\":\"https:\/\/www.rayuelainfancia.com\/blog\/la-flecha-plateada-resena\/#primaryimage\"},\"datePublished\":\"2021-06-18T11:23:19+00:00\",\"dateModified\":\"2021-10-20T10:03:10+00:00\",\"description\":\"A las puertas de las vacaciones compartimos la rese\u00f1a de \\\"La flecha plateada\\\", una lectura de t\u00edpico corte aventurero, con tintes de amor a la naturaleza.\",\"breadcrumb\":{\"@id\":\"https:\/\/www.rayuelainfancia.com\/blog\/la-flecha-plateada-resena\/#breadcrumb\"},\"inLanguage\":\"es\",\"potentialAction\":[{\"@type\":\"ReadAction\",\"target\":[\"https:\/\/www.rayuelainfancia.com\/blog\/la-flecha-plateada-resena\/\"]}]},{\"@type\":\"BreadcrumbList\",\"@id\":\"https:\/\/www.rayuelainfancia.com\/blog\/la-flecha-plateada-resena\/#breadcrumb\",\"itemListElement\":[{\"@type\":\"ListItem\",\"position\":1,\"name\":\"Portada\",\"item\":\"https:\/\/www.rayuelainfancia.com\/blog\/\"},{\"@type\":\"ListItem\",\"position\":2,\"name\":\"LA FLECHA PLATEADA [RESE\u00d1A]\"}]},{\"@type\":\"Article\",\"@id\":\"https:\/\/www.rayuelainfancia.com\/blog\/la-flecha-plateada-resena\/#article\",\"isPartOf\":{\"@id\":\"https:\/\/www.rayuelainfancia.com\/blog\/la-flecha-plateada-resena\/#webpage\"},\"author\":{\"@id\":\"https:\/\/www.rayuelainfancia.com\/blog\/#\/schema\/person\/c1aff250c5154e35f53f26d0eba10c45\"},\"headline\":\"LA FLECHA PLATEADA [RESE\u00d1A]\",\"datePublished\":\"2021-06-18T11:23:19+00:00\",\"dateModified\":\"2021-10-20T10:03:10+00:00\",\"mainEntityOfPage\":{\"@id\":\"https:\/\/www.rayuelainfancia.com\/blog\/la-flecha-plateada-resena\/#webpage\"},\"wordCount\":357,\"commentCount\":0,\"publisher\":{\"@id\":\"https:\/\/www.rayuelainfancia.com\/blog\/#organization\"},\"image\":{\"@id\":\"https:\/\/www.rayuelainfancia.com\/blog\/la-flecha-plateada-resena\/#primaryimage\"},\"thumbnailUrl\":\"https:\/\/www.rayuelainfancia.com\/blog\/wp-content\/uploads\/2021\/06\/LA-FELCHA-PLATEADA-1.png\",\"articleSection\":[\"Literatura Infantil\",\"Recomendaciones Libros y Juguetes\"],\"inLanguage\":\"es\",\"potentialAction\":[{\"@type\":\"CommentAction\",\"name\":\"Comment\",\"target\":[\"https:\/\/www.rayuelainfancia.com\/blog\/la-flecha-plateada-resena\/#respond\"]}]},{\"@type\":\"Person\",\"@id\":\"https:\/\/www.rayuelainfancia.com\/blog\/#\/schema\/person\/c1aff250c5154e35f53f26d0eba10c45\",\"name\":\"Rayuelainfancia\",\"image\":{\"@type\":\"ImageObject\",\"@id\":\"https:\/\/www.rayuelainfancia.com\/blog\/#personlogo\",\"inLanguage\":\"es\",\"url\":\"https:\/\/secure.gravatar.com\/avatar\/8bf03e7a4bb13ca5c7d0dc6acde2bfd1?s=96&d=mm&r=g\",\"contentUrl\":\"https:\/\/secure.gravatar.com\/avatar\/8bf03e7a4bb13ca5c7d0dc6acde2bfd1?s=96&d=mm&r=g\",\"caption\":\"Rayuelainfancia\"}}]}<\/script>\n<!-- \/ Yoast SEO plugin. -->","yoast_head_json":{"title":"LA FLECHA PLATEADA [RESE\u00d1A] &#8902; Blog de Rayuelainfancia","description":"A las puertas de las vacaciones compartimos la rese\u00f1a de \"La flecha plateada\", una lectura de t\u00edpico corte aventurero, con tintes de amor a la naturaleza.","robots":{"index":"index","follow":"follow","max-snippet":"max-snippet:-1","max-image-preview":"max-image-preview:large","max-video-preview":"max-video-preview:-1"},"canonical":"https:\/\/www.rayuelainfancia.com\/blog\/la-flecha-plateada-resena\/","og_locale":"es_ES","og_type":"article","og_title":"LA FLECHA PLATEADA [RESE\u00d1A] &#8902; Blog de Rayuelainfancia","og_description":"A las puertas de las vacaciones compartimos la rese\u00f1a de \"La flecha plateada\", una lectura de t\u00edpico corte aventurero, con tintes de amor a la naturaleza.","og_url":"https:\/\/www.rayuelainfancia.com\/blog\/la-flecha-plateada-resena\/","og_site_name":"Blog de Rayuelainfancia","article_publisher":"https:\/\/www.facebook.com\/pages\/Librer\u00eda-Rayuela\/251861686361","article_published_time":"2021-06-18T11:23:19+00:00","article_modified_time":"2021-10-20T10:03:10+00:00","og_image":[{"width":750,"height":410,"url":"http:\/\/www.rayuelainfancia.com\/blog\/wp-content\/uploads\/2021\/06\/LA-FELCHA-PLATEADA-1.png","type":"image\/png"}],"twitter_card":"summary","twitter_creator":"@Rayuelainfancia","twitter_site":"@Rayuelainfancia","twitter_misc":{"Written by":"Rayuelainfancia","Est. reading time":"2 minutos"},"schema":{"@context":"https:\/\/schema.org","@graph":[{"@type":"Organization","@id":"https:\/\/www.rayuelainfancia.com\/blog\/#organization","name":"Rayuelainfancia","url":"https:\/\/www.rayuelainfancia.com\/blog\/","sameAs":["https:\/\/www.facebook.com\/pages\/Librer\u00eda-Rayuela\/251861686361","https:\/\/www.youtube.com\/channel\/UCddVaoDjpTp-DexyEVoyazQ","https:\/\/twitter.com\/Rayuelainfancia"],"logo":{"@type":"ImageObject","@id":"https:\/\/www.rayuelainfancia.com\/blog\/#logo","inLanguage":"es","url":"https:\/\/www.rayuelainfancia.com\/blog\/wp-content\/uploads\/2018\/06\/logo-rayuelainfancia-color-corporativo.png","contentUrl":"https:\/\/www.rayuelainfancia.com\/blog\/wp-content\/uploads\/2018\/06\/logo-rayuelainfancia-color-corporativo.png","width":1200,"height":680,"caption":"Rayuelainfancia"},"image":{"@id":"https:\/\/www.rayuelainfancia.com\/blog\/#logo"}},{"@type":"WebSite","@id":"https:\/\/www.rayuelainfancia.com\/blog\/#website","url":"https:\/\/www.rayuelainfancia.com\/blog\/","name":"Blog de Rayuelainfancia","description":"Libros infantiles y juegos educaticos respestuosos con la infancia","publisher":{"@id":"https:\/\/www.rayuelainfancia.com\/blog\/#organization"},"potentialAction":[{"@type":"SearchAction","target":{"@type":"EntryPoint","urlTemplate":"https:\/\/www.rayuelainfancia.com\/blog\/?s={search_term_string}"},"query-input":"required name=search_term_string"}],"inLanguage":"es"},{"@type":"ImageObject","@id":"https:\/\/www.rayuelainfancia.com\/blog\/la-flecha-plateada-resena\/#primaryimage","inLanguage":"es","url":"https:\/\/www.rayuelainfancia.com\/blog\/wp-content\/uploads\/2021\/06\/LA-FELCHA-PLATEADA-1.png","contentUrl":"https:\/\/www.rayuelainfancia.com\/blog\/wp-content\/uploads\/2021\/06\/LA-FELCHA-PLATEADA-1.png","width":750,"height":410,"caption":"Rese\u00f1a La flecha plateada"},{"@type":"WebPage","@id":"https:\/\/www.rayuelainfancia.com\/blog\/la-flecha-plateada-resena\/#webpage","url":"https:\/\/www.rayuelainfancia.com\/blog\/la-flecha-plateada-resena\/","name":"LA FLECHA PLATEADA [RESE\u00d1A] &#8902; Blog de Rayuelainfancia","isPartOf":{"@id":"https:\/\/www.rayuelainfancia.com\/blog\/#website"},"primaryImageOfPage":{"@id":"https:\/\/www.rayuelainfancia.com\/blog\/la-flecha-plateada-resena\/#primaryimage"},"datePublished":"2021-06-18T11:23:19+00:00","dateModified":"2021-10-20T10:03:10+00:00","description":"A las puertas de las vacaciones compartimos la rese\u00f1a de \"La flecha plateada\", una lectura de t\u00edpico corte aventurero, con tintes de amor a la naturaleza.","breadcrumb":{"@id":"https:\/\/www.rayuelainfancia.com\/blog\/la-flecha-plateada-resena\/#breadcrumb"},"inLanguage":"es","potentialAction":[{"@type":"ReadAction","target":["https:\/\/www.rayuelainfancia.com\/blog\/la-flecha-plateada-resena\/"]}]},{"@type":"BreadcrumbList","@id":"https:\/\/www.rayuelainfancia.com\/blog\/la-flecha-plateada-resena\/#breadcrumb","itemListElement":[{"@type":"ListItem","position":1,"name":"Portada","item":"https:\/\/www.rayuelainfancia.com\/blog\/"},{"@type":"ListItem","position":2,"name":"LA FLECHA PLATEADA [RESE\u00d1A]"}]},{"@type":"Article","@id":"https:\/\/www.rayuelainfancia.com\/blog\/la-flecha-plateada-resena\/#article","isPartOf":{"@id":"https:\/\/www.rayuelainfancia.com\/blog\/la-flecha-plateada-resena\/#webpage"},"author":{"@id":"https:\/\/www.rayuelainfancia.com\/blog\/#\/schema\/person\/c1aff250c5154e35f53f26d0eba10c45"},"headline":"LA FLECHA PLATEADA [RESE\u00d1A]","datePublished":"2021-06-18T11:23:19+00:00","dateModified":"2021-10-20T10:03:10+00:00","mainEntityOfPage":{"@id":"https:\/\/www.rayuelainfancia.com\/blog\/la-flecha-plateada-resena\/#webpage"},"wordCount":357,"commentCount":0,"publisher":{"@id":"https:\/\/www.rayuelainfancia.com\/blog\/#organization"},"image":{"@id":"https:\/\/www.rayuelainfancia.com\/blog\/la-flecha-plateada-resena\/#primaryimage"},"thumbnailUrl":"https:\/\/www.rayuelainfancia.com\/blog\/wp-content\/uploads\/2021\/06\/LA-FELCHA-PLATEADA-1.png","articleSection":["Literatura Infantil","Recomendaciones Libros y Juguetes"],"inLanguage":"es","potentialAction":[{"@type":"CommentAction","name":"Comment","target":["https:\/\/www.rayuelainfancia.com\/blog\/la-flecha-plateada-resena\/#respond"]}]},{"@type":"Person","@id":"https:\/\/www.rayuelainfancia.com\/blog\/#\/schema\/person\/c1aff250c5154e35f53f26d0eba10c45","name":"Rayuelainfancia","image":{"@type":"ImageObject","@id":"https:\/\/www.rayuelainfancia.com\/blog\/#personlogo","inLanguage":"es","url":"https:\/\/secure.gravatar.com\/avatar\/8bf03e7a4bb13ca5c7d0dc6acde2bfd1?s=96&d=mm&r=g","contentUrl":"https:\/\/secure.gravatar.com\/avatar\/8bf03e7a4bb13ca5c7d0dc6acde2bfd1?s=96&d=mm&r=g","caption":"Rayuelainfancia"}}]}},"_links":{"self":[{"href":"https:\/\/www.rayuelainfancia.com\/blog\/wp-json\/wp\/v2\/posts\/4444"}],"collection":[{"href":"https:\/\/www.rayuelainfancia.com\/blog\/wp-json\/wp\/v2\/posts"}],"about":[{"href":"https:\/\/www.rayuelainfancia.com\/blog\/wp-json\/wp\/v2\/types\/post"}],"author":[{"embeddable":true,"href":"https:\/\/www.rayuelainfancia.com\/blog\/wp-json\/wp\/v2\/users\/6"}],"replies":[{"embeddable":true,"href":"https:\/\/www.rayuelainfancia.com\/blog\/wp-json\/wp\/v2\/comments?post=4444"}],"version-history":[{"count":3,"href":"https:\/\/www.rayuelainfancia.com\/blog\/wp-json\/wp\/v2\/posts\/4444\/revisions"}],"predecessor-version":[{"id":4449,"href":"https:\/\/www.rayuelainfancia.com\/blog\/wp-json\/wp\/v2\/posts\/4444\/revisions\/4449"}],"wp:featuredmedia":[{"embeddable":true,"href":"https:\/\/www.rayuelainfancia.com\/blog\/wp-json\/wp\/v2\/media\/4445"}],"wp:attachment":[{"href":"https:\/\/www.rayuelainfancia.com\/blog\/wp-json\/wp\/v2\/media?parent=4444"}],"wp:term":[{"taxonomy":"category","embeddable":true,"href":"https:\/\/www.rayuelainfancia.com\/blog\/wp-json\/wp\/v2\/categories?post=4444"},{"taxonomy":"post_tag","embeddable":true,"href":"https:\/\/www.rayuelainfancia.com\/blog\/wp-json\/wp\/v2\/tags?post=4444"}],"curies":[{"name":"wp","href":"https:\/\/api.w.org\/{rel}","templated":true}]}}