 {"id":4436,"date":"2021-05-10T17:07:43","date_gmt":"2021-05-10T15:07:43","guid":{"rendered":"http:\/\/www.rayuelainfancia.com\/blog\/?p=4436"},"modified":"2021-11-16T11:14:38","modified_gmt":"2021-11-16T10:14:38","slug":"presentacion-de-lo-dificil","status":"publish","type":"post","link":"https:\/\/www.rayuelainfancia.com\/blog\/presentacion-de-lo-dificil\/","title":{"rendered":"PRESENTACI\u00d3N DE \u00abLO DIF\u00cdCIL\u00bb"},"content":{"rendered":"<p style=\"text-align: justify;\">Te invitamos a participar en la <strong>presentaci\u00f3n de \u00abLo dif\u00edcil\u00bb<\/strong>, nueva obra de Ra\u00fal Guridi que ser\u00e1 presentada en Rayuela el pr\u00f3ximo <strong>Viernes 14 de Mayo a las 20:00h.<\/strong> \u00a1Reserva ya tu plaza!<\/p>\n<p><!--more--><\/p>\n<h2>LO DIF\u00cdCIL<\/h2>\n<p style=\"text-align: justify;\">Nadie como <strong><a href=\"https:\/\/danzamobile.es\/\">Danza Mobile<\/a><\/strong> para expresar como nos sentimos cuando \u00ablo dif\u00edcil\u00bb se apodera de nosotros, incluso en aquellos momentos sencillos en los que todo debiera parecer f\u00e1cil.<\/p>\n<p style=\"text-align: justify;\">Una vivencia que se repite en ni\u00f1os y adultos y para la que necesitamos algunas dosis de paciencia, esfuerzo y coraje. Tenemos la suerte de contar con\u00a0 los int\u00e9rpretes del Centro de Creaci\u00f3n de Danza Mobile, que estar\u00e1n en Rayuela el pr\u00f3ximo viernes.<\/p>\n<p style=\"text-align: justify;\">Nos contar\u00e1n, junto a la narradora Esther Yamuza, <b>un \u00e1lbum ilustrado <a href=\"https:\/\/www.trestigrestristes.com\/\">editado por TTT\u00a0 <\/a><\/b>y <b>creado por <a href=\"https:\/\/guridi.wixsite.com\/guridi\">Ra\u00fal Guridi<\/a>.<\/b><\/p>\n<p style=\"text-align: justify;\">Una actividad que se enmarca dentro de <strong>Festival Escena Mobile<\/strong> que este 2021 celebra su XIV Edici\u00f3n. Este <strong>Festival Internacional de Arte y Diversidad<\/strong> es una oportunidad para reivindicar y celebrar la inclusi\u00f3n, desde la danza, el teatro, la m\u00fasica, la literatura&#8230;<\/p>\n<p><img loading=\"lazy\" class=\"wp-image-4438 aligncenter\" src=\"http:\/\/www.rayuelainfancia.com\/blog\/wp-content\/uploads\/2021\/05\/Dise\u00f1o-sin-t\u00edtulo-5.jpg\" alt=\"Presentaci\u00f3n &quot;Lo dif\u00edcil&quot; en Rayuela\" width=\"508\" height=\"681\" \/><\/p>\n<p style=\"text-align: center;\"><strong>Una actividad que gustar\u00e1 sobre todo a j\u00f3venes y adultos. Reserva ya tu plaza en <a href=\"mailto:actividades@rayuelainfancia.com\">actividades@rayuelainfancia.com<\/a> y disfruta con nosotros<\/strong><\/p>\n<h2>PRESENTACI\u00d3N EN RAYUELA<\/h2>\n<p style=\"text-align: justify;\">Contaremos adem\u00e1s para la presentaci\u00f3n de \u00abLo dif\u00edcil\u00bb con la presencia de su autor, <strong>Ra\u00fal Guridi. <\/strong>Sin duda, Guridi es uno de los ilustradores de referencia del panorama editorial actual.<\/p>\n<p style=\"text-align: justify;\">Ven a disfrutar de esta actividad con aforo reducido y con todas las medidas de seguridad oportunas. El equipo de <strong>Danza Mobile<\/strong>, se encargar\u00e1 de retransmitir esta presentaci\u00f3n y actividad mediante su <strong>canal de Youtube<\/strong>, de manera que ser\u00e1 posible disfrutar de \u00e9l para aquellas y aquellos que no pod\u00e1is pasaros.<\/p>\n<p>&nbsp;<\/p>\n<p><strong>Fecha:<\/strong> Viernes 14 de Mayo<\/p>\n<p><strong>Hora:<\/strong> 20:00h.<\/p>\n<p><strong>Edad recomendada:<\/strong> j\u00f3venes y adultos<\/p>\n<p><strong>Recuerda que necesitas reservar tu plaza en actividades@rayuelainfancia.com<\/strong><\/p>\n<p>&nbsp;<\/p>\n<p>&nbsp;<\/p>\n<p>&nbsp;<\/p>\n","protected":false},"excerpt":{"rendered":"<p>Te invitamos a participar en la presentaci\u00f3n de \u00abLo dif\u00edcil\u00bb, nueva obra de Ra\u00fal Guridi que ser\u00e1 presentada en Rayuela el pr\u00f3ximo Viernes 14 de Mayo a las 20:00h. \u00a1Reserva ya tu plaza!<\/p>\n","protected":false},"author":6,"featured_media":4441,"comment_status":"open","ping_status":"open","sticky":false,"template":"","format":"standard","meta":[],"categories":[18,21],"tags":[],"yoast_head":"<!-- This site is optimized with the Yoast SEO plugin v18.5.1 - https:\/\/yoast.com\/wordpress\/plugins\/seo\/ -->\n<title>PRESENTACI\u00d3N DE &quot;LO DIF\u00cdCIL&quot; &#8902; Blog de Rayuelainfancia<\/title>\n<meta name=\"robots\" content=\"index, follow, max-snippet:-1, max-image-preview:large, max-video-preview:-1\" \/>\n<link rel=\"canonical\" href=\"https:\/\/www.rayuelainfancia.com\/blog\/presentacion-de-lo-dificil\/\" \/>\n<meta property=\"og:locale\" content=\"es_ES\" \/>\n<meta property=\"og:type\" content=\"article\" \/>\n<meta property=\"og:title\" content=\"PRESENTACI\u00d3N DE &quot;LO DIF\u00cdCIL&quot; &#8902; Blog de Rayuelainfancia\" \/>\n<meta property=\"og:description\" content=\"Te invitamos a participar en la presentaci\u00f3n de \u00abLo dif\u00edcil\u00bb, nueva obra de Ra\u00fal Guridi que ser\u00e1 presentada en Rayuela el pr\u00f3ximo Viernes 14 de Mayo a las 20:00h. \u00a1Reserva ya tu plaza!\" \/>\n<meta property=\"og:url\" content=\"https:\/\/www.rayuelainfancia.com\/blog\/presentacion-de-lo-dificil\/\" \/>\n<meta property=\"og:site_name\" content=\"Blog de Rayuelainfancia\" \/>\n<meta property=\"article:publisher\" content=\"https:\/\/www.facebook.com\/pages\/Librer\u00eda-Rayuela\/251861686361\" \/>\n<meta property=\"article:published_time\" content=\"2021-05-10T15:07:43+00:00\" \/>\n<meta property=\"article:modified_time\" content=\"2021-11-16T10:14:38+00:00\" \/>\n<meta property=\"og:image\" content=\"http:\/\/www.rayuelainfancia.com\/blog\/wp-content\/uploads\/2021\/05\/portada-lo-dificil.jpg\" \/>\n\t<meta property=\"og:image:width\" content=\"750\" \/>\n\t<meta property=\"og:image:height\" content=\"410\" \/>\n\t<meta property=\"og:image:type\" content=\"image\/jpeg\" \/>\n<meta name=\"twitter:card\" content=\"summary\" \/>\n<meta name=\"twitter:creator\" content=\"@Rayuelainfancia\" \/>\n<meta name=\"twitter:site\" content=\"@Rayuelainfancia\" \/>\n<meta name=\"twitter:label1\" content=\"Written by\" \/>\n\t<meta name=\"twitter:data1\" content=\"Rayuelainfancia\" \/>\n\t<meta name=\"twitter:label2\" content=\"Est. reading time\" \/>\n\t<meta name=\"twitter:data2\" content=\"2 minutos\" \/>\n<script type=\"application\/ld+json\" class=\"yoast-schema-graph\">{\"@context\":\"https:\/\/schema.org\",\"@graph\":[{\"@type\":\"Organization\",\"@id\":\"https:\/\/www.rayuelainfancia.com\/blog\/#organization\",\"name\":\"Rayuelainfancia\",\"url\":\"https:\/\/www.rayuelainfancia.com\/blog\/\",\"sameAs\":[\"https:\/\/www.facebook.com\/pages\/Librer\u00eda-Rayuela\/251861686361\",\"https:\/\/www.youtube.com\/channel\/UCddVaoDjpTp-DexyEVoyazQ\",\"https:\/\/twitter.com\/Rayuelainfancia\"],\"logo\":{\"@type\":\"ImageObject\",\"@id\":\"https:\/\/www.rayuelainfancia.com\/blog\/#logo\",\"inLanguage\":\"es\",\"url\":\"https:\/\/www.rayuelainfancia.com\/blog\/wp-content\/uploads\/2018\/06\/logo-rayuelainfancia-color-corporativo.png\",\"contentUrl\":\"https:\/\/www.rayuelainfancia.com\/blog\/wp-content\/uploads\/2018\/06\/logo-rayuelainfancia-color-corporativo.png\",\"width\":1200,\"height\":680,\"caption\":\"Rayuelainfancia\"},\"image\":{\"@id\":\"https:\/\/www.rayuelainfancia.com\/blog\/#logo\"}},{\"@type\":\"WebSite\",\"@id\":\"https:\/\/www.rayuelainfancia.com\/blog\/#website\",\"url\":\"https:\/\/www.rayuelainfancia.com\/blog\/\",\"name\":\"Blog de Rayuelainfancia\",\"description\":\"Libros infantiles y juegos educaticos respestuosos con la infancia\",\"publisher\":{\"@id\":\"https:\/\/www.rayuelainfancia.com\/blog\/#organization\"},\"potentialAction\":[{\"@type\":\"SearchAction\",\"target\":{\"@type\":\"EntryPoint\",\"urlTemplate\":\"https:\/\/www.rayuelainfancia.com\/blog\/?s={search_term_string}\"},\"query-input\":\"required name=search_term_string\"}],\"inLanguage\":\"es\"},{\"@type\":\"ImageObject\",\"@id\":\"https:\/\/www.rayuelainfancia.com\/blog\/presentacion-de-lo-dificil\/#primaryimage\",\"inLanguage\":\"es\",\"url\":\"https:\/\/www.rayuelainfancia.com\/blog\/wp-content\/uploads\/2021\/05\/portada-lo-dificil.jpg\",\"contentUrl\":\"https:\/\/www.rayuelainfancia.com\/blog\/wp-content\/uploads\/2021\/05\/portada-lo-dificil.jpg\",\"width\":750,\"height\":410,\"caption\":\"presentaci\u00f3n de lo dificil en rayuela\"},{\"@type\":\"WebPage\",\"@id\":\"https:\/\/www.rayuelainfancia.com\/blog\/presentacion-de-lo-dificil\/#webpage\",\"url\":\"https:\/\/www.rayuelainfancia.com\/blog\/presentacion-de-lo-dificil\/\",\"name\":\"PRESENTACI\u00d3N DE \\\"LO DIF\u00cdCIL\\\" &#8902; Blog de Rayuelainfancia\",\"isPartOf\":{\"@id\":\"https:\/\/www.rayuelainfancia.com\/blog\/#website\"},\"primaryImageOfPage\":{\"@id\":\"https:\/\/www.rayuelainfancia.com\/blog\/presentacion-de-lo-dificil\/#primaryimage\"},\"datePublished\":\"2021-05-10T15:07:43+00:00\",\"dateModified\":\"2021-11-16T10:14:38+00:00\",\"breadcrumb\":{\"@id\":\"https:\/\/www.rayuelainfancia.com\/blog\/presentacion-de-lo-dificil\/#breadcrumb\"},\"inLanguage\":\"es\",\"potentialAction\":[{\"@type\":\"ReadAction\",\"target\":[\"https:\/\/www.rayuelainfancia.com\/blog\/presentacion-de-lo-dificil\/\"]}]},{\"@type\":\"BreadcrumbList\",\"@id\":\"https:\/\/www.rayuelainfancia.com\/blog\/presentacion-de-lo-dificil\/#breadcrumb\",\"itemListElement\":[{\"@type\":\"ListItem\",\"position\":1,\"name\":\"Portada\",\"item\":\"https:\/\/www.rayuelainfancia.com\/blog\/\"},{\"@type\":\"ListItem\",\"position\":2,\"name\":\"PRESENTACI\u00d3N DE \u00abLO DIF\u00cdCIL\u00bb\"}]},{\"@type\":\"Article\",\"@id\":\"https:\/\/www.rayuelainfancia.com\/blog\/presentacion-de-lo-dificil\/#article\",\"isPartOf\":{\"@id\":\"https:\/\/www.rayuelainfancia.com\/blog\/presentacion-de-lo-dificil\/#webpage\"},\"author\":{\"@id\":\"https:\/\/www.rayuelainfancia.com\/blog\/#\/schema\/person\/c1aff250c5154e35f53f26d0eba10c45\"},\"headline\":\"PRESENTACI\u00d3N DE \u00abLO DIF\u00cdCIL\u00bb\",\"datePublished\":\"2021-05-10T15:07:43+00:00\",\"dateModified\":\"2021-11-16T10:14:38+00:00\",\"mainEntityOfPage\":{\"@id\":\"https:\/\/www.rayuelainfancia.com\/blog\/presentacion-de-lo-dificil\/#webpage\"},\"wordCount\":328,\"commentCount\":0,\"publisher\":{\"@id\":\"https:\/\/www.rayuelainfancia.com\/blog\/#organization\"},\"image\":{\"@id\":\"https:\/\/www.rayuelainfancia.com\/blog\/presentacion-de-lo-dificil\/#primaryimage\"},\"thumbnailUrl\":\"https:\/\/www.rayuelainfancia.com\/blog\/wp-content\/uploads\/2021\/05\/portada-lo-dificil.jpg\",\"articleSection\":[\"Actividades Cuentacuentos\",\"Literatura Infantil\"],\"inLanguage\":\"es\",\"potentialAction\":[{\"@type\":\"CommentAction\",\"name\":\"Comment\",\"target\":[\"https:\/\/www.rayuelainfancia.com\/blog\/presentacion-de-lo-dificil\/#respond\"]}]},{\"@type\":\"Person\",\"@id\":\"https:\/\/www.rayuelainfancia.com\/blog\/#\/schema\/person\/c1aff250c5154e35f53f26d0eba10c45\",\"name\":\"Rayuelainfancia\",\"image\":{\"@type\":\"ImageObject\",\"@id\":\"https:\/\/www.rayuelainfancia.com\/blog\/#personlogo\",\"inLanguage\":\"es\",\"url\":\"https:\/\/secure.gravatar.com\/avatar\/8bf03e7a4bb13ca5c7d0dc6acde2bfd1?s=96&d=mm&r=g\",\"contentUrl\":\"https:\/\/secure.gravatar.com\/avatar\/8bf03e7a4bb13ca5c7d0dc6acde2bfd1?s=96&d=mm&r=g\",\"caption\":\"Rayuelainfancia\"}}]}<\/script>\n<!-- \/ Yoast SEO plugin. -->","yoast_head_json":{"title":"PRESENTACI\u00d3N DE \"LO DIF\u00cdCIL\" &#8902; Blog de Rayuelainfancia","robots":{"index":"index","follow":"follow","max-snippet":"max-snippet:-1","max-image-preview":"max-image-preview:large","max-video-preview":"max-video-preview:-1"},"canonical":"https:\/\/www.rayuelainfancia.com\/blog\/presentacion-de-lo-dificil\/","og_locale":"es_ES","og_type":"article","og_title":"PRESENTACI\u00d3N DE \"LO DIF\u00cdCIL\" &#8902; Blog de Rayuelainfancia","og_description":"Te invitamos a participar en la presentaci\u00f3n de \u00abLo dif\u00edcil\u00bb, nueva obra de Ra\u00fal Guridi que ser\u00e1 presentada en Rayuela el pr\u00f3ximo Viernes 14 de Mayo a las 20:00h. \u00a1Reserva ya tu plaza!","og_url":"https:\/\/www.rayuelainfancia.com\/blog\/presentacion-de-lo-dificil\/","og_site_name":"Blog de Rayuelainfancia","article_publisher":"https:\/\/www.facebook.com\/pages\/Librer\u00eda-Rayuela\/251861686361","article_published_time":"2021-05-10T15:07:43+00:00","article_modified_time":"2021-11-16T10:14:38+00:00","og_image":[{"width":750,"height":410,"url":"http:\/\/www.rayuelainfancia.com\/blog\/wp-content\/uploads\/2021\/05\/portada-lo-dificil.jpg","type":"image\/jpeg"}],"twitter_card":"summary","twitter_creator":"@Rayuelainfancia","twitter_site":"@Rayuelainfancia","twitter_misc":{"Written by":"Rayuelainfancia","Est. reading time":"2 minutos"},"schema":{"@context":"https:\/\/schema.org","@graph":[{"@type":"Organization","@id":"https:\/\/www.rayuelainfancia.com\/blog\/#organization","name":"Rayuelainfancia","url":"https:\/\/www.rayuelainfancia.com\/blog\/","sameAs":["https:\/\/www.facebook.com\/pages\/Librer\u00eda-Rayuela\/251861686361","https:\/\/www.youtube.com\/channel\/UCddVaoDjpTp-DexyEVoyazQ","https:\/\/twitter.com\/Rayuelainfancia"],"logo":{"@type":"ImageObject","@id":"https:\/\/www.rayuelainfancia.com\/blog\/#logo","inLanguage":"es","url":"https:\/\/www.rayuelainfancia.com\/blog\/wp-content\/uploads\/2018\/06\/logo-rayuelainfancia-color-corporativo.png","contentUrl":"https:\/\/www.rayuelainfancia.com\/blog\/wp-content\/uploads\/2018\/06\/logo-rayuelainfancia-color-corporativo.png","width":1200,"height":680,"caption":"Rayuelainfancia"},"image":{"@id":"https:\/\/www.rayuelainfancia.com\/blog\/#logo"}},{"@type":"WebSite","@id":"https:\/\/www.rayuelainfancia.com\/blog\/#website","url":"https:\/\/www.rayuelainfancia.com\/blog\/","name":"Blog de Rayuelainfancia","description":"Libros infantiles y juegos educaticos respestuosos con la infancia","publisher":{"@id":"https:\/\/www.rayuelainfancia.com\/blog\/#organization"},"potentialAction":[{"@type":"SearchAction","target":{"@type":"EntryPoint","urlTemplate":"https:\/\/www.rayuelainfancia.com\/blog\/?s={search_term_string}"},"query-input":"required name=search_term_string"}],"inLanguage":"es"},{"@type":"ImageObject","@id":"https:\/\/www.rayuelainfancia.com\/blog\/presentacion-de-lo-dificil\/#primaryimage","inLanguage":"es","url":"https:\/\/www.rayuelainfancia.com\/blog\/wp-content\/uploads\/2021\/05\/portada-lo-dificil.jpg","contentUrl":"https:\/\/www.rayuelainfancia.com\/blog\/wp-content\/uploads\/2021\/05\/portada-lo-dificil.jpg","width":750,"height":410,"caption":"presentaci\u00f3n de lo dificil en rayuela"},{"@type":"WebPage","@id":"https:\/\/www.rayuelainfancia.com\/blog\/presentacion-de-lo-dificil\/#webpage","url":"https:\/\/www.rayuelainfancia.com\/blog\/presentacion-de-lo-dificil\/","name":"PRESENTACI\u00d3N DE \"LO DIF\u00cdCIL\" &#8902; Blog de Rayuelainfancia","isPartOf":{"@id":"https:\/\/www.rayuelainfancia.com\/blog\/#website"},"primaryImageOfPage":{"@id":"https:\/\/www.rayuelainfancia.com\/blog\/presentacion-de-lo-dificil\/#primaryimage"},"datePublished":"2021-05-10T15:07:43+00:00","dateModified":"2021-11-16T10:14:38+00:00","breadcrumb":{"@id":"https:\/\/www.rayuelainfancia.com\/blog\/presentacion-de-lo-dificil\/#breadcrumb"},"inLanguage":"es","potentialAction":[{"@type":"ReadAction","target":["https:\/\/www.rayuelainfancia.com\/blog\/presentacion-de-lo-dificil\/"]}]},{"@type":"BreadcrumbList","@id":"https:\/\/www.rayuelainfancia.com\/blog\/presentacion-de-lo-dificil\/#breadcrumb","itemListElement":[{"@type":"ListItem","position":1,"name":"Portada","item":"https:\/\/www.rayuelainfancia.com\/blog\/"},{"@type":"ListItem","position":2,"name":"PRESENTACI\u00d3N DE \u00abLO DIF\u00cdCIL\u00bb"}]},{"@type":"Article","@id":"https:\/\/www.rayuelainfancia.com\/blog\/presentacion-de-lo-dificil\/#article","isPartOf":{"@id":"https:\/\/www.rayuelainfancia.com\/blog\/presentacion-de-lo-dificil\/#webpage"},"author":{"@id":"https:\/\/www.rayuelainfancia.com\/blog\/#\/schema\/person\/c1aff250c5154e35f53f26d0eba10c45"},"headline":"PRESENTACI\u00d3N DE \u00abLO DIF\u00cdCIL\u00bb","datePublished":"2021-05-10T15:07:43+00:00","dateModified":"2021-11-16T10:14:38+00:00","mainEntityOfPage":{"@id":"https:\/\/www.rayuelainfancia.com\/blog\/presentacion-de-lo-dificil\/#webpage"},"wordCount":328,"commentCount":0,"publisher":{"@id":"https:\/\/www.rayuelainfancia.com\/blog\/#organization"},"image":{"@id":"https:\/\/www.rayuelainfancia.com\/blog\/presentacion-de-lo-dificil\/#primaryimage"},"thumbnailUrl":"https:\/\/www.rayuelainfancia.com\/blog\/wp-content\/uploads\/2021\/05\/portada-lo-dificil.jpg","articleSection":["Actividades Cuentacuentos","Literatura Infantil"],"inLanguage":"es","potentialAction":[{"@type":"CommentAction","name":"Comment","target":["https:\/\/www.rayuelainfancia.com\/blog\/presentacion-de-lo-dificil\/#respond"]}]},{"@type":"Person","@id":"https:\/\/www.rayuelainfancia.com\/blog\/#\/schema\/person\/c1aff250c5154e35f53f26d0eba10c45","name":"Rayuelainfancia","image":{"@type":"ImageObject","@id":"https:\/\/www.rayuelainfancia.com\/blog\/#personlogo","inLanguage":"es","url":"https:\/\/secure.gravatar.com\/avatar\/8bf03e7a4bb13ca5c7d0dc6acde2bfd1?s=96&d=mm&r=g","contentUrl":"https:\/\/secure.gravatar.com\/avatar\/8bf03e7a4bb13ca5c7d0dc6acde2bfd1?s=96&d=mm&r=g","caption":"Rayuelainfancia"}}]}},"_links":{"self":[{"href":"https:\/\/www.rayuelainfancia.com\/blog\/wp-json\/wp\/v2\/posts\/4436"}],"collection":[{"href":"https:\/\/www.rayuelainfancia.com\/blog\/wp-json\/wp\/v2\/posts"}],"about":[{"href":"https:\/\/www.rayuelainfancia.com\/blog\/wp-json\/wp\/v2\/types\/post"}],"author":[{"embeddable":true,"href":"https:\/\/www.rayuelainfancia.com\/blog\/wp-json\/wp\/v2\/users\/6"}],"replies":[{"embeddable":true,"href":"https:\/\/www.rayuelainfancia.com\/blog\/wp-json\/wp\/v2\/comments?post=4436"}],"version-history":[{"count":4,"href":"https:\/\/www.rayuelainfancia.com\/blog\/wp-json\/wp\/v2\/posts\/4436\/revisions"}],"predecessor-version":[{"id":4443,"href":"https:\/\/www.rayuelainfancia.com\/blog\/wp-json\/wp\/v2\/posts\/4436\/revisions\/4443"}],"wp:featuredmedia":[{"embeddable":true,"href":"https:\/\/www.rayuelainfancia.com\/blog\/wp-json\/wp\/v2\/media\/4441"}],"wp:attachment":[{"href":"https:\/\/www.rayuelainfancia.com\/blog\/wp-json\/wp\/v2\/media?parent=4436"}],"wp:term":[{"taxonomy":"category","embeddable":true,"href":"https:\/\/www.rayuelainfancia.com\/blog\/wp-json\/wp\/v2\/categories?post=4436"},{"taxonomy":"post_tag","embeddable":true,"href":"https:\/\/www.rayuelainfancia.com\/blog\/wp-json\/wp\/v2\/tags?post=4436"}],"curies":[{"name":"wp","href":"https:\/\/api.w.org\/{rel}","templated":true}]}}