 {"id":4362,"date":"2021-03-29T17:47:15","date_gmt":"2021-03-29T15:47:15","guid":{"rendered":"http:\/\/www.rayuelainfancia.com\/blog\/?p=4362"},"modified":"2021-10-20T12:03:21","modified_gmt":"2021-10-20T10:03:21","slug":"los-libros-de-la-senora-jella","status":"publish","type":"post","link":"https:\/\/www.rayuelainfancia.com\/blog\/los-libros-de-la-senora-jella\/","title":{"rendered":"DE LIBROS Y ESPERANZAS"},"content":{"rendered":"<p style=\"text-align: justify;\"><em>Los libros de la se\u00f1ora Jella<\/em> es un \u00e1lbum que rinde <strong>homenaje a la literatura infantil<\/strong> como salvavidas en momentos dif\u00edciles. Por eso queremos celebrar este <strong>2 de Abril, D\u00eda del Libro Infantil y Juvenil<\/strong>, destacando su lectura.<\/p>\n<p style=\"text-align: justify;\"><!--more--><\/p>\n<blockquote>\n<p style=\"text-align: center;\">\u00abVolvamos a poner en su sitio este mundo del rev\u00e9s, empezando por los ni\u00f1os.<br \/>\nEllos nos mostrar\u00e1n a los adultos el camino a seguir\u00bb<\/p>\n<\/blockquote>\n<p style=\"text-align: justify;\">Con estas palabras tan impactantes de Jella Lepman, en 1945, da comienzo la historia de este \u00e1lbum ilustrado titulado <em><strong>Los libros de la se\u00f1ora Jella<\/strong><\/em>, editado por Juventud. Y especialmente hoy queremos ponerlo en valor, porque nos ayuda a divulgar <strong>la importancia de los libros en la infancia.<\/strong> Este libro rinde homenaje a una mujer inteligente, sensible e inquieta que, como muchos de nosotros, fue testigo del <strong>poder sanador de la lectura<\/strong>.<\/p>\n<p><a href=\"https:\/\/www.rayuelainfancia.com\/album-ilustrado\/166625-los-libros-de-la-senora-jella.html\"><img loading=\"lazy\" class=\"alignnone size-full wp-image-4417\" src=\"http:\/\/www.rayuelainfancia.com\/blog\/wp-content\/uploads\/2021\/03\/LIBROS-JELLA.jpg\" alt=\"LOS LIBROS DE LA SENORA JELLA\" width=\"1512\" height=\"2016\" srcset=\"https:\/\/www.rayuelainfancia.com\/blog\/wp-content\/uploads\/2021\/03\/LIBROS-JELLA.jpg 1512w, https:\/\/www.rayuelainfancia.com\/blog\/wp-content\/uploads\/2021\/03\/LIBROS-JELLA-225x300.jpg 225w, https:\/\/www.rayuelainfancia.com\/blog\/wp-content\/uploads\/2021\/03\/LIBROS-JELLA-768x1024.jpg 768w\" sizes=\"(max-width: 1512px) 100vw, 1512px\" \/><\/a><\/p>\n<p style=\"text-align: justify;\">Escritora y periodista alemana y jud\u00eda, Lepman volvi\u00f3 a su pa\u00eds del exilio al que la segunda guerra mundial le hab\u00eda obligado, con una misi\u00f3n encomendada, encargarse de la <strong>reconstrucci\u00f3n emocional de mujeres y ni\u00f1os<\/strong> con propuestas de acciones de \u00edndole cultural. Y vaya si se encarg\u00f3, Lepman eligi\u00f3 a los libros como puente de entendimiento entre las personas y de curaci\u00f3n de tantas heridas. Ten\u00eda claro que<strong> los libros ser\u00edan el instrumento de encuentro<\/strong>, ellos har\u00edan de puente para volver a entenderse y construir un nuevo mundo. Y as\u00ed fue como mont\u00f3 exposiciones por toda Alemania, con libros procedentes de donaciones de diferentes pa\u00edses del mundo.<\/p>\n<p style=\"text-align: justify;\">En el \u00e1lbum <em>Los libros de la se\u00f1ora Jella<\/em> se recrea toda esta maravillosa historia de encuentro con los libros a trav\u00e9s de los hermanos Anneliese y Peter, que entran en la casa de los libros por casualidad. La se\u00f1ora les traduce algunos pasajes de los cuentos al alem\u00e1n. Aparecen cl\u00e1sicos hoy de la literatura como Ferdinando, Babar, Pinocho, Heidi, Pippi \u2026(muchos de ellos prohibidos por Hitler y quemados en las devastadoras hogueras de las plazas alemanas). Y<strong> los ni\u00f1os vuelven,<\/strong> <strong>porque quieren sentir el calor de las historias<\/strong>, quieren volver a so\u00f1ar. Aparecen colas en la casa de los libros de la misma forma que hay colas para recoger comida gratuita.<\/p>\n<p><a href=\"https:\/\/www.rayuelainfancia.com\/album-ilustrado\/166625-los-libros-de-la-senora-jella.html\"><img loading=\"lazy\" class=\"alignnone size-full wp-image-4414\" src=\"http:\/\/www.rayuelainfancia.com\/blog\/wp-content\/uploads\/2021\/03\/LIBROS-JELLA-3.jpg\" alt=\"LOS LIBROS DE LA SENORA JELLA\" width=\"2016\" height=\"1512\" srcset=\"https:\/\/www.rayuelainfancia.com\/blog\/wp-content\/uploads\/2021\/03\/LIBROS-JELLA-3.jpg 2016w, https:\/\/www.rayuelainfancia.com\/blog\/wp-content\/uploads\/2021\/03\/LIBROS-JELLA-3-300x225.jpg 300w, https:\/\/www.rayuelainfancia.com\/blog\/wp-content\/uploads\/2021\/03\/LIBROS-JELLA-3-768x576.jpg 768w, https:\/\/www.rayuelainfancia.com\/blog\/wp-content\/uploads\/2021\/03\/LIBROS-JELLA-3-1024x768.jpg 1024w\" sizes=\"(max-width: 2016px) 100vw, 2016px\" \/><\/a><\/p>\n<p style=\"text-align: justify;\">Aunque no era poco lo alcanzado, Jella Lepman deseaba m\u00e1s, quer\u00eda una exposici\u00f3n permanente y la consigui\u00f3 en 1949,<strong> La Biblioteca Internacional de la Juventud<\/strong>, en M\u00fanich. Una biblioteca que a\u00f1os m\u00e1s tarde se traslad\u00f3 al Castillo de Blutenburg y que, tal y como cuenta el libro en su anexo, dispone actualmente de 30.000 libros de pr\u00e9stamos y m\u00e1s de 600.000 de consulta, en m\u00e1s de 130 lenguas. Adem\u00e1s, esta mujer fue la <strong>precursora y fundadora <\/strong>de la actual <a href=\"https:\/\/www.ibby.org\/\"><strong>Organizaci\u00f3n Internacional del Libro Juvenil (IBBY)<\/strong><\/a>, junto a Astrid Lingren, la autora de Pippi.<\/p>\n<p><a href=\"https:\/\/www.rayuelainfancia.com\/album-ilustrado\/166625-los-libros-de-la-senora-jella.html\"><img loading=\"lazy\" class=\"alignnone size-full wp-image-4415\" src=\"http:\/\/www.rayuelainfancia.com\/blog\/wp-content\/uploads\/2021\/03\/LIBROS-JELLA-2.jpg\" alt=\"LOS LIBROS DE LA SENORA JELLA\" width=\"2016\" height=\"1512\" srcset=\"https:\/\/www.rayuelainfancia.com\/blog\/wp-content\/uploads\/2021\/03\/LIBROS-JELLA-2.jpg 2016w, https:\/\/www.rayuelainfancia.com\/blog\/wp-content\/uploads\/2021\/03\/LIBROS-JELLA-2-300x225.jpg 300w, https:\/\/www.rayuelainfancia.com\/blog\/wp-content\/uploads\/2021\/03\/LIBROS-JELLA-2-768x576.jpg 768w, https:\/\/www.rayuelainfancia.com\/blog\/wp-content\/uploads\/2021\/03\/LIBROS-JELLA-2-1024x768.jpg 1024w\" sizes=\"(max-width: 2016px) 100vw, 2016px\" \/><\/a><\/p>\n<p style=\"text-align: justify;\">Resulta especialmente hermoso en este libro, el decorado casi continuo de plantas y flores bellamente ilustradas que desfilan a lo largo de sus p\u00e1ginas. A\u00f1aden color, elegancia, alegr\u00eda y dan fuerza y compa\u00f1\u00eda al mensaje de esperanza tan potente que desprende esta historia. Y adem\u00e1s, nos ha recordado a la gran poeta Emily Dickinson cuando dec\u00eda aquello de \u00ab\u00bfTiene usted flores y libros, esos consuelos para el dolor?\u00bb.<\/p>\n<p style=\"text-align: justify;\">Hoy, en un contexto diferente, no exento de nuevos tipos de guerras y en el que tambi\u00e9n contemplamos y sentimos en ocasiones el mundo del rev\u00e9s, hagamos como dec\u00eda Jella, <strong>EMPECEMOS POR LOS NI\u00d1OS y que ellos nos sirvan de gu\u00eda,<\/strong> en la esperanza de que un mundo mejor ser\u00e1 posible.<\/p>\n<p><a href=\"https:\/\/www.rayuelainfancia.com\/album-ilustrado\/166625-los-libros-de-la-senora-jella.html\"><img loading=\"lazy\" class=\"alignnone size-full wp-image-4416\" src=\"http:\/\/www.rayuelainfancia.com\/blog\/wp-content\/uploads\/2021\/03\/LIBROS-JELLA-4\u00c7.jpg\" alt=\"LOS LIBROS DE LA SENORA JELLA\" width=\"2016\" height=\"1512\" srcset=\"https:\/\/www.rayuelainfancia.com\/blog\/wp-content\/uploads\/2021\/03\/LIBROS-JELLA-4\u00c7.jpg 2016w, https:\/\/www.rayuelainfancia.com\/blog\/wp-content\/uploads\/2021\/03\/LIBROS-JELLA-4\u00c7-300x225.jpg 300w, https:\/\/www.rayuelainfancia.com\/blog\/wp-content\/uploads\/2021\/03\/LIBROS-JELLA-4\u00c7-768x576.jpg 768w, https:\/\/www.rayuelainfancia.com\/blog\/wp-content\/uploads\/2021\/03\/LIBROS-JELLA-4\u00c7-1024x768.jpg 1024w\" sizes=\"(max-width: 2016px) 100vw, 2016px\" \/><\/a><\/p>\n<p style=\"text-align: justify;\">No se olviden y disfruten junto a sus ni\u00f1as y ni\u00f1os de la lectura de este \u00e1lbum <em>Los libros de la se\u00f1ora Jella<\/em>. Y para qui\u00e9n desee ahondar en la vida de Jella Lepman, recomendamos este otro t\u00edtulo editado por Creots , <em>Un puente de libros infantiles.<\/em><\/p>\n","protected":false},"excerpt":{"rendered":"<p>Los libros de la se\u00f1ora Jella es un \u00e1lbum que rinde homenaje a la literatura infantil como salvavidas en momentos dif\u00edciles. Por eso queremos celebrar este 2 de Abril, D\u00eda del Libro Infantil y Juvenil, destacando su lectura.<\/p>\n","protected":false},"author":6,"featured_media":4420,"comment_status":"open","ping_status":"open","sticky":false,"template":"","format":"standard","meta":[],"categories":[21,64],"tags":[],"yoast_head":"<!-- This site is optimized with the Yoast SEO plugin v18.5.1 - https:\/\/yoast.com\/wordpress\/plugins\/seo\/ -->\n<title>DE LIBROS Y ESPERANZAS &#8902; Blog de Rayuelainfancia<\/title>\n<meta name=\"description\" content=\"Los libros de la se\u00f1ora Jella es un \u00e1lbum que rinde homenaje a la literatura infantil como salvavidas en momentos dif\u00edciles.\" \/>\n<meta name=\"robots\" content=\"index, follow, max-snippet:-1, max-image-preview:large, max-video-preview:-1\" \/>\n<link rel=\"canonical\" href=\"https:\/\/www.rayuelainfancia.com\/blog\/los-libros-de-la-senora-jella\/\" \/>\n<meta property=\"og:locale\" content=\"es_ES\" \/>\n<meta property=\"og:type\" content=\"article\" \/>\n<meta property=\"og:title\" content=\"DE LIBROS Y ESPERANZAS &#8902; Blog de Rayuelainfancia\" \/>\n<meta property=\"og:description\" content=\"Los libros de la se\u00f1ora Jella es un \u00e1lbum que rinde homenaje a la literatura infantil como salvavidas en momentos dif\u00edciles.\" \/>\n<meta property=\"og:url\" content=\"https:\/\/www.rayuelainfancia.com\/blog\/los-libros-de-la-senora-jella\/\" \/>\n<meta property=\"og:site_name\" content=\"Blog de Rayuelainfancia\" \/>\n<meta property=\"article:publisher\" content=\"https:\/\/www.facebook.com\/pages\/Librer\u00eda-Rayuela\/251861686361\" \/>\n<meta property=\"article:published_time\" content=\"2021-03-29T15:47:15+00:00\" \/>\n<meta property=\"article:modified_time\" content=\"2021-10-20T10:03:21+00:00\" \/>\n<meta property=\"og:image\" content=\"http:\/\/www.rayuelainfancia.com\/blog\/wp-content\/uploads\/2021\/03\/Dise\u00f1o-sin-t\u00edtulo-1.jpg\" \/>\n\t<meta property=\"og:image:width\" content=\"750\" \/>\n\t<meta property=\"og:image:height\" content=\"410\" \/>\n\t<meta property=\"og:image:type\" content=\"image\/jpeg\" \/>\n<meta name=\"twitter:card\" content=\"summary\" \/>\n<meta name=\"twitter:creator\" content=\"@Rayuelainfancia\" \/>\n<meta name=\"twitter:site\" content=\"@Rayuelainfancia\" \/>\n<meta name=\"twitter:label1\" content=\"Written by\" \/>\n\t<meta name=\"twitter:data1\" content=\"Rayuelainfancia\" \/>\n\t<meta name=\"twitter:label2\" content=\"Est. reading time\" \/>\n\t<meta name=\"twitter:data2\" content=\"3 minutos\" \/>\n<script type=\"application\/ld+json\" class=\"yoast-schema-graph\">{\"@context\":\"https:\/\/schema.org\",\"@graph\":[{\"@type\":\"Organization\",\"@id\":\"https:\/\/www.rayuelainfancia.com\/blog\/#organization\",\"name\":\"Rayuelainfancia\",\"url\":\"https:\/\/www.rayuelainfancia.com\/blog\/\",\"sameAs\":[\"https:\/\/www.facebook.com\/pages\/Librer\u00eda-Rayuela\/251861686361\",\"https:\/\/www.youtube.com\/channel\/UCddVaoDjpTp-DexyEVoyazQ\",\"https:\/\/twitter.com\/Rayuelainfancia\"],\"logo\":{\"@type\":\"ImageObject\",\"@id\":\"https:\/\/www.rayuelainfancia.com\/blog\/#logo\",\"inLanguage\":\"es\",\"url\":\"https:\/\/www.rayuelainfancia.com\/blog\/wp-content\/uploads\/2018\/06\/logo-rayuelainfancia-color-corporativo.png\",\"contentUrl\":\"https:\/\/www.rayuelainfancia.com\/blog\/wp-content\/uploads\/2018\/06\/logo-rayuelainfancia-color-corporativo.png\",\"width\":1200,\"height\":680,\"caption\":\"Rayuelainfancia\"},\"image\":{\"@id\":\"https:\/\/www.rayuelainfancia.com\/blog\/#logo\"}},{\"@type\":\"WebSite\",\"@id\":\"https:\/\/www.rayuelainfancia.com\/blog\/#website\",\"url\":\"https:\/\/www.rayuelainfancia.com\/blog\/\",\"name\":\"Blog de Rayuelainfancia\",\"description\":\"Libros infantiles y juegos educaticos respestuosos con la infancia\",\"publisher\":{\"@id\":\"https:\/\/www.rayuelainfancia.com\/blog\/#organization\"},\"potentialAction\":[{\"@type\":\"SearchAction\",\"target\":{\"@type\":\"EntryPoint\",\"urlTemplate\":\"https:\/\/www.rayuelainfancia.com\/blog\/?s={search_term_string}\"},\"query-input\":\"required name=search_term_string\"}],\"inLanguage\":\"es\"},{\"@type\":\"ImageObject\",\"@id\":\"https:\/\/www.rayuelainfancia.com\/blog\/los-libros-de-la-senora-jella\/#primaryimage\",\"inLanguage\":\"es\",\"url\":\"https:\/\/www.rayuelainfancia.com\/blog\/wp-content\/uploads\/2021\/03\/Dise\u00f1o-sin-t\u00edtulo-1.jpg\",\"contentUrl\":\"https:\/\/www.rayuelainfancia.com\/blog\/wp-content\/uploads\/2021\/03\/Dise\u00f1o-sin-t\u00edtulo-1.jpg\",\"width\":750,\"height\":410,\"caption\":\"LOS LIBROS DE LA SENORA JELLA\"},{\"@type\":\"WebPage\",\"@id\":\"https:\/\/www.rayuelainfancia.com\/blog\/los-libros-de-la-senora-jella\/#webpage\",\"url\":\"https:\/\/www.rayuelainfancia.com\/blog\/los-libros-de-la-senora-jella\/\",\"name\":\"DE LIBROS Y ESPERANZAS &#8902; Blog de Rayuelainfancia\",\"isPartOf\":{\"@id\":\"https:\/\/www.rayuelainfancia.com\/blog\/#website\"},\"primaryImageOfPage\":{\"@id\":\"https:\/\/www.rayuelainfancia.com\/blog\/los-libros-de-la-senora-jella\/#primaryimage\"},\"datePublished\":\"2021-03-29T15:47:15+00:00\",\"dateModified\":\"2021-10-20T10:03:21+00:00\",\"description\":\"Los libros de la se\u00f1ora Jella es un \u00e1lbum que rinde homenaje a la literatura infantil como salvavidas en momentos dif\u00edciles.\",\"breadcrumb\":{\"@id\":\"https:\/\/www.rayuelainfancia.com\/blog\/los-libros-de-la-senora-jella\/#breadcrumb\"},\"inLanguage\":\"es\",\"potentialAction\":[{\"@type\":\"ReadAction\",\"target\":[\"https:\/\/www.rayuelainfancia.com\/blog\/los-libros-de-la-senora-jella\/\"]}]},{\"@type\":\"BreadcrumbList\",\"@id\":\"https:\/\/www.rayuelainfancia.com\/blog\/los-libros-de-la-senora-jella\/#breadcrumb\",\"itemListElement\":[{\"@type\":\"ListItem\",\"position\":1,\"name\":\"Portada\",\"item\":\"https:\/\/www.rayuelainfancia.com\/blog\/\"},{\"@type\":\"ListItem\",\"position\":2,\"name\":\"DE LIBROS Y ESPERANZAS\"}]},{\"@type\":\"Article\",\"@id\":\"https:\/\/www.rayuelainfancia.com\/blog\/los-libros-de-la-senora-jella\/#article\",\"isPartOf\":{\"@id\":\"https:\/\/www.rayuelainfancia.com\/blog\/los-libros-de-la-senora-jella\/#webpage\"},\"author\":{\"@id\":\"https:\/\/www.rayuelainfancia.com\/blog\/#\/schema\/person\/c1aff250c5154e35f53f26d0eba10c45\"},\"headline\":\"DE LIBROS Y ESPERANZAS\",\"datePublished\":\"2021-03-29T15:47:15+00:00\",\"dateModified\":\"2021-10-20T10:03:21+00:00\",\"mainEntityOfPage\":{\"@id\":\"https:\/\/www.rayuelainfancia.com\/blog\/los-libros-de-la-senora-jella\/#webpage\"},\"wordCount\":661,\"commentCount\":0,\"publisher\":{\"@id\":\"https:\/\/www.rayuelainfancia.com\/blog\/#organization\"},\"image\":{\"@id\":\"https:\/\/www.rayuelainfancia.com\/blog\/los-libros-de-la-senora-jella\/#primaryimage\"},\"thumbnailUrl\":\"https:\/\/www.rayuelainfancia.com\/blog\/wp-content\/uploads\/2021\/03\/Dise\u00f1o-sin-t\u00edtulo-1.jpg\",\"articleSection\":[\"Literatura Infantil\",\"Recomendaciones Libros y Juguetes\"],\"inLanguage\":\"es\",\"potentialAction\":[{\"@type\":\"CommentAction\",\"name\":\"Comment\",\"target\":[\"https:\/\/www.rayuelainfancia.com\/blog\/los-libros-de-la-senora-jella\/#respond\"]}]},{\"@type\":\"Person\",\"@id\":\"https:\/\/www.rayuelainfancia.com\/blog\/#\/schema\/person\/c1aff250c5154e35f53f26d0eba10c45\",\"name\":\"Rayuelainfancia\",\"image\":{\"@type\":\"ImageObject\",\"@id\":\"https:\/\/www.rayuelainfancia.com\/blog\/#personlogo\",\"inLanguage\":\"es\",\"url\":\"https:\/\/secure.gravatar.com\/avatar\/8bf03e7a4bb13ca5c7d0dc6acde2bfd1?s=96&d=mm&r=g\",\"contentUrl\":\"https:\/\/secure.gravatar.com\/avatar\/8bf03e7a4bb13ca5c7d0dc6acde2bfd1?s=96&d=mm&r=g\",\"caption\":\"Rayuelainfancia\"}}]}<\/script>\n<!-- \/ Yoast SEO plugin. -->","yoast_head_json":{"title":"DE LIBROS Y ESPERANZAS &#8902; Blog de Rayuelainfancia","description":"Los libros de la se\u00f1ora Jella es un \u00e1lbum que rinde homenaje a la literatura infantil como salvavidas en momentos dif\u00edciles.","robots":{"index":"index","follow":"follow","max-snippet":"max-snippet:-1","max-image-preview":"max-image-preview:large","max-video-preview":"max-video-preview:-1"},"canonical":"https:\/\/www.rayuelainfancia.com\/blog\/los-libros-de-la-senora-jella\/","og_locale":"es_ES","og_type":"article","og_title":"DE LIBROS Y ESPERANZAS &#8902; Blog de Rayuelainfancia","og_description":"Los libros de la se\u00f1ora Jella es un \u00e1lbum que rinde homenaje a la literatura infantil como salvavidas en momentos dif\u00edciles.","og_url":"https:\/\/www.rayuelainfancia.com\/blog\/los-libros-de-la-senora-jella\/","og_site_name":"Blog de Rayuelainfancia","article_publisher":"https:\/\/www.facebook.com\/pages\/Librer\u00eda-Rayuela\/251861686361","article_published_time":"2021-03-29T15:47:15+00:00","article_modified_time":"2021-10-20T10:03:21+00:00","og_image":[{"width":750,"height":410,"url":"http:\/\/www.rayuelainfancia.com\/blog\/wp-content\/uploads\/2021\/03\/Dise\u00f1o-sin-t\u00edtulo-1.jpg","type":"image\/jpeg"}],"twitter_card":"summary","twitter_creator":"@Rayuelainfancia","twitter_site":"@Rayuelainfancia","twitter_misc":{"Written by":"Rayuelainfancia","Est. reading time":"3 minutos"},"schema":{"@context":"https:\/\/schema.org","@graph":[{"@type":"Organization","@id":"https:\/\/www.rayuelainfancia.com\/blog\/#organization","name":"Rayuelainfancia","url":"https:\/\/www.rayuelainfancia.com\/blog\/","sameAs":["https:\/\/www.facebook.com\/pages\/Librer\u00eda-Rayuela\/251861686361","https:\/\/www.youtube.com\/channel\/UCddVaoDjpTp-DexyEVoyazQ","https:\/\/twitter.com\/Rayuelainfancia"],"logo":{"@type":"ImageObject","@id":"https:\/\/www.rayuelainfancia.com\/blog\/#logo","inLanguage":"es","url":"https:\/\/www.rayuelainfancia.com\/blog\/wp-content\/uploads\/2018\/06\/logo-rayuelainfancia-color-corporativo.png","contentUrl":"https:\/\/www.rayuelainfancia.com\/blog\/wp-content\/uploads\/2018\/06\/logo-rayuelainfancia-color-corporativo.png","width":1200,"height":680,"caption":"Rayuelainfancia"},"image":{"@id":"https:\/\/www.rayuelainfancia.com\/blog\/#logo"}},{"@type":"WebSite","@id":"https:\/\/www.rayuelainfancia.com\/blog\/#website","url":"https:\/\/www.rayuelainfancia.com\/blog\/","name":"Blog de Rayuelainfancia","description":"Libros infantiles y juegos educaticos respestuosos con la infancia","publisher":{"@id":"https:\/\/www.rayuelainfancia.com\/blog\/#organization"},"potentialAction":[{"@type":"SearchAction","target":{"@type":"EntryPoint","urlTemplate":"https:\/\/www.rayuelainfancia.com\/blog\/?s={search_term_string}"},"query-input":"required name=search_term_string"}],"inLanguage":"es"},{"@type":"ImageObject","@id":"https:\/\/www.rayuelainfancia.com\/blog\/los-libros-de-la-senora-jella\/#primaryimage","inLanguage":"es","url":"https:\/\/www.rayuelainfancia.com\/blog\/wp-content\/uploads\/2021\/03\/Dise\u00f1o-sin-t\u00edtulo-1.jpg","contentUrl":"https:\/\/www.rayuelainfancia.com\/blog\/wp-content\/uploads\/2021\/03\/Dise\u00f1o-sin-t\u00edtulo-1.jpg","width":750,"height":410,"caption":"LOS LIBROS DE LA SENORA JELLA"},{"@type":"WebPage","@id":"https:\/\/www.rayuelainfancia.com\/blog\/los-libros-de-la-senora-jella\/#webpage","url":"https:\/\/www.rayuelainfancia.com\/blog\/los-libros-de-la-senora-jella\/","name":"DE LIBROS Y ESPERANZAS &#8902; Blog de Rayuelainfancia","isPartOf":{"@id":"https:\/\/www.rayuelainfancia.com\/blog\/#website"},"primaryImageOfPage":{"@id":"https:\/\/www.rayuelainfancia.com\/blog\/los-libros-de-la-senora-jella\/#primaryimage"},"datePublished":"2021-03-29T15:47:15+00:00","dateModified":"2021-10-20T10:03:21+00:00","description":"Los libros de la se\u00f1ora Jella es un \u00e1lbum que rinde homenaje a la literatura infantil como salvavidas en momentos dif\u00edciles.","breadcrumb":{"@id":"https:\/\/www.rayuelainfancia.com\/blog\/los-libros-de-la-senora-jella\/#breadcrumb"},"inLanguage":"es","potentialAction":[{"@type":"ReadAction","target":["https:\/\/www.rayuelainfancia.com\/blog\/los-libros-de-la-senora-jella\/"]}]},{"@type":"BreadcrumbList","@id":"https:\/\/www.rayuelainfancia.com\/blog\/los-libros-de-la-senora-jella\/#breadcrumb","itemListElement":[{"@type":"ListItem","position":1,"name":"Portada","item":"https:\/\/www.rayuelainfancia.com\/blog\/"},{"@type":"ListItem","position":2,"name":"DE LIBROS Y ESPERANZAS"}]},{"@type":"Article","@id":"https:\/\/www.rayuelainfancia.com\/blog\/los-libros-de-la-senora-jella\/#article","isPartOf":{"@id":"https:\/\/www.rayuelainfancia.com\/blog\/los-libros-de-la-senora-jella\/#webpage"},"author":{"@id":"https:\/\/www.rayuelainfancia.com\/blog\/#\/schema\/person\/c1aff250c5154e35f53f26d0eba10c45"},"headline":"DE LIBROS Y ESPERANZAS","datePublished":"2021-03-29T15:47:15+00:00","dateModified":"2021-10-20T10:03:21+00:00","mainEntityOfPage":{"@id":"https:\/\/www.rayuelainfancia.com\/blog\/los-libros-de-la-senora-jella\/#webpage"},"wordCount":661,"commentCount":0,"publisher":{"@id":"https:\/\/www.rayuelainfancia.com\/blog\/#organization"},"image":{"@id":"https:\/\/www.rayuelainfancia.com\/blog\/los-libros-de-la-senora-jella\/#primaryimage"},"thumbnailUrl":"https:\/\/www.rayuelainfancia.com\/blog\/wp-content\/uploads\/2021\/03\/Dise\u00f1o-sin-t\u00edtulo-1.jpg","articleSection":["Literatura Infantil","Recomendaciones Libros y Juguetes"],"inLanguage":"es","potentialAction":[{"@type":"CommentAction","name":"Comment","target":["https:\/\/www.rayuelainfancia.com\/blog\/los-libros-de-la-senora-jella\/#respond"]}]},{"@type":"Person","@id":"https:\/\/www.rayuelainfancia.com\/blog\/#\/schema\/person\/c1aff250c5154e35f53f26d0eba10c45","name":"Rayuelainfancia","image":{"@type":"ImageObject","@id":"https:\/\/www.rayuelainfancia.com\/blog\/#personlogo","inLanguage":"es","url":"https:\/\/secure.gravatar.com\/avatar\/8bf03e7a4bb13ca5c7d0dc6acde2bfd1?s=96&d=mm&r=g","contentUrl":"https:\/\/secure.gravatar.com\/avatar\/8bf03e7a4bb13ca5c7d0dc6acde2bfd1?s=96&d=mm&r=g","caption":"Rayuelainfancia"}}]}},"_links":{"self":[{"href":"https:\/\/www.rayuelainfancia.com\/blog\/wp-json\/wp\/v2\/posts\/4362"}],"collection":[{"href":"https:\/\/www.rayuelainfancia.com\/blog\/wp-json\/wp\/v2\/posts"}],"about":[{"href":"https:\/\/www.rayuelainfancia.com\/blog\/wp-json\/wp\/v2\/types\/post"}],"author":[{"embeddable":true,"href":"https:\/\/www.rayuelainfancia.com\/blog\/wp-json\/wp\/v2\/users\/6"}],"replies":[{"embeddable":true,"href":"https:\/\/www.rayuelainfancia.com\/blog\/wp-json\/wp\/v2\/comments?post=4362"}],"version-history":[{"count":8,"href":"https:\/\/www.rayuelainfancia.com\/blog\/wp-json\/wp\/v2\/posts\/4362\/revisions"}],"predecessor-version":[{"id":4423,"href":"https:\/\/www.rayuelainfancia.com\/blog\/wp-json\/wp\/v2\/posts\/4362\/revisions\/4423"}],"wp:featuredmedia":[{"embeddable":true,"href":"https:\/\/www.rayuelainfancia.com\/blog\/wp-json\/wp\/v2\/media\/4420"}],"wp:attachment":[{"href":"https:\/\/www.rayuelainfancia.com\/blog\/wp-json\/wp\/v2\/media?parent=4362"}],"wp:term":[{"taxonomy":"category","embeddable":true,"href":"https:\/\/www.rayuelainfancia.com\/blog\/wp-json\/wp\/v2\/categories?post=4362"},{"taxonomy":"post_tag","embeddable":true,"href":"https:\/\/www.rayuelainfancia.com\/blog\/wp-json\/wp\/v2\/tags?post=4362"}],"curies":[{"name":"wp","href":"https:\/\/api.w.org\/{rel}","templated":true}]}}