 {"id":4285,"date":"2020-12-11T19:42:05","date_gmt":"2020-12-11T18:42:05","guid":{"rendered":"http:\/\/www.rayuelainfancia.com\/blog\/?p=4285"},"modified":"2022-04-05T12:01:34","modified_gmt":"2022-04-05T10:01:34","slug":"libros-infantiles-de-navidad","status":"publish","type":"post","link":"https:\/\/www.rayuelainfancia.com\/blog\/libros-infantiles-de-navidad\/","title":{"rendered":"LIBROS INFANTILES DE NAVIDAD"},"content":{"rendered":"<p style=\"text-align: justify;\">Durante la <strong>Navidad<\/strong> vivimos una <strong>etapa m\u00e1gica<\/strong>, sobre todo cuando andamos acompa\u00f1ados de ni\u00f1as y ni\u00f1os. Si eres de las que les gusta <strong>ponerle un cuento a cada ocasi\u00f3n<\/strong>, aqu\u00ed te dejamos un post con Libros infantiles de Navidad.<\/p>\n<p><!--more--><\/p>\n<h2 style=\"text-align: center;\">Libros infantiles de Navidad de 0 a 3 a\u00f1os<\/h2>\n<h3>Canci\u00f3n de Navidad<\/h3>\n<p style=\"text-align: justify;\">Un libro de cart\u00f3n para beb\u00e9s, con sonidos para disfrutar de la&nbsp; <strong>versi\u00f3n interactiva de la canci\u00f3n de Navidad<\/strong> m\u00e1s conocida (Navidaaaad Navidaaaad Dulce Navidaaaad!)<\/p>\n<p><iframe loading=\"lazy\" title=\"Canci\u00f3n de Navidad, un cuento sonoro sobre la Navidad\" width=\"500\" height=\"281\" src=\"https:\/\/www.youtube.com\/embed\/EUjWpPJTqGo?start=2&#038;feature=oembed\" frameborder=\"0\" allow=\"accelerometer; autoplay; clipboard-write; encrypted-media; gyroscope; picture-in-picture\" allowfullscreen><\/iframe><\/p>\n<p>&nbsp;<\/p>\n<p style=\"text-align: justify;\">La canci\u00f3n suena al <strong>pulsar los botones en cada p\u00e1gin<\/strong>a, para escuchar distintos instrumentos. Un libro divertido que invita a cantar mientras suena la m\u00fasica.<\/p>\n<p style=\"text-align: center;\"><a class=\"fasc-button fasc-size-xlarge fasc-type-flat fasc-rounded-medium fasc-ico-before dashicons-star-empty fasc-style-bold\" style=\"background-color: #33809e; color: #ffffff;\" target=\"_blank\" rel=\"noopener noreferrer\" href=\"https:\/\/www.rayuelainfancia.com\/bebes-0-3-anos\/86902-cancion-de-navidad.html\">Comprar libro<\/a><\/p>\n<h3>La peque\u00f1a oruga glotona en Navidad<\/h3>\n<p style=\"text-align: justify;\">La Navidad es el escenario en el que se desarrolla esta historia llena de color, con <strong>texto rimado y sencillo<\/strong>. Un libro para ni\u00f1os desde los 2 a\u00f1os, <strong>con ventanas y solapas.<\/strong><\/p>\n<p>&nbsp;<\/p>\n<p><a href=\"https:\/\/www.rayuelainfancia.com\/album-ilustrado\/96338-la-pequena-oruga-glotona-en-navidad.html\"><img loading=\"lazy\" class=\"alignnone size-full wp-image-4287\" src=\"http:\/\/www.rayuelainfancia.com\/blog\/wp-content\/uploads\/2020\/12\/oruga-navidad.jpg\" alt=\"\" width=\"1080\" height=\"1080\" srcset=\"https:\/\/www.rayuelainfancia.com\/blog\/wp-content\/uploads\/2020\/12\/oruga-navidad.jpg 1080w, https:\/\/www.rayuelainfancia.com\/blog\/wp-content\/uploads\/2020\/12\/oruga-navidad-150x150.jpg 150w, https:\/\/www.rayuelainfancia.com\/blog\/wp-content\/uploads\/2020\/12\/oruga-navidad-300x300.jpg 300w, https:\/\/www.rayuelainfancia.com\/blog\/wp-content\/uploads\/2020\/12\/oruga-navidad-768x768.jpg 768w, https:\/\/www.rayuelainfancia.com\/blog\/wp-content\/uploads\/2020\/12\/oruga-navidad-1024x1024.jpg 1024w, https:\/\/www.rayuelainfancia.com\/blog\/wp-content\/uploads\/2020\/12\/oruga-navidad-60x60.jpg 60w\" sizes=\"(max-width: 1080px) 100vw, 1080px\" \/><\/a><\/p>\n<h3 style=\"text-align: center;\"><a class=\"fasc-button fasc-size-xlarge fasc-type-flat fasc-rounded-medium fasc-ico-before dashicons-star-empty fasc-style-bold\" style=\"background-color: #33809e; color: #ffffff;\" target=\"_blank\" rel=\"noopener noreferrer\" href=\"https:\/\/www.rayuelainfancia.com\/album-ilustrado\/96338-la-pequena-oruga-glotona-en-navidad.html\">Comprar libro<\/a><\/h3>\n<h3>Los Reyes Magos Mini Pops<\/h3>\n<p>Un libro con pop ups perfecto para revivir la tradici\u00f3n de los Reyes Magos, y conocer de manera sencilla su historia. Un <strong>precioso pop up<\/strong> por cada doble p\u00e1gina nos sirve para narrar esta historia llena de magia, a modo de teatrillo.<\/p>\n<p style=\"text-align: center;\"><a href=\"https:\/\/www.rayuelainfancia.com\/libros-pop-up\/64837-los-reyes-magos.html\"><img loading=\"lazy\" class=\"alignnone size-full wp-image-4297\" src=\"http:\/\/www.rayuelainfancia.com\/blog\/wp-content\/uploads\/2020\/12\/thumbnail_IMG_5014.jpg\" alt=\"\" width=\"480\" height=\"640\" srcset=\"https:\/\/www.rayuelainfancia.com\/blog\/wp-content\/uploads\/2020\/12\/thumbnail_IMG_5014.jpg 480w, https:\/\/www.rayuelainfancia.com\/blog\/wp-content\/uploads\/2020\/12\/thumbnail_IMG_5014-225x300.jpg 225w\" sizes=\"(max-width: 480px) 100vw, 480px\" \/><\/a><\/p>\n<p style=\"text-align: center;\"><a class=\"fasc-button fasc-size-xlarge fasc-type-flat fasc-rounded-medium fasc-ico-before dashicons-star-empty\" style=\"background-color: #33809e; color: #ffffff;\" target=\"_blank\" rel=\"noopener noreferrer\" href=\"https:\/\/www.rayuelainfancia.com\/libros-pop-up\/64837-los-reyes-magos.html\">Comprar libro<\/a><\/p>\n<h2 style=\"text-align: center;\">Libros de Navidad de 4 a 8 a\u00f1os<\/h2>\n<h3>Cuando a Mat\u00edas le entraron ganas de hacer pis en la noche de Reyes<\/h3>\n<p style=\"text-align: justify;\">Un&nbsp;<strong>cuento misterioso y m\u00e1gico<\/strong>&nbsp;como la noche de los Reyes Magos.&nbsp;<strong>Mat\u00edas ha pedido un tren<\/strong>&nbsp;e incluso inventa una canci\u00f3n pero en mitad de la noche tiene que levantarse sin remedio \u00bfSe encontrar\u00e1 Mat\u00edas con sus Majestades?<\/p>\n<p style=\"text-align: center;\"><a href=\"https:\/\/www.rayuelainfancia.com\/album-ilustrado\/86896-cuando-a-matias-le-entraron-ganas.html\"><img loading=\"lazy\" class=\"alignnone size-full wp-image-4293\" src=\"http:\/\/www.rayuelainfancia.com\/blog\/wp-content\/uploads\/2020\/12\/thumbnail_IMG_5016.jpg\" alt=\"\" width=\"586\" height=\"640\" srcset=\"https:\/\/www.rayuelainfancia.com\/blog\/wp-content\/uploads\/2020\/12\/thumbnail_IMG_5016.jpg 586w, https:\/\/www.rayuelainfancia.com\/blog\/wp-content\/uploads\/2020\/12\/thumbnail_IMG_5016-275x300.jpg 275w\" sizes=\"(max-width: 586px) 100vw, 586px\" \/><\/a><\/p>\n<h3>&nbsp;<\/h3>\n<h3 style=\"text-align: center;\"><a class=\"fasc-button fasc-size-xlarge fasc-type-flat fasc-rounded-medium fasc-ico-before dashicons-star-empty\" style=\"background-color: #33809e; color: #ffffff;\" href=\"https:\/\/www.rayuelainfancia.com\/album-ilustrado\/86896-cuando-a-matias-le-entraron-ganas.html\">Comprar libro<\/a><\/h3>\n<h3>Decora tu Navidad<\/h3>\n<p style=\"text-align: justify;\"><strong>35 manualidades sencillas<\/strong>&nbsp;para hacer tus propios&nbsp;<strong>adornos de Navidad.<\/strong>&nbsp; Papel de regalo, tarjetas, adornos para el \u00e1rbol y la casa. Disfrutar de la Navidad hecha por vosotros mismos, si que es despertar el verdadero esp\u00edritu de la Navidad \u00bfno te parece?<\/p>\n<p><a href=\"https:\/\/www.rayuelainfancia.com\/libros-de-navidad\/71968-decora-tu-navidad.html\"><img loading=\"lazy\" class=\"alignnone size-full wp-image-4290\" src=\"http:\/\/www.rayuelainfancia.com\/blog\/wp-content\/uploads\/2020\/12\/116969_DecoratuNavidad_TALLERES_pag12_13_web.jpg\" alt=\"\" width=\"1400\" height=\"700\" srcset=\"https:\/\/www.rayuelainfancia.com\/blog\/wp-content\/uploads\/2020\/12\/116969_DecoratuNavidad_TALLERES_pag12_13_web.jpg 1400w, https:\/\/www.rayuelainfancia.com\/blog\/wp-content\/uploads\/2020\/12\/116969_DecoratuNavidad_TALLERES_pag12_13_web-300x150.jpg 300w, https:\/\/www.rayuelainfancia.com\/blog\/wp-content\/uploads\/2020\/12\/116969_DecoratuNavidad_TALLERES_pag12_13_web-768x384.jpg 768w, https:\/\/www.rayuelainfancia.com\/blog\/wp-content\/uploads\/2020\/12\/116969_DecoratuNavidad_TALLERES_pag12_13_web-1024x512.jpg 1024w\" sizes=\"(max-width: 1400px) 100vw, 1400px\" \/><\/a><\/p>\n<p style=\"text-align: justify;\">Este libro incluye recetas sencillas, ideas para decorar la puerta de casa, centros de mesa&#8230; Todo realizado con elementos sencillos y que solemos tener a mano.<\/p>\n<p style=\"text-align: center;\"><a class=\"fasc-button fasc-size-xlarge fasc-type-flat fasc-rounded-medium fasc-ico-before dashicons-star-empty\" style=\"background-color: #33809e; color: #ffffff;\" target=\"_blank\" rel=\"noopener noreferrer\" href=\"https:\/\/www.rayuelainfancia.com\/libros-de-navidad\/71968-decora-tu-navidad.html\">Comprar libro<\/a><\/p>\n<h3>La Navidad de Ernesto y Celestina<\/h3>\n<p style=\"text-align: justify;\">Un<strong>&nbsp;verdadero cuento de Navidad,&nbsp;<\/strong>emocionante y lleno de magia. La peque\u00f1a Celestina convence a su querido&nbsp;Ernesto para<strong> hacer una fiesta de Navidad,&nbsp;<\/strong>a pesar de que este a\u00f1o no tienen dinero para comprar velas, ni adornos&#8230;<\/p>\n<p><iframe loading=\"lazy\" title=\"LA NAVIDAD DE ERNESTO Y CELESTINA, de Gabrielle Vincent\" width=\"500\" height=\"281\" src=\"https:\/\/www.youtube.com\/embed\/_7f2QQwV3RQ?feature=oembed\" frameborder=\"0\" allow=\"accelerometer; autoplay; clipboard-write; encrypted-media; gyroscope; picture-in-picture\" allowfullscreen><\/iframe><\/p>\n<h2 style=\"text-align: center;\"><a class=\"fasc-button fasc-size-xlarge fasc-type-flat fasc-rounded-medium fasc-ico-before dashicons-star-empty\" style=\"background-color: #33809e; color: #ffffff;\" target=\"_blank\" rel=\"noopener noreferrer\" href=\"https:\/\/www.rayuelainfancia.com\/libros-de-navidad\/7323-la-navidad-de-ernesto-y-celestina.html\">Comprar libro<\/a><\/h2>\n<h2 style=\"text-align: center;\">Libros de Navidad a partir de 9 a\u00f1os<\/h2>\n<h3>Canci\u00f3n de Navidad<\/h3>\n<p style=\"text-align: justify;\">Un&nbsp;<strong>cl\u00e1sico navide\u00f1o<\/strong>, en una edici\u00f3n exquisita. Un libro para disfrutar de ratos de lectura compartida o en solitario, sobre todo cuando se acerca la Navidad.<\/p>\n<p style=\"text-align: center;\"><a href=\"https:\/\/www.rayuelainfancia.com\/clasicos\/44952-cancion-de-navidad.html\"><img loading=\"lazy\" class=\"alignnone size-full wp-image-4294\" src=\"http:\/\/www.rayuelainfancia.com\/blog\/wp-content\/uploads\/2020\/12\/thumbnail_IMG_5020-1.jpg\" alt=\"\" width=\"480\" height=\"640\" srcset=\"https:\/\/www.rayuelainfancia.com\/blog\/wp-content\/uploads\/2020\/12\/thumbnail_IMG_5020-1.jpg 480w, https:\/\/www.rayuelainfancia.com\/blog\/wp-content\/uploads\/2020\/12\/thumbnail_IMG_5020-1-225x300.jpg 225w\" sizes=\"(max-width: 480px) 100vw, 480px\" \/><\/a><\/p>\n<p style=\"text-align: justify;\">Se trata de un cl\u00e1sico de la Literatura, altamente disfrutable y que encierra entre sus p\u00e1ginas la <strong>verdadera esencia de esta celebraci\u00f3n<\/strong>.<\/p>\n<p style=\"text-align: justify;\">La soledad que es dura de llevar, la generosidad capaz de transformarlo todo, abrir el coraz\u00f3n a los dem\u00e1s&#8230; Todo esto hay dentro de \u00abCanci\u00f3n de Navidad\u00bb y poder disfrutarlo con una edici\u00f3n tan hermosa como esta es todo un lujo. Si te apetece conocerlo un poco m\u00e1s puedes leer <a href=\"https:\/\/www.rayuelainfancia.com\/blog\/cancion-de-navidad-resena\/\"><strong>esta rese\u00f1a<\/strong> <\/a>que hicimos sobre el libro hace un tiempo.<\/p>\n<p style=\"text-align: center;\"><a class=\"fasc-button fasc-size-xlarge fasc-type-flat fasc-rounded-medium fasc-ico-before dashicons-star-empty\" style=\"background-color: #33809e; color: #ffffff;\" target=\"_blank\" rel=\"noopener noreferrer\" href=\"https:\/\/www.rayuelainfancia.com\/clasicos\/44952-cancion-de-navidad.html\">Comprar libro<\/a><\/p>\n<h3>Cartas de Pap\u00e1 Noel (Edici\u00f3n de lujo)<\/h3>\n<p style=\"text-align: justify;\">Un precioso libro objeto con las&nbsp;<strong>originales cartas<\/strong>, manuscritas y transcritas,&nbsp;<strong>que J. R. R. Tolkien escrib\u00eda a sus hijos<\/strong>&nbsp;haci\u00e9ndose pasar por Pap\u00e1 Noel (\u00a1y por el Oso Polar!)<\/p>\n<p style=\"text-align: justify;\">Esta edici\u00f3n especial del libro recoge&nbsp;<strong>todos los extraordinarios dibujos y cartas<\/strong>, desde la primera nota para su hijo mayor en 1920 hasta la \u00faltima con su hija en 1943.<\/p>\n<p style=\"text-align: justify;\">Un <strong>exclusivo desplegable<\/strong> que muestra en color todos los sellos del Polo Norte que acompa\u00f1aban las cartas de Pap\u00e1 Noel.<\/p>\n<p style=\"text-align: center;\"><a class=\"fasc-button fasc-size-xlarge fasc-type-flat fasc-rounded-medium fasc-ico-before dashicons-star-empty\" style=\"background-color: #33809e; color: #ffffff;\" href=\"https:\/\/www.rayuelainfancia.com\/libros-de-navidad\/86900-cartas-de-papa-noel.html\">Comprar libro<\/a><\/p>\n<h3>Los Reyes Magos<\/h3>\n<p style=\"text-align: justify;\">La historia m\u00e1s m\u00e1gica del a\u00f1o, narrada con a trav\u00e9s de las im\u00e1genes extra\u00eddas de los frescos de Giotto por Geraldine Eschner.<\/p>\n<p style=\"text-align: justify;\"><a href=\"https:\/\/www.rayuelainfancia.com\/libros-de-navidad\/56206-los-reyes-magos.html\"><img loading=\"lazy\" class=\"alignnone size-full wp-image-4298\" src=\"http:\/\/www.rayuelainfancia.com\/blog\/wp-content\/uploads\/2020\/12\/detail_reyes_magos_web.jpg\" alt=\"\" width=\"900\" height=\"1027\" srcset=\"https:\/\/www.rayuelainfancia.com\/blog\/wp-content\/uploads\/2020\/12\/detail_reyes_magos_web.jpg 900w, https:\/\/www.rayuelainfancia.com\/blog\/wp-content\/uploads\/2020\/12\/detail_reyes_magos_web-263x300.jpg 263w, https:\/\/www.rayuelainfancia.com\/blog\/wp-content\/uploads\/2020\/12\/detail_reyes_magos_web-768x876.jpg 768w, https:\/\/www.rayuelainfancia.com\/blog\/wp-content\/uploads\/2020\/12\/detail_reyes_magos_web-897x1024.jpg 897w\" sizes=\"(max-width: 900px) 100vw, 900px\" \/><\/a><\/p>\n<p style=\"text-align: justify;\">Un maravilloso \u00e1lbum para disfrutar a todas las edades. Una obra singular que <strong>despierta sin lugar a dudas al ni\u00f1o o la ni\u00f1a que llevamos dentro<\/strong>, reviviendo la magia en torno a este relato y toda la fuerza que tiene en nuestra cultura.<\/p>\n<p>&nbsp;<\/p>\n<p style=\"text-align: center;\"><a class=\"fasc-button fasc-size-xlarge fasc-type-flat fasc-rounded-medium fasc-ico-before dashicons-star-empty\" style=\"background-color: #33809e; color: #ffffff;\" href=\"https:\/\/www.rayuelainfancia.com\/libros-de-navidad\/56206-los-reyes-magos.html\">Comprar libro<\/a><\/p>\n<p>&nbsp;<\/p>\n<p>&nbsp;<\/p>\n<p>Este contenido ha sido creado con la colaboraci\u00f3n del ICAS.<\/p>\n<p><img loading=\"lazy\" class=\"alignnone  wp-image-4571\" src=\"http:\/\/www.rayuelainfancia.com\/blog\/wp-content\/uploads\/2021\/11\/logo_ICAS-1.png\" alt=\"\" width=\"250\" height=\"106\"><\/p>\n","protected":false},"excerpt":{"rendered":"<p>Durante la Navidad vivimos una etapa m\u00e1gica, sobre todo cuando andamos acompa\u00f1ados de ni\u00f1as y ni\u00f1os. Si eres de las que les gusta ponerle un cuento a cada ocasi\u00f3n, aqu\u00ed te dejamos un post con Libros infantiles de Navidad.<\/p>\n","protected":false},"author":6,"featured_media":4299,"comment_status":"open","ping_status":"open","sticky":false,"template":"","format":"standard","meta":[],"categories":[21,64],"tags":[],"yoast_head":"<!-- This site is optimized with the Yoast SEO plugin v18.5.1 - https:\/\/yoast.com\/wordpress\/plugins\/seo\/ -->\n<title>LIBROS INFANTILES DE NAVIDAD &#8902; Blog de Rayuelainfancia<\/title>\n<meta name=\"description\" content=\"En Navidad vivimos una etapa m\u00e1gica acompa\u00f1ados de ni\u00f1as y ni\u00f1os. Si te gusta ponerle un cuento a cada ocasi\u00f3n aqu\u00ed tienes Libros infantiles de Navidad\" \/>\n<meta name=\"robots\" content=\"index, follow, max-snippet:-1, max-image-preview:large, max-video-preview:-1\" \/>\n<link rel=\"canonical\" href=\"http:\/\/www.rayuelainfancia.com\/blog\/libros-infantiles-de-navidad\/\" \/>\n<meta property=\"og:locale\" content=\"es_ES\" \/>\n<meta property=\"og:type\" content=\"article\" \/>\n<meta property=\"og:title\" content=\"LIBROS INFANTILES DE NAVIDAD &#8902; Blog de Rayuelainfancia\" \/>\n<meta property=\"og:description\" content=\"En Navidad vivimos una etapa m\u00e1gica acompa\u00f1ados de ni\u00f1as y ni\u00f1os. Si te gusta ponerle un cuento a cada ocasi\u00f3n aqu\u00ed tienes Libros infantiles de Navidad\" \/>\n<meta property=\"og:url\" content=\"http:\/\/www.rayuelainfancia.com\/blog\/libros-infantiles-de-navidad\/\" \/>\n<meta property=\"og:site_name\" content=\"Blog de Rayuelainfancia\" \/>\n<meta property=\"article:publisher\" content=\"https:\/\/www.facebook.com\/pages\/Librer\u00eda-Rayuela\/251861686361\" \/>\n<meta property=\"article:published_time\" content=\"2020-12-11T18:42:05+00:00\" \/>\n<meta property=\"article:modified_time\" content=\"2022-04-05T10:01:34+00:00\" \/>\n<meta property=\"og:image\" content=\"http:\/\/www.rayuelainfancia.com\/blog\/wp-content\/uploads\/2020\/12\/navidad-blog.jpg\" \/>\n\t<meta property=\"og:image:width\" content=\"750\" \/>\n\t<meta property=\"og:image:height\" content=\"306\" \/>\n\t<meta property=\"og:image:type\" content=\"image\/jpeg\" \/>\n<meta name=\"twitter:card\" content=\"summary\" \/>\n<meta name=\"twitter:creator\" content=\"@Rayuelainfancia\" \/>\n<meta name=\"twitter:site\" content=\"@Rayuelainfancia\" \/>\n<meta name=\"twitter:label1\" content=\"Written by\" \/>\n\t<meta name=\"twitter:data1\" content=\"Rayuelainfancia\" \/>\n\t<meta name=\"twitter:label2\" content=\"Est. reading time\" \/>\n\t<meta name=\"twitter:data2\" content=\"4 minutos\" \/>\n<script type=\"application\/ld+json\" class=\"yoast-schema-graph\">{\"@context\":\"https:\/\/schema.org\",\"@graph\":[{\"@type\":\"Organization\",\"@id\":\"https:\/\/www.rayuelainfancia.com\/blog\/#organization\",\"name\":\"Rayuelainfancia\",\"url\":\"https:\/\/www.rayuelainfancia.com\/blog\/\",\"sameAs\":[\"https:\/\/www.facebook.com\/pages\/Librer\u00eda-Rayuela\/251861686361\",\"https:\/\/www.youtube.com\/channel\/UCddVaoDjpTp-DexyEVoyazQ\",\"https:\/\/twitter.com\/Rayuelainfancia\"],\"logo\":{\"@type\":\"ImageObject\",\"@id\":\"https:\/\/www.rayuelainfancia.com\/blog\/#logo\",\"inLanguage\":\"es\",\"url\":\"https:\/\/www.rayuelainfancia.com\/blog\/wp-content\/uploads\/2018\/06\/logo-rayuelainfancia-color-corporativo.png\",\"contentUrl\":\"https:\/\/www.rayuelainfancia.com\/blog\/wp-content\/uploads\/2018\/06\/logo-rayuelainfancia-color-corporativo.png\",\"width\":1200,\"height\":680,\"caption\":\"Rayuelainfancia\"},\"image\":{\"@id\":\"https:\/\/www.rayuelainfancia.com\/blog\/#logo\"}},{\"@type\":\"WebSite\",\"@id\":\"https:\/\/www.rayuelainfancia.com\/blog\/#website\",\"url\":\"https:\/\/www.rayuelainfancia.com\/blog\/\",\"name\":\"Blog de Rayuelainfancia\",\"description\":\"Libros infantiles y juegos educaticos respestuosos con la infancia\",\"publisher\":{\"@id\":\"https:\/\/www.rayuelainfancia.com\/blog\/#organization\"},\"potentialAction\":[{\"@type\":\"SearchAction\",\"target\":{\"@type\":\"EntryPoint\",\"urlTemplate\":\"https:\/\/www.rayuelainfancia.com\/blog\/?s={search_term_string}\"},\"query-input\":\"required name=search_term_string\"}],\"inLanguage\":\"es\"},{\"@type\":\"ImageObject\",\"@id\":\"http:\/\/www.rayuelainfancia.com\/blog\/libros-infantiles-de-navidad\/#primaryimage\",\"inLanguage\":\"es\",\"url\":\"https:\/\/www.rayuelainfancia.com\/blog\/wp-content\/uploads\/2020\/12\/navidad-blog.jpg\",\"contentUrl\":\"https:\/\/www.rayuelainfancia.com\/blog\/wp-content\/uploads\/2020\/12\/navidad-blog.jpg\",\"width\":750,\"height\":306},{\"@type\":\"WebPage\",\"@id\":\"http:\/\/www.rayuelainfancia.com\/blog\/libros-infantiles-de-navidad\/#webpage\",\"url\":\"http:\/\/www.rayuelainfancia.com\/blog\/libros-infantiles-de-navidad\/\",\"name\":\"LIBROS INFANTILES DE NAVIDAD &#8902; Blog de Rayuelainfancia\",\"isPartOf\":{\"@id\":\"https:\/\/www.rayuelainfancia.com\/blog\/#website\"},\"primaryImageOfPage\":{\"@id\":\"http:\/\/www.rayuelainfancia.com\/blog\/libros-infantiles-de-navidad\/#primaryimage\"},\"datePublished\":\"2020-12-11T18:42:05+00:00\",\"dateModified\":\"2022-04-05T10:01:34+00:00\",\"description\":\"En Navidad vivimos una etapa m\u00e1gica acompa\u00f1ados de ni\u00f1as y ni\u00f1os. Si te gusta ponerle un cuento a cada ocasi\u00f3n aqu\u00ed tienes Libros infantiles de Navidad\",\"breadcrumb\":{\"@id\":\"http:\/\/www.rayuelainfancia.com\/blog\/libros-infantiles-de-navidad\/#breadcrumb\"},\"inLanguage\":\"es\",\"potentialAction\":[{\"@type\":\"ReadAction\",\"target\":[\"http:\/\/www.rayuelainfancia.com\/blog\/libros-infantiles-de-navidad\/\"]}]},{\"@type\":\"BreadcrumbList\",\"@id\":\"http:\/\/www.rayuelainfancia.com\/blog\/libros-infantiles-de-navidad\/#breadcrumb\",\"itemListElement\":[{\"@type\":\"ListItem\",\"position\":1,\"name\":\"Portada\",\"item\":\"https:\/\/www.rayuelainfancia.com\/blog\/\"},{\"@type\":\"ListItem\",\"position\":2,\"name\":\"LIBROS INFANTILES DE NAVIDAD\"}]},{\"@type\":\"Article\",\"@id\":\"http:\/\/www.rayuelainfancia.com\/blog\/libros-infantiles-de-navidad\/#article\",\"isPartOf\":{\"@id\":\"http:\/\/www.rayuelainfancia.com\/blog\/libros-infantiles-de-navidad\/#webpage\"},\"author\":{\"@id\":\"https:\/\/www.rayuelainfancia.com\/blog\/#\/schema\/person\/c1aff250c5154e35f53f26d0eba10c45\"},\"headline\":\"LIBROS INFANTILES DE NAVIDAD\",\"datePublished\":\"2020-12-11T18:42:05+00:00\",\"dateModified\":\"2022-04-05T10:01:34+00:00\",\"mainEntityOfPage\":{\"@id\":\"http:\/\/www.rayuelainfancia.com\/blog\/libros-infantiles-de-navidad\/#webpage\"},\"wordCount\":758,\"commentCount\":0,\"publisher\":{\"@id\":\"https:\/\/www.rayuelainfancia.com\/blog\/#organization\"},\"image\":{\"@id\":\"http:\/\/www.rayuelainfancia.com\/blog\/libros-infantiles-de-navidad\/#primaryimage\"},\"thumbnailUrl\":\"https:\/\/www.rayuelainfancia.com\/blog\/wp-content\/uploads\/2020\/12\/navidad-blog.jpg\",\"articleSection\":[\"Literatura Infantil\",\"Recomendaciones Libros y Juguetes\"],\"inLanguage\":\"es\",\"potentialAction\":[{\"@type\":\"CommentAction\",\"name\":\"Comment\",\"target\":[\"http:\/\/www.rayuelainfancia.com\/blog\/libros-infantiles-de-navidad\/#respond\"]}]},{\"@type\":\"Person\",\"@id\":\"https:\/\/www.rayuelainfancia.com\/blog\/#\/schema\/person\/c1aff250c5154e35f53f26d0eba10c45\",\"name\":\"Rayuelainfancia\",\"image\":{\"@type\":\"ImageObject\",\"@id\":\"https:\/\/www.rayuelainfancia.com\/blog\/#personlogo\",\"inLanguage\":\"es\",\"url\":\"https:\/\/secure.gravatar.com\/avatar\/8bf03e7a4bb13ca5c7d0dc6acde2bfd1?s=96&d=mm&r=g\",\"contentUrl\":\"https:\/\/secure.gravatar.com\/avatar\/8bf03e7a4bb13ca5c7d0dc6acde2bfd1?s=96&d=mm&r=g\",\"caption\":\"Rayuelainfancia\"}}]}<\/script>\n<!-- \/ Yoast SEO plugin. -->","yoast_head_json":{"title":"LIBROS INFANTILES DE NAVIDAD &#8902; Blog de Rayuelainfancia","description":"En Navidad vivimos una etapa m\u00e1gica acompa\u00f1ados de ni\u00f1as y ni\u00f1os. Si te gusta ponerle un cuento a cada ocasi\u00f3n aqu\u00ed tienes Libros infantiles de Navidad","robots":{"index":"index","follow":"follow","max-snippet":"max-snippet:-1","max-image-preview":"max-image-preview:large","max-video-preview":"max-video-preview:-1"},"canonical":"http:\/\/www.rayuelainfancia.com\/blog\/libros-infantiles-de-navidad\/","og_locale":"es_ES","og_type":"article","og_title":"LIBROS INFANTILES DE NAVIDAD &#8902; Blog de Rayuelainfancia","og_description":"En Navidad vivimos una etapa m\u00e1gica acompa\u00f1ados de ni\u00f1as y ni\u00f1os. Si te gusta ponerle un cuento a cada ocasi\u00f3n aqu\u00ed tienes Libros infantiles de Navidad","og_url":"http:\/\/www.rayuelainfancia.com\/blog\/libros-infantiles-de-navidad\/","og_site_name":"Blog de Rayuelainfancia","article_publisher":"https:\/\/www.facebook.com\/pages\/Librer\u00eda-Rayuela\/251861686361","article_published_time":"2020-12-11T18:42:05+00:00","article_modified_time":"2022-04-05T10:01:34+00:00","og_image":[{"width":750,"height":306,"url":"http:\/\/www.rayuelainfancia.com\/blog\/wp-content\/uploads\/2020\/12\/navidad-blog.jpg","type":"image\/jpeg"}],"twitter_card":"summary","twitter_creator":"@Rayuelainfancia","twitter_site":"@Rayuelainfancia","twitter_misc":{"Written by":"Rayuelainfancia","Est. reading time":"4 minutos"},"schema":{"@context":"https:\/\/schema.org","@graph":[{"@type":"Organization","@id":"https:\/\/www.rayuelainfancia.com\/blog\/#organization","name":"Rayuelainfancia","url":"https:\/\/www.rayuelainfancia.com\/blog\/","sameAs":["https:\/\/www.facebook.com\/pages\/Librer\u00eda-Rayuela\/251861686361","https:\/\/www.youtube.com\/channel\/UCddVaoDjpTp-DexyEVoyazQ","https:\/\/twitter.com\/Rayuelainfancia"],"logo":{"@type":"ImageObject","@id":"https:\/\/www.rayuelainfancia.com\/blog\/#logo","inLanguage":"es","url":"https:\/\/www.rayuelainfancia.com\/blog\/wp-content\/uploads\/2018\/06\/logo-rayuelainfancia-color-corporativo.png","contentUrl":"https:\/\/www.rayuelainfancia.com\/blog\/wp-content\/uploads\/2018\/06\/logo-rayuelainfancia-color-corporativo.png","width":1200,"height":680,"caption":"Rayuelainfancia"},"image":{"@id":"https:\/\/www.rayuelainfancia.com\/blog\/#logo"}},{"@type":"WebSite","@id":"https:\/\/www.rayuelainfancia.com\/blog\/#website","url":"https:\/\/www.rayuelainfancia.com\/blog\/","name":"Blog de Rayuelainfancia","description":"Libros infantiles y juegos educaticos respestuosos con la infancia","publisher":{"@id":"https:\/\/www.rayuelainfancia.com\/blog\/#organization"},"potentialAction":[{"@type":"SearchAction","target":{"@type":"EntryPoint","urlTemplate":"https:\/\/www.rayuelainfancia.com\/blog\/?s={search_term_string}"},"query-input":"required name=search_term_string"}],"inLanguage":"es"},{"@type":"ImageObject","@id":"http:\/\/www.rayuelainfancia.com\/blog\/libros-infantiles-de-navidad\/#primaryimage","inLanguage":"es","url":"https:\/\/www.rayuelainfancia.com\/blog\/wp-content\/uploads\/2020\/12\/navidad-blog.jpg","contentUrl":"https:\/\/www.rayuelainfancia.com\/blog\/wp-content\/uploads\/2020\/12\/navidad-blog.jpg","width":750,"height":306},{"@type":"WebPage","@id":"http:\/\/www.rayuelainfancia.com\/blog\/libros-infantiles-de-navidad\/#webpage","url":"http:\/\/www.rayuelainfancia.com\/blog\/libros-infantiles-de-navidad\/","name":"LIBROS INFANTILES DE NAVIDAD &#8902; Blog de Rayuelainfancia","isPartOf":{"@id":"https:\/\/www.rayuelainfancia.com\/blog\/#website"},"primaryImageOfPage":{"@id":"http:\/\/www.rayuelainfancia.com\/blog\/libros-infantiles-de-navidad\/#primaryimage"},"datePublished":"2020-12-11T18:42:05+00:00","dateModified":"2022-04-05T10:01:34+00:00","description":"En Navidad vivimos una etapa m\u00e1gica acompa\u00f1ados de ni\u00f1as y ni\u00f1os. Si te gusta ponerle un cuento a cada ocasi\u00f3n aqu\u00ed tienes Libros infantiles de Navidad","breadcrumb":{"@id":"http:\/\/www.rayuelainfancia.com\/blog\/libros-infantiles-de-navidad\/#breadcrumb"},"inLanguage":"es","potentialAction":[{"@type":"ReadAction","target":["http:\/\/www.rayuelainfancia.com\/blog\/libros-infantiles-de-navidad\/"]}]},{"@type":"BreadcrumbList","@id":"http:\/\/www.rayuelainfancia.com\/blog\/libros-infantiles-de-navidad\/#breadcrumb","itemListElement":[{"@type":"ListItem","position":1,"name":"Portada","item":"https:\/\/www.rayuelainfancia.com\/blog\/"},{"@type":"ListItem","position":2,"name":"LIBROS INFANTILES DE NAVIDAD"}]},{"@type":"Article","@id":"http:\/\/www.rayuelainfancia.com\/blog\/libros-infantiles-de-navidad\/#article","isPartOf":{"@id":"http:\/\/www.rayuelainfancia.com\/blog\/libros-infantiles-de-navidad\/#webpage"},"author":{"@id":"https:\/\/www.rayuelainfancia.com\/blog\/#\/schema\/person\/c1aff250c5154e35f53f26d0eba10c45"},"headline":"LIBROS INFANTILES DE NAVIDAD","datePublished":"2020-12-11T18:42:05+00:00","dateModified":"2022-04-05T10:01:34+00:00","mainEntityOfPage":{"@id":"http:\/\/www.rayuelainfancia.com\/blog\/libros-infantiles-de-navidad\/#webpage"},"wordCount":758,"commentCount":0,"publisher":{"@id":"https:\/\/www.rayuelainfancia.com\/blog\/#organization"},"image":{"@id":"http:\/\/www.rayuelainfancia.com\/blog\/libros-infantiles-de-navidad\/#primaryimage"},"thumbnailUrl":"https:\/\/www.rayuelainfancia.com\/blog\/wp-content\/uploads\/2020\/12\/navidad-blog.jpg","articleSection":["Literatura Infantil","Recomendaciones Libros y Juguetes"],"inLanguage":"es","potentialAction":[{"@type":"CommentAction","name":"Comment","target":["http:\/\/www.rayuelainfancia.com\/blog\/libros-infantiles-de-navidad\/#respond"]}]},{"@type":"Person","@id":"https:\/\/www.rayuelainfancia.com\/blog\/#\/schema\/person\/c1aff250c5154e35f53f26d0eba10c45","name":"Rayuelainfancia","image":{"@type":"ImageObject","@id":"https:\/\/www.rayuelainfancia.com\/blog\/#personlogo","inLanguage":"es","url":"https:\/\/secure.gravatar.com\/avatar\/8bf03e7a4bb13ca5c7d0dc6acde2bfd1?s=96&d=mm&r=g","contentUrl":"https:\/\/secure.gravatar.com\/avatar\/8bf03e7a4bb13ca5c7d0dc6acde2bfd1?s=96&d=mm&r=g","caption":"Rayuelainfancia"}}]}},"_links":{"self":[{"href":"https:\/\/www.rayuelainfancia.com\/blog\/wp-json\/wp\/v2\/posts\/4285"}],"collection":[{"href":"https:\/\/www.rayuelainfancia.com\/blog\/wp-json\/wp\/v2\/posts"}],"about":[{"href":"https:\/\/www.rayuelainfancia.com\/blog\/wp-json\/wp\/v2\/types\/post"}],"author":[{"embeddable":true,"href":"https:\/\/www.rayuelainfancia.com\/blog\/wp-json\/wp\/v2\/users\/6"}],"replies":[{"embeddable":true,"href":"https:\/\/www.rayuelainfancia.com\/blog\/wp-json\/wp\/v2\/comments?post=4285"}],"version-history":[{"count":11,"href":"https:\/\/www.rayuelainfancia.com\/blog\/wp-json\/wp\/v2\/posts\/4285\/revisions"}],"predecessor-version":[{"id":4697,"href":"https:\/\/www.rayuelainfancia.com\/blog\/wp-json\/wp\/v2\/posts\/4285\/revisions\/4697"}],"wp:featuredmedia":[{"embeddable":true,"href":"https:\/\/www.rayuelainfancia.com\/blog\/wp-json\/wp\/v2\/media\/4299"}],"wp:attachment":[{"href":"https:\/\/www.rayuelainfancia.com\/blog\/wp-json\/wp\/v2\/media?parent=4285"}],"wp:term":[{"taxonomy":"category","embeddable":true,"href":"https:\/\/www.rayuelainfancia.com\/blog\/wp-json\/wp\/v2\/categories?post=4285"},{"taxonomy":"post_tag","embeddable":true,"href":"https:\/\/www.rayuelainfancia.com\/blog\/wp-json\/wp\/v2\/tags?post=4285"}],"curies":[{"name":"wp","href":"https:\/\/api.w.org\/{rel}","templated":true}]}}