 {"id":4186,"date":"2020-03-23T18:13:25","date_gmt":"2020-03-23T17:13:25","guid":{"rendered":"http:\/\/www.rayuelainfancia.com\/blog\/?p=4186"},"modified":"2022-04-05T11:56:04","modified_gmt":"2022-04-05T09:56:04","slug":"xiii-edicion-las-ninas-y-los-ninos-cuentan","status":"publish","type":"post","link":"https:\/\/www.rayuelainfancia.com\/blog\/xiii-edicion-las-ninas-y-los-ninos-cuentan\/","title":{"rendered":"XIII EDICI\u00d3N LOS NI\u00d1OS Y LAS NI\u00d1AS CUENTAN (DESDE CASA)"},"content":{"rendered":"\r\n<p>En esta primavera diferente que vivimos, queremos seguir celebrando contigo una gran fiesta: <strong><em>Las ni\u00f1as y los ni\u00f1os cuentan desde casa<\/em><\/strong>. Se trata de la <strong>XIII edici\u00f3n<\/strong> ya&#8230; \u00bfTe apuntas?<\/p>\r\n\r\n\r\n\r\n<p><!--more--><\/p>\r\n\r\n\r\n\r\n<h2>XIII Edici\u00f3n Las ni\u00f1as y los ni\u00f1os cuentan desde casa<\/h2>\r\n\r\n\r\n\r\n<p>S\u00ed, has o\u00eddo bien. Para Rayuela, desde hace 13 a\u00f1os, esta es <strong>la actividad m\u00e1s hermosa<\/strong> que realizamos y a la que m\u00e1s cari\u00f1o le tenemos. Una actividad que organizamos para conmemorar el <strong>D\u00eda de la Literatura Infantil y Juvenil<\/strong>, que se celebra el <strong>2 de Abril<\/strong>, coincidiendo con la fecha del nacimiento del escritor dan\u00e9s <strong>Hans Christian Andersen<\/strong>.<\/p>\r\n\r\n\r\n\r\n<p><strong><em>Las ni\u00f1as y los ni\u00f1os cuentan<\/em><\/strong> es el d\u00eda m\u00e1s especial para Rayuela porque es una actividad que teje afectos, la familia se embarca en un <strong>proyecto conjunto<\/strong> y porque supone una actitud de <strong>respeto y escucha<\/strong> hacia nuestras ni\u00f1as y ni\u00f1os. Porque va de lectura, del placer de contarnos historias&#8230; Por todo eso y mucho m\u00e1s, queremos celebrarla este a\u00f1o tambi\u00e9n. As\u00ed que:<\/p>\r\n\r\n\r\n\r\n<p>\u00a1\u00a1<strong>AP\u00daNTATE YA<\/strong> a esta actividad de Narraci\u00f3n Oral!!<\/p>\r\n\r\n\r\n\r\n<figure class=\"wp-block-image\"><img loading=\"lazy\" class=\"alignnone size-full wp-image-4404\" src=\"http:\/\/www.rayuelainfancia.com\/blog\/wp-content\/uploads\/2020\/03\/ninas-ninos.jpg\" alt=\"\" width=\"1024\" height=\"1024\" srcset=\"https:\/\/www.rayuelainfancia.com\/blog\/wp-content\/uploads\/2020\/03\/ninas-ninos.jpg 1024w, https:\/\/www.rayuelainfancia.com\/blog\/wp-content\/uploads\/2020\/03\/ninas-ninos-150x150.jpg 150w, https:\/\/www.rayuelainfancia.com\/blog\/wp-content\/uploads\/2020\/03\/ninas-ninos-300x300.jpg 300w, https:\/\/www.rayuelainfancia.com\/blog\/wp-content\/uploads\/2020\/03\/ninas-ninos-768x768.jpg 768w, https:\/\/www.rayuelainfancia.com\/blog\/wp-content\/uploads\/2020\/03\/ninas-ninos-60x60.jpg 60w\" sizes=\"(max-width: 1024px) 100vw, 1024px\" \/><\/figure>\r\n\r\n\r\n\r\n<blockquote class=\"wp-block-quote\">\r\n<p><strong>Esperamos ya con ilusi\u00f3n a las mejores y los mejores narradores m\u00e1s interesantes y aut\u00e9nticos del a\u00f1o<\/strong>&#8230;<\/p>\r\n<\/blockquote>\r\n\r\n\r\n\r\n<p><strong>Escr\u00edbenos<\/strong> a <a href=\"mailto:actividades@rayuelainfancia.com\">actividades@rayuelainfancia.com<\/a> y d\u00e9janos tu nombre, edad, tel\u00e9fono y si ya lo sabes, el cuento que vas o vais a contar. Te mandaremos <strong>instrucciones y consejos<\/strong> para tu participaci\u00f3n (tiempo de duraci\u00f3n, env\u00edo del v\u00eddeo&#8230;)<\/p>\r\n\r\n\r\n\r\n<p><strong>CU\u00c9NTANOS un cuento<\/strong>, por favor. T\u00fa tienes la palabra y eres \u00e9l\/la protagonista. Recibiremos los cuentos desde hoy y <strong>hasta el d\u00eda 31 de marzo<\/strong>. El d\u00eda 2 ser\u00e1n compartidos toooodos los cuentos para disfrutar y celebrar contigo una gran fiesta \u00a1\u00a1No faltes!!<\/p>\r\n\r\n\r\n\r\n<h2>\u00a1Y Recuerda!<\/h2>\r\n\r\n\r\n\r\n<p>&#8211; Puedes contar el cuento <strong>solo-a o en compa\u00f1\u00ed<\/strong>a (con tu hermano-a, con mam\u00e1, con pap\u00e1 o cualquier otra persona que conviva con vosotros)&#8230;<\/p>\r\n\r\n\r\n\r\n<p>&#8211; Tambi\u00e9n puedes contarnos un cuento <strong>ayud\u00e1ndote de dibujos, marionetas, musiquilla, libros&#8230; o nada.<\/strong> Puedes usar el libro del cuento (en caso de que exista) y pasar las p\u00e1ginas ense\u00f1ando las ilustraciones a la vez que lo cuentas, pero no lo puedes LEER, <strong>nos lo tienes que CONTAR.<\/strong><\/p>\r\n\r\n\r\n\r\n<p>-El cuento ha de extenderse hasta un<strong> m\u00e1ximo de 6 minutos<\/strong> y lo tendr\u00e1s que grabar en <strong>v\u00eddeo. <\/strong><\/p>\r\n\r\n\r\n\r\n<p>Te dejamos un <strong>ejemplo<\/strong> de un cuento narrado por <strong>Lorenzo, de 3 a\u00f1o<\/strong>s. Nos narra junto a su pap\u00e1 <em><a href=\"https:\/\/www.rayuelainfancia.com\/bebes-0-3-anos\/10311-animales.html\">Animales<\/a><\/em>, un libro de Kalandraka, de la colecci\u00f3n De la cuna a la luna.<\/p>\r\n\r\n\r\n\r\n<figure class=\"wp-block-embed-youtube aligncenter wp-block-embed is-type-video is-provider-youtube wp-embed-aspect-16-9 wp-has-aspect-ratio\">\r\n<div class=\"wp-block-embed__wrapper\">https:\/\/www.youtube.com\/watch?v=lJZZKy-ddO0<\/div>\r\n<\/figure>\r\n<div>Esta ha actividad ha contado con la colaboraci\u00f3n del ICAS.<\/div>\r\n<div><img loading=\"lazy\" class=\"alignnone  wp-image-4571\" src=\"http:\/\/www.rayuelainfancia.com\/blog\/wp-content\/uploads\/2021\/11\/logo_ICAS-1.png\" alt=\"\" width=\"187\" height=\"63\" \/><\/div>\r\n\r\n\r\n\r\n<p>&nbsp;<\/p>\r\n","protected":false},"excerpt":{"rendered":"<p>En esta primavera diferente que vivimos, queremos seguir celebrando contigo una gran fiesta: Las ni\u00f1as y los ni\u00f1os cuentan desde casa. Se trata de la XIII edici\u00f3n ya&#8230; \u00bfTe apuntas?<\/p>\n","protected":false},"author":6,"featured_media":4406,"comment_status":"open","ping_status":"open","sticky":false,"template":"","format":"standard","meta":[],"categories":[18],"tags":[],"yoast_head":"<!-- This site is optimized with the Yoast SEO plugin v18.5.1 - https:\/\/yoast.com\/wordpress\/plugins\/seo\/ -->\n<title>XIII EDICI\u00d3N LOS NI\u00d1OS Y LAS NI\u00d1AS CUENTAN (DESDE CASA) &#8902; Blog de Rayuelainfancia<\/title>\n<meta name=\"description\" content=\"Queremos seguir celebrando contigo una gran fiesta: Las ni\u00f1as y los ni\u00f1os cuentan desde casa. Se trata de la XIII edici\u00f3n ya... \u00bfTe apuntas?\" \/>\n<meta name=\"robots\" content=\"index, follow, max-snippet:-1, max-image-preview:large, max-video-preview:-1\" \/>\n<link rel=\"canonical\" href=\"https:\/\/www.rayuelainfancia.com\/blog\/xiii-edicion-las-ninas-y-los-ninos-cuentan\/\" \/>\n<meta property=\"og:locale\" content=\"es_ES\" \/>\n<meta property=\"og:type\" content=\"article\" \/>\n<meta property=\"og:title\" content=\"XIII EDICI\u00d3N LOS NI\u00d1OS Y LAS NI\u00d1AS CUENTAN (DESDE CASA) &#8902; Blog de Rayuelainfancia\" \/>\n<meta property=\"og:description\" content=\"Queremos seguir celebrando contigo una gran fiesta: Las ni\u00f1as y los ni\u00f1os cuentan desde casa. Se trata de la XIII edici\u00f3n ya... \u00bfTe apuntas?\" \/>\n<meta property=\"og:url\" content=\"https:\/\/www.rayuelainfancia.com\/blog\/xiii-edicion-las-ninas-y-los-ninos-cuentan\/\" \/>\n<meta property=\"og:site_name\" content=\"Blog de Rayuelainfancia\" \/>\n<meta property=\"article:publisher\" content=\"https:\/\/www.facebook.com\/pages\/Librer\u00eda-Rayuela\/251861686361\" \/>\n<meta property=\"article:published_time\" content=\"2020-03-23T17:13:25+00:00\" \/>\n<meta property=\"article:modified_time\" content=\"2022-04-05T09:56:04+00:00\" \/>\n<meta property=\"og:image\" content=\"https:\/\/www.rayuelainfancia.com\/blog\/wp-content\/uploads\/2020\/03\/ninas-ninos2.jpg\" \/>\n\t<meta property=\"og:image:width\" content=\"750\" \/>\n\t<meta property=\"og:image:height\" content=\"410\" \/>\n\t<meta property=\"og:image:type\" content=\"image\/jpeg\" \/>\n<meta name=\"twitter:card\" content=\"summary\" \/>\n<meta name=\"twitter:creator\" content=\"@Rayuelainfancia\" \/>\n<meta name=\"twitter:site\" content=\"@Rayuelainfancia\" \/>\n<meta name=\"twitter:label1\" content=\"Written by\" \/>\n\t<meta name=\"twitter:data1\" content=\"Rayuelainfancia\" \/>\n\t<meta name=\"twitter:label2\" content=\"Est. reading time\" \/>\n\t<meta name=\"twitter:data2\" content=\"2 minutos\" \/>\n<script type=\"application\/ld+json\" class=\"yoast-schema-graph\">{\"@context\":\"https:\/\/schema.org\",\"@graph\":[{\"@type\":\"Organization\",\"@id\":\"https:\/\/www.rayuelainfancia.com\/blog\/#organization\",\"name\":\"Rayuelainfancia\",\"url\":\"https:\/\/www.rayuelainfancia.com\/blog\/\",\"sameAs\":[\"https:\/\/www.facebook.com\/pages\/Librer\u00eda-Rayuela\/251861686361\",\"https:\/\/www.youtube.com\/channel\/UCddVaoDjpTp-DexyEVoyazQ\",\"https:\/\/twitter.com\/Rayuelainfancia\"],\"logo\":{\"@type\":\"ImageObject\",\"@id\":\"https:\/\/www.rayuelainfancia.com\/blog\/#logo\",\"inLanguage\":\"es\",\"url\":\"https:\/\/www.rayuelainfancia.com\/blog\/wp-content\/uploads\/2018\/06\/logo-rayuelainfancia-color-corporativo.png\",\"contentUrl\":\"https:\/\/www.rayuelainfancia.com\/blog\/wp-content\/uploads\/2018\/06\/logo-rayuelainfancia-color-corporativo.png\",\"width\":1200,\"height\":680,\"caption\":\"Rayuelainfancia\"},\"image\":{\"@id\":\"https:\/\/www.rayuelainfancia.com\/blog\/#logo\"}},{\"@type\":\"WebSite\",\"@id\":\"https:\/\/www.rayuelainfancia.com\/blog\/#website\",\"url\":\"https:\/\/www.rayuelainfancia.com\/blog\/\",\"name\":\"Blog de Rayuelainfancia\",\"description\":\"Libros infantiles y juegos educaticos respestuosos con la infancia\",\"publisher\":{\"@id\":\"https:\/\/www.rayuelainfancia.com\/blog\/#organization\"},\"potentialAction\":[{\"@type\":\"SearchAction\",\"target\":{\"@type\":\"EntryPoint\",\"urlTemplate\":\"https:\/\/www.rayuelainfancia.com\/blog\/?s={search_term_string}\"},\"query-input\":\"required name=search_term_string\"}],\"inLanguage\":\"es\"},{\"@type\":\"ImageObject\",\"@id\":\"https:\/\/www.rayuelainfancia.com\/blog\/xiii-edicion-las-ninas-y-los-ninos-cuentan\/#primaryimage\",\"inLanguage\":\"es\",\"url\":\"https:\/\/www.rayuelainfancia.com\/blog\/wp-content\/uploads\/2020\/03\/ninas-ninos2.jpg\",\"contentUrl\":\"https:\/\/www.rayuelainfancia.com\/blog\/wp-content\/uploads\/2020\/03\/ninas-ninos2.jpg\",\"width\":750,\"height\":410},{\"@type\":\"WebPage\",\"@id\":\"https:\/\/www.rayuelainfancia.com\/blog\/xiii-edicion-las-ninas-y-los-ninos-cuentan\/#webpage\",\"url\":\"https:\/\/www.rayuelainfancia.com\/blog\/xiii-edicion-las-ninas-y-los-ninos-cuentan\/\",\"name\":\"XIII EDICI\u00d3N LOS NI\u00d1OS Y LAS NI\u00d1AS CUENTAN (DESDE CASA) &#8902; Blog de Rayuelainfancia\",\"isPartOf\":{\"@id\":\"https:\/\/www.rayuelainfancia.com\/blog\/#website\"},\"primaryImageOfPage\":{\"@id\":\"https:\/\/www.rayuelainfancia.com\/blog\/xiii-edicion-las-ninas-y-los-ninos-cuentan\/#primaryimage\"},\"datePublished\":\"2020-03-23T17:13:25+00:00\",\"dateModified\":\"2022-04-05T09:56:04+00:00\",\"description\":\"Queremos seguir celebrando contigo una gran fiesta: Las ni\u00f1as y los ni\u00f1os cuentan desde casa. Se trata de la XIII edici\u00f3n ya... \u00bfTe apuntas?\",\"breadcrumb\":{\"@id\":\"https:\/\/www.rayuelainfancia.com\/blog\/xiii-edicion-las-ninas-y-los-ninos-cuentan\/#breadcrumb\"},\"inLanguage\":\"es\",\"potentialAction\":[{\"@type\":\"ReadAction\",\"target\":[\"https:\/\/www.rayuelainfancia.com\/blog\/xiii-edicion-las-ninas-y-los-ninos-cuentan\/\"]}]},{\"@type\":\"BreadcrumbList\",\"@id\":\"https:\/\/www.rayuelainfancia.com\/blog\/xiii-edicion-las-ninas-y-los-ninos-cuentan\/#breadcrumb\",\"itemListElement\":[{\"@type\":\"ListItem\",\"position\":1,\"name\":\"Portada\",\"item\":\"https:\/\/www.rayuelainfancia.com\/blog\/\"},{\"@type\":\"ListItem\",\"position\":2,\"name\":\"XIII EDICI\u00d3N LOS NI\u00d1OS Y LAS NI\u00d1AS CUENTAN (DESDE CASA)\"}]},{\"@type\":\"Article\",\"@id\":\"https:\/\/www.rayuelainfancia.com\/blog\/xiii-edicion-las-ninas-y-los-ninos-cuentan\/#article\",\"isPartOf\":{\"@id\":\"https:\/\/www.rayuelainfancia.com\/blog\/xiii-edicion-las-ninas-y-los-ninos-cuentan\/#webpage\"},\"author\":{\"@id\":\"https:\/\/www.rayuelainfancia.com\/blog\/#\/schema\/person\/c1aff250c5154e35f53f26d0eba10c45\"},\"headline\":\"XIII EDICI\u00d3N LOS NI\u00d1OS Y LAS NI\u00d1AS CUENTAN (DESDE CASA)\",\"datePublished\":\"2020-03-23T17:13:25+00:00\",\"dateModified\":\"2022-04-05T09:56:04+00:00\",\"mainEntityOfPage\":{\"@id\":\"https:\/\/www.rayuelainfancia.com\/blog\/xiii-edicion-las-ninas-y-los-ninos-cuentan\/#webpage\"},\"wordCount\":470,\"commentCount\":0,\"publisher\":{\"@id\":\"https:\/\/www.rayuelainfancia.com\/blog\/#organization\"},\"image\":{\"@id\":\"https:\/\/www.rayuelainfancia.com\/blog\/xiii-edicion-las-ninas-y-los-ninos-cuentan\/#primaryimage\"},\"thumbnailUrl\":\"https:\/\/www.rayuelainfancia.com\/blog\/wp-content\/uploads\/2020\/03\/ninas-ninos2.jpg\",\"articleSection\":[\"Actividades Cuentacuentos\"],\"inLanguage\":\"es\",\"potentialAction\":[{\"@type\":\"CommentAction\",\"name\":\"Comment\",\"target\":[\"https:\/\/www.rayuelainfancia.com\/blog\/xiii-edicion-las-ninas-y-los-ninos-cuentan\/#respond\"]}]},{\"@type\":\"Person\",\"@id\":\"https:\/\/www.rayuelainfancia.com\/blog\/#\/schema\/person\/c1aff250c5154e35f53f26d0eba10c45\",\"name\":\"Rayuelainfancia\",\"image\":{\"@type\":\"ImageObject\",\"@id\":\"https:\/\/www.rayuelainfancia.com\/blog\/#personlogo\",\"inLanguage\":\"es\",\"url\":\"https:\/\/secure.gravatar.com\/avatar\/8bf03e7a4bb13ca5c7d0dc6acde2bfd1?s=96&d=mm&r=g\",\"contentUrl\":\"https:\/\/secure.gravatar.com\/avatar\/8bf03e7a4bb13ca5c7d0dc6acde2bfd1?s=96&d=mm&r=g\",\"caption\":\"Rayuelainfancia\"}}]}<\/script>\n<!-- \/ Yoast SEO plugin. -->","yoast_head_json":{"title":"XIII EDICI\u00d3N LOS NI\u00d1OS Y LAS NI\u00d1AS CUENTAN (DESDE CASA) &#8902; Blog de Rayuelainfancia","description":"Queremos seguir celebrando contigo una gran fiesta: Las ni\u00f1as y los ni\u00f1os cuentan desde casa. Se trata de la XIII edici\u00f3n ya... \u00bfTe apuntas?","robots":{"index":"index","follow":"follow","max-snippet":"max-snippet:-1","max-image-preview":"max-image-preview:large","max-video-preview":"max-video-preview:-1"},"canonical":"https:\/\/www.rayuelainfancia.com\/blog\/xiii-edicion-las-ninas-y-los-ninos-cuentan\/","og_locale":"es_ES","og_type":"article","og_title":"XIII EDICI\u00d3N LOS NI\u00d1OS Y LAS NI\u00d1AS CUENTAN (DESDE CASA) &#8902; Blog de Rayuelainfancia","og_description":"Queremos seguir celebrando contigo una gran fiesta: Las ni\u00f1as y los ni\u00f1os cuentan desde casa. Se trata de la XIII edici\u00f3n ya... \u00bfTe apuntas?","og_url":"https:\/\/www.rayuelainfancia.com\/blog\/xiii-edicion-las-ninas-y-los-ninos-cuentan\/","og_site_name":"Blog de Rayuelainfancia","article_publisher":"https:\/\/www.facebook.com\/pages\/Librer\u00eda-Rayuela\/251861686361","article_published_time":"2020-03-23T17:13:25+00:00","article_modified_time":"2022-04-05T09:56:04+00:00","og_image":[{"width":750,"height":410,"url":"https:\/\/www.rayuelainfancia.com\/blog\/wp-content\/uploads\/2020\/03\/ninas-ninos2.jpg","type":"image\/jpeg"}],"twitter_card":"summary","twitter_creator":"@Rayuelainfancia","twitter_site":"@Rayuelainfancia","twitter_misc":{"Written by":"Rayuelainfancia","Est. reading time":"2 minutos"},"schema":{"@context":"https:\/\/schema.org","@graph":[{"@type":"Organization","@id":"https:\/\/www.rayuelainfancia.com\/blog\/#organization","name":"Rayuelainfancia","url":"https:\/\/www.rayuelainfancia.com\/blog\/","sameAs":["https:\/\/www.facebook.com\/pages\/Librer\u00eda-Rayuela\/251861686361","https:\/\/www.youtube.com\/channel\/UCddVaoDjpTp-DexyEVoyazQ","https:\/\/twitter.com\/Rayuelainfancia"],"logo":{"@type":"ImageObject","@id":"https:\/\/www.rayuelainfancia.com\/blog\/#logo","inLanguage":"es","url":"https:\/\/www.rayuelainfancia.com\/blog\/wp-content\/uploads\/2018\/06\/logo-rayuelainfancia-color-corporativo.png","contentUrl":"https:\/\/www.rayuelainfancia.com\/blog\/wp-content\/uploads\/2018\/06\/logo-rayuelainfancia-color-corporativo.png","width":1200,"height":680,"caption":"Rayuelainfancia"},"image":{"@id":"https:\/\/www.rayuelainfancia.com\/blog\/#logo"}},{"@type":"WebSite","@id":"https:\/\/www.rayuelainfancia.com\/blog\/#website","url":"https:\/\/www.rayuelainfancia.com\/blog\/","name":"Blog de Rayuelainfancia","description":"Libros infantiles y juegos educaticos respestuosos con la infancia","publisher":{"@id":"https:\/\/www.rayuelainfancia.com\/blog\/#organization"},"potentialAction":[{"@type":"SearchAction","target":{"@type":"EntryPoint","urlTemplate":"https:\/\/www.rayuelainfancia.com\/blog\/?s={search_term_string}"},"query-input":"required name=search_term_string"}],"inLanguage":"es"},{"@type":"ImageObject","@id":"https:\/\/www.rayuelainfancia.com\/blog\/xiii-edicion-las-ninas-y-los-ninos-cuentan\/#primaryimage","inLanguage":"es","url":"https:\/\/www.rayuelainfancia.com\/blog\/wp-content\/uploads\/2020\/03\/ninas-ninos2.jpg","contentUrl":"https:\/\/www.rayuelainfancia.com\/blog\/wp-content\/uploads\/2020\/03\/ninas-ninos2.jpg","width":750,"height":410},{"@type":"WebPage","@id":"https:\/\/www.rayuelainfancia.com\/blog\/xiii-edicion-las-ninas-y-los-ninos-cuentan\/#webpage","url":"https:\/\/www.rayuelainfancia.com\/blog\/xiii-edicion-las-ninas-y-los-ninos-cuentan\/","name":"XIII EDICI\u00d3N LOS NI\u00d1OS Y LAS NI\u00d1AS CUENTAN (DESDE CASA) &#8902; Blog de Rayuelainfancia","isPartOf":{"@id":"https:\/\/www.rayuelainfancia.com\/blog\/#website"},"primaryImageOfPage":{"@id":"https:\/\/www.rayuelainfancia.com\/blog\/xiii-edicion-las-ninas-y-los-ninos-cuentan\/#primaryimage"},"datePublished":"2020-03-23T17:13:25+00:00","dateModified":"2022-04-05T09:56:04+00:00","description":"Queremos seguir celebrando contigo una gran fiesta: Las ni\u00f1as y los ni\u00f1os cuentan desde casa. Se trata de la XIII edici\u00f3n ya... \u00bfTe apuntas?","breadcrumb":{"@id":"https:\/\/www.rayuelainfancia.com\/blog\/xiii-edicion-las-ninas-y-los-ninos-cuentan\/#breadcrumb"},"inLanguage":"es","potentialAction":[{"@type":"ReadAction","target":["https:\/\/www.rayuelainfancia.com\/blog\/xiii-edicion-las-ninas-y-los-ninos-cuentan\/"]}]},{"@type":"BreadcrumbList","@id":"https:\/\/www.rayuelainfancia.com\/blog\/xiii-edicion-las-ninas-y-los-ninos-cuentan\/#breadcrumb","itemListElement":[{"@type":"ListItem","position":1,"name":"Portada","item":"https:\/\/www.rayuelainfancia.com\/blog\/"},{"@type":"ListItem","position":2,"name":"XIII EDICI\u00d3N LOS NI\u00d1OS Y LAS NI\u00d1AS CUENTAN (DESDE CASA)"}]},{"@type":"Article","@id":"https:\/\/www.rayuelainfancia.com\/blog\/xiii-edicion-las-ninas-y-los-ninos-cuentan\/#article","isPartOf":{"@id":"https:\/\/www.rayuelainfancia.com\/blog\/xiii-edicion-las-ninas-y-los-ninos-cuentan\/#webpage"},"author":{"@id":"https:\/\/www.rayuelainfancia.com\/blog\/#\/schema\/person\/c1aff250c5154e35f53f26d0eba10c45"},"headline":"XIII EDICI\u00d3N LOS NI\u00d1OS Y LAS NI\u00d1AS CUENTAN (DESDE CASA)","datePublished":"2020-03-23T17:13:25+00:00","dateModified":"2022-04-05T09:56:04+00:00","mainEntityOfPage":{"@id":"https:\/\/www.rayuelainfancia.com\/blog\/xiii-edicion-las-ninas-y-los-ninos-cuentan\/#webpage"},"wordCount":470,"commentCount":0,"publisher":{"@id":"https:\/\/www.rayuelainfancia.com\/blog\/#organization"},"image":{"@id":"https:\/\/www.rayuelainfancia.com\/blog\/xiii-edicion-las-ninas-y-los-ninos-cuentan\/#primaryimage"},"thumbnailUrl":"https:\/\/www.rayuelainfancia.com\/blog\/wp-content\/uploads\/2020\/03\/ninas-ninos2.jpg","articleSection":["Actividades Cuentacuentos"],"inLanguage":"es","potentialAction":[{"@type":"CommentAction","name":"Comment","target":["https:\/\/www.rayuelainfancia.com\/blog\/xiii-edicion-las-ninas-y-los-ninos-cuentan\/#respond"]}]},{"@type":"Person","@id":"https:\/\/www.rayuelainfancia.com\/blog\/#\/schema\/person\/c1aff250c5154e35f53f26d0eba10c45","name":"Rayuelainfancia","image":{"@type":"ImageObject","@id":"https:\/\/www.rayuelainfancia.com\/blog\/#personlogo","inLanguage":"es","url":"https:\/\/secure.gravatar.com\/avatar\/8bf03e7a4bb13ca5c7d0dc6acde2bfd1?s=96&d=mm&r=g","contentUrl":"https:\/\/secure.gravatar.com\/avatar\/8bf03e7a4bb13ca5c7d0dc6acde2bfd1?s=96&d=mm&r=g","caption":"Rayuelainfancia"}}]}},"_links":{"self":[{"href":"https:\/\/www.rayuelainfancia.com\/blog\/wp-json\/wp\/v2\/posts\/4186"}],"collection":[{"href":"https:\/\/www.rayuelainfancia.com\/blog\/wp-json\/wp\/v2\/posts"}],"about":[{"href":"https:\/\/www.rayuelainfancia.com\/blog\/wp-json\/wp\/v2\/types\/post"}],"author":[{"embeddable":true,"href":"https:\/\/www.rayuelainfancia.com\/blog\/wp-json\/wp\/v2\/users\/6"}],"replies":[{"embeddable":true,"href":"https:\/\/www.rayuelainfancia.com\/blog\/wp-json\/wp\/v2\/comments?post=4186"}],"version-history":[{"count":12,"href":"https:\/\/www.rayuelainfancia.com\/blog\/wp-json\/wp\/v2\/posts\/4186\/revisions"}],"predecessor-version":[{"id":4693,"href":"https:\/\/www.rayuelainfancia.com\/blog\/wp-json\/wp\/v2\/posts\/4186\/revisions\/4693"}],"wp:featuredmedia":[{"embeddable":true,"href":"https:\/\/www.rayuelainfancia.com\/blog\/wp-json\/wp\/v2\/media\/4406"}],"wp:attachment":[{"href":"https:\/\/www.rayuelainfancia.com\/blog\/wp-json\/wp\/v2\/media?parent=4186"}],"wp:term":[{"taxonomy":"category","embeddable":true,"href":"https:\/\/www.rayuelainfancia.com\/blog\/wp-json\/wp\/v2\/categories?post=4186"},{"taxonomy":"post_tag","embeddable":true,"href":"https:\/\/www.rayuelainfancia.com\/blog\/wp-json\/wp\/v2\/tags?post=4186"}],"curies":[{"name":"wp","href":"https:\/\/api.w.org\/{rel}","templated":true}]}}