 {"id":4178,"date":"2020-03-11T11:02:47","date_gmt":"2020-03-11T10:02:47","guid":{"rendered":"http:\/\/www.rayuelainfancia.com\/blog\/?p=4178"},"modified":"2022-04-05T11:54:37","modified_gmt":"2022-04-05T09:54:37","slug":"o-alejandro-pedregosa","status":"publish","type":"post","link":"https:\/\/www.rayuelainfancia.com\/blog\/o-alejandro-pedregosa\/","title":{"rendered":"\u00abO\u00bb DE ALEJANDRO PEDREGOSA"},"content":{"rendered":"\r\n<p>Este<strong> viernes 13<\/strong> de marzo a las <strong>20:00h.<\/strong> en Rayuela te invitamos a la presentaci\u00f3n de <strong>\u00abO\u00bb de Alejandro Pedregosa<\/strong>, un libro de relatos cortos editado por Kalandraka.<\/p>\r\n\r\n\r\n\r\n<p><!--more--><\/p>\r\n\r\n\r\n\r\n<p><strong>Alejandro,<\/strong> autor granadino, nos presentar\u00e1 este interesante libro, contundente y lleno de simbolismo, editado por<strong> Kalandraka<\/strong> en su colecci\u00f3n de <a href=\"http:\/\/www.kalandraka.com\/es\/faktoria-k-de-libros\/nombre-coleccion\/ir\/narrativa-1\/\">Narrativa<\/a> , acompa\u00f1ado por el tambi\u00e9n escritor Jes\u00fas Carrasco.<\/p>\r\n\r\n\r\n\r\n<figure class=\"wp-block-image\"><img loading=\"lazy\" class=\"alignnone size-full wp-image-4399\" src=\"http:\/\/www.rayuelainfancia.com\/blog\/wp-content\/uploads\/2020\/03\/o.jpg\" alt=\"\" width=\"1038\" height=\"691\" srcset=\"https:\/\/www.rayuelainfancia.com\/blog\/wp-content\/uploads\/2020\/03\/o.jpg 1038w, https:\/\/www.rayuelainfancia.com\/blog\/wp-content\/uploads\/2020\/03\/o-300x200.jpg 300w, https:\/\/www.rayuelainfancia.com\/blog\/wp-content\/uploads\/2020\/03\/o-768x511.jpg 768w, https:\/\/www.rayuelainfancia.com\/blog\/wp-content\/uploads\/2020\/03\/o-1024x682.jpg 1024w\" sizes=\"(max-width: 1038px) 100vw, 1038px\" \/><\/figure>\r\n\r\n\r\n\r\n<p><strong>\u00abO\u00bb<\/strong> ya tiene en su haber el <strong>Premio de la Cr\u00edtica Andaluza de Narrativa Breve 2018\u00a0<\/strong> y uno de sus cuentos ha sido <strong>llevado al cine<\/strong> por el director malague\u00f1o Ra\u00fal Mancilla, que gan\u00f3 el Festival de Cortos de Ja\u00e9n.<\/p>\r\n\r\n\r\n\r\n<figure class=\"wp-block-image\"><img loading=\"lazy\" width=\"756\" height=\"691\" class=\"wp-image-4180\" src=\"https:\/\/www.rayuelainfancia.com\/blog\/wp-content\/uploads\/2020\/03\/ALEJANDRO-PEDRAGOSA2.jpg\" alt=\"Presentaci\u00f3n de O de Alejandro Pedregosa en Rayuela\" srcset=\"https:\/\/www.rayuelainfancia.com\/blog\/wp-content\/uploads\/2020\/03\/ALEJANDRO-PEDRAGOSA2.jpg 756w, https:\/\/www.rayuelainfancia.com\/blog\/wp-content\/uploads\/2020\/03\/ALEJANDRO-PEDRAGOSA2-300x274.jpg 300w\" sizes=\"(max-width: 756px) 100vw, 756px\" \/>\r\n<figcaption><strong>Alejandro Pedregosa<\/strong><\/figcaption>\r\n<\/figure>\r\n\r\n\r\n\r\n<p>Recientemente el actor y dramaturgo jienense Manuel Salas ha adaptado la obra al <strong>g\u00e9nero teatral<\/strong>. Historias\u00a0 que beben de la filosof\u00eda, la tradici\u00f3n b\u00edblica, la obra de Rulfo y Borges, llenos de humor, iron\u00eda y reflexi\u00f3n social.<\/p>\r\n\r\n\r\n\r\n<p>Una actividad para <strong>j\u00f3venes y adultos<\/strong>. Te esperamos en <a href=\"http:\/\/www.rayuelainfancia.com\">Rayuela<\/a>.<\/p>\r\n\r\n\r\n\r\n<h2>Presentaci\u00f3n de \u00abO\u00bb de Alejandro Pedregosa<\/h2>\r\n\r\n\r\n\r\n<p><strong>Fecha:<\/strong> viernes 13 de marzo a las 20.00h.<\/p>\r\n\r\n\r\n\r\n<p><strong>Lugar: <\/strong>Librer\u00eda Rayuela C\/ Jos\u00e9 Luis Luque n\u00ba6<\/p>\r\n\r\n\r\n\r\n<p><strong>Edad recomendada:<\/strong> j\u00f3venes y adultos<\/p>\r\n\r\n\r\n\r\n<p><strong>Entrada Libre<\/strong><\/p>\r\n<p>Con la colaboraci\u00f3n de:\u00a0<\/p>\r\n<p><img loading=\"lazy\" class=\"alignnone  wp-image-4368\" src=\"http:\/\/www.rayuelainfancia.com\/blog\/wp-content\/uploads\/2020\/01\/logo-vector-icas-1.jpg\" alt=\"\" width=\"276\" height=\"140\" srcset=\"https:\/\/www.rayuelainfancia.com\/blog\/wp-content\/uploads\/2020\/01\/logo-vector-icas-1.jpg 630w, https:\/\/www.rayuelainfancia.com\/blog\/wp-content\/uploads\/2020\/01\/logo-vector-icas-1-300x152.jpg 300w\" sizes=\"(max-width: 276px) 100vw, 276px\" \/><\/p>\r\n","protected":false},"excerpt":{"rendered":"<p>Este viernes 13 de marzo a las 20:00h. en Rayuela te invitamos a la presentaci\u00f3n de \u00abO\u00bb de Alejandro Pedregosa, un libro de relatos cortos editado por Kalandraka.<\/p>\n","protected":false},"author":6,"featured_media":4401,"comment_status":"open","ping_status":"open","sticky":false,"template":"","format":"standard","meta":[],"categories":[18],"tags":[63,61,28,60,62],"yoast_head":"<!-- This site is optimized with the Yoast SEO plugin v18.5.1 - https:\/\/yoast.com\/wordpress\/plugins\/seo\/ -->\n<title>\u00abO\u00bb DE ALEJANDRO PEDREGOSA &#8902; Blog de Rayuelainfancia<\/title>\n<meta name=\"description\" content=\"Este viernes a las 20:00h. en Rayuela te invitamos a la presentaci\u00f3n de \u00abO\u00bb de Alejandro Pedregosa, un libro de relatos cortos editado por Kalandraka\" \/>\n<meta name=\"robots\" content=\"index, follow, max-snippet:-1, max-image-preview:large, max-video-preview:-1\" \/>\n<link rel=\"canonical\" href=\"https:\/\/www.rayuelainfancia.com\/blog\/o-alejandro-pedregosa\/\" \/>\n<meta property=\"og:locale\" content=\"es_ES\" \/>\n<meta property=\"og:type\" content=\"article\" \/>\n<meta property=\"og:title\" content=\"\u00abO\u00bb DE ALEJANDRO PEDREGOSA &#8902; Blog de Rayuelainfancia\" \/>\n<meta property=\"og:description\" content=\"Este viernes a las 20:00h. en Rayuela te invitamos a la presentaci\u00f3n de \u00abO\u00bb de Alejandro Pedregosa, un libro de relatos cortos editado por Kalandraka\" \/>\n<meta property=\"og:url\" content=\"https:\/\/www.rayuelainfancia.com\/blog\/o-alejandro-pedregosa\/\" \/>\n<meta property=\"og:site_name\" content=\"Blog de Rayuelainfancia\" \/>\n<meta property=\"article:publisher\" content=\"https:\/\/www.facebook.com\/pages\/Librer\u00eda-Rayuela\/251861686361\" \/>\n<meta property=\"article:published_time\" content=\"2020-03-11T10:02:47+00:00\" \/>\n<meta property=\"article:modified_time\" content=\"2022-04-05T09:54:37+00:00\" \/>\n<meta property=\"og:image\" content=\"https:\/\/www.rayuelainfancia.com\/blog\/wp-content\/uploads\/2020\/03\/o2.jpg\" \/>\n\t<meta property=\"og:image:width\" content=\"750\" \/>\n\t<meta property=\"og:image:height\" content=\"410\" \/>\n\t<meta property=\"og:image:type\" content=\"image\/jpeg\" \/>\n<meta name=\"twitter:card\" content=\"summary\" \/>\n<meta name=\"twitter:creator\" content=\"@Rayuelainfancia\" \/>\n<meta name=\"twitter:site\" content=\"@Rayuelainfancia\" \/>\n<meta name=\"twitter:label1\" content=\"Written by\" \/>\n\t<meta name=\"twitter:data1\" content=\"Rayuelainfancia\" \/>\n\t<meta name=\"twitter:label2\" content=\"Est. reading time\" \/>\n\t<meta name=\"twitter:data2\" content=\"1 minuto\" \/>\n<script type=\"application\/ld+json\" class=\"yoast-schema-graph\">{\"@context\":\"https:\/\/schema.org\",\"@graph\":[{\"@type\":\"Organization\",\"@id\":\"https:\/\/www.rayuelainfancia.com\/blog\/#organization\",\"name\":\"Rayuelainfancia\",\"url\":\"https:\/\/www.rayuelainfancia.com\/blog\/\",\"sameAs\":[\"https:\/\/www.facebook.com\/pages\/Librer\u00eda-Rayuela\/251861686361\",\"https:\/\/www.youtube.com\/channel\/UCddVaoDjpTp-DexyEVoyazQ\",\"https:\/\/twitter.com\/Rayuelainfancia\"],\"logo\":{\"@type\":\"ImageObject\",\"@id\":\"https:\/\/www.rayuelainfancia.com\/blog\/#logo\",\"inLanguage\":\"es\",\"url\":\"https:\/\/www.rayuelainfancia.com\/blog\/wp-content\/uploads\/2018\/06\/logo-rayuelainfancia-color-corporativo.png\",\"contentUrl\":\"https:\/\/www.rayuelainfancia.com\/blog\/wp-content\/uploads\/2018\/06\/logo-rayuelainfancia-color-corporativo.png\",\"width\":1200,\"height\":680,\"caption\":\"Rayuelainfancia\"},\"image\":{\"@id\":\"https:\/\/www.rayuelainfancia.com\/blog\/#logo\"}},{\"@type\":\"WebSite\",\"@id\":\"https:\/\/www.rayuelainfancia.com\/blog\/#website\",\"url\":\"https:\/\/www.rayuelainfancia.com\/blog\/\",\"name\":\"Blog de Rayuelainfancia\",\"description\":\"Libros infantiles y juegos educaticos respestuosos con la infancia\",\"publisher\":{\"@id\":\"https:\/\/www.rayuelainfancia.com\/blog\/#organization\"},\"potentialAction\":[{\"@type\":\"SearchAction\",\"target\":{\"@type\":\"EntryPoint\",\"urlTemplate\":\"https:\/\/www.rayuelainfancia.com\/blog\/?s={search_term_string}\"},\"query-input\":\"required name=search_term_string\"}],\"inLanguage\":\"es\"},{\"@type\":\"ImageObject\",\"@id\":\"https:\/\/www.rayuelainfancia.com\/blog\/o-alejandro-pedregosa\/#primaryimage\",\"inLanguage\":\"es\",\"url\":\"https:\/\/www.rayuelainfancia.com\/blog\/wp-content\/uploads\/2020\/03\/o2.jpg\",\"contentUrl\":\"https:\/\/www.rayuelainfancia.com\/blog\/wp-content\/uploads\/2020\/03\/o2.jpg\",\"width\":750,\"height\":410},{\"@type\":\"WebPage\",\"@id\":\"https:\/\/www.rayuelainfancia.com\/blog\/o-alejandro-pedregosa\/#webpage\",\"url\":\"https:\/\/www.rayuelainfancia.com\/blog\/o-alejandro-pedregosa\/\",\"name\":\"\u00abO\u00bb DE ALEJANDRO PEDREGOSA &#8902; Blog de Rayuelainfancia\",\"isPartOf\":{\"@id\":\"https:\/\/www.rayuelainfancia.com\/blog\/#website\"},\"primaryImageOfPage\":{\"@id\":\"https:\/\/www.rayuelainfancia.com\/blog\/o-alejandro-pedregosa\/#primaryimage\"},\"datePublished\":\"2020-03-11T10:02:47+00:00\",\"dateModified\":\"2022-04-05T09:54:37+00:00\",\"description\":\"Este viernes a las 20:00h. en Rayuela te invitamos a la presentaci\u00f3n de \u00abO\u00bb de Alejandro Pedregosa, un libro de relatos cortos editado por Kalandraka\",\"breadcrumb\":{\"@id\":\"https:\/\/www.rayuelainfancia.com\/blog\/o-alejandro-pedregosa\/#breadcrumb\"},\"inLanguage\":\"es\",\"potentialAction\":[{\"@type\":\"ReadAction\",\"target\":[\"https:\/\/www.rayuelainfancia.com\/blog\/o-alejandro-pedregosa\/\"]}]},{\"@type\":\"BreadcrumbList\",\"@id\":\"https:\/\/www.rayuelainfancia.com\/blog\/o-alejandro-pedregosa\/#breadcrumb\",\"itemListElement\":[{\"@type\":\"ListItem\",\"position\":1,\"name\":\"Portada\",\"item\":\"https:\/\/www.rayuelainfancia.com\/blog\/\"},{\"@type\":\"ListItem\",\"position\":2,\"name\":\"\u00abO\u00bb DE ALEJANDRO PEDREGOSA\"}]},{\"@type\":\"Article\",\"@id\":\"https:\/\/www.rayuelainfancia.com\/blog\/o-alejandro-pedregosa\/#article\",\"isPartOf\":{\"@id\":\"https:\/\/www.rayuelainfancia.com\/blog\/o-alejandro-pedregosa\/#webpage\"},\"author\":{\"@id\":\"https:\/\/www.rayuelainfancia.com\/blog\/#\/schema\/person\/c1aff250c5154e35f53f26d0eba10c45\"},\"headline\":\"\u00abO\u00bb DE ALEJANDRO PEDREGOSA\",\"datePublished\":\"2020-03-11T10:02:47+00:00\",\"dateModified\":\"2022-04-05T09:54:37+00:00\",\"mainEntityOfPage\":{\"@id\":\"https:\/\/www.rayuelainfancia.com\/blog\/o-alejandro-pedregosa\/#webpage\"},\"wordCount\":199,\"commentCount\":0,\"publisher\":{\"@id\":\"https:\/\/www.rayuelainfancia.com\/blog\/#organization\"},\"image\":{\"@id\":\"https:\/\/www.rayuelainfancia.com\/blog\/o-alejandro-pedregosa\/#primaryimage\"},\"thumbnailUrl\":\"https:\/\/www.rayuelainfancia.com\/blog\/wp-content\/uploads\/2020\/03\/o2.jpg\",\"keywords\":[\"cultura\",\"kalandraka\",\"libros\",\"literatura\",\"relatos cortos\"],\"articleSection\":[\"Actividades Cuentacuentos\"],\"inLanguage\":\"es\",\"potentialAction\":[{\"@type\":\"CommentAction\",\"name\":\"Comment\",\"target\":[\"https:\/\/www.rayuelainfancia.com\/blog\/o-alejandro-pedregosa\/#respond\"]}]},{\"@type\":\"Person\",\"@id\":\"https:\/\/www.rayuelainfancia.com\/blog\/#\/schema\/person\/c1aff250c5154e35f53f26d0eba10c45\",\"name\":\"Rayuelainfancia\",\"image\":{\"@type\":\"ImageObject\",\"@id\":\"https:\/\/www.rayuelainfancia.com\/blog\/#personlogo\",\"inLanguage\":\"es\",\"url\":\"https:\/\/secure.gravatar.com\/avatar\/8bf03e7a4bb13ca5c7d0dc6acde2bfd1?s=96&d=mm&r=g\",\"contentUrl\":\"https:\/\/secure.gravatar.com\/avatar\/8bf03e7a4bb13ca5c7d0dc6acde2bfd1?s=96&d=mm&r=g\",\"caption\":\"Rayuelainfancia\"}}]}<\/script>\n<!-- \/ Yoast SEO plugin. -->","yoast_head_json":{"title":"\u00abO\u00bb DE ALEJANDRO PEDREGOSA &#8902; Blog de Rayuelainfancia","description":"Este viernes a las 20:00h. en Rayuela te invitamos a la presentaci\u00f3n de \u00abO\u00bb de Alejandro Pedregosa, un libro de relatos cortos editado por Kalandraka","robots":{"index":"index","follow":"follow","max-snippet":"max-snippet:-1","max-image-preview":"max-image-preview:large","max-video-preview":"max-video-preview:-1"},"canonical":"https:\/\/www.rayuelainfancia.com\/blog\/o-alejandro-pedregosa\/","og_locale":"es_ES","og_type":"article","og_title":"\u00abO\u00bb DE ALEJANDRO PEDREGOSA &#8902; Blog de Rayuelainfancia","og_description":"Este viernes a las 20:00h. en Rayuela te invitamos a la presentaci\u00f3n de \u00abO\u00bb de Alejandro Pedregosa, un libro de relatos cortos editado por Kalandraka","og_url":"https:\/\/www.rayuelainfancia.com\/blog\/o-alejandro-pedregosa\/","og_site_name":"Blog de Rayuelainfancia","article_publisher":"https:\/\/www.facebook.com\/pages\/Librer\u00eda-Rayuela\/251861686361","article_published_time":"2020-03-11T10:02:47+00:00","article_modified_time":"2022-04-05T09:54:37+00:00","og_image":[{"width":750,"height":410,"url":"https:\/\/www.rayuelainfancia.com\/blog\/wp-content\/uploads\/2020\/03\/o2.jpg","type":"image\/jpeg"}],"twitter_card":"summary","twitter_creator":"@Rayuelainfancia","twitter_site":"@Rayuelainfancia","twitter_misc":{"Written by":"Rayuelainfancia","Est. reading time":"1 minuto"},"schema":{"@context":"https:\/\/schema.org","@graph":[{"@type":"Organization","@id":"https:\/\/www.rayuelainfancia.com\/blog\/#organization","name":"Rayuelainfancia","url":"https:\/\/www.rayuelainfancia.com\/blog\/","sameAs":["https:\/\/www.facebook.com\/pages\/Librer\u00eda-Rayuela\/251861686361","https:\/\/www.youtube.com\/channel\/UCddVaoDjpTp-DexyEVoyazQ","https:\/\/twitter.com\/Rayuelainfancia"],"logo":{"@type":"ImageObject","@id":"https:\/\/www.rayuelainfancia.com\/blog\/#logo","inLanguage":"es","url":"https:\/\/www.rayuelainfancia.com\/blog\/wp-content\/uploads\/2018\/06\/logo-rayuelainfancia-color-corporativo.png","contentUrl":"https:\/\/www.rayuelainfancia.com\/blog\/wp-content\/uploads\/2018\/06\/logo-rayuelainfancia-color-corporativo.png","width":1200,"height":680,"caption":"Rayuelainfancia"},"image":{"@id":"https:\/\/www.rayuelainfancia.com\/blog\/#logo"}},{"@type":"WebSite","@id":"https:\/\/www.rayuelainfancia.com\/blog\/#website","url":"https:\/\/www.rayuelainfancia.com\/blog\/","name":"Blog de Rayuelainfancia","description":"Libros infantiles y juegos educaticos respestuosos con la infancia","publisher":{"@id":"https:\/\/www.rayuelainfancia.com\/blog\/#organization"},"potentialAction":[{"@type":"SearchAction","target":{"@type":"EntryPoint","urlTemplate":"https:\/\/www.rayuelainfancia.com\/blog\/?s={search_term_string}"},"query-input":"required name=search_term_string"}],"inLanguage":"es"},{"@type":"ImageObject","@id":"https:\/\/www.rayuelainfancia.com\/blog\/o-alejandro-pedregosa\/#primaryimage","inLanguage":"es","url":"https:\/\/www.rayuelainfancia.com\/blog\/wp-content\/uploads\/2020\/03\/o2.jpg","contentUrl":"https:\/\/www.rayuelainfancia.com\/blog\/wp-content\/uploads\/2020\/03\/o2.jpg","width":750,"height":410},{"@type":"WebPage","@id":"https:\/\/www.rayuelainfancia.com\/blog\/o-alejandro-pedregosa\/#webpage","url":"https:\/\/www.rayuelainfancia.com\/blog\/o-alejandro-pedregosa\/","name":"\u00abO\u00bb DE ALEJANDRO PEDREGOSA &#8902; Blog de Rayuelainfancia","isPartOf":{"@id":"https:\/\/www.rayuelainfancia.com\/blog\/#website"},"primaryImageOfPage":{"@id":"https:\/\/www.rayuelainfancia.com\/blog\/o-alejandro-pedregosa\/#primaryimage"},"datePublished":"2020-03-11T10:02:47+00:00","dateModified":"2022-04-05T09:54:37+00:00","description":"Este viernes a las 20:00h. en Rayuela te invitamos a la presentaci\u00f3n de \u00abO\u00bb de Alejandro Pedregosa, un libro de relatos cortos editado por Kalandraka","breadcrumb":{"@id":"https:\/\/www.rayuelainfancia.com\/blog\/o-alejandro-pedregosa\/#breadcrumb"},"inLanguage":"es","potentialAction":[{"@type":"ReadAction","target":["https:\/\/www.rayuelainfancia.com\/blog\/o-alejandro-pedregosa\/"]}]},{"@type":"BreadcrumbList","@id":"https:\/\/www.rayuelainfancia.com\/blog\/o-alejandro-pedregosa\/#breadcrumb","itemListElement":[{"@type":"ListItem","position":1,"name":"Portada","item":"https:\/\/www.rayuelainfancia.com\/blog\/"},{"@type":"ListItem","position":2,"name":"\u00abO\u00bb DE ALEJANDRO PEDREGOSA"}]},{"@type":"Article","@id":"https:\/\/www.rayuelainfancia.com\/blog\/o-alejandro-pedregosa\/#article","isPartOf":{"@id":"https:\/\/www.rayuelainfancia.com\/blog\/o-alejandro-pedregosa\/#webpage"},"author":{"@id":"https:\/\/www.rayuelainfancia.com\/blog\/#\/schema\/person\/c1aff250c5154e35f53f26d0eba10c45"},"headline":"\u00abO\u00bb DE ALEJANDRO PEDREGOSA","datePublished":"2020-03-11T10:02:47+00:00","dateModified":"2022-04-05T09:54:37+00:00","mainEntityOfPage":{"@id":"https:\/\/www.rayuelainfancia.com\/blog\/o-alejandro-pedregosa\/#webpage"},"wordCount":199,"commentCount":0,"publisher":{"@id":"https:\/\/www.rayuelainfancia.com\/blog\/#organization"},"image":{"@id":"https:\/\/www.rayuelainfancia.com\/blog\/o-alejandro-pedregosa\/#primaryimage"},"thumbnailUrl":"https:\/\/www.rayuelainfancia.com\/blog\/wp-content\/uploads\/2020\/03\/o2.jpg","keywords":["cultura","kalandraka","libros","literatura","relatos cortos"],"articleSection":["Actividades Cuentacuentos"],"inLanguage":"es","potentialAction":[{"@type":"CommentAction","name":"Comment","target":["https:\/\/www.rayuelainfancia.com\/blog\/o-alejandro-pedregosa\/#respond"]}]},{"@type":"Person","@id":"https:\/\/www.rayuelainfancia.com\/blog\/#\/schema\/person\/c1aff250c5154e35f53f26d0eba10c45","name":"Rayuelainfancia","image":{"@type":"ImageObject","@id":"https:\/\/www.rayuelainfancia.com\/blog\/#personlogo","inLanguage":"es","url":"https:\/\/secure.gravatar.com\/avatar\/8bf03e7a4bb13ca5c7d0dc6acde2bfd1?s=96&d=mm&r=g","contentUrl":"https:\/\/secure.gravatar.com\/avatar\/8bf03e7a4bb13ca5c7d0dc6acde2bfd1?s=96&d=mm&r=g","caption":"Rayuelainfancia"}}]}},"_links":{"self":[{"href":"https:\/\/www.rayuelainfancia.com\/blog\/wp-json\/wp\/v2\/posts\/4178"}],"collection":[{"href":"https:\/\/www.rayuelainfancia.com\/blog\/wp-json\/wp\/v2\/posts"}],"about":[{"href":"https:\/\/www.rayuelainfancia.com\/blog\/wp-json\/wp\/v2\/types\/post"}],"author":[{"embeddable":true,"href":"https:\/\/www.rayuelainfancia.com\/blog\/wp-json\/wp\/v2\/users\/6"}],"replies":[{"embeddable":true,"href":"https:\/\/www.rayuelainfancia.com\/blog\/wp-json\/wp\/v2\/comments?post=4178"}],"version-history":[{"count":5,"href":"https:\/\/www.rayuelainfancia.com\/blog\/wp-json\/wp\/v2\/posts\/4178\/revisions"}],"predecessor-version":[{"id":4403,"href":"https:\/\/www.rayuelainfancia.com\/blog\/wp-json\/wp\/v2\/posts\/4178\/revisions\/4403"}],"wp:featuredmedia":[{"embeddable":true,"href":"https:\/\/www.rayuelainfancia.com\/blog\/wp-json\/wp\/v2\/media\/4401"}],"wp:attachment":[{"href":"https:\/\/www.rayuelainfancia.com\/blog\/wp-json\/wp\/v2\/media?parent=4178"}],"wp:term":[{"taxonomy":"category","embeddable":true,"href":"https:\/\/www.rayuelainfancia.com\/blog\/wp-json\/wp\/v2\/categories?post=4178"},{"taxonomy":"post_tag","embeddable":true,"href":"https:\/\/www.rayuelainfancia.com\/blog\/wp-json\/wp\/v2\/tags?post=4178"}],"curies":[{"name":"wp","href":"https:\/\/api.w.org\/{rel}","templated":true}]}}