 {"id":4143,"date":"2020-03-03T19:04:20","date_gmt":"2020-03-03T18:04:20","guid":{"rendered":"http:\/\/www.rayuelainfancia.com\/blog\/?p=4143"},"modified":"2022-04-05T11:53:55","modified_gmt":"2022-04-05T09:53:55","slug":"nanas-para-dormir-a-la-luna","status":"publish","type":"post","link":"https:\/\/www.rayuelainfancia.com\/blog\/nanas-para-dormir-a-la-luna\/","title":{"rendered":"NANAS PARA DORMIR A LA LUNA"},"content":{"rendered":"\r\n<p>El pr\u00f3ximo <strong>s\u00e1bado 7<\/strong> de<strong> marzo <\/strong>a las 12:00h en Rayuela te invitamos a la presentaci\u00f3n del libro <em><strong>Nanas para dormir a la luna<\/strong><\/em>. Vengan, escuchen, canten y vean&#8230;<\/p>\r\n\r\n\r\n\r\n<p><!--more--><\/p>\r\n\r\n\r\n\r\n<p>Una<strong> sesi\u00f3n<\/strong> muy <strong>participativa<\/strong> para toda la familia. Las nanas, los arrullos, son las primeras melod\u00edas que escuchamos.<\/p>\r\n\r\n\r\n\r\n<p>Este s\u00e1bado tenemos la oportunidad de conocer m\u00e1s profundamente un <strong><a href=\"https:\/\/www.rayuelainfancia.com\/bebes-0-3-anos\/11791-nanas-para-dormir-a-la-luna.html\">hermoso libro<\/a><\/strong> de nanas, titulado<strong> <em><a href=\"https:\/\/www.rayuelainfancia.com\/bebes-0-3-anos\/11791-nanas-para-dormir-a-la-luna.html\">Nanas para dormir a la<\/a> <a href=\"https:\/\/www.rayuelainfancia.com\/bebes-0-3-anos\/11791-nanas-para-dormir-a-la-luna.html\">luna<\/a><\/em><\/strong>, editado por <strong><a href=\"http:\/\/nubeocho.com\/index.php\/es\/\">NubeOcho<\/a><\/strong>.<\/p>\r\n\r\n\r\n\r\n<p>Tendremos con nosotros a su autora<strong>, Luisa Mar\u00eda Mart\u00edn Alonso <\/strong>y a su ilustrador,<strong> Antonio Su\u00e1rez Mu\u00f1oz<\/strong>.<\/p>\r\n\r\n\r\n\r\n<p>Pondr\u00e1n<strong> voz y guitarra<\/strong> al evento, Reyes P\u00e9rez y Jos\u00e9 Luis Castro. Un libro-cancionero que adem\u00e1s, <strong>contiene un CD <\/strong>y c\u00f3digos QR para que padres, madres, t\u00edos y abuelas aprendamos a cantarlas.<\/p>\r\n\r\n\r\n\r\n<figure class=\"wp-block-image\"><img loading=\"lazy\" class=\"alignnone size-full wp-image-4392\" src=\"http:\/\/www.rayuelainfancia.com\/blog\/wp-content\/uploads\/2020\/03\/nanas-dormir.jpg\" alt=\"\" width=\"724\" height=\"1024\" srcset=\"https:\/\/www.rayuelainfancia.com\/blog\/wp-content\/uploads\/2020\/03\/nanas-dormir.jpg 724w, https:\/\/www.rayuelainfancia.com\/blog\/wp-content\/uploads\/2020\/03\/nanas-dormir-212x300.jpg 212w\" sizes=\"(max-width: 724px) 100vw, 724px\" \/><\/figure>\r\n\r\n\r\n\r\n<p>Un buen regalo que te <strong>puedes llevar firmado<\/strong> por sus autores. Te esperamos en Rayuela, porque las nanas no tienen edad.<\/p>\r\n\r\n\r\n\r\n<h2>Nanas para dormir a la luna<\/h2>\r\n\r\n\r\n\r\n<p><strong>Fecha<\/strong>: s\u00e1bado 7 de marzo a las 12:00h.<\/p>\r\n\r\n\r\n\r\n<p><strong>Lugar<\/strong>: Librer\u00eda Rayuela C\/Jos\u00e9 Luis Luque n\u00ba6<\/p>\r\n\r\n\r\n\r\n<p><strong>Edad recomendada<\/strong>: para todas las edades<\/p>\r\n\r\n\r\n\r\n<p><strong>Entrada libre<\/strong><\/p>\r\n<p>Con la colaboraci\u00f3n de:<\/p>\r\n<p><img loading=\"lazy\" class=\"alignnone  wp-image-4368\" src=\"http:\/\/www.rayuelainfancia.com\/blog\/wp-content\/uploads\/2020\/01\/logo-vector-icas-1.jpg\" alt=\"\" width=\"228\" height=\"116\" srcset=\"https:\/\/www.rayuelainfancia.com\/blog\/wp-content\/uploads\/2020\/01\/logo-vector-icas-1.jpg 630w, https:\/\/www.rayuelainfancia.com\/blog\/wp-content\/uploads\/2020\/01\/logo-vector-icas-1-300x152.jpg 300w\" sizes=\"(max-width: 228px) 100vw, 228px\" \/><\/p>\r\n","protected":false},"excerpt":{"rendered":"<p>El pr\u00f3ximo s\u00e1bado 7 de marzo a las 12:00h en Rayuela te invitamos a la presentaci\u00f3n del libro Nanas para dormir a la luna. Vengan, escuchen, canten y vean&#8230;<\/p>\n","protected":false},"author":6,"featured_media":4144,"comment_status":"open","ping_status":"open","sticky":false,"template":"","format":"standard","meta":[],"categories":[18,21],"tags":[28,49,48,45],"yoast_head":"<!-- This site is optimized with the Yoast SEO plugin v18.5.1 - https:\/\/yoast.com\/wordpress\/plugins\/seo\/ -->\n<title>NANAS PARA DORMIR A LA LUNA &#8902; Blog de Rayuelainfancia<\/title>\n<meta name=\"description\" content=\"Este s\u00e1bado en Rayuela te invitamos a la presentaci\u00f3n del libro &quot;Nanas para dormir a la luna&quot;. Una sesi\u00f3n muy participativa para toda la familia\" \/>\n<meta name=\"robots\" content=\"index, follow, max-snippet:-1, max-image-preview:large, max-video-preview:-1\" \/>\n<link rel=\"canonical\" href=\"https:\/\/www.rayuelainfancia.com\/blog\/nanas-para-dormir-a-la-luna\/\" \/>\n<meta property=\"og:locale\" content=\"es_ES\" \/>\n<meta property=\"og:type\" content=\"article\" \/>\n<meta property=\"og:title\" content=\"NANAS PARA DORMIR A LA LUNA &#8902; Blog de Rayuelainfancia\" \/>\n<meta property=\"og:description\" content=\"Este s\u00e1bado en Rayuela te invitamos a la presentaci\u00f3n del libro &quot;Nanas para dormir a la luna&quot;. Una sesi\u00f3n muy participativa para toda la familia\" \/>\n<meta property=\"og:url\" content=\"https:\/\/www.rayuelainfancia.com\/blog\/nanas-para-dormir-a-la-luna\/\" \/>\n<meta property=\"og:site_name\" content=\"Blog de Rayuelainfancia\" \/>\n<meta property=\"article:publisher\" content=\"https:\/\/www.facebook.com\/pages\/Librer\u00eda-Rayuela\/251861686361\" \/>\n<meta property=\"article:published_time\" content=\"2020-03-03T18:04:20+00:00\" \/>\n<meta property=\"article:modified_time\" content=\"2022-04-05T09:53:55+00:00\" \/>\n<meta property=\"og:image\" content=\"https:\/\/www.rayuelainfancia.com\/blog\/wp-content\/uploads\/2020\/03\/Nanasparadormiralaluna.jpg\" \/>\n\t<meta property=\"og:image:width\" content=\"1550\" \/>\n\t<meta property=\"og:image:height\" content=\"1200\" \/>\n\t<meta property=\"og:image:type\" content=\"image\/jpeg\" \/>\n<meta name=\"twitter:card\" content=\"summary\" \/>\n<meta name=\"twitter:creator\" content=\"@Rayuelainfancia\" \/>\n<meta name=\"twitter:site\" content=\"@Rayuelainfancia\" \/>\n<meta name=\"twitter:label1\" content=\"Written by\" \/>\n\t<meta name=\"twitter:data1\" content=\"Rayuelainfancia\" \/>\n\t<meta name=\"twitter:label2\" content=\"Est. reading time\" \/>\n\t<meta name=\"twitter:data2\" content=\"1 minuto\" \/>\n<script type=\"application\/ld+json\" class=\"yoast-schema-graph\">{\"@context\":\"https:\/\/schema.org\",\"@graph\":[{\"@type\":\"Organization\",\"@id\":\"https:\/\/www.rayuelainfancia.com\/blog\/#organization\",\"name\":\"Rayuelainfancia\",\"url\":\"https:\/\/www.rayuelainfancia.com\/blog\/\",\"sameAs\":[\"https:\/\/www.facebook.com\/pages\/Librer\u00eda-Rayuela\/251861686361\",\"https:\/\/www.youtube.com\/channel\/UCddVaoDjpTp-DexyEVoyazQ\",\"https:\/\/twitter.com\/Rayuelainfancia\"],\"logo\":{\"@type\":\"ImageObject\",\"@id\":\"https:\/\/www.rayuelainfancia.com\/blog\/#logo\",\"inLanguage\":\"es\",\"url\":\"https:\/\/www.rayuelainfancia.com\/blog\/wp-content\/uploads\/2018\/06\/logo-rayuelainfancia-color-corporativo.png\",\"contentUrl\":\"https:\/\/www.rayuelainfancia.com\/blog\/wp-content\/uploads\/2018\/06\/logo-rayuelainfancia-color-corporativo.png\",\"width\":1200,\"height\":680,\"caption\":\"Rayuelainfancia\"},\"image\":{\"@id\":\"https:\/\/www.rayuelainfancia.com\/blog\/#logo\"}},{\"@type\":\"WebSite\",\"@id\":\"https:\/\/www.rayuelainfancia.com\/blog\/#website\",\"url\":\"https:\/\/www.rayuelainfancia.com\/blog\/\",\"name\":\"Blog de Rayuelainfancia\",\"description\":\"Libros infantiles y juegos educaticos respestuosos con la infancia\",\"publisher\":{\"@id\":\"https:\/\/www.rayuelainfancia.com\/blog\/#organization\"},\"potentialAction\":[{\"@type\":\"SearchAction\",\"target\":{\"@type\":\"EntryPoint\",\"urlTemplate\":\"https:\/\/www.rayuelainfancia.com\/blog\/?s={search_term_string}\"},\"query-input\":\"required name=search_term_string\"}],\"inLanguage\":\"es\"},{\"@type\":\"ImageObject\",\"@id\":\"https:\/\/www.rayuelainfancia.com\/blog\/nanas-para-dormir-a-la-luna\/#primaryimage\",\"inLanguage\":\"es\",\"url\":\"https:\/\/www.rayuelainfancia.com\/blog\/wp-content\/uploads\/2020\/03\/Nanasparadormiralaluna.jpg\",\"contentUrl\":\"https:\/\/www.rayuelainfancia.com\/blog\/wp-content\/uploads\/2020\/03\/Nanasparadormiralaluna.jpg\",\"width\":1550,\"height\":1200,\"caption\":\"Presentaci\u00f3n en Rayuela del libro de nanas \\\"Nanas para dormir a la luna\\\" de NubeOcho\"},{\"@type\":\"WebPage\",\"@id\":\"https:\/\/www.rayuelainfancia.com\/blog\/nanas-para-dormir-a-la-luna\/#webpage\",\"url\":\"https:\/\/www.rayuelainfancia.com\/blog\/nanas-para-dormir-a-la-luna\/\",\"name\":\"NANAS PARA DORMIR A LA LUNA &#8902; Blog de Rayuelainfancia\",\"isPartOf\":{\"@id\":\"https:\/\/www.rayuelainfancia.com\/blog\/#website\"},\"primaryImageOfPage\":{\"@id\":\"https:\/\/www.rayuelainfancia.com\/blog\/nanas-para-dormir-a-la-luna\/#primaryimage\"},\"datePublished\":\"2020-03-03T18:04:20+00:00\",\"dateModified\":\"2022-04-05T09:53:55+00:00\",\"description\":\"Este s\u00e1bado en Rayuela te invitamos a la presentaci\u00f3n del libro \\\"Nanas para dormir a la luna\\\". Una sesi\u00f3n muy participativa para toda la familia\",\"breadcrumb\":{\"@id\":\"https:\/\/www.rayuelainfancia.com\/blog\/nanas-para-dormir-a-la-luna\/#breadcrumb\"},\"inLanguage\":\"es\",\"potentialAction\":[{\"@type\":\"ReadAction\",\"target\":[\"https:\/\/www.rayuelainfancia.com\/blog\/nanas-para-dormir-a-la-luna\/\"]}]},{\"@type\":\"BreadcrumbList\",\"@id\":\"https:\/\/www.rayuelainfancia.com\/blog\/nanas-para-dormir-a-la-luna\/#breadcrumb\",\"itemListElement\":[{\"@type\":\"ListItem\",\"position\":1,\"name\":\"Portada\",\"item\":\"https:\/\/www.rayuelainfancia.com\/blog\/\"},{\"@type\":\"ListItem\",\"position\":2,\"name\":\"NANAS PARA DORMIR A LA LUNA\"}]},{\"@type\":\"Article\",\"@id\":\"https:\/\/www.rayuelainfancia.com\/blog\/nanas-para-dormir-a-la-luna\/#article\",\"isPartOf\":{\"@id\":\"https:\/\/www.rayuelainfancia.com\/blog\/nanas-para-dormir-a-la-luna\/#webpage\"},\"author\":{\"@id\":\"https:\/\/www.rayuelainfancia.com\/blog\/#\/schema\/person\/c1aff250c5154e35f53f26d0eba10c45\"},\"headline\":\"NANAS PARA DORMIR A LA LUNA\",\"datePublished\":\"2020-03-03T18:04:20+00:00\",\"dateModified\":\"2022-04-05T09:53:55+00:00\",\"mainEntityOfPage\":{\"@id\":\"https:\/\/www.rayuelainfancia.com\/blog\/nanas-para-dormir-a-la-luna\/#webpage\"},\"wordCount\":198,\"commentCount\":0,\"publisher\":{\"@id\":\"https:\/\/www.rayuelainfancia.com\/blog\/#organization\"},\"image\":{\"@id\":\"https:\/\/www.rayuelainfancia.com\/blog\/nanas-para-dormir-a-la-luna\/#primaryimage\"},\"thumbnailUrl\":\"https:\/\/www.rayuelainfancia.com\/blog\/wp-content\/uploads\/2020\/03\/Nanasparadormiralaluna.jpg\",\"keywords\":[\"libros\",\"libros para 0 a\u00f1os\",\"libros para beb\u00e9s\",\"nanas\"],\"articleSection\":[\"Actividades Cuentacuentos\",\"Literatura Infantil\"],\"inLanguage\":\"es\",\"potentialAction\":[{\"@type\":\"CommentAction\",\"name\":\"Comment\",\"target\":[\"https:\/\/www.rayuelainfancia.com\/blog\/nanas-para-dormir-a-la-luna\/#respond\"]}]},{\"@type\":\"Person\",\"@id\":\"https:\/\/www.rayuelainfancia.com\/blog\/#\/schema\/person\/c1aff250c5154e35f53f26d0eba10c45\",\"name\":\"Rayuelainfancia\",\"image\":{\"@type\":\"ImageObject\",\"@id\":\"https:\/\/www.rayuelainfancia.com\/blog\/#personlogo\",\"inLanguage\":\"es\",\"url\":\"https:\/\/secure.gravatar.com\/avatar\/8bf03e7a4bb13ca5c7d0dc6acde2bfd1?s=96&d=mm&r=g\",\"contentUrl\":\"https:\/\/secure.gravatar.com\/avatar\/8bf03e7a4bb13ca5c7d0dc6acde2bfd1?s=96&d=mm&r=g\",\"caption\":\"Rayuelainfancia\"}}]}<\/script>\n<!-- \/ Yoast SEO plugin. -->","yoast_head_json":{"title":"NANAS PARA DORMIR A LA LUNA &#8902; Blog de Rayuelainfancia","description":"Este s\u00e1bado en Rayuela te invitamos a la presentaci\u00f3n del libro \"Nanas para dormir a la luna\". Una sesi\u00f3n muy participativa para toda la familia","robots":{"index":"index","follow":"follow","max-snippet":"max-snippet:-1","max-image-preview":"max-image-preview:large","max-video-preview":"max-video-preview:-1"},"canonical":"https:\/\/www.rayuelainfancia.com\/blog\/nanas-para-dormir-a-la-luna\/","og_locale":"es_ES","og_type":"article","og_title":"NANAS PARA DORMIR A LA LUNA &#8902; Blog de Rayuelainfancia","og_description":"Este s\u00e1bado en Rayuela te invitamos a la presentaci\u00f3n del libro \"Nanas para dormir a la luna\". Una sesi\u00f3n muy participativa para toda la familia","og_url":"https:\/\/www.rayuelainfancia.com\/blog\/nanas-para-dormir-a-la-luna\/","og_site_name":"Blog de Rayuelainfancia","article_publisher":"https:\/\/www.facebook.com\/pages\/Librer\u00eda-Rayuela\/251861686361","article_published_time":"2020-03-03T18:04:20+00:00","article_modified_time":"2022-04-05T09:53:55+00:00","og_image":[{"width":1550,"height":1200,"url":"https:\/\/www.rayuelainfancia.com\/blog\/wp-content\/uploads\/2020\/03\/Nanasparadormiralaluna.jpg","type":"image\/jpeg"}],"twitter_card":"summary","twitter_creator":"@Rayuelainfancia","twitter_site":"@Rayuelainfancia","twitter_misc":{"Written by":"Rayuelainfancia","Est. reading time":"1 minuto"},"schema":{"@context":"https:\/\/schema.org","@graph":[{"@type":"Organization","@id":"https:\/\/www.rayuelainfancia.com\/blog\/#organization","name":"Rayuelainfancia","url":"https:\/\/www.rayuelainfancia.com\/blog\/","sameAs":["https:\/\/www.facebook.com\/pages\/Librer\u00eda-Rayuela\/251861686361","https:\/\/www.youtube.com\/channel\/UCddVaoDjpTp-DexyEVoyazQ","https:\/\/twitter.com\/Rayuelainfancia"],"logo":{"@type":"ImageObject","@id":"https:\/\/www.rayuelainfancia.com\/blog\/#logo","inLanguage":"es","url":"https:\/\/www.rayuelainfancia.com\/blog\/wp-content\/uploads\/2018\/06\/logo-rayuelainfancia-color-corporativo.png","contentUrl":"https:\/\/www.rayuelainfancia.com\/blog\/wp-content\/uploads\/2018\/06\/logo-rayuelainfancia-color-corporativo.png","width":1200,"height":680,"caption":"Rayuelainfancia"},"image":{"@id":"https:\/\/www.rayuelainfancia.com\/blog\/#logo"}},{"@type":"WebSite","@id":"https:\/\/www.rayuelainfancia.com\/blog\/#website","url":"https:\/\/www.rayuelainfancia.com\/blog\/","name":"Blog de Rayuelainfancia","description":"Libros infantiles y juegos educaticos respestuosos con la infancia","publisher":{"@id":"https:\/\/www.rayuelainfancia.com\/blog\/#organization"},"potentialAction":[{"@type":"SearchAction","target":{"@type":"EntryPoint","urlTemplate":"https:\/\/www.rayuelainfancia.com\/blog\/?s={search_term_string}"},"query-input":"required name=search_term_string"}],"inLanguage":"es"},{"@type":"ImageObject","@id":"https:\/\/www.rayuelainfancia.com\/blog\/nanas-para-dormir-a-la-luna\/#primaryimage","inLanguage":"es","url":"https:\/\/www.rayuelainfancia.com\/blog\/wp-content\/uploads\/2020\/03\/Nanasparadormiralaluna.jpg","contentUrl":"https:\/\/www.rayuelainfancia.com\/blog\/wp-content\/uploads\/2020\/03\/Nanasparadormiralaluna.jpg","width":1550,"height":1200,"caption":"Presentaci\u00f3n en Rayuela del libro de nanas \"Nanas para dormir a la luna\" de NubeOcho"},{"@type":"WebPage","@id":"https:\/\/www.rayuelainfancia.com\/blog\/nanas-para-dormir-a-la-luna\/#webpage","url":"https:\/\/www.rayuelainfancia.com\/blog\/nanas-para-dormir-a-la-luna\/","name":"NANAS PARA DORMIR A LA LUNA &#8902; Blog de Rayuelainfancia","isPartOf":{"@id":"https:\/\/www.rayuelainfancia.com\/blog\/#website"},"primaryImageOfPage":{"@id":"https:\/\/www.rayuelainfancia.com\/blog\/nanas-para-dormir-a-la-luna\/#primaryimage"},"datePublished":"2020-03-03T18:04:20+00:00","dateModified":"2022-04-05T09:53:55+00:00","description":"Este s\u00e1bado en Rayuela te invitamos a la presentaci\u00f3n del libro \"Nanas para dormir a la luna\". Una sesi\u00f3n muy participativa para toda la familia","breadcrumb":{"@id":"https:\/\/www.rayuelainfancia.com\/blog\/nanas-para-dormir-a-la-luna\/#breadcrumb"},"inLanguage":"es","potentialAction":[{"@type":"ReadAction","target":["https:\/\/www.rayuelainfancia.com\/blog\/nanas-para-dormir-a-la-luna\/"]}]},{"@type":"BreadcrumbList","@id":"https:\/\/www.rayuelainfancia.com\/blog\/nanas-para-dormir-a-la-luna\/#breadcrumb","itemListElement":[{"@type":"ListItem","position":1,"name":"Portada","item":"https:\/\/www.rayuelainfancia.com\/blog\/"},{"@type":"ListItem","position":2,"name":"NANAS PARA DORMIR A LA LUNA"}]},{"@type":"Article","@id":"https:\/\/www.rayuelainfancia.com\/blog\/nanas-para-dormir-a-la-luna\/#article","isPartOf":{"@id":"https:\/\/www.rayuelainfancia.com\/blog\/nanas-para-dormir-a-la-luna\/#webpage"},"author":{"@id":"https:\/\/www.rayuelainfancia.com\/blog\/#\/schema\/person\/c1aff250c5154e35f53f26d0eba10c45"},"headline":"NANAS PARA DORMIR A LA LUNA","datePublished":"2020-03-03T18:04:20+00:00","dateModified":"2022-04-05T09:53:55+00:00","mainEntityOfPage":{"@id":"https:\/\/www.rayuelainfancia.com\/blog\/nanas-para-dormir-a-la-luna\/#webpage"},"wordCount":198,"commentCount":0,"publisher":{"@id":"https:\/\/www.rayuelainfancia.com\/blog\/#organization"},"image":{"@id":"https:\/\/www.rayuelainfancia.com\/blog\/nanas-para-dormir-a-la-luna\/#primaryimage"},"thumbnailUrl":"https:\/\/www.rayuelainfancia.com\/blog\/wp-content\/uploads\/2020\/03\/Nanasparadormiralaluna.jpg","keywords":["libros","libros para 0 a\u00f1os","libros para beb\u00e9s","nanas"],"articleSection":["Actividades Cuentacuentos","Literatura Infantil"],"inLanguage":"es","potentialAction":[{"@type":"CommentAction","name":"Comment","target":["https:\/\/www.rayuelainfancia.com\/blog\/nanas-para-dormir-a-la-luna\/#respond"]}]},{"@type":"Person","@id":"https:\/\/www.rayuelainfancia.com\/blog\/#\/schema\/person\/c1aff250c5154e35f53f26d0eba10c45","name":"Rayuelainfancia","image":{"@type":"ImageObject","@id":"https:\/\/www.rayuelainfancia.com\/blog\/#personlogo","inLanguage":"es","url":"https:\/\/secure.gravatar.com\/avatar\/8bf03e7a4bb13ca5c7d0dc6acde2bfd1?s=96&d=mm&r=g","contentUrl":"https:\/\/secure.gravatar.com\/avatar\/8bf03e7a4bb13ca5c7d0dc6acde2bfd1?s=96&d=mm&r=g","caption":"Rayuelainfancia"}}]}},"_links":{"self":[{"href":"https:\/\/www.rayuelainfancia.com\/blog\/wp-json\/wp\/v2\/posts\/4143"}],"collection":[{"href":"https:\/\/www.rayuelainfancia.com\/blog\/wp-json\/wp\/v2\/posts"}],"about":[{"href":"https:\/\/www.rayuelainfancia.com\/blog\/wp-json\/wp\/v2\/types\/post"}],"author":[{"embeddable":true,"href":"https:\/\/www.rayuelainfancia.com\/blog\/wp-json\/wp\/v2\/users\/6"}],"replies":[{"embeddable":true,"href":"https:\/\/www.rayuelainfancia.com\/blog\/wp-json\/wp\/v2\/comments?post=4143"}],"version-history":[{"count":5,"href":"https:\/\/www.rayuelainfancia.com\/blog\/wp-json\/wp\/v2\/posts\/4143\/revisions"}],"predecessor-version":[{"id":4393,"href":"https:\/\/www.rayuelainfancia.com\/blog\/wp-json\/wp\/v2\/posts\/4143\/revisions\/4393"}],"wp:featuredmedia":[{"embeddable":true,"href":"https:\/\/www.rayuelainfancia.com\/blog\/wp-json\/wp\/v2\/media\/4144"}],"wp:attachment":[{"href":"https:\/\/www.rayuelainfancia.com\/blog\/wp-json\/wp\/v2\/media?parent=4143"}],"wp:term":[{"taxonomy":"category","embeddable":true,"href":"https:\/\/www.rayuelainfancia.com\/blog\/wp-json\/wp\/v2\/categories?post=4143"},{"taxonomy":"post_tag","embeddable":true,"href":"https:\/\/www.rayuelainfancia.com\/blog\/wp-json\/wp\/v2\/tags?post=4143"}],"curies":[{"name":"wp","href":"https:\/\/api.w.org\/{rel}","templated":true}]}}