 {"id":4077,"date":"2020-02-12T10:09:39","date_gmt":"2020-02-12T09:09:39","guid":{"rendered":"http:\/\/www.rayuelainfancia.com\/blog\/?p=4077"},"modified":"2022-04-05T11:47:39","modified_gmt":"2022-04-05T09:47:39","slug":"el-arbol-de-los-versos-actividad","status":"publish","type":"post","link":"https:\/\/www.rayuelainfancia.com\/blog\/el-arbol-de-los-versos-actividad\/","title":{"rendered":"EL \u00c1RBOL DE LOS VERSOS [ACTIVIDAD]"},"content":{"rendered":"\r\n<p>Este <strong>s\u00e1bado 15<\/strong> de febrero a las<strong> 12:00h<\/strong> en Rayuela, te invitamos a la presentaci\u00f3n de <em><strong>El \u00e1rbol de los versos<\/strong><\/em>, un libro de poes\u00eda para ni\u00f1os muy especial.<\/p>\r\n\r\n\r\n\r\n<p><!--more--><\/p>\r\n\r\n\r\n\r\n<p>En <em>El \u00e1rbol de los versos<\/em>, el <strong>libro<\/strong> de <strong>poes\u00eda biling\u00fce<\/strong> que presentamos, se posan <strong>poemas<\/strong> movidos por los cuatro vientos, mariposas, hormiguitas y una gata que se llama Lola.<\/p>\r\n\r\n\r\n\r\n<p>Estar\u00e1n con nosotros <strong>la autora y la ilustradora<\/strong> de este libro publicado por <strong><a href=\"https:\/\/www.edicionesenhuida.es\/\">Ediciones en huida<\/a>.<\/strong><\/p>\r\n\r\n\r\n\r\n<p>Con la <strong>poeta<\/strong> <strong><a href=\"https:\/\/es.wikipedia.org\/wiki\/Alejandra_Vanessa\">Alejandra Vanessa<\/a><\/strong>, vamos a escuchar un <strong>cuentapoemas <\/strong>en el que asistiremos a la boda de un calamar, volaremos cometas po\u00e9ticas hasta el centro de la selva y, guiados por la<strong> ilustradora Irene Su\u00e1rez<\/strong>, <strong>dibujaremos<\/strong> de una forma muy especial ese<strong> \u00e1rbol de versos<\/strong> que nos aguarda con las ramas abiertas y <strong>la imaginaci\u00f3n despierta<\/strong>.<\/p>\r\n\r\n\r\n\r\n<div class=\"wp-block-image\">\r\n<figure class=\"aligncenter\"><img loading=\"lazy\" class=\"alignnone size-full wp-image-4380\" src=\"http:\/\/www.rayuelainfancia.com\/blog\/wp-content\/uploads\/2020\/02\/versos.jpg\" alt=\"\" width=\"479\" height=\"688\" srcset=\"https:\/\/www.rayuelainfancia.com\/blog\/wp-content\/uploads\/2020\/02\/versos.jpg 479w, https:\/\/www.rayuelainfancia.com\/blog\/wp-content\/uploads\/2020\/02\/versos-209x300.jpg 209w\" sizes=\"(max-width: 479px) 100vw, 479px\" \/>\r\n<figcaption><strong>\u00a1Te esperamos!<\/strong><\/figcaption>\r\n<\/figure>\r\n<\/div>\r\n\r\n\r\n\r\n<p><strong>Te esperamos <\/strong>en Rayuela, sobre todo <strong>si tienes entre 3 y 103 a\u00f1os<\/strong>.<\/p>\r\n\r\n\r\n\r\n<h2>Resumen de la actividad<\/h2>\r\n\r\n\r\n\r\n<p><strong>Fecha<\/strong>: s\u00e1bado 15 de febrero a las 12:00h<\/p>\r\n\r\n\r\n\r\n<p><strong>Lugar<\/strong>: Librer\u00eda Rayuela, C\/ Jos\u00e9 Luis Luque n\u00ba6 Sevilla<\/p>\r\n\r\n\r\n\r\n<p><strong>Edad recomendada<\/strong>: de 3 a 103 a\u00f1os<\/p>\r\n\r\n\r\n\r\n<p><strong>Entrada gratuita. No hace falta reserva.<\/strong><\/p>\r\n\r\n\r\n\r\n<p>Si te gusta la poes\u00eda, te invitamos a visitar nuestra <strong><a href=\"https:\/\/www.rayuelainfancia.com\/12-poesia\">secci\u00f3n online de poes\u00eda para ni\u00f1os, ni\u00f1as<\/a><\/strong> (y tambi\u00e9n para mayores).<\/p>\r\n<p>Con la colaboraci\u00f3n de:<\/p>\r\n<p><img loading=\"lazy\" class=\"alignnone  wp-image-4368\" src=\"http:\/\/www.rayuelainfancia.com\/blog\/wp-content\/uploads\/2020\/01\/logo-vector-icas-1.jpg\" alt=\"\" width=\"197\" height=\"100\" srcset=\"https:\/\/www.rayuelainfancia.com\/blog\/wp-content\/uploads\/2020\/01\/logo-vector-icas-1.jpg 630w, https:\/\/www.rayuelainfancia.com\/blog\/wp-content\/uploads\/2020\/01\/logo-vector-icas-1-300x152.jpg 300w\" sizes=\"(max-width: 197px) 100vw, 197px\" \/><\/p>\r\n","protected":false},"excerpt":{"rendered":"<p>Este s\u00e1bado 15 de febrero a las 12:00h en Rayuela, te invitamos a la presentaci\u00f3n de El \u00e1rbol de los versos, un libro de poes\u00eda para ni\u00f1os muy especial.<\/p>\n","protected":false},"author":6,"featured_media":4379,"comment_status":"open","ping_status":"open","sticky":false,"template":"","format":"standard","meta":[],"categories":[18],"tags":[28,36],"yoast_head":"<!-- This site is optimized with the Yoast SEO plugin v18.5.1 - https:\/\/yoast.com\/wordpress\/plugins\/seo\/ -->\n<title>EL \u00c1RBOL DE LOS VERSOS [ACTIVIDAD] &#8902; Blog de Rayuelainfancia<\/title>\n<meta name=\"description\" content=\"Este s\u00e1bado 15 de febrero a las 12:00h en Rayuela, te invitamos a la presentaci\u00f3n de El \u00e1rbol de los versos, un libro de poes\u00eda para ni\u00f1os muy especial.\" \/>\n<meta name=\"robots\" content=\"index, follow, max-snippet:-1, max-image-preview:large, max-video-preview:-1\" \/>\n<link rel=\"canonical\" href=\"https:\/\/www.rayuelainfancia.com\/blog\/el-arbol-de-los-versos-actividad\/\" \/>\n<meta property=\"og:locale\" content=\"es_ES\" \/>\n<meta property=\"og:type\" content=\"article\" \/>\n<meta property=\"og:title\" content=\"EL \u00c1RBOL DE LOS VERSOS [ACTIVIDAD] &#8902; Blog de Rayuelainfancia\" \/>\n<meta property=\"og:description\" content=\"Este s\u00e1bado 15 de febrero a las 12:00h en Rayuela, te invitamos a la presentaci\u00f3n de El \u00e1rbol de los versos, un libro de poes\u00eda para ni\u00f1os muy especial.\" \/>\n<meta property=\"og:url\" content=\"https:\/\/www.rayuelainfancia.com\/blog\/el-arbol-de-los-versos-actividad\/\" \/>\n<meta property=\"og:site_name\" content=\"Blog de Rayuelainfancia\" \/>\n<meta property=\"article:publisher\" content=\"https:\/\/www.facebook.com\/pages\/Librer\u00eda-Rayuela\/251861686361\" \/>\n<meta property=\"article:published_time\" content=\"2020-02-12T09:09:39+00:00\" \/>\n<meta property=\"article:modified_time\" content=\"2022-04-05T09:47:39+00:00\" \/>\n<meta property=\"og:image\" content=\"https:\/\/www.rayuelainfancia.com\/blog\/wp-content\/uploads\/2020\/02\/versos2.jpg\" \/>\n\t<meta property=\"og:image:width\" content=\"750\" \/>\n\t<meta property=\"og:image:height\" content=\"410\" \/>\n\t<meta property=\"og:image:type\" content=\"image\/jpeg\" \/>\n<meta name=\"twitter:card\" content=\"summary\" \/>\n<meta name=\"twitter:creator\" content=\"@Rayuelainfancia\" \/>\n<meta name=\"twitter:site\" content=\"@Rayuelainfancia\" \/>\n<meta name=\"twitter:label1\" content=\"Written by\" \/>\n\t<meta name=\"twitter:data1\" content=\"Rayuelainfancia\" \/>\n\t<meta name=\"twitter:label2\" content=\"Est. reading time\" \/>\n\t<meta name=\"twitter:data2\" content=\"1 minuto\" \/>\n<script type=\"application\/ld+json\" class=\"yoast-schema-graph\">{\"@context\":\"https:\/\/schema.org\",\"@graph\":[{\"@type\":\"Organization\",\"@id\":\"https:\/\/www.rayuelainfancia.com\/blog\/#organization\",\"name\":\"Rayuelainfancia\",\"url\":\"https:\/\/www.rayuelainfancia.com\/blog\/\",\"sameAs\":[\"https:\/\/www.facebook.com\/pages\/Librer\u00eda-Rayuela\/251861686361\",\"https:\/\/www.youtube.com\/channel\/UCddVaoDjpTp-DexyEVoyazQ\",\"https:\/\/twitter.com\/Rayuelainfancia\"],\"logo\":{\"@type\":\"ImageObject\",\"@id\":\"https:\/\/www.rayuelainfancia.com\/blog\/#logo\",\"inLanguage\":\"es\",\"url\":\"https:\/\/www.rayuelainfancia.com\/blog\/wp-content\/uploads\/2018\/06\/logo-rayuelainfancia-color-corporativo.png\",\"contentUrl\":\"https:\/\/www.rayuelainfancia.com\/blog\/wp-content\/uploads\/2018\/06\/logo-rayuelainfancia-color-corporativo.png\",\"width\":1200,\"height\":680,\"caption\":\"Rayuelainfancia\"},\"image\":{\"@id\":\"https:\/\/www.rayuelainfancia.com\/blog\/#logo\"}},{\"@type\":\"WebSite\",\"@id\":\"https:\/\/www.rayuelainfancia.com\/blog\/#website\",\"url\":\"https:\/\/www.rayuelainfancia.com\/blog\/\",\"name\":\"Blog de Rayuelainfancia\",\"description\":\"Libros infantiles y juegos educaticos respestuosos con la infancia\",\"publisher\":{\"@id\":\"https:\/\/www.rayuelainfancia.com\/blog\/#organization\"},\"potentialAction\":[{\"@type\":\"SearchAction\",\"target\":{\"@type\":\"EntryPoint\",\"urlTemplate\":\"https:\/\/www.rayuelainfancia.com\/blog\/?s={search_term_string}\"},\"query-input\":\"required name=search_term_string\"}],\"inLanguage\":\"es\"},{\"@type\":\"ImageObject\",\"@id\":\"https:\/\/www.rayuelainfancia.com\/blog\/el-arbol-de-los-versos-actividad\/#primaryimage\",\"inLanguage\":\"es\",\"url\":\"https:\/\/www.rayuelainfancia.com\/blog\/wp-content\/uploads\/2020\/02\/versos2.jpg\",\"contentUrl\":\"https:\/\/www.rayuelainfancia.com\/blog\/wp-content\/uploads\/2020\/02\/versos2.jpg\",\"width\":750,\"height\":410},{\"@type\":\"WebPage\",\"@id\":\"https:\/\/www.rayuelainfancia.com\/blog\/el-arbol-de-los-versos-actividad\/#webpage\",\"url\":\"https:\/\/www.rayuelainfancia.com\/blog\/el-arbol-de-los-versos-actividad\/\",\"name\":\"EL \u00c1RBOL DE LOS VERSOS [ACTIVIDAD] &#8902; Blog de Rayuelainfancia\",\"isPartOf\":{\"@id\":\"https:\/\/www.rayuelainfancia.com\/blog\/#website\"},\"primaryImageOfPage\":{\"@id\":\"https:\/\/www.rayuelainfancia.com\/blog\/el-arbol-de-los-versos-actividad\/#primaryimage\"},\"datePublished\":\"2020-02-12T09:09:39+00:00\",\"dateModified\":\"2022-04-05T09:47:39+00:00\",\"description\":\"Este s\u00e1bado 15 de febrero a las 12:00h en Rayuela, te invitamos a la presentaci\u00f3n de El \u00e1rbol de los versos, un libro de poes\u00eda para ni\u00f1os muy especial.\",\"breadcrumb\":{\"@id\":\"https:\/\/www.rayuelainfancia.com\/blog\/el-arbol-de-los-versos-actividad\/#breadcrumb\"},\"inLanguage\":\"es\",\"potentialAction\":[{\"@type\":\"ReadAction\",\"target\":[\"https:\/\/www.rayuelainfancia.com\/blog\/el-arbol-de-los-versos-actividad\/\"]}]},{\"@type\":\"BreadcrumbList\",\"@id\":\"https:\/\/www.rayuelainfancia.com\/blog\/el-arbol-de-los-versos-actividad\/#breadcrumb\",\"itemListElement\":[{\"@type\":\"ListItem\",\"position\":1,\"name\":\"Portada\",\"item\":\"https:\/\/www.rayuelainfancia.com\/blog\/\"},{\"@type\":\"ListItem\",\"position\":2,\"name\":\"EL \u00c1RBOL DE LOS VERSOS [ACTIVIDAD]\"}]},{\"@type\":\"Article\",\"@id\":\"https:\/\/www.rayuelainfancia.com\/blog\/el-arbol-de-los-versos-actividad\/#article\",\"isPartOf\":{\"@id\":\"https:\/\/www.rayuelainfancia.com\/blog\/el-arbol-de-los-versos-actividad\/#webpage\"},\"author\":{\"@id\":\"https:\/\/www.rayuelainfancia.com\/blog\/#\/schema\/person\/c1aff250c5154e35f53f26d0eba10c45\"},\"headline\":\"EL \u00c1RBOL DE LOS VERSOS [ACTIVIDAD]\",\"datePublished\":\"2020-02-12T09:09:39+00:00\",\"dateModified\":\"2022-04-05T09:47:39+00:00\",\"mainEntityOfPage\":{\"@id\":\"https:\/\/www.rayuelainfancia.com\/blog\/el-arbol-de-los-versos-actividad\/#webpage\"},\"wordCount\":227,\"commentCount\":0,\"publisher\":{\"@id\":\"https:\/\/www.rayuelainfancia.com\/blog\/#organization\"},\"image\":{\"@id\":\"https:\/\/www.rayuelainfancia.com\/blog\/el-arbol-de-los-versos-actividad\/#primaryimage\"},\"thumbnailUrl\":\"https:\/\/www.rayuelainfancia.com\/blog\/wp-content\/uploads\/2020\/02\/versos2.jpg\",\"keywords\":[\"libros\",\"poesia\"],\"articleSection\":[\"Actividades Cuentacuentos\"],\"inLanguage\":\"es\",\"potentialAction\":[{\"@type\":\"CommentAction\",\"name\":\"Comment\",\"target\":[\"https:\/\/www.rayuelainfancia.com\/blog\/el-arbol-de-los-versos-actividad\/#respond\"]}]},{\"@type\":\"Person\",\"@id\":\"https:\/\/www.rayuelainfancia.com\/blog\/#\/schema\/person\/c1aff250c5154e35f53f26d0eba10c45\",\"name\":\"Rayuelainfancia\",\"image\":{\"@type\":\"ImageObject\",\"@id\":\"https:\/\/www.rayuelainfancia.com\/blog\/#personlogo\",\"inLanguage\":\"es\",\"url\":\"https:\/\/secure.gravatar.com\/avatar\/8bf03e7a4bb13ca5c7d0dc6acde2bfd1?s=96&d=mm&r=g\",\"contentUrl\":\"https:\/\/secure.gravatar.com\/avatar\/8bf03e7a4bb13ca5c7d0dc6acde2bfd1?s=96&d=mm&r=g\",\"caption\":\"Rayuelainfancia\"}}]}<\/script>\n<!-- \/ Yoast SEO plugin. -->","yoast_head_json":{"title":"EL \u00c1RBOL DE LOS VERSOS [ACTIVIDAD] &#8902; Blog de Rayuelainfancia","description":"Este s\u00e1bado 15 de febrero a las 12:00h en Rayuela, te invitamos a la presentaci\u00f3n de El \u00e1rbol de los versos, un libro de poes\u00eda para ni\u00f1os muy especial.","robots":{"index":"index","follow":"follow","max-snippet":"max-snippet:-1","max-image-preview":"max-image-preview:large","max-video-preview":"max-video-preview:-1"},"canonical":"https:\/\/www.rayuelainfancia.com\/blog\/el-arbol-de-los-versos-actividad\/","og_locale":"es_ES","og_type":"article","og_title":"EL \u00c1RBOL DE LOS VERSOS [ACTIVIDAD] &#8902; Blog de Rayuelainfancia","og_description":"Este s\u00e1bado 15 de febrero a las 12:00h en Rayuela, te invitamos a la presentaci\u00f3n de El \u00e1rbol de los versos, un libro de poes\u00eda para ni\u00f1os muy especial.","og_url":"https:\/\/www.rayuelainfancia.com\/blog\/el-arbol-de-los-versos-actividad\/","og_site_name":"Blog de Rayuelainfancia","article_publisher":"https:\/\/www.facebook.com\/pages\/Librer\u00eda-Rayuela\/251861686361","article_published_time":"2020-02-12T09:09:39+00:00","article_modified_time":"2022-04-05T09:47:39+00:00","og_image":[{"width":750,"height":410,"url":"https:\/\/www.rayuelainfancia.com\/blog\/wp-content\/uploads\/2020\/02\/versos2.jpg","type":"image\/jpeg"}],"twitter_card":"summary","twitter_creator":"@Rayuelainfancia","twitter_site":"@Rayuelainfancia","twitter_misc":{"Written by":"Rayuelainfancia","Est. reading time":"1 minuto"},"schema":{"@context":"https:\/\/schema.org","@graph":[{"@type":"Organization","@id":"https:\/\/www.rayuelainfancia.com\/blog\/#organization","name":"Rayuelainfancia","url":"https:\/\/www.rayuelainfancia.com\/blog\/","sameAs":["https:\/\/www.facebook.com\/pages\/Librer\u00eda-Rayuela\/251861686361","https:\/\/www.youtube.com\/channel\/UCddVaoDjpTp-DexyEVoyazQ","https:\/\/twitter.com\/Rayuelainfancia"],"logo":{"@type":"ImageObject","@id":"https:\/\/www.rayuelainfancia.com\/blog\/#logo","inLanguage":"es","url":"https:\/\/www.rayuelainfancia.com\/blog\/wp-content\/uploads\/2018\/06\/logo-rayuelainfancia-color-corporativo.png","contentUrl":"https:\/\/www.rayuelainfancia.com\/blog\/wp-content\/uploads\/2018\/06\/logo-rayuelainfancia-color-corporativo.png","width":1200,"height":680,"caption":"Rayuelainfancia"},"image":{"@id":"https:\/\/www.rayuelainfancia.com\/blog\/#logo"}},{"@type":"WebSite","@id":"https:\/\/www.rayuelainfancia.com\/blog\/#website","url":"https:\/\/www.rayuelainfancia.com\/blog\/","name":"Blog de Rayuelainfancia","description":"Libros infantiles y juegos educaticos respestuosos con la infancia","publisher":{"@id":"https:\/\/www.rayuelainfancia.com\/blog\/#organization"},"potentialAction":[{"@type":"SearchAction","target":{"@type":"EntryPoint","urlTemplate":"https:\/\/www.rayuelainfancia.com\/blog\/?s={search_term_string}"},"query-input":"required name=search_term_string"}],"inLanguage":"es"},{"@type":"ImageObject","@id":"https:\/\/www.rayuelainfancia.com\/blog\/el-arbol-de-los-versos-actividad\/#primaryimage","inLanguage":"es","url":"https:\/\/www.rayuelainfancia.com\/blog\/wp-content\/uploads\/2020\/02\/versos2.jpg","contentUrl":"https:\/\/www.rayuelainfancia.com\/blog\/wp-content\/uploads\/2020\/02\/versos2.jpg","width":750,"height":410},{"@type":"WebPage","@id":"https:\/\/www.rayuelainfancia.com\/blog\/el-arbol-de-los-versos-actividad\/#webpage","url":"https:\/\/www.rayuelainfancia.com\/blog\/el-arbol-de-los-versos-actividad\/","name":"EL \u00c1RBOL DE LOS VERSOS [ACTIVIDAD] &#8902; Blog de Rayuelainfancia","isPartOf":{"@id":"https:\/\/www.rayuelainfancia.com\/blog\/#website"},"primaryImageOfPage":{"@id":"https:\/\/www.rayuelainfancia.com\/blog\/el-arbol-de-los-versos-actividad\/#primaryimage"},"datePublished":"2020-02-12T09:09:39+00:00","dateModified":"2022-04-05T09:47:39+00:00","description":"Este s\u00e1bado 15 de febrero a las 12:00h en Rayuela, te invitamos a la presentaci\u00f3n de El \u00e1rbol de los versos, un libro de poes\u00eda para ni\u00f1os muy especial.","breadcrumb":{"@id":"https:\/\/www.rayuelainfancia.com\/blog\/el-arbol-de-los-versos-actividad\/#breadcrumb"},"inLanguage":"es","potentialAction":[{"@type":"ReadAction","target":["https:\/\/www.rayuelainfancia.com\/blog\/el-arbol-de-los-versos-actividad\/"]}]},{"@type":"BreadcrumbList","@id":"https:\/\/www.rayuelainfancia.com\/blog\/el-arbol-de-los-versos-actividad\/#breadcrumb","itemListElement":[{"@type":"ListItem","position":1,"name":"Portada","item":"https:\/\/www.rayuelainfancia.com\/blog\/"},{"@type":"ListItem","position":2,"name":"EL \u00c1RBOL DE LOS VERSOS [ACTIVIDAD]"}]},{"@type":"Article","@id":"https:\/\/www.rayuelainfancia.com\/blog\/el-arbol-de-los-versos-actividad\/#article","isPartOf":{"@id":"https:\/\/www.rayuelainfancia.com\/blog\/el-arbol-de-los-versos-actividad\/#webpage"},"author":{"@id":"https:\/\/www.rayuelainfancia.com\/blog\/#\/schema\/person\/c1aff250c5154e35f53f26d0eba10c45"},"headline":"EL \u00c1RBOL DE LOS VERSOS [ACTIVIDAD]","datePublished":"2020-02-12T09:09:39+00:00","dateModified":"2022-04-05T09:47:39+00:00","mainEntityOfPage":{"@id":"https:\/\/www.rayuelainfancia.com\/blog\/el-arbol-de-los-versos-actividad\/#webpage"},"wordCount":227,"commentCount":0,"publisher":{"@id":"https:\/\/www.rayuelainfancia.com\/blog\/#organization"},"image":{"@id":"https:\/\/www.rayuelainfancia.com\/blog\/el-arbol-de-los-versos-actividad\/#primaryimage"},"thumbnailUrl":"https:\/\/www.rayuelainfancia.com\/blog\/wp-content\/uploads\/2020\/02\/versos2.jpg","keywords":["libros","poesia"],"articleSection":["Actividades Cuentacuentos"],"inLanguage":"es","potentialAction":[{"@type":"CommentAction","name":"Comment","target":["https:\/\/www.rayuelainfancia.com\/blog\/el-arbol-de-los-versos-actividad\/#respond"]}]},{"@type":"Person","@id":"https:\/\/www.rayuelainfancia.com\/blog\/#\/schema\/person\/c1aff250c5154e35f53f26d0eba10c45","name":"Rayuelainfancia","image":{"@type":"ImageObject","@id":"https:\/\/www.rayuelainfancia.com\/blog\/#personlogo","inLanguage":"es","url":"https:\/\/secure.gravatar.com\/avatar\/8bf03e7a4bb13ca5c7d0dc6acde2bfd1?s=96&d=mm&r=g","contentUrl":"https:\/\/secure.gravatar.com\/avatar\/8bf03e7a4bb13ca5c7d0dc6acde2bfd1?s=96&d=mm&r=g","caption":"Rayuelainfancia"}}]}},"_links":{"self":[{"href":"https:\/\/www.rayuelainfancia.com\/blog\/wp-json\/wp\/v2\/posts\/4077"}],"collection":[{"href":"https:\/\/www.rayuelainfancia.com\/blog\/wp-json\/wp\/v2\/posts"}],"about":[{"href":"https:\/\/www.rayuelainfancia.com\/blog\/wp-json\/wp\/v2\/types\/post"}],"author":[{"embeddable":true,"href":"https:\/\/www.rayuelainfancia.com\/blog\/wp-json\/wp\/v2\/users\/6"}],"replies":[{"embeddable":true,"href":"https:\/\/www.rayuelainfancia.com\/blog\/wp-json\/wp\/v2\/comments?post=4077"}],"version-history":[{"count":5,"href":"https:\/\/www.rayuelainfancia.com\/blog\/wp-json\/wp\/v2\/posts\/4077\/revisions"}],"predecessor-version":[{"id":4382,"href":"https:\/\/www.rayuelainfancia.com\/blog\/wp-json\/wp\/v2\/posts\/4077\/revisions\/4382"}],"wp:featuredmedia":[{"embeddable":true,"href":"https:\/\/www.rayuelainfancia.com\/blog\/wp-json\/wp\/v2\/media\/4379"}],"wp:attachment":[{"href":"https:\/\/www.rayuelainfancia.com\/blog\/wp-json\/wp\/v2\/media?parent=4077"}],"wp:term":[{"taxonomy":"category","embeddable":true,"href":"https:\/\/www.rayuelainfancia.com\/blog\/wp-json\/wp\/v2\/categories?post=4077"},{"taxonomy":"post_tag","embeddable":true,"href":"https:\/\/www.rayuelainfancia.com\/blog\/wp-json\/wp\/v2\/tags?post=4077"}],"curies":[{"name":"wp","href":"https:\/\/api.w.org\/{rel}","templated":true}]}}