 {"id":4044,"date":"2020-01-23T13:41:17","date_gmt":"2020-01-23T12:41:17","guid":{"rendered":"http:\/\/www.rayuelainfancia.com\/blog\/?p=4044"},"modified":"2022-04-05T11:45:20","modified_gmt":"2022-04-05T09:45:20","slug":"noche-magica-rayuela-teatro-encantado","status":"publish","type":"post","link":"https:\/\/www.rayuelainfancia.com\/blog\/noche-magica-rayuela-teatro-encantado\/","title":{"rendered":"NOCHE M\u00c1GICA: EL TEATRO ENCANTADO"},"content":{"rendered":"\r\n<p>El pr\u00f3ximo\u00a0<strong>s\u00e1bado 1 de Febrero<\/strong>, vive en Rayuela una nueva\u00a0<strong>NOCHE M\u00c1GICA: EL TEATRO ENCANTADO<\/strong><\/p>\r\n\r\n\r\n\r\n<p><!--more--><\/p>\r\n\r\n\r\n\r\n<h2>Nueva Noche M\u00e1gica: El teatro encantado<\/h2>\r\n\r\n\r\n\r\n<p>Una noche diferente acompa\u00f1ados de Adriano (Asociaci\u00f3n Cultural <a href=\"https:\/\/www.facebook.com\/pages\/category\/Organization\/La-Voz-Que-Escucha-502227106623513\/\">\u201cLa Voz que Escucha<\/a>\u201d), Miguel y una persona del equipo rayuelero.\u00a0<strong>\u00a1Ven y ay\u00fadanos en esta nueva aventura nocturna!<\/strong><\/p>\r\n\r\n\r\n\r\n<p>Un <strong>proyecto de<\/strong>\u00a0<strong>animaci\u00f3n lectora <\/strong>a trav\u00e9s de<strong> juegos, canciones, cuentos y libros<\/strong>\u00a0para compartir. Una aut\u00e9ntica\u00a0<strong>experiencia de convivencia<\/strong>\u00a0envuelta en la magia de las historias.<\/p>\r\n\r\n\r\n\r\n<figure class=\"wp-block-image\"><img loading=\"lazy\" class=\"alignnone wp-image-4375 size-full\" src=\"http:\/\/www.rayuelainfancia.com\/blog\/wp-content\/uploads\/2020\/01\/act-noche.jpg\" alt=\"Noche M\u00e1gica en Rayuela \" width=\"768\" height=\"1086\" srcset=\"https:\/\/www.rayuelainfancia.com\/blog\/wp-content\/uploads\/2020\/01\/act-noche.jpg 768w, https:\/\/www.rayuelainfancia.com\/blog\/wp-content\/uploads\/2020\/01\/act-noche-212x300.jpg 212w, https:\/\/www.rayuelainfancia.com\/blog\/wp-content\/uploads\/2020\/01\/act-noche-724x1024.jpg 724w\" sizes=\"(max-width: 768px) 100vw, 768px\" \/><\/figure>\r\n\r\n\r\n\r\n<p>Si quieres <strong>saber m\u00e1s sobre esta actividad<\/strong> tan especial que venimos organizando desde hace ya varios a\u00f1os, puedes entrar en\u00a0<strong><a href=\"https:\/\/www.rayuelainfancia.com\/blog\/noches-magicas-rayuela\/\">este enlace<\/a><\/strong>\u00a0en el que hablamos un poquito sobre <strong>en qu\u00e9 consisten las noches m\u00e1gicas<\/strong> en Rayuela.<\/p>\r\n\r\n\r\n\r\n<p>Aportaci\u00f3n: 25\u20ac (40 \u20ac para hermanos).<\/p>\r\n\r\n\r\n\r\n<p><strong>Reserva ya tu plaza en\u00a0<\/strong><a href=\"mailto:actividades@rayuelainfancia.com\">actividades@rayuelainfancia.com<\/a>\u00a0aportando el nombre del ni\u00f1o-a, un tel\u00e9fono y una persona de contacto. Tu reserva <strong>se confirmar\u00e1 <\/strong>en un plazo m\u00e1ximo de 48 horas <strong>tras recibir tu aportaci\u00f3n<\/strong> a trav\u00e9s de transferencia o pago en efectivo en Rayuela.<\/p>\r\n<p>Con la colaboraci\u00f3n de ICAS.<\/p>\r\n<p><img loading=\"lazy\" class=\"alignnone  wp-image-4571\" src=\"http:\/\/www.rayuelainfancia.com\/blog\/wp-content\/uploads\/2021\/11\/logo_ICAS-1.png\" sizes=\"(max-width: 239px) 100vw, 239px\" srcset=\"https:\/\/www.rayuelainfancia.com\/blog\/wp-content\/uploads\/2021\/11\/logo_ICAS-1.png 1000w, https:\/\/www.rayuelainfancia.com\/blog\/wp-content\/uploads\/2021\/11\/logo_ICAS-1-300x98.png 300w, https:\/\/www.rayuelainfancia.com\/blog\/wp-content\/uploads\/2021\/11\/logo_ICAS-1-768x250.png 768w\" alt=\"\" width=\"239\" height=\"79\" \/><\/p>\r\n","protected":false},"excerpt":{"rendered":"<p>El pr\u00f3ximo\u00a0s\u00e1bado 1 de Febrero, vive en Rayuela una nueva\u00a0NOCHE M\u00c1GICA: EL TEATRO ENCANTADO<\/p>\n","protected":false},"author":6,"featured_media":4377,"comment_status":"open","ping_status":"open","sticky":false,"template":"","format":"standard","meta":[],"categories":[18],"tags":[],"yoast_head":"<!-- This site is optimized with the Yoast SEO plugin v18.5.1 - https:\/\/yoast.com\/wordpress\/plugins\/seo\/ -->\n<title>NOCHE M\u00c1GICA: EL TEATRO ENCANTADO &#8902; Blog de Rayuelainfancia<\/title>\n<meta name=\"description\" content=\"El pr\u00f3ximo s\u00e1bado 1 de Febrero, vive en Rayuela una nueva NOCHE M\u00c1GICA: EL TEATRO ENCANTADO \u00a1T\u00a1Atr\u00e9vete a vivir esta aventura!\" \/>\n<meta name=\"robots\" content=\"index, follow, max-snippet:-1, max-image-preview:large, max-video-preview:-1\" \/>\n<link rel=\"canonical\" href=\"https:\/\/www.rayuelainfancia.com\/blog\/noche-magica-rayuela-teatro-encantado\/\" \/>\n<meta property=\"og:locale\" content=\"es_ES\" \/>\n<meta property=\"og:type\" content=\"article\" \/>\n<meta property=\"og:title\" content=\"NOCHE M\u00c1GICA: EL TEATRO ENCANTADO &#8902; Blog de Rayuelainfancia\" \/>\n<meta property=\"og:description\" content=\"El pr\u00f3ximo s\u00e1bado 1 de Febrero, vive en Rayuela una nueva NOCHE M\u00c1GICA: EL TEATRO ENCANTADO \u00a1T\u00a1Atr\u00e9vete a vivir esta aventura!\" \/>\n<meta property=\"og:url\" content=\"https:\/\/www.rayuelainfancia.com\/blog\/noche-magica-rayuela-teatro-encantado\/\" \/>\n<meta property=\"og:site_name\" content=\"Blog de Rayuelainfancia\" \/>\n<meta property=\"article:publisher\" content=\"https:\/\/www.facebook.com\/pages\/Librer\u00eda-Rayuela\/251861686361\" \/>\n<meta property=\"article:published_time\" content=\"2020-01-23T12:41:17+00:00\" \/>\n<meta property=\"article:modified_time\" content=\"2022-04-05T09:45:20+00:00\" \/>\n<meta property=\"og:image\" content=\"https:\/\/www.rayuelainfancia.com\/blog\/wp-content\/uploads\/2020\/01\/act-noche2.jpg\" \/>\n\t<meta property=\"og:image:width\" content=\"300\" \/>\n\t<meta property=\"og:image:height\" content=\"176\" \/>\n\t<meta property=\"og:image:type\" content=\"image\/jpeg\" \/>\n<meta name=\"twitter:card\" content=\"summary\" \/>\n<meta name=\"twitter:creator\" content=\"@Rayuelainfancia\" \/>\n<meta name=\"twitter:site\" content=\"@Rayuelainfancia\" \/>\n<meta name=\"twitter:label1\" content=\"Written by\" \/>\n\t<meta name=\"twitter:data1\" content=\"Rayuelainfancia\" \/>\n\t<meta name=\"twitter:label2\" content=\"Est. reading time\" \/>\n\t<meta name=\"twitter:data2\" content=\"1 minuto\" \/>\n<script type=\"application\/ld+json\" class=\"yoast-schema-graph\">{\"@context\":\"https:\/\/schema.org\",\"@graph\":[{\"@type\":\"Organization\",\"@id\":\"https:\/\/www.rayuelainfancia.com\/blog\/#organization\",\"name\":\"Rayuelainfancia\",\"url\":\"https:\/\/www.rayuelainfancia.com\/blog\/\",\"sameAs\":[\"https:\/\/www.facebook.com\/pages\/Librer\u00eda-Rayuela\/251861686361\",\"https:\/\/www.youtube.com\/channel\/UCddVaoDjpTp-DexyEVoyazQ\",\"https:\/\/twitter.com\/Rayuelainfancia\"],\"logo\":{\"@type\":\"ImageObject\",\"@id\":\"https:\/\/www.rayuelainfancia.com\/blog\/#logo\",\"inLanguage\":\"es\",\"url\":\"https:\/\/www.rayuelainfancia.com\/blog\/wp-content\/uploads\/2018\/06\/logo-rayuelainfancia-color-corporativo.png\",\"contentUrl\":\"https:\/\/www.rayuelainfancia.com\/blog\/wp-content\/uploads\/2018\/06\/logo-rayuelainfancia-color-corporativo.png\",\"width\":1200,\"height\":680,\"caption\":\"Rayuelainfancia\"},\"image\":{\"@id\":\"https:\/\/www.rayuelainfancia.com\/blog\/#logo\"}},{\"@type\":\"WebSite\",\"@id\":\"https:\/\/www.rayuelainfancia.com\/blog\/#website\",\"url\":\"https:\/\/www.rayuelainfancia.com\/blog\/\",\"name\":\"Blog de Rayuelainfancia\",\"description\":\"Libros infantiles y juegos educaticos respestuosos con la infancia\",\"publisher\":{\"@id\":\"https:\/\/www.rayuelainfancia.com\/blog\/#organization\"},\"potentialAction\":[{\"@type\":\"SearchAction\",\"target\":{\"@type\":\"EntryPoint\",\"urlTemplate\":\"https:\/\/www.rayuelainfancia.com\/blog\/?s={search_term_string}\"},\"query-input\":\"required name=search_term_string\"}],\"inLanguage\":\"es\"},{\"@type\":\"ImageObject\",\"@id\":\"https:\/\/www.rayuelainfancia.com\/blog\/noche-magica-rayuela-teatro-encantado\/#primaryimage\",\"inLanguage\":\"es\",\"url\":\"https:\/\/www.rayuelainfancia.com\/blog\/wp-content\/uploads\/2020\/01\/act-noche2.jpg\",\"contentUrl\":\"https:\/\/www.rayuelainfancia.com\/blog\/wp-content\/uploads\/2020\/01\/act-noche2.jpg\",\"width\":300,\"height\":176},{\"@type\":\"WebPage\",\"@id\":\"https:\/\/www.rayuelainfancia.com\/blog\/noche-magica-rayuela-teatro-encantado\/#webpage\",\"url\":\"https:\/\/www.rayuelainfancia.com\/blog\/noche-magica-rayuela-teatro-encantado\/\",\"name\":\"NOCHE M\u00c1GICA: EL TEATRO ENCANTADO &#8902; Blog de Rayuelainfancia\",\"isPartOf\":{\"@id\":\"https:\/\/www.rayuelainfancia.com\/blog\/#website\"},\"primaryImageOfPage\":{\"@id\":\"https:\/\/www.rayuelainfancia.com\/blog\/noche-magica-rayuela-teatro-encantado\/#primaryimage\"},\"datePublished\":\"2020-01-23T12:41:17+00:00\",\"dateModified\":\"2022-04-05T09:45:20+00:00\",\"description\":\"El pr\u00f3ximo s\u00e1bado 1 de Febrero, vive en Rayuela una nueva NOCHE M\u00c1GICA: EL TEATRO ENCANTADO \u00a1T\u00a1Atr\u00e9vete a vivir esta aventura!\",\"breadcrumb\":{\"@id\":\"https:\/\/www.rayuelainfancia.com\/blog\/noche-magica-rayuela-teatro-encantado\/#breadcrumb\"},\"inLanguage\":\"es\",\"potentialAction\":[{\"@type\":\"ReadAction\",\"target\":[\"https:\/\/www.rayuelainfancia.com\/blog\/noche-magica-rayuela-teatro-encantado\/\"]}]},{\"@type\":\"BreadcrumbList\",\"@id\":\"https:\/\/www.rayuelainfancia.com\/blog\/noche-magica-rayuela-teatro-encantado\/#breadcrumb\",\"itemListElement\":[{\"@type\":\"ListItem\",\"position\":1,\"name\":\"Portada\",\"item\":\"https:\/\/www.rayuelainfancia.com\/blog\/\"},{\"@type\":\"ListItem\",\"position\":2,\"name\":\"NOCHE M\u00c1GICA: EL TEATRO ENCANTADO\"}]},{\"@type\":\"Article\",\"@id\":\"https:\/\/www.rayuelainfancia.com\/blog\/noche-magica-rayuela-teatro-encantado\/#article\",\"isPartOf\":{\"@id\":\"https:\/\/www.rayuelainfancia.com\/blog\/noche-magica-rayuela-teatro-encantado\/#webpage\"},\"author\":{\"@id\":\"https:\/\/www.rayuelainfancia.com\/blog\/#\/schema\/person\/c1aff250c5154e35f53f26d0eba10c45\"},\"headline\":\"NOCHE M\u00c1GICA: EL TEATRO ENCANTADO\",\"datePublished\":\"2020-01-23T12:41:17+00:00\",\"dateModified\":\"2022-04-05T09:45:20+00:00\",\"mainEntityOfPage\":{\"@id\":\"https:\/\/www.rayuelainfancia.com\/blog\/noche-magica-rayuela-teatro-encantado\/#webpage\"},\"wordCount\":190,\"commentCount\":0,\"publisher\":{\"@id\":\"https:\/\/www.rayuelainfancia.com\/blog\/#organization\"},\"image\":{\"@id\":\"https:\/\/www.rayuelainfancia.com\/blog\/noche-magica-rayuela-teatro-encantado\/#primaryimage\"},\"thumbnailUrl\":\"https:\/\/www.rayuelainfancia.com\/blog\/wp-content\/uploads\/2020\/01\/act-noche2.jpg\",\"articleSection\":[\"Actividades Cuentacuentos\"],\"inLanguage\":\"es\",\"potentialAction\":[{\"@type\":\"CommentAction\",\"name\":\"Comment\",\"target\":[\"https:\/\/www.rayuelainfancia.com\/blog\/noche-magica-rayuela-teatro-encantado\/#respond\"]}]},{\"@type\":\"Person\",\"@id\":\"https:\/\/www.rayuelainfancia.com\/blog\/#\/schema\/person\/c1aff250c5154e35f53f26d0eba10c45\",\"name\":\"Rayuelainfancia\",\"image\":{\"@type\":\"ImageObject\",\"@id\":\"https:\/\/www.rayuelainfancia.com\/blog\/#personlogo\",\"inLanguage\":\"es\",\"url\":\"https:\/\/secure.gravatar.com\/avatar\/8bf03e7a4bb13ca5c7d0dc6acde2bfd1?s=96&d=mm&r=g\",\"contentUrl\":\"https:\/\/secure.gravatar.com\/avatar\/8bf03e7a4bb13ca5c7d0dc6acde2bfd1?s=96&d=mm&r=g\",\"caption\":\"Rayuelainfancia\"}}]}<\/script>\n<!-- \/ Yoast SEO plugin. -->","yoast_head_json":{"title":"NOCHE M\u00c1GICA: EL TEATRO ENCANTADO &#8902; Blog de Rayuelainfancia","description":"El pr\u00f3ximo s\u00e1bado 1 de Febrero, vive en Rayuela una nueva NOCHE M\u00c1GICA: EL TEATRO ENCANTADO \u00a1T\u00a1Atr\u00e9vete a vivir esta aventura!","robots":{"index":"index","follow":"follow","max-snippet":"max-snippet:-1","max-image-preview":"max-image-preview:large","max-video-preview":"max-video-preview:-1"},"canonical":"https:\/\/www.rayuelainfancia.com\/blog\/noche-magica-rayuela-teatro-encantado\/","og_locale":"es_ES","og_type":"article","og_title":"NOCHE M\u00c1GICA: EL TEATRO ENCANTADO &#8902; Blog de Rayuelainfancia","og_description":"El pr\u00f3ximo s\u00e1bado 1 de Febrero, vive en Rayuela una nueva NOCHE M\u00c1GICA: EL TEATRO ENCANTADO \u00a1T\u00a1Atr\u00e9vete a vivir esta aventura!","og_url":"https:\/\/www.rayuelainfancia.com\/blog\/noche-magica-rayuela-teatro-encantado\/","og_site_name":"Blog de Rayuelainfancia","article_publisher":"https:\/\/www.facebook.com\/pages\/Librer\u00eda-Rayuela\/251861686361","article_published_time":"2020-01-23T12:41:17+00:00","article_modified_time":"2022-04-05T09:45:20+00:00","og_image":[{"width":300,"height":176,"url":"https:\/\/www.rayuelainfancia.com\/blog\/wp-content\/uploads\/2020\/01\/act-noche2.jpg","type":"image\/jpeg"}],"twitter_card":"summary","twitter_creator":"@Rayuelainfancia","twitter_site":"@Rayuelainfancia","twitter_misc":{"Written by":"Rayuelainfancia","Est. reading time":"1 minuto"},"schema":{"@context":"https:\/\/schema.org","@graph":[{"@type":"Organization","@id":"https:\/\/www.rayuelainfancia.com\/blog\/#organization","name":"Rayuelainfancia","url":"https:\/\/www.rayuelainfancia.com\/blog\/","sameAs":["https:\/\/www.facebook.com\/pages\/Librer\u00eda-Rayuela\/251861686361","https:\/\/www.youtube.com\/channel\/UCddVaoDjpTp-DexyEVoyazQ","https:\/\/twitter.com\/Rayuelainfancia"],"logo":{"@type":"ImageObject","@id":"https:\/\/www.rayuelainfancia.com\/blog\/#logo","inLanguage":"es","url":"https:\/\/www.rayuelainfancia.com\/blog\/wp-content\/uploads\/2018\/06\/logo-rayuelainfancia-color-corporativo.png","contentUrl":"https:\/\/www.rayuelainfancia.com\/blog\/wp-content\/uploads\/2018\/06\/logo-rayuelainfancia-color-corporativo.png","width":1200,"height":680,"caption":"Rayuelainfancia"},"image":{"@id":"https:\/\/www.rayuelainfancia.com\/blog\/#logo"}},{"@type":"WebSite","@id":"https:\/\/www.rayuelainfancia.com\/blog\/#website","url":"https:\/\/www.rayuelainfancia.com\/blog\/","name":"Blog de Rayuelainfancia","description":"Libros infantiles y juegos educaticos respestuosos con la infancia","publisher":{"@id":"https:\/\/www.rayuelainfancia.com\/blog\/#organization"},"potentialAction":[{"@type":"SearchAction","target":{"@type":"EntryPoint","urlTemplate":"https:\/\/www.rayuelainfancia.com\/blog\/?s={search_term_string}"},"query-input":"required name=search_term_string"}],"inLanguage":"es"},{"@type":"ImageObject","@id":"https:\/\/www.rayuelainfancia.com\/blog\/noche-magica-rayuela-teatro-encantado\/#primaryimage","inLanguage":"es","url":"https:\/\/www.rayuelainfancia.com\/blog\/wp-content\/uploads\/2020\/01\/act-noche2.jpg","contentUrl":"https:\/\/www.rayuelainfancia.com\/blog\/wp-content\/uploads\/2020\/01\/act-noche2.jpg","width":300,"height":176},{"@type":"WebPage","@id":"https:\/\/www.rayuelainfancia.com\/blog\/noche-magica-rayuela-teatro-encantado\/#webpage","url":"https:\/\/www.rayuelainfancia.com\/blog\/noche-magica-rayuela-teatro-encantado\/","name":"NOCHE M\u00c1GICA: EL TEATRO ENCANTADO &#8902; Blog de Rayuelainfancia","isPartOf":{"@id":"https:\/\/www.rayuelainfancia.com\/blog\/#website"},"primaryImageOfPage":{"@id":"https:\/\/www.rayuelainfancia.com\/blog\/noche-magica-rayuela-teatro-encantado\/#primaryimage"},"datePublished":"2020-01-23T12:41:17+00:00","dateModified":"2022-04-05T09:45:20+00:00","description":"El pr\u00f3ximo s\u00e1bado 1 de Febrero, vive en Rayuela una nueva NOCHE M\u00c1GICA: EL TEATRO ENCANTADO \u00a1T\u00a1Atr\u00e9vete a vivir esta aventura!","breadcrumb":{"@id":"https:\/\/www.rayuelainfancia.com\/blog\/noche-magica-rayuela-teatro-encantado\/#breadcrumb"},"inLanguage":"es","potentialAction":[{"@type":"ReadAction","target":["https:\/\/www.rayuelainfancia.com\/blog\/noche-magica-rayuela-teatro-encantado\/"]}]},{"@type":"BreadcrumbList","@id":"https:\/\/www.rayuelainfancia.com\/blog\/noche-magica-rayuela-teatro-encantado\/#breadcrumb","itemListElement":[{"@type":"ListItem","position":1,"name":"Portada","item":"https:\/\/www.rayuelainfancia.com\/blog\/"},{"@type":"ListItem","position":2,"name":"NOCHE M\u00c1GICA: EL TEATRO ENCANTADO"}]},{"@type":"Article","@id":"https:\/\/www.rayuelainfancia.com\/blog\/noche-magica-rayuela-teatro-encantado\/#article","isPartOf":{"@id":"https:\/\/www.rayuelainfancia.com\/blog\/noche-magica-rayuela-teatro-encantado\/#webpage"},"author":{"@id":"https:\/\/www.rayuelainfancia.com\/blog\/#\/schema\/person\/c1aff250c5154e35f53f26d0eba10c45"},"headline":"NOCHE M\u00c1GICA: EL TEATRO ENCANTADO","datePublished":"2020-01-23T12:41:17+00:00","dateModified":"2022-04-05T09:45:20+00:00","mainEntityOfPage":{"@id":"https:\/\/www.rayuelainfancia.com\/blog\/noche-magica-rayuela-teatro-encantado\/#webpage"},"wordCount":190,"commentCount":0,"publisher":{"@id":"https:\/\/www.rayuelainfancia.com\/blog\/#organization"},"image":{"@id":"https:\/\/www.rayuelainfancia.com\/blog\/noche-magica-rayuela-teatro-encantado\/#primaryimage"},"thumbnailUrl":"https:\/\/www.rayuelainfancia.com\/blog\/wp-content\/uploads\/2020\/01\/act-noche2.jpg","articleSection":["Actividades Cuentacuentos"],"inLanguage":"es","potentialAction":[{"@type":"CommentAction","name":"Comment","target":["https:\/\/www.rayuelainfancia.com\/blog\/noche-magica-rayuela-teatro-encantado\/#respond"]}]},{"@type":"Person","@id":"https:\/\/www.rayuelainfancia.com\/blog\/#\/schema\/person\/c1aff250c5154e35f53f26d0eba10c45","name":"Rayuelainfancia","image":{"@type":"ImageObject","@id":"https:\/\/www.rayuelainfancia.com\/blog\/#personlogo","inLanguage":"es","url":"https:\/\/secure.gravatar.com\/avatar\/8bf03e7a4bb13ca5c7d0dc6acde2bfd1?s=96&d=mm&r=g","contentUrl":"https:\/\/secure.gravatar.com\/avatar\/8bf03e7a4bb13ca5c7d0dc6acde2bfd1?s=96&d=mm&r=g","caption":"Rayuelainfancia"}}]}},"_links":{"self":[{"href":"https:\/\/www.rayuelainfancia.com\/blog\/wp-json\/wp\/v2\/posts\/4044"}],"collection":[{"href":"https:\/\/www.rayuelainfancia.com\/blog\/wp-json\/wp\/v2\/posts"}],"about":[{"href":"https:\/\/www.rayuelainfancia.com\/blog\/wp-json\/wp\/v2\/types\/post"}],"author":[{"embeddable":true,"href":"https:\/\/www.rayuelainfancia.com\/blog\/wp-json\/wp\/v2\/users\/6"}],"replies":[{"embeddable":true,"href":"https:\/\/www.rayuelainfancia.com\/blog\/wp-json\/wp\/v2\/comments?post=4044"}],"version-history":[{"count":5,"href":"https:\/\/www.rayuelainfancia.com\/blog\/wp-json\/wp\/v2\/posts\/4044\/revisions"}],"predecessor-version":[{"id":4685,"href":"https:\/\/www.rayuelainfancia.com\/blog\/wp-json\/wp\/v2\/posts\/4044\/revisions\/4685"}],"wp:featuredmedia":[{"embeddable":true,"href":"https:\/\/www.rayuelainfancia.com\/blog\/wp-json\/wp\/v2\/media\/4377"}],"wp:attachment":[{"href":"https:\/\/www.rayuelainfancia.com\/blog\/wp-json\/wp\/v2\/media?parent=4044"}],"wp:term":[{"taxonomy":"category","embeddable":true,"href":"https:\/\/www.rayuelainfancia.com\/blog\/wp-json\/wp\/v2\/categories?post=4044"},{"taxonomy":"post_tag","embeddable":true,"href":"https:\/\/www.rayuelainfancia.com\/blog\/wp-json\/wp\/v2\/tags?post=4044"}],"curies":[{"name":"wp","href":"https:\/\/api.w.org\/{rel}","templated":true}]}}