 {"id":4038,"date":"2020-01-22T11:24:54","date_gmt":"2020-01-22T10:24:54","guid":{"rendered":"http:\/\/www.rayuelainfancia.com\/blog\/?p=4038"},"modified":"2022-04-05T11:44:52","modified_gmt":"2022-04-05T09:44:52","slug":"librerias-contadas-nubeocho-carloco","status":"publish","type":"post","link":"https:\/\/www.rayuelainfancia.com\/blog\/librerias-contadas-nubeocho-carloco\/","title":{"rendered":"LIBRER\u00cdAS CONTADAS: NUBEOCHO Y CARLOCO"},"content":{"rendered":"\r\n<p>Este <strong>s\u00e1bado 25 a las 12:00h<\/strong> en Rayuela, <strong>comienzan los cuentos<\/strong> en nuestra librer\u00eda de este 2020, de la mano de <strong>Nubeocho y Carloco<\/strong>. Comenzamos con <strong><em>Las librer\u00edas contadas<\/em><\/strong>.<\/p>\r\n\r\n\r\n\r\n<p><!--more--><\/p>\r\n\r\n\r\n\r\n<p>No te pierdas este s\u00e1bado una <strong>sesi\u00f3n de narraci\u00f3n oral con <a href=\"https:\/\/carlococuentacuent.wixsite.com\/carloco\" target=\"_blank\" rel=\"noreferrer noopener\" aria-label=\"Carloco (abre en una nueva pesta\u00f1a)\">Carloco<\/a><\/strong>, en la que disfrutaremos de <strong>dos cuentos divertidos<\/strong> a m\u00e1s no poder.<\/p>\r\n\r\n\r\n\r\n<p>Ambas historias est\u00e1n <strong>editadas por <a href=\"http:\/\/nubeocho.com\/index.php\/es\/\" target=\"_blank\" rel=\"noreferrer noopener\" aria-label=\"Nubeocho (abre en una nueva pesta\u00f1a)\">Nubeocho<\/a><\/strong>, una editorial que como ella misma define nace como editorial comprometida, especializada en \u00e1lbum ilustrado y literatura infantil.<\/p>\r\n\r\n\r\n\r\n<p><em><strong>\u00a1Esta caca es m\u00eda!<\/strong><\/em> y <em><strong>Un lobo con mucha hambre<\/strong><\/em> son los dos cuentos que puedes disfrutar este s\u00e1bado,<strong> te van a encantar,<\/strong> sobre todo si tienes <strong>entre 3 y 103 a\u00f1os<\/strong> de edad \u00a1No faltes!<\/p>\r\n\r\n\r\n\r\n<figure class=\"wp-block-image\"><img loading=\"lazy\" class=\"alignnone size-full wp-image-4372\" src=\"http:\/\/www.rayuelainfancia.com\/blog\/wp-content\/uploads\/2020\/01\/act-nube-carloco-2.jpg\" alt=\"\" width=\"1080\" height=\"749\" srcset=\"https:\/\/www.rayuelainfancia.com\/blog\/wp-content\/uploads\/2020\/01\/act-nube-carloco-2.jpg 1080w, https:\/\/www.rayuelainfancia.com\/blog\/wp-content\/uploads\/2020\/01\/act-nube-carloco-2-300x208.jpg 300w, https:\/\/www.rayuelainfancia.com\/blog\/wp-content\/uploads\/2020\/01\/act-nube-carloco-2-768x533.jpg 768w, https:\/\/www.rayuelainfancia.com\/blog\/wp-content\/uploads\/2020\/01\/act-nube-carloco-2-1024x710.jpg 1024w\" sizes=\"(max-width: 1080px) 100vw, 1080px\" \/><br \/>\r\n<figcaption><strong>Las librer\u00edas contadas: Nubeocho y Carloco<\/strong><\/figcaption>\r\n<\/figure>\r\n\r\n\r\n\r\n<h2>Las librer\u00edas contadas<\/h2>\r\n\r\n\r\n\r\n<p>Es un <strong>proyecto <\/strong>cuyo objetivo principal es <strong>poner en valor<\/strong> el importante y necesario<strong> trabajo de los narradores orales<\/strong>, al abrigo de las<strong> editoriales y <\/strong>las <strong>librer\u00edas<\/strong>. Una triada indispensable a la hora de promover la lectura, especialmente en la infancia.<\/p>\r\n\r\n\r\n\r\n<figure class=\"wp-block-image\"><img loading=\"lazy\" width=\"1024\" height=\"1024\" class=\"wp-image-4040\" src=\"https:\/\/www.rayuelainfancia.com\/blog\/wp-content\/uploads\/2020\/01\/Ddk84mCXUAAtEJn-1024x1024.jpg\" alt=\"\" srcset=\"https:\/\/www.rayuelainfancia.com\/blog\/wp-content\/uploads\/2020\/01\/Ddk84mCXUAAtEJn-1024x1024.jpg 1024w, https:\/\/www.rayuelainfancia.com\/blog\/wp-content\/uploads\/2020\/01\/Ddk84mCXUAAtEJn-150x150.jpg 150w, https:\/\/www.rayuelainfancia.com\/blog\/wp-content\/uploads\/2020\/01\/Ddk84mCXUAAtEJn-300x300.jpg 300w, https:\/\/www.rayuelainfancia.com\/blog\/wp-content\/uploads\/2020\/01\/Ddk84mCXUAAtEJn-768x768.jpg 768w, https:\/\/www.rayuelainfancia.com\/blog\/wp-content\/uploads\/2020\/01\/Ddk84mCXUAAtEJn-60x60.jpg 60w, https:\/\/www.rayuelainfancia.com\/blog\/wp-content\/uploads\/2020\/01\/Ddk84mCXUAAtEJn.jpg 1080w\" sizes=\"(max-width: 1024px) 100vw, 1024px\" \/>\r\n<figcaption><strong>Una sesi\u00f3n de cuentos de Las librer\u00edas contadas en Rayuela<\/strong><\/figcaption>\r\n<\/figure>\r\n\r\n\r\n\r\n<p>Si quieres conocer un poco m\u00e1s de este interesante proyecto puedes pinchar en <a href=\"https:\/\/narracionoral.es\/index.php\/es\/documentos\/articulos-y-entrevistas\/articulos-seleccionados\/1320-las-librerias-contadas\">este enlace <\/a>de la <strong>AEDA<\/strong>, donde te cuentan todo sobre c\u00f3mo surgi\u00f3 la idea y c\u00f3mo se desarrolla desde hace ya numerosos a\u00f1os.<\/p>\r\n<p>&nbsp;<\/p>\r\n\r\n\r\n\r\n<h2>Sesi\u00f3n de cuentos en Rayuela<\/h2>\r\n\r\n\r\n\r\n<p><strong>Fecha:<\/strong> s\u00e1bado 25 de enero, a las 12:00h.<\/p>\r\n\r\n\r\n\r\n<p><strong>Lugar:<\/strong> Librer\u00eda Rayuela, Calle Jos\u00e9 Luis Luque n\u00ba6 Sevilla<\/p>\r\n\r\n\r\n\r\n<p><strong>Edad recomendada:<\/strong> de 3 a 103 a\u00f1os<\/p>\r\n\r\n\r\n\r\n<p><strong>Entrada Libre<\/strong><\/p>\r\n\r\n\r\n\r\n<p><strong>\u00a1Os esperamos!<\/strong><\/p>\r\n<p>Con la colaboraci\u00f3n, de ICAS.<\/p>\r\n<p><img loading=\"lazy\" class=\"alignnone  wp-image-4571\" src=\"http:\/\/www.rayuelainfancia.com\/blog\/wp-content\/uploads\/2021\/11\/logo_ICAS-1.png\" alt=\"\" width=\"239\" height=\"79\" srcset=\"https:\/\/www.rayuelainfancia.com\/blog\/wp-content\/uploads\/2021\/11\/logo_ICAS-1.png 1000w, https:\/\/www.rayuelainfancia.com\/blog\/wp-content\/uploads\/2021\/11\/logo_ICAS-1-300x98.png 300w, https:\/\/www.rayuelainfancia.com\/blog\/wp-content\/uploads\/2021\/11\/logo_ICAS-1-768x250.png 768w\" sizes=\"(max-width: 239px) 100vw, 239px\" \/><\/p>\r\n","protected":false},"excerpt":{"rendered":"<p>Este s\u00e1bado 25 a las 12:00h en Rayuela, comienzan los cuentos en nuestra librer\u00eda de este 2020, de la mano de Nubeocho y Carloco. Comenzamos con Las librer\u00edas contadas.<\/p>\n","protected":false},"author":6,"featured_media":4373,"comment_status":"open","ping_status":"open","sticky":false,"template":"","format":"standard","meta":[],"categories":[18,21],"tags":[],"yoast_head":"<!-- This site is optimized with the Yoast SEO plugin v18.5.1 - https:\/\/yoast.com\/wordpress\/plugins\/seo\/ -->\n<title>LIBRER\u00cdAS CONTADAS: NUBEOCHO Y CARLOCO &#8902; Blog de Rayuelainfancia<\/title>\n<meta name=\"description\" content=\"Este s\u00e1bado a las 12:00h, comienzan los cuentos en Rayuela de este 2020, de la mano de Nubeocho y Carloco, con Las librer\u00edas contadas \u00a1No faltes!\" \/>\n<meta name=\"robots\" content=\"index, follow, max-snippet:-1, max-image-preview:large, max-video-preview:-1\" \/>\n<link rel=\"canonical\" href=\"https:\/\/www.rayuelainfancia.com\/blog\/librerias-contadas-nubeocho-carloco\/\" \/>\n<meta property=\"og:locale\" content=\"es_ES\" \/>\n<meta property=\"og:type\" content=\"article\" \/>\n<meta property=\"og:title\" content=\"LIBRER\u00cdAS CONTADAS: NUBEOCHO Y CARLOCO &#8902; Blog de Rayuelainfancia\" \/>\n<meta property=\"og:description\" content=\"Este s\u00e1bado a las 12:00h, comienzan los cuentos en Rayuela de este 2020, de la mano de Nubeocho y Carloco, con Las librer\u00edas contadas \u00a1No faltes!\" \/>\n<meta property=\"og:url\" content=\"https:\/\/www.rayuelainfancia.com\/blog\/librerias-contadas-nubeocho-carloco\/\" \/>\n<meta property=\"og:site_name\" content=\"Blog de Rayuelainfancia\" \/>\n<meta property=\"article:publisher\" content=\"https:\/\/www.facebook.com\/pages\/Librer\u00eda-Rayuela\/251861686361\" \/>\n<meta property=\"article:published_time\" content=\"2020-01-22T10:24:54+00:00\" \/>\n<meta property=\"article:modified_time\" content=\"2022-04-05T09:44:52+00:00\" \/>\n<meta property=\"og:image\" content=\"https:\/\/www.rayuelainfancia.com\/blog\/wp-content\/uploads\/2020\/01\/act-nube-carloco-3.jpg\" \/>\n\t<meta property=\"og:image:width\" content=\"1080\" \/>\n\t<meta property=\"og:image:height\" content=\"749\" \/>\n\t<meta property=\"og:image:type\" content=\"image\/jpeg\" \/>\n<meta name=\"twitter:card\" content=\"summary\" \/>\n<meta name=\"twitter:creator\" content=\"@Rayuelainfancia\" \/>\n<meta name=\"twitter:site\" content=\"@Rayuelainfancia\" \/>\n<meta name=\"twitter:label1\" content=\"Written by\" \/>\n\t<meta name=\"twitter:data1\" content=\"Rayuelainfancia\" \/>\n\t<meta name=\"twitter:label2\" content=\"Est. reading time\" \/>\n\t<meta name=\"twitter:data2\" content=\"1 minuto\" \/>\n<script type=\"application\/ld+json\" class=\"yoast-schema-graph\">{\"@context\":\"https:\/\/schema.org\",\"@graph\":[{\"@type\":\"Organization\",\"@id\":\"https:\/\/www.rayuelainfancia.com\/blog\/#organization\",\"name\":\"Rayuelainfancia\",\"url\":\"https:\/\/www.rayuelainfancia.com\/blog\/\",\"sameAs\":[\"https:\/\/www.facebook.com\/pages\/Librer\u00eda-Rayuela\/251861686361\",\"https:\/\/www.youtube.com\/channel\/UCddVaoDjpTp-DexyEVoyazQ\",\"https:\/\/twitter.com\/Rayuelainfancia\"],\"logo\":{\"@type\":\"ImageObject\",\"@id\":\"https:\/\/www.rayuelainfancia.com\/blog\/#logo\",\"inLanguage\":\"es\",\"url\":\"https:\/\/www.rayuelainfancia.com\/blog\/wp-content\/uploads\/2018\/06\/logo-rayuelainfancia-color-corporativo.png\",\"contentUrl\":\"https:\/\/www.rayuelainfancia.com\/blog\/wp-content\/uploads\/2018\/06\/logo-rayuelainfancia-color-corporativo.png\",\"width\":1200,\"height\":680,\"caption\":\"Rayuelainfancia\"},\"image\":{\"@id\":\"https:\/\/www.rayuelainfancia.com\/blog\/#logo\"}},{\"@type\":\"WebSite\",\"@id\":\"https:\/\/www.rayuelainfancia.com\/blog\/#website\",\"url\":\"https:\/\/www.rayuelainfancia.com\/blog\/\",\"name\":\"Blog de Rayuelainfancia\",\"description\":\"Libros infantiles y juegos educaticos respestuosos con la infancia\",\"publisher\":{\"@id\":\"https:\/\/www.rayuelainfancia.com\/blog\/#organization\"},\"potentialAction\":[{\"@type\":\"SearchAction\",\"target\":{\"@type\":\"EntryPoint\",\"urlTemplate\":\"https:\/\/www.rayuelainfancia.com\/blog\/?s={search_term_string}\"},\"query-input\":\"required name=search_term_string\"}],\"inLanguage\":\"es\"},{\"@type\":\"ImageObject\",\"@id\":\"https:\/\/www.rayuelainfancia.com\/blog\/librerias-contadas-nubeocho-carloco\/#primaryimage\",\"inLanguage\":\"es\",\"url\":\"https:\/\/www.rayuelainfancia.com\/blog\/wp-content\/uploads\/2020\/01\/act-nube-carloco-3.jpg\",\"contentUrl\":\"https:\/\/www.rayuelainfancia.com\/blog\/wp-content\/uploads\/2020\/01\/act-nube-carloco-3.jpg\",\"width\":1080,\"height\":749},{\"@type\":\"WebPage\",\"@id\":\"https:\/\/www.rayuelainfancia.com\/blog\/librerias-contadas-nubeocho-carloco\/#webpage\",\"url\":\"https:\/\/www.rayuelainfancia.com\/blog\/librerias-contadas-nubeocho-carloco\/\",\"name\":\"LIBRER\u00cdAS CONTADAS: NUBEOCHO Y CARLOCO &#8902; Blog de Rayuelainfancia\",\"isPartOf\":{\"@id\":\"https:\/\/www.rayuelainfancia.com\/blog\/#website\"},\"primaryImageOfPage\":{\"@id\":\"https:\/\/www.rayuelainfancia.com\/blog\/librerias-contadas-nubeocho-carloco\/#primaryimage\"},\"datePublished\":\"2020-01-22T10:24:54+00:00\",\"dateModified\":\"2022-04-05T09:44:52+00:00\",\"description\":\"Este s\u00e1bado a las 12:00h, comienzan los cuentos en Rayuela de este 2020, de la mano de Nubeocho y Carloco, con Las librer\u00edas contadas \u00a1No faltes!\",\"breadcrumb\":{\"@id\":\"https:\/\/www.rayuelainfancia.com\/blog\/librerias-contadas-nubeocho-carloco\/#breadcrumb\"},\"inLanguage\":\"es\",\"potentialAction\":[{\"@type\":\"ReadAction\",\"target\":[\"https:\/\/www.rayuelainfancia.com\/blog\/librerias-contadas-nubeocho-carloco\/\"]}]},{\"@type\":\"BreadcrumbList\",\"@id\":\"https:\/\/www.rayuelainfancia.com\/blog\/librerias-contadas-nubeocho-carloco\/#breadcrumb\",\"itemListElement\":[{\"@type\":\"ListItem\",\"position\":1,\"name\":\"Portada\",\"item\":\"https:\/\/www.rayuelainfancia.com\/blog\/\"},{\"@type\":\"ListItem\",\"position\":2,\"name\":\"LIBRER\u00cdAS CONTADAS: NUBEOCHO Y CARLOCO\"}]},{\"@type\":\"Article\",\"@id\":\"https:\/\/www.rayuelainfancia.com\/blog\/librerias-contadas-nubeocho-carloco\/#article\",\"isPartOf\":{\"@id\":\"https:\/\/www.rayuelainfancia.com\/blog\/librerias-contadas-nubeocho-carloco\/#webpage\"},\"author\":{\"@id\":\"https:\/\/www.rayuelainfancia.com\/blog\/#\/schema\/person\/c1aff250c5154e35f53f26d0eba10c45\"},\"headline\":\"LIBRER\u00cdAS CONTADAS: NUBEOCHO Y CARLOCO\",\"datePublished\":\"2020-01-22T10:24:54+00:00\",\"dateModified\":\"2022-04-05T09:44:52+00:00\",\"mainEntityOfPage\":{\"@id\":\"https:\/\/www.rayuelainfancia.com\/blog\/librerias-contadas-nubeocho-carloco\/#webpage\"},\"wordCount\":272,\"commentCount\":0,\"publisher\":{\"@id\":\"https:\/\/www.rayuelainfancia.com\/blog\/#organization\"},\"image\":{\"@id\":\"https:\/\/www.rayuelainfancia.com\/blog\/librerias-contadas-nubeocho-carloco\/#primaryimage\"},\"thumbnailUrl\":\"https:\/\/www.rayuelainfancia.com\/blog\/wp-content\/uploads\/2020\/01\/act-nube-carloco-3.jpg\",\"articleSection\":[\"Actividades Cuentacuentos\",\"Literatura Infantil\"],\"inLanguage\":\"es\",\"potentialAction\":[{\"@type\":\"CommentAction\",\"name\":\"Comment\",\"target\":[\"https:\/\/www.rayuelainfancia.com\/blog\/librerias-contadas-nubeocho-carloco\/#respond\"]}]},{\"@type\":\"Person\",\"@id\":\"https:\/\/www.rayuelainfancia.com\/blog\/#\/schema\/person\/c1aff250c5154e35f53f26d0eba10c45\",\"name\":\"Rayuelainfancia\",\"image\":{\"@type\":\"ImageObject\",\"@id\":\"https:\/\/www.rayuelainfancia.com\/blog\/#personlogo\",\"inLanguage\":\"es\",\"url\":\"https:\/\/secure.gravatar.com\/avatar\/8bf03e7a4bb13ca5c7d0dc6acde2bfd1?s=96&d=mm&r=g\",\"contentUrl\":\"https:\/\/secure.gravatar.com\/avatar\/8bf03e7a4bb13ca5c7d0dc6acde2bfd1?s=96&d=mm&r=g\",\"caption\":\"Rayuelainfancia\"}}]}<\/script>\n<!-- \/ Yoast SEO plugin. -->","yoast_head_json":{"title":"LIBRER\u00cdAS CONTADAS: NUBEOCHO Y CARLOCO &#8902; Blog de Rayuelainfancia","description":"Este s\u00e1bado a las 12:00h, comienzan los cuentos en Rayuela de este 2020, de la mano de Nubeocho y Carloco, con Las librer\u00edas contadas \u00a1No faltes!","robots":{"index":"index","follow":"follow","max-snippet":"max-snippet:-1","max-image-preview":"max-image-preview:large","max-video-preview":"max-video-preview:-1"},"canonical":"https:\/\/www.rayuelainfancia.com\/blog\/librerias-contadas-nubeocho-carloco\/","og_locale":"es_ES","og_type":"article","og_title":"LIBRER\u00cdAS CONTADAS: NUBEOCHO Y CARLOCO &#8902; Blog de Rayuelainfancia","og_description":"Este s\u00e1bado a las 12:00h, comienzan los cuentos en Rayuela de este 2020, de la mano de Nubeocho y Carloco, con Las librer\u00edas contadas \u00a1No faltes!","og_url":"https:\/\/www.rayuelainfancia.com\/blog\/librerias-contadas-nubeocho-carloco\/","og_site_name":"Blog de Rayuelainfancia","article_publisher":"https:\/\/www.facebook.com\/pages\/Librer\u00eda-Rayuela\/251861686361","article_published_time":"2020-01-22T10:24:54+00:00","article_modified_time":"2022-04-05T09:44:52+00:00","og_image":[{"width":1080,"height":749,"url":"https:\/\/www.rayuelainfancia.com\/blog\/wp-content\/uploads\/2020\/01\/act-nube-carloco-3.jpg","type":"image\/jpeg"}],"twitter_card":"summary","twitter_creator":"@Rayuelainfancia","twitter_site":"@Rayuelainfancia","twitter_misc":{"Written by":"Rayuelainfancia","Est. reading time":"1 minuto"},"schema":{"@context":"https:\/\/schema.org","@graph":[{"@type":"Organization","@id":"https:\/\/www.rayuelainfancia.com\/blog\/#organization","name":"Rayuelainfancia","url":"https:\/\/www.rayuelainfancia.com\/blog\/","sameAs":["https:\/\/www.facebook.com\/pages\/Librer\u00eda-Rayuela\/251861686361","https:\/\/www.youtube.com\/channel\/UCddVaoDjpTp-DexyEVoyazQ","https:\/\/twitter.com\/Rayuelainfancia"],"logo":{"@type":"ImageObject","@id":"https:\/\/www.rayuelainfancia.com\/blog\/#logo","inLanguage":"es","url":"https:\/\/www.rayuelainfancia.com\/blog\/wp-content\/uploads\/2018\/06\/logo-rayuelainfancia-color-corporativo.png","contentUrl":"https:\/\/www.rayuelainfancia.com\/blog\/wp-content\/uploads\/2018\/06\/logo-rayuelainfancia-color-corporativo.png","width":1200,"height":680,"caption":"Rayuelainfancia"},"image":{"@id":"https:\/\/www.rayuelainfancia.com\/blog\/#logo"}},{"@type":"WebSite","@id":"https:\/\/www.rayuelainfancia.com\/blog\/#website","url":"https:\/\/www.rayuelainfancia.com\/blog\/","name":"Blog de Rayuelainfancia","description":"Libros infantiles y juegos educaticos respestuosos con la infancia","publisher":{"@id":"https:\/\/www.rayuelainfancia.com\/blog\/#organization"},"potentialAction":[{"@type":"SearchAction","target":{"@type":"EntryPoint","urlTemplate":"https:\/\/www.rayuelainfancia.com\/blog\/?s={search_term_string}"},"query-input":"required name=search_term_string"}],"inLanguage":"es"},{"@type":"ImageObject","@id":"https:\/\/www.rayuelainfancia.com\/blog\/librerias-contadas-nubeocho-carloco\/#primaryimage","inLanguage":"es","url":"https:\/\/www.rayuelainfancia.com\/blog\/wp-content\/uploads\/2020\/01\/act-nube-carloco-3.jpg","contentUrl":"https:\/\/www.rayuelainfancia.com\/blog\/wp-content\/uploads\/2020\/01\/act-nube-carloco-3.jpg","width":1080,"height":749},{"@type":"WebPage","@id":"https:\/\/www.rayuelainfancia.com\/blog\/librerias-contadas-nubeocho-carloco\/#webpage","url":"https:\/\/www.rayuelainfancia.com\/blog\/librerias-contadas-nubeocho-carloco\/","name":"LIBRER\u00cdAS CONTADAS: NUBEOCHO Y CARLOCO &#8902; Blog de Rayuelainfancia","isPartOf":{"@id":"https:\/\/www.rayuelainfancia.com\/blog\/#website"},"primaryImageOfPage":{"@id":"https:\/\/www.rayuelainfancia.com\/blog\/librerias-contadas-nubeocho-carloco\/#primaryimage"},"datePublished":"2020-01-22T10:24:54+00:00","dateModified":"2022-04-05T09:44:52+00:00","description":"Este s\u00e1bado a las 12:00h, comienzan los cuentos en Rayuela de este 2020, de la mano de Nubeocho y Carloco, con Las librer\u00edas contadas \u00a1No faltes!","breadcrumb":{"@id":"https:\/\/www.rayuelainfancia.com\/blog\/librerias-contadas-nubeocho-carloco\/#breadcrumb"},"inLanguage":"es","potentialAction":[{"@type":"ReadAction","target":["https:\/\/www.rayuelainfancia.com\/blog\/librerias-contadas-nubeocho-carloco\/"]}]},{"@type":"BreadcrumbList","@id":"https:\/\/www.rayuelainfancia.com\/blog\/librerias-contadas-nubeocho-carloco\/#breadcrumb","itemListElement":[{"@type":"ListItem","position":1,"name":"Portada","item":"https:\/\/www.rayuelainfancia.com\/blog\/"},{"@type":"ListItem","position":2,"name":"LIBRER\u00cdAS CONTADAS: NUBEOCHO Y CARLOCO"}]},{"@type":"Article","@id":"https:\/\/www.rayuelainfancia.com\/blog\/librerias-contadas-nubeocho-carloco\/#article","isPartOf":{"@id":"https:\/\/www.rayuelainfancia.com\/blog\/librerias-contadas-nubeocho-carloco\/#webpage"},"author":{"@id":"https:\/\/www.rayuelainfancia.com\/blog\/#\/schema\/person\/c1aff250c5154e35f53f26d0eba10c45"},"headline":"LIBRER\u00cdAS CONTADAS: NUBEOCHO Y CARLOCO","datePublished":"2020-01-22T10:24:54+00:00","dateModified":"2022-04-05T09:44:52+00:00","mainEntityOfPage":{"@id":"https:\/\/www.rayuelainfancia.com\/blog\/librerias-contadas-nubeocho-carloco\/#webpage"},"wordCount":272,"commentCount":0,"publisher":{"@id":"https:\/\/www.rayuelainfancia.com\/blog\/#organization"},"image":{"@id":"https:\/\/www.rayuelainfancia.com\/blog\/librerias-contadas-nubeocho-carloco\/#primaryimage"},"thumbnailUrl":"https:\/\/www.rayuelainfancia.com\/blog\/wp-content\/uploads\/2020\/01\/act-nube-carloco-3.jpg","articleSection":["Actividades Cuentacuentos","Literatura Infantil"],"inLanguage":"es","potentialAction":[{"@type":"CommentAction","name":"Comment","target":["https:\/\/www.rayuelainfancia.com\/blog\/librerias-contadas-nubeocho-carloco\/#respond"]}]},{"@type":"Person","@id":"https:\/\/www.rayuelainfancia.com\/blog\/#\/schema\/person\/c1aff250c5154e35f53f26d0eba10c45","name":"Rayuelainfancia","image":{"@type":"ImageObject","@id":"https:\/\/www.rayuelainfancia.com\/blog\/#personlogo","inLanguage":"es","url":"https:\/\/secure.gravatar.com\/avatar\/8bf03e7a4bb13ca5c7d0dc6acde2bfd1?s=96&d=mm&r=g","contentUrl":"https:\/\/secure.gravatar.com\/avatar\/8bf03e7a4bb13ca5c7d0dc6acde2bfd1?s=96&d=mm&r=g","caption":"Rayuelainfancia"}}]}},"_links":{"self":[{"href":"https:\/\/www.rayuelainfancia.com\/blog\/wp-json\/wp\/v2\/posts\/4038"}],"collection":[{"href":"https:\/\/www.rayuelainfancia.com\/blog\/wp-json\/wp\/v2\/posts"}],"about":[{"href":"https:\/\/www.rayuelainfancia.com\/blog\/wp-json\/wp\/v2\/types\/post"}],"author":[{"embeddable":true,"href":"https:\/\/www.rayuelainfancia.com\/blog\/wp-json\/wp\/v2\/users\/6"}],"replies":[{"embeddable":true,"href":"https:\/\/www.rayuelainfancia.com\/blog\/wp-json\/wp\/v2\/comments?post=4038"}],"version-history":[{"count":8,"href":"https:\/\/www.rayuelainfancia.com\/blog\/wp-json\/wp\/v2\/posts\/4038\/revisions"}],"predecessor-version":[{"id":4684,"href":"https:\/\/www.rayuelainfancia.com\/blog\/wp-json\/wp\/v2\/posts\/4038\/revisions\/4684"}],"wp:featuredmedia":[{"embeddable":true,"href":"https:\/\/www.rayuelainfancia.com\/blog\/wp-json\/wp\/v2\/media\/4373"}],"wp:attachment":[{"href":"https:\/\/www.rayuelainfancia.com\/blog\/wp-json\/wp\/v2\/media?parent=4038"}],"wp:term":[{"taxonomy":"category","embeddable":true,"href":"https:\/\/www.rayuelainfancia.com\/blog\/wp-json\/wp\/v2\/categories?post=4038"},{"taxonomy":"post_tag","embeddable":true,"href":"https:\/\/www.rayuelainfancia.com\/blog\/wp-json\/wp\/v2\/tags?post=4038"}],"curies":[{"name":"wp","href":"https:\/\/api.w.org\/{rel}","templated":true}]}}