 {"id":4029,"date":"2019-12-17T18:52:36","date_gmt":"2019-12-17T17:52:36","guid":{"rendered":"http:\/\/www.rayuelainfancia.com\/blog\/?p=4029"},"modified":"2020-12-11T20:35:06","modified_gmt":"2020-12-11T19:35:06","slug":"cancion-de-navidad-resena","status":"publish","type":"post","link":"https:\/\/www.rayuelainfancia.com\/blog\/cancion-de-navidad-resena\/","title":{"rendered":"CANCI\u00d3N DE NAVIDAD [RESE\u00d1A]"},"content":{"rendered":"\r\n<p><strong><em>Canci\u00f3n de Navidad<\/em><\/strong> es uno de los cl\u00e1sicos por excelencia sobre este momento del a\u00f1o. Escrito por\u00a0<strong>Charles Dickens en 1843<\/strong>, <a href=\"https:\/\/www.rayuelainfancia.com\/clasicos\/44952-cancion-de-navidad.html\"><strong>este cuento<\/strong><\/a> sigue conservando toda su fuerza y transmitiendo el\u00a0<strong>verdadero esp\u00edritu de la Navidad.<\/strong><\/p>\r\n\r\n\r\n\r\n<p><!--more--><\/p>\r\n\r\n\r\n\r\n<p>Su <strong>protagonista <\/strong>es un hombre avaro, ego\u00edsta y amargado al que <strong>solo le importa el dinero<\/strong> y que por supuesto\u00a0no celebra la Navidad.\u00a0<\/p>\r\n\r\n\r\n\r\n<figure class=\"wp-block-image\"><a href=\"https:\/\/www.rayuelainfancia.com\/clasicos\/44952-cancion-de-navidad.html\" target=\"_blank\" rel=\"noreferrer noopener\"><img loading=\"lazy\" class=\"alignnone wp-image-4030\" src=\"https:\/\/www.rayuelainfancia.com\/blog\/wp-content\/uploads\/2019\/12\/cancion-de-navidad-1.jpg\" alt=\"Canci\u00f3n de Navidad de Charles Dickens\" width=\"800\" height=\"800\" srcset=\"https:\/\/www.rayuelainfancia.com\/blog\/wp-content\/uploads\/2019\/12\/cancion-de-navidad-1.jpg 800w, https:\/\/www.rayuelainfancia.com\/blog\/wp-content\/uploads\/2019\/12\/cancion-de-navidad-1-150x150.jpg 150w, https:\/\/www.rayuelainfancia.com\/blog\/wp-content\/uploads\/2019\/12\/cancion-de-navidad-1-300x300.jpg 300w, https:\/\/www.rayuelainfancia.com\/blog\/wp-content\/uploads\/2019\/12\/cancion-de-navidad-1-768x768.jpg 768w, https:\/\/www.rayuelainfancia.com\/blog\/wp-content\/uploads\/2019\/12\/cancion-de-navidad-1-60x60.jpg 60w\" sizes=\"(max-width: 800px) 100vw, 800px\" \/><\/a>\r\n<figcaption><em><strong>Canci\u00f3n de Navidad<\/strong><\/em><\/figcaption>\r\n<\/figure>\r\n\r\n\r\n\r\n<p>Pero la\u00a0<strong>visita<\/strong>\u00a0inesperada<strong>\u00a0de los tres esp\u00edritus de la Navidad<\/strong>\u00a0le hacen entender el sinsentido de su vida dedicada exclusivamente al trabajo, la enorme soledad en la que vive y su futuro desolador.<\/p>\r\n\r\n\r\n\r\n<p>Cuando el se\u00f1or Scrooge se da cuenta de esto, se asusta y\u00a0decide dar\u00a0<strong>un cambio radical<\/strong>, convirti\u00e9ndose en una\u00a0<strong>persona bondadosa<\/strong>\u00a0capaz de ayudar a quienes le rodean.\u00a0<\/p>\r\n\r\n\r\n\r\n<figure class=\"wp-block-image\"><a href=\"https:\/\/www.rayuelainfancia.com\/clasicos\/44952-cancion-de-navidad.html\" target=\"_blank\" rel=\"noreferrer noopener\"><img loading=\"lazy\" class=\"alignnone wp-image-4031\" src=\"https:\/\/www.rayuelainfancia.com\/blog\/wp-content\/uploads\/2019\/12\/cancion-de-navidad-2.jpg\" alt=\"\" width=\"800\" height=\"800\" srcset=\"https:\/\/www.rayuelainfancia.com\/blog\/wp-content\/uploads\/2019\/12\/cancion-de-navidad-2.jpg 800w, https:\/\/www.rayuelainfancia.com\/blog\/wp-content\/uploads\/2019\/12\/cancion-de-navidad-2-150x150.jpg 150w, https:\/\/www.rayuelainfancia.com\/blog\/wp-content\/uploads\/2019\/12\/cancion-de-navidad-2-300x300.jpg 300w, https:\/\/www.rayuelainfancia.com\/blog\/wp-content\/uploads\/2019\/12\/cancion-de-navidad-2-768x768.jpg 768w, https:\/\/www.rayuelainfancia.com\/blog\/wp-content\/uploads\/2019\/12\/cancion-de-navidad-2-60x60.jpg 60w\" sizes=\"(max-width: 800px) 100vw, 800px\" \/><\/a>\r\n<figcaption>Un libro exquisito que cuenta con las ilustraciones de Roberto Innocenti<\/figcaption>\r\n<\/figure>\r\n\r\n\r\n\r\n<p>Este libro\u00a0<strong>editado<\/strong>\u00a0con todo lujo de detalles y\u00a0<strong>con exquisitez<\/strong>\u00a0por Kalandraka, es una joya,\u00a0<strong>para leer junto a ni\u00f1as y ni\u00f1os<\/strong>, cap\u00edtulo a cap\u00edtulo. Est\u00e1\u00a0dividido en cinco estrofas, cinco episodios que adem\u00e1s cuentan con las\u00a0magn\u00edficas<strong>\u00a0ilustraciones<\/strong><strong>\u00a0a color\u00a0de Roberto Innocenti<\/strong><strong>.<\/strong><\/p>\r\n\r\n\r\n\r\n<figure class=\"wp-block-image\"><a href=\"https:\/\/www.rayuelainfancia.com\/clasicos\/44952-cancion-de-navidad.html\" target=\"_blank\" rel=\"noreferrer noopener\"><img loading=\"lazy\" class=\"alignnone wp-image-4032\" src=\"https:\/\/www.rayuelainfancia.com\/blog\/wp-content\/uploads\/2019\/12\/cancion-de-navidad.jpg\" alt=\"\" width=\"800\" height=\"800\" srcset=\"https:\/\/www.rayuelainfancia.com\/blog\/wp-content\/uploads\/2019\/12\/cancion-de-navidad.jpg 800w, https:\/\/www.rayuelainfancia.com\/blog\/wp-content\/uploads\/2019\/12\/cancion-de-navidad-150x150.jpg 150w, https:\/\/www.rayuelainfancia.com\/blog\/wp-content\/uploads\/2019\/12\/cancion-de-navidad-300x300.jpg 300w, https:\/\/www.rayuelainfancia.com\/blog\/wp-content\/uploads\/2019\/12\/cancion-de-navidad-768x768.jpg 768w, https:\/\/www.rayuelainfancia.com\/blog\/wp-content\/uploads\/2019\/12\/cancion-de-navidad-60x60.jpg 60w\" sizes=\"(max-width: 800px) 100vw, 800px\" \/><\/a>\r\n<figcaption>Un cuento de Navidad, para leer en familia<\/figcaption>\r\n<\/figure>\r\n\r\n\r\n\r\n<p>El conjunto es\u00a0<strong>un libro perfecto para regalar o regalarnos<\/strong>\u00a0en estas fechas, y disfrutar de lectura y del mensaje que transmite en familia.<\/p>\r\n\r\n\r\n\r\n<h2>Ficha t\u00e9cnica: Canci\u00f3n de Navidad<\/h2>\r\n\r\n\r\n\r\n<figure class=\"wp-block-image\"><a href=\"https:\/\/www.rayuelainfancia.com\/clasicos\/44952-cancion-de-navidad.html\" target=\"_blank\" rel=\"noreferrer noopener\"><img loading=\"lazy\" class=\"alignnone wp-image-4035\" src=\"https:\/\/www.rayuelainfancia.com\/blog\/wp-content\/uploads\/2019\/12\/cancion-navidad-kalandraka-1-1024x768.gif\" alt=\"Canci\u00f3n de Navidad de Charles Dickens\" width=\"1024\" height=\"768\" srcset=\"https:\/\/www.rayuelainfancia.com\/blog\/wp-content\/uploads\/2019\/12\/cancion-navidad-kalandraka-1-1024x768.gif 1024w, https:\/\/www.rayuelainfancia.com\/blog\/wp-content\/uploads\/2019\/12\/cancion-navidad-kalandraka-1-300x225.gif 300w, https:\/\/www.rayuelainfancia.com\/blog\/wp-content\/uploads\/2019\/12\/cancion-navidad-kalandraka-1-768x576.gif 768w\" sizes=\"(max-width: 1024px) 100vw, 1024px\" \/><\/a>\r\n<figcaption>Canci\u00f3n de Navidad, editado por Kalandraka<\/figcaption>\r\n<\/figure>\r\n\r\n\r\n\r\n<p><strong>T\u00edtulo:<\/strong> Canci\u00f3n de Navidad<\/p>\r\n\r\n\r\n\r\n<p><strong>Autor<\/strong>: Charles Dickens<\/p>\r\n\r\n\r\n\r\n<p><strong>Ilustrador:<\/strong> Roberto Innocenti<\/p>\r\n\r\n\r\n\r\n<p><strong>Editorial:<\/strong> Kalandraka<\/p>\r\n\r\n\r\n\r\n<p><strong>Edad recomendada:<\/strong> desde 9 a\u00f1os<\/p>\r\n\r\n\r\n\r\n<p>&nbsp;<\/p>\r\n","protected":false},"excerpt":{"rendered":"<p>Canci\u00f3n de Navidad es uno de los cl\u00e1sicos por excelencia sobre este momento del a\u00f1o. Escrito por\u00a0Charles Dickens en 1843, este cuento sigue conservando toda su fuerza y transmitiendo el\u00a0verdadero esp\u00edritu de la Navidad.<\/p>\n","protected":false},"author":6,"featured_media":4033,"comment_status":"open","ping_status":"open","sticky":false,"template":"","format":"standard","meta":[],"categories":[21],"tags":[],"yoast_head":"<!-- This site is optimized with the Yoast SEO plugin v18.5.1 - https:\/\/yoast.com\/wordpress\/plugins\/seo\/ -->\n<title>CANCI\u00d3N DE NAVIDAD [RESE\u00d1A] &#8902; Blog de Rayuelainfancia<\/title>\n<meta name=\"description\" content=\"&quot;Canci\u00f3n de Navidad&quot; es uno de los cl\u00e1sicos por excelencia, escrito por Charles Dickens en 1843, este cuento sigue transmitiendo el verdadero esp\u00edritu de la Navidad\" \/>\n<meta name=\"robots\" content=\"index, follow, max-snippet:-1, max-image-preview:large, max-video-preview:-1\" \/>\n<link rel=\"canonical\" href=\"https:\/\/www.rayuelainfancia.com\/blog\/cancion-de-navidad-resena\/\" \/>\n<meta property=\"og:locale\" content=\"es_ES\" \/>\n<meta property=\"og:type\" content=\"article\" \/>\n<meta property=\"og:title\" content=\"CANCI\u00d3N DE NAVIDAD [RESE\u00d1A] &#8902; Blog de Rayuelainfancia\" \/>\n<meta property=\"og:description\" content=\"&quot;Canci\u00f3n de Navidad&quot; es uno de los cl\u00e1sicos por excelencia, escrito por Charles Dickens en 1843, este cuento sigue transmitiendo el verdadero esp\u00edritu de la Navidad\" \/>\n<meta property=\"og:url\" content=\"https:\/\/www.rayuelainfancia.com\/blog\/cancion-de-navidad-resena\/\" \/>\n<meta property=\"og:site_name\" content=\"Blog de Rayuelainfancia\" \/>\n<meta property=\"article:publisher\" content=\"https:\/\/www.facebook.com\/pages\/Librer\u00eda-Rayuela\/251861686361\" \/>\n<meta property=\"article:published_time\" content=\"2019-12-17T17:52:36+00:00\" \/>\n<meta property=\"article:modified_time\" content=\"2020-12-11T19:35:06+00:00\" \/>\n<meta property=\"og:image\" content=\"https:\/\/www.rayuelainfancia.com\/blog\/wp-content\/uploads\/2019\/12\/cancion-navidad-kalandraka.gif\" \/>\n\t<meta property=\"og:image:width\" content=\"1200\" \/>\n\t<meta property=\"og:image:height\" content=\"900\" \/>\n\t<meta property=\"og:image:type\" content=\"image\/gif\" \/>\n<meta name=\"twitter:card\" content=\"summary\" \/>\n<meta name=\"twitter:creator\" content=\"@Rayuelainfancia\" \/>\n<meta name=\"twitter:site\" content=\"@Rayuelainfancia\" \/>\n<meta name=\"twitter:label1\" content=\"Written by\" \/>\n\t<meta name=\"twitter:data1\" content=\"Rayuelainfancia\" \/>\n\t<meta name=\"twitter:label2\" content=\"Est. reading time\" \/>\n\t<meta name=\"twitter:data2\" content=\"1 minuto\" \/>\n<script type=\"application\/ld+json\" class=\"yoast-schema-graph\">{\"@context\":\"https:\/\/schema.org\",\"@graph\":[{\"@type\":\"Organization\",\"@id\":\"https:\/\/www.rayuelainfancia.com\/blog\/#organization\",\"name\":\"Rayuelainfancia\",\"url\":\"https:\/\/www.rayuelainfancia.com\/blog\/\",\"sameAs\":[\"https:\/\/www.facebook.com\/pages\/Librer\u00eda-Rayuela\/251861686361\",\"https:\/\/www.youtube.com\/channel\/UCddVaoDjpTp-DexyEVoyazQ\",\"https:\/\/twitter.com\/Rayuelainfancia\"],\"logo\":{\"@type\":\"ImageObject\",\"@id\":\"https:\/\/www.rayuelainfancia.com\/blog\/#logo\",\"inLanguage\":\"es\",\"url\":\"https:\/\/www.rayuelainfancia.com\/blog\/wp-content\/uploads\/2018\/06\/logo-rayuelainfancia-color-corporativo.png\",\"contentUrl\":\"https:\/\/www.rayuelainfancia.com\/blog\/wp-content\/uploads\/2018\/06\/logo-rayuelainfancia-color-corporativo.png\",\"width\":1200,\"height\":680,\"caption\":\"Rayuelainfancia\"},\"image\":{\"@id\":\"https:\/\/www.rayuelainfancia.com\/blog\/#logo\"}},{\"@type\":\"WebSite\",\"@id\":\"https:\/\/www.rayuelainfancia.com\/blog\/#website\",\"url\":\"https:\/\/www.rayuelainfancia.com\/blog\/\",\"name\":\"Blog de Rayuelainfancia\",\"description\":\"Libros infantiles y juegos educaticos respestuosos con la infancia\",\"publisher\":{\"@id\":\"https:\/\/www.rayuelainfancia.com\/blog\/#organization\"},\"potentialAction\":[{\"@type\":\"SearchAction\",\"target\":{\"@type\":\"EntryPoint\",\"urlTemplate\":\"https:\/\/www.rayuelainfancia.com\/blog\/?s={search_term_string}\"},\"query-input\":\"required name=search_term_string\"}],\"inLanguage\":\"es\"},{\"@type\":\"ImageObject\",\"@id\":\"https:\/\/www.rayuelainfancia.com\/blog\/cancion-de-navidad-resena\/#primaryimage\",\"inLanguage\":\"es\",\"url\":\"https:\/\/www.rayuelainfancia.com\/blog\/wp-content\/uploads\/2019\/12\/cancion-navidad-kalandraka.gif\",\"contentUrl\":\"https:\/\/www.rayuelainfancia.com\/blog\/wp-content\/uploads\/2019\/12\/cancion-navidad-kalandraka.gif\",\"width\":1200,\"height\":900,\"caption\":\"Canci\u00f3n de Navidad de Kalandraka\"},{\"@type\":\"WebPage\",\"@id\":\"https:\/\/www.rayuelainfancia.com\/blog\/cancion-de-navidad-resena\/#webpage\",\"url\":\"https:\/\/www.rayuelainfancia.com\/blog\/cancion-de-navidad-resena\/\",\"name\":\"CANCI\u00d3N DE NAVIDAD [RESE\u00d1A] &#8902; Blog de Rayuelainfancia\",\"isPartOf\":{\"@id\":\"https:\/\/www.rayuelainfancia.com\/blog\/#website\"},\"primaryImageOfPage\":{\"@id\":\"https:\/\/www.rayuelainfancia.com\/blog\/cancion-de-navidad-resena\/#primaryimage\"},\"datePublished\":\"2019-12-17T17:52:36+00:00\",\"dateModified\":\"2020-12-11T19:35:06+00:00\",\"description\":\"\\\"Canci\u00f3n de Navidad\\\" es uno de los cl\u00e1sicos por excelencia, escrito por Charles Dickens en 1843, este cuento sigue transmitiendo el verdadero esp\u00edritu de la Navidad\",\"breadcrumb\":{\"@id\":\"https:\/\/www.rayuelainfancia.com\/blog\/cancion-de-navidad-resena\/#breadcrumb\"},\"inLanguage\":\"es\",\"potentialAction\":[{\"@type\":\"ReadAction\",\"target\":[\"https:\/\/www.rayuelainfancia.com\/blog\/cancion-de-navidad-resena\/\"]}]},{\"@type\":\"BreadcrumbList\",\"@id\":\"https:\/\/www.rayuelainfancia.com\/blog\/cancion-de-navidad-resena\/#breadcrumb\",\"itemListElement\":[{\"@type\":\"ListItem\",\"position\":1,\"name\":\"Portada\",\"item\":\"https:\/\/www.rayuelainfancia.com\/blog\/\"},{\"@type\":\"ListItem\",\"position\":2,\"name\":\"CANCI\u00d3N DE NAVIDAD [RESE\u00d1A]\"}]},{\"@type\":\"Article\",\"@id\":\"https:\/\/www.rayuelainfancia.com\/blog\/cancion-de-navidad-resena\/#article\",\"isPartOf\":{\"@id\":\"https:\/\/www.rayuelainfancia.com\/blog\/cancion-de-navidad-resena\/#webpage\"},\"author\":{\"@id\":\"https:\/\/www.rayuelainfancia.com\/blog\/#\/schema\/person\/c1aff250c5154e35f53f26d0eba10c45\"},\"headline\":\"CANCI\u00d3N DE NAVIDAD [RESE\u00d1A]\",\"datePublished\":\"2019-12-17T17:52:36+00:00\",\"dateModified\":\"2020-12-11T19:35:06+00:00\",\"mainEntityOfPage\":{\"@id\":\"https:\/\/www.rayuelainfancia.com\/blog\/cancion-de-navidad-resena\/#webpage\"},\"wordCount\":268,\"commentCount\":0,\"publisher\":{\"@id\":\"https:\/\/www.rayuelainfancia.com\/blog\/#organization\"},\"image\":{\"@id\":\"https:\/\/www.rayuelainfancia.com\/blog\/cancion-de-navidad-resena\/#primaryimage\"},\"thumbnailUrl\":\"https:\/\/www.rayuelainfancia.com\/blog\/wp-content\/uploads\/2019\/12\/cancion-navidad-kalandraka.gif\",\"articleSection\":[\"Literatura Infantil\"],\"inLanguage\":\"es\",\"potentialAction\":[{\"@type\":\"CommentAction\",\"name\":\"Comment\",\"target\":[\"https:\/\/www.rayuelainfancia.com\/blog\/cancion-de-navidad-resena\/#respond\"]}]},{\"@type\":\"Person\",\"@id\":\"https:\/\/www.rayuelainfancia.com\/blog\/#\/schema\/person\/c1aff250c5154e35f53f26d0eba10c45\",\"name\":\"Rayuelainfancia\",\"image\":{\"@type\":\"ImageObject\",\"@id\":\"https:\/\/www.rayuelainfancia.com\/blog\/#personlogo\",\"inLanguage\":\"es\",\"url\":\"https:\/\/secure.gravatar.com\/avatar\/8bf03e7a4bb13ca5c7d0dc6acde2bfd1?s=96&d=mm&r=g\",\"contentUrl\":\"https:\/\/secure.gravatar.com\/avatar\/8bf03e7a4bb13ca5c7d0dc6acde2bfd1?s=96&d=mm&r=g\",\"caption\":\"Rayuelainfancia\"}}]}<\/script>\n<!-- \/ Yoast SEO plugin. -->","yoast_head_json":{"title":"CANCI\u00d3N DE NAVIDAD [RESE\u00d1A] &#8902; Blog de Rayuelainfancia","description":"\"Canci\u00f3n de Navidad\" es uno de los cl\u00e1sicos por excelencia, escrito por Charles Dickens en 1843, este cuento sigue transmitiendo el verdadero esp\u00edritu de la Navidad","robots":{"index":"index","follow":"follow","max-snippet":"max-snippet:-1","max-image-preview":"max-image-preview:large","max-video-preview":"max-video-preview:-1"},"canonical":"https:\/\/www.rayuelainfancia.com\/blog\/cancion-de-navidad-resena\/","og_locale":"es_ES","og_type":"article","og_title":"CANCI\u00d3N DE NAVIDAD [RESE\u00d1A] &#8902; Blog de Rayuelainfancia","og_description":"\"Canci\u00f3n de Navidad\" es uno de los cl\u00e1sicos por excelencia, escrito por Charles Dickens en 1843, este cuento sigue transmitiendo el verdadero esp\u00edritu de la Navidad","og_url":"https:\/\/www.rayuelainfancia.com\/blog\/cancion-de-navidad-resena\/","og_site_name":"Blog de Rayuelainfancia","article_publisher":"https:\/\/www.facebook.com\/pages\/Librer\u00eda-Rayuela\/251861686361","article_published_time":"2019-12-17T17:52:36+00:00","article_modified_time":"2020-12-11T19:35:06+00:00","og_image":[{"width":1200,"height":900,"url":"https:\/\/www.rayuelainfancia.com\/blog\/wp-content\/uploads\/2019\/12\/cancion-navidad-kalandraka.gif","type":"image\/gif"}],"twitter_card":"summary","twitter_creator":"@Rayuelainfancia","twitter_site":"@Rayuelainfancia","twitter_misc":{"Written by":"Rayuelainfancia","Est. reading time":"1 minuto"},"schema":{"@context":"https:\/\/schema.org","@graph":[{"@type":"Organization","@id":"https:\/\/www.rayuelainfancia.com\/blog\/#organization","name":"Rayuelainfancia","url":"https:\/\/www.rayuelainfancia.com\/blog\/","sameAs":["https:\/\/www.facebook.com\/pages\/Librer\u00eda-Rayuela\/251861686361","https:\/\/www.youtube.com\/channel\/UCddVaoDjpTp-DexyEVoyazQ","https:\/\/twitter.com\/Rayuelainfancia"],"logo":{"@type":"ImageObject","@id":"https:\/\/www.rayuelainfancia.com\/blog\/#logo","inLanguage":"es","url":"https:\/\/www.rayuelainfancia.com\/blog\/wp-content\/uploads\/2018\/06\/logo-rayuelainfancia-color-corporativo.png","contentUrl":"https:\/\/www.rayuelainfancia.com\/blog\/wp-content\/uploads\/2018\/06\/logo-rayuelainfancia-color-corporativo.png","width":1200,"height":680,"caption":"Rayuelainfancia"},"image":{"@id":"https:\/\/www.rayuelainfancia.com\/blog\/#logo"}},{"@type":"WebSite","@id":"https:\/\/www.rayuelainfancia.com\/blog\/#website","url":"https:\/\/www.rayuelainfancia.com\/blog\/","name":"Blog de Rayuelainfancia","description":"Libros infantiles y juegos educaticos respestuosos con la infancia","publisher":{"@id":"https:\/\/www.rayuelainfancia.com\/blog\/#organization"},"potentialAction":[{"@type":"SearchAction","target":{"@type":"EntryPoint","urlTemplate":"https:\/\/www.rayuelainfancia.com\/blog\/?s={search_term_string}"},"query-input":"required name=search_term_string"}],"inLanguage":"es"},{"@type":"ImageObject","@id":"https:\/\/www.rayuelainfancia.com\/blog\/cancion-de-navidad-resena\/#primaryimage","inLanguage":"es","url":"https:\/\/www.rayuelainfancia.com\/blog\/wp-content\/uploads\/2019\/12\/cancion-navidad-kalandraka.gif","contentUrl":"https:\/\/www.rayuelainfancia.com\/blog\/wp-content\/uploads\/2019\/12\/cancion-navidad-kalandraka.gif","width":1200,"height":900,"caption":"Canci\u00f3n de Navidad de Kalandraka"},{"@type":"WebPage","@id":"https:\/\/www.rayuelainfancia.com\/blog\/cancion-de-navidad-resena\/#webpage","url":"https:\/\/www.rayuelainfancia.com\/blog\/cancion-de-navidad-resena\/","name":"CANCI\u00d3N DE NAVIDAD [RESE\u00d1A] &#8902; Blog de Rayuelainfancia","isPartOf":{"@id":"https:\/\/www.rayuelainfancia.com\/blog\/#website"},"primaryImageOfPage":{"@id":"https:\/\/www.rayuelainfancia.com\/blog\/cancion-de-navidad-resena\/#primaryimage"},"datePublished":"2019-12-17T17:52:36+00:00","dateModified":"2020-12-11T19:35:06+00:00","description":"\"Canci\u00f3n de Navidad\" es uno de los cl\u00e1sicos por excelencia, escrito por Charles Dickens en 1843, este cuento sigue transmitiendo el verdadero esp\u00edritu de la Navidad","breadcrumb":{"@id":"https:\/\/www.rayuelainfancia.com\/blog\/cancion-de-navidad-resena\/#breadcrumb"},"inLanguage":"es","potentialAction":[{"@type":"ReadAction","target":["https:\/\/www.rayuelainfancia.com\/blog\/cancion-de-navidad-resena\/"]}]},{"@type":"BreadcrumbList","@id":"https:\/\/www.rayuelainfancia.com\/blog\/cancion-de-navidad-resena\/#breadcrumb","itemListElement":[{"@type":"ListItem","position":1,"name":"Portada","item":"https:\/\/www.rayuelainfancia.com\/blog\/"},{"@type":"ListItem","position":2,"name":"CANCI\u00d3N DE NAVIDAD [RESE\u00d1A]"}]},{"@type":"Article","@id":"https:\/\/www.rayuelainfancia.com\/blog\/cancion-de-navidad-resena\/#article","isPartOf":{"@id":"https:\/\/www.rayuelainfancia.com\/blog\/cancion-de-navidad-resena\/#webpage"},"author":{"@id":"https:\/\/www.rayuelainfancia.com\/blog\/#\/schema\/person\/c1aff250c5154e35f53f26d0eba10c45"},"headline":"CANCI\u00d3N DE NAVIDAD [RESE\u00d1A]","datePublished":"2019-12-17T17:52:36+00:00","dateModified":"2020-12-11T19:35:06+00:00","mainEntityOfPage":{"@id":"https:\/\/www.rayuelainfancia.com\/blog\/cancion-de-navidad-resena\/#webpage"},"wordCount":268,"commentCount":0,"publisher":{"@id":"https:\/\/www.rayuelainfancia.com\/blog\/#organization"},"image":{"@id":"https:\/\/www.rayuelainfancia.com\/blog\/cancion-de-navidad-resena\/#primaryimage"},"thumbnailUrl":"https:\/\/www.rayuelainfancia.com\/blog\/wp-content\/uploads\/2019\/12\/cancion-navidad-kalandraka.gif","articleSection":["Literatura Infantil"],"inLanguage":"es","potentialAction":[{"@type":"CommentAction","name":"Comment","target":["https:\/\/www.rayuelainfancia.com\/blog\/cancion-de-navidad-resena\/#respond"]}]},{"@type":"Person","@id":"https:\/\/www.rayuelainfancia.com\/blog\/#\/schema\/person\/c1aff250c5154e35f53f26d0eba10c45","name":"Rayuelainfancia","image":{"@type":"ImageObject","@id":"https:\/\/www.rayuelainfancia.com\/blog\/#personlogo","inLanguage":"es","url":"https:\/\/secure.gravatar.com\/avatar\/8bf03e7a4bb13ca5c7d0dc6acde2bfd1?s=96&d=mm&r=g","contentUrl":"https:\/\/secure.gravatar.com\/avatar\/8bf03e7a4bb13ca5c7d0dc6acde2bfd1?s=96&d=mm&r=g","caption":"Rayuelainfancia"}}]}},"_links":{"self":[{"href":"https:\/\/www.rayuelainfancia.com\/blog\/wp-json\/wp\/v2\/posts\/4029"}],"collection":[{"href":"https:\/\/www.rayuelainfancia.com\/blog\/wp-json\/wp\/v2\/posts"}],"about":[{"href":"https:\/\/www.rayuelainfancia.com\/blog\/wp-json\/wp\/v2\/types\/post"}],"author":[{"embeddable":true,"href":"https:\/\/www.rayuelainfancia.com\/blog\/wp-json\/wp\/v2\/users\/6"}],"replies":[{"embeddable":true,"href":"https:\/\/www.rayuelainfancia.com\/blog\/wp-json\/wp\/v2\/comments?post=4029"}],"version-history":[{"count":5,"href":"https:\/\/www.rayuelainfancia.com\/blog\/wp-json\/wp\/v2\/posts\/4029\/revisions"}],"predecessor-version":[{"id":4309,"href":"https:\/\/www.rayuelainfancia.com\/blog\/wp-json\/wp\/v2\/posts\/4029\/revisions\/4309"}],"wp:featuredmedia":[{"embeddable":true,"href":"https:\/\/www.rayuelainfancia.com\/blog\/wp-json\/wp\/v2\/media\/4033"}],"wp:attachment":[{"href":"https:\/\/www.rayuelainfancia.com\/blog\/wp-json\/wp\/v2\/media?parent=4029"}],"wp:term":[{"taxonomy":"category","embeddable":true,"href":"https:\/\/www.rayuelainfancia.com\/blog\/wp-json\/wp\/v2\/categories?post=4029"},{"taxonomy":"post_tag","embeddable":true,"href":"https:\/\/www.rayuelainfancia.com\/blog\/wp-json\/wp\/v2\/tags?post=4029"}],"curies":[{"name":"wp","href":"https:\/\/api.w.org\/{rel}","templated":true}]}}