 {"id":3889,"date":"2019-10-25T12:16:11","date_gmt":"2019-10-25T10:16:11","guid":{"rendered":"http:\/\/www.rayuelainfancia.com\/blog\/?p=3889"},"modified":"2022-03-15T13:39:00","modified_gmt":"2022-03-15T12:39:00","slug":"libros-ninos-3-a-5-anos","status":"publish","type":"post","link":"https:\/\/www.rayuelainfancia.com\/blog\/libros-ninos-3-a-5-anos\/","title":{"rendered":"LIBROS PARA PEQUES DE 3 A 5 A\u00d1OS"},"content":{"rendered":"\r\n<p>En este post queremos <strong>compartir <\/strong>con vosotros algunos de los <strong>libros<\/strong> que consideramos<strong> imprescindibles <\/strong>en una de las etapas en las que <strong>la curiosidad y el inter\u00e9s<\/strong> est\u00e1n m\u00e1s despiertos: <strong>libros para ni\u00f1os de 3 a 5 a\u00f1os.\u00a0<\/strong><\/p>\r\n\r\n\r\n\r\n<p><!--more--><\/p>\r\n\r\n\r\n\r\n<p>Aunque no es tarea f\u00e1cil <strong>destacar unos cuantos libros <\/strong>de entre la cantidad de t\u00edtulos interesantes y de calidad que podemos encontrar (por suerte) actualmente, en este post <strong>os dejamos algunos<\/strong> de los que despu\u00e9s de m\u00e1s de 20 a\u00f1os recomendando literatura infantil, vemos <strong>que llegan de manera especial <\/strong>a los ni\u00f1os y ni\u00f1as <strong>de 3 a 5 a\u00f1os.<\/strong><\/p>\r\n\r\n\r\n\r\n<h2>\u00c1lbum ilustrado<\/h2>\r\n\r\n\r\n\r\n<p>El <strong>\u00e1lbum ilustrado<\/strong> es sin duda <strong>nuestro favorito y referente <\/strong>de entre todos los g\u00e9neros que podemos encontrar dentro de la literatura infantil. En el \u00e1lbum ilustrado encontramos una<strong> intenci\u00f3n narrativa tanto en el texto como en las ilustraciones<\/strong>, de manera que para aquellos que a\u00fan no saben leer (texto) s<strong>uponen una experiencia muy rica <\/strong>porque s\u00ed que pueden leer (las ilustraciones).<\/p>\r\n\r\n\r\n\r\n<p>Sin m\u00e1s, empezamos.<\/p>\r\n<h4>1. A qu\u00e9 sabe la luna<\/h4>\r\n<p>Uno de los \u00e1lbumes que s\u00ed o s\u00ed entran dentro de esta selecci\u00f3n es <em><a href=\"https:\/\/www.rayuelainfancia.com\/album-ilustrado\/39-a-que-sabe-la-luna.html\" target=\"_blank\" rel=\"noreferrer noopener\" aria-label=\" (abre en una nueva pesta\u00f1a)\"><strong>A qu\u00e9 sabe la luna<\/strong><\/a><\/em>, un<strong>\u00a0cuento imprescindible<\/strong>\u00a0para ni\u00f1os de 3 a 5 a\u00f1os.\u00a0<\/p>\r\n\r\n\r\n\r\n<figure class=\"wp-block-image\">\r\n<figure id=\"attachment_3898\" class=\"thumbnail wp-caption alignnone\" style=\"width: 1034px\"><img loading=\"lazy\" class=\"wp-image-3898\" title=\"Libro A qu\u00e9 sabe la luna\" src=\"https:\/\/www.rayuelainfancia.com\/blog\/wp-content\/uploads\/2019\/10\/05-A-QUE-SABE-LA-LUNA-Kalandraka-CON-LOGO-1024x768.jpg\" alt=\"Libro A qu\u00e9 sabe la luna\" width=\"1024\" height=\"768\" srcset=\"https:\/\/www.rayuelainfancia.com\/blog\/wp-content\/uploads\/2019\/10\/05-A-QUE-SABE-LA-LUNA-Kalandraka-CON-LOGO-1024x768.jpg 1024w, https:\/\/www.rayuelainfancia.com\/blog\/wp-content\/uploads\/2019\/10\/05-A-QUE-SABE-LA-LUNA-Kalandraka-CON-LOGO-300x225.jpg 300w, https:\/\/www.rayuelainfancia.com\/blog\/wp-content\/uploads\/2019\/10\/05-A-QUE-SABE-LA-LUNA-Kalandraka-CON-LOGO-768x576.jpg 768w, https:\/\/www.rayuelainfancia.com\/blog\/wp-content\/uploads\/2019\/10\/05-A-QUE-SABE-LA-LUNA-Kalandraka-CON-LOGO.jpg 1200w\" sizes=\"(max-width: 1024px) 100vw, 1024px\" \/><figcaption class=\"caption wp-caption-text\">Libro A qu\u00e9 sabe la luna<\/figcaption><\/figure>\r\n<figcaption><strong>\u00bfA qu\u00e9 sabe la luna? Kalandraka<\/strong><\/figcaption>\r\n<\/figure>\r\n\r\n\r\n\r\n<p>Una\u00a0<strong>historia inolvidable<\/strong>\u00a0en la que los animales consiguen saciar su curiosidad,\u00a0<strong>ayud\u00e1ndose<\/strong>\u00a0unos a otros.\u00a0 Este \u00e1lbum cuenta con una <strong>estructura acumulativa<\/strong>, que le encanta a los peque\u00f1os y que adem\u00e1s los invita a participar de la narraci\u00f3n.<\/p>\r\n\r\n\r\n\r\n<figure class=\"wp-block-image\"><img loading=\"lazy\" class=\"alignnone wp-image-3900\" title=\"Libro A qu\u00e9 sabe la luna\" src=\"https:\/\/www.rayuelainfancia.com\/blog\/wp-content\/uploads\/2019\/10\/03-A-QUE-SABE-LA-LUNA-Kalandraka-CON-LOGO-1024x733.jpg\" alt=\"A qu\u00e9 sabe la luna de Kalandraka\" width=\"1024\" height=\"733\" srcset=\"https:\/\/www.rayuelainfancia.com\/blog\/wp-content\/uploads\/2019\/10\/03-A-QUE-SABE-LA-LUNA-Kalandraka-CON-LOGO-1024x733.jpg 1024w, https:\/\/www.rayuelainfancia.com\/blog\/wp-content\/uploads\/2019\/10\/03-A-QUE-SABE-LA-LUNA-Kalandraka-CON-LOGO-300x215.jpg 300w, https:\/\/www.rayuelainfancia.com\/blog\/wp-content\/uploads\/2019\/10\/03-A-QUE-SABE-LA-LUNA-Kalandraka-CON-LOGO-768x550.jpg 768w, https:\/\/www.rayuelainfancia.com\/blog\/wp-content\/uploads\/2019\/10\/03-A-QUE-SABE-LA-LUNA-Kalandraka-CON-LOGO.jpg 1200w\" sizes=\"(max-width: 1024px) 100vw, 1024px\" \/>\r\n<figcaption><strong>\u00bfA qu\u00e9 sabe la luna?, Kalandraka<\/strong><\/figcaption>\r\n<\/figure>\r\n\r\n\r\n\r\n<h4>2. Voy a comedte<\/h4>\r\n<p>Otro \u00e1lbum destacable y de indiscutible \u00e9xito es <strong><em><a href=\"https:\/\/www.rayuelainfancia.com\/album-ilustrado\/351-voy-a-comedte.html\">Voy a comedte<\/a><\/em><\/strong>. Un <strong>texto divertido e ingenioso<\/strong>, de Jean-Marc Derouen que <strong>desata las risas<\/strong> de peque\u00f1os y mayores cuando descubrimos a <strong>un lobo que lejos de conseguir asustar <\/strong>y capturar a sus presas en el bosque, las deja boquiabiertas por su forma de hablar.<\/p>\r\n\r\n\r\n\r\n<figure class=\"wp-block-image\"><img loading=\"lazy\" class=\"alignnone wp-image-3903\" title=\"Voy a comedte\" src=\"https:\/\/www.rayuelainfancia.com\/blog\/wp-content\/uploads\/2019\/10\/00-VOY-A-COMEDTE-Kokinos-CON-LOGO-1024x745.jpg\" alt=\"Voy a comedte\" width=\"1024\" height=\"745\" srcset=\"https:\/\/www.rayuelainfancia.com\/blog\/wp-content\/uploads\/2019\/10\/00-VOY-A-COMEDTE-Kokinos-CON-LOGO-1024x745.jpg 1024w, https:\/\/www.rayuelainfancia.com\/blog\/wp-content\/uploads\/2019\/10\/00-VOY-A-COMEDTE-Kokinos-CON-LOGO-300x218.jpg 300w, https:\/\/www.rayuelainfancia.com\/blog\/wp-content\/uploads\/2019\/10\/00-VOY-A-COMEDTE-Kokinos-CON-LOGO-768x559.jpg 768w, https:\/\/www.rayuelainfancia.com\/blog\/wp-content\/uploads\/2019\/10\/00-VOY-A-COMEDTE-Kokinos-CON-LOGO.jpg 1200w\" sizes=\"(max-width: 1024px) 100vw, 1024px\" \/>\r\n<figcaption><strong>Voy a comedte, K\u00f3kinos<\/strong><\/figcaption>\r\n<\/figure>\r\n\r\n\r\n\r\n<p><strong>&#8211; <\/strong><em><strong>Voy a comedte, conejito dojo<\/strong><\/em><strong> &#8211;<\/strong> dice este singular lobo. Y es que nuestro amigo <strong>tiene un pelo en la lengua<\/strong> que le impide pronunciar correctamente&#8230; \u00bfC\u00f3mo resolver\u00e1 este peque\u00f1o problema? Las <strong>ilustraciones<\/strong> de Laure du Fa\u00ff completan este \u00e1lbum que es m\u00e1s que recomendable.<\/p>\r\n\r\n\r\n\r\n<figure class=\"wp-block-image\"><a href=\"https:\/\/www.rayuelainfancia.com\/album-ilustrado\/351-voy-a-comedte.html\" target=\"_blank\" rel=\"noreferrer noopener\"><img loading=\"lazy\" width=\"1024\" height=\"757\" class=\"wp-image-3904\" src=\"https:\/\/www.rayuelainfancia.com\/blog\/wp-content\/uploads\/2019\/10\/03-VOY-A-COMEDTE-Kokinos-CON-LOGO-1024x757.jpg\" alt=\"Voy a comedte de K\u00f3kinos\" srcset=\"https:\/\/www.rayuelainfancia.com\/blog\/wp-content\/uploads\/2019\/10\/03-VOY-A-COMEDTE-Kokinos-CON-LOGO-1024x757.jpg 1024w, https:\/\/www.rayuelainfancia.com\/blog\/wp-content\/uploads\/2019\/10\/03-VOY-A-COMEDTE-Kokinos-CON-LOGO-300x222.jpg 300w, https:\/\/www.rayuelainfancia.com\/blog\/wp-content\/uploads\/2019\/10\/03-VOY-A-COMEDTE-Kokinos-CON-LOGO-768x568.jpg 768w, https:\/\/www.rayuelainfancia.com\/blog\/wp-content\/uploads\/2019\/10\/03-VOY-A-COMEDTE-Kokinos-CON-LOGO.jpg 1200w\" sizes=\"(max-width: 1024px) 100vw, 1024px\" \/><\/a>\r\n<figcaption><strong>Voy a comedte, K\u00f3kinos<\/strong><\/figcaption>\r\n<\/figure>\r\n\r\n\r\n\r\n<h4>3. Vamos a cazar un oso<\/h4>\r\n<p>Otro de los libros de 3 a 5 a\u00f1os que destacar\u00edamos dentro de los \u00e1lbumes ilustrados es <strong><em><a href=\"https:\/\/www.rayuelainfancia.com\/album-ilustrado\/50-vamos-a-cazar-un-oso.html\" target=\"_blank\" rel=\"noreferrer noopener\" aria-label=\" (abre en una nueva pesta\u00f1a)\">Vamos a cazar un oso<\/a><\/em><\/strong>. Este \u00e1lbum surge de una canci\u00f3n popular inglesa, y como tal, <strong>predominan <\/strong>en el texto<strong> la rima, la repetici\u00f3n <\/strong>y el<strong> juego sonoro<\/strong>.<\/p>\r\n\r\n\r\n\r\n<figure class=\"wp-block-image\"><a href=\"https:\/\/www.rayuelainfancia.com\/album-ilustrado\/50-vamos-a-cazar-un-oso.html\" target=\"_blank\" rel=\"noreferrer noopener\"><img loading=\"lazy\" width=\"1024\" height=\"768\" class=\"wp-image-3906\" src=\"https:\/\/www.rayuelainfancia.com\/blog\/wp-content\/uploads\/2019\/10\/00-VAMOS-A-CAZAR-UN-OSO-Ekare-CON-LOGO-1024x768.jpg\" alt=\"Libros para ni\u00f1os de 3 a 5 a\u00f1os\" srcset=\"https:\/\/www.rayuelainfancia.com\/blog\/wp-content\/uploads\/2019\/10\/00-VAMOS-A-CAZAR-UN-OSO-Ekare-CON-LOGO-1024x768.jpg 1024w, https:\/\/www.rayuelainfancia.com\/blog\/wp-content\/uploads\/2019\/10\/00-VAMOS-A-CAZAR-UN-OSO-Ekare-CON-LOGO-300x225.jpg 300w, https:\/\/www.rayuelainfancia.com\/blog\/wp-content\/uploads\/2019\/10\/00-VAMOS-A-CAZAR-UN-OSO-Ekare-CON-LOGO-768x576.jpg 768w, https:\/\/www.rayuelainfancia.com\/blog\/wp-content\/uploads\/2019\/10\/00-VAMOS-A-CAZAR-UN-OSO-Ekare-CON-LOGO.jpg 1200w\" sizes=\"(max-width: 1024px) 100vw, 1024px\" \/><\/a>\r\n<figcaption><strong>Vamos a cazar un oso, Ekar\u00e9<\/strong><\/figcaption>\r\n<\/figure>\r\n\r\n\r\n\r\n<p>Un \u00e1lbum con <strong>gran musicalidad<\/strong>, perfecto para narrar a los que a\u00fan no saben leer de manera que ellos puedan participar de la narraci\u00f3n. Adem\u00e1s, cuenta con las <strong>exquisitas ilustraciones<\/strong> cargadas de realismo y de detalles de<strong> Helen Oxenbury.<\/strong> Un cuento rimado <strong>sobre la familia y el refugio<\/strong> que \u00e9sta supone <strong>ante los peligros y adversidades.<\/strong><\/p>\r\n\r\n\r\n\r\n<figure class=\"wp-block-image\"><a href=\"https:\/\/www.rayuelainfancia.com\/album-ilustrado\/50-vamos-a-cazar-un-oso.html\" target=\"_blank\" rel=\"noreferrer noopener\"><img loading=\"lazy\" width=\"1024\" height=\"728\" class=\"wp-image-3907\" src=\"https:\/\/www.rayuelainfancia.com\/blog\/wp-content\/uploads\/2019\/10\/05-VAMOS-A-CAZAR-UN-OSO-Ekare-CON-LOGO-1024x728.jpg\" alt=\"Vamos a cazar un oso de editorial ekar\u00e9\" srcset=\"https:\/\/www.rayuelainfancia.com\/blog\/wp-content\/uploads\/2019\/10\/05-VAMOS-A-CAZAR-UN-OSO-Ekare-CON-LOGO-1024x728.jpg 1024w, https:\/\/www.rayuelainfancia.com\/blog\/wp-content\/uploads\/2019\/10\/05-VAMOS-A-CAZAR-UN-OSO-Ekare-CON-LOGO-300x213.jpg 300w, https:\/\/www.rayuelainfancia.com\/blog\/wp-content\/uploads\/2019\/10\/05-VAMOS-A-CAZAR-UN-OSO-Ekare-CON-LOGO-768x546.jpg 768w, https:\/\/www.rayuelainfancia.com\/blog\/wp-content\/uploads\/2019\/10\/05-VAMOS-A-CAZAR-UN-OSO-Ekare-CON-LOGO.jpg 1200w\" sizes=\"(max-width: 1024px) 100vw, 1024px\" \/><\/a><\/figure>\r\n\r\n\r\n\r\n<h4>4. El topo que quer\u00eda saber qui\u00e9n se hab\u00eda hecho en su cabeza<\/h4>\r\n<p>Y por supuesto, \u00bfc\u00f3mo no hablar de <strong>el topo m\u00e1s famoso<\/strong> de la literatura infantil? Seguro que lo conoces es <strong><em><a href=\"https:\/\/www.rayuelainfancia.com\/album-ilustrado\/547-el-topo-que-queria-saber.html\" target=\"_blank\" rel=\"noreferrer noopener\" aria-label=\" (abre en una nueva pesta\u00f1a)\">El topo que quer\u00eda saber qui\u00e9n se hab\u00eda hecho aquello en su cabeza<\/a><\/em><\/strong><em>. <\/em><\/p>\r\n\r\n\r\n\r\n<figure class=\"wp-block-image\"><a href=\"https:\/\/www.rayuelainfancia.com\/album-ilustrado\/547-el-topo-que-queria-saber.html\" target=\"_blank\" rel=\"noreferrer noopener\"><img loading=\"lazy\" width=\"1024\" height=\"768\" class=\"wp-image-3909\" src=\"https:\/\/www.rayuelainfancia.com\/blog\/wp-content\/uploads\/2019\/10\/00-EL-TOPO-QUE-QUERIA-SABER-CON-LOGO-1024x768.jpg\" alt=\"Libros para ni\u00f1os de 3 a 5 a\u00f1os\" srcset=\"https:\/\/www.rayuelainfancia.com\/blog\/wp-content\/uploads\/2019\/10\/00-EL-TOPO-QUE-QUERIA-SABER-CON-LOGO-1024x768.jpg 1024w, https:\/\/www.rayuelainfancia.com\/blog\/wp-content\/uploads\/2019\/10\/00-EL-TOPO-QUE-QUERIA-SABER-CON-LOGO-300x225.jpg 300w, https:\/\/www.rayuelainfancia.com\/blog\/wp-content\/uploads\/2019\/10\/00-EL-TOPO-QUE-QUERIA-SABER-CON-LOGO-768x576.jpg 768w, https:\/\/www.rayuelainfancia.com\/blog\/wp-content\/uploads\/2019\/10\/00-EL-TOPO-QUE-QUERIA-SABER-CON-LOGO.jpg 1200w\" sizes=\"(max-width: 1024px) 100vw, 1024px\" \/><\/a>\r\n<figcaption><strong>El topo que quer\u00eda saber qui\u00e9n se hab\u00eda hecho en su cabeza, Beascoa<\/strong><\/figcaption>\r\n<\/figure>\r\n\r\n\r\n\r\n<p>Un cuento perfecto para ni\u00f1os de 3 a 5 a\u00f1os, <strong>escatol\u00f3gico y divertido<\/strong> a partes iguales. <strong>Estructura repetitiva <\/strong>en un \u00e1lbum que lleva public\u00e1ndose ya m\u00e1s de 30 a\u00f1os.<\/p>\r\n\r\n\r\n\r\n<figure class=\"wp-block-image\"><a href=\"https:\/\/www.rayuelainfancia.com\/album-ilustrado\/547-el-topo-que-queria-saber.html\" target=\"_blank\" rel=\"noreferrer noopener\"><img loading=\"lazy\" width=\"1024\" height=\"707\" class=\"wp-image-3910\" src=\"https:\/\/www.rayuelainfancia.com\/blog\/wp-content\/uploads\/2019\/10\/03-EL-TOPO-QUE-QUERIA-SABER-CON-LOGO-1024x707.jpg\" alt=\"El topo que quer\u00eda saber qui\u00e9n se hab\u00eda hecho aquello en su cabeza de Beascoa\" srcset=\"https:\/\/www.rayuelainfancia.com\/blog\/wp-content\/uploads\/2019\/10\/03-EL-TOPO-QUE-QUERIA-SABER-CON-LOGO-1024x707.jpg 1024w, https:\/\/www.rayuelainfancia.com\/blog\/wp-content\/uploads\/2019\/10\/03-EL-TOPO-QUE-QUERIA-SABER-CON-LOGO-300x207.jpg 300w, https:\/\/www.rayuelainfancia.com\/blog\/wp-content\/uploads\/2019\/10\/03-EL-TOPO-QUE-QUERIA-SABER-CON-LOGO-768x530.jpg 768w, https:\/\/www.rayuelainfancia.com\/blog\/wp-content\/uploads\/2019\/10\/03-EL-TOPO-QUE-QUERIA-SABER-CON-LOGO.jpg 1200w\" sizes=\"(max-width: 1024px) 100vw, 1024px\" \/><\/a>\r\n<figcaption><strong>El topo que quer\u00eda saber qui\u00e9n se hab\u00eda hecho aquello en su cabeza, Beascoa <\/strong><\/figcaption>\r\n<\/figure>\r\n\r\n\r\n\r\n<h4>5. La cebra Camila<\/h4>\r\n<p>El quinto \u00e1lbum ilustrado que destacamos dentro de los libros \u00abimprescindibles\u00bb de 3 a 5 a\u00f1os es <strong><em><a href=\"https:\/\/www.rayuelainfancia.com\/album-ilustrado\/30-la-cebra-camila.html\" target=\"_blank\" rel=\"noreferrer noopener\" aria-label=\" (abre en una nueva pesta\u00f1a)\">La cebra Camila<\/a><\/em><\/strong><em>.<\/em> Un <strong>cuento redondo<\/strong> tanto <strong>por su texto como por su ilustraci\u00f3n<\/strong>. De nuevo nos encontramos con el <strong>recurso de la rima<\/strong>, que tanto engancha a los m\u00e1s peque\u00f1os.<\/p>\r\n\r\n\r\n\r\n<figure class=\"wp-block-image\"><a href=\"https:\/\/www.rayuelainfancia.com\/album-ilustrado\/30-la-cebra-camila.html\" target=\"_blank\" rel=\"noreferrer noopener\"><img loading=\"lazy\" width=\"1024\" height=\"768\" class=\"wp-image-3912\" src=\"https:\/\/www.rayuelainfancia.com\/blog\/wp-content\/uploads\/2019\/10\/00-LA-CEBRA-CAMILA-Kalandraka-CON-LOGO-1024x768.jpg\" alt=\"Libros para ni\u00f1os de 3 a 5 a\u00f1os\" srcset=\"https:\/\/www.rayuelainfancia.com\/blog\/wp-content\/uploads\/2019\/10\/00-LA-CEBRA-CAMILA-Kalandraka-CON-LOGO-1024x768.jpg 1024w, https:\/\/www.rayuelainfancia.com\/blog\/wp-content\/uploads\/2019\/10\/00-LA-CEBRA-CAMILA-Kalandraka-CON-LOGO-300x225.jpg 300w, https:\/\/www.rayuelainfancia.com\/blog\/wp-content\/uploads\/2019\/10\/00-LA-CEBRA-CAMILA-Kalandraka-CON-LOGO-768x576.jpg 768w, https:\/\/www.rayuelainfancia.com\/blog\/wp-content\/uploads\/2019\/10\/00-LA-CEBRA-CAMILA-Kalandraka-CON-LOGO.jpg 1200w\" sizes=\"(max-width: 1024px) 100vw, 1024px\" \/><\/a>\r\n<figcaption><strong>La cebra Camila, Kalandraka<\/strong><\/figcaption>\r\n<\/figure>\r\n\r\n\r\n\r\n<p>Tambi\u00e9n cuenta con una <strong>estructura acumulativa<\/strong> que a\u00f1ade un elemento m\u00e1s cada vez que avanza la historia de <strong>esta simp\u00e1tica cebra<\/strong> que <strong>pierde las rayas de su vestido<\/strong> y que en su camino va encontrando distintos amigos que la ayudan y le regalan una raya. Un \u00e1lbum <strong>cargado de simbolismo<\/strong> que nos habla de la <strong>aventura de crecer<\/strong> y del <strong>valor de la amistad. <\/strong><\/p>\r\n\r\n\r\n\r\n<figure class=\"wp-block-image\"><a href=\"https:\/\/www.rayuelainfancia.com\/album-ilustrado\/30-la-cebra-camila.html\" target=\"_blank\" rel=\"noreferrer noopener\"><img loading=\"lazy\" width=\"1024\" height=\"715\" class=\"wp-image-3913\" src=\"https:\/\/www.rayuelainfancia.com\/blog\/wp-content\/uploads\/2019\/10\/02-LA-CEBRA-CAMILA-Kalandraka-CON-LOGO-1024x715.jpg\" alt=\"La cebra Camila de Kalandraka\" srcset=\"https:\/\/www.rayuelainfancia.com\/blog\/wp-content\/uploads\/2019\/10\/02-LA-CEBRA-CAMILA-Kalandraka-CON-LOGO-1024x715.jpg 1024w, https:\/\/www.rayuelainfancia.com\/blog\/wp-content\/uploads\/2019\/10\/02-LA-CEBRA-CAMILA-Kalandraka-CON-LOGO-300x210.jpg 300w, https:\/\/www.rayuelainfancia.com\/blog\/wp-content\/uploads\/2019\/10\/02-LA-CEBRA-CAMILA-Kalandraka-CON-LOGO-768x536.jpg 768w, https:\/\/www.rayuelainfancia.com\/blog\/wp-content\/uploads\/2019\/10\/02-LA-CEBRA-CAMILA-Kalandraka-CON-LOGO.jpg 1200w\" sizes=\"(max-width: 1024px) 100vw, 1024px\" \/><\/a>\r\n<figcaption><strong>La cebra Camila, Kalandraka<\/strong><\/figcaption>\r\n<\/figure>\r\n\r\n\r\n\r\n<h4>6. Amiga gallina<\/h4>\r\n<p><strong><em><a href=\"https:\/\/www.rayuelainfancia.com\/album-ilustrado\/290-amiga-gallina.html\" target=\"_blank\" rel=\"noreferrer noopener\" aria-label=\" (abre en una nueva pesta\u00f1a)\">Amiga gallina<\/a> <\/em><\/strong>es otro \u00e1lbum que nos encanta y a los peques tambi\u00e9n. Una historia de <strong><a href=\"http:\/\/www.rayuelainfancia.com\/86-juan-arjona\" target=\"_blank\" rel=\"noreferrer noopener\" aria-label=\"Juan Arjona (abre en una nueva pesta\u00f1a)\">Juan Arjona<\/a><\/strong>, protagonizada por <strong>tres amigos que deciden aventurarse <\/strong>y salir de la granja en la que viven donde todo siempre es igual. <strong>El cerdo, el perro y la gallina<\/strong> son <strong>amigos inseparables <\/strong>y juntos deciden salir hacia lo desconocido.<\/p>\r\n\r\n\r\n\r\n<figure class=\"wp-block-image\"><a href=\"https:\/\/www.rayuelainfancia.com\/album-ilustrado\/290-amiga-gallina.html\" target=\"_blank\" rel=\"noreferrer noopener\"><img loading=\"lazy\" width=\"1024\" height=\"768\" class=\"wp-image-3915\" src=\"https:\/\/www.rayuelainfancia.com\/blog\/wp-content\/uploads\/2019\/10\/00-AMIGA-GALLINA-A-buen-paso-CON-LOGO-1024x768.jpg\" alt=\"Libros para ni\u00f1os de 0 a 3 a\u00f1os\" srcset=\"https:\/\/www.rayuelainfancia.com\/blog\/wp-content\/uploads\/2019\/10\/00-AMIGA-GALLINA-A-buen-paso-CON-LOGO-1024x768.jpg 1024w, https:\/\/www.rayuelainfancia.com\/blog\/wp-content\/uploads\/2019\/10\/00-AMIGA-GALLINA-A-buen-paso-CON-LOGO-300x225.jpg 300w, https:\/\/www.rayuelainfancia.com\/blog\/wp-content\/uploads\/2019\/10\/00-AMIGA-GALLINA-A-buen-paso-CON-LOGO-768x576.jpg 768w, https:\/\/www.rayuelainfancia.com\/blog\/wp-content\/uploads\/2019\/10\/00-AMIGA-GALLINA-A-buen-paso-CON-LOGO.jpg 1200w\" sizes=\"(max-width: 1024px) 100vw, 1024px\" \/><\/a>\r\n<figcaption><strong>Amiga gallina, A buen paso<\/strong><\/figcaption>\r\n<\/figure>\r\n\r\n\r\n\r\n<p><strong>Aparecen los miedos<\/strong>, sobre todo en la gallina que a cada paso que dan pone un huevo del susto que tiene. Un miedo que finalmente les sirve de ayuda para volver a casa. Un \u00e1lbum con muchos elementos del cuento tradicional, que nos <strong>engancha desde el comienzo<\/strong>. Un cuento <strong>muy simb\u00f3lico<\/strong> que nos descubre c\u00f3mo a veces el miedo puede sernos de gran ayuda ( en su justa medida).<\/p>\r\n\r\n\r\n\r\n<figure class=\"wp-block-image\"><a href=\"https:\/\/www.rayuelainfancia.com\/album-ilustrado\/290-amiga-gallina.html\" target=\"_blank\" rel=\"noreferrer noopener\"><img loading=\"lazy\" width=\"1024\" height=\"768\" class=\"wp-image-3916\" src=\"https:\/\/www.rayuelainfancia.com\/blog\/wp-content\/uploads\/2019\/10\/02-AMIGA-GALLINA-A-buen-paso-CON-LOGO-1024x768.jpg\" alt=\"Amiga gallina de A buen paso\" srcset=\"https:\/\/www.rayuelainfancia.com\/blog\/wp-content\/uploads\/2019\/10\/02-AMIGA-GALLINA-A-buen-paso-CON-LOGO-1024x768.jpg 1024w, https:\/\/www.rayuelainfancia.com\/blog\/wp-content\/uploads\/2019\/10\/02-AMIGA-GALLINA-A-buen-paso-CON-LOGO-300x225.jpg 300w, https:\/\/www.rayuelainfancia.com\/blog\/wp-content\/uploads\/2019\/10\/02-AMIGA-GALLINA-A-buen-paso-CON-LOGO-768x576.jpg 768w, https:\/\/www.rayuelainfancia.com\/blog\/wp-content\/uploads\/2019\/10\/02-AMIGA-GALLINA-A-buen-paso-CON-LOGO.jpg 1200w\" sizes=\"(max-width: 1024px) 100vw, 1024px\" \/><\/a>\r\n<figcaption><strong>Amiga gallina, A buen paso<\/strong><\/figcaption>\r\n<\/figure>\r\n\r\n\r\n\r\n<h4>7. La reina de los besos<\/h4>\r\n<p>Otro de los <strong>cuentos<\/strong> que consideramos infalibles <strong>en la etapa 3 a 5 a\u00f1os<\/strong> es <strong>un cuento de princesas<\/strong>, pero un cuento de princesas muy diferente. Se titula <strong><em><a href=\"https:\/\/www.rayuelainfancia.com\/album-ilustrado\/22-la-reina-de-los-besos.html\" target=\"_blank\" rel=\"noreferrer noopener\" aria-label=\" (abre en una nueva pesta\u00f1a)\">La reina de los besos<\/a><\/em><\/strong>, y narra la historia de una princesa cuya madre, la Reina est\u00e1 muy ocupada y no puede pararse.<\/p>\r\n\r\n\r\n\r\n<figure class=\"wp-block-image\"><a href=\"https:\/\/www.rayuelainfancia.com\/album-ilustrado\/22-la-reina-de-los-besos.html\" target=\"_blank\" rel=\"noreferrer noopener\"><img loading=\"lazy\" width=\"1024\" height=\"768\" class=\"wp-image-3919\" src=\"https:\/\/www.rayuelainfancia.com\/blog\/wp-content\/uploads\/2019\/10\/IMG_20191028_134339_759-G-1024x768.jpg\" alt=\"Libros para ni\u00f1os de 3 a 5 a \u00f1os\" srcset=\"https:\/\/www.rayuelainfancia.com\/blog\/wp-content\/uploads\/2019\/10\/IMG_20191028_134339_759-G-1024x768.jpg 1024w, https:\/\/www.rayuelainfancia.com\/blog\/wp-content\/uploads\/2019\/10\/IMG_20191028_134339_759-G-300x225.jpg 300w, https:\/\/www.rayuelainfancia.com\/blog\/wp-content\/uploads\/2019\/10\/IMG_20191028_134339_759-G-768x576.jpg 768w, https:\/\/www.rayuelainfancia.com\/blog\/wp-content\/uploads\/2019\/10\/IMG_20191028_134339_759-G.jpg 1200w\" sizes=\"(max-width: 1024px) 100vw, 1024px\" \/><\/a>\r\n<figcaption><strong>La reina de los besos, Corimbo<\/strong><\/figcaption>\r\n<\/figure>\r\n\r\n\r\n\r\n<p><strong>La princesa decide<\/strong> coger un avi\u00f3n y <strong>buscar por s\u00ed misma a la Reina de los besos<\/strong>. En su viaje se <strong>encuentra a distintas Reinas<\/strong>: la Reina de los juguetes, la Reina de las plantas, la Reina de la noche, <strong>pero ninguna en la Reina de los besos.<\/strong> Su madre que la echa de menos en palacio se alegra enormemente cuando la princesa vuelve y descubre que sin duda<strong> la Reina de los besos es su mam\u00e1.<\/strong><\/p>\r\n\r\n\r\n\r\n<figure class=\"wp-block-image\"><a href=\"https:\/\/www.rayuelainfancia.com\/album-ilustrado\/22-la-reina-de-los-besos.html\" target=\"_blank\" rel=\"noreferrer noopener\"><img loading=\"lazy\" width=\"1024\" height=\"745\" class=\"wp-image-3920\" src=\"https:\/\/www.rayuelainfancia.com\/blog\/wp-content\/uploads\/2019\/10\/IMG_20191028_134444_345-G-1024x745.jpg\" alt=\"La reina de los besos de la editorial corimbo \u00c1lbum ilustrado\" srcset=\"https:\/\/www.rayuelainfancia.com\/blog\/wp-content\/uploads\/2019\/10\/IMG_20191028_134444_345-G-1024x745.jpg 1024w, https:\/\/www.rayuelainfancia.com\/blog\/wp-content\/uploads\/2019\/10\/IMG_20191028_134444_345-G-300x218.jpg 300w, https:\/\/www.rayuelainfancia.com\/blog\/wp-content\/uploads\/2019\/10\/IMG_20191028_134444_345-G-768x559.jpg 768w, https:\/\/www.rayuelainfancia.com\/blog\/wp-content\/uploads\/2019\/10\/IMG_20191028_134444_345-G.jpg 1200w\" sizes=\"(max-width: 1024px) 100vw, 1024px\" \/><\/a>\r\n<figcaption><strong>La reina de los besos, Corimbo<\/strong><\/figcaption>\r\n<\/figure>\r\n\r\n\r\n\r\n<h4>8. D\u00f3nde viven los monstruos<\/h4>\r\n<p>El siguiente \u00e1lbum de esta selecci\u00f3n es quiz\u00e1s uno de los cuentos de la literatura infantil m\u00e1s conocido y sonado. Se trata de <strong><em><a href=\"https:\/\/www.rayuelainfancia.com\/album-ilustrado\/401-donde-viven-los-monstruos.html\" target=\"_blank\" rel=\"noreferrer noopener\" aria-label=\" (abre en una nueva pesta\u00f1a)\">Donde viven los monstruos<\/a><\/em><\/strong>, obra del gran <strong><a href=\"http:\/\/www.rayuelainfancia.com\/73-maurice-sendak\">Maurice Sendak<\/a>,<\/strong> y considerado el primer \u00e1lbum ilustrado de la historia.<\/p>\r\n\r\n\r\n\r\n<figure class=\"wp-block-image\"><a href=\"https:\/\/www.rayuelainfancia.com\/album-ilustrado\/401-donde-viven-los-monstruos.html\" target=\"_blank\" rel=\"noreferrer noopener\"><img loading=\"lazy\" width=\"1024\" height=\"804\" class=\"wp-image-3921\" src=\"https:\/\/www.rayuelainfancia.com\/blog\/wp-content\/uploads\/2019\/10\/IMG_20191028_134458_334-G-1024x804.jpg\" alt=\"Libros para ni\u00f1os de 3 a 5 a\u00f1os\" srcset=\"https:\/\/www.rayuelainfancia.com\/blog\/wp-content\/uploads\/2019\/10\/IMG_20191028_134458_334-G-1024x804.jpg 1024w, https:\/\/www.rayuelainfancia.com\/blog\/wp-content\/uploads\/2019\/10\/IMG_20191028_134458_334-G-300x236.jpg 300w, https:\/\/www.rayuelainfancia.com\/blog\/wp-content\/uploads\/2019\/10\/IMG_20191028_134458_334-G-768x603.jpg 768w, https:\/\/www.rayuelainfancia.com\/blog\/wp-content\/uploads\/2019\/10\/IMG_20191028_134458_334-G.jpg 1200w\" sizes=\"(max-width: 1024px) 100vw, 1024px\" \/><\/a>\r\n<figcaption><strong>Donde viven los monstruos, Kalandraka<\/strong><\/figcaption>\r\n<\/figure>\r\n\r\n\r\n\r\n<p>Una <strong>historia on\u00edrica,<\/strong> en la que <strong>Max<\/strong> que ha sido castigado a la cama si cenar <strong>se convierte en <\/strong>el <strong>Rey de los Monstruos.<\/strong> Un viaje por el espacio y por el tiempo, <strong>un viaje transformador<\/strong>, curativo, en el que se enfrenta a sus temores. Y <strong>cuando vuelve<\/strong>, encuentra el <strong>calor del hogar. <\/strong><\/p>\r\n\r\n\r\n\r\n<figure class=\"wp-block-image\"><a href=\"https:\/\/www.rayuelainfancia.com\/album-ilustrado\/401-donde-viven-los-monstruos.html\" target=\"_blank\" rel=\"noreferrer noopener\"><img loading=\"lazy\" width=\"1024\" height=\"679\" class=\"wp-image-3922\" src=\"https:\/\/www.rayuelainfancia.com\/blog\/wp-content\/uploads\/2019\/10\/IMG_20191028_134651_502-G-1024x679.jpg\" alt=\"Donde viven los monstruos de Kalandraka \u00c1lbum Ilustrado\" srcset=\"https:\/\/www.rayuelainfancia.com\/blog\/wp-content\/uploads\/2019\/10\/IMG_20191028_134651_502-G-1024x679.jpg 1024w, https:\/\/www.rayuelainfancia.com\/blog\/wp-content\/uploads\/2019\/10\/IMG_20191028_134651_502-G-300x199.jpg 300w, https:\/\/www.rayuelainfancia.com\/blog\/wp-content\/uploads\/2019\/10\/IMG_20191028_134651_502-G-768x509.jpg 768w, https:\/\/www.rayuelainfancia.com\/blog\/wp-content\/uploads\/2019\/10\/IMG_20191028_134651_502-G.jpg 1200w\" sizes=\"(max-width: 1024px) 100vw, 1024px\" \/><\/a>\r\n<figcaption><strong>Donde viven los monstruos, Kalandraka<\/strong><\/figcaption>\r\n<\/figure>\r\n\r\n\r\n\r\n<h4>9. El peque\u00f1o conejo blanco<\/h4>\r\n<p>Vamos terminando la <strong>selecci\u00f3n de \u00e1lbumes<\/strong> dentro de este post de libros para ni\u00f1os <strong>de 3 a 5 a\u00f1os<\/strong> con otro de nuestros preferidos: <strong><em><a href=\"https:\/\/www.rayuelainfancia.com\/album-ilustrado\/38-el-pequeno-conejo-blanco.html\" target=\"_blank\" rel=\"noreferrer noopener\" aria-label=\" (abre en una nueva pesta\u00f1a)\">El peque\u00f1o conejo blanco<\/a><\/em><\/strong>. Un cuento popular portugu\u00e9s, recogido por <strong>Xos\u00e9 Ballesteros<\/strong> e ilustrado por <strong>\u00d3scar Vill\u00e1n<\/strong>, que recibi\u00f3 el premio Nacional de Ilustraci\u00f3n por este fant\u00e1stico trabajo.<\/p>\r\n\r\n\r\n\r\n<figure class=\"wp-block-image\"><a href=\"https:\/\/www.rayuelainfancia.com\/album-ilustrado\/38-el-pequeno-conejo-blanco.html\" target=\"_blank\" rel=\"noreferrer noopener\"><img loading=\"lazy\" width=\"1024\" height=\"768\" class=\"wp-image-3924\" src=\"https:\/\/www.rayuelainfancia.com\/blog\/wp-content\/uploads\/2019\/10\/IMG_20191028_134130_780-g-1024x768.jpg\" alt=\"Libros para ni\u00f1os de 3 a 5 a\u00f1os\" srcset=\"https:\/\/www.rayuelainfancia.com\/blog\/wp-content\/uploads\/2019\/10\/IMG_20191028_134130_780-g-1024x768.jpg 1024w, https:\/\/www.rayuelainfancia.com\/blog\/wp-content\/uploads\/2019\/10\/IMG_20191028_134130_780-g-300x225.jpg 300w, https:\/\/www.rayuelainfancia.com\/blog\/wp-content\/uploads\/2019\/10\/IMG_20191028_134130_780-g-768x576.jpg 768w, https:\/\/www.rayuelainfancia.com\/blog\/wp-content\/uploads\/2019\/10\/IMG_20191028_134130_780-g.jpg 1200w\" sizes=\"(max-width: 1024px) 100vw, 1024px\" \/><\/a>\r\n<figcaption><strong>El peque\u00f1o conejo blanco, Kalandraka<\/strong><\/figcaption>\r\n<\/figure>\r\n\r\n\r\n\r\n<p>Un <strong>cuento cargado de simbolismo,<\/strong> como suele ocurrir en el cuento de tradici\u00f3n oral, en el que <strong>un conejo en apuros <\/strong>va <strong>buscando ayuda en otros animales. <\/strong>Para nuestra sorpresa el m\u00e1s peque\u00f1o de ellos, <strong>una diminuta hormiga es la m\u00e1s valiente<\/strong>, y se ofrece a ayudarlo. Un <strong>final liberador<\/strong> en este cuento rimado y de estructura repetitiva que no falla.<\/p>\r\n\r\n\r\n\r\n<figure class=\"wp-block-image\"><a href=\"https:\/\/www.rayuelainfancia.com\/album-ilustrado\/38-el-pequeno-conejo-blanco.html\" target=\"_blank\" rel=\"noreferrer noopener\"><img loading=\"lazy\" width=\"1024\" height=\"768\" class=\"wp-image-3925\" src=\"https:\/\/www.rayuelainfancia.com\/blog\/wp-content\/uploads\/2019\/10\/IMG_20191028_134255_438-G-1024x768.jpg\" alt=\"El peque\u00f1o conejo blanco de Kalandraka \u00c1lbum ilustrado\" srcset=\"https:\/\/www.rayuelainfancia.com\/blog\/wp-content\/uploads\/2019\/10\/IMG_20191028_134255_438-G-1024x768.jpg 1024w, https:\/\/www.rayuelainfancia.com\/blog\/wp-content\/uploads\/2019\/10\/IMG_20191028_134255_438-G-300x225.jpg 300w, https:\/\/www.rayuelainfancia.com\/blog\/wp-content\/uploads\/2019\/10\/IMG_20191028_134255_438-G-768x576.jpg 768w, https:\/\/www.rayuelainfancia.com\/blog\/wp-content\/uploads\/2019\/10\/IMG_20191028_134255_438-G.jpg 1200w\" sizes=\"(max-width: 1024px) 100vw, 1024px\" \/><\/a>\r\n<figcaption><strong>El peque\u00f1o conejo blanco, Kalandraka<\/strong><\/figcaption>\r\n<\/figure>\r\n\r\n\r\n\r\n<h4>10. La campeona mundial de mantenerse despierta<\/h4>\r\n<p>El \u00faltimo de los \u00e1lbumes ilustrados de esta selecci\u00f3n es <em><strong><a href=\"https:\/\/www.rayuelainfancia.com\/album-ilustrado\/285-la-campeona-mundial-de-mantenerse-despierta.html\" target=\"_blank\" rel=\"noreferrer noopener\" aria-label=\" (abre en una nueva pesta\u00f1a)\">La campeona mundial de mantenerse despierta<\/a><\/strong><\/em>. Un \u00e1lbum muy especial en el que Stella, cuenta una <strong>historia llena de magia y de poes\u00eda<\/strong> a cada uno de sus peluches.<\/p>\r\n\r\n\r\n\r\n<figure class=\"wp-block-image\"><a href=\"https:\/\/www.rayuelainfancia.com\/album-ilustrado\/285-la-campeona-mundial-de-mantenerse-despierta.html\" target=\"_blank\" rel=\"noreferrer noopener\"><img loading=\"lazy\" width=\"1024\" height=\"768\" class=\"wp-image-3927\" src=\"https:\/\/www.rayuelainfancia.com\/blog\/wp-content\/uploads\/2019\/10\/IMG_20191028_134716_032-G-1024x768.jpg\" alt=\"Libros para ni\u00f1os de 3 a 5 a\u00f1os\" srcset=\"https:\/\/www.rayuelainfancia.com\/blog\/wp-content\/uploads\/2019\/10\/IMG_20191028_134716_032-G-1024x768.jpg 1024w, https:\/\/www.rayuelainfancia.com\/blog\/wp-content\/uploads\/2019\/10\/IMG_20191028_134716_032-G-300x225.jpg 300w, https:\/\/www.rayuelainfancia.com\/blog\/wp-content\/uploads\/2019\/10\/IMG_20191028_134716_032-G-768x576.jpg 768w, https:\/\/www.rayuelainfancia.com\/blog\/wp-content\/uploads\/2019\/10\/IMG_20191028_134716_032-G.jpg 1200w\" sizes=\"(max-width: 1024px) 100vw, 1024px\" \/><\/a>\r\n<figcaption><strong>La campeona mundial de mantenerse despierta, Barbara Fiore<\/strong><\/figcaption>\r\n<\/figure>\r\n\r\n\r\n\r\n<p>Ninguno quiere dormirse pero ella con paciencia los arropa y los calma hasta que uno a uno se quedan dormidos, incluso ella. Un \u00e1lbum que cuenta con las <strong>maravillosas ilustraciones de Jimmy Liao<\/strong> que nos hacen so\u00f1ar despiertos a peque\u00f1os y mayores.<\/p>\r\n\r\n\r\n\r\n<figure class=\"wp-block-image\"><a href=\"https:\/\/www.rayuelainfancia.com\/album-ilustrado\/285-la-campeona-mundial-de-mantenerse-despierta.html\" target=\"_blank\" rel=\"noreferrer noopener\"><img loading=\"lazy\" width=\"1024\" height=\"684\" class=\"wp-image-3930\" src=\"https:\/\/www.rayuelainfancia.com\/blog\/wp-content\/uploads\/2019\/10\/IMG_20191028_134825_877-G-1-1024x684.jpg\" alt=\"La campeona mundial de mantenerse despierta de Barbara Fiore \" srcset=\"https:\/\/www.rayuelainfancia.com\/blog\/wp-content\/uploads\/2019\/10\/IMG_20191028_134825_877-G-1-1024x684.jpg 1024w, https:\/\/www.rayuelainfancia.com\/blog\/wp-content\/uploads\/2019\/10\/IMG_20191028_134825_877-G-1-300x201.jpg 300w, https:\/\/www.rayuelainfancia.com\/blog\/wp-content\/uploads\/2019\/10\/IMG_20191028_134825_877-G-1-768x513.jpg 768w, https:\/\/www.rayuelainfancia.com\/blog\/wp-content\/uploads\/2019\/10\/IMG_20191028_134825_877-G-1.jpg 1200w\" sizes=\"(max-width: 1024px) 100vw, 1024px\" \/><\/a>\r\n<figcaption><strong>La campeona mundial de mantenerse despierta, Barbara Fiore<\/strong><\/figcaption>\r\n<\/figure>\r\n\r\n\r\n\r\n<p>Y hasta aqu\u00ed nuestra selecci\u00f3n de <strong>10 libros \u00e1lbum para ni\u00f1os y ni\u00f1as de 3 a 5 a\u00f1os<\/strong>. Esperamos que os sirva de ayuda si quer\u00e9is elegir <strong>un libro especial<\/strong> para alg\u00fan peque de estas edades, y si conoc\u00e9is algunos, para ir completando la biblioteca. Si tuvi\u00e9ramos que elegir de entre estos diez, ser\u00eda casi imposible<strong> \u00bfT\u00fa con cu\u00e1l te quedas?<\/strong><\/p>\r\n<p>&nbsp;<\/p>\r\n<h2>Entrada relacionada:\u00a0<\/h2>\r\n<p><a href=\"https:\/\/www.rayuelainfancia.com\/blog\/libros-imprescindibles-para-bebes\/\">Libros imprescindibles para beb\u00e9s de 0 a 3 a\u00f1os<\/a><\/p>\r\n","protected":false},"excerpt":{"rendered":"<p>En este post queremos compartir con vosotros algunos de los libros que consideramos imprescindibles en una de las etapas en las que la curiosidad y el inter\u00e9s est\u00e1n m\u00e1s despiertos: libros para ni\u00f1os de 3 a 5 a\u00f1os.\u00a0<\/p>\n","protected":false},"author":6,"featured_media":3935,"comment_status":"open","ping_status":"open","sticky":true,"template":"","format":"standard","meta":[],"categories":[21,64],"tags":[],"yoast_head":"<!-- This site is optimized with the Yoast SEO plugin v18.5.1 - https:\/\/yoast.com\/wordpress\/plugins\/seo\/ -->\n<title>LIBROS PARA PEQUES DE 3 A 5 A\u00d1OS | Rayuelainfancia<\/title>\n<meta name=\"description\" content=\"Selecci\u00f3n de 10 libros imprescindibles para ni\u00f1os en la etapa de los 3, 4 y 5 a\u00f1os. \u00c1lbumes ilustrados que sabemos que tienen un \u00e9xito especial entre ellos.\" \/>\n<meta name=\"robots\" content=\"index, follow, max-snippet:-1, max-image-preview:large, max-video-preview:-1\" \/>\n<link rel=\"canonical\" href=\"http:\/\/www.rayuelainfancia.com\/blog\/libros-ninos-3-a-5-anos\/\" \/>\n<meta property=\"og:locale\" content=\"es_ES\" \/>\n<meta property=\"og:type\" content=\"article\" \/>\n<meta property=\"og:title\" content=\"LIBROS PARA PEQUES DE 3 A 5 A\u00d1OS | Rayuelainfancia\" \/>\n<meta property=\"og:description\" content=\"Selecci\u00f3n de 10 libros imprescindibles para ni\u00f1os en la etapa de los 3, 4 y 5 a\u00f1os. \u00c1lbumes ilustrados que sabemos que tienen un \u00e9xito especial entre ellos.\" \/>\n<meta property=\"og:url\" content=\"http:\/\/www.rayuelainfancia.com\/blog\/libros-ninos-3-a-5-anos\/\" \/>\n<meta property=\"og:site_name\" content=\"Blog de Rayuelainfancia\" \/>\n<meta property=\"article:publisher\" content=\"https:\/\/www.facebook.com\/pages\/Librer\u00eda-Rayuela\/251861686361\" \/>\n<meta property=\"article:published_time\" content=\"2019-10-25T10:16:11+00:00\" \/>\n<meta property=\"article:modified_time\" content=\"2022-03-15T12:39:00+00:00\" \/>\n<meta property=\"og:image\" content=\"http:\/\/www.rayuelainfancia.com\/blog\/wp-content\/uploads\/2019\/10\/libros-imprescindibles-album-de-3-a-5-anos.jpg\" \/>\n\t<meta property=\"og:image:width\" content=\"1200\" \/>\n\t<meta property=\"og:image:height\" content=\"900\" \/>\n\t<meta property=\"og:image:type\" content=\"image\/jpeg\" \/>\n<meta name=\"twitter:card\" content=\"summary\" \/>\n<meta name=\"twitter:creator\" content=\"@Rayuelainfancia\" \/>\n<meta name=\"twitter:site\" content=\"@Rayuelainfancia\" \/>\n<meta name=\"twitter:label1\" content=\"Written by\" \/>\n\t<meta name=\"twitter:data1\" content=\"Rayuelainfancia\" \/>\n\t<meta name=\"twitter:label2\" content=\"Est. reading time\" \/>\n\t<meta name=\"twitter:data2\" content=\"7 minutos\" \/>\n<script type=\"application\/ld+json\" class=\"yoast-schema-graph\">{\"@context\":\"https:\/\/schema.org\",\"@graph\":[{\"@type\":\"Organization\",\"@id\":\"https:\/\/www.rayuelainfancia.com\/blog\/#organization\",\"name\":\"Rayuelainfancia\",\"url\":\"https:\/\/www.rayuelainfancia.com\/blog\/\",\"sameAs\":[\"https:\/\/www.facebook.com\/pages\/Librer\u00eda-Rayuela\/251861686361\",\"https:\/\/www.youtube.com\/channel\/UCddVaoDjpTp-DexyEVoyazQ\",\"https:\/\/twitter.com\/Rayuelainfancia\"],\"logo\":{\"@type\":\"ImageObject\",\"@id\":\"https:\/\/www.rayuelainfancia.com\/blog\/#logo\",\"inLanguage\":\"es\",\"url\":\"https:\/\/www.rayuelainfancia.com\/blog\/wp-content\/uploads\/2018\/06\/logo-rayuelainfancia-color-corporativo.png\",\"contentUrl\":\"https:\/\/www.rayuelainfancia.com\/blog\/wp-content\/uploads\/2018\/06\/logo-rayuelainfancia-color-corporativo.png\",\"width\":1200,\"height\":680,\"caption\":\"Rayuelainfancia\"},\"image\":{\"@id\":\"https:\/\/www.rayuelainfancia.com\/blog\/#logo\"}},{\"@type\":\"WebSite\",\"@id\":\"https:\/\/www.rayuelainfancia.com\/blog\/#website\",\"url\":\"https:\/\/www.rayuelainfancia.com\/blog\/\",\"name\":\"Blog de Rayuelainfancia\",\"description\":\"Libros infantiles y juegos educaticos respestuosos con la infancia\",\"publisher\":{\"@id\":\"https:\/\/www.rayuelainfancia.com\/blog\/#organization\"},\"potentialAction\":[{\"@type\":\"SearchAction\",\"target\":{\"@type\":\"EntryPoint\",\"urlTemplate\":\"https:\/\/www.rayuelainfancia.com\/blog\/?s={search_term_string}\"},\"query-input\":\"required name=search_term_string\"}],\"inLanguage\":\"es\"},{\"@type\":\"ImageObject\",\"@id\":\"http:\/\/www.rayuelainfancia.com\/blog\/libros-ninos-3-a-5-anos\/#primaryimage\",\"inLanguage\":\"es\",\"url\":\"https:\/\/www.rayuelainfancia.com\/blog\/wp-content\/uploads\/2019\/10\/libros-imprescindibles-album-de-3-a-5-anos.jpg\",\"contentUrl\":\"https:\/\/www.rayuelainfancia.com\/blog\/wp-content\/uploads\/2019\/10\/libros-imprescindibles-album-de-3-a-5-anos.jpg\",\"width\":1200,\"height\":900,\"caption\":\"Libros para ni\u00f1os de 3 a 5 a\u00f1os \u00c1lbum ilustrado\"},{\"@type\":\"WebPage\",\"@id\":\"http:\/\/www.rayuelainfancia.com\/blog\/libros-ninos-3-a-5-anos\/#webpage\",\"url\":\"http:\/\/www.rayuelainfancia.com\/blog\/libros-ninos-3-a-5-anos\/\",\"name\":\"LIBROS PARA PEQUES DE 3 A 5 A\u00d1OS | Rayuelainfancia\",\"isPartOf\":{\"@id\":\"https:\/\/www.rayuelainfancia.com\/blog\/#website\"},\"primaryImageOfPage\":{\"@id\":\"http:\/\/www.rayuelainfancia.com\/blog\/libros-ninos-3-a-5-anos\/#primaryimage\"},\"datePublished\":\"2019-10-25T10:16:11+00:00\",\"dateModified\":\"2022-03-15T12:39:00+00:00\",\"description\":\"Selecci\u00f3n de 10 libros imprescindibles para ni\u00f1os en la etapa de los 3, 4 y 5 a\u00f1os. \u00c1lbumes ilustrados que sabemos que tienen un \u00e9xito especial entre ellos.\",\"breadcrumb\":{\"@id\":\"http:\/\/www.rayuelainfancia.com\/blog\/libros-ninos-3-a-5-anos\/#breadcrumb\"},\"inLanguage\":\"es\",\"potentialAction\":[{\"@type\":\"ReadAction\",\"target\":[\"http:\/\/www.rayuelainfancia.com\/blog\/libros-ninos-3-a-5-anos\/\"]}]},{\"@type\":\"BreadcrumbList\",\"@id\":\"http:\/\/www.rayuelainfancia.com\/blog\/libros-ninos-3-a-5-anos\/#breadcrumb\",\"itemListElement\":[{\"@type\":\"ListItem\",\"position\":1,\"name\":\"Portada\",\"item\":\"https:\/\/www.rayuelainfancia.com\/blog\/\"},{\"@type\":\"ListItem\",\"position\":2,\"name\":\"LIBROS PARA PEQUES DE 3 A 5 A\u00d1OS\"}]},{\"@type\":\"Article\",\"@id\":\"http:\/\/www.rayuelainfancia.com\/blog\/libros-ninos-3-a-5-anos\/#article\",\"isPartOf\":{\"@id\":\"http:\/\/www.rayuelainfancia.com\/blog\/libros-ninos-3-a-5-anos\/#webpage\"},\"author\":{\"@id\":\"https:\/\/www.rayuelainfancia.com\/blog\/#\/schema\/person\/c1aff250c5154e35f53f26d0eba10c45\"},\"headline\":\"LIBROS PARA PEQUES DE 3 A 5 A\u00d1OS\",\"datePublished\":\"2019-10-25T10:16:11+00:00\",\"dateModified\":\"2022-03-15T12:39:00+00:00\",\"mainEntityOfPage\":{\"@id\":\"http:\/\/www.rayuelainfancia.com\/blog\/libros-ninos-3-a-5-anos\/#webpage\"},\"wordCount\":1490,\"commentCount\":5,\"publisher\":{\"@id\":\"https:\/\/www.rayuelainfancia.com\/blog\/#organization\"},\"image\":{\"@id\":\"http:\/\/www.rayuelainfancia.com\/blog\/libros-ninos-3-a-5-anos\/#primaryimage\"},\"thumbnailUrl\":\"https:\/\/www.rayuelainfancia.com\/blog\/wp-content\/uploads\/2019\/10\/libros-imprescindibles-album-de-3-a-5-anos.jpg\",\"articleSection\":[\"Literatura Infantil\",\"Recomendaciones Libros y Juguetes\"],\"inLanguage\":\"es\",\"potentialAction\":[{\"@type\":\"CommentAction\",\"name\":\"Comment\",\"target\":[\"http:\/\/www.rayuelainfancia.com\/blog\/libros-ninos-3-a-5-anos\/#respond\"]}]},{\"@type\":\"Person\",\"@id\":\"https:\/\/www.rayuelainfancia.com\/blog\/#\/schema\/person\/c1aff250c5154e35f53f26d0eba10c45\",\"name\":\"Rayuelainfancia\",\"image\":{\"@type\":\"ImageObject\",\"@id\":\"https:\/\/www.rayuelainfancia.com\/blog\/#personlogo\",\"inLanguage\":\"es\",\"url\":\"https:\/\/secure.gravatar.com\/avatar\/8bf03e7a4bb13ca5c7d0dc6acde2bfd1?s=96&d=mm&r=g\",\"contentUrl\":\"https:\/\/secure.gravatar.com\/avatar\/8bf03e7a4bb13ca5c7d0dc6acde2bfd1?s=96&d=mm&r=g\",\"caption\":\"Rayuelainfancia\"}}]}<\/script>\n<!-- \/ Yoast SEO plugin. -->","yoast_head_json":{"title":"LIBROS PARA PEQUES DE 3 A 5 A\u00d1OS | Rayuelainfancia","description":"Selecci\u00f3n de 10 libros imprescindibles para ni\u00f1os en la etapa de los 3, 4 y 5 a\u00f1os. \u00c1lbumes ilustrados que sabemos que tienen un \u00e9xito especial entre ellos.","robots":{"index":"index","follow":"follow","max-snippet":"max-snippet:-1","max-image-preview":"max-image-preview:large","max-video-preview":"max-video-preview:-1"},"canonical":"http:\/\/www.rayuelainfancia.com\/blog\/libros-ninos-3-a-5-anos\/","og_locale":"es_ES","og_type":"article","og_title":"LIBROS PARA PEQUES DE 3 A 5 A\u00d1OS | Rayuelainfancia","og_description":"Selecci\u00f3n de 10 libros imprescindibles para ni\u00f1os en la etapa de los 3, 4 y 5 a\u00f1os. \u00c1lbumes ilustrados que sabemos que tienen un \u00e9xito especial entre ellos.","og_url":"http:\/\/www.rayuelainfancia.com\/blog\/libros-ninos-3-a-5-anos\/","og_site_name":"Blog de Rayuelainfancia","article_publisher":"https:\/\/www.facebook.com\/pages\/Librer\u00eda-Rayuela\/251861686361","article_published_time":"2019-10-25T10:16:11+00:00","article_modified_time":"2022-03-15T12:39:00+00:00","og_image":[{"width":1200,"height":900,"url":"http:\/\/www.rayuelainfancia.com\/blog\/wp-content\/uploads\/2019\/10\/libros-imprescindibles-album-de-3-a-5-anos.jpg","type":"image\/jpeg"}],"twitter_card":"summary","twitter_creator":"@Rayuelainfancia","twitter_site":"@Rayuelainfancia","twitter_misc":{"Written by":"Rayuelainfancia","Est. reading time":"7 minutos"},"schema":{"@context":"https:\/\/schema.org","@graph":[{"@type":"Organization","@id":"https:\/\/www.rayuelainfancia.com\/blog\/#organization","name":"Rayuelainfancia","url":"https:\/\/www.rayuelainfancia.com\/blog\/","sameAs":["https:\/\/www.facebook.com\/pages\/Librer\u00eda-Rayuela\/251861686361","https:\/\/www.youtube.com\/channel\/UCddVaoDjpTp-DexyEVoyazQ","https:\/\/twitter.com\/Rayuelainfancia"],"logo":{"@type":"ImageObject","@id":"https:\/\/www.rayuelainfancia.com\/blog\/#logo","inLanguage":"es","url":"https:\/\/www.rayuelainfancia.com\/blog\/wp-content\/uploads\/2018\/06\/logo-rayuelainfancia-color-corporativo.png","contentUrl":"https:\/\/www.rayuelainfancia.com\/blog\/wp-content\/uploads\/2018\/06\/logo-rayuelainfancia-color-corporativo.png","width":1200,"height":680,"caption":"Rayuelainfancia"},"image":{"@id":"https:\/\/www.rayuelainfancia.com\/blog\/#logo"}},{"@type":"WebSite","@id":"https:\/\/www.rayuelainfancia.com\/blog\/#website","url":"https:\/\/www.rayuelainfancia.com\/blog\/","name":"Blog de Rayuelainfancia","description":"Libros infantiles y juegos educaticos respestuosos con la infancia","publisher":{"@id":"https:\/\/www.rayuelainfancia.com\/blog\/#organization"},"potentialAction":[{"@type":"SearchAction","target":{"@type":"EntryPoint","urlTemplate":"https:\/\/www.rayuelainfancia.com\/blog\/?s={search_term_string}"},"query-input":"required name=search_term_string"}],"inLanguage":"es"},{"@type":"ImageObject","@id":"http:\/\/www.rayuelainfancia.com\/blog\/libros-ninos-3-a-5-anos\/#primaryimage","inLanguage":"es","url":"https:\/\/www.rayuelainfancia.com\/blog\/wp-content\/uploads\/2019\/10\/libros-imprescindibles-album-de-3-a-5-anos.jpg","contentUrl":"https:\/\/www.rayuelainfancia.com\/blog\/wp-content\/uploads\/2019\/10\/libros-imprescindibles-album-de-3-a-5-anos.jpg","width":1200,"height":900,"caption":"Libros para ni\u00f1os de 3 a 5 a\u00f1os \u00c1lbum ilustrado"},{"@type":"WebPage","@id":"http:\/\/www.rayuelainfancia.com\/blog\/libros-ninos-3-a-5-anos\/#webpage","url":"http:\/\/www.rayuelainfancia.com\/blog\/libros-ninos-3-a-5-anos\/","name":"LIBROS PARA PEQUES DE 3 A 5 A\u00d1OS | Rayuelainfancia","isPartOf":{"@id":"https:\/\/www.rayuelainfancia.com\/blog\/#website"},"primaryImageOfPage":{"@id":"http:\/\/www.rayuelainfancia.com\/blog\/libros-ninos-3-a-5-anos\/#primaryimage"},"datePublished":"2019-10-25T10:16:11+00:00","dateModified":"2022-03-15T12:39:00+00:00","description":"Selecci\u00f3n de 10 libros imprescindibles para ni\u00f1os en la etapa de los 3, 4 y 5 a\u00f1os. \u00c1lbumes ilustrados que sabemos que tienen un \u00e9xito especial entre ellos.","breadcrumb":{"@id":"http:\/\/www.rayuelainfancia.com\/blog\/libros-ninos-3-a-5-anos\/#breadcrumb"},"inLanguage":"es","potentialAction":[{"@type":"ReadAction","target":["http:\/\/www.rayuelainfancia.com\/blog\/libros-ninos-3-a-5-anos\/"]}]},{"@type":"BreadcrumbList","@id":"http:\/\/www.rayuelainfancia.com\/blog\/libros-ninos-3-a-5-anos\/#breadcrumb","itemListElement":[{"@type":"ListItem","position":1,"name":"Portada","item":"https:\/\/www.rayuelainfancia.com\/blog\/"},{"@type":"ListItem","position":2,"name":"LIBROS PARA PEQUES DE 3 A 5 A\u00d1OS"}]},{"@type":"Article","@id":"http:\/\/www.rayuelainfancia.com\/blog\/libros-ninos-3-a-5-anos\/#article","isPartOf":{"@id":"http:\/\/www.rayuelainfancia.com\/blog\/libros-ninos-3-a-5-anos\/#webpage"},"author":{"@id":"https:\/\/www.rayuelainfancia.com\/blog\/#\/schema\/person\/c1aff250c5154e35f53f26d0eba10c45"},"headline":"LIBROS PARA PEQUES DE 3 A 5 A\u00d1OS","datePublished":"2019-10-25T10:16:11+00:00","dateModified":"2022-03-15T12:39:00+00:00","mainEntityOfPage":{"@id":"http:\/\/www.rayuelainfancia.com\/blog\/libros-ninos-3-a-5-anos\/#webpage"},"wordCount":1490,"commentCount":5,"publisher":{"@id":"https:\/\/www.rayuelainfancia.com\/blog\/#organization"},"image":{"@id":"http:\/\/www.rayuelainfancia.com\/blog\/libros-ninos-3-a-5-anos\/#primaryimage"},"thumbnailUrl":"https:\/\/www.rayuelainfancia.com\/blog\/wp-content\/uploads\/2019\/10\/libros-imprescindibles-album-de-3-a-5-anos.jpg","articleSection":["Literatura Infantil","Recomendaciones Libros y Juguetes"],"inLanguage":"es","potentialAction":[{"@type":"CommentAction","name":"Comment","target":["http:\/\/www.rayuelainfancia.com\/blog\/libros-ninos-3-a-5-anos\/#respond"]}]},{"@type":"Person","@id":"https:\/\/www.rayuelainfancia.com\/blog\/#\/schema\/person\/c1aff250c5154e35f53f26d0eba10c45","name":"Rayuelainfancia","image":{"@type":"ImageObject","@id":"https:\/\/www.rayuelainfancia.com\/blog\/#personlogo","inLanguage":"es","url":"https:\/\/secure.gravatar.com\/avatar\/8bf03e7a4bb13ca5c7d0dc6acde2bfd1?s=96&d=mm&r=g","contentUrl":"https:\/\/secure.gravatar.com\/avatar\/8bf03e7a4bb13ca5c7d0dc6acde2bfd1?s=96&d=mm&r=g","caption":"Rayuelainfancia"}}]}},"_links":{"self":[{"href":"https:\/\/www.rayuelainfancia.com\/blog\/wp-json\/wp\/v2\/posts\/3889"}],"collection":[{"href":"https:\/\/www.rayuelainfancia.com\/blog\/wp-json\/wp\/v2\/posts"}],"about":[{"href":"https:\/\/www.rayuelainfancia.com\/blog\/wp-json\/wp\/v2\/types\/post"}],"author":[{"embeddable":true,"href":"https:\/\/www.rayuelainfancia.com\/blog\/wp-json\/wp\/v2\/users\/6"}],"replies":[{"embeddable":true,"href":"https:\/\/www.rayuelainfancia.com\/blog\/wp-json\/wp\/v2\/comments?post=3889"}],"version-history":[{"count":33,"href":"https:\/\/www.rayuelainfancia.com\/blog\/wp-json\/wp\/v2\/posts\/3889\/revisions"}],"predecessor-version":[{"id":5102,"href":"https:\/\/www.rayuelainfancia.com\/blog\/wp-json\/wp\/v2\/posts\/3889\/revisions\/5102"}],"wp:featuredmedia":[{"embeddable":true,"href":"https:\/\/www.rayuelainfancia.com\/blog\/wp-json\/wp\/v2\/media\/3935"}],"wp:attachment":[{"href":"https:\/\/www.rayuelainfancia.com\/blog\/wp-json\/wp\/v2\/media?parent=3889"}],"wp:term":[{"taxonomy":"category","embeddable":true,"href":"https:\/\/www.rayuelainfancia.com\/blog\/wp-json\/wp\/v2\/categories?post=3889"},{"taxonomy":"post_tag","embeddable":true,"href":"https:\/\/www.rayuelainfancia.com\/blog\/wp-json\/wp\/v2\/tags?post=3889"}],"curies":[{"name":"wp","href":"https:\/\/api.w.org\/{rel}","templated":true}]}}