 {"id":3817,"date":"2019-10-01T10:58:40","date_gmt":"2019-10-01T08:58:40","guid":{"rendered":"http:\/\/www.rayuelainfancia.com\/blog\/?p=3817"},"modified":"2019-10-01T10:58:41","modified_gmt":"2019-10-01T08:58:41","slug":"la-vuelta-al-mundo-en-80-cuentos","status":"publish","type":"post","link":"https:\/\/www.rayuelainfancia.com\/blog\/la-vuelta-al-mundo-en-80-cuentos\/","title":{"rendered":"LA VUELTA AL MUNDO EN 80 CUENTOS"},"content":{"rendered":"\n<p>Este <strong>viernes 4 de octubre <\/strong>se celebra la <strong>VIII edici\u00f3n<\/strong> de <a href=\"http:\/\/sevillasemueve.org\/nocheenblanco2019\/\">La Noche en Blanco<\/a> en Sevilla. En<strong> Rayuela <\/strong>disfrutaremos de una <strong>sesi\u00f3n de cuentos<\/strong> bajo el t\u00edtulo <strong>La vuelta al mundo en 80 cuentos<\/strong>&#8230; No te lo puedes perder.<\/p>\n\n\n\n<!--more-->\n\n\n\n<p>De sobra sabemos que las historias, <strong>los cuentos<\/strong>, son una grata<strong> invitaci\u00f3n a viajar<\/strong> y, que ese viaje, bien podr\u00eda ser <strong>una vuelta al mundo<\/strong>.<\/p>\n\n\n\n<p>Sabemos que <strong>los cuentos son diversos<\/strong> y a la vez \u00fanicos como el mar, y, c\u00f3mo no, que pueden llegar a ser islas, cabos y hasta <strong>continentes por descubrir.<\/strong><\/p>\n\n\n\n<p>Y tambi\u00e9n sabemos que cuando mejor se <strong>escuchan las palabras<\/strong> es \u00abnel cuore della notte\u00bb (en el coraz\u00f3n de la noche) y mejor, si es una<strong> Noche en Blanco.<\/strong><\/p>\n\n\n\n<p>As\u00ed que<strong> VEN  y emb\u00e1rcate en Rayuela.<\/strong> Aqu\u00ed hay un sitio para ti. Una tripulaci\u00f3n de <strong>narradores y narradoras curtidos <\/strong>en los siete mares de la palabra, <strong>te esperan.<\/strong><\/p>\n\n\n\n<figure class=\"wp-block-image\"><img loading=\"lazy\" width=\"724\" height=\"1024\" src=\"https:\/\/www.rayuelainfancia.com\/blog\/wp-content\/uploads\/2019\/10\/cartel-web-noche-blanco-724x1024.jpg\" alt=\"\" class=\"wp-image-3827\" srcset=\"https:\/\/www.rayuelainfancia.com\/blog\/wp-content\/uploads\/2019\/10\/cartel-web-noche-blanco-724x1024.jpg 724w, https:\/\/www.rayuelainfancia.com\/blog\/wp-content\/uploads\/2019\/10\/cartel-web-noche-blanco-212x300.jpg 212w, https:\/\/www.rayuelainfancia.com\/blog\/wp-content\/uploads\/2019\/10\/cartel-web-noche-blanco-768x1086.jpg 768w, https:\/\/www.rayuelainfancia.com\/blog\/wp-content\/uploads\/2019\/10\/cartel-web-noche-blanco.jpg 1200w\" sizes=\"(max-width: 724px) 100vw, 724px\" \/><\/figure>\n\n\n\n<p>Contaremos con el <strong>acompa\u00f1amiento musical <\/strong>de <strong>Ibrahim Diabate.<\/strong><\/p>\n\n\n\n<h2>La vuelta al mundo en 80 cuentos<\/h2>\n\n\n\n<p><strong>Lugar:<\/strong> Librer\u00eda Rayuela: Calle Jos\u00e9 Luis Luque n\u00ba6, Sevilla<\/p>\n\n\n\n<p><strong>Fecha<\/strong>: viernes 4 de octubre 2019<\/p>\n\n\n\n<p><strong>Hora: <\/strong><\/p>\n\n\n\n<p><strong>Primera sesi\u00f3n<\/strong> de 21:00 a 22.00h para p\u00fablico familiar<\/p>\n\n\n\n<p><strong>Segunda sesi\u00f3n<\/strong> de 22:00 a 23:00h. para p\u00fablico adulto<\/p>\n\n\n\n<p><strong>Entrada gratuita<\/strong><\/p>\n","protected":false},"excerpt":{"rendered":"<p>Este viernes 4 de octubre se celebra la VIII edici\u00f3n de La Noche en Blanco en Sevilla. En Rayuela disfrutaremos de una sesi\u00f3n de cuentos bajo el t\u00edtulo La vuelta al mundo en 80 cuentos&#8230; No te lo puedes perder.<\/p>\n","protected":false},"author":6,"featured_media":3826,"comment_status":"open","ping_status":"open","sticky":false,"template":"","format":"standard","meta":[],"categories":[18],"tags":[],"yoast_head":"<!-- This site is optimized with the Yoast SEO plugin v18.5.1 - https:\/\/yoast.com\/wordpress\/plugins\/seo\/ -->\n<title>LA VUELTA AL MUNDO EN 80 CUENTOS &#8902; Blog de Rayuelainfancia<\/title>\n<meta name=\"description\" content=\"Este viernes 4 de octubre se celebra La Noche en Blanco en Sevilla. En Rayuela disfrutaremos de una sesi\u00f3n de cuentos: La vuelta al mundo en 80 cuentos.\" \/>\n<meta name=\"robots\" content=\"index, follow, max-snippet:-1, max-image-preview:large, max-video-preview:-1\" \/>\n<link rel=\"canonical\" href=\"https:\/\/www.rayuelainfancia.com\/blog\/la-vuelta-al-mundo-en-80-cuentos\/\" \/>\n<meta property=\"og:locale\" content=\"es_ES\" \/>\n<meta property=\"og:type\" content=\"article\" \/>\n<meta property=\"og:title\" content=\"LA VUELTA AL MUNDO EN 80 CUENTOS &#8902; Blog de Rayuelainfancia\" \/>\n<meta property=\"og:description\" content=\"Este viernes 4 de octubre se celebra La Noche en Blanco en Sevilla. En Rayuela disfrutaremos de una sesi\u00f3n de cuentos: La vuelta al mundo en 80 cuentos.\" \/>\n<meta property=\"og:url\" content=\"https:\/\/www.rayuelainfancia.com\/blog\/la-vuelta-al-mundo-en-80-cuentos\/\" \/>\n<meta property=\"og:site_name\" content=\"Blog de Rayuelainfancia\" \/>\n<meta property=\"article:publisher\" content=\"https:\/\/www.facebook.com\/pages\/Librer\u00eda-Rayuela\/251861686361\" \/>\n<meta property=\"article:published_time\" content=\"2019-10-01T08:58:40+00:00\" \/>\n<meta property=\"article:modified_time\" content=\"2019-10-01T08:58:41+00:00\" \/>\n<meta property=\"og:image\" content=\"https:\/\/www.rayuelainfancia.com\/blog\/wp-content\/uploads\/2019\/09\/banner-noche-blanco.jpg\" \/>\n\t<meta property=\"og:image:width\" content=\"1200\" \/>\n\t<meta property=\"og:image:height\" content=\"630\" \/>\n\t<meta property=\"og:image:type\" content=\"image\/jpeg\" \/>\n<meta name=\"twitter:card\" content=\"summary\" \/>\n<meta name=\"twitter:creator\" content=\"@Rayuelainfancia\" \/>\n<meta name=\"twitter:site\" content=\"@Rayuelainfancia\" \/>\n<meta name=\"twitter:label1\" content=\"Written by\" \/>\n\t<meta name=\"twitter:data1\" content=\"Rayuelainfancia\" \/>\n\t<meta name=\"twitter:label2\" content=\"Est. reading time\" \/>\n\t<meta name=\"twitter:data2\" content=\"1 minuto\" \/>\n<script type=\"application\/ld+json\" class=\"yoast-schema-graph\">{\"@context\":\"https:\/\/schema.org\",\"@graph\":[{\"@type\":\"Organization\",\"@id\":\"https:\/\/www.rayuelainfancia.com\/blog\/#organization\",\"name\":\"Rayuelainfancia\",\"url\":\"https:\/\/www.rayuelainfancia.com\/blog\/\",\"sameAs\":[\"https:\/\/www.facebook.com\/pages\/Librer\u00eda-Rayuela\/251861686361\",\"https:\/\/www.youtube.com\/channel\/UCddVaoDjpTp-DexyEVoyazQ\",\"https:\/\/twitter.com\/Rayuelainfancia\"],\"logo\":{\"@type\":\"ImageObject\",\"@id\":\"https:\/\/www.rayuelainfancia.com\/blog\/#logo\",\"inLanguage\":\"es\",\"url\":\"https:\/\/www.rayuelainfancia.com\/blog\/wp-content\/uploads\/2018\/06\/logo-rayuelainfancia-color-corporativo.png\",\"contentUrl\":\"https:\/\/www.rayuelainfancia.com\/blog\/wp-content\/uploads\/2018\/06\/logo-rayuelainfancia-color-corporativo.png\",\"width\":1200,\"height\":680,\"caption\":\"Rayuelainfancia\"},\"image\":{\"@id\":\"https:\/\/www.rayuelainfancia.com\/blog\/#logo\"}},{\"@type\":\"WebSite\",\"@id\":\"https:\/\/www.rayuelainfancia.com\/blog\/#website\",\"url\":\"https:\/\/www.rayuelainfancia.com\/blog\/\",\"name\":\"Blog de Rayuelainfancia\",\"description\":\"Libros infantiles y juegos educaticos respestuosos con la infancia\",\"publisher\":{\"@id\":\"https:\/\/www.rayuelainfancia.com\/blog\/#organization\"},\"potentialAction\":[{\"@type\":\"SearchAction\",\"target\":{\"@type\":\"EntryPoint\",\"urlTemplate\":\"https:\/\/www.rayuelainfancia.com\/blog\/?s={search_term_string}\"},\"query-input\":\"required name=search_term_string\"}],\"inLanguage\":\"es\"},{\"@type\":\"ImageObject\",\"@id\":\"https:\/\/www.rayuelainfancia.com\/blog\/la-vuelta-al-mundo-en-80-cuentos\/#primaryimage\",\"inLanguage\":\"es\",\"url\":\"https:\/\/www.rayuelainfancia.com\/blog\/wp-content\/uploads\/2019\/09\/banner-noche-blanco.jpg\",\"contentUrl\":\"https:\/\/www.rayuelainfancia.com\/blog\/wp-content\/uploads\/2019\/09\/banner-noche-blanco.jpg\",\"width\":1200,\"height\":630},{\"@type\":\"WebPage\",\"@id\":\"https:\/\/www.rayuelainfancia.com\/blog\/la-vuelta-al-mundo-en-80-cuentos\/#webpage\",\"url\":\"https:\/\/www.rayuelainfancia.com\/blog\/la-vuelta-al-mundo-en-80-cuentos\/\",\"name\":\"LA VUELTA AL MUNDO EN 80 CUENTOS &#8902; Blog de Rayuelainfancia\",\"isPartOf\":{\"@id\":\"https:\/\/www.rayuelainfancia.com\/blog\/#website\"},\"primaryImageOfPage\":{\"@id\":\"https:\/\/www.rayuelainfancia.com\/blog\/la-vuelta-al-mundo-en-80-cuentos\/#primaryimage\"},\"datePublished\":\"2019-10-01T08:58:40+00:00\",\"dateModified\":\"2019-10-01T08:58:41+00:00\",\"description\":\"Este viernes 4 de octubre se celebra La Noche en Blanco en Sevilla. En Rayuela disfrutaremos de una sesi\u00f3n de cuentos: La vuelta al mundo en 80 cuentos.\",\"breadcrumb\":{\"@id\":\"https:\/\/www.rayuelainfancia.com\/blog\/la-vuelta-al-mundo-en-80-cuentos\/#breadcrumb\"},\"inLanguage\":\"es\",\"potentialAction\":[{\"@type\":\"ReadAction\",\"target\":[\"https:\/\/www.rayuelainfancia.com\/blog\/la-vuelta-al-mundo-en-80-cuentos\/\"]}]},{\"@type\":\"BreadcrumbList\",\"@id\":\"https:\/\/www.rayuelainfancia.com\/blog\/la-vuelta-al-mundo-en-80-cuentos\/#breadcrumb\",\"itemListElement\":[{\"@type\":\"ListItem\",\"position\":1,\"name\":\"Portada\",\"item\":\"https:\/\/www.rayuelainfancia.com\/blog\/\"},{\"@type\":\"ListItem\",\"position\":2,\"name\":\"LA VUELTA AL MUNDO EN 80 CUENTOS\"}]},{\"@type\":\"Article\",\"@id\":\"https:\/\/www.rayuelainfancia.com\/blog\/la-vuelta-al-mundo-en-80-cuentos\/#article\",\"isPartOf\":{\"@id\":\"https:\/\/www.rayuelainfancia.com\/blog\/la-vuelta-al-mundo-en-80-cuentos\/#webpage\"},\"author\":{\"@id\":\"https:\/\/www.rayuelainfancia.com\/blog\/#\/schema\/person\/c1aff250c5154e35f53f26d0eba10c45\"},\"headline\":\"LA VUELTA AL MUNDO EN 80 CUENTOS\",\"datePublished\":\"2019-10-01T08:58:40+00:00\",\"dateModified\":\"2019-10-01T08:58:41+00:00\",\"mainEntityOfPage\":{\"@id\":\"https:\/\/www.rayuelainfancia.com\/blog\/la-vuelta-al-mundo-en-80-cuentos\/#webpage\"},\"wordCount\":218,\"commentCount\":0,\"publisher\":{\"@id\":\"https:\/\/www.rayuelainfancia.com\/blog\/#organization\"},\"image\":{\"@id\":\"https:\/\/www.rayuelainfancia.com\/blog\/la-vuelta-al-mundo-en-80-cuentos\/#primaryimage\"},\"thumbnailUrl\":\"https:\/\/www.rayuelainfancia.com\/blog\/wp-content\/uploads\/2019\/09\/banner-noche-blanco.jpg\",\"articleSection\":[\"Actividades Cuentacuentos\"],\"inLanguage\":\"es\",\"potentialAction\":[{\"@type\":\"CommentAction\",\"name\":\"Comment\",\"target\":[\"https:\/\/www.rayuelainfancia.com\/blog\/la-vuelta-al-mundo-en-80-cuentos\/#respond\"]}]},{\"@type\":\"Person\",\"@id\":\"https:\/\/www.rayuelainfancia.com\/blog\/#\/schema\/person\/c1aff250c5154e35f53f26d0eba10c45\",\"name\":\"Rayuelainfancia\",\"image\":{\"@type\":\"ImageObject\",\"@id\":\"https:\/\/www.rayuelainfancia.com\/blog\/#personlogo\",\"inLanguage\":\"es\",\"url\":\"https:\/\/secure.gravatar.com\/avatar\/8bf03e7a4bb13ca5c7d0dc6acde2bfd1?s=96&d=mm&r=g\",\"contentUrl\":\"https:\/\/secure.gravatar.com\/avatar\/8bf03e7a4bb13ca5c7d0dc6acde2bfd1?s=96&d=mm&r=g\",\"caption\":\"Rayuelainfancia\"}}]}<\/script>\n<!-- \/ Yoast SEO plugin. -->","yoast_head_json":{"title":"LA VUELTA AL MUNDO EN 80 CUENTOS &#8902; Blog de Rayuelainfancia","description":"Este viernes 4 de octubre se celebra La Noche en Blanco en Sevilla. En Rayuela disfrutaremos de una sesi\u00f3n de cuentos: La vuelta al mundo en 80 cuentos.","robots":{"index":"index","follow":"follow","max-snippet":"max-snippet:-1","max-image-preview":"max-image-preview:large","max-video-preview":"max-video-preview:-1"},"canonical":"https:\/\/www.rayuelainfancia.com\/blog\/la-vuelta-al-mundo-en-80-cuentos\/","og_locale":"es_ES","og_type":"article","og_title":"LA VUELTA AL MUNDO EN 80 CUENTOS &#8902; Blog de Rayuelainfancia","og_description":"Este viernes 4 de octubre se celebra La Noche en Blanco en Sevilla. En Rayuela disfrutaremos de una sesi\u00f3n de cuentos: La vuelta al mundo en 80 cuentos.","og_url":"https:\/\/www.rayuelainfancia.com\/blog\/la-vuelta-al-mundo-en-80-cuentos\/","og_site_name":"Blog de Rayuelainfancia","article_publisher":"https:\/\/www.facebook.com\/pages\/Librer\u00eda-Rayuela\/251861686361","article_published_time":"2019-10-01T08:58:40+00:00","article_modified_time":"2019-10-01T08:58:41+00:00","og_image":[{"width":1200,"height":630,"url":"https:\/\/www.rayuelainfancia.com\/blog\/wp-content\/uploads\/2019\/09\/banner-noche-blanco.jpg","type":"image\/jpeg"}],"twitter_card":"summary","twitter_creator":"@Rayuelainfancia","twitter_site":"@Rayuelainfancia","twitter_misc":{"Written by":"Rayuelainfancia","Est. reading time":"1 minuto"},"schema":{"@context":"https:\/\/schema.org","@graph":[{"@type":"Organization","@id":"https:\/\/www.rayuelainfancia.com\/blog\/#organization","name":"Rayuelainfancia","url":"https:\/\/www.rayuelainfancia.com\/blog\/","sameAs":["https:\/\/www.facebook.com\/pages\/Librer\u00eda-Rayuela\/251861686361","https:\/\/www.youtube.com\/channel\/UCddVaoDjpTp-DexyEVoyazQ","https:\/\/twitter.com\/Rayuelainfancia"],"logo":{"@type":"ImageObject","@id":"https:\/\/www.rayuelainfancia.com\/blog\/#logo","inLanguage":"es","url":"https:\/\/www.rayuelainfancia.com\/blog\/wp-content\/uploads\/2018\/06\/logo-rayuelainfancia-color-corporativo.png","contentUrl":"https:\/\/www.rayuelainfancia.com\/blog\/wp-content\/uploads\/2018\/06\/logo-rayuelainfancia-color-corporativo.png","width":1200,"height":680,"caption":"Rayuelainfancia"},"image":{"@id":"https:\/\/www.rayuelainfancia.com\/blog\/#logo"}},{"@type":"WebSite","@id":"https:\/\/www.rayuelainfancia.com\/blog\/#website","url":"https:\/\/www.rayuelainfancia.com\/blog\/","name":"Blog de Rayuelainfancia","description":"Libros infantiles y juegos educaticos respestuosos con la infancia","publisher":{"@id":"https:\/\/www.rayuelainfancia.com\/blog\/#organization"},"potentialAction":[{"@type":"SearchAction","target":{"@type":"EntryPoint","urlTemplate":"https:\/\/www.rayuelainfancia.com\/blog\/?s={search_term_string}"},"query-input":"required name=search_term_string"}],"inLanguage":"es"},{"@type":"ImageObject","@id":"https:\/\/www.rayuelainfancia.com\/blog\/la-vuelta-al-mundo-en-80-cuentos\/#primaryimage","inLanguage":"es","url":"https:\/\/www.rayuelainfancia.com\/blog\/wp-content\/uploads\/2019\/09\/banner-noche-blanco.jpg","contentUrl":"https:\/\/www.rayuelainfancia.com\/blog\/wp-content\/uploads\/2019\/09\/banner-noche-blanco.jpg","width":1200,"height":630},{"@type":"WebPage","@id":"https:\/\/www.rayuelainfancia.com\/blog\/la-vuelta-al-mundo-en-80-cuentos\/#webpage","url":"https:\/\/www.rayuelainfancia.com\/blog\/la-vuelta-al-mundo-en-80-cuentos\/","name":"LA VUELTA AL MUNDO EN 80 CUENTOS &#8902; Blog de Rayuelainfancia","isPartOf":{"@id":"https:\/\/www.rayuelainfancia.com\/blog\/#website"},"primaryImageOfPage":{"@id":"https:\/\/www.rayuelainfancia.com\/blog\/la-vuelta-al-mundo-en-80-cuentos\/#primaryimage"},"datePublished":"2019-10-01T08:58:40+00:00","dateModified":"2019-10-01T08:58:41+00:00","description":"Este viernes 4 de octubre se celebra La Noche en Blanco en Sevilla. En Rayuela disfrutaremos de una sesi\u00f3n de cuentos: La vuelta al mundo en 80 cuentos.","breadcrumb":{"@id":"https:\/\/www.rayuelainfancia.com\/blog\/la-vuelta-al-mundo-en-80-cuentos\/#breadcrumb"},"inLanguage":"es","potentialAction":[{"@type":"ReadAction","target":["https:\/\/www.rayuelainfancia.com\/blog\/la-vuelta-al-mundo-en-80-cuentos\/"]}]},{"@type":"BreadcrumbList","@id":"https:\/\/www.rayuelainfancia.com\/blog\/la-vuelta-al-mundo-en-80-cuentos\/#breadcrumb","itemListElement":[{"@type":"ListItem","position":1,"name":"Portada","item":"https:\/\/www.rayuelainfancia.com\/blog\/"},{"@type":"ListItem","position":2,"name":"LA VUELTA AL MUNDO EN 80 CUENTOS"}]},{"@type":"Article","@id":"https:\/\/www.rayuelainfancia.com\/blog\/la-vuelta-al-mundo-en-80-cuentos\/#article","isPartOf":{"@id":"https:\/\/www.rayuelainfancia.com\/blog\/la-vuelta-al-mundo-en-80-cuentos\/#webpage"},"author":{"@id":"https:\/\/www.rayuelainfancia.com\/blog\/#\/schema\/person\/c1aff250c5154e35f53f26d0eba10c45"},"headline":"LA VUELTA AL MUNDO EN 80 CUENTOS","datePublished":"2019-10-01T08:58:40+00:00","dateModified":"2019-10-01T08:58:41+00:00","mainEntityOfPage":{"@id":"https:\/\/www.rayuelainfancia.com\/blog\/la-vuelta-al-mundo-en-80-cuentos\/#webpage"},"wordCount":218,"commentCount":0,"publisher":{"@id":"https:\/\/www.rayuelainfancia.com\/blog\/#organization"},"image":{"@id":"https:\/\/www.rayuelainfancia.com\/blog\/la-vuelta-al-mundo-en-80-cuentos\/#primaryimage"},"thumbnailUrl":"https:\/\/www.rayuelainfancia.com\/blog\/wp-content\/uploads\/2019\/09\/banner-noche-blanco.jpg","articleSection":["Actividades Cuentacuentos"],"inLanguage":"es","potentialAction":[{"@type":"CommentAction","name":"Comment","target":["https:\/\/www.rayuelainfancia.com\/blog\/la-vuelta-al-mundo-en-80-cuentos\/#respond"]}]},{"@type":"Person","@id":"https:\/\/www.rayuelainfancia.com\/blog\/#\/schema\/person\/c1aff250c5154e35f53f26d0eba10c45","name":"Rayuelainfancia","image":{"@type":"ImageObject","@id":"https:\/\/www.rayuelainfancia.com\/blog\/#personlogo","inLanguage":"es","url":"https:\/\/secure.gravatar.com\/avatar\/8bf03e7a4bb13ca5c7d0dc6acde2bfd1?s=96&d=mm&r=g","contentUrl":"https:\/\/secure.gravatar.com\/avatar\/8bf03e7a4bb13ca5c7d0dc6acde2bfd1?s=96&d=mm&r=g","caption":"Rayuelainfancia"}}]}},"_links":{"self":[{"href":"https:\/\/www.rayuelainfancia.com\/blog\/wp-json\/wp\/v2\/posts\/3817"}],"collection":[{"href":"https:\/\/www.rayuelainfancia.com\/blog\/wp-json\/wp\/v2\/posts"}],"about":[{"href":"https:\/\/www.rayuelainfancia.com\/blog\/wp-json\/wp\/v2\/types\/post"}],"author":[{"embeddable":true,"href":"https:\/\/www.rayuelainfancia.com\/blog\/wp-json\/wp\/v2\/users\/6"}],"replies":[{"embeddable":true,"href":"https:\/\/www.rayuelainfancia.com\/blog\/wp-json\/wp\/v2\/comments?post=3817"}],"version-history":[{"count":8,"href":"https:\/\/www.rayuelainfancia.com\/blog\/wp-json\/wp\/v2\/posts\/3817\/revisions"}],"predecessor-version":[{"id":3830,"href":"https:\/\/www.rayuelainfancia.com\/blog\/wp-json\/wp\/v2\/posts\/3817\/revisions\/3830"}],"wp:featuredmedia":[{"embeddable":true,"href":"https:\/\/www.rayuelainfancia.com\/blog\/wp-json\/wp\/v2\/media\/3826"}],"wp:attachment":[{"href":"https:\/\/www.rayuelainfancia.com\/blog\/wp-json\/wp\/v2\/media?parent=3817"}],"wp:term":[{"taxonomy":"category","embeddable":true,"href":"https:\/\/www.rayuelainfancia.com\/blog\/wp-json\/wp\/v2\/categories?post=3817"},{"taxonomy":"post_tag","embeddable":true,"href":"https:\/\/www.rayuelainfancia.com\/blog\/wp-json\/wp\/v2\/tags?post=3817"}],"curies":[{"name":"wp","href":"https:\/\/api.w.org\/{rel}","templated":true}]}}