 {"id":3798,"date":"2019-09-18T11:04:49","date_gmt":"2019-09-18T09:04:49","guid":{"rendered":"http:\/\/www.rayuelainfancia.com\/blog\/?p=3798"},"modified":"2019-09-18T11:04:49","modified_gmt":"2019-09-18T09:04:49","slug":"cuentos-al-regazo-evento","status":"publish","type":"post","link":"https:\/\/www.rayuelainfancia.com\/blog\/cuentos-al-regazo-evento\/","title":{"rendered":"CUENTOS AL REGAZO [EVENTO]"},"content":{"rendered":"\n<p>El pr\u00f3ximo\u00a0<strong>s\u00e1bado 21 de Septiembre<\/strong>\u00a0a las\u00a0<strong>11:00h<\/strong>. en\u00a0<strong>Rayuela,\u00a0<\/strong>disfrutaremos de una\u00a0<strong>sesi\u00f3n de cuentos<\/strong> para los m\u00e1s peque\u00f1os <strong>con Alicia Bulul\u00fa <\/strong>y<strong> Carlos Arribas:<\/strong> <strong>Cuentos al regazo<\/strong>.<\/p>\n\n\n\n<!--more-->\n\n\n\n<h2>Cuentos al regazo<\/h2>\n\n\n\n<p>Ya <strong>empezamos<\/strong> nuestro <strong>programa de actividades<\/strong> rayueleras. Y estamos muy contentos, porque lo <strong>comenzamos de la mejor manera<\/strong> posible, de una manera muy c\u00e1lida, <strong>acunando las palabras<\/strong> y sintiendo a nuestros <strong>beb\u00e9s<\/strong> en el regazo. <\/p>\n\n\n\n<ul class=\"wp-block-gallery columns-1 is-cropped\"><li class=\"blocks-gallery-item\"><figure><img loading=\"lazy\" width=\"1024\" height=\"724\" src=\"http:\/\/www.rayuelainfancia.com\/blog\/wp-content\/uploads\/2019\/09\/web-cuentos-regazos-1024x724.jpg\" alt=\"cuentos en rayuela cuentos al regazo\" data-id=\"3799\" data-link=\"http:\/\/www.rayuelainfancia.com\/blog\/?attachment_id=3799\" class=\"wp-image-3799\" srcset=\"https:\/\/www.rayuelainfancia.com\/blog\/wp-content\/uploads\/2019\/09\/web-cuentos-regazos-1024x724.jpg 1024w, https:\/\/www.rayuelainfancia.com\/blog\/wp-content\/uploads\/2019\/09\/web-cuentos-regazos-300x212.jpg 300w, https:\/\/www.rayuelainfancia.com\/blog\/wp-content\/uploads\/2019\/09\/web-cuentos-regazos-768x543.jpg 768w, https:\/\/www.rayuelainfancia.com\/blog\/wp-content\/uploads\/2019\/09\/web-cuentos-regazos.jpg 1200w\" sizes=\"(max-width: 1024px) 100vw, 1024px\" \/><\/figure><\/li><\/ul>\n\n\n\n<p>Para ello, <strong>Carloco<\/strong> y  <strong><a href=\"https:\/\/aliciabululu.tumblr.com\/\">Alicia Bulul\u00fa<\/a><\/strong>, inmejorables narradores, han preparado <strong>cuentos <\/strong>que se cantan, <strong>canciones<\/strong> que cuentan, libros que se tocan, <strong>poemas<\/strong> que se ven, en definitiva, un hermoso <strong>arrullo de palabras <\/strong>para beb\u00e9s. <\/p>\n\n\n\n<p>As\u00ed que&#8230;esto es una llamada a los <strong>beb\u00e9s y las bebitas\u00a0de 0 a 36 meses<\/strong>. Aqu\u00ed <strong>os esperamos<\/strong>, en Rayuela, este s\u00e1bado de estreno.<\/p>\n\n\n\n<p> \u00a1Ahhh, <strong>traeros a alg\u00fan adulto<\/strong> de compa\u00f1\u00eda, solo para usar su regazo! \ud83d\ude09<\/p>\n\n\n\n<p>Te dejamos un <strong>enlace<\/strong> por si quieres ver algunos libros de <strong>nuestra selecci\u00f3n<\/strong> de <a href=\"https:\/\/www.rayuelainfancia.com\/41-bebes-0-3-anos\">BEBETECA<\/a> dedicada a los m\u00e1s peques \u00a1Nunca es pronto para <strong>iniciarse en la aventura de los libros!<\/strong><\/p>\n\n\n\n<h2>Sesi\u00f3n de cuentos en Rayuela<\/h2>\n\n\n\n<p><strong>Fecha<\/strong>: s\u00e1bado 21 de septiembre a las 11:00h<\/p>\n\n\n\n<p><strong>Lugar<\/strong>: Librer\u00eda Rayuela C\/ Jos\u00e9 Luis Luque n\u00ba6<\/p>\n\n\n\n<p><strong>Edad recomendada<\/strong>: de 0 a 3 a\u00f1os<\/p>\n\n\n\n<p><strong>Entrada Libre<\/strong><\/p>\n","protected":false},"excerpt":{"rendered":"<p>El pr\u00f3ximo\u00a0s\u00e1bado 21 de Septiembre\u00a0a las\u00a011:00h. en\u00a0Rayuela,\u00a0disfrutaremos de una\u00a0sesi\u00f3n de cuentos para los m\u00e1s peque\u00f1os con Alicia Bulul\u00fa y Carlos Arribas: Cuentos al regazo.<\/p>\n","protected":false},"author":6,"featured_media":3801,"comment_status":"open","ping_status":"open","sticky":false,"template":"","format":"standard","meta":[],"categories":[18],"tags":[],"yoast_head":"<!-- This site is optimized with the Yoast SEO plugin v18.5.1 - https:\/\/yoast.com\/wordpress\/plugins\/seo\/ -->\n<title>CUENTOS AL REGAZO [EVENTO] &#8902; Blog de Rayuelainfancia<\/title>\n<meta name=\"description\" content=\"Este s\u00e1bado en Rayuela, disfrutaremos de una sesi\u00f3n de cuentos para los mas peque\u00f1os de con Alicia Bulul\u00fa y Carlos Arribas: Cuentos al regazo.\" \/>\n<meta name=\"robots\" content=\"index, follow, max-snippet:-1, max-image-preview:large, max-video-preview:-1\" \/>\n<link rel=\"canonical\" href=\"https:\/\/www.rayuelainfancia.com\/blog\/cuentos-al-regazo-evento\/\" \/>\n<meta property=\"og:locale\" content=\"es_ES\" \/>\n<meta property=\"og:type\" content=\"article\" \/>\n<meta property=\"og:title\" content=\"CUENTOS AL REGAZO [EVENTO] &#8902; Blog de Rayuelainfancia\" \/>\n<meta property=\"og:description\" content=\"Este s\u00e1bado en Rayuela, disfrutaremos de una sesi\u00f3n de cuentos para los mas peque\u00f1os de con Alicia Bulul\u00fa y Carlos Arribas: Cuentos al regazo.\" \/>\n<meta property=\"og:url\" content=\"https:\/\/www.rayuelainfancia.com\/blog\/cuentos-al-regazo-evento\/\" \/>\n<meta property=\"og:site_name\" content=\"Blog de Rayuelainfancia\" \/>\n<meta property=\"article:publisher\" content=\"https:\/\/www.facebook.com\/pages\/Librer\u00eda-Rayuela\/251861686361\" \/>\n<meta property=\"article:published_time\" content=\"2019-09-18T09:04:49+00:00\" \/>\n<meta property=\"og:image\" content=\"https:\/\/www.rayuelainfancia.com\/blog\/wp-content\/uploads\/2019\/09\/fb-cuentos-regazo.jpg\" \/>\n\t<meta property=\"og:image:width\" content=\"1200\" \/>\n\t<meta property=\"og:image:height\" content=\"630\" \/>\n\t<meta property=\"og:image:type\" content=\"image\/jpeg\" \/>\n<meta name=\"twitter:card\" content=\"summary\" \/>\n<meta name=\"twitter:creator\" content=\"@Rayuelainfancia\" \/>\n<meta name=\"twitter:site\" content=\"@Rayuelainfancia\" \/>\n<meta name=\"twitter:label1\" content=\"Written by\" \/>\n\t<meta name=\"twitter:data1\" content=\"Rayuelainfancia\" \/>\n\t<meta name=\"twitter:label2\" content=\"Est. reading time\" \/>\n\t<meta name=\"twitter:data2\" content=\"1 minuto\" \/>\n<script type=\"application\/ld+json\" class=\"yoast-schema-graph\">{\"@context\":\"https:\/\/schema.org\",\"@graph\":[{\"@type\":\"Organization\",\"@id\":\"https:\/\/www.rayuelainfancia.com\/blog\/#organization\",\"name\":\"Rayuelainfancia\",\"url\":\"https:\/\/www.rayuelainfancia.com\/blog\/\",\"sameAs\":[\"https:\/\/www.facebook.com\/pages\/Librer\u00eda-Rayuela\/251861686361\",\"https:\/\/www.youtube.com\/channel\/UCddVaoDjpTp-DexyEVoyazQ\",\"https:\/\/twitter.com\/Rayuelainfancia\"],\"logo\":{\"@type\":\"ImageObject\",\"@id\":\"https:\/\/www.rayuelainfancia.com\/blog\/#logo\",\"inLanguage\":\"es\",\"url\":\"https:\/\/www.rayuelainfancia.com\/blog\/wp-content\/uploads\/2018\/06\/logo-rayuelainfancia-color-corporativo.png\",\"contentUrl\":\"https:\/\/www.rayuelainfancia.com\/blog\/wp-content\/uploads\/2018\/06\/logo-rayuelainfancia-color-corporativo.png\",\"width\":1200,\"height\":680,\"caption\":\"Rayuelainfancia\"},\"image\":{\"@id\":\"https:\/\/www.rayuelainfancia.com\/blog\/#logo\"}},{\"@type\":\"WebSite\",\"@id\":\"https:\/\/www.rayuelainfancia.com\/blog\/#website\",\"url\":\"https:\/\/www.rayuelainfancia.com\/blog\/\",\"name\":\"Blog de Rayuelainfancia\",\"description\":\"Libros infantiles y juegos educaticos respestuosos con la infancia\",\"publisher\":{\"@id\":\"https:\/\/www.rayuelainfancia.com\/blog\/#organization\"},\"potentialAction\":[{\"@type\":\"SearchAction\",\"target\":{\"@type\":\"EntryPoint\",\"urlTemplate\":\"https:\/\/www.rayuelainfancia.com\/blog\/?s={search_term_string}\"},\"query-input\":\"required name=search_term_string\"}],\"inLanguage\":\"es\"},{\"@type\":\"ImageObject\",\"@id\":\"https:\/\/www.rayuelainfancia.com\/blog\/cuentos-al-regazo-evento\/#primaryimage\",\"inLanguage\":\"es\",\"url\":\"https:\/\/www.rayuelainfancia.com\/blog\/wp-content\/uploads\/2019\/09\/fb-cuentos-regazo.jpg\",\"contentUrl\":\"https:\/\/www.rayuelainfancia.com\/blog\/wp-content\/uploads\/2019\/09\/fb-cuentos-regazo.jpg\",\"width\":1200,\"height\":630,\"caption\":\"cuentos en rayuela cuentos al regazo\"},{\"@type\":\"WebPage\",\"@id\":\"https:\/\/www.rayuelainfancia.com\/blog\/cuentos-al-regazo-evento\/#webpage\",\"url\":\"https:\/\/www.rayuelainfancia.com\/blog\/cuentos-al-regazo-evento\/\",\"name\":\"CUENTOS AL REGAZO [EVENTO] &#8902; Blog de Rayuelainfancia\",\"isPartOf\":{\"@id\":\"https:\/\/www.rayuelainfancia.com\/blog\/#website\"},\"primaryImageOfPage\":{\"@id\":\"https:\/\/www.rayuelainfancia.com\/blog\/cuentos-al-regazo-evento\/#primaryimage\"},\"datePublished\":\"2019-09-18T09:04:49+00:00\",\"dateModified\":\"2019-09-18T09:04:49+00:00\",\"description\":\"Este s\u00e1bado en Rayuela, disfrutaremos de una sesi\u00f3n de cuentos para los mas peque\u00f1os de con Alicia Bulul\u00fa y Carlos Arribas: Cuentos al regazo.\",\"breadcrumb\":{\"@id\":\"https:\/\/www.rayuelainfancia.com\/blog\/cuentos-al-regazo-evento\/#breadcrumb\"},\"inLanguage\":\"es\",\"potentialAction\":[{\"@type\":\"ReadAction\",\"target\":[\"https:\/\/www.rayuelainfancia.com\/blog\/cuentos-al-regazo-evento\/\"]}]},{\"@type\":\"BreadcrumbList\",\"@id\":\"https:\/\/www.rayuelainfancia.com\/blog\/cuentos-al-regazo-evento\/#breadcrumb\",\"itemListElement\":[{\"@type\":\"ListItem\",\"position\":1,\"name\":\"Portada\",\"item\":\"https:\/\/www.rayuelainfancia.com\/blog\/\"},{\"@type\":\"ListItem\",\"position\":2,\"name\":\"CUENTOS AL REGAZO [EVENTO]\"}]},{\"@type\":\"Article\",\"@id\":\"https:\/\/www.rayuelainfancia.com\/blog\/cuentos-al-regazo-evento\/#article\",\"isPartOf\":{\"@id\":\"https:\/\/www.rayuelainfancia.com\/blog\/cuentos-al-regazo-evento\/#webpage\"},\"author\":{\"@id\":\"https:\/\/www.rayuelainfancia.com\/blog\/#\/schema\/person\/c1aff250c5154e35f53f26d0eba10c45\"},\"headline\":\"CUENTOS AL REGAZO [EVENTO]\",\"datePublished\":\"2019-09-18T09:04:49+00:00\",\"dateModified\":\"2019-09-18T09:04:49+00:00\",\"mainEntityOfPage\":{\"@id\":\"https:\/\/www.rayuelainfancia.com\/blog\/cuentos-al-regazo-evento\/#webpage\"},\"wordCount\":217,\"commentCount\":0,\"publisher\":{\"@id\":\"https:\/\/www.rayuelainfancia.com\/blog\/#organization\"},\"image\":{\"@id\":\"https:\/\/www.rayuelainfancia.com\/blog\/cuentos-al-regazo-evento\/#primaryimage\"},\"thumbnailUrl\":\"https:\/\/www.rayuelainfancia.com\/blog\/wp-content\/uploads\/2019\/09\/fb-cuentos-regazo.jpg\",\"articleSection\":[\"Actividades Cuentacuentos\"],\"inLanguage\":\"es\",\"potentialAction\":[{\"@type\":\"CommentAction\",\"name\":\"Comment\",\"target\":[\"https:\/\/www.rayuelainfancia.com\/blog\/cuentos-al-regazo-evento\/#respond\"]}]},{\"@type\":\"Person\",\"@id\":\"https:\/\/www.rayuelainfancia.com\/blog\/#\/schema\/person\/c1aff250c5154e35f53f26d0eba10c45\",\"name\":\"Rayuelainfancia\",\"image\":{\"@type\":\"ImageObject\",\"@id\":\"https:\/\/www.rayuelainfancia.com\/blog\/#personlogo\",\"inLanguage\":\"es\",\"url\":\"https:\/\/secure.gravatar.com\/avatar\/8bf03e7a4bb13ca5c7d0dc6acde2bfd1?s=96&d=mm&r=g\",\"contentUrl\":\"https:\/\/secure.gravatar.com\/avatar\/8bf03e7a4bb13ca5c7d0dc6acde2bfd1?s=96&d=mm&r=g\",\"caption\":\"Rayuelainfancia\"}}]}<\/script>\n<!-- \/ Yoast SEO plugin. -->","yoast_head_json":{"title":"CUENTOS AL REGAZO [EVENTO] &#8902; Blog de Rayuelainfancia","description":"Este s\u00e1bado en Rayuela, disfrutaremos de una sesi\u00f3n de cuentos para los mas peque\u00f1os de con Alicia Bulul\u00fa y Carlos Arribas: Cuentos al regazo.","robots":{"index":"index","follow":"follow","max-snippet":"max-snippet:-1","max-image-preview":"max-image-preview:large","max-video-preview":"max-video-preview:-1"},"canonical":"https:\/\/www.rayuelainfancia.com\/blog\/cuentos-al-regazo-evento\/","og_locale":"es_ES","og_type":"article","og_title":"CUENTOS AL REGAZO [EVENTO] &#8902; Blog de Rayuelainfancia","og_description":"Este s\u00e1bado en Rayuela, disfrutaremos de una sesi\u00f3n de cuentos para los mas peque\u00f1os de con Alicia Bulul\u00fa y Carlos Arribas: Cuentos al regazo.","og_url":"https:\/\/www.rayuelainfancia.com\/blog\/cuentos-al-regazo-evento\/","og_site_name":"Blog de Rayuelainfancia","article_publisher":"https:\/\/www.facebook.com\/pages\/Librer\u00eda-Rayuela\/251861686361","article_published_time":"2019-09-18T09:04:49+00:00","og_image":[{"width":1200,"height":630,"url":"https:\/\/www.rayuelainfancia.com\/blog\/wp-content\/uploads\/2019\/09\/fb-cuentos-regazo.jpg","type":"image\/jpeg"}],"twitter_card":"summary","twitter_creator":"@Rayuelainfancia","twitter_site":"@Rayuelainfancia","twitter_misc":{"Written by":"Rayuelainfancia","Est. reading time":"1 minuto"},"schema":{"@context":"https:\/\/schema.org","@graph":[{"@type":"Organization","@id":"https:\/\/www.rayuelainfancia.com\/blog\/#organization","name":"Rayuelainfancia","url":"https:\/\/www.rayuelainfancia.com\/blog\/","sameAs":["https:\/\/www.facebook.com\/pages\/Librer\u00eda-Rayuela\/251861686361","https:\/\/www.youtube.com\/channel\/UCddVaoDjpTp-DexyEVoyazQ","https:\/\/twitter.com\/Rayuelainfancia"],"logo":{"@type":"ImageObject","@id":"https:\/\/www.rayuelainfancia.com\/blog\/#logo","inLanguage":"es","url":"https:\/\/www.rayuelainfancia.com\/blog\/wp-content\/uploads\/2018\/06\/logo-rayuelainfancia-color-corporativo.png","contentUrl":"https:\/\/www.rayuelainfancia.com\/blog\/wp-content\/uploads\/2018\/06\/logo-rayuelainfancia-color-corporativo.png","width":1200,"height":680,"caption":"Rayuelainfancia"},"image":{"@id":"https:\/\/www.rayuelainfancia.com\/blog\/#logo"}},{"@type":"WebSite","@id":"https:\/\/www.rayuelainfancia.com\/blog\/#website","url":"https:\/\/www.rayuelainfancia.com\/blog\/","name":"Blog de Rayuelainfancia","description":"Libros infantiles y juegos educaticos respestuosos con la infancia","publisher":{"@id":"https:\/\/www.rayuelainfancia.com\/blog\/#organization"},"potentialAction":[{"@type":"SearchAction","target":{"@type":"EntryPoint","urlTemplate":"https:\/\/www.rayuelainfancia.com\/blog\/?s={search_term_string}"},"query-input":"required name=search_term_string"}],"inLanguage":"es"},{"@type":"ImageObject","@id":"https:\/\/www.rayuelainfancia.com\/blog\/cuentos-al-regazo-evento\/#primaryimage","inLanguage":"es","url":"https:\/\/www.rayuelainfancia.com\/blog\/wp-content\/uploads\/2019\/09\/fb-cuentos-regazo.jpg","contentUrl":"https:\/\/www.rayuelainfancia.com\/blog\/wp-content\/uploads\/2019\/09\/fb-cuentos-regazo.jpg","width":1200,"height":630,"caption":"cuentos en rayuela cuentos al regazo"},{"@type":"WebPage","@id":"https:\/\/www.rayuelainfancia.com\/blog\/cuentos-al-regazo-evento\/#webpage","url":"https:\/\/www.rayuelainfancia.com\/blog\/cuentos-al-regazo-evento\/","name":"CUENTOS AL REGAZO [EVENTO] &#8902; Blog de Rayuelainfancia","isPartOf":{"@id":"https:\/\/www.rayuelainfancia.com\/blog\/#website"},"primaryImageOfPage":{"@id":"https:\/\/www.rayuelainfancia.com\/blog\/cuentos-al-regazo-evento\/#primaryimage"},"datePublished":"2019-09-18T09:04:49+00:00","dateModified":"2019-09-18T09:04:49+00:00","description":"Este s\u00e1bado en Rayuela, disfrutaremos de una sesi\u00f3n de cuentos para los mas peque\u00f1os de con Alicia Bulul\u00fa y Carlos Arribas: Cuentos al regazo.","breadcrumb":{"@id":"https:\/\/www.rayuelainfancia.com\/blog\/cuentos-al-regazo-evento\/#breadcrumb"},"inLanguage":"es","potentialAction":[{"@type":"ReadAction","target":["https:\/\/www.rayuelainfancia.com\/blog\/cuentos-al-regazo-evento\/"]}]},{"@type":"BreadcrumbList","@id":"https:\/\/www.rayuelainfancia.com\/blog\/cuentos-al-regazo-evento\/#breadcrumb","itemListElement":[{"@type":"ListItem","position":1,"name":"Portada","item":"https:\/\/www.rayuelainfancia.com\/blog\/"},{"@type":"ListItem","position":2,"name":"CUENTOS AL REGAZO [EVENTO]"}]},{"@type":"Article","@id":"https:\/\/www.rayuelainfancia.com\/blog\/cuentos-al-regazo-evento\/#article","isPartOf":{"@id":"https:\/\/www.rayuelainfancia.com\/blog\/cuentos-al-regazo-evento\/#webpage"},"author":{"@id":"https:\/\/www.rayuelainfancia.com\/blog\/#\/schema\/person\/c1aff250c5154e35f53f26d0eba10c45"},"headline":"CUENTOS AL REGAZO [EVENTO]","datePublished":"2019-09-18T09:04:49+00:00","dateModified":"2019-09-18T09:04:49+00:00","mainEntityOfPage":{"@id":"https:\/\/www.rayuelainfancia.com\/blog\/cuentos-al-regazo-evento\/#webpage"},"wordCount":217,"commentCount":0,"publisher":{"@id":"https:\/\/www.rayuelainfancia.com\/blog\/#organization"},"image":{"@id":"https:\/\/www.rayuelainfancia.com\/blog\/cuentos-al-regazo-evento\/#primaryimage"},"thumbnailUrl":"https:\/\/www.rayuelainfancia.com\/blog\/wp-content\/uploads\/2019\/09\/fb-cuentos-regazo.jpg","articleSection":["Actividades Cuentacuentos"],"inLanguage":"es","potentialAction":[{"@type":"CommentAction","name":"Comment","target":["https:\/\/www.rayuelainfancia.com\/blog\/cuentos-al-regazo-evento\/#respond"]}]},{"@type":"Person","@id":"https:\/\/www.rayuelainfancia.com\/blog\/#\/schema\/person\/c1aff250c5154e35f53f26d0eba10c45","name":"Rayuelainfancia","image":{"@type":"ImageObject","@id":"https:\/\/www.rayuelainfancia.com\/blog\/#personlogo","inLanguage":"es","url":"https:\/\/secure.gravatar.com\/avatar\/8bf03e7a4bb13ca5c7d0dc6acde2bfd1?s=96&d=mm&r=g","contentUrl":"https:\/\/secure.gravatar.com\/avatar\/8bf03e7a4bb13ca5c7d0dc6acde2bfd1?s=96&d=mm&r=g","caption":"Rayuelainfancia"}}]}},"_links":{"self":[{"href":"https:\/\/www.rayuelainfancia.com\/blog\/wp-json\/wp\/v2\/posts\/3798"}],"collection":[{"href":"https:\/\/www.rayuelainfancia.com\/blog\/wp-json\/wp\/v2\/posts"}],"about":[{"href":"https:\/\/www.rayuelainfancia.com\/blog\/wp-json\/wp\/v2\/types\/post"}],"author":[{"embeddable":true,"href":"https:\/\/www.rayuelainfancia.com\/blog\/wp-json\/wp\/v2\/users\/6"}],"replies":[{"embeddable":true,"href":"https:\/\/www.rayuelainfancia.com\/blog\/wp-json\/wp\/v2\/comments?post=3798"}],"version-history":[{"count":3,"href":"https:\/\/www.rayuelainfancia.com\/blog\/wp-json\/wp\/v2\/posts\/3798\/revisions"}],"predecessor-version":[{"id":3803,"href":"https:\/\/www.rayuelainfancia.com\/blog\/wp-json\/wp\/v2\/posts\/3798\/revisions\/3803"}],"wp:featuredmedia":[{"embeddable":true,"href":"https:\/\/www.rayuelainfancia.com\/blog\/wp-json\/wp\/v2\/media\/3801"}],"wp:attachment":[{"href":"https:\/\/www.rayuelainfancia.com\/blog\/wp-json\/wp\/v2\/media?parent=3798"}],"wp:term":[{"taxonomy":"category","embeddable":true,"href":"https:\/\/www.rayuelainfancia.com\/blog\/wp-json\/wp\/v2\/categories?post=3798"},{"taxonomy":"post_tag","embeddable":true,"href":"https:\/\/www.rayuelainfancia.com\/blog\/wp-json\/wp\/v2\/tags?post=3798"}],"curies":[{"name":"wp","href":"https:\/\/api.w.org\/{rel}","templated":true}]}}