 {"id":3626,"date":"2019-06-12T18:21:16","date_gmt":"2019-06-12T16:21:16","guid":{"rendered":"http:\/\/www.rayuelainfancia.com\/blog\/?p=3626"},"modified":"2019-06-12T18:21:16","modified_gmt":"2019-06-12T16:21:16","slug":"cuentos-y-toalla-vaya-a-donde-vaya-evento","status":"publish","type":"post","link":"https:\/\/www.rayuelainfancia.com\/blog\/cuentos-y-toalla-vaya-a-donde-vaya-evento\/","title":{"rendered":"CUENTOS Y TOALLA, VAYA A DONDE VAYA [EVENTO]"},"content":{"rendered":"<p>El pr\u00f3ximo\u00a0<strong>s\u00e1bado 15 de Junio<\/strong>\u00a0a las\u00a0<strong>12:00h<\/strong>. en\u00a0<strong>Rayuela,\u00a0<\/strong>disfrutaremos de una\u00a0<strong>sesi\u00f3n de cuentos<\/strong>\u00a0de <b>con Carloco.<\/b><\/p>\n<p><!--more--><\/p>\n<p>\u00a1Hola VERANO! Nos despedimos de la primavera para darte la bienvenida. \u00bfQue\u00a0 c\u00f3mo lo haremos? Pues con la ayuda de unos buenos libros, la voz de un buen narrador oral, <strong>Carloco <\/strong>y por supuesto, CONTIGO. As\u00ed que este s\u00e1bado, \u00a1no faltes!, prepararemos la maleta juntos y echaremos un poquito de todo (incluso una rebeca por si refresca).<\/p>\n<p>Una sesi\u00f3n de narraci\u00f3n de buenas lecturas para t\u00ed, sobre todo, si tienes entre 4 y 94 a\u00f1os.<\/p>\n<p><img loading=\"lazy\" class=\"alignnone size-full wp-image-3628\" src=\"http:\/\/www.rayuelainfancia.com\/blog\/wp-content\/uploads\/2019\/06\/cartel-web-toalla.jpg\" alt=\"\" width=\"1200\" height=\"849\" srcset=\"https:\/\/www.rayuelainfancia.com\/blog\/wp-content\/uploads\/2019\/06\/cartel-web-toalla.jpg 1200w, https:\/\/www.rayuelainfancia.com\/blog\/wp-content\/uploads\/2019\/06\/cartel-web-toalla-300x212.jpg 300w, https:\/\/www.rayuelainfancia.com\/blog\/wp-content\/uploads\/2019\/06\/cartel-web-toalla-768x543.jpg 768w, https:\/\/www.rayuelainfancia.com\/blog\/wp-content\/uploads\/2019\/06\/cartel-web-toalla-1024x724.jpg 1024w\" sizes=\"(max-width: 1200px) 100vw, 1200px\" \/><\/p>\n<p>&nbsp;<\/p>\n","protected":false},"excerpt":{"rendered":"<p>El pr\u00f3ximo\u00a0s\u00e1bado 15 de Junio\u00a0a las\u00a012:00h. en\u00a0Rayuela,\u00a0disfrutaremos de una\u00a0sesi\u00f3n de cuentos\u00a0de con Carloco.<\/p>\n","protected":false},"author":6,"featured_media":3627,"comment_status":"open","ping_status":"open","sticky":false,"template":"","format":"standard","meta":[],"categories":[18],"tags":[],"yoast_head":"<!-- This site is optimized with the Yoast SEO plugin v18.5.1 - https:\/\/yoast.com\/wordpress\/plugins\/seo\/ -->\n<title>CUENTOS Y TOALLA, VAYA A DONDE VAYA [EVENTO] &#8902; Blog de Rayuelainfancia<\/title>\n<meta name=\"robots\" content=\"index, follow, max-snippet:-1, max-image-preview:large, max-video-preview:-1\" \/>\n<link rel=\"canonical\" href=\"http:\/\/www.rayuelainfancia.com\/blog\/cuentos-y-toalla-vaya-a-donde-vaya-evento\/\" \/>\n<meta property=\"og:locale\" content=\"es_ES\" \/>\n<meta property=\"og:type\" content=\"article\" \/>\n<meta property=\"og:title\" content=\"CUENTOS Y TOALLA, VAYA A DONDE VAYA [EVENTO] &#8902; Blog de Rayuelainfancia\" \/>\n<meta property=\"og:description\" content=\"El pr\u00f3ximo\u00a0s\u00e1bado 15 de Junio\u00a0a las\u00a012:00h. en\u00a0Rayuela,\u00a0disfrutaremos de una\u00a0sesi\u00f3n de cuentos\u00a0de con Carloco.\" \/>\n<meta property=\"og:url\" content=\"http:\/\/www.rayuelainfancia.com\/blog\/cuentos-y-toalla-vaya-a-donde-vaya-evento\/\" \/>\n<meta property=\"og:site_name\" content=\"Blog de Rayuelainfancia\" \/>\n<meta property=\"article:publisher\" content=\"https:\/\/www.facebook.com\/pages\/Librer\u00eda-Rayuela\/251861686361\" \/>\n<meta property=\"article:published_time\" content=\"2019-06-12T16:21:16+00:00\" \/>\n<meta property=\"og:image\" content=\"http:\/\/www.rayuelainfancia.com\/blog\/wp-content\/uploads\/2019\/06\/cuentos-toalla.jpg\" \/>\n\t<meta property=\"og:image:width\" content=\"1200\" \/>\n\t<meta property=\"og:image:height\" content=\"630\" \/>\n\t<meta property=\"og:image:type\" content=\"image\/jpeg\" \/>\n<meta name=\"twitter:card\" content=\"summary\" \/>\n<meta name=\"twitter:creator\" content=\"@Rayuelainfancia\" \/>\n<meta name=\"twitter:site\" content=\"@Rayuelainfancia\" \/>\n<meta name=\"twitter:label1\" content=\"Written by\" \/>\n\t<meta name=\"twitter:data1\" content=\"Rayuelainfancia\" \/>\n\t<meta name=\"twitter:label2\" content=\"Est. reading time\" \/>\n\t<meta name=\"twitter:data2\" content=\"1 minuto\" \/>\n<script type=\"application\/ld+json\" class=\"yoast-schema-graph\">{\"@context\":\"https:\/\/schema.org\",\"@graph\":[{\"@type\":\"Organization\",\"@id\":\"https:\/\/www.rayuelainfancia.com\/blog\/#organization\",\"name\":\"Rayuelainfancia\",\"url\":\"https:\/\/www.rayuelainfancia.com\/blog\/\",\"sameAs\":[\"https:\/\/www.facebook.com\/pages\/Librer\u00eda-Rayuela\/251861686361\",\"https:\/\/www.youtube.com\/channel\/UCddVaoDjpTp-DexyEVoyazQ\",\"https:\/\/twitter.com\/Rayuelainfancia\"],\"logo\":{\"@type\":\"ImageObject\",\"@id\":\"https:\/\/www.rayuelainfancia.com\/blog\/#logo\",\"inLanguage\":\"es\",\"url\":\"https:\/\/www.rayuelainfancia.com\/blog\/wp-content\/uploads\/2018\/06\/logo-rayuelainfancia-color-corporativo.png\",\"contentUrl\":\"https:\/\/www.rayuelainfancia.com\/blog\/wp-content\/uploads\/2018\/06\/logo-rayuelainfancia-color-corporativo.png\",\"width\":1200,\"height\":680,\"caption\":\"Rayuelainfancia\"},\"image\":{\"@id\":\"https:\/\/www.rayuelainfancia.com\/blog\/#logo\"}},{\"@type\":\"WebSite\",\"@id\":\"https:\/\/www.rayuelainfancia.com\/blog\/#website\",\"url\":\"https:\/\/www.rayuelainfancia.com\/blog\/\",\"name\":\"Blog de Rayuelainfancia\",\"description\":\"Libros infantiles y juegos educaticos respestuosos con la infancia\",\"publisher\":{\"@id\":\"https:\/\/www.rayuelainfancia.com\/blog\/#organization\"},\"potentialAction\":[{\"@type\":\"SearchAction\",\"target\":{\"@type\":\"EntryPoint\",\"urlTemplate\":\"https:\/\/www.rayuelainfancia.com\/blog\/?s={search_term_string}\"},\"query-input\":\"required name=search_term_string\"}],\"inLanguage\":\"es\"},{\"@type\":\"ImageObject\",\"@id\":\"http:\/\/www.rayuelainfancia.com\/blog\/cuentos-y-toalla-vaya-a-donde-vaya-evento\/#primaryimage\",\"inLanguage\":\"es\",\"url\":\"https:\/\/www.rayuelainfancia.com\/blog\/wp-content\/uploads\/2019\/06\/cuentos-toalla.jpg\",\"contentUrl\":\"https:\/\/www.rayuelainfancia.com\/blog\/wp-content\/uploads\/2019\/06\/cuentos-toalla.jpg\",\"width\":1200,\"height\":630},{\"@type\":\"WebPage\",\"@id\":\"http:\/\/www.rayuelainfancia.com\/blog\/cuentos-y-toalla-vaya-a-donde-vaya-evento\/#webpage\",\"url\":\"http:\/\/www.rayuelainfancia.com\/blog\/cuentos-y-toalla-vaya-a-donde-vaya-evento\/\",\"name\":\"CUENTOS Y TOALLA, VAYA A DONDE VAYA [EVENTO] &#8902; Blog de Rayuelainfancia\",\"isPartOf\":{\"@id\":\"https:\/\/www.rayuelainfancia.com\/blog\/#website\"},\"primaryImageOfPage\":{\"@id\":\"http:\/\/www.rayuelainfancia.com\/blog\/cuentos-y-toalla-vaya-a-donde-vaya-evento\/#primaryimage\"},\"datePublished\":\"2019-06-12T16:21:16+00:00\",\"dateModified\":\"2019-06-12T16:21:16+00:00\",\"breadcrumb\":{\"@id\":\"http:\/\/www.rayuelainfancia.com\/blog\/cuentos-y-toalla-vaya-a-donde-vaya-evento\/#breadcrumb\"},\"inLanguage\":\"es\",\"potentialAction\":[{\"@type\":\"ReadAction\",\"target\":[\"http:\/\/www.rayuelainfancia.com\/blog\/cuentos-y-toalla-vaya-a-donde-vaya-evento\/\"]}]},{\"@type\":\"BreadcrumbList\",\"@id\":\"http:\/\/www.rayuelainfancia.com\/blog\/cuentos-y-toalla-vaya-a-donde-vaya-evento\/#breadcrumb\",\"itemListElement\":[{\"@type\":\"ListItem\",\"position\":1,\"name\":\"Portada\",\"item\":\"https:\/\/www.rayuelainfancia.com\/blog\/\"},{\"@type\":\"ListItem\",\"position\":2,\"name\":\"CUENTOS Y TOALLA, VAYA A DONDE VAYA [EVENTO]\"}]},{\"@type\":\"Article\",\"@id\":\"http:\/\/www.rayuelainfancia.com\/blog\/cuentos-y-toalla-vaya-a-donde-vaya-evento\/#article\",\"isPartOf\":{\"@id\":\"http:\/\/www.rayuelainfancia.com\/blog\/cuentos-y-toalla-vaya-a-donde-vaya-evento\/#webpage\"},\"author\":{\"@id\":\"https:\/\/www.rayuelainfancia.com\/blog\/#\/schema\/person\/c1aff250c5154e35f53f26d0eba10c45\"},\"headline\":\"CUENTOS Y TOALLA, VAYA A DONDE VAYA [EVENTO]\",\"datePublished\":\"2019-06-12T16:21:16+00:00\",\"dateModified\":\"2019-06-12T16:21:16+00:00\",\"mainEntityOfPage\":{\"@id\":\"http:\/\/www.rayuelainfancia.com\/blog\/cuentos-y-toalla-vaya-a-donde-vaya-evento\/#webpage\"},\"wordCount\":109,\"commentCount\":0,\"publisher\":{\"@id\":\"https:\/\/www.rayuelainfancia.com\/blog\/#organization\"},\"image\":{\"@id\":\"http:\/\/www.rayuelainfancia.com\/blog\/cuentos-y-toalla-vaya-a-donde-vaya-evento\/#primaryimage\"},\"thumbnailUrl\":\"https:\/\/www.rayuelainfancia.com\/blog\/wp-content\/uploads\/2019\/06\/cuentos-toalla.jpg\",\"articleSection\":[\"Actividades Cuentacuentos\"],\"inLanguage\":\"es\",\"potentialAction\":[{\"@type\":\"CommentAction\",\"name\":\"Comment\",\"target\":[\"http:\/\/www.rayuelainfancia.com\/blog\/cuentos-y-toalla-vaya-a-donde-vaya-evento\/#respond\"]}]},{\"@type\":\"Person\",\"@id\":\"https:\/\/www.rayuelainfancia.com\/blog\/#\/schema\/person\/c1aff250c5154e35f53f26d0eba10c45\",\"name\":\"Rayuelainfancia\",\"image\":{\"@type\":\"ImageObject\",\"@id\":\"https:\/\/www.rayuelainfancia.com\/blog\/#personlogo\",\"inLanguage\":\"es\",\"url\":\"https:\/\/secure.gravatar.com\/avatar\/8bf03e7a4bb13ca5c7d0dc6acde2bfd1?s=96&d=mm&r=g\",\"contentUrl\":\"https:\/\/secure.gravatar.com\/avatar\/8bf03e7a4bb13ca5c7d0dc6acde2bfd1?s=96&d=mm&r=g\",\"caption\":\"Rayuelainfancia\"}}]}<\/script>\n<!-- \/ Yoast SEO plugin. -->","yoast_head_json":{"title":"CUENTOS Y TOALLA, VAYA A DONDE VAYA [EVENTO] &#8902; Blog de Rayuelainfancia","robots":{"index":"index","follow":"follow","max-snippet":"max-snippet:-1","max-image-preview":"max-image-preview:large","max-video-preview":"max-video-preview:-1"},"canonical":"http:\/\/www.rayuelainfancia.com\/blog\/cuentos-y-toalla-vaya-a-donde-vaya-evento\/","og_locale":"es_ES","og_type":"article","og_title":"CUENTOS Y TOALLA, VAYA A DONDE VAYA [EVENTO] &#8902; Blog de Rayuelainfancia","og_description":"El pr\u00f3ximo\u00a0s\u00e1bado 15 de Junio\u00a0a las\u00a012:00h. en\u00a0Rayuela,\u00a0disfrutaremos de una\u00a0sesi\u00f3n de cuentos\u00a0de con Carloco.","og_url":"http:\/\/www.rayuelainfancia.com\/blog\/cuentos-y-toalla-vaya-a-donde-vaya-evento\/","og_site_name":"Blog de Rayuelainfancia","article_publisher":"https:\/\/www.facebook.com\/pages\/Librer\u00eda-Rayuela\/251861686361","article_published_time":"2019-06-12T16:21:16+00:00","og_image":[{"width":1200,"height":630,"url":"http:\/\/www.rayuelainfancia.com\/blog\/wp-content\/uploads\/2019\/06\/cuentos-toalla.jpg","type":"image\/jpeg"}],"twitter_card":"summary","twitter_creator":"@Rayuelainfancia","twitter_site":"@Rayuelainfancia","twitter_misc":{"Written by":"Rayuelainfancia","Est. reading time":"1 minuto"},"schema":{"@context":"https:\/\/schema.org","@graph":[{"@type":"Organization","@id":"https:\/\/www.rayuelainfancia.com\/blog\/#organization","name":"Rayuelainfancia","url":"https:\/\/www.rayuelainfancia.com\/blog\/","sameAs":["https:\/\/www.facebook.com\/pages\/Librer\u00eda-Rayuela\/251861686361","https:\/\/www.youtube.com\/channel\/UCddVaoDjpTp-DexyEVoyazQ","https:\/\/twitter.com\/Rayuelainfancia"],"logo":{"@type":"ImageObject","@id":"https:\/\/www.rayuelainfancia.com\/blog\/#logo","inLanguage":"es","url":"https:\/\/www.rayuelainfancia.com\/blog\/wp-content\/uploads\/2018\/06\/logo-rayuelainfancia-color-corporativo.png","contentUrl":"https:\/\/www.rayuelainfancia.com\/blog\/wp-content\/uploads\/2018\/06\/logo-rayuelainfancia-color-corporativo.png","width":1200,"height":680,"caption":"Rayuelainfancia"},"image":{"@id":"https:\/\/www.rayuelainfancia.com\/blog\/#logo"}},{"@type":"WebSite","@id":"https:\/\/www.rayuelainfancia.com\/blog\/#website","url":"https:\/\/www.rayuelainfancia.com\/blog\/","name":"Blog de Rayuelainfancia","description":"Libros infantiles y juegos educaticos respestuosos con la infancia","publisher":{"@id":"https:\/\/www.rayuelainfancia.com\/blog\/#organization"},"potentialAction":[{"@type":"SearchAction","target":{"@type":"EntryPoint","urlTemplate":"https:\/\/www.rayuelainfancia.com\/blog\/?s={search_term_string}"},"query-input":"required name=search_term_string"}],"inLanguage":"es"},{"@type":"ImageObject","@id":"http:\/\/www.rayuelainfancia.com\/blog\/cuentos-y-toalla-vaya-a-donde-vaya-evento\/#primaryimage","inLanguage":"es","url":"https:\/\/www.rayuelainfancia.com\/blog\/wp-content\/uploads\/2019\/06\/cuentos-toalla.jpg","contentUrl":"https:\/\/www.rayuelainfancia.com\/blog\/wp-content\/uploads\/2019\/06\/cuentos-toalla.jpg","width":1200,"height":630},{"@type":"WebPage","@id":"http:\/\/www.rayuelainfancia.com\/blog\/cuentos-y-toalla-vaya-a-donde-vaya-evento\/#webpage","url":"http:\/\/www.rayuelainfancia.com\/blog\/cuentos-y-toalla-vaya-a-donde-vaya-evento\/","name":"CUENTOS Y TOALLA, VAYA A DONDE VAYA [EVENTO] &#8902; Blog de Rayuelainfancia","isPartOf":{"@id":"https:\/\/www.rayuelainfancia.com\/blog\/#website"},"primaryImageOfPage":{"@id":"http:\/\/www.rayuelainfancia.com\/blog\/cuentos-y-toalla-vaya-a-donde-vaya-evento\/#primaryimage"},"datePublished":"2019-06-12T16:21:16+00:00","dateModified":"2019-06-12T16:21:16+00:00","breadcrumb":{"@id":"http:\/\/www.rayuelainfancia.com\/blog\/cuentos-y-toalla-vaya-a-donde-vaya-evento\/#breadcrumb"},"inLanguage":"es","potentialAction":[{"@type":"ReadAction","target":["http:\/\/www.rayuelainfancia.com\/blog\/cuentos-y-toalla-vaya-a-donde-vaya-evento\/"]}]},{"@type":"BreadcrumbList","@id":"http:\/\/www.rayuelainfancia.com\/blog\/cuentos-y-toalla-vaya-a-donde-vaya-evento\/#breadcrumb","itemListElement":[{"@type":"ListItem","position":1,"name":"Portada","item":"https:\/\/www.rayuelainfancia.com\/blog\/"},{"@type":"ListItem","position":2,"name":"CUENTOS Y TOALLA, VAYA A DONDE VAYA [EVENTO]"}]},{"@type":"Article","@id":"http:\/\/www.rayuelainfancia.com\/blog\/cuentos-y-toalla-vaya-a-donde-vaya-evento\/#article","isPartOf":{"@id":"http:\/\/www.rayuelainfancia.com\/blog\/cuentos-y-toalla-vaya-a-donde-vaya-evento\/#webpage"},"author":{"@id":"https:\/\/www.rayuelainfancia.com\/blog\/#\/schema\/person\/c1aff250c5154e35f53f26d0eba10c45"},"headline":"CUENTOS Y TOALLA, VAYA A DONDE VAYA [EVENTO]","datePublished":"2019-06-12T16:21:16+00:00","dateModified":"2019-06-12T16:21:16+00:00","mainEntityOfPage":{"@id":"http:\/\/www.rayuelainfancia.com\/blog\/cuentos-y-toalla-vaya-a-donde-vaya-evento\/#webpage"},"wordCount":109,"commentCount":0,"publisher":{"@id":"https:\/\/www.rayuelainfancia.com\/blog\/#organization"},"image":{"@id":"http:\/\/www.rayuelainfancia.com\/blog\/cuentos-y-toalla-vaya-a-donde-vaya-evento\/#primaryimage"},"thumbnailUrl":"https:\/\/www.rayuelainfancia.com\/blog\/wp-content\/uploads\/2019\/06\/cuentos-toalla.jpg","articleSection":["Actividades Cuentacuentos"],"inLanguage":"es","potentialAction":[{"@type":"CommentAction","name":"Comment","target":["http:\/\/www.rayuelainfancia.com\/blog\/cuentos-y-toalla-vaya-a-donde-vaya-evento\/#respond"]}]},{"@type":"Person","@id":"https:\/\/www.rayuelainfancia.com\/blog\/#\/schema\/person\/c1aff250c5154e35f53f26d0eba10c45","name":"Rayuelainfancia","image":{"@type":"ImageObject","@id":"https:\/\/www.rayuelainfancia.com\/blog\/#personlogo","inLanguage":"es","url":"https:\/\/secure.gravatar.com\/avatar\/8bf03e7a4bb13ca5c7d0dc6acde2bfd1?s=96&d=mm&r=g","contentUrl":"https:\/\/secure.gravatar.com\/avatar\/8bf03e7a4bb13ca5c7d0dc6acde2bfd1?s=96&d=mm&r=g","caption":"Rayuelainfancia"}}]}},"_links":{"self":[{"href":"https:\/\/www.rayuelainfancia.com\/blog\/wp-json\/wp\/v2\/posts\/3626"}],"collection":[{"href":"https:\/\/www.rayuelainfancia.com\/blog\/wp-json\/wp\/v2\/posts"}],"about":[{"href":"https:\/\/www.rayuelainfancia.com\/blog\/wp-json\/wp\/v2\/types\/post"}],"author":[{"embeddable":true,"href":"https:\/\/www.rayuelainfancia.com\/blog\/wp-json\/wp\/v2\/users\/6"}],"replies":[{"embeddable":true,"href":"https:\/\/www.rayuelainfancia.com\/blog\/wp-json\/wp\/v2\/comments?post=3626"}],"version-history":[{"count":1,"href":"https:\/\/www.rayuelainfancia.com\/blog\/wp-json\/wp\/v2\/posts\/3626\/revisions"}],"predecessor-version":[{"id":3629,"href":"https:\/\/www.rayuelainfancia.com\/blog\/wp-json\/wp\/v2\/posts\/3626\/revisions\/3629"}],"wp:featuredmedia":[{"embeddable":true,"href":"https:\/\/www.rayuelainfancia.com\/blog\/wp-json\/wp\/v2\/media\/3627"}],"wp:attachment":[{"href":"https:\/\/www.rayuelainfancia.com\/blog\/wp-json\/wp\/v2\/media?parent=3626"}],"wp:term":[{"taxonomy":"category","embeddable":true,"href":"https:\/\/www.rayuelainfancia.com\/blog\/wp-json\/wp\/v2\/categories?post=3626"},{"taxonomy":"post_tag","embeddable":true,"href":"https:\/\/www.rayuelainfancia.com\/blog\/wp-json\/wp\/v2\/tags?post=3626"}],"curies":[{"name":"wp","href":"https:\/\/api.w.org\/{rel}","templated":true}]}}