 {"id":3618,"date":"2019-06-05T17:54:00","date_gmt":"2019-06-05T15:54:00","guid":{"rendered":"http:\/\/www.rayuelainfancia.com\/blog\/?p=3618"},"modified":"2019-06-05T17:54:00","modified_gmt":"2019-06-05T15:54:00","slug":"librerias-contadas-nubeocho-y-filiberto","status":"publish","type":"post","link":"https:\/\/www.rayuelainfancia.com\/blog\/librerias-contadas-nubeocho-y-filiberto\/","title":{"rendered":"LIBRER\u00cdAS CONTADAS: NUBEOCHO Y FILIBERTO"},"content":{"rendered":"<p style=\"text-align: justify;\">Este <strong>s\u00e1bado 8 de Junio<\/strong> a las <strong>12:00h<\/strong>. en <strong>Rayuela<\/strong> disfrutaremos de una <strong>sesi\u00f3n de cuentos<\/strong> de <strong>Las Librer\u00edas Contada<\/strong><strong>s<\/strong><em><strong>,<\/strong><\/em> con NubeOcho y Filiberto.<\/p>\n<p><!--more--><\/p>\n<p style=\"text-align: justify;\">Dos historias divertidas y emotivas que ser\u00e1n presentadas por <strong><a href=\"http:\/\/filibertochamorro.com\/\">Filiberto<\/a><\/strong>, un <strong>narrador<\/strong> con el que siempre es un placer descubrir historias.<\/p>\n<p style=\"text-align: justify;\"><strong><em>Un lobo con mucha hambre<\/em><\/strong> y <em>\u00a1<\/em><strong><em>Vivan las u\u00f1as de colores!<\/em> <\/strong>son los dos \u00e1lbumes de <strong><a href=\"http:\/\/nubeocho.com\/index.php\/es\/\">NubeOcho<\/a><\/strong> que puedes venir a escuchar este s\u00e1bado en la librer\u00eda. \u00a1Seguro que te van a encantar!<\/p>\n<p style=\"text-align: justify;\"><strong>NubeOcho<\/strong> es una editorial especializada en literatura infantil cuyos\u00a0libros promueven el <strong>respeto a la diversidad<\/strong>.<\/p>\n<p style=\"text-align: justify;\">No te pierdas este <strong>s\u00e1bado de cuento<\/strong>, sobre todo si tienes <strong>entre 3 y 103 a\u00f1os<\/strong> de edad.<\/p>\n<p><img loading=\"lazy\" class=\"alignnone size-full wp-image-3619\" src=\"http:\/\/www.rayuelainfancia.com\/blog\/wp-content\/uploads\/2019\/06\/Rayuela_Filiberto_redes.jpg\" alt=\"CUENTACUENTOS EN RAYUELA\" width=\"3508\" height=\"2480\" srcset=\"https:\/\/www.rayuelainfancia.com\/blog\/wp-content\/uploads\/2019\/06\/Rayuela_Filiberto_redes.jpg 3508w, https:\/\/www.rayuelainfancia.com\/blog\/wp-content\/uploads\/2019\/06\/Rayuela_Filiberto_redes-300x212.jpg 300w, https:\/\/www.rayuelainfancia.com\/blog\/wp-content\/uploads\/2019\/06\/Rayuela_Filiberto_redes-768x543.jpg 768w, https:\/\/www.rayuelainfancia.com\/blog\/wp-content\/uploads\/2019\/06\/Rayuela_Filiberto_redes-1024x724.jpg 1024w\" sizes=\"(max-width: 3508px) 100vw, 3508px\" \/><\/p>\n<h3>Sesi\u00f3n de cuentos en Rayuela<\/h3>\n<p><strong>Fecha:\u00a0<\/strong>s\u00e1bado 8 de Junio<\/p>\n<p><strong>Lugar: <\/strong>C\/Jos\u00e9 Luis Luque n\u00ba6 Sevilla<\/p>\n<p><strong>Edad recomendada: <\/strong>desde 3 a\u00f1os<\/p>\n<p><strong>Entrada Libre<\/strong><\/p>\n","protected":false},"excerpt":{"rendered":"<p>Este s\u00e1bado 8 de Junio a las 12:00h. en Rayuela disfrutaremos de una sesi\u00f3n de cuentos de Las Librer\u00edas Contadas, con NubeOcho y Filiberto.<\/p>\n","protected":false},"author":6,"featured_media":3621,"comment_status":"open","ping_status":"open","sticky":false,"template":"","format":"standard","meta":[],"categories":[18],"tags":[],"yoast_head":"<!-- This site is optimized with the Yoast SEO plugin v18.5.1 - https:\/\/yoast.com\/wordpress\/plugins\/seo\/ -->\n<title>LIBRER\u00cdAS CONTADAS: NUBEOCHO Y FILIBERTO &#8902; Blog de Rayuelainfancia<\/title>\n<meta name=\"description\" content=\"Este s\u00e1bado 8 de Junio a las 12:00h. en Rayuela disfrutaremos de una sesi\u00f3n de cuentos de Las Librer\u00edas Contadas, con NubeOcho y Filiberto.\" \/>\n<meta name=\"robots\" content=\"index, follow, max-snippet:-1, max-image-preview:large, max-video-preview:-1\" \/>\n<link rel=\"canonical\" href=\"http:\/\/www.rayuelainfancia.com\/blog\/librerias-contadas-nubeocho-y-filiberto\/\" \/>\n<meta property=\"og:locale\" content=\"es_ES\" \/>\n<meta property=\"og:type\" content=\"article\" \/>\n<meta property=\"og:title\" content=\"LIBRER\u00cdAS CONTADAS: NUBEOCHO Y FILIBERTO &#8902; Blog de Rayuelainfancia\" \/>\n<meta property=\"og:description\" content=\"Este s\u00e1bado 8 de Junio a las 12:00h. en Rayuela disfrutaremos de una sesi\u00f3n de cuentos de Las Librer\u00edas Contadas, con NubeOcho y Filiberto.\" \/>\n<meta property=\"og:url\" content=\"http:\/\/www.rayuelainfancia.com\/blog\/librerias-contadas-nubeocho-y-filiberto\/\" \/>\n<meta property=\"og:site_name\" content=\"Blog de Rayuelainfancia\" \/>\n<meta property=\"article:publisher\" content=\"https:\/\/www.facebook.com\/pages\/Librer\u00eda-Rayuela\/251861686361\" \/>\n<meta property=\"article:published_time\" content=\"2019-06-05T15:54:00+00:00\" \/>\n<meta property=\"og:image\" content=\"http:\/\/www.rayuelainfancia.com\/blog\/wp-content\/uploads\/2019\/06\/LAS-LIBRERIAS-CONTADAS-FILIBERTO-NUBEOCHO.jpg\" \/>\n\t<meta property=\"og:image:width\" content=\"700\" \/>\n\t<meta property=\"og:image:height\" content=\"410\" \/>\n\t<meta property=\"og:image:type\" content=\"image\/jpeg\" \/>\n<meta name=\"twitter:card\" content=\"summary\" \/>\n<meta name=\"twitter:creator\" content=\"@Rayuelainfancia\" \/>\n<meta name=\"twitter:site\" content=\"@Rayuelainfancia\" \/>\n<meta name=\"twitter:label1\" content=\"Written by\" \/>\n\t<meta name=\"twitter:data1\" content=\"Rayuelainfancia\" \/>\n\t<meta name=\"twitter:label2\" content=\"Est. reading time\" \/>\n\t<meta name=\"twitter:data2\" content=\"1 minuto\" \/>\n<script type=\"application\/ld+json\" class=\"yoast-schema-graph\">{\"@context\":\"https:\/\/schema.org\",\"@graph\":[{\"@type\":\"Organization\",\"@id\":\"https:\/\/www.rayuelainfancia.com\/blog\/#organization\",\"name\":\"Rayuelainfancia\",\"url\":\"https:\/\/www.rayuelainfancia.com\/blog\/\",\"sameAs\":[\"https:\/\/www.facebook.com\/pages\/Librer\u00eda-Rayuela\/251861686361\",\"https:\/\/www.youtube.com\/channel\/UCddVaoDjpTp-DexyEVoyazQ\",\"https:\/\/twitter.com\/Rayuelainfancia\"],\"logo\":{\"@type\":\"ImageObject\",\"@id\":\"https:\/\/www.rayuelainfancia.com\/blog\/#logo\",\"inLanguage\":\"es\",\"url\":\"https:\/\/www.rayuelainfancia.com\/blog\/wp-content\/uploads\/2018\/06\/logo-rayuelainfancia-color-corporativo.png\",\"contentUrl\":\"https:\/\/www.rayuelainfancia.com\/blog\/wp-content\/uploads\/2018\/06\/logo-rayuelainfancia-color-corporativo.png\",\"width\":1200,\"height\":680,\"caption\":\"Rayuelainfancia\"},\"image\":{\"@id\":\"https:\/\/www.rayuelainfancia.com\/blog\/#logo\"}},{\"@type\":\"WebSite\",\"@id\":\"https:\/\/www.rayuelainfancia.com\/blog\/#website\",\"url\":\"https:\/\/www.rayuelainfancia.com\/blog\/\",\"name\":\"Blog de Rayuelainfancia\",\"description\":\"Libros infantiles y juegos educaticos respestuosos con la infancia\",\"publisher\":{\"@id\":\"https:\/\/www.rayuelainfancia.com\/blog\/#organization\"},\"potentialAction\":[{\"@type\":\"SearchAction\",\"target\":{\"@type\":\"EntryPoint\",\"urlTemplate\":\"https:\/\/www.rayuelainfancia.com\/blog\/?s={search_term_string}\"},\"query-input\":\"required name=search_term_string\"}],\"inLanguage\":\"es\"},{\"@type\":\"ImageObject\",\"@id\":\"http:\/\/www.rayuelainfancia.com\/blog\/librerias-contadas-nubeocho-y-filiberto\/#primaryimage\",\"inLanguage\":\"es\",\"url\":\"https:\/\/www.rayuelainfancia.com\/blog\/wp-content\/uploads\/2019\/06\/LAS-LIBRERIAS-CONTADAS-FILIBERTO-NUBEOCHO.jpg\",\"contentUrl\":\"https:\/\/www.rayuelainfancia.com\/blog\/wp-content\/uploads\/2019\/06\/LAS-LIBRERIAS-CONTADAS-FILIBERTO-NUBEOCHO.jpg\",\"width\":700,\"height\":410},{\"@type\":\"WebPage\",\"@id\":\"http:\/\/www.rayuelainfancia.com\/blog\/librerias-contadas-nubeocho-y-filiberto\/#webpage\",\"url\":\"http:\/\/www.rayuelainfancia.com\/blog\/librerias-contadas-nubeocho-y-filiberto\/\",\"name\":\"LIBRER\u00cdAS CONTADAS: NUBEOCHO Y FILIBERTO &#8902; Blog de Rayuelainfancia\",\"isPartOf\":{\"@id\":\"https:\/\/www.rayuelainfancia.com\/blog\/#website\"},\"primaryImageOfPage\":{\"@id\":\"http:\/\/www.rayuelainfancia.com\/blog\/librerias-contadas-nubeocho-y-filiberto\/#primaryimage\"},\"datePublished\":\"2019-06-05T15:54:00+00:00\",\"dateModified\":\"2019-06-05T15:54:00+00:00\",\"description\":\"Este s\u00e1bado 8 de Junio a las 12:00h. en Rayuela disfrutaremos de una sesi\u00f3n de cuentos de Las Librer\u00edas Contadas, con NubeOcho y Filiberto.\",\"breadcrumb\":{\"@id\":\"http:\/\/www.rayuelainfancia.com\/blog\/librerias-contadas-nubeocho-y-filiberto\/#breadcrumb\"},\"inLanguage\":\"es\",\"potentialAction\":[{\"@type\":\"ReadAction\",\"target\":[\"http:\/\/www.rayuelainfancia.com\/blog\/librerias-contadas-nubeocho-y-filiberto\/\"]}]},{\"@type\":\"BreadcrumbList\",\"@id\":\"http:\/\/www.rayuelainfancia.com\/blog\/librerias-contadas-nubeocho-y-filiberto\/#breadcrumb\",\"itemListElement\":[{\"@type\":\"ListItem\",\"position\":1,\"name\":\"Portada\",\"item\":\"https:\/\/www.rayuelainfancia.com\/blog\/\"},{\"@type\":\"ListItem\",\"position\":2,\"name\":\"LIBRER\u00cdAS CONTADAS: NUBEOCHO Y FILIBERTO\"}]},{\"@type\":\"Article\",\"@id\":\"http:\/\/www.rayuelainfancia.com\/blog\/librerias-contadas-nubeocho-y-filiberto\/#article\",\"isPartOf\":{\"@id\":\"http:\/\/www.rayuelainfancia.com\/blog\/librerias-contadas-nubeocho-y-filiberto\/#webpage\"},\"author\":{\"@id\":\"https:\/\/www.rayuelainfancia.com\/blog\/#\/schema\/person\/c1aff250c5154e35f53f26d0eba10c45\"},\"headline\":\"LIBRER\u00cdAS CONTADAS: NUBEOCHO Y FILIBERTO\",\"datePublished\":\"2019-06-05T15:54:00+00:00\",\"dateModified\":\"2019-06-05T15:54:00+00:00\",\"mainEntityOfPage\":{\"@id\":\"http:\/\/www.rayuelainfancia.com\/blog\/librerias-contadas-nubeocho-y-filiberto\/#webpage\"},\"wordCount\":149,\"commentCount\":0,\"publisher\":{\"@id\":\"https:\/\/www.rayuelainfancia.com\/blog\/#organization\"},\"image\":{\"@id\":\"http:\/\/www.rayuelainfancia.com\/blog\/librerias-contadas-nubeocho-y-filiberto\/#primaryimage\"},\"thumbnailUrl\":\"https:\/\/www.rayuelainfancia.com\/blog\/wp-content\/uploads\/2019\/06\/LAS-LIBRERIAS-CONTADAS-FILIBERTO-NUBEOCHO.jpg\",\"articleSection\":[\"Actividades Cuentacuentos\"],\"inLanguage\":\"es\",\"potentialAction\":[{\"@type\":\"CommentAction\",\"name\":\"Comment\",\"target\":[\"http:\/\/www.rayuelainfancia.com\/blog\/librerias-contadas-nubeocho-y-filiberto\/#respond\"]}]},{\"@type\":\"Person\",\"@id\":\"https:\/\/www.rayuelainfancia.com\/blog\/#\/schema\/person\/c1aff250c5154e35f53f26d0eba10c45\",\"name\":\"Rayuelainfancia\",\"image\":{\"@type\":\"ImageObject\",\"@id\":\"https:\/\/www.rayuelainfancia.com\/blog\/#personlogo\",\"inLanguage\":\"es\",\"url\":\"https:\/\/secure.gravatar.com\/avatar\/8bf03e7a4bb13ca5c7d0dc6acde2bfd1?s=96&d=mm&r=g\",\"contentUrl\":\"https:\/\/secure.gravatar.com\/avatar\/8bf03e7a4bb13ca5c7d0dc6acde2bfd1?s=96&d=mm&r=g\",\"caption\":\"Rayuelainfancia\"}}]}<\/script>\n<!-- \/ Yoast SEO plugin. -->","yoast_head_json":{"title":"LIBRER\u00cdAS CONTADAS: NUBEOCHO Y FILIBERTO &#8902; Blog de Rayuelainfancia","description":"Este s\u00e1bado 8 de Junio a las 12:00h. en Rayuela disfrutaremos de una sesi\u00f3n de cuentos de Las Librer\u00edas Contadas, con NubeOcho y Filiberto.","robots":{"index":"index","follow":"follow","max-snippet":"max-snippet:-1","max-image-preview":"max-image-preview:large","max-video-preview":"max-video-preview:-1"},"canonical":"http:\/\/www.rayuelainfancia.com\/blog\/librerias-contadas-nubeocho-y-filiberto\/","og_locale":"es_ES","og_type":"article","og_title":"LIBRER\u00cdAS CONTADAS: NUBEOCHO Y FILIBERTO &#8902; Blog de Rayuelainfancia","og_description":"Este s\u00e1bado 8 de Junio a las 12:00h. en Rayuela disfrutaremos de una sesi\u00f3n de cuentos de Las Librer\u00edas Contadas, con NubeOcho y Filiberto.","og_url":"http:\/\/www.rayuelainfancia.com\/blog\/librerias-contadas-nubeocho-y-filiberto\/","og_site_name":"Blog de Rayuelainfancia","article_publisher":"https:\/\/www.facebook.com\/pages\/Librer\u00eda-Rayuela\/251861686361","article_published_time":"2019-06-05T15:54:00+00:00","og_image":[{"width":700,"height":410,"url":"http:\/\/www.rayuelainfancia.com\/blog\/wp-content\/uploads\/2019\/06\/LAS-LIBRERIAS-CONTADAS-FILIBERTO-NUBEOCHO.jpg","type":"image\/jpeg"}],"twitter_card":"summary","twitter_creator":"@Rayuelainfancia","twitter_site":"@Rayuelainfancia","twitter_misc":{"Written by":"Rayuelainfancia","Est. reading time":"1 minuto"},"schema":{"@context":"https:\/\/schema.org","@graph":[{"@type":"Organization","@id":"https:\/\/www.rayuelainfancia.com\/blog\/#organization","name":"Rayuelainfancia","url":"https:\/\/www.rayuelainfancia.com\/blog\/","sameAs":["https:\/\/www.facebook.com\/pages\/Librer\u00eda-Rayuela\/251861686361","https:\/\/www.youtube.com\/channel\/UCddVaoDjpTp-DexyEVoyazQ","https:\/\/twitter.com\/Rayuelainfancia"],"logo":{"@type":"ImageObject","@id":"https:\/\/www.rayuelainfancia.com\/blog\/#logo","inLanguage":"es","url":"https:\/\/www.rayuelainfancia.com\/blog\/wp-content\/uploads\/2018\/06\/logo-rayuelainfancia-color-corporativo.png","contentUrl":"https:\/\/www.rayuelainfancia.com\/blog\/wp-content\/uploads\/2018\/06\/logo-rayuelainfancia-color-corporativo.png","width":1200,"height":680,"caption":"Rayuelainfancia"},"image":{"@id":"https:\/\/www.rayuelainfancia.com\/blog\/#logo"}},{"@type":"WebSite","@id":"https:\/\/www.rayuelainfancia.com\/blog\/#website","url":"https:\/\/www.rayuelainfancia.com\/blog\/","name":"Blog de Rayuelainfancia","description":"Libros infantiles y juegos educaticos respestuosos con la infancia","publisher":{"@id":"https:\/\/www.rayuelainfancia.com\/blog\/#organization"},"potentialAction":[{"@type":"SearchAction","target":{"@type":"EntryPoint","urlTemplate":"https:\/\/www.rayuelainfancia.com\/blog\/?s={search_term_string}"},"query-input":"required name=search_term_string"}],"inLanguage":"es"},{"@type":"ImageObject","@id":"http:\/\/www.rayuelainfancia.com\/blog\/librerias-contadas-nubeocho-y-filiberto\/#primaryimage","inLanguage":"es","url":"https:\/\/www.rayuelainfancia.com\/blog\/wp-content\/uploads\/2019\/06\/LAS-LIBRERIAS-CONTADAS-FILIBERTO-NUBEOCHO.jpg","contentUrl":"https:\/\/www.rayuelainfancia.com\/blog\/wp-content\/uploads\/2019\/06\/LAS-LIBRERIAS-CONTADAS-FILIBERTO-NUBEOCHO.jpg","width":700,"height":410},{"@type":"WebPage","@id":"http:\/\/www.rayuelainfancia.com\/blog\/librerias-contadas-nubeocho-y-filiberto\/#webpage","url":"http:\/\/www.rayuelainfancia.com\/blog\/librerias-contadas-nubeocho-y-filiberto\/","name":"LIBRER\u00cdAS CONTADAS: NUBEOCHO Y FILIBERTO &#8902; Blog de Rayuelainfancia","isPartOf":{"@id":"https:\/\/www.rayuelainfancia.com\/blog\/#website"},"primaryImageOfPage":{"@id":"http:\/\/www.rayuelainfancia.com\/blog\/librerias-contadas-nubeocho-y-filiberto\/#primaryimage"},"datePublished":"2019-06-05T15:54:00+00:00","dateModified":"2019-06-05T15:54:00+00:00","description":"Este s\u00e1bado 8 de Junio a las 12:00h. en Rayuela disfrutaremos de una sesi\u00f3n de cuentos de Las Librer\u00edas Contadas, con NubeOcho y Filiberto.","breadcrumb":{"@id":"http:\/\/www.rayuelainfancia.com\/blog\/librerias-contadas-nubeocho-y-filiberto\/#breadcrumb"},"inLanguage":"es","potentialAction":[{"@type":"ReadAction","target":["http:\/\/www.rayuelainfancia.com\/blog\/librerias-contadas-nubeocho-y-filiberto\/"]}]},{"@type":"BreadcrumbList","@id":"http:\/\/www.rayuelainfancia.com\/blog\/librerias-contadas-nubeocho-y-filiberto\/#breadcrumb","itemListElement":[{"@type":"ListItem","position":1,"name":"Portada","item":"https:\/\/www.rayuelainfancia.com\/blog\/"},{"@type":"ListItem","position":2,"name":"LIBRER\u00cdAS CONTADAS: NUBEOCHO Y FILIBERTO"}]},{"@type":"Article","@id":"http:\/\/www.rayuelainfancia.com\/blog\/librerias-contadas-nubeocho-y-filiberto\/#article","isPartOf":{"@id":"http:\/\/www.rayuelainfancia.com\/blog\/librerias-contadas-nubeocho-y-filiberto\/#webpage"},"author":{"@id":"https:\/\/www.rayuelainfancia.com\/blog\/#\/schema\/person\/c1aff250c5154e35f53f26d0eba10c45"},"headline":"LIBRER\u00cdAS CONTADAS: NUBEOCHO Y FILIBERTO","datePublished":"2019-06-05T15:54:00+00:00","dateModified":"2019-06-05T15:54:00+00:00","mainEntityOfPage":{"@id":"http:\/\/www.rayuelainfancia.com\/blog\/librerias-contadas-nubeocho-y-filiberto\/#webpage"},"wordCount":149,"commentCount":0,"publisher":{"@id":"https:\/\/www.rayuelainfancia.com\/blog\/#organization"},"image":{"@id":"http:\/\/www.rayuelainfancia.com\/blog\/librerias-contadas-nubeocho-y-filiberto\/#primaryimage"},"thumbnailUrl":"https:\/\/www.rayuelainfancia.com\/blog\/wp-content\/uploads\/2019\/06\/LAS-LIBRERIAS-CONTADAS-FILIBERTO-NUBEOCHO.jpg","articleSection":["Actividades Cuentacuentos"],"inLanguage":"es","potentialAction":[{"@type":"CommentAction","name":"Comment","target":["http:\/\/www.rayuelainfancia.com\/blog\/librerias-contadas-nubeocho-y-filiberto\/#respond"]}]},{"@type":"Person","@id":"https:\/\/www.rayuelainfancia.com\/blog\/#\/schema\/person\/c1aff250c5154e35f53f26d0eba10c45","name":"Rayuelainfancia","image":{"@type":"ImageObject","@id":"https:\/\/www.rayuelainfancia.com\/blog\/#personlogo","inLanguage":"es","url":"https:\/\/secure.gravatar.com\/avatar\/8bf03e7a4bb13ca5c7d0dc6acde2bfd1?s=96&d=mm&r=g","contentUrl":"https:\/\/secure.gravatar.com\/avatar\/8bf03e7a4bb13ca5c7d0dc6acde2bfd1?s=96&d=mm&r=g","caption":"Rayuelainfancia"}}]}},"_links":{"self":[{"href":"https:\/\/www.rayuelainfancia.com\/blog\/wp-json\/wp\/v2\/posts\/3618"}],"collection":[{"href":"https:\/\/www.rayuelainfancia.com\/blog\/wp-json\/wp\/v2\/posts"}],"about":[{"href":"https:\/\/www.rayuelainfancia.com\/blog\/wp-json\/wp\/v2\/types\/post"}],"author":[{"embeddable":true,"href":"https:\/\/www.rayuelainfancia.com\/blog\/wp-json\/wp\/v2\/users\/6"}],"replies":[{"embeddable":true,"href":"https:\/\/www.rayuelainfancia.com\/blog\/wp-json\/wp\/v2\/comments?post=3618"}],"version-history":[{"count":3,"href":"https:\/\/www.rayuelainfancia.com\/blog\/wp-json\/wp\/v2\/posts\/3618\/revisions"}],"predecessor-version":[{"id":3623,"href":"https:\/\/www.rayuelainfancia.com\/blog\/wp-json\/wp\/v2\/posts\/3618\/revisions\/3623"}],"wp:featuredmedia":[{"embeddable":true,"href":"https:\/\/www.rayuelainfancia.com\/blog\/wp-json\/wp\/v2\/media\/3621"}],"wp:attachment":[{"href":"https:\/\/www.rayuelainfancia.com\/blog\/wp-json\/wp\/v2\/media?parent=3618"}],"wp:term":[{"taxonomy":"category","embeddable":true,"href":"https:\/\/www.rayuelainfancia.com\/blog\/wp-json\/wp\/v2\/categories?post=3618"},{"taxonomy":"post_tag","embeddable":true,"href":"https:\/\/www.rayuelainfancia.com\/blog\/wp-json\/wp\/v2\/tags?post=3618"}],"curies":[{"name":"wp","href":"https:\/\/api.w.org\/{rel}","templated":true}]}}