 {"id":3615,"date":"2019-06-04T11:55:49","date_gmt":"2019-06-04T09:55:49","guid":{"rendered":"http:\/\/www.rayuelainfancia.com\/blog\/?p=3615"},"modified":"2019-06-04T11:56:29","modified_gmt":"2019-06-04T09:56:29","slug":"ultima-noche-magica-del-curso-evento","status":"publish","type":"post","link":"https:\/\/www.rayuelainfancia.com\/blog\/ultima-noche-magica-del-curso-evento\/","title":{"rendered":"\u00daLTIMA NOCHE M\u00c1GICA DEL CURSO [EVENTO]"},"content":{"rendered":"<p>El pr\u00f3ximo\u00a0<strong>s\u00e1bado 8 de junio<\/strong>, vive en Rayuela la \u00faltima<strong>\u00a0NOCHE M\u00c1GICA DEL CURSO<\/strong><\/p>\n<p><!--more--><\/p>\n<p style=\"text-align: justify;\">Una noche diferente acompa\u00f1ados de Adriano (Asociaci\u00f3n Cultural \u201cLa Voz que Escucha\u201d), Miguel y una persona del equipo rayuelero.\u00a0<strong>\u00a1Ven y ay\u00fadanos en esta nueva aventura nocturna!<\/strong><\/p>\n<p style=\"text-align: justify;\">Un proyecto de\u00a0<strong>animaci\u00f3n lectora a trav\u00e9s de juegos, canciones, cuentos y libros<\/strong>\u00a0para compartir. Una aut\u00e9ntica\u00a0<strong>experiencia de convivencia<\/strong>\u00a0envuelta en la magia de las historias.<\/p>\n<p style=\"text-align: justify;\">Idea y realizaci\u00f3n: Asociaci\u00f3n Cultural <em>La voz que escucha<\/em>. Si quieres saber m\u00e1s sobre esta actividad tan especial que venimos organizando desde hace ya varios a\u00f1os, puedes entrar en <span style=\"color: #ff6600;\"><strong><a style=\"color: #ff6600;\" href=\"https:\/\/www.rayuelainfancia.com\/blog\/noches-magicas-rayuela\/\">este enlace<\/a><\/strong><\/span> en el que hablamos un poquito sobre en qu\u00e9 consisten las noches m\u00e1gicas en Rayuela.<\/p>\n<p style=\"text-align: justify;\">Aportaci\u00f3n: 25\u20ac (40 \u20ac para hermanos).<\/p>\n<p style=\"text-align: justify;\"><strong>Reserva ya tu plaza en\u00a0<\/strong><a class=\"moz-txt-link-abbreviated\" href=\"mailto:actividades@rayuelainfancia.com\">actividades@rayuelainfancia.com<\/a>\u00a0aportando el nombre del ni\u00f1o-a, un tel\u00e9fono y una persona de contacto. Tu reserva se confirmar\u00e1 en un plazo m\u00e1ximo de 48 horas tras recibir tu aportaci\u00f3n a trav\u00e9s de transferencia o pago en efectivo en Rayuela.<\/p>\n<p><img loading=\"lazy\" class=\"alignnone size-full wp-image-3267\" src=\"http:\/\/www.rayuelainfancia.com\/blog\/wp-content\/uploads\/2019\/01\/web-a3-noche-magica.jpg\" alt=\"NOCHA MAGICA EN RAYUELA \" width=\"1000\" height=\"1414\" srcset=\"https:\/\/www.rayuelainfancia.com\/blog\/wp-content\/uploads\/2019\/01\/web-a3-noche-magica.jpg 1000w, https:\/\/www.rayuelainfancia.com\/blog\/wp-content\/uploads\/2019\/01\/web-a3-noche-magica-212x300.jpg 212w, https:\/\/www.rayuelainfancia.com\/blog\/wp-content\/uploads\/2019\/01\/web-a3-noche-magica-768x1086.jpg 768w, https:\/\/www.rayuelainfancia.com\/blog\/wp-content\/uploads\/2019\/01\/web-a3-noche-magica-724x1024.jpg 724w\" sizes=\"(max-width: 1000px) 100vw, 1000px\" \/><\/p>\n","protected":false},"excerpt":{"rendered":"<p>El pr\u00f3ximo\u00a0s\u00e1bado 8 de junio, vive en Rayuela la \u00faltima\u00a0NOCHE M\u00c1GICA DEL CURSO<\/p>\n","protected":false},"author":6,"featured_media":3269,"comment_status":"open","ping_status":"open","sticky":false,"template":"","format":"standard","meta":[],"categories":[18],"tags":[],"yoast_head":"<!-- This site is optimized with the Yoast SEO plugin v18.5.1 - https:\/\/yoast.com\/wordpress\/plugins\/seo\/ -->\n<title>\u00daLTIMA NOCHE M\u00c1GICA DEL CURSO [EVENTO] &#8902; Blog de Rayuelainfancia<\/title>\n<meta name=\"robots\" content=\"index, follow, max-snippet:-1, max-image-preview:large, max-video-preview:-1\" \/>\n<link rel=\"canonical\" href=\"http:\/\/www.rayuelainfancia.com\/blog\/ultima-noche-magica-del-curso-evento\/\" \/>\n<meta property=\"og:locale\" content=\"es_ES\" \/>\n<meta property=\"og:type\" content=\"article\" \/>\n<meta property=\"og:title\" content=\"\u00daLTIMA NOCHE M\u00c1GICA DEL CURSO [EVENTO] &#8902; Blog de Rayuelainfancia\" \/>\n<meta property=\"og:description\" content=\"El pr\u00f3ximo\u00a0s\u00e1bado 8 de junio, vive en Rayuela la \u00faltima\u00a0NOCHE M\u00c1GICA DEL CURSO\" \/>\n<meta property=\"og:url\" content=\"http:\/\/www.rayuelainfancia.com\/blog\/ultima-noche-magica-del-curso-evento\/\" \/>\n<meta property=\"og:site_name\" content=\"Blog de Rayuelainfancia\" \/>\n<meta property=\"article:publisher\" content=\"https:\/\/www.facebook.com\/pages\/Librer\u00eda-Rayuela\/251861686361\" \/>\n<meta property=\"article:published_time\" content=\"2019-06-04T09:55:49+00:00\" \/>\n<meta property=\"article:modified_time\" content=\"2019-06-04T09:56:29+00:00\" \/>\n<meta property=\"og:image\" content=\"http:\/\/www.rayuelainfancia.com\/blog\/wp-content\/uploads\/2019\/01\/noche_magica_rayuela_libreria-700x410.jpeg\" \/>\n\t<meta property=\"og:image:width\" content=\"700\" \/>\n\t<meta property=\"og:image:height\" content=\"410\" \/>\n\t<meta property=\"og:image:type\" content=\"image\/jpeg\" \/>\n<meta name=\"twitter:card\" content=\"summary\" \/>\n<meta name=\"twitter:creator\" content=\"@Rayuelainfancia\" \/>\n<meta name=\"twitter:site\" content=\"@Rayuelainfancia\" \/>\n<meta name=\"twitter:label1\" content=\"Written by\" \/>\n\t<meta name=\"twitter:data1\" content=\"Rayuelainfancia\" \/>\n\t<meta name=\"twitter:label2\" content=\"Est. reading time\" \/>\n\t<meta name=\"twitter:data2\" content=\"1 minuto\" \/>\n<script type=\"application\/ld+json\" class=\"yoast-schema-graph\">{\"@context\":\"https:\/\/schema.org\",\"@graph\":[{\"@type\":\"Organization\",\"@id\":\"https:\/\/www.rayuelainfancia.com\/blog\/#organization\",\"name\":\"Rayuelainfancia\",\"url\":\"https:\/\/www.rayuelainfancia.com\/blog\/\",\"sameAs\":[\"https:\/\/www.facebook.com\/pages\/Librer\u00eda-Rayuela\/251861686361\",\"https:\/\/www.youtube.com\/channel\/UCddVaoDjpTp-DexyEVoyazQ\",\"https:\/\/twitter.com\/Rayuelainfancia\"],\"logo\":{\"@type\":\"ImageObject\",\"@id\":\"https:\/\/www.rayuelainfancia.com\/blog\/#logo\",\"inLanguage\":\"es\",\"url\":\"https:\/\/www.rayuelainfancia.com\/blog\/wp-content\/uploads\/2018\/06\/logo-rayuelainfancia-color-corporativo.png\",\"contentUrl\":\"https:\/\/www.rayuelainfancia.com\/blog\/wp-content\/uploads\/2018\/06\/logo-rayuelainfancia-color-corporativo.png\",\"width\":1200,\"height\":680,\"caption\":\"Rayuelainfancia\"},\"image\":{\"@id\":\"https:\/\/www.rayuelainfancia.com\/blog\/#logo\"}},{\"@type\":\"WebSite\",\"@id\":\"https:\/\/www.rayuelainfancia.com\/blog\/#website\",\"url\":\"https:\/\/www.rayuelainfancia.com\/blog\/\",\"name\":\"Blog de Rayuelainfancia\",\"description\":\"Libros infantiles y juegos educaticos respestuosos con la infancia\",\"publisher\":{\"@id\":\"https:\/\/www.rayuelainfancia.com\/blog\/#organization\"},\"potentialAction\":[{\"@type\":\"SearchAction\",\"target\":{\"@type\":\"EntryPoint\",\"urlTemplate\":\"https:\/\/www.rayuelainfancia.com\/blog\/?s={search_term_string}\"},\"query-input\":\"required name=search_term_string\"}],\"inLanguage\":\"es\"},{\"@type\":\"ImageObject\",\"@id\":\"http:\/\/www.rayuelainfancia.com\/blog\/ultima-noche-magica-del-curso-evento\/#primaryimage\",\"inLanguage\":\"es\",\"url\":\"https:\/\/www.rayuelainfancia.com\/blog\/wp-content\/uploads\/2019\/01\/noche_magica_rayuela_libreria-700x410.jpeg\",\"contentUrl\":\"https:\/\/www.rayuelainfancia.com\/blog\/wp-content\/uploads\/2019\/01\/noche_magica_rayuela_libreria-700x410.jpeg\",\"width\":700,\"height\":410,\"caption\":\"NOCHE M\u00c1GICA EN RAYUELA EL FANTASMA DEL TEATRO\"},{\"@type\":\"WebPage\",\"@id\":\"http:\/\/www.rayuelainfancia.com\/blog\/ultima-noche-magica-del-curso-evento\/#webpage\",\"url\":\"http:\/\/www.rayuelainfancia.com\/blog\/ultima-noche-magica-del-curso-evento\/\",\"name\":\"\u00daLTIMA NOCHE M\u00c1GICA DEL CURSO [EVENTO] &#8902; Blog de Rayuelainfancia\",\"isPartOf\":{\"@id\":\"https:\/\/www.rayuelainfancia.com\/blog\/#website\"},\"primaryImageOfPage\":{\"@id\":\"http:\/\/www.rayuelainfancia.com\/blog\/ultima-noche-magica-del-curso-evento\/#primaryimage\"},\"datePublished\":\"2019-06-04T09:55:49+00:00\",\"dateModified\":\"2019-06-04T09:56:29+00:00\",\"breadcrumb\":{\"@id\":\"http:\/\/www.rayuelainfancia.com\/blog\/ultima-noche-magica-del-curso-evento\/#breadcrumb\"},\"inLanguage\":\"es\",\"potentialAction\":[{\"@type\":\"ReadAction\",\"target\":[\"http:\/\/www.rayuelainfancia.com\/blog\/ultima-noche-magica-del-curso-evento\/\"]}]},{\"@type\":\"BreadcrumbList\",\"@id\":\"http:\/\/www.rayuelainfancia.com\/blog\/ultima-noche-magica-del-curso-evento\/#breadcrumb\",\"itemListElement\":[{\"@type\":\"ListItem\",\"position\":1,\"name\":\"Portada\",\"item\":\"https:\/\/www.rayuelainfancia.com\/blog\/\"},{\"@type\":\"ListItem\",\"position\":2,\"name\":\"\u00daLTIMA NOCHE M\u00c1GICA DEL CURSO [EVENTO]\"}]},{\"@type\":\"Article\",\"@id\":\"http:\/\/www.rayuelainfancia.com\/blog\/ultima-noche-magica-del-curso-evento\/#article\",\"isPartOf\":{\"@id\":\"http:\/\/www.rayuelainfancia.com\/blog\/ultima-noche-magica-del-curso-evento\/#webpage\"},\"author\":{\"@id\":\"https:\/\/www.rayuelainfancia.com\/blog\/#\/schema\/person\/c1aff250c5154e35f53f26d0eba10c45\"},\"headline\":\"\u00daLTIMA NOCHE M\u00c1GICA DEL CURSO [EVENTO]\",\"datePublished\":\"2019-06-04T09:55:49+00:00\",\"dateModified\":\"2019-06-04T09:56:29+00:00\",\"mainEntityOfPage\":{\"@id\":\"http:\/\/www.rayuelainfancia.com\/blog\/ultima-noche-magica-del-curso-evento\/#webpage\"},\"wordCount\":188,\"commentCount\":0,\"publisher\":{\"@id\":\"https:\/\/www.rayuelainfancia.com\/blog\/#organization\"},\"image\":{\"@id\":\"http:\/\/www.rayuelainfancia.com\/blog\/ultima-noche-magica-del-curso-evento\/#primaryimage\"},\"thumbnailUrl\":\"https:\/\/www.rayuelainfancia.com\/blog\/wp-content\/uploads\/2019\/01\/noche_magica_rayuela_libreria-700x410.jpeg\",\"articleSection\":[\"Actividades Cuentacuentos\"],\"inLanguage\":\"es\",\"potentialAction\":[{\"@type\":\"CommentAction\",\"name\":\"Comment\",\"target\":[\"http:\/\/www.rayuelainfancia.com\/blog\/ultima-noche-magica-del-curso-evento\/#respond\"]}]},{\"@type\":\"Person\",\"@id\":\"https:\/\/www.rayuelainfancia.com\/blog\/#\/schema\/person\/c1aff250c5154e35f53f26d0eba10c45\",\"name\":\"Rayuelainfancia\",\"image\":{\"@type\":\"ImageObject\",\"@id\":\"https:\/\/www.rayuelainfancia.com\/blog\/#personlogo\",\"inLanguage\":\"es\",\"url\":\"https:\/\/secure.gravatar.com\/avatar\/8bf03e7a4bb13ca5c7d0dc6acde2bfd1?s=96&d=mm&r=g\",\"contentUrl\":\"https:\/\/secure.gravatar.com\/avatar\/8bf03e7a4bb13ca5c7d0dc6acde2bfd1?s=96&d=mm&r=g\",\"caption\":\"Rayuelainfancia\"}}]}<\/script>\n<!-- \/ Yoast SEO plugin. -->","yoast_head_json":{"title":"\u00daLTIMA NOCHE M\u00c1GICA DEL CURSO [EVENTO] &#8902; Blog de Rayuelainfancia","robots":{"index":"index","follow":"follow","max-snippet":"max-snippet:-1","max-image-preview":"max-image-preview:large","max-video-preview":"max-video-preview:-1"},"canonical":"http:\/\/www.rayuelainfancia.com\/blog\/ultima-noche-magica-del-curso-evento\/","og_locale":"es_ES","og_type":"article","og_title":"\u00daLTIMA NOCHE M\u00c1GICA DEL CURSO [EVENTO] &#8902; Blog de Rayuelainfancia","og_description":"El pr\u00f3ximo\u00a0s\u00e1bado 8 de junio, vive en Rayuela la \u00faltima\u00a0NOCHE M\u00c1GICA DEL CURSO","og_url":"http:\/\/www.rayuelainfancia.com\/blog\/ultima-noche-magica-del-curso-evento\/","og_site_name":"Blog de Rayuelainfancia","article_publisher":"https:\/\/www.facebook.com\/pages\/Librer\u00eda-Rayuela\/251861686361","article_published_time":"2019-06-04T09:55:49+00:00","article_modified_time":"2019-06-04T09:56:29+00:00","og_image":[{"width":700,"height":410,"url":"http:\/\/www.rayuelainfancia.com\/blog\/wp-content\/uploads\/2019\/01\/noche_magica_rayuela_libreria-700x410.jpeg","type":"image\/jpeg"}],"twitter_card":"summary","twitter_creator":"@Rayuelainfancia","twitter_site":"@Rayuelainfancia","twitter_misc":{"Written by":"Rayuelainfancia","Est. reading time":"1 minuto"},"schema":{"@context":"https:\/\/schema.org","@graph":[{"@type":"Organization","@id":"https:\/\/www.rayuelainfancia.com\/blog\/#organization","name":"Rayuelainfancia","url":"https:\/\/www.rayuelainfancia.com\/blog\/","sameAs":["https:\/\/www.facebook.com\/pages\/Librer\u00eda-Rayuela\/251861686361","https:\/\/www.youtube.com\/channel\/UCddVaoDjpTp-DexyEVoyazQ","https:\/\/twitter.com\/Rayuelainfancia"],"logo":{"@type":"ImageObject","@id":"https:\/\/www.rayuelainfancia.com\/blog\/#logo","inLanguage":"es","url":"https:\/\/www.rayuelainfancia.com\/blog\/wp-content\/uploads\/2018\/06\/logo-rayuelainfancia-color-corporativo.png","contentUrl":"https:\/\/www.rayuelainfancia.com\/blog\/wp-content\/uploads\/2018\/06\/logo-rayuelainfancia-color-corporativo.png","width":1200,"height":680,"caption":"Rayuelainfancia"},"image":{"@id":"https:\/\/www.rayuelainfancia.com\/blog\/#logo"}},{"@type":"WebSite","@id":"https:\/\/www.rayuelainfancia.com\/blog\/#website","url":"https:\/\/www.rayuelainfancia.com\/blog\/","name":"Blog de Rayuelainfancia","description":"Libros infantiles y juegos educaticos respestuosos con la infancia","publisher":{"@id":"https:\/\/www.rayuelainfancia.com\/blog\/#organization"},"potentialAction":[{"@type":"SearchAction","target":{"@type":"EntryPoint","urlTemplate":"https:\/\/www.rayuelainfancia.com\/blog\/?s={search_term_string}"},"query-input":"required name=search_term_string"}],"inLanguage":"es"},{"@type":"ImageObject","@id":"http:\/\/www.rayuelainfancia.com\/blog\/ultima-noche-magica-del-curso-evento\/#primaryimage","inLanguage":"es","url":"https:\/\/www.rayuelainfancia.com\/blog\/wp-content\/uploads\/2019\/01\/noche_magica_rayuela_libreria-700x410.jpeg","contentUrl":"https:\/\/www.rayuelainfancia.com\/blog\/wp-content\/uploads\/2019\/01\/noche_magica_rayuela_libreria-700x410.jpeg","width":700,"height":410,"caption":"NOCHE M\u00c1GICA EN RAYUELA EL FANTASMA DEL TEATRO"},{"@type":"WebPage","@id":"http:\/\/www.rayuelainfancia.com\/blog\/ultima-noche-magica-del-curso-evento\/#webpage","url":"http:\/\/www.rayuelainfancia.com\/blog\/ultima-noche-magica-del-curso-evento\/","name":"\u00daLTIMA NOCHE M\u00c1GICA DEL CURSO [EVENTO] &#8902; Blog de Rayuelainfancia","isPartOf":{"@id":"https:\/\/www.rayuelainfancia.com\/blog\/#website"},"primaryImageOfPage":{"@id":"http:\/\/www.rayuelainfancia.com\/blog\/ultima-noche-magica-del-curso-evento\/#primaryimage"},"datePublished":"2019-06-04T09:55:49+00:00","dateModified":"2019-06-04T09:56:29+00:00","breadcrumb":{"@id":"http:\/\/www.rayuelainfancia.com\/blog\/ultima-noche-magica-del-curso-evento\/#breadcrumb"},"inLanguage":"es","potentialAction":[{"@type":"ReadAction","target":["http:\/\/www.rayuelainfancia.com\/blog\/ultima-noche-magica-del-curso-evento\/"]}]},{"@type":"BreadcrumbList","@id":"http:\/\/www.rayuelainfancia.com\/blog\/ultima-noche-magica-del-curso-evento\/#breadcrumb","itemListElement":[{"@type":"ListItem","position":1,"name":"Portada","item":"https:\/\/www.rayuelainfancia.com\/blog\/"},{"@type":"ListItem","position":2,"name":"\u00daLTIMA NOCHE M\u00c1GICA DEL CURSO [EVENTO]"}]},{"@type":"Article","@id":"http:\/\/www.rayuelainfancia.com\/blog\/ultima-noche-magica-del-curso-evento\/#article","isPartOf":{"@id":"http:\/\/www.rayuelainfancia.com\/blog\/ultima-noche-magica-del-curso-evento\/#webpage"},"author":{"@id":"https:\/\/www.rayuelainfancia.com\/blog\/#\/schema\/person\/c1aff250c5154e35f53f26d0eba10c45"},"headline":"\u00daLTIMA NOCHE M\u00c1GICA DEL CURSO [EVENTO]","datePublished":"2019-06-04T09:55:49+00:00","dateModified":"2019-06-04T09:56:29+00:00","mainEntityOfPage":{"@id":"http:\/\/www.rayuelainfancia.com\/blog\/ultima-noche-magica-del-curso-evento\/#webpage"},"wordCount":188,"commentCount":0,"publisher":{"@id":"https:\/\/www.rayuelainfancia.com\/blog\/#organization"},"image":{"@id":"http:\/\/www.rayuelainfancia.com\/blog\/ultima-noche-magica-del-curso-evento\/#primaryimage"},"thumbnailUrl":"https:\/\/www.rayuelainfancia.com\/blog\/wp-content\/uploads\/2019\/01\/noche_magica_rayuela_libreria-700x410.jpeg","articleSection":["Actividades Cuentacuentos"],"inLanguage":"es","potentialAction":[{"@type":"CommentAction","name":"Comment","target":["http:\/\/www.rayuelainfancia.com\/blog\/ultima-noche-magica-del-curso-evento\/#respond"]}]},{"@type":"Person","@id":"https:\/\/www.rayuelainfancia.com\/blog\/#\/schema\/person\/c1aff250c5154e35f53f26d0eba10c45","name":"Rayuelainfancia","image":{"@type":"ImageObject","@id":"https:\/\/www.rayuelainfancia.com\/blog\/#personlogo","inLanguage":"es","url":"https:\/\/secure.gravatar.com\/avatar\/8bf03e7a4bb13ca5c7d0dc6acde2bfd1?s=96&d=mm&r=g","contentUrl":"https:\/\/secure.gravatar.com\/avatar\/8bf03e7a4bb13ca5c7d0dc6acde2bfd1?s=96&d=mm&r=g","caption":"Rayuelainfancia"}}]}},"_links":{"self":[{"href":"https:\/\/www.rayuelainfancia.com\/blog\/wp-json\/wp\/v2\/posts\/3615"}],"collection":[{"href":"https:\/\/www.rayuelainfancia.com\/blog\/wp-json\/wp\/v2\/posts"}],"about":[{"href":"https:\/\/www.rayuelainfancia.com\/blog\/wp-json\/wp\/v2\/types\/post"}],"author":[{"embeddable":true,"href":"https:\/\/www.rayuelainfancia.com\/blog\/wp-json\/wp\/v2\/users\/6"}],"replies":[{"embeddable":true,"href":"https:\/\/www.rayuelainfancia.com\/blog\/wp-json\/wp\/v2\/comments?post=3615"}],"version-history":[{"count":1,"href":"https:\/\/www.rayuelainfancia.com\/blog\/wp-json\/wp\/v2\/posts\/3615\/revisions"}],"predecessor-version":[{"id":3616,"href":"https:\/\/www.rayuelainfancia.com\/blog\/wp-json\/wp\/v2\/posts\/3615\/revisions\/3616"}],"wp:featuredmedia":[{"embeddable":true,"href":"https:\/\/www.rayuelainfancia.com\/blog\/wp-json\/wp\/v2\/media\/3269"}],"wp:attachment":[{"href":"https:\/\/www.rayuelainfancia.com\/blog\/wp-json\/wp\/v2\/media?parent=3615"}],"wp:term":[{"taxonomy":"category","embeddable":true,"href":"https:\/\/www.rayuelainfancia.com\/blog\/wp-json\/wp\/v2\/categories?post=3615"},{"taxonomy":"post_tag","embeddable":true,"href":"https:\/\/www.rayuelainfancia.com\/blog\/wp-json\/wp\/v2\/tags?post=3615"}],"curies":[{"name":"wp","href":"https:\/\/api.w.org\/{rel}","templated":true}]}}