 {"id":3601,"date":"2019-05-30T12:05:21","date_gmt":"2019-05-30T10:05:21","guid":{"rendered":"http:\/\/www.rayuelainfancia.com\/blog\/?p=3601"},"modified":"2019-05-30T12:05:21","modified_gmt":"2019-05-30T10:05:21","slug":"actividades-feria-del-libro-de-sevilla-2019-parte-2","status":"publish","type":"post","link":"https:\/\/www.rayuelainfancia.com\/blog\/actividades-feria-del-libro-de-sevilla-2019-parte-2\/","title":{"rendered":"ACTIVIDADES FERIA DEL LIBRO DE SEVILLA 2019 [PARTE 2]"},"content":{"rendered":"<p style=\"text-align: justify;\">Este<strong> segundo y \u00faltimo fin de semana<\/strong> de la <a href=\"https:\/\/ferialibrosevilla.com\/\"><strong>Feria del Libro de Sevilla 2019<\/strong><\/a>, nos encuentras en la <strong>caseta n\u00famero 35<\/strong> junto a Kalandraka. Varias <strong>presentaciones y firmas<\/strong> muy interesantes te esperan.<!--more--><\/p>\n<p style=\"text-align: justify;\">Entre ellas, queremos resaltar la presentaci\u00f3n del libro <em><strong>Prodigio<\/strong><strong>s<\/strong><\/em>, un tesoro de <strong>antolog\u00eda de poemas \u00e1rabes<\/strong>, con <strong>recital po\u00e9tico<\/strong> y <strong>acompa\u00f1amiento musical<\/strong>.<\/p>\n<p style=\"text-align: justify;\">Y por supuesto, esa hermosa <strong>posibilidad de llevarte un libro firmado<\/strong> por su autor o autora que se convierte en una <strong>grata experiencia<\/strong>, la de conocer a sus creadores.<\/p>\n<p style=\"text-align: justify;\">Repasa el programa y ll\u00e9vate tus libros con el <strong>10 % de descuento<\/strong>. Vente a la Feria<strong> \u00a1Te esperamos!<\/strong><\/p>\n<h1>S\u00c1BADO 1 DE JUNIO<\/h1>\n<h3>FIRMA DE LA AUTORA LUISA MAR\u00cdA MART\u00cdN ALONSO<\/h3>\n<p><strong>Hora:<\/strong> 12:00h<\/p>\n<p><strong>Lugar:<\/strong> caseta 35<\/p>\n<p style=\"text-align: justify;\"><strong>Luisa Mar\u00eda<\/strong> nos firmar\u00e1 su libro editado por <strong><a href=\"http:\/\/nubeocho.com\/index.php\/es\/\">Nubeocho<\/a><\/strong> <strong><em>Nanas para dormir a la luna<\/em><\/strong>, un <strong>poemario que incluye un CD<\/strong> con 24 nanas. Un regalo especial que puedes llevarte firmado por su autora.<\/p>\n<p><img loading=\"lazy\" class=\"alignnone size-full wp-image-3602 aligncenter\" src=\"http:\/\/www.rayuelainfancia.com\/blog\/wp-content\/uploads\/2019\/05\/Luisa-Maria-Martin-Alonso_.jpg\" alt=\"\" width=\"667\" height=\"375\" srcset=\"https:\/\/www.rayuelainfancia.com\/blog\/wp-content\/uploads\/2019\/05\/Luisa-Maria-Martin-Alonso_.jpg 667w, https:\/\/www.rayuelainfancia.com\/blog\/wp-content\/uploads\/2019\/05\/Luisa-Maria-Martin-Alonso_-300x169.jpg 300w\" sizes=\"(max-width: 667px) 100vw, 667px\" \/><\/p>\n<h3>FIRMA DE LA AUTORA-ILUSTRADORA NANEN<\/h3>\n<p><strong>Hora:<\/strong> 13:00h<\/p>\n<p><strong>Lugar:<\/strong> caseta 35<\/p>\n<p style=\"text-align: justify;\"><strong>Nanen Garc\u00eda Contreras<\/strong> es, entre otras, ilustradora y profesora de Dibujo en secundaria. Su \u00faltimo trabajo,<a href=\"https:\/\/www.rayuelainfancia.com\/album-ilustrado\/7665-mi-selva.html\"><strong> <em>Mi selva<\/em><\/strong><\/a>, es un <strong>\u00e1lbum editado por <a href=\"https:\/\/www.trestigrestristes.com\/\">Tres Tigres Tristes<\/a><\/strong>, una hermosa apuesta por expresar la <strong>capacidad natural de imaginar<\/strong> que <strong>un ni\u00f1o posee<\/strong> y que le lleva, inexorablemente, a saciar esa <strong>sed infinita de aventura<\/strong>.<\/p>\n<p><img loading=\"lazy\" class=\"size-full wp-image-3603 aligncenter\" src=\"http:\/\/www.rayuelainfancia.com\/blog\/wp-content\/uploads\/2019\/05\/Vilustrado_xoptimizadax.jpg\" alt=\"\" width=\"652\" height=\"389\" srcset=\"https:\/\/www.rayuelainfancia.com\/blog\/wp-content\/uploads\/2019\/05\/Vilustrado_xoptimizadax.jpg 652w, https:\/\/www.rayuelainfancia.com\/blog\/wp-content\/uploads\/2019\/05\/Vilustrado_xoptimizadax-300x179.jpg 300w\" sizes=\"(max-width: 652px) 100vw, 652px\" \/><\/p>\n<h3>PRESENTACI\u00d3N Y FIRMA DE LA NOVELA<em> EL VALLE DE LA DESEADA<\/em><\/h3>\n<p><strong>Hora:<\/strong> 18:00<\/p>\n<p><strong>Lugar:<\/strong> La P\u00e9rgola<\/p>\n<p style=\"text-align: justify;\"><strong><em>El valle de la deseada<\/em><\/strong>, un relato escrito por<a href=\"http:\/\/www.diegomagdalenonarrador.com\/\"><strong> Diego Magdaleno<\/strong><\/a> y editado por <a href=\"http:\/\/palabrasdelcandil.com\/\"><strong>Palabras del Candil<\/strong><\/a>. El autor, que tambi\u00e9n es un <strong>buen narrador de historias<\/strong>, nos contar\u00e1 varios de los cuentos para el p\u00fablico asistente. La trama se desarrolla a <strong>principios del siglo XX<\/strong> en la <strong>sierra de Huelva<\/strong> y en la ciudad de <strong>Sevilla<\/strong>.<\/p>\n<p><img loading=\"lazy\" class=\"alignnone size-full wp-image-3604 aligncenter\" src=\"http:\/\/www.rayuelainfancia.com\/blog\/wp-content\/uploads\/2019\/05\/DiegoMagdaleno.jpg\" alt=\"\" width=\"1936\" height=\"1288\" srcset=\"https:\/\/www.rayuelainfancia.com\/blog\/wp-content\/uploads\/2019\/05\/DiegoMagdaleno.jpg 1936w, https:\/\/www.rayuelainfancia.com\/blog\/wp-content\/uploads\/2019\/05\/DiegoMagdaleno-300x200.jpg 300w, https:\/\/www.rayuelainfancia.com\/blog\/wp-content\/uploads\/2019\/05\/DiegoMagdaleno-768x511.jpg 768w, https:\/\/www.rayuelainfancia.com\/blog\/wp-content\/uploads\/2019\/05\/DiegoMagdaleno-1024x681.jpg 1024w\" sizes=\"(max-width: 1936px) 100vw, 1936px\" \/><\/p>\n<p style=\"text-align: justify;\">Un joven se hace narrador de historias y recorre los pueblos contando cuentos populares. Si bien la novela es para p\u00fablico adulto, los cuentos que en ella se integran son para todos.<\/p>\n<p><strong>El autor firmar\u00e1 la novela en la caseta 35 a las 19:00h.<\/strong><\/p>\n<h3>PRESENTACI\u00d3N ESPECIAL Y SINGULAR DEL LIBRO <em>PRODIGIOS<\/em><\/h3>\n<p><strong>Hora:<\/strong> 19.00h<\/p>\n<p><strong>Lugar:<\/strong> La P\u00e9rgola<\/p>\n<p style=\"text-align: justify;\">Presentaci\u00f3n de <em><strong>Prodigios<\/strong><\/em>, una <strong>antolog\u00eda de poes\u00edas \u00e1rabes<\/strong>, editada por <a href=\"https:\/\/librosdelzorrorojo.com\/\"><strong>Libros del Zorro Rojo<\/strong><\/a>. En esta antolog\u00eda, ilustrada por el c\u00e9lebre artista y cal\u00edgrafo <strong>Rachid Kora\u00efchi<\/strong>, se recogen algunos de los <strong>poemas \u00e1rabes m\u00e1s bellos<\/strong> escritos <strong>desde el siglo VI hasta nuestros d\u00edas<\/strong>.<\/p>\n<p><img loading=\"lazy\" class=\"alignnone size-full wp-image-3606\" src=\"http:\/\/www.rayuelainfancia.com\/blog\/wp-content\/uploads\/2019\/05\/IMG-20190529-WA0014.jpg\" alt=\"\" width=\"1600\" height=\"1200\" srcset=\"https:\/\/www.rayuelainfancia.com\/blog\/wp-content\/uploads\/2019\/05\/IMG-20190529-WA0014.jpg 1600w, https:\/\/www.rayuelainfancia.com\/blog\/wp-content\/uploads\/2019\/05\/IMG-20190529-WA0014-300x225.jpg 300w, https:\/\/www.rayuelainfancia.com\/blog\/wp-content\/uploads\/2019\/05\/IMG-20190529-WA0014-768x576.jpg 768w, https:\/\/www.rayuelainfancia.com\/blog\/wp-content\/uploads\/2019\/05\/IMG-20190529-WA0014-1024x768.jpg 1024w\" sizes=\"(max-width: 1600px) 100vw, 1600px\" \/><\/p>\n<p style=\"text-align: justify;\"><strong>Participan<\/strong> en la charla, <strong>Clara M.\u00aa Thomas de Antonio<\/strong> (doctora en Estudios \u00c1rabes e Isl\u00e1micos) y <strong>Estrella Borrego<\/strong> (editora de Libros del Zorro Rojo). Esta presentaci\u00f3n contar\u00e1 con un <strong>recital de poes\u00eda \u00e1rabe a cargo de Imane El Rhomri El Fatmi, Tony Bejjani Massih y el m\u00fasico Juan Manuel Rubio.<\/strong> Una actividad realizada con la colaboraci\u00f3n de <strong>Rayuela<\/strong> y <strong>Piratas de Alejandr\u00eda<\/strong>.<\/p>\n<p><img loading=\"lazy\" class=\"alignnone size-full wp-image-3607\" src=\"http:\/\/www.rayuelainfancia.com\/blog\/wp-content\/uploads\/2019\/05\/Flyer_ProdigiosSEVILLA-copy.jpeg\" alt=\"\" width=\"1000\" height=\"1124\" srcset=\"https:\/\/www.rayuelainfancia.com\/blog\/wp-content\/uploads\/2019\/05\/Flyer_ProdigiosSEVILLA-copy.jpeg 1000w, https:\/\/www.rayuelainfancia.com\/blog\/wp-content\/uploads\/2019\/05\/Flyer_ProdigiosSEVILLA-copy-267x300.jpeg 267w, https:\/\/www.rayuelainfancia.com\/blog\/wp-content\/uploads\/2019\/05\/Flyer_ProdigiosSEVILLA-copy-768x863.jpeg 768w, https:\/\/www.rayuelainfancia.com\/blog\/wp-content\/uploads\/2019\/05\/Flyer_ProdigiosSEVILLA-copy-911x1024.jpeg 911w\" sizes=\"(max-width: 1000px) 100vw, 1000px\" \/><\/p>\n<h1>DOMINGO 2 DE JUNIO<\/h1>\n<h3>FIRMA DE LA AUTORA-ILUSTRADORA LUZ MARINA BALTASAR<\/h3>\n<p><strong>Hora:<\/strong> 12:00h<\/p>\n<p><strong>Lugar:<\/strong> caseta 35<\/p>\n<p style=\"text-align: justify;\"><strong>Luz Marina<\/strong> firmar\u00e1 su libro <em><a href=\"https:\/\/www.rayuelainfancia.com\/album-ilustrado\/7022-el-secreto-de-simon.html\"><strong>El secreto de Sim\u00f3<\/strong><\/a><a href=\"https:\/\/www.rayuelainfancia.com\/album-ilustrado\/7022-el-secreto-de-simon.html\"><strong>n<\/strong><\/a><\/em>, editado por <a href=\"https:\/\/editorialkokinos.com\/\"><strong>K\u00f3kinos<\/strong><\/a>, del que es autora-ilustradora. Una <strong>hermosa historia<\/strong> que refleja que <strong>ser qui\u00e9nes somos<\/strong> y encontrarnos a gusto con ello es un proceso que dura toda la vida.<\/p>\n<p><img loading=\"lazy\" class=\"size-full wp-image-3610\" src=\"http:\/\/www.rayuelainfancia.com\/blog\/wp-content\/uploads\/2019\/05\/simon-luz-gracias.jpg\" alt=\"\" width=\"1200\" height=\"630\" srcset=\"https:\/\/www.rayuelainfancia.com\/blog\/wp-content\/uploads\/2019\/05\/simon-luz-gracias.jpg 1200w, https:\/\/www.rayuelainfancia.com\/blog\/wp-content\/uploads\/2019\/05\/simon-luz-gracias-300x158.jpg 300w, https:\/\/www.rayuelainfancia.com\/blog\/wp-content\/uploads\/2019\/05\/simon-luz-gracias-768x403.jpg 768w, https:\/\/www.rayuelainfancia.com\/blog\/wp-content\/uploads\/2019\/05\/simon-luz-gracias-1024x538.jpg 1024w\" sizes=\"(max-width: 1200px) 100vw, 1200px\" \/><\/p>\n<h3>FIRMA DE SANTIAGO GARC\u00cdA CLAIRAC<\/h3>\n<p><strong>Hora:<\/strong> 13:00h<\/p>\n<p><strong>Lugar:<\/strong> caseta 35<\/p>\n<p style=\"text-align: justify;\">Escritor de relato y <strong>novela infantil y mucha juvenil<\/strong>, <strong>Santiago Garc\u00eda Clairac<\/strong> firmar\u00e1 <em><strong>Ojos de Drag\u00f3n<\/strong><\/em>, editado por <a href=\"http:\/\/www.narvaleditores.com\/\"><strong>Narval<\/strong><\/a>. Una novela juvenil, <strong>primer libro de una trilog\u00eda aventurera<\/strong> y llena de fantas\u00eda,<strong> que pone en valor la diferencia<\/strong>, creando un personaje protagonista especial, singular y \u00fanico, rechazado por muchos solo por su apariencia.<\/p>\n<p><img loading=\"lazy\" class=\"alignnone size-full wp-image-3611\" src=\"http:\/\/www.rayuelainfancia.com\/blog\/wp-content\/uploads\/2019\/05\/IMG_2548.jpg\" alt=\"\" width=\"1600\" height=\"1067\" srcset=\"https:\/\/www.rayuelainfancia.com\/blog\/wp-content\/uploads\/2019\/05\/IMG_2548.jpg 1600w, https:\/\/www.rayuelainfancia.com\/blog\/wp-content\/uploads\/2019\/05\/IMG_2548-300x200.jpg 300w, https:\/\/www.rayuelainfancia.com\/blog\/wp-content\/uploads\/2019\/05\/IMG_2548-768x512.jpg 768w, https:\/\/www.rayuelainfancia.com\/blog\/wp-content\/uploads\/2019\/05\/IMG_2548-1024x683.jpg 1024w\" sizes=\"(max-width: 1600px) 100vw, 1600px\" \/><\/p>\n<p style=\"text-align: justify;\">Santiago recibi\u00f3 el <strong>Premio Cervantes Chico de Literatura Infantil en 2004<\/strong>.<\/p>\n<p style=\"text-align: justify;\">Hasta aqu\u00ed <strong>nuestras propuestas<\/strong> para este <strong>segundo fin de semana<\/strong> de la <strong>Feria del Libro de Sevilla<\/strong>. Os esperamos para <strong>compartir con vosotros<\/strong> en estos d\u00edas de libros y lecturas para todos <strong>\u00a1No faltes!<\/strong><\/p>\n","protected":false},"excerpt":{"rendered":"<p>Este segundo y \u00faltimo fin de semana de la Feria del Libro de Sevilla 2019, nos encuentras en la caseta n\u00famero 35 junto a Kalandraka. Varias presentaciones y firmas muy interesantes te esperan.<\/p>\n","protected":false},"author":6,"featured_media":3613,"comment_status":"open","ping_status":"open","sticky":false,"template":"","format":"standard","meta":[],"categories":[18],"tags":[],"yoast_head":"<!-- This site is optimized with the Yoast SEO plugin v18.5.1 - https:\/\/yoast.com\/wordpress\/plugins\/seo\/ -->\n<title>ACTIVIDADES FERIA DEL LIBRO DE SEVILLA 2019 [PARTE 2] &#8902; Blog de Rayuelainfancia<\/title>\n<meta name=\"description\" content=\"Este segundo y \u00faltimo fin de semana de la Feria del Libro de Sevilla 2019, nos encuentras en la caseta n\u00famero 35. Muchas actividades y firmas te esperan.\" \/>\n<meta name=\"robots\" content=\"index, follow, max-snippet:-1, max-image-preview:large, max-video-preview:-1\" \/>\n<link rel=\"canonical\" href=\"https:\/\/www.rayuelainfancia.com\/blog\/actividades-feria-del-libro-de-sevilla-2019-parte-2\/\" \/>\n<meta property=\"og:locale\" content=\"es_ES\" \/>\n<meta property=\"og:type\" content=\"article\" \/>\n<meta property=\"og:title\" content=\"ACTIVIDADES FERIA DEL LIBRO DE SEVILLA 2019 [PARTE 2] &#8902; Blog de Rayuelainfancia\" \/>\n<meta property=\"og:description\" content=\"Este segundo y \u00faltimo fin de semana de la Feria del Libro de Sevilla 2019, nos encuentras en la caseta n\u00famero 35. Muchas actividades y firmas te esperan.\" \/>\n<meta property=\"og:url\" content=\"https:\/\/www.rayuelainfancia.com\/blog\/actividades-feria-del-libro-de-sevilla-2019-parte-2\/\" \/>\n<meta property=\"og:site_name\" content=\"Blog de Rayuelainfancia\" \/>\n<meta property=\"article:publisher\" content=\"https:\/\/www.facebook.com\/pages\/Librer\u00eda-Rayuela\/251861686361\" \/>\n<meta property=\"article:published_time\" content=\"2019-05-30T10:05:21+00:00\" \/>\n<meta property=\"og:image\" content=\"https:\/\/www.rayuelainfancia.com\/blog\/wp-content\/uploads\/2019\/05\/actividades-y-firmas-segunda-parte.jpg\" \/>\n\t<meta property=\"og:image:width\" content=\"750\" \/>\n\t<meta property=\"og:image:height\" content=\"410\" \/>\n\t<meta property=\"og:image:type\" content=\"image\/jpeg\" \/>\n<meta name=\"twitter:card\" content=\"summary\" \/>\n<meta name=\"twitter:creator\" content=\"@Rayuelainfancia\" \/>\n<meta name=\"twitter:site\" content=\"@Rayuelainfancia\" \/>\n<meta name=\"twitter:label1\" content=\"Written by\" \/>\n\t<meta name=\"twitter:data1\" content=\"Rayuelainfancia\" \/>\n\t<meta name=\"twitter:label2\" content=\"Est. reading time\" \/>\n\t<meta name=\"twitter:data2\" content=\"3 minutos\" \/>\n<script type=\"application\/ld+json\" class=\"yoast-schema-graph\">{\"@context\":\"https:\/\/schema.org\",\"@graph\":[{\"@type\":\"Organization\",\"@id\":\"https:\/\/www.rayuelainfancia.com\/blog\/#organization\",\"name\":\"Rayuelainfancia\",\"url\":\"https:\/\/www.rayuelainfancia.com\/blog\/\",\"sameAs\":[\"https:\/\/www.facebook.com\/pages\/Librer\u00eda-Rayuela\/251861686361\",\"https:\/\/www.youtube.com\/channel\/UCddVaoDjpTp-DexyEVoyazQ\",\"https:\/\/twitter.com\/Rayuelainfancia\"],\"logo\":{\"@type\":\"ImageObject\",\"@id\":\"https:\/\/www.rayuelainfancia.com\/blog\/#logo\",\"inLanguage\":\"es\",\"url\":\"https:\/\/www.rayuelainfancia.com\/blog\/wp-content\/uploads\/2018\/06\/logo-rayuelainfancia-color-corporativo.png\",\"contentUrl\":\"https:\/\/www.rayuelainfancia.com\/blog\/wp-content\/uploads\/2018\/06\/logo-rayuelainfancia-color-corporativo.png\",\"width\":1200,\"height\":680,\"caption\":\"Rayuelainfancia\"},\"image\":{\"@id\":\"https:\/\/www.rayuelainfancia.com\/blog\/#logo\"}},{\"@type\":\"WebSite\",\"@id\":\"https:\/\/www.rayuelainfancia.com\/blog\/#website\",\"url\":\"https:\/\/www.rayuelainfancia.com\/blog\/\",\"name\":\"Blog de Rayuelainfancia\",\"description\":\"Libros infantiles y juegos educaticos respestuosos con la infancia\",\"publisher\":{\"@id\":\"https:\/\/www.rayuelainfancia.com\/blog\/#organization\"},\"potentialAction\":[{\"@type\":\"SearchAction\",\"target\":{\"@type\":\"EntryPoint\",\"urlTemplate\":\"https:\/\/www.rayuelainfancia.com\/blog\/?s={search_term_string}\"},\"query-input\":\"required name=search_term_string\"}],\"inLanguage\":\"es\"},{\"@type\":\"ImageObject\",\"@id\":\"https:\/\/www.rayuelainfancia.com\/blog\/actividades-feria-del-libro-de-sevilla-2019-parte-2\/#primaryimage\",\"inLanguage\":\"es\",\"url\":\"https:\/\/www.rayuelainfancia.com\/blog\/wp-content\/uploads\/2019\/05\/actividades-y-firmas-segunda-parte.jpg\",\"contentUrl\":\"https:\/\/www.rayuelainfancia.com\/blog\/wp-content\/uploads\/2019\/05\/actividades-y-firmas-segunda-parte.jpg\",\"width\":750,\"height\":410},{\"@type\":\"WebPage\",\"@id\":\"https:\/\/www.rayuelainfancia.com\/blog\/actividades-feria-del-libro-de-sevilla-2019-parte-2\/#webpage\",\"url\":\"https:\/\/www.rayuelainfancia.com\/blog\/actividades-feria-del-libro-de-sevilla-2019-parte-2\/\",\"name\":\"ACTIVIDADES FERIA DEL LIBRO DE SEVILLA 2019 [PARTE 2] &#8902; Blog de Rayuelainfancia\",\"isPartOf\":{\"@id\":\"https:\/\/www.rayuelainfancia.com\/blog\/#website\"},\"primaryImageOfPage\":{\"@id\":\"https:\/\/www.rayuelainfancia.com\/blog\/actividades-feria-del-libro-de-sevilla-2019-parte-2\/#primaryimage\"},\"datePublished\":\"2019-05-30T10:05:21+00:00\",\"dateModified\":\"2019-05-30T10:05:21+00:00\",\"description\":\"Este segundo y \u00faltimo fin de semana de la Feria del Libro de Sevilla 2019, nos encuentras en la caseta n\u00famero 35. Muchas actividades y firmas te esperan.\",\"breadcrumb\":{\"@id\":\"https:\/\/www.rayuelainfancia.com\/blog\/actividades-feria-del-libro-de-sevilla-2019-parte-2\/#breadcrumb\"},\"inLanguage\":\"es\",\"potentialAction\":[{\"@type\":\"ReadAction\",\"target\":[\"https:\/\/www.rayuelainfancia.com\/blog\/actividades-feria-del-libro-de-sevilla-2019-parte-2\/\"]}]},{\"@type\":\"BreadcrumbList\",\"@id\":\"https:\/\/www.rayuelainfancia.com\/blog\/actividades-feria-del-libro-de-sevilla-2019-parte-2\/#breadcrumb\",\"itemListElement\":[{\"@type\":\"ListItem\",\"position\":1,\"name\":\"Portada\",\"item\":\"https:\/\/www.rayuelainfancia.com\/blog\/\"},{\"@type\":\"ListItem\",\"position\":2,\"name\":\"ACTIVIDADES FERIA DEL LIBRO DE SEVILLA 2019 [PARTE 2]\"}]},{\"@type\":\"Article\",\"@id\":\"https:\/\/www.rayuelainfancia.com\/blog\/actividades-feria-del-libro-de-sevilla-2019-parte-2\/#article\",\"isPartOf\":{\"@id\":\"https:\/\/www.rayuelainfancia.com\/blog\/actividades-feria-del-libro-de-sevilla-2019-parte-2\/#webpage\"},\"author\":{\"@id\":\"https:\/\/www.rayuelainfancia.com\/blog\/#\/schema\/person\/c1aff250c5154e35f53f26d0eba10c45\"},\"headline\":\"ACTIVIDADES FERIA DEL LIBRO DE SEVILLA 2019 [PARTE 2]\",\"datePublished\":\"2019-05-30T10:05:21+00:00\",\"dateModified\":\"2019-05-30T10:05:21+00:00\",\"mainEntityOfPage\":{\"@id\":\"https:\/\/www.rayuelainfancia.com\/blog\/actividades-feria-del-libro-de-sevilla-2019-parte-2\/#webpage\"},\"wordCount\":649,\"commentCount\":0,\"publisher\":{\"@id\":\"https:\/\/www.rayuelainfancia.com\/blog\/#organization\"},\"image\":{\"@id\":\"https:\/\/www.rayuelainfancia.com\/blog\/actividades-feria-del-libro-de-sevilla-2019-parte-2\/#primaryimage\"},\"thumbnailUrl\":\"https:\/\/www.rayuelainfancia.com\/blog\/wp-content\/uploads\/2019\/05\/actividades-y-firmas-segunda-parte.jpg\",\"articleSection\":[\"Actividades Cuentacuentos\"],\"inLanguage\":\"es\",\"potentialAction\":[{\"@type\":\"CommentAction\",\"name\":\"Comment\",\"target\":[\"https:\/\/www.rayuelainfancia.com\/blog\/actividades-feria-del-libro-de-sevilla-2019-parte-2\/#respond\"]}]},{\"@type\":\"Person\",\"@id\":\"https:\/\/www.rayuelainfancia.com\/blog\/#\/schema\/person\/c1aff250c5154e35f53f26d0eba10c45\",\"name\":\"Rayuelainfancia\",\"image\":{\"@type\":\"ImageObject\",\"@id\":\"https:\/\/www.rayuelainfancia.com\/blog\/#personlogo\",\"inLanguage\":\"es\",\"url\":\"https:\/\/secure.gravatar.com\/avatar\/8bf03e7a4bb13ca5c7d0dc6acde2bfd1?s=96&d=mm&r=g\",\"contentUrl\":\"https:\/\/secure.gravatar.com\/avatar\/8bf03e7a4bb13ca5c7d0dc6acde2bfd1?s=96&d=mm&r=g\",\"caption\":\"Rayuelainfancia\"}}]}<\/script>\n<!-- \/ Yoast SEO plugin. -->","yoast_head_json":{"title":"ACTIVIDADES FERIA DEL LIBRO DE SEVILLA 2019 [PARTE 2] &#8902; Blog de Rayuelainfancia","description":"Este segundo y \u00faltimo fin de semana de la Feria del Libro de Sevilla 2019, nos encuentras en la caseta n\u00famero 35. Muchas actividades y firmas te esperan.","robots":{"index":"index","follow":"follow","max-snippet":"max-snippet:-1","max-image-preview":"max-image-preview:large","max-video-preview":"max-video-preview:-1"},"canonical":"https:\/\/www.rayuelainfancia.com\/blog\/actividades-feria-del-libro-de-sevilla-2019-parte-2\/","og_locale":"es_ES","og_type":"article","og_title":"ACTIVIDADES FERIA DEL LIBRO DE SEVILLA 2019 [PARTE 2] &#8902; Blog de Rayuelainfancia","og_description":"Este segundo y \u00faltimo fin de semana de la Feria del Libro de Sevilla 2019, nos encuentras en la caseta n\u00famero 35. Muchas actividades y firmas te esperan.","og_url":"https:\/\/www.rayuelainfancia.com\/blog\/actividades-feria-del-libro-de-sevilla-2019-parte-2\/","og_site_name":"Blog de Rayuelainfancia","article_publisher":"https:\/\/www.facebook.com\/pages\/Librer\u00eda-Rayuela\/251861686361","article_published_time":"2019-05-30T10:05:21+00:00","og_image":[{"width":750,"height":410,"url":"https:\/\/www.rayuelainfancia.com\/blog\/wp-content\/uploads\/2019\/05\/actividades-y-firmas-segunda-parte.jpg","type":"image\/jpeg"}],"twitter_card":"summary","twitter_creator":"@Rayuelainfancia","twitter_site":"@Rayuelainfancia","twitter_misc":{"Written by":"Rayuelainfancia","Est. reading time":"3 minutos"},"schema":{"@context":"https:\/\/schema.org","@graph":[{"@type":"Organization","@id":"https:\/\/www.rayuelainfancia.com\/blog\/#organization","name":"Rayuelainfancia","url":"https:\/\/www.rayuelainfancia.com\/blog\/","sameAs":["https:\/\/www.facebook.com\/pages\/Librer\u00eda-Rayuela\/251861686361","https:\/\/www.youtube.com\/channel\/UCddVaoDjpTp-DexyEVoyazQ","https:\/\/twitter.com\/Rayuelainfancia"],"logo":{"@type":"ImageObject","@id":"https:\/\/www.rayuelainfancia.com\/blog\/#logo","inLanguage":"es","url":"https:\/\/www.rayuelainfancia.com\/blog\/wp-content\/uploads\/2018\/06\/logo-rayuelainfancia-color-corporativo.png","contentUrl":"https:\/\/www.rayuelainfancia.com\/blog\/wp-content\/uploads\/2018\/06\/logo-rayuelainfancia-color-corporativo.png","width":1200,"height":680,"caption":"Rayuelainfancia"},"image":{"@id":"https:\/\/www.rayuelainfancia.com\/blog\/#logo"}},{"@type":"WebSite","@id":"https:\/\/www.rayuelainfancia.com\/blog\/#website","url":"https:\/\/www.rayuelainfancia.com\/blog\/","name":"Blog de Rayuelainfancia","description":"Libros infantiles y juegos educaticos respestuosos con la infancia","publisher":{"@id":"https:\/\/www.rayuelainfancia.com\/blog\/#organization"},"potentialAction":[{"@type":"SearchAction","target":{"@type":"EntryPoint","urlTemplate":"https:\/\/www.rayuelainfancia.com\/blog\/?s={search_term_string}"},"query-input":"required name=search_term_string"}],"inLanguage":"es"},{"@type":"ImageObject","@id":"https:\/\/www.rayuelainfancia.com\/blog\/actividades-feria-del-libro-de-sevilla-2019-parte-2\/#primaryimage","inLanguage":"es","url":"https:\/\/www.rayuelainfancia.com\/blog\/wp-content\/uploads\/2019\/05\/actividades-y-firmas-segunda-parte.jpg","contentUrl":"https:\/\/www.rayuelainfancia.com\/blog\/wp-content\/uploads\/2019\/05\/actividades-y-firmas-segunda-parte.jpg","width":750,"height":410},{"@type":"WebPage","@id":"https:\/\/www.rayuelainfancia.com\/blog\/actividades-feria-del-libro-de-sevilla-2019-parte-2\/#webpage","url":"https:\/\/www.rayuelainfancia.com\/blog\/actividades-feria-del-libro-de-sevilla-2019-parte-2\/","name":"ACTIVIDADES FERIA DEL LIBRO DE SEVILLA 2019 [PARTE 2] &#8902; Blog de Rayuelainfancia","isPartOf":{"@id":"https:\/\/www.rayuelainfancia.com\/blog\/#website"},"primaryImageOfPage":{"@id":"https:\/\/www.rayuelainfancia.com\/blog\/actividades-feria-del-libro-de-sevilla-2019-parte-2\/#primaryimage"},"datePublished":"2019-05-30T10:05:21+00:00","dateModified":"2019-05-30T10:05:21+00:00","description":"Este segundo y \u00faltimo fin de semana de la Feria del Libro de Sevilla 2019, nos encuentras en la caseta n\u00famero 35. Muchas actividades y firmas te esperan.","breadcrumb":{"@id":"https:\/\/www.rayuelainfancia.com\/blog\/actividades-feria-del-libro-de-sevilla-2019-parte-2\/#breadcrumb"},"inLanguage":"es","potentialAction":[{"@type":"ReadAction","target":["https:\/\/www.rayuelainfancia.com\/blog\/actividades-feria-del-libro-de-sevilla-2019-parte-2\/"]}]},{"@type":"BreadcrumbList","@id":"https:\/\/www.rayuelainfancia.com\/blog\/actividades-feria-del-libro-de-sevilla-2019-parte-2\/#breadcrumb","itemListElement":[{"@type":"ListItem","position":1,"name":"Portada","item":"https:\/\/www.rayuelainfancia.com\/blog\/"},{"@type":"ListItem","position":2,"name":"ACTIVIDADES FERIA DEL LIBRO DE SEVILLA 2019 [PARTE 2]"}]},{"@type":"Article","@id":"https:\/\/www.rayuelainfancia.com\/blog\/actividades-feria-del-libro-de-sevilla-2019-parte-2\/#article","isPartOf":{"@id":"https:\/\/www.rayuelainfancia.com\/blog\/actividades-feria-del-libro-de-sevilla-2019-parte-2\/#webpage"},"author":{"@id":"https:\/\/www.rayuelainfancia.com\/blog\/#\/schema\/person\/c1aff250c5154e35f53f26d0eba10c45"},"headline":"ACTIVIDADES FERIA DEL LIBRO DE SEVILLA 2019 [PARTE 2]","datePublished":"2019-05-30T10:05:21+00:00","dateModified":"2019-05-30T10:05:21+00:00","mainEntityOfPage":{"@id":"https:\/\/www.rayuelainfancia.com\/blog\/actividades-feria-del-libro-de-sevilla-2019-parte-2\/#webpage"},"wordCount":649,"commentCount":0,"publisher":{"@id":"https:\/\/www.rayuelainfancia.com\/blog\/#organization"},"image":{"@id":"https:\/\/www.rayuelainfancia.com\/blog\/actividades-feria-del-libro-de-sevilla-2019-parte-2\/#primaryimage"},"thumbnailUrl":"https:\/\/www.rayuelainfancia.com\/blog\/wp-content\/uploads\/2019\/05\/actividades-y-firmas-segunda-parte.jpg","articleSection":["Actividades Cuentacuentos"],"inLanguage":"es","potentialAction":[{"@type":"CommentAction","name":"Comment","target":["https:\/\/www.rayuelainfancia.com\/blog\/actividades-feria-del-libro-de-sevilla-2019-parte-2\/#respond"]}]},{"@type":"Person","@id":"https:\/\/www.rayuelainfancia.com\/blog\/#\/schema\/person\/c1aff250c5154e35f53f26d0eba10c45","name":"Rayuelainfancia","image":{"@type":"ImageObject","@id":"https:\/\/www.rayuelainfancia.com\/blog\/#personlogo","inLanguage":"es","url":"https:\/\/secure.gravatar.com\/avatar\/8bf03e7a4bb13ca5c7d0dc6acde2bfd1?s=96&d=mm&r=g","contentUrl":"https:\/\/secure.gravatar.com\/avatar\/8bf03e7a4bb13ca5c7d0dc6acde2bfd1?s=96&d=mm&r=g","caption":"Rayuelainfancia"}}]}},"_links":{"self":[{"href":"https:\/\/www.rayuelainfancia.com\/blog\/wp-json\/wp\/v2\/posts\/3601"}],"collection":[{"href":"https:\/\/www.rayuelainfancia.com\/blog\/wp-json\/wp\/v2\/posts"}],"about":[{"href":"https:\/\/www.rayuelainfancia.com\/blog\/wp-json\/wp\/v2\/types\/post"}],"author":[{"embeddable":true,"href":"https:\/\/www.rayuelainfancia.com\/blog\/wp-json\/wp\/v2\/users\/6"}],"replies":[{"embeddable":true,"href":"https:\/\/www.rayuelainfancia.com\/blog\/wp-json\/wp\/v2\/comments?post=3601"}],"version-history":[{"count":4,"href":"https:\/\/www.rayuelainfancia.com\/blog\/wp-json\/wp\/v2\/posts\/3601\/revisions"}],"predecessor-version":[{"id":3614,"href":"https:\/\/www.rayuelainfancia.com\/blog\/wp-json\/wp\/v2\/posts\/3601\/revisions\/3614"}],"wp:featuredmedia":[{"embeddable":true,"href":"https:\/\/www.rayuelainfancia.com\/blog\/wp-json\/wp\/v2\/media\/3613"}],"wp:attachment":[{"href":"https:\/\/www.rayuelainfancia.com\/blog\/wp-json\/wp\/v2\/media?parent=3601"}],"wp:term":[{"taxonomy":"category","embeddable":true,"href":"https:\/\/www.rayuelainfancia.com\/blog\/wp-json\/wp\/v2\/categories?post=3601"},{"taxonomy":"post_tag","embeddable":true,"href":"https:\/\/www.rayuelainfancia.com\/blog\/wp-json\/wp\/v2\/tags?post=3601"}],"curies":[{"name":"wp","href":"https:\/\/api.w.org\/{rel}","templated":true}]}}