 {"id":3563,"date":"2019-05-20T16:18:06","date_gmt":"2019-05-20T14:18:06","guid":{"rendered":"http:\/\/www.rayuelainfancia.com\/blog\/?p=3563"},"modified":"2019-05-20T16:18:06","modified_gmt":"2019-05-20T14:18:06","slug":"actividades-feria-del-libro-de-sevilla-2019-parte-1","status":"publish","type":"post","link":"https:\/\/www.rayuelainfancia.com\/blog\/actividades-feria-del-libro-de-sevilla-2019-parte-1\/","title":{"rendered":"ACTIVIDADES FERIA DEL LIBRO DE SEVILLA 2019 [PARTE 1]"},"content":{"rendered":"<p style=\"text-align: justify;\">Un <strong>primer fin de semana<\/strong> de <span style=\"color: #ff6600;\"><a style=\"color: #ff6600;\" href=\"http:\/\/ferialibrosevilla.com\/\"><strong>Feria del Libro de Sevilla 2019<\/strong><\/a><\/span> repleto de <strong>actividades<\/strong> en torno a <strong>los libros y la lectura<\/strong>. Una <strong>oportunidad<\/strong> para <strong>conocer a los autores<\/strong> creadores de \u00e1lbumes ilustrados y lecturas interesantes que <strong>compartir con nuestras ni\u00f1as y ni\u00f1os<\/strong>.<\/p>\n<p style=\"text-align: justify;\"><!--more--><br \/>\nY ya sabes, puedes <strong>llevarte un libro firmad<\/strong><strong>o<\/strong>, un peque\u00f1o tesoro, que adem\u00e1s de un hermoso recuerdo, se convierte en una grata experiencia, la de <strong>conocer a sus creadores<\/strong>.<\/p>\n<p style=\"text-align: justify;\">Repasa el programa y ll\u00e9vate tus libros con el <strong>10 % de descuento<\/strong>. Vente a la Feria del Libro. Te esperamos en la <strong>caseta n\u00famero 35<\/strong>, de <strong>Rayuela y Kalandraka<\/strong>, un espacio para so\u00f1ar, con todas estas <strong>propuestas<\/strong>&#8230; \u00a1Apunta!<\/p>\n<h2><strong><span style=\"color: #ff6600;\">VIERNES 24 DE MAYO<\/span><\/strong><\/h2>\n<h3><span style=\"color: #008000;\">FIRMA DEL AUTOR PABLO ARANDA<\/span><\/h3>\n<p><strong>Hora:<\/strong> 13:00h<\/p>\n<p><strong>Lugar:<\/strong> caseta 35<\/p>\n<p style=\"text-align: justify;\"><strong>Pablo Aranda<\/strong> firmar\u00e1 su libro Premio Ciudad de M\u00e1laga, titulado <span style=\"color: #ff6600;\"><a style=\"color: #ff6600;\" href=\"https:\/\/www.rayuelainfancia.com\/lecturas\/6916-fede-quiere-ser-pirata.html\"><em>Fede quiere ser pirata<\/em><\/a><\/span>, un <strong>relato<\/strong> con mucho <strong>humor<\/strong> y mucha <strong>alma de ni\u00f1o<\/strong>.<\/p>\n<p><img loading=\"lazy\" class=\"alignnone size-full wp-image-3564\" src=\"http:\/\/www.rayuelainfancia.com\/blog\/wp-content\/uploads\/2019\/05\/pablo-aranda-y-el-viaje-por-los-generos-literarios.jpg\" alt=\"ACTIVIDADES RAYUELA FERIA DEL LIBRO 2019\" width=\"1920\" height=\"1080\" srcset=\"https:\/\/www.rayuelainfancia.com\/blog\/wp-content\/uploads\/2019\/05\/pablo-aranda-y-el-viaje-por-los-generos-literarios.jpg 1920w, https:\/\/www.rayuelainfancia.com\/blog\/wp-content\/uploads\/2019\/05\/pablo-aranda-y-el-viaje-por-los-generos-literarios-300x169.jpg 300w, https:\/\/www.rayuelainfancia.com\/blog\/wp-content\/uploads\/2019\/05\/pablo-aranda-y-el-viaje-por-los-generos-literarios-768x432.jpg 768w, https:\/\/www.rayuelainfancia.com\/blog\/wp-content\/uploads\/2019\/05\/pablo-aranda-y-el-viaje-por-los-generos-literarios-1024x576.jpg 1024w\" sizes=\"(max-width: 1920px) 100vw, 1920px\" \/><\/p>\n<p style=\"text-align: justify;\">Un <strong>Fede<\/strong> que <strong>sue\u00f1a con ser pirata<\/strong>, aunque su madre piensa que m\u00e1s que <strong>un pirata es un ni\u00f1o \u201cimposible\u201d<\/strong>. Fede tambi\u00e9n piensa que los piratas son incompletos, no imposibles, y que por eso <strong>a todos les falta algo<\/strong>: un brazo, una pierna, un ojo.<\/p>\n<h3><span style=\"color: #008000;\">FIRMA DE LA AUTORA-ILUSTRADORA NEUS CAAMA\u00d1O<\/span><\/h3>\n<p><strong>Hora:<\/strong> 20:00h.<\/p>\n<p><strong>Lugar:<\/strong> caseta 35<\/p>\n<p style=\"text-align: justify;\"><strong>Neus Caama\u00f1o<\/strong> firmar\u00e1 sus libros <em>Tao<\/em>, <em><span style=\"color: #ff6600;\"><a style=\"color: #ff6600;\" href=\"https:\/\/www.rayuelainfancia.com\/album-ilustrado\/7538-por-una-manzana.html\">Por una Manzana<\/a><\/span> (<\/em>Premio Fundaci\u00f3n Cuatrogatos) y su \u00faltima obra <span style=\"color: #ff6600;\"><a style=\"color: #ff6600;\" href=\"https:\/\/www.rayuelainfancia.com\/musica\/7644-black-tan.html\"><em>Black &amp; Tan<\/em><\/a><\/span>. Podr\u00e1s <strong>llevarte firmados tus libros<\/strong> por esta fant\u00e1stica ilustradora, editados por <span style=\"color: #008000;\"><a style=\"color: #008000;\" href=\"http:\/\/www.fragmenta.cat\/es\/fragmentos\/peque%C3%B1o-fragmenta_429242\">Peque\u00f1o\u00a0Fragmenta<\/a><\/span>\u00a0,\u00a0<a href=\"https:\/\/www.trestigrestristes.com\/\"><span style=\"color: #008000;\">Tres Tigres Tristes<\/span><\/a><span style=\"color: #008000;\">\u00a0<\/span><span style=\"color: #008000;\"><span style=\"color: #000000;\">y <\/span><a style=\"color: #008000;\" href=\"https:\/\/avenauta.com\/\">Avenauta<\/a>.\u00a0<\/span><\/p>\n<p><img loading=\"lazy\" class=\"alignnone size-full wp-image-3566 aligncenter\" src=\"http:\/\/www.rayuelainfancia.com\/blog\/wp-content\/uploads\/2019\/05\/about.jpg\" alt=\"ACTIVIDADES RAYUELA FERIA DEL LIBRO DE SEVILLA 2019\" width=\"770\" height=\"513\" srcset=\"https:\/\/www.rayuelainfancia.com\/blog\/wp-content\/uploads\/2019\/05\/about.jpg 770w, https:\/\/www.rayuelainfancia.com\/blog\/wp-content\/uploads\/2019\/05\/about-300x200.jpg 300w, https:\/\/www.rayuelainfancia.com\/blog\/wp-content\/uploads\/2019\/05\/about-768x512.jpg 768w\" sizes=\"(max-width: 770px) 100vw, 770px\" \/><\/p>\n<p>&nbsp;<\/p>\n<h2><strong><span style=\"color: #ff6600;\">S\u00c1BADO 25 DE MAYO<\/span><\/strong><\/h2>\n<h3><span style=\"color: #008000;\">PRESENTACI\u00d3N DEL<\/span><span style=\"color: #008000;\"> P<\/span><span style=\"color: #008000;\">OEMARIO\u00a0<\/span><span style=\"color: #008000;\">TARDE EN EL ACUARIO<\/span><\/h3>\n<p><strong>Hora:<\/strong> 11:30h.<\/p>\n<p><strong>Lugar:<\/strong> La p\u00e9rgola de la Feria del Libro<\/p>\n<p style=\"text-align: justify;\"><strong><em>Tarde en el Acuario <\/em><\/strong>es un <strong>poemario<\/strong>\u00a0escrito por <span style=\"color: #008000;\"><a style=\"color: #008000;\" href=\"http:\/\/nonogranero.blogspot.com\/\">Nono Granero<\/a><\/span>\u00a0, ilustrado por Carmen F. Agudo y editado por <span style=\"color: #008000;\"><a style=\"color: #008000;\" href=\"http:\/\/www.kalandraka.com\/es\/\">Kalandraka<\/a><\/span>.<\/p>\n<p><img loading=\"lazy\" class=\"alignnone wp-image-3583 size-full\" src=\"http:\/\/www.rayuelainfancia.com\/blog\/wp-content\/uploads\/2019\/05\/bibelcarmel_NonoGranero-1024x702.jpg\" alt=\"ACTIVIDADES KALANDRKA Y RAYUELA EN LA FERIA DEL LIBRO DE SEVILLA 2019\" width=\"1024\" height=\"702\" srcset=\"https:\/\/www.rayuelainfancia.com\/blog\/wp-content\/uploads\/2019\/05\/bibelcarmel_NonoGranero-1024x702.jpg 1024w, https:\/\/www.rayuelainfancia.com\/blog\/wp-content\/uploads\/2019\/05\/bibelcarmel_NonoGranero-1024x702-300x206.jpg 300w, https:\/\/www.rayuelainfancia.com\/blog\/wp-content\/uploads\/2019\/05\/bibelcarmel_NonoGranero-1024x702-768x527.jpg 768w\" sizes=\"(max-width: 1024px) 100vw, 1024px\" \/><\/p>\n<p>&nbsp;<\/p>\n<p style=\"text-align: justify;\">Nono, que adem\u00e1s de <strong>autor e ilustrador<\/strong>, es <strong>un gran narrador<\/strong>, nos contar\u00e1 algunos de estos hermosos <strong>poemas acu\u00e1ticos<\/strong> y nos desvelar\u00e1 el final tan singular de esta experiencia de tarde en el acuario. Un poemario <strong>finalista del Premio Internacional de la Ciudad de Orihuela.<\/strong><\/p>\n<h3><span style=\"color: #008000;\">FIRMA DEL AUTOR NONO GRANERO\u00a0<\/span><\/h3>\n<p><strong>Hora:<\/strong> 12:30h.<\/p>\n<p><strong>Lugar:<\/strong>caseta 35<\/p>\n<p style=\"text-align: justify;\">Una oportunidad para <strong>llevarte firmado y dedicado<\/strong> este acu\u00e1tico <strong>libro de poemas<\/strong> por su autor, <strong>Nono Granero<\/strong>, que derrocha simpat\u00eda y que adem\u00e1s de escribir es ilustrador, narrador y muchas cosas m\u00e1s&#8230; \u00a1<strong>Ven a conocerlo<\/strong> a nuestra caseta!<\/p>\n<h3><span style=\"color: #008000;\">FIRMA DE LA AUTORA GRACIA IGLESIAS<\/span><\/h3>\n<p><strong>Hora:<\/strong> 12:30h.<\/p>\n<p><strong>Lugar:<\/strong> caseta 35<\/p>\n<p style=\"text-align: justify;\"><strong><em>Por una mosca de nada<\/em><\/strong> es el t\u00edtulo editado por <span style=\"color: #008000;\"><a style=\"color: #008000;\" href=\"https:\/\/canicabooks.com\/\"><strong>Canica Books<\/strong><\/a><\/span> que firmar\u00e1 <strong>Gracia Iglesias<\/strong>. Una autora ya con <strong>numerosos t\u00edtulos publicados<\/strong>. Te recordamos algunos: <span style=\"color: #ff6600;\"><a style=\"color: #ff6600;\" href=\"https:\/\/www.rayuelainfancia.com\/rimados\/576-el-hilo.html\"><em>El hilo<\/em><\/a><\/span>, <em>Felipe tiene gripe<\/em>, <em>La extra\u00f1a visit<\/em>a, <span style=\"color: #ff6600;\"><a style=\"color: #ff6600;\" href=\"https:\/\/www.rayuelainfancia.com\/album-ilustrado\/3996-no-puedo-dormir.html\"><em>No puedo dormir<\/em><\/a><em>, <\/em><em>Pepita Sarmiento&#8230;<\/em><\/span><\/p>\n<p><img loading=\"lazy\" class=\"alignnone size-full wp-image-3576 aligncenter\" src=\"http:\/\/www.rayuelainfancia.com\/blog\/wp-content\/uploads\/2019\/05\/Cuentacuentos_2018_5-1.jpg\" alt=\"ACTIVIDADES RAYUELA EN LA FERIA DEL LIBRO 2019\" width=\"960\" height=\"720\" srcset=\"https:\/\/www.rayuelainfancia.com\/blog\/wp-content\/uploads\/2019\/05\/Cuentacuentos_2018_5-1.jpg 960w, https:\/\/www.rayuelainfancia.com\/blog\/wp-content\/uploads\/2019\/05\/Cuentacuentos_2018_5-1-300x225.jpg 300w, https:\/\/www.rayuelainfancia.com\/blog\/wp-content\/uploads\/2019\/05\/Cuentacuentos_2018_5-1-768x576.jpg 768w\" sizes=\"(max-width: 960px) 100vw, 960px\" \/><\/p>\n<h3><span style=\"color: #008000;\">FIRMA DEL AUTOR-ILUSTRADOR MIGUEL CERRO<\/span><\/h3>\n<p><strong>Hora:<\/strong> 18:00h.<\/p>\n<p><strong>Lugar:<\/strong> caseta 35<\/p>\n<p style=\"text-align: justify;\"><strong>Miguel Cerro<\/strong>, <strong>Premio Compostela de \u00c1lbum Ilustrado<\/strong>, firmar\u00e1 su libro premiado <a href=\"https:\/\/www.rayuelainfancia.com\/album-ilustrado\/523-despues-de-la-lluvia.html\"><span style=\"color: #ff6600;\"><em>Despu\u00e9s de la lluvi<\/em>a<\/span><\/a>, editado por <a href=\"http:\/\/www.kalandraka.com\/es\/\"><span style=\"color: #008000;\">Kalandraka<\/span><\/a>.<\/p>\n<p><img loading=\"lazy\" class=\"alignnone size-full wp-image-3588 aligncenter\" src=\"http:\/\/www.rayuelainfancia.com\/blog\/wp-content\/uploads\/2019\/05\/CerroMiguel_01.jpg\" alt=\"ACTIVIDADES KALANDRAKA Y RAYUELA EN LA FERIA DEL LIBRO DE SEVILLA 2019\" width=\"3180\" height=\"2238\" srcset=\"https:\/\/www.rayuelainfancia.com\/blog\/wp-content\/uploads\/2019\/05\/CerroMiguel_01.jpg 3180w, https:\/\/www.rayuelainfancia.com\/blog\/wp-content\/uploads\/2019\/05\/CerroMiguel_01-300x211.jpg 300w, https:\/\/www.rayuelainfancia.com\/blog\/wp-content\/uploads\/2019\/05\/CerroMiguel_01-768x540.jpg 768w, https:\/\/www.rayuelainfancia.com\/blog\/wp-content\/uploads\/2019\/05\/CerroMiguel_01-1024x721.jpg 1024w\" sizes=\"(max-width: 3180px) 100vw, 3180px\" \/><\/p>\n<h3><span style=\"color: #008000;\">FIRMA DE LA AUTORA-ILUSTRADORA RAQUEL D\u00cdAZ REGUERA<\/span><\/h3>\n<p><strong>Hora:<\/strong> 20:00h.<\/p>\n<p><strong>Lugar:<\/strong> caseta 35<\/p>\n<p style=\"text-align: justify;\"><strong>Raquel D\u00edaz Reguera<\/strong> cuenta, no solo con <strong>innumerables publicaciones<\/strong>, sino que atesora el \u00e9xito con muchos de sus t\u00edtulos. Este a\u00f1o <strong>firma sus \u00faltimas obras<\/strong> editadas por <span style=\"color: #008000;\"><a style=\"color: #008000;\" href=\"https:\/\/www.vuelaletra.com\/\"><strong>Vuelaletra<\/strong><\/a><\/span>, <em>Hay Sitio para t\u00ed<\/em> y <span style=\"color: #ff6600;\"><a style=\"color: #ff6600;\" href=\"https:\/\/www.rayuelainfancia.com\/lecturas\/7119-un-amor-tan-grande.html\"><em>Un amor tan grand<\/em>e<\/a><\/span>.<\/p>\n<p><img loading=\"lazy\" class=\"alignnone size-full wp-image-3578\" src=\"http:\/\/www.rayuelainfancia.com\/blog\/wp-content\/uploads\/2019\/05\/15359035315599.jpg\" alt=\"ACTIVIDADES EN RAYUELA EN LA FERIA DEL LIBRO DE SEVILLA 2019\" width=\"2048\" height=\"1378\" srcset=\"https:\/\/www.rayuelainfancia.com\/blog\/wp-content\/uploads\/2019\/05\/15359035315599.jpg 2048w, https:\/\/www.rayuelainfancia.com\/blog\/wp-content\/uploads\/2019\/05\/15359035315599-300x202.jpg 300w, https:\/\/www.rayuelainfancia.com\/blog\/wp-content\/uploads\/2019\/05\/15359035315599-768x517.jpg 768w, https:\/\/www.rayuelainfancia.com\/blog\/wp-content\/uploads\/2019\/05\/15359035315599-1024x689.jpg 1024w\" sizes=\"(max-width: 2048px) 100vw, 2048px\" \/><\/p>\n<h3><span style=\"color: #008000;\">COLOQUIO SINGULAR SOBRE LEONARDO<\/span><\/h3>\n<p><strong>Hora:<\/strong> 20:00h.<\/p>\n<p><strong>Lugar:<\/strong> Espacio La Red<\/p>\n<p style=\"text-align: justify;\">Una actividad en torno a la novela juvenil <span style=\"color: #ff6600;\"><a style=\"color: #ff6600;\" href=\"https:\/\/www.rayuelainfancia.com\/narrativa-juvenil\/7817-leonardo-da-vinci.html\"><em>Leonardo Da Vinci, el artista que escrib\u00eda al rev\u00e9<\/em>s<\/a><\/span>, escrita por <strong>Eliacer Cansino<\/strong>, Premio Nacional de Literatura infantil y juvenil. Un coloquio a cargo de <strong>Manuel Garrido,<\/strong> en el que participar\u00e1 el autor. Una actividad organizada por <span style=\"color: #008000;\"><a style=\"color: #008000;\" href=\"https:\/\/www.anayainfantilyjuvenil.es\/\">Anaya Infantil y Juvenil<\/a><\/span>.<\/p>\n<h3><span style=\"color: #008000;\">FIRMA DEL AUTOR ELIACER CANSINO<\/span><\/h3>\n<p><strong>Hora:<\/strong> 21:00h.<\/p>\n<p><strong>Lugar:<\/strong> caseta 35<\/p>\n<p style=\"text-align: justify;\">Una oportunidad para <strong>conocer, conversar y llevarte firmado<\/strong> un ejemplar de este libro tan singular de <strong>Eliacer Cansino<\/strong>.<\/p>\n<p><img loading=\"lazy\" class=\"alignnone size-full wp-image-3581\" src=\"http:\/\/www.rayuelainfancia.com\/blog\/wp-content\/uploads\/2019\/05\/Eliacer-Cansino.jpg\" alt=\"ACTIVIDADES DE RAYUELA EN LA FERIA DEL LIBRO DE SEVILLA 2019\" width=\"1902\" height=\"762\" srcset=\"https:\/\/www.rayuelainfancia.com\/blog\/wp-content\/uploads\/2019\/05\/Eliacer-Cansino.jpg 1902w, https:\/\/www.rayuelainfancia.com\/blog\/wp-content\/uploads\/2019\/05\/Eliacer-Cansino-300x120.jpg 300w, https:\/\/www.rayuelainfancia.com\/blog\/wp-content\/uploads\/2019\/05\/Eliacer-Cansino-768x308.jpg 768w, https:\/\/www.rayuelainfancia.com\/blog\/wp-content\/uploads\/2019\/05\/Eliacer-Cansino-1024x410.jpg 1024w\" sizes=\"(max-width: 1902px) 100vw, 1902px\" \/><\/p>\n<h2><span style=\"color: #ff6600;\"><strong>DOMINGO 26 DE MAYO<\/strong><\/span><\/h2>\n<h3><span style=\"color: #008000;\">FIRMA JOS\u00c9 CARLOS ROM\u00c1N<\/span><\/h3>\n<p><strong>Hora:<\/strong> 12:00h.<\/p>\n<p><strong>Lugar:<\/strong> caseta 35<\/p>\n<p style=\"text-align: justify;\"><strong>Jos\u00e9 Carlos Rom\u00e1n<\/strong>, un autor de cuentos que no para de publicar<strong> firmar\u00e1 una de sus \u00faltimas obras<\/strong>, <span style=\"color: #ff6600;\"><a style=\"color: #ff6600;\" href=\"https:\/\/www.rayuelainfancia.com\/album-ilustrado\/7961-una-gallina-en-la-azotea.html\"><em>Una gallina en la azotea<\/em><\/a><\/span>, editada por <span style=\"color: #008000;\"><a style=\"color: #008000;\" href=\"https:\/\/canicabooks.com\/\">Canica Books<\/a><\/span>.<\/p>\n<p><img loading=\"lazy\" class=\"alignnone size-full wp-image-3591\" src=\"http:\/\/www.rayuelainfancia.com\/blog\/wp-content\/uploads\/2019\/05\/jose-carlos-roman.jpg\" alt=\"ACTIVIDADES EN RAYUELA EN LA FERIA DEL LIBRO DE SEVILLA 2019\" width=\"1600\" height=\"1200\" srcset=\"https:\/\/www.rayuelainfancia.com\/blog\/wp-content\/uploads\/2019\/05\/jose-carlos-roman.jpg 1600w, https:\/\/www.rayuelainfancia.com\/blog\/wp-content\/uploads\/2019\/05\/jose-carlos-roman-300x225.jpg 300w, https:\/\/www.rayuelainfancia.com\/blog\/wp-content\/uploads\/2019\/05\/jose-carlos-roman-768x576.jpg 768w, https:\/\/www.rayuelainfancia.com\/blog\/wp-content\/uploads\/2019\/05\/jose-carlos-roman-1024x768.jpg 1024w\" sizes=\"(max-width: 1600px) 100vw, 1600px\" \/><\/p>\n<h3><span style=\"color: #008000;\">FIRMA ELIACER CANSINO<\/span><\/h3>\n<p><strong>Hora:<\/strong> 13:00h.<\/p>\n<p><strong>Lugar:<\/strong> caseta 35<\/p>\n<p style=\"text-align: justify;\"><strong>Eliacer Cansino<\/strong> llega hasta nuestra caseta para <strong>dedicar<\/strong> <strong>sus mejores novelas juveniles<\/strong>, <span style=\"color: #ff6600;\"><em>El misterio de Vel\u00e1zquez<\/em><\/span>, <span style=\"color: #ff6600;\"><a style=\"color: #ff6600;\" href=\"https:\/\/www.rayuelainfancia.com\/narrativa-juvenil\/749-una-habitacion-en-babel.html\"><em>Una habitaci\u00f3n en Babel<\/em><\/a><\/span>, <span style=\"color: #ff6600;\"><a style=\"color: #ff6600;\" href=\"https:\/\/www.rayuelainfancia.com\/narrativa-juvenil\/801-el-chico-de-las-manos-azules.html\"><em>El chico de las manos azules<\/em><\/a><\/span>, <span style=\"color: #ff6600;\"><a style=\"color: #ff6600;\" href=\"https:\/\/www.rayuelainfancia.com\/narrativa-juvenil\/7817-leonardo-da-vinci.html\"><em>Leonardo Da Vinci, el artista que escrib\u00eda al rev\u00e9s<\/em><\/a><\/span>, <em>El maravillosos Se\u00f1or Plo<\/em>t&#8230; <strong>Un buen libro, mejor regalo<\/strong>.<\/p>\n<p style=\"text-align: justify;\">Y hasta aqu\u00ed el primer fin de semana de Feria del Libro de este 2019. Como veis, muy animado. <strong>Os esperamos<\/strong> con muchas ganas de <strong>pasar un buen rato de encuentro entre libros<\/strong>, y durante toda la semana con las <strong>ediciones m\u00e1s destacadas y especiales<\/strong> tanto de <strong>Rayuela<\/strong> como de <strong>Kalandraka<\/strong>, y con muchas ganas de recomendaros \ud83d\ude09<strong> \u00a1Nos vemos en la Feria!<\/strong><\/p>\n","protected":false},"excerpt":{"rendered":"<p>Un primer fin de semana de Feria del Libro de Sevilla 2019 repleto de actividades en torno a los libros y la lectura. Una oportunidad para conocer a los autores creadores de \u00e1lbumes ilustrados y lecturas interesantes que compartir con nuestras ni\u00f1as y ni\u00f1os.<\/p>\n","protected":false},"author":6,"featured_media":3594,"comment_status":"open","ping_status":"open","sticky":false,"template":"","format":"standard","meta":[],"categories":[18],"tags":[],"yoast_head":"<!-- This site is optimized with the Yoast SEO plugin v18.5.1 - https:\/\/yoast.com\/wordpress\/plugins\/seo\/ -->\n<title>ACTIVIDADES FERIA DEL LIBRO DE SEVILLA 2019 [PARTE 1] &#8902; Blog de Rayuelainfancia<\/title>\n<meta name=\"robots\" content=\"index, follow, max-snippet:-1, max-image-preview:large, max-video-preview:-1\" \/>\n<link rel=\"canonical\" href=\"https:\/\/www.rayuelainfancia.com\/blog\/actividades-feria-del-libro-de-sevilla-2019-parte-1\/\" \/>\n<meta property=\"og:locale\" content=\"es_ES\" \/>\n<meta property=\"og:type\" content=\"article\" \/>\n<meta property=\"og:title\" content=\"ACTIVIDADES FERIA DEL LIBRO DE SEVILLA 2019 [PARTE 1] &#8902; Blog de Rayuelainfancia\" \/>\n<meta property=\"og:description\" content=\"Un primer fin de semana de Feria del Libro de Sevilla 2019 repleto de actividades en torno a los libros y la lectura. Una oportunidad para conocer a los autores creadores de \u00e1lbumes ilustrados y lecturas interesantes que compartir con nuestras ni\u00f1as y ni\u00f1os.\" \/>\n<meta property=\"og:url\" content=\"https:\/\/www.rayuelainfancia.com\/blog\/actividades-feria-del-libro-de-sevilla-2019-parte-1\/\" \/>\n<meta property=\"og:site_name\" content=\"Blog de Rayuelainfancia\" \/>\n<meta property=\"article:publisher\" content=\"https:\/\/www.facebook.com\/pages\/Librer\u00eda-Rayuela\/251861686361\" \/>\n<meta property=\"article:published_time\" content=\"2019-05-20T14:18:06+00:00\" \/>\n<meta property=\"og:image\" content=\"https:\/\/www.rayuelainfancia.com\/blog\/wp-content\/uploads\/2019\/05\/actividades-y-firmas-primera-parte.jpg\" \/>\n\t<meta property=\"og:image:width\" content=\"750\" \/>\n\t<meta property=\"og:image:height\" content=\"410\" \/>\n\t<meta property=\"og:image:type\" content=\"image\/jpeg\" \/>\n<meta name=\"twitter:card\" content=\"summary\" \/>\n<meta name=\"twitter:creator\" content=\"@Rayuelainfancia\" \/>\n<meta name=\"twitter:site\" content=\"@Rayuelainfancia\" \/>\n<meta name=\"twitter:label1\" content=\"Written by\" \/>\n\t<meta name=\"twitter:data1\" content=\"Rayuelainfancia\" \/>\n\t<meta name=\"twitter:label2\" content=\"Est. reading time\" \/>\n\t<meta name=\"twitter:data2\" content=\"4 minutos\" \/>\n<script type=\"application\/ld+json\" class=\"yoast-schema-graph\">{\"@context\":\"https:\/\/schema.org\",\"@graph\":[{\"@type\":\"Organization\",\"@id\":\"https:\/\/www.rayuelainfancia.com\/blog\/#organization\",\"name\":\"Rayuelainfancia\",\"url\":\"https:\/\/www.rayuelainfancia.com\/blog\/\",\"sameAs\":[\"https:\/\/www.facebook.com\/pages\/Librer\u00eda-Rayuela\/251861686361\",\"https:\/\/www.youtube.com\/channel\/UCddVaoDjpTp-DexyEVoyazQ\",\"https:\/\/twitter.com\/Rayuelainfancia\"],\"logo\":{\"@type\":\"ImageObject\",\"@id\":\"https:\/\/www.rayuelainfancia.com\/blog\/#logo\",\"inLanguage\":\"es\",\"url\":\"https:\/\/www.rayuelainfancia.com\/blog\/wp-content\/uploads\/2018\/06\/logo-rayuelainfancia-color-corporativo.png\",\"contentUrl\":\"https:\/\/www.rayuelainfancia.com\/blog\/wp-content\/uploads\/2018\/06\/logo-rayuelainfancia-color-corporativo.png\",\"width\":1200,\"height\":680,\"caption\":\"Rayuelainfancia\"},\"image\":{\"@id\":\"https:\/\/www.rayuelainfancia.com\/blog\/#logo\"}},{\"@type\":\"WebSite\",\"@id\":\"https:\/\/www.rayuelainfancia.com\/blog\/#website\",\"url\":\"https:\/\/www.rayuelainfancia.com\/blog\/\",\"name\":\"Blog de Rayuelainfancia\",\"description\":\"Libros infantiles y juegos educaticos respestuosos con la infancia\",\"publisher\":{\"@id\":\"https:\/\/www.rayuelainfancia.com\/blog\/#organization\"},\"potentialAction\":[{\"@type\":\"SearchAction\",\"target\":{\"@type\":\"EntryPoint\",\"urlTemplate\":\"https:\/\/www.rayuelainfancia.com\/blog\/?s={search_term_string}\"},\"query-input\":\"required name=search_term_string\"}],\"inLanguage\":\"es\"},{\"@type\":\"ImageObject\",\"@id\":\"https:\/\/www.rayuelainfancia.com\/blog\/actividades-feria-del-libro-de-sevilla-2019-parte-1\/#primaryimage\",\"inLanguage\":\"es\",\"url\":\"https:\/\/www.rayuelainfancia.com\/blog\/wp-content\/uploads\/2019\/05\/actividades-y-firmas-primera-parte.jpg\",\"contentUrl\":\"https:\/\/www.rayuelainfancia.com\/blog\/wp-content\/uploads\/2019\/05\/actividades-y-firmas-primera-parte.jpg\",\"width\":750,\"height\":410,\"caption\":\"ACTIVIDADES FERIA DEL LIBRO DE SEVILLA 2019 [PARTE 1]\"},{\"@type\":\"WebPage\",\"@id\":\"https:\/\/www.rayuelainfancia.com\/blog\/actividades-feria-del-libro-de-sevilla-2019-parte-1\/#webpage\",\"url\":\"https:\/\/www.rayuelainfancia.com\/blog\/actividades-feria-del-libro-de-sevilla-2019-parte-1\/\",\"name\":\"ACTIVIDADES FERIA DEL LIBRO DE SEVILLA 2019 [PARTE 1] &#8902; Blog de Rayuelainfancia\",\"isPartOf\":{\"@id\":\"https:\/\/www.rayuelainfancia.com\/blog\/#website\"},\"primaryImageOfPage\":{\"@id\":\"https:\/\/www.rayuelainfancia.com\/blog\/actividades-feria-del-libro-de-sevilla-2019-parte-1\/#primaryimage\"},\"datePublished\":\"2019-05-20T14:18:06+00:00\",\"dateModified\":\"2019-05-20T14:18:06+00:00\",\"breadcrumb\":{\"@id\":\"https:\/\/www.rayuelainfancia.com\/blog\/actividades-feria-del-libro-de-sevilla-2019-parte-1\/#breadcrumb\"},\"inLanguage\":\"es\",\"potentialAction\":[{\"@type\":\"ReadAction\",\"target\":[\"https:\/\/www.rayuelainfancia.com\/blog\/actividades-feria-del-libro-de-sevilla-2019-parte-1\/\"]}]},{\"@type\":\"BreadcrumbList\",\"@id\":\"https:\/\/www.rayuelainfancia.com\/blog\/actividades-feria-del-libro-de-sevilla-2019-parte-1\/#breadcrumb\",\"itemListElement\":[{\"@type\":\"ListItem\",\"position\":1,\"name\":\"Portada\",\"item\":\"https:\/\/www.rayuelainfancia.com\/blog\/\"},{\"@type\":\"ListItem\",\"position\":2,\"name\":\"ACTIVIDADES FERIA DEL LIBRO DE SEVILLA 2019 [PARTE 1]\"}]},{\"@type\":\"Article\",\"@id\":\"https:\/\/www.rayuelainfancia.com\/blog\/actividades-feria-del-libro-de-sevilla-2019-parte-1\/#article\",\"isPartOf\":{\"@id\":\"https:\/\/www.rayuelainfancia.com\/blog\/actividades-feria-del-libro-de-sevilla-2019-parte-1\/#webpage\"},\"author\":{\"@id\":\"https:\/\/www.rayuelainfancia.com\/blog\/#\/schema\/person\/c1aff250c5154e35f53f26d0eba10c45\"},\"headline\":\"ACTIVIDADES FERIA DEL LIBRO DE SEVILLA 2019 [PARTE 1]\",\"datePublished\":\"2019-05-20T14:18:06+00:00\",\"dateModified\":\"2019-05-20T14:18:06+00:00\",\"mainEntityOfPage\":{\"@id\":\"https:\/\/www.rayuelainfancia.com\/blog\/actividades-feria-del-libro-de-sevilla-2019-parte-1\/#webpage\"},\"wordCount\":783,\"commentCount\":0,\"publisher\":{\"@id\":\"https:\/\/www.rayuelainfancia.com\/blog\/#organization\"},\"image\":{\"@id\":\"https:\/\/www.rayuelainfancia.com\/blog\/actividades-feria-del-libro-de-sevilla-2019-parte-1\/#primaryimage\"},\"thumbnailUrl\":\"https:\/\/www.rayuelainfancia.com\/blog\/wp-content\/uploads\/2019\/05\/actividades-y-firmas-primera-parte.jpg\",\"articleSection\":[\"Actividades Cuentacuentos\"],\"inLanguage\":\"es\",\"potentialAction\":[{\"@type\":\"CommentAction\",\"name\":\"Comment\",\"target\":[\"https:\/\/www.rayuelainfancia.com\/blog\/actividades-feria-del-libro-de-sevilla-2019-parte-1\/#respond\"]}]},{\"@type\":\"Person\",\"@id\":\"https:\/\/www.rayuelainfancia.com\/blog\/#\/schema\/person\/c1aff250c5154e35f53f26d0eba10c45\",\"name\":\"Rayuelainfancia\",\"image\":{\"@type\":\"ImageObject\",\"@id\":\"https:\/\/www.rayuelainfancia.com\/blog\/#personlogo\",\"inLanguage\":\"es\",\"url\":\"https:\/\/secure.gravatar.com\/avatar\/8bf03e7a4bb13ca5c7d0dc6acde2bfd1?s=96&d=mm&r=g\",\"contentUrl\":\"https:\/\/secure.gravatar.com\/avatar\/8bf03e7a4bb13ca5c7d0dc6acde2bfd1?s=96&d=mm&r=g\",\"caption\":\"Rayuelainfancia\"}}]}<\/script>\n<!-- \/ Yoast SEO plugin. -->","yoast_head_json":{"title":"ACTIVIDADES FERIA DEL LIBRO DE SEVILLA 2019 [PARTE 1] &#8902; Blog de Rayuelainfancia","robots":{"index":"index","follow":"follow","max-snippet":"max-snippet:-1","max-image-preview":"max-image-preview:large","max-video-preview":"max-video-preview:-1"},"canonical":"https:\/\/www.rayuelainfancia.com\/blog\/actividades-feria-del-libro-de-sevilla-2019-parte-1\/","og_locale":"es_ES","og_type":"article","og_title":"ACTIVIDADES FERIA DEL LIBRO DE SEVILLA 2019 [PARTE 1] &#8902; Blog de Rayuelainfancia","og_description":"Un primer fin de semana de Feria del Libro de Sevilla 2019 repleto de actividades en torno a los libros y la lectura. Una oportunidad para conocer a los autores creadores de \u00e1lbumes ilustrados y lecturas interesantes que compartir con nuestras ni\u00f1as y ni\u00f1os.","og_url":"https:\/\/www.rayuelainfancia.com\/blog\/actividades-feria-del-libro-de-sevilla-2019-parte-1\/","og_site_name":"Blog de Rayuelainfancia","article_publisher":"https:\/\/www.facebook.com\/pages\/Librer\u00eda-Rayuela\/251861686361","article_published_time":"2019-05-20T14:18:06+00:00","og_image":[{"width":750,"height":410,"url":"https:\/\/www.rayuelainfancia.com\/blog\/wp-content\/uploads\/2019\/05\/actividades-y-firmas-primera-parte.jpg","type":"image\/jpeg"}],"twitter_card":"summary","twitter_creator":"@Rayuelainfancia","twitter_site":"@Rayuelainfancia","twitter_misc":{"Written by":"Rayuelainfancia","Est. reading time":"4 minutos"},"schema":{"@context":"https:\/\/schema.org","@graph":[{"@type":"Organization","@id":"https:\/\/www.rayuelainfancia.com\/blog\/#organization","name":"Rayuelainfancia","url":"https:\/\/www.rayuelainfancia.com\/blog\/","sameAs":["https:\/\/www.facebook.com\/pages\/Librer\u00eda-Rayuela\/251861686361","https:\/\/www.youtube.com\/channel\/UCddVaoDjpTp-DexyEVoyazQ","https:\/\/twitter.com\/Rayuelainfancia"],"logo":{"@type":"ImageObject","@id":"https:\/\/www.rayuelainfancia.com\/blog\/#logo","inLanguage":"es","url":"https:\/\/www.rayuelainfancia.com\/blog\/wp-content\/uploads\/2018\/06\/logo-rayuelainfancia-color-corporativo.png","contentUrl":"https:\/\/www.rayuelainfancia.com\/blog\/wp-content\/uploads\/2018\/06\/logo-rayuelainfancia-color-corporativo.png","width":1200,"height":680,"caption":"Rayuelainfancia"},"image":{"@id":"https:\/\/www.rayuelainfancia.com\/blog\/#logo"}},{"@type":"WebSite","@id":"https:\/\/www.rayuelainfancia.com\/blog\/#website","url":"https:\/\/www.rayuelainfancia.com\/blog\/","name":"Blog de Rayuelainfancia","description":"Libros infantiles y juegos educaticos respestuosos con la infancia","publisher":{"@id":"https:\/\/www.rayuelainfancia.com\/blog\/#organization"},"potentialAction":[{"@type":"SearchAction","target":{"@type":"EntryPoint","urlTemplate":"https:\/\/www.rayuelainfancia.com\/blog\/?s={search_term_string}"},"query-input":"required name=search_term_string"}],"inLanguage":"es"},{"@type":"ImageObject","@id":"https:\/\/www.rayuelainfancia.com\/blog\/actividades-feria-del-libro-de-sevilla-2019-parte-1\/#primaryimage","inLanguage":"es","url":"https:\/\/www.rayuelainfancia.com\/blog\/wp-content\/uploads\/2019\/05\/actividades-y-firmas-primera-parte.jpg","contentUrl":"https:\/\/www.rayuelainfancia.com\/blog\/wp-content\/uploads\/2019\/05\/actividades-y-firmas-primera-parte.jpg","width":750,"height":410,"caption":"ACTIVIDADES FERIA DEL LIBRO DE SEVILLA 2019 [PARTE 1]"},{"@type":"WebPage","@id":"https:\/\/www.rayuelainfancia.com\/blog\/actividades-feria-del-libro-de-sevilla-2019-parte-1\/#webpage","url":"https:\/\/www.rayuelainfancia.com\/blog\/actividades-feria-del-libro-de-sevilla-2019-parte-1\/","name":"ACTIVIDADES FERIA DEL LIBRO DE SEVILLA 2019 [PARTE 1] &#8902; Blog de Rayuelainfancia","isPartOf":{"@id":"https:\/\/www.rayuelainfancia.com\/blog\/#website"},"primaryImageOfPage":{"@id":"https:\/\/www.rayuelainfancia.com\/blog\/actividades-feria-del-libro-de-sevilla-2019-parte-1\/#primaryimage"},"datePublished":"2019-05-20T14:18:06+00:00","dateModified":"2019-05-20T14:18:06+00:00","breadcrumb":{"@id":"https:\/\/www.rayuelainfancia.com\/blog\/actividades-feria-del-libro-de-sevilla-2019-parte-1\/#breadcrumb"},"inLanguage":"es","potentialAction":[{"@type":"ReadAction","target":["https:\/\/www.rayuelainfancia.com\/blog\/actividades-feria-del-libro-de-sevilla-2019-parte-1\/"]}]},{"@type":"BreadcrumbList","@id":"https:\/\/www.rayuelainfancia.com\/blog\/actividades-feria-del-libro-de-sevilla-2019-parte-1\/#breadcrumb","itemListElement":[{"@type":"ListItem","position":1,"name":"Portada","item":"https:\/\/www.rayuelainfancia.com\/blog\/"},{"@type":"ListItem","position":2,"name":"ACTIVIDADES FERIA DEL LIBRO DE SEVILLA 2019 [PARTE 1]"}]},{"@type":"Article","@id":"https:\/\/www.rayuelainfancia.com\/blog\/actividades-feria-del-libro-de-sevilla-2019-parte-1\/#article","isPartOf":{"@id":"https:\/\/www.rayuelainfancia.com\/blog\/actividades-feria-del-libro-de-sevilla-2019-parte-1\/#webpage"},"author":{"@id":"https:\/\/www.rayuelainfancia.com\/blog\/#\/schema\/person\/c1aff250c5154e35f53f26d0eba10c45"},"headline":"ACTIVIDADES FERIA DEL LIBRO DE SEVILLA 2019 [PARTE 1]","datePublished":"2019-05-20T14:18:06+00:00","dateModified":"2019-05-20T14:18:06+00:00","mainEntityOfPage":{"@id":"https:\/\/www.rayuelainfancia.com\/blog\/actividades-feria-del-libro-de-sevilla-2019-parte-1\/#webpage"},"wordCount":783,"commentCount":0,"publisher":{"@id":"https:\/\/www.rayuelainfancia.com\/blog\/#organization"},"image":{"@id":"https:\/\/www.rayuelainfancia.com\/blog\/actividades-feria-del-libro-de-sevilla-2019-parte-1\/#primaryimage"},"thumbnailUrl":"https:\/\/www.rayuelainfancia.com\/blog\/wp-content\/uploads\/2019\/05\/actividades-y-firmas-primera-parte.jpg","articleSection":["Actividades Cuentacuentos"],"inLanguage":"es","potentialAction":[{"@type":"CommentAction","name":"Comment","target":["https:\/\/www.rayuelainfancia.com\/blog\/actividades-feria-del-libro-de-sevilla-2019-parte-1\/#respond"]}]},{"@type":"Person","@id":"https:\/\/www.rayuelainfancia.com\/blog\/#\/schema\/person\/c1aff250c5154e35f53f26d0eba10c45","name":"Rayuelainfancia","image":{"@type":"ImageObject","@id":"https:\/\/www.rayuelainfancia.com\/blog\/#personlogo","inLanguage":"es","url":"https:\/\/secure.gravatar.com\/avatar\/8bf03e7a4bb13ca5c7d0dc6acde2bfd1?s=96&d=mm&r=g","contentUrl":"https:\/\/secure.gravatar.com\/avatar\/8bf03e7a4bb13ca5c7d0dc6acde2bfd1?s=96&d=mm&r=g","caption":"Rayuelainfancia"}}]}},"_links":{"self":[{"href":"https:\/\/www.rayuelainfancia.com\/blog\/wp-json\/wp\/v2\/posts\/3563"}],"collection":[{"href":"https:\/\/www.rayuelainfancia.com\/blog\/wp-json\/wp\/v2\/posts"}],"about":[{"href":"https:\/\/www.rayuelainfancia.com\/blog\/wp-json\/wp\/v2\/types\/post"}],"author":[{"embeddable":true,"href":"https:\/\/www.rayuelainfancia.com\/blog\/wp-json\/wp\/v2\/users\/6"}],"replies":[{"embeddable":true,"href":"https:\/\/www.rayuelainfancia.com\/blog\/wp-json\/wp\/v2\/comments?post=3563"}],"version-history":[{"count":18,"href":"https:\/\/www.rayuelainfancia.com\/blog\/wp-json\/wp\/v2\/posts\/3563\/revisions"}],"predecessor-version":[{"id":3595,"href":"https:\/\/www.rayuelainfancia.com\/blog\/wp-json\/wp\/v2\/posts\/3563\/revisions\/3595"}],"wp:featuredmedia":[{"embeddable":true,"href":"https:\/\/www.rayuelainfancia.com\/blog\/wp-json\/wp\/v2\/media\/3594"}],"wp:attachment":[{"href":"https:\/\/www.rayuelainfancia.com\/blog\/wp-json\/wp\/v2\/media?parent=3563"}],"wp:term":[{"taxonomy":"category","embeddable":true,"href":"https:\/\/www.rayuelainfancia.com\/blog\/wp-json\/wp\/v2\/categories?post=3563"},{"taxonomy":"post_tag","embeddable":true,"href":"https:\/\/www.rayuelainfancia.com\/blog\/wp-json\/wp\/v2\/tags?post=3563"}],"curies":[{"name":"wp","href":"https:\/\/api.w.org\/{rel}","templated":true}]}}