 {"id":3076,"date":"2018-12-13T00:32:33","date_gmt":"2018-12-12T23:32:33","guid":{"rendered":"http:\/\/www.rayuelainfancia.com\/blog\/?p=3076"},"modified":"2020-06-25T12:42:01","modified_gmt":"2020-06-25T10:42:01","slug":"regalos-especiales-para-bebes-0-3-anos","status":"publish","type":"post","link":"https:\/\/www.rayuelainfancia.com\/blog\/regalos-especiales-para-bebes-0-3-anos\/","title":{"rendered":"REGALOS ESPECIALES PARA BEB\u00c9S 0-3 A\u00d1OS"},"content":{"rendered":"<p style=\"text-align: justify;\">En estas fechas en el que <strong>el REGALO adquiere un gran protagonismo<\/strong>, nos hace especial ilusi\u00f3n poder darte algunas <strong>ideas para aquellos que reciben sus primeros regalos, LOS BEB\u00c9S.<\/strong><\/p>\n<p><!--more--><\/p>\n<p style=\"text-align: justify;\">Hemos escrito con mucho cari\u00f1o esta entrada de blog con sugerencias de <strong>REGALOS ESPECIALES PARA BEB\u00c9S\u00a0de entre 0 y 3 a\u00f1os<\/strong>. <strong>LIBROS Y JUEGOS<\/strong>\u00a0para que sus primeros regalos sean poco menos que inolvidables.<\/p>\n<h3>Material de estimulaci\u00f3n temprana: el mundo en blanco y negro.<\/h3>\n<p style=\"text-align: justify;\">Son muchas las investigaciones que han demostrado que <strong>los colores de alto contraste<\/strong>, especialmente el <strong>blanco y negro, estimulan a los beb\u00e9s<\/strong> desde los primeros meses puesto que son los colores que antes ven con nitidez.<\/p>\n<p>&nbsp;<\/p>\n<p><img loading=\"lazy\" class=\"size-full wp-image-3106 aligncenter\" src=\"http:\/\/www.rayuelainfancia.com\/blog\/wp-content\/uploads\/2018\/12\/formas-blanditas-blanco-y-negro.jpg\" alt=\"MIND SHAPES REGALOS ESPECIALES PARA BEBES\" width=\"1200\" height=\"758\" srcset=\"https:\/\/www.rayuelainfancia.com\/blog\/wp-content\/uploads\/2018\/12\/formas-blanditas-blanco-y-negro.jpg 1200w, https:\/\/www.rayuelainfancia.com\/blog\/wp-content\/uploads\/2018\/12\/formas-blanditas-blanco-y-negro-300x190.jpg 300w, https:\/\/www.rayuelainfancia.com\/blog\/wp-content\/uploads\/2018\/12\/formas-blanditas-blanco-y-negro-768x485.jpg 768w, https:\/\/www.rayuelainfancia.com\/blog\/wp-content\/uploads\/2018\/12\/formas-blanditas-blanco-y-negro-1024x647.jpg 1024w\" sizes=\"(max-width: 1200px) 100vw, 1200px\" \/><\/p>\n<p style=\"text-align: justify;\">Os proponemos una selecci\u00f3n de <strong><span style=\"color: #ff6600;\"><a style=\"color: #ff6600;\" href=\"http:\/\/www.rayuelainfancia.com\/140-blanco-y-negro\">libros y juegos blanco y negro<\/a><\/span>,<\/strong>\u00a0dise\u00f1ados teniendo en cuenta esta apreciaci\u00f3n y que son <strong>de lo m\u00e1s estimulante para los beb\u00e9s.<\/strong><\/p>\n<p><img loading=\"lazy\" class=\"alignnone size-full wp-image-3116 aligncenter\" src=\"http:\/\/www.rayuelainfancia.com\/blog\/wp-content\/uploads\/2018\/12\/manta-multiactividades-blanco-negro.jpg\" alt=\"MANTA DE ACTIVIDADES BLANCO Y NEGRO REGALOS ESPECIALES PARA BEBES\" width=\"800\" height=\"800\" srcset=\"https:\/\/www.rayuelainfancia.com\/blog\/wp-content\/uploads\/2018\/12\/manta-multiactividades-blanco-negro.jpg 800w, https:\/\/www.rayuelainfancia.com\/blog\/wp-content\/uploads\/2018\/12\/manta-multiactividades-blanco-negro-150x150.jpg 150w, https:\/\/www.rayuelainfancia.com\/blog\/wp-content\/uploads\/2018\/12\/manta-multiactividades-blanco-negro-300x300.jpg 300w, https:\/\/www.rayuelainfancia.com\/blog\/wp-content\/uploads\/2018\/12\/manta-multiactividades-blanco-negro-768x768.jpg 768w, https:\/\/www.rayuelainfancia.com\/blog\/wp-content\/uploads\/2018\/12\/manta-multiactividades-blanco-negro-60x60.jpg 60w\" sizes=\"(max-width: 800px) 100vw, 800px\" \/><\/p>\n<p>&nbsp;<\/p>\n<p style=\"text-align: justify;\">Es fascinante observar a cualquier beb\u00e9, c\u00f3mo <strong>aprenden todo desde sus sentidos<\/strong> y a qu\u00e9 velocidad&#8230; Cuando tenemos la oportunidad de ofrecerles juegos que disfrutan desde muy temprana edad, el disfrute es mayor a\u00fan si cabe. Os invitamos a probarlos, porque <strong>estos juegos para beb\u00e9s son un completo \u00e9xito.<\/strong><\/p>\n<div id=\"product_list\" class=\"row\"><div class=\"col-xs-6 col-sm-6 col-md-6 col-lg-4 item-product\">\n            <div class=\"product-list text-center\">\n                <p>\n                    <a class=\"product-blog-link\" href=\"https:\/\/www.rayuelainfancia.com\/bebes-0-12-meses\/2154-manta-sensorial.html?utm_campaign=productBlogPost\" title=\"MANTA SENSORIAL BLANCO NEGRO\">\n                        <img src=\"\/\/www.rayuelainfancia.com\/3220-home_default\/manta-sensorial.jpg\" alt=\"MANTA SENSORIAL BLANCO NEGRO\" class=\"img-responsive\"><span>MANTA SENSORIAL BLANCO\/NEGRO<\/span><\/a>\n                <\/p>\n            <\/div>\n\n            <div class=\"acciones text-center\">\n                \n                <p class=\"price\">64,95 \u20ac<\/p>\n            <\/div>\n        <\/div><div class=\"col-xs-6 col-sm-6 col-md-6 col-lg-4 item-product\">\n            <div class=\"product-list text-center\">\n                <p>\n                    <a class=\"product-blog-link\" href=\"https:\/\/www.rayuelainfancia.com\/bebes-0-12-meses\/7415-formas-blanditas-rojo-blanco-negro.html?utm_campaign=productBlogPost\" title=\"FORMAS BLANDITAS BLANCO Y NEGRO\">\n                        <img src=\"\/\/www.rayuelainfancia.com\/10037-home_default\/formas-blanditas-rojo-blanco-negro.jpg\" alt=\"FORMAS BLANDITAS BLANCO Y NEGRO\" class=\"img-responsive\"><span>FORMAS BLANDITAS BLANCO Y NEGRO<\/span><\/a>\n                <\/p>\n            <\/div>\n\n            <div class=\"acciones text-center\">\n                \n                <p class=\"price\">29,95 \u20ac<\/p>\n            <\/div>\n        <\/div><div class=\"col-xs-6 col-sm-6 col-md-6 col-lg-4 item-product\">\n            <div class=\"product-list text-center\">\n                <p>\n                    <a class=\"product-blog-link\" href=\"https:\/\/www.rayuelainfancia.com\/bebeteca\/7377-libro-tela-blanco-y-negro.html?utm_campaign=productBlogPost\" title=\"LIBRO TELA CONTRASTES BLANCO Y NEGRO\">\n                        <img src=\"\/\/www.rayuelainfancia.com\/10535-home_default\/libro-tela-blanco-y-negro.jpg\" alt=\"LIBRO TELA CONTRASTES BLANCO Y NEGRO\" class=\"img-responsive\"><span>LIBRO TELA CONTRASTES BLANCO Y NEGRO<\/span><\/a>\n                <\/p>\n            <\/div>\n\n            <div class=\"acciones text-center\">\n                \n                <p class=\"price\">23,21 \u20ac<\/p>\n            <\/div>\n        <\/div><\/div>\n<h3 style=\"text-align: justify;\">Nanas y canciones infantiles<\/h3>\n<p style=\"text-align: justify;\"><strong>La m\u00fasica es un placer<\/strong> para todas las personas, y por supuesto, <strong>para los beb\u00e9s<\/strong> tambi\u00e9n. Les relaja, les divierte y les ense\u00f1a la belleza del mundo. No hay un momento para empezar a poner m\u00fasica a los beb\u00e9s. Incluso hay quienes empiezan antes de que lleguen al mundo, porque la m\u00fasica es para todos y para siempre.<\/p>\n<p><img loading=\"lazy\" class=\"alignnone size-full wp-image-3113 aligncenter\" src=\"http:\/\/www.rayuelainfancia.com\/blog\/wp-content\/uploads\/2018\/12\/coleccion-nanas-y-canciones-infantiles-kokinos.jpg\" alt=\"COLECCION NANAS Y CANCIONES INFANTILES DE KOKINOS REGALOS ESPECIALES PARA BEBES\" width=\"1200\" height=\"911\" srcset=\"https:\/\/www.rayuelainfancia.com\/blog\/wp-content\/uploads\/2018\/12\/coleccion-nanas-y-canciones-infantiles-kokinos.jpg 1200w, https:\/\/www.rayuelainfancia.com\/blog\/wp-content\/uploads\/2018\/12\/coleccion-nanas-y-canciones-infantiles-kokinos-300x228.jpg 300w, https:\/\/www.rayuelainfancia.com\/blog\/wp-content\/uploads\/2018\/12\/coleccion-nanas-y-canciones-infantiles-kokinos-768x583.jpg 768w, https:\/\/www.rayuelainfancia.com\/blog\/wp-content\/uploads\/2018\/12\/coleccion-nanas-y-canciones-infantiles-kokinos-1024x777.jpg 1024w\" sizes=\"(max-width: 1200px) 100vw, 1200px\" \/><\/p>\n<p>&nbsp;<\/p>\n<p style=\"text-align: justify;\">Os invitamos a conocer algunos<span style=\"color: #ff6600;\"><a style=\"color: #ff6600;\" href=\"http:\/\/www.rayuelainfancia.com\/141-nanas-y-canciones-infantiles\"><strong> libros de nanas y canciones infantiles<\/strong><\/a><\/span> que son una joya. Libros con una <strong>selecci\u00f3n musical muy cuidada y de gran calidad<\/strong>, que incorporan un CD para que disfrutemos todos juntos en familia. <strong>Un regalo hermoso.<\/strong><\/p>\n<div id=\"product_list\" class=\"row\"><div class=\"col-xs-6 col-sm-6 col-md-6 col-lg-4 item-product\">\n            <div class=\"product-list text-center\">\n                <p>\n                    <a class=\"product-blog-link\" href=\"https:\/\/www.rayuelainfancia.com\/musica\/436-las-mas-bellas-nanas-de-musica-clasica.html?utm_campaign=productBlogPost\" title=\"LAS M  S BELLAS NANAS DE M  SICA CL  SICA\">\n                        <img src=\"\/\/www.rayuelainfancia.com\/2478-home_default\/las-mas-bellas-nanas-de-musica-clasica.jpg\" alt=\"LAS M  S BELLAS NANAS DE M  SICA CL  SICA\" class=\"img-responsive\"><span>LAS M\u00c1S BELLAS NANAS DE M\u00daSICA CL\u00c1SICA<\/span><\/a>\n                <\/p>\n            <\/div>\n\n            <div class=\"acciones text-center\">\n                \n                <p class=\"price\">25,00 \u20ac<\/p>\n            <\/div>\n        <\/div><div class=\"col-xs-6 col-sm-6 col-md-6 col-lg-4 item-product\">\n            <div class=\"product-list text-center\">\n                <p>\n                    <a class=\"product-blog-link\" href=\"https:\/\/www.rayuelainfancia.com\/bebeteca\/289-las-mas-bellas-nanas-del-mundo.html?utm_campaign=productBlogPost\" title=\"LAS M  S BELLAS NANAS DEL MUNDO\">\n                        <img src=\"\/\/www.rayuelainfancia.com\/559340-home_default\/las-mas-bellas-nanas-del-mundo.jpg\" alt=\"LAS M  S BELLAS NANAS DEL MUNDO\" class=\"img-responsive\"><span>LAS M\u00c1S BELLAS NANAS DEL MUNDO<\/span><\/a>\n                <\/p>\n            <\/div>\n\n            <div class=\"acciones text-center\">\n                \n                <p class=\"price\">25,00 \u20ac<\/p>\n            <\/div>\n        <\/div><\/div>\n<h3>Libros de tela con mucho cuento<\/h3>\n<p style=\"text-align: justify;\">Los <span style=\"color: #ff6600;\"><a style=\"color: #ff6600;\" href=\"https:\/\/www.rayuelainfancia.com\/41-libros-para-bebes#\/categorias-libros_de_tela\"><strong>libros de tela<\/strong><\/a><\/span> son sin duda una estupenda manera de <strong>iniciar a los beb\u00e9s en el mundo de los libros<\/strong>, de los cuentos, de las historias.<\/p>\n<p style=\"text-align: justify;\">En Rayuelainfancia, pod\u00e9is encontrar una buena selecci\u00f3n y hoy queremos hablaros de tres <strong>libros de tela que son un regalo muy especial<\/strong> para cualquier beb\u00e9.<\/p>\n<p><img loading=\"lazy\" class=\"alignnone size-full wp-image-3105 aligncenter\" src=\"http:\/\/www.rayuelainfancia.com\/blog\/wp-content\/uploads\/2018\/12\/caperucita-roja-libro-de-tela-lilliputiens.jpg\" alt=\"LIBRO DE TELA CAPERUCITA ROJA LILLIPUTIENS REGALOS ESPECIALES PARA BEBES\" width=\"1200\" height=\"726\" srcset=\"https:\/\/www.rayuelainfancia.com\/blog\/wp-content\/uploads\/2018\/12\/caperucita-roja-libro-de-tela-lilliputiens.jpg 1200w, https:\/\/www.rayuelainfancia.com\/blog\/wp-content\/uploads\/2018\/12\/caperucita-roja-libro-de-tela-lilliputiens-300x182.jpg 300w, https:\/\/www.rayuelainfancia.com\/blog\/wp-content\/uploads\/2018\/12\/caperucita-roja-libro-de-tela-lilliputiens-768x465.jpg 768w, https:\/\/www.rayuelainfancia.com\/blog\/wp-content\/uploads\/2018\/12\/caperucita-roja-libro-de-tela-lilliputiens-1024x620.jpg 1024w\" sizes=\"(max-width: 1200px) 100vw, 1200px\" \/><\/p>\n<p>&nbsp;<\/p>\n<p style=\"text-align: justify;\">Tres <strong>cuentos cl\u00e1sicos<\/strong>, que todas y todos conocemos, en un <strong>formato libro juego<\/strong>, con todo lujo de detalles y un sinf\u00edn de elementos para explorar, tocar, descubrir&#8230;<\/p>\n<p><img loading=\"lazy\" class=\"size-full wp-image-3108 aligncenter\" src=\"http:\/\/www.rayuelainfancia.com\/blog\/wp-content\/uploads\/2018\/12\/los-tres-cerditos-libro-de-tela-lilliputiens.jpg\" alt=\"LIBROS DE TELA LOS TRES CERDITOS LILLIPUTIENS REGALOS ESPECIALES PARA BEBES \" width=\"1200\" height=\"900\" srcset=\"https:\/\/www.rayuelainfancia.com\/blog\/wp-content\/uploads\/2018\/12\/los-tres-cerditos-libro-de-tela-lilliputiens.jpg 1200w, https:\/\/www.rayuelainfancia.com\/blog\/wp-content\/uploads\/2018\/12\/los-tres-cerditos-libro-de-tela-lilliputiens-300x225.jpg 300w, https:\/\/www.rayuelainfancia.com\/blog\/wp-content\/uploads\/2018\/12\/los-tres-cerditos-libro-de-tela-lilliputiens-768x576.jpg 768w, https:\/\/www.rayuelainfancia.com\/blog\/wp-content\/uploads\/2018\/12\/los-tres-cerditos-libro-de-tela-lilliputiens-1024x768.jpg 1024w\" sizes=\"(max-width: 1200px) 100vw, 1200px\" \/><\/p>\n<p style=\"text-align: justify;\"><span style=\"color: #ff6600;\"><a style=\"color: #ff6600;\" href=\"https:\/\/www.rayuelainfancia.com\/libros-de-tela\/1075-caperucita-roja-librotela.html\"><em>Caperucita Roja<\/em><\/a><\/span>, <a href=\"https:\/\/www.rayuelainfancia.com\/libros-de-tela\/3730-los-tres-cerditos-libro-tela.html\"><em><span style=\"color: #ff6600;\">Los tres cerditos<\/span><\/em><\/a> y <a href=\"https:\/\/www.rayuelainfancia.com\/libros-de-tela\/7392-los-siete-cabritillos-libro-tela.html\"><em><span style=\"color: #ff6600;\">Los siete<\/span> <span style=\"color: #ff6600;\">cabritillos<\/span> <span style=\"color: #ff6600;\">y el lobo<\/span><\/em><\/a> son los <strong>tres cuentos que podemos disfrutar<\/strong>\u00a0en este formato tan especial.<\/p>\n<div id=\"product_list\" class=\"row\"><div class=\"col-xs-6 col-sm-6 col-md-6 col-lg-4 item-product\">\n            <div class=\"product-list text-center\">\n                <p>\n                    <a class=\"product-blog-link\" href=\"https:\/\/www.rayuelainfancia.com\/bebeteca\/1075-caperucita-roja-libro-tela.html?utm_campaign=productBlogPost\" title=\"EL LIBRO DE TELA DE CAPERUCITA ROJA LILLIPUTIENS\">\n                        <img src=\"\/\/www.rayuelainfancia.com\/982-home_default\/caperucita-roja-libro-tela.jpg\" alt=\"EL LIBRO DE TELA DE CAPERUCITA ROJA LILLIPUTIENS\" class=\"img-responsive\"><span>EL LIBRO DE TELA DE CAPERUCITA ROJA LILLIPUTIENS<\/span><\/a>\n                <\/p>\n            <\/div>\n\n            <div class=\"acciones text-center\">\n                \n                <p class=\"price\">43,50 \u20ac<\/p>\n            <\/div>\n        <\/div><div class=\"col-xs-6 col-sm-6 col-md-6 col-lg-4 item-product\">\n            <div class=\"product-list text-center\">\n                <p>\n                    <a class=\"product-blog-link\" href=\"https:\/\/www.rayuelainfancia.com\/bebeteca\/3730-los-tres-cerditos-libro-tela.html?utm_campaign=productBlogPost\" title=\"LOS TRES CERDITOS LIBRO TELA\">\n                        <img src=\"\/\/www.rayuelainfancia.com\/6757-home_default\/los-tres-cerditos-libro-tela.jpg\" alt=\"LOS TRES CERDITOS LIBRO TELA\" class=\"img-responsive\"><span>LOS TRES CERDITOS LIBRO TELA<\/span><\/a>\n                <\/p>\n            <\/div>\n\n            <div class=\"acciones text-center\">\n                \n                <p class=\"price\">39,95 \u20ac<\/p>\n            <\/div>\n        <\/div><div class=\"col-xs-6 col-sm-6 col-md-6 col-lg-4 item-product\">\n            <div class=\"product-list text-center\">\n                <p>\n                    <a class=\"product-blog-link\" href=\"https:\/\/www.rayuelainfancia.com\/bebeteca\/7392-los-siete-cabritillos-libro-tela.html?utm_campaign=productBlogPost\" title=\"LIBRO DE TELA LOS SIETE CABRITILLOS\">\n                        <img src=\"\/\/www.rayuelainfancia.com\/10073-home_default\/los-siete-cabritillos-libro-tela.jpg\" alt=\"LIBRO DE TELA LOS SIETE CABRITILLOS\" class=\"img-responsive\"><span>LIBRO DE TELA LOS SIETE CABRITILLOS<\/span><\/a>\n                <\/p>\n            <\/div>\n\n            <div class=\"acciones text-center\">\n                \n                <p class=\"price\">39,95 \u20ac<\/p>\n            <\/div>\n        <\/div><\/div>\n<h3 style=\"text-align: justify;\">Juegos de madera<\/h3>\n<p style=\"text-align: justify;\">Para los m\u00e1s peque\u00f1os, encontramos gran variedad de <a href=\"https:\/\/www.rayuelainfancia.com\/23-bebes-0-3-anos#\/categorias-de_madera\"><strong><span style=\"color: #ff6600;\">juegos de madera<\/span><\/strong><\/a>, un <strong>material agradable y natural<\/strong>, que lejos de la frialdad del pl\u00e1stico, nos acerca a un <strong>juego m\u00e1s sostenible<\/strong> y m\u00e1s respetuoso con el medio ambiente.<\/p>\n<p><img loading=\"lazy\" class=\"alignnone size-full wp-image-3109 aligncenter\" src=\"http:\/\/www.rayuelainfancia.com\/blog\/wp-content\/uploads\/2018\/12\/apilable-sensorial-1.jpg\" alt=\"CONSTRUCCION SENSORIAL DE MADERA REGALOS ESPECIALES PARA BEBES\" width=\"674\" height=\"516\" srcset=\"https:\/\/www.rayuelainfancia.com\/blog\/wp-content\/uploads\/2018\/12\/apilable-sensorial-1.jpg 674w, https:\/\/www.rayuelainfancia.com\/blog\/wp-content\/uploads\/2018\/12\/apilable-sensorial-1-300x230.jpg 300w\" sizes=\"(max-width: 674px) 100vw, 674px\" \/><\/p>\n<p style=\"text-align: justify;\">Los juguetes de madera adem\u00e1s, <strong>estimulan el sentido del tacto<\/strong> y promueven la creatividad. A nosotros nos encantan y lo m\u00e1s importante, a los beb\u00e9s tambi\u00e9n.<\/p>\n<p><img loading=\"lazy\" class=\"size-full wp-image-3110 aligncenter\" src=\"http:\/\/www.rayuelainfancia.com\/blog\/wp-content\/uploads\/2018\/12\/TRAIN-FOREST-JANOD.jpg\" alt=\"TREN DE MADERA TRAIN FOREST JANOD REGALOS ESPECIALES PARA BEBES\" width=\"1200\" height=\"516\" srcset=\"https:\/\/www.rayuelainfancia.com\/blog\/wp-content\/uploads\/2018\/12\/TRAIN-FOREST-JANOD.jpg 1200w, https:\/\/www.rayuelainfancia.com\/blog\/wp-content\/uploads\/2018\/12\/TRAIN-FOREST-JANOD-300x129.jpg 300w, https:\/\/www.rayuelainfancia.com\/blog\/wp-content\/uploads\/2018\/12\/TRAIN-FOREST-JANOD-768x330.jpg 768w, https:\/\/www.rayuelainfancia.com\/blog\/wp-content\/uploads\/2018\/12\/TRAIN-FOREST-JANOD-1024x440.jpg 1024w\" sizes=\"(max-width: 1200px) 100vw, 1200px\" \/><\/p>\n<p style=\"text-align: justify;\"><strong>Construcciones, encajes, caminadores&#8230;<\/strong> Las posibilidades son muchas y <strong>el juego est\u00e1 garantizado<\/strong>. Adem\u00e1s, los juguetes de madera, son muy resistentes, resultando muy duraderos y acompa\u00f1ando a los ni\u00f1os en distintas etapas de crecimiento.<\/p>\n<div id=\"product_list\" class=\"row\"><div class=\"col-xs-6 col-sm-6 col-md-6 col-lg-4 item-product\">\n            <div class=\"product-list text-center\">\n                <p>\n                    <a class=\"product-blog-link\" href=\"https:\/\/www.rayuelainfancia.com\/toddlers-1-3-anos\/7342-apilable-bloques-sensoriales.html?utm_campaign=productBlogPost\" title=\"APILABLE  BLOQUES SENSORIALES\">\n                        <img src=\"\/\/www.rayuelainfancia.com\/9915-home_default\/apilable-bloques-sensoriales.jpg\" alt=\"APILABLE  BLOQUES SENSORIALES\" class=\"img-responsive\"><span>APILABLE  BLOQUES SENSORIALES<\/span><\/a>\n                <\/p>\n            <\/div>\n\n            <div class=\"acciones text-center\">\n                \n                <p class=\"price\">24,95 \u20ac<\/p>\n            <\/div>\n        <\/div><div class=\"col-xs-6 col-sm-6 col-md-6 col-lg-4 item-product\">\n            <div class=\"product-list text-center\">\n                <p>\n                    <a class=\"product-blog-link\" href=\"https:\/\/www.rayuelainfancia.com\/toddlers-1-3-anos\/1022-arrastre-perrito.html?utm_campaign=productBlogPost\" title=\"ARRASTRE PERRITO\">\n                        <img src=\"\/\/www.rayuelainfancia.com\/15005-home_default\/arrastre-perrito.jpg\" alt=\"ARRASTRE PERRITO\" class=\"img-responsive\"><span>ARRASTRE PERRITO<\/span><\/a>\n                <\/p>\n            <\/div>\n\n            <div class=\"acciones text-center\">\n                \n                <p class=\"price\">24,95 \u20ac<\/p>\n            <\/div>\n        <\/div><div class=\"col-xs-6 col-sm-6 col-md-6 col-lg-4 item-product\">\n            <div class=\"product-list text-center\">\n                <p>\n                    <a class=\"product-blog-link\" href=\"https:\/\/www.rayuelainfancia.com\/toddlers-1-3-anos\/3503-tren-baby-forest.html?utm_campaign=productBlogPost\" title=\"TREN BABY FOREST\">\n                        <img src=\"\/\/www.rayuelainfancia.com\/4875-home_default\/tren-baby-forest.jpg\" alt=\"TREN BABY FOREST\" class=\"img-responsive\"><span>TREN BABY FOREST<\/span><\/a>\n                <\/p>\n            <\/div>\n\n            <div class=\"acciones text-center\">\n                \n                <p class=\"price\">26,95 \u20ac<\/p>\n            <\/div>\n        <\/div><\/div>\n<h3 style=\"text-align: justify;\">Colecci\u00f3n De la cuna a la Luna<\/h3>\n<p style=\"text-align: justify;\">La colecci\u00f3n<strong><em>\u00a0<span style=\"color: #ff6600;\"><a style=\"color: #ff6600;\" href=\"http:\/\/www.rayuelainfancia.com\/58-de-la-cuna-a-la-luna\">De la cuna a la luna<\/a><\/span><\/em><\/strong>\u00a0es una<strong> primera colecci\u00f3n de libros para beb\u00e9s <\/strong>especialmente dise\u00f1ada para ellos. Con textos de <strong>Antonio Rubio<\/strong> y las maravillosas ilustraciones de <strong>\u00d3scar Vill\u00e1n<\/strong>, estos libros con\u00a0<strong>poegramas o poemas visuales<\/strong>\u00a0son perfectos para despertar el inter\u00e9s por los libros en los m\u00e1s peque\u00f1os.<\/p>\n<p>&nbsp;<\/p>\n<p><img loading=\"lazy\" class=\"size-full wp-image-3102 aligncenter\" src=\"http:\/\/www.rayuelainfancia.com\/blog\/wp-content\/uploads\/2018\/12\/coleccion-de-la-cuna-a-la-luna-.jpg\" alt=\"COLECCION DE LA CUNA A LA LUNA REGALOS ESPECIALES PARA BEBES \" width=\"1200\" height=\"857\" srcset=\"https:\/\/www.rayuelainfancia.com\/blog\/wp-content\/uploads\/2018\/12\/coleccion-de-la-cuna-a-la-luna-.jpg 1200w, https:\/\/www.rayuelainfancia.com\/blog\/wp-content\/uploads\/2018\/12\/coleccion-de-la-cuna-a-la-luna--300x214.jpg 300w, https:\/\/www.rayuelainfancia.com\/blog\/wp-content\/uploads\/2018\/12\/coleccion-de-la-cuna-a-la-luna--768x548.jpg 768w, https:\/\/www.rayuelainfancia.com\/blog\/wp-content\/uploads\/2018\/12\/coleccion-de-la-cuna-a-la-luna--1024x731.jpg 1024w\" sizes=\"(max-width: 1200px) 100vw, 1200px\" \/><\/p>\n<p style=\"text-align: justify;\">Nos permiten\u00a0<strong>jugar con las palabras, <\/strong>con primeros versos y<strong> contar y cantar<\/strong>\u00a0para hacerlos muy atractivos para los que a\u00fan no saben leer. Las ilustraciones son transcripciones de los textos, de manera que ni\u00f1as y ni\u00f1os pueden seguir el hilo leyendo las im\u00e1genes.<\/p>\n<div id=\"product_list\" class=\"row\"><div class=\"col-xs-6 col-sm-6 col-md-6 col-lg-4 item-product\">\n            <div class=\"product-list text-center\">\n                <p>\n                    <a class=\"product-blog-link\" href=\"https:\/\/www.rayuelainfancia.com\/bebeteca\/112-luna.html?utm_campaign=productBlogPost\" title=\"LUNA\">\n                        <img src=\"\/\/www.rayuelainfancia.com\/92-home_default\/luna.jpg\" alt=\"LUNA\" class=\"img-responsive\"><span>LUNA<\/span><\/a>\n                <\/p>\n            <\/div>\n\n            <div class=\"acciones text-center\">\n                \n                <p class=\"price\">9,50 \u20ac<\/p>\n            <\/div>\n        <\/div><div class=\"col-xs-6 col-sm-6 col-md-6 col-lg-4 item-product\">\n            <div class=\"product-list text-center\">\n                <p>\n                    <a class=\"product-blog-link\" href=\"https:\/\/www.rayuelainfancia.com\/bebeteca\/416-arbol.html?utm_campaign=productBlogPost\" title=\"  RBOL\">\n                        <img src=\"\/\/www.rayuelainfancia.com\/362-home_default\/arbol.jpg\" alt=\"  RBOL\" class=\"img-responsive\"><span>\u00c1RBOL<\/span><\/a>\n                <\/p>\n            <\/div>\n\n            <div class=\"acciones text-center\">\n                \n                <p class=\"price\">9,50 \u20ac<\/p>\n            <\/div>\n        <\/div><div class=\"col-xs-6 col-sm-6 col-md-6 col-lg-4 item-product\">\n            <div class=\"product-list text-center\">\n                <p>\n                    <a class=\"product-blog-link\" href=\"https:\/\/www.rayuelainfancia.com\/bebeteca\/79-cocodrilo.html?utm_campaign=productBlogPost\" title=\"COCODRILO\">\n                        <img src=\"\/\/www.rayuelainfancia.com\/66-home_default\/cocodrilo.jpg\" alt=\"COCODRILO\" class=\"img-responsive\"><span>COCODRILO<\/span><\/a>\n                <\/p>\n            <\/div>\n\n            <div class=\"acciones text-center\">\n                \n                <p class=\"price\">9,50 \u20ac<\/p>\n            <\/div>\n        <\/div><\/div>\n<h3 style=\"text-align: justify;\">Juegos motrices<\/h3>\n<p style=\"text-align: justify;\" align=\"left\">Una adecuada\u00a0<strong>coordinaci\u00f3n del movimiento del cuerpo\u00a0<\/strong>aporta<strong>\u00a0independencia y autonom\u00eda<\/strong>. A los ni\u00f1os y ni\u00f1as, los<strong>\u00a0<a href=\"http:\/\/www.rayuelainfancia.com\/18-motricidad\"><span style=\"color: #ff6600;\">juegos que estimulan las habilidades motoras<\/span><\/a><\/strong>\u00a0les divierten mucho.<\/p>\n<p align=\"left\"><img loading=\"lazy\" class=\"size-full wp-image-3111 aligncenter\" src=\"http:\/\/www.rayuelainfancia.com\/blog\/wp-content\/uploads\/2018\/12\/banjo-caballo-balancin-1.jpg\" alt=\"BANJO CABALLO BALANCIN B.TOYS REGALOS ESPECIALES PARA BEBES\" width=\"634\" height=\"624\" srcset=\"https:\/\/www.rayuelainfancia.com\/blog\/wp-content\/uploads\/2018\/12\/banjo-caballo-balancin-1.jpg 634w, https:\/\/www.rayuelainfancia.com\/blog\/wp-content\/uploads\/2018\/12\/banjo-caballo-balancin-1-300x295.jpg 300w, https:\/\/www.rayuelainfancia.com\/blog\/wp-content\/uploads\/2018\/12\/banjo-caballo-balancin-1-60x60.jpg 60w\" sizes=\"(max-width: 634px) 100vw, 634px\" \/><\/p>\n<p style=\"text-align: justify;\" align=\"left\">Y es que para aprender y desarrollarse necesitan sobre todo una cosa, moverse. <strong>Moverse en libertad<\/strong> para ir comprobando a partir de su propio cuerpo<strong> c\u00f3mo funciona el mundo, y cu\u00e1les son los l\u00edmites.<\/strong><\/p>\n<p align=\"left\"><img loading=\"lazy\" class=\"size-full wp-image-3097 aligncenter\" src=\"http:\/\/www.rayuelainfancia.com\/blog\/wp-content\/uploads\/2018\/12\/caminador-musical-pajarito-lilly.jpg\" alt=\"CAMINADOR LILLY HAPE REGALOS ESPECIALES PARA BEBES\" width=\"800\" height=\"800\" srcset=\"https:\/\/www.rayuelainfancia.com\/blog\/wp-content\/uploads\/2018\/12\/caminador-musical-pajarito-lilly.jpg 800w, https:\/\/www.rayuelainfancia.com\/blog\/wp-content\/uploads\/2018\/12\/caminador-musical-pajarito-lilly-150x150.jpg 150w, https:\/\/www.rayuelainfancia.com\/blog\/wp-content\/uploads\/2018\/12\/caminador-musical-pajarito-lilly-300x300.jpg 300w, https:\/\/www.rayuelainfancia.com\/blog\/wp-content\/uploads\/2018\/12\/caminador-musical-pajarito-lilly-768x768.jpg 768w, https:\/\/www.rayuelainfancia.com\/blog\/wp-content\/uploads\/2018\/12\/caminador-musical-pajarito-lilly-60x60.jpg 60w\" sizes=\"(max-width: 800px) 100vw, 800px\" \/><\/p>\n<p style=\"text-align: justify;\" align=\"left\">Es un<strong> aprendizaje que surge de forma natural<\/strong>, pero cuando adem\u00e1s ponemos a su alcance<strong> juegos que lo estimulan<\/strong>, se divierten y disfrutan y por supuesto, nos hacen disfrutar a nosotros al ver c\u00f3mo <strong>aprenden y crecen&#8230; jugando.<\/strong><\/p>\n<p align=\"left\"><div id=\"product_list\" class=\"row\"><div class=\"col-xs-6 col-sm-6 col-md-6 col-lg-4 item-product\">\n            <div class=\"product-list text-center\">\n                <p>\n                    <a class=\"product-blog-link\" href=\"https:\/\/www.rayuelainfancia.com\/toddlers-1-3-anos\/3430-banjo-caballo-balancin.html?utm_campaign=productBlogPost\" title=\"CABALLO BALANC  N BLANDITO BEB  \">\n                        <img src=\"\/\/www.rayuelainfancia.com\/14882-home_default\/banjo-caballo-balancin.jpg\" alt=\"CABALLO BALANC  N BLANDITO BEB  \" class=\"img-responsive\"><span>CABALLO BALANC\u00cdN BLANDITO BEB\u00c9<\/span><\/a>\n                <\/p>\n            <\/div>\n\n            <div class=\"acciones text-center\">\n                \n                <p class=\"price\">79,90 \u20ac<\/p>\n            <\/div>\n        <\/div><div class=\"col-xs-6 col-sm-6 col-md-6 col-lg-4 item-product\">\n            <div class=\"product-list text-center\">\n                <p>\n                    <a class=\"product-blog-link\" href=\"https:\/\/www.rayuelainfancia.com\/toddlers-1-3-anos\/1133-hipo-saltarin-hinchable.html?utm_campaign=productBlogPost\" title=\"HIPO SALTAR  N HINCHABLE\">\n                        <img src=\"\/\/www.rayuelainfancia.com\/995269-home_default\/hipo-saltarin-hinchable.jpg\" alt=\"HIPO SALTAR  N HINCHABLE\" class=\"img-responsive\"><span>HIPO SALTAR\u00cdN HINCHABLE<\/span><\/a>\n                <\/p>\n            <\/div>\n\n            <div class=\"acciones text-center\">\n                \n                <p class=\"price\">39,95 \u20ac<\/p>\n            <\/div>\n        <\/div><div class=\"col-xs-6 col-sm-6 col-md-6 col-lg-4 item-product\">\n            <div class=\"product-list text-center\">\n                <p>\n                    <a class=\"product-blog-link\" href=\"https:\/\/www.rayuelainfancia.com\/toddlers-1-3-anos\/6846-arrastre-musical-pajarito.html?utm_campaign=productBlogPost\" title=\"ARRASTRE MUSICAL PAJARITO\">\n                        <img src=\"\/\/www.rayuelainfancia.com\/8883-home_default\/arrastre-musical-pajarito.jpg\" alt=\"ARRASTRE MUSICAL PAJARITO\" class=\"img-responsive\"><span>ARRASTRE MUSICAL PAJARITO<\/span><\/a>\n                <\/p>\n            <\/div>\n\n            <div class=\"acciones text-center\">\n                \n                <p class=\"price\">29,95 \u20ac<\/p>\n            <\/div>\n        <\/div><\/div><\/p>\n<p style=\"text-align: justify;\" align=\"left\">Con esto terminamos este selecci\u00f3n de <strong>REGALOS ESPECIALES para ni\u00f1as y ni\u00f1os de 0-3 a\u00f1os. <\/strong>Pod\u00e9is encontrar muchos m\u00e1s libros y juegos seleccionados para esta edad en la librer\u00eda y en la<strong><span style=\"color: #ff6600;\">\u00a0<\/span><\/strong><a href=\"http:\/\/www.rayuelainfancia.com\"><strong><span style=\"color: #ff6600;\">tienda online<\/span><\/strong><\/a><span style=\"color: #ff6600;\">.<\/span><\/p>\n<p style=\"text-align: justify;\" align=\"left\">Esperamos que os gusten las<strong> ideas<\/strong> y que os sirvan para <strong>hacer ese regalo especial que tienes en mente<\/strong>. Nos ponemos a trabajar sobre las siguientes sugerencias de REGALOS para NI\u00d1AS Y NI\u00d1OS de 3 a 6 a\u00f1os&#8230; En breve lo compartimos \ud83d\ude09<\/p>\n","protected":false},"excerpt":{"rendered":"<p>En estas fechas en el que el REGALO adquiere un gran protagonismo, nos hace especial ilusi\u00f3n poder darte algunas ideas para aquellos que reciben sus primeros regalos, LOS BEB\u00c9S.<\/p>\n","protected":false},"author":6,"featured_media":3149,"comment_status":"open","ping_status":"open","sticky":false,"template":"","format":"standard","meta":[],"categories":[22,21,64],"tags":[],"yoast_head":"<!-- This site is optimized with the Yoast SEO plugin v18.5.1 - https:\/\/yoast.com\/wordpress\/plugins\/seo\/ -->\n<title>REGALOS ESPECIALES PARA BEB\u00c9S 0-3 A\u00d1OS &#8902; Blog de Rayuelainfancia<\/title>\n<meta name=\"robots\" content=\"index, follow, max-snippet:-1, max-image-preview:large, max-video-preview:-1\" \/>\n<link rel=\"canonical\" href=\"https:\/\/www.rayuelainfancia.com\/blog\/regalos-especiales-para-bebes-0-3-anos\/\" \/>\n<meta property=\"og:locale\" content=\"es_ES\" \/>\n<meta property=\"og:type\" content=\"article\" \/>\n<meta property=\"og:title\" content=\"REGALOS ESPECIALES PARA BEB\u00c9S 0-3 A\u00d1OS &#8902; Blog de Rayuelainfancia\" \/>\n<meta property=\"og:description\" content=\"En estas fechas en el que el REGALO adquiere un gran protagonismo, nos hace especial ilusi\u00f3n poder darte algunas ideas para aquellos que reciben sus primeros regalos, LOS BEB\u00c9S.\" \/>\n<meta property=\"og:url\" content=\"https:\/\/www.rayuelainfancia.com\/blog\/regalos-especiales-para-bebes-0-3-anos\/\" \/>\n<meta property=\"og:site_name\" content=\"Blog de Rayuelainfancia\" \/>\n<meta property=\"article:publisher\" content=\"https:\/\/www.facebook.com\/pages\/Librer\u00eda-Rayuela\/251861686361\" \/>\n<meta property=\"article:published_time\" content=\"2018-12-12T23:32:33+00:00\" \/>\n<meta property=\"article:modified_time\" content=\"2020-06-25T10:42:01+00:00\" \/>\n<meta property=\"og:image\" content=\"https:\/\/www.rayuelainfancia.com\/blog\/wp-content\/uploads\/2018\/12\/jueguetes-0-3.jpg\" \/>\n\t<meta property=\"og:image:width\" content=\"750\" \/>\n\t<meta property=\"og:image:height\" content=\"410\" \/>\n\t<meta property=\"og:image:type\" content=\"image\/jpeg\" \/>\n<meta name=\"twitter:card\" content=\"summary\" \/>\n<meta name=\"twitter:creator\" content=\"@Rayuelainfancia\" \/>\n<meta name=\"twitter:site\" content=\"@Rayuelainfancia\" \/>\n<meta name=\"twitter:label1\" content=\"Written by\" \/>\n\t<meta name=\"twitter:data1\" content=\"Rayuelainfancia\" \/>\n\t<meta name=\"twitter:label2\" content=\"Est. reading time\" \/>\n\t<meta name=\"twitter:data2\" content=\"4 minutos\" \/>\n<script type=\"application\/ld+json\" class=\"yoast-schema-graph\">{\"@context\":\"https:\/\/schema.org\",\"@graph\":[{\"@type\":\"Organization\",\"@id\":\"https:\/\/www.rayuelainfancia.com\/blog\/#organization\",\"name\":\"Rayuelainfancia\",\"url\":\"https:\/\/www.rayuelainfancia.com\/blog\/\",\"sameAs\":[\"https:\/\/www.facebook.com\/pages\/Librer\u00eda-Rayuela\/251861686361\",\"https:\/\/www.youtube.com\/channel\/UCddVaoDjpTp-DexyEVoyazQ\",\"https:\/\/twitter.com\/Rayuelainfancia\"],\"logo\":{\"@type\":\"ImageObject\",\"@id\":\"https:\/\/www.rayuelainfancia.com\/blog\/#logo\",\"inLanguage\":\"es\",\"url\":\"https:\/\/www.rayuelainfancia.com\/blog\/wp-content\/uploads\/2018\/06\/logo-rayuelainfancia-color-corporativo.png\",\"contentUrl\":\"https:\/\/www.rayuelainfancia.com\/blog\/wp-content\/uploads\/2018\/06\/logo-rayuelainfancia-color-corporativo.png\",\"width\":1200,\"height\":680,\"caption\":\"Rayuelainfancia\"},\"image\":{\"@id\":\"https:\/\/www.rayuelainfancia.com\/blog\/#logo\"}},{\"@type\":\"WebSite\",\"@id\":\"https:\/\/www.rayuelainfancia.com\/blog\/#website\",\"url\":\"https:\/\/www.rayuelainfancia.com\/blog\/\",\"name\":\"Blog de Rayuelainfancia\",\"description\":\"Libros infantiles y juegos educaticos respestuosos con la infancia\",\"publisher\":{\"@id\":\"https:\/\/www.rayuelainfancia.com\/blog\/#organization\"},\"potentialAction\":[{\"@type\":\"SearchAction\",\"target\":{\"@type\":\"EntryPoint\",\"urlTemplate\":\"https:\/\/www.rayuelainfancia.com\/blog\/?s={search_term_string}\"},\"query-input\":\"required name=search_term_string\"}],\"inLanguage\":\"es\"},{\"@type\":\"ImageObject\",\"@id\":\"https:\/\/www.rayuelainfancia.com\/blog\/regalos-especiales-para-bebes-0-3-anos\/#primaryimage\",\"inLanguage\":\"es\",\"url\":\"https:\/\/www.rayuelainfancia.com\/blog\/wp-content\/uploads\/2018\/12\/jueguetes-0-3.jpg\",\"contentUrl\":\"https:\/\/www.rayuelainfancia.com\/blog\/wp-content\/uploads\/2018\/12\/jueguetes-0-3.jpg\",\"width\":750,\"height\":410},{\"@type\":\"WebPage\",\"@id\":\"https:\/\/www.rayuelainfancia.com\/blog\/regalos-especiales-para-bebes-0-3-anos\/#webpage\",\"url\":\"https:\/\/www.rayuelainfancia.com\/blog\/regalos-especiales-para-bebes-0-3-anos\/\",\"name\":\"REGALOS ESPECIALES PARA BEB\u00c9S 0-3 A\u00d1OS &#8902; Blog de Rayuelainfancia\",\"isPartOf\":{\"@id\":\"https:\/\/www.rayuelainfancia.com\/blog\/#website\"},\"primaryImageOfPage\":{\"@id\":\"https:\/\/www.rayuelainfancia.com\/blog\/regalos-especiales-para-bebes-0-3-anos\/#primaryimage\"},\"datePublished\":\"2018-12-12T23:32:33+00:00\",\"dateModified\":\"2020-06-25T10:42:01+00:00\",\"breadcrumb\":{\"@id\":\"https:\/\/www.rayuelainfancia.com\/blog\/regalos-especiales-para-bebes-0-3-anos\/#breadcrumb\"},\"inLanguage\":\"es\",\"potentialAction\":[{\"@type\":\"ReadAction\",\"target\":[\"https:\/\/www.rayuelainfancia.com\/blog\/regalos-especiales-para-bebes-0-3-anos\/\"]}]},{\"@type\":\"BreadcrumbList\",\"@id\":\"https:\/\/www.rayuelainfancia.com\/blog\/regalos-especiales-para-bebes-0-3-anos\/#breadcrumb\",\"itemListElement\":[{\"@type\":\"ListItem\",\"position\":1,\"name\":\"Portada\",\"item\":\"https:\/\/www.rayuelainfancia.com\/blog\/\"},{\"@type\":\"ListItem\",\"position\":2,\"name\":\"REGALOS ESPECIALES PARA BEB\u00c9S 0-3 A\u00d1OS\"}]},{\"@type\":\"Article\",\"@id\":\"https:\/\/www.rayuelainfancia.com\/blog\/regalos-especiales-para-bebes-0-3-anos\/#article\",\"isPartOf\":{\"@id\":\"https:\/\/www.rayuelainfancia.com\/blog\/regalos-especiales-para-bebes-0-3-anos\/#webpage\"},\"author\":{\"@id\":\"https:\/\/www.rayuelainfancia.com\/blog\/#\/schema\/person\/c1aff250c5154e35f53f26d0eba10c45\"},\"headline\":\"REGALOS ESPECIALES PARA BEB\u00c9S 0-3 A\u00d1OS\",\"datePublished\":\"2018-12-12T23:32:33+00:00\",\"dateModified\":\"2020-06-25T10:42:01+00:00\",\"mainEntityOfPage\":{\"@id\":\"https:\/\/www.rayuelainfancia.com\/blog\/regalos-especiales-para-bebes-0-3-anos\/#webpage\"},\"wordCount\":874,\"commentCount\":1,\"publisher\":{\"@id\":\"https:\/\/www.rayuelainfancia.com\/blog\/#organization\"},\"image\":{\"@id\":\"https:\/\/www.rayuelainfancia.com\/blog\/regalos-especiales-para-bebes-0-3-anos\/#primaryimage\"},\"thumbnailUrl\":\"https:\/\/www.rayuelainfancia.com\/blog\/wp-content\/uploads\/2018\/12\/jueguetes-0-3.jpg\",\"articleSection\":[\"Juegos\",\"Literatura Infantil\",\"Recomendaciones Libros y Juguetes\"],\"inLanguage\":\"es\",\"potentialAction\":[{\"@type\":\"CommentAction\",\"name\":\"Comment\",\"target\":[\"https:\/\/www.rayuelainfancia.com\/blog\/regalos-especiales-para-bebes-0-3-anos\/#respond\"]}]},{\"@type\":\"Person\",\"@id\":\"https:\/\/www.rayuelainfancia.com\/blog\/#\/schema\/person\/c1aff250c5154e35f53f26d0eba10c45\",\"name\":\"Rayuelainfancia\",\"image\":{\"@type\":\"ImageObject\",\"@id\":\"https:\/\/www.rayuelainfancia.com\/blog\/#personlogo\",\"inLanguage\":\"es\",\"url\":\"https:\/\/secure.gravatar.com\/avatar\/8bf03e7a4bb13ca5c7d0dc6acde2bfd1?s=96&d=mm&r=g\",\"contentUrl\":\"https:\/\/secure.gravatar.com\/avatar\/8bf03e7a4bb13ca5c7d0dc6acde2bfd1?s=96&d=mm&r=g\",\"caption\":\"Rayuelainfancia\"}}]}<\/script>\n<!-- \/ Yoast SEO plugin. -->","yoast_head_json":{"title":"REGALOS ESPECIALES PARA BEB\u00c9S 0-3 A\u00d1OS &#8902; Blog de Rayuelainfancia","robots":{"index":"index","follow":"follow","max-snippet":"max-snippet:-1","max-image-preview":"max-image-preview:large","max-video-preview":"max-video-preview:-1"},"canonical":"https:\/\/www.rayuelainfancia.com\/blog\/regalos-especiales-para-bebes-0-3-anos\/","og_locale":"es_ES","og_type":"article","og_title":"REGALOS ESPECIALES PARA BEB\u00c9S 0-3 A\u00d1OS &#8902; Blog de Rayuelainfancia","og_description":"En estas fechas en el que el REGALO adquiere un gran protagonismo, nos hace especial ilusi\u00f3n poder darte algunas ideas para aquellos que reciben sus primeros regalos, LOS BEB\u00c9S.","og_url":"https:\/\/www.rayuelainfancia.com\/blog\/regalos-especiales-para-bebes-0-3-anos\/","og_site_name":"Blog de Rayuelainfancia","article_publisher":"https:\/\/www.facebook.com\/pages\/Librer\u00eda-Rayuela\/251861686361","article_published_time":"2018-12-12T23:32:33+00:00","article_modified_time":"2020-06-25T10:42:01+00:00","og_image":[{"width":750,"height":410,"url":"https:\/\/www.rayuelainfancia.com\/blog\/wp-content\/uploads\/2018\/12\/jueguetes-0-3.jpg","type":"image\/jpeg"}],"twitter_card":"summary","twitter_creator":"@Rayuelainfancia","twitter_site":"@Rayuelainfancia","twitter_misc":{"Written by":"Rayuelainfancia","Est. reading time":"4 minutos"},"schema":{"@context":"https:\/\/schema.org","@graph":[{"@type":"Organization","@id":"https:\/\/www.rayuelainfancia.com\/blog\/#organization","name":"Rayuelainfancia","url":"https:\/\/www.rayuelainfancia.com\/blog\/","sameAs":["https:\/\/www.facebook.com\/pages\/Librer\u00eda-Rayuela\/251861686361","https:\/\/www.youtube.com\/channel\/UCddVaoDjpTp-DexyEVoyazQ","https:\/\/twitter.com\/Rayuelainfancia"],"logo":{"@type":"ImageObject","@id":"https:\/\/www.rayuelainfancia.com\/blog\/#logo","inLanguage":"es","url":"https:\/\/www.rayuelainfancia.com\/blog\/wp-content\/uploads\/2018\/06\/logo-rayuelainfancia-color-corporativo.png","contentUrl":"https:\/\/www.rayuelainfancia.com\/blog\/wp-content\/uploads\/2018\/06\/logo-rayuelainfancia-color-corporativo.png","width":1200,"height":680,"caption":"Rayuelainfancia"},"image":{"@id":"https:\/\/www.rayuelainfancia.com\/blog\/#logo"}},{"@type":"WebSite","@id":"https:\/\/www.rayuelainfancia.com\/blog\/#website","url":"https:\/\/www.rayuelainfancia.com\/blog\/","name":"Blog de Rayuelainfancia","description":"Libros infantiles y juegos educaticos respestuosos con la infancia","publisher":{"@id":"https:\/\/www.rayuelainfancia.com\/blog\/#organization"},"potentialAction":[{"@type":"SearchAction","target":{"@type":"EntryPoint","urlTemplate":"https:\/\/www.rayuelainfancia.com\/blog\/?s={search_term_string}"},"query-input":"required name=search_term_string"}],"inLanguage":"es"},{"@type":"ImageObject","@id":"https:\/\/www.rayuelainfancia.com\/blog\/regalos-especiales-para-bebes-0-3-anos\/#primaryimage","inLanguage":"es","url":"https:\/\/www.rayuelainfancia.com\/blog\/wp-content\/uploads\/2018\/12\/jueguetes-0-3.jpg","contentUrl":"https:\/\/www.rayuelainfancia.com\/blog\/wp-content\/uploads\/2018\/12\/jueguetes-0-3.jpg","width":750,"height":410},{"@type":"WebPage","@id":"https:\/\/www.rayuelainfancia.com\/blog\/regalos-especiales-para-bebes-0-3-anos\/#webpage","url":"https:\/\/www.rayuelainfancia.com\/blog\/regalos-especiales-para-bebes-0-3-anos\/","name":"REGALOS ESPECIALES PARA BEB\u00c9S 0-3 A\u00d1OS &#8902; Blog de Rayuelainfancia","isPartOf":{"@id":"https:\/\/www.rayuelainfancia.com\/blog\/#website"},"primaryImageOfPage":{"@id":"https:\/\/www.rayuelainfancia.com\/blog\/regalos-especiales-para-bebes-0-3-anos\/#primaryimage"},"datePublished":"2018-12-12T23:32:33+00:00","dateModified":"2020-06-25T10:42:01+00:00","breadcrumb":{"@id":"https:\/\/www.rayuelainfancia.com\/blog\/regalos-especiales-para-bebes-0-3-anos\/#breadcrumb"},"inLanguage":"es","potentialAction":[{"@type":"ReadAction","target":["https:\/\/www.rayuelainfancia.com\/blog\/regalos-especiales-para-bebes-0-3-anos\/"]}]},{"@type":"BreadcrumbList","@id":"https:\/\/www.rayuelainfancia.com\/blog\/regalos-especiales-para-bebes-0-3-anos\/#breadcrumb","itemListElement":[{"@type":"ListItem","position":1,"name":"Portada","item":"https:\/\/www.rayuelainfancia.com\/blog\/"},{"@type":"ListItem","position":2,"name":"REGALOS ESPECIALES PARA BEB\u00c9S 0-3 A\u00d1OS"}]},{"@type":"Article","@id":"https:\/\/www.rayuelainfancia.com\/blog\/regalos-especiales-para-bebes-0-3-anos\/#article","isPartOf":{"@id":"https:\/\/www.rayuelainfancia.com\/blog\/regalos-especiales-para-bebes-0-3-anos\/#webpage"},"author":{"@id":"https:\/\/www.rayuelainfancia.com\/blog\/#\/schema\/person\/c1aff250c5154e35f53f26d0eba10c45"},"headline":"REGALOS ESPECIALES PARA BEB\u00c9S 0-3 A\u00d1OS","datePublished":"2018-12-12T23:32:33+00:00","dateModified":"2020-06-25T10:42:01+00:00","mainEntityOfPage":{"@id":"https:\/\/www.rayuelainfancia.com\/blog\/regalos-especiales-para-bebes-0-3-anos\/#webpage"},"wordCount":874,"commentCount":1,"publisher":{"@id":"https:\/\/www.rayuelainfancia.com\/blog\/#organization"},"image":{"@id":"https:\/\/www.rayuelainfancia.com\/blog\/regalos-especiales-para-bebes-0-3-anos\/#primaryimage"},"thumbnailUrl":"https:\/\/www.rayuelainfancia.com\/blog\/wp-content\/uploads\/2018\/12\/jueguetes-0-3.jpg","articleSection":["Juegos","Literatura Infantil","Recomendaciones Libros y Juguetes"],"inLanguage":"es","potentialAction":[{"@type":"CommentAction","name":"Comment","target":["https:\/\/www.rayuelainfancia.com\/blog\/regalos-especiales-para-bebes-0-3-anos\/#respond"]}]},{"@type":"Person","@id":"https:\/\/www.rayuelainfancia.com\/blog\/#\/schema\/person\/c1aff250c5154e35f53f26d0eba10c45","name":"Rayuelainfancia","image":{"@type":"ImageObject","@id":"https:\/\/www.rayuelainfancia.com\/blog\/#personlogo","inLanguage":"es","url":"https:\/\/secure.gravatar.com\/avatar\/8bf03e7a4bb13ca5c7d0dc6acde2bfd1?s=96&d=mm&r=g","contentUrl":"https:\/\/secure.gravatar.com\/avatar\/8bf03e7a4bb13ca5c7d0dc6acde2bfd1?s=96&d=mm&r=g","caption":"Rayuelainfancia"}}]}},"_links":{"self":[{"href":"https:\/\/www.rayuelainfancia.com\/blog\/wp-json\/wp\/v2\/posts\/3076"}],"collection":[{"href":"https:\/\/www.rayuelainfancia.com\/blog\/wp-json\/wp\/v2\/posts"}],"about":[{"href":"https:\/\/www.rayuelainfancia.com\/blog\/wp-json\/wp\/v2\/types\/post"}],"author":[{"embeddable":true,"href":"https:\/\/www.rayuelainfancia.com\/blog\/wp-json\/wp\/v2\/users\/6"}],"replies":[{"embeddable":true,"href":"https:\/\/www.rayuelainfancia.com\/blog\/wp-json\/wp\/v2\/comments?post=3076"}],"version-history":[{"count":34,"href":"https:\/\/www.rayuelainfancia.com\/blog\/wp-json\/wp\/v2\/posts\/3076\/revisions"}],"predecessor-version":[{"id":3151,"href":"https:\/\/www.rayuelainfancia.com\/blog\/wp-json\/wp\/v2\/posts\/3076\/revisions\/3151"}],"wp:featuredmedia":[{"embeddable":true,"href":"https:\/\/www.rayuelainfancia.com\/blog\/wp-json\/wp\/v2\/media\/3149"}],"wp:attachment":[{"href":"https:\/\/www.rayuelainfancia.com\/blog\/wp-json\/wp\/v2\/media?parent=3076"}],"wp:term":[{"taxonomy":"category","embeddable":true,"href":"https:\/\/www.rayuelainfancia.com\/blog\/wp-json\/wp\/v2\/categories?post=3076"},{"taxonomy":"post_tag","embeddable":true,"href":"https:\/\/www.rayuelainfancia.com\/blog\/wp-json\/wp\/v2\/tags?post=3076"}],"curies":[{"name":"wp","href":"https:\/\/api.w.org\/{rel}","templated":true}]}}