 {"id":2952,"date":"2018-10-26T13:36:04","date_gmt":"2018-10-26T11:36:04","guid":{"rendered":"http:\/\/www.rayuelainfancia.com\/blog\/?p=2952"},"modified":"2018-10-26T13:36:04","modified_gmt":"2018-10-26T11:36:04","slug":"la-casa-de-los-ratones","status":"publish","type":"post","link":"https:\/\/www.rayuelainfancia.com\/blog\/la-casa-de-los-ratones\/","title":{"rendered":"LA CASA DE LOS RATONES, UN ESCENARIO DE CUENTO"},"content":{"rendered":"<p style=\"text-align: justify;\"><a href=\"http:\/\/www.rayuelainfancia.com\/124-la-casa-de-los-ratones\"><em><strong>La Casa de los Ratones<\/strong><\/em><\/a>\u00a0es una<strong>\u00a0colecci\u00f3n de libros que surgen de un decorado de cuento<\/strong>, una casa realizada por\u00a0<a href=\"https:\/\/www.blackiebooks.org\/artista\/karina-schaapman\/\"><strong>Karina Schaapman<\/strong><\/a>\u00a0con m\u00e1s de 100 habitaciones a partir de materiales reciclados. En esta casa m\u00e1gica<strong>\u00a0transcurren las aventuras de Julia y Sam, dos ratoncitos entra\u00f1ables<\/strong>\u00a0que son muy amigos, tan amigos\u00a0<strong>que son inseparables.<\/strong>\u00a0<!--more--><\/p>\n<h3>La casa de los ratones<\/h3>\n<p style=\"text-align: justify;\"><strong>Un hermos\u00edsimo libro de relatos cortos <\/strong>protagonizados por\u00a0dos encantadores ratones:\u00a0<strong>Julia, una ratona MUY CURIOSA y Sam, un ratoncito MUY T\u00cdMIDO<\/strong>. Juntos\u00a0<strong>viven muchas aventuras<\/strong>, pero\u00a0<strong>lo m\u00e1s especial de este libro es el escenario: una casa hecha<\/strong>\u00a0por la autora durante a\u00f1os\u00a0<strong>con diversos materiales<\/strong>.\u00a0<strong>\u00a1Vamos a descubrirla!<\/strong><\/p>\n<p>&nbsp;<\/p>\n<p><img loading=\"lazy\" class=\"size-full wp-image-2953 aligncenter\" src=\"http:\/\/www.rayuelainfancia.com\/blog\/wp-content\/uploads\/2018\/10\/la-casa-de-los-ratones-dos.jpg\" alt=\"La casa de los Ratones de Blackie Books \" width=\"1200\" height=\"900\" srcset=\"https:\/\/www.rayuelainfancia.com\/blog\/wp-content\/uploads\/2018\/10\/la-casa-de-los-ratones-dos.jpg 1200w, https:\/\/www.rayuelainfancia.com\/blog\/wp-content\/uploads\/2018\/10\/la-casa-de-los-ratones-dos-300x225.jpg 300w, https:\/\/www.rayuelainfancia.com\/blog\/wp-content\/uploads\/2018\/10\/la-casa-de-los-ratones-dos-768x576.jpg 768w, https:\/\/www.rayuelainfancia.com\/blog\/wp-content\/uploads\/2018\/10\/la-casa-de-los-ratones-dos-1024x768.jpg 1024w\" sizes=\"(max-width: 1200px) 100vw, 1200px\" \/><\/p>\n<p>&nbsp;<\/p>\n<p style=\"text-align: justify;\">Las historias de este libro, fueron surgiendo a la vez que se constru\u00eda este escenario tan m\u00e1gico. <strong>Historias sencillas y cotidianas<\/strong>, que viven estos dos ratones dentro de este lugar de ensue\u00f1o. <strong>Julia y Sam<\/strong> son muy distintos, y sus familias tambi\u00e9n. <strong>Son inseparables, y juntos, se atreven con todo.<\/strong><\/p>\n<p>&nbsp;<\/p>\n<p><img loading=\"lazy\" class=\"size-full wp-image-2954 aligncenter\" src=\"http:\/\/www.rayuelainfancia.com\/blog\/wp-content\/uploads\/2018\/10\/la-casa-de-los-ratones.jpg\" alt=\"La casa de los Ratones Blackie Books\" width=\"1200\" height=\"798\" srcset=\"https:\/\/www.rayuelainfancia.com\/blog\/wp-content\/uploads\/2018\/10\/la-casa-de-los-ratones.jpg 1200w, https:\/\/www.rayuelainfancia.com\/blog\/wp-content\/uploads\/2018\/10\/la-casa-de-los-ratones-300x200.jpg 300w, https:\/\/www.rayuelainfancia.com\/blog\/wp-content\/uploads\/2018\/10\/la-casa-de-los-ratones-768x511.jpg 768w, https:\/\/www.rayuelainfancia.com\/blog\/wp-content\/uploads\/2018\/10\/la-casa-de-los-ratones-1024x681.jpg 1024w\" sizes=\"(max-width: 1200px) 100vw, 1200px\" \/><\/p>\n<p>&nbsp;<\/p>\n<p style=\"text-align: justify;\"><strong>D\u00e9jate seducir por la belleza de estos relatos y las fotograf\u00edas de Allard Bovenberg<\/strong>\u00a0con las que, poco a poco,\u00a0<strong>vamos descubriendo los mil detalles<\/strong>\u00a0que en esta casa existen. Un trabajo de largos a\u00f1os,\u00a0<strong>para degustar lentamente, juntos.<\/strong><\/p>\n<h3>Nuevas aventuras de Sam y Julia<\/h3>\n<p style=\"text-align: justify;\">Tras el \u00e9xito de<em><strong>\u00a0La casa de los ratones<\/strong><\/em>, contin\u00faan las<strong>\u00a0aventuras de Sam y Julia<\/strong>.\u00a0<strong>18 relatos cortos<\/strong>\u00a0para seguir disfrutando con las historias de estos personajes y con el\u00a0<strong>escenario m\u00e1gico<\/strong>\u00a0en el que viven.<\/p>\n<p>&nbsp;<\/p>\n<p><img loading=\"lazy\" class=\"size-full wp-image-2956 aligncenter\" src=\"http:\/\/www.rayuelainfancia.com\/blog\/wp-content\/uploads\/2018\/10\/sam-y-julia-nuevas-aventuras-tres.jpg\" alt=\"Nuevas aventuras de Sam y Julia La casa de los Ratones Blackie Books\" width=\"1200\" height=\"773\" srcset=\"https:\/\/www.rayuelainfancia.com\/blog\/wp-content\/uploads\/2018\/10\/sam-y-julia-nuevas-aventuras-tres.jpg 1200w, https:\/\/www.rayuelainfancia.com\/blog\/wp-content\/uploads\/2018\/10\/sam-y-julia-nuevas-aventuras-tres-300x193.jpg 300w, https:\/\/www.rayuelainfancia.com\/blog\/wp-content\/uploads\/2018\/10\/sam-y-julia-nuevas-aventuras-tres-768x495.jpg 768w, https:\/\/www.rayuelainfancia.com\/blog\/wp-content\/uploads\/2018\/10\/sam-y-julia-nuevas-aventuras-tres-1024x660.jpg 1024w\" sizes=\"(max-width: 1200px) 100vw, 1200px\" \/><\/p>\n<p>&nbsp;<\/p>\n<p style=\"text-align: justify;\"><strong>Este segundo volumen<\/strong>\u00a0de colecci\u00f3n<strong>\u00a0incluye un mapa de la casa<\/strong>, compuesta por m\u00e1s de 100 habitaciones y estancias,\u00a0<strong>que indica d\u00f3nde se encuentran exactamente algunos de los escenarios<\/strong>\u00a0de estos relatos llenos de ternura.<\/p>\n<p>&nbsp;<\/p>\n<p><img loading=\"lazy\" class=\"size-full wp-image-2957 aligncenter\" src=\"http:\/\/www.rayuelainfancia.com\/blog\/wp-content\/uploads\/2018\/10\/sam-y-julia-nuevas-aventuras.jpg\" alt=\"Nuevas aventuras de Sam y Julia La casa de los Ratones de Blackie Books\" width=\"1200\" height=\"771\" srcset=\"https:\/\/www.rayuelainfancia.com\/blog\/wp-content\/uploads\/2018\/10\/sam-y-julia-nuevas-aventuras.jpg 1200w, https:\/\/www.rayuelainfancia.com\/blog\/wp-content\/uploads\/2018\/10\/sam-y-julia-nuevas-aventuras-300x193.jpg 300w, https:\/\/www.rayuelainfancia.com\/blog\/wp-content\/uploads\/2018\/10\/sam-y-julia-nuevas-aventuras-768x493.jpg 768w, https:\/\/www.rayuelainfancia.com\/blog\/wp-content\/uploads\/2018\/10\/sam-y-julia-nuevas-aventuras-1024x658.jpg 1024w\" sizes=\"(max-width: 1200px) 100vw, 1200px\" \/><\/p>\n<p>&nbsp;<\/p>\n<h3 style=\"text-align: justify;\">Sam y Julia van a la feria<\/h3>\n<p style=\"text-align: justify;\"><strong>En este tercer volumen<\/strong>\u00a0de la colecci\u00f3n,<strong>\u00a0nuestros dos peque\u00f1os ratones, Sam y Julia, disfrutan de un d\u00eda de feria.<\/strong>\u00a0En esta ocasi\u00f3n los acompa\u00f1amos a trav\u00e9s de\u00a0<strong>19 relatos cortos en el que los dos ratoncitos descubren la feria<\/strong>\u00a0que han puesto justo enfrente de su casa <strong>\u00a1Vamos a divertirnos!<\/strong><\/p>\n<p>&nbsp;<\/p>\n<p><img loading=\"lazy\" class=\"size-full wp-image-2958 aligncenter\" src=\"http:\/\/www.rayuelainfancia.com\/blog\/wp-content\/uploads\/2018\/10\/sam-y-julia-feria-dos.jpg\" alt=\"Sam y Julia van a la feria La casa de los Ratones de Blackie Books\" width=\"1200\" height=\"855\" srcset=\"https:\/\/www.rayuelainfancia.com\/blog\/wp-content\/uploads\/2018\/10\/sam-y-julia-feria-dos.jpg 1200w, https:\/\/www.rayuelainfancia.com\/blog\/wp-content\/uploads\/2018\/10\/sam-y-julia-feria-dos-300x214.jpg 300w, https:\/\/www.rayuelainfancia.com\/blog\/wp-content\/uploads\/2018\/10\/sam-y-julia-feria-dos-768x547.jpg 768w, https:\/\/www.rayuelainfancia.com\/blog\/wp-content\/uploads\/2018\/10\/sam-y-julia-feria-dos-1024x730.jpg 1024w\" sizes=\"(max-width: 1200px) 100vw, 1200px\" \/><\/p>\n<p>&nbsp;<\/p>\n<p style=\"text-align: justify;\">Los libros de la colecci\u00f3n <strong><em>La Casa de los Ratones<\/em>\u00a0son un regalo para todos los sentidos<\/strong>, a la vista est\u00e1, y un gran est\u00edmulo\u00a0<strong>para los ni\u00f1os y ni\u00f1as <\/strong>que disfrutan\u00a0<strong>imaginando y creando los m\u00e1s fabulosos mundos posibles.<\/strong><\/p>\n<p>&nbsp;<\/p>\n<p><img loading=\"lazy\" class=\"size-full wp-image-2959 aligncenter\" src=\"http:\/\/www.rayuelainfancia.com\/blog\/wp-content\/uploads\/2018\/10\/la-casa-de-los-ratones-coleccion.jpg\" alt=\"Coleccion La casa de los Ratones de Blackie Books\" width=\"1200\" height=\"900\" srcset=\"https:\/\/www.rayuelainfancia.com\/blog\/wp-content\/uploads\/2018\/10\/la-casa-de-los-ratones-coleccion.jpg 1200w, https:\/\/www.rayuelainfancia.com\/blog\/wp-content\/uploads\/2018\/10\/la-casa-de-los-ratones-coleccion-300x225.jpg 300w, https:\/\/www.rayuelainfancia.com\/blog\/wp-content\/uploads\/2018\/10\/la-casa-de-los-ratones-coleccion-768x576.jpg 768w, https:\/\/www.rayuelainfancia.com\/blog\/wp-content\/uploads\/2018\/10\/la-casa-de-los-ratones-coleccion-1024x768.jpg 1024w\" sizes=\"(max-width: 1200px) 100vw, 1200px\" \/><\/p>\n<p>&nbsp;<\/p>\n<p style=\"text-align: justify;\">Estos tres libros son <strong>perfectos para contar a ni\u00f1as y ni\u00f1os que a\u00fan no saben leer<\/strong>. Son libros que permiten\u00a0<strong>descubrir entre todos los mil y un secretos que esconden los relatos y por supuesto, las fotograf\u00edas<\/strong>.<\/p>\n<p style=\"text-align: justify;\">Para aquellos <strong>ni\u00f1os y ni\u00f1as que est\u00e1n comenzando a leer con soltura<\/strong>, estos relatos tambi\u00e9n son una opci\u00f3n estupenda. <strong>Mayores y ni\u00f1os quedamos maravillados ante este espect\u00e1culo visual.<\/strong><\/p>\n<p style=\"text-align: justify;\">Sin m\u00e1s, os dejamos los enlaces de estos libros, que estamos seguros que disfrutar\u00e9is much\u00edsimo, sobre todo si ten\u00e9is<strong> entre 5 y 105 a\u00f1os<\/strong> \ud83d\ude09<\/p>\n<p>&nbsp;<\/p>\n<p><strong>T\u00edtulo:<\/strong> <em>La casa de los ratones<\/em>,<em> Nuevas aventuras de Sam y Julia<\/em> y <em>Sam y Julia van a la feria<\/em><\/p>\n<p><strong>Colecci\u00f3n:<\/strong> La casa de los ratones<\/p>\n<p><strong>Edita:<\/strong> Blackie Books bajo en sello Blackie Little<\/p>\n<p><strong>Edad recomendada:<\/strong> desde 5 a\u00f1os<\/p>\n<div id=\"product_list\" class=\"row\"><div class=\"col-xs-6 col-sm-6 col-md-6 col-lg-4 item-product\">\n            <div class=\"product-list text-center\">\n                <p>\n                    <a class=\"product-blog-link\" href=\"https:\/\/www.rayuelainfancia.com\/cuentos-reunidos\/2915-nuevas-aventuras-de-sam-y-julia.html?utm_campaign=productBlogPost\" title=\"NUEVAS AVENTURAS DE SAM Y JULIA\">\n                        <img src=\"\/\/www.rayuelainfancia.com\/9490-home_default\/nuevas-aventuras-de-sam-y-julia.jpg\" alt=\"NUEVAS AVENTURAS DE SAM Y JULIA\" class=\"img-responsive\"><span>NUEVAS AVENTURAS DE SAM Y JULIA<\/span><\/a>\n                <\/p>\n            <\/div>\n\n            <div class=\"acciones text-center\">\n                \n                <p class=\"price\">17,90 \u20ac<\/p>\n            <\/div>\n        <\/div><div class=\"col-xs-6 col-sm-6 col-md-6 col-lg-4 item-product\">\n            <div class=\"product-list text-center\">\n                <p>\n                    <a class=\"product-blog-link\" href=\"https:\/\/www.rayuelainfancia.com\/cuentos-reunidos\/7115-sam-y-julia-van-a-la-feria.html?utm_campaign=productBlogPost\" title=\"SAM Y JULIA VAN A LA FERIA\">\n                        <img src=\"\/\/www.rayuelainfancia.com\/9481-home_default\/sam-y-julia-van-a-la-feria.jpg\" alt=\"SAM Y JULIA VAN A LA FERIA\" class=\"img-responsive\"><span>SAM Y JULIA VAN A LA FERIA<\/span><\/a>\n                <\/p>\n            <\/div>\n\n            <div class=\"acciones text-center\">\n                \n                <p class=\"price\">17,90 \u20ac<\/p>\n            <\/div>\n        <\/div><\/div>\n<p>&nbsp;<\/p>\n<p>&nbsp;<\/p>\n<p>&nbsp;<\/p>\n<p>&nbsp;<\/p>\n<p>&nbsp;<\/p>\n<p>&nbsp;<\/p>\n","protected":false},"excerpt":{"rendered":"<p>La Casa de los Ratones\u00a0es una\u00a0colecci\u00f3n de libros que surgen de un decorado de cuento, una casa realizada por\u00a0Karina Schaapman\u00a0con m\u00e1s de 100 habitaciones a partir de materiales reciclados. En esta casa m\u00e1gica\u00a0transcurren las aventuras de Julia y Sam, dos ratoncitos entra\u00f1ables\u00a0que son muy amigos, tan amigos\u00a0que son inseparables.\u00a0<\/p>\n","protected":false},"author":6,"featured_media":2972,"comment_status":"open","ping_status":"open","sticky":false,"template":"","format":"standard","meta":[],"categories":[21],"tags":[],"yoast_head":"<!-- This site is optimized with the Yoast SEO plugin v18.5.1 - https:\/\/yoast.com\/wordpress\/plugins\/seo\/ -->\n<title>LA CASA DE LOS RATONES, UN ESCENARIO DE CUENTO &#8902; Blog de Rayuelainfancia<\/title>\n<meta name=\"description\" content=\"La Casa de los Ratones\u00a0es una\u00a0colecci\u00f3n de libros que surgen de un decorado de ensue\u00f1o: una casa realizada por\u00a0Karina Schaapman. En esta casa m\u00e1gica\u00a0transcurren las aventuras de Julia y Sam, dos ratoncitos\u00a0que son muy amigos.\" \/>\n<meta name=\"robots\" content=\"index, follow, max-snippet:-1, max-image-preview:large, max-video-preview:-1\" \/>\n<link rel=\"canonical\" href=\"https:\/\/www.rayuelainfancia.com\/blog\/la-casa-de-los-ratones\/\" \/>\n<meta property=\"og:locale\" content=\"es_ES\" \/>\n<meta property=\"og:type\" content=\"article\" \/>\n<meta property=\"og:title\" content=\"LA CASA DE LOS RATONES, UN ESCENARIO DE CUENTO &#8902; Blog de Rayuelainfancia\" \/>\n<meta property=\"og:description\" content=\"La Casa de los Ratones\u00a0es una\u00a0colecci\u00f3n de libros que surgen de un decorado de ensue\u00f1o: una casa realizada por\u00a0Karina Schaapman. En esta casa m\u00e1gica\u00a0transcurren las aventuras de Julia y Sam, dos ratoncitos\u00a0que son muy amigos.\" \/>\n<meta property=\"og:url\" content=\"https:\/\/www.rayuelainfancia.com\/blog\/la-casa-de-los-ratones\/\" \/>\n<meta property=\"og:site_name\" content=\"Blog de Rayuelainfancia\" \/>\n<meta property=\"article:publisher\" content=\"https:\/\/www.facebook.com\/pages\/Librer\u00eda-Rayuela\/251861686361\" \/>\n<meta property=\"article:published_time\" content=\"2018-10-26T11:36:04+00:00\" \/>\n<meta property=\"og:image\" content=\"https:\/\/www.rayuelainfancia.com\/blog\/wp-content\/uploads\/2018\/10\/portada-coleccion-la-casa-de-los-ratones.jpg\" \/>\n\t<meta property=\"og:image:width\" content=\"1200\" \/>\n\t<meta property=\"og:image:height\" content=\"717\" \/>\n\t<meta property=\"og:image:type\" content=\"image\/jpeg\" \/>\n<meta name=\"twitter:card\" content=\"summary\" \/>\n<meta name=\"twitter:creator\" content=\"@Rayuelainfancia\" \/>\n<meta name=\"twitter:site\" content=\"@Rayuelainfancia\" \/>\n<meta name=\"twitter:label1\" content=\"Written by\" \/>\n\t<meta name=\"twitter:data1\" content=\"Rayuelainfancia\" \/>\n\t<meta name=\"twitter:label2\" content=\"Est. reading time\" \/>\n\t<meta name=\"twitter:data2\" content=\"3 minutos\" \/>\n<script type=\"application\/ld+json\" class=\"yoast-schema-graph\">{\"@context\":\"https:\/\/schema.org\",\"@graph\":[{\"@type\":\"Organization\",\"@id\":\"https:\/\/www.rayuelainfancia.com\/blog\/#organization\",\"name\":\"Rayuelainfancia\",\"url\":\"https:\/\/www.rayuelainfancia.com\/blog\/\",\"sameAs\":[\"https:\/\/www.facebook.com\/pages\/Librer\u00eda-Rayuela\/251861686361\",\"https:\/\/www.youtube.com\/channel\/UCddVaoDjpTp-DexyEVoyazQ\",\"https:\/\/twitter.com\/Rayuelainfancia\"],\"logo\":{\"@type\":\"ImageObject\",\"@id\":\"https:\/\/www.rayuelainfancia.com\/blog\/#logo\",\"inLanguage\":\"es\",\"url\":\"https:\/\/www.rayuelainfancia.com\/blog\/wp-content\/uploads\/2018\/06\/logo-rayuelainfancia-color-corporativo.png\",\"contentUrl\":\"https:\/\/www.rayuelainfancia.com\/blog\/wp-content\/uploads\/2018\/06\/logo-rayuelainfancia-color-corporativo.png\",\"width\":1200,\"height\":680,\"caption\":\"Rayuelainfancia\"},\"image\":{\"@id\":\"https:\/\/www.rayuelainfancia.com\/blog\/#logo\"}},{\"@type\":\"WebSite\",\"@id\":\"https:\/\/www.rayuelainfancia.com\/blog\/#website\",\"url\":\"https:\/\/www.rayuelainfancia.com\/blog\/\",\"name\":\"Blog de Rayuelainfancia\",\"description\":\"Libros infantiles y juegos educaticos respestuosos con la infancia\",\"publisher\":{\"@id\":\"https:\/\/www.rayuelainfancia.com\/blog\/#organization\"},\"potentialAction\":[{\"@type\":\"SearchAction\",\"target\":{\"@type\":\"EntryPoint\",\"urlTemplate\":\"https:\/\/www.rayuelainfancia.com\/blog\/?s={search_term_string}\"},\"query-input\":\"required name=search_term_string\"}],\"inLanguage\":\"es\"},{\"@type\":\"ImageObject\",\"@id\":\"https:\/\/www.rayuelainfancia.com\/blog\/la-casa-de-los-ratones\/#primaryimage\",\"inLanguage\":\"es\",\"url\":\"https:\/\/www.rayuelainfancia.com\/blog\/wp-content\/uploads\/2018\/10\/portada-coleccion-la-casa-de-los-ratones.jpg\",\"contentUrl\":\"https:\/\/www.rayuelainfancia.com\/blog\/wp-content\/uploads\/2018\/10\/portada-coleccion-la-casa-de-los-ratones.jpg\",\"width\":1200,\"height\":717,\"caption\":\"La casa de los ratones de blackie books\"},{\"@type\":\"WebPage\",\"@id\":\"https:\/\/www.rayuelainfancia.com\/blog\/la-casa-de-los-ratones\/#webpage\",\"url\":\"https:\/\/www.rayuelainfancia.com\/blog\/la-casa-de-los-ratones\/\",\"name\":\"LA CASA DE LOS RATONES, UN ESCENARIO DE CUENTO &#8902; Blog de Rayuelainfancia\",\"isPartOf\":{\"@id\":\"https:\/\/www.rayuelainfancia.com\/blog\/#website\"},\"primaryImageOfPage\":{\"@id\":\"https:\/\/www.rayuelainfancia.com\/blog\/la-casa-de-los-ratones\/#primaryimage\"},\"datePublished\":\"2018-10-26T11:36:04+00:00\",\"dateModified\":\"2018-10-26T11:36:04+00:00\",\"description\":\"La Casa de los Ratones\u00a0es una\u00a0colecci\u00f3n de libros que surgen de un decorado de ensue\u00f1o: una casa realizada por\u00a0Karina Schaapman. En esta casa m\u00e1gica\u00a0transcurren las aventuras de Julia y Sam, dos ratoncitos\u00a0que son muy amigos.\",\"breadcrumb\":{\"@id\":\"https:\/\/www.rayuelainfancia.com\/blog\/la-casa-de-los-ratones\/#breadcrumb\"},\"inLanguage\":\"es\",\"potentialAction\":[{\"@type\":\"ReadAction\",\"target\":[\"https:\/\/www.rayuelainfancia.com\/blog\/la-casa-de-los-ratones\/\"]}]},{\"@type\":\"BreadcrumbList\",\"@id\":\"https:\/\/www.rayuelainfancia.com\/blog\/la-casa-de-los-ratones\/#breadcrumb\",\"itemListElement\":[{\"@type\":\"ListItem\",\"position\":1,\"name\":\"Portada\",\"item\":\"https:\/\/www.rayuelainfancia.com\/blog\/\"},{\"@type\":\"ListItem\",\"position\":2,\"name\":\"LA CASA DE LOS RATONES, UN ESCENARIO DE CUENTO\"}]},{\"@type\":\"Article\",\"@id\":\"https:\/\/www.rayuelainfancia.com\/blog\/la-casa-de-los-ratones\/#article\",\"isPartOf\":{\"@id\":\"https:\/\/www.rayuelainfancia.com\/blog\/la-casa-de-los-ratones\/#webpage\"},\"author\":{\"@id\":\"https:\/\/www.rayuelainfancia.com\/blog\/#\/schema\/person\/c1aff250c5154e35f53f26d0eba10c45\"},\"headline\":\"LA CASA DE LOS RATONES, UN ESCENARIO DE CUENTO\",\"datePublished\":\"2018-10-26T11:36:04+00:00\",\"dateModified\":\"2018-10-26T11:36:04+00:00\",\"mainEntityOfPage\":{\"@id\":\"https:\/\/www.rayuelainfancia.com\/blog\/la-casa-de-los-ratones\/#webpage\"},\"wordCount\":578,\"commentCount\":0,\"publisher\":{\"@id\":\"https:\/\/www.rayuelainfancia.com\/blog\/#organization\"},\"image\":{\"@id\":\"https:\/\/www.rayuelainfancia.com\/blog\/la-casa-de-los-ratones\/#primaryimage\"},\"thumbnailUrl\":\"https:\/\/www.rayuelainfancia.com\/blog\/wp-content\/uploads\/2018\/10\/portada-coleccion-la-casa-de-los-ratones.jpg\",\"articleSection\":[\"Literatura Infantil\"],\"inLanguage\":\"es\",\"potentialAction\":[{\"@type\":\"CommentAction\",\"name\":\"Comment\",\"target\":[\"https:\/\/www.rayuelainfancia.com\/blog\/la-casa-de-los-ratones\/#respond\"]}]},{\"@type\":\"Person\",\"@id\":\"https:\/\/www.rayuelainfancia.com\/blog\/#\/schema\/person\/c1aff250c5154e35f53f26d0eba10c45\",\"name\":\"Rayuelainfancia\",\"image\":{\"@type\":\"ImageObject\",\"@id\":\"https:\/\/www.rayuelainfancia.com\/blog\/#personlogo\",\"inLanguage\":\"es\",\"url\":\"https:\/\/secure.gravatar.com\/avatar\/8bf03e7a4bb13ca5c7d0dc6acde2bfd1?s=96&d=mm&r=g\",\"contentUrl\":\"https:\/\/secure.gravatar.com\/avatar\/8bf03e7a4bb13ca5c7d0dc6acde2bfd1?s=96&d=mm&r=g\",\"caption\":\"Rayuelainfancia\"}}]}<\/script>\n<!-- \/ Yoast SEO plugin. -->","yoast_head_json":{"title":"LA CASA DE LOS RATONES, UN ESCENARIO DE CUENTO &#8902; Blog de Rayuelainfancia","description":"La Casa de los Ratones\u00a0es una\u00a0colecci\u00f3n de libros que surgen de un decorado de ensue\u00f1o: una casa realizada por\u00a0Karina Schaapman. En esta casa m\u00e1gica\u00a0transcurren las aventuras de Julia y Sam, dos ratoncitos\u00a0que son muy amigos.","robots":{"index":"index","follow":"follow","max-snippet":"max-snippet:-1","max-image-preview":"max-image-preview:large","max-video-preview":"max-video-preview:-1"},"canonical":"https:\/\/www.rayuelainfancia.com\/blog\/la-casa-de-los-ratones\/","og_locale":"es_ES","og_type":"article","og_title":"LA CASA DE LOS RATONES, UN ESCENARIO DE CUENTO &#8902; Blog de Rayuelainfancia","og_description":"La Casa de los Ratones\u00a0es una\u00a0colecci\u00f3n de libros que surgen de un decorado de ensue\u00f1o: una casa realizada por\u00a0Karina Schaapman. En esta casa m\u00e1gica\u00a0transcurren las aventuras de Julia y Sam, dos ratoncitos\u00a0que son muy amigos.","og_url":"https:\/\/www.rayuelainfancia.com\/blog\/la-casa-de-los-ratones\/","og_site_name":"Blog de Rayuelainfancia","article_publisher":"https:\/\/www.facebook.com\/pages\/Librer\u00eda-Rayuela\/251861686361","article_published_time":"2018-10-26T11:36:04+00:00","og_image":[{"width":1200,"height":717,"url":"https:\/\/www.rayuelainfancia.com\/blog\/wp-content\/uploads\/2018\/10\/portada-coleccion-la-casa-de-los-ratones.jpg","type":"image\/jpeg"}],"twitter_card":"summary","twitter_creator":"@Rayuelainfancia","twitter_site":"@Rayuelainfancia","twitter_misc":{"Written by":"Rayuelainfancia","Est. reading time":"3 minutos"},"schema":{"@context":"https:\/\/schema.org","@graph":[{"@type":"Organization","@id":"https:\/\/www.rayuelainfancia.com\/blog\/#organization","name":"Rayuelainfancia","url":"https:\/\/www.rayuelainfancia.com\/blog\/","sameAs":["https:\/\/www.facebook.com\/pages\/Librer\u00eda-Rayuela\/251861686361","https:\/\/www.youtube.com\/channel\/UCddVaoDjpTp-DexyEVoyazQ","https:\/\/twitter.com\/Rayuelainfancia"],"logo":{"@type":"ImageObject","@id":"https:\/\/www.rayuelainfancia.com\/blog\/#logo","inLanguage":"es","url":"https:\/\/www.rayuelainfancia.com\/blog\/wp-content\/uploads\/2018\/06\/logo-rayuelainfancia-color-corporativo.png","contentUrl":"https:\/\/www.rayuelainfancia.com\/blog\/wp-content\/uploads\/2018\/06\/logo-rayuelainfancia-color-corporativo.png","width":1200,"height":680,"caption":"Rayuelainfancia"},"image":{"@id":"https:\/\/www.rayuelainfancia.com\/blog\/#logo"}},{"@type":"WebSite","@id":"https:\/\/www.rayuelainfancia.com\/blog\/#website","url":"https:\/\/www.rayuelainfancia.com\/blog\/","name":"Blog de Rayuelainfancia","description":"Libros infantiles y juegos educaticos respestuosos con la infancia","publisher":{"@id":"https:\/\/www.rayuelainfancia.com\/blog\/#organization"},"potentialAction":[{"@type":"SearchAction","target":{"@type":"EntryPoint","urlTemplate":"https:\/\/www.rayuelainfancia.com\/blog\/?s={search_term_string}"},"query-input":"required name=search_term_string"}],"inLanguage":"es"},{"@type":"ImageObject","@id":"https:\/\/www.rayuelainfancia.com\/blog\/la-casa-de-los-ratones\/#primaryimage","inLanguage":"es","url":"https:\/\/www.rayuelainfancia.com\/blog\/wp-content\/uploads\/2018\/10\/portada-coleccion-la-casa-de-los-ratones.jpg","contentUrl":"https:\/\/www.rayuelainfancia.com\/blog\/wp-content\/uploads\/2018\/10\/portada-coleccion-la-casa-de-los-ratones.jpg","width":1200,"height":717,"caption":"La casa de los ratones de blackie books"},{"@type":"WebPage","@id":"https:\/\/www.rayuelainfancia.com\/blog\/la-casa-de-los-ratones\/#webpage","url":"https:\/\/www.rayuelainfancia.com\/blog\/la-casa-de-los-ratones\/","name":"LA CASA DE LOS RATONES, UN ESCENARIO DE CUENTO &#8902; Blog de Rayuelainfancia","isPartOf":{"@id":"https:\/\/www.rayuelainfancia.com\/blog\/#website"},"primaryImageOfPage":{"@id":"https:\/\/www.rayuelainfancia.com\/blog\/la-casa-de-los-ratones\/#primaryimage"},"datePublished":"2018-10-26T11:36:04+00:00","dateModified":"2018-10-26T11:36:04+00:00","description":"La Casa de los Ratones\u00a0es una\u00a0colecci\u00f3n de libros que surgen de un decorado de ensue\u00f1o: una casa realizada por\u00a0Karina Schaapman. En esta casa m\u00e1gica\u00a0transcurren las aventuras de Julia y Sam, dos ratoncitos\u00a0que son muy amigos.","breadcrumb":{"@id":"https:\/\/www.rayuelainfancia.com\/blog\/la-casa-de-los-ratones\/#breadcrumb"},"inLanguage":"es","potentialAction":[{"@type":"ReadAction","target":["https:\/\/www.rayuelainfancia.com\/blog\/la-casa-de-los-ratones\/"]}]},{"@type":"BreadcrumbList","@id":"https:\/\/www.rayuelainfancia.com\/blog\/la-casa-de-los-ratones\/#breadcrumb","itemListElement":[{"@type":"ListItem","position":1,"name":"Portada","item":"https:\/\/www.rayuelainfancia.com\/blog\/"},{"@type":"ListItem","position":2,"name":"LA CASA DE LOS RATONES, UN ESCENARIO DE CUENTO"}]},{"@type":"Article","@id":"https:\/\/www.rayuelainfancia.com\/blog\/la-casa-de-los-ratones\/#article","isPartOf":{"@id":"https:\/\/www.rayuelainfancia.com\/blog\/la-casa-de-los-ratones\/#webpage"},"author":{"@id":"https:\/\/www.rayuelainfancia.com\/blog\/#\/schema\/person\/c1aff250c5154e35f53f26d0eba10c45"},"headline":"LA CASA DE LOS RATONES, UN ESCENARIO DE CUENTO","datePublished":"2018-10-26T11:36:04+00:00","dateModified":"2018-10-26T11:36:04+00:00","mainEntityOfPage":{"@id":"https:\/\/www.rayuelainfancia.com\/blog\/la-casa-de-los-ratones\/#webpage"},"wordCount":578,"commentCount":0,"publisher":{"@id":"https:\/\/www.rayuelainfancia.com\/blog\/#organization"},"image":{"@id":"https:\/\/www.rayuelainfancia.com\/blog\/la-casa-de-los-ratones\/#primaryimage"},"thumbnailUrl":"https:\/\/www.rayuelainfancia.com\/blog\/wp-content\/uploads\/2018\/10\/portada-coleccion-la-casa-de-los-ratones.jpg","articleSection":["Literatura Infantil"],"inLanguage":"es","potentialAction":[{"@type":"CommentAction","name":"Comment","target":["https:\/\/www.rayuelainfancia.com\/blog\/la-casa-de-los-ratones\/#respond"]}]},{"@type":"Person","@id":"https:\/\/www.rayuelainfancia.com\/blog\/#\/schema\/person\/c1aff250c5154e35f53f26d0eba10c45","name":"Rayuelainfancia","image":{"@type":"ImageObject","@id":"https:\/\/www.rayuelainfancia.com\/blog\/#personlogo","inLanguage":"es","url":"https:\/\/secure.gravatar.com\/avatar\/8bf03e7a4bb13ca5c7d0dc6acde2bfd1?s=96&d=mm&r=g","contentUrl":"https:\/\/secure.gravatar.com\/avatar\/8bf03e7a4bb13ca5c7d0dc6acde2bfd1?s=96&d=mm&r=g","caption":"Rayuelainfancia"}}]}},"_links":{"self":[{"href":"https:\/\/www.rayuelainfancia.com\/blog\/wp-json\/wp\/v2\/posts\/2952"}],"collection":[{"href":"https:\/\/www.rayuelainfancia.com\/blog\/wp-json\/wp\/v2\/posts"}],"about":[{"href":"https:\/\/www.rayuelainfancia.com\/blog\/wp-json\/wp\/v2\/types\/post"}],"author":[{"embeddable":true,"href":"https:\/\/www.rayuelainfancia.com\/blog\/wp-json\/wp\/v2\/users\/6"}],"replies":[{"embeddable":true,"href":"https:\/\/www.rayuelainfancia.com\/blog\/wp-json\/wp\/v2\/comments?post=2952"}],"version-history":[{"count":13,"href":"https:\/\/www.rayuelainfancia.com\/blog\/wp-json\/wp\/v2\/posts\/2952\/revisions"}],"predecessor-version":[{"id":2973,"href":"https:\/\/www.rayuelainfancia.com\/blog\/wp-json\/wp\/v2\/posts\/2952\/revisions\/2973"}],"wp:featuredmedia":[{"embeddable":true,"href":"https:\/\/www.rayuelainfancia.com\/blog\/wp-json\/wp\/v2\/media\/2972"}],"wp:attachment":[{"href":"https:\/\/www.rayuelainfancia.com\/blog\/wp-json\/wp\/v2\/media?parent=2952"}],"wp:term":[{"taxonomy":"category","embeddable":true,"href":"https:\/\/www.rayuelainfancia.com\/blog\/wp-json\/wp\/v2\/categories?post=2952"},{"taxonomy":"post_tag","embeddable":true,"href":"https:\/\/www.rayuelainfancia.com\/blog\/wp-json\/wp\/v2\/tags?post=2952"}],"curies":[{"name":"wp","href":"https:\/\/api.w.org\/{rel}","templated":true}]}}