 {"id":2816,"date":"2018-08-23T00:13:24","date_gmt":"2018-08-22T22:13:24","guid":{"rendered":"http:\/\/www.rayuelainfancia.com\/blog\/?p=2816"},"modified":"2022-03-15T12:50:07","modified_gmt":"2022-03-15T11:50:07","slug":"la-vuelta-al-cole-cuentos","status":"publish","type":"post","link":"https:\/\/www.rayuelainfancia.com\/blog\/la-vuelta-al-cole-cuentos\/","title":{"rendered":"LA VUELTA AL COLE EN 10 CUENTOS"},"content":{"rendered":"<p style=\"text-align: justify;\">Poco a poco el verano va llegando a su fin y se acerca <strong>LA VUELTA AL COLE<\/strong>. Un momento de nervios, de incertidumbre y lleno de emociones. Para ayudar a ni\u00f1as y ni\u00f1os a anticipar ese momento a veces dif\u00edcil, os proponemos estos<strong> 10 CUENTOS PARA LA VUELTA AL COLE<\/strong>.<\/p>\n<p style=\"text-align: justify;\"><!--more--><\/p>\n<p style=\"text-align: justify;\">Dejar atr\u00e1s las vacaciones y volver a la rutina no es f\u00e1cil para nadie, aun menos para los m\u00e1s peque\u00f1os. Si a eso sumamos el v\u00e9rtigo que se siente ante lo desconocido y la imaginaci\u00f3n desbordante de los ni\u00f1os y ni\u00f1as, <strong>la vuelta al cole es un momento delicado que requiere paciencia, amor y algo de humor<\/strong>. Empezar <strong>una nueva etapa<\/strong>, quiz\u00e1s en una nueva escuela, quiz\u00e1s con un maestro o maestra diferente&#8230; O ir al cole por primera vez. Como todo proceso requiere una etapa de adaptaci\u00f3n y una vez m\u00e1s, <strong>los cuentos pueden ser grandes aliados<\/strong>.<\/p>\n<p style=\"text-align: justify;\">Os dejamos una selecci\u00f3n de<strong> 10 cuentos<\/strong> para distintas edades, todos ellos pensados para hacer un poco m\u00e1s llevadero y f\u00e1cil este paso de volver al cole. Tras la inquietud aparecen <strong>la ilusi\u00f3n y las ganas de aprender<\/strong>, de explorar nuevos caminos, de conocer nuevas realidades. Esperamos que estos libros sirvan como empujoncito para <strong>motivar a los peque\u00f1os y empezar el curso con muchas ganas.<\/strong><\/p>\n<h3>Mam\u00e1 va al cole<\/h3>\n<p style=\"text-align: justify;\">Un \u00e1lbum ilustrado<strong> desenfadado, divertido y algo gamberro<\/strong> que le da la vuelta a la historia. <strong>La protagonista es una ni\u00f1a que va al cole por primera vez<\/strong>, nunca antes hab\u00eda estado y al principio le parece poco m\u00e1s que HORRIBLE. Consigue que su mam\u00e1 se quede con ella en clase el primer d\u00eda y la mam\u00e1 pues&#8230; No para de meter la pata. Por suerte su hija est\u00e1 pendiente de ella y la ayuda en eso de adaptarse al cole.<\/p>\n<p>&nbsp;<\/p>\n<p><img loading=\"lazy\" class=\"alignnone size-full wp-image-2830 aligncenter\" src=\"http:\/\/www.rayuelainfancia.com\/blog\/wp-content\/uploads\/2018\/08\/MAMA-VA-AL-COLE-BLACKIE-BOOKS-INTERIOR.jpg\" alt=\"LIBROS INFANTILES SOBRE LA VUELTA AL COLE\" width=\"1200\" height=\"900\" srcset=\"https:\/\/www.rayuelainfancia.com\/blog\/wp-content\/uploads\/2018\/08\/MAMA-VA-AL-COLE-BLACKIE-BOOKS-INTERIOR.jpg 1200w, https:\/\/www.rayuelainfancia.com\/blog\/wp-content\/uploads\/2018\/08\/MAMA-VA-AL-COLE-BLACKIE-BOOKS-INTERIOR-300x225.jpg 300w, https:\/\/www.rayuelainfancia.com\/blog\/wp-content\/uploads\/2018\/08\/MAMA-VA-AL-COLE-BLACKIE-BOOKS-INTERIOR-768x576.jpg 768w, https:\/\/www.rayuelainfancia.com\/blog\/wp-content\/uploads\/2018\/08\/MAMA-VA-AL-COLE-BLACKIE-BOOKS-INTERIOR-1024x768.jpg 1024w\" sizes=\"(max-width: 1200px) 100vw, 1200px\" \/><\/p>\n<p>&nbsp;<\/p>\n<p style=\"text-align: justify;\">Le ense\u00f1a que hay que levantar la mano antes de hablar, que hay que tener paciencia para aprender a hacer una guirnalda con las tijeras&#8230; La ni\u00f1a empieza a hacer sus primeros amigos y siente que en realidad es mejor que su mam\u00e1 se vaya. Cuando vuelve a recogerla se alegra mucho, y adem\u00e1s ha aprendido y disfrutado mucho de su primer d\u00eda de colegio.<\/p>\n<blockquote>\n<p style=\"text-align: center;\"><strong>Al final me acerqu\u00e9 a ella, me puse de puntillas y le susurr\u00e9 al o\u00eddo:<\/strong><\/p>\n<p style=\"text-align: center;\"><strong>-Quiz\u00e1s ser\u00eda mejor que te fueras, mam\u00e1. Pero luego volver\u00e1s con la merienda \u00bfverdad?<\/strong><\/p>\n<p style=\"text-align: center;\"><strong>A mam\u00e1 no le supo mal, al contrario: me dio un beso muy grande y se puso muy contenta.<\/strong><\/p>\n<\/blockquote>\n<p><strong>desde 3 a\u00f1os<\/strong><\/p>\n<div id=\"product_list\" class=\"row\"><div class=\"col-xs-6 col-sm-6 col-md-6 col-lg-4 item-product\">\n            <div class=\"product-list text-center\">\n                <p>\n                    <a class=\"product-blog-link\" href=\"https:\/\/www.rayuelainfancia.com\/album-ilustrado\/3511-mama-va-al-cole.html?utm_campaign=productBlogPost\" title=\"MAM   VA AL COLE\">\n                        <img src=\"\/\/www.rayuelainfancia.com\/4862-home_default\/mama-va-al-cole.jpg\" alt=\"MAM   VA AL COLE\" class=\"img-responsive\"><span>MAM\u00c1 VA AL COLE<\/span><\/a>\n                <\/p>\n            <\/div>\n\n            <div class=\"acciones text-center\">\n                \n                <p class=\"price\">14,90 \u20ac<\/p>\n            <\/div>\n        <\/div><\/div>\n<h3>Roc aprende a leer<\/h3>\n<p style=\"text-align: justify;\">Un cuento muy hermoso sobre <strong>la belleza de aprender a leer, de las letras, de las historias<\/strong>. Roc es un perro al que le gusta dormir y estar tranquilo. Un buen d\u00eda aparece un canario que dice ser su maestro. Pero Roc no est\u00e1 muy interesado en las clases del canario. Cuando el peque\u00f1o p\u00e1jaro empieza a leer historias en voz alta, comienza a <strong>despertar el inter\u00e9s de Roc<\/strong>, que poco a poco descubre <em><strong>\u00abel fascinante, precioso y extraordinario abecedario\u00bb<\/strong><\/em>.<\/p>\n<p>&nbsp;<\/p>\n<p><img loading=\"lazy\" class=\"size-full wp-image-2831 aligncenter\" src=\"http:\/\/www.rayuelainfancia.com\/blog\/wp-content\/uploads\/2018\/08\/ROC-APRENDE-A-LEER-JUVENTUD-INTERIOR-DOS.jpg\" alt=\"LIBROS INFANTILES SOBRE LA VUELTA AL COLE\" width=\"1200\" height=\"804\" srcset=\"https:\/\/www.rayuelainfancia.com\/blog\/wp-content\/uploads\/2018\/08\/ROC-APRENDE-A-LEER-JUVENTUD-INTERIOR-DOS.jpg 1200w, https:\/\/www.rayuelainfancia.com\/blog\/wp-content\/uploads\/2018\/08\/ROC-APRENDE-A-LEER-JUVENTUD-INTERIOR-DOS-300x201.jpg 300w, https:\/\/www.rayuelainfancia.com\/blog\/wp-content\/uploads\/2018\/08\/ROC-APRENDE-A-LEER-JUVENTUD-INTERIOR-DOS-768x515.jpg 768w, https:\/\/www.rayuelainfancia.com\/blog\/wp-content\/uploads\/2018\/08\/ROC-APRENDE-A-LEER-JUVENTUD-INTERIOR-DOS-1024x686.jpg 1024w\" sizes=\"(max-width: 1200px) 100vw, 1200px\" \/><\/p>\n<p>&nbsp;<\/p>\n<p style=\"text-align: justify;\">El maestro canario le ense\u00f1a a deletrear todas las palabras. <strong>Juntos cantaban el sonido de las letras y deletreaban los sonidos que hab\u00eda alrededor<\/strong>. Fue as\u00ed como Roc aprendi\u00f3 a leer y puedo disfrutar por si mimo de todas las historias una y otra vez. Un cuento muy bien escrito que<strong> nos motiva en el importante camino del aprendizaje de la lectura.\u00a0<\/strong><\/p>\n<p><strong>desde 5 a\u00f1os<\/strong><\/p>\n<div id=\"product_list\" class=\"row\"><div class=\"col-xs-6 col-sm-6 col-md-6 col-lg-4 item-product\">\n            <div class=\"product-list text-center\">\n                <p>\n                    <a class=\"product-blog-link\" href=\"https:\/\/www.rayuelainfancia.com\/lectoescritura\/6939-roc-aprende-a-leer.html?utm_campaign=productBlogPost\" title=\"ROC APRENDE A LEER\">\n                        <img src=\"\/\/www.rayuelainfancia.com\/9058-home_default\/roc-aprende-a-leer.jpg\" alt=\"ROC APRENDE A LEER\" class=\"img-responsive\"><span>ROC APRENDE A LEER<\/span><\/a>\n                <\/p>\n            <\/div>\n\n            <div class=\"acciones text-center\">\n                \n                <p class=\"price\">13,00 \u20ac<\/p>\n            <\/div>\n        <\/div><\/div>\n<h3>El gran libro de la escuela<\/h3>\n<p style=\"text-align: justify;\"><strong>Un libro de Richard Scarry editado por primera vez en 1975<\/strong>. Acompa\u00f1amos a los emblem\u00e1ticos personajes de Scarry en esta<strong> aventura de ir al colegio<\/strong>. Con muchos detalles en las ilustraciones, vamos descubriendo todo un mundo: qu\u00e9 hacemos antes de salir, c\u00f3mo llegamos a la escuela, qu\u00e9 hay en el aula&#8230;<\/p>\n<p>&nbsp;<\/p>\n<p><img loading=\"lazy\" class=\"size-full wp-image-2834 aligncenter\" src=\"http:\/\/www.rayuelainfancia.com\/blog\/wp-content\/uploads\/2018\/08\/EL-GRAN-LIBRO-DE-LA-ESCUELA-RICHARD-SCARRY-KOKINOS-INTERIOR.jpg\" alt=\"LIBROS INFANTILES SOBRE LA VUELTA AL COLE\" width=\"1200\" height=\"823\" srcset=\"https:\/\/www.rayuelainfancia.com\/blog\/wp-content\/uploads\/2018\/08\/EL-GRAN-LIBRO-DE-LA-ESCUELA-RICHARD-SCARRY-KOKINOS-INTERIOR.jpg 1200w, https:\/\/www.rayuelainfancia.com\/blog\/wp-content\/uploads\/2018\/08\/EL-GRAN-LIBRO-DE-LA-ESCUELA-RICHARD-SCARRY-KOKINOS-INTERIOR-300x206.jpg 300w, https:\/\/www.rayuelainfancia.com\/blog\/wp-content\/uploads\/2018\/08\/EL-GRAN-LIBRO-DE-LA-ESCUELA-RICHARD-SCARRY-KOKINOS-INTERIOR-768x527.jpg 768w, https:\/\/www.rayuelainfancia.com\/blog\/wp-content\/uploads\/2018\/08\/EL-GRAN-LIBRO-DE-LA-ESCUELA-RICHARD-SCARRY-KOKINOS-INTERIOR-1024x702.jpg 1024w\" sizes=\"(max-width: 1200px) 100vw, 1200px\" \/><\/p>\n<p style=\"text-align: justify;\">En el colegio se aprenden much\u00edsimas cosas y con este libro hacemos un buen repaso de ellas: <strong>los d\u00edas de la semana, las horas, las medidas, las letras y mucho m\u00e1s<\/strong>. La se\u00f1orita tarro de Miel y sus alumnos son los encargados de hacernos este viaje por el mundo de la escuela.<\/p>\n<div id=\"product_list\" class=\"row\"><\/div>\n<p><strong>desde 6 a\u00f1os<\/strong><\/p>\n<h3>El pollo Pepe va al colegio<\/h3>\n<p style=\"text-align: justify;\">Nuestro querido Pollo Pepe va a la escuela. Para eso, tiene que levantarse bien temprano, desayunar, coger su mochila con todo lo necesario&#8230; \u00a1\u00a1Corre Pepeeee!! \u00a1\u00a1No llegues tardeeee!! <strong>Un libro con pop ups muy divertido para familiarizar a los m\u00e1s peque\u00f1os con la rutina de ir al cole.<\/strong><\/p>\n<p>&nbsp;<\/p>\n<p><img loading=\"lazy\" class=\"size-full wp-image-2832 aligncenter\" src=\"http:\/\/www.rayuelainfancia.com\/blog\/wp-content\/uploads\/2018\/08\/EL-POLLO-PEPE-VA-AL-COLEGIO-SM-INTERIOR-DOS.jpg\" alt=\"LIBROS INFANTILES SOBRE LA VUELTA AL COLE\" width=\"1200\" height=\"810\" srcset=\"https:\/\/www.rayuelainfancia.com\/blog\/wp-content\/uploads\/2018\/08\/EL-POLLO-PEPE-VA-AL-COLEGIO-SM-INTERIOR-DOS.jpg 1200w, https:\/\/www.rayuelainfancia.com\/blog\/wp-content\/uploads\/2018\/08\/EL-POLLO-PEPE-VA-AL-COLEGIO-SM-INTERIOR-DOS-300x203.jpg 300w, https:\/\/www.rayuelainfancia.com\/blog\/wp-content\/uploads\/2018\/08\/EL-POLLO-PEPE-VA-AL-COLEGIO-SM-INTERIOR-DOS-768x518.jpg 768w, https:\/\/www.rayuelainfancia.com\/blog\/wp-content\/uploads\/2018\/08\/EL-POLLO-PEPE-VA-AL-COLEGIO-SM-INTERIOR-DOS-1024x691.jpg 1024w\" sizes=\"(max-width: 1200px) 100vw, 1200px\" \/><\/p>\n<p><strong>desde 12 meses<\/strong><\/p>\n<div id=\"product_list\" class=\"row\"><div class=\"col-xs-6 col-sm-6 col-md-6 col-lg-4 item-product\">\n            <div class=\"product-list text-center\">\n                <p>\n                    <a class=\"product-blog-link\" href=\"https:\/\/www.rayuelainfancia.com\/bebeteca\/6938-el-pollo-pepe-va-al-colegio.html?utm_campaign=productBlogPost\" title=\"EL POLLO PEPE VA AL COLEGIO\">\n                        <img src=\"\/\/www.rayuelainfancia.com\/9059-home_default\/el-pollo-pepe-va-al-colegio.jpg\" alt=\"EL POLLO PEPE VA AL COLEGIO\" class=\"img-responsive\"><span>EL POLLO PEPE VA AL COLEGIO<\/span><\/a>\n                <\/p>\n            <\/div>\n\n            <div class=\"acciones text-center\">\n                \n                <p class=\"price\">12,95 \u20ac<\/p>\n            <\/div>\n        <\/div><\/div>\n<h3>Las tres peque\u00f1as lechuzas<\/h3>\n<p style=\"text-align: justify;\">Iria, Ant\u00f3n y Mara son tres peque\u00f1as lechuzas que viven en el hueco de un \u00e1rbol junto a Mam\u00e1 Lechuza. All\u00ed se sienten seguros y protegidos, pero un d\u00eda <strong>Mam\u00e1 Lechuza tiene que salir<\/strong>. Cuando las tres peque\u00f1as lechuzas descubren que su mam\u00e1 no est\u00e1 sienten miedo. <strong>Pero las peque\u00f1as lechuzas, que piensan mucho, saben que su mam\u00e1 ha de volver y que ellos han de ser valientes mientras mam\u00e1 vuelve.\u00a0<\/strong><\/p>\n<p>&nbsp;<\/p>\n<p><img loading=\"lazy\" class=\"size-full wp-image-2836 aligncenter\" src=\"http:\/\/www.rayuelainfancia.com\/blog\/wp-content\/uploads\/2018\/08\/LAS-TRES-LECHUZAS-KALANDRAKA-INTERIOR.jpg\" alt=\"LIBROS INFANTILES SOBRE LA VUELTA AL COLE\" width=\"1200\" height=\"774\" srcset=\"https:\/\/www.rayuelainfancia.com\/blog\/wp-content\/uploads\/2018\/08\/LAS-TRES-LECHUZAS-KALANDRAKA-INTERIOR.jpg 1200w, https:\/\/www.rayuelainfancia.com\/blog\/wp-content\/uploads\/2018\/08\/LAS-TRES-LECHUZAS-KALANDRAKA-INTERIOR-300x194.jpg 300w, https:\/\/www.rayuelainfancia.com\/blog\/wp-content\/uploads\/2018\/08\/LAS-TRES-LECHUZAS-KALANDRAKA-INTERIOR-768x495.jpg 768w, https:\/\/www.rayuelainfancia.com\/blog\/wp-content\/uploads\/2018\/08\/LAS-TRES-LECHUZAS-KALANDRAKA-INTERIOR-1024x660.jpg 1024w\" sizes=\"(max-width: 1200px) 100vw, 1200px\" \/><\/p>\n<p>&nbsp;<\/p>\n<blockquote>\n<p style=\"text-align: center;\"><strong>-\u00bfQU\u00c9 ES TODO ESTE JALEO? &#8211; pregunt\u00f3 Mam\u00e1 Lechuza-. Ya sab\u00edais que volver\u00eda.<\/strong><\/p>\n<p style=\"text-align: center;\"><strong>Las peque\u00f1as lechuzas pensaron (todas las lechuzas piensan mucho):<\/strong><\/p>\n<p style=\"text-align: center;\"><strong>-Yo ya lo sab\u00eda &#8211; dijo Iria.<\/strong><\/p>\n<p style=\"text-align: center;\"><strong>-\u00a1Yo tambi\u00e9n! &#8211; dijo Ant\u00f3n.<\/strong><\/p>\n<p style=\"text-align: center;\"><strong>-\u00a1Te quiero, mam\u00e1! &#8211; dijo Mara.<\/strong><\/p>\n<p>&nbsp;<\/p><\/blockquote>\n<p style=\"text-align: justify;\">Por supuesto, Mam\u00e1 lechuza vuelve y sus peque\u00f1as se sienten reconfortadas. Ahora han aprendido que aunque Mam\u00e1 Lechuza tenga que salir, siempre va a regresar. Un aprendizaje importante para los m\u00e1s peque\u00f1os, que necesitan adaptarse a la separaci\u00f3n de sus padres. Este \u00e1lbum ilustrado de estructura repetitiva, <strong>trata el tema de la separaci\u00f3n de forma sensible y respetuosa<\/strong>, ayudando a comprender a ni\u00f1as y ni\u00f1os que aunque mam\u00e1 o pap\u00e1 no est\u00e1n en un momento, siempre van a volver.<\/p>\n<p><strong>desde 24 meses<\/strong><\/p>\n<div id=\"product_list\" class=\"row\"><div class=\"col-xs-6 col-sm-6 col-md-6 col-lg-4 item-product\">\n            <div class=\"product-list text-center\">\n                <p>\n                    <a class=\"product-blog-link\" href=\"https:\/\/www.rayuelainfancia.com\/album-ilustrado\/3673-las-tres-pequenas-lechuzas.html?utm_campaign=productBlogPost\" title=\"LAS TRES PEQUE  AS LECHUZAS\">\n                        <img src=\"\/\/www.rayuelainfancia.com\/4953-home_default\/las-tres-pequenas-lechuzas.jpg\" alt=\"LAS TRES PEQUE  AS LECHUZAS\" class=\"img-responsive\"><span>LAS TRES PEQUE\u00d1AS LECHUZAS<\/span><\/a>\n                <\/p>\n            <\/div>\n\n            <div class=\"acciones text-center\">\n                \n                <p class=\"price\">16,00 \u20ac<\/p>\n            <\/div>\n        <\/div><\/div>\n<h3>La escuela<\/h3>\n<p style=\"text-align: justify;\"><strong>Este libro interactivo, con solapas y desplegables<\/strong>, est\u00e1 especialmente pensado <strong>para que los m\u00e1s peque\u00f1os se familiaricen con el entorno de la escuela<\/strong> y puedan anticiparse a lo que all\u00ed se van a encontrar. La clases, las actividades, el recreo, el comedor&#8230; Cuando todo es nuevo puede ser de gran ayuda ir conociendo poco a poco y en compa\u00f1\u00eda de los padres todo lo que hay en la escuela y reducir un poco la incertidumbre propia de esta etapa.<\/p>\n<p>&nbsp;<\/p>\n<p><img loading=\"lazy\" class=\"alignnone size-full wp-image-2838\" src=\"http:\/\/www.rayuelainfancia.com\/blog\/wp-content\/uploads\/2018\/08\/LA-ESCUELA-ESPASA-INTERIOR.jpg\" alt=\"LIBROS INFANTILES SOBRE LA VUELTA AL COLE\" width=\"1200\" height=\"734\" srcset=\"https:\/\/www.rayuelainfancia.com\/blog\/wp-content\/uploads\/2018\/08\/LA-ESCUELA-ESPASA-INTERIOR.jpg 1200w, https:\/\/www.rayuelainfancia.com\/blog\/wp-content\/uploads\/2018\/08\/LA-ESCUELA-ESPASA-INTERIOR-300x184.jpg 300w, https:\/\/www.rayuelainfancia.com\/blog\/wp-content\/uploads\/2018\/08\/LA-ESCUELA-ESPASA-INTERIOR-768x470.jpg 768w, https:\/\/www.rayuelainfancia.com\/blog\/wp-content\/uploads\/2018\/08\/LA-ESCUELA-ESPASA-INTERIOR-1024x626.jpg 1024w\" sizes=\"(max-width: 1200px) 100vw, 1200px\" \/><\/p>\n<p>&nbsp;<\/p>\n<p style=\"text-align: justify;\">Comenzar a ir a la escuela y <strong>adaptarse al espacio y a las rutinas<\/strong>, requiere tiempo y paciencia. Con este libro podemos <strong>anticipar lo que vamos a descubrir en esta importante etapa<\/strong> <strong>y conseguir sentirnos m\u00e1s seguros<\/strong>. Con un lenguaje sencillo y alegres ilustraciones podemos hacer juntos un primer recorrido por el mundo del cole.<\/p>\n<p><strong>desde 24 meses<\/strong><\/p>\n<div id=\"product_list\" class=\"row\"><div class=\"col-xs-6 col-sm-6 col-md-6 col-lg-4 item-product\">\n            <div class=\"product-list text-center\">\n                <p>\n                    <a class=\"product-blog-link\" href=\"https:\/\/www.rayuelainfancia.com\/conocimiento\/6941-la-escuela.html?utm_campaign=productBlogPost\" title=\"LA ESCUELA\">\n                        <img src=\"\/\/www.rayuelainfancia.com\/9061-home_default\/la-escuela.jpg\" alt=\"LA ESCUELA\" class=\"img-responsive\"><span>LA ESCUELA<\/span><\/a>\n                <\/p>\n            <\/div>\n\n            <div class=\"acciones text-center\">\n                \n                <p class=\"price\">14,96 \u20ac<\/p>\n            <\/div>\n        <\/div><\/div>\n<h3>El abejoso<\/h3>\n<p style=\"text-align: justify;\">Norman es un oso que adora la miel y decide disfrazarse de abeja y <strong>asistir al Cole de las Abejas haci\u00e9ndose pasar por una de ellas<\/strong>\u00a0para conseguir toda la miel que quiera. Norman descubre que <strong>el Cole de las Abejas es muy divertido<\/strong>, y aunque <strong>Norman es un poco DIFERENTE<\/strong>, se siente como en casa. Comienzan el d\u00eda pintando, despu\u00e9s dan clases de zumbidos, incluso hay clases de vuelo&#8230; Norman estaba encantado y <strong>se esforzaba mucho por aprender todo lo necesario<\/strong> en el Cole de las Abejas.<\/p>\n<p>&nbsp;<\/p>\n<p><img loading=\"lazy\" class=\"alignnone size-full wp-image-2839\" src=\"http:\/\/www.rayuelainfancia.com\/blog\/wp-content\/uploads\/2018\/08\/EL-ABEJOSOS-CUBILETE-INTERIOR.jpg\" alt=\"LIBROS INFANTILES SOBRE LA VUELTA AL COLE\" width=\"1200\" height=\"835\" srcset=\"https:\/\/www.rayuelainfancia.com\/blog\/wp-content\/uploads\/2018\/08\/EL-ABEJOSOS-CUBILETE-INTERIOR.jpg 1200w, https:\/\/www.rayuelainfancia.com\/blog\/wp-content\/uploads\/2018\/08\/EL-ABEJOSOS-CUBILETE-INTERIOR-300x209.jpg 300w, https:\/\/www.rayuelainfancia.com\/blog\/wp-content\/uploads\/2018\/08\/EL-ABEJOSOS-CUBILETE-INTERIOR-768x534.jpg 768w, https:\/\/www.rayuelainfancia.com\/blog\/wp-content\/uploads\/2018\/08\/EL-ABEJOSOS-CUBILETE-INTERIOR-1024x713.jpg 1024w\" sizes=\"(max-width: 1200px) 100vw, 1200px\" \/><\/p>\n<p>&nbsp;<\/p>\n<p style=\"text-align: justify;\">Pero un d\u00eda las abejas empiezan a ver algo raro en Norman y de la sospecha pasan a tener la certeza de que&#8230;. \u00a1\u00a1\u00a1Norman es un OSO!!! Al darse cuenta, Norman es expulsado del Cole de las Abejas. Sin Norman el cole ya no es lo que era, lo echan de menos. Por suerte, nuestro oso goloso puede demostrar de qu\u00e9 lado est\u00e1. <strong>Un cuento divertido que nos habla de INTEGRACI\u00d3N, de compa\u00f1erismo y de amistad.\u00a0<\/strong><\/p>\n<p><strong>desde 5 a\u00f1os<\/strong><\/p>\n<div id=\"product_list\" class=\"row\"><div class=\"col-xs-6 col-sm-6 col-md-6 col-lg-4 item-product\">\n            <div class=\"product-list text-center\">\n                <p>\n                    <a class=\"product-blog-link\" href=\"https:\/\/www.rayuelainfancia.com\/album-ilustrado\/3919-el-abejoso.html?utm_campaign=productBlogPost\" title=\"EL ABEJOSO\">\n                        <img src=\"\/\/www.rayuelainfancia.com\/5548-home_default\/el-abejoso.jpg\" alt=\"EL ABEJOSO\" class=\"img-responsive\"><span>EL ABEJOSO<\/span><\/a>\n                <\/p>\n            <\/div>\n\n            <div class=\"acciones text-center\">\n                \n                <p class=\"price\">15,95 \u20ac<\/p>\n            <\/div>\n        <\/div><\/div>\n<h3>De camino a la escuela<\/h3>\n<p style=\"text-align: justify;\">Hay d\u00edas en los que no nos apetece nada ir a la escuela. En esos d\u00edas es bueno recordar que <strong>en el mundo no todos los ni\u00f1os y ni\u00f1as tienen la suerte de poder ir al colegio<\/strong>. Algunos incluso tienen que trabajar para ayudar a sus familias. <strong>Este libro nos muestra con hermosas fotograf\u00edas distintas realidades de ni\u00f1as y ni\u00f1os de todo el planeta.<\/strong> Vemos c\u00f3mo algunos ni\u00f1os necesitan cruzar un r\u00edo a pie para llegar a su escuela todos los d\u00edas, otros van subidos a un buey y se lo tiene que tomar con calma, y otros incluso llevan su pupitre a cuestas cada d\u00edas.<\/p>\n<blockquote><p><strong>Tanto si tu camino a la escuela es largo y solitario, corto y agradable, ancho y mojado, estrecho y seco o accidentado, helado, resbaladizo y a gran altura&#8230;, lo importante es que llegues. \u00a1El viaje siempre valdr\u00e1 la pena!<\/strong><\/p><\/blockquote>\n<p>&nbsp;<\/p>\n<p><img loading=\"lazy\" class=\"alignnone size-full wp-image-2841\" src=\"http:\/\/www.rayuelainfancia.com\/blog\/wp-content\/uploads\/2018\/08\/DE-CAMINO-A-LA-ESCUELA-JUVENTUD-INTERIOR.jpg\" alt=\"LIBROS INFANTILES SOBRE LA VUELTA AL COLE\" width=\"1200\" height=\"839\" srcset=\"https:\/\/www.rayuelainfancia.com\/blog\/wp-content\/uploads\/2018\/08\/DE-CAMINO-A-LA-ESCUELA-JUVENTUD-INTERIOR.jpg 1200w, https:\/\/www.rayuelainfancia.com\/blog\/wp-content\/uploads\/2018\/08\/DE-CAMINO-A-LA-ESCUELA-JUVENTUD-INTERIOR-300x210.jpg 300w, https:\/\/www.rayuelainfancia.com\/blog\/wp-content\/uploads\/2018\/08\/DE-CAMINO-A-LA-ESCUELA-JUVENTUD-INTERIOR-768x537.jpg 768w, https:\/\/www.rayuelainfancia.com\/blog\/wp-content\/uploads\/2018\/08\/DE-CAMINO-A-LA-ESCUELA-JUVENTUD-INTERIOR-1024x716.jpg 1024w\" sizes=\"(max-width: 1200px) 100vw, 1200px\" \/><\/p>\n<p>&nbsp;<\/p>\n<p style=\"text-align: justify;\"><strong>Fotograf\u00edas impactantes<\/strong> que nos muestran diversas realidades que nos <strong>invitan a la reflexi\u00f3n<\/strong> y nos recuerdan la suerte de poder ir a la escuela cada d\u00eda para aprender, compartir y vivir. \u00bf\u00bfY t\u00fa?? \u00bf\u00bfC\u00f3mo llegas a la escuela??<\/p>\n<p><strong>desde 3 a\u00f1os<\/strong><\/p>\n<div id=\"product_list\" class=\"row\"><div class=\"col-xs-6 col-sm-6 col-md-6 col-lg-4 item-product\">\n            <div class=\"product-list text-center\">\n                <p>\n                    <a class=\"product-blog-link\" href=\"https:\/\/www.rayuelainfancia.com\/interculturalidad\/2965-el-camino-a-la-escuela.html?utm_campaign=productBlogPost\" title=\"EL CAMINO A LA ESCUELA\">\n                        <img src=\"\/\/www.rayuelainfancia.com\/4183-home_default\/el-camino-a-la-escuela.jpg\" alt=\"EL CAMINO A LA ESCUELA\" class=\"img-responsive\"><span>EL CAMINO A LA ESCUELA<\/span><\/a>\n                <\/p>\n            <\/div>\n\n            <div class=\"acciones text-center\">\n                \n                <p class=\"price\">13,00 \u20ac<\/p>\n            <\/div>\n        <\/div><\/div>\n<h3>Olivia no quiere ir al colegio<\/h3>\n<p style=\"text-align: justify;\">Olivia no quiere ir al colegio, ella prefiere quedarse con su abuela en casa y acompa\u00f1arla en sus quehaceres. Tanto es as\u00ed, que el d\u00eda que empieza el colegio, la abuela tiene que llevarla a rastras hasta la puerta de la escuela.<strong> Por el camino, la abuela le cuenta una historia que lo cambia todo<\/strong>. Le cuenta, que cuando ella era peque\u00f1a no pudo ir al colegio durante mucho tiempo y que echaba de menos poder dibujar, aprender a leer y estar con otros ni\u00f1os como hace Olivia.<\/p>\n<p>&nbsp;<\/p>\n<p><img loading=\"lazy\" class=\"alignnone size-full wp-image-2842\" src=\"http:\/\/www.rayuelainfancia.com\/blog\/wp-content\/uploads\/2018\/08\/OLIVIA-NO-QUIERE-IR-A-LA-ESCUELA-SM-INTERIOR.jpg\" alt=\"LIBROS INFANTILES SOBRE LA VUELTA AL ACOLE\" width=\"1200\" height=\"715\" srcset=\"https:\/\/www.rayuelainfancia.com\/blog\/wp-content\/uploads\/2018\/08\/OLIVIA-NO-QUIERE-IR-A-LA-ESCUELA-SM-INTERIOR.jpg 1200w, https:\/\/www.rayuelainfancia.com\/blog\/wp-content\/uploads\/2018\/08\/OLIVIA-NO-QUIERE-IR-A-LA-ESCUELA-SM-INTERIOR-300x179.jpg 300w, https:\/\/www.rayuelainfancia.com\/blog\/wp-content\/uploads\/2018\/08\/OLIVIA-NO-QUIERE-IR-A-LA-ESCUELA-SM-INTERIOR-768x458.jpg 768w, https:\/\/www.rayuelainfancia.com\/blog\/wp-content\/uploads\/2018\/08\/OLIVIA-NO-QUIERE-IR-A-LA-ESCUELA-SM-INTERIOR-1024x610.jpg 1024w\" sizes=\"(max-width: 1200px) 100vw, 1200px\" \/><\/p>\n<p>&nbsp;<\/p>\n<p style=\"text-align: justify;\">Cuando llegan al colegio a Olivia se la ha olvidado su rabieta y mientras colorea en clase, piensa que por la tarde, <strong>le llevar\u00e1 los l\u00e1pices a su abuela para que ella tambi\u00e9n pueda dibujar<\/strong>. Una lectura sencilla, en letra caligr\u00e1fica, perfecta para los que est\u00e1n empezando a leer.<\/p>\n<p><strong>desde 6 a\u00f1os<\/strong><\/p>\n<div id=\"product_list\" class=\"row\"><\/div>\n<h3>El le\u00f3n que no sab\u00eda escribir<\/h3>\n<p style=\"text-align: justify;\">No saber escribir no era ning\u00fan problema para el le\u00f3n de este cuento hasta que un d\u00eda descubre a una leona que est\u00e1 leyendo un libro y <strong>le entran unas ganas enormes de escribirle una carta<\/strong>. Como no sabe escribir, nuestro feroz le\u00f3n va a buscar ayuda en otros animales de la sabana que s\u00ed que saben, pero&#8230; \u00a1\u00a1\u00a1Noooooo!!! Ninguno de ellos es capaz de escribir exactamente lo que \u00e9l quiere decirle a la hermosa leona.<\/p>\n<blockquote>\n<p style=\"text-align: center;\"><strong>\u00abYo escribir\u00eda lo hermosa que es. Le escribir\u00eda lo mucho que me gustar\u00eda verla. Sencillamente, estar juntos. Estar tumbados, holgazaneando, bajo un \u00e1rbol. Sencillamente, \u00a1mirar juntos el cielo al anochecer! \u00a1Eso no puede resultar tan dif\u00edcil!\u00bb<\/strong><\/p>\n<p>&nbsp;<\/p><\/blockquote>\n<p><img loading=\"lazy\" class=\"alignnone size-full wp-image-2844\" src=\"http:\/\/www.rayuelainfancia.com\/blog\/wp-content\/uploads\/2018\/08\/EL-LEON-QUE-NO-SABIA-ESCRIBIR-LOGUEZ-INTERIOR.jpg\" alt=\"\" width=\"1200\" height=\"756\" srcset=\"https:\/\/www.rayuelainfancia.com\/blog\/wp-content\/uploads\/2018\/08\/EL-LEON-QUE-NO-SABIA-ESCRIBIR-LOGUEZ-INTERIOR.jpg 1200w, https:\/\/www.rayuelainfancia.com\/blog\/wp-content\/uploads\/2018\/08\/EL-LEON-QUE-NO-SABIA-ESCRIBIR-LOGUEZ-INTERIOR-300x189.jpg 300w, https:\/\/www.rayuelainfancia.com\/blog\/wp-content\/uploads\/2018\/08\/EL-LEON-QUE-NO-SABIA-ESCRIBIR-LOGUEZ-INTERIOR-768x484.jpg 768w, https:\/\/www.rayuelainfancia.com\/blog\/wp-content\/uploads\/2018\/08\/EL-LEON-QUE-NO-SABIA-ESCRIBIR-LOGUEZ-INTERIOR-1024x645.jpg 1024w\" sizes=\"(max-width: 1200px) 100vw, 1200px\" \/><\/p>\n<p>&nbsp;<\/p>\n<p style=\"text-align: justify;\">Enfadado, el le\u00f3n ruge con todas sus fuerzas todo lo que desea decirle a leona <strong>pero no puede porque no sabe escribir<\/strong> \u00bf\u00bfacaso es tan dif\u00edcil?? El rugido es tan fuerte que llega a o\u00eddos de su amiga, <strong>\u00bfadivinas qui\u00e9n ense\u00f1ar\u00e1 a leer y escribir al enamorado le\u00f3n?<\/strong> Un \u00e1lbum ilustrado divertido que nos recuerda la importancia de saber escribir para poder decir lo que sentimos, exactamente como lo sentimos.<\/p>\n<p><strong>desde 5 a\u00f1os<\/strong><\/p>\n<div id=\"product_list\" class=\"row\"><div class=\"col-xs-6 col-sm-6 col-md-6 col-lg-4 item-product\">\n            <div class=\"product-list text-center\">\n                <p>\n                    <a class=\"product-blog-link\" href=\"https:\/\/www.rayuelainfancia.com\/album-ilustrado\/52-el-leon-que-no-sabia-escribir.html?utm_campaign=productBlogPost\" title=\"EL LE  N QUE NO SAB  A ESCRIBIR\">\n                        <img src=\"\/\/www.rayuelainfancia.com\/44-home_default\/el-leon-que-no-sabia-escribir.jpg\" alt=\"EL LE  N QUE NO SAB  A ESCRIBIR\" class=\"img-responsive\"><span>EL LE\u00d3N QUE NO SAB\u00cdA ESCRIBIR<\/span><\/a>\n                <\/p>\n            <\/div>\n\n            <div class=\"acciones text-center\">\n                \n                <p class=\"price\">14,96 \u20ac<\/p>\n            <\/div>\n        <\/div><\/div>\n","protected":false},"excerpt":{"rendered":"<p>Poco a poco el verano va llegando a su fin y se acerca LA VUELTA AL COLE. Un momento de nervios, de incertidumbre y lleno de emociones. Para ayudar a ni\u00f1as y ni\u00f1os a anticipar ese momento a veces dif\u00edcil, os proponemos estos 10 CUENTOS PARA LA VUELTA AL COLE.<\/p>\n","protected":false},"author":6,"featured_media":2846,"comment_status":"open","ping_status":"open","sticky":false,"template":"","format":"standard","meta":[],"categories":[21],"tags":[],"yoast_head":"<!-- This site is optimized with the Yoast SEO plugin v18.5.1 - https:\/\/yoast.com\/wordpress\/plugins\/seo\/ -->\n<title>LA VUELTA AL COLE EN 10 CUENTOS &#8902; Blog de Rayuelainfancia<\/title>\n<meta name=\"description\" content=\"Para ayudar a ni\u00f1as y ni\u00f1os a anticipar ese momento a veces dif\u00edcil, os proponemos estos 10 CUENTOS PARA LA VUELTA AL COLE.\" \/>\n<meta name=\"robots\" content=\"index, follow, max-snippet:-1, max-image-preview:large, max-video-preview:-1\" \/>\n<link rel=\"canonical\" href=\"https:\/\/www.rayuelainfancia.com\/blog\/la-vuelta-al-cole-cuentos\/\" \/>\n<meta property=\"og:locale\" content=\"es_ES\" \/>\n<meta property=\"og:type\" content=\"article\" \/>\n<meta property=\"og:title\" content=\"LA VUELTA AL COLE EN 10 CUENTOS &#8902; Blog de Rayuelainfancia\" \/>\n<meta property=\"og:description\" content=\"Para ayudar a ni\u00f1as y ni\u00f1os a anticipar ese momento a veces dif\u00edcil, os proponemos estos 10 CUENTOS PARA LA VUELTA AL COLE.\" \/>\n<meta property=\"og:url\" content=\"https:\/\/www.rayuelainfancia.com\/blog\/la-vuelta-al-cole-cuentos\/\" \/>\n<meta property=\"og:site_name\" content=\"Blog de Rayuelainfancia\" \/>\n<meta property=\"article:publisher\" content=\"https:\/\/www.facebook.com\/pages\/Librer\u00eda-Rayuela\/251861686361\" \/>\n<meta property=\"article:published_time\" content=\"2018-08-22T22:13:24+00:00\" \/>\n<meta property=\"article:modified_time\" content=\"2022-03-15T11:50:07+00:00\" \/>\n<meta property=\"og:image\" content=\"https:\/\/www.rayuelainfancia.com\/blog\/wp-content\/uploads\/2018\/08\/LIBROS-INFANTILES-SOBRE-LA-VUELTA-AL-COLE.jpg\" \/>\n\t<meta property=\"og:image:width\" content=\"1200\" \/>\n\t<meta property=\"og:image:height\" content=\"900\" \/>\n\t<meta property=\"og:image:type\" content=\"image\/jpeg\" \/>\n<meta name=\"twitter:card\" content=\"summary\" \/>\n<meta name=\"twitter:creator\" content=\"@Rayuelainfancia\" \/>\n<meta name=\"twitter:site\" content=\"@Rayuelainfancia\" \/>\n<meta name=\"twitter:label1\" content=\"Written by\" \/>\n\t<meta name=\"twitter:data1\" content=\"Rayuelainfancia\" \/>\n\t<meta name=\"twitter:label2\" content=\"Est. reading time\" \/>\n\t<meta name=\"twitter:data2\" content=\"10 minutos\" \/>\n<script type=\"application\/ld+json\" class=\"yoast-schema-graph\">{\"@context\":\"https:\/\/schema.org\",\"@graph\":[{\"@type\":\"Organization\",\"@id\":\"https:\/\/www.rayuelainfancia.com\/blog\/#organization\",\"name\":\"Rayuelainfancia\",\"url\":\"https:\/\/www.rayuelainfancia.com\/blog\/\",\"sameAs\":[\"https:\/\/www.facebook.com\/pages\/Librer\u00eda-Rayuela\/251861686361\",\"https:\/\/www.youtube.com\/channel\/UCddVaoDjpTp-DexyEVoyazQ\",\"https:\/\/twitter.com\/Rayuelainfancia\"],\"logo\":{\"@type\":\"ImageObject\",\"@id\":\"https:\/\/www.rayuelainfancia.com\/blog\/#logo\",\"inLanguage\":\"es\",\"url\":\"https:\/\/www.rayuelainfancia.com\/blog\/wp-content\/uploads\/2018\/06\/logo-rayuelainfancia-color-corporativo.png\",\"contentUrl\":\"https:\/\/www.rayuelainfancia.com\/blog\/wp-content\/uploads\/2018\/06\/logo-rayuelainfancia-color-corporativo.png\",\"width\":1200,\"height\":680,\"caption\":\"Rayuelainfancia\"},\"image\":{\"@id\":\"https:\/\/www.rayuelainfancia.com\/blog\/#logo\"}},{\"@type\":\"WebSite\",\"@id\":\"https:\/\/www.rayuelainfancia.com\/blog\/#website\",\"url\":\"https:\/\/www.rayuelainfancia.com\/blog\/\",\"name\":\"Blog de Rayuelainfancia\",\"description\":\"Libros infantiles y juegos educaticos respestuosos con la infancia\",\"publisher\":{\"@id\":\"https:\/\/www.rayuelainfancia.com\/blog\/#organization\"},\"potentialAction\":[{\"@type\":\"SearchAction\",\"target\":{\"@type\":\"EntryPoint\",\"urlTemplate\":\"https:\/\/www.rayuelainfancia.com\/blog\/?s={search_term_string}\"},\"query-input\":\"required name=search_term_string\"}],\"inLanguage\":\"es\"},{\"@type\":\"ImageObject\",\"@id\":\"https:\/\/www.rayuelainfancia.com\/blog\/la-vuelta-al-cole-cuentos\/#primaryimage\",\"inLanguage\":\"es\",\"url\":\"https:\/\/www.rayuelainfancia.com\/blog\/wp-content\/uploads\/2018\/08\/LIBROS-INFANTILES-SOBRE-LA-VUELTA-AL-COLE.jpg\",\"contentUrl\":\"https:\/\/www.rayuelainfancia.com\/blog\/wp-content\/uploads\/2018\/08\/LIBROS-INFANTILES-SOBRE-LA-VUELTA-AL-COLE.jpg\",\"width\":1200,\"height\":900,\"caption\":\"LIBROS INFANTILES SOBRE LA VUELTA AL COLE\"},{\"@type\":\"WebPage\",\"@id\":\"https:\/\/www.rayuelainfancia.com\/blog\/la-vuelta-al-cole-cuentos\/#webpage\",\"url\":\"https:\/\/www.rayuelainfancia.com\/blog\/la-vuelta-al-cole-cuentos\/\",\"name\":\"LA VUELTA AL COLE EN 10 CUENTOS &#8902; Blog de Rayuelainfancia\",\"isPartOf\":{\"@id\":\"https:\/\/www.rayuelainfancia.com\/blog\/#website\"},\"primaryImageOfPage\":{\"@id\":\"https:\/\/www.rayuelainfancia.com\/blog\/la-vuelta-al-cole-cuentos\/#primaryimage\"},\"datePublished\":\"2018-08-22T22:13:24+00:00\",\"dateModified\":\"2022-03-15T11:50:07+00:00\",\"description\":\"Para ayudar a ni\u00f1as y ni\u00f1os a anticipar ese momento a veces dif\u00edcil, os proponemos estos 10 CUENTOS PARA LA VUELTA AL COLE.\",\"breadcrumb\":{\"@id\":\"https:\/\/www.rayuelainfancia.com\/blog\/la-vuelta-al-cole-cuentos\/#breadcrumb\"},\"inLanguage\":\"es\",\"potentialAction\":[{\"@type\":\"ReadAction\",\"target\":[\"https:\/\/www.rayuelainfancia.com\/blog\/la-vuelta-al-cole-cuentos\/\"]}]},{\"@type\":\"BreadcrumbList\",\"@id\":\"https:\/\/www.rayuelainfancia.com\/blog\/la-vuelta-al-cole-cuentos\/#breadcrumb\",\"itemListElement\":[{\"@type\":\"ListItem\",\"position\":1,\"name\":\"Portada\",\"item\":\"https:\/\/www.rayuelainfancia.com\/blog\/\"},{\"@type\":\"ListItem\",\"position\":2,\"name\":\"LA VUELTA AL COLE EN 10 CUENTOS\"}]},{\"@type\":\"Article\",\"@id\":\"https:\/\/www.rayuelainfancia.com\/blog\/la-vuelta-al-cole-cuentos\/#article\",\"isPartOf\":{\"@id\":\"https:\/\/www.rayuelainfancia.com\/blog\/la-vuelta-al-cole-cuentos\/#webpage\"},\"author\":{\"@id\":\"https:\/\/www.rayuelainfancia.com\/blog\/#\/schema\/person\/c1aff250c5154e35f53f26d0eba10c45\"},\"headline\":\"LA VUELTA AL COLE EN 10 CUENTOS\",\"datePublished\":\"2018-08-22T22:13:24+00:00\",\"dateModified\":\"2022-03-15T11:50:07+00:00\",\"mainEntityOfPage\":{\"@id\":\"https:\/\/www.rayuelainfancia.com\/blog\/la-vuelta-al-cole-cuentos\/#webpage\"},\"wordCount\":1934,\"commentCount\":3,\"publisher\":{\"@id\":\"https:\/\/www.rayuelainfancia.com\/blog\/#organization\"},\"image\":{\"@id\":\"https:\/\/www.rayuelainfancia.com\/blog\/la-vuelta-al-cole-cuentos\/#primaryimage\"},\"thumbnailUrl\":\"https:\/\/www.rayuelainfancia.com\/blog\/wp-content\/uploads\/2018\/08\/LIBROS-INFANTILES-SOBRE-LA-VUELTA-AL-COLE.jpg\",\"articleSection\":[\"Literatura Infantil\"],\"inLanguage\":\"es\",\"potentialAction\":[{\"@type\":\"CommentAction\",\"name\":\"Comment\",\"target\":[\"https:\/\/www.rayuelainfancia.com\/blog\/la-vuelta-al-cole-cuentos\/#respond\"]}]},{\"@type\":\"Person\",\"@id\":\"https:\/\/www.rayuelainfancia.com\/blog\/#\/schema\/person\/c1aff250c5154e35f53f26d0eba10c45\",\"name\":\"Rayuelainfancia\",\"image\":{\"@type\":\"ImageObject\",\"@id\":\"https:\/\/www.rayuelainfancia.com\/blog\/#personlogo\",\"inLanguage\":\"es\",\"url\":\"https:\/\/secure.gravatar.com\/avatar\/8bf03e7a4bb13ca5c7d0dc6acde2bfd1?s=96&d=mm&r=g\",\"contentUrl\":\"https:\/\/secure.gravatar.com\/avatar\/8bf03e7a4bb13ca5c7d0dc6acde2bfd1?s=96&d=mm&r=g\",\"caption\":\"Rayuelainfancia\"}}]}<\/script>\n<!-- \/ Yoast SEO plugin. -->","yoast_head_json":{"title":"LA VUELTA AL COLE EN 10 CUENTOS &#8902; Blog de Rayuelainfancia","description":"Para ayudar a ni\u00f1as y ni\u00f1os a anticipar ese momento a veces dif\u00edcil, os proponemos estos 10 CUENTOS PARA LA VUELTA AL COLE.","robots":{"index":"index","follow":"follow","max-snippet":"max-snippet:-1","max-image-preview":"max-image-preview:large","max-video-preview":"max-video-preview:-1"},"canonical":"https:\/\/www.rayuelainfancia.com\/blog\/la-vuelta-al-cole-cuentos\/","og_locale":"es_ES","og_type":"article","og_title":"LA VUELTA AL COLE EN 10 CUENTOS &#8902; Blog de Rayuelainfancia","og_description":"Para ayudar a ni\u00f1as y ni\u00f1os a anticipar ese momento a veces dif\u00edcil, os proponemos estos 10 CUENTOS PARA LA VUELTA AL COLE.","og_url":"https:\/\/www.rayuelainfancia.com\/blog\/la-vuelta-al-cole-cuentos\/","og_site_name":"Blog de Rayuelainfancia","article_publisher":"https:\/\/www.facebook.com\/pages\/Librer\u00eda-Rayuela\/251861686361","article_published_time":"2018-08-22T22:13:24+00:00","article_modified_time":"2022-03-15T11:50:07+00:00","og_image":[{"width":1200,"height":900,"url":"https:\/\/www.rayuelainfancia.com\/blog\/wp-content\/uploads\/2018\/08\/LIBROS-INFANTILES-SOBRE-LA-VUELTA-AL-COLE.jpg","type":"image\/jpeg"}],"twitter_card":"summary","twitter_creator":"@Rayuelainfancia","twitter_site":"@Rayuelainfancia","twitter_misc":{"Written by":"Rayuelainfancia","Est. reading time":"10 minutos"},"schema":{"@context":"https:\/\/schema.org","@graph":[{"@type":"Organization","@id":"https:\/\/www.rayuelainfancia.com\/blog\/#organization","name":"Rayuelainfancia","url":"https:\/\/www.rayuelainfancia.com\/blog\/","sameAs":["https:\/\/www.facebook.com\/pages\/Librer\u00eda-Rayuela\/251861686361","https:\/\/www.youtube.com\/channel\/UCddVaoDjpTp-DexyEVoyazQ","https:\/\/twitter.com\/Rayuelainfancia"],"logo":{"@type":"ImageObject","@id":"https:\/\/www.rayuelainfancia.com\/blog\/#logo","inLanguage":"es","url":"https:\/\/www.rayuelainfancia.com\/blog\/wp-content\/uploads\/2018\/06\/logo-rayuelainfancia-color-corporativo.png","contentUrl":"https:\/\/www.rayuelainfancia.com\/blog\/wp-content\/uploads\/2018\/06\/logo-rayuelainfancia-color-corporativo.png","width":1200,"height":680,"caption":"Rayuelainfancia"},"image":{"@id":"https:\/\/www.rayuelainfancia.com\/blog\/#logo"}},{"@type":"WebSite","@id":"https:\/\/www.rayuelainfancia.com\/blog\/#website","url":"https:\/\/www.rayuelainfancia.com\/blog\/","name":"Blog de Rayuelainfancia","description":"Libros infantiles y juegos educaticos respestuosos con la infancia","publisher":{"@id":"https:\/\/www.rayuelainfancia.com\/blog\/#organization"},"potentialAction":[{"@type":"SearchAction","target":{"@type":"EntryPoint","urlTemplate":"https:\/\/www.rayuelainfancia.com\/blog\/?s={search_term_string}"},"query-input":"required name=search_term_string"}],"inLanguage":"es"},{"@type":"ImageObject","@id":"https:\/\/www.rayuelainfancia.com\/blog\/la-vuelta-al-cole-cuentos\/#primaryimage","inLanguage":"es","url":"https:\/\/www.rayuelainfancia.com\/blog\/wp-content\/uploads\/2018\/08\/LIBROS-INFANTILES-SOBRE-LA-VUELTA-AL-COLE.jpg","contentUrl":"https:\/\/www.rayuelainfancia.com\/blog\/wp-content\/uploads\/2018\/08\/LIBROS-INFANTILES-SOBRE-LA-VUELTA-AL-COLE.jpg","width":1200,"height":900,"caption":"LIBROS INFANTILES SOBRE LA VUELTA AL COLE"},{"@type":"WebPage","@id":"https:\/\/www.rayuelainfancia.com\/blog\/la-vuelta-al-cole-cuentos\/#webpage","url":"https:\/\/www.rayuelainfancia.com\/blog\/la-vuelta-al-cole-cuentos\/","name":"LA VUELTA AL COLE EN 10 CUENTOS &#8902; Blog de Rayuelainfancia","isPartOf":{"@id":"https:\/\/www.rayuelainfancia.com\/blog\/#website"},"primaryImageOfPage":{"@id":"https:\/\/www.rayuelainfancia.com\/blog\/la-vuelta-al-cole-cuentos\/#primaryimage"},"datePublished":"2018-08-22T22:13:24+00:00","dateModified":"2022-03-15T11:50:07+00:00","description":"Para ayudar a ni\u00f1as y ni\u00f1os a anticipar ese momento a veces dif\u00edcil, os proponemos estos 10 CUENTOS PARA LA VUELTA AL COLE.","breadcrumb":{"@id":"https:\/\/www.rayuelainfancia.com\/blog\/la-vuelta-al-cole-cuentos\/#breadcrumb"},"inLanguage":"es","potentialAction":[{"@type":"ReadAction","target":["https:\/\/www.rayuelainfancia.com\/blog\/la-vuelta-al-cole-cuentos\/"]}]},{"@type":"BreadcrumbList","@id":"https:\/\/www.rayuelainfancia.com\/blog\/la-vuelta-al-cole-cuentos\/#breadcrumb","itemListElement":[{"@type":"ListItem","position":1,"name":"Portada","item":"https:\/\/www.rayuelainfancia.com\/blog\/"},{"@type":"ListItem","position":2,"name":"LA VUELTA AL COLE EN 10 CUENTOS"}]},{"@type":"Article","@id":"https:\/\/www.rayuelainfancia.com\/blog\/la-vuelta-al-cole-cuentos\/#article","isPartOf":{"@id":"https:\/\/www.rayuelainfancia.com\/blog\/la-vuelta-al-cole-cuentos\/#webpage"},"author":{"@id":"https:\/\/www.rayuelainfancia.com\/blog\/#\/schema\/person\/c1aff250c5154e35f53f26d0eba10c45"},"headline":"LA VUELTA AL COLE EN 10 CUENTOS","datePublished":"2018-08-22T22:13:24+00:00","dateModified":"2022-03-15T11:50:07+00:00","mainEntityOfPage":{"@id":"https:\/\/www.rayuelainfancia.com\/blog\/la-vuelta-al-cole-cuentos\/#webpage"},"wordCount":1934,"commentCount":3,"publisher":{"@id":"https:\/\/www.rayuelainfancia.com\/blog\/#organization"},"image":{"@id":"https:\/\/www.rayuelainfancia.com\/blog\/la-vuelta-al-cole-cuentos\/#primaryimage"},"thumbnailUrl":"https:\/\/www.rayuelainfancia.com\/blog\/wp-content\/uploads\/2018\/08\/LIBROS-INFANTILES-SOBRE-LA-VUELTA-AL-COLE.jpg","articleSection":["Literatura Infantil"],"inLanguage":"es","potentialAction":[{"@type":"CommentAction","name":"Comment","target":["https:\/\/www.rayuelainfancia.com\/blog\/la-vuelta-al-cole-cuentos\/#respond"]}]},{"@type":"Person","@id":"https:\/\/www.rayuelainfancia.com\/blog\/#\/schema\/person\/c1aff250c5154e35f53f26d0eba10c45","name":"Rayuelainfancia","image":{"@type":"ImageObject","@id":"https:\/\/www.rayuelainfancia.com\/blog\/#personlogo","inLanguage":"es","url":"https:\/\/secure.gravatar.com\/avatar\/8bf03e7a4bb13ca5c7d0dc6acde2bfd1?s=96&d=mm&r=g","contentUrl":"https:\/\/secure.gravatar.com\/avatar\/8bf03e7a4bb13ca5c7d0dc6acde2bfd1?s=96&d=mm&r=g","caption":"Rayuelainfancia"}}]}},"_links":{"self":[{"href":"https:\/\/www.rayuelainfancia.com\/blog\/wp-json\/wp\/v2\/posts\/2816"}],"collection":[{"href":"https:\/\/www.rayuelainfancia.com\/blog\/wp-json\/wp\/v2\/posts"}],"about":[{"href":"https:\/\/www.rayuelainfancia.com\/blog\/wp-json\/wp\/v2\/types\/post"}],"author":[{"embeddable":true,"href":"https:\/\/www.rayuelainfancia.com\/blog\/wp-json\/wp\/v2\/users\/6"}],"replies":[{"embeddable":true,"href":"https:\/\/www.rayuelainfancia.com\/blog\/wp-json\/wp\/v2\/comments?post=2816"}],"version-history":[{"count":22,"href":"https:\/\/www.rayuelainfancia.com\/blog\/wp-json\/wp\/v2\/posts\/2816\/revisions"}],"predecessor-version":[{"id":2849,"href":"https:\/\/www.rayuelainfancia.com\/blog\/wp-json\/wp\/v2\/posts\/2816\/revisions\/2849"}],"wp:featuredmedia":[{"embeddable":true,"href":"https:\/\/www.rayuelainfancia.com\/blog\/wp-json\/wp\/v2\/media\/2846"}],"wp:attachment":[{"href":"https:\/\/www.rayuelainfancia.com\/blog\/wp-json\/wp\/v2\/media?parent=2816"}],"wp:term":[{"taxonomy":"category","embeddable":true,"href":"https:\/\/www.rayuelainfancia.com\/blog\/wp-json\/wp\/v2\/categories?post=2816"},{"taxonomy":"post_tag","embeddable":true,"href":"https:\/\/www.rayuelainfancia.com\/blog\/wp-json\/wp\/v2\/tags?post=2816"}],"curies":[{"name":"wp","href":"https:\/\/api.w.org\/{rel}","templated":true}]}}