 {"id":2609,"date":"2018-06-07T14:09:16","date_gmt":"2018-06-07T12:09:16","guid":{"rendered":"http:\/\/www.rayuelainfancia.com\/blog\/?p=2609"},"modified":"2020-06-25T12:40:57","modified_gmt":"2020-06-25T10:40:57","slug":"libros-para-maestros","status":"publish","type":"post","link":"https:\/\/www.rayuelainfancia.com\/blog\/libros-para-maestros\/","title":{"rendered":"LIBROS PARA MAESTROS"},"content":{"rendered":"<p style=\"text-align: justify;\">Se acerca el <strong>final del curso<\/strong> y todos estamos deseando que lleguen los d\u00edas de vacaciones, para poder recargar pilas y cambiar de aires. Pero tambi\u00e9n es momento de agradecer, de <strong>dar las gracias a los maestros y maestras que nos han acompa\u00f1ado<\/strong> todos estos meses, poniendo todo su cari\u00f1o y esfuerzo. Aqu\u00ed te dejamos un pu\u00f1adito de <strong>libros para regalar a tu maestro, a tu maestra.<\/strong><\/p>\n<p><!--more--><\/p>\n<p style=\"text-align: justify;\"><span style=\"font-size: medium;\">Os dejamos una selecci\u00f3n de libros para dar las \u201cgracias\u201d a los maestros gu\u00edas, a las maestras que facilitan el desarrollo y que observan el descubrimiento continuo de las ni\u00f1as y los ni\u00f1os que tienen cerca.\u00a0<\/span><\/p>\n<blockquote>\n<p style=\"text-align: center;\"><strong>La mayor se\u00f1al del \u00e9xito de un profesor es poder decir: \u00abAhora los ni\u00f1os trabajan como si yo no existiera<\/strong><\/p>\n<p style=\"text-align: center;\"><strong>Mar\u00eda Montessori<\/strong><\/p>\n<p><img loading=\"lazy\" class=\"size-full wp-image-2612 aligncenter\" src=\"http:\/\/www.rayuelainfancia.com\/blog\/wp-content\/uploads\/2018\/06\/child-865116_960_720.jpg\" alt=\"\" width=\"960\" height=\"640\" srcset=\"https:\/\/www.rayuelainfancia.com\/blog\/wp-content\/uploads\/2018\/06\/child-865116_960_720.jpg 960w, https:\/\/www.rayuelainfancia.com\/blog\/wp-content\/uploads\/2018\/06\/child-865116_960_720-300x200.jpg 300w, https:\/\/www.rayuelainfancia.com\/blog\/wp-content\/uploads\/2018\/06\/child-865116_960_720-768x512.jpg 768w\" sizes=\"(max-width: 960px) 100vw, 960px\" \/><\/p><\/blockquote>\n<h3>El \u00e1rbol de la escuela<\/h3>\n<p style=\"text-align: justify;\">Un \u00e1lbum ilustrado de gran belleza, que habla del amor al medio ambiente y tambi\u00e9n de la fuerza del cari\u00f1o y lo importante que es para poder crecer.\u00a0<strong>Algo maravilloso ocurre en una escuela<\/strong>, una escuela como la tuya o la m\u00eda, una escuela cualquiera.<\/p>\n<p>\u00a0<img loading=\"lazy\" class=\"aligncenter wp-image-2623 size-full\" title=\"LIBROS PARA MAESTROS EL ARBOL DE LA ESCUELA \" src=\"http:\/\/www.rayuelainfancia.com\/blog\/wp-content\/uploads\/2018\/06\/EL-ARBOL-DE-LA-ESCUELA-KALANDRAKA-RAYUELAINFANCIA.jpg\" alt=\"LIBROS PARA MAESTROS \" width=\"1200\" height=\"900\" srcset=\"https:\/\/www.rayuelainfancia.com\/blog\/wp-content\/uploads\/2018\/06\/EL-ARBOL-DE-LA-ESCUELA-KALANDRAKA-RAYUELAINFANCIA.jpg 1200w, https:\/\/www.rayuelainfancia.com\/blog\/wp-content\/uploads\/2018\/06\/EL-ARBOL-DE-LA-ESCUELA-KALANDRAKA-RAYUELAINFANCIA-300x225.jpg 300w, https:\/\/www.rayuelainfancia.com\/blog\/wp-content\/uploads\/2018\/06\/EL-ARBOL-DE-LA-ESCUELA-KALANDRAKA-RAYUELAINFANCIA-768x576.jpg 768w, https:\/\/www.rayuelainfancia.com\/blog\/wp-content\/uploads\/2018\/06\/EL-ARBOL-DE-LA-ESCUELA-KALANDRAKA-RAYUELAINFANCIA-1024x768.jpg 1024w\" sizes=\"(max-width: 1200px) 100vw, 1200px\" \/><\/p>\n<p>&nbsp;<\/p>\n<p style=\"text-align: justify;\">Un ni\u00f1o le da su amor a un \u00e1rbol, y el \u00e1rbol le responde haci\u00e9ndose grande y fuerte. Y esa semilla, esa experiencia va volando, volandoooo\u2026 hasta otras muchas escuelas. Una met\u00e1fora llena de\u00a0<strong>esperanza educativa<\/strong>.<\/p>\n<div id=\"product_list\" class=\"row\"><div class=\"col-xs-6 col-sm-6 col-md-6 col-lg-4 item-product\">\n            <div class=\"product-list text-center\">\n                <p>\n                    <a class=\"product-blog-link\" href=\"https:\/\/www.rayuelainfancia.com\/album-ilustrado\/2963-el-arbol-de-la-escuela.html?utm_campaign=productBlogPost\" title=\"EL   RBOL DE LA ESCUELA\">\n                        <img src=\"\/\/www.rayuelainfancia.com\/1393941-home_default\/el-arbol-de-la-escuela.jpg\" alt=\"EL   RBOL DE LA ESCUELA\" class=\"img-responsive\"><span>EL \u00c1RBOL DE LA ESCUELA<\/span><\/a>\n                <\/p>\n            <\/div>\n\n            <div class=\"acciones text-center\">\n                \n                <p class=\"price\">14,00 \u20ac<\/p>\n            <\/div>\n        <\/div><\/div>\n<h3>\u00bfJugamos? C\u00f3mo el aprendizaje l\u00fadico puede transformar la educaci\u00f3n<\/h3>\n<p style=\"text-align: justify;\"><strong>Jugar es uno de los derechos fundamentales de todos los ni\u00f1os y ni\u00f1as<\/strong>, y s\u00ed, es cosa muy seria. Inma Mart\u00edn, autora de este interesante libro lo sabe bien. Est\u00e1 especializada en juegos, juguetes, infancia, educaci\u00f3n, comunicaci\u00f3n y formaci\u00f3n a trav\u00e9s de procesos de ludificaci\u00f3n (gamificaci\u00f3n). Este libro propone la idea del juego como<strong> facilitador para resolver muchas de las dificultades que se presentan en el entorno educativo<\/strong>.<\/p>\n<p><img loading=\"lazy\" class=\"size-full wp-image-2627 aligncenter\" src=\"http:\/\/www.rayuelainfancia.com\/blog\/wp-content\/uploads\/2018\/06\/JUGAMOS-PAIDOS-RAYUELAINFANCIA.jpg\" alt=\"LIBROS PARA MAESTROS \" width=\"1200\" height=\"913\" srcset=\"https:\/\/www.rayuelainfancia.com\/blog\/wp-content\/uploads\/2018\/06\/JUGAMOS-PAIDOS-RAYUELAINFANCIA.jpg 1200w, https:\/\/www.rayuelainfancia.com\/blog\/wp-content\/uploads\/2018\/06\/JUGAMOS-PAIDOS-RAYUELAINFANCIA-300x228.jpg 300w, https:\/\/www.rayuelainfancia.com\/blog\/wp-content\/uploads\/2018\/06\/JUGAMOS-PAIDOS-RAYUELAINFANCIA-768x584.jpg 768w, https:\/\/www.rayuelainfancia.com\/blog\/wp-content\/uploads\/2018\/06\/JUGAMOS-PAIDOS-RAYUELAINFANCIA-1024x779.jpg 1024w\" sizes=\"(max-width: 1200px) 100vw, 1200px\" \/><\/p>\n<p>&nbsp;<\/p>\n<blockquote>\n<p style=\"text-align: justify;\"><strong>Mi objetivo es que nos sumerjamos juntas en la base de las metodolog\u00edas y estrategias l\u00fadicas &#8230; para hacerte consciente de que el juego, m\u00e1s que un recurso, incluso m\u00e1s que una metodolog\u00eda o estrategia, es una actitud vital. As\u00ed que toma rotuladores y l\u00e1pices de colores y dibuja, escribe, subraya o tacha a tu antojo. Juega con el libro, hazlo tuyo y disfr\u00fatalo.\u00a0<\/strong><\/p>\n<\/blockquote>\n<div id=\"product_list\" class=\"row\"><div class=\"col-xs-6 col-sm-6 col-md-6 col-lg-4 item-product\">\n            <div class=\"product-list text-center\">\n                <p>\n                    <a class=\"product-blog-link\" href=\"https:\/\/www.rayuelainfancia.com\/crianza-educacion\/6854-jugamos.html?utm_campaign=productBlogPost\" title=\"  JUGAMOS \">\n                        <img src=\"\/\/www.rayuelainfancia.com\/8859-home_default\/jugamos.jpg\" alt=\"  JUGAMOS \" class=\"img-responsive\"><span>\u00bfJUGAMOS?<\/span><\/a>\n                <\/p>\n            <\/div>\n\n            <div class=\"acciones text-center\">\n                \n                <p class=\"price\">18,95 \u20ac<\/p>\n            <\/div>\n        <\/div><\/div>\n<h3>A juego lento<\/h3>\n<p style=\"text-align: justify;\"><em>A Juego Lento<\/em>\u00a0es una cocina (o un taller).\u00a0<strong>Un taller de poes\u00eda<\/strong>\u00a0(\u00bfo una cocina?). Te ofrece todos los cacharros e ingredientes <strong>para que dejes salir toda la poes\u00eda que llevas dentro<\/strong>. S\u00ed, en serio, dentro de ti hay grandes cantidades de poes\u00eda. \u00bfNo lo sab\u00edas? Prueba y ver\u00e1s. Dale la vuelta al libro. \u00c1brelo. Sigue (m\u00e1s o menos, porque aqu\u00ed mandas t\u00fa) las instrucciones de <strong><a href=\"https:\/\/www.marbenegas.es\/\">Mar Benegas<\/a><\/strong>.<\/p>\n<p><img loading=\"lazy\" class=\"size-full wp-image-2618 aligncenter\" src=\"http:\/\/www.rayuelainfancia.com\/blog\/wp-content\/uploads\/2018\/06\/A-JUEGO-LENTO-LITERA-LIBROS-RAYUELAINFANCIA-DOS.jpg\" alt=\"LIBROS PARA REGALAR A LOS MAESTROS \" width=\"1200\" height=\"900\" srcset=\"https:\/\/www.rayuelainfancia.com\/blog\/wp-content\/uploads\/2018\/06\/A-JUEGO-LENTO-LITERA-LIBROS-RAYUELAINFANCIA-DOS.jpg 1200w, https:\/\/www.rayuelainfancia.com\/blog\/wp-content\/uploads\/2018\/06\/A-JUEGO-LENTO-LITERA-LIBROS-RAYUELAINFANCIA-DOS-300x225.jpg 300w, https:\/\/www.rayuelainfancia.com\/blog\/wp-content\/uploads\/2018\/06\/A-JUEGO-LENTO-LITERA-LIBROS-RAYUELAINFANCIA-DOS-768x576.jpg 768w, https:\/\/www.rayuelainfancia.com\/blog\/wp-content\/uploads\/2018\/06\/A-JUEGO-LENTO-LITERA-LIBROS-RAYUELAINFANCIA-DOS-1024x768.jpg 1024w\" sizes=\"(max-width: 1200px) 100vw, 1200px\" \/><\/p>\n<div id=\"product_list\" class=\"row\"><div class=\"col-xs-6 col-sm-6 col-md-6 col-lg-4 item-product\">\n            <div class=\"product-list text-center\">\n                <p>\n                    <a class=\"product-blog-link\" href=\"https:\/\/www.rayuelainfancia.com\/libro-juego\/3656-a-juego-lento.html?utm_campaign=productBlogPost\" title=\"A JUEGO LENTO\">\n                        <img src=\"\/\/www.rayuelainfancia.com\/4926-home_default\/a-juego-lento.jpg\" alt=\"A JUEGO LENTO\" class=\"img-responsive\"><span>A JUEGO LENTO<\/span><\/a>\n                <\/p>\n            <\/div>\n\n            <div class=\"acciones text-center\">\n                \n                <p class=\"price\">15,00 \u20ac<\/p>\n            <\/div>\n        <\/div><\/div>\n<h3>Escuela de fantas\u00eda<\/h3>\n<p style=\"text-align: justify;\">Este maravillosos libro escrito por\u00a0<strong>Gianni Rodari<\/strong>, es un imprescindible para madres, padres y educadores \u00e1vidos de encontrar\u00a0<strong>recursos vinculados a la creatividad, la imaginaci\u00f3n y la fantas\u00eda<\/strong>, a la hora de relacionarse con ni\u00f1as y ni\u00f1os.<\/p>\n<p><img loading=\"lazy\" class=\"alignnone size-full wp-image-2617 aligncenter\" src=\"http:\/\/www.rayuelainfancia.com\/blog\/wp-content\/uploads\/2018\/06\/IMG_20171122_140145_554.jpg\" alt=\"ESCUELA DE FANTASIA GIANNI RODARI \" width=\"1600\" height=\"1200\" srcset=\"https:\/\/www.rayuelainfancia.com\/blog\/wp-content\/uploads\/2018\/06\/IMG_20171122_140145_554.jpg 1600w, https:\/\/www.rayuelainfancia.com\/blog\/wp-content\/uploads\/2018\/06\/IMG_20171122_140145_554-300x225.jpg 300w, https:\/\/www.rayuelainfancia.com\/blog\/wp-content\/uploads\/2018\/06\/IMG_20171122_140145_554-768x576.jpg 768w, https:\/\/www.rayuelainfancia.com\/blog\/wp-content\/uploads\/2018\/06\/IMG_20171122_140145_554-1024x768.jpg 1024w\" sizes=\"(max-width: 1600px) 100vw, 1600px\" \/><\/p>\n<p>&nbsp;<\/p>\n<p style=\"text-align: justify;\">El libro est\u00e1 dividido en dos bloques:\u00a0<strong>\u00abEnse\u00f1ar a aprender\u00bb y \u00abAprender a ense\u00f1ar\u00bb<\/strong>\u00a0porque para Gianni Rodari ambos conceptos son inseparables. Un libro con reflexiones muy interesantes sobre el mundo de los ni\u00f1os, de la escuela, de la literatura infantil.<\/p>\n<blockquote>\n<p style=\"text-align: center;\"><strong><em>\u00abEl ni\u00f1o, cualquier ni\u00f1o, es un hecho nuevo<\/em><\/strong><\/p>\n<p style=\"text-align: center;\"><strong><em>Y con \u00e9l el mundo empieza de cero\u00bb<\/em><\/strong><\/p>\n<\/blockquote>\n<div id=\"product_list\" class=\"row\"><div class=\"col-xs-6 col-sm-6 col-md-6 col-lg-4 item-product\">\n            <div class=\"product-list text-center\">\n                <p>\n                    <a class=\"product-blog-link\" href=\"https:\/\/www.rayuelainfancia.com\/crianza-educacion\/3649-escuela-de-fantasia.html?utm_campaign=productBlogPost\" title=\"ESCUELA DE FANTAS  A\">\n                        <img src=\"\/\/www.rayuelainfancia.com\/4919-home_default\/escuela-de-fantasia.jpg\" alt=\"ESCUELA DE FANTAS  A\" class=\"img-responsive\"><span>ESCUELA DE FANTAS\u00cdA<\/span><\/a>\n                <\/p>\n            <\/div>\n\n            <div class=\"acciones text-center\">\n                \n                <p class=\"price\">17,90 \u20ac<\/p>\n            <\/div>\n        <\/div><\/div>\n<h3>Plantando semillas<\/h3>\n<p style=\"text-align: justify;\"><em>Plantando semillas<\/em>\u00a0es un libro repleto de\u00a0<strong>actividades did\u00e1cticas que pueden ayudar a ni\u00f1os y adultos a liberarse del estr\u00e9s, aumentar la concentraci\u00f3n y la confianza en s\u00ed mismos<\/strong>, enfrentarse a las emociones dif\u00edciles, mejorar la comunicaci\u00f3n o cultivar la paz.<\/p>\n<p><img loading=\"lazy\" class=\"size-full wp-image-2624 aligncenter\" src=\"http:\/\/www.rayuelainfancia.com\/blog\/wp-content\/uploads\/2018\/06\/PLANTANDO-SEMILLAS-MINDFULNESS-PARA-NINOS-RAYUELAINFANCIA.jpg\" alt=\"LIBROS PARA MAESTROS \" width=\"1200\" height=\"900\" srcset=\"https:\/\/www.rayuelainfancia.com\/blog\/wp-content\/uploads\/2018\/06\/PLANTANDO-SEMILLAS-MINDFULNESS-PARA-NINOS-RAYUELAINFANCIA.jpg 1200w, https:\/\/www.rayuelainfancia.com\/blog\/wp-content\/uploads\/2018\/06\/PLANTANDO-SEMILLAS-MINDFULNESS-PARA-NINOS-RAYUELAINFANCIA-300x225.jpg 300w, https:\/\/www.rayuelainfancia.com\/blog\/wp-content\/uploads\/2018\/06\/PLANTANDO-SEMILLAS-MINDFULNESS-PARA-NINOS-RAYUELAINFANCIA-768x576.jpg 768w, https:\/\/www.rayuelainfancia.com\/blog\/wp-content\/uploads\/2018\/06\/PLANTANDO-SEMILLAS-MINDFULNESS-PARA-NINOS-RAYUELAINFANCIA-1024x768.jpg 1024w\" sizes=\"(max-width: 1200px) 100vw, 1200px\" \/><\/p>\n<p>&nbsp;<\/p>\n<p style=\"text-align: justify;\">Es una visi\u00f3n completa de todas las pr\u00e1cticas utilizadas durante d\u00e9cadas por Thich Nhat Hanh en su trabajo con ni\u00f1os.\u00a0<strong>Incluye cerca de 30 ilustraciones a todo color y un<\/strong>\u00a0<strong>CD con canciones y ejercicios de meditaci\u00f3n<\/strong>\u00a0f\u00e1ciles de practicar.<\/p>\n<p style=\"text-align: justify;\">Son muchos los libros que est\u00e1n pensados para <strong>introducir la pr\u00e1ctica de la meditaci\u00f3n y tambi\u00e9n del yoga a los m\u00e1s peque\u00f1os<\/strong>. En Rayuelainfancia tenemos una buena selecci\u00f3n de ellos, que si te apetece puedes consultar<a href=\"https:\/\/www.rayuelainfancia.com\/8-guias-de-madres-padres-y-educadores#\/categorias-yoga_y_meditaciones\"> aqu\u00ed.<\/a><\/p>\n<div id=\"product_list\" class=\"row\"><div class=\"col-xs-6 col-sm-6 col-md-6 col-lg-4 item-product\">\n            <div class=\"product-list text-center\">\n                <p>\n                    <a class=\"product-blog-link\" href=\"https:\/\/www.rayuelainfancia.com\/crianza-educacion\/514-plantando-semillas.html?utm_campaign=productBlogPost\" title=\"PLANTANDO SEMILLAS\">\n                        <img src=\"\/\/www.rayuelainfancia.com\/454-home_default\/plantando-semillas.jpg\" alt=\"PLANTANDO SEMILLAS\" class=\"img-responsive\"><span>PLANTANDO SEMILLAS<\/span><\/a>\n                <\/p>\n            <\/div>\n\n            <div class=\"acciones text-center\">\n                \n                <p class=\"price\">29,50 \u20ac<\/p>\n            <\/div>\n        <\/div><\/div>\n<h3>Taller de libros para ni\u00f1os<\/h3>\n<p style=\"text-align: justify;\">En este libro para peque\u00f1os artistas del papel, encontramos<strong>\u00a025 propuestas para crear con papel.<\/strong>\u00a0Doblar, coser, pegar, ensamblar, desplegar y dibujar \u00bfEl resultado?\u00a0<strong>Creamos nuestros propios libros.\u00a0<\/strong>Libros con bolsillos secretos, pop-ups, acordeones autobiogr\u00e1ficos&#8230; <strong>Para maestros y maestras creativos.<\/strong><\/p>\n<p><img loading=\"lazy\" class=\"alignnone size-full wp-image-2620 aligncenter\" src=\"http:\/\/www.rayuelainfancia.com\/blog\/wp-content\/uploads\/2018\/06\/TALLER-LIBROS-NINOS-GUSTAVO-GILI-RAYUELAINFANCIA-DOS.jpg\" alt=\"LIBROS PARA REGALAR A LOS MAESTROS \" width=\"1200\" height=\"820\" srcset=\"https:\/\/www.rayuelainfancia.com\/blog\/wp-content\/uploads\/2018\/06\/TALLER-LIBROS-NINOS-GUSTAVO-GILI-RAYUELAINFANCIA-DOS.jpg 1200w, https:\/\/www.rayuelainfancia.com\/blog\/wp-content\/uploads\/2018\/06\/TALLER-LIBROS-NINOS-GUSTAVO-GILI-RAYUELAINFANCIA-DOS-300x205.jpg 300w, https:\/\/www.rayuelainfancia.com\/blog\/wp-content\/uploads\/2018\/06\/TALLER-LIBROS-NINOS-GUSTAVO-GILI-RAYUELAINFANCIA-DOS-768x525.jpg 768w, https:\/\/www.rayuelainfancia.com\/blog\/wp-content\/uploads\/2018\/06\/TALLER-LIBROS-NINOS-GUSTAVO-GILI-RAYUELAINFANCIA-DOS-1024x700.jpg 1024w\" sizes=\"(max-width: 1200px) 100vw, 1200px\" \/><\/p>\n<div id=\"product_list\" class=\"row\"><div class=\"col-xs-6 col-sm-6 col-md-6 col-lg-4 item-product\">\n            <div class=\"product-list text-center\">\n                <p>\n                    <a class=\"product-blog-link\" href=\"https:\/\/www.rayuelainfancia.com\/manualidades\/4013-taller-de-libros-para-ninos.html?utm_campaign=productBlogPost\" title=\"TALLER DE LIBROS PARA NI  OS\">\n                        <img src=\"\/\/www.rayuelainfancia.com\/5907-home_default\/taller-de-libros-para-ninos.jpg\" alt=\"TALLER DE LIBROS PARA NI  OS\" class=\"img-responsive\"><span>TALLER DE LIBROS PARA NI\u00d1OS<\/span><\/a>\n                <\/p>\n            <\/div>\n\n            <div class=\"acciones text-center\">\n                \n                <p class=\"price\">19,90 \u20ac<\/p>\n            <\/div>\n        <\/div><\/div>\n<h3>Ecoeducaci\u00f3n<\/h3>\n<p style=\"text-align: justify;\"><strong>Esperanzador, elocuente y audaz<\/strong>,\u00a0<em>Ecoeducaci\u00f3n<\/em>\u00a0narra las\u00a0<strong>experiencias\u00a0<\/strong>de unos educadores, activistas y estudiantes\u00a0<strong>que representan una nueva integraci\u00f3n de la inteligencia emocional, social y ecol\u00f3gica.\u00a0<\/strong>El libro asimismo incluye una gu\u00eda de desarrollo profesional basada en las cinco pr\u00e1cticas de la ecoeducaci\u00f3n comprometida.<\/p>\n<p><img loading=\"lazy\" class=\"size-full wp-image-2625 aligncenter\" src=\"http:\/\/www.rayuelainfancia.com\/blog\/wp-content\/uploads\/2018\/06\/ECOEDUCACION-GOLEMAN-JUVENTUD-RAYUELAINFANCIA.jpg\" alt=\"LIBROS PARA MAESTROS\" width=\"1200\" height=\"900\" srcset=\"https:\/\/www.rayuelainfancia.com\/blog\/wp-content\/uploads\/2018\/06\/ECOEDUCACION-GOLEMAN-JUVENTUD-RAYUELAINFANCIA.jpg 1200w, https:\/\/www.rayuelainfancia.com\/blog\/wp-content\/uploads\/2018\/06\/ECOEDUCACION-GOLEMAN-JUVENTUD-RAYUELAINFANCIA-300x225.jpg 300w, https:\/\/www.rayuelainfancia.com\/blog\/wp-content\/uploads\/2018\/06\/ECOEDUCACION-GOLEMAN-JUVENTUD-RAYUELAINFANCIA-768x576.jpg 768w, https:\/\/www.rayuelainfancia.com\/blog\/wp-content\/uploads\/2018\/06\/ECOEDUCACION-GOLEMAN-JUVENTUD-RAYUELAINFANCIA-1024x768.jpg 1024w\" sizes=\"(max-width: 1200px) 100vw, 1200px\" \/><\/p>\n<p>&nbsp;<\/p>\n<p style=\"text-align: justify;\">Estas pr\u00e1cticas son: <strong>desarrollar la empat\u00eda con todas las formas de vida<\/strong>, adoptar la sostenibilidad como pr\u00e1ctica en comunidad, hacer visible lo invisible, anticipar consecuencias inesperadas y entender c\u00f3mo la naturaleza sustenta la vida.<\/p>\n<div id=\"product_list\" class=\"row\"><div class=\"col-xs-6 col-sm-6 col-md-6 col-lg-4 item-product\">\n            <div class=\"product-list text-center\">\n                <p>\n                    <a class=\"product-blog-link\" href=\"https:\/\/www.rayuelainfancia.com\/crianza-educacion\/384-ecoeducacion.html?utm_campaign=productBlogPost\" title=\"ECOEDUCACI  N\">\n                        <img src=\"\/\/www.rayuelainfancia.com\/332-home_default\/ecoeducacion.jpg\" alt=\"ECOEDUCACI  N\" class=\"img-responsive\"><span>ECOEDUCACI\u00d3N<\/span><\/a>\n                <\/p>\n            <\/div>\n\n            <div class=\"acciones text-center\">\n                \n                <p class=\"price\">18,00 \u20ac<\/p>\n            <\/div>\n        <\/div><\/div>\n","protected":false},"excerpt":{"rendered":"<p>Se acerca el final del curso y todos estamos deseando que lleguen los d\u00edas de vacaciones, para poder recargar pilas y cambiar de aires. Pero tambi\u00e9n es momento de agradecer, de dar las gracias a los maestros y maestras que nos han acompa\u00f1ado todos estos meses, poniendo todo su cari\u00f1o y esfuerzo. Aqu\u00ed te dejamos [&hellip;]<\/p>\n","protected":false},"author":6,"featured_media":2621,"comment_status":"open","ping_status":"open","sticky":false,"template":"","format":"standard","meta":[],"categories":[21,64],"tags":[],"yoast_head":"<!-- This site is optimized with the Yoast SEO plugin v18.5.1 - https:\/\/yoast.com\/wordpress\/plugins\/seo\/ -->\n<title>LIBROS PARA MAESTROS &#8902; Blog de Rayuelainfancia<\/title>\n<meta name=\"robots\" content=\"index, follow, max-snippet:-1, max-image-preview:large, max-video-preview:-1\" \/>\n<link rel=\"canonical\" href=\"https:\/\/www.rayuelainfancia.com\/blog\/libros-para-maestros\/\" \/>\n<meta property=\"og:locale\" content=\"es_ES\" \/>\n<meta property=\"og:type\" content=\"article\" \/>\n<meta property=\"og:title\" content=\"LIBROS PARA MAESTROS &#8902; Blog de Rayuelainfancia\" \/>\n<meta property=\"og:description\" content=\"Se acerca el final del curso y todos estamos deseando que lleguen los d\u00edas de vacaciones, para poder recargar pilas y cambiar de aires. Pero tambi\u00e9n es momento de agradecer, de dar las gracias a los maestros y maestras que nos han acompa\u00f1ado todos estos meses, poniendo todo su cari\u00f1o y esfuerzo. Aqu\u00ed te dejamos [&hellip;]\" \/>\n<meta property=\"og:url\" content=\"https:\/\/www.rayuelainfancia.com\/blog\/libros-para-maestros\/\" \/>\n<meta property=\"og:site_name\" content=\"Blog de Rayuelainfancia\" \/>\n<meta property=\"article:publisher\" content=\"https:\/\/www.facebook.com\/pages\/Librer\u00eda-Rayuela\/251861686361\" \/>\n<meta property=\"article:published_time\" content=\"2018-06-07T12:09:16+00:00\" \/>\n<meta property=\"article:modified_time\" content=\"2020-06-25T10:40:57+00:00\" \/>\n<meta property=\"og:image\" content=\"https:\/\/www.rayuelainfancia.com\/blog\/wp-content\/uploads\/2018\/06\/LIBROS-PARA-REGALAR-A-LOS-MAESTROS-2018-RAYUELAINFANCIA.jpg\" \/>\n\t<meta property=\"og:image:width\" content=\"1200\" \/>\n\t<meta property=\"og:image:height\" content=\"956\" \/>\n\t<meta property=\"og:image:type\" content=\"image\/jpeg\" \/>\n<meta name=\"twitter:card\" content=\"summary\" \/>\n<meta name=\"twitter:creator\" content=\"@Rayuelainfancia\" \/>\n<meta name=\"twitter:site\" content=\"@Rayuelainfancia\" \/>\n<meta name=\"twitter:label1\" content=\"Written by\" \/>\n\t<meta name=\"twitter:data1\" content=\"Rayuelainfancia\" \/>\n\t<meta name=\"twitter:label2\" content=\"Est. reading time\" \/>\n\t<meta name=\"twitter:data2\" content=\"4 minutos\" \/>\n<script type=\"application\/ld+json\" class=\"yoast-schema-graph\">{\"@context\":\"https:\/\/schema.org\",\"@graph\":[{\"@type\":\"Organization\",\"@id\":\"https:\/\/www.rayuelainfancia.com\/blog\/#organization\",\"name\":\"Rayuelainfancia\",\"url\":\"https:\/\/www.rayuelainfancia.com\/blog\/\",\"sameAs\":[\"https:\/\/www.facebook.com\/pages\/Librer\u00eda-Rayuela\/251861686361\",\"https:\/\/www.youtube.com\/channel\/UCddVaoDjpTp-DexyEVoyazQ\",\"https:\/\/twitter.com\/Rayuelainfancia\"],\"logo\":{\"@type\":\"ImageObject\",\"@id\":\"https:\/\/www.rayuelainfancia.com\/blog\/#logo\",\"inLanguage\":\"es\",\"url\":\"https:\/\/www.rayuelainfancia.com\/blog\/wp-content\/uploads\/2018\/06\/logo-rayuelainfancia-color-corporativo.png\",\"contentUrl\":\"https:\/\/www.rayuelainfancia.com\/blog\/wp-content\/uploads\/2018\/06\/logo-rayuelainfancia-color-corporativo.png\",\"width\":1200,\"height\":680,\"caption\":\"Rayuelainfancia\"},\"image\":{\"@id\":\"https:\/\/www.rayuelainfancia.com\/blog\/#logo\"}},{\"@type\":\"WebSite\",\"@id\":\"https:\/\/www.rayuelainfancia.com\/blog\/#website\",\"url\":\"https:\/\/www.rayuelainfancia.com\/blog\/\",\"name\":\"Blog de Rayuelainfancia\",\"description\":\"Libros infantiles y juegos educaticos respestuosos con la infancia\",\"publisher\":{\"@id\":\"https:\/\/www.rayuelainfancia.com\/blog\/#organization\"},\"potentialAction\":[{\"@type\":\"SearchAction\",\"target\":{\"@type\":\"EntryPoint\",\"urlTemplate\":\"https:\/\/www.rayuelainfancia.com\/blog\/?s={search_term_string}\"},\"query-input\":\"required name=search_term_string\"}],\"inLanguage\":\"es\"},{\"@type\":\"ImageObject\",\"@id\":\"https:\/\/www.rayuelainfancia.com\/blog\/libros-para-maestros\/#primaryimage\",\"inLanguage\":\"es\",\"url\":\"https:\/\/www.rayuelainfancia.com\/blog\/wp-content\/uploads\/2018\/06\/LIBROS-PARA-REGALAR-A-LOS-MAESTROS-2018-RAYUELAINFANCIA.jpg\",\"contentUrl\":\"https:\/\/www.rayuelainfancia.com\/blog\/wp-content\/uploads\/2018\/06\/LIBROS-PARA-REGALAR-A-LOS-MAESTROS-2018-RAYUELAINFANCIA.jpg\",\"width\":1200,\"height\":956},{\"@type\":\"WebPage\",\"@id\":\"https:\/\/www.rayuelainfancia.com\/blog\/libros-para-maestros\/#webpage\",\"url\":\"https:\/\/www.rayuelainfancia.com\/blog\/libros-para-maestros\/\",\"name\":\"LIBROS PARA MAESTROS &#8902; Blog de Rayuelainfancia\",\"isPartOf\":{\"@id\":\"https:\/\/www.rayuelainfancia.com\/blog\/#website\"},\"primaryImageOfPage\":{\"@id\":\"https:\/\/www.rayuelainfancia.com\/blog\/libros-para-maestros\/#primaryimage\"},\"datePublished\":\"2018-06-07T12:09:16+00:00\",\"dateModified\":\"2020-06-25T10:40:57+00:00\",\"breadcrumb\":{\"@id\":\"https:\/\/www.rayuelainfancia.com\/blog\/libros-para-maestros\/#breadcrumb\"},\"inLanguage\":\"es\",\"potentialAction\":[{\"@type\":\"ReadAction\",\"target\":[\"https:\/\/www.rayuelainfancia.com\/blog\/libros-para-maestros\/\"]}]},{\"@type\":\"BreadcrumbList\",\"@id\":\"https:\/\/www.rayuelainfancia.com\/blog\/libros-para-maestros\/#breadcrumb\",\"itemListElement\":[{\"@type\":\"ListItem\",\"position\":1,\"name\":\"Portada\",\"item\":\"https:\/\/www.rayuelainfancia.com\/blog\/\"},{\"@type\":\"ListItem\",\"position\":2,\"name\":\"LIBROS PARA MAESTROS\"}]},{\"@type\":\"Article\",\"@id\":\"https:\/\/www.rayuelainfancia.com\/blog\/libros-para-maestros\/#article\",\"isPartOf\":{\"@id\":\"https:\/\/www.rayuelainfancia.com\/blog\/libros-para-maestros\/#webpage\"},\"author\":{\"@id\":\"https:\/\/www.rayuelainfancia.com\/blog\/#\/schema\/person\/c1aff250c5154e35f53f26d0eba10c45\"},\"headline\":\"LIBROS PARA MAESTROS\",\"datePublished\":\"2018-06-07T12:09:16+00:00\",\"dateModified\":\"2020-06-25T10:40:57+00:00\",\"mainEntityOfPage\":{\"@id\":\"https:\/\/www.rayuelainfancia.com\/blog\/libros-para-maestros\/#webpage\"},\"wordCount\":877,\"commentCount\":0,\"publisher\":{\"@id\":\"https:\/\/www.rayuelainfancia.com\/blog\/#organization\"},\"image\":{\"@id\":\"https:\/\/www.rayuelainfancia.com\/blog\/libros-para-maestros\/#primaryimage\"},\"thumbnailUrl\":\"https:\/\/www.rayuelainfancia.com\/blog\/wp-content\/uploads\/2018\/06\/LIBROS-PARA-REGALAR-A-LOS-MAESTROS-2018-RAYUELAINFANCIA.jpg\",\"articleSection\":[\"Literatura Infantil\",\"Recomendaciones Libros y Juguetes\"],\"inLanguage\":\"es\",\"potentialAction\":[{\"@type\":\"CommentAction\",\"name\":\"Comment\",\"target\":[\"https:\/\/www.rayuelainfancia.com\/blog\/libros-para-maestros\/#respond\"]}]},{\"@type\":\"Person\",\"@id\":\"https:\/\/www.rayuelainfancia.com\/blog\/#\/schema\/person\/c1aff250c5154e35f53f26d0eba10c45\",\"name\":\"Rayuelainfancia\",\"image\":{\"@type\":\"ImageObject\",\"@id\":\"https:\/\/www.rayuelainfancia.com\/blog\/#personlogo\",\"inLanguage\":\"es\",\"url\":\"https:\/\/secure.gravatar.com\/avatar\/8bf03e7a4bb13ca5c7d0dc6acde2bfd1?s=96&d=mm&r=g\",\"contentUrl\":\"https:\/\/secure.gravatar.com\/avatar\/8bf03e7a4bb13ca5c7d0dc6acde2bfd1?s=96&d=mm&r=g\",\"caption\":\"Rayuelainfancia\"}}]}<\/script>\n<!-- \/ Yoast SEO plugin. -->","yoast_head_json":{"title":"LIBROS PARA MAESTROS &#8902; Blog de Rayuelainfancia","robots":{"index":"index","follow":"follow","max-snippet":"max-snippet:-1","max-image-preview":"max-image-preview:large","max-video-preview":"max-video-preview:-1"},"canonical":"https:\/\/www.rayuelainfancia.com\/blog\/libros-para-maestros\/","og_locale":"es_ES","og_type":"article","og_title":"LIBROS PARA MAESTROS &#8902; Blog de Rayuelainfancia","og_description":"Se acerca el final del curso y todos estamos deseando que lleguen los d\u00edas de vacaciones, para poder recargar pilas y cambiar de aires. Pero tambi\u00e9n es momento de agradecer, de dar las gracias a los maestros y maestras que nos han acompa\u00f1ado todos estos meses, poniendo todo su cari\u00f1o y esfuerzo. Aqu\u00ed te dejamos [&hellip;]","og_url":"https:\/\/www.rayuelainfancia.com\/blog\/libros-para-maestros\/","og_site_name":"Blog de Rayuelainfancia","article_publisher":"https:\/\/www.facebook.com\/pages\/Librer\u00eda-Rayuela\/251861686361","article_published_time":"2018-06-07T12:09:16+00:00","article_modified_time":"2020-06-25T10:40:57+00:00","og_image":[{"width":1200,"height":956,"url":"https:\/\/www.rayuelainfancia.com\/blog\/wp-content\/uploads\/2018\/06\/LIBROS-PARA-REGALAR-A-LOS-MAESTROS-2018-RAYUELAINFANCIA.jpg","type":"image\/jpeg"}],"twitter_card":"summary","twitter_creator":"@Rayuelainfancia","twitter_site":"@Rayuelainfancia","twitter_misc":{"Written by":"Rayuelainfancia","Est. reading time":"4 minutos"},"schema":{"@context":"https:\/\/schema.org","@graph":[{"@type":"Organization","@id":"https:\/\/www.rayuelainfancia.com\/blog\/#organization","name":"Rayuelainfancia","url":"https:\/\/www.rayuelainfancia.com\/blog\/","sameAs":["https:\/\/www.facebook.com\/pages\/Librer\u00eda-Rayuela\/251861686361","https:\/\/www.youtube.com\/channel\/UCddVaoDjpTp-DexyEVoyazQ","https:\/\/twitter.com\/Rayuelainfancia"],"logo":{"@type":"ImageObject","@id":"https:\/\/www.rayuelainfancia.com\/blog\/#logo","inLanguage":"es","url":"https:\/\/www.rayuelainfancia.com\/blog\/wp-content\/uploads\/2018\/06\/logo-rayuelainfancia-color-corporativo.png","contentUrl":"https:\/\/www.rayuelainfancia.com\/blog\/wp-content\/uploads\/2018\/06\/logo-rayuelainfancia-color-corporativo.png","width":1200,"height":680,"caption":"Rayuelainfancia"},"image":{"@id":"https:\/\/www.rayuelainfancia.com\/blog\/#logo"}},{"@type":"WebSite","@id":"https:\/\/www.rayuelainfancia.com\/blog\/#website","url":"https:\/\/www.rayuelainfancia.com\/blog\/","name":"Blog de Rayuelainfancia","description":"Libros infantiles y juegos educaticos respestuosos con la infancia","publisher":{"@id":"https:\/\/www.rayuelainfancia.com\/blog\/#organization"},"potentialAction":[{"@type":"SearchAction","target":{"@type":"EntryPoint","urlTemplate":"https:\/\/www.rayuelainfancia.com\/blog\/?s={search_term_string}"},"query-input":"required name=search_term_string"}],"inLanguage":"es"},{"@type":"ImageObject","@id":"https:\/\/www.rayuelainfancia.com\/blog\/libros-para-maestros\/#primaryimage","inLanguage":"es","url":"https:\/\/www.rayuelainfancia.com\/blog\/wp-content\/uploads\/2018\/06\/LIBROS-PARA-REGALAR-A-LOS-MAESTROS-2018-RAYUELAINFANCIA.jpg","contentUrl":"https:\/\/www.rayuelainfancia.com\/blog\/wp-content\/uploads\/2018\/06\/LIBROS-PARA-REGALAR-A-LOS-MAESTROS-2018-RAYUELAINFANCIA.jpg","width":1200,"height":956},{"@type":"WebPage","@id":"https:\/\/www.rayuelainfancia.com\/blog\/libros-para-maestros\/#webpage","url":"https:\/\/www.rayuelainfancia.com\/blog\/libros-para-maestros\/","name":"LIBROS PARA MAESTROS &#8902; Blog de Rayuelainfancia","isPartOf":{"@id":"https:\/\/www.rayuelainfancia.com\/blog\/#website"},"primaryImageOfPage":{"@id":"https:\/\/www.rayuelainfancia.com\/blog\/libros-para-maestros\/#primaryimage"},"datePublished":"2018-06-07T12:09:16+00:00","dateModified":"2020-06-25T10:40:57+00:00","breadcrumb":{"@id":"https:\/\/www.rayuelainfancia.com\/blog\/libros-para-maestros\/#breadcrumb"},"inLanguage":"es","potentialAction":[{"@type":"ReadAction","target":["https:\/\/www.rayuelainfancia.com\/blog\/libros-para-maestros\/"]}]},{"@type":"BreadcrumbList","@id":"https:\/\/www.rayuelainfancia.com\/blog\/libros-para-maestros\/#breadcrumb","itemListElement":[{"@type":"ListItem","position":1,"name":"Portada","item":"https:\/\/www.rayuelainfancia.com\/blog\/"},{"@type":"ListItem","position":2,"name":"LIBROS PARA MAESTROS"}]},{"@type":"Article","@id":"https:\/\/www.rayuelainfancia.com\/blog\/libros-para-maestros\/#article","isPartOf":{"@id":"https:\/\/www.rayuelainfancia.com\/blog\/libros-para-maestros\/#webpage"},"author":{"@id":"https:\/\/www.rayuelainfancia.com\/blog\/#\/schema\/person\/c1aff250c5154e35f53f26d0eba10c45"},"headline":"LIBROS PARA MAESTROS","datePublished":"2018-06-07T12:09:16+00:00","dateModified":"2020-06-25T10:40:57+00:00","mainEntityOfPage":{"@id":"https:\/\/www.rayuelainfancia.com\/blog\/libros-para-maestros\/#webpage"},"wordCount":877,"commentCount":0,"publisher":{"@id":"https:\/\/www.rayuelainfancia.com\/blog\/#organization"},"image":{"@id":"https:\/\/www.rayuelainfancia.com\/blog\/libros-para-maestros\/#primaryimage"},"thumbnailUrl":"https:\/\/www.rayuelainfancia.com\/blog\/wp-content\/uploads\/2018\/06\/LIBROS-PARA-REGALAR-A-LOS-MAESTROS-2018-RAYUELAINFANCIA.jpg","articleSection":["Literatura Infantil","Recomendaciones Libros y Juguetes"],"inLanguage":"es","potentialAction":[{"@type":"CommentAction","name":"Comment","target":["https:\/\/www.rayuelainfancia.com\/blog\/libros-para-maestros\/#respond"]}]},{"@type":"Person","@id":"https:\/\/www.rayuelainfancia.com\/blog\/#\/schema\/person\/c1aff250c5154e35f53f26d0eba10c45","name":"Rayuelainfancia","image":{"@type":"ImageObject","@id":"https:\/\/www.rayuelainfancia.com\/blog\/#personlogo","inLanguage":"es","url":"https:\/\/secure.gravatar.com\/avatar\/8bf03e7a4bb13ca5c7d0dc6acde2bfd1?s=96&d=mm&r=g","contentUrl":"https:\/\/secure.gravatar.com\/avatar\/8bf03e7a4bb13ca5c7d0dc6acde2bfd1?s=96&d=mm&r=g","caption":"Rayuelainfancia"}}]}},"_links":{"self":[{"href":"https:\/\/www.rayuelainfancia.com\/blog\/wp-json\/wp\/v2\/posts\/2609"}],"collection":[{"href":"https:\/\/www.rayuelainfancia.com\/blog\/wp-json\/wp\/v2\/posts"}],"about":[{"href":"https:\/\/www.rayuelainfancia.com\/blog\/wp-json\/wp\/v2\/types\/post"}],"author":[{"embeddable":true,"href":"https:\/\/www.rayuelainfancia.com\/blog\/wp-json\/wp\/v2\/users\/6"}],"replies":[{"embeddable":true,"href":"https:\/\/www.rayuelainfancia.com\/blog\/wp-json\/wp\/v2\/comments?post=2609"}],"version-history":[{"count":13,"href":"https:\/\/www.rayuelainfancia.com\/blog\/wp-json\/wp\/v2\/posts\/2609\/revisions"}],"predecessor-version":[{"id":2631,"href":"https:\/\/www.rayuelainfancia.com\/blog\/wp-json\/wp\/v2\/posts\/2609\/revisions\/2631"}],"wp:featuredmedia":[{"embeddable":true,"href":"https:\/\/www.rayuelainfancia.com\/blog\/wp-json\/wp\/v2\/media\/2621"}],"wp:attachment":[{"href":"https:\/\/www.rayuelainfancia.com\/blog\/wp-json\/wp\/v2\/media?parent=2609"}],"wp:term":[{"taxonomy":"category","embeddable":true,"href":"https:\/\/www.rayuelainfancia.com\/blog\/wp-json\/wp\/v2\/categories?post=2609"},{"taxonomy":"post_tag","embeddable":true,"href":"https:\/\/www.rayuelainfancia.com\/blog\/wp-json\/wp\/v2\/tags?post=2609"}],"curies":[{"name":"wp","href":"https:\/\/api.w.org\/{rel}","templated":true}]}}