 {"id":2288,"date":"2018-02-14T18:30:46","date_gmt":"2018-02-14T17:30:46","guid":{"rendered":"http:\/\/www.rayuelainfancia.com\/blog\/?p=2288"},"modified":"2018-02-14T18:30:46","modified_gmt":"2018-02-14T17:30:46","slug":"cofre-los-tesoros-febrero","status":"publish","type":"post","link":"https:\/\/www.rayuelainfancia.com\/blog\/cofre-los-tesoros-febrero\/","title":{"rendered":"EL COFRE DE LOS TESOROS DE FEBRERO"},"content":{"rendered":"<p style=\"text-align: justify;\"><em>El cofre de los tesoros<\/em> nace con la intenci\u00f3n de <strong>recomendarte tres libros de reciente edici\u00f3n cada mes.<\/strong> Libros que nos han gustado especialmente por su tem\u00e1tica, por su edici\u00f3n, por su mensaje o por todo a la vez. Seleccionaremos todos los meses, tres libros de entre todo lo editado dentro del mundo de la Literatura Infantil y Juvenil. Empezamos con <em><strong>El cofre de los tesoros de febrero.\u00a0<\/strong><\/em><\/p>\n<p><!--more--><\/p>\n<p style=\"text-align: justify;\"><strong>Tres libros como tres tesoros<\/strong>. Tres descubrimientos para que si te apetece, te detengas a conocer un poquito mejor.\u00a0Cada vez son m\u00e1s y m\u00e1s los libros que llegan hasta nuestra librer\u00eda. Entre ellos, hay de todo, y siempre intentamos que se queden de los buenos los mejores. <strong>Libros con buen texto, respetuosos con la infancia, y con sensibilidad art\u00edstica<\/strong>. Libros que son verdaderos tesoros.<\/p>\n<h3>El profesor Astro Cat y el Sistema Solar<\/h3>\n<p style=\"text-align: justify;\"><strong>\u00a1Bienvenidos exploradores planetarios!<\/strong>\u00a0Un libro ilustrado para conocer los secretos del espacio y aprender conceptos b\u00e1sicos sobre astronom\u00eda.\u00a0<strong>Con textos sencillos e ilustraciones muy gr\u00e1ficas de gran belleza. <\/strong>Sin duda<strong>\u00a0<\/strong>este libro es uno de los m\u00e1s bonitos y completos para los peque\u00f1os amantes del universo.<\/p>\n<p><a href=\"https:\/\/www.rayuelainfancia.com\/universo\/3957-el-profesor-astro-cat-y-el-sistema-solar.html\"><img loading=\"lazy\" class=\"alignnone size-full wp-image-2295 aligncenter\" src=\"http:\/\/www.rayuelainfancia.com\/blog\/wp-content\/uploads\/2018\/02\/ASTRO-CAR-SISTEMA-SOLAR-RAYUELAINFANCIA-DOS.jpg\" alt=\"\" width=\"1200\" height=\"900\" srcset=\"https:\/\/www.rayuelainfancia.com\/blog\/wp-content\/uploads\/2018\/02\/ASTRO-CAR-SISTEMA-SOLAR-RAYUELAINFANCIA-DOS.jpg 1200w, https:\/\/www.rayuelainfancia.com\/blog\/wp-content\/uploads\/2018\/02\/ASTRO-CAR-SISTEMA-SOLAR-RAYUELAINFANCIA-DOS-300x225.jpg 300w, https:\/\/www.rayuelainfancia.com\/blog\/wp-content\/uploads\/2018\/02\/ASTRO-CAR-SISTEMA-SOLAR-RAYUELAINFANCIA-DOS-768x576.jpg 768w, https:\/\/www.rayuelainfancia.com\/blog\/wp-content\/uploads\/2018\/02\/ASTRO-CAR-SISTEMA-SOLAR-RAYUELAINFANCIA-DOS-1024x768.jpg 1024w\" sizes=\"(max-width: 1200px) 100vw, 1200px\" \/><\/a><\/p>\n<div id=\"product_list\" class=\"row\"><div class=\"col-xs-6 col-sm-6 col-md-6 col-lg-4 item-product\">\n            <div class=\"product-list text-center\">\n                <p>\n                    <a class=\"product-blog-link\" href=\"https:\/\/www.rayuelainfancia.com\/conocimiento\/3957-el-profesor-astro-cat-y-el-sistema-solar.html?utm_campaign=productBlogPost\" title=\"EL PROFESOR ASTRO CAT Y EL SISTEMA SOLAR\">\n                        <img src=\"\/\/www.rayuelainfancia.com\/5704-home_default\/el-profesor-astro-cat-y-el-sistema-solar.jpg\" alt=\"EL PROFESOR ASTRO CAT Y EL SISTEMA SOLAR\" class=\"img-responsive\"><span>EL PROFESOR ASTRO CAT Y EL SISTEMA SOLAR<\/span><\/a>\n                <\/p>\n            <\/div>\n\n            <div class=\"acciones text-center\">\n                \n                <p class=\"price\">15,00 \u20ac<\/p>\n            <\/div>\n        <\/div><\/div>\n<p>&nbsp;<\/p>\n<p style=\"text-align: justify;\">Un libro divulgativo editado por <a href=\"https:\/\/www.barbarafioreeditora.com\/blog\/\"><strong>Barbara Fiore<\/strong><\/a>. Las\u00a0<strong>ilustraciones son de<\/strong> <strong><a href=\"http:\/\/www.bennewman.co.uk\/\">Ben Newman<\/a>, <\/strong>autor y creador de c\u00f3mics.\u00a0<strong>\u00a0Los textos son de <a href=\"http:\/\/dominicwalliman.com\/\">Dominic Walliman<\/a>, <\/strong>Doctor en F\u00edsica Cu\u00e1ntica y creador del Astro Cat. Si quieres despegar en el conocimiento del espacio, este es tu libro, sobre todo si tienes <strong>+ de 5 a\u00f1os.\u00a0<\/strong><\/p>\n<h3>Tom\u00e1s el bromista<\/h3>\n<p style=\"text-align: justify;\"><strong>Un \u00e1lbum divertido a m\u00e1s no poder y lleno de ritmo en el texto.<\/strong>\u00a0Tom\u00e1s es un ni\u00f1o muy travieso al que le encanta disfrazarse y asustar a los dem\u00e1s. Las ilustraciones de\u00a0<strong>Anna Laura Cantone<\/strong>\u00a0potencian el humor de esta historia que divierte a peque\u00f1os y mayores.<\/p>\n<p><a href=\"https:\/\/www.rayuelainfancia.com\/album-ilustrado\/3958-tomas-el-bromista.html\"><img loading=\"lazy\" class=\"alignnone size-full wp-image-2296 aligncenter\" src=\"http:\/\/www.rayuelainfancia.com\/blog\/wp-content\/uploads\/2018\/02\/TOMAS-BROMISTA-RAYUELAINFANCIA.jpg\" alt=\"\" width=\"1200\" height=\"843\" srcset=\"https:\/\/www.rayuelainfancia.com\/blog\/wp-content\/uploads\/2018\/02\/TOMAS-BROMISTA-RAYUELAINFANCIA.jpg 1200w, https:\/\/www.rayuelainfancia.com\/blog\/wp-content\/uploads\/2018\/02\/TOMAS-BROMISTA-RAYUELAINFANCIA-300x211.jpg 300w, https:\/\/www.rayuelainfancia.com\/blog\/wp-content\/uploads\/2018\/02\/TOMAS-BROMISTA-RAYUELAINFANCIA-768x540.jpg 768w, https:\/\/www.rayuelainfancia.com\/blog\/wp-content\/uploads\/2018\/02\/TOMAS-BROMISTA-RAYUELAINFANCIA-1024x719.jpg 1024w\" sizes=\"(max-width: 1200px) 100vw, 1200px\" \/><\/a><\/p>\n<div id=\"product_list\" class=\"row\"><div class=\"col-xs-6 col-sm-6 col-md-6 col-lg-4 item-product\">\n            <div class=\"product-list text-center\">\n                <p>\n                    <a class=\"product-blog-link\" href=\"https:\/\/www.rayuelainfancia.com\/album-ilustrado\/3958-tomas-el-bromista.html?utm_campaign=productBlogPost\" title=\"TOM  S  EL BROMISTA\">\n                        <img src=\"\/\/www.rayuelainfancia.com\/5703-home_default\/tomas-el-bromista.jpg\" alt=\"TOM  S  EL BROMISTA\" class=\"img-responsive\"><span>TOM\u00c1S, EL BROMISTA<\/span><\/a>\n                <\/p>\n            <\/div>\n\n            <div class=\"acciones text-center\">\n                \n                <p class=\"price\">14,00 \u20ac<\/p>\n            <\/div>\n        <\/div><\/div>\n<p>&nbsp;<\/p>\n<p style=\"text-align: justify;\"><strong>Texto rimado, con una estructura repetitiva<\/strong> de la que invita a los peque\u00f1os lectores a <strong>participar del cuento<\/strong>. Un final sorprendente pone la guinda a un \u00e1lbum ilustrado para disfrutar en familia.<\/p>\n<p style=\"text-align: justify;\">Con<strong> texto de Jorge Rico R\u00f3denas<\/strong> y las alegres <strong>ilustraciones de Anna Laura Cantone<\/strong>, este \u00e1lbum ha sido editado recientemente por<strong><a href=\"http:\/\/www.kalandraka.com\/es\/proyecto-kalandraka\/\"> Kalandraka<\/a>.\u00a0<\/strong>Lo disfrutar\u00e1s especialmente si tienes <strong>+ de 3 a\u00f1os.\u00a0<\/strong><\/p>\n<h3>Bonitas<\/h3>\n<p style=\"text-align: justify;\"><strong><em>Bonitas<\/em>\u00a0nos lanza un mensaje claro: la belleza est\u00e1 en la libertad y en ser una misma.<\/strong>\u00a0Un \u00e1lbum ilustrado que juega con el texto y las ilustraciones para que saquemos nuestras propias conclusiones.\u00a0<strong>Sin duda, las chicas bonitas son las m\u00e1s aut\u00e9nticas.<\/strong><\/p>\n<p style=\"text-align: justify;\">A lo largo del libro vamos descubriendo frases que podr\u00edan encajar perfectamente con roles estereotipados, como por ejemplo:\u00a0<em>\u00abLas chicas bonitas lo saben todo sobre maquillarse\u00bb. <\/em>Pero toda la carga que pueda tener una frase como esa, se rompe con la ilustraci\u00f3n que la acompa\u00f1a:\u00a0<strong>unas ni\u00f1as disfrazadas y maquilladas como piratas en plena aventura.\u00a0<\/strong><\/p>\n<p><a href=\"https:\/\/www.rayuelainfancia.com\/igualdad-y-coeducacion\/3959-bonitas.html\"><img loading=\"lazy\" class=\"alignnone size-full wp-image-2297 aligncenter\" src=\"http:\/\/www.rayuelainfancia.com\/blog\/wp-content\/uploads\/2018\/02\/bonitas-astronave-rayuelainfancia-dos.jpg\" alt=\"\" width=\"1200\" height=\"900\" srcset=\"https:\/\/www.rayuelainfancia.com\/blog\/wp-content\/uploads\/2018\/02\/bonitas-astronave-rayuelainfancia-dos.jpg 1200w, https:\/\/www.rayuelainfancia.com\/blog\/wp-content\/uploads\/2018\/02\/bonitas-astronave-rayuelainfancia-dos-300x225.jpg 300w, https:\/\/www.rayuelainfancia.com\/blog\/wp-content\/uploads\/2018\/02\/bonitas-astronave-rayuelainfancia-dos-768x576.jpg 768w, https:\/\/www.rayuelainfancia.com\/blog\/wp-content\/uploads\/2018\/02\/bonitas-astronave-rayuelainfancia-dos-1024x768.jpg 1024w\" sizes=\"(max-width: 1200px) 100vw, 1200px\" \/><\/a><\/p>\n<div id=\"product_list\" class=\"row\"><div class=\"col-xs-6 col-sm-6 col-md-6 col-lg-4 item-product\">\n            <div class=\"product-list text-center\">\n                <p>\n                    <a class=\"product-blog-link\" href=\"https:\/\/www.rayuelainfancia.com\/coeducacion\/3959-bonitas.html?utm_campaign=productBlogPost\" title=\"BONITAS\">\n                        <img src=\"\/\/www.rayuelainfancia.com\/5707-home_default\/bonitas.jpg\" alt=\"BONITAS\" class=\"img-responsive\"><span>BONITAS<\/span><\/a>\n                <\/p>\n            <\/div>\n\n            <div class=\"acciones text-center\">\n                \n                <p class=\"price\">16,95 \u20ac<\/p>\n            <\/div>\n        <\/div><\/div>\n<p>&nbsp;<\/p>\n<p style=\"text-align: justify;\"><strong>Ingenioso, comprometido y divertido\u00a0<\/strong>este \u00e1lbum\u00a0nos traslada un mensaje muy claro: las chicas bonitas son diversas, cada una a su manera, no hay una sola forma de serlo.\u00a0<strong>Lo m\u00e1s importante es ser felices, eso s\u00ed que es bonito.\u00a0<\/strong><\/p>\n<p style=\"text-align: justify;\">Un libro editado por <a href=\"https:\/\/www.editorialastronave.com\/empresa\/es\/21-conocenos\/\"><strong>Astronave<\/strong><\/a>, con <strong>texto de <a href=\"http:\/\/www.stacymcanulty.com\/\">Stacy McAnulty<\/a><\/strong> <strong>e ilustrado por <a href=\"http:\/\/joannelewvriethoff.com\/\">Joanne Lew-Vriethoff<\/a>.<\/strong>\u00a0Un libro para leer solos o en compa\u00f1\u00eda, para reflexionar y vernos reflejadas, sobre todo si tienes <strong>+ de 4 a\u00f1os.\u00a0<\/strong><\/p>\n<p>&nbsp;<\/p>\n<p>&nbsp;<\/p>\n","protected":false},"excerpt":{"rendered":"<p>El cofre de los tesoros nace con la intenci\u00f3n de recomendarte tres libros de reciente edici\u00f3n cada mes. Libros que nos han gustado especialmente por su tem\u00e1tica, por su edici\u00f3n, por su mensaje o por todo a la vez. Seleccionaremos todos los meses, tres libros de entre todo lo editado dentro del mundo de la [&hellip;]<\/p>\n","protected":false},"author":6,"featured_media":2294,"comment_status":"open","ping_status":"open","sticky":false,"template":"","format":"standard","meta":[],"categories":[21],"tags":[],"yoast_head":"<!-- This site is optimized with the Yoast SEO plugin v18.5.1 - https:\/\/yoast.com\/wordpress\/plugins\/seo\/ -->\n<title>EL COFRE DE LOS TESOROS DE FEBRERO &#8902; Blog de Rayuelainfancia<\/title>\n<meta name=\"robots\" content=\"index, follow, max-snippet:-1, max-image-preview:large, max-video-preview:-1\" \/>\n<link rel=\"canonical\" href=\"https:\/\/www.rayuelainfancia.com\/blog\/cofre-los-tesoros-febrero\/\" \/>\n<meta property=\"og:locale\" content=\"es_ES\" \/>\n<meta property=\"og:type\" content=\"article\" \/>\n<meta property=\"og:title\" content=\"EL COFRE DE LOS TESOROS DE FEBRERO &#8902; Blog de Rayuelainfancia\" \/>\n<meta property=\"og:description\" content=\"El cofre de los tesoros nace con la intenci\u00f3n de recomendarte tres libros de reciente edici\u00f3n cada mes. Libros que nos han gustado especialmente por su tem\u00e1tica, por su edici\u00f3n, por su mensaje o por todo a la vez. Seleccionaremos todos los meses, tres libros de entre todo lo editado dentro del mundo de la [&hellip;]\" \/>\n<meta property=\"og:url\" content=\"https:\/\/www.rayuelainfancia.com\/blog\/cofre-los-tesoros-febrero\/\" \/>\n<meta property=\"og:site_name\" content=\"Blog de Rayuelainfancia\" \/>\n<meta property=\"article:publisher\" content=\"https:\/\/www.facebook.com\/pages\/Librer\u00eda-Rayuela\/251861686361\" \/>\n<meta property=\"article:published_time\" content=\"2018-02-14T17:30:46+00:00\" \/>\n<meta property=\"og:image\" content=\"https:\/\/www.rayuelainfancia.com\/blog\/wp-content\/uploads\/2018\/02\/tres-tesoros-febrero-rayuelainfancia.jpg\" \/>\n\t<meta property=\"og:image:width\" content=\"1200\" \/>\n\t<meta property=\"og:image:height\" content=\"630\" \/>\n\t<meta property=\"og:image:type\" content=\"image\/jpeg\" \/>\n<meta name=\"twitter:card\" content=\"summary\" \/>\n<meta name=\"twitter:creator\" content=\"@Rayuelainfancia\" \/>\n<meta name=\"twitter:site\" content=\"@Rayuelainfancia\" \/>\n<meta name=\"twitter:label1\" content=\"Written by\" \/>\n\t<meta name=\"twitter:data1\" content=\"Rayuelainfancia\" \/>\n\t<meta name=\"twitter:label2\" content=\"Est. reading time\" \/>\n\t<meta name=\"twitter:data2\" content=\"3 minutos\" \/>\n<script type=\"application\/ld+json\" class=\"yoast-schema-graph\">{\"@context\":\"https:\/\/schema.org\",\"@graph\":[{\"@type\":\"Organization\",\"@id\":\"https:\/\/www.rayuelainfancia.com\/blog\/#organization\",\"name\":\"Rayuelainfancia\",\"url\":\"https:\/\/www.rayuelainfancia.com\/blog\/\",\"sameAs\":[\"https:\/\/www.facebook.com\/pages\/Librer\u00eda-Rayuela\/251861686361\",\"https:\/\/www.youtube.com\/channel\/UCddVaoDjpTp-DexyEVoyazQ\",\"https:\/\/twitter.com\/Rayuelainfancia\"],\"logo\":{\"@type\":\"ImageObject\",\"@id\":\"https:\/\/www.rayuelainfancia.com\/blog\/#logo\",\"inLanguage\":\"es\",\"url\":\"https:\/\/www.rayuelainfancia.com\/blog\/wp-content\/uploads\/2018\/06\/logo-rayuelainfancia-color-corporativo.png\",\"contentUrl\":\"https:\/\/www.rayuelainfancia.com\/blog\/wp-content\/uploads\/2018\/06\/logo-rayuelainfancia-color-corporativo.png\",\"width\":1200,\"height\":680,\"caption\":\"Rayuelainfancia\"},\"image\":{\"@id\":\"https:\/\/www.rayuelainfancia.com\/blog\/#logo\"}},{\"@type\":\"WebSite\",\"@id\":\"https:\/\/www.rayuelainfancia.com\/blog\/#website\",\"url\":\"https:\/\/www.rayuelainfancia.com\/blog\/\",\"name\":\"Blog de Rayuelainfancia\",\"description\":\"Libros infantiles y juegos educaticos respestuosos con la infancia\",\"publisher\":{\"@id\":\"https:\/\/www.rayuelainfancia.com\/blog\/#organization\"},\"potentialAction\":[{\"@type\":\"SearchAction\",\"target\":{\"@type\":\"EntryPoint\",\"urlTemplate\":\"https:\/\/www.rayuelainfancia.com\/blog\/?s={search_term_string}\"},\"query-input\":\"required name=search_term_string\"}],\"inLanguage\":\"es\"},{\"@type\":\"ImageObject\",\"@id\":\"https:\/\/www.rayuelainfancia.com\/blog\/cofre-los-tesoros-febrero\/#primaryimage\",\"inLanguage\":\"es\",\"url\":\"https:\/\/www.rayuelainfancia.com\/blog\/wp-content\/uploads\/2018\/02\/tres-tesoros-febrero-rayuelainfancia.jpg\",\"contentUrl\":\"https:\/\/www.rayuelainfancia.com\/blog\/wp-content\/uploads\/2018\/02\/tres-tesoros-febrero-rayuelainfancia.jpg\",\"width\":1200,\"height\":630,\"caption\":\"novedades LIJ febrero 2018\"},{\"@type\":\"WebPage\",\"@id\":\"https:\/\/www.rayuelainfancia.com\/blog\/cofre-los-tesoros-febrero\/#webpage\",\"url\":\"https:\/\/www.rayuelainfancia.com\/blog\/cofre-los-tesoros-febrero\/\",\"name\":\"EL COFRE DE LOS TESOROS DE FEBRERO &#8902; Blog de Rayuelainfancia\",\"isPartOf\":{\"@id\":\"https:\/\/www.rayuelainfancia.com\/blog\/#website\"},\"primaryImageOfPage\":{\"@id\":\"https:\/\/www.rayuelainfancia.com\/blog\/cofre-los-tesoros-febrero\/#primaryimage\"},\"datePublished\":\"2018-02-14T17:30:46+00:00\",\"dateModified\":\"2018-02-14T17:30:46+00:00\",\"breadcrumb\":{\"@id\":\"https:\/\/www.rayuelainfancia.com\/blog\/cofre-los-tesoros-febrero\/#breadcrumb\"},\"inLanguage\":\"es\",\"potentialAction\":[{\"@type\":\"ReadAction\",\"target\":[\"https:\/\/www.rayuelainfancia.com\/blog\/cofre-los-tesoros-febrero\/\"]}]},{\"@type\":\"BreadcrumbList\",\"@id\":\"https:\/\/www.rayuelainfancia.com\/blog\/cofre-los-tesoros-febrero\/#breadcrumb\",\"itemListElement\":[{\"@type\":\"ListItem\",\"position\":1,\"name\":\"Portada\",\"item\":\"https:\/\/www.rayuelainfancia.com\/blog\/\"},{\"@type\":\"ListItem\",\"position\":2,\"name\":\"EL COFRE DE LOS TESOROS DE FEBRERO\"}]},{\"@type\":\"Article\",\"@id\":\"https:\/\/www.rayuelainfancia.com\/blog\/cofre-los-tesoros-febrero\/#article\",\"isPartOf\":{\"@id\":\"https:\/\/www.rayuelainfancia.com\/blog\/cofre-los-tesoros-febrero\/#webpage\"},\"author\":{\"@id\":\"https:\/\/www.rayuelainfancia.com\/blog\/#\/schema\/person\/c1aff250c5154e35f53f26d0eba10c45\"},\"headline\":\"EL COFRE DE LOS TESOROS DE FEBRERO\",\"datePublished\":\"2018-02-14T17:30:46+00:00\",\"dateModified\":\"2018-02-14T17:30:46+00:00\",\"mainEntityOfPage\":{\"@id\":\"https:\/\/www.rayuelainfancia.com\/blog\/cofre-los-tesoros-febrero\/#webpage\"},\"wordCount\":580,\"commentCount\":0,\"publisher\":{\"@id\":\"https:\/\/www.rayuelainfancia.com\/blog\/#organization\"},\"image\":{\"@id\":\"https:\/\/www.rayuelainfancia.com\/blog\/cofre-los-tesoros-febrero\/#primaryimage\"},\"thumbnailUrl\":\"https:\/\/www.rayuelainfancia.com\/blog\/wp-content\/uploads\/2018\/02\/tres-tesoros-febrero-rayuelainfancia.jpg\",\"articleSection\":[\"Literatura Infantil\"],\"inLanguage\":\"es\",\"potentialAction\":[{\"@type\":\"CommentAction\",\"name\":\"Comment\",\"target\":[\"https:\/\/www.rayuelainfancia.com\/blog\/cofre-los-tesoros-febrero\/#respond\"]}]},{\"@type\":\"Person\",\"@id\":\"https:\/\/www.rayuelainfancia.com\/blog\/#\/schema\/person\/c1aff250c5154e35f53f26d0eba10c45\",\"name\":\"Rayuelainfancia\",\"image\":{\"@type\":\"ImageObject\",\"@id\":\"https:\/\/www.rayuelainfancia.com\/blog\/#personlogo\",\"inLanguage\":\"es\",\"url\":\"https:\/\/secure.gravatar.com\/avatar\/8bf03e7a4bb13ca5c7d0dc6acde2bfd1?s=96&d=mm&r=g\",\"contentUrl\":\"https:\/\/secure.gravatar.com\/avatar\/8bf03e7a4bb13ca5c7d0dc6acde2bfd1?s=96&d=mm&r=g\",\"caption\":\"Rayuelainfancia\"}}]}<\/script>\n<!-- \/ Yoast SEO plugin. -->","yoast_head_json":{"title":"EL COFRE DE LOS TESOROS DE FEBRERO &#8902; Blog de Rayuelainfancia","robots":{"index":"index","follow":"follow","max-snippet":"max-snippet:-1","max-image-preview":"max-image-preview:large","max-video-preview":"max-video-preview:-1"},"canonical":"https:\/\/www.rayuelainfancia.com\/blog\/cofre-los-tesoros-febrero\/","og_locale":"es_ES","og_type":"article","og_title":"EL COFRE DE LOS TESOROS DE FEBRERO &#8902; Blog de Rayuelainfancia","og_description":"El cofre de los tesoros nace con la intenci\u00f3n de recomendarte tres libros de reciente edici\u00f3n cada mes. Libros que nos han gustado especialmente por su tem\u00e1tica, por su edici\u00f3n, por su mensaje o por todo a la vez. Seleccionaremos todos los meses, tres libros de entre todo lo editado dentro del mundo de la [&hellip;]","og_url":"https:\/\/www.rayuelainfancia.com\/blog\/cofre-los-tesoros-febrero\/","og_site_name":"Blog de Rayuelainfancia","article_publisher":"https:\/\/www.facebook.com\/pages\/Librer\u00eda-Rayuela\/251861686361","article_published_time":"2018-02-14T17:30:46+00:00","og_image":[{"width":1200,"height":630,"url":"https:\/\/www.rayuelainfancia.com\/blog\/wp-content\/uploads\/2018\/02\/tres-tesoros-febrero-rayuelainfancia.jpg","type":"image\/jpeg"}],"twitter_card":"summary","twitter_creator":"@Rayuelainfancia","twitter_site":"@Rayuelainfancia","twitter_misc":{"Written by":"Rayuelainfancia","Est. reading time":"3 minutos"},"schema":{"@context":"https:\/\/schema.org","@graph":[{"@type":"Organization","@id":"https:\/\/www.rayuelainfancia.com\/blog\/#organization","name":"Rayuelainfancia","url":"https:\/\/www.rayuelainfancia.com\/blog\/","sameAs":["https:\/\/www.facebook.com\/pages\/Librer\u00eda-Rayuela\/251861686361","https:\/\/www.youtube.com\/channel\/UCddVaoDjpTp-DexyEVoyazQ","https:\/\/twitter.com\/Rayuelainfancia"],"logo":{"@type":"ImageObject","@id":"https:\/\/www.rayuelainfancia.com\/blog\/#logo","inLanguage":"es","url":"https:\/\/www.rayuelainfancia.com\/blog\/wp-content\/uploads\/2018\/06\/logo-rayuelainfancia-color-corporativo.png","contentUrl":"https:\/\/www.rayuelainfancia.com\/blog\/wp-content\/uploads\/2018\/06\/logo-rayuelainfancia-color-corporativo.png","width":1200,"height":680,"caption":"Rayuelainfancia"},"image":{"@id":"https:\/\/www.rayuelainfancia.com\/blog\/#logo"}},{"@type":"WebSite","@id":"https:\/\/www.rayuelainfancia.com\/blog\/#website","url":"https:\/\/www.rayuelainfancia.com\/blog\/","name":"Blog de Rayuelainfancia","description":"Libros infantiles y juegos educaticos respestuosos con la infancia","publisher":{"@id":"https:\/\/www.rayuelainfancia.com\/blog\/#organization"},"potentialAction":[{"@type":"SearchAction","target":{"@type":"EntryPoint","urlTemplate":"https:\/\/www.rayuelainfancia.com\/blog\/?s={search_term_string}"},"query-input":"required name=search_term_string"}],"inLanguage":"es"},{"@type":"ImageObject","@id":"https:\/\/www.rayuelainfancia.com\/blog\/cofre-los-tesoros-febrero\/#primaryimage","inLanguage":"es","url":"https:\/\/www.rayuelainfancia.com\/blog\/wp-content\/uploads\/2018\/02\/tres-tesoros-febrero-rayuelainfancia.jpg","contentUrl":"https:\/\/www.rayuelainfancia.com\/blog\/wp-content\/uploads\/2018\/02\/tres-tesoros-febrero-rayuelainfancia.jpg","width":1200,"height":630,"caption":"novedades LIJ febrero 2018"},{"@type":"WebPage","@id":"https:\/\/www.rayuelainfancia.com\/blog\/cofre-los-tesoros-febrero\/#webpage","url":"https:\/\/www.rayuelainfancia.com\/blog\/cofre-los-tesoros-febrero\/","name":"EL COFRE DE LOS TESOROS DE FEBRERO &#8902; Blog de Rayuelainfancia","isPartOf":{"@id":"https:\/\/www.rayuelainfancia.com\/blog\/#website"},"primaryImageOfPage":{"@id":"https:\/\/www.rayuelainfancia.com\/blog\/cofre-los-tesoros-febrero\/#primaryimage"},"datePublished":"2018-02-14T17:30:46+00:00","dateModified":"2018-02-14T17:30:46+00:00","breadcrumb":{"@id":"https:\/\/www.rayuelainfancia.com\/blog\/cofre-los-tesoros-febrero\/#breadcrumb"},"inLanguage":"es","potentialAction":[{"@type":"ReadAction","target":["https:\/\/www.rayuelainfancia.com\/blog\/cofre-los-tesoros-febrero\/"]}]},{"@type":"BreadcrumbList","@id":"https:\/\/www.rayuelainfancia.com\/blog\/cofre-los-tesoros-febrero\/#breadcrumb","itemListElement":[{"@type":"ListItem","position":1,"name":"Portada","item":"https:\/\/www.rayuelainfancia.com\/blog\/"},{"@type":"ListItem","position":2,"name":"EL COFRE DE LOS TESOROS DE FEBRERO"}]},{"@type":"Article","@id":"https:\/\/www.rayuelainfancia.com\/blog\/cofre-los-tesoros-febrero\/#article","isPartOf":{"@id":"https:\/\/www.rayuelainfancia.com\/blog\/cofre-los-tesoros-febrero\/#webpage"},"author":{"@id":"https:\/\/www.rayuelainfancia.com\/blog\/#\/schema\/person\/c1aff250c5154e35f53f26d0eba10c45"},"headline":"EL COFRE DE LOS TESOROS DE FEBRERO","datePublished":"2018-02-14T17:30:46+00:00","dateModified":"2018-02-14T17:30:46+00:00","mainEntityOfPage":{"@id":"https:\/\/www.rayuelainfancia.com\/blog\/cofre-los-tesoros-febrero\/#webpage"},"wordCount":580,"commentCount":0,"publisher":{"@id":"https:\/\/www.rayuelainfancia.com\/blog\/#organization"},"image":{"@id":"https:\/\/www.rayuelainfancia.com\/blog\/cofre-los-tesoros-febrero\/#primaryimage"},"thumbnailUrl":"https:\/\/www.rayuelainfancia.com\/blog\/wp-content\/uploads\/2018\/02\/tres-tesoros-febrero-rayuelainfancia.jpg","articleSection":["Literatura Infantil"],"inLanguage":"es","potentialAction":[{"@type":"CommentAction","name":"Comment","target":["https:\/\/www.rayuelainfancia.com\/blog\/cofre-los-tesoros-febrero\/#respond"]}]},{"@type":"Person","@id":"https:\/\/www.rayuelainfancia.com\/blog\/#\/schema\/person\/c1aff250c5154e35f53f26d0eba10c45","name":"Rayuelainfancia","image":{"@type":"ImageObject","@id":"https:\/\/www.rayuelainfancia.com\/blog\/#personlogo","inLanguage":"es","url":"https:\/\/secure.gravatar.com\/avatar\/8bf03e7a4bb13ca5c7d0dc6acde2bfd1?s=96&d=mm&r=g","contentUrl":"https:\/\/secure.gravatar.com\/avatar\/8bf03e7a4bb13ca5c7d0dc6acde2bfd1?s=96&d=mm&r=g","caption":"Rayuelainfancia"}}]}},"_links":{"self":[{"href":"https:\/\/www.rayuelainfancia.com\/blog\/wp-json\/wp\/v2\/posts\/2288"}],"collection":[{"href":"https:\/\/www.rayuelainfancia.com\/blog\/wp-json\/wp\/v2\/posts"}],"about":[{"href":"https:\/\/www.rayuelainfancia.com\/blog\/wp-json\/wp\/v2\/types\/post"}],"author":[{"embeddable":true,"href":"https:\/\/www.rayuelainfancia.com\/blog\/wp-json\/wp\/v2\/users\/6"}],"replies":[{"embeddable":true,"href":"https:\/\/www.rayuelainfancia.com\/blog\/wp-json\/wp\/v2\/comments?post=2288"}],"version-history":[{"count":8,"href":"https:\/\/www.rayuelainfancia.com\/blog\/wp-json\/wp\/v2\/posts\/2288\/revisions"}],"predecessor-version":[{"id":2300,"href":"https:\/\/www.rayuelainfancia.com\/blog\/wp-json\/wp\/v2\/posts\/2288\/revisions\/2300"}],"wp:featuredmedia":[{"embeddable":true,"href":"https:\/\/www.rayuelainfancia.com\/blog\/wp-json\/wp\/v2\/media\/2294"}],"wp:attachment":[{"href":"https:\/\/www.rayuelainfancia.com\/blog\/wp-json\/wp\/v2\/media?parent=2288"}],"wp:term":[{"taxonomy":"category","embeddable":true,"href":"https:\/\/www.rayuelainfancia.com\/blog\/wp-json\/wp\/v2\/categories?post=2288"},{"taxonomy":"post_tag","embeddable":true,"href":"https:\/\/www.rayuelainfancia.com\/blog\/wp-json\/wp\/v2\/tags?post=2288"}],"curies":[{"name":"wp","href":"https:\/\/api.w.org\/{rel}","templated":true}]}}