 {"id":225,"date":"2011-10-03T17:46:42","date_gmt":"2011-10-03T15:46:42","guid":{"rendered":"http:\/\/rayuelainfancia.desarrollotrevenque.com\/blog\/para-hacer-el-retrato-de-un-pajaro\/"},"modified":"2016-12-14T10:26:43","modified_gmt":"2016-12-14T09:26:43","slug":"para-hacer-el-retrato-de-un-pajaro","status":"publish","type":"post","link":"https:\/\/www.rayuelainfancia.com\/blog\/para-hacer-el-retrato-de-un-pajaro\/","title":{"rendered":"Para hacer el retrato de un p\u00e1jaro"},"content":{"rendered":"<div style=\"text-align: center;\"><img loading=\"lazy\" class=\" size-full wp-image-816\" style=\"border-image: initial; border: 1px solid #000000;\" src=\"http:\/\/rayuelainfancia.desarrollotrevenque.com\/blog\/wp-content\/uploads\/2011\/10\/retrato-pajaro-C300.jpg\" alt=\"retrato-pajaro-C300\" height=\"300\" width=\"300\" srcset=\"https:\/\/www.rayuelainfancia.com\/blog\/wp-content\/uploads\/2011\/10\/retrato-pajaro-C300.jpg 300w, https:\/\/www.rayuelainfancia.com\/blog\/wp-content\/uploads\/2011\/10\/retrato-pajaro-C300-150x150.jpg 150w, https:\/\/www.rayuelainfancia.com\/blog\/wp-content\/uploads\/2011\/10\/retrato-pajaro-C300-60x60.jpg 60w\" sizes=\"(max-width: 300px) 100vw, 300px\" \/><\/div>\n<p>\u00abPintar primero una jaula con la puerta abierta&#8230;Luego, colocar la tela contra un \u00e1rbol en un jard\u00edn. Esconderse detr\u00e1s del \u00e1rbol sin decir nada, sin moverse&#8230;A veces el p\u00e1jaro llega enseguida, pero tambi\u00e9n puede tardar muchos a\u00f1os en decidirse.\u00bb<\/p>\n<p>Para hacer el retrato de un p\u00e1jaro es el t\u00edtulo de una historia de arte, es un relato que nos cuenta el modo de hacer para pintar, para agarrar la realidad y transformarla.<\/p>\n<p><img loading=\"lazy\" class=\" size-full wp-image-817\" style=\"display: block; margin-left: auto; margin-right: auto;\" src=\"http:\/\/rayuelainfancia.desarrollotrevenque.com\/blog\/wp-content\/uploads\/2011\/10\/retrato-pajaro-C-740-6.jpg\" alt=\"retrato-pajaro-C-740-6\" height=\"275\" width=\"550\" srcset=\"https:\/\/www.rayuelainfancia.com\/blog\/wp-content\/uploads\/2011\/10\/retrato-pajaro-C-740-6.jpg 740w, https:\/\/www.rayuelainfancia.com\/blog\/wp-content\/uploads\/2011\/10\/retrato-pajaro-C-740-6-300x150.jpg 300w\" sizes=\"(max-width: 550px) 100vw, 550px\" \/><\/p>\n<p>Para hacer el retrato de un p\u00e1jaro es un \u00e1lbum ilustrado que nos transmite el sentido del arte. Saber dibujar, reproducir un objeto, adquirir t\u00e9cnicas de pintura son herramientas muy necesarias para crear un cuadro. Pero lo verdaderamente imprescindible es la creaci\u00f3n. Crear sin desesperarse, con paciencia, esperando a que llegue la idea, a que llegue el p\u00e1jaro y se cuele dentro de la tela.<\/p>\n<p><img loading=\"lazy\" class=\" size-full wp-image-818\" src=\"http:\/\/rayuelainfancia.desarrollotrevenque.com\/blog\/wp-content\/uploads\/2011\/10\/retrato-pajaro-C-740-7.jpg\" alt=\"retrato-pajaro-C-740-7\" style=\"display: block; margin-left: auto; margin-right: auto;\" height=\"275\" width=\"550\" srcset=\"https:\/\/www.rayuelainfancia.com\/blog\/wp-content\/uploads\/2011\/10\/retrato-pajaro-C-740-7.jpg 740w, https:\/\/www.rayuelainfancia.com\/blog\/wp-content\/uploads\/2011\/10\/retrato-pajaro-C-740-7-300x150.jpg 300w\" sizes=\"(max-width: 550px) 100vw, 550px\" \/><\/p>\n<p>Faktor\u00eda K de Libros rescata este poema de Jacques Pr\u00e9vert escrito en 1949 y lo edita arropado por las ilustraciones del americano Mordica Gerstein.<\/p>\n<p>Esta invitaci\u00f3n a crear en el mundo de la pintura est\u00e1 dedicado a ni\u00f1as y ni\u00f1os que andan entre los 6 y los 106 a\u00f1os de edad.<\/p>\n<table  class=\" table table-hover\" style=\"width: 327px; height: 41px;\" align=\"center\" border=\"0\">\n<tbody>\n<tr>\n<td style=\"text-align: left;\"><a href=\"http:\/\/www.rayuelatiendaonline.com\/libro\/para-hacer-el-retrato-de-un-pajaro_61024\"><span style=\"font-size: 10pt; font-family: verdana,geneva;\"><img loading=\"lazy\" class=\" size-full wp-image-775\" alt=\"cuadrado tienda online3\" src=\"http:\/\/rayuelainfancia.desarrollotrevenque.com\/blog\/wp-content\/uploads\/2009\/11\/cuadrado_tienda_online3.gif\" height=\"35\" width=\"35\" \/><\/span><\/a><\/td>\n<td style=\"text-align: left;\" valign=\"middle\"><a href=\"http:\/\/www.rayuelatiendaonline.com\/libro\/para-hacer-el-retrato-de-un-pajaro_61024\"><span style=\"font-size: 10pt; font-family: verdana,geneva;\">COMPRAR EN NUESTRA TIENDA ONLINE<\/span><\/a><\/td>\n<\/tr>\n<\/tbody>\n<\/table>\n<p><span style=\"font-size: 10pt; font-family: verdana,geneva;\"><\/span><\/p>\n","protected":false},"excerpt":{"rendered":"<p>\u00abPintar primero una jaula con la puerta abierta&#8230;Luego, colocar la tela contra un \u00e1rbol en un jard\u00edn. Esconderse detr\u00e1s del \u00e1rbol sin decir nada, sin moverse&#8230;A veces el p\u00e1jaro llega enseguida, pero tambi\u00e9n puede tardar muchos a\u00f1os en decidirse.\u00bb Para hacer el retrato de un p\u00e1jaro es el t\u00edtulo de una historia de arte, es [&hellip;]<\/p>\n","protected":false},"author":3,"featured_media":816,"comment_status":"open","ping_status":"open","sticky":false,"template":"","format":"standard","meta":[],"categories":[18],"tags":[],"yoast_head":"<!-- This site is optimized with the Yoast SEO plugin v18.5.1 - https:\/\/yoast.com\/wordpress\/plugins\/seo\/ -->\n<title>Para hacer el retrato de un p\u00e1jaro &#8902; Blog de Rayuelainfancia<\/title>\n<meta name=\"robots\" content=\"index, follow, max-snippet:-1, max-image-preview:large, max-video-preview:-1\" \/>\n<link rel=\"canonical\" href=\"https:\/\/www.rayuelainfancia.com\/blog\/para-hacer-el-retrato-de-un-pajaro\/\" \/>\n<meta property=\"og:locale\" content=\"es_ES\" \/>\n<meta property=\"og:type\" content=\"article\" \/>\n<meta property=\"og:title\" content=\"Para hacer el retrato de un p\u00e1jaro &#8902; Blog de Rayuelainfancia\" \/>\n<meta property=\"og:description\" content=\"\u00abPintar primero una jaula con la puerta abierta&#8230;Luego, colocar la tela contra un \u00e1rbol en un jard\u00edn. Esconderse detr\u00e1s del \u00e1rbol sin decir nada, sin moverse&#8230;A veces el p\u00e1jaro llega enseguida, pero tambi\u00e9n puede tardar muchos a\u00f1os en decidirse.\u00bb Para hacer el retrato de un p\u00e1jaro es el t\u00edtulo de una historia de arte, es [&hellip;]\" \/>\n<meta property=\"og:url\" content=\"https:\/\/www.rayuelainfancia.com\/blog\/para-hacer-el-retrato-de-un-pajaro\/\" \/>\n<meta property=\"og:site_name\" content=\"Blog de Rayuelainfancia\" \/>\n<meta property=\"article:publisher\" content=\"https:\/\/www.facebook.com\/pages\/Librer\u00eda-Rayuela\/251861686361\" \/>\n<meta property=\"article:published_time\" content=\"2011-10-03T15:46:42+00:00\" \/>\n<meta property=\"article:modified_time\" content=\"2016-12-14T09:26:43+00:00\" \/>\n<meta property=\"og:image\" content=\"https:\/\/www.rayuelainfancia.com\/blog\/wp-content\/uploads\/2011\/10\/retrato-pajaro-C300.jpg\" \/>\n\t<meta property=\"og:image:width\" content=\"300\" \/>\n\t<meta property=\"og:image:height\" content=\"300\" \/>\n\t<meta property=\"og:image:type\" content=\"image\/jpeg\" \/>\n<meta name=\"twitter:card\" content=\"summary\" \/>\n<meta name=\"twitter:creator\" content=\"@Rayuelainfancia\" \/>\n<meta name=\"twitter:site\" content=\"@Rayuelainfancia\" \/>\n<meta name=\"twitter:label1\" content=\"Written by\" \/>\n\t<meta name=\"twitter:data1\" content=\"Miguel Escalera Nieto\" \/>\n\t<meta name=\"twitter:label2\" content=\"Est. reading time\" \/>\n\t<meta name=\"twitter:data2\" content=\"1 minuto\" \/>\n<script type=\"application\/ld+json\" class=\"yoast-schema-graph\">{\"@context\":\"https:\/\/schema.org\",\"@graph\":[{\"@type\":\"Organization\",\"@id\":\"https:\/\/www.rayuelainfancia.com\/blog\/#organization\",\"name\":\"Rayuelainfancia\",\"url\":\"https:\/\/www.rayuelainfancia.com\/blog\/\",\"sameAs\":[\"https:\/\/www.facebook.com\/pages\/Librer\u00eda-Rayuela\/251861686361\",\"https:\/\/www.youtube.com\/channel\/UCddVaoDjpTp-DexyEVoyazQ\",\"https:\/\/twitter.com\/Rayuelainfancia\"],\"logo\":{\"@type\":\"ImageObject\",\"@id\":\"https:\/\/www.rayuelainfancia.com\/blog\/#logo\",\"inLanguage\":\"es\",\"url\":\"https:\/\/www.rayuelainfancia.com\/blog\/wp-content\/uploads\/2018\/06\/logo-rayuelainfancia-color-corporativo.png\",\"contentUrl\":\"https:\/\/www.rayuelainfancia.com\/blog\/wp-content\/uploads\/2018\/06\/logo-rayuelainfancia-color-corporativo.png\",\"width\":1200,\"height\":680,\"caption\":\"Rayuelainfancia\"},\"image\":{\"@id\":\"https:\/\/www.rayuelainfancia.com\/blog\/#logo\"}},{\"@type\":\"WebSite\",\"@id\":\"https:\/\/www.rayuelainfancia.com\/blog\/#website\",\"url\":\"https:\/\/www.rayuelainfancia.com\/blog\/\",\"name\":\"Blog de Rayuelainfancia\",\"description\":\"Libros infantiles y juegos educaticos respestuosos con la infancia\",\"publisher\":{\"@id\":\"https:\/\/www.rayuelainfancia.com\/blog\/#organization\"},\"potentialAction\":[{\"@type\":\"SearchAction\",\"target\":{\"@type\":\"EntryPoint\",\"urlTemplate\":\"https:\/\/www.rayuelainfancia.com\/blog\/?s={search_term_string}\"},\"query-input\":\"required name=search_term_string\"}],\"inLanguage\":\"es\"},{\"@type\":\"ImageObject\",\"@id\":\"https:\/\/www.rayuelainfancia.com\/blog\/para-hacer-el-retrato-de-un-pajaro\/#primaryimage\",\"inLanguage\":\"es\",\"url\":\"https:\/\/www.rayuelainfancia.com\/blog\/wp-content\/uploads\/2011\/10\/retrato-pajaro-C300.jpg\",\"contentUrl\":\"https:\/\/www.rayuelainfancia.com\/blog\/wp-content\/uploads\/2011\/10\/retrato-pajaro-C300.jpg\",\"width\":300,\"height\":300,\"caption\":\"retrato-pajaro-C300\"},{\"@type\":\"WebPage\",\"@id\":\"https:\/\/www.rayuelainfancia.com\/blog\/para-hacer-el-retrato-de-un-pajaro\/#webpage\",\"url\":\"https:\/\/www.rayuelainfancia.com\/blog\/para-hacer-el-retrato-de-un-pajaro\/\",\"name\":\"Para hacer el retrato de un p\u00e1jaro &#8902; Blog de Rayuelainfancia\",\"isPartOf\":{\"@id\":\"https:\/\/www.rayuelainfancia.com\/blog\/#website\"},\"primaryImageOfPage\":{\"@id\":\"https:\/\/www.rayuelainfancia.com\/blog\/para-hacer-el-retrato-de-un-pajaro\/#primaryimage\"},\"datePublished\":\"2011-10-03T15:46:42+00:00\",\"dateModified\":\"2016-12-14T09:26:43+00:00\",\"breadcrumb\":{\"@id\":\"https:\/\/www.rayuelainfancia.com\/blog\/para-hacer-el-retrato-de-un-pajaro\/#breadcrumb\"},\"inLanguage\":\"es\",\"potentialAction\":[{\"@type\":\"ReadAction\",\"target\":[\"https:\/\/www.rayuelainfancia.com\/blog\/para-hacer-el-retrato-de-un-pajaro\/\"]}]},{\"@type\":\"BreadcrumbList\",\"@id\":\"https:\/\/www.rayuelainfancia.com\/blog\/para-hacer-el-retrato-de-un-pajaro\/#breadcrumb\",\"itemListElement\":[{\"@type\":\"ListItem\",\"position\":1,\"name\":\"Portada\",\"item\":\"https:\/\/www.rayuelainfancia.com\/blog\/\"},{\"@type\":\"ListItem\",\"position\":2,\"name\":\"Para hacer el retrato de un p\u00e1jaro\"}]},{\"@type\":\"Article\",\"@id\":\"https:\/\/www.rayuelainfancia.com\/blog\/para-hacer-el-retrato-de-un-pajaro\/#article\",\"isPartOf\":{\"@id\":\"https:\/\/www.rayuelainfancia.com\/blog\/para-hacer-el-retrato-de-un-pajaro\/#webpage\"},\"author\":{\"@id\":\"https:\/\/www.rayuelainfancia.com\/blog\/#\/schema\/person\/41147ec5e3c2cc1be6e2c4520a099ebb\"},\"headline\":\"Para hacer el retrato de un p\u00e1jaro\",\"datePublished\":\"2011-10-03T15:46:42+00:00\",\"dateModified\":\"2016-12-14T09:26:43+00:00\",\"mainEntityOfPage\":{\"@id\":\"https:\/\/www.rayuelainfancia.com\/blog\/para-hacer-el-retrato-de-un-pajaro\/#webpage\"},\"wordCount\":217,\"commentCount\":0,\"publisher\":{\"@id\":\"https:\/\/www.rayuelainfancia.com\/blog\/#organization\"},\"image\":{\"@id\":\"https:\/\/www.rayuelainfancia.com\/blog\/para-hacer-el-retrato-de-un-pajaro\/#primaryimage\"},\"thumbnailUrl\":\"https:\/\/www.rayuelainfancia.com\/blog\/wp-content\/uploads\/2011\/10\/retrato-pajaro-C300.jpg\",\"articleSection\":[\"Actividades Cuentacuentos\"],\"inLanguage\":\"es\",\"potentialAction\":[{\"@type\":\"CommentAction\",\"name\":\"Comment\",\"target\":[\"https:\/\/www.rayuelainfancia.com\/blog\/para-hacer-el-retrato-de-un-pajaro\/#respond\"]}]},{\"@type\":\"Person\",\"@id\":\"https:\/\/www.rayuelainfancia.com\/blog\/#\/schema\/person\/41147ec5e3c2cc1be6e2c4520a099ebb\",\"name\":\"Miguel Escalera Nieto\",\"image\":{\"@type\":\"ImageObject\",\"@id\":\"https:\/\/www.rayuelainfancia.com\/blog\/#personlogo\",\"inLanguage\":\"es\",\"url\":\"https:\/\/secure.gravatar.com\/avatar\/73bd613c804680e46df318e272f0e837?s=96&d=mm&r=g\",\"contentUrl\":\"https:\/\/secure.gravatar.com\/avatar\/73bd613c804680e46df318e272f0e837?s=96&d=mm&r=g\",\"caption\":\"Miguel Escalera Nieto\"}}]}<\/script>\n<!-- \/ Yoast SEO plugin. -->","yoast_head_json":{"title":"Para hacer el retrato de un p\u00e1jaro &#8902; Blog de Rayuelainfancia","robots":{"index":"index","follow":"follow","max-snippet":"max-snippet:-1","max-image-preview":"max-image-preview:large","max-video-preview":"max-video-preview:-1"},"canonical":"https:\/\/www.rayuelainfancia.com\/blog\/para-hacer-el-retrato-de-un-pajaro\/","og_locale":"es_ES","og_type":"article","og_title":"Para hacer el retrato de un p\u00e1jaro &#8902; Blog de Rayuelainfancia","og_description":"\u00abPintar primero una jaula con la puerta abierta&#8230;Luego, colocar la tela contra un \u00e1rbol en un jard\u00edn. Esconderse detr\u00e1s del \u00e1rbol sin decir nada, sin moverse&#8230;A veces el p\u00e1jaro llega enseguida, pero tambi\u00e9n puede tardar muchos a\u00f1os en decidirse.\u00bb Para hacer el retrato de un p\u00e1jaro es el t\u00edtulo de una historia de arte, es [&hellip;]","og_url":"https:\/\/www.rayuelainfancia.com\/blog\/para-hacer-el-retrato-de-un-pajaro\/","og_site_name":"Blog de Rayuelainfancia","article_publisher":"https:\/\/www.facebook.com\/pages\/Librer\u00eda-Rayuela\/251861686361","article_published_time":"2011-10-03T15:46:42+00:00","article_modified_time":"2016-12-14T09:26:43+00:00","og_image":[{"width":300,"height":300,"url":"https:\/\/www.rayuelainfancia.com\/blog\/wp-content\/uploads\/2011\/10\/retrato-pajaro-C300.jpg","type":"image\/jpeg"}],"twitter_card":"summary","twitter_creator":"@Rayuelainfancia","twitter_site":"@Rayuelainfancia","twitter_misc":{"Written by":"Miguel Escalera Nieto","Est. reading time":"1 minuto"},"schema":{"@context":"https:\/\/schema.org","@graph":[{"@type":"Organization","@id":"https:\/\/www.rayuelainfancia.com\/blog\/#organization","name":"Rayuelainfancia","url":"https:\/\/www.rayuelainfancia.com\/blog\/","sameAs":["https:\/\/www.facebook.com\/pages\/Librer\u00eda-Rayuela\/251861686361","https:\/\/www.youtube.com\/channel\/UCddVaoDjpTp-DexyEVoyazQ","https:\/\/twitter.com\/Rayuelainfancia"],"logo":{"@type":"ImageObject","@id":"https:\/\/www.rayuelainfancia.com\/blog\/#logo","inLanguage":"es","url":"https:\/\/www.rayuelainfancia.com\/blog\/wp-content\/uploads\/2018\/06\/logo-rayuelainfancia-color-corporativo.png","contentUrl":"https:\/\/www.rayuelainfancia.com\/blog\/wp-content\/uploads\/2018\/06\/logo-rayuelainfancia-color-corporativo.png","width":1200,"height":680,"caption":"Rayuelainfancia"},"image":{"@id":"https:\/\/www.rayuelainfancia.com\/blog\/#logo"}},{"@type":"WebSite","@id":"https:\/\/www.rayuelainfancia.com\/blog\/#website","url":"https:\/\/www.rayuelainfancia.com\/blog\/","name":"Blog de Rayuelainfancia","description":"Libros infantiles y juegos educaticos respestuosos con la infancia","publisher":{"@id":"https:\/\/www.rayuelainfancia.com\/blog\/#organization"},"potentialAction":[{"@type":"SearchAction","target":{"@type":"EntryPoint","urlTemplate":"https:\/\/www.rayuelainfancia.com\/blog\/?s={search_term_string}"},"query-input":"required name=search_term_string"}],"inLanguage":"es"},{"@type":"ImageObject","@id":"https:\/\/www.rayuelainfancia.com\/blog\/para-hacer-el-retrato-de-un-pajaro\/#primaryimage","inLanguage":"es","url":"https:\/\/www.rayuelainfancia.com\/blog\/wp-content\/uploads\/2011\/10\/retrato-pajaro-C300.jpg","contentUrl":"https:\/\/www.rayuelainfancia.com\/blog\/wp-content\/uploads\/2011\/10\/retrato-pajaro-C300.jpg","width":300,"height":300,"caption":"retrato-pajaro-C300"},{"@type":"WebPage","@id":"https:\/\/www.rayuelainfancia.com\/blog\/para-hacer-el-retrato-de-un-pajaro\/#webpage","url":"https:\/\/www.rayuelainfancia.com\/blog\/para-hacer-el-retrato-de-un-pajaro\/","name":"Para hacer el retrato de un p\u00e1jaro &#8902; Blog de Rayuelainfancia","isPartOf":{"@id":"https:\/\/www.rayuelainfancia.com\/blog\/#website"},"primaryImageOfPage":{"@id":"https:\/\/www.rayuelainfancia.com\/blog\/para-hacer-el-retrato-de-un-pajaro\/#primaryimage"},"datePublished":"2011-10-03T15:46:42+00:00","dateModified":"2016-12-14T09:26:43+00:00","breadcrumb":{"@id":"https:\/\/www.rayuelainfancia.com\/blog\/para-hacer-el-retrato-de-un-pajaro\/#breadcrumb"},"inLanguage":"es","potentialAction":[{"@type":"ReadAction","target":["https:\/\/www.rayuelainfancia.com\/blog\/para-hacer-el-retrato-de-un-pajaro\/"]}]},{"@type":"BreadcrumbList","@id":"https:\/\/www.rayuelainfancia.com\/blog\/para-hacer-el-retrato-de-un-pajaro\/#breadcrumb","itemListElement":[{"@type":"ListItem","position":1,"name":"Portada","item":"https:\/\/www.rayuelainfancia.com\/blog\/"},{"@type":"ListItem","position":2,"name":"Para hacer el retrato de un p\u00e1jaro"}]},{"@type":"Article","@id":"https:\/\/www.rayuelainfancia.com\/blog\/para-hacer-el-retrato-de-un-pajaro\/#article","isPartOf":{"@id":"https:\/\/www.rayuelainfancia.com\/blog\/para-hacer-el-retrato-de-un-pajaro\/#webpage"},"author":{"@id":"https:\/\/www.rayuelainfancia.com\/blog\/#\/schema\/person\/41147ec5e3c2cc1be6e2c4520a099ebb"},"headline":"Para hacer el retrato de un p\u00e1jaro","datePublished":"2011-10-03T15:46:42+00:00","dateModified":"2016-12-14T09:26:43+00:00","mainEntityOfPage":{"@id":"https:\/\/www.rayuelainfancia.com\/blog\/para-hacer-el-retrato-de-un-pajaro\/#webpage"},"wordCount":217,"commentCount":0,"publisher":{"@id":"https:\/\/www.rayuelainfancia.com\/blog\/#organization"},"image":{"@id":"https:\/\/www.rayuelainfancia.com\/blog\/para-hacer-el-retrato-de-un-pajaro\/#primaryimage"},"thumbnailUrl":"https:\/\/www.rayuelainfancia.com\/blog\/wp-content\/uploads\/2011\/10\/retrato-pajaro-C300.jpg","articleSection":["Actividades Cuentacuentos"],"inLanguage":"es","potentialAction":[{"@type":"CommentAction","name":"Comment","target":["https:\/\/www.rayuelainfancia.com\/blog\/para-hacer-el-retrato-de-un-pajaro\/#respond"]}]},{"@type":"Person","@id":"https:\/\/www.rayuelainfancia.com\/blog\/#\/schema\/person\/41147ec5e3c2cc1be6e2c4520a099ebb","name":"Miguel Escalera Nieto","image":{"@type":"ImageObject","@id":"https:\/\/www.rayuelainfancia.com\/blog\/#personlogo","inLanguage":"es","url":"https:\/\/secure.gravatar.com\/avatar\/73bd613c804680e46df318e272f0e837?s=96&d=mm&r=g","contentUrl":"https:\/\/secure.gravatar.com\/avatar\/73bd613c804680e46df318e272f0e837?s=96&d=mm&r=g","caption":"Miguel Escalera Nieto"}}]}},"_links":{"self":[{"href":"https:\/\/www.rayuelainfancia.com\/blog\/wp-json\/wp\/v2\/posts\/225"}],"collection":[{"href":"https:\/\/www.rayuelainfancia.com\/blog\/wp-json\/wp\/v2\/posts"}],"about":[{"href":"https:\/\/www.rayuelainfancia.com\/blog\/wp-json\/wp\/v2\/types\/post"}],"author":[{"embeddable":true,"href":"https:\/\/www.rayuelainfancia.com\/blog\/wp-json\/wp\/v2\/users\/3"}],"replies":[{"embeddable":true,"href":"https:\/\/www.rayuelainfancia.com\/blog\/wp-json\/wp\/v2\/comments?post=225"}],"version-history":[{"count":1,"href":"https:\/\/www.rayuelainfancia.com\/blog\/wp-json\/wp\/v2\/posts\/225\/revisions"}],"predecessor-version":[{"id":1121,"href":"https:\/\/www.rayuelainfancia.com\/blog\/wp-json\/wp\/v2\/posts\/225\/revisions\/1121"}],"wp:featuredmedia":[{"embeddable":true,"href":"https:\/\/www.rayuelainfancia.com\/blog\/wp-json\/wp\/v2\/media\/816"}],"wp:attachment":[{"href":"https:\/\/www.rayuelainfancia.com\/blog\/wp-json\/wp\/v2\/media?parent=225"}],"wp:term":[{"taxonomy":"category","embeddable":true,"href":"https:\/\/www.rayuelainfancia.com\/blog\/wp-json\/wp\/v2\/categories?post=225"},{"taxonomy":"post_tag","embeddable":true,"href":"https:\/\/www.rayuelainfancia.com\/blog\/wp-json\/wp\/v2\/tags?post=225"}],"curies":[{"name":"wp","href":"https:\/\/api.w.org\/{rel}","templated":true}]}}