 {"id":193,"date":"2016-11-19T14:38:05","date_gmt":"2016-11-19T13:38:05","guid":{"rendered":"http:\/\/rayuelainfancia.desarrollotrevenque.com\/blog\/?p=193"},"modified":"2016-11-22T13:23:42","modified_gmt":"2016-11-22T12:23:42","slug":"ciudad-laberinto","status":"publish","type":"post","link":"https:\/\/www.rayuelainfancia.com\/blog\/ciudad-laberinto\/","title":{"rendered":"CIUDAD LABERINTO"},"content":{"rendered":"<div style=\"text-align: left;\">Con poemas del madrile\u00f1o Pedro Ma\u00f1as y unas sugerentes ilustraciones de la argentina Silvina Socolovsky, Faktor\u00eda K de libros edita esta obra que por su calidad, encandilar\u00e1 a chicas y chicos desde los 8 a los 108 a\u00f1os de edad.<\/div>\n<p><!--more--><\/p>\n<div style=\"text-align: center;\">Mi plaza despierta<\/div>\n<p style=\"text-align: center;\">como una tortuga:<\/p>\n<p style=\"text-align: center;\">se encoje y se extiende,<\/p>\n<p style=\"text-align: center;\">se estira y se arruga.<\/p>\n<p style=\"text-align: center;\">Mi calle se enrosca<\/p>\n<p style=\"text-align: center;\">como una serpiente:<\/p>\n<p style=\"text-align: center;\">se llena de niebla<\/p>\n<p style=\"text-align: center;\">y se traga a la gente.<\/p>\n<p style=\"text-align: center;\">Mi casa se esconde<\/p>\n<p style=\"text-align: center;\">como un caracol:<\/p>\n<p style=\"text-align: center;\">cierra las persianas<\/p>\n<p style=\"text-align: center;\">y enciende un farol.<\/p>\n<p><img loading=\"lazy\" class=\" size-full wp-image-803\" style=\"border-image: initial; display: block; margin-left: auto; margin-right: auto; border: 1px solid #000000;\" src=\"http:\/\/rayuelainfancia.desarrollotrevenque.com\/blog\/wp-content\/uploads\/2011\/01\/laberinto-C-6-370.jpg\" alt=\"laberinto-C-6-370\" width=\"370\" height=\"290\" srcset=\"https:\/\/www.rayuelainfancia.com\/blog\/wp-content\/uploads\/2011\/01\/laberinto-C-6-370.jpg 370w, https:\/\/www.rayuelainfancia.com\/blog\/wp-content\/uploads\/2011\/01\/laberinto-C-6-370-300x235.jpg 300w\" sizes=\"(max-width: 370px) 100vw, 370px\" \/><\/p>\n<p style=\"text-align: left;\">Este es uno de los treinta poemas que encontramos en el libro titulado Ciudad Laberinto, un libro que como vemos, sugiere y describe espacios urbanos componiendo textos muy creativos e ingeniosos. Se trata de la propuesta ganadora del II Premio Internacional Ciudad de Orihuela de Poes\u00eda para Ni\u00f1os, y ha sido escogida entre 154 trabajos presentados, realizados en habla hispana y procedentes de diferentes lugares de Espa\u00f1a y Latinoam\u00e9rica.<\/p>\n<p style=\"text-align: left;\"><div id=\"product_list\" class=\"row\"><\/div><\/p>\n<p style=\"text-align: left;\">\n","protected":false},"excerpt":{"rendered":"<p>Con poemas del madrile\u00f1o Pedro Ma\u00f1as y unas sugerentes ilustraciones de la argentina Silvina Socolovsky, Faktor\u00eda K de libros edita esta obra que por su calidad, encandilar\u00e1 a chicas y chicos desde los 8 a los 108 a\u00f1os de edad.<\/p>\n","protected":false},"author":3,"featured_media":1266,"comment_status":"open","ping_status":"open","sticky":false,"template":"","format":"standard","meta":[],"categories":[18],"tags":[],"yoast_head":"<!-- This site is optimized with the Yoast SEO plugin v18.5.1 - https:\/\/yoast.com\/wordpress\/plugins\/seo\/ -->\n<title>CIUDAD LABERINTO &#8902; Blog de Rayuelainfancia<\/title>\n<meta name=\"robots\" content=\"index, follow, max-snippet:-1, max-image-preview:large, max-video-preview:-1\" \/>\n<link rel=\"canonical\" href=\"https:\/\/www.rayuelainfancia.com\/blog\/ciudad-laberinto\/\" \/>\n<meta property=\"og:locale\" content=\"es_ES\" \/>\n<meta property=\"og:type\" content=\"article\" \/>\n<meta property=\"og:title\" content=\"CIUDAD LABERINTO &#8902; Blog de Rayuelainfancia\" \/>\n<meta property=\"og:description\" content=\"Con poemas del madrile\u00f1o Pedro Ma\u00f1as y unas sugerentes ilustraciones de la argentina Silvina Socolovsky, Faktor\u00eda K de libros edita esta obra que por su calidad, encandilar\u00e1 a chicas y chicos desde los 8 a los 108 a\u00f1os de edad.\" \/>\n<meta property=\"og:url\" content=\"https:\/\/www.rayuelainfancia.com\/blog\/ciudad-laberinto\/\" \/>\n<meta property=\"og:site_name\" content=\"Blog de Rayuelainfancia\" \/>\n<meta property=\"article:publisher\" content=\"https:\/\/www.facebook.com\/pages\/Librer\u00eda-Rayuela\/251861686361\" \/>\n<meta property=\"article:published_time\" content=\"2016-11-19T13:38:05+00:00\" \/>\n<meta property=\"article:modified_time\" content=\"2016-11-22T12:23:42+00:00\" \/>\n<meta property=\"og:image\" content=\"https:\/\/www.rayuelainfancia.com\/blog\/wp-content\/uploads\/2016\/11\/ciudad-laberinto.jpeg\" \/>\n\t<meta property=\"og:image:width\" content=\"800\" \/>\n\t<meta property=\"og:image:height\" content=\"800\" \/>\n\t<meta property=\"og:image:type\" content=\"image\/jpeg\" \/>\n<meta name=\"twitter:card\" content=\"summary\" \/>\n<meta name=\"twitter:creator\" content=\"@Rayuelainfancia\" \/>\n<meta name=\"twitter:site\" content=\"@Rayuelainfancia\" \/>\n<meta name=\"twitter:label1\" content=\"Written by\" \/>\n\t<meta name=\"twitter:data1\" content=\"Miguel Escalera Nieto\" \/>\n\t<meta name=\"twitter:label2\" content=\"Est. reading time\" \/>\n\t<meta name=\"twitter:data2\" content=\"1 minuto\" \/>\n<script type=\"application\/ld+json\" class=\"yoast-schema-graph\">{\"@context\":\"https:\/\/schema.org\",\"@graph\":[{\"@type\":\"Organization\",\"@id\":\"https:\/\/www.rayuelainfancia.com\/blog\/#organization\",\"name\":\"Rayuelainfancia\",\"url\":\"https:\/\/www.rayuelainfancia.com\/blog\/\",\"sameAs\":[\"https:\/\/www.facebook.com\/pages\/Librer\u00eda-Rayuela\/251861686361\",\"https:\/\/www.youtube.com\/channel\/UCddVaoDjpTp-DexyEVoyazQ\",\"https:\/\/twitter.com\/Rayuelainfancia\"],\"logo\":{\"@type\":\"ImageObject\",\"@id\":\"https:\/\/www.rayuelainfancia.com\/blog\/#logo\",\"inLanguage\":\"es\",\"url\":\"https:\/\/www.rayuelainfancia.com\/blog\/wp-content\/uploads\/2018\/06\/logo-rayuelainfancia-color-corporativo.png\",\"contentUrl\":\"https:\/\/www.rayuelainfancia.com\/blog\/wp-content\/uploads\/2018\/06\/logo-rayuelainfancia-color-corporativo.png\",\"width\":1200,\"height\":680,\"caption\":\"Rayuelainfancia\"},\"image\":{\"@id\":\"https:\/\/www.rayuelainfancia.com\/blog\/#logo\"}},{\"@type\":\"WebSite\",\"@id\":\"https:\/\/www.rayuelainfancia.com\/blog\/#website\",\"url\":\"https:\/\/www.rayuelainfancia.com\/blog\/\",\"name\":\"Blog de Rayuelainfancia\",\"description\":\"Libros infantiles y juegos educaticos respestuosos con la infancia\",\"publisher\":{\"@id\":\"https:\/\/www.rayuelainfancia.com\/blog\/#organization\"},\"potentialAction\":[{\"@type\":\"SearchAction\",\"target\":{\"@type\":\"EntryPoint\",\"urlTemplate\":\"https:\/\/www.rayuelainfancia.com\/blog\/?s={search_term_string}\"},\"query-input\":\"required name=search_term_string\"}],\"inLanguage\":\"es\"},{\"@type\":\"ImageObject\",\"@id\":\"https:\/\/www.rayuelainfancia.com\/blog\/ciudad-laberinto\/#primaryimage\",\"inLanguage\":\"es\",\"url\":\"https:\/\/www.rayuelainfancia.com\/blog\/wp-content\/uploads\/2016\/11\/ciudad-laberinto.jpeg\",\"contentUrl\":\"https:\/\/www.rayuelainfancia.com\/blog\/wp-content\/uploads\/2016\/11\/ciudad-laberinto.jpeg\",\"width\":800,\"height\":800},{\"@type\":\"WebPage\",\"@id\":\"https:\/\/www.rayuelainfancia.com\/blog\/ciudad-laberinto\/#webpage\",\"url\":\"https:\/\/www.rayuelainfancia.com\/blog\/ciudad-laberinto\/\",\"name\":\"CIUDAD LABERINTO &#8902; Blog de Rayuelainfancia\",\"isPartOf\":{\"@id\":\"https:\/\/www.rayuelainfancia.com\/blog\/#website\"},\"primaryImageOfPage\":{\"@id\":\"https:\/\/www.rayuelainfancia.com\/blog\/ciudad-laberinto\/#primaryimage\"},\"datePublished\":\"2016-11-19T13:38:05+00:00\",\"dateModified\":\"2016-11-22T12:23:42+00:00\",\"breadcrumb\":{\"@id\":\"https:\/\/www.rayuelainfancia.com\/blog\/ciudad-laberinto\/#breadcrumb\"},\"inLanguage\":\"es\",\"potentialAction\":[{\"@type\":\"ReadAction\",\"target\":[\"https:\/\/www.rayuelainfancia.com\/blog\/ciudad-laberinto\/\"]}]},{\"@type\":\"BreadcrumbList\",\"@id\":\"https:\/\/www.rayuelainfancia.com\/blog\/ciudad-laberinto\/#breadcrumb\",\"itemListElement\":[{\"@type\":\"ListItem\",\"position\":1,\"name\":\"Portada\",\"item\":\"https:\/\/www.rayuelainfancia.com\/blog\/\"},{\"@type\":\"ListItem\",\"position\":2,\"name\":\"CIUDAD LABERINTO\"}]},{\"@type\":\"Article\",\"@id\":\"https:\/\/www.rayuelainfancia.com\/blog\/ciudad-laberinto\/#article\",\"isPartOf\":{\"@id\":\"https:\/\/www.rayuelainfancia.com\/blog\/ciudad-laberinto\/#webpage\"},\"author\":{\"@id\":\"https:\/\/www.rayuelainfancia.com\/blog\/#\/schema\/person\/41147ec5e3c2cc1be6e2c4520a099ebb\"},\"headline\":\"CIUDAD LABERINTO\",\"datePublished\":\"2016-11-19T13:38:05+00:00\",\"dateModified\":\"2016-11-22T12:23:42+00:00\",\"mainEntityOfPage\":{\"@id\":\"https:\/\/www.rayuelainfancia.com\/blog\/ciudad-laberinto\/#webpage\"},\"wordCount\":166,\"commentCount\":0,\"publisher\":{\"@id\":\"https:\/\/www.rayuelainfancia.com\/blog\/#organization\"},\"image\":{\"@id\":\"https:\/\/www.rayuelainfancia.com\/blog\/ciudad-laberinto\/#primaryimage\"},\"thumbnailUrl\":\"https:\/\/www.rayuelainfancia.com\/blog\/wp-content\/uploads\/2016\/11\/ciudad-laberinto.jpeg\",\"articleSection\":[\"Actividades Cuentacuentos\"],\"inLanguage\":\"es\",\"potentialAction\":[{\"@type\":\"CommentAction\",\"name\":\"Comment\",\"target\":[\"https:\/\/www.rayuelainfancia.com\/blog\/ciudad-laberinto\/#respond\"]}]},{\"@type\":\"Person\",\"@id\":\"https:\/\/www.rayuelainfancia.com\/blog\/#\/schema\/person\/41147ec5e3c2cc1be6e2c4520a099ebb\",\"name\":\"Miguel Escalera Nieto\",\"image\":{\"@type\":\"ImageObject\",\"@id\":\"https:\/\/www.rayuelainfancia.com\/blog\/#personlogo\",\"inLanguage\":\"es\",\"url\":\"https:\/\/secure.gravatar.com\/avatar\/73bd613c804680e46df318e272f0e837?s=96&d=mm&r=g\",\"contentUrl\":\"https:\/\/secure.gravatar.com\/avatar\/73bd613c804680e46df318e272f0e837?s=96&d=mm&r=g\",\"caption\":\"Miguel Escalera Nieto\"}}]}<\/script>\n<!-- \/ Yoast SEO plugin. -->","yoast_head_json":{"title":"CIUDAD LABERINTO &#8902; Blog de Rayuelainfancia","robots":{"index":"index","follow":"follow","max-snippet":"max-snippet:-1","max-image-preview":"max-image-preview:large","max-video-preview":"max-video-preview:-1"},"canonical":"https:\/\/www.rayuelainfancia.com\/blog\/ciudad-laberinto\/","og_locale":"es_ES","og_type":"article","og_title":"CIUDAD LABERINTO &#8902; Blog de Rayuelainfancia","og_description":"Con poemas del madrile\u00f1o Pedro Ma\u00f1as y unas sugerentes ilustraciones de la argentina Silvina Socolovsky, Faktor\u00eda K de libros edita esta obra que por su calidad, encandilar\u00e1 a chicas y chicos desde los 8 a los 108 a\u00f1os de edad.","og_url":"https:\/\/www.rayuelainfancia.com\/blog\/ciudad-laberinto\/","og_site_name":"Blog de Rayuelainfancia","article_publisher":"https:\/\/www.facebook.com\/pages\/Librer\u00eda-Rayuela\/251861686361","article_published_time":"2016-11-19T13:38:05+00:00","article_modified_time":"2016-11-22T12:23:42+00:00","og_image":[{"width":800,"height":800,"url":"https:\/\/www.rayuelainfancia.com\/blog\/wp-content\/uploads\/2016\/11\/ciudad-laberinto.jpeg","type":"image\/jpeg"}],"twitter_card":"summary","twitter_creator":"@Rayuelainfancia","twitter_site":"@Rayuelainfancia","twitter_misc":{"Written by":"Miguel Escalera Nieto","Est. reading time":"1 minuto"},"schema":{"@context":"https:\/\/schema.org","@graph":[{"@type":"Organization","@id":"https:\/\/www.rayuelainfancia.com\/blog\/#organization","name":"Rayuelainfancia","url":"https:\/\/www.rayuelainfancia.com\/blog\/","sameAs":["https:\/\/www.facebook.com\/pages\/Librer\u00eda-Rayuela\/251861686361","https:\/\/www.youtube.com\/channel\/UCddVaoDjpTp-DexyEVoyazQ","https:\/\/twitter.com\/Rayuelainfancia"],"logo":{"@type":"ImageObject","@id":"https:\/\/www.rayuelainfancia.com\/blog\/#logo","inLanguage":"es","url":"https:\/\/www.rayuelainfancia.com\/blog\/wp-content\/uploads\/2018\/06\/logo-rayuelainfancia-color-corporativo.png","contentUrl":"https:\/\/www.rayuelainfancia.com\/blog\/wp-content\/uploads\/2018\/06\/logo-rayuelainfancia-color-corporativo.png","width":1200,"height":680,"caption":"Rayuelainfancia"},"image":{"@id":"https:\/\/www.rayuelainfancia.com\/blog\/#logo"}},{"@type":"WebSite","@id":"https:\/\/www.rayuelainfancia.com\/blog\/#website","url":"https:\/\/www.rayuelainfancia.com\/blog\/","name":"Blog de Rayuelainfancia","description":"Libros infantiles y juegos educaticos respestuosos con la infancia","publisher":{"@id":"https:\/\/www.rayuelainfancia.com\/blog\/#organization"},"potentialAction":[{"@type":"SearchAction","target":{"@type":"EntryPoint","urlTemplate":"https:\/\/www.rayuelainfancia.com\/blog\/?s={search_term_string}"},"query-input":"required name=search_term_string"}],"inLanguage":"es"},{"@type":"ImageObject","@id":"https:\/\/www.rayuelainfancia.com\/blog\/ciudad-laberinto\/#primaryimage","inLanguage":"es","url":"https:\/\/www.rayuelainfancia.com\/blog\/wp-content\/uploads\/2016\/11\/ciudad-laberinto.jpeg","contentUrl":"https:\/\/www.rayuelainfancia.com\/blog\/wp-content\/uploads\/2016\/11\/ciudad-laberinto.jpeg","width":800,"height":800},{"@type":"WebPage","@id":"https:\/\/www.rayuelainfancia.com\/blog\/ciudad-laberinto\/#webpage","url":"https:\/\/www.rayuelainfancia.com\/blog\/ciudad-laberinto\/","name":"CIUDAD LABERINTO &#8902; Blog de Rayuelainfancia","isPartOf":{"@id":"https:\/\/www.rayuelainfancia.com\/blog\/#website"},"primaryImageOfPage":{"@id":"https:\/\/www.rayuelainfancia.com\/blog\/ciudad-laberinto\/#primaryimage"},"datePublished":"2016-11-19T13:38:05+00:00","dateModified":"2016-11-22T12:23:42+00:00","breadcrumb":{"@id":"https:\/\/www.rayuelainfancia.com\/blog\/ciudad-laberinto\/#breadcrumb"},"inLanguage":"es","potentialAction":[{"@type":"ReadAction","target":["https:\/\/www.rayuelainfancia.com\/blog\/ciudad-laberinto\/"]}]},{"@type":"BreadcrumbList","@id":"https:\/\/www.rayuelainfancia.com\/blog\/ciudad-laberinto\/#breadcrumb","itemListElement":[{"@type":"ListItem","position":1,"name":"Portada","item":"https:\/\/www.rayuelainfancia.com\/blog\/"},{"@type":"ListItem","position":2,"name":"CIUDAD LABERINTO"}]},{"@type":"Article","@id":"https:\/\/www.rayuelainfancia.com\/blog\/ciudad-laberinto\/#article","isPartOf":{"@id":"https:\/\/www.rayuelainfancia.com\/blog\/ciudad-laberinto\/#webpage"},"author":{"@id":"https:\/\/www.rayuelainfancia.com\/blog\/#\/schema\/person\/41147ec5e3c2cc1be6e2c4520a099ebb"},"headline":"CIUDAD LABERINTO","datePublished":"2016-11-19T13:38:05+00:00","dateModified":"2016-11-22T12:23:42+00:00","mainEntityOfPage":{"@id":"https:\/\/www.rayuelainfancia.com\/blog\/ciudad-laberinto\/#webpage"},"wordCount":166,"commentCount":0,"publisher":{"@id":"https:\/\/www.rayuelainfancia.com\/blog\/#organization"},"image":{"@id":"https:\/\/www.rayuelainfancia.com\/blog\/ciudad-laberinto\/#primaryimage"},"thumbnailUrl":"https:\/\/www.rayuelainfancia.com\/blog\/wp-content\/uploads\/2016\/11\/ciudad-laberinto.jpeg","articleSection":["Actividades Cuentacuentos"],"inLanguage":"es","potentialAction":[{"@type":"CommentAction","name":"Comment","target":["https:\/\/www.rayuelainfancia.com\/blog\/ciudad-laberinto\/#respond"]}]},{"@type":"Person","@id":"https:\/\/www.rayuelainfancia.com\/blog\/#\/schema\/person\/41147ec5e3c2cc1be6e2c4520a099ebb","name":"Miguel Escalera Nieto","image":{"@type":"ImageObject","@id":"https:\/\/www.rayuelainfancia.com\/blog\/#personlogo","inLanguage":"es","url":"https:\/\/secure.gravatar.com\/avatar\/73bd613c804680e46df318e272f0e837?s=96&d=mm&r=g","contentUrl":"https:\/\/secure.gravatar.com\/avatar\/73bd613c804680e46df318e272f0e837?s=96&d=mm&r=g","caption":"Miguel Escalera Nieto"}}]}},"_links":{"self":[{"href":"https:\/\/www.rayuelainfancia.com\/blog\/wp-json\/wp\/v2\/posts\/193"}],"collection":[{"href":"https:\/\/www.rayuelainfancia.com\/blog\/wp-json\/wp\/v2\/posts"}],"about":[{"href":"https:\/\/www.rayuelainfancia.com\/blog\/wp-json\/wp\/v2\/types\/post"}],"author":[{"embeddable":true,"href":"https:\/\/www.rayuelainfancia.com\/blog\/wp-json\/wp\/v2\/users\/3"}],"replies":[{"embeddable":true,"href":"https:\/\/www.rayuelainfancia.com\/blog\/wp-json\/wp\/v2\/comments?post=193"}],"version-history":[{"count":4,"href":"https:\/\/www.rayuelainfancia.com\/blog\/wp-json\/wp\/v2\/posts\/193\/revisions"}],"predecessor-version":[{"id":1268,"href":"https:\/\/www.rayuelainfancia.com\/blog\/wp-json\/wp\/v2\/posts\/193\/revisions\/1268"}],"wp:featuredmedia":[{"embeddable":true,"href":"https:\/\/www.rayuelainfancia.com\/blog\/wp-json\/wp\/v2\/media\/1266"}],"wp:attachment":[{"href":"https:\/\/www.rayuelainfancia.com\/blog\/wp-json\/wp\/v2\/media?parent=193"}],"wp:term":[{"taxonomy":"category","embeddable":true,"href":"https:\/\/www.rayuelainfancia.com\/blog\/wp-json\/wp\/v2\/categories?post=193"},{"taxonomy":"post_tag","embeddable":true,"href":"https:\/\/www.rayuelainfancia.com\/blog\/wp-json\/wp\/v2\/tags?post=193"}],"curies":[{"name":"wp","href":"https:\/\/api.w.org\/{rel}","templated":true}]}}