 {"id":1879,"date":"2017-10-31T14:14:42","date_gmt":"2017-10-31T13:14:42","guid":{"rendered":"http:\/\/www.rayuelainfancia.com\/blog\/?p=1879"},"modified":"2017-10-31T14:14:42","modified_gmt":"2017-10-31T13:14:42","slug":"leer-te-lleva-al-cine","status":"publish","type":"post","link":"https:\/\/www.rayuelainfancia.com\/blog\/leer-te-lleva-al-cine\/","title":{"rendered":"LEER TE LLEVA AL CINE"},"content":{"rendered":"<p style=\"text-align: justify;\">Este a\u00f1o, dentro de la Programaci\u00f3n del <strong><a href=\"http:\/\/festivalcinesevilla.eu\/es\/noticias?page=2\">Festival de Cine Europeo de Sevilla<\/a><\/strong>, participamos la iniciativa\u00a0<strong>\u00abLeer antes de ver\u00bb.\u00a0<\/strong>Se trata de reflexionar sobre dos lenguajes, el literario y el audiovisual, que tantas veces se entrelazan compartiendo historias. No son pocas las novelas infantiles y juveniles que han sido adaptadas a la gran pantalla.<\/p>\n<p><!--more--><\/p>\n<p style=\"text-align: justify;\">Con la compra de cualquiera de los libros de esta selecci\u00f3n en Rayuela, el Festival de Cine Europeo de Sevilla os regala dos entradas para dos de las pel\u00edculas de la secci\u00f3n Europa Junior: <strong>Le Grand M\u00e9chant Renard<\/strong> (<em>El malvado zorro feroz<\/em>) o <strong>Revolting Rhymes<\/strong> (<em>Cuentos en verso para ni\u00f1os perversos<\/em>).\u00a0 Leer te lleva al cine. \u00bf\u00bfTe lo vas a perder??<\/p>\n<h3>Cine europeo y actual inspirado en la Literatura Infantil&#8230; \u00a1Vamos al cine!<\/h3>\n<h4>El malvado zorro feroz<\/h4>\n<p style=\"text-align: justify;\">Una f\u00e1bula en formato c\u00f3mic divertida, hilarante, jocosa, tronchante, chistosa, ingeniosa, desopilante e incre\u00edblemente tierna. Para lectores y lectoras de todas las edades.Frente a un conejo tonto, un cerdo con veleidades agr\u00edcolas, un perro perezoso y una gallina temperamental, el zorro pusil\u00e1nime que protagoniza esta novela gr\u00e1fica intenta encontrar su lugar como depredador superior. Sin \u00e9xito&#8230;<\/p>\n<div id=\"product_list\" class=\"row\"><div class=\"col-xs-6 col-sm-6 col-md-6 col-lg-4 item-product\">\n            <div class=\"product-list text-center\">\n                <p>\n                    <a class=\"product-blog-link\" href=\"https:\/\/www.rayuelainfancia.com\/comic-novela-grafica\/3734-el-malvado-zorro-feroz.html?utm_campaign=productBlogPost\" title=\"EL MALVADO ZORRO FEROZ\">\n                        <img src=\"\/\/www.rayuelainfancia.com\/5000-home_default\/el-malvado-zorro-feroz.jpg\" alt=\"EL MALVADO ZORRO FEROZ\" class=\"img-responsive\"><span>EL MALVADO ZORRO FEROZ<\/span><\/a>\n                <\/p>\n            <\/div>\n\n            <div class=\"acciones text-center\">\n                \n                <p class=\"price\">17,90 \u20ac<\/p>\n            <\/div>\n        <\/div><\/div>\n<h4>Cuentos en verso para ni\u00f1os perversos<\/h4>\n<p style=\"text-align: justify;\">Con el travieso ingenio de un lobo feroz, Roald Dahl\u00a0<strong>reinventa seis de sus cuentos favoritos.<\/strong>\u00a0\u00bfSab\u00edas que Blancanieves era la jefa de una banda de enanos apostadores? \u00bfQue Caperucita coleccionaba abrigos de piel de lobo? \u00bfY que el lobo feroz pretend\u00eda hacer volar la casa de los Cerditos&#8230; con dinamita?<strong>\u00a0<a href=\"https:\/\/www.rayuelainfancia.com\/buscar?controller=search&amp;orderby=position&amp;orderway=desc&amp;search_query=ROALD+DAHL\">Roald Dahl<\/a>\u00a0en estado puro.\u00a0<\/strong><\/p>\n<div id=\"product_list\" class=\"row\"><div class=\"col-xs-6 col-sm-6 col-md-6 col-lg-4 item-product\">\n            <div class=\"product-list text-center\">\n                <p>\n                    <a class=\"product-blog-link\" href=\"https:\/\/www.rayuelainfancia.com\/lectores-iniciados-7\/496-cuentos-en-verso-para-ninos-perversos.html?utm_campaign=productBlogPost\" title=\"CUENTOS EN VERSO PARA NI  OS PERVERSOS\">\n                        <img src=\"\/\/www.rayuelainfancia.com\/439-home_default\/cuentos-en-verso-para-ninos-perversos.jpg\" alt=\"CUENTOS EN VERSO PARA NI  OS PERVERSOS\" class=\"img-responsive\"><span>CUENTOS EN VERSO PARA NI\u00d1OS PERVERSOS<\/span><\/a>\n                <\/p>\n            <\/div>\n\n            <div class=\"acciones text-center\">\n                \n                <p class=\"price\">12,95 \u20ac<\/p>\n            <\/div>\n        <\/div><\/div>\n<h3>Otros t\u00edtulos que te llevan al cine<\/h3>\n<h4>Matilda, Charlie y la f\u00e1brica de chocolate y El gran gigante bonach\u00f3n<\/h4>\n<p style=\"text-align: justify;\"><strong>Matilda es una \u00e1vida<\/strong>\u00a0lectora de solo cinco a\u00f1os. Sensible e inteligente, todos la admiran menos sus mediocres padres, que la consideran una in\u00fatil. Adem\u00e1s, tiene poderes extra\u00f1os y maravillosos&#8230; Un d\u00eda, Matilda decide liberarse y empieza a emplearlos contra la abominable y cruel se\u00f1orita Trunchbull&#8230;<\/p>\n<p style=\"text-align: justify;\"><strong>El se\u00f1or Wonka, due\u00f1o de la magn\u00edfica f\u00e1brica de chocolate, ha escondido cinco billetes de oro en sus chocolatinas<\/strong>. Quienes los encuentren ser\u00e1n los elegidos para visitar la f\u00e1brica. Charlie tiene la fortuna de encontrar uno de esos billetes y, a partir de ese momento, su vida cambiar\u00e1 para siempre&#8230;<\/p>\n<p style=\"text-align: justify;\">Aquella noche, Sof\u00eda no pod\u00eda dormir, se lo imped\u00eda la luz de la luna que entraba en en dormitorio. Salt\u00f3 de la cama para cerrar las cortinas. Entonces vio horrorizada c\u00f3mo un gigante se acercaba por la calle:\u00a0<strong>el Gran Gigante Bonach\u00f3n entra por la ventana del orfanato, envuelve a la peque\u00f1a Sof\u00eda en una s\u00e1bana y se la lleva al pa\u00eds de los gigantes<\/strong>.<\/p>\n<div id=\"product_list\" class=\"row\"><div class=\"col-xs-6 col-sm-6 col-md-6 col-lg-4 item-product\">\n            <div class=\"product-list text-center\">\n                <p>\n                    <a class=\"product-blog-link\" href=\"https:\/\/www.rayuelainfancia.com\/lectores-avanzados-9\/869-matilda.html?utm_campaign=productBlogPost\" title=\"MATILDA\">\n                        <img src=\"\/\/www.rayuelainfancia.com\/796-home_default\/matilda.jpg\" alt=\"MATILDA\" class=\"img-responsive\"><span>MATILDA<\/span><\/a>\n                <\/p>\n            <\/div>\n\n            <div class=\"acciones text-center\">\n                \n                <p class=\"price\">14,96 \u20ac<\/p>\n            <\/div>\n        <\/div><div class=\"col-xs-6 col-sm-6 col-md-6 col-lg-4 item-product\">\n            <div class=\"product-list text-center\">\n                <p>\n                    <a class=\"product-blog-link\" href=\"https:\/\/www.rayuelainfancia.com\/lectores-avanzados-9\/870-charlie-y-la-fabrica-de-chocolate.html?utm_campaign=productBlogPost\" title=\"CHARLIE Y LA F  BRICA DE CHOCOLATE\">\n                        <img src=\"\/\/www.rayuelainfancia.com\/797-home_default\/charlie-y-la-fabrica-de-chocolate.jpg\" alt=\"CHARLIE Y LA F  BRICA DE CHOCOLATE\" class=\"img-responsive\"><span>CHARLIE Y LA F\u00c1BRICA DE CHOCOLATE<\/span><\/a>\n                <\/p>\n            <\/div>\n\n            <div class=\"acciones text-center\">\n                \n                <p class=\"price\">14,96 \u20ac<\/p>\n            <\/div>\n        <\/div><div class=\"col-xs-6 col-sm-6 col-md-6 col-lg-4 item-product\">\n            <div class=\"product-list text-center\">\n                <p>\n                    <a class=\"product-blog-link\" href=\"https:\/\/www.rayuelainfancia.com\/lectores-avanzados-9\/866-el-gran-gigante-bonachon.html?utm_campaign=productBlogPost\" title=\"EL GRAN GIGANTE BONACH  N\">\n                        <img src=\"\/\/www.rayuelainfancia.com\/793-home_default\/el-gran-gigante-bonachon.jpg\" alt=\"EL GRAN GIGANTE BONACH  N\" class=\"img-responsive\"><span>EL GRAN GIGANTE BONACH\u00d3N<\/span><\/a>\n                <\/p>\n            <\/div>\n\n            <div class=\"acciones text-center\">\n                \n                <p class=\"price\">14,96 \u20ac<\/p>\n            <\/div>\n        <\/div><\/div>\n<h4>La historia interminable y Momo<\/h4>\n<p style=\"text-align: justify;\"><strong><em>La historia interminable<\/em> es<\/strong>\u00a0<strong>un libro m\u00e1gico.\u00a0<\/strong>Un cl\u00e1sico de la Literatura Juvenil escrito por<strong>\u00a0Michael Ende.\u00a0<\/strong>La Emperatriz Infantil corre peligro. Los encargados de salvarla son Atreyu, un guerrero de la tribu de los pieles verdes y Bastian, un ni\u00f1o t\u00edmido y apasionado lector.\u00a0<strong><em>Momo<\/em> es una ni\u00f1a con un don muy especial<\/strong>:s\u00f3lo con escuchar consigue que los que est\u00e1n tristes se sientan mejor, los que est\u00e1n enfadados solucionen sus problemas o que a los que est\u00e1n aburridos se les ocurran cosas divertidas. La\u00a0llegada de los hombres grises va a cambiar su vida. Porque prometen que ahorrar tiempo es lo mejor&#8230;<\/p>\n<div id=\"product_list\" class=\"row\"><div class=\"col-xs-6 col-sm-6 col-md-6 col-lg-4 item-product\">\n            <div class=\"product-list text-center\">\n                <p>\n                    <a class=\"product-blog-link\" href=\"https:\/\/www.rayuelainfancia.com\/narrativa-juvenil-12\/660-la-historia-interminable.html?utm_campaign=productBlogPost\" title=\"LA HISTORIA INTERMINABLE\">\n                        <img src=\"\/\/www.rayuelainfancia.com\/2653-home_default\/la-historia-interminable.jpg\" alt=\"LA HISTORIA INTERMINABLE\" class=\"img-responsive\"><span>LA HISTORIA INTERMINABLE<\/span><\/a>\n                <\/p>\n            <\/div>\n\n            <div class=\"acciones text-center\">\n                \n                <p class=\"price\">16,95 \u20ac<\/p>\n            <\/div>\n        <\/div><div class=\"col-xs-6 col-sm-6 col-md-6 col-lg-4 item-product\">\n            <div class=\"product-list text-center\">\n                <p>\n                    <a class=\"product-blog-link\" href=\"https:\/\/www.rayuelainfancia.com\/narrativa-juvenil-12\/857-momo.html?utm_campaign=productBlogPost\" title=\"MOMO\">\n                        <img src=\"\/\/www.rayuelainfancia.com\/784-home_default\/momo.jpg\" alt=\"MOMO\" class=\"img-responsive\"><span>MOMO<\/span><\/a>\n                <\/p>\n            <\/div>\n\n            <div class=\"acciones text-center\">\n                \n                <p class=\"price\">12,95 \u20ac<\/p>\n            <\/div>\n        <\/div><\/div>\n<h4>Un monstruo viene a verme<\/h4>\n<p style=\"text-align: justify;\"><strong>Una historia emocionante y extraordinaria sobre un ni\u00f1o, su madre enferma y el monstruo que viene a visitarle.<\/strong>\u00a0Maliciosa, divertida y conmovedora,<em>Un monstruo viene a verme<\/em> nos habla de nuestra dificultad para aceptar la p\u00e9rdida y de los lazos fr\u00e1giles pero extraordinariamente poderosos que nos unen a la vida.<\/p>\n<div id=\"product_list\" class=\"row\"><div class=\"col-xs-6 col-sm-6 col-md-6 col-lg-4 item-product\">\n            <div class=\"product-list text-center\">\n                <p>\n                    <a class=\"product-blog-link\" href=\"https:\/\/www.rayuelainfancia.com\/narrativa-juvenil-12\/2944-un-monstruo-viene-a-verme.html?utm_campaign=productBlogPost\" title=\"UN MONSTRUO VIENE A VERME\">\n                        <img src=\"\/\/www.rayuelainfancia.com\/4207-home_default\/un-monstruo-viene-a-verme.jpg\" alt=\"UN MONSTRUO VIENE A VERME\" class=\"img-responsive\"><span>UN MONSTRUO VIENE A VERME<\/span><\/a>\n                <\/p>\n            <\/div>\n\n            <div class=\"acciones text-center\">\n                \n                <p class=\"price\">16,95 \u20ac<\/p>\n            <\/div>\n        <\/div><\/div>\n<h4><\/h4>\n<h4>Y todos estos cl\u00e1sicos de la literatura:<\/h4>\n<div id=\"product_list\" class=\"row\"><div class=\"col-xs-6 col-sm-6 col-md-6 col-lg-4 item-product\">\n            <div class=\"product-list text-center\">\n                <p>\n                    <a class=\"product-blog-link\" href=\"https:\/\/www.rayuelainfancia.com\/clasicos-y-cuento-popular\/696-el-maravilloso-mago-de-oz.html?utm_campaign=productBlogPost\" title=\"EL MARAVILLOSO MAGO DE OZ\">\n                        <img src=\"\/\/www.rayuelainfancia.com\/623-home_default\/el-maravilloso-mago-de-oz.jpg\" alt=\"EL MARAVILLOSO MAGO DE OZ\" class=\"img-responsive\"><span>EL MARAVILLOSO MAGO DE OZ<\/span><\/a>\n                <\/p>\n            <\/div>\n\n            <div class=\"acciones text-center\">\n                \n                <p class=\"price\">24,90 \u20ac<\/p>\n            <\/div>\n        <\/div><div class=\"col-xs-6 col-sm-6 col-md-6 col-lg-4 item-product\">\n            <div class=\"product-list text-center\">\n                <p>\n                    <a class=\"product-blog-link\" href=\"https:\/\/www.rayuelainfancia.com\/album-ilustrado\/401-donde-viven-los-monstruos.html?utm_campaign=productBlogPost\" title=\"DONDE VIVEN LOS MONSTRUOS\">\n                        <img src=\"\/\/www.rayuelainfancia.com\/194366-home_default\/donde-viven-los-monstruos.jpg\" alt=\"DONDE VIVEN LOS MONSTRUOS\" class=\"img-responsive\"><span>DONDE VIVEN LOS MONSTRUOS<\/span><\/a>\n                <\/p>\n            <\/div>\n\n            <div class=\"acciones text-center\">\n                \n                <p class=\"price\">16,00 \u20ac<\/p>\n            <\/div>\n        <\/div><div class=\"col-xs-6 col-sm-6 col-md-6 col-lg-4 item-product\">\n            <div class=\"product-list text-center\">\n                <p>\n                    <a class=\"product-blog-link\" href=\"https:\/\/www.rayuelainfancia.com\/clasicos-y-cuento-popular\/634-las-aventuras-de-pinocho.html?utm_campaign=productBlogPost\" title=\"LAS AVENTURAS DE PINOCHO\">\n                        <img src=\"\/\/www.rayuelainfancia.com\/564-home_default\/las-aventuras-de-pinocho.jpg\" alt=\"LAS AVENTURAS DE PINOCHO\" class=\"img-responsive\"><span>LAS AVENTURAS DE PINOCHO<\/span><\/a>\n                <\/p>\n            <\/div>\n\n            <div class=\"acciones text-center\">\n                \n                <p class=\"price\">32,00 \u20ac<\/p>\n            <\/div>\n        <\/div><div class=\"col-xs-6 col-sm-6 col-md-6 col-lg-4 item-product\">\n            <div class=\"product-list text-center\">\n                <p>\n                    <a class=\"product-blog-link\" href=\"https:\/\/www.rayuelainfancia.com\/clasicos-y-cuento-popular\/3305-mi-primer-principito.html?utm_campaign=productBlogPost\" title=\"MI PRIMER PRINCIPITO\">\n                        <img src=\"\/\/www.rayuelainfancia.com\/4544-home_default\/mi-primer-principito.jpg\" alt=\"MI PRIMER PRINCIPITO\" class=\"img-responsive\"><span>MI PRIMER PRINCIPITO<\/span><\/a>\n                <\/p>\n            <\/div>\n\n            <div class=\"acciones text-center\">\n                \n                <p class=\"price\">16,50 \u20ac<\/p>\n            <\/div>\n        <\/div><div class=\"col-xs-6 col-sm-6 col-md-6 col-lg-4 item-product\">\n            <div class=\"product-list text-center\">\n                <p>\n                    <a class=\"product-blog-link\" href=\"https:\/\/www.rayuelainfancia.com\/clasicos-y-cuento-popular\/879-el-principito-pop-up.html?utm_campaign=productBlogPost\" title=\"EL PRINCIPITO POP UP\">\n                        <img src=\"\/\/www.rayuelainfancia.com\/2772-home_default\/el-principito-pop-up.jpg\" alt=\"EL PRINCIPITO POP UP\" class=\"img-responsive\"><span>EL PRINCIPITO POP-UP<\/span><\/a>\n                <\/p>\n            <\/div>\n\n            <div class=\"acciones text-center\">\n                \n                <p class=\"price\">32,95 \u20ac<\/p>\n            <\/div>\n        <\/div><div class=\"col-xs-6 col-sm-6 col-md-6 col-lg-4 item-product\">\n            <div class=\"product-list text-center\">\n                <p>\n                    <a class=\"product-blog-link\" href=\"https:\/\/www.rayuelainfancia.com\/clasicos-y-cuento-popular\/639-el-principito-50-aniversario.html?utm_campaign=productBlogPost\" title=\"EL PRINCIPITO 50 ANIVERSARIO\">\n                        <img src=\"\/\/www.rayuelainfancia.com\/569-home_default\/el-principito-50-aniversario.jpg\" alt=\"EL PRINCIPITO 50 ANIVERSARIO\" class=\"img-responsive\"><span>EL PRINCIPITO 50 ANIVERSARIO<\/span><\/a>\n                <\/p>\n            <\/div>\n\n            <div class=\"acciones text-center\">\n                \n                <p class=\"price\">39,00 \u20ac<\/p>\n            <\/div>\n        <\/div><div class=\"col-xs-6 col-sm-6 col-md-6 col-lg-4 item-product\">\n            <div class=\"product-list text-center\">\n                <p>\n                    <a class=\"product-blog-link\" href=\"https:\/\/www.rayuelainfancia.com\/clasicos-y-cuento-popular\/891-la-isla-del-tesoro.html?utm_campaign=productBlogPost\" title=\"LA ISLA DEL TESORO\">\n                        <img src=\"\/\/www.rayuelainfancia.com\/817-home_default\/la-isla-del-tesoro.jpg\" alt=\"LA ISLA DEL TESORO\" class=\"img-responsive\"><span>LA ISLA DEL TESORO<\/span><\/a>\n                <\/p>\n            <\/div>\n\n            <div class=\"acciones text-center\">\n                \n                <p class=\"price\">23,90 \u20ac<\/p>\n            <\/div>\n        <\/div><div class=\"col-xs-6 col-sm-6 col-md-6 col-lg-4 item-product\">\n            <div class=\"product-list text-center\">\n                <p>\n                    <a class=\"product-blog-link\" href=\"https:\/\/www.rayuelainfancia.com\/clasicos-y-cuento-popular\/528-alicia-para-los-pequenos.html?utm_campaign=productBlogPost\" title=\"ALICIA PARA LOS PEQUE  OS\">\n                        <img src=\"\/\/www.rayuelainfancia.com\/468-home_default\/alicia-para-los-pequenos.jpg\" alt=\"ALICIA PARA LOS PEQUE  OS\" class=\"img-responsive\"><span>ALICIA PARA LOS PEQUE\u00d1OS<\/span><\/a>\n                <\/p>\n            <\/div>\n\n            <div class=\"acciones text-center\">\n                \n                <p class=\"price\">21,30 \u20ac<\/p>\n            <\/div>\n        <\/div><div class=\"col-xs-6 col-sm-6 col-md-6 col-lg-4 item-product\">\n            <div class=\"product-list text-center\">\n                <p>\n                    <a class=\"product-blog-link\" href=\"https:\/\/www.rayuelainfancia.com\/clasicos-y-cuento-popular\/691-alicia-en-el-pais-de-las-maravillas.html?utm_campaign=productBlogPost\" title=\"ALICIA EN EL PA  S DE LAS MARAVILLAS\">\n                        <img src=\"\/\/www.rayuelainfancia.com\/618-home_default\/alicia-en-el-pais-de-las-maravillas.jpg\" alt=\"ALICIA EN EL PA  S DE LAS MARAVILLAS\" class=\"img-responsive\"><span>ALICIA EN EL PA\u00cdS DE LAS MARAVILLAS<\/span><\/a>\n                <\/p>\n            <\/div>\n\n            <div class=\"acciones text-center\">\n                \n                <p class=\"price\">43,50 \u20ac<\/p>\n            <\/div>\n        <\/div><div class=\"col-xs-6 col-sm-6 col-md-6 col-lg-4 item-product\">\n            <div class=\"product-list text-center\">\n                <p>\n                    <a class=\"product-blog-link\" href=\"https:\/\/www.rayuelainfancia.com\/clasicos-y-cuento-popular\/908-alicia-en-el-pais-de-las-maravillas.html?utm_campaign=productBlogPost\" title=\"ALICIA EN EL PA  S DE LAS MARAVILLAS\">\n                        <img src=\"\/\/www.rayuelainfancia.com\/834-home_default\/alicia-en-el-pais-de-las-maravillas.jpg\" alt=\"ALICIA EN EL PA  S DE LAS MARAVILLAS\" class=\"img-responsive\"><span>ALICIA EN EL PA\u00cdS DE LAS MARAVILLAS<\/span><\/a>\n                <\/p>\n            <\/div>\n\n            <div class=\"acciones text-center\">\n                \n                <p class=\"price\">24,00 \u20ac<\/p>\n            <\/div>\n        <\/div><div class=\"col-xs-6 col-sm-6 col-md-6 col-lg-4 item-product\">\n            <div class=\"product-list text-center\">\n                <p>\n                    <a class=\"product-blog-link\" href=\"https:\/\/www.rayuelainfancia.com\/clasicos-y-cuento-popular\/637-libro-de-la-selva.html?utm_campaign=productBlogPost\" title=\"EL LIBRO DE LA SELVA\">\n                        <img src=\"\/\/www.rayuelainfancia.com\/2641-home_default\/libro-de-la-selva.jpg\" alt=\"EL LIBRO DE LA SELVA\" class=\"img-responsive\"><span>EL LIBRO DE LA SELVA<\/span><\/a>\n                <\/p>\n            <\/div>\n\n            <div class=\"acciones text-center\">\n                \n                <p class=\"price\">24,90 \u20ac<\/p>\n            <\/div>\n        <\/div><div class=\"col-xs-6 col-sm-6 col-md-6 col-lg-4 item-product\">\n            <div class=\"product-list text-center\">\n                <p>\n                    <a class=\"product-blog-link\" href=\"https:\/\/www.rayuelainfancia.com\/clasicos-y-cuento-popular\/3132-peter-pan-y-wendy.html?utm_campaign=productBlogPost\" title=\"PETER PAN Y WENDY\">\n                        <img src=\"\/\/www.rayuelainfancia.com\/465357-home_default\/peter-pan-y-wendy.jpg\" alt=\"PETER PAN Y WENDY\" class=\"img-responsive\"><span>PETER PAN Y WENDY<\/span><\/a>\n                <\/p>\n            <\/div>\n\n            <div class=\"acciones text-center\">\n                \n                <p class=\"price\">24,90 \u20ac<\/p>\n            <\/div>\n        <\/div><div class=\"col-xs-6 col-sm-6 col-md-6 col-lg-4 item-product\">\n            <div class=\"product-list text-center\">\n                <p>\n                    <a class=\"product-blog-link\" href=\"https:\/\/www.rayuelainfancia.com\/clasicos-y-cuento-popular\/808-la-vuelta-al-mundo-en-80-dias.html?utm_campaign=productBlogPost\" title=\"LA VUELTA AL MUNDO EN 80 D  AS\">\n                        <img src=\"\/\/www.rayuelainfancia.com\/2724-home_default\/la-vuelta-al-mundo-en-80-dias.jpg\" alt=\"LA VUELTA AL MUNDO EN 80 D  AS\" class=\"img-responsive\"><span>LA VUELTA AL MUNDO EN 80 D\u00cdAS<\/span><\/a>\n                <\/p>\n            <\/div>\n\n            <div class=\"acciones text-center\">\n                \n                <p class=\"price\">24,90 \u20ac<\/p>\n            <\/div>\n        <\/div><\/div>\n","protected":false},"excerpt":{"rendered":"<p>Este a\u00f1o, dentro de la Programaci\u00f3n del Festival de Cine Europeo de Sevilla, participamos la iniciativa\u00a0\u00abLeer antes de ver\u00bb.\u00a0Se trata de reflexionar sobre dos lenguajes, el literario y el audiovisual, que tantas veces se entrelazan compartiendo historias. No son pocas las novelas infantiles y juveniles que han sido adaptadas a la gran pantalla.<\/p>\n","protected":false},"author":6,"featured_media":1921,"comment_status":"open","ping_status":"open","sticky":false,"template":"","format":"standard","meta":[],"categories":[21],"tags":[],"yoast_head":"<!-- This site is optimized with the Yoast SEO plugin v18.5.1 - https:\/\/yoast.com\/wordpress\/plugins\/seo\/ -->\n<title>LEER TE LLEVA AL CINE &#8902; Blog de Rayuelainfancia<\/title>\n<meta name=\"robots\" content=\"index, follow, max-snippet:-1, max-image-preview:large, max-video-preview:-1\" \/>\n<link rel=\"canonical\" href=\"https:\/\/www.rayuelainfancia.com\/blog\/leer-te-lleva-al-cine\/\" \/>\n<meta property=\"og:locale\" content=\"es_ES\" \/>\n<meta property=\"og:type\" content=\"article\" \/>\n<meta property=\"og:title\" content=\"LEER TE LLEVA AL CINE &#8902; Blog de Rayuelainfancia\" \/>\n<meta property=\"og:description\" content=\"Este a\u00f1o, dentro de la Programaci\u00f3n del Festival de Cine Europeo de Sevilla, participamos la iniciativa\u00a0\u00abLeer antes de ver\u00bb.\u00a0Se trata de reflexionar sobre dos lenguajes, el literario y el audiovisual, que tantas veces se entrelazan compartiendo historias. No son pocas las novelas infantiles y juveniles que han sido adaptadas a la gran pantalla.\" \/>\n<meta property=\"og:url\" content=\"https:\/\/www.rayuelainfancia.com\/blog\/leer-te-lleva-al-cine\/\" \/>\n<meta property=\"og:site_name\" content=\"Blog de Rayuelainfancia\" \/>\n<meta property=\"article:publisher\" content=\"https:\/\/www.facebook.com\/pages\/Librer\u00eda-Rayuela\/251861686361\" \/>\n<meta property=\"article:published_time\" content=\"2017-10-31T13:14:42+00:00\" \/>\n<meta property=\"og:image\" content=\"https:\/\/www.rayuelainfancia.com\/blog\/wp-content\/uploads\/2017\/10\/banner-cine.jpg\" \/>\n\t<meta property=\"og:image:width\" content=\"1200\" \/>\n\t<meta property=\"og:image:height\" content=\"630\" \/>\n\t<meta property=\"og:image:type\" content=\"image\/jpeg\" \/>\n<meta name=\"twitter:card\" content=\"summary\" \/>\n<meta name=\"twitter:creator\" content=\"@Rayuelainfancia\" \/>\n<meta name=\"twitter:site\" content=\"@Rayuelainfancia\" \/>\n<meta name=\"twitter:label1\" content=\"Written by\" \/>\n\t<meta name=\"twitter:data1\" content=\"Rayuelainfancia\" \/>\n\t<meta name=\"twitter:label2\" content=\"Est. reading time\" \/>\n\t<meta name=\"twitter:data2\" content=\"3 minutos\" \/>\n<script type=\"application\/ld+json\" class=\"yoast-schema-graph\">{\"@context\":\"https:\/\/schema.org\",\"@graph\":[{\"@type\":\"Organization\",\"@id\":\"https:\/\/www.rayuelainfancia.com\/blog\/#organization\",\"name\":\"Rayuelainfancia\",\"url\":\"https:\/\/www.rayuelainfancia.com\/blog\/\",\"sameAs\":[\"https:\/\/www.facebook.com\/pages\/Librer\u00eda-Rayuela\/251861686361\",\"https:\/\/www.youtube.com\/channel\/UCddVaoDjpTp-DexyEVoyazQ\",\"https:\/\/twitter.com\/Rayuelainfancia\"],\"logo\":{\"@type\":\"ImageObject\",\"@id\":\"https:\/\/www.rayuelainfancia.com\/blog\/#logo\",\"inLanguage\":\"es\",\"url\":\"https:\/\/www.rayuelainfancia.com\/blog\/wp-content\/uploads\/2018\/06\/logo-rayuelainfancia-color-corporativo.png\",\"contentUrl\":\"https:\/\/www.rayuelainfancia.com\/blog\/wp-content\/uploads\/2018\/06\/logo-rayuelainfancia-color-corporativo.png\",\"width\":1200,\"height\":680,\"caption\":\"Rayuelainfancia\"},\"image\":{\"@id\":\"https:\/\/www.rayuelainfancia.com\/blog\/#logo\"}},{\"@type\":\"WebSite\",\"@id\":\"https:\/\/www.rayuelainfancia.com\/blog\/#website\",\"url\":\"https:\/\/www.rayuelainfancia.com\/blog\/\",\"name\":\"Blog de Rayuelainfancia\",\"description\":\"Libros infantiles y juegos educaticos respestuosos con la infancia\",\"publisher\":{\"@id\":\"https:\/\/www.rayuelainfancia.com\/blog\/#organization\"},\"potentialAction\":[{\"@type\":\"SearchAction\",\"target\":{\"@type\":\"EntryPoint\",\"urlTemplate\":\"https:\/\/www.rayuelainfancia.com\/blog\/?s={search_term_string}\"},\"query-input\":\"required name=search_term_string\"}],\"inLanguage\":\"es\"},{\"@type\":\"ImageObject\",\"@id\":\"https:\/\/www.rayuelainfancia.com\/blog\/leer-te-lleva-al-cine\/#primaryimage\",\"inLanguage\":\"es\",\"url\":\"https:\/\/www.rayuelainfancia.com\/blog\/wp-content\/uploads\/2017\/10\/banner-cine.jpg\",\"contentUrl\":\"https:\/\/www.rayuelainfancia.com\/blog\/wp-content\/uploads\/2017\/10\/banner-cine.jpg\",\"width\":1200,\"height\":630},{\"@type\":\"WebPage\",\"@id\":\"https:\/\/www.rayuelainfancia.com\/blog\/leer-te-lleva-al-cine\/#webpage\",\"url\":\"https:\/\/www.rayuelainfancia.com\/blog\/leer-te-lleva-al-cine\/\",\"name\":\"LEER TE LLEVA AL CINE &#8902; Blog de Rayuelainfancia\",\"isPartOf\":{\"@id\":\"https:\/\/www.rayuelainfancia.com\/blog\/#website\"},\"primaryImageOfPage\":{\"@id\":\"https:\/\/www.rayuelainfancia.com\/blog\/leer-te-lleva-al-cine\/#primaryimage\"},\"datePublished\":\"2017-10-31T13:14:42+00:00\",\"dateModified\":\"2017-10-31T13:14:42+00:00\",\"breadcrumb\":{\"@id\":\"https:\/\/www.rayuelainfancia.com\/blog\/leer-te-lleva-al-cine\/#breadcrumb\"},\"inLanguage\":\"es\",\"potentialAction\":[{\"@type\":\"ReadAction\",\"target\":[\"https:\/\/www.rayuelainfancia.com\/blog\/leer-te-lleva-al-cine\/\"]}]},{\"@type\":\"BreadcrumbList\",\"@id\":\"https:\/\/www.rayuelainfancia.com\/blog\/leer-te-lleva-al-cine\/#breadcrumb\",\"itemListElement\":[{\"@type\":\"ListItem\",\"position\":1,\"name\":\"Portada\",\"item\":\"https:\/\/www.rayuelainfancia.com\/blog\/\"},{\"@type\":\"ListItem\",\"position\":2,\"name\":\"LEER TE LLEVA AL CINE\"}]},{\"@type\":\"Article\",\"@id\":\"https:\/\/www.rayuelainfancia.com\/blog\/leer-te-lleva-al-cine\/#article\",\"isPartOf\":{\"@id\":\"https:\/\/www.rayuelainfancia.com\/blog\/leer-te-lleva-al-cine\/#webpage\"},\"author\":{\"@id\":\"https:\/\/www.rayuelainfancia.com\/blog\/#\/schema\/person\/c1aff250c5154e35f53f26d0eba10c45\"},\"headline\":\"LEER TE LLEVA AL CINE\",\"datePublished\":\"2017-10-31T13:14:42+00:00\",\"dateModified\":\"2017-10-31T13:14:42+00:00\",\"mainEntityOfPage\":{\"@id\":\"https:\/\/www.rayuelainfancia.com\/blog\/leer-te-lleva-al-cine\/#webpage\"},\"wordCount\":678,\"commentCount\":0,\"publisher\":{\"@id\":\"https:\/\/www.rayuelainfancia.com\/blog\/#organization\"},\"image\":{\"@id\":\"https:\/\/www.rayuelainfancia.com\/blog\/leer-te-lleva-al-cine\/#primaryimage\"},\"thumbnailUrl\":\"https:\/\/www.rayuelainfancia.com\/blog\/wp-content\/uploads\/2017\/10\/banner-cine.jpg\",\"articleSection\":[\"Literatura Infantil\"],\"inLanguage\":\"es\",\"potentialAction\":[{\"@type\":\"CommentAction\",\"name\":\"Comment\",\"target\":[\"https:\/\/www.rayuelainfancia.com\/blog\/leer-te-lleva-al-cine\/#respond\"]}]},{\"@type\":\"Person\",\"@id\":\"https:\/\/www.rayuelainfancia.com\/blog\/#\/schema\/person\/c1aff250c5154e35f53f26d0eba10c45\",\"name\":\"Rayuelainfancia\",\"image\":{\"@type\":\"ImageObject\",\"@id\":\"https:\/\/www.rayuelainfancia.com\/blog\/#personlogo\",\"inLanguage\":\"es\",\"url\":\"https:\/\/secure.gravatar.com\/avatar\/8bf03e7a4bb13ca5c7d0dc6acde2bfd1?s=96&d=mm&r=g\",\"contentUrl\":\"https:\/\/secure.gravatar.com\/avatar\/8bf03e7a4bb13ca5c7d0dc6acde2bfd1?s=96&d=mm&r=g\",\"caption\":\"Rayuelainfancia\"}}]}<\/script>\n<!-- \/ Yoast SEO plugin. -->","yoast_head_json":{"title":"LEER TE LLEVA AL CINE &#8902; Blog de Rayuelainfancia","robots":{"index":"index","follow":"follow","max-snippet":"max-snippet:-1","max-image-preview":"max-image-preview:large","max-video-preview":"max-video-preview:-1"},"canonical":"https:\/\/www.rayuelainfancia.com\/blog\/leer-te-lleva-al-cine\/","og_locale":"es_ES","og_type":"article","og_title":"LEER TE LLEVA AL CINE &#8902; Blog de Rayuelainfancia","og_description":"Este a\u00f1o, dentro de la Programaci\u00f3n del Festival de Cine Europeo de Sevilla, participamos la iniciativa\u00a0\u00abLeer antes de ver\u00bb.\u00a0Se trata de reflexionar sobre dos lenguajes, el literario y el audiovisual, que tantas veces se entrelazan compartiendo historias. No son pocas las novelas infantiles y juveniles que han sido adaptadas a la gran pantalla.","og_url":"https:\/\/www.rayuelainfancia.com\/blog\/leer-te-lleva-al-cine\/","og_site_name":"Blog de Rayuelainfancia","article_publisher":"https:\/\/www.facebook.com\/pages\/Librer\u00eda-Rayuela\/251861686361","article_published_time":"2017-10-31T13:14:42+00:00","og_image":[{"width":1200,"height":630,"url":"https:\/\/www.rayuelainfancia.com\/blog\/wp-content\/uploads\/2017\/10\/banner-cine.jpg","type":"image\/jpeg"}],"twitter_card":"summary","twitter_creator":"@Rayuelainfancia","twitter_site":"@Rayuelainfancia","twitter_misc":{"Written by":"Rayuelainfancia","Est. reading time":"3 minutos"},"schema":{"@context":"https:\/\/schema.org","@graph":[{"@type":"Organization","@id":"https:\/\/www.rayuelainfancia.com\/blog\/#organization","name":"Rayuelainfancia","url":"https:\/\/www.rayuelainfancia.com\/blog\/","sameAs":["https:\/\/www.facebook.com\/pages\/Librer\u00eda-Rayuela\/251861686361","https:\/\/www.youtube.com\/channel\/UCddVaoDjpTp-DexyEVoyazQ","https:\/\/twitter.com\/Rayuelainfancia"],"logo":{"@type":"ImageObject","@id":"https:\/\/www.rayuelainfancia.com\/blog\/#logo","inLanguage":"es","url":"https:\/\/www.rayuelainfancia.com\/blog\/wp-content\/uploads\/2018\/06\/logo-rayuelainfancia-color-corporativo.png","contentUrl":"https:\/\/www.rayuelainfancia.com\/blog\/wp-content\/uploads\/2018\/06\/logo-rayuelainfancia-color-corporativo.png","width":1200,"height":680,"caption":"Rayuelainfancia"},"image":{"@id":"https:\/\/www.rayuelainfancia.com\/blog\/#logo"}},{"@type":"WebSite","@id":"https:\/\/www.rayuelainfancia.com\/blog\/#website","url":"https:\/\/www.rayuelainfancia.com\/blog\/","name":"Blog de Rayuelainfancia","description":"Libros infantiles y juegos educaticos respestuosos con la infancia","publisher":{"@id":"https:\/\/www.rayuelainfancia.com\/blog\/#organization"},"potentialAction":[{"@type":"SearchAction","target":{"@type":"EntryPoint","urlTemplate":"https:\/\/www.rayuelainfancia.com\/blog\/?s={search_term_string}"},"query-input":"required name=search_term_string"}],"inLanguage":"es"},{"@type":"ImageObject","@id":"https:\/\/www.rayuelainfancia.com\/blog\/leer-te-lleva-al-cine\/#primaryimage","inLanguage":"es","url":"https:\/\/www.rayuelainfancia.com\/blog\/wp-content\/uploads\/2017\/10\/banner-cine.jpg","contentUrl":"https:\/\/www.rayuelainfancia.com\/blog\/wp-content\/uploads\/2017\/10\/banner-cine.jpg","width":1200,"height":630},{"@type":"WebPage","@id":"https:\/\/www.rayuelainfancia.com\/blog\/leer-te-lleva-al-cine\/#webpage","url":"https:\/\/www.rayuelainfancia.com\/blog\/leer-te-lleva-al-cine\/","name":"LEER TE LLEVA AL CINE &#8902; Blog de Rayuelainfancia","isPartOf":{"@id":"https:\/\/www.rayuelainfancia.com\/blog\/#website"},"primaryImageOfPage":{"@id":"https:\/\/www.rayuelainfancia.com\/blog\/leer-te-lleva-al-cine\/#primaryimage"},"datePublished":"2017-10-31T13:14:42+00:00","dateModified":"2017-10-31T13:14:42+00:00","breadcrumb":{"@id":"https:\/\/www.rayuelainfancia.com\/blog\/leer-te-lleva-al-cine\/#breadcrumb"},"inLanguage":"es","potentialAction":[{"@type":"ReadAction","target":["https:\/\/www.rayuelainfancia.com\/blog\/leer-te-lleva-al-cine\/"]}]},{"@type":"BreadcrumbList","@id":"https:\/\/www.rayuelainfancia.com\/blog\/leer-te-lleva-al-cine\/#breadcrumb","itemListElement":[{"@type":"ListItem","position":1,"name":"Portada","item":"https:\/\/www.rayuelainfancia.com\/blog\/"},{"@type":"ListItem","position":2,"name":"LEER TE LLEVA AL CINE"}]},{"@type":"Article","@id":"https:\/\/www.rayuelainfancia.com\/blog\/leer-te-lleva-al-cine\/#article","isPartOf":{"@id":"https:\/\/www.rayuelainfancia.com\/blog\/leer-te-lleva-al-cine\/#webpage"},"author":{"@id":"https:\/\/www.rayuelainfancia.com\/blog\/#\/schema\/person\/c1aff250c5154e35f53f26d0eba10c45"},"headline":"LEER TE LLEVA AL CINE","datePublished":"2017-10-31T13:14:42+00:00","dateModified":"2017-10-31T13:14:42+00:00","mainEntityOfPage":{"@id":"https:\/\/www.rayuelainfancia.com\/blog\/leer-te-lleva-al-cine\/#webpage"},"wordCount":678,"commentCount":0,"publisher":{"@id":"https:\/\/www.rayuelainfancia.com\/blog\/#organization"},"image":{"@id":"https:\/\/www.rayuelainfancia.com\/blog\/leer-te-lleva-al-cine\/#primaryimage"},"thumbnailUrl":"https:\/\/www.rayuelainfancia.com\/blog\/wp-content\/uploads\/2017\/10\/banner-cine.jpg","articleSection":["Literatura Infantil"],"inLanguage":"es","potentialAction":[{"@type":"CommentAction","name":"Comment","target":["https:\/\/www.rayuelainfancia.com\/blog\/leer-te-lleva-al-cine\/#respond"]}]},{"@type":"Person","@id":"https:\/\/www.rayuelainfancia.com\/blog\/#\/schema\/person\/c1aff250c5154e35f53f26d0eba10c45","name":"Rayuelainfancia","image":{"@type":"ImageObject","@id":"https:\/\/www.rayuelainfancia.com\/blog\/#personlogo","inLanguage":"es","url":"https:\/\/secure.gravatar.com\/avatar\/8bf03e7a4bb13ca5c7d0dc6acde2bfd1?s=96&d=mm&r=g","contentUrl":"https:\/\/secure.gravatar.com\/avatar\/8bf03e7a4bb13ca5c7d0dc6acde2bfd1?s=96&d=mm&r=g","caption":"Rayuelainfancia"}}]}},"_links":{"self":[{"href":"https:\/\/www.rayuelainfancia.com\/blog\/wp-json\/wp\/v2\/posts\/1879"}],"collection":[{"href":"https:\/\/www.rayuelainfancia.com\/blog\/wp-json\/wp\/v2\/posts"}],"about":[{"href":"https:\/\/www.rayuelainfancia.com\/blog\/wp-json\/wp\/v2\/types\/post"}],"author":[{"embeddable":true,"href":"https:\/\/www.rayuelainfancia.com\/blog\/wp-json\/wp\/v2\/users\/6"}],"replies":[{"embeddable":true,"href":"https:\/\/www.rayuelainfancia.com\/blog\/wp-json\/wp\/v2\/comments?post=1879"}],"version-history":[{"count":10,"href":"https:\/\/www.rayuelainfancia.com\/blog\/wp-json\/wp\/v2\/posts\/1879\/revisions"}],"predecessor-version":[{"id":1922,"href":"https:\/\/www.rayuelainfancia.com\/blog\/wp-json\/wp\/v2\/posts\/1879\/revisions\/1922"}],"wp:featuredmedia":[{"embeddable":true,"href":"https:\/\/www.rayuelainfancia.com\/blog\/wp-json\/wp\/v2\/media\/1921"}],"wp:attachment":[{"href":"https:\/\/www.rayuelainfancia.com\/blog\/wp-json\/wp\/v2\/media?parent=1879"}],"wp:term":[{"taxonomy":"category","embeddable":true,"href":"https:\/\/www.rayuelainfancia.com\/blog\/wp-json\/wp\/v2\/categories?post=1879"},{"taxonomy":"post_tag","embeddable":true,"href":"https:\/\/www.rayuelainfancia.com\/blog\/wp-json\/wp\/v2\/tags?post=1879"}],"curies":[{"name":"wp","href":"https:\/\/api.w.org\/{rel}","templated":true}]}}