 {"id":176,"date":"2010-06-21T08:19:07","date_gmt":"2010-06-21T06:19:07","guid":{"rendered":"http:\/\/rayuelainfancia.desarrollotrevenque.com\/blog\/malena-ballena\/"},"modified":"2016-12-14T10:26:42","modified_gmt":"2016-12-14T09:26:42","slug":"malena-ballena","status":"publish","type":"post","link":"https:\/\/www.rayuelainfancia.com\/blog\/malena-ballena\/","title":{"rendered":"MALENA BALLENA"},"content":{"rendered":"<p>&nbsp;<\/p>\n<table  class=\" table table-hover\" >\n<tbody>\n<tr>\n<td valign=\"top\">\n<div style=\"text-align: center;\"><img loading=\"lazy\" class=\" size-full wp-image-795\" src=\"http:\/\/rayuelainfancia.desarrollotrevenque.com\/blog\/wp-content\/uploads\/2010\/06\/malena-ballena.jpg\" alt=\"malena-ballena\" width=\"200\" height=\"171\" \/><\/div>\n<div style=\"text-align: center;\"><\/div>\n<div style=\"text-align: center;\">\u00a0<span style=\"font-family: Arial,sans-serif;\"><img loading=\"lazy\" class=\" size-full wp-image-796\" style=\"margin: 0px 20px 20px;\" src=\"http:\/\/rayuelainfancia.desarrollotrevenque.com\/blog\/wp-content\/uploads\/2010\/06\/Malena1.png\" alt=\"Malena1\" width=\"200\" height=\"164\" srcset=\"https:\/\/www.rayuelainfancia.com\/blog\/wp-content\/uploads\/2010\/06\/Malena1.png 400w, https:\/\/www.rayuelainfancia.com\/blog\/wp-content\/uploads\/2010\/06\/Malena1-300x246.png 300w\" sizes=\"(max-width: 200px) 100vw, 200px\" \/><\/span><\/div>\n<div style=\"text-align: center;\"><\/div>\n<\/td>\n<td>\n<table  class=\" table table-hover\" align=\"center\">\n<tbody>\n<tr>\n<td style=\"text-align: left;\" align=\"center\" valign=\"middle\"><a href=\"http:\/\/www.rayuelatiendaonline.com\/libro\/malena-ballena_49018\"><span style=\"font-size: 10pt; font-family: verdana,geneva;\"><img loading=\"lazy\" class=\" alignleft size-full wp-image-775\" style=\"float: left;\" src=\"http:\/\/rayuelainfancia.desarrollotrevenque.com\/blog\/wp-content\/uploads\/2009\/11\/cuadrado_tienda_online3.gif\" alt=\"cuadrado tienda online3\" width=\"25\" height=\"25\" \/><\/span><\/a><span style=\"font-size: 10pt; font-family: verdana,geneva;\">\u00a0 <\/span><a href=\"http:\/\/www.rayuelatiendaonline.com\/libro\/malena-ballena_49018\"><span style=\"font-size: 10pt; font-family: verdana,geneva;\">COMPRAR EN NUESTRA TIENDA ONLINE<\/span><\/a><\/td>\n<\/tr>\n<tr>\n<td>\n<div style=\"text-align: left;\">\u00a0<span style=\"font-family: verdana,geneva; font-size: 10pt;\"><span lang=\"es-ES\">Ja, ja, ja, se re\u00edan los ni\u00f1os de Malen<\/span><span lang=\"es-ES\">a en la piscina, pues no se le daba bien eso de nadar. \u00a1Malena es una ballena!&#8230;\u00a1Malena es una ballena! le gritaban, y claro, Malena sent\u00eda en aquellos momentos, que pesaba tanto que no podr\u00eda flotar en el agua.<\/span>\u00a0<\/span><\/div>\n<p style=\"text-align: left;\"><span style=\"font-family: verdana,geneva; font-size: 10pt;\"><span lang=\"es-ES\"><em><strong>Malena <\/strong><\/em><\/span><span lang=\"es-ES\"><em><strong>Ballena<\/strong><\/em><\/span><span lang=\"es-ES\"> es un hermoso \u00e1lbum ilustrado, escrito por el suizo <\/span><span lang=\"es-ES\"><strong>David Cali<\/strong><\/span><span lang=\"es-ES\"> e ilustrado por <\/span><span lang=\"es-ES\"><strong>Sonja Bougeva<\/strong><\/span><span lang=\"es-ES\">. Juntos, recrean la historia de muchas de nuestras ni\u00f1as y ni\u00f1os que pierden su autoestima por problemas de sobrepeso.<\/span><\/span><\/p>\n<p style=\"text-align: left;\"><span style=\"font-family: verdana,geneva; font-size: 10pt;\"><span lang=\"es-ES\">Es un cuento para todas las edades con el que aprendemos a sentir y a tomar conciencia de que cuando nos miramos al espejo, no solo vemos un c<\/span>uerpo f\u00edsico real, medible, sino tambi\u00e9n la representaci\u00f3n psicol\u00f3gica que cada uno de nosotros tenemos de \u00e9l. Lo que vemos, tambi\u00e9n es fruto de nuestros sue\u00f1os, de nuestro estado de \u00e1nimo, de nuestros deseos y de cu\u00e1nto nos valoramos.<\/span><span style=\"font-family: Arial,sans-serif;\"><br \/>\n<\/span><\/p>\n<p style=\"text-align: left;\"><span style=\"font-family: verdana,geneva; font-size: 10pt;\">Editado por <strong>Los libros del Zorro rojo<\/strong>, Malena es un libro recomendado por la Organizaci\u00f3n mundial de la salud y por la Estrategia NAOS, una plataforma para acciones relacionadas con la nutrici\u00f3n, actividad f\u00edsica y prevenci\u00f3n de la obesidad, del Ministerio de Sanidad y Pol\u00edtica social. <\/span><\/p>\n<\/td>\n<\/tr>\n<\/tbody>\n<\/table>\n<\/td>\n<\/tr>\n<\/tbody>\n<\/table>\n","protected":false},"excerpt":{"rendered":"<p>&nbsp; \u00a0 \u00a0 COMPRAR EN NUESTRA TIENDA ONLINE \u00a0Ja, ja, ja, se re\u00edan los ni\u00f1os de Malena en la piscina, pues no se le daba bien eso de nadar. \u00a1Malena es una ballena!&#8230;\u00a1Malena es una ballena! le gritaban, y claro, Malena sent\u00eda en aquellos momentos, que pesaba tanto que no podr\u00eda flotar en el agua.\u00a0 [&hellip;]<\/p>\n","protected":false},"author":3,"featured_media":795,"comment_status":"open","ping_status":"open","sticky":false,"template":"","format":"standard","meta":[],"categories":[18],"tags":[],"yoast_head":"<!-- This site is optimized with the Yoast SEO plugin v18.5.1 - https:\/\/yoast.com\/wordpress\/plugins\/seo\/ -->\n<title>MALENA BALLENA &#8902; Blog de Rayuelainfancia<\/title>\n<meta name=\"robots\" content=\"index, follow, max-snippet:-1, max-image-preview:large, max-video-preview:-1\" \/>\n<link rel=\"canonical\" href=\"https:\/\/www.rayuelainfancia.com\/blog\/malena-ballena\/\" \/>\n<meta property=\"og:locale\" content=\"es_ES\" \/>\n<meta property=\"og:type\" content=\"article\" \/>\n<meta property=\"og:title\" content=\"MALENA BALLENA &#8902; Blog de Rayuelainfancia\" \/>\n<meta property=\"og:description\" content=\"&nbsp; \u00a0 \u00a0 COMPRAR EN NUESTRA TIENDA ONLINE \u00a0Ja, ja, ja, se re\u00edan los ni\u00f1os de Malena en la piscina, pues no se le daba bien eso de nadar. \u00a1Malena es una ballena!&#8230;\u00a1Malena es una ballena! le gritaban, y claro, Malena sent\u00eda en aquellos momentos, que pesaba tanto que no podr\u00eda flotar en el agua.\u00a0 [&hellip;]\" \/>\n<meta property=\"og:url\" content=\"https:\/\/www.rayuelainfancia.com\/blog\/malena-ballena\/\" \/>\n<meta property=\"og:site_name\" content=\"Blog de Rayuelainfancia\" \/>\n<meta property=\"article:publisher\" content=\"https:\/\/www.facebook.com\/pages\/Librer\u00eda-Rayuela\/251861686361\" \/>\n<meta property=\"article:published_time\" content=\"2010-06-21T06:19:07+00:00\" \/>\n<meta property=\"article:modified_time\" content=\"2016-12-14T09:26:42+00:00\" \/>\n<meta property=\"og:image\" content=\"https:\/\/www.rayuelainfancia.com\/blog\/wp-content\/uploads\/2010\/06\/malena-ballena.jpg\" \/>\n\t<meta property=\"og:image:width\" content=\"200\" \/>\n\t<meta property=\"og:image:height\" content=\"171\" \/>\n\t<meta property=\"og:image:type\" content=\"image\/jpeg\" \/>\n<meta name=\"twitter:card\" content=\"summary\" \/>\n<meta name=\"twitter:creator\" content=\"@Rayuelainfancia\" \/>\n<meta name=\"twitter:site\" content=\"@Rayuelainfancia\" \/>\n<meta name=\"twitter:label1\" content=\"Written by\" \/>\n\t<meta name=\"twitter:data1\" content=\"Miguel Escalera Nieto\" \/>\n\t<meta name=\"twitter:label2\" content=\"Est. reading time\" \/>\n\t<meta name=\"twitter:data2\" content=\"1 minuto\" \/>\n<script type=\"application\/ld+json\" class=\"yoast-schema-graph\">{\"@context\":\"https:\/\/schema.org\",\"@graph\":[{\"@type\":\"Organization\",\"@id\":\"https:\/\/www.rayuelainfancia.com\/blog\/#organization\",\"name\":\"Rayuelainfancia\",\"url\":\"https:\/\/www.rayuelainfancia.com\/blog\/\",\"sameAs\":[\"https:\/\/www.facebook.com\/pages\/Librer\u00eda-Rayuela\/251861686361\",\"https:\/\/www.youtube.com\/channel\/UCddVaoDjpTp-DexyEVoyazQ\",\"https:\/\/twitter.com\/Rayuelainfancia\"],\"logo\":{\"@type\":\"ImageObject\",\"@id\":\"https:\/\/www.rayuelainfancia.com\/blog\/#logo\",\"inLanguage\":\"es\",\"url\":\"https:\/\/www.rayuelainfancia.com\/blog\/wp-content\/uploads\/2018\/06\/logo-rayuelainfancia-color-corporativo.png\",\"contentUrl\":\"https:\/\/www.rayuelainfancia.com\/blog\/wp-content\/uploads\/2018\/06\/logo-rayuelainfancia-color-corporativo.png\",\"width\":1200,\"height\":680,\"caption\":\"Rayuelainfancia\"},\"image\":{\"@id\":\"https:\/\/www.rayuelainfancia.com\/blog\/#logo\"}},{\"@type\":\"WebSite\",\"@id\":\"https:\/\/www.rayuelainfancia.com\/blog\/#website\",\"url\":\"https:\/\/www.rayuelainfancia.com\/blog\/\",\"name\":\"Blog de Rayuelainfancia\",\"description\":\"Libros infantiles y juegos educaticos respestuosos con la infancia\",\"publisher\":{\"@id\":\"https:\/\/www.rayuelainfancia.com\/blog\/#organization\"},\"potentialAction\":[{\"@type\":\"SearchAction\",\"target\":{\"@type\":\"EntryPoint\",\"urlTemplate\":\"https:\/\/www.rayuelainfancia.com\/blog\/?s={search_term_string}\"},\"query-input\":\"required name=search_term_string\"}],\"inLanguage\":\"es\"},{\"@type\":\"ImageObject\",\"@id\":\"https:\/\/www.rayuelainfancia.com\/blog\/malena-ballena\/#primaryimage\",\"inLanguage\":\"es\",\"url\":\"https:\/\/www.rayuelainfancia.com\/blog\/wp-content\/uploads\/2010\/06\/malena-ballena.jpg\",\"contentUrl\":\"https:\/\/www.rayuelainfancia.com\/blog\/wp-content\/uploads\/2010\/06\/malena-ballena.jpg\",\"width\":200,\"height\":171,\"caption\":\"malena-ballena\"},{\"@type\":\"WebPage\",\"@id\":\"https:\/\/www.rayuelainfancia.com\/blog\/malena-ballena\/#webpage\",\"url\":\"https:\/\/www.rayuelainfancia.com\/blog\/malena-ballena\/\",\"name\":\"MALENA BALLENA &#8902; Blog de Rayuelainfancia\",\"isPartOf\":{\"@id\":\"https:\/\/www.rayuelainfancia.com\/blog\/#website\"},\"primaryImageOfPage\":{\"@id\":\"https:\/\/www.rayuelainfancia.com\/blog\/malena-ballena\/#primaryimage\"},\"datePublished\":\"2010-06-21T06:19:07+00:00\",\"dateModified\":\"2016-12-14T09:26:42+00:00\",\"breadcrumb\":{\"@id\":\"https:\/\/www.rayuelainfancia.com\/blog\/malena-ballena\/#breadcrumb\"},\"inLanguage\":\"es\",\"potentialAction\":[{\"@type\":\"ReadAction\",\"target\":[\"https:\/\/www.rayuelainfancia.com\/blog\/malena-ballena\/\"]}]},{\"@type\":\"BreadcrumbList\",\"@id\":\"https:\/\/www.rayuelainfancia.com\/blog\/malena-ballena\/#breadcrumb\",\"itemListElement\":[{\"@type\":\"ListItem\",\"position\":1,\"name\":\"Portada\",\"item\":\"https:\/\/www.rayuelainfancia.com\/blog\/\"},{\"@type\":\"ListItem\",\"position\":2,\"name\":\"MALENA BALLENA\"}]},{\"@type\":\"Article\",\"@id\":\"https:\/\/www.rayuelainfancia.com\/blog\/malena-ballena\/#article\",\"isPartOf\":{\"@id\":\"https:\/\/www.rayuelainfancia.com\/blog\/malena-ballena\/#webpage\"},\"author\":{\"@id\":\"https:\/\/www.rayuelainfancia.com\/blog\/#\/schema\/person\/41147ec5e3c2cc1be6e2c4520a099ebb\"},\"headline\":\"MALENA BALLENA\",\"datePublished\":\"2010-06-21T06:19:07+00:00\",\"dateModified\":\"2016-12-14T09:26:42+00:00\",\"mainEntityOfPage\":{\"@id\":\"https:\/\/www.rayuelainfancia.com\/blog\/malena-ballena\/#webpage\"},\"wordCount\":224,\"commentCount\":0,\"publisher\":{\"@id\":\"https:\/\/www.rayuelainfancia.com\/blog\/#organization\"},\"image\":{\"@id\":\"https:\/\/www.rayuelainfancia.com\/blog\/malena-ballena\/#primaryimage\"},\"thumbnailUrl\":\"https:\/\/www.rayuelainfancia.com\/blog\/wp-content\/uploads\/2010\/06\/malena-ballena.jpg\",\"articleSection\":[\"Actividades Cuentacuentos\"],\"inLanguage\":\"es\",\"potentialAction\":[{\"@type\":\"CommentAction\",\"name\":\"Comment\",\"target\":[\"https:\/\/www.rayuelainfancia.com\/blog\/malena-ballena\/#respond\"]}]},{\"@type\":\"Person\",\"@id\":\"https:\/\/www.rayuelainfancia.com\/blog\/#\/schema\/person\/41147ec5e3c2cc1be6e2c4520a099ebb\",\"name\":\"Miguel Escalera Nieto\",\"image\":{\"@type\":\"ImageObject\",\"@id\":\"https:\/\/www.rayuelainfancia.com\/blog\/#personlogo\",\"inLanguage\":\"es\",\"url\":\"https:\/\/secure.gravatar.com\/avatar\/73bd613c804680e46df318e272f0e837?s=96&d=mm&r=g\",\"contentUrl\":\"https:\/\/secure.gravatar.com\/avatar\/73bd613c804680e46df318e272f0e837?s=96&d=mm&r=g\",\"caption\":\"Miguel Escalera Nieto\"}}]}<\/script>\n<!-- \/ Yoast SEO plugin. -->","yoast_head_json":{"title":"MALENA BALLENA &#8902; Blog de Rayuelainfancia","robots":{"index":"index","follow":"follow","max-snippet":"max-snippet:-1","max-image-preview":"max-image-preview:large","max-video-preview":"max-video-preview:-1"},"canonical":"https:\/\/www.rayuelainfancia.com\/blog\/malena-ballena\/","og_locale":"es_ES","og_type":"article","og_title":"MALENA BALLENA &#8902; Blog de Rayuelainfancia","og_description":"&nbsp; \u00a0 \u00a0 COMPRAR EN NUESTRA TIENDA ONLINE \u00a0Ja, ja, ja, se re\u00edan los ni\u00f1os de Malena en la piscina, pues no se le daba bien eso de nadar. \u00a1Malena es una ballena!&#8230;\u00a1Malena es una ballena! le gritaban, y claro, Malena sent\u00eda en aquellos momentos, que pesaba tanto que no podr\u00eda flotar en el agua.\u00a0 [&hellip;]","og_url":"https:\/\/www.rayuelainfancia.com\/blog\/malena-ballena\/","og_site_name":"Blog de Rayuelainfancia","article_publisher":"https:\/\/www.facebook.com\/pages\/Librer\u00eda-Rayuela\/251861686361","article_published_time":"2010-06-21T06:19:07+00:00","article_modified_time":"2016-12-14T09:26:42+00:00","og_image":[{"width":200,"height":171,"url":"https:\/\/www.rayuelainfancia.com\/blog\/wp-content\/uploads\/2010\/06\/malena-ballena.jpg","type":"image\/jpeg"}],"twitter_card":"summary","twitter_creator":"@Rayuelainfancia","twitter_site":"@Rayuelainfancia","twitter_misc":{"Written by":"Miguel Escalera Nieto","Est. reading time":"1 minuto"},"schema":{"@context":"https:\/\/schema.org","@graph":[{"@type":"Organization","@id":"https:\/\/www.rayuelainfancia.com\/blog\/#organization","name":"Rayuelainfancia","url":"https:\/\/www.rayuelainfancia.com\/blog\/","sameAs":["https:\/\/www.facebook.com\/pages\/Librer\u00eda-Rayuela\/251861686361","https:\/\/www.youtube.com\/channel\/UCddVaoDjpTp-DexyEVoyazQ","https:\/\/twitter.com\/Rayuelainfancia"],"logo":{"@type":"ImageObject","@id":"https:\/\/www.rayuelainfancia.com\/blog\/#logo","inLanguage":"es","url":"https:\/\/www.rayuelainfancia.com\/blog\/wp-content\/uploads\/2018\/06\/logo-rayuelainfancia-color-corporativo.png","contentUrl":"https:\/\/www.rayuelainfancia.com\/blog\/wp-content\/uploads\/2018\/06\/logo-rayuelainfancia-color-corporativo.png","width":1200,"height":680,"caption":"Rayuelainfancia"},"image":{"@id":"https:\/\/www.rayuelainfancia.com\/blog\/#logo"}},{"@type":"WebSite","@id":"https:\/\/www.rayuelainfancia.com\/blog\/#website","url":"https:\/\/www.rayuelainfancia.com\/blog\/","name":"Blog de Rayuelainfancia","description":"Libros infantiles y juegos educaticos respestuosos con la infancia","publisher":{"@id":"https:\/\/www.rayuelainfancia.com\/blog\/#organization"},"potentialAction":[{"@type":"SearchAction","target":{"@type":"EntryPoint","urlTemplate":"https:\/\/www.rayuelainfancia.com\/blog\/?s={search_term_string}"},"query-input":"required name=search_term_string"}],"inLanguage":"es"},{"@type":"ImageObject","@id":"https:\/\/www.rayuelainfancia.com\/blog\/malena-ballena\/#primaryimage","inLanguage":"es","url":"https:\/\/www.rayuelainfancia.com\/blog\/wp-content\/uploads\/2010\/06\/malena-ballena.jpg","contentUrl":"https:\/\/www.rayuelainfancia.com\/blog\/wp-content\/uploads\/2010\/06\/malena-ballena.jpg","width":200,"height":171,"caption":"malena-ballena"},{"@type":"WebPage","@id":"https:\/\/www.rayuelainfancia.com\/blog\/malena-ballena\/#webpage","url":"https:\/\/www.rayuelainfancia.com\/blog\/malena-ballena\/","name":"MALENA BALLENA &#8902; Blog de Rayuelainfancia","isPartOf":{"@id":"https:\/\/www.rayuelainfancia.com\/blog\/#website"},"primaryImageOfPage":{"@id":"https:\/\/www.rayuelainfancia.com\/blog\/malena-ballena\/#primaryimage"},"datePublished":"2010-06-21T06:19:07+00:00","dateModified":"2016-12-14T09:26:42+00:00","breadcrumb":{"@id":"https:\/\/www.rayuelainfancia.com\/blog\/malena-ballena\/#breadcrumb"},"inLanguage":"es","potentialAction":[{"@type":"ReadAction","target":["https:\/\/www.rayuelainfancia.com\/blog\/malena-ballena\/"]}]},{"@type":"BreadcrumbList","@id":"https:\/\/www.rayuelainfancia.com\/blog\/malena-ballena\/#breadcrumb","itemListElement":[{"@type":"ListItem","position":1,"name":"Portada","item":"https:\/\/www.rayuelainfancia.com\/blog\/"},{"@type":"ListItem","position":2,"name":"MALENA BALLENA"}]},{"@type":"Article","@id":"https:\/\/www.rayuelainfancia.com\/blog\/malena-ballena\/#article","isPartOf":{"@id":"https:\/\/www.rayuelainfancia.com\/blog\/malena-ballena\/#webpage"},"author":{"@id":"https:\/\/www.rayuelainfancia.com\/blog\/#\/schema\/person\/41147ec5e3c2cc1be6e2c4520a099ebb"},"headline":"MALENA BALLENA","datePublished":"2010-06-21T06:19:07+00:00","dateModified":"2016-12-14T09:26:42+00:00","mainEntityOfPage":{"@id":"https:\/\/www.rayuelainfancia.com\/blog\/malena-ballena\/#webpage"},"wordCount":224,"commentCount":0,"publisher":{"@id":"https:\/\/www.rayuelainfancia.com\/blog\/#organization"},"image":{"@id":"https:\/\/www.rayuelainfancia.com\/blog\/malena-ballena\/#primaryimage"},"thumbnailUrl":"https:\/\/www.rayuelainfancia.com\/blog\/wp-content\/uploads\/2010\/06\/malena-ballena.jpg","articleSection":["Actividades Cuentacuentos"],"inLanguage":"es","potentialAction":[{"@type":"CommentAction","name":"Comment","target":["https:\/\/www.rayuelainfancia.com\/blog\/malena-ballena\/#respond"]}]},{"@type":"Person","@id":"https:\/\/www.rayuelainfancia.com\/blog\/#\/schema\/person\/41147ec5e3c2cc1be6e2c4520a099ebb","name":"Miguel Escalera Nieto","image":{"@type":"ImageObject","@id":"https:\/\/www.rayuelainfancia.com\/blog\/#personlogo","inLanguage":"es","url":"https:\/\/secure.gravatar.com\/avatar\/73bd613c804680e46df318e272f0e837?s=96&d=mm&r=g","contentUrl":"https:\/\/secure.gravatar.com\/avatar\/73bd613c804680e46df318e272f0e837?s=96&d=mm&r=g","caption":"Miguel Escalera Nieto"}}]}},"_links":{"self":[{"href":"https:\/\/www.rayuelainfancia.com\/blog\/wp-json\/wp\/v2\/posts\/176"}],"collection":[{"href":"https:\/\/www.rayuelainfancia.com\/blog\/wp-json\/wp\/v2\/posts"}],"about":[{"href":"https:\/\/www.rayuelainfancia.com\/blog\/wp-json\/wp\/v2\/types\/post"}],"author":[{"embeddable":true,"href":"https:\/\/www.rayuelainfancia.com\/blog\/wp-json\/wp\/v2\/users\/3"}],"replies":[{"embeddable":true,"href":"https:\/\/www.rayuelainfancia.com\/blog\/wp-json\/wp\/v2\/comments?post=176"}],"version-history":[{"count":2,"href":"https:\/\/www.rayuelainfancia.com\/blog\/wp-json\/wp\/v2\/posts\/176\/revisions"}],"predecessor-version":[{"id":1331,"href":"https:\/\/www.rayuelainfancia.com\/blog\/wp-json\/wp\/v2\/posts\/176\/revisions\/1331"}],"wp:featuredmedia":[{"embeddable":true,"href":"https:\/\/www.rayuelainfancia.com\/blog\/wp-json\/wp\/v2\/media\/795"}],"wp:attachment":[{"href":"https:\/\/www.rayuelainfancia.com\/blog\/wp-json\/wp\/v2\/media?parent=176"}],"wp:term":[{"taxonomy":"category","embeddable":true,"href":"https:\/\/www.rayuelainfancia.com\/blog\/wp-json\/wp\/v2\/categories?post=176"},{"taxonomy":"post_tag","embeddable":true,"href":"https:\/\/www.rayuelainfancia.com\/blog\/wp-json\/wp\/v2\/tags?post=176"}],"curies":[{"name":"wp","href":"https:\/\/api.w.org\/{rel}","templated":true}]}}