 {"id":151,"date":"2010-02-22T00:48:08","date_gmt":"2010-02-21T23:48:08","guid":{"rendered":"http:\/\/rayuelainfancia.desarrollotrevenque.com\/blog\/un-fantasma-con-asma\/"},"modified":"2016-12-14T10:26:43","modified_gmt":"2016-12-14T09:26:43","slug":"un-fantasma-con-asma","status":"publish","type":"post","link":"https:\/\/www.rayuelainfancia.com\/blog\/un-fantasma-con-asma\/","title":{"rendered":"UN FANTASMA CON ASMA"},"content":{"rendered":"<p> <\/p>\n<table  class=\" table table-hover\" >\n<tbody>\n<tr>\n<td valign=\"top\">&nbsp;<img loading=\"lazy\" class=\" size-full wp-image-787\" style=\"margin: 0px 20px 20px;\" alt=\"fantasma asma kalandraka carmen gil\" src=\"http:\/\/rayuelainfancia.desarrollotrevenque.com\/blog\/wp-content\/uploads\/2010\/02\/fantasma_asma_kalandraka_carmen_gil.jpg\" height=\"216\" width=\"200\" \/> <\/p>\n<div style=\"text-align: center;\">&nbsp;<\/div>\n<div style=\"text-align: center;\">&nbsp;<\/div>\n<\/td>\n<td>\n<table  class=\" table table-hover\" align=\"center\">\n<tbody>\n<tr>\n<td style=\"text-align: left;\" align=\"center\" valign=\"middle\"><a target=\"_blank\" href=\"http:\/\/www.rayuelatiendaonline.com\/libro\/un-fantasma-con-asma_48742\"><span style=\"font-size: 10pt; font-family: verdana,geneva;\"><img loading=\"lazy\" class=\" alignleft size-full wp-image-775\" style=\"float: left;\" alt=\"cuadrado tienda online3\" src=\"http:\/\/rayuelainfancia.desarrollotrevenque.com\/blog\/wp-content\/uploads\/2009\/11\/cuadrado_tienda_online3.gif\" height=\"25\" width=\"25\" \/><\/span><\/a><span style=\"font-size: 10pt; font-family: verdana,geneva;\"><\/span><span style=\"font-size: 10pt; font-family: verdana,geneva;\">&nbsp; <\/span><a target=\"_blank\" href=\"http:\/\/www.rayuelatiendaonline.com\/libro\/un-fantasma-con-asma_48742\"><span style=\"font-size: 10pt; font-family: verdana,geneva;\">COMPRAR EN NUESTRA TIENDA ONLINE<\/span><\/a><\/td>\n<\/tr>\n<tr>\n<td>\n<p><span style=\"font-family: verdana,geneva; font-size: 10pt;\">\u00abY es que el cari\u00f1o a raudales alivia todos los males\u00bb. As\u00ed finaliza el cuento de la gaditana Carmen Gil y as\u00ed podr\u00eda ser la receta que todos los m\u00e9dicos mandaran a sus pacientes. <\/span><br \/><span style=\"font-family: verdana,geneva; font-size: 10pt;\">Eso debi\u00f3 pensar el doctor Godofredo cuando visit\u00f3 al pobre fantasma, que viv\u00eda solo en un fr\u00edo y solitario castillo, y que ya no asustaba a nadie porque su sino era estornudar todo el tiempo. Lo revis\u00f3 por todas partes y determin\u00f3 que no era del cuerpo su enfermedad, sino del alma. La soledad le hac\u00eda sentirse as\u00ed.<\/span><\/p>\n<p><span style=\"font-family: verdana,geneva; font-size: 10pt;\">La receta: mucho cari\u00f1o. El fantasma inici\u00f3 un largo viaje hacia otro castillo donde muchos fantasmas lo acogieron alegremente y as\u00ed finalizaron todos sus males.<\/span><br \/><span style=\"font-family: verdana,geneva; font-size: 10pt;\">Un fantasma con asma es una de las muchas obras publicadas por esta autora andaluza que con el verso, acerca a los ni\u00f1os a la fantas\u00eda y a jugar con los poemas.<\/span><br \/><span style=\"font-family: verdana,geneva; font-size: 10pt;\">Desde este mundo fantasmal, sugerimos esta lectura para primeros lectores sin miedo.<\/span><\/p>\n<p> <br style=\"text-align: left;\" \/><\/td>\n<\/tr>\n<\/tbody>\n<\/table>\n<\/td>\n<\/tr>\n<\/tbody>\n<\/table>\n<p><span style=\"font-family: verdana, geneva; font-size: 10pt;\">[issuu width=620 height=320 shareMenuEnabled=false backgroundColor=%23222222 documentId=120229125622-98b0f2be22a24bfda5bab2dde5838fa7 name=un-fantasma-con-asma-c username=kalandraka.com tag=asma unit=px id=8a4b019f-2a5d-49f0-d0ff-af7bd7f87f25 v=2]<\/span><\/p>\n","protected":false},"excerpt":{"rendered":"<p>&nbsp; &nbsp; &nbsp; &nbsp; COMPRAR EN NUESTRA TIENDA ONLINE \u00abY es que el cari\u00f1o a raudales alivia todos los males\u00bb. As\u00ed finaliza el cuento de la gaditana Carmen Gil y as\u00ed podr\u00eda ser la receta que todos los m\u00e9dicos mandaran a sus pacientes. Eso debi\u00f3 pensar el doctor Godofredo cuando visit\u00f3 al pobre fantasma, que [&hellip;]<\/p>\n","protected":false},"author":3,"featured_media":787,"comment_status":"open","ping_status":"open","sticky":false,"template":"","format":"standard","meta":[],"categories":[18],"tags":[],"yoast_head":"<!-- This site is optimized with the Yoast SEO plugin v18.5.1 - https:\/\/yoast.com\/wordpress\/plugins\/seo\/ -->\n<title>UN FANTASMA CON ASMA &#8902; Blog de Rayuelainfancia<\/title>\n<meta name=\"robots\" content=\"index, follow, max-snippet:-1, max-image-preview:large, max-video-preview:-1\" \/>\n<link rel=\"canonical\" href=\"https:\/\/www.rayuelainfancia.com\/blog\/un-fantasma-con-asma\/\" \/>\n<meta property=\"og:locale\" content=\"es_ES\" \/>\n<meta property=\"og:type\" content=\"article\" \/>\n<meta property=\"og:title\" content=\"UN FANTASMA CON ASMA &#8902; Blog de Rayuelainfancia\" \/>\n<meta property=\"og:description\" content=\"&nbsp; &nbsp; &nbsp; &nbsp; COMPRAR EN NUESTRA TIENDA ONLINE \u00abY es que el cari\u00f1o a raudales alivia todos los males\u00bb. As\u00ed finaliza el cuento de la gaditana Carmen Gil y as\u00ed podr\u00eda ser la receta que todos los m\u00e9dicos mandaran a sus pacientes. Eso debi\u00f3 pensar el doctor Godofredo cuando visit\u00f3 al pobre fantasma, que [&hellip;]\" \/>\n<meta property=\"og:url\" content=\"https:\/\/www.rayuelainfancia.com\/blog\/un-fantasma-con-asma\/\" \/>\n<meta property=\"og:site_name\" content=\"Blog de Rayuelainfancia\" \/>\n<meta property=\"article:publisher\" content=\"https:\/\/www.facebook.com\/pages\/Librer\u00eda-Rayuela\/251861686361\" \/>\n<meta property=\"article:published_time\" content=\"2010-02-21T23:48:08+00:00\" \/>\n<meta property=\"article:modified_time\" content=\"2016-12-14T09:26:43+00:00\" \/>\n<meta property=\"og:image\" content=\"https:\/\/www.rayuelainfancia.com\/blog\/wp-content\/uploads\/2010\/02\/fantasma_asma_kalandraka_carmen_gil.jpg\" \/>\n\t<meta property=\"og:image:width\" content=\"200\" \/>\n\t<meta property=\"og:image:height\" content=\"216\" \/>\n\t<meta property=\"og:image:type\" content=\"image\/jpeg\" \/>\n<meta name=\"twitter:card\" content=\"summary\" \/>\n<meta name=\"twitter:creator\" content=\"@Rayuelainfancia\" \/>\n<meta name=\"twitter:site\" content=\"@Rayuelainfancia\" \/>\n<meta name=\"twitter:label1\" content=\"Written by\" \/>\n\t<meta name=\"twitter:data1\" content=\"Miguel Escalera Nieto\" \/>\n\t<meta name=\"twitter:label2\" content=\"Est. reading time\" \/>\n\t<meta name=\"twitter:data2\" content=\"1 minuto\" \/>\n<script type=\"application\/ld+json\" class=\"yoast-schema-graph\">{\"@context\":\"https:\/\/schema.org\",\"@graph\":[{\"@type\":\"Organization\",\"@id\":\"https:\/\/www.rayuelainfancia.com\/blog\/#organization\",\"name\":\"Rayuelainfancia\",\"url\":\"https:\/\/www.rayuelainfancia.com\/blog\/\",\"sameAs\":[\"https:\/\/www.facebook.com\/pages\/Librer\u00eda-Rayuela\/251861686361\",\"https:\/\/www.youtube.com\/channel\/UCddVaoDjpTp-DexyEVoyazQ\",\"https:\/\/twitter.com\/Rayuelainfancia\"],\"logo\":{\"@type\":\"ImageObject\",\"@id\":\"https:\/\/www.rayuelainfancia.com\/blog\/#logo\",\"inLanguage\":\"es\",\"url\":\"https:\/\/www.rayuelainfancia.com\/blog\/wp-content\/uploads\/2018\/06\/logo-rayuelainfancia-color-corporativo.png\",\"contentUrl\":\"https:\/\/www.rayuelainfancia.com\/blog\/wp-content\/uploads\/2018\/06\/logo-rayuelainfancia-color-corporativo.png\",\"width\":1200,\"height\":680,\"caption\":\"Rayuelainfancia\"},\"image\":{\"@id\":\"https:\/\/www.rayuelainfancia.com\/blog\/#logo\"}},{\"@type\":\"WebSite\",\"@id\":\"https:\/\/www.rayuelainfancia.com\/blog\/#website\",\"url\":\"https:\/\/www.rayuelainfancia.com\/blog\/\",\"name\":\"Blog de Rayuelainfancia\",\"description\":\"Libros infantiles y juegos educaticos respestuosos con la infancia\",\"publisher\":{\"@id\":\"https:\/\/www.rayuelainfancia.com\/blog\/#organization\"},\"potentialAction\":[{\"@type\":\"SearchAction\",\"target\":{\"@type\":\"EntryPoint\",\"urlTemplate\":\"https:\/\/www.rayuelainfancia.com\/blog\/?s={search_term_string}\"},\"query-input\":\"required name=search_term_string\"}],\"inLanguage\":\"es\"},{\"@type\":\"ImageObject\",\"@id\":\"https:\/\/www.rayuelainfancia.com\/blog\/un-fantasma-con-asma\/#primaryimage\",\"inLanguage\":\"es\",\"url\":\"https:\/\/www.rayuelainfancia.com\/blog\/wp-content\/uploads\/2010\/02\/fantasma_asma_kalandraka_carmen_gil.jpg\",\"contentUrl\":\"https:\/\/www.rayuelainfancia.com\/blog\/wp-content\/uploads\/2010\/02\/fantasma_asma_kalandraka_carmen_gil.jpg\",\"width\":200,\"height\":216,\"caption\":\"fantasma asma kalandraka carmen gil\"},{\"@type\":\"WebPage\",\"@id\":\"https:\/\/www.rayuelainfancia.com\/blog\/un-fantasma-con-asma\/#webpage\",\"url\":\"https:\/\/www.rayuelainfancia.com\/blog\/un-fantasma-con-asma\/\",\"name\":\"UN FANTASMA CON ASMA &#8902; Blog de Rayuelainfancia\",\"isPartOf\":{\"@id\":\"https:\/\/www.rayuelainfancia.com\/blog\/#website\"},\"primaryImageOfPage\":{\"@id\":\"https:\/\/www.rayuelainfancia.com\/blog\/un-fantasma-con-asma\/#primaryimage\"},\"datePublished\":\"2010-02-21T23:48:08+00:00\",\"dateModified\":\"2016-12-14T09:26:43+00:00\",\"breadcrumb\":{\"@id\":\"https:\/\/www.rayuelainfancia.com\/blog\/un-fantasma-con-asma\/#breadcrumb\"},\"inLanguage\":\"es\",\"potentialAction\":[{\"@type\":\"ReadAction\",\"target\":[\"https:\/\/www.rayuelainfancia.com\/blog\/un-fantasma-con-asma\/\"]}]},{\"@type\":\"BreadcrumbList\",\"@id\":\"https:\/\/www.rayuelainfancia.com\/blog\/un-fantasma-con-asma\/#breadcrumb\",\"itemListElement\":[{\"@type\":\"ListItem\",\"position\":1,\"name\":\"Portada\",\"item\":\"https:\/\/www.rayuelainfancia.com\/blog\/\"},{\"@type\":\"ListItem\",\"position\":2,\"name\":\"UN FANTASMA CON ASMA\"}]},{\"@type\":\"Article\",\"@id\":\"https:\/\/www.rayuelainfancia.com\/blog\/un-fantasma-con-asma\/#article\",\"isPartOf\":{\"@id\":\"https:\/\/www.rayuelainfancia.com\/blog\/un-fantasma-con-asma\/#webpage\"},\"author\":{\"@id\":\"https:\/\/www.rayuelainfancia.com\/blog\/#\/schema\/person\/41147ec5e3c2cc1be6e2c4520a099ebb\"},\"headline\":\"UN FANTASMA CON ASMA\",\"datePublished\":\"2010-02-21T23:48:08+00:00\",\"dateModified\":\"2016-12-14T09:26:43+00:00\",\"mainEntityOfPage\":{\"@id\":\"https:\/\/www.rayuelainfancia.com\/blog\/un-fantasma-con-asma\/#webpage\"},\"wordCount\":221,\"commentCount\":0,\"publisher\":{\"@id\":\"https:\/\/www.rayuelainfancia.com\/blog\/#organization\"},\"image\":{\"@id\":\"https:\/\/www.rayuelainfancia.com\/blog\/un-fantasma-con-asma\/#primaryimage\"},\"thumbnailUrl\":\"https:\/\/www.rayuelainfancia.com\/blog\/wp-content\/uploads\/2010\/02\/fantasma_asma_kalandraka_carmen_gil.jpg\",\"articleSection\":[\"Actividades Cuentacuentos\"],\"inLanguage\":\"es\",\"potentialAction\":[{\"@type\":\"CommentAction\",\"name\":\"Comment\",\"target\":[\"https:\/\/www.rayuelainfancia.com\/blog\/un-fantasma-con-asma\/#respond\"]}]},{\"@type\":\"Person\",\"@id\":\"https:\/\/www.rayuelainfancia.com\/blog\/#\/schema\/person\/41147ec5e3c2cc1be6e2c4520a099ebb\",\"name\":\"Miguel Escalera Nieto\",\"image\":{\"@type\":\"ImageObject\",\"@id\":\"https:\/\/www.rayuelainfancia.com\/blog\/#personlogo\",\"inLanguage\":\"es\",\"url\":\"https:\/\/secure.gravatar.com\/avatar\/73bd613c804680e46df318e272f0e837?s=96&d=mm&r=g\",\"contentUrl\":\"https:\/\/secure.gravatar.com\/avatar\/73bd613c804680e46df318e272f0e837?s=96&d=mm&r=g\",\"caption\":\"Miguel Escalera Nieto\"}}]}<\/script>\n<!-- \/ Yoast SEO plugin. -->","yoast_head_json":{"title":"UN FANTASMA CON ASMA &#8902; Blog de Rayuelainfancia","robots":{"index":"index","follow":"follow","max-snippet":"max-snippet:-1","max-image-preview":"max-image-preview:large","max-video-preview":"max-video-preview:-1"},"canonical":"https:\/\/www.rayuelainfancia.com\/blog\/un-fantasma-con-asma\/","og_locale":"es_ES","og_type":"article","og_title":"UN FANTASMA CON ASMA &#8902; Blog de Rayuelainfancia","og_description":"&nbsp; &nbsp; &nbsp; &nbsp; COMPRAR EN NUESTRA TIENDA ONLINE \u00abY es que el cari\u00f1o a raudales alivia todos los males\u00bb. As\u00ed finaliza el cuento de la gaditana Carmen Gil y as\u00ed podr\u00eda ser la receta que todos los m\u00e9dicos mandaran a sus pacientes. Eso debi\u00f3 pensar el doctor Godofredo cuando visit\u00f3 al pobre fantasma, que [&hellip;]","og_url":"https:\/\/www.rayuelainfancia.com\/blog\/un-fantasma-con-asma\/","og_site_name":"Blog de Rayuelainfancia","article_publisher":"https:\/\/www.facebook.com\/pages\/Librer\u00eda-Rayuela\/251861686361","article_published_time":"2010-02-21T23:48:08+00:00","article_modified_time":"2016-12-14T09:26:43+00:00","og_image":[{"width":200,"height":216,"url":"https:\/\/www.rayuelainfancia.com\/blog\/wp-content\/uploads\/2010\/02\/fantasma_asma_kalandraka_carmen_gil.jpg","type":"image\/jpeg"}],"twitter_card":"summary","twitter_creator":"@Rayuelainfancia","twitter_site":"@Rayuelainfancia","twitter_misc":{"Written by":"Miguel Escalera Nieto","Est. reading time":"1 minuto"},"schema":{"@context":"https:\/\/schema.org","@graph":[{"@type":"Organization","@id":"https:\/\/www.rayuelainfancia.com\/blog\/#organization","name":"Rayuelainfancia","url":"https:\/\/www.rayuelainfancia.com\/blog\/","sameAs":["https:\/\/www.facebook.com\/pages\/Librer\u00eda-Rayuela\/251861686361","https:\/\/www.youtube.com\/channel\/UCddVaoDjpTp-DexyEVoyazQ","https:\/\/twitter.com\/Rayuelainfancia"],"logo":{"@type":"ImageObject","@id":"https:\/\/www.rayuelainfancia.com\/blog\/#logo","inLanguage":"es","url":"https:\/\/www.rayuelainfancia.com\/blog\/wp-content\/uploads\/2018\/06\/logo-rayuelainfancia-color-corporativo.png","contentUrl":"https:\/\/www.rayuelainfancia.com\/blog\/wp-content\/uploads\/2018\/06\/logo-rayuelainfancia-color-corporativo.png","width":1200,"height":680,"caption":"Rayuelainfancia"},"image":{"@id":"https:\/\/www.rayuelainfancia.com\/blog\/#logo"}},{"@type":"WebSite","@id":"https:\/\/www.rayuelainfancia.com\/blog\/#website","url":"https:\/\/www.rayuelainfancia.com\/blog\/","name":"Blog de Rayuelainfancia","description":"Libros infantiles y juegos educaticos respestuosos con la infancia","publisher":{"@id":"https:\/\/www.rayuelainfancia.com\/blog\/#organization"},"potentialAction":[{"@type":"SearchAction","target":{"@type":"EntryPoint","urlTemplate":"https:\/\/www.rayuelainfancia.com\/blog\/?s={search_term_string}"},"query-input":"required name=search_term_string"}],"inLanguage":"es"},{"@type":"ImageObject","@id":"https:\/\/www.rayuelainfancia.com\/blog\/un-fantasma-con-asma\/#primaryimage","inLanguage":"es","url":"https:\/\/www.rayuelainfancia.com\/blog\/wp-content\/uploads\/2010\/02\/fantasma_asma_kalandraka_carmen_gil.jpg","contentUrl":"https:\/\/www.rayuelainfancia.com\/blog\/wp-content\/uploads\/2010\/02\/fantasma_asma_kalandraka_carmen_gil.jpg","width":200,"height":216,"caption":"fantasma asma kalandraka carmen gil"},{"@type":"WebPage","@id":"https:\/\/www.rayuelainfancia.com\/blog\/un-fantasma-con-asma\/#webpage","url":"https:\/\/www.rayuelainfancia.com\/blog\/un-fantasma-con-asma\/","name":"UN FANTASMA CON ASMA &#8902; Blog de Rayuelainfancia","isPartOf":{"@id":"https:\/\/www.rayuelainfancia.com\/blog\/#website"},"primaryImageOfPage":{"@id":"https:\/\/www.rayuelainfancia.com\/blog\/un-fantasma-con-asma\/#primaryimage"},"datePublished":"2010-02-21T23:48:08+00:00","dateModified":"2016-12-14T09:26:43+00:00","breadcrumb":{"@id":"https:\/\/www.rayuelainfancia.com\/blog\/un-fantasma-con-asma\/#breadcrumb"},"inLanguage":"es","potentialAction":[{"@type":"ReadAction","target":["https:\/\/www.rayuelainfancia.com\/blog\/un-fantasma-con-asma\/"]}]},{"@type":"BreadcrumbList","@id":"https:\/\/www.rayuelainfancia.com\/blog\/un-fantasma-con-asma\/#breadcrumb","itemListElement":[{"@type":"ListItem","position":1,"name":"Portada","item":"https:\/\/www.rayuelainfancia.com\/blog\/"},{"@type":"ListItem","position":2,"name":"UN FANTASMA CON ASMA"}]},{"@type":"Article","@id":"https:\/\/www.rayuelainfancia.com\/blog\/un-fantasma-con-asma\/#article","isPartOf":{"@id":"https:\/\/www.rayuelainfancia.com\/blog\/un-fantasma-con-asma\/#webpage"},"author":{"@id":"https:\/\/www.rayuelainfancia.com\/blog\/#\/schema\/person\/41147ec5e3c2cc1be6e2c4520a099ebb"},"headline":"UN FANTASMA CON ASMA","datePublished":"2010-02-21T23:48:08+00:00","dateModified":"2016-12-14T09:26:43+00:00","mainEntityOfPage":{"@id":"https:\/\/www.rayuelainfancia.com\/blog\/un-fantasma-con-asma\/#webpage"},"wordCount":221,"commentCount":0,"publisher":{"@id":"https:\/\/www.rayuelainfancia.com\/blog\/#organization"},"image":{"@id":"https:\/\/www.rayuelainfancia.com\/blog\/un-fantasma-con-asma\/#primaryimage"},"thumbnailUrl":"https:\/\/www.rayuelainfancia.com\/blog\/wp-content\/uploads\/2010\/02\/fantasma_asma_kalandraka_carmen_gil.jpg","articleSection":["Actividades Cuentacuentos"],"inLanguage":"es","potentialAction":[{"@type":"CommentAction","name":"Comment","target":["https:\/\/www.rayuelainfancia.com\/blog\/un-fantasma-con-asma\/#respond"]}]},{"@type":"Person","@id":"https:\/\/www.rayuelainfancia.com\/blog\/#\/schema\/person\/41147ec5e3c2cc1be6e2c4520a099ebb","name":"Miguel Escalera Nieto","image":{"@type":"ImageObject","@id":"https:\/\/www.rayuelainfancia.com\/blog\/#personlogo","inLanguage":"es","url":"https:\/\/secure.gravatar.com\/avatar\/73bd613c804680e46df318e272f0e837?s=96&d=mm&r=g","contentUrl":"https:\/\/secure.gravatar.com\/avatar\/73bd613c804680e46df318e272f0e837?s=96&d=mm&r=g","caption":"Miguel Escalera Nieto"}}]}},"_links":{"self":[{"href":"https:\/\/www.rayuelainfancia.com\/blog\/wp-json\/wp\/v2\/posts\/151"}],"collection":[{"href":"https:\/\/www.rayuelainfancia.com\/blog\/wp-json\/wp\/v2\/posts"}],"about":[{"href":"https:\/\/www.rayuelainfancia.com\/blog\/wp-json\/wp\/v2\/types\/post"}],"author":[{"embeddable":true,"href":"https:\/\/www.rayuelainfancia.com\/blog\/wp-json\/wp\/v2\/users\/3"}],"replies":[{"embeddable":true,"href":"https:\/\/www.rayuelainfancia.com\/blog\/wp-json\/wp\/v2\/comments?post=151"}],"version-history":[{"count":1,"href":"https:\/\/www.rayuelainfancia.com\/blog\/wp-json\/wp\/v2\/posts\/151\/revisions"}],"predecessor-version":[{"id":1144,"href":"https:\/\/www.rayuelainfancia.com\/blog\/wp-json\/wp\/v2\/posts\/151\/revisions\/1144"}],"wp:featuredmedia":[{"embeddable":true,"href":"https:\/\/www.rayuelainfancia.com\/blog\/wp-json\/wp\/v2\/media\/787"}],"wp:attachment":[{"href":"https:\/\/www.rayuelainfancia.com\/blog\/wp-json\/wp\/v2\/media?parent=151"}],"wp:term":[{"taxonomy":"category","embeddable":true,"href":"https:\/\/www.rayuelainfancia.com\/blog\/wp-json\/wp\/v2\/categories?post=151"},{"taxonomy":"post_tag","embeddable":true,"href":"https:\/\/www.rayuelainfancia.com\/blog\/wp-json\/wp\/v2\/tags?post=151"}],"curies":[{"name":"wp","href":"https:\/\/api.w.org\/{rel}","templated":true}]}}