 {"id":1503,"date":"2017-03-15T10:25:01","date_gmt":"2017-03-15T09:25:01","guid":{"rendered":"http:\/\/www.rayuelainfancia.com\/blog\/?p=1503"},"modified":"2017-03-15T11:03:57","modified_gmt":"2017-03-15T10:03:57","slug":"la-biblioteca-ambulante-gloria-fuertes","status":"publish","type":"post","link":"https:\/\/www.rayuelainfancia.com\/blog\/la-biblioteca-ambulante-gloria-fuertes\/","title":{"rendered":"LA BIBLIOTECA AMBULANTE DE GLORIA FUERTES"},"content":{"rendered":"<p style=\"text-align: justify;\">S\u00c1BADO 18, A LAS 12:00 EN RAYUELA. \u00a1Ni\u00f1aaas y ni\u00f1ooos, acercaos a Rayuela. La biblioteca ambulante de GLORIA FUERTES, ya est\u00e1 aqu\u00ed! Trae cuentos, poemas y mucha diversi\u00f3n.<\/p>\n<p><!--more--><\/p>\n<p style=\"text-align: justify;\">Hace tiempo, Gloria Fuertes viajaba por los pueblos que no ten\u00edan bibliotecas\u00a0 para hacer lecturas p\u00fablicas de cuentos y poemas.\u00a0 En este a\u00f1o, con motivo del centenario de su nacimiento, queremos poner en valor su obra y su persona, de la mano y con la voz de Jhon Ardila.<\/p>\n<p style=\"text-align: justify;\">\u00a1Venid, venid, lo pasaremos en grande!<\/p>\n","protected":false},"excerpt":{"rendered":"<p>S\u00c1BADO 18, A LAS 12:00 EN RAYUELA. \u00a1Ni\u00f1aaas y ni\u00f1ooos, acercaos a Rayuela. La biblioteca ambulante de GLORIA FUERTES, ya est\u00e1 aqu\u00ed! Trae cuentos, poemas y mucha diversi\u00f3n.<\/p>\n","protected":false},"author":6,"featured_media":1504,"comment_status":"open","ping_status":"open","sticky":false,"template":"","format":"standard","meta":[],"categories":[18],"tags":[],"yoast_head":"<!-- This site is optimized with the Yoast SEO plugin v18.5.1 - https:\/\/yoast.com\/wordpress\/plugins\/seo\/ -->\n<title>LA BIBLIOTECA AMBULANTE DE GLORIA FUERTES &#8902; Blog de Rayuelainfancia<\/title>\n<meta name=\"robots\" content=\"index, follow, max-snippet:-1, max-image-preview:large, max-video-preview:-1\" \/>\n<link rel=\"canonical\" href=\"https:\/\/www.rayuelainfancia.com\/blog\/la-biblioteca-ambulante-gloria-fuertes\/\" \/>\n<meta property=\"og:locale\" content=\"es_ES\" \/>\n<meta property=\"og:type\" content=\"article\" \/>\n<meta property=\"og:title\" content=\"LA BIBLIOTECA AMBULANTE DE GLORIA FUERTES &#8902; Blog de Rayuelainfancia\" \/>\n<meta property=\"og:description\" content=\"S\u00c1BADO 18, A LAS 12:00 EN RAYUELA. \u00a1Ni\u00f1aaas y ni\u00f1ooos, acercaos a Rayuela. La biblioteca ambulante de GLORIA FUERTES, ya est\u00e1 aqu\u00ed! Trae cuentos, poemas y mucha diversi\u00f3n.\" \/>\n<meta property=\"og:url\" content=\"https:\/\/www.rayuelainfancia.com\/blog\/la-biblioteca-ambulante-gloria-fuertes\/\" \/>\n<meta property=\"og:site_name\" content=\"Blog de Rayuelainfancia\" \/>\n<meta property=\"article:publisher\" content=\"https:\/\/www.facebook.com\/pages\/Librer\u00eda-Rayuela\/251861686361\" \/>\n<meta property=\"article:published_time\" content=\"2017-03-15T09:25:01+00:00\" \/>\n<meta property=\"article:modified_time\" content=\"2017-03-15T10:03:57+00:00\" \/>\n<meta property=\"og:image\" content=\"https:\/\/www.rayuelainfancia.com\/blog\/wp-content\/uploads\/2017\/03\/web-gloria-fuertes.jpg\" \/>\n\t<meta property=\"og:image:width\" content=\"2501\" \/>\n\t<meta property=\"og:image:height\" content=\"1757\" \/>\n\t<meta property=\"og:image:type\" content=\"image\/jpeg\" \/>\n<meta name=\"twitter:card\" content=\"summary\" \/>\n<meta name=\"twitter:creator\" content=\"@Rayuelainfancia\" \/>\n<meta name=\"twitter:site\" content=\"@Rayuelainfancia\" \/>\n<meta name=\"twitter:label1\" content=\"Written by\" \/>\n\t<meta name=\"twitter:data1\" content=\"Rayuelainfancia\" \/>\n<script type=\"application\/ld+json\" class=\"yoast-schema-graph\">{\"@context\":\"https:\/\/schema.org\",\"@graph\":[{\"@type\":\"Organization\",\"@id\":\"https:\/\/www.rayuelainfancia.com\/blog\/#organization\",\"name\":\"Rayuelainfancia\",\"url\":\"https:\/\/www.rayuelainfancia.com\/blog\/\",\"sameAs\":[\"https:\/\/www.facebook.com\/pages\/Librer\u00eda-Rayuela\/251861686361\",\"https:\/\/www.youtube.com\/channel\/UCddVaoDjpTp-DexyEVoyazQ\",\"https:\/\/twitter.com\/Rayuelainfancia\"],\"logo\":{\"@type\":\"ImageObject\",\"@id\":\"https:\/\/www.rayuelainfancia.com\/blog\/#logo\",\"inLanguage\":\"es\",\"url\":\"https:\/\/www.rayuelainfancia.com\/blog\/wp-content\/uploads\/2018\/06\/logo-rayuelainfancia-color-corporativo.png\",\"contentUrl\":\"https:\/\/www.rayuelainfancia.com\/blog\/wp-content\/uploads\/2018\/06\/logo-rayuelainfancia-color-corporativo.png\",\"width\":1200,\"height\":680,\"caption\":\"Rayuelainfancia\"},\"image\":{\"@id\":\"https:\/\/www.rayuelainfancia.com\/blog\/#logo\"}},{\"@type\":\"WebSite\",\"@id\":\"https:\/\/www.rayuelainfancia.com\/blog\/#website\",\"url\":\"https:\/\/www.rayuelainfancia.com\/blog\/\",\"name\":\"Blog de Rayuelainfancia\",\"description\":\"Libros infantiles y juegos educaticos respestuosos con la infancia\",\"publisher\":{\"@id\":\"https:\/\/www.rayuelainfancia.com\/blog\/#organization\"},\"potentialAction\":[{\"@type\":\"SearchAction\",\"target\":{\"@type\":\"EntryPoint\",\"urlTemplate\":\"https:\/\/www.rayuelainfancia.com\/blog\/?s={search_term_string}\"},\"query-input\":\"required name=search_term_string\"}],\"inLanguage\":\"es\"},{\"@type\":\"ImageObject\",\"@id\":\"https:\/\/www.rayuelainfancia.com\/blog\/la-biblioteca-ambulante-gloria-fuertes\/#primaryimage\",\"inLanguage\":\"es\",\"url\":\"https:\/\/www.rayuelainfancia.com\/blog\/wp-content\/uploads\/2017\/03\/web-gloria-fuertes.jpg\",\"contentUrl\":\"https:\/\/www.rayuelainfancia.com\/blog\/wp-content\/uploads\/2017\/03\/web-gloria-fuertes.jpg\",\"width\":2501,\"height\":1757},{\"@type\":\"WebPage\",\"@id\":\"https:\/\/www.rayuelainfancia.com\/blog\/la-biblioteca-ambulante-gloria-fuertes\/#webpage\",\"url\":\"https:\/\/www.rayuelainfancia.com\/blog\/la-biblioteca-ambulante-gloria-fuertes\/\",\"name\":\"LA BIBLIOTECA AMBULANTE DE GLORIA FUERTES &#8902; Blog de Rayuelainfancia\",\"isPartOf\":{\"@id\":\"https:\/\/www.rayuelainfancia.com\/blog\/#website\"},\"primaryImageOfPage\":{\"@id\":\"https:\/\/www.rayuelainfancia.com\/blog\/la-biblioteca-ambulante-gloria-fuertes\/#primaryimage\"},\"datePublished\":\"2017-03-15T09:25:01+00:00\",\"dateModified\":\"2017-03-15T10:03:57+00:00\",\"breadcrumb\":{\"@id\":\"https:\/\/www.rayuelainfancia.com\/blog\/la-biblioteca-ambulante-gloria-fuertes\/#breadcrumb\"},\"inLanguage\":\"es\",\"potentialAction\":[{\"@type\":\"ReadAction\",\"target\":[\"https:\/\/www.rayuelainfancia.com\/blog\/la-biblioteca-ambulante-gloria-fuertes\/\"]}]},{\"@type\":\"BreadcrumbList\",\"@id\":\"https:\/\/www.rayuelainfancia.com\/blog\/la-biblioteca-ambulante-gloria-fuertes\/#breadcrumb\",\"itemListElement\":[{\"@type\":\"ListItem\",\"position\":1,\"name\":\"Portada\",\"item\":\"https:\/\/www.rayuelainfancia.com\/blog\/\"},{\"@type\":\"ListItem\",\"position\":2,\"name\":\"LA BIBLIOTECA AMBULANTE DE GLORIA FUERTES\"}]},{\"@type\":\"Article\",\"@id\":\"https:\/\/www.rayuelainfancia.com\/blog\/la-biblioteca-ambulante-gloria-fuertes\/#article\",\"isPartOf\":{\"@id\":\"https:\/\/www.rayuelainfancia.com\/blog\/la-biblioteca-ambulante-gloria-fuertes\/#webpage\"},\"author\":{\"@id\":\"https:\/\/www.rayuelainfancia.com\/blog\/#\/schema\/person\/c1aff250c5154e35f53f26d0eba10c45\"},\"headline\":\"LA BIBLIOTECA AMBULANTE DE GLORIA FUERTES\",\"datePublished\":\"2017-03-15T09:25:01+00:00\",\"dateModified\":\"2017-03-15T10:03:57+00:00\",\"mainEntityOfPage\":{\"@id\":\"https:\/\/www.rayuelainfancia.com\/blog\/la-biblioteca-ambulante-gloria-fuertes\/#webpage\"},\"wordCount\":94,\"commentCount\":0,\"publisher\":{\"@id\":\"https:\/\/www.rayuelainfancia.com\/blog\/#organization\"},\"image\":{\"@id\":\"https:\/\/www.rayuelainfancia.com\/blog\/la-biblioteca-ambulante-gloria-fuertes\/#primaryimage\"},\"thumbnailUrl\":\"https:\/\/www.rayuelainfancia.com\/blog\/wp-content\/uploads\/2017\/03\/web-gloria-fuertes.jpg\",\"articleSection\":[\"Actividades Cuentacuentos\"],\"inLanguage\":\"es\",\"potentialAction\":[{\"@type\":\"CommentAction\",\"name\":\"Comment\",\"target\":[\"https:\/\/www.rayuelainfancia.com\/blog\/la-biblioteca-ambulante-gloria-fuertes\/#respond\"]}]},{\"@type\":\"Person\",\"@id\":\"https:\/\/www.rayuelainfancia.com\/blog\/#\/schema\/person\/c1aff250c5154e35f53f26d0eba10c45\",\"name\":\"Rayuelainfancia\",\"image\":{\"@type\":\"ImageObject\",\"@id\":\"https:\/\/www.rayuelainfancia.com\/blog\/#personlogo\",\"inLanguage\":\"es\",\"url\":\"https:\/\/secure.gravatar.com\/avatar\/8bf03e7a4bb13ca5c7d0dc6acde2bfd1?s=96&d=mm&r=g\",\"contentUrl\":\"https:\/\/secure.gravatar.com\/avatar\/8bf03e7a4bb13ca5c7d0dc6acde2bfd1?s=96&d=mm&r=g\",\"caption\":\"Rayuelainfancia\"}}]}<\/script>\n<!-- \/ Yoast SEO plugin. -->","yoast_head_json":{"title":"LA BIBLIOTECA AMBULANTE DE GLORIA FUERTES &#8902; Blog de Rayuelainfancia","robots":{"index":"index","follow":"follow","max-snippet":"max-snippet:-1","max-image-preview":"max-image-preview:large","max-video-preview":"max-video-preview:-1"},"canonical":"https:\/\/www.rayuelainfancia.com\/blog\/la-biblioteca-ambulante-gloria-fuertes\/","og_locale":"es_ES","og_type":"article","og_title":"LA BIBLIOTECA AMBULANTE DE GLORIA FUERTES &#8902; Blog de Rayuelainfancia","og_description":"S\u00c1BADO 18, A LAS 12:00 EN RAYUELA. \u00a1Ni\u00f1aaas y ni\u00f1ooos, acercaos a Rayuela. La biblioteca ambulante de GLORIA FUERTES, ya est\u00e1 aqu\u00ed! Trae cuentos, poemas y mucha diversi\u00f3n.","og_url":"https:\/\/www.rayuelainfancia.com\/blog\/la-biblioteca-ambulante-gloria-fuertes\/","og_site_name":"Blog de Rayuelainfancia","article_publisher":"https:\/\/www.facebook.com\/pages\/Librer\u00eda-Rayuela\/251861686361","article_published_time":"2017-03-15T09:25:01+00:00","article_modified_time":"2017-03-15T10:03:57+00:00","og_image":[{"width":2501,"height":1757,"url":"https:\/\/www.rayuelainfancia.com\/blog\/wp-content\/uploads\/2017\/03\/web-gloria-fuertes.jpg","type":"image\/jpeg"}],"twitter_card":"summary","twitter_creator":"@Rayuelainfancia","twitter_site":"@Rayuelainfancia","twitter_misc":{"Written by":"Rayuelainfancia"},"schema":{"@context":"https:\/\/schema.org","@graph":[{"@type":"Organization","@id":"https:\/\/www.rayuelainfancia.com\/blog\/#organization","name":"Rayuelainfancia","url":"https:\/\/www.rayuelainfancia.com\/blog\/","sameAs":["https:\/\/www.facebook.com\/pages\/Librer\u00eda-Rayuela\/251861686361","https:\/\/www.youtube.com\/channel\/UCddVaoDjpTp-DexyEVoyazQ","https:\/\/twitter.com\/Rayuelainfancia"],"logo":{"@type":"ImageObject","@id":"https:\/\/www.rayuelainfancia.com\/blog\/#logo","inLanguage":"es","url":"https:\/\/www.rayuelainfancia.com\/blog\/wp-content\/uploads\/2018\/06\/logo-rayuelainfancia-color-corporativo.png","contentUrl":"https:\/\/www.rayuelainfancia.com\/blog\/wp-content\/uploads\/2018\/06\/logo-rayuelainfancia-color-corporativo.png","width":1200,"height":680,"caption":"Rayuelainfancia"},"image":{"@id":"https:\/\/www.rayuelainfancia.com\/blog\/#logo"}},{"@type":"WebSite","@id":"https:\/\/www.rayuelainfancia.com\/blog\/#website","url":"https:\/\/www.rayuelainfancia.com\/blog\/","name":"Blog de Rayuelainfancia","description":"Libros infantiles y juegos educaticos respestuosos con la infancia","publisher":{"@id":"https:\/\/www.rayuelainfancia.com\/blog\/#organization"},"potentialAction":[{"@type":"SearchAction","target":{"@type":"EntryPoint","urlTemplate":"https:\/\/www.rayuelainfancia.com\/blog\/?s={search_term_string}"},"query-input":"required name=search_term_string"}],"inLanguage":"es"},{"@type":"ImageObject","@id":"https:\/\/www.rayuelainfancia.com\/blog\/la-biblioteca-ambulante-gloria-fuertes\/#primaryimage","inLanguage":"es","url":"https:\/\/www.rayuelainfancia.com\/blog\/wp-content\/uploads\/2017\/03\/web-gloria-fuertes.jpg","contentUrl":"https:\/\/www.rayuelainfancia.com\/blog\/wp-content\/uploads\/2017\/03\/web-gloria-fuertes.jpg","width":2501,"height":1757},{"@type":"WebPage","@id":"https:\/\/www.rayuelainfancia.com\/blog\/la-biblioteca-ambulante-gloria-fuertes\/#webpage","url":"https:\/\/www.rayuelainfancia.com\/blog\/la-biblioteca-ambulante-gloria-fuertes\/","name":"LA BIBLIOTECA AMBULANTE DE GLORIA FUERTES &#8902; Blog de Rayuelainfancia","isPartOf":{"@id":"https:\/\/www.rayuelainfancia.com\/blog\/#website"},"primaryImageOfPage":{"@id":"https:\/\/www.rayuelainfancia.com\/blog\/la-biblioteca-ambulante-gloria-fuertes\/#primaryimage"},"datePublished":"2017-03-15T09:25:01+00:00","dateModified":"2017-03-15T10:03:57+00:00","breadcrumb":{"@id":"https:\/\/www.rayuelainfancia.com\/blog\/la-biblioteca-ambulante-gloria-fuertes\/#breadcrumb"},"inLanguage":"es","potentialAction":[{"@type":"ReadAction","target":["https:\/\/www.rayuelainfancia.com\/blog\/la-biblioteca-ambulante-gloria-fuertes\/"]}]},{"@type":"BreadcrumbList","@id":"https:\/\/www.rayuelainfancia.com\/blog\/la-biblioteca-ambulante-gloria-fuertes\/#breadcrumb","itemListElement":[{"@type":"ListItem","position":1,"name":"Portada","item":"https:\/\/www.rayuelainfancia.com\/blog\/"},{"@type":"ListItem","position":2,"name":"LA BIBLIOTECA AMBULANTE DE GLORIA FUERTES"}]},{"@type":"Article","@id":"https:\/\/www.rayuelainfancia.com\/blog\/la-biblioteca-ambulante-gloria-fuertes\/#article","isPartOf":{"@id":"https:\/\/www.rayuelainfancia.com\/blog\/la-biblioteca-ambulante-gloria-fuertes\/#webpage"},"author":{"@id":"https:\/\/www.rayuelainfancia.com\/blog\/#\/schema\/person\/c1aff250c5154e35f53f26d0eba10c45"},"headline":"LA BIBLIOTECA AMBULANTE DE GLORIA FUERTES","datePublished":"2017-03-15T09:25:01+00:00","dateModified":"2017-03-15T10:03:57+00:00","mainEntityOfPage":{"@id":"https:\/\/www.rayuelainfancia.com\/blog\/la-biblioteca-ambulante-gloria-fuertes\/#webpage"},"wordCount":94,"commentCount":0,"publisher":{"@id":"https:\/\/www.rayuelainfancia.com\/blog\/#organization"},"image":{"@id":"https:\/\/www.rayuelainfancia.com\/blog\/la-biblioteca-ambulante-gloria-fuertes\/#primaryimage"},"thumbnailUrl":"https:\/\/www.rayuelainfancia.com\/blog\/wp-content\/uploads\/2017\/03\/web-gloria-fuertes.jpg","articleSection":["Actividades Cuentacuentos"],"inLanguage":"es","potentialAction":[{"@type":"CommentAction","name":"Comment","target":["https:\/\/www.rayuelainfancia.com\/blog\/la-biblioteca-ambulante-gloria-fuertes\/#respond"]}]},{"@type":"Person","@id":"https:\/\/www.rayuelainfancia.com\/blog\/#\/schema\/person\/c1aff250c5154e35f53f26d0eba10c45","name":"Rayuelainfancia","image":{"@type":"ImageObject","@id":"https:\/\/www.rayuelainfancia.com\/blog\/#personlogo","inLanguage":"es","url":"https:\/\/secure.gravatar.com\/avatar\/8bf03e7a4bb13ca5c7d0dc6acde2bfd1?s=96&d=mm&r=g","contentUrl":"https:\/\/secure.gravatar.com\/avatar\/8bf03e7a4bb13ca5c7d0dc6acde2bfd1?s=96&d=mm&r=g","caption":"Rayuelainfancia"}}]}},"_links":{"self":[{"href":"https:\/\/www.rayuelainfancia.com\/blog\/wp-json\/wp\/v2\/posts\/1503"}],"collection":[{"href":"https:\/\/www.rayuelainfancia.com\/blog\/wp-json\/wp\/v2\/posts"}],"about":[{"href":"https:\/\/www.rayuelainfancia.com\/blog\/wp-json\/wp\/v2\/types\/post"}],"author":[{"embeddable":true,"href":"https:\/\/www.rayuelainfancia.com\/blog\/wp-json\/wp\/v2\/users\/6"}],"replies":[{"embeddable":true,"href":"https:\/\/www.rayuelainfancia.com\/blog\/wp-json\/wp\/v2\/comments?post=1503"}],"version-history":[{"count":5,"href":"https:\/\/www.rayuelainfancia.com\/blog\/wp-json\/wp\/v2\/posts\/1503\/revisions"}],"predecessor-version":[{"id":1508,"href":"https:\/\/www.rayuelainfancia.com\/blog\/wp-json\/wp\/v2\/posts\/1503\/revisions\/1508"}],"wp:featuredmedia":[{"embeddable":true,"href":"https:\/\/www.rayuelainfancia.com\/blog\/wp-json\/wp\/v2\/media\/1504"}],"wp:attachment":[{"href":"https:\/\/www.rayuelainfancia.com\/blog\/wp-json\/wp\/v2\/media?parent=1503"}],"wp:term":[{"taxonomy":"category","embeddable":true,"href":"https:\/\/www.rayuelainfancia.com\/blog\/wp-json\/wp\/v2\/categories?post=1503"},{"taxonomy":"post_tag","embeddable":true,"href":"https:\/\/www.rayuelainfancia.com\/blog\/wp-json\/wp\/v2\/tags?post=1503"}],"curies":[{"name":"wp","href":"https:\/\/api.w.org\/{rel}","templated":true}]}}