 {"id":1485,"date":"2017-03-07T19:27:45","date_gmt":"2017-03-07T18:27:45","guid":{"rendered":"http:\/\/www.rayuelainfancia.com\/blog\/?p=1485"},"modified":"2017-03-07T19:31:53","modified_gmt":"2017-03-07T18:31:53","slug":"las-ninas-los-ninos-cuentan-x-edicion","status":"publish","type":"post","link":"https:\/\/www.rayuelainfancia.com\/blog\/las-ninas-los-ninos-cuentan-x-edicion\/","title":{"rendered":"LAS NI\u00d1AS Y LOS NI\u00d1OS CUENTAN. X EDICI\u00d3N"},"content":{"rendered":"<p>AP\u00daNTATE YAAAA a esta actividad de narraci\u00f3n oral que estamos preparando para el S\u00c1BADO 1 de ABRIL a las 12:00. en conmemoraci\u00f3n de \u201cEl d\u00eda internacional del libro infantil y juvenil\u201d.<\/p>\n<p><!--more--><\/p>\n<p>Escr\u00edbenos a <a class=\"moz-txt-link-abbreviated\" href=\"mailto:actividades@rayuelainfancia.com\">actividades@rayuelainfancia.com<\/a> y d\u00e9janos tu nombre, edad, tel\u00e9fono y, si ya lo sabes, el cuento que vas a contar.<\/p>\n<p>Cu\u00e9ntanos un cuento, por favoooor\u2026 T\u00fa tienes la palabra ese d\u00eda y t\u00fa eres el\/la protagonista.<\/p>\n<p>\u2013 Puedes contarnos un cuento solo-a, en compa\u00f1\u00eda (un amigo-a, una abuela-o, un padre, una madre, un t\u00edo, etc\u2026)<br \/>\n\u2013 Tambi\u00e9n puedes contarnos un cuento ayud\u00e1ndote de dibujos, marionetas, musiquilla, libros, etc\u2026<br \/>\n\u2013 En el escenario contando podr\u00e1s estar unos diez minutos. Esto te ayudar\u00e1 a preparar y elegir la historia que quieres contar.<br \/>\n\u2013 Puedes usar el libro (en el caso de que exista) en el que tu cuento est\u00e1 escrito, y pasar las p\u00e1ginas ense\u00f1ando las ilustraciones a la vez que lo cuentas, pero NO PUEDES LEERLO. Nos lo tienes que contar.<\/p>\n<p>Os dejamos un video de la pasada edici\u00f3n:<\/p>\n<p><iframe loading=\"lazy\" src=\"https:\/\/www.youtube.com\/embed\/-FTYXTCBBtI?rel=0&amp;showinfo=0\" width=\"853\" height=\"480\" frameborder=\"0\" allowfullscreen=\"allowfullscreen\"><\/iframe><\/p>\n","protected":false},"excerpt":{"rendered":"<p>AP\u00daNTATE YAAAA a esta actividad de narraci\u00f3n oral que estamos preparando para el S\u00c1BADO 1 de ABRIL a las 12:00. en conmemoraci\u00f3n de \u201cEl d\u00eda internacional del libro infantil y juvenil\u201d.<\/p>\n","protected":false},"author":6,"featured_media":1493,"comment_status":"open","ping_status":"open","sticky":false,"template":"","format":"video","meta":[],"categories":[18],"tags":[],"yoast_head":"<!-- This site is optimized with the Yoast SEO plugin v18.5.1 - https:\/\/yoast.com\/wordpress\/plugins\/seo\/ -->\n<title>LAS NI\u00d1AS Y LOS NI\u00d1OS CUENTAN. X EDICI\u00d3N &#8902; Blog de Rayuelainfancia<\/title>\n<meta name=\"robots\" content=\"index, follow, max-snippet:-1, max-image-preview:large, max-video-preview:-1\" \/>\n<link rel=\"canonical\" href=\"https:\/\/www.rayuelainfancia.com\/blog\/las-ninas-los-ninos-cuentan-x-edicion\/\" \/>\n<meta property=\"og:locale\" content=\"es_ES\" \/>\n<meta property=\"og:type\" content=\"article\" \/>\n<meta property=\"og:title\" content=\"LAS NI\u00d1AS Y LOS NI\u00d1OS CUENTAN. X EDICI\u00d3N &#8902; Blog de Rayuelainfancia\" \/>\n<meta property=\"og:description\" content=\"AP\u00daNTATE YAAAA a esta actividad de narraci\u00f3n oral que estamos preparando para el S\u00c1BADO 1 de ABRIL a las 12:00. en conmemoraci\u00f3n de \u201cEl d\u00eda internacional del libro infantil y juvenil\u201d.\" \/>\n<meta property=\"og:url\" content=\"https:\/\/www.rayuelainfancia.com\/blog\/las-ninas-los-ninos-cuentan-x-edicion\/\" \/>\n<meta property=\"og:site_name\" content=\"Blog de Rayuelainfancia\" \/>\n<meta property=\"article:publisher\" content=\"https:\/\/www.facebook.com\/pages\/Librer\u00eda-Rayuela\/251861686361\" \/>\n<meta property=\"article:published_time\" content=\"2017-03-07T18:27:45+00:00\" \/>\n<meta property=\"article:modified_time\" content=\"2017-03-07T18:31:53+00:00\" \/>\n<meta property=\"og:image\" content=\"https:\/\/www.rayuelainfancia.com\/blog\/wp-content\/uploads\/2017\/03\/ninos-ninas-cuentan.jpg\" \/>\n\t<meta property=\"og:image:width\" content=\"849\" \/>\n\t<meta property=\"og:image:height\" content=\"438\" \/>\n\t<meta property=\"og:image:type\" content=\"image\/jpeg\" \/>\n<meta name=\"twitter:card\" content=\"summary\" \/>\n<meta name=\"twitter:creator\" content=\"@Rayuelainfancia\" \/>\n<meta name=\"twitter:site\" content=\"@Rayuelainfancia\" \/>\n<meta name=\"twitter:label1\" content=\"Written by\" \/>\n\t<meta name=\"twitter:data1\" content=\"Rayuelainfancia\" \/>\n\t<meta name=\"twitter:label2\" content=\"Est. reading time\" \/>\n\t<meta name=\"twitter:data2\" content=\"1 minuto\" \/>\n<script type=\"application\/ld+json\" class=\"yoast-schema-graph\">{\"@context\":\"https:\/\/schema.org\",\"@graph\":[{\"@type\":\"Organization\",\"@id\":\"https:\/\/www.rayuelainfancia.com\/blog\/#organization\",\"name\":\"Rayuelainfancia\",\"url\":\"https:\/\/www.rayuelainfancia.com\/blog\/\",\"sameAs\":[\"https:\/\/www.facebook.com\/pages\/Librer\u00eda-Rayuela\/251861686361\",\"https:\/\/www.youtube.com\/channel\/UCddVaoDjpTp-DexyEVoyazQ\",\"https:\/\/twitter.com\/Rayuelainfancia\"],\"logo\":{\"@type\":\"ImageObject\",\"@id\":\"https:\/\/www.rayuelainfancia.com\/blog\/#logo\",\"inLanguage\":\"es\",\"url\":\"https:\/\/www.rayuelainfancia.com\/blog\/wp-content\/uploads\/2018\/06\/logo-rayuelainfancia-color-corporativo.png\",\"contentUrl\":\"https:\/\/www.rayuelainfancia.com\/blog\/wp-content\/uploads\/2018\/06\/logo-rayuelainfancia-color-corporativo.png\",\"width\":1200,\"height\":680,\"caption\":\"Rayuelainfancia\"},\"image\":{\"@id\":\"https:\/\/www.rayuelainfancia.com\/blog\/#logo\"}},{\"@type\":\"WebSite\",\"@id\":\"https:\/\/www.rayuelainfancia.com\/blog\/#website\",\"url\":\"https:\/\/www.rayuelainfancia.com\/blog\/\",\"name\":\"Blog de Rayuelainfancia\",\"description\":\"Libros infantiles y juegos educaticos respestuosos con la infancia\",\"publisher\":{\"@id\":\"https:\/\/www.rayuelainfancia.com\/blog\/#organization\"},\"potentialAction\":[{\"@type\":\"SearchAction\",\"target\":{\"@type\":\"EntryPoint\",\"urlTemplate\":\"https:\/\/www.rayuelainfancia.com\/blog\/?s={search_term_string}\"},\"query-input\":\"required name=search_term_string\"}],\"inLanguage\":\"es\"},{\"@type\":\"ImageObject\",\"@id\":\"https:\/\/www.rayuelainfancia.com\/blog\/las-ninas-los-ninos-cuentan-x-edicion\/#primaryimage\",\"inLanguage\":\"es\",\"url\":\"https:\/\/www.rayuelainfancia.com\/blog\/wp-content\/uploads\/2017\/03\/ninos-ninas-cuentan.jpg\",\"contentUrl\":\"https:\/\/www.rayuelainfancia.com\/blog\/wp-content\/uploads\/2017\/03\/ninos-ninas-cuentan.jpg\",\"width\":849,\"height\":438,\"caption\":\"Las ni\u00f1as y los ni\u00f1os cuentan en Rayuela\"},{\"@type\":\"WebPage\",\"@id\":\"https:\/\/www.rayuelainfancia.com\/blog\/las-ninas-los-ninos-cuentan-x-edicion\/#webpage\",\"url\":\"https:\/\/www.rayuelainfancia.com\/blog\/las-ninas-los-ninos-cuentan-x-edicion\/\",\"name\":\"LAS NI\u00d1AS Y LOS NI\u00d1OS CUENTAN. X EDICI\u00d3N &#8902; Blog de Rayuelainfancia\",\"isPartOf\":{\"@id\":\"https:\/\/www.rayuelainfancia.com\/blog\/#website\"},\"primaryImageOfPage\":{\"@id\":\"https:\/\/www.rayuelainfancia.com\/blog\/las-ninas-los-ninos-cuentan-x-edicion\/#primaryimage\"},\"datePublished\":\"2017-03-07T18:27:45+00:00\",\"dateModified\":\"2017-03-07T18:31:53+00:00\",\"breadcrumb\":{\"@id\":\"https:\/\/www.rayuelainfancia.com\/blog\/las-ninas-los-ninos-cuentan-x-edicion\/#breadcrumb\"},\"inLanguage\":\"es\",\"potentialAction\":[{\"@type\":\"ReadAction\",\"target\":[\"https:\/\/www.rayuelainfancia.com\/blog\/las-ninas-los-ninos-cuentan-x-edicion\/\"]}]},{\"@type\":\"BreadcrumbList\",\"@id\":\"https:\/\/www.rayuelainfancia.com\/blog\/las-ninas-los-ninos-cuentan-x-edicion\/#breadcrumb\",\"itemListElement\":[{\"@type\":\"ListItem\",\"position\":1,\"name\":\"Portada\",\"item\":\"https:\/\/www.rayuelainfancia.com\/blog\/\"},{\"@type\":\"ListItem\",\"position\":2,\"name\":\"LAS NI\u00d1AS Y LOS NI\u00d1OS CUENTAN. X EDICI\u00d3N\"}]},{\"@type\":\"Article\",\"@id\":\"https:\/\/www.rayuelainfancia.com\/blog\/las-ninas-los-ninos-cuentan-x-edicion\/#article\",\"isPartOf\":{\"@id\":\"https:\/\/www.rayuelainfancia.com\/blog\/las-ninas-los-ninos-cuentan-x-edicion\/#webpage\"},\"author\":{\"@id\":\"https:\/\/www.rayuelainfancia.com\/blog\/#\/schema\/person\/c1aff250c5154e35f53f26d0eba10c45\"},\"headline\":\"LAS NI\u00d1AS Y LOS NI\u00d1OS CUENTAN. X EDICI\u00d3N\",\"datePublished\":\"2017-03-07T18:27:45+00:00\",\"dateModified\":\"2017-03-07T18:31:53+00:00\",\"mainEntityOfPage\":{\"@id\":\"https:\/\/www.rayuelainfancia.com\/blog\/las-ninas-los-ninos-cuentan-x-edicion\/#webpage\"},\"wordCount\":195,\"commentCount\":0,\"publisher\":{\"@id\":\"https:\/\/www.rayuelainfancia.com\/blog\/#organization\"},\"image\":{\"@id\":\"https:\/\/www.rayuelainfancia.com\/blog\/las-ninas-los-ninos-cuentan-x-edicion\/#primaryimage\"},\"thumbnailUrl\":\"https:\/\/www.rayuelainfancia.com\/blog\/wp-content\/uploads\/2017\/03\/ninos-ninas-cuentan.jpg\",\"articleSection\":[\"Actividades Cuentacuentos\"],\"inLanguage\":\"es\",\"potentialAction\":[{\"@type\":\"CommentAction\",\"name\":\"Comment\",\"target\":[\"https:\/\/www.rayuelainfancia.com\/blog\/las-ninas-los-ninos-cuentan-x-edicion\/#respond\"]}]},{\"@type\":\"Person\",\"@id\":\"https:\/\/www.rayuelainfancia.com\/blog\/#\/schema\/person\/c1aff250c5154e35f53f26d0eba10c45\",\"name\":\"Rayuelainfancia\",\"image\":{\"@type\":\"ImageObject\",\"@id\":\"https:\/\/www.rayuelainfancia.com\/blog\/#personlogo\",\"inLanguage\":\"es\",\"url\":\"https:\/\/secure.gravatar.com\/avatar\/8bf03e7a4bb13ca5c7d0dc6acde2bfd1?s=96&d=mm&r=g\",\"contentUrl\":\"https:\/\/secure.gravatar.com\/avatar\/8bf03e7a4bb13ca5c7d0dc6acde2bfd1?s=96&d=mm&r=g\",\"caption\":\"Rayuelainfancia\"}}]}<\/script>\n<!-- \/ Yoast SEO plugin. -->","yoast_head_json":{"title":"LAS NI\u00d1AS Y LOS NI\u00d1OS CUENTAN. X EDICI\u00d3N &#8902; Blog de Rayuelainfancia","robots":{"index":"index","follow":"follow","max-snippet":"max-snippet:-1","max-image-preview":"max-image-preview:large","max-video-preview":"max-video-preview:-1"},"canonical":"https:\/\/www.rayuelainfancia.com\/blog\/las-ninas-los-ninos-cuentan-x-edicion\/","og_locale":"es_ES","og_type":"article","og_title":"LAS NI\u00d1AS Y LOS NI\u00d1OS CUENTAN. X EDICI\u00d3N &#8902; Blog de Rayuelainfancia","og_description":"AP\u00daNTATE YAAAA a esta actividad de narraci\u00f3n oral que estamos preparando para el S\u00c1BADO 1 de ABRIL a las 12:00. en conmemoraci\u00f3n de \u201cEl d\u00eda internacional del libro infantil y juvenil\u201d.","og_url":"https:\/\/www.rayuelainfancia.com\/blog\/las-ninas-los-ninos-cuentan-x-edicion\/","og_site_name":"Blog de Rayuelainfancia","article_publisher":"https:\/\/www.facebook.com\/pages\/Librer\u00eda-Rayuela\/251861686361","article_published_time":"2017-03-07T18:27:45+00:00","article_modified_time":"2017-03-07T18:31:53+00:00","og_image":[{"width":849,"height":438,"url":"https:\/\/www.rayuelainfancia.com\/blog\/wp-content\/uploads\/2017\/03\/ninos-ninas-cuentan.jpg","type":"image\/jpeg"}],"twitter_card":"summary","twitter_creator":"@Rayuelainfancia","twitter_site":"@Rayuelainfancia","twitter_misc":{"Written by":"Rayuelainfancia","Est. reading time":"1 minuto"},"schema":{"@context":"https:\/\/schema.org","@graph":[{"@type":"Organization","@id":"https:\/\/www.rayuelainfancia.com\/blog\/#organization","name":"Rayuelainfancia","url":"https:\/\/www.rayuelainfancia.com\/blog\/","sameAs":["https:\/\/www.facebook.com\/pages\/Librer\u00eda-Rayuela\/251861686361","https:\/\/www.youtube.com\/channel\/UCddVaoDjpTp-DexyEVoyazQ","https:\/\/twitter.com\/Rayuelainfancia"],"logo":{"@type":"ImageObject","@id":"https:\/\/www.rayuelainfancia.com\/blog\/#logo","inLanguage":"es","url":"https:\/\/www.rayuelainfancia.com\/blog\/wp-content\/uploads\/2018\/06\/logo-rayuelainfancia-color-corporativo.png","contentUrl":"https:\/\/www.rayuelainfancia.com\/blog\/wp-content\/uploads\/2018\/06\/logo-rayuelainfancia-color-corporativo.png","width":1200,"height":680,"caption":"Rayuelainfancia"},"image":{"@id":"https:\/\/www.rayuelainfancia.com\/blog\/#logo"}},{"@type":"WebSite","@id":"https:\/\/www.rayuelainfancia.com\/blog\/#website","url":"https:\/\/www.rayuelainfancia.com\/blog\/","name":"Blog de Rayuelainfancia","description":"Libros infantiles y juegos educaticos respestuosos con la infancia","publisher":{"@id":"https:\/\/www.rayuelainfancia.com\/blog\/#organization"},"potentialAction":[{"@type":"SearchAction","target":{"@type":"EntryPoint","urlTemplate":"https:\/\/www.rayuelainfancia.com\/blog\/?s={search_term_string}"},"query-input":"required name=search_term_string"}],"inLanguage":"es"},{"@type":"ImageObject","@id":"https:\/\/www.rayuelainfancia.com\/blog\/las-ninas-los-ninos-cuentan-x-edicion\/#primaryimage","inLanguage":"es","url":"https:\/\/www.rayuelainfancia.com\/blog\/wp-content\/uploads\/2017\/03\/ninos-ninas-cuentan.jpg","contentUrl":"https:\/\/www.rayuelainfancia.com\/blog\/wp-content\/uploads\/2017\/03\/ninos-ninas-cuentan.jpg","width":849,"height":438,"caption":"Las ni\u00f1as y los ni\u00f1os cuentan en Rayuela"},{"@type":"WebPage","@id":"https:\/\/www.rayuelainfancia.com\/blog\/las-ninas-los-ninos-cuentan-x-edicion\/#webpage","url":"https:\/\/www.rayuelainfancia.com\/blog\/las-ninas-los-ninos-cuentan-x-edicion\/","name":"LAS NI\u00d1AS Y LOS NI\u00d1OS CUENTAN. X EDICI\u00d3N &#8902; Blog de Rayuelainfancia","isPartOf":{"@id":"https:\/\/www.rayuelainfancia.com\/blog\/#website"},"primaryImageOfPage":{"@id":"https:\/\/www.rayuelainfancia.com\/blog\/las-ninas-los-ninos-cuentan-x-edicion\/#primaryimage"},"datePublished":"2017-03-07T18:27:45+00:00","dateModified":"2017-03-07T18:31:53+00:00","breadcrumb":{"@id":"https:\/\/www.rayuelainfancia.com\/blog\/las-ninas-los-ninos-cuentan-x-edicion\/#breadcrumb"},"inLanguage":"es","potentialAction":[{"@type":"ReadAction","target":["https:\/\/www.rayuelainfancia.com\/blog\/las-ninas-los-ninos-cuentan-x-edicion\/"]}]},{"@type":"BreadcrumbList","@id":"https:\/\/www.rayuelainfancia.com\/blog\/las-ninas-los-ninos-cuentan-x-edicion\/#breadcrumb","itemListElement":[{"@type":"ListItem","position":1,"name":"Portada","item":"https:\/\/www.rayuelainfancia.com\/blog\/"},{"@type":"ListItem","position":2,"name":"LAS NI\u00d1AS Y LOS NI\u00d1OS CUENTAN. X EDICI\u00d3N"}]},{"@type":"Article","@id":"https:\/\/www.rayuelainfancia.com\/blog\/las-ninas-los-ninos-cuentan-x-edicion\/#article","isPartOf":{"@id":"https:\/\/www.rayuelainfancia.com\/blog\/las-ninas-los-ninos-cuentan-x-edicion\/#webpage"},"author":{"@id":"https:\/\/www.rayuelainfancia.com\/blog\/#\/schema\/person\/c1aff250c5154e35f53f26d0eba10c45"},"headline":"LAS NI\u00d1AS Y LOS NI\u00d1OS CUENTAN. X EDICI\u00d3N","datePublished":"2017-03-07T18:27:45+00:00","dateModified":"2017-03-07T18:31:53+00:00","mainEntityOfPage":{"@id":"https:\/\/www.rayuelainfancia.com\/blog\/las-ninas-los-ninos-cuentan-x-edicion\/#webpage"},"wordCount":195,"commentCount":0,"publisher":{"@id":"https:\/\/www.rayuelainfancia.com\/blog\/#organization"},"image":{"@id":"https:\/\/www.rayuelainfancia.com\/blog\/las-ninas-los-ninos-cuentan-x-edicion\/#primaryimage"},"thumbnailUrl":"https:\/\/www.rayuelainfancia.com\/blog\/wp-content\/uploads\/2017\/03\/ninos-ninas-cuentan.jpg","articleSection":["Actividades Cuentacuentos"],"inLanguage":"es","potentialAction":[{"@type":"CommentAction","name":"Comment","target":["https:\/\/www.rayuelainfancia.com\/blog\/las-ninas-los-ninos-cuentan-x-edicion\/#respond"]}]},{"@type":"Person","@id":"https:\/\/www.rayuelainfancia.com\/blog\/#\/schema\/person\/c1aff250c5154e35f53f26d0eba10c45","name":"Rayuelainfancia","image":{"@type":"ImageObject","@id":"https:\/\/www.rayuelainfancia.com\/blog\/#personlogo","inLanguage":"es","url":"https:\/\/secure.gravatar.com\/avatar\/8bf03e7a4bb13ca5c7d0dc6acde2bfd1?s=96&d=mm&r=g","contentUrl":"https:\/\/secure.gravatar.com\/avatar\/8bf03e7a4bb13ca5c7d0dc6acde2bfd1?s=96&d=mm&r=g","caption":"Rayuelainfancia"}}]}},"_links":{"self":[{"href":"https:\/\/www.rayuelainfancia.com\/blog\/wp-json\/wp\/v2\/posts\/1485"}],"collection":[{"href":"https:\/\/www.rayuelainfancia.com\/blog\/wp-json\/wp\/v2\/posts"}],"about":[{"href":"https:\/\/www.rayuelainfancia.com\/blog\/wp-json\/wp\/v2\/types\/post"}],"author":[{"embeddable":true,"href":"https:\/\/www.rayuelainfancia.com\/blog\/wp-json\/wp\/v2\/users\/6"}],"replies":[{"embeddable":true,"href":"https:\/\/www.rayuelainfancia.com\/blog\/wp-json\/wp\/v2\/comments?post=1485"}],"version-history":[{"count":7,"href":"https:\/\/www.rayuelainfancia.com\/blog\/wp-json\/wp\/v2\/posts\/1485\/revisions"}],"predecessor-version":[{"id":1492,"href":"https:\/\/www.rayuelainfancia.com\/blog\/wp-json\/wp\/v2\/posts\/1485\/revisions\/1492"}],"wp:featuredmedia":[{"embeddable":true,"href":"https:\/\/www.rayuelainfancia.com\/blog\/wp-json\/wp\/v2\/media\/1493"}],"wp:attachment":[{"href":"https:\/\/www.rayuelainfancia.com\/blog\/wp-json\/wp\/v2\/media?parent=1485"}],"wp:term":[{"taxonomy":"category","embeddable":true,"href":"https:\/\/www.rayuelainfancia.com\/blog\/wp-json\/wp\/v2\/categories?post=1485"},{"taxonomy":"post_tag","embeddable":true,"href":"https:\/\/www.rayuelainfancia.com\/blog\/wp-json\/wp\/v2\/tags?post=1485"}],"curies":[{"name":"wp","href":"https:\/\/api.w.org\/{rel}","templated":true}]}}