 {"id":1464,"date":"2017-02-22T12:18:16","date_gmt":"2017-02-22T11:18:16","guid":{"rendered":"http:\/\/www.rayuelainfancia.com\/blog\/?p=1464"},"modified":"2017-02-22T12:18:30","modified_gmt":"2017-02-22T11:18:30","slug":"28-febrero-autoras-autores-andaluces","status":"publish","type":"post","link":"https:\/\/www.rayuelainfancia.com\/blog\/28-febrero-autoras-autores-andaluces\/","title":{"rendered":"28 FEBRERO: AUTORAS Y AUTORES ANDALUCES"},"content":{"rendered":"<p>Como granos de arena, cada vez hay m\u00e1s textos, m\u00e1s ilustraciones y m\u00e1s ediciones \u00abde la tierra\u00bb, cercanas, locales, que bien merecen de nuestro mimo y del tuyo. La monta\u00f1a ya se est\u00e1 construyendo y la estamos derramando por todaaa Rayuela. Como se har\u00eda interminable la seleci\u00f3n, aqu\u00ed te dejamos un delicioso pu\u00f1adito de tierra.<\/p>\n<p><!--more--><\/p>\n<p>\u00a1Que lo disfrutes!<\/p>\n<div id=\"product_list\" class=\"row\"><div class=\"col-xs-6 col-sm-6 col-md-6 col-lg-4 item-product\">\n            <div class=\"product-list text-center\">\n                <p>\n                    <a class=\"product-blog-link\" href=\"https:\/\/www.rayuelainfancia.com\/album-ilustrado\/569-71-ovejas.html?utm_campaign=productBlogPost\" title=\"71 OVEJAS\">\n                        <img src=\"\/\/www.rayuelainfancia.com\/2589-home_default\/71-ovejas.jpg\" alt=\"71 OVEJAS\" class=\"img-responsive\"><span>71 OVEJAS<\/span><\/a>\n                <\/p>\n            <\/div>\n\n            <div class=\"acciones text-center\">\n                \n                <p class=\"price\">16,90 \u20ac<\/p>\n            <\/div>\n        <\/div><div class=\"col-xs-6 col-sm-6 col-md-6 col-lg-4 item-product\">\n            <div class=\"product-list text-center\">\n                <p>\n                    <a class=\"product-blog-link\" href=\"https:\/\/www.rayuelainfancia.com\/album-ilustrado\/546-al-caer-la-noche.html?utm_campaign=productBlogPost\" title=\"AL CAER LA NOCHE\">\n                        <img src=\"\/\/www.rayuelainfancia.com\/2585-home_default\/al-caer-la-noche.jpg\" alt=\"AL CAER LA NOCHE\" class=\"img-responsive\"><span>AL CAER LA NOCHE<\/span><\/a>\n                <\/p>\n            <\/div>\n\n            <div class=\"acciones text-center\">\n                \n                <p class=\"price\">13,90 \u20ac<\/p>\n            <\/div>\n        <\/div><div class=\"col-xs-6 col-sm-6 col-md-6 col-lg-4 item-product\">\n            <div class=\"product-list text-center\">\n                <p>\n                    <a class=\"product-blog-link\" href=\"https:\/\/www.rayuelainfancia.com\/album-ilustrado\/1270-cenicienta.html?utm_campaign=productBlogPost\" title=\"CENICIENTA\">\n                        <img src=\"\/\/www.rayuelainfancia.com\/1009-home_default\/cenicienta.jpg\" alt=\"CENICIENTA\" class=\"img-responsive\"><span>CENICIENTA<\/span><\/a>\n                <\/p>\n            <\/div>\n\n            <div class=\"acciones text-center\">\n                \n                <p class=\"price\">19,95 \u20ac<\/p>\n            <\/div>\n        <\/div><div class=\"col-xs-6 col-sm-6 col-md-6 col-lg-4 item-product\">\n            <div class=\"product-list text-center\">\n                <p>\n                    <a class=\"product-blog-link\" href=\"https:\/\/www.rayuelainfancia.com\/lecturas\/573-un-tesoro-bajo-el-mar.html?utm_campaign=productBlogPost\" title=\"UN TESORO BAJO EL MAR\">\n                        <img src=\"\/\/www.rayuelainfancia.com\/511-home_default\/un-tesoro-bajo-el-mar.jpg\" alt=\"UN TESORO BAJO EL MAR\" class=\"img-responsive\"><span>UN TESORO BAJO EL MAR<\/span><\/a>\n                <\/p>\n            <\/div>\n\n            <div class=\"acciones text-center\">\n                \n                <p class=\"price\">9,90 \u20ac<\/p>\n            <\/div>\n        <\/div><div class=\"col-xs-6 col-sm-6 col-md-6 col-lg-4 item-product\">\n            <div class=\"product-list text-center\">\n                <p>\n                    <a class=\"product-blog-link\" href=\"https:\/\/www.rayuelainfancia.com\/album-ilustrado\/523-despues-de-la-lluvia.html?utm_campaign=productBlogPost\" title=\"DESPU  S DE LA LLUVIA\">\n                        <img src=\"\/\/www.rayuelainfancia.com\/980788-home_default\/despues-de-la-lluvia.jpg\" alt=\"DESPU  S DE LA LLUVIA\" class=\"img-responsive\"><span>DESPU\u00c9S DE LA LLUVIA<\/span><\/a>\n                <\/p>\n            <\/div>\n\n            <div class=\"acciones text-center\">\n                \n                <p class=\"price\">16,00 \u20ac<\/p>\n            <\/div>\n        <\/div><div class=\"col-xs-6 col-sm-6 col-md-6 col-lg-4 item-product\">\n            <div class=\"product-list text-center\">\n                <p>\n                    <a class=\"product-blog-link\" href=\"https:\/\/www.rayuelainfancia.com\/narrativa-juvenil-12\/801-el-chico-de-las-manos-azules.html?utm_campaign=productBlogPost\" title=\"EL CHICO DE LAS MANOS AZULES\">\n                        <img src=\"\/\/www.rayuelainfancia.com\/517203-home_default\/el-chico-de-las-manos-azules.jpg\" alt=\"EL CHICO DE LAS MANOS AZULES\" class=\"img-responsive\"><span>EL CHICO DE LAS MANOS AZULES<\/span><\/a>\n                <\/p>\n            <\/div>\n\n            <div class=\"acciones text-center\">\n                \n                <p class=\"price\">10,95 \u20ac<\/p>\n            <\/div>\n        <\/div><div class=\"col-xs-6 col-sm-6 col-md-6 col-lg-4 item-product\">\n            <div class=\"product-list text-center\">\n                <p>\n                    <a class=\"product-blog-link\" href=\"https:\/\/www.rayuelainfancia.com\/arte\/1265-frida-kahlo-una-biografia.html?utm_campaign=productBlogPost\" title=\"FRIDA KAHLO  UNA BIOGRAF  A\">\n                        <img src=\"\/\/www.rayuelainfancia.com\/1004-home_default\/frida-kahlo-una-biografia.jpg\" alt=\"FRIDA KAHLO  UNA BIOGRAF  A\" class=\"img-responsive\"><span>FRIDA KAHLO, UNA BIOGRAF\u00cdA<\/span><\/a>\n                <\/p>\n            <\/div>\n\n            <div class=\"acciones text-center\">\n                \n                <p class=\"price\">21,90 \u20ac<\/p>\n            <\/div>\n        <\/div><div class=\"col-xs-6 col-sm-6 col-md-6 col-lg-4 item-product\">\n            <div class=\"product-list text-center\">\n                <p>\n                    <a class=\"product-blog-link\" href=\"https:\/\/www.rayuelainfancia.com\/lectores-avanzados-9\/714-la-cocina-de-toto-murube.html?utm_campaign=productBlogPost\" title=\"LA COCINA DE TOTO MURUBE\">\n                        <img src=\"\/\/www.rayuelainfancia.com\/641-home_default\/la-cocina-de-toto-murube.jpg\" alt=\"LA COCINA DE TOTO MURUBE\" class=\"img-responsive\"><span>LA COCINA DE TOTO MURUBE<\/span><\/a>\n                <\/p>\n            <\/div>\n\n            <div class=\"acciones text-center\">\n                \n                <p class=\"price\">14,00 \u20ac<\/p>\n            <\/div>\n        <\/div><div class=\"col-xs-6 col-sm-6 col-md-6 col-lg-4 item-product\">\n            <div class=\"product-list text-center\">\n                <p>\n                    <a class=\"product-blog-link\" href=\"https:\/\/www.rayuelainfancia.com\/album-ilustrado\/3207-la-vaca-victoria.html?utm_campaign=productBlogPost\" title=\"LA VACA VICTORIA\">\n                        <img src=\"\/\/www.rayuelainfancia.com\/4438-home_default\/la-vaca-victoria.jpg\" alt=\"LA VACA VICTORIA\" class=\"img-responsive\"><span>LA VACA VICTORIA<\/span><\/a>\n                <\/p>\n            <\/div>\n\n            <div class=\"acciones text-center\">\n                \n                <p class=\"price\">18,50 \u20ac<\/p>\n            <\/div>\n        <\/div><div class=\"col-xs-6 col-sm-6 col-md-6 col-lg-4 item-product\">\n            <div class=\"product-list text-center\">\n                <p>\n                    <a class=\"product-blog-link\" href=\"https:\/\/www.rayuelainfancia.com\/clasicos-y-cuento-popular\/34-la-verdadera-historia-de-caperucita.html?utm_campaign=productBlogPost\" title=\"LA VERDADERA HISTORIA DE CAPERUCITA\">\n                        <img src=\"\/\/www.rayuelainfancia.com\/1143758-home_default\/la-verdadera-historia-de-caperucita.jpg\" alt=\"LA VERDADERA HISTORIA DE CAPERUCITA\" class=\"img-responsive\"><span>LA VERDADERA HISTORIA DE CAPERUCITA<\/span><\/a>\n                <\/p>\n            <\/div>\n\n            <div class=\"acciones text-center\">\n                \n                <p class=\"price\">14,00 \u20ac<\/p>\n            <\/div>\n        <\/div><div class=\"col-xs-6 col-sm-6 col-md-6 col-lg-4 item-product\">\n            <div class=\"product-list text-center\">\n                <p>\n                    <a class=\"product-blog-link\" href=\"https:\/\/www.rayuelainfancia.com\/comic-novela-grafica\/3208-lo-que-me-esta-pasando.html?utm_campaign=productBlogPost\" title=\"LO QUE ME ESTA PASANDO\">\n                        <img src=\"\/\/www.rayuelainfancia.com\/4439-home_default\/lo-que-me-esta-pasando.jpg\" alt=\"LO QUE ME ESTA PASANDO\" class=\"img-responsive\"><span>LO QUE ME ESTA PASANDO<\/span><\/a>\n                <\/p>\n            <\/div>\n\n            <div class=\"acciones text-center\">\n                \n                <p class=\"price\">18,90 \u20ac<\/p>\n            <\/div>\n        <\/div><div class=\"col-xs-6 col-sm-6 col-md-6 col-lg-4 item-product\">\n            <div class=\"product-list text-center\">\n                <p>\n                    <a class=\"product-blog-link\" href=\"https:\/\/www.rayuelainfancia.com\/album-ilustrado\/2679-piel-de-cocodrilo.html?utm_campaign=productBlogPost\" title=\"PIEL DE COCODRILO\">\n                        <img src=\"\/\/www.rayuelainfancia.com\/3969-home_default\/piel-de-cocodrilo.jpg\" alt=\"PIEL DE COCODRILO\" class=\"img-responsive\"><span>PIEL DE COCODRILO<\/span><\/a>\n                <\/p>\n            <\/div>\n\n            <div class=\"acciones text-center\">\n                \n                <p class=\"price\">14,50 \u20ac<\/p>\n            <\/div>\n        <\/div><div class=\"col-xs-6 col-sm-6 col-md-6 col-lg-4 item-product\">\n            <div class=\"product-list text-center\">\n                <p>\n                    <a class=\"product-blog-link\" href=\"https:\/\/www.rayuelainfancia.com\/arte\/374-revuelo-en-el-museo.html?utm_campaign=productBlogPost\" title=\"REVUELO EN EL MUSEO\">\n                        <img src=\"\/\/www.rayuelainfancia.com\/322-home_default\/revuelo-en-el-museo.jpg\" alt=\"REVUELO EN EL MUSEO\" class=\"img-responsive\"><span>REVUELO EN EL MUSEO<\/span><\/a>\n                <\/p>\n            <\/div>\n\n            <div class=\"acciones text-center\">\n                \n                <p class=\"price\">15,90 \u20ac<\/p>\n            <\/div>\n        <\/div><div class=\"col-xs-6 col-sm-6 col-md-6 col-lg-4 item-product\">\n            <div class=\"product-list text-center\">\n                <p>\n                    <a class=\"product-blog-link\" href=\"https:\/\/www.rayuelainfancia.com\/album-ilustrado\/379-soy-pequenito.html?utm_campaign=productBlogPost\" title=\"SOY PEQUE  ITO\">\n                        <img src=\"\/\/www.rayuelainfancia.com\/40148-home_default\/soy-pequenito.jpg\" alt=\"SOY PEQUE  ITO\" class=\"img-responsive\"><span>SOY PEQUE\u00d1ITO<\/span><\/a>\n                <\/p>\n            <\/div>\n\n            <div class=\"acciones text-center\">\n                \n                <p class=\"price\">16,00 \u20ac<\/p>\n            <\/div>\n        <\/div><div class=\"col-xs-6 col-sm-6 col-md-6 col-lg-4 item-product\">\n            <div class=\"product-list text-center\">\n                <p>\n                    <a class=\"product-blog-link\" href=\"https:\/\/www.rayuelainfancia.com\/cuentos-reunidos\/3204-un-corazon-que-no-cojea.html?utm_campaign=productBlogPost\" title=\"UN CORAZ  N QUE NO COJEA\">\n                        <img src=\"\/\/www.rayuelainfancia.com\/4456-home_default\/un-corazon-que-no-cojea.jpg\" alt=\"UN CORAZ  N QUE NO COJEA\" class=\"img-responsive\"><span>UN CORAZ\u00d3N QUE NO COJEA<\/span><\/a>\n                <\/p>\n            <\/div>\n\n            <div class=\"acciones text-center\">\n                \n                <p class=\"price\">9,00 \u20ac<\/p>\n            <\/div>\n        <\/div><div class=\"col-xs-6 col-sm-6 col-md-6 col-lg-4 item-product\">\n            <div class=\"product-list text-center\">\n                <p>\n                    <a class=\"product-blog-link\" href=\"https:\/\/www.rayuelainfancia.com\/album-ilustrado\/1334-un-cuento-para-el-futuro.html?utm_campaign=productBlogPost\" title=\"UN CUENTO PARA EL FUTURO\">\n                        <img src=\"\/\/www.rayuelainfancia.com\/3006-home_default\/un-cuento-para-el-futuro.jpg\" alt=\"UN CUENTO PARA EL FUTURO\" class=\"img-responsive\"><span>UN CUENTO PARA EL FUTURO<\/span><\/a>\n                <\/p>\n            <\/div>\n\n            <div class=\"acciones text-center\">\n                \n                <p class=\"price\">10,00 \u20ac<\/p>\n            <\/div>\n        <\/div><div class=\"col-xs-6 col-sm-6 col-md-6 col-lg-4 item-product\">\n            <div class=\"product-list text-center\">\n                <p>\n                    <a class=\"product-blog-link\" href=\"https:\/\/www.rayuelainfancia.com\/poesia\/3205-versos-de-cuento.html?utm_campaign=productBlogPost\" title=\"VERSOS DE CUENTO\">\n                        <img src=\"\/\/www.rayuelainfancia.com\/4436-home_default\/versos-de-cuento.jpg\" alt=\"VERSOS DE CUENTO\" class=\"img-responsive\"><span>VERSOS DE CUENTO<\/span><\/a>\n                <\/p>\n            <\/div>\n\n            <div class=\"acciones text-center\">\n                \n                <p class=\"price\">16,00 \u20ac<\/p>\n            <\/div>\n        <\/div><div class=\"col-xs-6 col-sm-6 col-md-6 col-lg-4 item-product\">\n            <div class=\"product-list text-center\">\n                <p>\n                    <a class=\"product-blog-link\" href=\"https:\/\/www.rayuelainfancia.com\/album-ilustrado\/545-yo-voy-conmigo.html?utm_campaign=productBlogPost\" title=\"YO VOY CONMIGO\">\n                        <img src=\"\/\/www.rayuelainfancia.com\/485-home_default\/yo-voy-conmigo.jpg\" alt=\"YO VOY CONMIGO\" class=\"img-responsive\"><span>YO VOY CONMIGO<\/span><\/a>\n                <\/p>\n            <\/div>\n\n            <div class=\"acciones text-center\">\n                \n                <p class=\"price\">13,95 \u20ac<\/p>\n            <\/div>\n        <\/div><\/div>\n","protected":false},"excerpt":{"rendered":"<p>Como granos de arena, cada vez hay m\u00e1s textos, m\u00e1s ilustraciones y m\u00e1s ediciones \u00abde la tierra\u00bb, cercanas, locales, que bien merecen de nuestro mimo y del tuyo. La monta\u00f1a ya se est\u00e1 construyendo y la estamos derramando por todaaa Rayuela. Como se har\u00eda interminable la seleci\u00f3n, aqu\u00ed te dejamos un delicioso pu\u00f1adito de tierra.<\/p>\n","protected":false},"author":6,"featured_media":1465,"comment_status":"open","ping_status":"open","sticky":false,"template":"","format":"standard","meta":[],"categories":[18],"tags":[],"yoast_head":"<!-- This site is optimized with the Yoast SEO plugin v18.5.1 - https:\/\/yoast.com\/wordpress\/plugins\/seo\/ -->\n<title>28 FEBRERO: AUTORAS Y AUTORES ANDALUCES &#8902; Blog de Rayuelainfancia<\/title>\n<meta name=\"robots\" content=\"index, follow, max-snippet:-1, max-image-preview:large, max-video-preview:-1\" \/>\n<link rel=\"canonical\" href=\"https:\/\/www.rayuelainfancia.com\/blog\/28-febrero-autoras-autores-andaluces\/\" \/>\n<meta property=\"og:locale\" content=\"es_ES\" \/>\n<meta property=\"og:type\" content=\"article\" \/>\n<meta property=\"og:title\" content=\"28 FEBRERO: AUTORAS Y AUTORES ANDALUCES &#8902; Blog de Rayuelainfancia\" \/>\n<meta property=\"og:description\" content=\"Como granos de arena, cada vez hay m\u00e1s textos, m\u00e1s ilustraciones y m\u00e1s ediciones \u00abde la tierra\u00bb, cercanas, locales, que bien merecen de nuestro mimo y del tuyo. La monta\u00f1a ya se est\u00e1 construyendo y la estamos derramando por todaaa Rayuela. Como se har\u00eda interminable la seleci\u00f3n, aqu\u00ed te dejamos un delicioso pu\u00f1adito de tierra.\" \/>\n<meta property=\"og:url\" content=\"https:\/\/www.rayuelainfancia.com\/blog\/28-febrero-autoras-autores-andaluces\/\" \/>\n<meta property=\"og:site_name\" content=\"Blog de Rayuelainfancia\" \/>\n<meta property=\"article:publisher\" content=\"https:\/\/www.facebook.com\/pages\/Librer\u00eda-Rayuela\/251861686361\" \/>\n<meta property=\"article:published_time\" content=\"2017-02-22T11:18:16+00:00\" \/>\n<meta property=\"article:modified_time\" content=\"2017-02-22T11:18:30+00:00\" \/>\n<meta property=\"og:image\" content=\"https:\/\/www.rayuelainfancia.com\/blog\/wp-content\/uploads\/2017\/02\/autoras-autores-andaluces.jpeg\" \/>\n\t<meta property=\"og:image:width\" content=\"630\" \/>\n\t<meta property=\"og:image:height\" content=\"229\" \/>\n\t<meta property=\"og:image:type\" content=\"image\/jpeg\" \/>\n<meta name=\"twitter:card\" content=\"summary\" \/>\n<meta name=\"twitter:creator\" content=\"@Rayuelainfancia\" \/>\n<meta name=\"twitter:site\" content=\"@Rayuelainfancia\" \/>\n<meta name=\"twitter:label1\" content=\"Written by\" \/>\n\t<meta name=\"twitter:data1\" content=\"Rayuelainfancia\" \/>\n<script type=\"application\/ld+json\" class=\"yoast-schema-graph\">{\"@context\":\"https:\/\/schema.org\",\"@graph\":[{\"@type\":\"Organization\",\"@id\":\"https:\/\/www.rayuelainfancia.com\/blog\/#organization\",\"name\":\"Rayuelainfancia\",\"url\":\"https:\/\/www.rayuelainfancia.com\/blog\/\",\"sameAs\":[\"https:\/\/www.facebook.com\/pages\/Librer\u00eda-Rayuela\/251861686361\",\"https:\/\/www.youtube.com\/channel\/UCddVaoDjpTp-DexyEVoyazQ\",\"https:\/\/twitter.com\/Rayuelainfancia\"],\"logo\":{\"@type\":\"ImageObject\",\"@id\":\"https:\/\/www.rayuelainfancia.com\/blog\/#logo\",\"inLanguage\":\"es\",\"url\":\"https:\/\/www.rayuelainfancia.com\/blog\/wp-content\/uploads\/2018\/06\/logo-rayuelainfancia-color-corporativo.png\",\"contentUrl\":\"https:\/\/www.rayuelainfancia.com\/blog\/wp-content\/uploads\/2018\/06\/logo-rayuelainfancia-color-corporativo.png\",\"width\":1200,\"height\":680,\"caption\":\"Rayuelainfancia\"},\"image\":{\"@id\":\"https:\/\/www.rayuelainfancia.com\/blog\/#logo\"}},{\"@type\":\"WebSite\",\"@id\":\"https:\/\/www.rayuelainfancia.com\/blog\/#website\",\"url\":\"https:\/\/www.rayuelainfancia.com\/blog\/\",\"name\":\"Blog de Rayuelainfancia\",\"description\":\"Libros infantiles y juegos educaticos respestuosos con la infancia\",\"publisher\":{\"@id\":\"https:\/\/www.rayuelainfancia.com\/blog\/#organization\"},\"potentialAction\":[{\"@type\":\"SearchAction\",\"target\":{\"@type\":\"EntryPoint\",\"urlTemplate\":\"https:\/\/www.rayuelainfancia.com\/blog\/?s={search_term_string}\"},\"query-input\":\"required name=search_term_string\"}],\"inLanguage\":\"es\"},{\"@type\":\"ImageObject\",\"@id\":\"https:\/\/www.rayuelainfancia.com\/blog\/28-febrero-autoras-autores-andaluces\/#primaryimage\",\"inLanguage\":\"es\",\"url\":\"https:\/\/www.rayuelainfancia.com\/blog\/wp-content\/uploads\/2017\/02\/autoras-autores-andaluces.jpeg\",\"contentUrl\":\"https:\/\/www.rayuelainfancia.com\/blog\/wp-content\/uploads\/2017\/02\/autoras-autores-andaluces.jpeg\",\"width\":630,\"height\":229},{\"@type\":\"WebPage\",\"@id\":\"https:\/\/www.rayuelainfancia.com\/blog\/28-febrero-autoras-autores-andaluces\/#webpage\",\"url\":\"https:\/\/www.rayuelainfancia.com\/blog\/28-febrero-autoras-autores-andaluces\/\",\"name\":\"28 FEBRERO: AUTORAS Y AUTORES ANDALUCES &#8902; Blog de Rayuelainfancia\",\"isPartOf\":{\"@id\":\"https:\/\/www.rayuelainfancia.com\/blog\/#website\"},\"primaryImageOfPage\":{\"@id\":\"https:\/\/www.rayuelainfancia.com\/blog\/28-febrero-autoras-autores-andaluces\/#primaryimage\"},\"datePublished\":\"2017-02-22T11:18:16+00:00\",\"dateModified\":\"2017-02-22T11:18:30+00:00\",\"breadcrumb\":{\"@id\":\"https:\/\/www.rayuelainfancia.com\/blog\/28-febrero-autoras-autores-andaluces\/#breadcrumb\"},\"inLanguage\":\"es\",\"potentialAction\":[{\"@type\":\"ReadAction\",\"target\":[\"https:\/\/www.rayuelainfancia.com\/blog\/28-febrero-autoras-autores-andaluces\/\"]}]},{\"@type\":\"BreadcrumbList\",\"@id\":\"https:\/\/www.rayuelainfancia.com\/blog\/28-febrero-autoras-autores-andaluces\/#breadcrumb\",\"itemListElement\":[{\"@type\":\"ListItem\",\"position\":1,\"name\":\"Portada\",\"item\":\"https:\/\/www.rayuelainfancia.com\/blog\/\"},{\"@type\":\"ListItem\",\"position\":2,\"name\":\"28 FEBRERO: AUTORAS Y AUTORES ANDALUCES\"}]},{\"@type\":\"Article\",\"@id\":\"https:\/\/www.rayuelainfancia.com\/blog\/28-febrero-autoras-autores-andaluces\/#article\",\"isPartOf\":{\"@id\":\"https:\/\/www.rayuelainfancia.com\/blog\/28-febrero-autoras-autores-andaluces\/#webpage\"},\"author\":{\"@id\":\"https:\/\/www.rayuelainfancia.com\/blog\/#\/schema\/person\/c1aff250c5154e35f53f26d0eba10c45\"},\"headline\":\"28 FEBRERO: AUTORAS Y AUTORES ANDALUCES\",\"datePublished\":\"2017-02-22T11:18:16+00:00\",\"dateModified\":\"2017-02-22T11:18:30+00:00\",\"mainEntityOfPage\":{\"@id\":\"https:\/\/www.rayuelainfancia.com\/blog\/28-febrero-autoras-autores-andaluces\/#webpage\"},\"wordCount\":73,\"commentCount\":0,\"publisher\":{\"@id\":\"https:\/\/www.rayuelainfancia.com\/blog\/#organization\"},\"image\":{\"@id\":\"https:\/\/www.rayuelainfancia.com\/blog\/28-febrero-autoras-autores-andaluces\/#primaryimage\"},\"thumbnailUrl\":\"https:\/\/www.rayuelainfancia.com\/blog\/wp-content\/uploads\/2017\/02\/autoras-autores-andaluces.jpeg\",\"articleSection\":[\"Actividades Cuentacuentos\"],\"inLanguage\":\"es\",\"potentialAction\":[{\"@type\":\"CommentAction\",\"name\":\"Comment\",\"target\":[\"https:\/\/www.rayuelainfancia.com\/blog\/28-febrero-autoras-autores-andaluces\/#respond\"]}]},{\"@type\":\"Person\",\"@id\":\"https:\/\/www.rayuelainfancia.com\/blog\/#\/schema\/person\/c1aff250c5154e35f53f26d0eba10c45\",\"name\":\"Rayuelainfancia\",\"image\":{\"@type\":\"ImageObject\",\"@id\":\"https:\/\/www.rayuelainfancia.com\/blog\/#personlogo\",\"inLanguage\":\"es\",\"url\":\"https:\/\/secure.gravatar.com\/avatar\/8bf03e7a4bb13ca5c7d0dc6acde2bfd1?s=96&d=mm&r=g\",\"contentUrl\":\"https:\/\/secure.gravatar.com\/avatar\/8bf03e7a4bb13ca5c7d0dc6acde2bfd1?s=96&d=mm&r=g\",\"caption\":\"Rayuelainfancia\"}}]}<\/script>\n<!-- \/ Yoast SEO plugin. -->","yoast_head_json":{"title":"28 FEBRERO: AUTORAS Y AUTORES ANDALUCES &#8902; Blog de Rayuelainfancia","robots":{"index":"index","follow":"follow","max-snippet":"max-snippet:-1","max-image-preview":"max-image-preview:large","max-video-preview":"max-video-preview:-1"},"canonical":"https:\/\/www.rayuelainfancia.com\/blog\/28-febrero-autoras-autores-andaluces\/","og_locale":"es_ES","og_type":"article","og_title":"28 FEBRERO: AUTORAS Y AUTORES ANDALUCES &#8902; Blog de Rayuelainfancia","og_description":"Como granos de arena, cada vez hay m\u00e1s textos, m\u00e1s ilustraciones y m\u00e1s ediciones \u00abde la tierra\u00bb, cercanas, locales, que bien merecen de nuestro mimo y del tuyo. La monta\u00f1a ya se est\u00e1 construyendo y la estamos derramando por todaaa Rayuela. Como se har\u00eda interminable la seleci\u00f3n, aqu\u00ed te dejamos un delicioso pu\u00f1adito de tierra.","og_url":"https:\/\/www.rayuelainfancia.com\/blog\/28-febrero-autoras-autores-andaluces\/","og_site_name":"Blog de Rayuelainfancia","article_publisher":"https:\/\/www.facebook.com\/pages\/Librer\u00eda-Rayuela\/251861686361","article_published_time":"2017-02-22T11:18:16+00:00","article_modified_time":"2017-02-22T11:18:30+00:00","og_image":[{"width":630,"height":229,"url":"https:\/\/www.rayuelainfancia.com\/blog\/wp-content\/uploads\/2017\/02\/autoras-autores-andaluces.jpeg","type":"image\/jpeg"}],"twitter_card":"summary","twitter_creator":"@Rayuelainfancia","twitter_site":"@Rayuelainfancia","twitter_misc":{"Written by":"Rayuelainfancia"},"schema":{"@context":"https:\/\/schema.org","@graph":[{"@type":"Organization","@id":"https:\/\/www.rayuelainfancia.com\/blog\/#organization","name":"Rayuelainfancia","url":"https:\/\/www.rayuelainfancia.com\/blog\/","sameAs":["https:\/\/www.facebook.com\/pages\/Librer\u00eda-Rayuela\/251861686361","https:\/\/www.youtube.com\/channel\/UCddVaoDjpTp-DexyEVoyazQ","https:\/\/twitter.com\/Rayuelainfancia"],"logo":{"@type":"ImageObject","@id":"https:\/\/www.rayuelainfancia.com\/blog\/#logo","inLanguage":"es","url":"https:\/\/www.rayuelainfancia.com\/blog\/wp-content\/uploads\/2018\/06\/logo-rayuelainfancia-color-corporativo.png","contentUrl":"https:\/\/www.rayuelainfancia.com\/blog\/wp-content\/uploads\/2018\/06\/logo-rayuelainfancia-color-corporativo.png","width":1200,"height":680,"caption":"Rayuelainfancia"},"image":{"@id":"https:\/\/www.rayuelainfancia.com\/blog\/#logo"}},{"@type":"WebSite","@id":"https:\/\/www.rayuelainfancia.com\/blog\/#website","url":"https:\/\/www.rayuelainfancia.com\/blog\/","name":"Blog de Rayuelainfancia","description":"Libros infantiles y juegos educaticos respestuosos con la infancia","publisher":{"@id":"https:\/\/www.rayuelainfancia.com\/blog\/#organization"},"potentialAction":[{"@type":"SearchAction","target":{"@type":"EntryPoint","urlTemplate":"https:\/\/www.rayuelainfancia.com\/blog\/?s={search_term_string}"},"query-input":"required name=search_term_string"}],"inLanguage":"es"},{"@type":"ImageObject","@id":"https:\/\/www.rayuelainfancia.com\/blog\/28-febrero-autoras-autores-andaluces\/#primaryimage","inLanguage":"es","url":"https:\/\/www.rayuelainfancia.com\/blog\/wp-content\/uploads\/2017\/02\/autoras-autores-andaluces.jpeg","contentUrl":"https:\/\/www.rayuelainfancia.com\/blog\/wp-content\/uploads\/2017\/02\/autoras-autores-andaluces.jpeg","width":630,"height":229},{"@type":"WebPage","@id":"https:\/\/www.rayuelainfancia.com\/blog\/28-febrero-autoras-autores-andaluces\/#webpage","url":"https:\/\/www.rayuelainfancia.com\/blog\/28-febrero-autoras-autores-andaluces\/","name":"28 FEBRERO: AUTORAS Y AUTORES ANDALUCES &#8902; Blog de Rayuelainfancia","isPartOf":{"@id":"https:\/\/www.rayuelainfancia.com\/blog\/#website"},"primaryImageOfPage":{"@id":"https:\/\/www.rayuelainfancia.com\/blog\/28-febrero-autoras-autores-andaluces\/#primaryimage"},"datePublished":"2017-02-22T11:18:16+00:00","dateModified":"2017-02-22T11:18:30+00:00","breadcrumb":{"@id":"https:\/\/www.rayuelainfancia.com\/blog\/28-febrero-autoras-autores-andaluces\/#breadcrumb"},"inLanguage":"es","potentialAction":[{"@type":"ReadAction","target":["https:\/\/www.rayuelainfancia.com\/blog\/28-febrero-autoras-autores-andaluces\/"]}]},{"@type":"BreadcrumbList","@id":"https:\/\/www.rayuelainfancia.com\/blog\/28-febrero-autoras-autores-andaluces\/#breadcrumb","itemListElement":[{"@type":"ListItem","position":1,"name":"Portada","item":"https:\/\/www.rayuelainfancia.com\/blog\/"},{"@type":"ListItem","position":2,"name":"28 FEBRERO: AUTORAS Y AUTORES ANDALUCES"}]},{"@type":"Article","@id":"https:\/\/www.rayuelainfancia.com\/blog\/28-febrero-autoras-autores-andaluces\/#article","isPartOf":{"@id":"https:\/\/www.rayuelainfancia.com\/blog\/28-febrero-autoras-autores-andaluces\/#webpage"},"author":{"@id":"https:\/\/www.rayuelainfancia.com\/blog\/#\/schema\/person\/c1aff250c5154e35f53f26d0eba10c45"},"headline":"28 FEBRERO: AUTORAS Y AUTORES ANDALUCES","datePublished":"2017-02-22T11:18:16+00:00","dateModified":"2017-02-22T11:18:30+00:00","mainEntityOfPage":{"@id":"https:\/\/www.rayuelainfancia.com\/blog\/28-febrero-autoras-autores-andaluces\/#webpage"},"wordCount":73,"commentCount":0,"publisher":{"@id":"https:\/\/www.rayuelainfancia.com\/blog\/#organization"},"image":{"@id":"https:\/\/www.rayuelainfancia.com\/blog\/28-febrero-autoras-autores-andaluces\/#primaryimage"},"thumbnailUrl":"https:\/\/www.rayuelainfancia.com\/blog\/wp-content\/uploads\/2017\/02\/autoras-autores-andaluces.jpeg","articleSection":["Actividades Cuentacuentos"],"inLanguage":"es","potentialAction":[{"@type":"CommentAction","name":"Comment","target":["https:\/\/www.rayuelainfancia.com\/blog\/28-febrero-autoras-autores-andaluces\/#respond"]}]},{"@type":"Person","@id":"https:\/\/www.rayuelainfancia.com\/blog\/#\/schema\/person\/c1aff250c5154e35f53f26d0eba10c45","name":"Rayuelainfancia","image":{"@type":"ImageObject","@id":"https:\/\/www.rayuelainfancia.com\/blog\/#personlogo","inLanguage":"es","url":"https:\/\/secure.gravatar.com\/avatar\/8bf03e7a4bb13ca5c7d0dc6acde2bfd1?s=96&d=mm&r=g","contentUrl":"https:\/\/secure.gravatar.com\/avatar\/8bf03e7a4bb13ca5c7d0dc6acde2bfd1?s=96&d=mm&r=g","caption":"Rayuelainfancia"}}]}},"_links":{"self":[{"href":"https:\/\/www.rayuelainfancia.com\/blog\/wp-json\/wp\/v2\/posts\/1464"}],"collection":[{"href":"https:\/\/www.rayuelainfancia.com\/blog\/wp-json\/wp\/v2\/posts"}],"about":[{"href":"https:\/\/www.rayuelainfancia.com\/blog\/wp-json\/wp\/v2\/types\/post"}],"author":[{"embeddable":true,"href":"https:\/\/www.rayuelainfancia.com\/blog\/wp-json\/wp\/v2\/users\/6"}],"replies":[{"embeddable":true,"href":"https:\/\/www.rayuelainfancia.com\/blog\/wp-json\/wp\/v2\/comments?post=1464"}],"version-history":[{"count":3,"href":"https:\/\/www.rayuelainfancia.com\/blog\/wp-json\/wp\/v2\/posts\/1464\/revisions"}],"predecessor-version":[{"id":1467,"href":"https:\/\/www.rayuelainfancia.com\/blog\/wp-json\/wp\/v2\/posts\/1464\/revisions\/1467"}],"wp:featuredmedia":[{"embeddable":true,"href":"https:\/\/www.rayuelainfancia.com\/blog\/wp-json\/wp\/v2\/media\/1465"}],"wp:attachment":[{"href":"https:\/\/www.rayuelainfancia.com\/blog\/wp-json\/wp\/v2\/media?parent=1464"}],"wp:term":[{"taxonomy":"category","embeddable":true,"href":"https:\/\/www.rayuelainfancia.com\/blog\/wp-json\/wp\/v2\/categories?post=1464"},{"taxonomy":"post_tag","embeddable":true,"href":"https:\/\/www.rayuelainfancia.com\/blog\/wp-json\/wp\/v2\/tags?post=1464"}],"curies":[{"name":"wp","href":"https:\/\/api.w.org\/{rel}","templated":true}]}}