 {"id":1431,"date":"2017-01-23T18:12:42","date_gmt":"2017-01-23T17:12:42","guid":{"rendered":"http:\/\/www.rayuelainfancia.com\/blog\/?p=1431"},"modified":"2017-01-24T12:01:12","modified_gmt":"2017-01-24T11:01:12","slug":"30-enero-paz-no-violencia","status":"publish","type":"post","link":"https:\/\/www.rayuelainfancia.com\/blog\/30-enero-paz-no-violencia\/","title":{"rendered":"30 DE ENERO, PAZ Y NO-VIOLENCIA"},"content":{"rendered":"<p>Hemos preparado un pu\u00f1ado de interesantes lecturas sobre la Paz y la No Violencia, en el intento de<span lang=\"es-ES\"> que ni\u00f1as y ni\u00f1os crezcan cada vez m\u00e1s tolerantes con las diferencias de raza, cultura y formas humanas de hacer y de sentir. Son hermosas y sobre todo, son necesarias.<\/span><\/p>\n<p><!--more--><\/p>\n<p><span lang=\"es-ES\"> L\u00e9elas en<\/span><span lang=\"es-ES\"> compa\u00f1\u00eda, se saborean m\u00e1s y mejor.<\/span><\/p>\n<div id=\"product_list\" class=\"row\"><div class=\"col-xs-6 col-sm-6 col-md-6 col-lg-4 item-product\">\n            <div class=\"product-list text-center\">\n                <p>\n                    <a class=\"product-blog-link\" href=\"https:\/\/www.rayuelainfancia.com\/album-ilustrado\/3141-el-dragon-rojo.html?utm_campaign=productBlogPost\" title=\"EL DRAG  N ROJO\">\n                        <img src=\"\/\/www.rayuelainfancia.com\/4377-home_default\/el-dragon-rojo.jpg\" alt=\"EL DRAG  N ROJO\" class=\"img-responsive\"><span>EL DRAG\u00d3N ROJO<\/span><\/a>\n                <\/p>\n            <\/div>\n\n            <div class=\"acciones text-center\">\n                \n                <p class=\"price\">14,50 \u20ac<\/p>\n            <\/div>\n        <\/div><div class=\"col-xs-6 col-sm-6 col-md-6 col-lg-4 item-product\">\n            <div class=\"product-list text-center\">\n                <p>\n                    <a class=\"product-blog-link\" href=\"https:\/\/www.rayuelainfancia.com\/album-ilustrado\/3142-el-perro-y-la-liebre.html?utm_campaign=productBlogPost\" title=\"EL PERRO Y LA LIEBRE\">\n                        <img src=\"\/\/www.rayuelainfancia.com\/4364-home_default\/el-perro-y-la-liebre.jpg\" alt=\"EL PERRO Y LA LIEBRE\" class=\"img-responsive\"><span>EL PERRO Y LA LIEBRE<\/span><\/a>\n                <\/p>\n            <\/div>\n\n            <div class=\"acciones text-center\">\n                \n                <p class=\"price\">12,50 \u20ac<\/p>\n            <\/div>\n        <\/div><div class=\"col-xs-6 col-sm-6 col-md-6 col-lg-4 item-product\">\n            <div class=\"product-list text-center\">\n                <p>\n                    <a class=\"product-blog-link\" href=\"https:\/\/www.rayuelainfancia.com\/album-ilustrado\/3003-el-viaje.html?utm_campaign=productBlogPost\" title=\"EL VIAJE\">\n                        <img src=\"\/\/www.rayuelainfancia.com\/4142-home_default\/el-viaje.jpg\" alt=\"EL VIAJE\" class=\"img-responsive\"><span>EL VIAJE<\/span><\/a>\n                <\/p>\n            <\/div>\n\n            <div class=\"acciones text-center\">\n                \n                <p class=\"price\">18,95 \u20ac<\/p>\n            <\/div>\n        <\/div><div class=\"col-xs-6 col-sm-6 col-md-6 col-lg-4 item-product\">\n            <div class=\"product-list text-center\">\n                <p>\n                    <a class=\"product-blog-link\" href=\"https:\/\/www.rayuelainfancia.com\/primeros-lectores-5\/544-ferdinando-el-toro.html?utm_campaign=productBlogPost\" title=\"FERDINANDO EL TORO\">\n                        <img src=\"\/\/www.rayuelainfancia.com\/484-home_default\/ferdinando-el-toro.jpg\" alt=\"FERDINANDO EL TORO\" class=\"img-responsive\"><span>FERDINANDO EL TORO<\/span><\/a>\n                <\/p>\n            <\/div>\n\n            <div class=\"acciones text-center\">\n                \n                <p class=\"price\">16,00 \u20ac<\/p>\n            <\/div>\n        <\/div><div class=\"col-xs-6 col-sm-6 col-md-6 col-lg-4 item-product\">\n            <div class=\"product-list text-center\">\n                <p>\n                    <a class=\"product-blog-link\" href=\"https:\/\/www.rayuelainfancia.com\/album-ilustrado\/3149-juul.html?utm_campaign=productBlogPost\" title=\"JUUL\">\n                        <img src=\"\/\/www.rayuelainfancia.com\/4371-home_default\/juul.jpg\" alt=\"JUUL\" class=\"img-responsive\"><span>JUUL<\/span><\/a>\n                <\/p>\n            <\/div>\n\n            <div class=\"acciones text-center\">\n                \n                <p class=\"price\">13,95 \u20ac<\/p>\n            <\/div>\n        <\/div><div class=\"col-xs-6 col-sm-6 col-md-6 col-lg-4 item-product\">\n            <div class=\"product-list text-center\">\n                <p>\n                    <a class=\"product-blog-link\" href=\"https:\/\/www.rayuelainfancia.com\/album-ilustrado\/3143-la-historia-de-erika.html?utm_campaign=productBlogPost\" title=\"LA HISTORIA DE ERIKA\">\n                        <img src=\"\/\/www.rayuelainfancia.com\/10229-home_default\/la-historia-de-erika.jpg\" alt=\"LA HISTORIA DE ERIKA\" class=\"img-responsive\"><span>LA HISTORIA DE ERIKA<\/span><\/a>\n                <\/p>\n            <\/div>\n\n            <div class=\"acciones text-center\">\n                \n                <p class=\"price\">16,00 \u20ac<\/p>\n            <\/div>\n        <\/div><div class=\"col-xs-6 col-sm-6 col-md-6 col-lg-4 item-product\">\n            <div class=\"product-list text-center\">\n                <p>\n                    <a class=\"product-blog-link\" href=\"https:\/\/www.rayuelainfancia.com\/lecturas\/873-la-microguerra-de-todos-los-tiempos.html?utm_campaign=productBlogPost\" title=\"LA MICROGUERRA DE TODOS LOS TIEMPOS\">\n                        <img src=\"\/\/www.rayuelainfancia.com\/800-home_default\/la-microguerra-de-todos-los-tiempos.jpg\" alt=\"LA MICROGUERRA DE TODOS LOS TIEMPOS\" class=\"img-responsive\"><span>LA MICROGUERRA DE TODOS LOS TIEMPOS<\/span><\/a>\n                <\/p>\n            <\/div>\n\n            <div class=\"acciones text-center\">\n                \n                <p class=\"price\">14,90 \u20ac<\/p>\n            <\/div>\n        <\/div><div class=\"col-xs-6 col-sm-6 col-md-6 col-lg-4 item-product\">\n            <div class=\"product-list text-center\">\n                <p>\n                    <a class=\"product-blog-link\" href=\"https:\/\/www.rayuelainfancia.com\/primeros-lectores-5\/3139-la-paloma-mari-paz.html?utm_campaign=productBlogPost\" title=\"LA PALOMA MARI PAZ\">\n                        <img src=\"\/\/www.rayuelainfancia.com\/4362-home_default\/la-paloma-mari-paz.jpg\" alt=\"LA PALOMA MARI PAZ\" class=\"img-responsive\"><span>LA PALOMA MARI PAZ<\/span><\/a>\n                <\/p>\n            <\/div>\n\n            <div class=\"acciones text-center\">\n                \n                <p class=\"price\">6,95 \u20ac<\/p>\n            <\/div>\n        <\/div><div class=\"col-xs-6 col-sm-6 col-md-6 col-lg-4 item-product\">\n            <div class=\"product-list text-center\">\n                <p>\n                    <a class=\"product-blog-link\" href=\"https:\/\/www.rayuelainfancia.com\/album-ilustrado\/3144-los-de-arriba-y-los-de-abajo.html?utm_campaign=productBlogPost\" title=\"LOS DE ARRIBA Y LOS DE ABAJO\">\n                        <img src=\"\/\/www.rayuelainfancia.com\/4366-home_default\/los-de-arriba-y-los-de-abajo.jpg\" alt=\"LOS DE ARRIBA Y LOS DE ABAJO\" class=\"img-responsive\"><span>LOS DE ARRIBA Y LOS DE ABAJO<\/span><\/a>\n                <\/p>\n            <\/div>\n\n            <div class=\"acciones text-center\">\n                \n                <p class=\"price\">14,00 \u20ac<\/p>\n            <\/div>\n        <\/div><div class=\"col-xs-6 col-sm-6 col-md-6 col-lg-4 item-product\">\n            <div class=\"product-list text-center\">\n                <p>\n                    <a class=\"product-blog-link\" href=\"https:\/\/www.rayuelainfancia.com\/narrativa-juvenil-12\/3145-mi-hermana-vive-sobre-la-repisa-de-la-chimenea.html?utm_campaign=productBlogPost\" title=\"MI HERMANA VIVE SOBRE LA REPISA DE LA CHIMENEA\">\n                        <img src=\"\/\/www.rayuelainfancia.com\/4367-home_default\/mi-hermana-vive-sobre-la-repisa-de-la-chimenea.jpg\" alt=\"MI HERMANA VIVE SOBRE LA REPISA DE LA CHIMENEA\" class=\"img-responsive\"><span>MI HERMANA VIVE SOBRE LA REPISA DE LA CHIMENEA<\/span><\/a>\n                <\/p>\n            <\/div>\n\n            <div class=\"acciones text-center\">\n                \n                <p class=\"price\">13,95 \u20ac<\/p>\n            <\/div>\n        <\/div><div class=\"col-xs-6 col-sm-6 col-md-6 col-lg-4 item-product\">\n            <div class=\"product-list text-center\">\n                <p>\n                    <a class=\"product-blog-link\" href=\"https:\/\/www.rayuelainfancia.com\/conocimiento\/2917-pequenos-grandes-gestos-contra-la-discriminacion.html?utm_campaign=productBlogPost\" title=\"PEQUE  OS GRANDES GESTOS CONTRA LA DISCRIMINACI  N\">\n                        <img src=\"\/\/www.rayuelainfancia.com\/4069-home_default\/pequenos-grandes-gestos-contra-la-discriminacion.jpg\" alt=\"PEQUE  OS GRANDES GESTOS CONTRA LA DISCRIMINACI  N\" class=\"img-responsive\"><span>PEQUE\u00d1OS GRANDES GESTOS CONTRA LA DISCRIMINACI\u00d3N<\/span><\/a>\n                <\/p>\n            <\/div>\n\n            <div class=\"acciones text-center\">\n                \n                <p class=\"price\">16,00 \u20ac<\/p>\n            <\/div>\n        <\/div><div class=\"col-xs-6 col-sm-6 col-md-6 col-lg-4 item-product\">\n            <div class=\"product-list text-center\">\n                <p>\n                    <a class=\"product-blog-link\" href=\"https:\/\/www.rayuelainfancia.com\/conocimiento\/1956-pequenos-grandes-gestos-por-la-tolerancia.html?utm_campaign=productBlogPost\" title=\"PEQUE  OS GRANDES GESTOS POR LA TOLERANCIA\">\n                        <img src=\"\/\/www.rayuelainfancia.com\/3126-home_default\/pequenos-grandes-gestos-por-la-tolerancia.jpg\" alt=\"PEQUE  OS GRANDES GESTOS POR LA TOLERANCIA\" class=\"img-responsive\"><span>PEQUE\u00d1OS GRANDES GESTOS POR LA TOLERANCIA<\/span><\/a>\n                <\/p>\n            <\/div>\n\n            <div class=\"acciones text-center\">\n                \n                <p class=\"price\">16,00 \u20ac<\/p>\n            <\/div>\n        <\/div><div class=\"col-xs-6 col-sm-6 col-md-6 col-lg-4 item-product\">\n            <div class=\"product-list text-center\">\n                <p>\n                    <a class=\"product-blog-link\" href=\"https:\/\/www.rayuelainfancia.com\/musica\/512-rolf-flor-en-londres-con-cd.html?utm_campaign=productBlogPost\" title=\"ROLF   FLOR EN LONDRES CON CD\">\n                        <img src=\"\/\/www.rayuelainfancia.com\/452-home_default\/rolf-flor-en-londres-con-cd.jpg\" alt=\"ROLF   FLOR EN LONDRES CON CD\" class=\"img-responsive\"><span>ROLF & FLOR EN LONDRES CON CD<\/span><\/a>\n                <\/p>\n            <\/div>\n\n            <div class=\"acciones text-center\">\n                \n                <p class=\"price\">19,90 \u20ac<\/p>\n            <\/div>\n        <\/div><\/div>\n<p>&nbsp;<\/p>\n","protected":false},"excerpt":{"rendered":"<p>Hemos preparado un pu\u00f1ado de interesantes lecturas sobre la Paz y la No Violencia, en el intento de que ni\u00f1as y ni\u00f1os crezcan cada vez m\u00e1s tolerantes con las diferencias de raza, cultura y formas humanas de hacer y de sentir. Son hermosas y sobre todo, son necesarias.<\/p>\n","protected":false},"author":6,"featured_media":1438,"comment_status":"open","ping_status":"open","sticky":false,"template":"","format":"standard","meta":[],"categories":[18],"tags":[],"yoast_head":"<!-- This site is optimized with the Yoast SEO plugin v18.5.1 - https:\/\/yoast.com\/wordpress\/plugins\/seo\/ -->\n<title>30 DE ENERO, PAZ Y NO-VIOLENCIA &#8902; Blog de Rayuelainfancia<\/title>\n<meta name=\"robots\" content=\"index, follow, max-snippet:-1, max-image-preview:large, max-video-preview:-1\" \/>\n<link rel=\"canonical\" href=\"https:\/\/www.rayuelainfancia.com\/blog\/30-enero-paz-no-violencia\/\" \/>\n<meta property=\"og:locale\" content=\"es_ES\" \/>\n<meta property=\"og:type\" content=\"article\" \/>\n<meta property=\"og:title\" content=\"30 DE ENERO, PAZ Y NO-VIOLENCIA &#8902; Blog de Rayuelainfancia\" \/>\n<meta property=\"og:description\" content=\"Hemos preparado un pu\u00f1ado de interesantes lecturas sobre la Paz y la No Violencia, en el intento de que ni\u00f1as y ni\u00f1os crezcan cada vez m\u00e1s tolerantes con las diferencias de raza, cultura y formas humanas de hacer y de sentir. Son hermosas y sobre todo, son necesarias.\" \/>\n<meta property=\"og:url\" content=\"https:\/\/www.rayuelainfancia.com\/blog\/30-enero-paz-no-violencia\/\" \/>\n<meta property=\"og:site_name\" content=\"Blog de Rayuelainfancia\" \/>\n<meta property=\"article:publisher\" content=\"https:\/\/www.facebook.com\/pages\/Librer\u00eda-Rayuela\/251861686361\" \/>\n<meta property=\"article:published_time\" content=\"2017-01-23T17:12:42+00:00\" \/>\n<meta property=\"article:modified_time\" content=\"2017-01-24T11:01:12+00:00\" \/>\n<meta property=\"og:image\" content=\"https:\/\/www.rayuelainfancia.com\/blog\/wp-content\/uploads\/2017\/01\/30-enero-paz-no-violencia.jpg\" \/>\n\t<meta property=\"og:image:width\" content=\"1200\" \/>\n\t<meta property=\"og:image:height\" content=\"630\" \/>\n\t<meta property=\"og:image:type\" content=\"image\/jpeg\" \/>\n<meta name=\"twitter:card\" content=\"summary\" \/>\n<meta name=\"twitter:creator\" content=\"@Rayuelainfancia\" \/>\n<meta name=\"twitter:site\" content=\"@Rayuelainfancia\" \/>\n<meta name=\"twitter:label1\" content=\"Written by\" \/>\n\t<meta name=\"twitter:data1\" content=\"Rayuelainfancia\" \/>\n<script type=\"application\/ld+json\" class=\"yoast-schema-graph\">{\"@context\":\"https:\/\/schema.org\",\"@graph\":[{\"@type\":\"Organization\",\"@id\":\"https:\/\/www.rayuelainfancia.com\/blog\/#organization\",\"name\":\"Rayuelainfancia\",\"url\":\"https:\/\/www.rayuelainfancia.com\/blog\/\",\"sameAs\":[\"https:\/\/www.facebook.com\/pages\/Librer\u00eda-Rayuela\/251861686361\",\"https:\/\/www.youtube.com\/channel\/UCddVaoDjpTp-DexyEVoyazQ\",\"https:\/\/twitter.com\/Rayuelainfancia\"],\"logo\":{\"@type\":\"ImageObject\",\"@id\":\"https:\/\/www.rayuelainfancia.com\/blog\/#logo\",\"inLanguage\":\"es\",\"url\":\"https:\/\/www.rayuelainfancia.com\/blog\/wp-content\/uploads\/2018\/06\/logo-rayuelainfancia-color-corporativo.png\",\"contentUrl\":\"https:\/\/www.rayuelainfancia.com\/blog\/wp-content\/uploads\/2018\/06\/logo-rayuelainfancia-color-corporativo.png\",\"width\":1200,\"height\":680,\"caption\":\"Rayuelainfancia\"},\"image\":{\"@id\":\"https:\/\/www.rayuelainfancia.com\/blog\/#logo\"}},{\"@type\":\"WebSite\",\"@id\":\"https:\/\/www.rayuelainfancia.com\/blog\/#website\",\"url\":\"https:\/\/www.rayuelainfancia.com\/blog\/\",\"name\":\"Blog de Rayuelainfancia\",\"description\":\"Libros infantiles y juegos educaticos respestuosos con la infancia\",\"publisher\":{\"@id\":\"https:\/\/www.rayuelainfancia.com\/blog\/#organization\"},\"potentialAction\":[{\"@type\":\"SearchAction\",\"target\":{\"@type\":\"EntryPoint\",\"urlTemplate\":\"https:\/\/www.rayuelainfancia.com\/blog\/?s={search_term_string}\"},\"query-input\":\"required name=search_term_string\"}],\"inLanguage\":\"es\"},{\"@type\":\"ImageObject\",\"@id\":\"https:\/\/www.rayuelainfancia.com\/blog\/30-enero-paz-no-violencia\/#primaryimage\",\"inLanguage\":\"es\",\"url\":\"https:\/\/www.rayuelainfancia.com\/blog\/wp-content\/uploads\/2017\/01\/30-enero-paz-no-violencia.jpg\",\"contentUrl\":\"https:\/\/www.rayuelainfancia.com\/blog\/wp-content\/uploads\/2017\/01\/30-enero-paz-no-violencia.jpg\",\"width\":1200,\"height\":630},{\"@type\":\"WebPage\",\"@id\":\"https:\/\/www.rayuelainfancia.com\/blog\/30-enero-paz-no-violencia\/#webpage\",\"url\":\"https:\/\/www.rayuelainfancia.com\/blog\/30-enero-paz-no-violencia\/\",\"name\":\"30 DE ENERO, PAZ Y NO-VIOLENCIA &#8902; Blog de Rayuelainfancia\",\"isPartOf\":{\"@id\":\"https:\/\/www.rayuelainfancia.com\/blog\/#website\"},\"primaryImageOfPage\":{\"@id\":\"https:\/\/www.rayuelainfancia.com\/blog\/30-enero-paz-no-violencia\/#primaryimage\"},\"datePublished\":\"2017-01-23T17:12:42+00:00\",\"dateModified\":\"2017-01-24T11:01:12+00:00\",\"breadcrumb\":{\"@id\":\"https:\/\/www.rayuelainfancia.com\/blog\/30-enero-paz-no-violencia\/#breadcrumb\"},\"inLanguage\":\"es\",\"potentialAction\":[{\"@type\":\"ReadAction\",\"target\":[\"https:\/\/www.rayuelainfancia.com\/blog\/30-enero-paz-no-violencia\/\"]}]},{\"@type\":\"BreadcrumbList\",\"@id\":\"https:\/\/www.rayuelainfancia.com\/blog\/30-enero-paz-no-violencia\/#breadcrumb\",\"itemListElement\":[{\"@type\":\"ListItem\",\"position\":1,\"name\":\"Portada\",\"item\":\"https:\/\/www.rayuelainfancia.com\/blog\/\"},{\"@type\":\"ListItem\",\"position\":2,\"name\":\"30 DE ENERO, PAZ Y NO-VIOLENCIA\"}]},{\"@type\":\"Article\",\"@id\":\"https:\/\/www.rayuelainfancia.com\/blog\/30-enero-paz-no-violencia\/#article\",\"isPartOf\":{\"@id\":\"https:\/\/www.rayuelainfancia.com\/blog\/30-enero-paz-no-violencia\/#webpage\"},\"author\":{\"@id\":\"https:\/\/www.rayuelainfancia.com\/blog\/#\/schema\/person\/c1aff250c5154e35f53f26d0eba10c45\"},\"headline\":\"30 DE ENERO, PAZ Y NO-VIOLENCIA\",\"datePublished\":\"2017-01-23T17:12:42+00:00\",\"dateModified\":\"2017-01-24T11:01:12+00:00\",\"mainEntityOfPage\":{\"@id\":\"https:\/\/www.rayuelainfancia.com\/blog\/30-enero-paz-no-violencia\/#webpage\"},\"wordCount\":72,\"commentCount\":0,\"publisher\":{\"@id\":\"https:\/\/www.rayuelainfancia.com\/blog\/#organization\"},\"image\":{\"@id\":\"https:\/\/www.rayuelainfancia.com\/blog\/30-enero-paz-no-violencia\/#primaryimage\"},\"thumbnailUrl\":\"https:\/\/www.rayuelainfancia.com\/blog\/wp-content\/uploads\/2017\/01\/30-enero-paz-no-violencia.jpg\",\"articleSection\":[\"Actividades Cuentacuentos\"],\"inLanguage\":\"es\",\"potentialAction\":[{\"@type\":\"CommentAction\",\"name\":\"Comment\",\"target\":[\"https:\/\/www.rayuelainfancia.com\/blog\/30-enero-paz-no-violencia\/#respond\"]}]},{\"@type\":\"Person\",\"@id\":\"https:\/\/www.rayuelainfancia.com\/blog\/#\/schema\/person\/c1aff250c5154e35f53f26d0eba10c45\",\"name\":\"Rayuelainfancia\",\"image\":{\"@type\":\"ImageObject\",\"@id\":\"https:\/\/www.rayuelainfancia.com\/blog\/#personlogo\",\"inLanguage\":\"es\",\"url\":\"https:\/\/secure.gravatar.com\/avatar\/8bf03e7a4bb13ca5c7d0dc6acde2bfd1?s=96&d=mm&r=g\",\"contentUrl\":\"https:\/\/secure.gravatar.com\/avatar\/8bf03e7a4bb13ca5c7d0dc6acde2bfd1?s=96&d=mm&r=g\",\"caption\":\"Rayuelainfancia\"}}]}<\/script>\n<!-- \/ Yoast SEO plugin. -->","yoast_head_json":{"title":"30 DE ENERO, PAZ Y NO-VIOLENCIA &#8902; Blog de Rayuelainfancia","robots":{"index":"index","follow":"follow","max-snippet":"max-snippet:-1","max-image-preview":"max-image-preview:large","max-video-preview":"max-video-preview:-1"},"canonical":"https:\/\/www.rayuelainfancia.com\/blog\/30-enero-paz-no-violencia\/","og_locale":"es_ES","og_type":"article","og_title":"30 DE ENERO, PAZ Y NO-VIOLENCIA &#8902; Blog de Rayuelainfancia","og_description":"Hemos preparado un pu\u00f1ado de interesantes lecturas sobre la Paz y la No Violencia, en el intento de que ni\u00f1as y ni\u00f1os crezcan cada vez m\u00e1s tolerantes con las diferencias de raza, cultura y formas humanas de hacer y de sentir. Son hermosas y sobre todo, son necesarias.","og_url":"https:\/\/www.rayuelainfancia.com\/blog\/30-enero-paz-no-violencia\/","og_site_name":"Blog de Rayuelainfancia","article_publisher":"https:\/\/www.facebook.com\/pages\/Librer\u00eda-Rayuela\/251861686361","article_published_time":"2017-01-23T17:12:42+00:00","article_modified_time":"2017-01-24T11:01:12+00:00","og_image":[{"width":1200,"height":630,"url":"https:\/\/www.rayuelainfancia.com\/blog\/wp-content\/uploads\/2017\/01\/30-enero-paz-no-violencia.jpg","type":"image\/jpeg"}],"twitter_card":"summary","twitter_creator":"@Rayuelainfancia","twitter_site":"@Rayuelainfancia","twitter_misc":{"Written by":"Rayuelainfancia"},"schema":{"@context":"https:\/\/schema.org","@graph":[{"@type":"Organization","@id":"https:\/\/www.rayuelainfancia.com\/blog\/#organization","name":"Rayuelainfancia","url":"https:\/\/www.rayuelainfancia.com\/blog\/","sameAs":["https:\/\/www.facebook.com\/pages\/Librer\u00eda-Rayuela\/251861686361","https:\/\/www.youtube.com\/channel\/UCddVaoDjpTp-DexyEVoyazQ","https:\/\/twitter.com\/Rayuelainfancia"],"logo":{"@type":"ImageObject","@id":"https:\/\/www.rayuelainfancia.com\/blog\/#logo","inLanguage":"es","url":"https:\/\/www.rayuelainfancia.com\/blog\/wp-content\/uploads\/2018\/06\/logo-rayuelainfancia-color-corporativo.png","contentUrl":"https:\/\/www.rayuelainfancia.com\/blog\/wp-content\/uploads\/2018\/06\/logo-rayuelainfancia-color-corporativo.png","width":1200,"height":680,"caption":"Rayuelainfancia"},"image":{"@id":"https:\/\/www.rayuelainfancia.com\/blog\/#logo"}},{"@type":"WebSite","@id":"https:\/\/www.rayuelainfancia.com\/blog\/#website","url":"https:\/\/www.rayuelainfancia.com\/blog\/","name":"Blog de Rayuelainfancia","description":"Libros infantiles y juegos educaticos respestuosos con la infancia","publisher":{"@id":"https:\/\/www.rayuelainfancia.com\/blog\/#organization"},"potentialAction":[{"@type":"SearchAction","target":{"@type":"EntryPoint","urlTemplate":"https:\/\/www.rayuelainfancia.com\/blog\/?s={search_term_string}"},"query-input":"required name=search_term_string"}],"inLanguage":"es"},{"@type":"ImageObject","@id":"https:\/\/www.rayuelainfancia.com\/blog\/30-enero-paz-no-violencia\/#primaryimage","inLanguage":"es","url":"https:\/\/www.rayuelainfancia.com\/blog\/wp-content\/uploads\/2017\/01\/30-enero-paz-no-violencia.jpg","contentUrl":"https:\/\/www.rayuelainfancia.com\/blog\/wp-content\/uploads\/2017\/01\/30-enero-paz-no-violencia.jpg","width":1200,"height":630},{"@type":"WebPage","@id":"https:\/\/www.rayuelainfancia.com\/blog\/30-enero-paz-no-violencia\/#webpage","url":"https:\/\/www.rayuelainfancia.com\/blog\/30-enero-paz-no-violencia\/","name":"30 DE ENERO, PAZ Y NO-VIOLENCIA &#8902; Blog de Rayuelainfancia","isPartOf":{"@id":"https:\/\/www.rayuelainfancia.com\/blog\/#website"},"primaryImageOfPage":{"@id":"https:\/\/www.rayuelainfancia.com\/blog\/30-enero-paz-no-violencia\/#primaryimage"},"datePublished":"2017-01-23T17:12:42+00:00","dateModified":"2017-01-24T11:01:12+00:00","breadcrumb":{"@id":"https:\/\/www.rayuelainfancia.com\/blog\/30-enero-paz-no-violencia\/#breadcrumb"},"inLanguage":"es","potentialAction":[{"@type":"ReadAction","target":["https:\/\/www.rayuelainfancia.com\/blog\/30-enero-paz-no-violencia\/"]}]},{"@type":"BreadcrumbList","@id":"https:\/\/www.rayuelainfancia.com\/blog\/30-enero-paz-no-violencia\/#breadcrumb","itemListElement":[{"@type":"ListItem","position":1,"name":"Portada","item":"https:\/\/www.rayuelainfancia.com\/blog\/"},{"@type":"ListItem","position":2,"name":"30 DE ENERO, PAZ Y NO-VIOLENCIA"}]},{"@type":"Article","@id":"https:\/\/www.rayuelainfancia.com\/blog\/30-enero-paz-no-violencia\/#article","isPartOf":{"@id":"https:\/\/www.rayuelainfancia.com\/blog\/30-enero-paz-no-violencia\/#webpage"},"author":{"@id":"https:\/\/www.rayuelainfancia.com\/blog\/#\/schema\/person\/c1aff250c5154e35f53f26d0eba10c45"},"headline":"30 DE ENERO, PAZ Y NO-VIOLENCIA","datePublished":"2017-01-23T17:12:42+00:00","dateModified":"2017-01-24T11:01:12+00:00","mainEntityOfPage":{"@id":"https:\/\/www.rayuelainfancia.com\/blog\/30-enero-paz-no-violencia\/#webpage"},"wordCount":72,"commentCount":0,"publisher":{"@id":"https:\/\/www.rayuelainfancia.com\/blog\/#organization"},"image":{"@id":"https:\/\/www.rayuelainfancia.com\/blog\/30-enero-paz-no-violencia\/#primaryimage"},"thumbnailUrl":"https:\/\/www.rayuelainfancia.com\/blog\/wp-content\/uploads\/2017\/01\/30-enero-paz-no-violencia.jpg","articleSection":["Actividades Cuentacuentos"],"inLanguage":"es","potentialAction":[{"@type":"CommentAction","name":"Comment","target":["https:\/\/www.rayuelainfancia.com\/blog\/30-enero-paz-no-violencia\/#respond"]}]},{"@type":"Person","@id":"https:\/\/www.rayuelainfancia.com\/blog\/#\/schema\/person\/c1aff250c5154e35f53f26d0eba10c45","name":"Rayuelainfancia","image":{"@type":"ImageObject","@id":"https:\/\/www.rayuelainfancia.com\/blog\/#personlogo","inLanguage":"es","url":"https:\/\/secure.gravatar.com\/avatar\/8bf03e7a4bb13ca5c7d0dc6acde2bfd1?s=96&d=mm&r=g","contentUrl":"https:\/\/secure.gravatar.com\/avatar\/8bf03e7a4bb13ca5c7d0dc6acde2bfd1?s=96&d=mm&r=g","caption":"Rayuelainfancia"}}]}},"_links":{"self":[{"href":"https:\/\/www.rayuelainfancia.com\/blog\/wp-json\/wp\/v2\/posts\/1431"}],"collection":[{"href":"https:\/\/www.rayuelainfancia.com\/blog\/wp-json\/wp\/v2\/posts"}],"about":[{"href":"https:\/\/www.rayuelainfancia.com\/blog\/wp-json\/wp\/v2\/types\/post"}],"author":[{"embeddable":true,"href":"https:\/\/www.rayuelainfancia.com\/blog\/wp-json\/wp\/v2\/users\/6"}],"replies":[{"embeddable":true,"href":"https:\/\/www.rayuelainfancia.com\/blog\/wp-json\/wp\/v2\/comments?post=1431"}],"version-history":[{"count":4,"href":"https:\/\/www.rayuelainfancia.com\/blog\/wp-json\/wp\/v2\/posts\/1431\/revisions"}],"predecessor-version":[{"id":1442,"href":"https:\/\/www.rayuelainfancia.com\/blog\/wp-json\/wp\/v2\/posts\/1431\/revisions\/1442"}],"wp:featuredmedia":[{"embeddable":true,"href":"https:\/\/www.rayuelainfancia.com\/blog\/wp-json\/wp\/v2\/media\/1438"}],"wp:attachment":[{"href":"https:\/\/www.rayuelainfancia.com\/blog\/wp-json\/wp\/v2\/media?parent=1431"}],"wp:term":[{"taxonomy":"category","embeddable":true,"href":"https:\/\/www.rayuelainfancia.com\/blog\/wp-json\/wp\/v2\/categories?post=1431"},{"taxonomy":"post_tag","embeddable":true,"href":"https:\/\/www.rayuelainfancia.com\/blog\/wp-json\/wp\/v2\/tags?post=1431"}],"curies":[{"name":"wp","href":"https:\/\/api.w.org\/{rel}","templated":true}]}}