 {"id":141,"date":"2016-11-19T14:38:06","date_gmt":"2016-11-19T13:38:06","guid":{"rendered":"http:\/\/rayuelainfancia.desarrollotrevenque.com\/blog\/?p=141"},"modified":"2016-12-14T10:26:50","modified_gmt":"2016-12-14T09:26:50","slug":"el-ladron-de-sombreros","status":"publish","type":"post","link":"https:\/\/www.rayuelainfancia.com\/blog\/el-ladron-de-sombreros\/","title":{"rendered":"EL LADR\u00d3N DE SOMBREROS"},"content":{"rendered":"<div style=\"text-align: center;\"><img loading=\"lazy\" class=\" size-full wp-image-784\" style=\"border-image: initial; border: 1px solid #000000;\" src=\"http:\/\/rayuelainfancia.desarrollotrevenque.com\/blog\/wp-content\/uploads\/2010\/02\/ladron.jpg\" alt=\"ladron\" width=\"209\" height=\"300\" srcset=\"https:\/\/www.rayuelainfancia.com\/blog\/wp-content\/uploads\/2010\/02\/ladron.jpg 279w, https:\/\/www.rayuelainfancia.com\/blog\/wp-content\/uploads\/2010\/02\/ladron-209x300.jpg 209w\" sizes=\"(max-width: 209px) 100vw, 209px\" \/><\/div>\n<div style=\"text-align: center;\">&nbsp;<\/div>\n<div style=\"text-align: left;\"><span style=\"font-size: 10pt; font-family: verdana, geneva;\">Un t\u00edtulo sugerente para un relato misterioso. Un buen d\u00eda como cualquier otro de los de una hermosa ciudad, ocurre un suceso que impacta a todos los ciudadanos: los sombreros y chisteras de todos los transe\u00fantes salen volando como por arte de magia y suben y suben, trepan y trepan en direcci\u00f3n hacia el cielo. La pamela de la bella se\u00f1orita Frida, el bomb\u00edn de Don Cosme, un tocado de una novia que queda desolada y triste en su d\u00eda de boda&#8230; Mientras todas y todos conjeturan acerca de qui\u00e9n o qui\u00e9nes son los ladrones que han urdido semejante plan, una gran nube con forma gigantesca de sombrero vuela a trav\u00e9s de lagos, ciudades, monta\u00f1as, hasta llegar a un bosque quemado. All\u00ed derrama sus sombreros como lluvia de nidos que se posan en las ramas quemadas y que llenan de esperanza a las aves que regresan de \u00c1frica y que se han quedado sin hogar.<\/span><\/div>\n<p style=\"text-align: left;\"><span style=\"font-size: 10pt; font-family: verdana, geneva;\">Rafa Vivas y Susana Sutherland, ilustran y escriben este \u00e1lbum en el que las palabras se convierten en im\u00e1genes y las im\u00e1genes destilan palabras. Editado por Edelvives, ha recibido el primer premio en el III Concurso internacional de \u00c1lbum ilustrado de la Biblioteca Insular Cabildo de Gran Canaria.<\/span><\/p>\n<p><span style=\"font-size: 10pt; font-family: verdana, geneva;\">Para todas y todos, desde los 5 hasta los 105 a\u00f1os de edad, que queramos disfrutar de su lectura y de un mensaje de colaboraci\u00f3n y solidaridad entre la naturaleza y el hombre.<\/span><\/p>\n","protected":false},"excerpt":{"rendered":"<p>&nbsp; Un t\u00edtulo sugerente para un relato misterioso. Un buen d\u00eda como cualquier otro de los de una hermosa ciudad, ocurre un suceso que impacta a todos los ciudadanos: los sombreros y chisteras de todos los transe\u00fantes salen volando como por arte de magia y suben y suben, trepan y trepan en direcci\u00f3n hacia el [&hellip;]<\/p>\n","protected":false},"author":3,"featured_media":784,"comment_status":"open","ping_status":"open","sticky":false,"template":"","format":"standard","meta":[],"categories":[18],"tags":[],"yoast_head":"<!-- This site is optimized with the Yoast SEO plugin v18.5.1 - https:\/\/yoast.com\/wordpress\/plugins\/seo\/ -->\n<title>EL LADR\u00d3N DE SOMBREROS &#8902; Blog de Rayuelainfancia<\/title>\n<meta name=\"robots\" content=\"index, follow, max-snippet:-1, max-image-preview:large, max-video-preview:-1\" \/>\n<link rel=\"canonical\" href=\"https:\/\/www.rayuelainfancia.com\/blog\/el-ladron-de-sombreros\/\" \/>\n<meta property=\"og:locale\" content=\"es_ES\" \/>\n<meta property=\"og:type\" content=\"article\" \/>\n<meta property=\"og:title\" content=\"EL LADR\u00d3N DE SOMBREROS &#8902; Blog de Rayuelainfancia\" \/>\n<meta property=\"og:description\" content=\"&nbsp; Un t\u00edtulo sugerente para un relato misterioso. Un buen d\u00eda como cualquier otro de los de una hermosa ciudad, ocurre un suceso que impacta a todos los ciudadanos: los sombreros y chisteras de todos los transe\u00fantes salen volando como por arte de magia y suben y suben, trepan y trepan en direcci\u00f3n hacia el [&hellip;]\" \/>\n<meta property=\"og:url\" content=\"https:\/\/www.rayuelainfancia.com\/blog\/el-ladron-de-sombreros\/\" \/>\n<meta property=\"og:site_name\" content=\"Blog de Rayuelainfancia\" \/>\n<meta property=\"article:publisher\" content=\"https:\/\/www.facebook.com\/pages\/Librer\u00eda-Rayuela\/251861686361\" \/>\n<meta property=\"article:published_time\" content=\"2016-11-19T13:38:06+00:00\" \/>\n<meta property=\"article:modified_time\" content=\"2016-12-14T09:26:50+00:00\" \/>\n<meta property=\"og:image\" content=\"https:\/\/www.rayuelainfancia.com\/blog\/wp-content\/uploads\/2010\/02\/ladron.jpg\" \/>\n\t<meta property=\"og:image:width\" content=\"279\" \/>\n\t<meta property=\"og:image:height\" content=\"400\" \/>\n\t<meta property=\"og:image:type\" content=\"image\/jpeg\" \/>\n<meta name=\"twitter:card\" content=\"summary\" \/>\n<meta name=\"twitter:creator\" content=\"@Rayuelainfancia\" \/>\n<meta name=\"twitter:site\" content=\"@Rayuelainfancia\" \/>\n<meta name=\"twitter:label1\" content=\"Written by\" \/>\n\t<meta name=\"twitter:data1\" content=\"Miguel Escalera Nieto\" \/>\n\t<meta name=\"twitter:label2\" content=\"Est. reading time\" \/>\n\t<meta name=\"twitter:data2\" content=\"1 minuto\" \/>\n<script type=\"application\/ld+json\" class=\"yoast-schema-graph\">{\"@context\":\"https:\/\/schema.org\",\"@graph\":[{\"@type\":\"Organization\",\"@id\":\"https:\/\/www.rayuelainfancia.com\/blog\/#organization\",\"name\":\"Rayuelainfancia\",\"url\":\"https:\/\/www.rayuelainfancia.com\/blog\/\",\"sameAs\":[\"https:\/\/www.facebook.com\/pages\/Librer\u00eda-Rayuela\/251861686361\",\"https:\/\/www.youtube.com\/channel\/UCddVaoDjpTp-DexyEVoyazQ\",\"https:\/\/twitter.com\/Rayuelainfancia\"],\"logo\":{\"@type\":\"ImageObject\",\"@id\":\"https:\/\/www.rayuelainfancia.com\/blog\/#logo\",\"inLanguage\":\"es\",\"url\":\"https:\/\/www.rayuelainfancia.com\/blog\/wp-content\/uploads\/2018\/06\/logo-rayuelainfancia-color-corporativo.png\",\"contentUrl\":\"https:\/\/www.rayuelainfancia.com\/blog\/wp-content\/uploads\/2018\/06\/logo-rayuelainfancia-color-corporativo.png\",\"width\":1200,\"height\":680,\"caption\":\"Rayuelainfancia\"},\"image\":{\"@id\":\"https:\/\/www.rayuelainfancia.com\/blog\/#logo\"}},{\"@type\":\"WebSite\",\"@id\":\"https:\/\/www.rayuelainfancia.com\/blog\/#website\",\"url\":\"https:\/\/www.rayuelainfancia.com\/blog\/\",\"name\":\"Blog de Rayuelainfancia\",\"description\":\"Libros infantiles y juegos educaticos respestuosos con la infancia\",\"publisher\":{\"@id\":\"https:\/\/www.rayuelainfancia.com\/blog\/#organization\"},\"potentialAction\":[{\"@type\":\"SearchAction\",\"target\":{\"@type\":\"EntryPoint\",\"urlTemplate\":\"https:\/\/www.rayuelainfancia.com\/blog\/?s={search_term_string}\"},\"query-input\":\"required name=search_term_string\"}],\"inLanguage\":\"es\"},{\"@type\":\"ImageObject\",\"@id\":\"https:\/\/www.rayuelainfancia.com\/blog\/el-ladron-de-sombreros\/#primaryimage\",\"inLanguage\":\"es\",\"url\":\"https:\/\/www.rayuelainfancia.com\/blog\/wp-content\/uploads\/2010\/02\/ladron.jpg\",\"contentUrl\":\"https:\/\/www.rayuelainfancia.com\/blog\/wp-content\/uploads\/2010\/02\/ladron.jpg\",\"width\":279,\"height\":400,\"caption\":\"ladron\"},{\"@type\":\"WebPage\",\"@id\":\"https:\/\/www.rayuelainfancia.com\/blog\/el-ladron-de-sombreros\/#webpage\",\"url\":\"https:\/\/www.rayuelainfancia.com\/blog\/el-ladron-de-sombreros\/\",\"name\":\"EL LADR\u00d3N DE SOMBREROS &#8902; Blog de Rayuelainfancia\",\"isPartOf\":{\"@id\":\"https:\/\/www.rayuelainfancia.com\/blog\/#website\"},\"primaryImageOfPage\":{\"@id\":\"https:\/\/www.rayuelainfancia.com\/blog\/el-ladron-de-sombreros\/#primaryimage\"},\"datePublished\":\"2016-11-19T13:38:06+00:00\",\"dateModified\":\"2016-12-14T09:26:50+00:00\",\"breadcrumb\":{\"@id\":\"https:\/\/www.rayuelainfancia.com\/blog\/el-ladron-de-sombreros\/#breadcrumb\"},\"inLanguage\":\"es\",\"potentialAction\":[{\"@type\":\"ReadAction\",\"target\":[\"https:\/\/www.rayuelainfancia.com\/blog\/el-ladron-de-sombreros\/\"]}]},{\"@type\":\"BreadcrumbList\",\"@id\":\"https:\/\/www.rayuelainfancia.com\/blog\/el-ladron-de-sombreros\/#breadcrumb\",\"itemListElement\":[{\"@type\":\"ListItem\",\"position\":1,\"name\":\"Portada\",\"item\":\"https:\/\/www.rayuelainfancia.com\/blog\/\"},{\"@type\":\"ListItem\",\"position\":2,\"name\":\"EL LADR\u00d3N DE SOMBREROS\"}]},{\"@type\":\"Article\",\"@id\":\"https:\/\/www.rayuelainfancia.com\/blog\/el-ladron-de-sombreros\/#article\",\"isPartOf\":{\"@id\":\"https:\/\/www.rayuelainfancia.com\/blog\/el-ladron-de-sombreros\/#webpage\"},\"author\":{\"@id\":\"https:\/\/www.rayuelainfancia.com\/blog\/#\/schema\/person\/41147ec5e3c2cc1be6e2c4520a099ebb\"},\"headline\":\"EL LADR\u00d3N DE SOMBREROS\",\"datePublished\":\"2016-11-19T13:38:06+00:00\",\"dateModified\":\"2016-12-14T09:26:50+00:00\",\"mainEntityOfPage\":{\"@id\":\"https:\/\/www.rayuelainfancia.com\/blog\/el-ladron-de-sombreros\/#webpage\"},\"wordCount\":255,\"commentCount\":0,\"publisher\":{\"@id\":\"https:\/\/www.rayuelainfancia.com\/blog\/#organization\"},\"image\":{\"@id\":\"https:\/\/www.rayuelainfancia.com\/blog\/el-ladron-de-sombreros\/#primaryimage\"},\"thumbnailUrl\":\"https:\/\/www.rayuelainfancia.com\/blog\/wp-content\/uploads\/2010\/02\/ladron.jpg\",\"articleSection\":[\"Actividades Cuentacuentos\"],\"inLanguage\":\"es\",\"potentialAction\":[{\"@type\":\"CommentAction\",\"name\":\"Comment\",\"target\":[\"https:\/\/www.rayuelainfancia.com\/blog\/el-ladron-de-sombreros\/#respond\"]}]},{\"@type\":\"Person\",\"@id\":\"https:\/\/www.rayuelainfancia.com\/blog\/#\/schema\/person\/41147ec5e3c2cc1be6e2c4520a099ebb\",\"name\":\"Miguel Escalera Nieto\",\"image\":{\"@type\":\"ImageObject\",\"@id\":\"https:\/\/www.rayuelainfancia.com\/blog\/#personlogo\",\"inLanguage\":\"es\",\"url\":\"https:\/\/secure.gravatar.com\/avatar\/73bd613c804680e46df318e272f0e837?s=96&d=mm&r=g\",\"contentUrl\":\"https:\/\/secure.gravatar.com\/avatar\/73bd613c804680e46df318e272f0e837?s=96&d=mm&r=g\",\"caption\":\"Miguel Escalera Nieto\"}}]}<\/script>\n<!-- \/ Yoast SEO plugin. -->","yoast_head_json":{"title":"EL LADR\u00d3N DE SOMBREROS &#8902; Blog de Rayuelainfancia","robots":{"index":"index","follow":"follow","max-snippet":"max-snippet:-1","max-image-preview":"max-image-preview:large","max-video-preview":"max-video-preview:-1"},"canonical":"https:\/\/www.rayuelainfancia.com\/blog\/el-ladron-de-sombreros\/","og_locale":"es_ES","og_type":"article","og_title":"EL LADR\u00d3N DE SOMBREROS &#8902; Blog de Rayuelainfancia","og_description":"&nbsp; Un t\u00edtulo sugerente para un relato misterioso. Un buen d\u00eda como cualquier otro de los de una hermosa ciudad, ocurre un suceso que impacta a todos los ciudadanos: los sombreros y chisteras de todos los transe\u00fantes salen volando como por arte de magia y suben y suben, trepan y trepan en direcci\u00f3n hacia el [&hellip;]","og_url":"https:\/\/www.rayuelainfancia.com\/blog\/el-ladron-de-sombreros\/","og_site_name":"Blog de Rayuelainfancia","article_publisher":"https:\/\/www.facebook.com\/pages\/Librer\u00eda-Rayuela\/251861686361","article_published_time":"2016-11-19T13:38:06+00:00","article_modified_time":"2016-12-14T09:26:50+00:00","og_image":[{"width":279,"height":400,"url":"https:\/\/www.rayuelainfancia.com\/blog\/wp-content\/uploads\/2010\/02\/ladron.jpg","type":"image\/jpeg"}],"twitter_card":"summary","twitter_creator":"@Rayuelainfancia","twitter_site":"@Rayuelainfancia","twitter_misc":{"Written by":"Miguel Escalera Nieto","Est. reading time":"1 minuto"},"schema":{"@context":"https:\/\/schema.org","@graph":[{"@type":"Organization","@id":"https:\/\/www.rayuelainfancia.com\/blog\/#organization","name":"Rayuelainfancia","url":"https:\/\/www.rayuelainfancia.com\/blog\/","sameAs":["https:\/\/www.facebook.com\/pages\/Librer\u00eda-Rayuela\/251861686361","https:\/\/www.youtube.com\/channel\/UCddVaoDjpTp-DexyEVoyazQ","https:\/\/twitter.com\/Rayuelainfancia"],"logo":{"@type":"ImageObject","@id":"https:\/\/www.rayuelainfancia.com\/blog\/#logo","inLanguage":"es","url":"https:\/\/www.rayuelainfancia.com\/blog\/wp-content\/uploads\/2018\/06\/logo-rayuelainfancia-color-corporativo.png","contentUrl":"https:\/\/www.rayuelainfancia.com\/blog\/wp-content\/uploads\/2018\/06\/logo-rayuelainfancia-color-corporativo.png","width":1200,"height":680,"caption":"Rayuelainfancia"},"image":{"@id":"https:\/\/www.rayuelainfancia.com\/blog\/#logo"}},{"@type":"WebSite","@id":"https:\/\/www.rayuelainfancia.com\/blog\/#website","url":"https:\/\/www.rayuelainfancia.com\/blog\/","name":"Blog de Rayuelainfancia","description":"Libros infantiles y juegos educaticos respestuosos con la infancia","publisher":{"@id":"https:\/\/www.rayuelainfancia.com\/blog\/#organization"},"potentialAction":[{"@type":"SearchAction","target":{"@type":"EntryPoint","urlTemplate":"https:\/\/www.rayuelainfancia.com\/blog\/?s={search_term_string}"},"query-input":"required name=search_term_string"}],"inLanguage":"es"},{"@type":"ImageObject","@id":"https:\/\/www.rayuelainfancia.com\/blog\/el-ladron-de-sombreros\/#primaryimage","inLanguage":"es","url":"https:\/\/www.rayuelainfancia.com\/blog\/wp-content\/uploads\/2010\/02\/ladron.jpg","contentUrl":"https:\/\/www.rayuelainfancia.com\/blog\/wp-content\/uploads\/2010\/02\/ladron.jpg","width":279,"height":400,"caption":"ladron"},{"@type":"WebPage","@id":"https:\/\/www.rayuelainfancia.com\/blog\/el-ladron-de-sombreros\/#webpage","url":"https:\/\/www.rayuelainfancia.com\/blog\/el-ladron-de-sombreros\/","name":"EL LADR\u00d3N DE SOMBREROS &#8902; Blog de Rayuelainfancia","isPartOf":{"@id":"https:\/\/www.rayuelainfancia.com\/blog\/#website"},"primaryImageOfPage":{"@id":"https:\/\/www.rayuelainfancia.com\/blog\/el-ladron-de-sombreros\/#primaryimage"},"datePublished":"2016-11-19T13:38:06+00:00","dateModified":"2016-12-14T09:26:50+00:00","breadcrumb":{"@id":"https:\/\/www.rayuelainfancia.com\/blog\/el-ladron-de-sombreros\/#breadcrumb"},"inLanguage":"es","potentialAction":[{"@type":"ReadAction","target":["https:\/\/www.rayuelainfancia.com\/blog\/el-ladron-de-sombreros\/"]}]},{"@type":"BreadcrumbList","@id":"https:\/\/www.rayuelainfancia.com\/blog\/el-ladron-de-sombreros\/#breadcrumb","itemListElement":[{"@type":"ListItem","position":1,"name":"Portada","item":"https:\/\/www.rayuelainfancia.com\/blog\/"},{"@type":"ListItem","position":2,"name":"EL LADR\u00d3N DE SOMBREROS"}]},{"@type":"Article","@id":"https:\/\/www.rayuelainfancia.com\/blog\/el-ladron-de-sombreros\/#article","isPartOf":{"@id":"https:\/\/www.rayuelainfancia.com\/blog\/el-ladron-de-sombreros\/#webpage"},"author":{"@id":"https:\/\/www.rayuelainfancia.com\/blog\/#\/schema\/person\/41147ec5e3c2cc1be6e2c4520a099ebb"},"headline":"EL LADR\u00d3N DE SOMBREROS","datePublished":"2016-11-19T13:38:06+00:00","dateModified":"2016-12-14T09:26:50+00:00","mainEntityOfPage":{"@id":"https:\/\/www.rayuelainfancia.com\/blog\/el-ladron-de-sombreros\/#webpage"},"wordCount":255,"commentCount":0,"publisher":{"@id":"https:\/\/www.rayuelainfancia.com\/blog\/#organization"},"image":{"@id":"https:\/\/www.rayuelainfancia.com\/blog\/el-ladron-de-sombreros\/#primaryimage"},"thumbnailUrl":"https:\/\/www.rayuelainfancia.com\/blog\/wp-content\/uploads\/2010\/02\/ladron.jpg","articleSection":["Actividades Cuentacuentos"],"inLanguage":"es","potentialAction":[{"@type":"CommentAction","name":"Comment","target":["https:\/\/www.rayuelainfancia.com\/blog\/el-ladron-de-sombreros\/#respond"]}]},{"@type":"Person","@id":"https:\/\/www.rayuelainfancia.com\/blog\/#\/schema\/person\/41147ec5e3c2cc1be6e2c4520a099ebb","name":"Miguel Escalera Nieto","image":{"@type":"ImageObject","@id":"https:\/\/www.rayuelainfancia.com\/blog\/#personlogo","inLanguage":"es","url":"https:\/\/secure.gravatar.com\/avatar\/73bd613c804680e46df318e272f0e837?s=96&d=mm&r=g","contentUrl":"https:\/\/secure.gravatar.com\/avatar\/73bd613c804680e46df318e272f0e837?s=96&d=mm&r=g","caption":"Miguel Escalera Nieto"}}]}},"_links":{"self":[{"href":"https:\/\/www.rayuelainfancia.com\/blog\/wp-json\/wp\/v2\/posts\/141"}],"collection":[{"href":"https:\/\/www.rayuelainfancia.com\/blog\/wp-json\/wp\/v2\/posts"}],"about":[{"href":"https:\/\/www.rayuelainfancia.com\/blog\/wp-json\/wp\/v2\/types\/post"}],"author":[{"embeddable":true,"href":"https:\/\/www.rayuelainfancia.com\/blog\/wp-json\/wp\/v2\/users\/3"}],"replies":[{"embeddable":true,"href":"https:\/\/www.rayuelainfancia.com\/blog\/wp-json\/wp\/v2\/comments?post=141"}],"version-history":[{"count":1,"href":"https:\/\/www.rayuelainfancia.com\/blog\/wp-json\/wp\/v2\/posts\/141\/revisions"}],"predecessor-version":[{"id":1147,"href":"https:\/\/www.rayuelainfancia.com\/blog\/wp-json\/wp\/v2\/posts\/141\/revisions\/1147"}],"wp:featuredmedia":[{"embeddable":true,"href":"https:\/\/www.rayuelainfancia.com\/blog\/wp-json\/wp\/v2\/media\/784"}],"wp:attachment":[{"href":"https:\/\/www.rayuelainfancia.com\/blog\/wp-json\/wp\/v2\/media?parent=141"}],"wp:term":[{"taxonomy":"category","embeddable":true,"href":"https:\/\/www.rayuelainfancia.com\/blog\/wp-json\/wp\/v2\/categories?post=141"},{"taxonomy":"post_tag","embeddable":true,"href":"https:\/\/www.rayuelainfancia.com\/blog\/wp-json\/wp\/v2\/tags?post=141"}],"curies":[{"name":"wp","href":"https:\/\/api.w.org\/{rel}","templated":true}]}}