 {"id":124,"date":"2009-11-03T15:53:48","date_gmt":"2009-11-03T14:53:48","guid":{"rendered":"http:\/\/rayuelainfancia.desarrollotrevenque.com\/blog\/el-topo-que-queria-saber-quien-se-habia-hecho-aquello-en-su-cabeza\/"},"modified":"2016-12-14T10:26:43","modified_gmt":"2016-12-14T09:26:43","slug":"el-topo-que-queria-saber-quien-se-habia-hecho-aquello-en-su-cabeza","status":"publish","type":"post","link":"https:\/\/www.rayuelainfancia.com\/blog\/el-topo-que-queria-saber-quien-se-habia-hecho-aquello-en-su-cabeza\/","title":{"rendered":"EL TOPO QUE QUER\u00cdA SABER QUI\u00c9N SE HABIA HECHO AQUELLO EN SU CABEZA"},"content":{"rendered":"<p><img loading=\"lazy\" class=\" size-full wp-image-776\" style=\"border-image: initial; display: block; margin-left: auto; margin-right: auto; border-width: 1px; border-color: #000000; border-style: solid;\" src=\"http:\/\/rayuelainfancia.desarrollotrevenque.com\/blog\/wp-content\/uploads\/2009\/11\/portada-topo-queri-saber-quien-se-habi-hecho-aquello-su-cabeza_grande.jpg\" alt=\"portada-topo-queri-saber-quien-se-habi-hecho-aquello-su-cabeza grande\" height=\"300\" width=\"430\" srcset=\"https:\/\/www.rayuelainfancia.com\/blog\/wp-content\/uploads\/2009\/11\/portada-topo-queri-saber-quien-se-habi-hecho-aquello-su-cabeza_grande.jpg 500w, https:\/\/www.rayuelainfancia.com\/blog\/wp-content\/uploads\/2009\/11\/portada-topo-queri-saber-quien-se-habi-hecho-aquello-su-cabeza_grande-300x209.jpg 300w\" sizes=\"(max-width: 430px) 100vw, 430px\" \/><\/p>\n<p><a target=\"_blank\" href=\"http:\/\/www.rayuelatiendaonline.com\/libro\/topo-que-queria-saber-quien-se-habia-hecho-aquello-en-su-cabez_48520\"><img loading=\"lazy\" class=\" size-full wp-image-777\" style=\"display: block; margin-left: auto; margin-right: auto;\" class=\"decoded\" alt=\"http:\/\/rayuelainfancia.com\/http:\/\/rayuelainfancia.desarrollotrevenque.com\/blog\/wp-content\/uploads\/2009\/11\/comprar.png\" src=\"images\/comprar.png\" height=\"47\" width=\"150\" \/><\/a><\/p>\n<p><span style=\"font-family: verdana, geneva; font-size: 10pt;\">Resulta imposible decir algo sobre este libro que no se haya dicho ya. Aprovechamos su reciente reedici\u00f3n (la sexta ya en castellano), para homenajear este \u00e1lbum ilustrado que se ha convertido en un cl\u00e1sico compa\u00f1ero de infancia de muchos ni\u00f1os y ni\u00f1as.<\/span><\/p>\n<p><span style=\"font-family: verdana, geneva; font-size: 10pt;\">Se trata del m\u00e1s maravilloso cuento escatol\u00f3gico que conozco, de un elegante estilo narrativo y capaz de generar verdaderas pasiones entre sus lectores.<\/span><\/p>\n<p><span style=\"font-family: verdana, geneva; font-size: 10pt;\"><strong><em>El topo que quer\u00eda saber qui\u00e9n se hab\u00eda hecho aquello en su cabeza<\/em><\/strong><em>,<\/em>es la aventura de un topo, l\u00f3gicamente, corto de vista, al que una buena ma\u00f1ana, al salir de su agujero, algo le cay\u00f3 en su cabeza \u00abaquello era gordo y marr\u00f3n; se parec\u00eda un poco a una salchicha&#8230;\u00a1que ordinariez!, \u00bfse puede saber qui\u00e9n se ha hecho esto en mi cabeza?\u00bb&#8230; A partir de este magn\u00edfico comienzo, el amigo topo ir\u00e1 pase\u00e1ndose y preguntando a la paloma, al caballo, a la liebre y otros animales&nbsp; si han sido ellos los desconsiderados que se han hecho aquello en su cabeza,&nbsp; a lo que responder\u00e1n haciendo sus respectivas deposiciones para demostrarle que no pueden haber sido ellos. El final nos lo reservamos para aquellos lectores que quer\u00e1is disfrutarlo.<\/span><\/p>\n<p><span style=\"font-family: verdana, geneva; font-size: 10pt;\">Publicado en Alemania por primera vez en 1989, este \u00e1lbum ha sido traducido a 21 idiomas. Tanto su autor como el ilustrador son alemanes y se han puesto en las lista de los grandes a partir de la realizaci\u00f3n de este cuento, editado por <strong>Alfaguara <\/strong>en castellano.<\/span><\/p>\n<p><span style=\"font-family: verdana, geneva; font-size: 10pt;\">Solo podemos decir que no se lo pierdan, es una delicia para todos, para grandes, para peque\u00f1os, para medianos.<\/span><\/p>\n","protected":false},"excerpt":{"rendered":"<p>Resulta imposible decir algo sobre este libro que no se haya dicho ya. Aprovechamos su reciente reedici\u00f3n (la sexta ya en castellano), para homenajear este \u00e1lbum ilustrado que se ha convertido en un cl\u00e1sico compa\u00f1ero de infancia de muchos ni\u00f1os y ni\u00f1as. Se trata del m\u00e1s maravilloso cuento escatol\u00f3gico que conozco, de un elegante estilo [&hellip;]<\/p>\n","protected":false},"author":3,"featured_media":776,"comment_status":"open","ping_status":"open","sticky":false,"template":"","format":"standard","meta":[],"categories":[18],"tags":[],"yoast_head":"<!-- This site is optimized with the Yoast SEO plugin v18.5.1 - https:\/\/yoast.com\/wordpress\/plugins\/seo\/ -->\n<title>EL TOPO QUE QUER\u00cdA SABER QUI\u00c9N SE HABIA HECHO AQUELLO EN SU CABEZA &#8902; Blog de Rayuelainfancia<\/title>\n<meta name=\"description\" content=\"el topo que queria saber quien se habia hecho aquello en su cabeza\" \/>\n<meta name=\"robots\" content=\"index, follow, max-snippet:-1, max-image-preview:large, max-video-preview:-1\" \/>\n<link rel=\"canonical\" href=\"https:\/\/www.rayuelainfancia.com\/blog\/el-topo-que-queria-saber-quien-se-habia-hecho-aquello-en-su-cabeza\/\" \/>\n<meta property=\"og:locale\" content=\"es_ES\" \/>\n<meta property=\"og:type\" content=\"article\" \/>\n<meta property=\"og:title\" content=\"EL TOPO QUE QUER\u00cdA SABER QUI\u00c9N SE HABIA HECHO AQUELLO EN SU CABEZA &#8902; Blog de Rayuelainfancia\" \/>\n<meta property=\"og:description\" content=\"el topo que queria saber quien se habia hecho aquello en su cabeza\" \/>\n<meta property=\"og:url\" content=\"https:\/\/www.rayuelainfancia.com\/blog\/el-topo-que-queria-saber-quien-se-habia-hecho-aquello-en-su-cabeza\/\" \/>\n<meta property=\"og:site_name\" content=\"Blog de Rayuelainfancia\" \/>\n<meta property=\"article:publisher\" content=\"https:\/\/www.facebook.com\/pages\/Librer\u00eda-Rayuela\/251861686361\" \/>\n<meta property=\"article:published_time\" content=\"2009-11-03T14:53:48+00:00\" \/>\n<meta property=\"article:modified_time\" content=\"2016-12-14T09:26:43+00:00\" \/>\n<meta property=\"og:image\" content=\"https:\/\/www.rayuelainfancia.com\/blog\/wp-content\/uploads\/2009\/11\/portada-topo-queri-saber-quien-se-habi-hecho-aquello-su-cabeza_grande.jpg\" \/>\n\t<meta property=\"og:image:width\" content=\"500\" \/>\n\t<meta property=\"og:image:height\" content=\"349\" \/>\n\t<meta property=\"og:image:type\" content=\"image\/jpeg\" \/>\n<meta name=\"twitter:card\" content=\"summary\" \/>\n<meta name=\"twitter:creator\" content=\"@Rayuelainfancia\" \/>\n<meta name=\"twitter:site\" content=\"@Rayuelainfancia\" \/>\n<meta name=\"twitter:label1\" content=\"Written by\" \/>\n\t<meta name=\"twitter:data1\" content=\"Miguel Escalera Nieto\" \/>\n\t<meta name=\"twitter:label2\" content=\"Est. reading time\" \/>\n\t<meta name=\"twitter:data2\" content=\"1 minuto\" \/>\n<script type=\"application\/ld+json\" class=\"yoast-schema-graph\">{\"@context\":\"https:\/\/schema.org\",\"@graph\":[{\"@type\":\"Organization\",\"@id\":\"https:\/\/www.rayuelainfancia.com\/blog\/#organization\",\"name\":\"Rayuelainfancia\",\"url\":\"https:\/\/www.rayuelainfancia.com\/blog\/\",\"sameAs\":[\"https:\/\/www.facebook.com\/pages\/Librer\u00eda-Rayuela\/251861686361\",\"https:\/\/www.youtube.com\/channel\/UCddVaoDjpTp-DexyEVoyazQ\",\"https:\/\/twitter.com\/Rayuelainfancia\"],\"logo\":{\"@type\":\"ImageObject\",\"@id\":\"https:\/\/www.rayuelainfancia.com\/blog\/#logo\",\"inLanguage\":\"es\",\"url\":\"https:\/\/www.rayuelainfancia.com\/blog\/wp-content\/uploads\/2018\/06\/logo-rayuelainfancia-color-corporativo.png\",\"contentUrl\":\"https:\/\/www.rayuelainfancia.com\/blog\/wp-content\/uploads\/2018\/06\/logo-rayuelainfancia-color-corporativo.png\",\"width\":1200,\"height\":680,\"caption\":\"Rayuelainfancia\"},\"image\":{\"@id\":\"https:\/\/www.rayuelainfancia.com\/blog\/#logo\"}},{\"@type\":\"WebSite\",\"@id\":\"https:\/\/www.rayuelainfancia.com\/blog\/#website\",\"url\":\"https:\/\/www.rayuelainfancia.com\/blog\/\",\"name\":\"Blog de Rayuelainfancia\",\"description\":\"Libros infantiles y juegos educaticos respestuosos con la infancia\",\"publisher\":{\"@id\":\"https:\/\/www.rayuelainfancia.com\/blog\/#organization\"},\"potentialAction\":[{\"@type\":\"SearchAction\",\"target\":{\"@type\":\"EntryPoint\",\"urlTemplate\":\"https:\/\/www.rayuelainfancia.com\/blog\/?s={search_term_string}\"},\"query-input\":\"required name=search_term_string\"}],\"inLanguage\":\"es\"},{\"@type\":\"ImageObject\",\"@id\":\"https:\/\/www.rayuelainfancia.com\/blog\/el-topo-que-queria-saber-quien-se-habia-hecho-aquello-en-su-cabeza\/#primaryimage\",\"inLanguage\":\"es\",\"url\":\"https:\/\/www.rayuelainfancia.com\/blog\/wp-content\/uploads\/2009\/11\/portada-topo-queri-saber-quien-se-habi-hecho-aquello-su-cabeza_grande.jpg\",\"contentUrl\":\"https:\/\/www.rayuelainfancia.com\/blog\/wp-content\/uploads\/2009\/11\/portada-topo-queri-saber-quien-se-habi-hecho-aquello-su-cabeza_grande.jpg\",\"width\":500,\"height\":349,\"caption\":\"portada-topo-queri-saber-quien-se-habi-hecho-aquello-su-cabeza grande\"},{\"@type\":\"WebPage\",\"@id\":\"https:\/\/www.rayuelainfancia.com\/blog\/el-topo-que-queria-saber-quien-se-habia-hecho-aquello-en-su-cabeza\/#webpage\",\"url\":\"https:\/\/www.rayuelainfancia.com\/blog\/el-topo-que-queria-saber-quien-se-habia-hecho-aquello-en-su-cabeza\/\",\"name\":\"EL TOPO QUE QUER\u00cdA SABER QUI\u00c9N SE HABIA HECHO AQUELLO EN SU CABEZA &#8902; Blog de Rayuelainfancia\",\"isPartOf\":{\"@id\":\"https:\/\/www.rayuelainfancia.com\/blog\/#website\"},\"primaryImageOfPage\":{\"@id\":\"https:\/\/www.rayuelainfancia.com\/blog\/el-topo-que-queria-saber-quien-se-habia-hecho-aquello-en-su-cabeza\/#primaryimage\"},\"datePublished\":\"2009-11-03T14:53:48+00:00\",\"dateModified\":\"2016-12-14T09:26:43+00:00\",\"description\":\"el topo que queria saber quien se habia hecho aquello en su cabeza\",\"breadcrumb\":{\"@id\":\"https:\/\/www.rayuelainfancia.com\/blog\/el-topo-que-queria-saber-quien-se-habia-hecho-aquello-en-su-cabeza\/#breadcrumb\"},\"inLanguage\":\"es\",\"potentialAction\":[{\"@type\":\"ReadAction\",\"target\":[\"https:\/\/www.rayuelainfancia.com\/blog\/el-topo-que-queria-saber-quien-se-habia-hecho-aquello-en-su-cabeza\/\"]}]},{\"@type\":\"BreadcrumbList\",\"@id\":\"https:\/\/www.rayuelainfancia.com\/blog\/el-topo-que-queria-saber-quien-se-habia-hecho-aquello-en-su-cabeza\/#breadcrumb\",\"itemListElement\":[{\"@type\":\"ListItem\",\"position\":1,\"name\":\"Portada\",\"item\":\"https:\/\/www.rayuelainfancia.com\/blog\/\"},{\"@type\":\"ListItem\",\"position\":2,\"name\":\"EL TOPO QUE QUER\u00cdA SABER QUI\u00c9N SE HABIA HECHO AQUELLO EN SU CABEZA\"}]},{\"@type\":\"Article\",\"@id\":\"https:\/\/www.rayuelainfancia.com\/blog\/el-topo-que-queria-saber-quien-se-habia-hecho-aquello-en-su-cabeza\/#article\",\"isPartOf\":{\"@id\":\"https:\/\/www.rayuelainfancia.com\/blog\/el-topo-que-queria-saber-quien-se-habia-hecho-aquello-en-su-cabeza\/#webpage\"},\"author\":{\"@id\":\"https:\/\/www.rayuelainfancia.com\/blog\/#\/schema\/person\/41147ec5e3c2cc1be6e2c4520a099ebb\"},\"headline\":\"EL TOPO QUE QUER\u00cdA SABER QUI\u00c9N SE HABIA HECHO AQUELLO EN SU CABEZA\",\"datePublished\":\"2009-11-03T14:53:48+00:00\",\"dateModified\":\"2016-12-14T09:26:43+00:00\",\"mainEntityOfPage\":{\"@id\":\"https:\/\/www.rayuelainfancia.com\/blog\/el-topo-que-queria-saber-quien-se-habia-hecho-aquello-en-su-cabeza\/#webpage\"},\"wordCount\":296,\"commentCount\":0,\"publisher\":{\"@id\":\"https:\/\/www.rayuelainfancia.com\/blog\/#organization\"},\"image\":{\"@id\":\"https:\/\/www.rayuelainfancia.com\/blog\/el-topo-que-queria-saber-quien-se-habia-hecho-aquello-en-su-cabeza\/#primaryimage\"},\"thumbnailUrl\":\"https:\/\/www.rayuelainfancia.com\/blog\/wp-content\/uploads\/2009\/11\/portada-topo-queri-saber-quien-se-habi-hecho-aquello-su-cabeza_grande.jpg\",\"articleSection\":[\"Actividades Cuentacuentos\"],\"inLanguage\":\"es\",\"potentialAction\":[{\"@type\":\"CommentAction\",\"name\":\"Comment\",\"target\":[\"https:\/\/www.rayuelainfancia.com\/blog\/el-topo-que-queria-saber-quien-se-habia-hecho-aquello-en-su-cabeza\/#respond\"]}]},{\"@type\":\"Person\",\"@id\":\"https:\/\/www.rayuelainfancia.com\/blog\/#\/schema\/person\/41147ec5e3c2cc1be6e2c4520a099ebb\",\"name\":\"Miguel Escalera Nieto\",\"image\":{\"@type\":\"ImageObject\",\"@id\":\"https:\/\/www.rayuelainfancia.com\/blog\/#personlogo\",\"inLanguage\":\"es\",\"url\":\"https:\/\/secure.gravatar.com\/avatar\/73bd613c804680e46df318e272f0e837?s=96&d=mm&r=g\",\"contentUrl\":\"https:\/\/secure.gravatar.com\/avatar\/73bd613c804680e46df318e272f0e837?s=96&d=mm&r=g\",\"caption\":\"Miguel Escalera Nieto\"}}]}<\/script>\n<!-- \/ Yoast SEO plugin. -->","yoast_head_json":{"title":"EL TOPO QUE QUER\u00cdA SABER QUI\u00c9N SE HABIA HECHO AQUELLO EN SU CABEZA &#8902; Blog de Rayuelainfancia","description":"el topo que queria saber quien se habia hecho aquello en su cabeza","robots":{"index":"index","follow":"follow","max-snippet":"max-snippet:-1","max-image-preview":"max-image-preview:large","max-video-preview":"max-video-preview:-1"},"canonical":"https:\/\/www.rayuelainfancia.com\/blog\/el-topo-que-queria-saber-quien-se-habia-hecho-aquello-en-su-cabeza\/","og_locale":"es_ES","og_type":"article","og_title":"EL TOPO QUE QUER\u00cdA SABER QUI\u00c9N SE HABIA HECHO AQUELLO EN SU CABEZA &#8902; Blog de Rayuelainfancia","og_description":"el topo que queria saber quien se habia hecho aquello en su cabeza","og_url":"https:\/\/www.rayuelainfancia.com\/blog\/el-topo-que-queria-saber-quien-se-habia-hecho-aquello-en-su-cabeza\/","og_site_name":"Blog de Rayuelainfancia","article_publisher":"https:\/\/www.facebook.com\/pages\/Librer\u00eda-Rayuela\/251861686361","article_published_time":"2009-11-03T14:53:48+00:00","article_modified_time":"2016-12-14T09:26:43+00:00","og_image":[{"width":500,"height":349,"url":"https:\/\/www.rayuelainfancia.com\/blog\/wp-content\/uploads\/2009\/11\/portada-topo-queri-saber-quien-se-habi-hecho-aquello-su-cabeza_grande.jpg","type":"image\/jpeg"}],"twitter_card":"summary","twitter_creator":"@Rayuelainfancia","twitter_site":"@Rayuelainfancia","twitter_misc":{"Written by":"Miguel Escalera Nieto","Est. reading time":"1 minuto"},"schema":{"@context":"https:\/\/schema.org","@graph":[{"@type":"Organization","@id":"https:\/\/www.rayuelainfancia.com\/blog\/#organization","name":"Rayuelainfancia","url":"https:\/\/www.rayuelainfancia.com\/blog\/","sameAs":["https:\/\/www.facebook.com\/pages\/Librer\u00eda-Rayuela\/251861686361","https:\/\/www.youtube.com\/channel\/UCddVaoDjpTp-DexyEVoyazQ","https:\/\/twitter.com\/Rayuelainfancia"],"logo":{"@type":"ImageObject","@id":"https:\/\/www.rayuelainfancia.com\/blog\/#logo","inLanguage":"es","url":"https:\/\/www.rayuelainfancia.com\/blog\/wp-content\/uploads\/2018\/06\/logo-rayuelainfancia-color-corporativo.png","contentUrl":"https:\/\/www.rayuelainfancia.com\/blog\/wp-content\/uploads\/2018\/06\/logo-rayuelainfancia-color-corporativo.png","width":1200,"height":680,"caption":"Rayuelainfancia"},"image":{"@id":"https:\/\/www.rayuelainfancia.com\/blog\/#logo"}},{"@type":"WebSite","@id":"https:\/\/www.rayuelainfancia.com\/blog\/#website","url":"https:\/\/www.rayuelainfancia.com\/blog\/","name":"Blog de Rayuelainfancia","description":"Libros infantiles y juegos educaticos respestuosos con la infancia","publisher":{"@id":"https:\/\/www.rayuelainfancia.com\/blog\/#organization"},"potentialAction":[{"@type":"SearchAction","target":{"@type":"EntryPoint","urlTemplate":"https:\/\/www.rayuelainfancia.com\/blog\/?s={search_term_string}"},"query-input":"required name=search_term_string"}],"inLanguage":"es"},{"@type":"ImageObject","@id":"https:\/\/www.rayuelainfancia.com\/blog\/el-topo-que-queria-saber-quien-se-habia-hecho-aquello-en-su-cabeza\/#primaryimage","inLanguage":"es","url":"https:\/\/www.rayuelainfancia.com\/blog\/wp-content\/uploads\/2009\/11\/portada-topo-queri-saber-quien-se-habi-hecho-aquello-su-cabeza_grande.jpg","contentUrl":"https:\/\/www.rayuelainfancia.com\/blog\/wp-content\/uploads\/2009\/11\/portada-topo-queri-saber-quien-se-habi-hecho-aquello-su-cabeza_grande.jpg","width":500,"height":349,"caption":"portada-topo-queri-saber-quien-se-habi-hecho-aquello-su-cabeza grande"},{"@type":"WebPage","@id":"https:\/\/www.rayuelainfancia.com\/blog\/el-topo-que-queria-saber-quien-se-habia-hecho-aquello-en-su-cabeza\/#webpage","url":"https:\/\/www.rayuelainfancia.com\/blog\/el-topo-que-queria-saber-quien-se-habia-hecho-aquello-en-su-cabeza\/","name":"EL TOPO QUE QUER\u00cdA SABER QUI\u00c9N SE HABIA HECHO AQUELLO EN SU CABEZA &#8902; Blog de Rayuelainfancia","isPartOf":{"@id":"https:\/\/www.rayuelainfancia.com\/blog\/#website"},"primaryImageOfPage":{"@id":"https:\/\/www.rayuelainfancia.com\/blog\/el-topo-que-queria-saber-quien-se-habia-hecho-aquello-en-su-cabeza\/#primaryimage"},"datePublished":"2009-11-03T14:53:48+00:00","dateModified":"2016-12-14T09:26:43+00:00","description":"el topo que queria saber quien se habia hecho aquello en su cabeza","breadcrumb":{"@id":"https:\/\/www.rayuelainfancia.com\/blog\/el-topo-que-queria-saber-quien-se-habia-hecho-aquello-en-su-cabeza\/#breadcrumb"},"inLanguage":"es","potentialAction":[{"@type":"ReadAction","target":["https:\/\/www.rayuelainfancia.com\/blog\/el-topo-que-queria-saber-quien-se-habia-hecho-aquello-en-su-cabeza\/"]}]},{"@type":"BreadcrumbList","@id":"https:\/\/www.rayuelainfancia.com\/blog\/el-topo-que-queria-saber-quien-se-habia-hecho-aquello-en-su-cabeza\/#breadcrumb","itemListElement":[{"@type":"ListItem","position":1,"name":"Portada","item":"https:\/\/www.rayuelainfancia.com\/blog\/"},{"@type":"ListItem","position":2,"name":"EL TOPO QUE QUER\u00cdA SABER QUI\u00c9N SE HABIA HECHO AQUELLO EN SU CABEZA"}]},{"@type":"Article","@id":"https:\/\/www.rayuelainfancia.com\/blog\/el-topo-que-queria-saber-quien-se-habia-hecho-aquello-en-su-cabeza\/#article","isPartOf":{"@id":"https:\/\/www.rayuelainfancia.com\/blog\/el-topo-que-queria-saber-quien-se-habia-hecho-aquello-en-su-cabeza\/#webpage"},"author":{"@id":"https:\/\/www.rayuelainfancia.com\/blog\/#\/schema\/person\/41147ec5e3c2cc1be6e2c4520a099ebb"},"headline":"EL TOPO QUE QUER\u00cdA SABER QUI\u00c9N SE HABIA HECHO AQUELLO EN SU CABEZA","datePublished":"2009-11-03T14:53:48+00:00","dateModified":"2016-12-14T09:26:43+00:00","mainEntityOfPage":{"@id":"https:\/\/www.rayuelainfancia.com\/blog\/el-topo-que-queria-saber-quien-se-habia-hecho-aquello-en-su-cabeza\/#webpage"},"wordCount":296,"commentCount":0,"publisher":{"@id":"https:\/\/www.rayuelainfancia.com\/blog\/#organization"},"image":{"@id":"https:\/\/www.rayuelainfancia.com\/blog\/el-topo-que-queria-saber-quien-se-habia-hecho-aquello-en-su-cabeza\/#primaryimage"},"thumbnailUrl":"https:\/\/www.rayuelainfancia.com\/blog\/wp-content\/uploads\/2009\/11\/portada-topo-queri-saber-quien-se-habi-hecho-aquello-su-cabeza_grande.jpg","articleSection":["Actividades Cuentacuentos"],"inLanguage":"es","potentialAction":[{"@type":"CommentAction","name":"Comment","target":["https:\/\/www.rayuelainfancia.com\/blog\/el-topo-que-queria-saber-quien-se-habia-hecho-aquello-en-su-cabeza\/#respond"]}]},{"@type":"Person","@id":"https:\/\/www.rayuelainfancia.com\/blog\/#\/schema\/person\/41147ec5e3c2cc1be6e2c4520a099ebb","name":"Miguel Escalera Nieto","image":{"@type":"ImageObject","@id":"https:\/\/www.rayuelainfancia.com\/blog\/#personlogo","inLanguage":"es","url":"https:\/\/secure.gravatar.com\/avatar\/73bd613c804680e46df318e272f0e837?s=96&d=mm&r=g","contentUrl":"https:\/\/secure.gravatar.com\/avatar\/73bd613c804680e46df318e272f0e837?s=96&d=mm&r=g","caption":"Miguel Escalera Nieto"}}]}},"_links":{"self":[{"href":"https:\/\/www.rayuelainfancia.com\/blog\/wp-json\/wp\/v2\/posts\/124"}],"collection":[{"href":"https:\/\/www.rayuelainfancia.com\/blog\/wp-json\/wp\/v2\/posts"}],"about":[{"href":"https:\/\/www.rayuelainfancia.com\/blog\/wp-json\/wp\/v2\/types\/post"}],"author":[{"embeddable":true,"href":"https:\/\/www.rayuelainfancia.com\/blog\/wp-json\/wp\/v2\/users\/3"}],"replies":[{"embeddable":true,"href":"https:\/\/www.rayuelainfancia.com\/blog\/wp-json\/wp\/v2\/comments?post=124"}],"version-history":[{"count":1,"href":"https:\/\/www.rayuelainfancia.com\/blog\/wp-json\/wp\/v2\/posts\/124\/revisions"}],"predecessor-version":[{"id":1152,"href":"https:\/\/www.rayuelainfancia.com\/blog\/wp-json\/wp\/v2\/posts\/124\/revisions\/1152"}],"wp:featuredmedia":[{"embeddable":true,"href":"https:\/\/www.rayuelainfancia.com\/blog\/wp-json\/wp\/v2\/media\/776"}],"wp:attachment":[{"href":"https:\/\/www.rayuelainfancia.com\/blog\/wp-json\/wp\/v2\/media?parent=124"}],"wp:term":[{"taxonomy":"category","embeddable":true,"href":"https:\/\/www.rayuelainfancia.com\/blog\/wp-json\/wp\/v2\/categories?post=124"},{"taxonomy":"post_tag","embeddable":true,"href":"https:\/\/www.rayuelainfancia.com\/blog\/wp-json\/wp\/v2\/tags?post=124"}],"curies":[{"name":"wp","href":"https:\/\/api.w.org\/{rel}","templated":true}]}}