 {"id":1211,"date":"2016-11-21T12:57:42","date_gmt":"2016-11-21T11:57:42","guid":{"rendered":"http:\/\/rayuelainfancia.desarrollotrevenque.com\/blog\/?p=1211"},"modified":"2016-11-21T12:57:42","modified_gmt":"2016-11-21T11:57:42","slug":"narradores-la-noche-2016","status":"publish","type":"post","link":"https:\/\/www.rayuelainfancia.com\/blog\/narradores-la-noche-2016\/","title":{"rendered":"NARRADORES EN LA NOCHE 2016"},"content":{"rendered":"<header>Un hermoso encuentro con la narraci\u00f3n oral que pone en valor la palabra y la voz como la forma m\u00e1s ancestral y humana de transmitir historias. Voces andaluzas y colombianas que seguro nos conmover\u00e1n.<\/p>\n<\/header>\n<p><!--more--><\/p>\n<div>\n<p>Una laaarga contada de cuentos con un cartel de narradores dif\u00edcil de igualar. Una actividad que se enmarca dentro de la \u00ab<a href=\"http:\/\/sevillasemueve.org\/nocheenblanco2016\/\" target=\"_blank\">NOCHE EN BLANCO SEVILLANA<\/a>\u00bb<\/p>\n<p>Noche de Viernes 7 de Octubre, en Rayuela<\/p>\n<p>PROGRAMA:<\/p>\n<p>21:00 &#8211;&gt; Pepep\u00e9rez y Filiberto Chamorro. (Sesi\u00f3n para p\u00fablico familiar)<br \/>\n22:30\u00a0&#8211;&gt; Mar\u00eda Teresa Agudelo y Jhon Ardila. (j\u00f3venes y adultos)<br \/>\n24:00\u00a0&#8211;&gt; Manuel Garrido y Diego Magdaleno. (j\u00f3venes y adultos)<\/p>\n<p>\u00a1NO TE LA PIERDAS!<\/p>\n<\/div>\n","protected":false},"excerpt":{"rendered":"<p>Un hermoso encuentro con la narraci\u00f3n oral que pone en valor la palabra y la voz como la forma m\u00e1s ancestral y humana de transmitir historias. Voces andaluzas y colombianas que seguro nos conmover\u00e1n.<\/p>\n","protected":false},"author":6,"featured_media":1212,"comment_status":"open","ping_status":"open","sticky":false,"template":"","format":"standard","meta":[],"categories":[18],"tags":[],"yoast_head":"<!-- This site is optimized with the Yoast SEO plugin v18.5.1 - https:\/\/yoast.com\/wordpress\/plugins\/seo\/ -->\n<title>NARRADORES EN LA NOCHE 2016 &#8902; Blog de Rayuelainfancia<\/title>\n<meta name=\"robots\" content=\"index, follow, max-snippet:-1, max-image-preview:large, max-video-preview:-1\" \/>\n<link rel=\"canonical\" href=\"http:\/\/www.rayuelainfancia.com\/blog\/narradores-la-noche-2016\/\" \/>\n<meta property=\"og:locale\" content=\"es_ES\" \/>\n<meta property=\"og:type\" content=\"article\" \/>\n<meta property=\"og:title\" content=\"NARRADORES EN LA NOCHE 2016 &#8902; Blog de Rayuelainfancia\" \/>\n<meta property=\"og:description\" content=\"Un hermoso encuentro con la narraci\u00f3n oral que pone en valor la palabra y la voz como la forma m\u00e1s ancestral y humana de transmitir historias. Voces andaluzas y colombianas que seguro nos conmover\u00e1n.\" \/>\n<meta property=\"og:url\" content=\"http:\/\/www.rayuelainfancia.com\/blog\/narradores-la-noche-2016\/\" \/>\n<meta property=\"og:site_name\" content=\"Blog de Rayuelainfancia\" \/>\n<meta property=\"article:publisher\" content=\"https:\/\/www.facebook.com\/pages\/Librer\u00eda-Rayuela\/251861686361\" \/>\n<meta property=\"article:published_time\" content=\"2016-11-21T11:57:42+00:00\" \/>\n<meta property=\"og:image\" content=\"http:\/\/www.rayuelainfancia.com\/blog\/wp-content\/uploads\/2016\/11\/cartel-neb-2016.jpeg\" \/>\n\t<meta property=\"og:image:width\" content=\"1200\" \/>\n\t<meta property=\"og:image:height\" content=\"1674\" \/>\n\t<meta property=\"og:image:type\" content=\"image\/jpeg\" \/>\n<meta name=\"twitter:card\" content=\"summary\" \/>\n<meta name=\"twitter:creator\" content=\"@Rayuelainfancia\" \/>\n<meta name=\"twitter:site\" content=\"@Rayuelainfancia\" \/>\n<meta name=\"twitter:label1\" content=\"Written by\" \/>\n\t<meta name=\"twitter:data1\" content=\"Rayuelainfancia\" \/>\n\t<meta name=\"twitter:label2\" content=\"Est. reading time\" \/>\n\t<meta name=\"twitter:data2\" content=\"1 minuto\" \/>\n<script type=\"application\/ld+json\" class=\"yoast-schema-graph\">{\"@context\":\"https:\/\/schema.org\",\"@graph\":[{\"@type\":\"Organization\",\"@id\":\"https:\/\/www.rayuelainfancia.com\/blog\/#organization\",\"name\":\"Rayuelainfancia\",\"url\":\"https:\/\/www.rayuelainfancia.com\/blog\/\",\"sameAs\":[\"https:\/\/www.facebook.com\/pages\/Librer\u00eda-Rayuela\/251861686361\",\"https:\/\/www.youtube.com\/channel\/UCddVaoDjpTp-DexyEVoyazQ\",\"https:\/\/twitter.com\/Rayuelainfancia\"],\"logo\":{\"@type\":\"ImageObject\",\"@id\":\"https:\/\/www.rayuelainfancia.com\/blog\/#logo\",\"inLanguage\":\"es\",\"url\":\"https:\/\/www.rayuelainfancia.com\/blog\/wp-content\/uploads\/2018\/06\/logo-rayuelainfancia-color-corporativo.png\",\"contentUrl\":\"https:\/\/www.rayuelainfancia.com\/blog\/wp-content\/uploads\/2018\/06\/logo-rayuelainfancia-color-corporativo.png\",\"width\":1200,\"height\":680,\"caption\":\"Rayuelainfancia\"},\"image\":{\"@id\":\"https:\/\/www.rayuelainfancia.com\/blog\/#logo\"}},{\"@type\":\"WebSite\",\"@id\":\"https:\/\/www.rayuelainfancia.com\/blog\/#website\",\"url\":\"https:\/\/www.rayuelainfancia.com\/blog\/\",\"name\":\"Blog de Rayuelainfancia\",\"description\":\"Libros infantiles y juegos educaticos respestuosos con la infancia\",\"publisher\":{\"@id\":\"https:\/\/www.rayuelainfancia.com\/blog\/#organization\"},\"potentialAction\":[{\"@type\":\"SearchAction\",\"target\":{\"@type\":\"EntryPoint\",\"urlTemplate\":\"https:\/\/www.rayuelainfancia.com\/blog\/?s={search_term_string}\"},\"query-input\":\"required name=search_term_string\"}],\"inLanguage\":\"es\"},{\"@type\":\"ImageObject\",\"@id\":\"http:\/\/www.rayuelainfancia.com\/blog\/narradores-la-noche-2016\/#primaryimage\",\"inLanguage\":\"es\",\"url\":\"https:\/\/www.rayuelainfancia.com\/blog\/wp-content\/uploads\/2016\/11\/cartel-neb-2016.jpeg\",\"contentUrl\":\"https:\/\/www.rayuelainfancia.com\/blog\/wp-content\/uploads\/2016\/11\/cartel-neb-2016.jpeg\",\"width\":1200,\"height\":1674},{\"@type\":\"WebPage\",\"@id\":\"http:\/\/www.rayuelainfancia.com\/blog\/narradores-la-noche-2016\/#webpage\",\"url\":\"http:\/\/www.rayuelainfancia.com\/blog\/narradores-la-noche-2016\/\",\"name\":\"NARRADORES EN LA NOCHE 2016 &#8902; Blog de Rayuelainfancia\",\"isPartOf\":{\"@id\":\"https:\/\/www.rayuelainfancia.com\/blog\/#website\"},\"primaryImageOfPage\":{\"@id\":\"http:\/\/www.rayuelainfancia.com\/blog\/narradores-la-noche-2016\/#primaryimage\"},\"datePublished\":\"2016-11-21T11:57:42+00:00\",\"dateModified\":\"2016-11-21T11:57:42+00:00\",\"breadcrumb\":{\"@id\":\"http:\/\/www.rayuelainfancia.com\/blog\/narradores-la-noche-2016\/#breadcrumb\"},\"inLanguage\":\"es\",\"potentialAction\":[{\"@type\":\"ReadAction\",\"target\":[\"http:\/\/www.rayuelainfancia.com\/blog\/narradores-la-noche-2016\/\"]}]},{\"@type\":\"BreadcrumbList\",\"@id\":\"http:\/\/www.rayuelainfancia.com\/blog\/narradores-la-noche-2016\/#breadcrumb\",\"itemListElement\":[{\"@type\":\"ListItem\",\"position\":1,\"name\":\"Portada\",\"item\":\"https:\/\/www.rayuelainfancia.com\/blog\/\"},{\"@type\":\"ListItem\",\"position\":2,\"name\":\"NARRADORES EN LA NOCHE 2016\"}]},{\"@type\":\"Article\",\"@id\":\"http:\/\/www.rayuelainfancia.com\/blog\/narradores-la-noche-2016\/#article\",\"isPartOf\":{\"@id\":\"http:\/\/www.rayuelainfancia.com\/blog\/narradores-la-noche-2016\/#webpage\"},\"author\":{\"@id\":\"https:\/\/www.rayuelainfancia.com\/blog\/#\/schema\/person\/c1aff250c5154e35f53f26d0eba10c45\"},\"headline\":\"NARRADORES EN LA NOCHE 2016\",\"datePublished\":\"2016-11-21T11:57:42+00:00\",\"dateModified\":\"2016-11-21T11:57:42+00:00\",\"mainEntityOfPage\":{\"@id\":\"http:\/\/www.rayuelainfancia.com\/blog\/narradores-la-noche-2016\/#webpage\"},\"wordCount\":116,\"commentCount\":0,\"publisher\":{\"@id\":\"https:\/\/www.rayuelainfancia.com\/blog\/#organization\"},\"image\":{\"@id\":\"http:\/\/www.rayuelainfancia.com\/blog\/narradores-la-noche-2016\/#primaryimage\"},\"thumbnailUrl\":\"https:\/\/www.rayuelainfancia.com\/blog\/wp-content\/uploads\/2016\/11\/cartel-neb-2016.jpeg\",\"articleSection\":[\"Actividades Cuentacuentos\"],\"inLanguage\":\"es\",\"potentialAction\":[{\"@type\":\"CommentAction\",\"name\":\"Comment\",\"target\":[\"http:\/\/www.rayuelainfancia.com\/blog\/narradores-la-noche-2016\/#respond\"]}]},{\"@type\":\"Person\",\"@id\":\"https:\/\/www.rayuelainfancia.com\/blog\/#\/schema\/person\/c1aff250c5154e35f53f26d0eba10c45\",\"name\":\"Rayuelainfancia\",\"image\":{\"@type\":\"ImageObject\",\"@id\":\"https:\/\/www.rayuelainfancia.com\/blog\/#personlogo\",\"inLanguage\":\"es\",\"url\":\"https:\/\/secure.gravatar.com\/avatar\/8bf03e7a4bb13ca5c7d0dc6acde2bfd1?s=96&d=mm&r=g\",\"contentUrl\":\"https:\/\/secure.gravatar.com\/avatar\/8bf03e7a4bb13ca5c7d0dc6acde2bfd1?s=96&d=mm&r=g\",\"caption\":\"Rayuelainfancia\"}}]}<\/script>\n<!-- \/ Yoast SEO plugin. -->","yoast_head_json":{"title":"NARRADORES EN LA NOCHE 2016 &#8902; Blog de Rayuelainfancia","robots":{"index":"index","follow":"follow","max-snippet":"max-snippet:-1","max-image-preview":"max-image-preview:large","max-video-preview":"max-video-preview:-1"},"canonical":"http:\/\/www.rayuelainfancia.com\/blog\/narradores-la-noche-2016\/","og_locale":"es_ES","og_type":"article","og_title":"NARRADORES EN LA NOCHE 2016 &#8902; Blog de Rayuelainfancia","og_description":"Un hermoso encuentro con la narraci\u00f3n oral que pone en valor la palabra y la voz como la forma m\u00e1s ancestral y humana de transmitir historias. Voces andaluzas y colombianas que seguro nos conmover\u00e1n.","og_url":"http:\/\/www.rayuelainfancia.com\/blog\/narradores-la-noche-2016\/","og_site_name":"Blog de Rayuelainfancia","article_publisher":"https:\/\/www.facebook.com\/pages\/Librer\u00eda-Rayuela\/251861686361","article_published_time":"2016-11-21T11:57:42+00:00","og_image":[{"width":1200,"height":1674,"url":"http:\/\/www.rayuelainfancia.com\/blog\/wp-content\/uploads\/2016\/11\/cartel-neb-2016.jpeg","type":"image\/jpeg"}],"twitter_card":"summary","twitter_creator":"@Rayuelainfancia","twitter_site":"@Rayuelainfancia","twitter_misc":{"Written by":"Rayuelainfancia","Est. reading time":"1 minuto"},"schema":{"@context":"https:\/\/schema.org","@graph":[{"@type":"Organization","@id":"https:\/\/www.rayuelainfancia.com\/blog\/#organization","name":"Rayuelainfancia","url":"https:\/\/www.rayuelainfancia.com\/blog\/","sameAs":["https:\/\/www.facebook.com\/pages\/Librer\u00eda-Rayuela\/251861686361","https:\/\/www.youtube.com\/channel\/UCddVaoDjpTp-DexyEVoyazQ","https:\/\/twitter.com\/Rayuelainfancia"],"logo":{"@type":"ImageObject","@id":"https:\/\/www.rayuelainfancia.com\/blog\/#logo","inLanguage":"es","url":"https:\/\/www.rayuelainfancia.com\/blog\/wp-content\/uploads\/2018\/06\/logo-rayuelainfancia-color-corporativo.png","contentUrl":"https:\/\/www.rayuelainfancia.com\/blog\/wp-content\/uploads\/2018\/06\/logo-rayuelainfancia-color-corporativo.png","width":1200,"height":680,"caption":"Rayuelainfancia"},"image":{"@id":"https:\/\/www.rayuelainfancia.com\/blog\/#logo"}},{"@type":"WebSite","@id":"https:\/\/www.rayuelainfancia.com\/blog\/#website","url":"https:\/\/www.rayuelainfancia.com\/blog\/","name":"Blog de Rayuelainfancia","description":"Libros infantiles y juegos educaticos respestuosos con la infancia","publisher":{"@id":"https:\/\/www.rayuelainfancia.com\/blog\/#organization"},"potentialAction":[{"@type":"SearchAction","target":{"@type":"EntryPoint","urlTemplate":"https:\/\/www.rayuelainfancia.com\/blog\/?s={search_term_string}"},"query-input":"required name=search_term_string"}],"inLanguage":"es"},{"@type":"ImageObject","@id":"http:\/\/www.rayuelainfancia.com\/blog\/narradores-la-noche-2016\/#primaryimage","inLanguage":"es","url":"https:\/\/www.rayuelainfancia.com\/blog\/wp-content\/uploads\/2016\/11\/cartel-neb-2016.jpeg","contentUrl":"https:\/\/www.rayuelainfancia.com\/blog\/wp-content\/uploads\/2016\/11\/cartel-neb-2016.jpeg","width":1200,"height":1674},{"@type":"WebPage","@id":"http:\/\/www.rayuelainfancia.com\/blog\/narradores-la-noche-2016\/#webpage","url":"http:\/\/www.rayuelainfancia.com\/blog\/narradores-la-noche-2016\/","name":"NARRADORES EN LA NOCHE 2016 &#8902; Blog de Rayuelainfancia","isPartOf":{"@id":"https:\/\/www.rayuelainfancia.com\/blog\/#website"},"primaryImageOfPage":{"@id":"http:\/\/www.rayuelainfancia.com\/blog\/narradores-la-noche-2016\/#primaryimage"},"datePublished":"2016-11-21T11:57:42+00:00","dateModified":"2016-11-21T11:57:42+00:00","breadcrumb":{"@id":"http:\/\/www.rayuelainfancia.com\/blog\/narradores-la-noche-2016\/#breadcrumb"},"inLanguage":"es","potentialAction":[{"@type":"ReadAction","target":["http:\/\/www.rayuelainfancia.com\/blog\/narradores-la-noche-2016\/"]}]},{"@type":"BreadcrumbList","@id":"http:\/\/www.rayuelainfancia.com\/blog\/narradores-la-noche-2016\/#breadcrumb","itemListElement":[{"@type":"ListItem","position":1,"name":"Portada","item":"https:\/\/www.rayuelainfancia.com\/blog\/"},{"@type":"ListItem","position":2,"name":"NARRADORES EN LA NOCHE 2016"}]},{"@type":"Article","@id":"http:\/\/www.rayuelainfancia.com\/blog\/narradores-la-noche-2016\/#article","isPartOf":{"@id":"http:\/\/www.rayuelainfancia.com\/blog\/narradores-la-noche-2016\/#webpage"},"author":{"@id":"https:\/\/www.rayuelainfancia.com\/blog\/#\/schema\/person\/c1aff250c5154e35f53f26d0eba10c45"},"headline":"NARRADORES EN LA NOCHE 2016","datePublished":"2016-11-21T11:57:42+00:00","dateModified":"2016-11-21T11:57:42+00:00","mainEntityOfPage":{"@id":"http:\/\/www.rayuelainfancia.com\/blog\/narradores-la-noche-2016\/#webpage"},"wordCount":116,"commentCount":0,"publisher":{"@id":"https:\/\/www.rayuelainfancia.com\/blog\/#organization"},"image":{"@id":"http:\/\/www.rayuelainfancia.com\/blog\/narradores-la-noche-2016\/#primaryimage"},"thumbnailUrl":"https:\/\/www.rayuelainfancia.com\/blog\/wp-content\/uploads\/2016\/11\/cartel-neb-2016.jpeg","articleSection":["Actividades Cuentacuentos"],"inLanguage":"es","potentialAction":[{"@type":"CommentAction","name":"Comment","target":["http:\/\/www.rayuelainfancia.com\/blog\/narradores-la-noche-2016\/#respond"]}]},{"@type":"Person","@id":"https:\/\/www.rayuelainfancia.com\/blog\/#\/schema\/person\/c1aff250c5154e35f53f26d0eba10c45","name":"Rayuelainfancia","image":{"@type":"ImageObject","@id":"https:\/\/www.rayuelainfancia.com\/blog\/#personlogo","inLanguage":"es","url":"https:\/\/secure.gravatar.com\/avatar\/8bf03e7a4bb13ca5c7d0dc6acde2bfd1?s=96&d=mm&r=g","contentUrl":"https:\/\/secure.gravatar.com\/avatar\/8bf03e7a4bb13ca5c7d0dc6acde2bfd1?s=96&d=mm&r=g","caption":"Rayuelainfancia"}}]}},"_links":{"self":[{"href":"https:\/\/www.rayuelainfancia.com\/blog\/wp-json\/wp\/v2\/posts\/1211"}],"collection":[{"href":"https:\/\/www.rayuelainfancia.com\/blog\/wp-json\/wp\/v2\/posts"}],"about":[{"href":"https:\/\/www.rayuelainfancia.com\/blog\/wp-json\/wp\/v2\/types\/post"}],"author":[{"embeddable":true,"href":"https:\/\/www.rayuelainfancia.com\/blog\/wp-json\/wp\/v2\/users\/6"}],"replies":[{"embeddable":true,"href":"https:\/\/www.rayuelainfancia.com\/blog\/wp-json\/wp\/v2\/comments?post=1211"}],"version-history":[{"count":1,"href":"https:\/\/www.rayuelainfancia.com\/blog\/wp-json\/wp\/v2\/posts\/1211\/revisions"}],"predecessor-version":[{"id":1213,"href":"https:\/\/www.rayuelainfancia.com\/blog\/wp-json\/wp\/v2\/posts\/1211\/revisions\/1213"}],"wp:featuredmedia":[{"embeddable":true,"href":"https:\/\/www.rayuelainfancia.com\/blog\/wp-json\/wp\/v2\/media\/1212"}],"wp:attachment":[{"href":"https:\/\/www.rayuelainfancia.com\/blog\/wp-json\/wp\/v2\/media?parent=1211"}],"wp:term":[{"taxonomy":"category","embeddable":true,"href":"https:\/\/www.rayuelainfancia.com\/blog\/wp-json\/wp\/v2\/categories?post=1211"},{"taxonomy":"post_tag","embeddable":true,"href":"https:\/\/www.rayuelainfancia.com\/blog\/wp-json\/wp\/v2\/tags?post=1211"}],"curies":[{"name":"wp","href":"https:\/\/api.w.org\/{rel}","templated":true}]}}